{"id":4029,"date":"2023-08-29T18:21:18","date_gmt":"2023-08-29T21:21:18","guid":{"rendered":"https:\/\/www.pensarcursos.com.br\/blog\/?p=4029"},"modified":"2023-08-29T18:21:18","modified_gmt":"2023-08-29T21:21:18","slug":"como-definir-o-publico-alvo-de-uma-empresa-em-6-etapas","status":"publish","type":"post","link":"https:\/\/www.pensarcursos.com.br\/blog\/como-definir-o-publico-alvo-de-uma-empresa-em-6-etapas\/","title":{"rendered":"Como definir o p\u00fablico-alvo de uma empresa em 6 etapas"},"content":{"rendered":"<p>&nbsp;<\/p>\n<p>Uma das maiores dificuldades de empreendedores \u00e9 na defini\u00e7\u00e3o de seu p\u00fablico-alvo. Pode parecer algo simples, afinal, <em>voc\u00ea conhece pessoas que precisam de seu produto<\/em>, n\u00e3o \u00e9 verdade?<\/p>\n<p>O fato, contudo, \u00e9 que na verdade <strong>voc\u00ea n\u00e3o conhece,<\/strong> at\u00e9 que tenha feito um trabalho de pesquisa de mercado e defini\u00e7\u00e3o de persona de empresa PROFUNDO.<\/p>\n<p>Conhecer seus p\u00fablicos-alvo \u00e9 a ess\u00eancia do marketing.<\/p>\n<p>O que vemos como demanda, no caso de empresas consolidadas \u00e9 o <strong>resultado das pesquisas de mercado<\/strong>. E o trabalho de identifica\u00e7\u00e3o de p\u00fablico-alvo \u00e9 t\u00e3o profundo que \u2013 Surpresa! \u2013 a rela\u00e7\u00e3o empresa-consumidor parece <em>natural<\/em>.<\/p>\n<p>Mas acredite <strong>n\u00e3o \u00e9<\/strong>. A defini\u00e7\u00e3o de um p\u00fablico-alvo passa por algumas etapas que, de forma geral, podem ser categorizadas em 6 etapas. Voc\u00ea sabe quais s\u00e3o elas?<\/p>\n<p>Confira no nosso artigo, e aprenda o focar nas <em>pessoas certas da forma certa<\/em>!<\/p>\n<p>&nbsp;<\/p>\n<h2>1.\u00a0\u00a0\u00a0\u00a0\u00a0 Pesquise o mercado<\/h2>\n<p>A primeira coisa que voc\u00ea precisa ter em mente \u00e9 o mercado. N\u00e3o basta pensar no seu produto isolado da sociedade. O foco de um planejamento de marketing \u00e9 identificar o que o p\u00fablico <em>quer<\/em>.<\/p>\n<p>Logo, o primeiro passo para empreender \u00e9 fazer uma pesquisa de mercado profunda. Pesquisar o mercado significa conhecer as demandas do p\u00fablico, as lacunas e cr\u00edticas de marcas consolidadas, valores e cren\u00e7as dos grupos de interesse.<\/p>\n<p>&nbsp;<\/p>\n<h2>2.\u00a0\u00a0\u00a0\u00a0\u00a0 Conhe\u00e7a seu produto<\/h2>\n<p>Depois de fazer uma pesquisa de mercado profunda, voc\u00ea precisa conhecer seu produto. Voc\u00ea <em>talvez<\/em> o conhe\u00e7a, por ser o criador. Mas ser\u00e1 que voc\u00ea conhece <em>todas as dimens\u00f5es<\/em> dele?<\/p>\n<p>Mais do que isso: ele atende \u00e0s demandas dos mercados consumidores? Ele est\u00e1 de acordo com aquilo que sua pesquisa de mercado revelou?<\/p>\n<p>As respostas dessas perguntas s\u00e3o a chave das portas do marketing.<\/p>\n<p>&nbsp;<\/p>\n<h2>3.\u00a0\u00a0\u00a0\u00a0\u00a0 Segmente o mercado<\/h2>\n<p>Depois de conhecer o mercado e o produto, \u00e9 preciso conhecer os segmentos ou grupos de interesse. Um segmento \u00e9 diferente de um nicho.<\/p>\n<p>Um nicho de mercado \u00e9 a \u00e1rea mais geral do consumo, o segmento \u00e9 espec\u00edfico, e pode ser definido por tra\u00e7os identit\u00e1rios, como g\u00eanero, faixa et\u00e1ria, religi\u00e3o, nacionalidade&#8230;<\/p>\n<p>Por exemplo no nicho \u201csurf\u201d, h\u00e1 grupos de interesse variados \u201csurfistas infantis\u201d, \u201csurfistas amadores\u201d \u201csurfistas +65\u201d entre outros.<\/p>\n<p>Os segmentos definem a produ\u00e7\u00e3o do bem de consumo e as estrat\u00e9gias de marketing dele.<\/p>\n<h2><\/h2>\n<h2>4.\u00a0\u00a0\u00a0\u00a0\u00a0 Identifique as quest\u00f5es de cada segmento<\/h2>\n<p>Para voc\u00ea definir estrat\u00e9gias de marketing, primeiro, voc\u00ea precisa definir quest\u00f5es e demandas que atravessam cada segmento.<\/p>\n<p>O que motiva o consumo de um grupo de interesse, mas n\u00e3o motiva outro? Quais s\u00e3o os valores e cren\u00e7as de cada grupo? Quais s\u00e3o os medos e preconceitos de cada grupo?<\/p>\n<p>&nbsp;<\/p>\n<h2>5.\u00a0\u00a0\u00a0\u00a0\u00a0 Selecione o segmento alvo<\/h2>\n<p>Aqui voc\u00ea define qual \u00e9 o segmento que voc\u00ea quer focar. Defina o p\u00fablico-alvo de cada produto, e ent\u00e3o, comece a fazer o planejamento de marketing.<\/p>\n","protected":false},"excerpt":{"rendered":"<p>&nbsp; Uma das maiores dificuldades de empreendedores \u00e9 na defini\u00e7\u00e3o de seu p\u00fablico-alvo. Pode parecer algo simples, afinal, voc\u00ea conhece pessoas que precisam de seu produto, n\u00e3o \u00e9 verdade? O fato, contudo, \u00e9 que na verdade voc\u00ea n\u00e3o conhece, at\u00e9 que tenha feito um trabalho de pesquisa de mercado e defini\u00e7\u00e3o de persona de empresa [&hellip;]<\/p>\n","protected":false},"author":9,"featured_media":4026,"comment_status":"open","ping_status":"open","sticky":false,"template":"","format":"standard","meta":{"jnews-multi-image_gallery":[],"jnews_single_post":[],"jnews_primary_category":[],"jnews_social_meta":[],"jnews_override_counter":[],"footnotes":""},"categories":[27,150],"tags":[199,326,351,1370,1369],"class_list":["post-4029","post","type-post","status-publish","format-standard","has-post-thumbnail","hentry","category-dicas","category-negocios","tag-marketing","tag-pesquisa-de-mercado","tag-planejamento-estrategico","tag-publico-alvo","tag-target-marketing"],"yoast_head":"<!-- This site is optimized with the Yoast SEO Premium plugin v27.4 (Yoast SEO v27.4) - https:\/\/yoast.com\/product\/yoast-seo-premium-wordpress\/ -->\n<title>Como definir o p\u00fablico-alvo de uma empresa em 6 etapas - Blog Pensar Cursos<\/title>\n<meta name=\"description\" content=\"&nbsp; Uma das maiores dificuldades de empreendedores \u00e9 na defini\u00e7\u00e3o de seu p\u00fablico-alvo. Pode parecer algo simples, afinal, voc\u00ea conhece pessoas que\" \/>\n<meta name=\"robots\" content=\"index, follow, max-snippet:-1, max-image-preview:large, max-video-preview:-1\" \/>\n<link rel=\"canonical\" href=\"https:\/\/www.pensarcursos.com.br\/blog\/como-definir-o-publico-alvo-de-uma-empresa-em-6-etapas\/\" \/>\n<meta property=\"og:locale\" content=\"pt_BR\" \/>\n<meta property=\"og:type\" content=\"article\" \/>\n<meta property=\"og:title\" content=\"Como definir o p\u00fablico-alvo de uma empresa em 6 etapas\" \/>\n<meta property=\"og:description\" content=\"&nbsp; Uma das maiores dificuldades de empreendedores \u00e9 na defini\u00e7\u00e3o de seu p\u00fablico-alvo. Pode parecer algo simples, afinal, voc\u00ea conhece pessoas que\" \/>\n<meta property=\"og:url\" content=\"https:\/\/www.pensarcursos.com.br\/blog\/como-definir-o-publico-alvo-de-uma-empresa-em-6-etapas\/\" \/>\n<meta property=\"og:site_name\" content=\"Blog Pensar Cursos\" \/>\n<meta property=\"article:publisher\" content=\"https:\/\/www.facebook.com\/pensarcursos\/\" \/>\n<meta property=\"article:published_time\" content=\"2023-08-29T21:21:18+00:00\" \/>\n<meta property=\"og:image\" content=\"https:\/\/www.pensarcursos.com.br\/blog\/wp-content\/uploads\/2023\/08\/2210.i039.034.F.m004.c9.business-growth-strategy-isometric.jpg\" \/>\n\t<meta property=\"og:image:width\" content=\"2464\" \/>\n\t<meta property=\"og:image:height\" content=\"2128\" \/>\n\t<meta property=\"og:image:type\" content=\"image\/jpeg\" \/>\n<meta name=\"author\" content=\"Lucas Grosso\" \/>\n<meta name=\"twitter:card\" content=\"summary_large_image\" \/>\n<meta name=\"twitter:label1\" content=\"Escrito por\" \/>\n\t<meta name=\"twitter:data1\" content=\"Lucas Grosso\" \/>\n\t<meta name=\"twitter:label2\" content=\"Est. tempo de leitura\" \/>\n\t<meta name=\"twitter:data2\" content=\"2 minutos\" \/>\n<!-- \/ Yoast SEO Premium plugin. -->","yoast_head_json":{"title":"Como definir o p\u00fablico-alvo de uma empresa em 6 etapas - Blog Pensar Cursos","description":"&nbsp; Uma das maiores dificuldades de empreendedores \u00e9 na defini\u00e7\u00e3o de seu p\u00fablico-alvo. Pode parecer algo simples, afinal, voc\u00ea conhece pessoas que","robots":{"index":"index","follow":"follow","max-snippet":"max-snippet:-1","max-image-preview":"max-image-preview:large","max-video-preview":"max-video-preview:-1"},"canonical":"https:\/\/www.pensarcursos.com.br\/blog\/como-definir-o-publico-alvo-de-uma-empresa-em-6-etapas\/","og_locale":"pt_BR","og_type":"article","og_title":"Como definir o p\u00fablico-alvo de uma empresa em 6 etapas","og_description":"&nbsp; Uma das maiores dificuldades de empreendedores \u00e9 na defini\u00e7\u00e3o de seu p\u00fablico-alvo. Pode parecer algo simples, afinal, voc\u00ea conhece pessoas que","og_url":"https:\/\/www.pensarcursos.com.br\/blog\/como-definir-o-publico-alvo-de-uma-empresa-em-6-etapas\/","og_site_name":"Blog Pensar Cursos","article_publisher":"https:\/\/www.facebook.com\/pensarcursos\/","article_published_time":"2023-08-29T21:21:18+00:00","og_image":[{"width":2464,"height":2128,"url":"https:\/\/www.pensarcursos.com.br\/blog\/wp-content\/uploads\/2023\/08\/2210.i039.034.F.m004.c9.business-growth-strategy-isometric.jpg","type":"image\/jpeg"}],"author":"Lucas Grosso","twitter_card":"summary_large_image","twitter_misc":{"Escrito por":"Lucas Grosso","Est. tempo de leitura":"2 minutos"},"schema":{"@context":"https:\/\/schema.org","@graph":[{"@type":["Article","BlogPosting"],"@id":"https:\/\/www.pensarcursos.com.br\/blog\/como-definir-o-publico-alvo-de-uma-empresa-em-6-etapas\/#article","isPartOf":{"@id":"https:\/\/www.pensarcursos.com.br\/blog\/como-definir-o-publico-alvo-de-uma-empresa-em-6-etapas\/"},"author":{"name":"Lucas Grosso","@id":"https:\/\/www.pensarcursos.com.br\/blog\/#\/schema\/person\/0392473a8e472f0517e3dd8ec54652d0"},"headline":"Como definir o p\u00fablico-alvo de uma empresa em 6 etapas","datePublished":"2023-08-29T21:21:18+00:00","mainEntityOfPage":{"@id":"https:\/\/www.pensarcursos.com.br\/blog\/como-definir-o-publico-alvo-de-uma-empresa-em-6-etapas\/"},"wordCount":492,"commentCount":0,"publisher":{"@id":"https:\/\/www.pensarcursos.com.br\/blog\/#organization"},"image":{"@id":"https:\/\/www.pensarcursos.com.br\/blog\/como-definir-o-publico-alvo-de-uma-empresa-em-6-etapas\/#primaryimage"},"thumbnailUrl":"https:\/\/www.pensarcursos.com.br\/blog\/wp-content\/uploads\/2023\/08\/2210.i039.034.F.m004.c9.business-growth-strategy-isometric.jpg","keywords":["Marketing","Pesquisa de Mercado","Planejamento estrat\u00e9gico","P\u00fablico-alvo","Target marketing"],"articleSection":["Dicas","Neg\u00f3cios"],"inLanguage":"pt-BR","potentialAction":[{"@type":"CommentAction","name":"Comment","target":["https:\/\/www.pensarcursos.com.br\/blog\/como-definir-o-publico-alvo-de-uma-empresa-em-6-etapas\/#respond"]}],"copyrightYear":"2023","copyrightHolder":{"@id":"https:\/\/www.pensarcursos.com.br\/blog\/#organization"}},{"@type":"WebPage","@id":"https:\/\/www.pensarcursos.com.br\/blog\/como-definir-o-publico-alvo-de-uma-empresa-em-6-etapas\/","url":"https:\/\/www.pensarcursos.com.br\/blog\/como-definir-o-publico-alvo-de-uma-empresa-em-6-etapas\/","name":"Como definir o p\u00fablico-alvo de uma empresa em 6 etapas - Blog Pensar Cursos","isPartOf":{"@id":"https:\/\/www.pensarcursos.com.br\/blog\/#website"},"primaryImageOfPage":{"@id":"https:\/\/www.pensarcursos.com.br\/blog\/como-definir-o-publico-alvo-de-uma-empresa-em-6-etapas\/#primaryimage"},"image":{"@id":"https:\/\/www.pensarcursos.com.br\/blog\/como-definir-o-publico-alvo-de-uma-empresa-em-6-etapas\/#primaryimage"},"thumbnailUrl":"https:\/\/www.pensarcursos.com.br\/blog\/wp-content\/uploads\/2023\/08\/2210.i039.034.F.m004.c9.business-growth-strategy-isometric.jpg","datePublished":"2023-08-29T21:21:18+00:00","description":"&nbsp; Uma das maiores dificuldades de empreendedores \u00e9 na defini\u00e7\u00e3o de seu p\u00fablico-alvo. Pode parecer algo simples, afinal, voc\u00ea conhece pessoas que","breadcrumb":{"@id":"https:\/\/www.pensarcursos.com.br\/blog\/como-definir-o-publico-alvo-de-uma-empresa-em-6-etapas\/#breadcrumb"},"inLanguage":"pt-BR","potentialAction":[{"@type":"ReadAction","target":["https:\/\/www.pensarcursos.com.br\/blog\/como-definir-o-publico-alvo-de-uma-empresa-em-6-etapas\/"]}]},{"@type":"ImageObject","inLanguage":"pt-BR","@id":"https:\/\/www.pensarcursos.com.br\/blog\/como-definir-o-publico-alvo-de-uma-empresa-em-6-etapas\/#primaryimage","url":"https:\/\/www.pensarcursos.com.br\/blog\/wp-content\/uploads\/2023\/08\/2210.i039.034.F.m004.c9.business-growth-strategy-isometric.jpg","contentUrl":"https:\/\/www.pensarcursos.com.br\/blog\/wp-content\/uploads\/2023\/08\/2210.i039.034.F.m004.c9.business-growth-strategy-isometric.jpg","width":2464,"height":2128,"caption":"SSUCv3H4sIAAAAAAACA02RTU\/DMAyG\/0qUc8VA3HpEGkhIiAmOEwc3Na1ZGk922jFN\/e843YZ2s\/2+\/siTk29AKfj65CnGUbNAJk6+fqg8tpRZCKKv7+fKa4Y8Kqp5LQuQsTN1ya9DtqdS97V\/GpUSqq6eKUEK6K19bEzYIO8j+rm6Ot+bHwxZ\/w1vpAFjhIQ8qp+\/Kg8dpnAsW22tYERYjtiatDtklOFy0UQt8jmEsaUS+okDRNMfy8X2Oh5KtRPY9xSEJpSSt6hBbq52nfAh926hgd3RkfKAWSi4wMOelQojdyDzDNjZME7oILUug3SYHQVOetaVgxF0ghBKky62fhwgudCDWBVF3WQMWNztF9y5tfGHJqJbbz6Xtg9MLZorudfNi\/tmGQxh5fNvAemrC9HzLF21GLiMmgp93tmXzvP8B0dFXM3wAQAA"},{"@type":"BreadcrumbList","@id":"https:\/\/www.pensarcursos.com.br\/blog\/como-definir-o-publico-alvo-de-uma-empresa-em-6-etapas\/#breadcrumb","itemListElement":[{"@type":"ListItem","position":1,"name":"Home","item":"https:\/\/www.pensarcursos.com.br\/blog\/"},{"@type":"ListItem","position":2,"name":"Como definir o p\u00fablico-alvo de uma empresa em 6 etapas"}]},{"@type":"WebSite","@id":"https:\/\/www.pensarcursos.com.br\/blog\/#website","url":"https:\/\/www.pensarcursos.com.br\/blog\/","name":"Blog Pensar Cursos","description":"Maior Site de Cursos do Brasil","publisher":{"@id":"https:\/\/www.pensarcursos.com.br\/blog\/#organization"},"alternateName":"Blog Pensar","potentialAction":[{"@type":"SearchAction","target":{"@type":"EntryPoint","urlTemplate":"https:\/\/www.pensarcursos.com.br\/blog\/?s={search_term_string}"},"query-input":{"@type":"PropertyValueSpecification","valueRequired":true,"valueName":"search_term_string"}}],"inLanguage":"pt-BR"},{"@type":"Organization","@id":"https:\/\/www.pensarcursos.com.br\/blog\/#organization","name":"Pensar Cursos","alternateName":"Blog pensar","url":"https:\/\/www.pensarcursos.com.br\/blog\/","logo":{"@type":"ImageObject","inLanguage":"pt-BR","@id":"https:\/\/www.pensarcursos.com.br\/blog\/#\/schema\/logo\/image\/","url":"https:\/\/www.pensarcursos.com.br\/blog\/wp-content\/uploads\/2023\/11\/Nova-Logo-Pensar-Cursos-vertical.png","contentUrl":"https:\/\/www.pensarcursos.com.br\/blog\/wp-content\/uploads\/2023\/11\/Nova-Logo-Pensar-Cursos-vertical.png","width":1393,"height":1001,"caption":"Pensar Cursos"},"image":{"@id":"https:\/\/www.pensarcursos.com.br\/blog\/#\/schema\/logo\/image\/"},"sameAs":["https:\/\/www.facebook.com\/pensarcursos\/","https:\/\/instagram.com.br\/pensarcursos"],"description":"Pensar Cursos \u00e9 uma empresa especializada em oferecer cursos de alta qualidade voltados para o desenvolvimento profissional e acad\u00eamico. Com uma ampla gama de op\u00e7\u00f5es de treinamento, oferecemos conte\u00fados atualizados, ministrados por especialistas da \u00e1rea, para capacitar indiv\u00edduos e equipes a atingirem seus objetivos. Nossa miss\u00e3o \u00e9 proporcionar uma educa\u00e7\u00e3o transformadora, acess\u00edvel e personalizada para cada aluno, seja em cursos presenciais ou online. Com uma abordagem inovadora, buscamos adaptar os nossos programas de ensino \u00e0s necessidades do mercado, criando solu\u00e7\u00f5es que atendem aos desafios e exig\u00eancias do mundo corporativo e acad\u00eamico. Nossos cursos incluem desde forma\u00e7\u00f5es t\u00e9cnicas at\u00e9 habilidades essenciais, como lideran\u00e7a, gest\u00e3o e desenvolvimento pessoal.","email":"contato@pensarcursos.com.br","legalName":"Sena Servi\u00e7os de Informa\u00e7\u00e3o Online LTDA","foundingDate":"2013-04-18","vatID":"17956217000172","numberOfEmployees":{"@type":"QuantitativeValue","minValue":"11","maxValue":"50"},"publishingPrinciples":"https:\/\/www.pensarcursos.com.br\/blog\/principios-de-publicacao\/","ownershipFundingInfo":"https:\/\/www.pensarcursos.com.br\/blog\/informacoes-de-propriedade-financiamento\/","actionableFeedbackPolicy":"https:\/\/www.pensarcursos.com.br\/blog\/politica-de-feedback-acionavel\/","correctionsPolicy":"https:\/\/www.pensarcursos.com.br\/blog\/politica-de-correcoes\/","ethicsPolicy":"https:\/\/www.pensarcursos.com.br\/blog\/politica-de-etica\/"},{"@type":"Person","@id":"https:\/\/www.pensarcursos.com.br\/blog\/#\/schema\/person\/0392473a8e472f0517e3dd8ec54652d0","name":"Lucas Grosso","image":{"@type":"ImageObject","inLanguage":"pt-BR","@id":"https:\/\/secure.gravatar.com\/avatar\/3c38d1d2f55117c571ce5cf342c3c4caf25766a81aaf909ebe03b7260e593be8?s=96&d=mm&r=g","url":"https:\/\/secure.gravatar.com\/avatar\/3c38d1d2f55117c571ce5cf342c3c4caf25766a81aaf909ebe03b7260e593be8?s=96&d=mm&r=g","contentUrl":"https:\/\/secure.gravatar.com\/avatar\/3c38d1d2f55117c571ce5cf342c3c4caf25766a81aaf909ebe03b7260e593be8?s=96&d=mm&r=g","caption":"Lucas Grosso"},"description":"Formado em Letras, com Mestrado em Literatura. Adoro livros, e nunca paro de estudar coisas das mais variadas, de Poesia \u00e0 Franc\u00eas, passando por Hist\u00f3ria e Psicologia. Tenho dois livros de poesia publicados, e outros a caminho.","url":"https:\/\/www.pensarcursos.com.br\/blog\/author\/lucas\/"}]}},"_links":{"self":[{"href":"https:\/\/www.pensarcursos.com.br\/blog\/wp-json\/wp\/v2\/posts\/4029","targetHints":{"allow":["GET"]}}],"collection":[{"href":"https:\/\/www.pensarcursos.com.br\/blog\/wp-json\/wp\/v2\/posts"}],"about":[{"href":"https:\/\/www.pensarcursos.com.br\/blog\/wp-json\/wp\/v2\/types\/post"}],"author":[{"embeddable":true,"href":"https:\/\/www.pensarcursos.com.br\/blog\/wp-json\/wp\/v2\/users\/9"}],"replies":[{"embeddable":true,"href":"https:\/\/www.pensarcursos.com.br\/blog\/wp-json\/wp\/v2\/comments?post=4029"}],"version-history":[{"count":0,"href":"https:\/\/www.pensarcursos.com.br\/blog\/wp-json\/wp\/v2\/posts\/4029\/revisions"}],"wp:featuredmedia":[{"embeddable":true,"href":"https:\/\/www.pensarcursos.com.br\/blog\/wp-json\/wp\/v2\/media\/4026"}],"wp:attachment":[{"href":"https:\/\/www.pensarcursos.com.br\/blog\/wp-json\/wp\/v2\/media?parent=4029"}],"wp:term":[{"taxonomy":"category","embeddable":true,"href":"https:\/\/www.pensarcursos.com.br\/blog\/wp-json\/wp\/v2\/categories?post=4029"},{"taxonomy":"post_tag","embeddable":true,"href":"https:\/\/www.pensarcursos.com.br\/blog\/wp-json\/wp\/v2\/tags?post=4029"}],"curies":[{"name":"wp","href":"https:\/\/api.w.org\/{rel}","templated":true}]}}