{"id":37953,"date":"2024-04-15T08:03:28","date_gmt":"2024-04-15T11:03:28","guid":{"rendered":"https:\/\/www.pensarcursos.com.br\/blog\/?p=37953"},"modified":"2024-04-10T21:03:55","modified_gmt":"2024-04-11T00:03:55","slug":"quebra-cabecas-visuais","status":"publish","type":"post","link":"https:\/\/www.pensarcursos.com.br\/blog\/quebra-cabecas-visuais\/","title":{"rendered":"Desafio de percep\u00e7\u00e3o visual: treine sua mente para encontrar o erro oculto na imagem!"},"content":{"rendered":"<p>Os <strong>quebra-cabe\u00e7as visuais<\/strong> s\u00e3o mais do que apenas divers\u00e3o; eles s\u00e3o exerc\u00edcios valiosos para o c\u00e9rebro. Exigindo concentra\u00e7\u00e3o e habilidades de pensamento cr\u00edtico, desafiam nossa percep\u00e7\u00e3o visual e capacidade de resolver problemas. Iremos explorar a import\u00e2ncia desses <a href=\"https:\/\/www.pensarcursos.com.br\/blog\/desastre-na-cozinha\/\" target=\"_blank\" rel=\"noopener\">desafios<\/a> para nossa cogni\u00e7\u00e3o e como podem nos beneficiar em v\u00e1rias \u00e1reas da vida.<\/p>\n<h2>Por que resolver este desafio?<\/h2>\n<p>Resolver quebra-cabe\u00e7as visuais \u00e9 uma maneira empolgante de exercitar a mente. Atrav\u00e9s deles, aprimoramos nossa capacidade de observa\u00e7\u00e3o e an\u00e1lise, habilidades essenciais em muitos aspectos da vida. Um desses desafios \u00e9 encontrar o erro em uma imagem, uma tarefa que parece simples \u00e0 primeira vista, mas que requer uma an\u00e1lise minuciosa e pensamento l\u00f3gico.<\/p>\n<p>Esses quebra-cabe\u00e7as ajudam a fortalecer nossa percep\u00e7\u00e3o visual. Ao analisar os detalhes de uma imagem, treinamos nossos olhos para notar sutilezas e discrep\u00e2ncias. Essa habilidade \u00e9 valiosa n\u00e3o apenas para resolver enigmas, mas tamb\u00e9m para atividades cotidianas, como encontrar itens perdidos ou identificar inconsist\u00eancias em documentos e projetos.<\/p>\n<h2>Fique atento a imagem e descubra o erro em at\u00e9 7 segundos!<\/h2>\n<figure id=\"attachment_37954\" aria-describedby=\"caption-attachment-37954\" style=\"width: 562px\" class=\"wp-caption aligncenter\"><img decoding=\"async\" class=\"wp-image-37954 size-full\" src=\"https:\/\/www.pensarcursos.com.br\/blog\/wp-content\/uploads\/2024\/04\/Quebra-cabecas-visuais.jpg\" alt=\"Quebra-cabe\u00e7as visuais\" width=\"562\" height=\"256\" srcset=\"https:\/\/www.pensarcursos.com.br\/blog\/wp-content\/uploads\/2024\/04\/Quebra-cabecas-visuais.jpg 562w, https:\/\/www.pensarcursos.com.br\/blog\/wp-content\/uploads\/2024\/04\/Quebra-cabecas-visuais-300x137.jpg 300w\" sizes=\"(max-width: 562px) 100vw, 562px\" \/><figcaption id=\"caption-attachment-37954\" class=\"wp-caption-text\"><em>Fonte: Pinterest<\/em><\/figcaption><\/figure>\n<p>Al\u00e9m disso, a resolu\u00e7\u00e3o de quebra-cabe\u00e7as visuais promove o pensamento cr\u00edtico. Exige que examinemos diferentes partes da imagem, consideremos poss\u00edveis solu\u00e7\u00f5es e avaliemos sua validade. Esse processo de racioc\u00ednio \u00e9 transfer\u00edvel para muitos contextos, desde resolver problemas no trabalho at\u00e9 tomar decis\u00f5es pessoais.<\/p>\n<p><strong>Leia mais: <a href=\"https:\/\/www.pensarcursos.com.br\/blog\/localizar-a-maca-comida\/\" target=\"_blank\" rel=\"noopener\">Voc\u00ea \u00e9 um dos privilegiados? Descubra se consegue localizar a ma\u00e7\u00e3 comida em 21 segundos!<\/a><\/strong><\/p>\n<h2>Tempo esgotado!<\/h2>\n<p>Se voc\u00ea encontrou o erro dentre os 7 segundos, parab\u00e9ns! Voc\u00ea tem uma habilidade de percep\u00e7\u00e3o incr\u00edvel. Caso ainda n\u00e3o tenha descoberto o erro, n\u00e3o se preocupe, iremos revelar a voc\u00ea.<\/p>\n<figure id=\"attachment_37955\" aria-describedby=\"caption-attachment-37955\" style=\"width: 1200px\" class=\"wp-caption aligncenter\"><img decoding=\"async\" class=\"wp-image-37955 size-full\" src=\"https:\/\/www.pensarcursos.com.br\/blog\/wp-content\/uploads\/2024\/04\/Quebra-cabecas-visuais-1.jpg\" alt=\"Quebra-cabe\u00e7as visuais\" width=\"1200\" height=\"675\" srcset=\"https:\/\/www.pensarcursos.com.br\/blog\/wp-content\/uploads\/2024\/04\/Quebra-cabecas-visuais-1.jpg 1200w, https:\/\/www.pensarcursos.com.br\/blog\/wp-content\/uploads\/2024\/04\/Quebra-cabecas-visuais-1-300x169.jpg 300w, https:\/\/www.pensarcursos.com.br\/blog\/wp-content\/uploads\/2024\/04\/Quebra-cabecas-visuais-1-1024x576.jpg 1024w, https:\/\/www.pensarcursos.com.br\/blog\/wp-content\/uploads\/2024\/04\/Quebra-cabecas-visuais-1-768x432.jpg 768w\" sizes=\"(max-width: 1200px) 100vw, 1200px\" \/><figcaption id=\"caption-attachment-37955\" class=\"wp-caption-text\"><em>Fonte: Pinterest<\/em><\/figcaption><\/figure>\n<p>Ao <a href=\"https:\/\/www.pensarcursos.com.br\/blog\/localizar-o-celular-perdido\/\" target=\"_blank\" rel=\"noopener\">analisar<\/a> a imagem fornecida, descobrimos que o erro est\u00e1 nos sapatos do personagem. O sapato direito possui quatro ilh\u00f3s, enquanto o sapato esquerdo possui cinco. Esse detalhe sutil pode escapar \u00e0 primeira vista, mas \u00e9 revelador da import\u00e2ncia de examinar cuidadosamente cada elemento de uma imagem.<\/p>\n<p>Os quebra-cabe\u00e7as visuais n\u00e3o s\u00e3o apenas uma forma divertida de passar o tempo; eles tamb\u00e9m s\u00e3o uma ferramenta valiosa para exercitar o c\u00e9rebro. Ao desafiar nossa percep\u00e7\u00e3o e pensamento cr\u00edtico, esses quebra-cabe\u00e7as nos preparam para enfrentar os desafios da vida cotidiana.<\/p>\n","protected":false},"excerpt":{"rendered":"<p>Os quebra-cabe\u00e7as visuais s\u00e3o mais do que apenas divers\u00e3o; eles s\u00e3o exerc\u00edcios valiosos para o c\u00e9rebro. Exigindo concentra\u00e7\u00e3o e habilidades de pensamento cr\u00edtico, desafiam nossa percep\u00e7\u00e3o visual e capacidade de resolver problemas. Iremos explorar a import\u00e2ncia desses desafios para nossa cogni\u00e7\u00e3o e como podem nos beneficiar em v\u00e1rias \u00e1reas da vida. Por que resolver este [&hellip;]<\/p>\n","protected":false},"author":13,"featured_media":37956,"comment_status":"open","ping_status":"closed","sticky":false,"template":"","format":"standard","meta":{"jnews-multi-image_gallery":[],"jnews_single_post":[],"jnews_primary_category":[],"jnews_social_meta":[],"jnews_override_counter":[],"footnotes":""},"categories":[27],"tags":[1612,1946,1944],"class_list":["post-37953","post","type-post","status-publish","format-standard","has-post-thumbnail","hentry","category-dicas","tag-habilidade","tag-inteligencia","tag-testes"],"yoast_head":"<!-- This site is optimized with the Yoast SEO Premium plugin v27.5 (Yoast SEO v27.5) - https:\/\/yoast.com\/product\/yoast-seo-premium-wordpress\/ -->\n<title>Desafio de percep\u00e7\u00e3o visual: treine sua mente para encontrar o erro oculto na imagem! - Blog Pensar Cursos<\/title>\n<meta name=\"description\" content=\"Os quebra-cabe\u00e7as visuais s\u00e3o mais do que apenas divers\u00e3o; eles s\u00e3o exerc\u00edcios valiosos para o c\u00e9rebro. Exigindo concentra\u00e7\u00e3o e habilidades de pensamento\" \/>\n<meta name=\"robots\" content=\"index, follow, max-snippet:-1, max-image-preview:large, max-video-preview:-1\" \/>\n<link rel=\"canonical\" href=\"https:\/\/www.pensarcursos.com.br\/blog\/quebra-cabecas-visuais\/\" \/>\n<meta property=\"og:locale\" content=\"pt_BR\" \/>\n<meta property=\"og:type\" content=\"article\" \/>\n<meta property=\"og:title\" content=\"Desafio de percep\u00e7\u00e3o visual: treine sua mente para encontrar o erro oculto na imagem!\" \/>\n<meta property=\"og:description\" content=\"Os quebra-cabe\u00e7as visuais s\u00e3o mais do que apenas divers\u00e3o; eles s\u00e3o exerc\u00edcios valiosos para o c\u00e9rebro. Exigindo concentra\u00e7\u00e3o e habilidades de pensamento\" \/>\n<meta property=\"og:url\" content=\"https:\/\/www.pensarcursos.com.br\/blog\/quebra-cabecas-visuais\/\" \/>\n<meta property=\"og:site_name\" content=\"Blog Pensar Cursos\" \/>\n<meta property=\"article:publisher\" content=\"https:\/\/www.facebook.com\/pensarcursos\/\" \/>\n<meta property=\"article:author\" content=\"https:\/\/www.facebook.com\/julia.koerich.39\" \/>\n<meta property=\"article:published_time\" content=\"2024-04-15T11:03:28+00:00\" \/>\n<meta property=\"og:image\" content=\"https:\/\/www.pensarcursos.com.br\/blog\/wp-content\/uploads\/2024\/04\/Quebra-cabecas-visuais.png\" \/>\n\t<meta property=\"og:image:width\" content=\"1280\" \/>\n\t<meta property=\"og:image:height\" content=\"720\" \/>\n\t<meta property=\"og:image:type\" content=\"image\/png\" \/>\n<meta name=\"author\" content=\"Julia Koerich\" \/>\n<meta name=\"twitter:card\" content=\"summary_large_image\" \/>\n<meta name=\"twitter:label1\" content=\"Escrito por\" \/>\n\t<meta name=\"twitter:data1\" content=\"Julia Koerich\" \/>\n\t<meta name=\"twitter:label2\" content=\"Est. tempo de leitura\" \/>\n\t<meta name=\"twitter:data2\" content=\"2 minutos\" \/>\n<!-- \/ Yoast SEO Premium plugin. -->","yoast_head_json":{"title":"Desafio de percep\u00e7\u00e3o visual: treine sua mente para encontrar o erro oculto na imagem! - Blog Pensar Cursos","description":"Os quebra-cabe\u00e7as visuais s\u00e3o mais do que apenas divers\u00e3o; eles s\u00e3o exerc\u00edcios valiosos para o c\u00e9rebro. Exigindo concentra\u00e7\u00e3o e habilidades de pensamento","robots":{"index":"index","follow":"follow","max-snippet":"max-snippet:-1","max-image-preview":"max-image-preview:large","max-video-preview":"max-video-preview:-1"},"canonical":"https:\/\/www.pensarcursos.com.br\/blog\/quebra-cabecas-visuais\/","og_locale":"pt_BR","og_type":"article","og_title":"Desafio de percep\u00e7\u00e3o visual: treine sua mente para encontrar o erro oculto na imagem!","og_description":"Os quebra-cabe\u00e7as visuais s\u00e3o mais do que apenas divers\u00e3o; eles s\u00e3o exerc\u00edcios valiosos para o c\u00e9rebro. Exigindo concentra\u00e7\u00e3o e habilidades de pensamento","og_url":"https:\/\/www.pensarcursos.com.br\/blog\/quebra-cabecas-visuais\/","og_site_name":"Blog Pensar Cursos","article_publisher":"https:\/\/www.facebook.com\/pensarcursos\/","article_author":"https:\/\/www.facebook.com\/julia.koerich.39","article_published_time":"2024-04-15T11:03:28+00:00","og_image":[{"width":1280,"height":720,"url":"https:\/\/www.pensarcursos.com.br\/blog\/wp-content\/uploads\/2024\/04\/Quebra-cabecas-visuais.png","type":"image\/png"}],"author":"Julia Koerich","twitter_card":"summary_large_image","twitter_misc":{"Escrito por":"Julia Koerich","Est. tempo de leitura":"2 minutos"},"schema":{"@context":"https:\/\/schema.org","@graph":[{"@type":["Article","BlogPosting"],"@id":"https:\/\/www.pensarcursos.com.br\/blog\/quebra-cabecas-visuais\/#article","isPartOf":{"@id":"https:\/\/www.pensarcursos.com.br\/blog\/quebra-cabecas-visuais\/"},"author":{"name":"Julia Koerich","@id":"https:\/\/www.pensarcursos.com.br\/blog\/#\/schema\/person\/488f02c6a8789bf91624f246e1087f54"},"headline":"Desafio de percep\u00e7\u00e3o visual: treine sua mente para encontrar o erro oculto na imagem!","datePublished":"2024-04-15T11:03:28+00:00","mainEntityOfPage":{"@id":"https:\/\/www.pensarcursos.com.br\/blog\/quebra-cabecas-visuais\/"},"wordCount":422,"commentCount":0,"publisher":{"@id":"https:\/\/www.pensarcursos.com.br\/blog\/#organization"},"image":{"@id":"https:\/\/www.pensarcursos.com.br\/blog\/quebra-cabecas-visuais\/#primaryimage"},"thumbnailUrl":"https:\/\/www.pensarcursos.com.br\/blog\/wp-content\/uploads\/2024\/04\/Quebra-cabecas-visuais.png","keywords":["Habilidade","Intelig\u00eancia","Testes"],"articleSection":["Dicas"],"inLanguage":"pt-BR","potentialAction":[{"@type":"CommentAction","name":"Comment","target":["https:\/\/www.pensarcursos.com.br\/blog\/quebra-cabecas-visuais\/#respond"]}],"copyrightYear":"2024","copyrightHolder":{"@id":"https:\/\/www.pensarcursos.com.br\/blog\/#organization"}},{"@type":"WebPage","@id":"https:\/\/www.pensarcursos.com.br\/blog\/quebra-cabecas-visuais\/","url":"https:\/\/www.pensarcursos.com.br\/blog\/quebra-cabecas-visuais\/","name":"Desafio de percep\u00e7\u00e3o visual: treine sua mente para encontrar o erro oculto na imagem! - Blog Pensar Cursos","isPartOf":{"@id":"https:\/\/www.pensarcursos.com.br\/blog\/#website"},"primaryImageOfPage":{"@id":"https:\/\/www.pensarcursos.com.br\/blog\/quebra-cabecas-visuais\/#primaryimage"},"image":{"@id":"https:\/\/www.pensarcursos.com.br\/blog\/quebra-cabecas-visuais\/#primaryimage"},"thumbnailUrl":"https:\/\/www.pensarcursos.com.br\/blog\/wp-content\/uploads\/2024\/04\/Quebra-cabecas-visuais.png","datePublished":"2024-04-15T11:03:28+00:00","description":"Os quebra-cabe\u00e7as visuais s\u00e3o mais do que apenas divers\u00e3o; eles s\u00e3o exerc\u00edcios valiosos para o c\u00e9rebro. Exigindo concentra\u00e7\u00e3o e habilidades de pensamento","breadcrumb":{"@id":"https:\/\/www.pensarcursos.com.br\/blog\/quebra-cabecas-visuais\/#breadcrumb"},"inLanguage":"pt-BR","potentialAction":[{"@type":"ReadAction","target":["https:\/\/www.pensarcursos.com.br\/blog\/quebra-cabecas-visuais\/"]}]},{"@type":"ImageObject","inLanguage":"pt-BR","@id":"https:\/\/www.pensarcursos.com.br\/blog\/quebra-cabecas-visuais\/#primaryimage","url":"https:\/\/www.pensarcursos.com.br\/blog\/wp-content\/uploads\/2024\/04\/Quebra-cabecas-visuais.png","contentUrl":"https:\/\/www.pensarcursos.com.br\/blog\/wp-content\/uploads\/2024\/04\/Quebra-cabecas-visuais.png","width":1280,"height":720,"caption":"Fonte: Pinterest"},{"@type":"BreadcrumbList","@id":"https:\/\/www.pensarcursos.com.br\/blog\/quebra-cabecas-visuais\/#breadcrumb","itemListElement":[{"@type":"ListItem","position":1,"name":"Home","item":"https:\/\/www.pensarcursos.com.br\/blog\/"},{"@type":"ListItem","position":2,"name":"Desafio de percep\u00e7\u00e3o visual: treine sua mente para encontrar o erro oculto na imagem!"}]},{"@type":"WebSite","@id":"https:\/\/www.pensarcursos.com.br\/blog\/#website","url":"https:\/\/www.pensarcursos.com.br\/blog\/","name":"Blog Pensar Cursos","description":"Maior Site de Cursos do Brasil","publisher":{"@id":"https:\/\/www.pensarcursos.com.br\/blog\/#organization"},"alternateName":"Blog Pensar","potentialAction":[{"@type":"SearchAction","target":{"@type":"EntryPoint","urlTemplate":"https:\/\/www.pensarcursos.com.br\/blog\/?s={search_term_string}"},"query-input":{"@type":"PropertyValueSpecification","valueRequired":true,"valueName":"search_term_string"}}],"inLanguage":"pt-BR"},{"@type":"Organization","@id":"https:\/\/www.pensarcursos.com.br\/blog\/#organization","name":"Pensar Cursos","alternateName":"Blog pensar","url":"https:\/\/www.pensarcursos.com.br\/blog\/","logo":{"@type":"ImageObject","inLanguage":"pt-BR","@id":"https:\/\/www.pensarcursos.com.br\/blog\/#\/schema\/logo\/image\/","url":"https:\/\/www.pensarcursos.com.br\/blog\/wp-content\/uploads\/2023\/11\/Nova-Logo-Pensar-Cursos-vertical.png","contentUrl":"https:\/\/www.pensarcursos.com.br\/blog\/wp-content\/uploads\/2023\/11\/Nova-Logo-Pensar-Cursos-vertical.png","width":1393,"height":1001,"caption":"Pensar Cursos"},"image":{"@id":"https:\/\/www.pensarcursos.com.br\/blog\/#\/schema\/logo\/image\/"},"sameAs":["https:\/\/www.facebook.com\/pensarcursos\/","https:\/\/instagram.com.br\/pensarcursos"],"description":"Pensar Cursos \u00e9 uma empresa especializada em oferecer cursos de alta qualidade voltados para o desenvolvimento profissional e acad\u00eamico. Com uma ampla gama de op\u00e7\u00f5es de treinamento, oferecemos conte\u00fados atualizados, ministrados por especialistas da \u00e1rea, para capacitar indiv\u00edduos e equipes a atingirem seus objetivos. Nossa miss\u00e3o \u00e9 proporcionar uma educa\u00e7\u00e3o transformadora, acess\u00edvel e personalizada para cada aluno, seja em cursos presenciais ou online. Com uma abordagem inovadora, buscamos adaptar os nossos programas de ensino \u00e0s necessidades do mercado, criando solu\u00e7\u00f5es que atendem aos desafios e exig\u00eancias do mundo corporativo e acad\u00eamico. Nossos cursos incluem desde forma\u00e7\u00f5es t\u00e9cnicas at\u00e9 habilidades essenciais, como lideran\u00e7a, gest\u00e3o e desenvolvimento pessoal.","email":"contato@pensarcursos.com.br","legalName":"Sena Servi\u00e7os de Informa\u00e7\u00e3o Online LTDA","foundingDate":"2013-04-18","vatID":"17956217000172","numberOfEmployees":{"@type":"QuantitativeValue","minValue":"11","maxValue":"50"},"publishingPrinciples":"https:\/\/www.pensarcursos.com.br\/blog\/principios-de-publicacao\/","ownershipFundingInfo":"https:\/\/www.pensarcursos.com.br\/blog\/informacoes-de-propriedade-financiamento\/","actionableFeedbackPolicy":"https:\/\/www.pensarcursos.com.br\/blog\/politica-de-feedback-acionavel\/","correctionsPolicy":"https:\/\/www.pensarcursos.com.br\/blog\/politica-de-correcoes\/","ethicsPolicy":"https:\/\/www.pensarcursos.com.br\/blog\/politica-de-etica\/"},{"@type":"Person","@id":"https:\/\/www.pensarcursos.com.br\/blog\/#\/schema\/person\/488f02c6a8789bf91624f246e1087f54","name":"Julia Koerich","image":{"@type":"ImageObject","inLanguage":"pt-BR","@id":"https:\/\/secure.gravatar.com\/avatar\/e2c74e498d61f83af52fb247a0fa8bf30283598a08bd3fb3137d2aed86153e19?s=96&d=mm&r=g","url":"https:\/\/secure.gravatar.com\/avatar\/e2c74e498d61f83af52fb247a0fa8bf30283598a08bd3fb3137d2aed86153e19?s=96&d=mm&r=g","contentUrl":"https:\/\/secure.gravatar.com\/avatar\/e2c74e498d61f83af52fb247a0fa8bf30283598a08bd3fb3137d2aed86153e19?s=96&d=mm&r=g","caption":"Julia Koerich"},"description":"Julia \u00e9 uma redatora de conte\u00fado criativa e vers\u00e1til, com mais de cinco anos de experi\u00eancia em escrita para blogs. Ela tem uma habilidade \u00fanica para adaptar seu estilo de escrita a diferentes p\u00fablicos e temas. Ela \u00e9 especialista em criar artigos detalhados e bem pesquisados, garantindo que cada pe\u00e7a seja informativa e atraente.","sameAs":["https:\/\/www.facebook.com\/julia.koerich.39"],"url":"https:\/\/www.pensarcursos.com.br\/blog\/author\/julia\/"}]}},"_links":{"self":[{"href":"https:\/\/www.pensarcursos.com.br\/blog\/wp-json\/wp\/v2\/posts\/37953","targetHints":{"allow":["GET"]}}],"collection":[{"href":"https:\/\/www.pensarcursos.com.br\/blog\/wp-json\/wp\/v2\/posts"}],"about":[{"href":"https:\/\/www.pensarcursos.com.br\/blog\/wp-json\/wp\/v2\/types\/post"}],"author":[{"embeddable":true,"href":"https:\/\/www.pensarcursos.com.br\/blog\/wp-json\/wp\/v2\/users\/13"}],"replies":[{"embeddable":true,"href":"https:\/\/www.pensarcursos.com.br\/blog\/wp-json\/wp\/v2\/comments?post=37953"}],"version-history":[{"count":0,"href":"https:\/\/www.pensarcursos.com.br\/blog\/wp-json\/wp\/v2\/posts\/37953\/revisions"}],"wp:featuredmedia":[{"embeddable":true,"href":"https:\/\/www.pensarcursos.com.br\/blog\/wp-json\/wp\/v2\/media\/37956"}],"wp:attachment":[{"href":"https:\/\/www.pensarcursos.com.br\/blog\/wp-json\/wp\/v2\/media?parent=37953"}],"wp:term":[{"taxonomy":"category","embeddable":true,"href":"https:\/\/www.pensarcursos.com.br\/blog\/wp-json\/wp\/v2\/categories?post=37953"},{"taxonomy":"post_tag","embeddable":true,"href":"https:\/\/www.pensarcursos.com.br\/blog\/wp-json\/wp\/v2\/tags?post=37953"}],"curies":[{"name":"wp","href":"https:\/\/api.w.org\/{rel}","templated":true}]}}