{"id":33495,"date":"2024-03-18T16:06:19","date_gmt":"2024-03-18T19:06:19","guid":{"rendered":"https:\/\/www.pensarcursos.com.br\/blog\/?p=33495"},"modified":"2024-03-18T16:06:19","modified_gmt":"2024-03-18T19:06:19","slug":"concurso-vicentinopolis-go-retomado-confira-as-novas-datas","status":"publish","type":"post","link":"https:\/\/www.pensarcursos.com.br\/blog\/concurso-vicentinopolis-go-retomado-confira-as-novas-datas\/","title":{"rendered":"Concurso Vicentin\u00f3polis\u2013GO: retomado; confira as novas datas"},"content":{"rendered":"<p>A banca organizadora do concurso da Prefeitura de Vicentin\u00f3polis, Funvapi, anunciou que o concurso, que havia sido suspenso temporariamente pelo Tribunal de Contas, ser\u00e1 retomado.<\/p>\n<p>Agora, as inscri\u00e7\u00f5es podem ser feitas at\u00e9 31 de mar\u00e7o, com taxas variando de R$ 40,80 a R$ 81,60 dependendo do cargo.<\/p>\n<p>As provas foram remarcadas para os dias 27 e 28 de abril. Candidatos afetados pela mudan\u00e7a no cronograma podem solicitar reembolso do valor da inscri\u00e7\u00e3o.<\/p>\n<p>Lembrando que o edital oferece 1.200 vagas, das quais 240 s\u00e3o para contrata\u00e7\u00e3o imediata e 960 para cadastro reserva. A carga hor\u00e1ria \u00e9 de at\u00e9 40 horas semanais.<\/p>\n<p>Saiba mais detalhes sobre este concurso a seguir.<\/p>\n<p><strong>Veja tamb\u00e9m:<\/strong>\u00a0<a href=\"https:\/\/www.pensarcursos.com.br\/blog\/concurso-casa-da-moeda-gabaritos-divulgados\/\" target=\"_blank\" rel=\"noopener\">Concurso Casa da Moeda: gabaritos divulgados!<\/a><\/p>\n<h2>Concurso Vicentin\u00f3polis\u2013GO: principais datas<\/h2>\n<ul>\n<li>Inscri\u00e7\u00f5es: De 18 a 31 de mar\u00e7o.<\/li>\n<li>Isen\u00e7\u00e3o da taxa: De 15 a 18 de janeiro.<\/li>\n<li>\u00daltimo dia para pagamento: 1\u00ba de abril.<\/li>\n<li>Datas das provas:<\/li>\n<li>27 de abril para n\u00edveis fundamental e m\u00e9dio;<\/li>\n<li>28 de abril para n\u00edvel superior.<\/li>\n<\/ul>\n<h2>Sobre a devolu\u00e7\u00e3o da taxa<\/h2>\n<p>Se um candidato se sentir prejudicado com as mudan\u00e7as, pode desistir do concurso e pedir o dinheiro de volta.<\/p>\n<p>Os candidatos que pagaram a taxa de inscri\u00e7\u00e3o ser\u00e3o reembolsados do mesmo valor, por dep\u00f3sito na conta indicada \u00e0 Comiss\u00e3o Especial do Concurso P\u00fablico (CECP), em nome do candidato.<\/p>\n<p>O pedido de reembolso precisa ser assinado pelo candidato e entregue \u00e0 CECP, na sede da Prefeitura Municipal, ou pode ser enviado por e-mail para secretariafinancasvct@gmail.com at\u00e9 a data de homologa\u00e7\u00e3o do concurso.<\/p>\n<p>Ademais, o candidato que solicitar o reembolso \u00e9 respons\u00e1vel pelas informa\u00e7\u00f5es fornecidas \u00e0 CECP. Dessa forma, o\u00a0reembolso da taxa de inscri\u00e7\u00e3o ser\u00e1 feito dentro de 30 dias \u00fateis ap\u00f3s o pedido ser feito.<\/p>\n<p><strong>Veja tamb\u00e9m:<\/strong>\u00a0<a href=\"https:\/\/www.pensarcursos.com.br\/blog\/concurso-bombinhas-sc-salarios-de-ate-r-21-mil\/\" target=\"_blank\" rel=\"noopener\">Concurso Bombinhas\u2013SC: sal\u00e1rios de at\u00e9 R$ 21 mil!<\/a><\/p>\n<h2>Concurso Vicentin\u00f3polis\u2013GO: cargos e vagas<\/h2>\n<div class=\"react-scroll-to-bottom--css-sxajl-1n7m0yu\">\n<div class=\"flex flex-col text-sm pb-9\">\n<div class=\"w-full text-token-text-primary sm:AIPRM__conversation__response\" data-testid=\"conversation-turn-3\">\n<div class=\"px-4 py-2 justify-center text-base md:gap-6 m-auto\">\n<div class=\"flex flex-1 text-base mx-auto gap-3 md:px-5 lg:px-1 xl:px-5 md:max-w-3xl lg:max-w-[40rem] xl:max-w-[48rem] group final-completion\">\n<div class=\"relative flex w-full flex-col agent-turn\">\n<div class=\"flex-col gap-1 md:gap-3\">\n<div class=\"flex flex-grow flex-col max-w-full\">\n<div class=\"min-h-[20px] text-message flex flex-col items-start gap-3 whitespace-pre-wrap break-words [.text-message+&amp;]:mt-5 overflow-x-auto\" data-message-author-role=\"assistant\" data-message-id=\"fe65dc63-ef4e-4547-be1c-4a3d9668b802\">\n<div class=\"markdown prose w-full break-words dark:prose-invert light AIPRM__conversation__response\">\n<p><strong>N\u00edvel fundamental:<\/strong><\/p>\n<ul>\n<li>Encanador (1 vaga);<\/li>\n<li>Eletricista (1 vaga);<\/li>\n<li>Pedreiro (2 vagas);<\/li>\n<li>Auxiliar de servi\u00e7os gerais \u2013 I (50 vagas);<\/li>\n<li>Borracheiro (1 vaga);<\/li>\n<li>Zelador de cemit\u00e9rio (2 vagas);<\/li>\n<li>Auxiliar de servi\u00e7os gerais \u2013 III (50 vagas);<\/li>\n<li>Motorista de ve\u00edculo pesado (15 vagas);<\/li>\n<li>Merendeira (5 vagas);<\/li>\n<li>Monitor de creche (4 vagas);<\/li>\n<li>Mec\u00e2nico (2 vagas);<\/li>\n<li>Pintor (1 vaga);<\/li>\n<li>Vigilante (5 vagas).<\/li>\n<\/ul>\n<p><strong>N\u00edvel m\u00e9dio\/t\u00e9cnico:<\/strong><\/p>\n<ul>\n<li>Auxiliar de consult\u00f3rio dent\u00e1rio (1 vaga);<\/li>\n<li>Almoxarife (2 vagas);<\/li>\n<li>Agente comunit\u00e1rio de sa\u00fade (2 vagas);<\/li>\n<li>Agente de combate \u00e0s endemias (2 vagas);<\/li>\n<li>Executor administrativo \u2013 I (5 vagas);<\/li>\n<li>Executor administrativo \u2013 III (1 vaga);<\/li>\n<li>T\u00e9cnico em seguran\u00e7a do trabalho (1 vaga);<\/li>\n<li>T\u00e9cnico em enfermagem (8 vagas);<\/li>\n<li>T\u00e9cnico em raio-x (8 vagas);<\/li>\n<li>Recepcionista (4 vagas).<\/li>\n<\/ul>\n<p><strong>N\u00edvel superior:<\/strong><\/p>\n<ul>\n<li>Assistente social (2 vagas);<\/li>\n<li>Assistente em administra\u00e7\u00e3o (3 vagas);<\/li>\n<li>Biom\u00e9dico (1 vaga);<\/li>\n<li>Cirurgi\u00e3o dentista PSF (2 vagas);<\/li>\n<li>Cuidador de idoso (3 vagas);<\/li>\n<li>Educador f\u00edsico \u2013 Cras (2 vagas);<\/li>\n<li>Enfermeiro padr\u00e3o \u2013 ESF (1 vaga);<\/li>\n<li>Enfermeiro padr\u00e3o \u2013 Hospital (1 vaga);<\/li>\n<li>Engenheiro ambiental (1 vaga);<\/li>\n<li>Farmac\u00eautico (1 vaga);<\/li>\n<li>Fisioterapeuta (2 vagas);<\/li>\n<li>Fonoaudi\u00f3logo (1 vaga);<\/li>\n<li>Fiscal avaliador (1 vaga);<\/li>\n<li>Fiscal de obras e Postura (1 vaga);<\/li>\n<li>Fiscal de tributos (1 vaga);<\/li>\n<li>Fiscal de Vigil\u00e2ncia Sanit\u00e1ria (1 vaga);<\/li>\n<li>Fiscal de meio ambiente (1 vaga);<\/li>\n<li>Ge\u00f3logo (1 vaga);<\/li>\n<li>Mestre de obras (1 vaga);<\/li>\n<li>M\u00e9dico cl\u00ednico-geral (1 vaga);<\/li>\n<li>M\u00e9dico ginecologista (1 vaga);<\/li>\n<li>M\u00e9dico pediatra (1 vaga);<\/li>\n<li>M\u00e9dico \u2013 ESF (4 vagas);<\/li>\n<li>Nutricionista (2 vagas);<\/li>\n<li>Operador de m\u00e1quinas agr\u00edcolas (2 vagas);<\/li>\n<li>Operador de m\u00e1quinas pesadas (5 vagas);<\/li>\n<li>Orientador social (2 vagas);<\/li>\n<li>Professor PII (10 vagas);<\/li>\n<li>Professor PII \u2013 Ingl\u00eas (1 vaga);<\/li>\n<li>Psic\u00f3logo (2 vagas);<\/li>\n<li>Profissional de apoio educacional superior (4 vagas);<\/li>\n<li>Qu\u00edmico (1 vaga);<\/li>\n<li>Terapeuta ocupacional (1 vaga);<\/li>\n<li>Visitador social (2 vagas).<\/li>\n<\/ul>\n<h2>Etapas e provas<\/h2>\n<p>Os candidatos do concurso da Prefeitura de Vicentin\u00f3polis ter\u00e3o que passar por v\u00e1rias etapas de provas. Veja:<\/p>\n<ul>\n<li>Uma Prova Objetiva para todos os cargos;<\/li>\n<li>Uma Prova Discursiva para os candidatos de n\u00edvel superior;<\/li>\n<li>Uma Avalia\u00e7\u00e3o de T\u00edtulos para os candidatos de n\u00edvel superior; e<\/li>\n<li>Uma Prova Pr\u00e1tica para os cargos de Art\u00edfice.<\/li>\n<\/ul>\n<p>Na Prova Objetiva, todos os candidatos responder\u00e3o a quest\u00f5es de m\u00faltipla escolha, com quatro alternativas (A, B, C, D), sendo apenas uma correta.<\/p>\n<p>Para ser aprovado na Prova Objetiva, os candidatos precisam alcan\u00e7ar pelo menos 60% da maior nota obtida para o cargo ao qual est\u00e3o concorrendo.<\/p>\n<\/div>\n<\/div>\n<\/div>\n<div class=\"mt-1 flex justify-start gap-3 empty:hidden\"><strong>Veja tamb\u00e9m:<\/strong>\u00a0<a href=\"https:\/\/www.pensarcursos.com.br\/blog\/concurso-iprem-mogi-das-cruzes-aberto\/\" target=\"_blank\" rel=\"noopener\">Concurso IPREM Mogi das Cruzes SP: inscri\u00e7\u00f5es abertas hoje (18\/03)!<\/a><\/div>\n<\/div>\n<\/div>\n<\/div>\n<\/div>\n<\/div>\n<\/div>\n<\/div>\n","protected":false},"excerpt":{"rendered":"<p>A banca organizadora do concurso da Prefeitura de Vicentin\u00f3polis, Funvapi, anunciou que o concurso, que havia sido suspenso temporariamente pelo Tribunal de Contas, ser\u00e1 retomado. Agora, as inscri\u00e7\u00f5es podem ser feitas at\u00e9 31 de mar\u00e7o, com taxas variando de R$ 40,80 a R$ 81,60 dependendo do cargo. As provas foram remarcadas para os dias 27 [&hellip;]<\/p>\n","protected":false},"author":16,"featured_media":33496,"comment_status":"open","ping_status":"closed","sticky":false,"template":"","format":"standard","meta":{"jnews-multi-image_gallery":[],"jnews_single_post":[],"jnews_primary_category":[],"jnews_social_meta":[],"jnews_override_counter":[],"footnotes":""},"categories":[29],"tags":[1996,9091,9092],"class_list":["post-33495","post","type-post","status-publish","format-standard","has-post-thumbnail","hentry","category-concursos","tag-concursos-publicos-2024","tag-concursos-publicos-go","tag-concursos-publicos-goias"],"yoast_head":"<!-- This site is optimized with the Yoast SEO Premium plugin v27.5 (Yoast SEO v27.5) - https:\/\/yoast.com\/product\/yoast-seo-premium-wordpress\/ -->\n<title>Concurso Vicentin\u00f3polis\u2013GO: retomado; confira as novas datas - Blog Pensar Cursos<\/title>\n<meta name=\"description\" content=\"A banca organizadora do concurso da Prefeitura de Vicentin\u00f3polis, Funvapi, anunciou que o concurso, que havia sido suspenso temporariamente pelo Tribunal\" \/>\n<meta name=\"robots\" content=\"index, follow, max-snippet:-1, max-image-preview:large, max-video-preview:-1\" \/>\n<link rel=\"canonical\" href=\"https:\/\/www.pensarcursos.com.br\/blog\/concurso-vicentinopolis-go-retomado-confira-as-novas-datas\/\" \/>\n<meta property=\"og:locale\" content=\"pt_BR\" \/>\n<meta property=\"og:type\" content=\"article\" \/>\n<meta property=\"og:title\" content=\"Concurso Vicentin\u00f3polis\u2013GO: retomado; confira as novas datas\" \/>\n<meta property=\"og:description\" content=\"A banca organizadora do concurso da Prefeitura de Vicentin\u00f3polis, Funvapi, anunciou que o concurso, que havia sido suspenso temporariamente pelo Tribunal\" \/>\n<meta property=\"og:url\" content=\"https:\/\/www.pensarcursos.com.br\/blog\/concurso-vicentinopolis-go-retomado-confira-as-novas-datas\/\" \/>\n<meta property=\"og:site_name\" content=\"Blog Pensar Cursos\" \/>\n<meta property=\"article:publisher\" content=\"https:\/\/www.facebook.com\/pensarcursos\/\" \/>\n<meta property=\"article:published_time\" content=\"2024-03-18T19:06:19+00:00\" \/>\n<meta property=\"og:image\" content=\"https:\/\/www.pensarcursos.com.br\/blog\/wp-content\/uploads\/2024\/03\/unnamed-6.jpg\" \/>\n\t<meta property=\"og:image:width\" content=\"500\" \/>\n\t<meta property=\"og:image:height\" content=\"333\" \/>\n\t<meta property=\"og:image:type\" content=\"image\/jpeg\" \/>\n<meta name=\"author\" content=\"Izabella Gramacho\" \/>\n<meta name=\"twitter:card\" content=\"summary_large_image\" \/>\n<meta name=\"twitter:label1\" content=\"Escrito por\" \/>\n\t<meta name=\"twitter:data1\" content=\"Izabella Gramacho\" \/>\n\t<meta name=\"twitter:label2\" content=\"Est. tempo de leitura\" \/>\n\t<meta name=\"twitter:data2\" content=\"3 minutos\" \/>\n<!-- \/ Yoast SEO Premium plugin. -->","yoast_head_json":{"title":"Concurso Vicentin\u00f3polis\u2013GO: retomado; confira as novas datas - Blog Pensar Cursos","description":"A banca organizadora do concurso da Prefeitura de Vicentin\u00f3polis, Funvapi, anunciou que o concurso, que havia sido suspenso temporariamente pelo Tribunal","robots":{"index":"index","follow":"follow","max-snippet":"max-snippet:-1","max-image-preview":"max-image-preview:large","max-video-preview":"max-video-preview:-1"},"canonical":"https:\/\/www.pensarcursos.com.br\/blog\/concurso-vicentinopolis-go-retomado-confira-as-novas-datas\/","og_locale":"pt_BR","og_type":"article","og_title":"Concurso Vicentin\u00f3polis\u2013GO: retomado; confira as novas datas","og_description":"A banca organizadora do concurso da Prefeitura de Vicentin\u00f3polis, Funvapi, anunciou que o concurso, que havia sido suspenso temporariamente pelo Tribunal","og_url":"https:\/\/www.pensarcursos.com.br\/blog\/concurso-vicentinopolis-go-retomado-confira-as-novas-datas\/","og_site_name":"Blog Pensar Cursos","article_publisher":"https:\/\/www.facebook.com\/pensarcursos\/","article_published_time":"2024-03-18T19:06:19+00:00","og_image":[{"width":500,"height":333,"url":"https:\/\/www.pensarcursos.com.br\/blog\/wp-content\/uploads\/2024\/03\/unnamed-6.jpg","type":"image\/jpeg"}],"author":"Izabella Gramacho","twitter_card":"summary_large_image","twitter_misc":{"Escrito por":"Izabella Gramacho","Est. tempo de leitura":"3 minutos"},"schema":{"@context":"https:\/\/schema.org","@graph":[{"@type":["Article","BlogPosting"],"@id":"https:\/\/www.pensarcursos.com.br\/blog\/concurso-vicentinopolis-go-retomado-confira-as-novas-datas\/#article","isPartOf":{"@id":"https:\/\/www.pensarcursos.com.br\/blog\/concurso-vicentinopolis-go-retomado-confira-as-novas-datas\/"},"author":{"name":"Izabella Gramacho","@id":"https:\/\/www.pensarcursos.com.br\/blog\/#\/schema\/person\/cb907c5977b8e9df1f9ce7eedc264ca2"},"headline":"Concurso Vicentin\u00f3polis\u2013GO: retomado; confira as novas datas","datePublished":"2024-03-18T19:06:19+00:00","mainEntityOfPage":{"@id":"https:\/\/www.pensarcursos.com.br\/blog\/concurso-vicentinopolis-go-retomado-confira-as-novas-datas\/"},"wordCount":692,"commentCount":0,"publisher":{"@id":"https:\/\/www.pensarcursos.com.br\/blog\/#organization"},"image":{"@id":"https:\/\/www.pensarcursos.com.br\/blog\/concurso-vicentinopolis-go-retomado-confira-as-novas-datas\/#primaryimage"},"thumbnailUrl":"https:\/\/www.pensarcursos.com.br\/blog\/wp-content\/uploads\/2024\/03\/unnamed-6.jpg","keywords":["Concursos p\u00fablicos 2024","Concursos p\u00fablicos GO","Concursos p\u00fablicos Goi\u00e1s"],"articleSection":["Concursos P\u00fablicos"],"inLanguage":"pt-BR","potentialAction":[{"@type":"CommentAction","name":"Comment","target":["https:\/\/www.pensarcursos.com.br\/blog\/concurso-vicentinopolis-go-retomado-confira-as-novas-datas\/#respond"]}],"copyrightYear":"2024","copyrightHolder":{"@id":"https:\/\/www.pensarcursos.com.br\/blog\/#organization"}},{"@type":"WebPage","@id":"https:\/\/www.pensarcursos.com.br\/blog\/concurso-vicentinopolis-go-retomado-confira-as-novas-datas\/","url":"https:\/\/www.pensarcursos.com.br\/blog\/concurso-vicentinopolis-go-retomado-confira-as-novas-datas\/","name":"Concurso Vicentin\u00f3polis\u2013GO: retomado; confira as novas datas - Blog Pensar Cursos","isPartOf":{"@id":"https:\/\/www.pensarcursos.com.br\/blog\/#website"},"primaryImageOfPage":{"@id":"https:\/\/www.pensarcursos.com.br\/blog\/concurso-vicentinopolis-go-retomado-confira-as-novas-datas\/#primaryimage"},"image":{"@id":"https:\/\/www.pensarcursos.com.br\/blog\/concurso-vicentinopolis-go-retomado-confira-as-novas-datas\/#primaryimage"},"thumbnailUrl":"https:\/\/www.pensarcursos.com.br\/blog\/wp-content\/uploads\/2024\/03\/unnamed-6.jpg","datePublished":"2024-03-18T19:06:19+00:00","description":"A banca organizadora do concurso da Prefeitura de Vicentin\u00f3polis, Funvapi, anunciou que o concurso, que havia sido suspenso temporariamente pelo Tribunal","breadcrumb":{"@id":"https:\/\/www.pensarcursos.com.br\/blog\/concurso-vicentinopolis-go-retomado-confira-as-novas-datas\/#breadcrumb"},"inLanguage":"pt-BR","potentialAction":[{"@type":"ReadAction","target":["https:\/\/www.pensarcursos.com.br\/blog\/concurso-vicentinopolis-go-retomado-confira-as-novas-datas\/"]}]},{"@type":"ImageObject","inLanguage":"pt-BR","@id":"https:\/\/www.pensarcursos.com.br\/blog\/concurso-vicentinopolis-go-retomado-confira-as-novas-datas\/#primaryimage","url":"https:\/\/www.pensarcursos.com.br\/blog\/wp-content\/uploads\/2024\/03\/unnamed-6.jpg","contentUrl":"https:\/\/www.pensarcursos.com.br\/blog\/wp-content\/uploads\/2024\/03\/unnamed-6.jpg","width":500,"height":333,"caption":"A empresa respons\u00e1vel pelo concurso da Prefeitura de Vicentin\u00f3polis, a Funvapi, informou que o concurso ser\u00e1 retomado. Imagem: Site Cidades de Goi\u00e1s."},{"@type":"BreadcrumbList","@id":"https:\/\/www.pensarcursos.com.br\/blog\/concurso-vicentinopolis-go-retomado-confira-as-novas-datas\/#breadcrumb","itemListElement":[{"@type":"ListItem","position":1,"name":"Home","item":"https:\/\/www.pensarcursos.com.br\/blog\/"},{"@type":"ListItem","position":2,"name":"Concurso Vicentin\u00f3polis\u2013GO: retomado; confira as novas datas"}]},{"@type":"WebSite","@id":"https:\/\/www.pensarcursos.com.br\/blog\/#website","url":"https:\/\/www.pensarcursos.com.br\/blog\/","name":"Blog Pensar Cursos","description":"Maior Site de Cursos do Brasil","publisher":{"@id":"https:\/\/www.pensarcursos.com.br\/blog\/#organization"},"alternateName":"Blog Pensar","potentialAction":[{"@type":"SearchAction","target":{"@type":"EntryPoint","urlTemplate":"https:\/\/www.pensarcursos.com.br\/blog\/?s={search_term_string}"},"query-input":{"@type":"PropertyValueSpecification","valueRequired":true,"valueName":"search_term_string"}}],"inLanguage":"pt-BR"},{"@type":"Organization","@id":"https:\/\/www.pensarcursos.com.br\/blog\/#organization","name":"Pensar Cursos","alternateName":"Blog pensar","url":"https:\/\/www.pensarcursos.com.br\/blog\/","logo":{"@type":"ImageObject","inLanguage":"pt-BR","@id":"https:\/\/www.pensarcursos.com.br\/blog\/#\/schema\/logo\/image\/","url":"https:\/\/www.pensarcursos.com.br\/blog\/wp-content\/uploads\/2023\/11\/Nova-Logo-Pensar-Cursos-vertical.png","contentUrl":"https:\/\/www.pensarcursos.com.br\/blog\/wp-content\/uploads\/2023\/11\/Nova-Logo-Pensar-Cursos-vertical.png","width":1393,"height":1001,"caption":"Pensar Cursos"},"image":{"@id":"https:\/\/www.pensarcursos.com.br\/blog\/#\/schema\/logo\/image\/"},"sameAs":["https:\/\/www.facebook.com\/pensarcursos\/","https:\/\/instagram.com.br\/pensarcursos"],"description":"Pensar Cursos \u00e9 uma empresa especializada em oferecer cursos de alta qualidade voltados para o desenvolvimento profissional e acad\u00eamico. Com uma ampla gama de op\u00e7\u00f5es de treinamento, oferecemos conte\u00fados atualizados, ministrados por especialistas da \u00e1rea, para capacitar indiv\u00edduos e equipes a atingirem seus objetivos. Nossa miss\u00e3o \u00e9 proporcionar uma educa\u00e7\u00e3o transformadora, acess\u00edvel e personalizada para cada aluno, seja em cursos presenciais ou online. Com uma abordagem inovadora, buscamos adaptar os nossos programas de ensino \u00e0s necessidades do mercado, criando solu\u00e7\u00f5es que atendem aos desafios e exig\u00eancias do mundo corporativo e acad\u00eamico. Nossos cursos incluem desde forma\u00e7\u00f5es t\u00e9cnicas at\u00e9 habilidades essenciais, como lideran\u00e7a, gest\u00e3o e desenvolvimento pessoal.","email":"contato@pensarcursos.com.br","legalName":"Sena Servi\u00e7os de Informa\u00e7\u00e3o Online LTDA","foundingDate":"2013-04-18","vatID":"17956217000172","numberOfEmployees":{"@type":"QuantitativeValue","minValue":"11","maxValue":"50"},"publishingPrinciples":"https:\/\/www.pensarcursos.com.br\/blog\/principios-de-publicacao\/","ownershipFundingInfo":"https:\/\/www.pensarcursos.com.br\/blog\/informacoes-de-propriedade-financiamento\/","actionableFeedbackPolicy":"https:\/\/www.pensarcursos.com.br\/blog\/politica-de-feedback-acionavel\/","correctionsPolicy":"https:\/\/www.pensarcursos.com.br\/blog\/politica-de-correcoes\/","ethicsPolicy":"https:\/\/www.pensarcursos.com.br\/blog\/politica-de-etica\/"},{"@type":"Person","@id":"https:\/\/www.pensarcursos.com.br\/blog\/#\/schema\/person\/cb907c5977b8e9df1f9ce7eedc264ca2","name":"Izabella Gramacho","image":{"@type":"ImageObject","inLanguage":"pt-BR","@id":"https:\/\/secure.gravatar.com\/avatar\/4aac9b6a6a01eb58347710cf0789eb83b550341720657f85680220cf153a9e44?s=96&d=mm&r=g","url":"https:\/\/secure.gravatar.com\/avatar\/4aac9b6a6a01eb58347710cf0789eb83b550341720657f85680220cf153a9e44?s=96&d=mm&r=g","contentUrl":"https:\/\/secure.gravatar.com\/avatar\/4aac9b6a6a01eb58347710cf0789eb83b550341720657f85680220cf153a9e44?s=96&d=mm&r=g","caption":"Izabella Gramacho"},"description":"Graduada em Letras - licenciatura em portugu\u00eas\/ingl\u00eas pelo Centro Universit\u00e1rio de Belo Horizonte (UNIBH).","url":"https:\/\/www.pensarcursos.com.br\/blog\/author\/izabella\/"}]}},"_links":{"self":[{"href":"https:\/\/www.pensarcursos.com.br\/blog\/wp-json\/wp\/v2\/posts\/33495","targetHints":{"allow":["GET"]}}],"collection":[{"href":"https:\/\/www.pensarcursos.com.br\/blog\/wp-json\/wp\/v2\/posts"}],"about":[{"href":"https:\/\/www.pensarcursos.com.br\/blog\/wp-json\/wp\/v2\/types\/post"}],"author":[{"embeddable":true,"href":"https:\/\/www.pensarcursos.com.br\/blog\/wp-json\/wp\/v2\/users\/16"}],"replies":[{"embeddable":true,"href":"https:\/\/www.pensarcursos.com.br\/blog\/wp-json\/wp\/v2\/comments?post=33495"}],"version-history":[{"count":0,"href":"https:\/\/www.pensarcursos.com.br\/blog\/wp-json\/wp\/v2\/posts\/33495\/revisions"}],"wp:featuredmedia":[{"embeddable":true,"href":"https:\/\/www.pensarcursos.com.br\/blog\/wp-json\/wp\/v2\/media\/33496"}],"wp:attachment":[{"href":"https:\/\/www.pensarcursos.com.br\/blog\/wp-json\/wp\/v2\/media?parent=33495"}],"wp:term":[{"taxonomy":"category","embeddable":true,"href":"https:\/\/www.pensarcursos.com.br\/blog\/wp-json\/wp\/v2\/categories?post=33495"},{"taxonomy":"post_tag","embeddable":true,"href":"https:\/\/www.pensarcursos.com.br\/blog\/wp-json\/wp\/v2\/tags?post=33495"}],"curies":[{"name":"wp","href":"https:\/\/api.w.org\/{rel}","templated":true}]}}