{"id":28519,"date":"2024-02-21T10:15:02","date_gmt":"2024-02-21T13:15:02","guid":{"rendered":"https:\/\/www.pensarcursos.com.br\/blog\/?p=28519"},"modified":"2024-02-21T10:15:02","modified_gmt":"2024-02-21T13:15:02","slug":"deixe-sua-forca-interior-crescer-com-a-uniao-de-marte-e-plutao","status":"publish","type":"post","link":"https:\/\/www.pensarcursos.com.br\/blog\/deixe-sua-forca-interior-crescer-com-a-uniao-de-marte-e-plutao\/","title":{"rendered":"Deixe sua for\u00e7a interior crescer com a uni\u00e3o de Marte e Plut\u00e3o"},"content":{"rendered":"<p>No vasto universo da astrologia, poucos eventos celestes capturam nossa imagina\u00e7\u00e3o e influenciam nossas vidas como a <a href=\"https:\/\/www.pensarcursos.com.br\/blog\/voce-tem-o-poder-de-transformar-sua-vida-agora-aproveite-a-uniao-de-marte-e-plutao\/\">conjun\u00e7\u00e3o de Marte e Plut\u00e3o<\/a>.<\/p>\n<p>Este fen\u00f4meno raro, ocorrendo no dia 14 de fevereiro, n\u00e3o \u00e9 apenas um presente c\u00f3smico de Valentim, mas um convite para despertar nossa for\u00e7a interior. Ent\u00e3o, como podemos aproveitar essa energia potente para crescer interiormente?<\/p>\n<p>Vamos mergulhar nesse mist\u00e9rio c\u00f3smico, desvendando dicas pr\u00e1ticas para fortalecer nosso n\u00facleo espiritual e emocional sob a influ\u00eancia dessa uni\u00e3o poderosa.<\/p>\n<h2>Entendendo a conjuntura c\u00f3smica<\/h2>\n<p>Antes de tudo, vamos decifrar <strong>o que essa conjun\u00e7\u00e3o significa<\/strong>. Marte, o planeta da a\u00e7\u00e3o, da energia e do desejo, encontra-se com Plut\u00e3o, o regente da transforma\u00e7\u00e3o, do renascimento e do poder.<\/p>\n<p>Quando essas for\u00e7as se alinham, \u00e9 como se o universo nos desse uma chave mestra para acessar reservat\u00f3rios inexplorados de energia e determina\u00e7\u00e3o. Mas, cuidado: essa energia pode ser tanto construtiva quanto destrutiva. A chave \u00e9 canaliz\u00e1-la positivamente.<\/p>\n<h2>Como deixar sua for\u00e7a interior crescer com Marte em Plut\u00e3o?<\/h2>\n<h3>Reconhe\u00e7a e aceite sua sombra<\/h3>\n<p>Em vez de temer o lado sombrio que todos n\u00f3s temos (sim, at\u00e9 voc\u00ea, querido Libra, com sua eterna diplomacia), a conjun\u00e7\u00e3o de Marte e Plut\u00e3o nos convida a reconhec\u00ea-lo e aceit\u00e1-lo. Isso n\u00e3o significa render-se a impulsos negativos, mas sim entender que nossa sombra faz parte de nosso ser.<\/p>\n<p>Integrar essa sombra pode ser o primeiro passo para uma transforma\u00e7\u00e3o poderosa e o crescimento da nossa for\u00e7a interior.<\/p>\n<h3>Canalize a energia de conflito<\/h3>\n<p>Com Marte jogando no mix, \u00e9 natural que conflitos surjam. Mas, ao inv\u00e9s de escolher o campo de batalha, por que n\u00e3o canalizar essa energia para algo construtivo? Se a energia de conflito est\u00e1 fervilhando dentro de voc\u00ea, considere coloc\u00e1-la para fora atrav\u00e9s de atividades f\u00edsicas intensas ou projetos apaixonados. Transforme o fogo interno em combust\u00edvel para a sua evolu\u00e7\u00e3o pessoal.<\/p>\n<h3>Transforme e regenere<\/h3>\n<p>Plut\u00e3o nos ensina sobre o ciclo da morte e renascimento. Assim, este \u00e9 o momento perfeito para se desapegar do que n\u00e3o serve mais e abra\u00e7ar a regenera\u00e7\u00e3o. Pergunte a si mesmo: &#8220;O que em minha vida precisa de uma transforma\u00e7\u00e3o radical?&#8221;<\/p>\n<p>Seja um h\u00e1bito, um relacionamento ou uma cren\u00e7a limitante, use a for\u00e7a interior crescer com a uni\u00e3o de Marte e Plut\u00e3o para liberar o velho e dar as boas-vindas ao novo.<\/p>\n<h3>Fortale\u00e7a sua vontade<\/h3>\n<p>A uni\u00e3o de Marte e Plut\u00e3o \u00e9 um terreno f\u00e9rtil para fortalecer nossa vontade e determina\u00e7\u00e3o. Estabele\u00e7a metas claras e desafie-se a alcan\u00e7\u00e1-las. Lembre-se, a for\u00e7a de vontade \u00e9 como um m\u00fasculo: quanto mais voc\u00ea a usa, mais forte ela se torna.<\/p>\n<p>Use essa conjun\u00e7\u00e3o como um catalisador para transformar sonhos em realidade.<\/p>\n<h3>Medita\u00e7\u00e3o e reflex\u00e3o<\/h3>\n<p>Finalmente, n\u00e3o subestime o poder da medita\u00e7\u00e3o e da reflex\u00e3o durante este per\u00edodo. Dedique um tempo para se conectar com seu eu interior, permitindo que a for\u00e7a interior cres\u00e7a com a uni\u00e3o de Marte e Plut\u00e3o.<\/p>\n<p>A medita\u00e7\u00e3o pode ajudar a acalmar a mente turbulenta e a focar naquilo que \u00e9 verdadeiramente importante para sua evolu\u00e7\u00e3o pessoal.<\/p>\n<h2>Como cada signo pode aproveitar essa conjun\u00e7\u00e3o?<\/h2>\n<ul>\n<li><a href=\"https:\/\/www.pensarcursos.com.br\/blog\/guia-completo-sobre-aries-caracteristicas-personalidade-e-amor\/\"><strong>\u00c1ries<\/strong><\/a>: Com Marte como seu regente, voc\u00ea j\u00e1 \u00e9 amigo da energia. Mas cuidado para n\u00e3o explodir; nem todo mundo gosta de fogos de artif\u00edcio.<\/li>\n<li><a href=\"https:\/\/www.pensarcursos.com.br\/blog\/guia-completo-sobre-touro-caracteristicas-personalidade-e-amor\/\"><strong>Touro<\/strong><\/a>: Plut\u00e3o est\u00e1 desafiando voc\u00ea a mudar, mesmo que mudar o canal da TV j\u00e1 seja um grande passo.<\/li>\n<li><a href=\"https:\/\/www.pensarcursos.com.br\/blog\/guia-completo-de-gemeos-caracteristicas-personalidade-e-amor\/\"><strong>G\u00eameos<\/strong><\/a>: Suas mil personalidades est\u00e3o prontas para o desafio. Escolha uma (ou duas) e v\u00e1 \u00e0 luta!<\/li>\n<li><a href=\"https:\/\/www.pensarcursos.com.br\/blog\/guia-completo-sobre-cancer-caracteristicas-personalidade-e-amor\/\"><strong>C\u00e2ncer<\/strong><\/a>: Hora de sair da carapa\u00e7a e enfrentar o mundo. Mas pode levar seu cobertor favorito, se precisar.<\/li>\n<li><a href=\"https:\/\/www.pensarcursos.com.br\/blog\/guia-completo-de-leao-caracteristicas-personalidade-e-amor\/\"><strong>Le\u00e3o<\/strong><\/a>: O universo \u00e9 seu palco, e essa conjun\u00e7\u00e3o \u00e9 seu holofote. Apenas lembre-se de que outros tamb\u00e9m merecem um pouco de luz.<\/li>\n<li><a href=\"https:\/\/www.pensarcursos.com.br\/blog\/guia-completo-sobre-virgem-caracteristicas-personalidade-e-amor\/\"><strong>Virgem<\/strong><\/a>: Analisar essa conjun\u00e7\u00e3o pode ser divertido, mas viver ela ser\u00e1 ainda mais. Permita-se sentir!<\/li>\n<li><a href=\"https:\/\/www.pensarcursos.com.br\/blog\/guia-completo-sobre-libra\/\"><strong>Libra<\/strong><\/a>: Equilibrar essa energia ser\u00e1 um desafio, mas voc\u00ea adora um bom desafio&#8230; desde que n\u00e3o desequilibre sua harmonia.<\/li>\n<li><a href=\"https:\/\/www.pensarcursos.com.br\/blog\/guia-completo-de-escorpiao-caracteristicas-personalidade-e-amor\/\"><strong>Escorpi\u00e3o<\/strong><\/a>: Plut\u00e3o \u00e9 seu planeta, ent\u00e3o voc\u00ea est\u00e1 no comando. Apenas tente n\u00e3o dominar o mundo (por enquanto).<\/li>\n<li><a href=\"https:\/\/www.pensarcursos.com.br\/blog\/guia-completo-de-sagitario-caracteristicas-personalidade-e-amor\/\"><strong>Sagit\u00e1rio<\/strong><\/a>: Suas aventuras podem ganhar um novo significado. Apenas certifique-se de que n\u00e3o est\u00e1 fugindo de si mesmo.<\/li>\n<li><a href=\"https:\/\/www.pensarcursos.com.br\/blog\/capricornio-conheca-o-signo-e-suas-principais-caracteristicas\/\"><strong>Capric\u00f3rnio<\/strong><\/a>: \u00c9 hora de usar essa energia para subir ainda mais alto. Apenas n\u00e3o esque\u00e7a de aproveitar a vista.<\/li>\n<li><a href=\"https:\/\/www.pensarcursos.com.br\/blog\/aquario-conheca-o-signo-e-suas-principais-caracteristicas\/\"><strong>Aqu\u00e1rio<\/strong><\/a>: Uma \u00f3tima oportunidade para iniciar uma revolu\u00e7\u00e3o. Ou talvez apenas revolucionar sua vida.<\/li>\n<li><a href=\"https:\/\/www.pensarcursos.com.br\/blog\/guia-completo-sobre-peixes-caracteristicas-personalidade-e-amor\/\"><strong>Peixes<\/strong><\/a>: Deixe a correnteza te levar, mas mantenha um olho aberto para n\u00e3o bater em nenhum rochedo.<\/li>\n<\/ul>\n<p>Enfim, a <strong>uni\u00e3o de Marte e Plut\u00e3o<\/strong> \u00e9 uma poderosa alavanca c\u00f3smica para o crescimento pessoal e transforma\u00e7\u00e3o.<\/p>\n<p>Ao abra\u00e7ar essa energia, reconhecendo nossas sombras, canalizando conflitos de forma construtiva, nos desapegando do que n\u00e3o serve, fortalecendo nossa vontade e refletindo sobre nosso caminho, podemos verdadeiramente deixar nossa for\u00e7a interior crescer.<\/p>\n<p>Lembre-se, o universo sempre conspira a nosso favor, mesmo quando nos desafia. Portanto, abrace essa conjun\u00e7\u00e3o como uma oportunidade de ouro para evoluir e transformar-se. A jornada c\u00f3smica apenas come\u00e7ou!<\/p>\n","protected":false},"excerpt":{"rendered":"<p>No vasto universo da astrologia, poucos eventos celestes capturam nossa imagina\u00e7\u00e3o e influenciam nossas vidas como a conjun\u00e7\u00e3o de Marte e Plut\u00e3o. Este fen\u00f4meno raro, ocorrendo no dia 14 de fevereiro, n\u00e3o \u00e9 apenas um presente c\u00f3smico de Valentim, mas um convite para despertar nossa for\u00e7a interior. Ent\u00e3o, como podemos aproveitar essa energia potente para [&hellip;]<\/p>\n","protected":false},"author":28,"featured_media":28523,"comment_status":"open","ping_status":"closed","sticky":false,"template":"","format":"standard","meta":{"jnews-multi-image_gallery":[],"jnews_single_post":[],"jnews_primary_category":[],"jnews_social_meta":[],"jnews_override_counter":[],"footnotes":""},"categories":[3525],"tags":[11432,7830,11431,11434,11433,11429,11427,11430,11428,11426],"class_list":["post-28519","post","type-post","status-publish","format-standard","has-post-thumbnail","hentry","category-horoscopo","tag-astrologia-e-autoconfianca","tag-crescimento-pessoal","tag-desenvolvimento-de-resiliencia","tag-dinamica-de-transformacao","tag-empoderamento-pessoal","tag-energias-de-marte-e-plutao","tag-forca-interior","tag-superacao-e-coragem","tag-transformacao-e-poder","tag-uniao-de-marte-e-plutao"],"yoast_head":"<!-- This site is optimized with the Yoast SEO Premium plugin v27.5 (Yoast SEO v27.5) - https:\/\/yoast.com\/product\/yoast-seo-premium-wordpress\/ -->\n<title>Deixe sua for\u00e7a interior crescer com a uni\u00e3o de Marte e Plut\u00e3o - Blog Pensar Cursos<\/title>\n<meta name=\"description\" content=\"No vasto universo da astrologia, poucos eventos celestes capturam nossa imagina\u00e7\u00e3o e influenciam nossas vidas como a conjun\u00e7\u00e3o de Marte e Plut\u00e3o. Este\" \/>\n<meta name=\"robots\" content=\"index, follow, max-snippet:-1, max-image-preview:large, max-video-preview:-1\" \/>\n<link rel=\"canonical\" href=\"https:\/\/www.pensarcursos.com.br\/blog\/deixe-sua-forca-interior-crescer-com-a-uniao-de-marte-e-plutao\/\" \/>\n<meta property=\"og:locale\" content=\"pt_BR\" \/>\n<meta property=\"og:type\" content=\"article\" \/>\n<meta property=\"og:title\" content=\"Deixe sua for\u00e7a interior crescer com a uni\u00e3o de Marte e Plut\u00e3o\" \/>\n<meta property=\"og:description\" content=\"No vasto universo da astrologia, poucos eventos celestes capturam nossa imagina\u00e7\u00e3o e influenciam nossas vidas como a conjun\u00e7\u00e3o de Marte e Plut\u00e3o. Este\" \/>\n<meta property=\"og:url\" content=\"https:\/\/www.pensarcursos.com.br\/blog\/deixe-sua-forca-interior-crescer-com-a-uniao-de-marte-e-plutao\/\" \/>\n<meta property=\"og:site_name\" content=\"Blog Pensar Cursos\" \/>\n<meta property=\"article:publisher\" content=\"https:\/\/www.facebook.com\/pensarcursos\/\" \/>\n<meta property=\"article:published_time\" content=\"2024-02-21T13:15:02+00:00\" \/>\n<meta property=\"og:image\" content=\"https:\/\/www.pensarcursos.com.br\/blog\/wp-content\/uploads\/2024\/02\/Deixe-sua-forca-interior-crescer-com-a-uniao-de-Marte-e-Plutao.jpg\" \/>\n\t<meta property=\"og:image:width\" content=\"1000\" \/>\n\t<meta property=\"og:image:height\" content=\"700\" \/>\n\t<meta property=\"og:image:type\" content=\"image\/jpeg\" \/>\n<meta name=\"author\" content=\"Gabriella Gonzalez\" \/>\n<meta name=\"twitter:card\" content=\"summary_large_image\" \/>\n<meta name=\"twitter:label1\" content=\"Escrito por\" \/>\n\t<meta name=\"twitter:data1\" content=\"Gabriella Gonzalez\" \/>\n\t<meta name=\"twitter:label2\" content=\"Est. tempo de leitura\" \/>\n\t<meta name=\"twitter:data2\" content=\"4 minutos\" \/>\n<!-- \/ Yoast SEO Premium plugin. -->","yoast_head_json":{"title":"Deixe sua for\u00e7a interior crescer com a uni\u00e3o de Marte e Plut\u00e3o - Blog Pensar Cursos","description":"No vasto universo da astrologia, poucos eventos celestes capturam nossa imagina\u00e7\u00e3o e influenciam nossas vidas como a conjun\u00e7\u00e3o de Marte e Plut\u00e3o. Este","robots":{"index":"index","follow":"follow","max-snippet":"max-snippet:-1","max-image-preview":"max-image-preview:large","max-video-preview":"max-video-preview:-1"},"canonical":"https:\/\/www.pensarcursos.com.br\/blog\/deixe-sua-forca-interior-crescer-com-a-uniao-de-marte-e-plutao\/","og_locale":"pt_BR","og_type":"article","og_title":"Deixe sua for\u00e7a interior crescer com a uni\u00e3o de Marte e Plut\u00e3o","og_description":"No vasto universo da astrologia, poucos eventos celestes capturam nossa imagina\u00e7\u00e3o e influenciam nossas vidas como a conjun\u00e7\u00e3o de Marte e Plut\u00e3o. Este","og_url":"https:\/\/www.pensarcursos.com.br\/blog\/deixe-sua-forca-interior-crescer-com-a-uniao-de-marte-e-plutao\/","og_site_name":"Blog Pensar Cursos","article_publisher":"https:\/\/www.facebook.com\/pensarcursos\/","article_published_time":"2024-02-21T13:15:02+00:00","og_image":[{"width":1000,"height":700,"url":"https:\/\/www.pensarcursos.com.br\/blog\/wp-content\/uploads\/2024\/02\/Deixe-sua-forca-interior-crescer-com-a-uniao-de-Marte-e-Plutao.jpg","type":"image\/jpeg"}],"author":"Gabriella Gonzalez","twitter_card":"summary_large_image","twitter_misc":{"Escrito por":"Gabriella Gonzalez","Est. tempo de leitura":"4 minutos"},"schema":{"@context":"https:\/\/schema.org","@graph":[{"@type":["Article","BlogPosting"],"@id":"https:\/\/www.pensarcursos.com.br\/blog\/deixe-sua-forca-interior-crescer-com-a-uniao-de-marte-e-plutao\/#article","isPartOf":{"@id":"https:\/\/www.pensarcursos.com.br\/blog\/deixe-sua-forca-interior-crescer-com-a-uniao-de-marte-e-plutao\/"},"author":{"name":"Gabriella Gonzalez","@id":"https:\/\/www.pensarcursos.com.br\/blog\/#\/schema\/person\/3f07febf24dfe7e92d8422f05b91093b"},"headline":"Deixe sua for\u00e7a interior crescer com a uni\u00e3o de Marte e Plut\u00e3o","datePublished":"2024-02-21T13:15:02+00:00","mainEntityOfPage":{"@id":"https:\/\/www.pensarcursos.com.br\/blog\/deixe-sua-forca-interior-crescer-com-a-uniao-de-marte-e-plutao\/"},"wordCount":911,"commentCount":0,"publisher":{"@id":"https:\/\/www.pensarcursos.com.br\/blog\/#organization"},"image":{"@id":"https:\/\/www.pensarcursos.com.br\/blog\/deixe-sua-forca-interior-crescer-com-a-uniao-de-marte-e-plutao\/#primaryimage"},"thumbnailUrl":"https:\/\/www.pensarcursos.com.br\/blog\/wp-content\/uploads\/2024\/02\/Deixe-sua-forca-interior-crescer-com-a-uniao-de-Marte-e-Plutao.jpg","keywords":["astrologia e autoconfian\u00e7a","crescimento pessoal","desenvolvimento de resili\u00eancia","din\u00e2mica de transforma\u00e7\u00e3o","empoderamento pessoal","energias de Marte e Plut\u00e3o","for\u00e7a interior","supera\u00e7\u00e3o e coragem","transforma\u00e7\u00e3o e poder","uni\u00e3o de Marte e Plut\u00e3o"],"articleSection":["Hor\u00f3scopo"],"inLanguage":"pt-BR","potentialAction":[{"@type":"CommentAction","name":"Comment","target":["https:\/\/www.pensarcursos.com.br\/blog\/deixe-sua-forca-interior-crescer-com-a-uniao-de-marte-e-plutao\/#respond"]}],"copyrightYear":"2024","copyrightHolder":{"@id":"https:\/\/www.pensarcursos.com.br\/blog\/#organization"}},{"@type":"WebPage","@id":"https:\/\/www.pensarcursos.com.br\/blog\/deixe-sua-forca-interior-crescer-com-a-uniao-de-marte-e-plutao\/","url":"https:\/\/www.pensarcursos.com.br\/blog\/deixe-sua-forca-interior-crescer-com-a-uniao-de-marte-e-plutao\/","name":"Deixe sua for\u00e7a interior crescer com a uni\u00e3o de Marte e Plut\u00e3o - Blog Pensar Cursos","isPartOf":{"@id":"https:\/\/www.pensarcursos.com.br\/blog\/#website"},"primaryImageOfPage":{"@id":"https:\/\/www.pensarcursos.com.br\/blog\/deixe-sua-forca-interior-crescer-com-a-uniao-de-marte-e-plutao\/#primaryimage"},"image":{"@id":"https:\/\/www.pensarcursos.com.br\/blog\/deixe-sua-forca-interior-crescer-com-a-uniao-de-marte-e-plutao\/#primaryimage"},"thumbnailUrl":"https:\/\/www.pensarcursos.com.br\/blog\/wp-content\/uploads\/2024\/02\/Deixe-sua-forca-interior-crescer-com-a-uniao-de-Marte-e-Plutao.jpg","datePublished":"2024-02-21T13:15:02+00:00","description":"No vasto universo da astrologia, poucos eventos celestes capturam nossa imagina\u00e7\u00e3o e influenciam nossas vidas como a conjun\u00e7\u00e3o de Marte e Plut\u00e3o. Este","breadcrumb":{"@id":"https:\/\/www.pensarcursos.com.br\/blog\/deixe-sua-forca-interior-crescer-com-a-uniao-de-marte-e-plutao\/#breadcrumb"},"inLanguage":"pt-BR","potentialAction":[{"@type":"ReadAction","target":["https:\/\/www.pensarcursos.com.br\/blog\/deixe-sua-forca-interior-crescer-com-a-uniao-de-marte-e-plutao\/"]}]},{"@type":"ImageObject","inLanguage":"pt-BR","@id":"https:\/\/www.pensarcursos.com.br\/blog\/deixe-sua-forca-interior-crescer-com-a-uniao-de-marte-e-plutao\/#primaryimage","url":"https:\/\/www.pensarcursos.com.br\/blog\/wp-content\/uploads\/2024\/02\/Deixe-sua-forca-interior-crescer-com-a-uniao-de-Marte-e-Plutao.jpg","contentUrl":"https:\/\/www.pensarcursos.com.br\/blog\/wp-content\/uploads\/2024\/02\/Deixe-sua-forca-interior-crescer-com-a-uniao-de-Marte-e-Plutao.jpg","width":1000,"height":700,"caption":"Deixe sua for\u00e7a interior crescer com a uni\u00e3o de Marte e Plut\u00e3o"},{"@type":"BreadcrumbList","@id":"https:\/\/www.pensarcursos.com.br\/blog\/deixe-sua-forca-interior-crescer-com-a-uniao-de-marte-e-plutao\/#breadcrumb","itemListElement":[{"@type":"ListItem","position":1,"name":"Home","item":"https:\/\/www.pensarcursos.com.br\/blog\/"},{"@type":"ListItem","position":2,"name":"Deixe sua for\u00e7a interior crescer com a uni\u00e3o de Marte e Plut\u00e3o"}]},{"@type":"WebSite","@id":"https:\/\/www.pensarcursos.com.br\/blog\/#website","url":"https:\/\/www.pensarcursos.com.br\/blog\/","name":"Blog Pensar Cursos","description":"Maior Site de Cursos do Brasil","publisher":{"@id":"https:\/\/www.pensarcursos.com.br\/blog\/#organization"},"alternateName":"Blog Pensar","potentialAction":[{"@type":"SearchAction","target":{"@type":"EntryPoint","urlTemplate":"https:\/\/www.pensarcursos.com.br\/blog\/?s={search_term_string}"},"query-input":{"@type":"PropertyValueSpecification","valueRequired":true,"valueName":"search_term_string"}}],"inLanguage":"pt-BR"},{"@type":"Organization","@id":"https:\/\/www.pensarcursos.com.br\/blog\/#organization","name":"Pensar Cursos","alternateName":"Blog pensar","url":"https:\/\/www.pensarcursos.com.br\/blog\/","logo":{"@type":"ImageObject","inLanguage":"pt-BR","@id":"https:\/\/www.pensarcursos.com.br\/blog\/#\/schema\/logo\/image\/","url":"https:\/\/www.pensarcursos.com.br\/blog\/wp-content\/uploads\/2023\/11\/Nova-Logo-Pensar-Cursos-vertical.png","contentUrl":"https:\/\/www.pensarcursos.com.br\/blog\/wp-content\/uploads\/2023\/11\/Nova-Logo-Pensar-Cursos-vertical.png","width":1393,"height":1001,"caption":"Pensar Cursos"},"image":{"@id":"https:\/\/www.pensarcursos.com.br\/blog\/#\/schema\/logo\/image\/"},"sameAs":["https:\/\/www.facebook.com\/pensarcursos\/","https:\/\/instagram.com.br\/pensarcursos"],"description":"Pensar Cursos \u00e9 uma empresa especializada em oferecer cursos de alta qualidade voltados para o desenvolvimento profissional e acad\u00eamico. Com uma ampla gama de op\u00e7\u00f5es de treinamento, oferecemos conte\u00fados atualizados, ministrados por especialistas da \u00e1rea, para capacitar indiv\u00edduos e equipes a atingirem seus objetivos. Nossa miss\u00e3o \u00e9 proporcionar uma educa\u00e7\u00e3o transformadora, acess\u00edvel e personalizada para cada aluno, seja em cursos presenciais ou online. Com uma abordagem inovadora, buscamos adaptar os nossos programas de ensino \u00e0s necessidades do mercado, criando solu\u00e7\u00f5es que atendem aos desafios e exig\u00eancias do mundo corporativo e acad\u00eamico. Nossos cursos incluem desde forma\u00e7\u00f5es t\u00e9cnicas at\u00e9 habilidades essenciais, como lideran\u00e7a, gest\u00e3o e desenvolvimento pessoal.","email":"contato@pensarcursos.com.br","legalName":"Sena Servi\u00e7os de Informa\u00e7\u00e3o Online LTDA","foundingDate":"2013-04-18","vatID":"17956217000172","numberOfEmployees":{"@type":"QuantitativeValue","minValue":"11","maxValue":"50"},"publishingPrinciples":"https:\/\/www.pensarcursos.com.br\/blog\/principios-de-publicacao\/","ownershipFundingInfo":"https:\/\/www.pensarcursos.com.br\/blog\/informacoes-de-propriedade-financiamento\/","actionableFeedbackPolicy":"https:\/\/www.pensarcursos.com.br\/blog\/politica-de-feedback-acionavel\/","correctionsPolicy":"https:\/\/www.pensarcursos.com.br\/blog\/politica-de-correcoes\/","ethicsPolicy":"https:\/\/www.pensarcursos.com.br\/blog\/politica-de-etica\/"},{"@type":"Person","@id":"https:\/\/www.pensarcursos.com.br\/blog\/#\/schema\/person\/3f07febf24dfe7e92d8422f05b91093b","name":"Gabriella Gonzalez","image":{"@type":"ImageObject","inLanguage":"pt-BR","@id":"https:\/\/secure.gravatar.com\/avatar\/3ef5b6aa6979bdbd215a7f71dcaee2cd1c1d4238963e41987c5068ab63f7f8f1?s=96&d=mm&r=g","url":"https:\/\/secure.gravatar.com\/avatar\/3ef5b6aa6979bdbd215a7f71dcaee2cd1c1d4238963e41987c5068ab63f7f8f1?s=96&d=mm&r=g","contentUrl":"https:\/\/secure.gravatar.com\/avatar\/3ef5b6aa6979bdbd215a7f71dcaee2cd1c1d4238963e41987c5068ab63f7f8f1?s=96&d=mm&r=g","caption":"Gabriella Gonzalez"},"url":"https:\/\/www.pensarcursos.com.br\/blog\/author\/gabriellag\/"}]}},"_links":{"self":[{"href":"https:\/\/www.pensarcursos.com.br\/blog\/wp-json\/wp\/v2\/posts\/28519","targetHints":{"allow":["GET"]}}],"collection":[{"href":"https:\/\/www.pensarcursos.com.br\/blog\/wp-json\/wp\/v2\/posts"}],"about":[{"href":"https:\/\/www.pensarcursos.com.br\/blog\/wp-json\/wp\/v2\/types\/post"}],"author":[{"embeddable":true,"href":"https:\/\/www.pensarcursos.com.br\/blog\/wp-json\/wp\/v2\/users\/28"}],"replies":[{"embeddable":true,"href":"https:\/\/www.pensarcursos.com.br\/blog\/wp-json\/wp\/v2\/comments?post=28519"}],"version-history":[{"count":0,"href":"https:\/\/www.pensarcursos.com.br\/blog\/wp-json\/wp\/v2\/posts\/28519\/revisions"}],"wp:featuredmedia":[{"embeddable":true,"href":"https:\/\/www.pensarcursos.com.br\/blog\/wp-json\/wp\/v2\/media\/28523"}],"wp:attachment":[{"href":"https:\/\/www.pensarcursos.com.br\/blog\/wp-json\/wp\/v2\/media?parent=28519"}],"wp:term":[{"taxonomy":"category","embeddable":true,"href":"https:\/\/www.pensarcursos.com.br\/blog\/wp-json\/wp\/v2\/categories?post=28519"},{"taxonomy":"post_tag","embeddable":true,"href":"https:\/\/www.pensarcursos.com.br\/blog\/wp-json\/wp\/v2\/tags?post=28519"}],"curies":[{"name":"wp","href":"https:\/\/api.w.org\/{rel}","templated":true}]}}