{"id":27361,"date":"2024-02-14T11:07:42","date_gmt":"2024-02-14T14:07:42","guid":{"rendered":"https:\/\/www.pensarcursos.com.br\/blog\/?p=27361"},"modified":"2024-02-14T11:07:42","modified_gmt":"2024-02-14T14:07:42","slug":"concurso-pss-igesdf-edital-publicado-salarios-de-ate-r-14-mil","status":"publish","type":"post","link":"https:\/\/www.pensarcursos.com.br\/blog\/concurso-pss-igesdf-edital-publicado-salarios-de-ate-r-14-mil\/","title":{"rendered":"Concurso PSS IGESDF: edital publicado; sal\u00e1rios de at\u00e9 R$ 14 mil"},"content":{"rendered":"<p>Foi divulgado o edital PSS IGESDF para o Instituto de Gest\u00e3o Estrat\u00e9gica de Sa\u00fade do Distrito Federal. As vagas s\u00e3o tempor\u00e1rias e exigem n\u00edvel superior na \u00e1rea da sa\u00fade. Os sal\u00e1rios variam de R$ 3.216,40 a R$ 14.617,01.<\/p>\n<p>As inscri\u00e7\u00f5es ficar\u00e3o abertas de <strong>14\/02 a 20\/02\/2024<\/strong>, com a prova objetiva agendada para 06\/03\/2024. As oportunidades s\u00e3o para M\u00e9dico Psiquiatra e Psic\u00f3logo, sendo para forma\u00e7\u00e3o de cadastro reserva. Saiba mais informa\u00e7\u00f5es a seguir!<\/p>\n<p><strong>Veja tamb\u00e9m:\u00a0<\/strong><a href=\"https:\/\/www.pensarcursos.com.br\/blog\/concurso-caixa-economica-federal-edital-com-4-050-vagas-pode-sair-em-breve\/\" target=\"_blank\" rel=\"noopener\">Concurso Caixa Econ\u00f4mica Federal: edital com 4.050 vagas pode sair EM BREVE!<\/a><\/p>\n<h2>Edital PSS IGESDF: remunera\u00e7\u00e3o e benef\u00edcios<\/h2>\n<div class=\"w-full text-token-text-primary sm:AIPRM__conversation__response\" data-testid=\"conversation-turn-3\">\n<div class=\"px-4 py-2 justify-center text-base md:gap-6 m-auto\">\n<div class=\"flex flex-1 text-base mx-auto gap-3 md:px-5 lg:px-1 xl:px-5 md:max-w-3xl lg:max-w-[40rem] xl:max-w-[48rem] group final-completion\">\n<div class=\"relative flex w-full flex-col agent-turn\">\n<div class=\"flex-col gap-1 md:gap-3\">\n<div class=\"flex flex-grow flex-col max-w-full\">\n<div class=\"min-h-[20px] text-message flex flex-col items-start gap-3 whitespace-pre-wrap break-words [.text-message+&amp;]:mt-5 overflow-x-auto\" data-message-author-role=\"assistant\" data-message-id=\"ef589b5d-edb1-4d45-bdec-8de67ba02552\">\n<div class=\"markdown prose w-full break-words dark:prose-invert light AIPRM__conversation__response\">\n<p><strong>Psic\u00f3logo Hospitalar:<\/strong><\/p>\n<p>Sal\u00e1rio: R$ 3.216,40<\/p>\n<p>Benef\u00edcios:<\/p>\n<ul>\n<li>Aux\u00edlio Transporte<\/li>\n<li>Alimenta\u00e7\u00e3o (dependendo do acordo e da jornada de trabalho)<\/li>\n<li>Descontos em parceiros atrav\u00e9s do Clube de Benef\u00edcios<\/li>\n<li>B\u00f4nus semestral<\/li>\n<li>Folga no anivers\u00e1rio<\/li>\n<\/ul>\n<p><strong>M\u00e9dico Psiquiatra:<\/strong><\/p>\n<p>Sal\u00e1rio: R$ 14.617,01<\/p>\n<p>Benef\u00edcios:<\/p>\n<ul>\n<li>Aux\u00edlio Transporte<\/li>\n<li>Alimenta\u00e7\u00e3o (dependendo do acordo e da jornada de trabalho)<\/li>\n<li>Descontos em parceiros atrav\u00e9s do Clube de Benef\u00edcios<\/li>\n<li>B\u00f4nus semestral<\/li>\n<li>Folga no anivers\u00e1rio<\/li>\n<\/ul>\n<p><strong>Veja tamb\u00e9m:<\/strong>\u00a0<a href=\"https:\/\/www.pensarcursos.com.br\/blog\/mec-altera-regras-do-edital-para-novos-cursos-de-medicina-confira\/\" target=\"_blank\" rel=\"noopener\">MEC altera regras do edital para novos cursos de medicina; confira<\/a><\/p>\n<\/div>\n<\/div>\n<\/div>\n<h2 class=\"mt-1 flex justify-start gap-3 empty:hidden\">Como se inscrever?<\/h2>\n<div>As inscri\u00e7\u00f5es ser\u00e3o feitas online no site oficial do IGESDF (<a href=\"https:\/\/igesdf.org.br\/\" target=\"_blank\" rel=\"noopener\">https:\/\/igesdf.org.br<\/a>), de 14 de fevereiro de 2024 at\u00e9 20 de fevereiro de 2024. O processo estar\u00e1 dispon\u00edvel por 7 dias ap\u00f3s a vaga ser publicada. N\u00e3o h\u00e1 taxa de inscri\u00e7\u00e3o nem informa\u00e7\u00e3o sobre isen\u00e7\u00e3o de pagamento.<\/div>\n<h2>Edital PSS IGESDF: cargos e atribui\u00e7\u00f5es<\/h2>\n<p>Com apenas vagas para cadastro de reserva, os cargos s\u00e3o distribu\u00eddos assim:<\/p>\n<p><strong>Psic\u00f3logo Hospitalar:<\/strong><\/p>\n<p>Hor\u00e1rio de trabalho: 30 horas por semana<\/p>\n<p>Responsabilidades:<\/p>\n<ul>\n<li>Avaliar pacientes internados, analisando prontu\u00e1rios, discutindo com equipes multiprofissionais e fazendo rondas, priorizando atendimento psicol\u00f3gico.<\/li>\n<li>Realizar admiss\u00e3o psicol\u00f3gica com anamnese, identificando as necessidades do paciente e determinando tratamentos psicol\u00f3gicos.<\/li>\n<li>Fazer interconsulta, oferecendo acompanhamento completo ao paciente e respondendo a quest\u00f5es espec\u00edficas.<\/li>\n<li>Estar atento para identificar necessidades de assist\u00eancia psicol\u00f3gica atrav\u00e9s de uma rotina organizada, entre outras tarefas.<\/li>\n<\/ul>\n<p><strong>M\u00e9dico Psiquiatra:<\/strong><\/p>\n<p>Hor\u00e1rio de trabalho: 24 horas por semana<\/p>\n<p>Responsabilidades:<\/p>\n<ul>\n<li>Oferecer suporte em situa\u00e7\u00f5es de urg\u00eancia e emerg\u00eancia psiqui\u00e1trica no pronto-socorro e enfermaria, realizando avalia\u00e7\u00f5es m\u00e9dicas cont\u00ednuas e de longo prazo.<\/li>\n<li>Diagnosticar condi\u00e7\u00f5es e doen\u00e7as cl\u00ednicas, utilizando os recursos dispon\u00edveis na rede hospitalar do IGESDF para uma r\u00e1pida resolu\u00e7\u00e3o e progresso no tratamento do paciente.<\/li>\n<li>Atender pacientes externos de alta complexidade, quando necess\u00e1rio, mediante pareceres e consultas adicionais, assegurando um atendimento psiqui\u00e1trico de qualidade, entre outras tarefas.<\/li>\n<\/ul>\n<h2>Requisitos<\/h2>\n<div class=\"react-scroll-to-bottom--css-fjwbe-1n7m0yu\">\n<div class=\"flex flex-col pb-9 text-sm\">\n<div class=\"w-full text-token-text-primary sm:AIPRM__conversation__response\" data-testid=\"conversation-turn-3\">\n<div class=\"px-4 py-2 justify-center text-base md:gap-6 m-auto\">\n<div class=\"flex flex-1 text-base mx-auto gap-3 md:px-5 lg:px-1 xl:px-5 md:max-w-3xl lg:max-w-[40rem] xl:max-w-[48rem] group final-completion\">\n<div class=\"relative flex w-full flex-col agent-turn\">\n<div class=\"flex-col gap-1 md:gap-3\">\n<div class=\"flex flex-grow flex-col max-w-full\">\n<div class=\"min-h-[20px] text-message flex flex-col items-start gap-3 whitespace-pre-wrap break-words [.text-message+&amp;]:mt-5 overflow-x-auto\" data-message-author-role=\"assistant\" data-message-id=\"9adcd356-bd2b-4d87-930c-29af77764c7d\">\n<div class=\"markdown prose w-full break-words dark:prose-invert light AIPRM__conversation__response\">\n<p><strong>Psic\u00f3logo Hospitalar:<\/strong><\/p>\n<ul>\n<li>Requisitos obrigat\u00f3rios:\n<ul>\n<li>Gradua\u00e7\u00e3o em Psicologia reconhecida pelo MEC<\/li>\n<li>Registro no CRP\/DF<\/li>\n<li>Experi\u00eancia comprovada como Psic\u00f3logo na \u00e1rea hospitalar<\/li>\n<\/ul>\n<\/li>\n<li>Requisitos desej\u00e1veis:\n<ul>\n<li>P\u00f3s-gradua\u00e7\u00e3o em Psicologia Hospitalar ou Psicologia da Sa\u00fade<\/li>\n<li>Conhecimento b\u00e1sico do sistema MV PEP<\/li>\n<li>Familiaridade com modelo de evolu\u00e7\u00e3o psicol\u00f3gica<\/li>\n<li>Experi\u00eancia em aplica\u00e7\u00e3o de testes psicol\u00f3gicos (HADS, Mini Mental, CAM)<\/li>\n<li>Conhecimento b\u00e1sico do Pacote Office<\/li>\n<\/ul>\n<\/li>\n<\/ul>\n<p><strong>M\u00e9dico Psiquiatra:<\/strong><\/p>\n<ul>\n<li>Requisitos obrigat\u00f3rios:\n<ul>\n<li>Gradua\u00e7\u00e3o em Medicina reconhecida pelo MEC<\/li>\n<li>Resid\u00eancia (Com RQE) ou T\u00edtulo de Especialista em Psiquiatria emitido pela AMB<\/li>\n<li>Registro no CRM\/DF<\/li>\n<li>Experi\u00eancia m\u00ednima de 06 meses como M\u00e9dico Psiquiatra<\/li>\n<\/ul>\n<\/li>\n<li>Requisitos desej\u00e1veis:\n<ul>\n<li>Conhecimento em Sistema de Gest\u00e3o e prontu\u00e1rio eletr\u00f4nico como MV, trackcare, entre outros<\/li>\n<\/ul>\n<\/li>\n<\/ul>\n<\/div>\n<\/div>\n<\/div>\n<h2 class=\"mt-1 flex justify-start gap-3 empty:hidden\">Etapas<\/h2>\n<div>\n<ul>\n<li style=\"list-style-type: none\">\n<ul>\n<li>Comprova\u00e7\u00e3o de requisitos:\n<ul>\n<li>Eliminat\u00f3ria e Classificat\u00f3ria.<\/li>\n<\/ul>\n<\/li>\n<li>Avalia\u00e7\u00e3o de conhecimentos (Te\u00f3rico e\/ou Pr\u00e1tico):\n<ul>\n<li>Eliminat\u00f3ria e Classificat\u00f3ria.<\/li>\n<\/ul>\n<\/li>\n<li>Entrevista por compet\u00eancias:\n<ul>\n<li>Eliminat\u00f3ria e Classificat\u00f3ria.<\/li>\n<\/ul>\n<\/li>\n<li>Exames m\u00e9dicos:\n<ul>\n<li>Eliminat\u00f3rios.<\/li>\n<\/ul>\n<\/li>\n<\/ul>\n<\/li>\n<li>An\u00e1lise curricular:\n<ul>\n<li>Avalia\u00e7\u00e3o das informa\u00e7\u00f5es fornecidas no cadastro feito no site <a href=\"https:\/\/www.vagas.com.br\/\" target=\"_blank\" rel=\"noopener\">https:\/\/www.vagas.com.br\/<\/a> durante a inscri\u00e7\u00e3o.<\/li>\n<li>N\u00e3o ser\u00e3o consideradas altera\u00e7\u00f5es.<\/li>\n<\/ul>\n<\/li>\n<li>Comprova\u00e7\u00e3o de requisitos:\n<ul>\n<li>Os candidatos devem apresentar documentos necess\u00e1rios para comprovar os requisitos do edital.<\/li>\n<li>Prazo m\u00ednimo de 2 dias \u00fateis ap\u00f3s solicita\u00e7\u00e3o da documenta\u00e7\u00e3o.<\/li>\n<\/ul>\n<\/li>\n<li>Crit\u00e9rios de pontua\u00e7\u00e3o para Psic\u00f3logo Hospitalar e M\u00e9dico Psiquiatra:\n<ul>\n<li>Forma\u00e7\u00e3o exigida: 5 pontos.<\/li>\n<li>Resid\u00eancia m\u00e9dica\/multiprofissional em sa\u00fade: 2 pontos (se exigida ou relacionada).<\/li>\n<li>P\u00f3s-gradua\u00e7\u00e3o lato sensu na \u00e1rea (m\u00e1ximo de 2 cursos): 1 ponto cada.<\/li>\n<li>P\u00f3s-gradua\u00e7\u00e3o stricto sensu na \u00e1rea (m\u00e1ximo de 2 cursos): 2 pontos cada.<\/li>\n<li>Outros requisitos obrigat\u00f3rios: 0,5 ponto cada.<\/li>\n<li>Experi\u00eancia profissional:\n<ul>\n<li>Pontua\u00e7\u00e3o vari\u00e1vel conforme o tempo de experi\u00eancia.<\/li>\n<\/ul>\n<\/li>\n<\/ul>\n<\/li>\n<\/ul>\n<p><strong>Veja tamb\u00e9m:<\/strong>\u00a0<a href=\"https:\/\/www.pensarcursos.com.br\/blog\/concurso-iss-uberaba-edital-publicado-salarios-iniciais-de-r-96-mil\/\" target=\"_blank\" rel=\"noopener\">Concurso ISS Uberaba: edital publicado; sal\u00e1rios iniciais de R$ 9,6 mil<\/a><\/p>\n<\/div>\n<\/div>\n<\/div>\n<\/div>\n<\/div>\n<\/div>\n<\/div>\n<\/div>\n<\/div>\n<\/div>\n<\/div>\n<\/div>\n<\/div>\n","protected":false},"excerpt":{"rendered":"<p>Foi divulgado o edital PSS IGESDF para o Instituto de Gest\u00e3o Estrat\u00e9gica de Sa\u00fade do Distrito Federal. As vagas s\u00e3o tempor\u00e1rias e exigem n\u00edvel superior na \u00e1rea da sa\u00fade. Os sal\u00e1rios variam de R$ 3.216,40 a R$ 14.617,01. As inscri\u00e7\u00f5es ficar\u00e3o abertas de 14\/02 a 20\/02\/2024, com a prova objetiva agendada para 06\/03\/2024. As oportunidades [&hellip;]<\/p>\n","protected":false},"author":16,"featured_media":27367,"comment_status":"open","ping_status":"closed","sticky":false,"template":"","format":"standard","meta":{"jnews-multi-image_gallery":[],"jnews_single_post":[],"jnews_primary_category":[],"jnews_social_meta":[],"jnews_override_counter":[],"footnotes":""},"categories":[29],"tags":[10906,1996,10907],"class_list":["post-27361","post","type-post","status-publish","format-standard","has-post-thumbnail","hentry","category-concursos","tag-concurso-pss-igesdf","tag-concursos-publicos-2024","tag-concursos-publicos-distrito-federal"],"yoast_head":"<!-- This site is optimized with the Yoast SEO Premium plugin v27.5 (Yoast SEO v27.5) - https:\/\/yoast.com\/product\/yoast-seo-premium-wordpress\/ -->\n<title>Concurso PSS IGESDF: edital publicado; sal\u00e1rios de at\u00e9 R$ 14 mil - Blog Pensar Cursos<\/title>\n<meta name=\"description\" content=\"Foi divulgado o edital PSS IGESDF para o Instituto de Gest\u00e3o Estrat\u00e9gica de Sa\u00fade do Distrito Federal. As vagas s\u00e3o tempor\u00e1rias e exigem n\u00edvel superior na\" \/>\n<meta name=\"robots\" content=\"index, follow, max-snippet:-1, max-image-preview:large, max-video-preview:-1\" \/>\n<link rel=\"canonical\" href=\"https:\/\/www.pensarcursos.com.br\/blog\/concurso-pss-igesdf-edital-publicado-salarios-de-ate-r-14-mil\/\" \/>\n<meta property=\"og:locale\" content=\"pt_BR\" \/>\n<meta property=\"og:type\" content=\"article\" \/>\n<meta property=\"og:title\" content=\"Concurso PSS IGESDF: edital publicado; sal\u00e1rios de at\u00e9 R$ 14 mil\" \/>\n<meta property=\"og:description\" content=\"Foi divulgado o edital PSS IGESDF para o Instituto de Gest\u00e3o Estrat\u00e9gica de Sa\u00fade do Distrito Federal. As vagas s\u00e3o tempor\u00e1rias e exigem n\u00edvel superior na\" \/>\n<meta property=\"og:url\" content=\"https:\/\/www.pensarcursos.com.br\/blog\/concurso-pss-igesdf-edital-publicado-salarios-de-ate-r-14-mil\/\" \/>\n<meta property=\"og:site_name\" content=\"Blog Pensar Cursos\" \/>\n<meta property=\"article:publisher\" content=\"https:\/\/www.facebook.com\/pensarcursos\/\" \/>\n<meta property=\"article:published_time\" content=\"2024-02-14T14:07:42+00:00\" \/>\n<meta property=\"og:image\" content=\"https:\/\/www.pensarcursos.com.br\/blog\/wp-content\/uploads\/2024\/02\/a0600-bddf-limpo-08092021-frame-169189.webp\" \/>\n\t<meta property=\"og:image:width\" content=\"984\" \/>\n\t<meta property=\"og:image:height\" content=\"554\" \/>\n\t<meta property=\"og:image:type\" content=\"image\/webp\" \/>\n<meta name=\"author\" content=\"Izabella Gramacho\" \/>\n<meta name=\"twitter:card\" content=\"summary_large_image\" \/>\n<meta name=\"twitter:label1\" content=\"Escrito por\" \/>\n\t<meta name=\"twitter:data1\" content=\"Izabella Gramacho\" \/>\n\t<meta name=\"twitter:label2\" content=\"Est. tempo de leitura\" \/>\n\t<meta name=\"twitter:data2\" content=\"4 minutos\" \/>\n<!-- \/ Yoast SEO Premium plugin. -->","yoast_head_json":{"title":"Concurso PSS IGESDF: edital publicado; sal\u00e1rios de at\u00e9 R$ 14 mil - Blog Pensar Cursos","description":"Foi divulgado o edital PSS IGESDF para o Instituto de Gest\u00e3o Estrat\u00e9gica de Sa\u00fade do Distrito Federal. As vagas s\u00e3o tempor\u00e1rias e exigem n\u00edvel superior na","robots":{"index":"index","follow":"follow","max-snippet":"max-snippet:-1","max-image-preview":"max-image-preview:large","max-video-preview":"max-video-preview:-1"},"canonical":"https:\/\/www.pensarcursos.com.br\/blog\/concurso-pss-igesdf-edital-publicado-salarios-de-ate-r-14-mil\/","og_locale":"pt_BR","og_type":"article","og_title":"Concurso PSS IGESDF: edital publicado; sal\u00e1rios de at\u00e9 R$ 14 mil","og_description":"Foi divulgado o edital PSS IGESDF para o Instituto de Gest\u00e3o Estrat\u00e9gica de Sa\u00fade do Distrito Federal. As vagas s\u00e3o tempor\u00e1rias e exigem n\u00edvel superior na","og_url":"https:\/\/www.pensarcursos.com.br\/blog\/concurso-pss-igesdf-edital-publicado-salarios-de-ate-r-14-mil\/","og_site_name":"Blog Pensar Cursos","article_publisher":"https:\/\/www.facebook.com\/pensarcursos\/","article_published_time":"2024-02-14T14:07:42+00:00","og_image":[{"width":984,"height":554,"url":"https:\/\/www.pensarcursos.com.br\/blog\/wp-content\/uploads\/2024\/02\/a0600-bddf-limpo-08092021-frame-169189.webp","type":"image\/webp"}],"author":"Izabella Gramacho","twitter_card":"summary_large_image","twitter_misc":{"Escrito por":"Izabella Gramacho","Est. tempo de leitura":"4 minutos"},"schema":{"@context":"https:\/\/schema.org","@graph":[{"@type":["Article","BlogPosting"],"@id":"https:\/\/www.pensarcursos.com.br\/blog\/concurso-pss-igesdf-edital-publicado-salarios-de-ate-r-14-mil\/#article","isPartOf":{"@id":"https:\/\/www.pensarcursos.com.br\/blog\/concurso-pss-igesdf-edital-publicado-salarios-de-ate-r-14-mil\/"},"author":{"name":"Izabella Gramacho","@id":"https:\/\/www.pensarcursos.com.br\/blog\/#\/schema\/person\/cb907c5977b8e9df1f9ce7eedc264ca2"},"headline":"Concurso PSS IGESDF: edital publicado; sal\u00e1rios de at\u00e9 R$ 14 mil","datePublished":"2024-02-14T14:07:42+00:00","mainEntityOfPage":{"@id":"https:\/\/www.pensarcursos.com.br\/blog\/concurso-pss-igesdf-edital-publicado-salarios-de-ate-r-14-mil\/"},"wordCount":776,"commentCount":0,"publisher":{"@id":"https:\/\/www.pensarcursos.com.br\/blog\/#organization"},"image":{"@id":"https:\/\/www.pensarcursos.com.br\/blog\/concurso-pss-igesdf-edital-publicado-salarios-de-ate-r-14-mil\/#primaryimage"},"thumbnailUrl":"https:\/\/www.pensarcursos.com.br\/blog\/wp-content\/uploads\/2024\/02\/a0600-bddf-limpo-08092021-frame-169189.webp","keywords":["Concurso PSS IGESDF","Concursos p\u00fablicos 2024","Concursos p\u00fablicos Distrito Federal"],"articleSection":["Concursos P\u00fablicos"],"inLanguage":"pt-BR","potentialAction":[{"@type":"CommentAction","name":"Comment","target":["https:\/\/www.pensarcursos.com.br\/blog\/concurso-pss-igesdf-edital-publicado-salarios-de-ate-r-14-mil\/#respond"]}],"copyrightYear":"2024","copyrightHolder":{"@id":"https:\/\/www.pensarcursos.com.br\/blog\/#organization"}},{"@type":"WebPage","@id":"https:\/\/www.pensarcursos.com.br\/blog\/concurso-pss-igesdf-edital-publicado-salarios-de-ate-r-14-mil\/","url":"https:\/\/www.pensarcursos.com.br\/blog\/concurso-pss-igesdf-edital-publicado-salarios-de-ate-r-14-mil\/","name":"Concurso PSS IGESDF: edital publicado; sal\u00e1rios de at\u00e9 R$ 14 mil - Blog Pensar Cursos","isPartOf":{"@id":"https:\/\/www.pensarcursos.com.br\/blog\/#website"},"primaryImageOfPage":{"@id":"https:\/\/www.pensarcursos.com.br\/blog\/concurso-pss-igesdf-edital-publicado-salarios-de-ate-r-14-mil\/#primaryimage"},"image":{"@id":"https:\/\/www.pensarcursos.com.br\/blog\/concurso-pss-igesdf-edital-publicado-salarios-de-ate-r-14-mil\/#primaryimage"},"thumbnailUrl":"https:\/\/www.pensarcursos.com.br\/blog\/wp-content\/uploads\/2024\/02\/a0600-bddf-limpo-08092021-frame-169189.webp","datePublished":"2024-02-14T14:07:42+00:00","description":"Foi divulgado o edital PSS IGESDF para o Instituto de Gest\u00e3o Estrat\u00e9gica de Sa\u00fade do Distrito Federal. As vagas s\u00e3o tempor\u00e1rias e exigem n\u00edvel superior na","breadcrumb":{"@id":"https:\/\/www.pensarcursos.com.br\/blog\/concurso-pss-igesdf-edital-publicado-salarios-de-ate-r-14-mil\/#breadcrumb"},"inLanguage":"pt-BR","potentialAction":[{"@type":"ReadAction","target":["https:\/\/www.pensarcursos.com.br\/blog\/concurso-pss-igesdf-edital-publicado-salarios-de-ate-r-14-mil\/"]}]},{"@type":"ImageObject","inLanguage":"pt-BR","@id":"https:\/\/www.pensarcursos.com.br\/blog\/concurso-pss-igesdf-edital-publicado-salarios-de-ate-r-14-mil\/#primaryimage","url":"https:\/\/www.pensarcursos.com.br\/blog\/wp-content\/uploads\/2024\/02\/a0600-bddf-limpo-08092021-frame-169189.webp","contentUrl":"https:\/\/www.pensarcursos.com.br\/blog\/wp-content\/uploads\/2024\/02\/a0600-bddf-limpo-08092021-frame-169189.webp","width":984,"height":554,"caption":"O edital PSS IGESDF foi divulgado. As vagas do concurso s\u00e3o para cadastro reserva. Saiba mais! Imagem: G1"},{"@type":"BreadcrumbList","@id":"https:\/\/www.pensarcursos.com.br\/blog\/concurso-pss-igesdf-edital-publicado-salarios-de-ate-r-14-mil\/#breadcrumb","itemListElement":[{"@type":"ListItem","position":1,"name":"Home","item":"https:\/\/www.pensarcursos.com.br\/blog\/"},{"@type":"ListItem","position":2,"name":"Concurso PSS IGESDF: edital publicado; sal\u00e1rios de at\u00e9 R$ 14 mil"}]},{"@type":"WebSite","@id":"https:\/\/www.pensarcursos.com.br\/blog\/#website","url":"https:\/\/www.pensarcursos.com.br\/blog\/","name":"Blog Pensar Cursos","description":"Maior Site de Cursos do Brasil","publisher":{"@id":"https:\/\/www.pensarcursos.com.br\/blog\/#organization"},"alternateName":"Blog Pensar","potentialAction":[{"@type":"SearchAction","target":{"@type":"EntryPoint","urlTemplate":"https:\/\/www.pensarcursos.com.br\/blog\/?s={search_term_string}"},"query-input":{"@type":"PropertyValueSpecification","valueRequired":true,"valueName":"search_term_string"}}],"inLanguage":"pt-BR"},{"@type":"Organization","@id":"https:\/\/www.pensarcursos.com.br\/blog\/#organization","name":"Pensar Cursos","alternateName":"Blog pensar","url":"https:\/\/www.pensarcursos.com.br\/blog\/","logo":{"@type":"ImageObject","inLanguage":"pt-BR","@id":"https:\/\/www.pensarcursos.com.br\/blog\/#\/schema\/logo\/image\/","url":"https:\/\/www.pensarcursos.com.br\/blog\/wp-content\/uploads\/2023\/11\/Nova-Logo-Pensar-Cursos-vertical.png","contentUrl":"https:\/\/www.pensarcursos.com.br\/blog\/wp-content\/uploads\/2023\/11\/Nova-Logo-Pensar-Cursos-vertical.png","width":1393,"height":1001,"caption":"Pensar Cursos"},"image":{"@id":"https:\/\/www.pensarcursos.com.br\/blog\/#\/schema\/logo\/image\/"},"sameAs":["https:\/\/www.facebook.com\/pensarcursos\/","https:\/\/instagram.com.br\/pensarcursos"],"description":"Pensar Cursos \u00e9 uma empresa especializada em oferecer cursos de alta qualidade voltados para o desenvolvimento profissional e acad\u00eamico. Com uma ampla gama de op\u00e7\u00f5es de treinamento, oferecemos conte\u00fados atualizados, ministrados por especialistas da \u00e1rea, para capacitar indiv\u00edduos e equipes a atingirem seus objetivos. Nossa miss\u00e3o \u00e9 proporcionar uma educa\u00e7\u00e3o transformadora, acess\u00edvel e personalizada para cada aluno, seja em cursos presenciais ou online. Com uma abordagem inovadora, buscamos adaptar os nossos programas de ensino \u00e0s necessidades do mercado, criando solu\u00e7\u00f5es que atendem aos desafios e exig\u00eancias do mundo corporativo e acad\u00eamico. Nossos cursos incluem desde forma\u00e7\u00f5es t\u00e9cnicas at\u00e9 habilidades essenciais, como lideran\u00e7a, gest\u00e3o e desenvolvimento pessoal.","email":"contato@pensarcursos.com.br","legalName":"Sena Servi\u00e7os de Informa\u00e7\u00e3o Online LTDA","foundingDate":"2013-04-18","vatID":"17956217000172","numberOfEmployees":{"@type":"QuantitativeValue","minValue":"11","maxValue":"50"},"publishingPrinciples":"https:\/\/www.pensarcursos.com.br\/blog\/principios-de-publicacao\/","ownershipFundingInfo":"https:\/\/www.pensarcursos.com.br\/blog\/informacoes-de-propriedade-financiamento\/","actionableFeedbackPolicy":"https:\/\/www.pensarcursos.com.br\/blog\/politica-de-feedback-acionavel\/","correctionsPolicy":"https:\/\/www.pensarcursos.com.br\/blog\/politica-de-correcoes\/","ethicsPolicy":"https:\/\/www.pensarcursos.com.br\/blog\/politica-de-etica\/"},{"@type":"Person","@id":"https:\/\/www.pensarcursos.com.br\/blog\/#\/schema\/person\/cb907c5977b8e9df1f9ce7eedc264ca2","name":"Izabella Gramacho","image":{"@type":"ImageObject","inLanguage":"pt-BR","@id":"https:\/\/secure.gravatar.com\/avatar\/4aac9b6a6a01eb58347710cf0789eb83b550341720657f85680220cf153a9e44?s=96&d=mm&r=g","url":"https:\/\/secure.gravatar.com\/avatar\/4aac9b6a6a01eb58347710cf0789eb83b550341720657f85680220cf153a9e44?s=96&d=mm&r=g","contentUrl":"https:\/\/secure.gravatar.com\/avatar\/4aac9b6a6a01eb58347710cf0789eb83b550341720657f85680220cf153a9e44?s=96&d=mm&r=g","caption":"Izabella Gramacho"},"description":"Graduada em Letras - licenciatura em portugu\u00eas\/ingl\u00eas pelo Centro Universit\u00e1rio de Belo Horizonte (UNIBH).","url":"https:\/\/www.pensarcursos.com.br\/blog\/author\/izabella\/"}]}},"_links":{"self":[{"href":"https:\/\/www.pensarcursos.com.br\/blog\/wp-json\/wp\/v2\/posts\/27361","targetHints":{"allow":["GET"]}}],"collection":[{"href":"https:\/\/www.pensarcursos.com.br\/blog\/wp-json\/wp\/v2\/posts"}],"about":[{"href":"https:\/\/www.pensarcursos.com.br\/blog\/wp-json\/wp\/v2\/types\/post"}],"author":[{"embeddable":true,"href":"https:\/\/www.pensarcursos.com.br\/blog\/wp-json\/wp\/v2\/users\/16"}],"replies":[{"embeddable":true,"href":"https:\/\/www.pensarcursos.com.br\/blog\/wp-json\/wp\/v2\/comments?post=27361"}],"version-history":[{"count":0,"href":"https:\/\/www.pensarcursos.com.br\/blog\/wp-json\/wp\/v2\/posts\/27361\/revisions"}],"wp:featuredmedia":[{"embeddable":true,"href":"https:\/\/www.pensarcursos.com.br\/blog\/wp-json\/wp\/v2\/media\/27367"}],"wp:attachment":[{"href":"https:\/\/www.pensarcursos.com.br\/blog\/wp-json\/wp\/v2\/media?parent=27361"}],"wp:term":[{"taxonomy":"category","embeddable":true,"href":"https:\/\/www.pensarcursos.com.br\/blog\/wp-json\/wp\/v2\/categories?post=27361"},{"taxonomy":"post_tag","embeddable":true,"href":"https:\/\/www.pensarcursos.com.br\/blog\/wp-json\/wp\/v2\/tags?post=27361"}],"curies":[{"name":"wp","href":"https:\/\/api.w.org\/{rel}","templated":true}]}}