{"id":2423,"date":"2022-03-31T18:57:16","date_gmt":"2022-03-31T21:57:16","guid":{"rendered":"https:\/\/www.pensarcursos.com.br\/blog\/?p=2423"},"modified":"2022-03-31T18:57:16","modified_gmt":"2022-03-31T21:57:16","slug":"como-a-mp-1-108-altera-os-regimes-de-trabalho","status":"publish","type":"post","link":"https:\/\/www.pensarcursos.com.br\/blog\/como-a-mp-1-108-altera-os-regimes-de-trabalho\/","title":{"rendered":"Como a MP 1.108 altera os regimes de trabalho?"},"content":{"rendered":"<p>&nbsp;<\/p>\n<p>No dia 28 de mar\u00e7o de 2022, foi publicado no Di\u00e1rio Oficial da Uni\u00e3o uma Medida Provis\u00f3ria que regulamenta algumas regras para o home office, modalidade que ap\u00f3s 2020 se tornou muito mais comum.<\/p>\n<p>A situa\u00e7\u00e3o de muitos trabalhadores estava sendo descrita, por alguns analistas, como <a href=\"https:\/\/brasil123.com.br\/saiba-mais-sobre-a-mp-que-altera-as-regras-trabalhistas-em-situacao-de-calamidade\/\">beirando \u00e0 calamidade<\/a>. Logo, essa medida pode vir a ajustar muitos pontos.<\/p>\n<p>A MP j\u00e1 tinha sido anunciada no dia 25, e sua exist\u00eancia se justifica devido aos novo panoramas do mercado de trabalho, e em especial ao regime de teletrabalho.<\/p>\n<p>Al\u00e9m disso, embora ainda precise ser aprovada pelo Congresso Nacional, a MP j\u00e1 tem o mesmo peso de uma Lei.<\/p>\n<p>Assim, o que muda em rela\u00e7\u00e3o aos regimes de trabalho, com a MP 1.108?<\/p>\n<p>&nbsp;<\/p>\n<h2>Teletrabalho, modelo h\u00edbrido e contratos variados<\/h2>\n<p>A nova MP prev\u00ea a possibilidade de contratos de trabalho que explicitem a modalidade home office. Antes, muitos trabalhadores se viam em situa\u00e7\u00e3o de informalidade, nesse sentido, ainda que tivessem v\u00ednculo empregat\u00edcio regular.<\/p>\n<p>Al\u00e9m disso, a MP abre precedentes para a ado\u00e7\u00e3o de modelo h\u00edbrido, isso \u00e9, um contrato de trabalho onde h\u00e1 per\u00edodos presenciais e per\u00edodos remotos, em tempos iguais ou de um sobre o outro.<\/p>\n<p>Antes, evidentemente, esse modelo existia, mas ele funcionava muito mais \u00e0 bel prazer de empregadores.<\/p>\n<p>Agora, a MP cria regras explicitas.<\/p>\n<p>Outra quest\u00e3o central, nesse caso, \u00e9 em rela\u00e7\u00e3o ao tipo de contrato.<\/p>\n<p>A Medida Provis\u00f3ria regulamenta contratos por Jornada (per\u00edodo semanal de trabalho), Produ\u00e7\u00e3o (relativo \u00e0 produ\u00e7\u00e3o de servi\u00e7o prestado ou oferecido) e Tarefa (isso \u00e9, a quantidade produzida).<\/p>\n<p>&nbsp;<\/p>\n<h2>Vantagens para pais e trabalhadores PCD<\/h2>\n<p>A Medida Provis\u00f3ria tamb\u00e9m traz mudan\u00e7as significativas para trabalhadores com filhos pequenos, e para trabalhadores que sejam Pessoas Com Defici\u00eancia.<\/p>\n<p>Funcion\u00e1rios que se enquadrem nessas condi\u00e7\u00f5es t\u00eam prioridade, em contratos de trabalho com modalidades hibridas ou de teletrabalho.<\/p>\n<p>&nbsp;<\/p>\n<h2>Sal\u00e1rios e contribui\u00e7\u00f5es para a Previd\u00eancia continuam iguais<\/h2>\n<p>A principal vantagem da nova MP \u00e9 no que se refere aos sal\u00e1rios. A Medida Provis\u00f3ria obriga que a remunera\u00e7\u00e3o de regimes como o home office seja igual a de regimes presenciais.<\/p>\n<p>Essa \u00e9 um ganho, se considerarmos a disparidade salarial entre alguns cargos em teletrabalho e trabalho presencial.<\/p>\n<p>Toda a parte salarial dever\u00e1 estar descriminada no contrato, e n\u00e3o pode haver redu\u00e7\u00f5es salariais ou renegocia\u00e7\u00f5es com sindicatos ou individualmente.<\/p>\n<p>Ainda, em casos como regimes de jornada, toda a legisla\u00e7\u00e3o precedente, em trabalho presencial, valer\u00e1 tamb\u00e9m para o home office, como hora de almo\u00e7o, descanso, e horas extra, quando for o caso.<\/p>\n<p>Essa parte n\u00e3o acarretar\u00e1 nenhuma mudan\u00e7a em termos de contribui\u00e7\u00e3o para a Previd\u00eancia Social. Ou seja, trabalhadores de teletrabalho e de trabalho presencial v\u00e3o contribuir com os mesmos valores.<\/p>\n<p>&nbsp;<\/p>\n<h2>Equipamentos e resid\u00eancia<\/h2>\n<p>Por fim, duas mudan\u00e7as significativas se referem a equipamentos e localidade, no caso de regimes home office.<\/p>\n<p>No caso de equipamentos (luz, telefonia, internet e similares), a empresa pode reembolsar o trabalhador, se estiver no contrato.<\/p>\n<p>No caso de localidade, a MP autoriza funcion\u00e1rios em teletrabalho a morarem em outras cidade.<\/p>\n","protected":false},"excerpt":{"rendered":"<p>&nbsp; No dia 28 de mar\u00e7o de 2022, foi publicado no Di\u00e1rio Oficial da Uni\u00e3o uma Medida Provis\u00f3ria que regulamenta algumas regras para o home office, modalidade que ap\u00f3s 2020 se tornou muito mais comum. A situa\u00e7\u00e3o de muitos trabalhadores estava sendo descrita, por alguns analistas, como beirando \u00e0 calamidade. Logo, essa medida pode vir [&hellip;]<\/p>\n","protected":false},"author":9,"featured_media":2424,"comment_status":"open","ping_status":"open","sticky":false,"template":"","format":"standard","meta":{"jnews-multi-image_gallery":[],"jnews_single_post":[],"jnews_primary_category":[],"jnews_social_meta":[],"jnews_override_counter":[],"footnotes":""},"categories":[22],"tags":[368,182,376],"class_list":["post-2423","post","type-post","status-publish","format-standard","has-post-thumbnail","hentry","category-noticias","tag-direito-trabalhista","tag-home-office","tag-legislacao"],"yoast_head":"<!-- This site is optimized with the Yoast SEO Premium plugin v27.4 (Yoast SEO v27.4) - https:\/\/yoast.com\/product\/yoast-seo-premium-wordpress\/ -->\n<title>Como a MP 1.108 altera os regimes de trabalho? - Blog Pensar Cursos<\/title>\n<meta name=\"description\" content=\"&nbsp; No dia 28 de mar\u00e7o de 2022, foi publicado no Di\u00e1rio Oficial da Uni\u00e3o uma Medida Provis\u00f3ria que regulamenta algumas regras para o home office,\" \/>\n<meta name=\"robots\" content=\"index, follow, max-snippet:-1, max-image-preview:large, max-video-preview:-1\" \/>\n<link rel=\"canonical\" href=\"https:\/\/www.pensarcursos.com.br\/blog\/como-a-mp-1-108-altera-os-regimes-de-trabalho\/\" \/>\n<meta property=\"og:locale\" content=\"pt_BR\" \/>\n<meta property=\"og:type\" content=\"article\" \/>\n<meta property=\"og:title\" content=\"Como a MP 1.108 altera os regimes de trabalho?\" \/>\n<meta property=\"og:description\" content=\"&nbsp; No dia 28 de mar\u00e7o de 2022, foi publicado no Di\u00e1rio Oficial da Uni\u00e3o uma Medida Provis\u00f3ria que regulamenta algumas regras para o home office,\" \/>\n<meta property=\"og:url\" content=\"https:\/\/www.pensarcursos.com.br\/blog\/como-a-mp-1-108-altera-os-regimes-de-trabalho\/\" \/>\n<meta property=\"og:site_name\" content=\"Blog Pensar Cursos\" \/>\n<meta property=\"article:publisher\" content=\"https:\/\/www.facebook.com\/pensarcursos\/\" \/>\n<meta property=\"article:published_time\" content=\"2022-03-31T21:57:16+00:00\" \/>\n<meta property=\"og:image\" content=\"https:\/\/www.pensarcursos.com.br\/blog\/wp-content\/uploads\/2022\/03\/jenny-ueberberg-BaSeK7rwc1A-unsplash.jpg\" \/>\n\t<meta property=\"og:image:width\" content=\"640\" \/>\n\t<meta property=\"og:image:height\" content=\"427\" \/>\n\t<meta property=\"og:image:type\" content=\"image\/jpeg\" \/>\n<meta name=\"author\" content=\"Lucas Grosso\" \/>\n<meta name=\"twitter:card\" content=\"summary_large_image\" \/>\n<meta name=\"twitter:label1\" content=\"Escrito por\" \/>\n\t<meta name=\"twitter:data1\" content=\"Lucas Grosso\" \/>\n\t<meta name=\"twitter:label2\" content=\"Est. tempo de leitura\" \/>\n\t<meta name=\"twitter:data2\" content=\"3 minutos\" \/>\n<!-- \/ Yoast SEO Premium plugin. -->","yoast_head_json":{"title":"Como a MP 1.108 altera os regimes de trabalho? - Blog Pensar Cursos","description":"&nbsp; No dia 28 de mar\u00e7o de 2022, foi publicado no Di\u00e1rio Oficial da Uni\u00e3o uma Medida Provis\u00f3ria que regulamenta algumas regras para o home office,","robots":{"index":"index","follow":"follow","max-snippet":"max-snippet:-1","max-image-preview":"max-image-preview:large","max-video-preview":"max-video-preview:-1"},"canonical":"https:\/\/www.pensarcursos.com.br\/blog\/como-a-mp-1-108-altera-os-regimes-de-trabalho\/","og_locale":"pt_BR","og_type":"article","og_title":"Como a MP 1.108 altera os regimes de trabalho?","og_description":"&nbsp; No dia 28 de mar\u00e7o de 2022, foi publicado no Di\u00e1rio Oficial da Uni\u00e3o uma Medida Provis\u00f3ria que regulamenta algumas regras para o home office,","og_url":"https:\/\/www.pensarcursos.com.br\/blog\/como-a-mp-1-108-altera-os-regimes-de-trabalho\/","og_site_name":"Blog Pensar Cursos","article_publisher":"https:\/\/www.facebook.com\/pensarcursos\/","article_published_time":"2022-03-31T21:57:16+00:00","og_image":[{"width":640,"height":427,"url":"https:\/\/www.pensarcursos.com.br\/blog\/wp-content\/uploads\/2022\/03\/jenny-ueberberg-BaSeK7rwc1A-unsplash.jpg","type":"image\/jpeg"}],"author":"Lucas Grosso","twitter_card":"summary_large_image","twitter_misc":{"Escrito por":"Lucas Grosso","Est. tempo de leitura":"3 minutos"},"schema":{"@context":"https:\/\/schema.org","@graph":[{"@type":["Article","BlogPosting"],"@id":"https:\/\/www.pensarcursos.com.br\/blog\/como-a-mp-1-108-altera-os-regimes-de-trabalho\/#article","isPartOf":{"@id":"https:\/\/www.pensarcursos.com.br\/blog\/como-a-mp-1-108-altera-os-regimes-de-trabalho\/"},"author":{"name":"Lucas Grosso","@id":"https:\/\/www.pensarcursos.com.br\/blog\/#\/schema\/person\/0392473a8e472f0517e3dd8ec54652d0"},"headline":"Como a MP 1.108 altera os regimes de trabalho?","datePublished":"2022-03-31T21:57:16+00:00","mainEntityOfPage":{"@id":"https:\/\/www.pensarcursos.com.br\/blog\/como-a-mp-1-108-altera-os-regimes-de-trabalho\/"},"wordCount":543,"commentCount":0,"publisher":{"@id":"https:\/\/www.pensarcursos.com.br\/blog\/#organization"},"image":{"@id":"https:\/\/www.pensarcursos.com.br\/blog\/como-a-mp-1-108-altera-os-regimes-de-trabalho\/#primaryimage"},"thumbnailUrl":"https:\/\/www.pensarcursos.com.br\/blog\/wp-content\/uploads\/2022\/03\/jenny-ueberberg-BaSeK7rwc1A-unsplash.jpg","keywords":["Direito Trabalhista","Home Office","Legisla\u00e7\u00e3o"],"articleSection":["Not\u00edcias"],"inLanguage":"pt-BR","potentialAction":[{"@type":"CommentAction","name":"Comment","target":["https:\/\/www.pensarcursos.com.br\/blog\/como-a-mp-1-108-altera-os-regimes-de-trabalho\/#respond"]}],"copyrightYear":"2022","copyrightHolder":{"@id":"https:\/\/www.pensarcursos.com.br\/blog\/#organization"}},{"@type":"WebPage","@id":"https:\/\/www.pensarcursos.com.br\/blog\/como-a-mp-1-108-altera-os-regimes-de-trabalho\/","url":"https:\/\/www.pensarcursos.com.br\/blog\/como-a-mp-1-108-altera-os-regimes-de-trabalho\/","name":"Como a MP 1.108 altera os regimes de trabalho? - Blog Pensar Cursos","isPartOf":{"@id":"https:\/\/www.pensarcursos.com.br\/blog\/#website"},"primaryImageOfPage":{"@id":"https:\/\/www.pensarcursos.com.br\/blog\/como-a-mp-1-108-altera-os-regimes-de-trabalho\/#primaryimage"},"image":{"@id":"https:\/\/www.pensarcursos.com.br\/blog\/como-a-mp-1-108-altera-os-regimes-de-trabalho\/#primaryimage"},"thumbnailUrl":"https:\/\/www.pensarcursos.com.br\/blog\/wp-content\/uploads\/2022\/03\/jenny-ueberberg-BaSeK7rwc1A-unsplash.jpg","datePublished":"2022-03-31T21:57:16+00:00","description":"&nbsp; No dia 28 de mar\u00e7o de 2022, foi publicado no Di\u00e1rio Oficial da Uni\u00e3o uma Medida Provis\u00f3ria que regulamenta algumas regras para o home office,","breadcrumb":{"@id":"https:\/\/www.pensarcursos.com.br\/blog\/como-a-mp-1-108-altera-os-regimes-de-trabalho\/#breadcrumb"},"inLanguage":"pt-BR","potentialAction":[{"@type":"ReadAction","target":["https:\/\/www.pensarcursos.com.br\/blog\/como-a-mp-1-108-altera-os-regimes-de-trabalho\/"]}]},{"@type":"ImageObject","inLanguage":"pt-BR","@id":"https:\/\/www.pensarcursos.com.br\/blog\/como-a-mp-1-108-altera-os-regimes-de-trabalho\/#primaryimage","url":"https:\/\/www.pensarcursos.com.br\/blog\/wp-content\/uploads\/2022\/03\/jenny-ueberberg-BaSeK7rwc1A-unsplash.jpg","contentUrl":"https:\/\/www.pensarcursos.com.br\/blog\/wp-content\/uploads\/2022\/03\/jenny-ueberberg-BaSeK7rwc1A-unsplash.jpg","width":640,"height":427},{"@type":"BreadcrumbList","@id":"https:\/\/www.pensarcursos.com.br\/blog\/como-a-mp-1-108-altera-os-regimes-de-trabalho\/#breadcrumb","itemListElement":[{"@type":"ListItem","position":1,"name":"Home","item":"https:\/\/www.pensarcursos.com.br\/blog\/"},{"@type":"ListItem","position":2,"name":"Como a MP 1.108 altera os regimes de trabalho?"}]},{"@type":"WebSite","@id":"https:\/\/www.pensarcursos.com.br\/blog\/#website","url":"https:\/\/www.pensarcursos.com.br\/blog\/","name":"Blog Pensar Cursos","description":"Maior Site de Cursos do Brasil","publisher":{"@id":"https:\/\/www.pensarcursos.com.br\/blog\/#organization"},"alternateName":"Blog Pensar","potentialAction":[{"@type":"SearchAction","target":{"@type":"EntryPoint","urlTemplate":"https:\/\/www.pensarcursos.com.br\/blog\/?s={search_term_string}"},"query-input":{"@type":"PropertyValueSpecification","valueRequired":true,"valueName":"search_term_string"}}],"inLanguage":"pt-BR"},{"@type":"Organization","@id":"https:\/\/www.pensarcursos.com.br\/blog\/#organization","name":"Pensar Cursos","alternateName":"Blog pensar","url":"https:\/\/www.pensarcursos.com.br\/blog\/","logo":{"@type":"ImageObject","inLanguage":"pt-BR","@id":"https:\/\/www.pensarcursos.com.br\/blog\/#\/schema\/logo\/image\/","url":"https:\/\/www.pensarcursos.com.br\/blog\/wp-content\/uploads\/2023\/11\/Nova-Logo-Pensar-Cursos-vertical.png","contentUrl":"https:\/\/www.pensarcursos.com.br\/blog\/wp-content\/uploads\/2023\/11\/Nova-Logo-Pensar-Cursos-vertical.png","width":1393,"height":1001,"caption":"Pensar Cursos"},"image":{"@id":"https:\/\/www.pensarcursos.com.br\/blog\/#\/schema\/logo\/image\/"},"sameAs":["https:\/\/www.facebook.com\/pensarcursos\/","https:\/\/instagram.com.br\/pensarcursos"],"description":"Pensar Cursos \u00e9 uma empresa especializada em oferecer cursos de alta qualidade voltados para o desenvolvimento profissional e acad\u00eamico. Com uma ampla gama de op\u00e7\u00f5es de treinamento, oferecemos conte\u00fados atualizados, ministrados por especialistas da \u00e1rea, para capacitar indiv\u00edduos e equipes a atingirem seus objetivos. Nossa miss\u00e3o \u00e9 proporcionar uma educa\u00e7\u00e3o transformadora, acess\u00edvel e personalizada para cada aluno, seja em cursos presenciais ou online. Com uma abordagem inovadora, buscamos adaptar os nossos programas de ensino \u00e0s necessidades do mercado, criando solu\u00e7\u00f5es que atendem aos desafios e exig\u00eancias do mundo corporativo e acad\u00eamico. Nossos cursos incluem desde forma\u00e7\u00f5es t\u00e9cnicas at\u00e9 habilidades essenciais, como lideran\u00e7a, gest\u00e3o e desenvolvimento pessoal.","email":"contato@pensarcursos.com.br","legalName":"Sena Servi\u00e7os de Informa\u00e7\u00e3o Online LTDA","foundingDate":"2013-04-18","vatID":"17956217000172","numberOfEmployees":{"@type":"QuantitativeValue","minValue":"11","maxValue":"50"},"publishingPrinciples":"https:\/\/www.pensarcursos.com.br\/blog\/principios-de-publicacao\/","ownershipFundingInfo":"https:\/\/www.pensarcursos.com.br\/blog\/informacoes-de-propriedade-financiamento\/","actionableFeedbackPolicy":"https:\/\/www.pensarcursos.com.br\/blog\/politica-de-feedback-acionavel\/","correctionsPolicy":"https:\/\/www.pensarcursos.com.br\/blog\/politica-de-correcoes\/","ethicsPolicy":"https:\/\/www.pensarcursos.com.br\/blog\/politica-de-etica\/"},{"@type":"Person","@id":"https:\/\/www.pensarcursos.com.br\/blog\/#\/schema\/person\/0392473a8e472f0517e3dd8ec54652d0","name":"Lucas Grosso","image":{"@type":"ImageObject","inLanguage":"pt-BR","@id":"https:\/\/secure.gravatar.com\/avatar\/3c38d1d2f55117c571ce5cf342c3c4caf25766a81aaf909ebe03b7260e593be8?s=96&d=mm&r=g","url":"https:\/\/secure.gravatar.com\/avatar\/3c38d1d2f55117c571ce5cf342c3c4caf25766a81aaf909ebe03b7260e593be8?s=96&d=mm&r=g","contentUrl":"https:\/\/secure.gravatar.com\/avatar\/3c38d1d2f55117c571ce5cf342c3c4caf25766a81aaf909ebe03b7260e593be8?s=96&d=mm&r=g","caption":"Lucas Grosso"},"description":"Formado em Letras, com Mestrado em Literatura. Adoro livros, e nunca paro de estudar coisas das mais variadas, de Poesia \u00e0 Franc\u00eas, passando por Hist\u00f3ria e Psicologia. Tenho dois livros de poesia publicados, e outros a caminho.","url":"https:\/\/www.pensarcursos.com.br\/blog\/author\/lucas\/"}]}},"_links":{"self":[{"href":"https:\/\/www.pensarcursos.com.br\/blog\/wp-json\/wp\/v2\/posts\/2423","targetHints":{"allow":["GET"]}}],"collection":[{"href":"https:\/\/www.pensarcursos.com.br\/blog\/wp-json\/wp\/v2\/posts"}],"about":[{"href":"https:\/\/www.pensarcursos.com.br\/blog\/wp-json\/wp\/v2\/types\/post"}],"author":[{"embeddable":true,"href":"https:\/\/www.pensarcursos.com.br\/blog\/wp-json\/wp\/v2\/users\/9"}],"replies":[{"embeddable":true,"href":"https:\/\/www.pensarcursos.com.br\/blog\/wp-json\/wp\/v2\/comments?post=2423"}],"version-history":[{"count":0,"href":"https:\/\/www.pensarcursos.com.br\/blog\/wp-json\/wp\/v2\/posts\/2423\/revisions"}],"wp:featuredmedia":[{"embeddable":true,"href":"https:\/\/www.pensarcursos.com.br\/blog\/wp-json\/wp\/v2\/media\/2424"}],"wp:attachment":[{"href":"https:\/\/www.pensarcursos.com.br\/blog\/wp-json\/wp\/v2\/media?parent=2423"}],"wp:term":[{"taxonomy":"category","embeddable":true,"href":"https:\/\/www.pensarcursos.com.br\/blog\/wp-json\/wp\/v2\/categories?post=2423"},{"taxonomy":"post_tag","embeddable":true,"href":"https:\/\/www.pensarcursos.com.br\/blog\/wp-json\/wp\/v2\/tags?post=2423"}],"curies":[{"name":"wp","href":"https:\/\/api.w.org\/{rel}","templated":true}]}}