{"id":19128,"date":"2024-01-03T14:11:11","date_gmt":"2024-01-03T17:11:11","guid":{"rendered":"https:\/\/www.pensarcursos.com.br\/blog\/?p=19128"},"modified":"2024-01-03T14:11:11","modified_gmt":"2024-01-03T17:11:11","slug":"novo-salario-minimo-ja-entrou-em-vigor-entenda-aqui","status":"publish","type":"post","link":"https:\/\/www.pensarcursos.com.br\/blog\/novo-salario-minimo-ja-entrou-em-vigor-entenda-aqui\/","title":{"rendered":"Novo sal\u00e1rio m\u00ednimo j\u00e1 entrou em vigor? Entenda aqui!"},"content":{"rendered":"<p>No Brasil, o novo sal\u00e1rio m\u00ednimo entrou em vigor na segunda-feira (1\u00ba), estabelecendo-se em <strong>R$ 1.412.<\/strong> Este valor, que ser\u00e1 pago a partir de fevereiro, referente \u00e0 folha de janeiro, representa um aumento de 6,97% em rela\u00e7\u00e3o ao sal\u00e1rio de R$ 1.320, vigente de maio a dezembro de 2023.<\/p>\n<p>Aprovado no Or\u00e7amento Geral da Uni\u00e3o de 2024, o sal\u00e1rio m\u00ednimo de R$ 1.412 \u00e9 resultado da soma da infla\u00e7\u00e3o medida pelo \u00cdndice Nacional de Pre\u00e7os ao Consumidor (INPC) acumulado nos 12 meses encerrados em novembro (3,85%) e do crescimento de 3% do Produto Interno Bruto (PIB) em 2022.<\/p>\n<p>A nova pol\u00edtica de valoriza\u00e7\u00e3o do sal\u00e1rio m\u00ednimo, proposta pelo governo em maio, foi aprovada pela C\u00e2mara dos Deputados e pelo Senado em agosto do mesmo ano.<\/p>\n<p>Segundo o Departamento Intersindical de Estat\u00edstica e Estudos Socioecon\u00f4micos (Dieese), o reajuste beneficiar\u00e1 aproximadamente 59,3 milh\u00f5es de trabalhadores, resultando em um acr\u00e9scimo anual de R$ 69,9 bilh\u00f5es na renda.<\/p>\n<p>A entidade estima que, considerando Uni\u00e3o, estados e munic\u00edpios, o governo arrecadar\u00e1 R$ 37,7 bilh\u00f5es adicionais devido ao aumento do consumo relacionado ao sal\u00e1rio m\u00ednimo mais elevado.<\/p>\n<p><strong>Leia tamb\u00e9m: <\/strong><a href=\"https:\/\/www.pensarcursos.com.br\/blog\/jovens-que-querem-prestar-o-enem-podem-receber-r200-do-governo-veja-como\/\" target=\"_blank\" rel=\"noopener\"><span class=\"post-title\">Jovens que querem prestar o Enem podem receber R$200 do governo! Veja como<\/span><\/a><\/p>\n<h2>Novo Sal\u00e1rio m\u00ednimo ter\u00e1 um ganho real de 5,77%<\/h2>\n<p>O sal\u00e1rio m\u00ednimo, ao descontar a infla\u00e7\u00e3o medida pelo INPC, ter\u00e1 um ganho real de 5,77% em rela\u00e7\u00e3o a maio de 2023, quando passou a vigorar o m\u00ednimo de R$ 1.320.<\/p>\n<p>Considerando o sal\u00e1rio m\u00ednimo de R$ 1.302, que esteve em vigor de janeiro a abril, o ganho real ser\u00e1 de 4,69%. O Dieese destaca que o INPC, \u00edndice que mede a infla\u00e7\u00e3o das fam\u00edlias de menor renda, estava mais alto no in\u00edcio de 2023.<\/p>\n<p>A mudan\u00e7a na pol\u00edtica salarial do governo, retomando a corre\u00e7\u00e3o do sal\u00e1rio m\u00ednimo com base no crescimento do PIB, ocorreu em 2022. Anteriormente, de 2007 a 2019, a pol\u00edtica era semelhante, com a corre\u00e7\u00e3o pelo INPC do ano anterior mais o crescimento do PIB de dois anos antes.<\/p>\n<p>Apesar de o projeto de lei do Or\u00e7amento de 2024 estimar um sal\u00e1rio m\u00ednimo de R$ 1.421, o valor final foi ajustado para R$ 1.412 devido \u00e0 queda do INPC no segundo semestre.<\/p>\n<p>Esse novo sal\u00e1rio m\u00ednimo, al\u00e9m de impactar os gastos da Uni\u00e3o em R$ 35 bilh\u00f5es, refor\u00e7a a import\u00e2ncia dos benef\u00edcios da Previd\u00eancia Social atrelados a esse valor.<\/p>\n<p><strong>Leia tamb\u00e9m: <\/strong><a href=\"https:\/\/www.pensarcursos.com.br\/blog\/voce-tem-alguma-moedas-de-10-centavos-que-valem-muito-mais-do-que-voce-imagina\/\" target=\"_blank\" rel=\"noopener\"><span class=\"post-title\">Voc\u00ea tem alguma? Moedas de 10 centavos que valem MUITO MAIS do que voc\u00ea imagina<\/span><\/a><\/p>\n<h2>Impacto do aumento do sal\u00e1rio m\u00ednimo<\/h2>\n<p>O impacto desse reajuste estende-se a diversas esferas, come\u00e7ando pelo Instituto Nacional do Seguro Social (INSS). As aposentadorias, vinculadas ao sal\u00e1rio m\u00ednimo como base de pagamento, garantir\u00e3o aos benefici\u00e1rios um valor m\u00ednimo de R$ 1.421 a partir de 2024.<\/p>\n<p>No entanto, os aposentados que j\u00e1 recebem montantes superiores ao m\u00ednimo experimentar\u00e3o um reajuste percentual proporcionalmente menor.<\/p>\n<p>O abono salarial do PIS\/Pasep, destinado a trabalhadores formais e servidores p\u00fablicos, tamb\u00e9m ser\u00e1 influenciado pelo novo sal\u00e1rio m\u00ednimo, fixado em R$ 1.412 para 2024.<\/p>\n<p>Similarmente, o Benef\u00edcio de Presta\u00e7\u00e3o Continuada (BPC\/Loas), concedido a idosos acima de 65 anos e pessoas com defici\u00eancia de baixa renda, seguir\u00e1 o piso nacional estabelecido.<\/p>\n<p>Al\u00e9m disso, o reajuste do sal\u00e1rio m\u00ednimo reverbera na faixa inicial do seguro-desemprego, elevando o menor valor desse amparo para R$ 1.412 em 2024.<\/p>\n<p>No \u00e2mbito do Cadastro \u00danico (Cad\u00danico), utilizado como crit\u00e9rio para programas sociais federais, a defini\u00e7\u00e3o de baixa renda sofrer\u00e1 ajustes, passando de R$ 660 para R$ 706.<\/p>\n<p>As implica\u00e7\u00f5es se estendem tamb\u00e9m ao judici\u00e1rio, afetando o teto das indeniza\u00e7\u00f5es nos Juizados Especiais C\u00edveis e Federais, que aumenta de R$ 52.800 para R$ 56.480 com o novo valor do sal\u00e1rio m\u00ednimo.<\/p>\n<p>Por fim, os Microempreendedores Individuais (MEIs) sentir\u00e3o o impacto, pois sua contribui\u00e7\u00e3o para o INSS, baseada no sal\u00e1rio m\u00ednimo, passar\u00e1 de R$ 66 para R$ 70,60. Essas mudan\u00e7as refletem n\u00e3o apenas nas finan\u00e7as pessoais, mas tamb\u00e9m nas din\u00e2micas econ\u00f4micas e sociais do pa\u00eds.<\/p>\n<p><strong>Leia tamb\u00e9m:<\/strong><a href=\"https:\/\/www.pensarcursos.com.br\/blog\/bolsa-familia-diminuiu-de-valor\/\" target=\"_blank\" rel=\"noopener\"> Bolsa Fa<span class=\"post-title\">m\u00edlia DIMINUIU de valor? Entenda o que pode ter acontecido<\/span><\/a><\/p>\n<h2>Sal\u00e1rio M\u00ednimo de 2024: M\u00e9todo de C\u00e1lculo<\/h2>\n<p>Para o ano de 2024, o governo prop\u00f4s um sal\u00e1rio m\u00ednimo de R$ 1.412, representando um incremento em rela\u00e7\u00e3o aos R$ 1.320 vigentes em 2023. Mas como exatamente esse valor foi calculado?<\/p>\n<p>O c\u00e1lculo considera a infla\u00e7\u00e3o medida pelo \u00cdndice Nacional de Pre\u00e7os ao Consumidor (INPC) at\u00e9 novembro, conforme estipulado pela Constitui\u00e7\u00e3o, e incorpora o \u00edndice de crescimento real do Produto Interno Bruto (PIB) dos dois anos anteriores.<\/p>\n<p>Dessa forma, al\u00e9m da corre\u00e7\u00e3o inflacion\u00e1ria de 3,85%, o sal\u00e1rio m\u00ednimo de 2024 ter\u00e1 um aumento real de 3%, correspondente ao crescimento do PIB em 2022.<\/p>\n<p><strong>Leia tamb\u00e9m: <\/strong><a href=\"https:\/\/www.pensarcursos.com.br\/blog\/grande-mudanca-no-bolsa-familia-em-2024-vacina-do-covid-sera-obrigatoria\/\" target=\"_blank\" rel=\"noopener\"><span class=\"post-title\">Grande MUDAN\u00c7A no Bolsa Fam\u00edlia em 2024: Vacina do Covid ser\u00e1 OBRIGAT\u00d3RIA!<\/span><\/a><\/p>\n<h2>Impacto do Sal\u00e1rio M\u00ednimo na Economia<\/h2>\n<p>O sal\u00e1rio m\u00ednimo exerce um impacto significativo na economia brasileira. Segundo o Departamento Intersindical de Estat\u00edstica e Estudos Socioecon\u00f4micos (Dieese), o sal\u00e1rio m\u00ednimo serve como refer\u00eancia para 54 milh\u00f5es de pessoas no Brasil, equivalendo a um em cada quatro brasileiros.<\/p>\n<p>O aumento do sal\u00e1rio m\u00ednimo n\u00e3o apenas beneficia diretamente aqueles que recebem esse montante, mas tamb\u00e9m gera efeitos indiretos na economia, incluindo o aumento da m\u00e9dia salarial dos brasileiros e a eleva\u00e7\u00e3o do poder de compra dos trabalhadores.<\/p>\n<p><strong>Leia tamb\u00e9m: <\/strong><a href=\"https:\/\/www.pensarcursos.com.br\/blog\/essa-moeda-super-rara-e-valiosa-pode-render-ate-r36-mil-veja-como-identifica-la\/\" target=\"_blank\" rel=\"noopener\"><span class=\"post-title\">Essa moeda SUPER rara e valiosa pode render at\u00e9 R$3,6 MIL! Veja como identific\u00e1-la<\/span><\/a><\/p>\n","protected":false},"excerpt":{"rendered":"<p>No Brasil, o novo sal\u00e1rio m\u00ednimo entrou em vigor na segunda-feira (1\u00ba), estabelecendo-se em R$ 1.412. Este valor, que ser\u00e1 pago a partir de fevereiro, referente \u00e0 folha de janeiro, representa um aumento de 6,97% em rela\u00e7\u00e3o ao sal\u00e1rio de R$ 1.320, vigente de maio a dezembro de 2023. Aprovado no Or\u00e7amento Geral da Uni\u00e3o [&hellip;]<\/p>\n","protected":false},"author":26,"featured_media":19130,"comment_status":"open","ping_status":"closed","sticky":false,"template":"","format":"standard","meta":{"jnews-multi-image_gallery":[],"jnews_single_post":[],"jnews_primary_category":[],"jnews_social_meta":[],"jnews_override_counter":[],"footnotes":""},"categories":[1628],"tags":[2192,2296,2191,2874],"class_list":["post-19128","post","type-post","status-publish","format-standard","has-post-thumbnail","hentry","category-atualidades","tag-novo-salario-minimo","tag-salario-minimo","tag-salario-minimo-2024","tag-valor-do-salario-minimo"],"yoast_head":"<!-- This site is optimized with the Yoast SEO Premium plugin v27.5 (Yoast SEO v27.5) - https:\/\/yoast.com\/product\/yoast-seo-premium-wordpress\/ -->\n<title>Novo sal\u00e1rio m\u00ednimo j\u00e1 entrou em vigor? Entenda aqui! - Blog Pensar Cursos<\/title>\n<meta name=\"description\" content=\"No Brasil, o novo sal\u00e1rio m\u00ednimo entrou em vigor na segunda-feira (1\u00ba), estabelecendo-se em R$ 1.412. Este valor, que ser\u00e1 pago a partir de fevereiro,\" \/>\n<meta name=\"robots\" content=\"index, follow, max-snippet:-1, max-image-preview:large, max-video-preview:-1\" \/>\n<link rel=\"canonical\" href=\"https:\/\/www.pensarcursos.com.br\/blog\/novo-salario-minimo-ja-entrou-em-vigor-entenda-aqui\/\" \/>\n<meta property=\"og:locale\" content=\"pt_BR\" \/>\n<meta property=\"og:type\" content=\"article\" \/>\n<meta property=\"og:title\" content=\"Novo sal\u00e1rio m\u00ednimo j\u00e1 entrou em vigor? Entenda aqui!\" \/>\n<meta property=\"og:description\" content=\"No Brasil, o novo sal\u00e1rio m\u00ednimo entrou em vigor na segunda-feira (1\u00ba), estabelecendo-se em R$ 1.412. Este valor, que ser\u00e1 pago a partir de fevereiro,\" \/>\n<meta property=\"og:url\" content=\"https:\/\/www.pensarcursos.com.br\/blog\/novo-salario-minimo-ja-entrou-em-vigor-entenda-aqui\/\" \/>\n<meta property=\"og:site_name\" content=\"Blog Pensar Cursos\" \/>\n<meta property=\"article:publisher\" content=\"https:\/\/www.facebook.com\/pensarcursos\/\" \/>\n<meta property=\"article:published_time\" content=\"2024-01-03T17:11:11+00:00\" \/>\n<meta property=\"og:image\" content=\"https:\/\/www.pensarcursos.com.br\/blog\/wp-content\/uploads\/2024\/01\/GettyImages-1847136607-1.webp\" \/>\n\t<meta property=\"og:image:width\" content=\"1024\" \/>\n\t<meta property=\"og:image:height\" content=\"682\" \/>\n\t<meta property=\"og:image:type\" content=\"image\/webp\" \/>\n<meta name=\"author\" content=\"Natalia Rosso\" \/>\n<meta name=\"twitter:card\" content=\"summary_large_image\" \/>\n<meta name=\"twitter:label1\" content=\"Escrito por\" \/>\n\t<meta name=\"twitter:data1\" content=\"Natalia Rosso\" \/>\n\t<meta name=\"twitter:label2\" content=\"Est. tempo de leitura\" \/>\n\t<meta name=\"twitter:data2\" content=\"5 minutos\" \/>\n<!-- \/ Yoast SEO Premium plugin. -->","yoast_head_json":{"title":"Novo sal\u00e1rio m\u00ednimo j\u00e1 entrou em vigor? Entenda aqui! - Blog Pensar Cursos","description":"No Brasil, o novo sal\u00e1rio m\u00ednimo entrou em vigor na segunda-feira (1\u00ba), estabelecendo-se em R$ 1.412. Este valor, que ser\u00e1 pago a partir de fevereiro,","robots":{"index":"index","follow":"follow","max-snippet":"max-snippet:-1","max-image-preview":"max-image-preview:large","max-video-preview":"max-video-preview:-1"},"canonical":"https:\/\/www.pensarcursos.com.br\/blog\/novo-salario-minimo-ja-entrou-em-vigor-entenda-aqui\/","og_locale":"pt_BR","og_type":"article","og_title":"Novo sal\u00e1rio m\u00ednimo j\u00e1 entrou em vigor? Entenda aqui!","og_description":"No Brasil, o novo sal\u00e1rio m\u00ednimo entrou em vigor na segunda-feira (1\u00ba), estabelecendo-se em R$ 1.412. Este valor, que ser\u00e1 pago a partir de fevereiro,","og_url":"https:\/\/www.pensarcursos.com.br\/blog\/novo-salario-minimo-ja-entrou-em-vigor-entenda-aqui\/","og_site_name":"Blog Pensar Cursos","article_publisher":"https:\/\/www.facebook.com\/pensarcursos\/","article_published_time":"2024-01-03T17:11:11+00:00","og_image":[{"width":1024,"height":682,"url":"https:\/\/www.pensarcursos.com.br\/blog\/wp-content\/uploads\/2024\/01\/GettyImages-1847136607-1.webp","type":"image\/webp"}],"author":"Natalia Rosso","twitter_card":"summary_large_image","twitter_misc":{"Escrito por":"Natalia Rosso","Est. tempo de leitura":"5 minutos"},"schema":{"@context":"https:\/\/schema.org","@graph":[{"@type":["Article","BlogPosting"],"@id":"https:\/\/www.pensarcursos.com.br\/blog\/novo-salario-minimo-ja-entrou-em-vigor-entenda-aqui\/#article","isPartOf":{"@id":"https:\/\/www.pensarcursos.com.br\/blog\/novo-salario-minimo-ja-entrou-em-vigor-entenda-aqui\/"},"author":{"name":"Natalia Rosso","@id":"https:\/\/www.pensarcursos.com.br\/blog\/#\/schema\/person\/0443cdf278c03e030f77bd1e61b1ca3a"},"headline":"Novo sal\u00e1rio m\u00ednimo j\u00e1 entrou em vigor? Entenda aqui!","datePublished":"2024-01-03T17:11:11+00:00","mainEntityOfPage":{"@id":"https:\/\/www.pensarcursos.com.br\/blog\/novo-salario-minimo-ja-entrou-em-vigor-entenda-aqui\/"},"wordCount":970,"commentCount":0,"publisher":{"@id":"https:\/\/www.pensarcursos.com.br\/blog\/#organization"},"image":{"@id":"https:\/\/www.pensarcursos.com.br\/blog\/novo-salario-minimo-ja-entrou-em-vigor-entenda-aqui\/#primaryimage"},"thumbnailUrl":"https:\/\/www.pensarcursos.com.br\/blog\/wp-content\/uploads\/2024\/01\/GettyImages-1847136607-1.webp","keywords":["Novo sal\u00e1rio m\u00ednimo","sal\u00e1rio m\u00ednimo","Sal\u00e1rio m\u00ednimo 2024","valor do sal\u00e1rio m\u00ednimo"],"articleSection":["Atualidades"],"inLanguage":"pt-BR","potentialAction":[{"@type":"CommentAction","name":"Comment","target":["https:\/\/www.pensarcursos.com.br\/blog\/novo-salario-minimo-ja-entrou-em-vigor-entenda-aqui\/#respond"]}],"copyrightYear":"2024","copyrightHolder":{"@id":"https:\/\/www.pensarcursos.com.br\/blog\/#organization"}},{"@type":"WebPage","@id":"https:\/\/www.pensarcursos.com.br\/blog\/novo-salario-minimo-ja-entrou-em-vigor-entenda-aqui\/","url":"https:\/\/www.pensarcursos.com.br\/blog\/novo-salario-minimo-ja-entrou-em-vigor-entenda-aqui\/","name":"Novo sal\u00e1rio m\u00ednimo j\u00e1 entrou em vigor? Entenda aqui! - Blog Pensar Cursos","isPartOf":{"@id":"https:\/\/www.pensarcursos.com.br\/blog\/#website"},"primaryImageOfPage":{"@id":"https:\/\/www.pensarcursos.com.br\/blog\/novo-salario-minimo-ja-entrou-em-vigor-entenda-aqui\/#primaryimage"},"image":{"@id":"https:\/\/www.pensarcursos.com.br\/blog\/novo-salario-minimo-ja-entrou-em-vigor-entenda-aqui\/#primaryimage"},"thumbnailUrl":"https:\/\/www.pensarcursos.com.br\/blog\/wp-content\/uploads\/2024\/01\/GettyImages-1847136607-1.webp","datePublished":"2024-01-03T17:11:11+00:00","description":"No Brasil, o novo sal\u00e1rio m\u00ednimo entrou em vigor na segunda-feira (1\u00ba), estabelecendo-se em R$ 1.412. Este valor, que ser\u00e1 pago a partir de fevereiro,","breadcrumb":{"@id":"https:\/\/www.pensarcursos.com.br\/blog\/novo-salario-minimo-ja-entrou-em-vigor-entenda-aqui\/#breadcrumb"},"inLanguage":"pt-BR","potentialAction":[{"@type":"ReadAction","target":["https:\/\/www.pensarcursos.com.br\/blog\/novo-salario-minimo-ja-entrou-em-vigor-entenda-aqui\/"]}]},{"@type":"ImageObject","inLanguage":"pt-BR","@id":"https:\/\/www.pensarcursos.com.br\/blog\/novo-salario-minimo-ja-entrou-em-vigor-entenda-aqui\/#primaryimage","url":"https:\/\/www.pensarcursos.com.br\/blog\/wp-content\/uploads\/2024\/01\/GettyImages-1847136607-1.webp","contentUrl":"https:\/\/www.pensarcursos.com.br\/blog\/wp-content\/uploads\/2024\/01\/GettyImages-1847136607-1.webp","width":1024,"height":682,"caption":"Esse novo sal\u00e1rio m\u00ednimo, al\u00e9m de impactar os gastos da Uni\u00e3o em R$ 35 bilh\u00f5es, refor\u00e7a a import\u00e2ncia dos benef\u00edcios da Previd\u00eancia Social atrelados a esse valor. Imagem: Getty Images"},{"@type":"BreadcrumbList","@id":"https:\/\/www.pensarcursos.com.br\/blog\/novo-salario-minimo-ja-entrou-em-vigor-entenda-aqui\/#breadcrumb","itemListElement":[{"@type":"ListItem","position":1,"name":"Home","item":"https:\/\/www.pensarcursos.com.br\/blog\/"},{"@type":"ListItem","position":2,"name":"Novo sal\u00e1rio m\u00ednimo j\u00e1 entrou em vigor? Entenda aqui!"}]},{"@type":"WebSite","@id":"https:\/\/www.pensarcursos.com.br\/blog\/#website","url":"https:\/\/www.pensarcursos.com.br\/blog\/","name":"Blog Pensar Cursos","description":"Maior Site de Cursos do Brasil","publisher":{"@id":"https:\/\/www.pensarcursos.com.br\/blog\/#organization"},"alternateName":"Blog Pensar","potentialAction":[{"@type":"SearchAction","target":{"@type":"EntryPoint","urlTemplate":"https:\/\/www.pensarcursos.com.br\/blog\/?s={search_term_string}"},"query-input":{"@type":"PropertyValueSpecification","valueRequired":true,"valueName":"search_term_string"}}],"inLanguage":"pt-BR"},{"@type":"Organization","@id":"https:\/\/www.pensarcursos.com.br\/blog\/#organization","name":"Pensar Cursos","alternateName":"Blog pensar","url":"https:\/\/www.pensarcursos.com.br\/blog\/","logo":{"@type":"ImageObject","inLanguage":"pt-BR","@id":"https:\/\/www.pensarcursos.com.br\/blog\/#\/schema\/logo\/image\/","url":"https:\/\/www.pensarcursos.com.br\/blog\/wp-content\/uploads\/2023\/11\/Nova-Logo-Pensar-Cursos-vertical.png","contentUrl":"https:\/\/www.pensarcursos.com.br\/blog\/wp-content\/uploads\/2023\/11\/Nova-Logo-Pensar-Cursos-vertical.png","width":1393,"height":1001,"caption":"Pensar Cursos"},"image":{"@id":"https:\/\/www.pensarcursos.com.br\/blog\/#\/schema\/logo\/image\/"},"sameAs":["https:\/\/www.facebook.com\/pensarcursos\/","https:\/\/instagram.com.br\/pensarcursos"],"description":"Pensar Cursos \u00e9 uma empresa especializada em oferecer cursos de alta qualidade voltados para o desenvolvimento profissional e acad\u00eamico. Com uma ampla gama de op\u00e7\u00f5es de treinamento, oferecemos conte\u00fados atualizados, ministrados por especialistas da \u00e1rea, para capacitar indiv\u00edduos e equipes a atingirem seus objetivos. Nossa miss\u00e3o \u00e9 proporcionar uma educa\u00e7\u00e3o transformadora, acess\u00edvel e personalizada para cada aluno, seja em cursos presenciais ou online. Com uma abordagem inovadora, buscamos adaptar os nossos programas de ensino \u00e0s necessidades do mercado, criando solu\u00e7\u00f5es que atendem aos desafios e exig\u00eancias do mundo corporativo e acad\u00eamico. Nossos cursos incluem desde forma\u00e7\u00f5es t\u00e9cnicas at\u00e9 habilidades essenciais, como lideran\u00e7a, gest\u00e3o e desenvolvimento pessoal.","email":"contato@pensarcursos.com.br","legalName":"Sena Servi\u00e7os de Informa\u00e7\u00e3o Online LTDA","foundingDate":"2013-04-18","vatID":"17956217000172","numberOfEmployees":{"@type":"QuantitativeValue","minValue":"11","maxValue":"50"},"publishingPrinciples":"https:\/\/www.pensarcursos.com.br\/blog\/principios-de-publicacao\/","ownershipFundingInfo":"https:\/\/www.pensarcursos.com.br\/blog\/informacoes-de-propriedade-financiamento\/","actionableFeedbackPolicy":"https:\/\/www.pensarcursos.com.br\/blog\/politica-de-feedback-acionavel\/","correctionsPolicy":"https:\/\/www.pensarcursos.com.br\/blog\/politica-de-correcoes\/","ethicsPolicy":"https:\/\/www.pensarcursos.com.br\/blog\/politica-de-etica\/"},{"@type":"Person","@id":"https:\/\/www.pensarcursos.com.br\/blog\/#\/schema\/person\/0443cdf278c03e030f77bd1e61b1ca3a","name":"Natalia Rosso","image":{"@type":"ImageObject","inLanguage":"pt-BR","@id":"https:\/\/secure.gravatar.com\/avatar\/60aec9576bd7c9c49e66166755ac8737c479b8d127f172619f3718da731f9c98?s=96&d=mm&r=g","url":"https:\/\/secure.gravatar.com\/avatar\/60aec9576bd7c9c49e66166755ac8737c479b8d127f172619f3718da731f9c98?s=96&d=mm&r=g","contentUrl":"https:\/\/secure.gravatar.com\/avatar\/60aec9576bd7c9c49e66166755ac8737c479b8d127f172619f3718da731f9c98?s=96&d=mm&r=g","caption":"Natalia Rosso"},"description":"Jornalista, apaixonada pelas palavras e pelo poder transformador da informa\u00e7\u00e3o.","url":"https:\/\/www.pensarcursos.com.br\/blog\/author\/natalia\/"}]}},"_links":{"self":[{"href":"https:\/\/www.pensarcursos.com.br\/blog\/wp-json\/wp\/v2\/posts\/19128","targetHints":{"allow":["GET"]}}],"collection":[{"href":"https:\/\/www.pensarcursos.com.br\/blog\/wp-json\/wp\/v2\/posts"}],"about":[{"href":"https:\/\/www.pensarcursos.com.br\/blog\/wp-json\/wp\/v2\/types\/post"}],"author":[{"embeddable":true,"href":"https:\/\/www.pensarcursos.com.br\/blog\/wp-json\/wp\/v2\/users\/26"}],"replies":[{"embeddable":true,"href":"https:\/\/www.pensarcursos.com.br\/blog\/wp-json\/wp\/v2\/comments?post=19128"}],"version-history":[{"count":0,"href":"https:\/\/www.pensarcursos.com.br\/blog\/wp-json\/wp\/v2\/posts\/19128\/revisions"}],"wp:featuredmedia":[{"embeddable":true,"href":"https:\/\/www.pensarcursos.com.br\/blog\/wp-json\/wp\/v2\/media\/19130"}],"wp:attachment":[{"href":"https:\/\/www.pensarcursos.com.br\/blog\/wp-json\/wp\/v2\/media?parent=19128"}],"wp:term":[{"taxonomy":"category","embeddable":true,"href":"https:\/\/www.pensarcursos.com.br\/blog\/wp-json\/wp\/v2\/categories?post=19128"},{"taxonomy":"post_tag","embeddable":true,"href":"https:\/\/www.pensarcursos.com.br\/blog\/wp-json\/wp\/v2\/tags?post=19128"}],"curies":[{"name":"wp","href":"https:\/\/api.w.org\/{rel}","templated":true}]}}