{"id":1843,"date":"2021-10-14T10:45:40","date_gmt":"2021-10-14T13:45:40","guid":{"rendered":"https:\/\/www.pensarcursos.com.br\/blog\/?p=1843"},"modified":"2021-10-14T10:45:40","modified_gmt":"2021-10-14T13:45:40","slug":"5-mudancas-que-o-coronavirus-trouxe-e-que-vao-continuar-depois-do-fim-da-crise-sanitaria","status":"publish","type":"post","link":"https:\/\/www.pensarcursos.com.br\/blog\/5-mudancas-que-o-coronavirus-trouxe-e-que-vao-continuar-depois-do-fim-da-crise-sanitaria\/","title":{"rendered":"5 mudan\u00e7as que o coronav\u00edrus trouxe, e que v\u00e3o continuar depois do fim da crise sanit\u00e1ria"},"content":{"rendered":"<p>&nbsp;<\/p>\n<p>A ocorr\u00eancia mais decisiva para o s\u00e9culo 21, desde o 11 de Setembro de 2001 foi a crise sanit\u00e1ria provocada pelo Coronav\u00edrus, em 2020.<\/p>\n<p>Isso porque, al\u00e9m de evidenciar um problema ecol\u00f3gico e sanit\u00e1rio mundial (uma doen\u00e7a respirat\u00f3ria que se espalha pelo ar, e sobrevive em condi\u00e7\u00f5es de higiene prec\u00e1rias), o Covid-19 trouxe mudan\u00e7as nas rela\u00e7\u00f5es sociais e trabalhistas.<\/p>\n<p>Antes, regimes de trabalho semipresenciais e remotos eram uma realidade distante e restrita a uns poucos cargos. Al\u00e9m disso, muito das din\u00e2micas de estudo e lazer eram, quase exclusivamente, presenciais.<\/p>\n<p>A crise sanit\u00e1ria de 2020 trouxe enormes mudan\u00e7as. Algumas dessas mudan\u00e7as s\u00e3o transit\u00f3rias. Outras, contudo, \u201cvieram para ficar\u201d. Confira:<\/p>\n<p>&nbsp;<\/p>\n<h2>1.\u00a0\u00a0\u00a0\u00a0\u00a0 Mais teletrabalho, mesmo em empresas com regime presencial<\/h2>\n<p>Uma das principais mudan\u00e7as causadas pela crise sanit\u00e1ria de 2020 foi a ado\u00e7\u00e3o de regimes de teletrabalho.<\/p>\n<p>Os discursos acerca dessa modalidade s\u00e3o dos mais variados.<\/p>\n<p>A defesa mais justa \u00e9 no que se refere \u00e0 quest\u00e3o de sa\u00fade p\u00fablica, uma pauta real. Por\u00e9m, o aumento de produtividade que do home office levou empresas a abra\u00e7arem a modalidade.<\/p>\n<p>Al\u00e9m disso, o teletrabalho potencializa o trabalhar com pessoas de qualquer lugar do mundo, com menos custos.<\/p>\n<p>&nbsp;<\/p>\n<h2>2.\u00a0\u00a0\u00a0\u00a0\u00a0 Novas legisla\u00e7\u00f5es trabalhistas<\/h2>\n<p>Com mais empresas adotando teletrabalhos, e mais pessoas optando por empreendimentos aut\u00f4nomos, podemos dizer que a crise sanit\u00e1ria de 2020 est\u00e1 mudando as leis.<\/p>\n<p>A legisla\u00e7\u00e3o trabalhista ainda est\u00e1 sendo adaptada a esses novos formatos. Os estudos em medicina do trabalho, tamb\u00e9m. Entretanto, o fato \u00e9: o teletrabalho veio para ficar.<\/p>\n<p>Logo, chefias precisam adequar suas empresas ao home office, legalmente falando. Escrit\u00f3rios de advocacia come\u00e7am a se especializar, tamb\u00e9m.<\/p>\n<p>&nbsp;<\/p>\n<h2>3.\u00a0\u00a0\u00a0\u00a0\u00a0 O avan\u00e7o do e-commerce<\/h2>\n<p>A crise sanit\u00e1ria de 2020 levou muitas pessoas a evitarem sair para as compras, de qualquer natureza. De compras de mercado \u00e0 produtos de luxo, vimos um crescimento no e-commerce.<\/p>\n<p>Isso levou marcas a incrementarem seus servi\u00e7os de entrega, al\u00e9m de aprimorarem suas lojas virtuais. Do outro lado, vimos muitos pequenos neg\u00f3cios surgirem e prosperarem \u2013 exclusivamente \u2013 pelo e-commerce.<\/p>\n<p>At\u00e9 mesmo o ato de experimentar uma roupa, antes feita em provadores, tornou-se poss\u00edvel nas compras online.<\/p>\n<p>&nbsp;<\/p>\n<h2>4.\u00a0\u00a0\u00a0\u00a0\u00a0 Mais eventos online<\/h2>\n<p>Antes de 2020, havia muitos eventos e cursos presenciais e alguns poucos online. Hoje, o que vemos \u00e9 uma tend\u00eancia ao crescimento dessas modalidades.<\/p>\n<p>A possibilidade de fazer cursos ou ver pe\u00e7as e shows em tempo real, em outro pa\u00eds, levou muitas pessoas as preferirem eventos online aos presenciais.<\/p>\n<p>Claro que as din\u00e2micas s\u00e3o diferentes. Por\u00e9m, algumas perdas se compensam com ganhos que apenas no online, s\u00e3o poss\u00edveis.<\/p>\n<p>&nbsp;<\/p>\n<h2>5.\u00a0\u00a0\u00a0\u00a0\u00a0 O avan\u00e7o das vacinas gen\u00e9ticas<\/h2>\n<p>Uma das principais mudan\u00e7as causadas pela crise sanit\u00e1ria de 2020 foi em rela\u00e7\u00e3o a medicina.<\/p>\n<p>Aqui, contudo, n\u00e3o pensamos s\u00f3 nos aparelhos de interna\u00e7\u00e3o. As vacinas foram algumas das subst\u00e2ncias que mais foram estudadas, principalmente, as experimentais.<\/p>\n<p>Vacinas com C\u00e9lulas T e DNA come\u00e7aram a ser testadas, levantando a possibilidade de estarmos pr\u00f3ximos de vacinas contra como HIV ou C\u00e2ncer.<\/p>\n","protected":false},"excerpt":{"rendered":"<p>&nbsp; A ocorr\u00eancia mais decisiva para o s\u00e9culo 21, desde o 11 de Setembro de 2001 foi a crise sanit\u00e1ria provocada pelo Coronav\u00edrus, em 2020. Isso porque, al\u00e9m de evidenciar um problema ecol\u00f3gico e sanit\u00e1rio mundial (uma doen\u00e7a respirat\u00f3ria que se espalha pelo ar, e sobrevive em condi\u00e7\u00f5es de higiene prec\u00e1rias), o Covid-19 trouxe mudan\u00e7as [&hellip;]<\/p>\n","protected":false},"author":9,"featured_media":1844,"comment_status":"open","ping_status":"open","sticky":false,"template":"","format":"standard","meta":{"jnews-multi-image_gallery":[],"jnews_single_post":[],"jnews_primary_category":[],"jnews_social_meta":[],"jnews_override_counter":[],"footnotes":""},"categories":[150,22,5],"tags":[674,675,196,153],"class_list":["post-1843","post","type-post","status-publish","format-standard","has-post-thumbnail","hentry","category-negocios","category-noticias","category-tecnologia","tag-coronavirus","tag-covid-19","tag-empreendedorismo","tag-saude"],"yoast_head":"<!-- This site is optimized with the Yoast SEO Premium plugin v27.4 (Yoast SEO v27.4) - https:\/\/yoast.com\/product\/yoast-seo-premium-wordpress\/ -->\n<title>5 mudan\u00e7as que o coronav\u00edrus trouxe, e que v\u00e3o continuar depois do fim da crise sanit\u00e1ria - Blog Pensar Cursos<\/title>\n<meta name=\"description\" content=\"&nbsp; A ocorr\u00eancia mais decisiva para o s\u00e9culo 21, desde o 11 de Setembro de 2001 foi a crise sanit\u00e1ria provocada pelo Coronav\u00edrus, em 2020. Isso porque,\" \/>\n<meta name=\"robots\" content=\"index, follow, max-snippet:-1, max-image-preview:large, max-video-preview:-1\" \/>\n<link rel=\"canonical\" href=\"https:\/\/www.pensarcursos.com.br\/blog\/5-mudancas-que-o-coronavirus-trouxe-e-que-vao-continuar-depois-do-fim-da-crise-sanitaria\/\" \/>\n<meta property=\"og:locale\" content=\"pt_BR\" \/>\n<meta property=\"og:type\" content=\"article\" \/>\n<meta property=\"og:title\" content=\"5 mudan\u00e7as que o coronav\u00edrus trouxe, e que v\u00e3o continuar depois do fim da crise sanit\u00e1ria\" \/>\n<meta property=\"og:description\" content=\"&nbsp; A ocorr\u00eancia mais decisiva para o s\u00e9culo 21, desde o 11 de Setembro de 2001 foi a crise sanit\u00e1ria provocada pelo Coronav\u00edrus, em 2020. Isso porque,\" \/>\n<meta property=\"og:url\" content=\"https:\/\/www.pensarcursos.com.br\/blog\/5-mudancas-que-o-coronavirus-trouxe-e-que-vao-continuar-depois-do-fim-da-crise-sanitaria\/\" \/>\n<meta property=\"og:site_name\" content=\"Blog Pensar Cursos\" \/>\n<meta property=\"article:publisher\" content=\"https:\/\/www.facebook.com\/pensarcursos\/\" \/>\n<meta property=\"article:published_time\" content=\"2021-10-14T13:45:40+00:00\" \/>\n<meta property=\"og:image\" content=\"https:\/\/www.pensarcursos.com.br\/blog\/wp-content\/uploads\/2021\/10\/coronavirus.jpg\" \/>\n\t<meta property=\"og:image:width\" content=\"1031\" \/>\n\t<meta property=\"og:image:height\" content=\"580\" \/>\n\t<meta property=\"og:image:type\" content=\"image\/jpeg\" \/>\n<meta name=\"author\" content=\"Lucas Grosso\" \/>\n<meta name=\"twitter:card\" content=\"summary_large_image\" \/>\n<meta name=\"twitter:label1\" content=\"Escrito por\" \/>\n\t<meta name=\"twitter:data1\" content=\"Lucas Grosso\" \/>\n\t<meta name=\"twitter:label2\" content=\"Est. tempo de leitura\" \/>\n\t<meta name=\"twitter:data2\" content=\"3 minutos\" \/>\n<!-- \/ Yoast SEO Premium plugin. -->","yoast_head_json":{"title":"5 mudan\u00e7as que o coronav\u00edrus trouxe, e que v\u00e3o continuar depois do fim da crise sanit\u00e1ria - Blog Pensar Cursos","description":"&nbsp; A ocorr\u00eancia mais decisiva para o s\u00e9culo 21, desde o 11 de Setembro de 2001 foi a crise sanit\u00e1ria provocada pelo Coronav\u00edrus, em 2020. Isso porque,","robots":{"index":"index","follow":"follow","max-snippet":"max-snippet:-1","max-image-preview":"max-image-preview:large","max-video-preview":"max-video-preview:-1"},"canonical":"https:\/\/www.pensarcursos.com.br\/blog\/5-mudancas-que-o-coronavirus-trouxe-e-que-vao-continuar-depois-do-fim-da-crise-sanitaria\/","og_locale":"pt_BR","og_type":"article","og_title":"5 mudan\u00e7as que o coronav\u00edrus trouxe, e que v\u00e3o continuar depois do fim da crise sanit\u00e1ria","og_description":"&nbsp; A ocorr\u00eancia mais decisiva para o s\u00e9culo 21, desde o 11 de Setembro de 2001 foi a crise sanit\u00e1ria provocada pelo Coronav\u00edrus, em 2020. Isso porque,","og_url":"https:\/\/www.pensarcursos.com.br\/blog\/5-mudancas-que-o-coronavirus-trouxe-e-que-vao-continuar-depois-do-fim-da-crise-sanitaria\/","og_site_name":"Blog Pensar Cursos","article_publisher":"https:\/\/www.facebook.com\/pensarcursos\/","article_published_time":"2021-10-14T13:45:40+00:00","og_image":[{"width":1031,"height":580,"url":"https:\/\/www.pensarcursos.com.br\/blog\/wp-content\/uploads\/2021\/10\/coronavirus.jpg","type":"image\/jpeg"}],"author":"Lucas Grosso","twitter_card":"summary_large_image","twitter_misc":{"Escrito por":"Lucas Grosso","Est. tempo de leitura":"3 minutos"},"schema":{"@context":"https:\/\/schema.org","@graph":[{"@type":["Article","BlogPosting"],"@id":"https:\/\/www.pensarcursos.com.br\/blog\/5-mudancas-que-o-coronavirus-trouxe-e-que-vao-continuar-depois-do-fim-da-crise-sanitaria\/#article","isPartOf":{"@id":"https:\/\/www.pensarcursos.com.br\/blog\/5-mudancas-que-o-coronavirus-trouxe-e-que-vao-continuar-depois-do-fim-da-crise-sanitaria\/"},"author":{"name":"Lucas Grosso","@id":"https:\/\/www.pensarcursos.com.br\/blog\/#\/schema\/person\/0392473a8e472f0517e3dd8ec54652d0"},"headline":"5 mudan\u00e7as que o coronav\u00edrus trouxe, e que v\u00e3o continuar depois do fim da crise sanit\u00e1ria","datePublished":"2021-10-14T13:45:40+00:00","mainEntityOfPage":{"@id":"https:\/\/www.pensarcursos.com.br\/blog\/5-mudancas-que-o-coronavirus-trouxe-e-que-vao-continuar-depois-do-fim-da-crise-sanitaria\/"},"wordCount":553,"commentCount":0,"publisher":{"@id":"https:\/\/www.pensarcursos.com.br\/blog\/#organization"},"image":{"@id":"https:\/\/www.pensarcursos.com.br\/blog\/5-mudancas-que-o-coronavirus-trouxe-e-que-vao-continuar-depois-do-fim-da-crise-sanitaria\/#primaryimage"},"thumbnailUrl":"https:\/\/www.pensarcursos.com.br\/blog\/wp-content\/uploads\/2021\/10\/coronavirus.jpg","keywords":["Coronav\u00edrus","Covid-19","Empreendedorismo","sa\u00fade"],"articleSection":["Neg\u00f3cios","Not\u00edcias","Tecnologia"],"inLanguage":"pt-BR","potentialAction":[{"@type":"CommentAction","name":"Comment","target":["https:\/\/www.pensarcursos.com.br\/blog\/5-mudancas-que-o-coronavirus-trouxe-e-que-vao-continuar-depois-do-fim-da-crise-sanitaria\/#respond"]}],"copyrightYear":"2021","copyrightHolder":{"@id":"https:\/\/www.pensarcursos.com.br\/blog\/#organization"}},{"@type":"WebPage","@id":"https:\/\/www.pensarcursos.com.br\/blog\/5-mudancas-que-o-coronavirus-trouxe-e-que-vao-continuar-depois-do-fim-da-crise-sanitaria\/","url":"https:\/\/www.pensarcursos.com.br\/blog\/5-mudancas-que-o-coronavirus-trouxe-e-que-vao-continuar-depois-do-fim-da-crise-sanitaria\/","name":"5 mudan\u00e7as que o coronav\u00edrus trouxe, e que v\u00e3o continuar depois do fim da crise sanit\u00e1ria - Blog Pensar Cursos","isPartOf":{"@id":"https:\/\/www.pensarcursos.com.br\/blog\/#website"},"primaryImageOfPage":{"@id":"https:\/\/www.pensarcursos.com.br\/blog\/5-mudancas-que-o-coronavirus-trouxe-e-que-vao-continuar-depois-do-fim-da-crise-sanitaria\/#primaryimage"},"image":{"@id":"https:\/\/www.pensarcursos.com.br\/blog\/5-mudancas-que-o-coronavirus-trouxe-e-que-vao-continuar-depois-do-fim-da-crise-sanitaria\/#primaryimage"},"thumbnailUrl":"https:\/\/www.pensarcursos.com.br\/blog\/wp-content\/uploads\/2021\/10\/coronavirus.jpg","datePublished":"2021-10-14T13:45:40+00:00","description":"&nbsp; A ocorr\u00eancia mais decisiva para o s\u00e9culo 21, desde o 11 de Setembro de 2001 foi a crise sanit\u00e1ria provocada pelo Coronav\u00edrus, em 2020. Isso porque,","breadcrumb":{"@id":"https:\/\/www.pensarcursos.com.br\/blog\/5-mudancas-que-o-coronavirus-trouxe-e-que-vao-continuar-depois-do-fim-da-crise-sanitaria\/#breadcrumb"},"inLanguage":"pt-BR","potentialAction":[{"@type":"ReadAction","target":["https:\/\/www.pensarcursos.com.br\/blog\/5-mudancas-que-o-coronavirus-trouxe-e-que-vao-continuar-depois-do-fim-da-crise-sanitaria\/"]}]},{"@type":"ImageObject","inLanguage":"pt-BR","@id":"https:\/\/www.pensarcursos.com.br\/blog\/5-mudancas-que-o-coronavirus-trouxe-e-que-vao-continuar-depois-do-fim-da-crise-sanitaria\/#primaryimage","url":"https:\/\/www.pensarcursos.com.br\/blog\/wp-content\/uploads\/2021\/10\/coronavirus.jpg","contentUrl":"https:\/\/www.pensarcursos.com.br\/blog\/wp-content\/uploads\/2021\/10\/coronavirus.jpg","width":1031,"height":580},{"@type":"BreadcrumbList","@id":"https:\/\/www.pensarcursos.com.br\/blog\/5-mudancas-que-o-coronavirus-trouxe-e-que-vao-continuar-depois-do-fim-da-crise-sanitaria\/#breadcrumb","itemListElement":[{"@type":"ListItem","position":1,"name":"Home","item":"https:\/\/www.pensarcursos.com.br\/blog\/"},{"@type":"ListItem","position":2,"name":"5 mudan\u00e7as que o coronav\u00edrus trouxe, e que v\u00e3o continuar depois do fim da crise sanit\u00e1ria"}]},{"@type":"WebSite","@id":"https:\/\/www.pensarcursos.com.br\/blog\/#website","url":"https:\/\/www.pensarcursos.com.br\/blog\/","name":"Blog Pensar Cursos","description":"Maior Site de Cursos do Brasil","publisher":{"@id":"https:\/\/www.pensarcursos.com.br\/blog\/#organization"},"alternateName":"Blog Pensar","potentialAction":[{"@type":"SearchAction","target":{"@type":"EntryPoint","urlTemplate":"https:\/\/www.pensarcursos.com.br\/blog\/?s={search_term_string}"},"query-input":{"@type":"PropertyValueSpecification","valueRequired":true,"valueName":"search_term_string"}}],"inLanguage":"pt-BR"},{"@type":"Organization","@id":"https:\/\/www.pensarcursos.com.br\/blog\/#organization","name":"Pensar Cursos","alternateName":"Blog pensar","url":"https:\/\/www.pensarcursos.com.br\/blog\/","logo":{"@type":"ImageObject","inLanguage":"pt-BR","@id":"https:\/\/www.pensarcursos.com.br\/blog\/#\/schema\/logo\/image\/","url":"https:\/\/www.pensarcursos.com.br\/blog\/wp-content\/uploads\/2023\/11\/Nova-Logo-Pensar-Cursos-vertical.png","contentUrl":"https:\/\/www.pensarcursos.com.br\/blog\/wp-content\/uploads\/2023\/11\/Nova-Logo-Pensar-Cursos-vertical.png","width":1393,"height":1001,"caption":"Pensar Cursos"},"image":{"@id":"https:\/\/www.pensarcursos.com.br\/blog\/#\/schema\/logo\/image\/"},"sameAs":["https:\/\/www.facebook.com\/pensarcursos\/","https:\/\/instagram.com.br\/pensarcursos"],"description":"Pensar Cursos \u00e9 uma empresa especializada em oferecer cursos de alta qualidade voltados para o desenvolvimento profissional e acad\u00eamico. Com uma ampla gama de op\u00e7\u00f5es de treinamento, oferecemos conte\u00fados atualizados, ministrados por especialistas da \u00e1rea, para capacitar indiv\u00edduos e equipes a atingirem seus objetivos. Nossa miss\u00e3o \u00e9 proporcionar uma educa\u00e7\u00e3o transformadora, acess\u00edvel e personalizada para cada aluno, seja em cursos presenciais ou online. Com uma abordagem inovadora, buscamos adaptar os nossos programas de ensino \u00e0s necessidades do mercado, criando solu\u00e7\u00f5es que atendem aos desafios e exig\u00eancias do mundo corporativo e acad\u00eamico. Nossos cursos incluem desde forma\u00e7\u00f5es t\u00e9cnicas at\u00e9 habilidades essenciais, como lideran\u00e7a, gest\u00e3o e desenvolvimento pessoal.","email":"contato@pensarcursos.com.br","legalName":"Sena Servi\u00e7os de Informa\u00e7\u00e3o Online LTDA","foundingDate":"2013-04-18","vatID":"17956217000172","numberOfEmployees":{"@type":"QuantitativeValue","minValue":"11","maxValue":"50"},"publishingPrinciples":"https:\/\/www.pensarcursos.com.br\/blog\/principios-de-publicacao\/","ownershipFundingInfo":"https:\/\/www.pensarcursos.com.br\/blog\/informacoes-de-propriedade-financiamento\/","actionableFeedbackPolicy":"https:\/\/www.pensarcursos.com.br\/blog\/politica-de-feedback-acionavel\/","correctionsPolicy":"https:\/\/www.pensarcursos.com.br\/blog\/politica-de-correcoes\/","ethicsPolicy":"https:\/\/www.pensarcursos.com.br\/blog\/politica-de-etica\/"},{"@type":"Person","@id":"https:\/\/www.pensarcursos.com.br\/blog\/#\/schema\/person\/0392473a8e472f0517e3dd8ec54652d0","name":"Lucas Grosso","image":{"@type":"ImageObject","inLanguage":"pt-BR","@id":"https:\/\/secure.gravatar.com\/avatar\/3c38d1d2f55117c571ce5cf342c3c4caf25766a81aaf909ebe03b7260e593be8?s=96&d=mm&r=g","url":"https:\/\/secure.gravatar.com\/avatar\/3c38d1d2f55117c571ce5cf342c3c4caf25766a81aaf909ebe03b7260e593be8?s=96&d=mm&r=g","contentUrl":"https:\/\/secure.gravatar.com\/avatar\/3c38d1d2f55117c571ce5cf342c3c4caf25766a81aaf909ebe03b7260e593be8?s=96&d=mm&r=g","caption":"Lucas Grosso"},"description":"Formado em Letras, com Mestrado em Literatura. Adoro livros, e nunca paro de estudar coisas das mais variadas, de Poesia \u00e0 Franc\u00eas, passando por Hist\u00f3ria e Psicologia. Tenho dois livros de poesia publicados, e outros a caminho.","url":"https:\/\/www.pensarcursos.com.br\/blog\/author\/lucas\/"}]}},"_links":{"self":[{"href":"https:\/\/www.pensarcursos.com.br\/blog\/wp-json\/wp\/v2\/posts\/1843","targetHints":{"allow":["GET"]}}],"collection":[{"href":"https:\/\/www.pensarcursos.com.br\/blog\/wp-json\/wp\/v2\/posts"}],"about":[{"href":"https:\/\/www.pensarcursos.com.br\/blog\/wp-json\/wp\/v2\/types\/post"}],"author":[{"embeddable":true,"href":"https:\/\/www.pensarcursos.com.br\/blog\/wp-json\/wp\/v2\/users\/9"}],"replies":[{"embeddable":true,"href":"https:\/\/www.pensarcursos.com.br\/blog\/wp-json\/wp\/v2\/comments?post=1843"}],"version-history":[{"count":0,"href":"https:\/\/www.pensarcursos.com.br\/blog\/wp-json\/wp\/v2\/posts\/1843\/revisions"}],"wp:featuredmedia":[{"embeddable":true,"href":"https:\/\/www.pensarcursos.com.br\/blog\/wp-json\/wp\/v2\/media\/1844"}],"wp:attachment":[{"href":"https:\/\/www.pensarcursos.com.br\/blog\/wp-json\/wp\/v2\/media?parent=1843"}],"wp:term":[{"taxonomy":"category","embeddable":true,"href":"https:\/\/www.pensarcursos.com.br\/blog\/wp-json\/wp\/v2\/categories?post=1843"},{"taxonomy":"post_tag","embeddable":true,"href":"https:\/\/www.pensarcursos.com.br\/blog\/wp-json\/wp\/v2\/tags?post=1843"}],"curies":[{"name":"wp","href":"https:\/\/api.w.org\/{rel}","templated":true}]}}