{"id":17054,"date":"2023-12-22T13:23:52","date_gmt":"2023-12-22T16:23:52","guid":{"rendered":"https:\/\/www.pensarcursos.com.br\/blog\/?p=17054"},"modified":"2023-12-22T13:23:52","modified_gmt":"2023-12-22T16:23:52","slug":"e-obrigatorio-fazer-isto-para-nao-ser-excluido-do-bolsa-familia-em-2024-entenda-aqui","status":"publish","type":"post","link":"https:\/\/www.pensarcursos.com.br\/blog\/e-obrigatorio-fazer-isto-para-nao-ser-excluido-do-bolsa-familia-em-2024-entenda-aqui\/","title":{"rendered":"\u00c9 OBRIGAT\u00d3RIO fazer ISTO para n\u00e3o ser exclu\u00eddo do Bolsa Fam\u00edlia em 2024! Entenda aqui"},"content":{"rendered":"<p>O Bolsa Fam\u00edlia, um dos programas sociais mais cruciais do Brasil, desempenha um papel fundamental na vida de milh\u00f5es de fam\u00edlias de baixa renda, oferecendo o suporte financeiro necess\u00e1rio para garantir o essencial.<\/p>\n<p>Contudo, uma recente atualiza\u00e7\u00e3o do Minist\u00e9rio do Desenvolvimento Social (MDS) traz uma preocupa\u00e7\u00e3o significativa para os benefici\u00e1rios: a <strong>regulariza\u00e7\u00e3o do CPF.<\/strong><\/p>\n<p>Entender a import\u00e2ncia da <strong>regulariza\u00e7\u00e3o do CPF para o Bolsa Fam\u00edlia<\/strong> \u00e9 essencial. Este programa visa auxiliar financeiramente fam\u00edlias em situa\u00e7\u00e3o de vulnerabilidade e direcionado para pessoas de baixa renda.<\/p>\n<p>O governo realiza verifica\u00e7\u00f5es peri\u00f3dicas para assegurar que os benefici\u00e1rios estejam em conformidade com os crit\u00e9rios de elegibilidade, sendo uma dessas verifica\u00e7\u00f5es relacionada \u00e0 situa\u00e7\u00e3o do CPF.<\/p>\n<p>Quando o CPF de um benefici\u00e1rio apresenta irregularidades, isso pode indicar problemas que afetam a elegibilidade para o programa.<\/p>\n<p>Irregularidades, como suspens\u00e3o junto \u00e0 Receita Federal, bloqueio pela Receita Federal, pend\u00eancia de declara\u00e7\u00e3o de imposto de renda ou diverg\u00eancia na titularidade, podem impactar a situa\u00e7\u00e3o do CPF e, consequentemente, a continuidade do benef\u00edcio do Bolsa Fam\u00edlia.<\/p>\n<h2>Como garantir o Bolsa Fam\u00edlia em 2024<\/h2>\n<p>Assegurar a continuidade do seu Bolsa Fam\u00edlia em 2024 requer a observ\u00e2ncia destes passos para regulariza\u00e7\u00e3o do CPF:<\/p>\n<ol>\n<li><strong>Avalie a situa\u00e7\u00e3o do seu CPF:<\/strong> Certifique-se de que n\u00e3o h\u00e1 pend\u00eancias, bloqueios ou suspens\u00f5es junto \u00e0 Receita Federal.<\/li>\n<li><strong>Contate a Receita Federal:<\/strong> Caso identifique alguma irregularidade, entre em contato com a Receita Federal e siga as orienta\u00e7\u00f5es fornecidas para regularizar seu CPF.<\/li>\n<li><strong>Complete um formul\u00e1rio online:<\/strong> Utilize o formul\u00e1rio online disponibilizado pela Receita Federal para solucionar quaisquer pend\u00eancias no CPF, fornecendo com precis\u00e3o todas as informa\u00e7\u00f5es necess\u00e1rias.<\/li>\n<li><strong>Agende um atendimento presencial:<\/strong> Em casos mais complexos, agendar um atendimento presencial em um Posto de Atendimento da Receita Federal pode ser necess\u00e1rio.<\/li>\n<li><strong>Atualize os dados no Cadastro \u00danico (Cad\u00danico):<\/strong> Ap\u00f3s a regulariza\u00e7\u00e3o do CPF, certifique-se de manter todos os dados atualizados no Cadastro \u00danico para garantir a continuidade de sua elegibilidade para o Bolsa Fam\u00edlia.<\/li>\n<\/ol>\n<div class=\"flex flex-grow flex-col max-w-full\">\n<div class=\"min-h-[20px] text-message flex flex-col items-start gap-3 whitespace-pre-wrap break-words [.text-message+&amp;]:mt-5 overflow-x-auto\" data-message-author-role=\"assistant\" data-message-id=\"6266eaf1-3644-4112-83d9-65a6aebde9b6\">\n<div class=\"markdown prose w-full break-words dark:prose-invert light\">\n<h2>Calend\u00e1rio do Bolsa Fam\u00edlia em 2024<\/h2>\n<p>Anualmente, o governo disponibiliza o calend\u00e1rio oficial do Bolsa Fam\u00edlia para proporcionar facilidade no acesso \u00e0s informa\u00e7\u00f5es. No entanto, as datas de pagamento do benef\u00edcio em 2024 ainda n\u00e3o foram divulgadas.<\/p>\n<p>Tradicionalmente, os pagamentos do Bolsa Fam\u00edlia ocorrem nos \u00faltimos 10 dias \u00fateis do m\u00eas. Com base nessa din\u00e2mica, \u00e9 poss\u00edvel fazer uma previs\u00e3o aproximada do calend\u00e1rio de pagamento para 2024.<\/p>\n<p>Para o m\u00eas de janeiro de 2024, estima-se que o calend\u00e1rio do Bolsa Fam\u00edlia ter\u00e1 in\u00edcio em 18\/01 para os inscritos com NIS 1, estendendo-se at\u00e9 31\/01, quando ser\u00e3o contemplados os inscritos com NIS 0.<\/p>\n<p>Vale ressaltar que para os benefici\u00e1rios cujos pagamentos s\u00e3o programados para as segundas-feiras, o dep\u00f3sito \u00e9 antecipado para o s\u00e1bado anterior.<\/p>\n<h3>Confira a lista de pagamento do Bolsa Fam\u00edlia em janeiro:<\/h3>\n<ul>\n<li><strong>18 de janeiro &#8211;\u00a0<\/strong>dep\u00f3sito para NIS 1;<\/li>\n<li><strong>19 de janeiro &#8211;<\/strong>\u00a0dep\u00f3sito para NIS 2;<\/li>\n<li><strong>22 de janeiro &#8211;\u00a0<\/strong>dep\u00f3sito para NIS 3;<\/li>\n<li><strong>23 de janeiro &#8211;<\/strong>\u00a0dep\u00f3sito para NIS 4;<\/li>\n<li><strong>24 de janeiro &#8211;<\/strong>\u00a0dep\u00f3sito para NIS 5;<\/li>\n<li><strong>25 de janeiro &#8211;\u00a0<\/strong>dep\u00f3sito para NIS 6;<\/li>\n<li><strong>26 de janeiro &#8211;\u00a0<\/strong>dep\u00f3sito para NIS 7;<\/li>\n<li><strong>29 de janeiro &#8211;<\/strong>\u00a0dep\u00f3sito para NIS 8;<\/li>\n<li><strong>30 de janeiro &#8211;\u00a0<\/strong>dep\u00f3sito para NIS 9;<\/li>\n<li><strong>31 de janeiro &#8211;<\/strong>\u00a0dep\u00f3sito para NIS 0;<\/li>\n<\/ul>\n<\/div>\n<\/div>\n<\/div>\n<div class=\"mt-1 flex justify-start gap-3 empty:hidden\">\n<h2>Pagamento do vale g\u00e1s retorna no bolsa fam\u00edlia 2024<\/h2>\n<p>O vale-g\u00e1s \u00e9 um benef\u00edcio social que consiste em um aux\u00edlio financeiro destinado especificamente \u00e0 aquisi\u00e7\u00e3o de g\u00e1s de cozinha.<\/p>\n<p>Ele visa proporcionar suporte direto a fam\u00edlias em situa\u00e7\u00e3o de vulnerabilidade socioecon\u00f4mica, garantindo o acesso a um recurso essencial para o preparo de alimentos e para o bem-estar dom\u00e9stico.<\/p>\n<p>Geralmente, o vale-g\u00e1s \u00e9 distribu\u00eddo em forma de vouchers ou cart\u00f5es pr\u00e9-pagos, permitindo que os benefici\u00e1rios o utilizem exclusivamente para a compra do botij\u00e3o de g\u00e1s. Este benef\u00edcio \u00e9 uma medida importante para assegurar o acesso a uma fonte de energia essencial nas resid\u00eancias de fam\u00edlias de baixa renda.<\/p>\n<p>Leia tamb\u00e9m: <a href=\"https:\/\/www.pensarcursos.com.br\/blog\/teve-o-bolsa-familia-cortado\/\" target=\"_blank\" rel=\"noopener\"><span class=\"post-title\">Teve o Bolsa Fam\u00edlia CORTADO? Veja o que fazer para resolver!<\/span><\/a><\/p>\n<p>Leia tamb\u00e9m:\u00a0<a href=\"https:\/\/www.pensarcursos.com.br\/blog\/aprenda-a-desbloquear-seu-app-caixa-tem\/\" target=\"_blank\" rel=\"noopener\"><span class=\"post-title\">Aprenda a DESBLOQUEAR seu app Caixa Tem<\/span><\/a><\/p>\n<h2>Quem tem direito ao Bolsa Fam\u00edlia 2024?<\/h2>\n<p>Para ser benefici\u00e1rio do programa, \u00e9 necess\u00e1rio atender aos crit\u00e9rios de renda estabelecidos, os quais delimitam a entrada de fam\u00edlias que n\u00e3o fazem parte do p\u00fablico-alvo do Bolsa Fam\u00edlia.<\/p>\n<p>Al\u00e9m disso, a inscri\u00e7\u00e3o no Cadastro \u00danico (Cad\u00danico) \u00e9 essencial, com informa\u00e7\u00f5es da fam\u00edlia atualizadas nos \u00faltimos 24 meses, e \u00e9 preciso comprovar uma renda familiar mensal por pessoa de at\u00e9 R$ 218.<\/p>\n<p>Conforme orienta\u00e7\u00e3o do Minist\u00e9rio da Cidadania, a entrada, sele\u00e7\u00e3o de fam\u00edlias e concess\u00e3o de benef\u00edcios ocorrem mensalmente de forma automatizada e impessoal, utilizando o Sistema de Benef\u00edcios ao Cidad\u00e3o (Sibec).<\/p>\n<p>A sele\u00e7\u00e3o leva em considera\u00e7\u00e3o a estimativa de pobreza, a quantidade de fam\u00edlias assistidas em cada munic\u00edpio e o limite or\u00e7ament\u00e1rio do programa.<\/p>\n<p>Al\u00e9m disso, \u00e9 necess\u00e1rio que a fam\u00edlia tenha seus dados atualizados no Cadastro \u00danico do Governo Federal nos \u00faltimos 24 meses.<\/p>\n<p>\u00c9 fundamental destacar que a inscri\u00e7\u00e3o no Cad\u00danico n\u00e3o implica aprova\u00e7\u00e3o imediata no Bolsa Fam\u00edlia.<\/p>\n<p>O ingresso das fam\u00edlias depender\u00e1 de fatores or\u00e7ament\u00e1rios e da atualiza\u00e7\u00e3o das informa\u00e7\u00f5es na base de dados. Fam\u00edlias com dados inconsistentes no Cadastro \u00danico podem ser impedidas de ingressar no programa at\u00e9 que as inconsist\u00eancias identificadas sejam corrigidas.<\/p>\n<p>Leia tamb\u00e9m:<a href=\"https:\/\/www.pensarcursos.com.br\/blog\/bolsa-familia-diminuiu-de-valor\/\" target=\"_blank\" rel=\"noopener\"> Bolsa Fa<span class=\"post-title\">m\u00edlia DIMINUIU de valor? Entenda o que pode ter acontecido<\/span><\/a><\/p>\n<\/div>\n","protected":false},"excerpt":{"rendered":"<p>O Bolsa Fam\u00edlia, um dos programas sociais mais cruciais do Brasil, desempenha um papel fundamental na vida de milh\u00f5es de fam\u00edlias de baixa renda, oferecendo o suporte financeiro necess\u00e1rio para garantir o essencial. Contudo, uma recente atualiza\u00e7\u00e3o do Minist\u00e9rio do Desenvolvimento Social (MDS) traz uma preocupa\u00e7\u00e3o significativa para os benefici\u00e1rios: a regulariza\u00e7\u00e3o do CPF. Entender [&hellip;]<\/p>\n","protected":false},"author":26,"featured_media":17055,"comment_status":"open","ping_status":"closed","sticky":false,"template":"","format":"standard","meta":{"jnews-multi-image_gallery":[],"jnews_single_post":[],"jnews_primary_category":[],"jnews_social_meta":[],"jnews_override_counter":[],"footnotes":""},"categories":[1657,2021],"tags":[2727,5216,7526,7527],"class_list":["post-17054","post","type-post","status-publish","format-standard","has-post-thumbnail","hentry","category-beneficios-sociais","category-bolsa-familia","tag-bloqueio-do-bolsa-familia","tag-bolsa-familia-em-2024","tag-excluido-do-bolsa-familia","tag-regularizar-o-cpf-no-bolsa-familia"],"yoast_head":"<!-- This site is optimized with the Yoast SEO Premium plugin v27.5 (Yoast SEO v27.5) - https:\/\/yoast.com\/product\/yoast-seo-premium-wordpress\/ -->\n<title>\u00c9 OBRIGAT\u00d3RIO fazer ISTO para n\u00e3o ser exclu\u00eddo do Bolsa Fam\u00edlia em 2024! Entenda aqui - Blog Pensar Cursos<\/title>\n<meta name=\"description\" content=\"O Bolsa Fam\u00edlia, um dos programas sociais mais cruciais do Brasil, desempenha um papel fundamental na vida de milh\u00f5es de fam\u00edlias de baixa renda,\" \/>\n<meta name=\"robots\" content=\"index, follow, max-snippet:-1, max-image-preview:large, max-video-preview:-1\" \/>\n<link rel=\"canonical\" href=\"https:\/\/www.pensarcursos.com.br\/blog\/e-obrigatorio-fazer-isto-para-nao-ser-excluido-do-bolsa-familia-em-2024-entenda-aqui\/\" \/>\n<meta property=\"og:locale\" content=\"pt_BR\" \/>\n<meta property=\"og:type\" content=\"article\" \/>\n<meta property=\"og:title\" content=\"\u00c9 OBRIGAT\u00d3RIO fazer ISTO para n\u00e3o ser exclu\u00eddo do Bolsa Fam\u00edlia em 2024! Entenda aqui\" \/>\n<meta property=\"og:description\" content=\"O Bolsa Fam\u00edlia, um dos programas sociais mais cruciais do Brasil, desempenha um papel fundamental na vida de milh\u00f5es de fam\u00edlias de baixa renda,\" \/>\n<meta property=\"og:url\" content=\"https:\/\/www.pensarcursos.com.br\/blog\/e-obrigatorio-fazer-isto-para-nao-ser-excluido-do-bolsa-familia-em-2024-entenda-aqui\/\" \/>\n<meta property=\"og:site_name\" content=\"Blog Pensar Cursos\" \/>\n<meta property=\"article:publisher\" content=\"https:\/\/www.facebook.com\/pensarcursos\/\" \/>\n<meta property=\"article:published_time\" content=\"2023-12-22T16:23:52+00:00\" \/>\n<meta property=\"og:image\" content=\"https:\/\/www.pensarcursos.com.br\/blog\/wp-content\/uploads\/2023\/12\/bolsa-familia-divulgaccca7acc83o-mds-1.jpg\" \/>\n\t<meta property=\"og:image:width\" content=\"750\" \/>\n\t<meta property=\"og:image:height\" content=\"500\" \/>\n\t<meta property=\"og:image:type\" content=\"image\/jpeg\" \/>\n<meta name=\"author\" content=\"Natalia Rosso\" \/>\n<meta name=\"twitter:card\" content=\"summary_large_image\" \/>\n<meta name=\"twitter:label1\" content=\"Escrito por\" \/>\n\t<meta name=\"twitter:data1\" content=\"Natalia Rosso\" \/>\n\t<meta name=\"twitter:label2\" content=\"Est. tempo de leitura\" \/>\n\t<meta name=\"twitter:data2\" content=\"5 minutos\" \/>\n<!-- \/ Yoast SEO Premium plugin. -->","yoast_head_json":{"title":"\u00c9 OBRIGAT\u00d3RIO fazer ISTO para n\u00e3o ser exclu\u00eddo do Bolsa Fam\u00edlia em 2024! Entenda aqui - Blog Pensar Cursos","description":"O Bolsa Fam\u00edlia, um dos programas sociais mais cruciais do Brasil, desempenha um papel fundamental na vida de milh\u00f5es de fam\u00edlias de baixa renda,","robots":{"index":"index","follow":"follow","max-snippet":"max-snippet:-1","max-image-preview":"max-image-preview:large","max-video-preview":"max-video-preview:-1"},"canonical":"https:\/\/www.pensarcursos.com.br\/blog\/e-obrigatorio-fazer-isto-para-nao-ser-excluido-do-bolsa-familia-em-2024-entenda-aqui\/","og_locale":"pt_BR","og_type":"article","og_title":"\u00c9 OBRIGAT\u00d3RIO fazer ISTO para n\u00e3o ser exclu\u00eddo do Bolsa Fam\u00edlia em 2024! Entenda aqui","og_description":"O Bolsa Fam\u00edlia, um dos programas sociais mais cruciais do Brasil, desempenha um papel fundamental na vida de milh\u00f5es de fam\u00edlias de baixa renda,","og_url":"https:\/\/www.pensarcursos.com.br\/blog\/e-obrigatorio-fazer-isto-para-nao-ser-excluido-do-bolsa-familia-em-2024-entenda-aqui\/","og_site_name":"Blog Pensar Cursos","article_publisher":"https:\/\/www.facebook.com\/pensarcursos\/","article_published_time":"2023-12-22T16:23:52+00:00","og_image":[{"width":750,"height":500,"url":"https:\/\/www.pensarcursos.com.br\/blog\/wp-content\/uploads\/2023\/12\/bolsa-familia-divulgaccca7acc83o-mds-1.jpg","type":"image\/jpeg"}],"author":"Natalia Rosso","twitter_card":"summary_large_image","twitter_misc":{"Escrito por":"Natalia Rosso","Est. tempo de leitura":"5 minutos"},"schema":{"@context":"https:\/\/schema.org","@graph":[{"@type":["Article","BlogPosting"],"@id":"https:\/\/www.pensarcursos.com.br\/blog\/e-obrigatorio-fazer-isto-para-nao-ser-excluido-do-bolsa-familia-em-2024-entenda-aqui\/#article","isPartOf":{"@id":"https:\/\/www.pensarcursos.com.br\/blog\/e-obrigatorio-fazer-isto-para-nao-ser-excluido-do-bolsa-familia-em-2024-entenda-aqui\/"},"author":{"name":"Natalia Rosso","@id":"https:\/\/www.pensarcursos.com.br\/blog\/#\/schema\/person\/0443cdf278c03e030f77bd1e61b1ca3a"},"headline":"\u00c9 OBRIGAT\u00d3RIO fazer ISTO para n\u00e3o ser exclu\u00eddo do Bolsa Fam\u00edlia em 2024! Entenda aqui","datePublished":"2023-12-22T16:23:52+00:00","mainEntityOfPage":{"@id":"https:\/\/www.pensarcursos.com.br\/blog\/e-obrigatorio-fazer-isto-para-nao-ser-excluido-do-bolsa-familia-em-2024-entenda-aqui\/"},"wordCount":982,"commentCount":0,"publisher":{"@id":"https:\/\/www.pensarcursos.com.br\/blog\/#organization"},"image":{"@id":"https:\/\/www.pensarcursos.com.br\/blog\/e-obrigatorio-fazer-isto-para-nao-ser-excluido-do-bolsa-familia-em-2024-entenda-aqui\/#primaryimage"},"thumbnailUrl":"https:\/\/www.pensarcursos.com.br\/blog\/wp-content\/uploads\/2023\/12\/bolsa-familia-divulgaccca7acc83o-mds-1.jpg","keywords":["bloqueio do bolsa fam\u00edlia","Bolsa Fam\u00edlia em 2024","exclu\u00eddo do Bolsa Fam\u00edlia","regularizar o CPF no bolsa fam\u00edlia"],"articleSection":["Benef\u00edcios Sociais","Bolsa Fam\u00edlia"],"inLanguage":"pt-BR","potentialAction":[{"@type":"CommentAction","name":"Comment","target":["https:\/\/www.pensarcursos.com.br\/blog\/e-obrigatorio-fazer-isto-para-nao-ser-excluido-do-bolsa-familia-em-2024-entenda-aqui\/#respond"]}],"copyrightYear":"2023","copyrightHolder":{"@id":"https:\/\/www.pensarcursos.com.br\/blog\/#organization"}},{"@type":"WebPage","@id":"https:\/\/www.pensarcursos.com.br\/blog\/e-obrigatorio-fazer-isto-para-nao-ser-excluido-do-bolsa-familia-em-2024-entenda-aqui\/","url":"https:\/\/www.pensarcursos.com.br\/blog\/e-obrigatorio-fazer-isto-para-nao-ser-excluido-do-bolsa-familia-em-2024-entenda-aqui\/","name":"\u00c9 OBRIGAT\u00d3RIO fazer ISTO para n\u00e3o ser exclu\u00eddo do Bolsa Fam\u00edlia em 2024! Entenda aqui - Blog Pensar Cursos","isPartOf":{"@id":"https:\/\/www.pensarcursos.com.br\/blog\/#website"},"primaryImageOfPage":{"@id":"https:\/\/www.pensarcursos.com.br\/blog\/e-obrigatorio-fazer-isto-para-nao-ser-excluido-do-bolsa-familia-em-2024-entenda-aqui\/#primaryimage"},"image":{"@id":"https:\/\/www.pensarcursos.com.br\/blog\/e-obrigatorio-fazer-isto-para-nao-ser-excluido-do-bolsa-familia-em-2024-entenda-aqui\/#primaryimage"},"thumbnailUrl":"https:\/\/www.pensarcursos.com.br\/blog\/wp-content\/uploads\/2023\/12\/bolsa-familia-divulgaccca7acc83o-mds-1.jpg","datePublished":"2023-12-22T16:23:52+00:00","description":"O Bolsa Fam\u00edlia, um dos programas sociais mais cruciais do Brasil, desempenha um papel fundamental na vida de milh\u00f5es de fam\u00edlias de baixa renda,","breadcrumb":{"@id":"https:\/\/www.pensarcursos.com.br\/blog\/e-obrigatorio-fazer-isto-para-nao-ser-excluido-do-bolsa-familia-em-2024-entenda-aqui\/#breadcrumb"},"inLanguage":"pt-BR","potentialAction":[{"@type":"ReadAction","target":["https:\/\/www.pensarcursos.com.br\/blog\/e-obrigatorio-fazer-isto-para-nao-ser-excluido-do-bolsa-familia-em-2024-entenda-aqui\/"]}]},{"@type":"ImageObject","inLanguage":"pt-BR","@id":"https:\/\/www.pensarcursos.com.br\/blog\/e-obrigatorio-fazer-isto-para-nao-ser-excluido-do-bolsa-familia-em-2024-entenda-aqui\/#primaryimage","url":"https:\/\/www.pensarcursos.com.br\/blog\/wp-content\/uploads\/2023\/12\/bolsa-familia-divulgaccca7acc83o-mds-1.jpg","contentUrl":"https:\/\/www.pensarcursos.com.br\/blog\/wp-content\/uploads\/2023\/12\/bolsa-familia-divulgaccca7acc83o-mds-1.jpg","width":750,"height":500,"caption":"O governo realiza verifica\u00e7\u00f5es peri\u00f3dicas para assegurar que os benefici\u00e1rios estejam em conformidade com os crit\u00e9rios de elegibilidade, sendo uma dessas verifica\u00e7\u00f5es relacionada \u00e0 situa\u00e7\u00e3o do CPF. Imagem: Governo Federal"},{"@type":"BreadcrumbList","@id":"https:\/\/www.pensarcursos.com.br\/blog\/e-obrigatorio-fazer-isto-para-nao-ser-excluido-do-bolsa-familia-em-2024-entenda-aqui\/#breadcrumb","itemListElement":[{"@type":"ListItem","position":1,"name":"Home","item":"https:\/\/www.pensarcursos.com.br\/blog\/"},{"@type":"ListItem","position":2,"name":"\u00c9 OBRIGAT\u00d3RIO fazer ISTO para n\u00e3o ser exclu\u00eddo do Bolsa Fam\u00edlia em 2024! Entenda aqui"}]},{"@type":"WebSite","@id":"https:\/\/www.pensarcursos.com.br\/blog\/#website","url":"https:\/\/www.pensarcursos.com.br\/blog\/","name":"Blog Pensar Cursos","description":"Maior Site de Cursos do Brasil","publisher":{"@id":"https:\/\/www.pensarcursos.com.br\/blog\/#organization"},"alternateName":"Blog Pensar","potentialAction":[{"@type":"SearchAction","target":{"@type":"EntryPoint","urlTemplate":"https:\/\/www.pensarcursos.com.br\/blog\/?s={search_term_string}"},"query-input":{"@type":"PropertyValueSpecification","valueRequired":true,"valueName":"search_term_string"}}],"inLanguage":"pt-BR"},{"@type":"Organization","@id":"https:\/\/www.pensarcursos.com.br\/blog\/#organization","name":"Pensar Cursos","alternateName":"Blog pensar","url":"https:\/\/www.pensarcursos.com.br\/blog\/","logo":{"@type":"ImageObject","inLanguage":"pt-BR","@id":"https:\/\/www.pensarcursos.com.br\/blog\/#\/schema\/logo\/image\/","url":"https:\/\/www.pensarcursos.com.br\/blog\/wp-content\/uploads\/2023\/11\/Nova-Logo-Pensar-Cursos-vertical.png","contentUrl":"https:\/\/www.pensarcursos.com.br\/blog\/wp-content\/uploads\/2023\/11\/Nova-Logo-Pensar-Cursos-vertical.png","width":1393,"height":1001,"caption":"Pensar Cursos"},"image":{"@id":"https:\/\/www.pensarcursos.com.br\/blog\/#\/schema\/logo\/image\/"},"sameAs":["https:\/\/www.facebook.com\/pensarcursos\/","https:\/\/instagram.com.br\/pensarcursos"],"description":"Pensar Cursos \u00e9 uma empresa especializada em oferecer cursos de alta qualidade voltados para o desenvolvimento profissional e acad\u00eamico. Com uma ampla gama de op\u00e7\u00f5es de treinamento, oferecemos conte\u00fados atualizados, ministrados por especialistas da \u00e1rea, para capacitar indiv\u00edduos e equipes a atingirem seus objetivos. Nossa miss\u00e3o \u00e9 proporcionar uma educa\u00e7\u00e3o transformadora, acess\u00edvel e personalizada para cada aluno, seja em cursos presenciais ou online. Com uma abordagem inovadora, buscamos adaptar os nossos programas de ensino \u00e0s necessidades do mercado, criando solu\u00e7\u00f5es que atendem aos desafios e exig\u00eancias do mundo corporativo e acad\u00eamico. Nossos cursos incluem desde forma\u00e7\u00f5es t\u00e9cnicas at\u00e9 habilidades essenciais, como lideran\u00e7a, gest\u00e3o e desenvolvimento pessoal.","email":"contato@pensarcursos.com.br","legalName":"Sena Servi\u00e7os de Informa\u00e7\u00e3o Online LTDA","foundingDate":"2013-04-18","vatID":"17956217000172","numberOfEmployees":{"@type":"QuantitativeValue","minValue":"11","maxValue":"50"},"publishingPrinciples":"https:\/\/www.pensarcursos.com.br\/blog\/principios-de-publicacao\/","ownershipFundingInfo":"https:\/\/www.pensarcursos.com.br\/blog\/informacoes-de-propriedade-financiamento\/","actionableFeedbackPolicy":"https:\/\/www.pensarcursos.com.br\/blog\/politica-de-feedback-acionavel\/","correctionsPolicy":"https:\/\/www.pensarcursos.com.br\/blog\/politica-de-correcoes\/","ethicsPolicy":"https:\/\/www.pensarcursos.com.br\/blog\/politica-de-etica\/"},{"@type":"Person","@id":"https:\/\/www.pensarcursos.com.br\/blog\/#\/schema\/person\/0443cdf278c03e030f77bd1e61b1ca3a","name":"Natalia Rosso","image":{"@type":"ImageObject","inLanguage":"pt-BR","@id":"https:\/\/secure.gravatar.com\/avatar\/60aec9576bd7c9c49e66166755ac8737c479b8d127f172619f3718da731f9c98?s=96&d=mm&r=g","url":"https:\/\/secure.gravatar.com\/avatar\/60aec9576bd7c9c49e66166755ac8737c479b8d127f172619f3718da731f9c98?s=96&d=mm&r=g","contentUrl":"https:\/\/secure.gravatar.com\/avatar\/60aec9576bd7c9c49e66166755ac8737c479b8d127f172619f3718da731f9c98?s=96&d=mm&r=g","caption":"Natalia Rosso"},"description":"Jornalista, apaixonada pelas palavras e pelo poder transformador da informa\u00e7\u00e3o.","url":"https:\/\/www.pensarcursos.com.br\/blog\/author\/natalia\/"}]}},"_links":{"self":[{"href":"https:\/\/www.pensarcursos.com.br\/blog\/wp-json\/wp\/v2\/posts\/17054","targetHints":{"allow":["GET"]}}],"collection":[{"href":"https:\/\/www.pensarcursos.com.br\/blog\/wp-json\/wp\/v2\/posts"}],"about":[{"href":"https:\/\/www.pensarcursos.com.br\/blog\/wp-json\/wp\/v2\/types\/post"}],"author":[{"embeddable":true,"href":"https:\/\/www.pensarcursos.com.br\/blog\/wp-json\/wp\/v2\/users\/26"}],"replies":[{"embeddable":true,"href":"https:\/\/www.pensarcursos.com.br\/blog\/wp-json\/wp\/v2\/comments?post=17054"}],"version-history":[{"count":0,"href":"https:\/\/www.pensarcursos.com.br\/blog\/wp-json\/wp\/v2\/posts\/17054\/revisions"}],"wp:featuredmedia":[{"embeddable":true,"href":"https:\/\/www.pensarcursos.com.br\/blog\/wp-json\/wp\/v2\/media\/17055"}],"wp:attachment":[{"href":"https:\/\/www.pensarcursos.com.br\/blog\/wp-json\/wp\/v2\/media?parent=17054"}],"wp:term":[{"taxonomy":"category","embeddable":true,"href":"https:\/\/www.pensarcursos.com.br\/blog\/wp-json\/wp\/v2\/categories?post=17054"},{"taxonomy":"post_tag","embeddable":true,"href":"https:\/\/www.pensarcursos.com.br\/blog\/wp-json\/wp\/v2\/tags?post=17054"}],"curies":[{"name":"wp","href":"https:\/\/api.w.org\/{rel}","templated":true}]}}