{"id":158204,"date":"2026-04-27T22:29:40","date_gmt":"2026-04-28T01:29:40","guid":{"rendered":"https:\/\/www.pensarcursos.com.br\/blog\/?p=158204"},"modified":"2026-04-27T14:55:56","modified_gmt":"2026-04-27T17:55:56","slug":"inss-libera-deposito-nos-dias-28-29-e-30-de-abril-mas-detalhe-desta-semana-muda-o-calendario-do-13o-salario","status":"publish","type":"post","link":"https:\/\/www.pensarcursos.com.br\/blog\/inss-libera-deposito-nos-dias-28-29-e-30-de-abril-mas-detalhe-desta-semana-muda-o-calendario-do-13o-salario\/","title":{"rendered":"INSS libera dep\u00f3sito nos dias 28, 29 e 30 de abril, mas detalhe desta semana muda o calend\u00e1rio do 13\u00ba sal\u00e1rio"},"content":{"rendered":"<p>O <a href=\"https:\/\/www.pensarcursos.com.br\/blog\/inss-de-abril-veja-quem-recebe-o-pagamento-do-13o-salario-nesta-semana-e-o-valor-maximo-que-cada-um-pode-receber\/\" target=\"_blank\" rel=\"noopener\">Instituto Nacional do Seguro Social (INSS)<\/a> j\u00e1 confirmou as datas dos pagamentos do 13\u00ba sal\u00e1rio para os dias 28, 29 e 30, <strong>mas h\u00e1 um detalhe que muda toda a ordem do calend\u00e1rio<\/strong>, impactando milhares de segurados.<\/p>\n<p>Compreender como essa altera\u00e7\u00e3o influencia o seu pagamento \u00e9 fundamental para o seu planejamento financeiro. Para obter mais informa\u00e7\u00f5es e verificar a data exata para sacar o seu benef\u00edcio, acompanhe a seguir as principais orienta\u00e7\u00f5es.<\/p>\n<h2>O que \u00e9 o 13\u00ba sal\u00e1rio do INSS?<\/h2>\n<p>O <strong>13\u00ba sal\u00e1rio<\/strong>, garantido pela Previd\u00eancia Social, \u00e9 um abono oferecido todos os anos e costuma ser dividido em duas parcelas. Ele representa uma renda extra para aqueles que j\u00e1 recebem aux\u00edlio previdenci\u00e1rio.<\/p>\n<h2>Quem tem direito ao 13\u00ba sal\u00e1rio em 2026?<\/h2>\n<p>Em 2026, segurados que, nos doze meses anteriores, tenham recebido ao menos uma das seguintes modalidades poder\u00e3o contar com o benef\u00edcio:<\/p>\n<ul>\n<li>Aposentadoria;<\/li>\n<li>Pens\u00e3o por morte;<\/li>\n<li>Aux\u00edlio-doen\u00e7a (caso de afastamento tempor\u00e1rio);<\/li>\n<li>Aux\u00edlio-acidente;<\/li>\n<li>Aux\u00edlio-reclus\u00e3o;<\/li>\n<li>Sal\u00e1rio-maternidade.<\/li>\n<\/ul>\n<h3>Novos segurados tamb\u00e9m recebem o 13 \u00ba sal\u00e1rio?<\/h3>\n<p>Segurados que passaram a receber qualquer desses benef\u00edcios h\u00e1 menos de doze meses tamb\u00e9m garantem o 13\u00ba, mas em valor proporcional: o c\u00e1lculo \u00e9 de 1\/12 por m\u00eas de recebimento.<\/p>\n<h2>Fatores que afetam o valor do 13\u00ba em 2026<\/h2>\n<p>O sal\u00e1rio m\u00ednimo nacional passou para<strong> R$ 1.621,00<\/strong> neste ano. Quem recebe acima desse piso teve aumento de 3,90%, conforme a Portaria Interministerial MPS\/MF n\u00ba 13. O valor m\u00e1ximo (teto) do benef\u00edcio \u00e9 R$ 8.475,55.<\/p>\n<p>Al\u00e9m disso, a faixa de isen\u00e7\u00e3o do Imposto de Renda (IR) aumentou: agora, a segunda parcela do 13\u00ba n\u00e3o sofre descontos para quem recebe at\u00e9 R$ 5.000,00, elevando o montante l\u00edquido depositado nesses casos.<\/p>\n<h2>Como \u00e9 feito o dep\u00f3sito do 13\u00ba sal\u00e1rio?<\/h2>\n<p>O valor do <a href=\"https:\/\/www.pensarcursos.com.br\/blog\/inss-feriado-desta-semana-reorganiza-o-calendario-do-13o-salario-e-aposentados-devem-ficar-atentos\/\" target=\"_blank\" rel=\"noopener\">13\u00ba sal\u00e1rio<\/a> \u00e9, basicamente, o mesmo do benef\u00edcio mensal, por\u00e9m, dividido em duas parcelas. Veja como as parcelas funcionam:<\/p>\n<ul>\n<li><strong>Primeira parcela<\/strong>: corresponde a metade do valor mensal (50%). Neste pagamento, n\u00e3o h\u00e1 descontos para nenhum segurado.<\/li>\n<li><strong>Segunda parcela<\/strong>: refere-se ao restante (os outros 50%), j\u00e1 com descontos obrigat\u00f3rios, como o IR, quando houver. Normalmente, esse valor \u00e9 menor por conta dos descontos.<\/li>\n<\/ul>\n<h2>Como checar o extrato de pagamentos?<\/h2>\n<figure id=\"attachment_157252\" aria-describedby=\"caption-attachment-157252\" style=\"width: 1200px\" class=\"wp-caption alignnone\"><img decoding=\"async\" class=\"wp-image-157252 size-full\" src=\"https:\/\/www.pensarcursos.com.br\/blog\/wp-content\/uploads\/2026\/04\/Consulta-13o-salario.jpg\" alt=\"Idoso mexendo no celular.\" width=\"1200\" height=\"800\" srcset=\"https:\/\/www.pensarcursos.com.br\/blog\/wp-content\/uploads\/2026\/04\/Consulta-13o-salario.jpg 1200w, https:\/\/www.pensarcursos.com.br\/blog\/wp-content\/uploads\/2026\/04\/Consulta-13o-salario-300x200.jpg 300w, https:\/\/www.pensarcursos.com.br\/blog\/wp-content\/uploads\/2026\/04\/Consulta-13o-salario-1024x683.jpg 1024w, https:\/\/www.pensarcursos.com.br\/blog\/wp-content\/uploads\/2026\/04\/Consulta-13o-salario-768x512.jpg 768w, https:\/\/www.pensarcursos.com.br\/blog\/wp-content\/uploads\/2026\/04\/Consulta-13o-salario-750x500.jpg 750w, https:\/\/www.pensarcursos.com.br\/blog\/wp-content\/uploads\/2026\/04\/Consulta-13o-salario-1140x760.jpg 1140w\" sizes=\"(max-width: 1200px) 100vw, 1200px\" \/><figcaption id=\"caption-attachment-157252\" class=\"wp-caption-text\">Saiba como checar o extrato de pagamentos do INSS! Imagem: Freepik.<\/figcaption><\/figure>\n<p>Desde o dia 15 de abril, \u00e9 poss\u00edvel conferir todos os detalhes do benef\u00edcio pela plataforma Meu INSS. Basta seguir o passo a passo abaixo:<\/p>\n<ol>\n<li>Acesse o\u00a0<a href=\"https:\/\/meu.inss.gov.br\/\" target=\"_blank\" rel=\"noopener\">Meu INSS<\/a>;<\/li>\n<li>Entre usando seu CPF e senha;<\/li>\n<li>No menu, escolha a op\u00e7\u00e3o \u201cExtrato de pagamentos\u201d;<\/li>\n<li>Verifique as informa\u00e7\u00f5es sobre seu benef\u00edcio.<\/li>\n<\/ol>\n<h2>Crit\u00e9rios para saber o dia do pagamento<\/h2>\n<p>Duas regras principais do calend\u00e1rio do INSS determinam quando o dinheiro cai na conta:<\/p>\n<ul>\n<li><strong>Escalonamento:<\/strong> a data depende do pen\u00faltimo d\u00edgito do n\u00famero do cart\u00e3o do INSS. Por exemplo, em 12345678<strong>7<\/strong>-0, vale o n\u00famero <strong>7<\/strong>.<\/li>\n<li><strong>Ordem de pagamento:<\/strong> o calend\u00e1rio possui duas categorias: quem recebe o piso (um sal\u00e1rio m\u00ednimo) e quem recebe acima desse valor. Aqueles que recebem o piso s\u00e3o os primeiros a serem contemplados, com o objetivo de que as pessoas em maior situa\u00e7\u00e3o de vulnerabilidade possam receber com anteced\u00eancia. Os demais recebem nos dias seguintes.<\/li>\n<\/ul>\n<h2>Calend\u00e1rio do 13\u00ba sal\u00e1rio<\/h2>\n<p>Os pagamentos de ambos os grupos ocorrem entre abril e junho, divididos em duas parcelas:<\/p>\n<ul>\n<li><strong>Primeira parcela:<\/strong>\u00a0do dia 24 de abril ao dia 8 de maio.<\/li>\n<li><strong>Segunda parcela:<\/strong>\u00a0do dia 25 de maio ao dia 8 de junho.<\/li>\n<\/ul>\n<p>Apesar de os pagamentos da primeira parcela j\u00e1 terem iniciado, algumas pessoas s\u00f3 receber\u00e3o a partir do dia <strong>4 de maio<\/strong>. Isso acontece porque o dia 1\u00ba de maio, que \u00e9 uma sexta-feira, \u00e9 feriado nacional (Dia do Trabalhador). Nessa data, o INSS n\u00e3o realiza nenhum pagamento.<\/p>\n<p>Portanto, os pagamentos previstos para o dia 1\u00ba de maio foram transferidos para o pr\u00f3ximo dia \u00fatil, que ser\u00e1 a segunda-feira.<\/p>\n<h3>Quem ser\u00e1 impactado pelo adiamento?<\/h3>\n<ul>\n<li>Segurados que recebem at\u00e9 um sal\u00e1rio m\u00ednimo e t\u00eam o n\u00famero final do benef\u00edcio 6;<\/li>\n<li>Segurados que recebem acima do sal\u00e1rio m\u00ednimo com n\u00famero final 1 ou 6.<\/li>\n<\/ul>\n<p>A partir do dia 4 de maio, o restante do calend\u00e1rio segue normalmente. Veja as datas exatas nas tabelas abaixo:<\/p>\n<h3>Tabela de pagamento &#8211; quem ganha at\u00e9 um sal\u00e1rio m\u00ednimo<\/h3>\n<table>\n<thead>\n<tr>\n<th>N\u00famero final<\/th>\n<th>1\u00aa Parcela<\/th>\n<th>2\u00aa Parcela<\/th>\n<\/tr>\n<\/thead>\n<tbody>\n<tr>\n<td>1<\/td>\n<td>24\/04<\/td>\n<td>25\/05<\/td>\n<\/tr>\n<tr>\n<td>2<\/td>\n<td>27\/04<\/td>\n<td>26\/05<\/td>\n<\/tr>\n<tr>\n<td>3<\/td>\n<td>28\/04<\/td>\n<td>27\/05<\/td>\n<\/tr>\n<tr>\n<td>4<\/td>\n<td>29\/04<\/td>\n<td>28\/05<\/td>\n<\/tr>\n<tr>\n<td>5<\/td>\n<td>30\/04<\/td>\n<td>29\/05<\/td>\n<\/tr>\n<tr>\n<td><strong>6<\/strong><\/td>\n<td><strong>04\/05<\/strong><\/td>\n<td>01\/06<\/td>\n<\/tr>\n<tr>\n<td>7<\/td>\n<td>05\/05<\/td>\n<td>02\/06<\/td>\n<\/tr>\n<tr>\n<td>8<\/td>\n<td>06\/05<\/td>\n<td>03\/06<\/td>\n<\/tr>\n<tr>\n<td>9<\/td>\n<td>07\/05<\/td>\n<td>05\/06<\/td>\n<\/tr>\n<tr>\n<td>0<\/td>\n<td>08\/05<\/td>\n<td>08\/06<\/td>\n<\/tr>\n<\/tbody>\n<\/table>\n<h3>Tabela de pagamento &#8211; quem ganha acima do sal\u00e1rio m\u00ednimo<\/h3>\n<table>\n<thead>\n<tr>\n<th>N\u00famero final<\/th>\n<th>1\u00aa Parcela<\/th>\n<th>2\u00aa Parcela<\/th>\n<\/tr>\n<\/thead>\n<tbody>\n<tr>\n<td><strong>1 e 6<\/strong><\/td>\n<td><strong>04\/05<\/strong><\/td>\n<td>01\/06<\/td>\n<\/tr>\n<tr>\n<td>2 e 7<\/td>\n<td>05\/05<\/td>\n<td>02\/06<\/td>\n<\/tr>\n<tr>\n<td>3 e 8<\/td>\n<td>06\/05<\/td>\n<td>03\/06<\/td>\n<\/tr>\n<tr>\n<td>4 e 9<\/td>\n<td>07\/05<\/td>\n<td>05\/06<\/td>\n<\/tr>\n<tr>\n<td>5 e 0<\/td>\n<td>08\/05<\/td>\n<td>08\/06<\/td>\n<\/tr>\n<\/tbody>\n<\/table>\n<h2>Informa\u00e7\u00f5es complementares<\/h2>\n<ul>\n<li>Quem recebe Benef\u00edcio de Presta\u00e7\u00e3o Continuada (BPC) ou Renda Mensal Vital\u00edcia n\u00e3o recebe o 13\u00ba sal\u00e1rio;<\/li>\n<li>Pagamentos podem atrasar ou ser bloqueados em caso de pend\u00eancias cadastrais ou falta de documentos;<\/li>\n<li>Se houver d\u00favidas ou valor diferente do esperado, procure uma ag\u00eancia do INSS, telefone 135 (segunda a s\u00e1bado, das 7h \u00e0s 22h) ou utilize o\u00a0Meu INSS;<\/li>\n<li>Pagamentos do 13\u00ba sal\u00e1rio s\u00f3 acontecem para benef\u00edcios ativos.<\/li>\n<\/ul>\n<p>Aproveite para assistir ao v\u00eddeo abaixo e saiba tudo sobre o 13\u00ba sal\u00e1rio em menos de 4 minutos:<\/p>\n<div class=\"jeg_video_container jeg_video_content\"><iframe title=\"Quando cai o 13\u00ba do INSS em 2026? Veja as datas da 1\u00aa e 2\u00aa parcela agora\" width=\"500\" height=\"281\" src=\"https:\/\/www.youtube.com\/embed\/tP6FZI43Edc?start=58&#038;feature=oembed\" frameborder=\"0\" allow=\"accelerometer; autoplay; clipboard-write; encrypted-media; gyroscope; picture-in-picture; web-share\" referrerpolicy=\"strict-origin-when-cross-origin\" allowfullscreen><\/iframe><\/div>\n<p>Para n\u00e3o perder nenhuma novidade sobre os pagamentos previdenci\u00e1rios, continue acessando o <a href=\"https:\/\/www.pensarcursos.com.br\/blog\/\" target=\"_blank\" rel=\"noopener\">Blog Pensar Cursos<\/a> diariamente!<\/p>\n","protected":false},"excerpt":{"rendered":"<p>O Instituto Nacional do Seguro Social (INSS) j\u00e1 confirmou as datas dos pagamentos do 13\u00ba sal\u00e1rio para os dias 28, 29 e 30, mas h\u00e1 um detalhe que muda toda a ordem do calend\u00e1rio, impactando milhares de segurados. Compreender como essa altera\u00e7\u00e3o influencia o seu pagamento \u00e9 fundamental para o seu planejamento financeiro. Para obter [&hellip;]<\/p>\n","protected":false},"author":63,"featured_media":157824,"comment_status":"open","ping_status":"closed","sticky":false,"template":"","format":"standard","meta":{"jnews-multi-image_gallery":[],"jnews_single_post":{"format":"standard","override":[{"template":"1","parallax":"1","fullscreen":"1","layout":"right-sidebar","sidebar":"default-sidebar","second_sidebar":"default-sidebar","sticky_sidebar":"1","share_position":"topbottom","share_float_style":"share-monocrhome","show_featured":"1","show_post_meta":"1","show_post_author":"1","show_post_author_image":"1","show_post_date":"1","post_date_format":"default","post_date_format_custom":"Y\/m\/d","show_post_category":"1","post_reading_time_wpm":"300","post_calculate_word_method":"str_word_count","show_zoom_button":"0","zoom_button_out_step":"2","zoom_button_in_step":"3","show_post_tag":"1","show_prev_next_post":"1","show_popup_post":"1","show_comment_section":"1","number_popup_post":"2","show_author_box":"1","show_post_related":"1","show_inline_post_related":"1"}],"image_override":[{"single_post_thumbnail_size":"crop-500","single_post_gallery_size":"crop-500"}],"trending_post_position":"meta","trending_post_label":"Trending","sponsored_post_label":"Sponsored by","disable_ad":"0","subtitle":"Entenda a altera\u00e7\u00e3o no calend\u00e1rio do 13\u00ba sal\u00e1rio e evite surpresas"},"jnews_primary_category":[],"jnews_social_meta":[],"jnews_override_counter":{"view_counter_number":"0","share_counter_number":"0","like_counter_number":"0","dislike_counter_number":"0"},"footnotes":""},"categories":[1691],"tags":[37367,3253,39994],"class_list":["post-158204","post","type-post","status-publish","format-standard","has-post-thumbnail","hentry","category-direitos-do-trabalhador","tag-13-salario-do-inss-2026","tag-calendario-13-salario","tag-pagamentos-13-salario"],"yoast_head":"<!-- This site is optimized with the Yoast SEO Premium plugin v27.4 (Yoast SEO v27.4) - https:\/\/yoast.com\/product\/yoast-seo-premium-wordpress\/ -->\n<title>INSS libera dep\u00f3sito nos dias 28, 29 e 30 de abril, mas detalhe desta semana muda o calend\u00e1rio do 13\u00ba sal\u00e1rio - Blog Pensar Cursos<\/title>\n<meta name=\"description\" content=\"INSS libera dep\u00f3sito em 28, 29 e 30 de abril; saiba como a mudan\u00e7a no calend\u00e1rio do 13\u00ba sal\u00e1rio afeta o seu pagamento em 2026.\" \/>\n<meta name=\"robots\" content=\"index, follow, max-snippet:-1, max-image-preview:large, max-video-preview:-1\" \/>\n<link rel=\"canonical\" href=\"https:\/\/www.pensarcursos.com.br\/blog\/inss-libera-deposito-nos-dias-28-29-e-30-de-abril-mas-detalhe-desta-semana-muda-o-calendario-do-13o-salario\/\" \/>\n<meta property=\"og:locale\" content=\"pt_BR\" \/>\n<meta property=\"og:type\" content=\"article\" \/>\n<meta property=\"og:title\" content=\"INSS libera dep\u00f3sito nos dias 28, 29 e 30 de abril, mas detalhe desta semana muda o calend\u00e1rio do 13\u00ba sal\u00e1rio\" \/>\n<meta property=\"og:description\" content=\"INSS libera dep\u00f3sito em 28, 29 e 30 de abril; saiba como a mudan\u00e7a no calend\u00e1rio do 13\u00ba sal\u00e1rio afeta o seu pagamento em 2026.\" \/>\n<meta property=\"og:url\" content=\"https:\/\/www.pensarcursos.com.br\/blog\/inss-libera-deposito-nos-dias-28-29-e-30-de-abril-mas-detalhe-desta-semana-muda-o-calendario-do-13o-salario\/\" \/>\n<meta property=\"og:site_name\" content=\"Blog Pensar Cursos\" \/>\n<meta property=\"article:publisher\" content=\"https:\/\/www.facebook.com\/pensarcursos\/\" \/>\n<meta property=\"article:published_time\" content=\"2026-04-28T01:29:40+00:00\" \/>\n<meta property=\"og:image\" content=\"https:\/\/www.pensarcursos.com.br\/blog\/wp-content\/uploads\/2026\/04\/Pagamentos-do-13o-salario.webp\" \/>\n\t<meta property=\"og:image:width\" content=\"1200\" \/>\n\t<meta property=\"og:image:height\" content=\"800\" \/>\n\t<meta property=\"og:image:type\" content=\"image\/webp\" \/>\n<meta name=\"author\" content=\"Lorena Santos\" \/>\n<meta name=\"twitter:card\" content=\"summary_large_image\" \/>\n<meta name=\"twitter:label1\" content=\"Escrito por\" \/>\n\t<meta name=\"twitter:data1\" content=\"Lorena Santos\" \/>\n\t<meta name=\"twitter:label2\" content=\"Est. tempo de leitura\" \/>\n\t<meta name=\"twitter:data2\" content=\"6 minutos\" \/>\n<!-- \/ Yoast SEO Premium plugin. -->","yoast_head_json":{"title":"INSS libera dep\u00f3sito nos dias 28, 29 e 30 de abril, mas detalhe desta semana muda o calend\u00e1rio do 13\u00ba sal\u00e1rio - Blog Pensar Cursos","description":"INSS libera dep\u00f3sito em 28, 29 e 30 de abril; saiba como a mudan\u00e7a no calend\u00e1rio do 13\u00ba sal\u00e1rio afeta o seu pagamento em 2026.","robots":{"index":"index","follow":"follow","max-snippet":"max-snippet:-1","max-image-preview":"max-image-preview:large","max-video-preview":"max-video-preview:-1"},"canonical":"https:\/\/www.pensarcursos.com.br\/blog\/inss-libera-deposito-nos-dias-28-29-e-30-de-abril-mas-detalhe-desta-semana-muda-o-calendario-do-13o-salario\/","og_locale":"pt_BR","og_type":"article","og_title":"INSS libera dep\u00f3sito nos dias 28, 29 e 30 de abril, mas detalhe desta semana muda o calend\u00e1rio do 13\u00ba sal\u00e1rio","og_description":"INSS libera dep\u00f3sito em 28, 29 e 30 de abril; saiba como a mudan\u00e7a no calend\u00e1rio do 13\u00ba sal\u00e1rio afeta o seu pagamento em 2026.","og_url":"https:\/\/www.pensarcursos.com.br\/blog\/inss-libera-deposito-nos-dias-28-29-e-30-de-abril-mas-detalhe-desta-semana-muda-o-calendario-do-13o-salario\/","og_site_name":"Blog Pensar Cursos","article_publisher":"https:\/\/www.facebook.com\/pensarcursos\/","article_published_time":"2026-04-28T01:29:40+00:00","og_image":[{"width":1200,"height":800,"url":"https:\/\/www.pensarcursos.com.br\/blog\/wp-content\/uploads\/2026\/04\/Pagamentos-do-13o-salario.webp","type":"image\/webp"}],"author":"Lorena Santos","twitter_card":"summary_large_image","twitter_misc":{"Escrito por":"Lorena Santos","Est. tempo de leitura":"6 minutos"},"schema":{"@context":"https:\/\/schema.org","@graph":[{"@type":["Article","BlogPosting"],"@id":"https:\/\/www.pensarcursos.com.br\/blog\/inss-libera-deposito-nos-dias-28-29-e-30-de-abril-mas-detalhe-desta-semana-muda-o-calendario-do-13o-salario\/#article","isPartOf":{"@id":"https:\/\/www.pensarcursos.com.br\/blog\/inss-libera-deposito-nos-dias-28-29-e-30-de-abril-mas-detalhe-desta-semana-muda-o-calendario-do-13o-salario\/"},"author":{"name":"Lorena Santos","@id":"https:\/\/www.pensarcursos.com.br\/blog\/#\/schema\/person\/6d14404537fc6409c2563a04b6a33afa"},"headline":"INSS libera dep\u00f3sito nos dias 28, 29 e 30 de abril, mas detalhe desta semana muda o calend\u00e1rio do 13\u00ba sal\u00e1rio","datePublished":"2026-04-28T01:29:40+00:00","mainEntityOfPage":{"@id":"https:\/\/www.pensarcursos.com.br\/blog\/inss-libera-deposito-nos-dias-28-29-e-30-de-abril-mas-detalhe-desta-semana-muda-o-calendario-do-13o-salario\/"},"wordCount":889,"commentCount":0,"publisher":{"@id":"https:\/\/www.pensarcursos.com.br\/blog\/#organization"},"image":{"@id":"https:\/\/www.pensarcursos.com.br\/blog\/inss-libera-deposito-nos-dias-28-29-e-30-de-abril-mas-detalhe-desta-semana-muda-o-calendario-do-13o-salario\/#primaryimage"},"thumbnailUrl":"https:\/\/www.pensarcursos.com.br\/blog\/wp-content\/uploads\/2026\/04\/Pagamentos-do-13o-salario.webp","keywords":["13 sal\u00e1rio do inss 2026","calend\u00e1rio 13 salario","pagamentos 13 salario"],"articleSection":["Direitos do Trabalhador"],"inLanguage":"pt-BR","potentialAction":[{"@type":"CommentAction","name":"Comment","target":["https:\/\/www.pensarcursos.com.br\/blog\/inss-libera-deposito-nos-dias-28-29-e-30-de-abril-mas-detalhe-desta-semana-muda-o-calendario-do-13o-salario\/#respond"]}],"copyrightYear":"2026","copyrightHolder":{"@id":"https:\/\/www.pensarcursos.com.br\/blog\/#organization"}},{"@type":"WebPage","@id":"https:\/\/www.pensarcursos.com.br\/blog\/inss-libera-deposito-nos-dias-28-29-e-30-de-abril-mas-detalhe-desta-semana-muda-o-calendario-do-13o-salario\/","url":"https:\/\/www.pensarcursos.com.br\/blog\/inss-libera-deposito-nos-dias-28-29-e-30-de-abril-mas-detalhe-desta-semana-muda-o-calendario-do-13o-salario\/","name":"INSS libera dep\u00f3sito nos dias 28, 29 e 30 de abril, mas detalhe desta semana muda o calend\u00e1rio do 13\u00ba sal\u00e1rio - Blog Pensar Cursos","isPartOf":{"@id":"https:\/\/www.pensarcursos.com.br\/blog\/#website"},"primaryImageOfPage":{"@id":"https:\/\/www.pensarcursos.com.br\/blog\/inss-libera-deposito-nos-dias-28-29-e-30-de-abril-mas-detalhe-desta-semana-muda-o-calendario-do-13o-salario\/#primaryimage"},"image":{"@id":"https:\/\/www.pensarcursos.com.br\/blog\/inss-libera-deposito-nos-dias-28-29-e-30-de-abril-mas-detalhe-desta-semana-muda-o-calendario-do-13o-salario\/#primaryimage"},"thumbnailUrl":"https:\/\/www.pensarcursos.com.br\/blog\/wp-content\/uploads\/2026\/04\/Pagamentos-do-13o-salario.webp","datePublished":"2026-04-28T01:29:40+00:00","description":"INSS libera dep\u00f3sito em 28, 29 e 30 de abril; saiba como a mudan\u00e7a no calend\u00e1rio do 13\u00ba sal\u00e1rio afeta o seu pagamento em 2026.","breadcrumb":{"@id":"https:\/\/www.pensarcursos.com.br\/blog\/inss-libera-deposito-nos-dias-28-29-e-30-de-abril-mas-detalhe-desta-semana-muda-o-calendario-do-13o-salario\/#breadcrumb"},"inLanguage":"pt-BR","potentialAction":[{"@type":"ReadAction","target":["https:\/\/www.pensarcursos.com.br\/blog\/inss-libera-deposito-nos-dias-28-29-e-30-de-abril-mas-detalhe-desta-semana-muda-o-calendario-do-13o-salario\/"]}]},{"@type":"ImageObject","inLanguage":"pt-BR","@id":"https:\/\/www.pensarcursos.com.br\/blog\/inss-libera-deposito-nos-dias-28-29-e-30-de-abril-mas-detalhe-desta-semana-muda-o-calendario-do-13o-salario\/#primaryimage","url":"https:\/\/www.pensarcursos.com.br\/blog\/wp-content\/uploads\/2026\/04\/Pagamentos-do-13o-salario.webp","contentUrl":"https:\/\/www.pensarcursos.com.br\/blog\/wp-content\/uploads\/2026\/04\/Pagamentos-do-13o-salario.webp","width":1200,"height":800,"caption":"Saiba qual \u00e9 o detalhe que ir\u00e1 afetar o calend\u00e1rio do 13\u00ba sal\u00e1rio do INSS. Imagem: Blog Pensar Cursos."},{"@type":"BreadcrumbList","@id":"https:\/\/www.pensarcursos.com.br\/blog\/inss-libera-deposito-nos-dias-28-29-e-30-de-abril-mas-detalhe-desta-semana-muda-o-calendario-do-13o-salario\/#breadcrumb","itemListElement":[{"@type":"ListItem","position":1,"name":"Home","item":"https:\/\/www.pensarcursos.com.br\/blog\/"},{"@type":"ListItem","position":2,"name":"INSS libera dep\u00f3sito nos dias 28, 29 e 30 de abril, mas detalhe desta semana muda o calend\u00e1rio do 13\u00ba sal\u00e1rio"}]},{"@type":"WebSite","@id":"https:\/\/www.pensarcursos.com.br\/blog\/#website","url":"https:\/\/www.pensarcursos.com.br\/blog\/","name":"Blog Pensar Cursos","description":"Maior Site de Cursos do Brasil","publisher":{"@id":"https:\/\/www.pensarcursos.com.br\/blog\/#organization"},"alternateName":"Blog Pensar","potentialAction":[{"@type":"SearchAction","target":{"@type":"EntryPoint","urlTemplate":"https:\/\/www.pensarcursos.com.br\/blog\/?s={search_term_string}"},"query-input":{"@type":"PropertyValueSpecification","valueRequired":true,"valueName":"search_term_string"}}],"inLanguage":"pt-BR"},{"@type":"Organization","@id":"https:\/\/www.pensarcursos.com.br\/blog\/#organization","name":"Pensar Cursos","alternateName":"Blog pensar","url":"https:\/\/www.pensarcursos.com.br\/blog\/","logo":{"@type":"ImageObject","inLanguage":"pt-BR","@id":"https:\/\/www.pensarcursos.com.br\/blog\/#\/schema\/logo\/image\/","url":"https:\/\/www.pensarcursos.com.br\/blog\/wp-content\/uploads\/2023\/11\/Nova-Logo-Pensar-Cursos-vertical.png","contentUrl":"https:\/\/www.pensarcursos.com.br\/blog\/wp-content\/uploads\/2023\/11\/Nova-Logo-Pensar-Cursos-vertical.png","width":1393,"height":1001,"caption":"Pensar Cursos"},"image":{"@id":"https:\/\/www.pensarcursos.com.br\/blog\/#\/schema\/logo\/image\/"},"sameAs":["https:\/\/www.facebook.com\/pensarcursos\/","https:\/\/instagram.com.br\/pensarcursos"],"description":"Pensar Cursos \u00e9 uma empresa especializada em oferecer cursos de alta qualidade voltados para o desenvolvimento profissional e acad\u00eamico. Com uma ampla gama de op\u00e7\u00f5es de treinamento, oferecemos conte\u00fados atualizados, ministrados por especialistas da \u00e1rea, para capacitar indiv\u00edduos e equipes a atingirem seus objetivos. Nossa miss\u00e3o \u00e9 proporcionar uma educa\u00e7\u00e3o transformadora, acess\u00edvel e personalizada para cada aluno, seja em cursos presenciais ou online. Com uma abordagem inovadora, buscamos adaptar os nossos programas de ensino \u00e0s necessidades do mercado, criando solu\u00e7\u00f5es que atendem aos desafios e exig\u00eancias do mundo corporativo e acad\u00eamico. Nossos cursos incluem desde forma\u00e7\u00f5es t\u00e9cnicas at\u00e9 habilidades essenciais, como lideran\u00e7a, gest\u00e3o e desenvolvimento pessoal.","email":"contato@pensarcursos.com.br","legalName":"Sena Servi\u00e7os de Informa\u00e7\u00e3o Online LTDA","foundingDate":"2013-04-18","vatID":"17956217000172","numberOfEmployees":{"@type":"QuantitativeValue","minValue":"11","maxValue":"50"},"publishingPrinciples":"https:\/\/www.pensarcursos.com.br\/blog\/principios-de-publicacao\/","ownershipFundingInfo":"https:\/\/www.pensarcursos.com.br\/blog\/informacoes-de-propriedade-financiamento\/","actionableFeedbackPolicy":"https:\/\/www.pensarcursos.com.br\/blog\/politica-de-feedback-acionavel\/","correctionsPolicy":"https:\/\/www.pensarcursos.com.br\/blog\/politica-de-correcoes\/","ethicsPolicy":"https:\/\/www.pensarcursos.com.br\/blog\/politica-de-etica\/"},{"@type":"Person","@id":"https:\/\/www.pensarcursos.com.br\/blog\/#\/schema\/person\/6d14404537fc6409c2563a04b6a33afa","name":"Lorena Santos","image":{"@type":"ImageObject","inLanguage":"pt-BR","@id":"https:\/\/secure.gravatar.com\/avatar\/941263bb699494bd4d142d8d9219ca4269af85a1fae17b916b7a324de278e15f?s=96&d=mm&r=g","url":"https:\/\/secure.gravatar.com\/avatar\/941263bb699494bd4d142d8d9219ca4269af85a1fae17b916b7a324de278e15f?s=96&d=mm&r=g","contentUrl":"https:\/\/secure.gravatar.com\/avatar\/941263bb699494bd4d142d8d9219ca4269af85a1fae17b916b7a324de278e15f?s=96&d=mm&r=g","caption":"Lorena Santos"},"description":"Redatora do Grupo Sena Online","sameAs":["https:\/\/www.instagram.com\/lorenassi_?igsh=dXRodHd0ZXpjZDZy&utm_source=qr"],"url":"https:\/\/www.pensarcursos.com.br\/blog\/author\/lorena\/"}]}},"_links":{"self":[{"href":"https:\/\/www.pensarcursos.com.br\/blog\/wp-json\/wp\/v2\/posts\/158204","targetHints":{"allow":["GET"]}}],"collection":[{"href":"https:\/\/www.pensarcursos.com.br\/blog\/wp-json\/wp\/v2\/posts"}],"about":[{"href":"https:\/\/www.pensarcursos.com.br\/blog\/wp-json\/wp\/v2\/types\/post"}],"author":[{"embeddable":true,"href":"https:\/\/www.pensarcursos.com.br\/blog\/wp-json\/wp\/v2\/users\/63"}],"replies":[{"embeddable":true,"href":"https:\/\/www.pensarcursos.com.br\/blog\/wp-json\/wp\/v2\/comments?post=158204"}],"version-history":[{"count":2,"href":"https:\/\/www.pensarcursos.com.br\/blog\/wp-json\/wp\/v2\/posts\/158204\/revisions"}],"predecessor-version":[{"id":158213,"href":"https:\/\/www.pensarcursos.com.br\/blog\/wp-json\/wp\/v2\/posts\/158204\/revisions\/158213"}],"wp:featuredmedia":[{"embeddable":true,"href":"https:\/\/www.pensarcursos.com.br\/blog\/wp-json\/wp\/v2\/media\/157824"}],"wp:attachment":[{"href":"https:\/\/www.pensarcursos.com.br\/blog\/wp-json\/wp\/v2\/media?parent=158204"}],"wp:term":[{"taxonomy":"category","embeddable":true,"href":"https:\/\/www.pensarcursos.com.br\/blog\/wp-json\/wp\/v2\/categories?post=158204"},{"taxonomy":"post_tag","embeddable":true,"href":"https:\/\/www.pensarcursos.com.br\/blog\/wp-json\/wp\/v2\/tags?post=158204"}],"curies":[{"name":"wp","href":"https:\/\/api.w.org\/{rel}","templated":true}]}}