{"id":158193,"date":"2026-04-27T22:09:43","date_gmt":"2026-04-28T01:09:43","guid":{"rendered":"https:\/\/www.pensarcursos.com.br\/blog\/?p=158193"},"modified":"2026-04-27T16:21:17","modified_gmt":"2026-04-27T19:21:17","slug":"saiu-edital-novo-concurso-camara-municipal-com-salarios-de-ate-r-156-mil-abriu-inscricoes-nesta-segunda-feira-27","status":"publish","type":"post","link":"https:\/\/www.pensarcursos.com.br\/blog\/saiu-edital-novo-concurso-camara-municipal-com-salarios-de-ate-r-156-mil-abriu-inscricoes-nesta-segunda-feira-27\/","title":{"rendered":"SAIU EDITAL! Novo concurso C\u00e2mara Municipal com sal\u00e1rios de at\u00e9 R$ 15,6 mil abriu inscri\u00e7\u00f5es nesta segunda-feira (27)"},"content":{"rendered":"<p>N\u00e3o perca, concurseiro! Foi publicado o edital do <strong>concurso da C\u00e2mara Municipal<\/strong>, com vagas imediatas e forma\u00e7\u00e3o de cadastro de reserva para diversos cargos de n\u00edveis m\u00e9dio e superior, com <strong>sal\u00e1rios de at\u00e9 R$ 15.659,70<\/strong>.<\/p>\n<p>As inscri\u00e7\u00f5es come\u00e7aram nesta segunda-feira, <strong>27 de abril de 2026<\/strong>. A seguir, confira todos os detalhes e n\u00e3o perca a chance de garantir sua vaga.<\/p>\n<h2>Detalhes sobre o concurso da C\u00e2mara Municipal<\/h2>\n<p>O <a href=\"https:\/\/www.pensarcursos.com.br\/blog\/saiu-edital-novo-concurso-com-salarios-de-ate-r-21-mil-e-mais-de-60-vagas-abriu-inscricoes-nesta-segunda-feira-27\/\" target=\"_blank\" rel=\"noopener\">concurso<\/a> \u00e9 organizado pelo <strong>Instituto de Gest\u00e3o de Cidades (IGECS)<\/strong> e tem como objetivo preencher vagas no quadro da C\u00e2mara Municipal.<\/p>\n<p>Ao todo, s\u00e3o <strong>5 vagas<\/strong> imediatas, al\u00e9m da forma\u00e7\u00e3o de cadastro de reserva (CR), que poder\u00e1 ser utilizado conforme a necessidade durante o prazo de validade do certame.<\/p>\n<h2>Cargos oferecidos<\/h2>\n<ul>\n<li><strong>Auxiliar Administrativo<\/strong> (Ensino M\u00e9dio, CR)<\/li>\n<li><strong>Analista Jur\u00eddico<\/strong> (Ensino Superior em Direito, CR)<\/li>\n<li><strong>Coordenador de Compras<\/strong> (Superior, 1 vaga)<\/li>\n<li><strong>Coordenador de Contratos<\/strong> (Superior, 1 vaga)<\/li>\n<li><strong>Coordenador de Licita\u00e7\u00e3o<\/strong> (Superior em Direito, 1 vaga)<\/li>\n<li><strong>Fot\u00f3grafo Legislativo<\/strong> (Superior em Fotografia, CR)<\/li>\n<li><strong>Jornalista Legislativo<\/strong> (Superior em Jornalismo, CR)<\/li>\n<li><strong>T\u00e9cnico em Inform\u00e1tica<\/strong> (Superior em \u00e1rea correlata, CR)<\/li>\n<li><strong>T\u00e9cnico Legislativo de Compras<\/strong> (Superior, CR)<\/li>\n<li><strong>T\u00e9cnico Legislativo de Contratos<\/strong> (Superior, CR)<\/li>\n<li><strong>T\u00e9cnico Legislativo de Licita\u00e7\u00e3o<\/strong> (Superior, 1 vaga)<\/li>\n<li><strong>T\u00e9cnico Legislativo de M\u00eddias Sociais<\/strong> (Superior em Comunica\u00e7\u00e3o Social ou \u00e1rea afim, 1 vaga)<\/li>\n<li><strong>Web Designer Legislativo<\/strong> (Superior, CR)<\/li>\n<\/ul>\n<h2>Requisitos para participar<\/h2>\n<p>Antes de efetuar sua inscri\u00e7\u00e3o, confira os requisitos exigidos:<\/p>\n<ul>\n<li>Ser brasileiro nato, naturalizado ou cidad\u00e3o portugu\u00eas com igualdade reconhecida;<\/li>\n<li>Ter, no m\u00ednimo, 18 anos completos e, no m\u00e1ximo, 75 anos na data da posse (aposentadoria compuls\u00f3ria);<\/li>\n<li>Estar em dia com as obriga\u00e7\u00f5es eleitorais e, se do sexo masculino, com o servi\u00e7o militar;<\/li>\n<li>Possuir a escolaridade e forma\u00e7\u00e3o correspondente ao cargo;<\/li>\n<li>Para cargos de n\u00edvel superior, apresentar o diploma e, quando exigido, registro em conselho de classe;<\/li>\n<li>Aptid\u00e3o f\u00edsica e mental comprovada em exames admissionais;<\/li>\n<li>Nenhum impedimento para admiss\u00e3o em cargo p\u00fablico.<\/li>\n<\/ul>\n<h2>Remunera\u00e7\u00e3o, benef\u00edcios e carga hor\u00e1ria<\/h2>\n<p>Os sal\u00e1rios iniciais variam de <strong>R$ 4.842,84 a R$ 15.659,70<\/strong>, dependendo do cargo. A jornada de trabalho para todos os cargos \u00e9 de 40 horas semanais.<\/p>\n<p>Veja os detalhes abaixo:<\/p>\n<table>\n<thead>\n<tr>\n<th>Cargo<\/th>\n<th>Sal\u00e1rio inicial<\/th>\n<\/tr>\n<\/thead>\n<tbody>\n<tr>\n<td>Auxiliar Administrativo<\/td>\n<td>R$ 4.842,84<\/td>\n<\/tr>\n<tr>\n<td>Analista Jur\u00eddico<\/td>\n<td>R$ 15.659,70<\/td>\n<\/tr>\n<tr>\n<td>Coordenador de Compras<\/td>\n<td>R$ 9.305,89<\/td>\n<\/tr>\n<tr>\n<td>Coordenador de Contratos<\/td>\n<td>R$ 9.305,89<\/td>\n<\/tr>\n<tr>\n<td>Coordenador de Licita\u00e7\u00e3o<\/td>\n<td>R$ 9.305,89<\/td>\n<\/tr>\n<tr>\n<td>Fot\u00f3grafo Legislativo<\/td>\n<td>R$ 7.828,00<\/td>\n<\/tr>\n<tr>\n<td>Jornalista Legislativo<\/td>\n<td>R$ 9.305,89<\/td>\n<\/tr>\n<tr>\n<td>T\u00e9cnico Legislativo de Compras<\/td>\n<td>R$ 7.828,00<\/td>\n<\/tr>\n<tr>\n<td>T\u00e9cnico Legislativo de Contratos<\/td>\n<td>R$ 7.828,00<\/td>\n<\/tr>\n<tr>\n<td>T\u00e9cnico Legislativo de Licita\u00e7\u00e3o<\/td>\n<td>R$ 7.828,00<\/td>\n<\/tr>\n<tr>\n<td>T\u00e9cnico Legislativo de M\u00eddias Sociais<\/td>\n<td>R$ 7.828,00<\/td>\n<\/tr>\n<tr>\n<td>Web Designer Legislativo<\/td>\n<td>R$ 7.828,00<\/td>\n<\/tr>\n<\/tbody>\n<\/table>\n<p>Entre os <strong>benef\u00edcios<\/strong> previstos est\u00e3o vale-alimenta\u00e7\u00e3o de R$ 935,91, vale-refei\u00e7\u00e3o de R$ 1.275,31, vale-transporte (com desconto legal), al\u00e9m de seguro de sa\u00fade.<\/p>\n<h2>Como realizar sua inscri\u00e7\u00e3o<\/h2>\n<figure id=\"attachment_158198\" aria-describedby=\"caption-attachment-158198\" style=\"width: 1376px\" class=\"wp-caption aligncenter\"><img decoding=\"async\" class=\"wp-image-158198 size-full\" src=\"https:\/\/www.pensarcursos.com.br\/blog\/wp-content\/uploads\/2026\/04\/inscricao-camara-aruja-sp.png\" alt=\"Jovem de \u00f3culos e fones de ouvido trabalha em laptop MacBook em cafeteria com banner &quot;Inscri\u00e7\u00f5es Abertas&quot;\" width=\"1376\" height=\"768\" srcset=\"https:\/\/www.pensarcursos.com.br\/blog\/wp-content\/uploads\/2026\/04\/inscricao-camara-aruja-sp.png 1376w, https:\/\/www.pensarcursos.com.br\/blog\/wp-content\/uploads\/2026\/04\/inscricao-camara-aruja-sp-300x167.png 300w, https:\/\/www.pensarcursos.com.br\/blog\/wp-content\/uploads\/2026\/04\/inscricao-camara-aruja-sp-1024x572.png 1024w, https:\/\/www.pensarcursos.com.br\/blog\/wp-content\/uploads\/2026\/04\/inscricao-camara-aruja-sp-768x429.png 768w, https:\/\/www.pensarcursos.com.br\/blog\/wp-content\/uploads\/2026\/04\/inscricao-camara-aruja-sp-750x419.png 750w, https:\/\/www.pensarcursos.com.br\/blog\/wp-content\/uploads\/2026\/04\/inscricao-camara-aruja-sp-1140x636.png 1140w\" sizes=\"(max-width: 1376px) 100vw, 1376px\" \/><figcaption id=\"caption-attachment-158198\" class=\"wp-caption-text\">N\u00e3o perca! C\u00e2mara de Aruj\u00e1 (SP) oferece sal\u00e1rios de at\u00e9 R$ 15.659,70.<br \/>Imagem: blog Pensar Cursos<\/figcaption><\/figure>\n<p>As inscri\u00e7\u00f5es para o concurso da <strong>C\u00e2mara Municipal de Aruj\u00e1<\/strong>, em S\u00e3o Paulo, devem ser realizadas entre os dias <strong>27 de abril<\/strong> e as 16h do dia <strong>13 de julho de 2026<\/strong>, por meio do site do <a href=\"https:\/\/www.igecs.org.br\/concursos\/publicacoes\/MjE=\/NzU=\" target=\"_blank\" rel=\"noopener\">IGECS<\/a>. As taxas de inscri\u00e7\u00e3o s\u00e3o de R$ 70,00 para n\u00edvel m\u00e9dio e R$ 95,00 para n\u00edvel superior.<\/p>\n<p>\u00c9 poss\u00edvel solicitar <strong>isen\u00e7\u00e3o da taxa<\/strong> entre os dias 27 de abril e 4 de maio para candidatos desempregados, de baixa renda, inscritos no Cad\u00danico e mes\u00e1rios.<\/p>\n<h2>Processo de sele\u00e7\u00e3o<\/h2>\n<p>As etapas do <a href=\"https:\/\/www.pensarcursos.com.br\/blog\/saiu-edital-novo-concurso-guarda-municipal-com-salario-de-r-36-mil-mais-auxilio-de-r-600-abriu-inscricoes-nesta-segunda-feira-27\/\" target=\"_blank\" rel=\"noopener\">concurso<\/a> incluem:<\/p>\n<ul>\n<li><strong>Prova Objetiva<\/strong>: m\u00faltipla escolha, car\u00e1ter eliminat\u00f3rio e classificat\u00f3rio. M\u00ednimo de 50 pontos para aprova\u00e7\u00e3o.<\/li>\n<li><strong>Prova Discursiva<\/strong>: para Analista Jur\u00eddico (pe\u00e7a processual ou parecer jur\u00eddico; m\u00ednimo de 10 pontos entre 0 e 20)<\/li>\n<li><strong>Prova Pr\u00e1tica<\/strong>: somente para T\u00e9cnico em Inform\u00e1tica e Web Designer Legislativo. Classificat\u00f3ria e eliminat\u00f3ria, com nota m\u00ednima de 10 pontos.<\/li>\n<\/ul>\n<p>As provas objetiva e discursiva est\u00e3o previstas para o dia <strong>30 de agosto de 2026<\/strong>.<\/p>\n<h3>Distribui\u00e7\u00e3o das disciplinas na prova objetiva<\/h3>\n<ul>\n<li><strong>N\u00edvel M\u00e9dio:<\/strong> L\u00edngua Portuguesa (15), Matem\u00e1tica e Racioc\u00ednio L\u00f3gico (15), No\u00e7\u00f5es de Inform\u00e1tica (10), Legisla\u00e7\u00e3o e \u00c9tica no Servi\u00e7o P\u00fablico (5), Conhecimentos Espec\u00edficos (5).<\/li>\n<li><strong>N\u00edvel Superior:<\/strong> L\u00edngua Portuguesa (15), Matem\u00e1tica e Racioc\u00ednio L\u00f3gico (10), No\u00e7\u00f5es de Inform\u00e1tica (5), Conhecimentos Espec\u00edficos (20).<\/li>\n<\/ul>\n<h2>Validade do concurso<\/h2>\n<p>O concurso da C\u00e2mara Municipal de Aruj\u00e1 ter\u00e1 validade de 2 anos a partir da homologa\u00e7\u00e3o do resultado final, podendo ser prorrogado uma vez por igual per\u00edodo a crit\u00e9rio da administra\u00e7\u00e3o local. O cadastro de reserva permanece aberto at\u00e9 o esgotamento da validade.<\/p>\n<h2>Resumo do edital<\/h2>\n<table>\n<tbody>\n<tr>\n<th>Status<\/th>\n<td>Inscri\u00e7\u00f5es abertas<\/td>\n<\/tr>\n<tr>\n<th>\u00d3rg\u00e3o organizador<\/th>\n<td><a href=\"https:\/\/www.igecs.org.br\/concursos\/publicacoes\/MjE=\/NzU=\" target=\"_blank\" rel=\"noopener\">Instituto de Gest\u00e3o de Cidades \u2013 IGECS<\/a><\/td>\n<\/tr>\n<tr>\n<th>Cargos<\/th>\n<td>Confira a lista acima<\/td>\n<\/tr>\n<tr>\n<th>Escolaridade<\/th>\n<td>N\u00edvel M\u00e9dio e Superior<\/td>\n<\/tr>\n<tr>\n<th>N\u00famero de Vagas<\/th>\n<td>5 vagas imediatas + cadastro de reserva<\/td>\n<\/tr>\n<tr>\n<th>Sal\u00e1rio Inicial<\/th>\n<td>R$ 4.842,84 a R$ 15.659,70<\/td>\n<\/tr>\n<tr>\n<th>Carga Hor\u00e1ria<\/th>\n<td>40 horas semanais<\/td>\n<\/tr>\n<tr>\n<th>Per\u00edodo de Inscri\u00e7\u00e3o<\/th>\n<td>27\/04 a 13\/07\/2026<\/td>\n<\/tr>\n<tr>\n<th>Taxa de Inscri\u00e7\u00e3o<\/th>\n<td>R$ 70,00 (m\u00e9dio), R$ 95,00 (superior)<\/td>\n<\/tr>\n<tr>\n<th>Data da Prova<\/th>\n<td>30\/08\/2026<\/td>\n<\/tr>\n<tr>\n<th>Edital<\/th>\n<td><a href=\"https:\/\/www.pensarcursos.com.br\/blog\/wp-content\/uploads\/2026\/04\/camara-municipal-aruja-sp.pdf\" target=\"_blank\" rel=\"noopener\">C\u00e2mara Municipal de Aruj\u00e1\/SP<\/a><\/td>\n<\/tr>\n<\/tbody>\n<\/table>\n<p>Quer descobrir mais concursos abertos? Visite a p\u00e1gina inicial do <a href=\"https:\/\/www.pensarcursos.com.br\/blog\" target=\"_blank\" rel=\"noopener\">blog Pensar Cursos<\/a>. Veja tamb\u00e9m:<\/p>\n<blockquote class=\"instagram-media\" style=\"background: #FFF; border: 0; border-radius: 3px; box-shadow: 0 0 1px 0 rgba(0,0,0,0.5),0 1px 10px 0 rgba(0,0,0,0.15); margin: 1px; max-width: 540px; min-width: 326px; padding: 0; width: calc(100% - 2px);\" data-instgrm-captioned=\"\" data-instgrm-permalink=\"https:\/\/www.instagram.com\/reel\/DXNA1PElQee\/?utm_source=ig_embed&amp;utm_campaign=loading\" data-instgrm-version=\"14\">\n<div style=\"padding: 16px;\">\n<p>&nbsp;<\/p>\n<div style=\"display: flex; flex-direction: row; align-items: center;\">\n<div style=\"background-color: #f4f4f4; border-radius: 50%; flex-grow: 0; height: 40px; margin-right: 14px; width: 40px;\"><\/div>\n<div style=\"display: flex; flex-direction: column; flex-grow: 1; justify-content: center;\">\n<div style=\"background-color: #f4f4f4; border-radius: 4px; flex-grow: 0; height: 14px; margin-bottom: 6px; width: 100px;\"><\/div>\n<div style=\"background-color: #f4f4f4; border-radius: 4px; flex-grow: 0; height: 14px; width: 60px;\"><\/div>\n<\/div>\n<\/div>\n<div style=\"padding: 19% 0;\"><\/div>\n<div style=\"display: block; height: 50px; margin: 0 auto 12px; width: 50px;\"><\/div>\n<div style=\"padding-top: 8px;\">\n<div style=\"color: #3897f0; font-family: Arial,sans-serif; font-size: 14px; font-style: normal; font-weight: 550; line-height: 18px;\">Ver essa foto no Instagram<\/div>\n<\/div>\n<div style=\"padding: 12.5% 0;\"><\/div>\n<div style=\"display: flex; flex-direction: row; margin-bottom: 14px; align-items: center;\">\n<div>\n<div style=\"background-color: #f4f4f4; border-radius: 50%; height: 12.5px; width: 12.5px; transform: translateX(0px) translateY(7px);\"><\/div>\n<div style=\"background-color: #f4f4f4; height: 12.5px; transform: rotate(-45deg) translateX(3px) translateY(1px); width: 12.5px; flex-grow: 0; margin-right: 14px; margin-left: 2px;\"><\/div>\n<div style=\"background-color: #f4f4f4; border-radius: 50%; height: 12.5px; width: 12.5px; transform: translateX(9px) translateY(-18px);\"><\/div>\n<\/div>\n<div style=\"margin-left: 8px;\">\n<div style=\"background-color: #f4f4f4; border-radius: 50%; flex-grow: 0; height: 20px; width: 20px;\"><\/div>\n<div style=\"width: 0; height: 0; border-top: 2px solid transparent; border-left: 6px solid #f4f4f4; border-bottom: 2px solid transparent; transform: translateX(16px) translateY(-4px) rotate(30deg);\"><\/div>\n<\/div>\n<div style=\"margin-left: auto;\">\n<div style=\"width: 0px; border-top: 8px solid #F4F4F4; border-right: 8px solid transparent; transform: translateY(16px);\"><\/div>\n<div style=\"background-color: #f4f4f4; flex-grow: 0; height: 12px; width: 16px; transform: translateY(-4px);\"><\/div>\n<div style=\"width: 0; height: 0; border-top: 8px solid #F4F4F4; border-left: 8px solid transparent; transform: translateY(-4px) translateX(8px);\"><\/div>\n<\/div>\n<\/div>\n<div style=\"display: flex; flex-direction: column; flex-grow: 1; justify-content: center; margin-bottom: 24px;\">\n<div style=\"background-color: #f4f4f4; border-radius: 4px; flex-grow: 0; height: 14px; margin-bottom: 6px; width: 224px;\"><\/div>\n<div style=\"background-color: #f4f4f4; border-radius: 4px; flex-grow: 0; height: 14px; width: 144px;\"><\/div>\n<\/div>\n<p>&nbsp;<\/p>\n<p style=\"color: #c9c8cd; font-family: Arial,sans-serif; font-size: 14px; line-height: 17px; margin-bottom: 0; margin-top: 8px; overflow: hidden; padding: 8px 0 7px; text-align: center; text-overflow: ellipsis; white-space: nowrap;\"><a style=\"color: #c9c8cd; font-family: Arial,sans-serif; font-size: 14px; font-style: normal; font-weight: normal; line-height: 17px; text-decoration: none;\" href=\"https:\/\/www.instagram.com\/reel\/DXNA1PElQee\/?utm_source=ig_embed&amp;utm_campaign=loading\" target=\"_blank\" rel=\"noopener\">Um post compartilhado por Jornal Mix (@jornalmixbr)<\/a><\/p>\n<\/div>\n<\/blockquote>\n<p><script async src=\"\/\/www.instagram.com\/embed.js\"><\/script><\/p>\n","protected":false},"excerpt":{"rendered":"<p>N\u00e3o perca, concurseiro! Foi publicado o edital do concurso da C\u00e2mara Municipal, com vagas imediatas e forma\u00e7\u00e3o de cadastro de reserva para diversos cargos de n\u00edveis m\u00e9dio e superior, com sal\u00e1rios de at\u00e9 R$ 15.659,70. As inscri\u00e7\u00f5es come\u00e7aram nesta segunda-feira, 27 de abril de 2026. A seguir, confira todos os detalhes e n\u00e3o perca a [&hellip;]<\/p>\n","protected":false},"author":49,"featured_media":158194,"comment_status":"open","ping_status":"closed","sticky":false,"template":"","format":"standard","meta":{"jnews-multi-image_gallery":[],"jnews_single_post":{"format":"standard","override":[{"template":"1","parallax":"1","fullscreen":"1","layout":"right-sidebar","sidebar":"default-sidebar","second_sidebar":"default-sidebar","sticky_sidebar":"1","share_position":"topbottom","share_float_style":"share-monocrhome","show_featured":"1","show_post_meta":"1","show_post_author":"1","show_post_author_image":"1","show_post_date":"1","post_date_format":"default","post_date_format_custom":"Y\/m\/d","show_post_category":"1","post_reading_time_wpm":"300","post_calculate_word_method":"str_word_count","show_zoom_button":"0","zoom_button_out_step":"2","zoom_button_in_step":"3","show_post_tag":"1","show_prev_next_post":"1","show_popup_post":"1","show_comment_section":"1","number_popup_post":"2","show_author_box":"1","show_post_related":"1","show_inline_post_related":"1"}],"image_override":[{"single_post_thumbnail_size":"crop-500","single_post_gallery_size":"crop-500"}],"trending_post_position":"meta","trending_post_label":"Trending","sponsored_post_label":"Sponsored by","disable_ad":"0","subtitle":"Oportunidades para candidatos de n\u00edvel m\u00e9dio e superior."},"jnews_primary_category":[],"jnews_social_meta":[],"jnews_override_counter":{"view_counter_number":"0","share_counter_number":"0","like_counter_number":"0","dislike_counter_number":"0"},"footnotes":""},"categories":[29],"tags":[41896,35891,40221,37499],"class_list":["post-158193","post","type-post","status-publish","format-standard","has-post-thumbnail","hentry","category-concursos","tag-concurso-camara-aruja-sp","tag-concursos-2026","tag-concursos-camara-municipal-2026","tag-concursos-sp-2026"],"yoast_head":"<!-- This site is optimized with the Yoast SEO Premium plugin v27.4 (Yoast SEO v27.4) - https:\/\/yoast.com\/product\/yoast-seo-premium-wordpress\/ -->\n<title>SAIU EDITAL! Novo concurso C\u00e2mara Municipal com sal\u00e1rios de at\u00e9 R$ 15,6 mil abriu inscri\u00e7\u00f5es nesta segunda-feira (27) - Blog Pensar Cursos<\/title>\n<meta name=\"description\" content=\"A C\u00e2mara Municipal de Aruj\u00e1 (SP) abriu inscri\u00e7\u00f5es nesta segunda-feira, 27 de abril, para 5 vagas de n\u00edveis m\u00e9dio e superior, com sal\u00e1rios de at\u00e9 R$ 15.659,70.\" \/>\n<meta name=\"robots\" content=\"index, follow, max-snippet:-1, max-image-preview:large, max-video-preview:-1\" \/>\n<link rel=\"canonical\" href=\"https:\/\/www.pensarcursos.com.br\/blog\/saiu-edital-novo-concurso-camara-municipal-com-salarios-de-ate-r-156-mil-abriu-inscricoes-nesta-segunda-feira-27\/\" \/>\n<meta property=\"og:locale\" content=\"pt_BR\" \/>\n<meta property=\"og:type\" content=\"article\" \/>\n<meta property=\"og:title\" content=\"SAIU EDITAL! Novo concurso C\u00e2mara Municipal com sal\u00e1rios de at\u00e9 R$ 15,6 mil abriu inscri\u00e7\u00f5es nesta segunda-feira (27)\" \/>\n<meta property=\"og:description\" content=\"A C\u00e2mara Municipal de Aruj\u00e1 (SP) abriu inscri\u00e7\u00f5es nesta segunda-feira, 27 de abril, para 5 vagas de n\u00edveis m\u00e9dio e superior, com sal\u00e1rios de at\u00e9 R$ 15.659,70.\" \/>\n<meta property=\"og:url\" content=\"https:\/\/www.pensarcursos.com.br\/blog\/saiu-edital-novo-concurso-camara-municipal-com-salarios-de-ate-r-156-mil-abriu-inscricoes-nesta-segunda-feira-27\/\" \/>\n<meta property=\"og:site_name\" content=\"Blog Pensar Cursos\" \/>\n<meta property=\"article:publisher\" content=\"https:\/\/www.facebook.com\/pensarcursos\/\" \/>\n<meta property=\"article:published_time\" content=\"2026-04-28T01:09:43+00:00\" \/>\n<meta property=\"og:image\" content=\"https:\/\/www.pensarcursos.com.br\/blog\/wp-content\/uploads\/2026\/04\/concurso-camara-municipal-aruja-sp.png\" \/>\n\t<meta property=\"og:image:width\" content=\"1376\" \/>\n\t<meta property=\"og:image:height\" content=\"768\" \/>\n\t<meta property=\"og:image:type\" content=\"image\/png\" \/>\n<meta name=\"author\" content=\"Gabriela Machado\" \/>\n<meta name=\"twitter:card\" content=\"summary_large_image\" \/>\n<meta name=\"twitter:label1\" content=\"Escrito por\" \/>\n\t<meta name=\"twitter:data1\" content=\"Gabriela Machado\" \/>\n\t<meta name=\"twitter:label2\" content=\"Est. tempo de leitura\" \/>\n\t<meta name=\"twitter:data2\" content=\"5 minutos\" \/>\n<!-- \/ Yoast SEO Premium plugin. -->","yoast_head_json":{"title":"SAIU EDITAL! Novo concurso C\u00e2mara Municipal com sal\u00e1rios de at\u00e9 R$ 15,6 mil abriu inscri\u00e7\u00f5es nesta segunda-feira (27) - Blog Pensar Cursos","description":"A C\u00e2mara Municipal de Aruj\u00e1 (SP) abriu inscri\u00e7\u00f5es nesta segunda-feira, 27 de abril, para 5 vagas de n\u00edveis m\u00e9dio e superior, com sal\u00e1rios de at\u00e9 R$ 15.659,70.","robots":{"index":"index","follow":"follow","max-snippet":"max-snippet:-1","max-image-preview":"max-image-preview:large","max-video-preview":"max-video-preview:-1"},"canonical":"https:\/\/www.pensarcursos.com.br\/blog\/saiu-edital-novo-concurso-camara-municipal-com-salarios-de-ate-r-156-mil-abriu-inscricoes-nesta-segunda-feira-27\/","og_locale":"pt_BR","og_type":"article","og_title":"SAIU EDITAL! Novo concurso C\u00e2mara Municipal com sal\u00e1rios de at\u00e9 R$ 15,6 mil abriu inscri\u00e7\u00f5es nesta segunda-feira (27)","og_description":"A C\u00e2mara Municipal de Aruj\u00e1 (SP) abriu inscri\u00e7\u00f5es nesta segunda-feira, 27 de abril, para 5 vagas de n\u00edveis m\u00e9dio e superior, com sal\u00e1rios de at\u00e9 R$ 15.659,70.","og_url":"https:\/\/www.pensarcursos.com.br\/blog\/saiu-edital-novo-concurso-camara-municipal-com-salarios-de-ate-r-156-mil-abriu-inscricoes-nesta-segunda-feira-27\/","og_site_name":"Blog Pensar Cursos","article_publisher":"https:\/\/www.facebook.com\/pensarcursos\/","article_published_time":"2026-04-28T01:09:43+00:00","og_image":[{"width":1376,"height":768,"url":"https:\/\/www.pensarcursos.com.br\/blog\/wp-content\/uploads\/2026\/04\/concurso-camara-municipal-aruja-sp.png","type":"image\/png"}],"author":"Gabriela Machado","twitter_card":"summary_large_image","twitter_misc":{"Escrito por":"Gabriela Machado","Est. tempo de leitura":"5 minutos"},"schema":{"@context":"https:\/\/schema.org","@graph":[{"@type":["Article","BlogPosting"],"@id":"https:\/\/www.pensarcursos.com.br\/blog\/saiu-edital-novo-concurso-camara-municipal-com-salarios-de-ate-r-156-mil-abriu-inscricoes-nesta-segunda-feira-27\/#article","isPartOf":{"@id":"https:\/\/www.pensarcursos.com.br\/blog\/saiu-edital-novo-concurso-camara-municipal-com-salarios-de-ate-r-156-mil-abriu-inscricoes-nesta-segunda-feira-27\/"},"author":{"name":"Gabriela Machado","@id":"https:\/\/www.pensarcursos.com.br\/blog\/#\/schema\/person\/134389a33d69ddd7e127fac02bd155fa"},"headline":"SAIU EDITAL! Novo concurso C\u00e2mara Municipal com sal\u00e1rios de at\u00e9 R$ 15,6 mil abriu inscri\u00e7\u00f5es nesta segunda-feira (27)","datePublished":"2026-04-28T01:09:43+00:00","mainEntityOfPage":{"@id":"https:\/\/www.pensarcursos.com.br\/blog\/saiu-edital-novo-concurso-camara-municipal-com-salarios-de-ate-r-156-mil-abriu-inscricoes-nesta-segunda-feira-27\/"},"wordCount":891,"commentCount":0,"publisher":{"@id":"https:\/\/www.pensarcursos.com.br\/blog\/#organization"},"image":{"@id":"https:\/\/www.pensarcursos.com.br\/blog\/saiu-edital-novo-concurso-camara-municipal-com-salarios-de-ate-r-156-mil-abriu-inscricoes-nesta-segunda-feira-27\/#primaryimage"},"thumbnailUrl":"https:\/\/www.pensarcursos.com.br\/blog\/wp-content\/uploads\/2026\/04\/concurso-camara-municipal-aruja-sp.png","keywords":["concurso c\u00e2mara aruj\u00e1 sp","concursos 2026","concursos c\u00e2mara municipal 2026","concursos sp 2026"],"articleSection":["Concursos P\u00fablicos"],"inLanguage":"pt-BR","potentialAction":[{"@type":"CommentAction","name":"Comment","target":["https:\/\/www.pensarcursos.com.br\/blog\/saiu-edital-novo-concurso-camara-municipal-com-salarios-de-ate-r-156-mil-abriu-inscricoes-nesta-segunda-feira-27\/#respond"]}],"copyrightYear":"2026","copyrightHolder":{"@id":"https:\/\/www.pensarcursos.com.br\/blog\/#organization"}},{"@type":"WebPage","@id":"https:\/\/www.pensarcursos.com.br\/blog\/saiu-edital-novo-concurso-camara-municipal-com-salarios-de-ate-r-156-mil-abriu-inscricoes-nesta-segunda-feira-27\/","url":"https:\/\/www.pensarcursos.com.br\/blog\/saiu-edital-novo-concurso-camara-municipal-com-salarios-de-ate-r-156-mil-abriu-inscricoes-nesta-segunda-feira-27\/","name":"SAIU EDITAL! Novo concurso C\u00e2mara Municipal com sal\u00e1rios de at\u00e9 R$ 15,6 mil abriu inscri\u00e7\u00f5es nesta segunda-feira (27) - Blog Pensar Cursos","isPartOf":{"@id":"https:\/\/www.pensarcursos.com.br\/blog\/#website"},"primaryImageOfPage":{"@id":"https:\/\/www.pensarcursos.com.br\/blog\/saiu-edital-novo-concurso-camara-municipal-com-salarios-de-ate-r-156-mil-abriu-inscricoes-nesta-segunda-feira-27\/#primaryimage"},"image":{"@id":"https:\/\/www.pensarcursos.com.br\/blog\/saiu-edital-novo-concurso-camara-municipal-com-salarios-de-ate-r-156-mil-abriu-inscricoes-nesta-segunda-feira-27\/#primaryimage"},"thumbnailUrl":"https:\/\/www.pensarcursos.com.br\/blog\/wp-content\/uploads\/2026\/04\/concurso-camara-municipal-aruja-sp.png","datePublished":"2026-04-28T01:09:43+00:00","description":"A C\u00e2mara Municipal de Aruj\u00e1 (SP) abriu inscri\u00e7\u00f5es nesta segunda-feira, 27 de abril, para 5 vagas de n\u00edveis m\u00e9dio e superior, com sal\u00e1rios de at\u00e9 R$ 15.659,70.","breadcrumb":{"@id":"https:\/\/www.pensarcursos.com.br\/blog\/saiu-edital-novo-concurso-camara-municipal-com-salarios-de-ate-r-156-mil-abriu-inscricoes-nesta-segunda-feira-27\/#breadcrumb"},"inLanguage":"pt-BR","potentialAction":[{"@type":"ReadAction","target":["https:\/\/www.pensarcursos.com.br\/blog\/saiu-edital-novo-concurso-camara-municipal-com-salarios-de-ate-r-156-mil-abriu-inscricoes-nesta-segunda-feira-27\/"]}]},{"@type":"ImageObject","inLanguage":"pt-BR","@id":"https:\/\/www.pensarcursos.com.br\/blog\/saiu-edital-novo-concurso-camara-municipal-com-salarios-de-ate-r-156-mil-abriu-inscricoes-nesta-segunda-feira-27\/#primaryimage","url":"https:\/\/www.pensarcursos.com.br\/blog\/wp-content\/uploads\/2026\/04\/concurso-camara-municipal-aruja-sp.png","contentUrl":"https:\/\/www.pensarcursos.com.br\/blog\/wp-content\/uploads\/2026\/04\/concurso-camara-municipal-aruja-sp.png","width":1376,"height":768,"caption":"Concurso da C\u00e2mara Municipal abre inscri\u00e7\u00f5es nesta segunda-feira (27); confira as oportunidades. Imagem: blog Pensar Cursos"},{"@type":"BreadcrumbList","@id":"https:\/\/www.pensarcursos.com.br\/blog\/saiu-edital-novo-concurso-camara-municipal-com-salarios-de-ate-r-156-mil-abriu-inscricoes-nesta-segunda-feira-27\/#breadcrumb","itemListElement":[{"@type":"ListItem","position":1,"name":"Home","item":"https:\/\/www.pensarcursos.com.br\/blog\/"},{"@type":"ListItem","position":2,"name":"SAIU EDITAL! Novo concurso C\u00e2mara Municipal com sal\u00e1rios de at\u00e9 R$ 15,6 mil abriu inscri\u00e7\u00f5es nesta segunda-feira (27)"}]},{"@type":"WebSite","@id":"https:\/\/www.pensarcursos.com.br\/blog\/#website","url":"https:\/\/www.pensarcursos.com.br\/blog\/","name":"Blog Pensar Cursos","description":"Maior Site de Cursos do Brasil","publisher":{"@id":"https:\/\/www.pensarcursos.com.br\/blog\/#organization"},"alternateName":"Blog Pensar","potentialAction":[{"@type":"SearchAction","target":{"@type":"EntryPoint","urlTemplate":"https:\/\/www.pensarcursos.com.br\/blog\/?s={search_term_string}"},"query-input":{"@type":"PropertyValueSpecification","valueRequired":true,"valueName":"search_term_string"}}],"inLanguage":"pt-BR"},{"@type":"Organization","@id":"https:\/\/www.pensarcursos.com.br\/blog\/#organization","name":"Pensar Cursos","alternateName":"Blog pensar","url":"https:\/\/www.pensarcursos.com.br\/blog\/","logo":{"@type":"ImageObject","inLanguage":"pt-BR","@id":"https:\/\/www.pensarcursos.com.br\/blog\/#\/schema\/logo\/image\/","url":"https:\/\/www.pensarcursos.com.br\/blog\/wp-content\/uploads\/2023\/11\/Nova-Logo-Pensar-Cursos-vertical.png","contentUrl":"https:\/\/www.pensarcursos.com.br\/blog\/wp-content\/uploads\/2023\/11\/Nova-Logo-Pensar-Cursos-vertical.png","width":1393,"height":1001,"caption":"Pensar Cursos"},"image":{"@id":"https:\/\/www.pensarcursos.com.br\/blog\/#\/schema\/logo\/image\/"},"sameAs":["https:\/\/www.facebook.com\/pensarcursos\/","https:\/\/instagram.com.br\/pensarcursos"],"description":"Pensar Cursos \u00e9 uma empresa especializada em oferecer cursos de alta qualidade voltados para o desenvolvimento profissional e acad\u00eamico. Com uma ampla gama de op\u00e7\u00f5es de treinamento, oferecemos conte\u00fados atualizados, ministrados por especialistas da \u00e1rea, para capacitar indiv\u00edduos e equipes a atingirem seus objetivos. Nossa miss\u00e3o \u00e9 proporcionar uma educa\u00e7\u00e3o transformadora, acess\u00edvel e personalizada para cada aluno, seja em cursos presenciais ou online. Com uma abordagem inovadora, buscamos adaptar os nossos programas de ensino \u00e0s necessidades do mercado, criando solu\u00e7\u00f5es que atendem aos desafios e exig\u00eancias do mundo corporativo e acad\u00eamico. Nossos cursos incluem desde forma\u00e7\u00f5es t\u00e9cnicas at\u00e9 habilidades essenciais, como lideran\u00e7a, gest\u00e3o e desenvolvimento pessoal.","email":"contato@pensarcursos.com.br","legalName":"Sena Servi\u00e7os de Informa\u00e7\u00e3o Online LTDA","foundingDate":"2013-04-18","vatID":"17956217000172","numberOfEmployees":{"@type":"QuantitativeValue","minValue":"11","maxValue":"50"},"publishingPrinciples":"https:\/\/www.pensarcursos.com.br\/blog\/principios-de-publicacao\/","ownershipFundingInfo":"https:\/\/www.pensarcursos.com.br\/blog\/informacoes-de-propriedade-financiamento\/","actionableFeedbackPolicy":"https:\/\/www.pensarcursos.com.br\/blog\/politica-de-feedback-acionavel\/","correctionsPolicy":"https:\/\/www.pensarcursos.com.br\/blog\/politica-de-correcoes\/","ethicsPolicy":"https:\/\/www.pensarcursos.com.br\/blog\/politica-de-etica\/"},{"@type":"Person","@id":"https:\/\/www.pensarcursos.com.br\/blog\/#\/schema\/person\/134389a33d69ddd7e127fac02bd155fa","name":"Gabriela Machado","image":{"@type":"ImageObject","inLanguage":"pt-BR","@id":"https:\/\/secure.gravatar.com\/avatar\/3c883c65f44a41cb00078efa0c1943783eabec9e96518b4565b28a6f9d027f9b?s=96&d=mm&r=g","url":"https:\/\/secure.gravatar.com\/avatar\/3c883c65f44a41cb00078efa0c1943783eabec9e96518b4565b28a6f9d027f9b?s=96&d=mm&r=g","contentUrl":"https:\/\/secure.gravatar.com\/avatar\/3c883c65f44a41cb00078efa0c1943783eabec9e96518b4565b28a6f9d027f9b?s=96&d=mm&r=g","caption":"Gabriela Machado"},"description":"Graduada em Pedagogia pela UESC(Universidade Estadual de Santa Cruz). Redatora do grupo Sena Online.","sameAs":["https:\/\/www.instagram.com\/gabrielamchs"],"url":"https:\/\/www.pensarcursos.com.br\/blog\/author\/gabriela\/"}]}},"_links":{"self":[{"href":"https:\/\/www.pensarcursos.com.br\/blog\/wp-json\/wp\/v2\/posts\/158193","targetHints":{"allow":["GET"]}}],"collection":[{"href":"https:\/\/www.pensarcursos.com.br\/blog\/wp-json\/wp\/v2\/posts"}],"about":[{"href":"https:\/\/www.pensarcursos.com.br\/blog\/wp-json\/wp\/v2\/types\/post"}],"author":[{"embeddable":true,"href":"https:\/\/www.pensarcursos.com.br\/blog\/wp-json\/wp\/v2\/users\/49"}],"replies":[{"embeddable":true,"href":"https:\/\/www.pensarcursos.com.br\/blog\/wp-json\/wp\/v2\/comments?post=158193"}],"version-history":[{"count":3,"href":"https:\/\/www.pensarcursos.com.br\/blog\/wp-json\/wp\/v2\/posts\/158193\/revisions"}],"predecessor-version":[{"id":158222,"href":"https:\/\/www.pensarcursos.com.br\/blog\/wp-json\/wp\/v2\/posts\/158193\/revisions\/158222"}],"wp:featuredmedia":[{"embeddable":true,"href":"https:\/\/www.pensarcursos.com.br\/blog\/wp-json\/wp\/v2\/media\/158194"}],"wp:attachment":[{"href":"https:\/\/www.pensarcursos.com.br\/blog\/wp-json\/wp\/v2\/media?parent=158193"}],"wp:term":[{"taxonomy":"category","embeddable":true,"href":"https:\/\/www.pensarcursos.com.br\/blog\/wp-json\/wp\/v2\/categories?post=158193"},{"taxonomy":"post_tag","embeddable":true,"href":"https:\/\/www.pensarcursos.com.br\/blog\/wp-json\/wp\/v2\/tags?post=158193"}],"curies":[{"name":"wp","href":"https:\/\/api.w.org\/{rel}","templated":true}]}}