{"id":158176,"date":"2026-04-27T19:59:50","date_gmt":"2026-04-27T22:59:50","guid":{"rendered":"https:\/\/www.pensarcursos.com.br\/blog\/?p=158176"},"modified":"2026-04-27T14:24:10","modified_gmt":"2026-04-27T17:24:10","slug":"inss-libera-pagamento-do-13o-salario-nesta-terca-feira-28-veja-os-detalhes-do-valor-de-r-12-71332","status":"publish","type":"post","link":"https:\/\/www.pensarcursos.com.br\/blog\/inss-libera-pagamento-do-13o-salario-nesta-terca-feira-28-veja-os-detalhes-do-valor-de-r-12-71332\/","title":{"rendered":"INSS libera pagamento do 13\u00ba sal\u00e1rio nesta ter\u00e7a-feira (28): veja os detalhes do valor de R$ 12.713,32"},"content":{"rendered":"<p>A partir desta ter\u00e7a-feira, dia 28 de abril, milhares de segurados do<a href=\"https:\/\/www.pensarcursos.com.br\/blog\/inss-de-abril-veja-quem-recebe-o-pagamento-do-13o-salario-nesta-semana-e-o-valor-maximo-que-cada-um-pode-receber\/\" target=\"_blank\" rel=\"noopener\"> Instituto Nacional do Seguro Social (INSS)<\/a> receber\u00e3o os pagamentos referentes ao m\u00eas de abril. O que muitos n\u00e3o sabem \u00e9 que o valor do benef\u00edcio mensal ser\u00e1 somado a um adicional de 50%, podendo chegar at\u00e9<strong> R$ 12.713,32<\/strong>.<\/p>\n<p>Quer descobrir quem recebe nesta ter\u00e7a-feira e quais s\u00e3o os requisitos para receber o valor extra? Confira a seguir as principais orienta\u00e7\u00f5es.<\/p>\n<h2>Adicional de 50% no m\u00eas de abril<\/h2>\n<p>O adicional de 50% \u00e9 o valor do 13\u00ba sal\u00e1rio, o abono\u00a0pago todos os anos pela Previd\u00eancia Social, dividido em duas parcelas. Essa quantia refor\u00e7a o or\u00e7amento de milh\u00f5es de benefici\u00e1rios previdenci\u00e1rios no Brasil.<\/p>\n<h2>Quem recebe o 13\u00ba sal\u00e1rio em 2026?<\/h2>\n<p>O pagamento ser\u00e1 efetuado aos segurados que, nos 12 meses anteriores, tenham recebido pelo menos um dos seguintes benef\u00edcios:<\/p>\n<ul>\n<li>Aposentadoria;<\/li>\n<li>Pens\u00e3o por morte;<\/li>\n<li>Aux\u00edlio-doen\u00e7a (afastamento provis\u00f3rio);<\/li>\n<li>Aux\u00edlio-acidente;<\/li>\n<li>Aux\u00edlio-reclus\u00e3o;<\/li>\n<li>Sal\u00e1rio-maternidade.<\/li>\n<\/ul>\n<h3>Novos benefici\u00e1rios tamb\u00e9m recebem?<\/h3>\n<p>Os novos benefici\u00e1rios de algum desses aux\u00edlios ao longo dos \u00faltimos 12 meses tamb\u00e9m ter\u00e3o acesso ao<a href=\"https:\/\/www.pensarcursos.com.br\/blog\/inss-feriado-desta-semana-reorganiza-o-calendario-do-13o-salario-e-aposentados-devem-ficar-atentos\/\" target=\"_blank\" rel=\"noopener\"> 13\u00ba sal\u00e1rio<\/a>, calculado de maneira proporcional: a cada m\u00eas de benef\u00edcio recebido, 1\/12 do valor pago pelo INSS.<\/p>\n<h2>Altera\u00e7\u00f5es que impactam no valor do 13\u00ba sal\u00e1rio<\/h2>\n<p>O valor m\u00ednimo do benef\u00edcio passou para <strong>R$ 1.621,00<\/strong>, superando o piso anterior. Para quem ganha al\u00e9m do piso, houve um reajuste de 3,90%, conforme a Portaria Interministerial MPS\/MF n\u00ba 13, elevando assim o teto (valor m\u00e1ximo a ser recebido) do INSS para<strong> R$ 8.475,55<\/strong>.<\/p>\n<p>Outra modifica\u00e7\u00e3o ocorre quanto \u00e0 faixa de isen\u00e7\u00e3o do Imposto de Renda (IR): benefici\u00e1rios com at\u00e9 <strong>R$ 5.000,00<\/strong> ficam livres do desconto do IR na segunda parcela, recebendo mais nessa etapa.<\/p>\n<h2>Como o pagamento \u00e9 feito?<\/h2>\n<p>O valor do 13\u00ba nada mais \u00e9 do que o valor que o benefici\u00e1rio j\u00e1 recebe mensalmente, por\u00e9m, dividido em duas vezes:<\/p>\n<ul>\n<li><strong>Primeira parcela<\/strong>: corresponde a metade do valor mensal (50%). Neste pagamento, n\u00e3o h\u00e1 descontos para nenhum segurado.<\/li>\n<li><strong>Segunda parcela<\/strong>: refere-se ao restante (os outros 50%), j\u00e1 com descontos obrigat\u00f3rios, como o IR, quando houver. Normalmente, esse valor \u00e9 menor por conta dos descontos.<\/li>\n<\/ul>\n<h2>Quem vai receber R$ 12.713,32?<\/h2>\n<p>Como j\u00e1 foi mencionado, o teto do INSS \u00e9<strong> R$ 8.475,55<\/strong>, os benefici\u00e1rios do INSS que t\u00eam direito a esse valor, receber\u00e3o<strong> R$ 12.713,32<\/strong>. Para entender melhor, basta fazer os seguintes c\u00e1lculos:<\/p>\n<ul>\n<li><strong>Primeiro c\u00e1lculo:<\/strong> R$ 8.475,55 \u00f7 2 = 4.237,77 (valor dos 50%).<\/li>\n<li><strong>Segundo c\u00e1lculo:\u00a0<\/strong>R$ 8.475,55 + 4.237,77 = R$ 12.713,32 (valor do 13\u00ba sal\u00e1rio adicionado ao benef\u00edcio mensal).<\/li>\n<\/ul>\n<h2>Como consultar valores e datas dos pagamentos?<\/h2>\n<figure id=\"attachment_156946\" aria-describedby=\"caption-attachment-156946\" style=\"width: 1200px\" class=\"wp-caption alignnone\"><img decoding=\"async\" class=\"size-full wp-image-156946\" src=\"https:\/\/www.pensarcursos.com.br\/blog\/wp-content\/uploads\/2026\/04\/Consulta-ao-13o.jpg\" alt=\"Idosa mexendo no celular.\" width=\"1200\" height=\"800\" srcset=\"https:\/\/www.pensarcursos.com.br\/blog\/wp-content\/uploads\/2026\/04\/Consulta-ao-13o.jpg 1200w, https:\/\/www.pensarcursos.com.br\/blog\/wp-content\/uploads\/2026\/04\/Consulta-ao-13o-300x200.jpg 300w, https:\/\/www.pensarcursos.com.br\/blog\/wp-content\/uploads\/2026\/04\/Consulta-ao-13o-1024x683.jpg 1024w, https:\/\/www.pensarcursos.com.br\/blog\/wp-content\/uploads\/2026\/04\/Consulta-ao-13o-768x512.jpg 768w, https:\/\/www.pensarcursos.com.br\/blog\/wp-content\/uploads\/2026\/04\/Consulta-ao-13o-750x500.jpg 750w, https:\/\/www.pensarcursos.com.br\/blog\/wp-content\/uploads\/2026\/04\/Consulta-ao-13o-1140x760.jpg 1140w\" sizes=\"(max-width: 1200px) 100vw, 1200px\" \/><figcaption id=\"caption-attachment-156946\" class=\"wp-caption-text\">Saiba como consultar o valor exato do seu pagamento por meio da plataforma Meu INSS. Imagem: Freepik.<\/figcaption><\/figure>\n<p>Desde o dia 15 de abril, \u00e9 poss\u00edvel acessar o extrato detalhado do 13\u00ba sal\u00e1rio. O passo a passo \u00e9 simples:<\/p>\n<ol>\n<li>Acesse o\u00a0<a href=\"https:\/\/meu.inss.gov.br\/\" target=\"_blank\" rel=\"noopener\">Meu INSS<\/a> pelo site ou aplicativo;<\/li>\n<li>Entre usando seu CPF e a senha da conta gov.br;<\/li>\n<li>Selecione a op\u00e7\u00e3o \u201cExtrato de pagamento\u201d;<\/li>\n<li>Confira as informa\u00e7\u00f5es do benef\u00edcio.<\/li>\n<\/ol>\n<h2>Entenda o calend\u00e1rio de pagamentos do INSS<\/h2>\n<p>Existem duas caracter\u00edsticas principais para entender a data em que o benef\u00edcio ser\u00e1 depositado:<\/p>\n<ul>\n<li><strong>Escalonamento:<\/strong> cada data do calend\u00e1rio \u00e9 definida pelo pen\u00faltimo n\u00famero do cart\u00e3o do benef\u00edcio. No exemplo do cart\u00e3o 12345678<strong>5-<\/strong>0, utiliza-se o n\u00famero<strong> 5<\/strong>.<\/li>\n<li><strong>Prioridade de pagamento:<\/strong> o calend\u00e1rio possui duas categorias: quem recebe o piso (um sal\u00e1rio m\u00ednimo) e quem recebe acima desse valor. Aqueles que recebem o piso s\u00e3o os primeiros a serem contemplados, com o objetivo de que as pessoas em maior situa\u00e7\u00e3o de vulnerabilidade possam receber com anteced\u00eancia. Os demais recebem nos dias seguintes.<\/li>\n<\/ul>\n<h2>Calend\u00e1rio de pagamentos do 13\u00ba sal\u00e1rio em 2026<\/h2>\n<p>Os pagamentos s\u00e3o feitos em duas parcelas, distribu\u00eddas entre abril e junho:<\/p>\n<ul>\n<li><strong>Primeira parcela:<\/strong> do dia 24 de abril ao dia 8 de maio.<\/li>\n<li><strong>Segunda parcela:<\/strong> do dia 25 de maio ao dia 8 de junho.<\/li>\n<\/ul>\n<p>Apesar dos pagamentos j\u00e1 terem iniciado, o valor de <strong>R$ 12.713,32<\/strong> \u00e9 destinado apenas aos segurados que recebem o teto do INSS, n\u00e3o sendo uma quantia paga a todos os benefici\u00e1rios.<\/p>\n<p>Al\u00e9m disso, os pagamentos seguem um calend\u00e1rio escalonado: <strong>quem recebe acima de um sal\u00e1rio m\u00ednimo s\u00f3 come\u00e7a a receber a partir do dia 4 de maio, e n\u00e3o nesta ter\u00e7a-feira (dia 28). <\/strong><\/p>\n<p>No dia 28, o pagamento \u00e9 feito especificamente para os benefici\u00e1rios que recebem at\u00e9 um sal\u00e1rio m\u00ednimo (R$ 1.621,00) e possuem n\u00famero final do benef\u00edcio 3. Confira as datas exatas nas tabelas abaixo:<\/p>\n<h3>Calend\u00e1rio para quem recebe at\u00e9 um sal\u00e1rio m\u00ednimo<\/h3>\n<table>\n<thead>\n<tr>\n<th>N\u00famero final<\/th>\n<th>1\u00aa Parcela<\/th>\n<th>2\u00aa Parcela<\/th>\n<\/tr>\n<\/thead>\n<tbody>\n<tr>\n<td>1<\/td>\n<td>24\/04<\/td>\n<td>25\/05<\/td>\n<\/tr>\n<tr>\n<td>2<\/td>\n<td>27\/04<\/td>\n<td>26\/05<\/td>\n<\/tr>\n<tr>\n<td><strong>3<\/strong><\/td>\n<td><strong>28\/04<\/strong><\/td>\n<td>27\/05<\/td>\n<\/tr>\n<tr>\n<td>4<\/td>\n<td>29\/04<\/td>\n<td>28\/05<\/td>\n<\/tr>\n<tr>\n<td>5<\/td>\n<td>30\/04<\/td>\n<td>29\/05<\/td>\n<\/tr>\n<tr>\n<td>6<\/td>\n<td>04\/05<\/td>\n<td>01\/06<\/td>\n<\/tr>\n<tr>\n<td>7<\/td>\n<td>05\/05<\/td>\n<td>02\/06<\/td>\n<\/tr>\n<tr>\n<td>8<\/td>\n<td>06\/05<\/td>\n<td>03\/06<\/td>\n<\/tr>\n<tr>\n<td>9<\/td>\n<td>07\/05<\/td>\n<td>05\/06<\/td>\n<\/tr>\n<tr>\n<td>0<\/td>\n<td>08\/05<\/td>\n<td>08\/06<\/td>\n<\/tr>\n<\/tbody>\n<\/table>\n<h3>Calend\u00e1rio para quem recebe acima de um sal\u00e1rio m\u00ednimo<\/h3>\n<table>\n<thead>\n<tr>\n<th>N\u00famero final<\/th>\n<th>1\u00aa Parcela<\/th>\n<th>2\u00aa Parcela<\/th>\n<\/tr>\n<\/thead>\n<tbody>\n<tr>\n<td>1 e 6<\/td>\n<td>04\/05<\/td>\n<td>01\/06<\/td>\n<\/tr>\n<tr>\n<td>2 e 7<\/td>\n<td>05\/05<\/td>\n<td>02\/06<\/td>\n<\/tr>\n<tr>\n<td>3 e 8<\/td>\n<td>06\/05<\/td>\n<td>03\/06<\/td>\n<\/tr>\n<tr>\n<td>4 e 9<\/td>\n<td>07\/05<\/td>\n<td>05\/06<\/td>\n<\/tr>\n<tr>\n<td>5 e 0<\/td>\n<td>08\/05<\/td>\n<td>08\/06<\/td>\n<\/tr>\n<\/tbody>\n<\/table>\n<h2>Outras informa\u00e7\u00f5es e casos especiais<\/h2>\n<ul>\n<li>Benef\u00edcio de Presta\u00e7\u00e3o Continuada (BPC) e Renda Mensal Vital\u00edcia n\u00e3o d\u00e3o direito ao 13\u00ba sal\u00e1rio;<\/li>\n<li>Problemas cadastrais ou documenta\u00e7\u00e3o incompleta podem suspender os valores;<\/li>\n<li>Se houver d\u00favida ou aus\u00eancia de pagamento, procure uma ag\u00eancia do INSS, ligue 135 (segunda a s\u00e1bado, das 7h \u00e0s 22h), ou acesse o\u00a0Meu INSS;<\/li>\n<li>Em caso de coincid\u00eancia entre a data prevista e feriados nacionais, o dep\u00f3sito ser\u00e1 realizado no pr\u00f3ximo dia \u00fatil;<\/li>\n<li>O recebimento depende da situa\u00e7\u00e3o ativa do benef\u00edcio para o dep\u00f3sito ser realizado na data prevista.<\/li>\n<\/ul>\n<p>Para n\u00e3o perder nenhuma novidade sobre os pagamentos do 13\u00ba sal\u00e1rio, continue acessando o <a href=\"https:\/\/www.pensarcursos.com.br\/blog\/\" target=\"_blank\" rel=\"noopener\">Blog Pensar Cursos<\/a> diariamente!<\/p>\n<p>Aproveite para assistir ao v\u00eddeo abaixo e saiba tudo sobre o 13\u00ba sal\u00e1rio em menos de 4 minutos:<\/p>\n<div class=\"jeg_video_container jeg_video_content\"><iframe title=\"Quando cai o 13\u00ba do INSS em 2026? Veja as datas da 1\u00aa e 2\u00aa parcela agora\" width=\"500\" height=\"281\" src=\"https:\/\/www.youtube.com\/embed\/tP6FZI43Edc?feature=oembed\" frameborder=\"0\" allow=\"accelerometer; autoplay; clipboard-write; encrypted-media; gyroscope; picture-in-picture; web-share\" referrerpolicy=\"strict-origin-when-cross-origin\" allowfullscreen><\/iframe><\/div>\n","protected":false},"excerpt":{"rendered":"<p>A partir desta ter\u00e7a-feira, dia 28 de abril, milhares de segurados do Instituto Nacional do Seguro Social (INSS) receber\u00e3o os pagamentos referentes ao m\u00eas de abril. O que muitos n\u00e3o sabem \u00e9 que o valor do benef\u00edcio mensal ser\u00e1 somado a um adicional de 50%, podendo chegar at\u00e9 R$ 12.713,32. Quer descobrir quem recebe nesta [&hellip;]<\/p>\n","protected":false},"author":63,"featured_media":157239,"comment_status":"open","ping_status":"closed","sticky":false,"template":"","format":"standard","meta":{"jnews-multi-image_gallery":[],"jnews_single_post":{"subtitle":"Saiba se voc\u00ea est\u00e1 entre os benefici\u00e1rios que receber\u00e3o esse valor","format":"standard","override":[{"template":"1","parallax":"1","fullscreen":"1","layout":"right-sidebar","sidebar":"default-sidebar","second_sidebar":"default-sidebar","sticky_sidebar":"1","share_position":"topbottom","share_float_style":"share-monocrhome","show_featured":"1","show_post_meta":"1","show_post_author":"1","show_post_author_image":"1","show_post_date":"1","post_date_format":"default","post_date_format_custom":"Y\/m\/d","show_post_category":"1","post_reading_time_wpm":"300","post_calculate_word_method":"str_word_count","show_zoom_button":"0","zoom_button_out_step":"2","zoom_button_in_step":"3","show_post_tag":"1","show_prev_next_post":"1","show_popup_post":"1","show_comment_section":"1","number_popup_post":"2","show_author_box":"1","show_post_related":"1","show_inline_post_related":"1"}],"image_override":[{"single_post_thumbnail_size":"crop-500","single_post_gallery_size":"crop-500"}],"trending_post_position":"meta","trending_post_label":"Trending","sponsored_post_label":"Sponsored by","disable_ad":"0"},"jnews_primary_category":[],"jnews_social_meta":[],"jnews_override_counter":{"view_counter_number":"0","share_counter_number":"0","like_counter_number":"0","dislike_counter_number":"0"},"footnotes":""},"categories":[1691],"tags":[40377,3253,39994,41895],"class_list":["post-158176","post","type-post","status-publish","format-standard","has-post-thumbnail","hentry","category-direitos-do-trabalhador","tag-13-salario-de-2026","tag-calendario-13-salario","tag-pagamentos-13-salario","tag-valores-13-salario"],"yoast_head":"<!-- This site is optimized with the Yoast SEO Premium plugin v27.4 (Yoast SEO v27.4) - https:\/\/yoast.com\/product\/yoast-seo-premium-wordpress\/ -->\n<title>INSS libera pagamento do 13\u00ba sal\u00e1rio nesta ter\u00e7a-feira (28): veja os detalhes do valor de R$ 12.713,32 - Blog Pensar Cursos<\/title>\n<meta name=\"description\" content=\"INSS libera hoje (28) o 13\u00ba sal\u00e1rio de at\u00e9 R$ 12.713,32. Confira os detalhes do valor e descubra quem recebe em 2026! Aproveite agora.\" \/>\n<meta name=\"robots\" content=\"index, follow, max-snippet:-1, max-image-preview:large, max-video-preview:-1\" \/>\n<link rel=\"canonical\" href=\"https:\/\/www.pensarcursos.com.br\/blog\/inss-libera-pagamento-do-13o-salario-nesta-terca-feira-28-veja-os-detalhes-do-valor-de-r-12-71332\/\" \/>\n<meta property=\"og:locale\" content=\"pt_BR\" \/>\n<meta property=\"og:type\" content=\"article\" \/>\n<meta property=\"og:title\" content=\"INSS libera pagamento do 13\u00ba sal\u00e1rio nesta ter\u00e7a-feira (28): veja os detalhes do valor de R$ 12.713,32\" \/>\n<meta property=\"og:description\" content=\"INSS libera hoje (28) o 13\u00ba sal\u00e1rio de at\u00e9 R$ 12.713,32. Confira os detalhes do valor e descubra quem recebe em 2026! Aproveite agora.\" \/>\n<meta property=\"og:url\" content=\"https:\/\/www.pensarcursos.com.br\/blog\/inss-libera-pagamento-do-13o-salario-nesta-terca-feira-28-veja-os-detalhes-do-valor-de-r-12-71332\/\" \/>\n<meta property=\"og:site_name\" content=\"Blog Pensar Cursos\" \/>\n<meta property=\"article:publisher\" content=\"https:\/\/www.facebook.com\/pensarcursos\/\" \/>\n<meta property=\"article:published_time\" content=\"2026-04-27T22:59:50+00:00\" \/>\n<meta property=\"og:image\" content=\"https:\/\/www.pensarcursos.com.br\/blog\/wp-content\/uploads\/2026\/04\/Primeira-parcela-do-13o.webp\" \/>\n\t<meta property=\"og:image:width\" content=\"1200\" \/>\n\t<meta property=\"og:image:height\" content=\"800\" \/>\n\t<meta property=\"og:image:type\" content=\"image\/webp\" \/>\n<meta name=\"author\" content=\"Lorena Santos\" \/>\n<meta name=\"twitter:card\" content=\"summary_large_image\" \/>\n<meta name=\"twitter:label1\" content=\"Escrito por\" \/>\n\t<meta name=\"twitter:data1\" content=\"Lorena Santos\" \/>\n\t<meta name=\"twitter:label2\" content=\"Est. tempo de leitura\" \/>\n\t<meta name=\"twitter:data2\" content=\"6 minutos\" \/>\n<!-- \/ Yoast SEO Premium plugin. -->","yoast_head_json":{"title":"INSS libera pagamento do 13\u00ba sal\u00e1rio nesta ter\u00e7a-feira (28): veja os detalhes do valor de R$ 12.713,32 - Blog Pensar Cursos","description":"INSS libera hoje (28) o 13\u00ba sal\u00e1rio de at\u00e9 R$ 12.713,32. Confira os detalhes do valor e descubra quem recebe em 2026! Aproveite agora.","robots":{"index":"index","follow":"follow","max-snippet":"max-snippet:-1","max-image-preview":"max-image-preview:large","max-video-preview":"max-video-preview:-1"},"canonical":"https:\/\/www.pensarcursos.com.br\/blog\/inss-libera-pagamento-do-13o-salario-nesta-terca-feira-28-veja-os-detalhes-do-valor-de-r-12-71332\/","og_locale":"pt_BR","og_type":"article","og_title":"INSS libera pagamento do 13\u00ba sal\u00e1rio nesta ter\u00e7a-feira (28): veja os detalhes do valor de R$ 12.713,32","og_description":"INSS libera hoje (28) o 13\u00ba sal\u00e1rio de at\u00e9 R$ 12.713,32. Confira os detalhes do valor e descubra quem recebe em 2026! Aproveite agora.","og_url":"https:\/\/www.pensarcursos.com.br\/blog\/inss-libera-pagamento-do-13o-salario-nesta-terca-feira-28-veja-os-detalhes-do-valor-de-r-12-71332\/","og_site_name":"Blog Pensar Cursos","article_publisher":"https:\/\/www.facebook.com\/pensarcursos\/","article_published_time":"2026-04-27T22:59:50+00:00","og_image":[{"width":1200,"height":800,"url":"https:\/\/www.pensarcursos.com.br\/blog\/wp-content\/uploads\/2026\/04\/Primeira-parcela-do-13o.webp","type":"image\/webp"}],"author":"Lorena Santos","twitter_card":"summary_large_image","twitter_misc":{"Escrito por":"Lorena Santos","Est. tempo de leitura":"6 minutos"},"schema":{"@context":"https:\/\/schema.org","@graph":[{"@type":["Article","BlogPosting"],"@id":"https:\/\/www.pensarcursos.com.br\/blog\/inss-libera-pagamento-do-13o-salario-nesta-terca-feira-28-veja-os-detalhes-do-valor-de-r-12-71332\/#article","isPartOf":{"@id":"https:\/\/www.pensarcursos.com.br\/blog\/inss-libera-pagamento-do-13o-salario-nesta-terca-feira-28-veja-os-detalhes-do-valor-de-r-12-71332\/"},"author":{"name":"Lorena Santos","@id":"https:\/\/www.pensarcursos.com.br\/blog\/#\/schema\/person\/6d14404537fc6409c2563a04b6a33afa"},"headline":"INSS libera pagamento do 13\u00ba sal\u00e1rio nesta ter\u00e7a-feira (28): veja os detalhes do valor de R$ 12.713,32","datePublished":"2026-04-27T22:59:50+00:00","mainEntityOfPage":{"@id":"https:\/\/www.pensarcursos.com.br\/blog\/inss-libera-pagamento-do-13o-salario-nesta-terca-feira-28-veja-os-detalhes-do-valor-de-r-12-71332\/"},"wordCount":969,"commentCount":0,"publisher":{"@id":"https:\/\/www.pensarcursos.com.br\/blog\/#organization"},"image":{"@id":"https:\/\/www.pensarcursos.com.br\/blog\/inss-libera-pagamento-do-13o-salario-nesta-terca-feira-28-veja-os-detalhes-do-valor-de-r-12-71332\/#primaryimage"},"thumbnailUrl":"https:\/\/www.pensarcursos.com.br\/blog\/wp-content\/uploads\/2026\/04\/Primeira-parcela-do-13o.webp","keywords":["13 salario de 2026","calend\u00e1rio 13 salario","pagamentos 13 salario","valores 13 salario"],"articleSection":["Direitos do Trabalhador"],"inLanguage":"pt-BR","potentialAction":[{"@type":"CommentAction","name":"Comment","target":["https:\/\/www.pensarcursos.com.br\/blog\/inss-libera-pagamento-do-13o-salario-nesta-terca-feira-28-veja-os-detalhes-do-valor-de-r-12-71332\/#respond"]}],"copyrightYear":"2026","copyrightHolder":{"@id":"https:\/\/www.pensarcursos.com.br\/blog\/#organization"}},{"@type":"WebPage","@id":"https:\/\/www.pensarcursos.com.br\/blog\/inss-libera-pagamento-do-13o-salario-nesta-terca-feira-28-veja-os-detalhes-do-valor-de-r-12-71332\/","url":"https:\/\/www.pensarcursos.com.br\/blog\/inss-libera-pagamento-do-13o-salario-nesta-terca-feira-28-veja-os-detalhes-do-valor-de-r-12-71332\/","name":"INSS libera pagamento do 13\u00ba sal\u00e1rio nesta ter\u00e7a-feira (28): veja os detalhes do valor de R$ 12.713,32 - Blog Pensar Cursos","isPartOf":{"@id":"https:\/\/www.pensarcursos.com.br\/blog\/#website"},"primaryImageOfPage":{"@id":"https:\/\/www.pensarcursos.com.br\/blog\/inss-libera-pagamento-do-13o-salario-nesta-terca-feira-28-veja-os-detalhes-do-valor-de-r-12-71332\/#primaryimage"},"image":{"@id":"https:\/\/www.pensarcursos.com.br\/blog\/inss-libera-pagamento-do-13o-salario-nesta-terca-feira-28-veja-os-detalhes-do-valor-de-r-12-71332\/#primaryimage"},"thumbnailUrl":"https:\/\/www.pensarcursos.com.br\/blog\/wp-content\/uploads\/2026\/04\/Primeira-parcela-do-13o.webp","datePublished":"2026-04-27T22:59:50+00:00","description":"INSS libera hoje (28) o 13\u00ba sal\u00e1rio de at\u00e9 R$ 12.713,32. Confira os detalhes do valor e descubra quem recebe em 2026! Aproveite agora.","breadcrumb":{"@id":"https:\/\/www.pensarcursos.com.br\/blog\/inss-libera-pagamento-do-13o-salario-nesta-terca-feira-28-veja-os-detalhes-do-valor-de-r-12-71332\/#breadcrumb"},"inLanguage":"pt-BR","potentialAction":[{"@type":"ReadAction","target":["https:\/\/www.pensarcursos.com.br\/blog\/inss-libera-pagamento-do-13o-salario-nesta-terca-feira-28-veja-os-detalhes-do-valor-de-r-12-71332\/"]}]},{"@type":"ImageObject","inLanguage":"pt-BR","@id":"https:\/\/www.pensarcursos.com.br\/blog\/inss-libera-pagamento-do-13o-salario-nesta-terca-feira-28-veja-os-detalhes-do-valor-de-r-12-71332\/#primaryimage","url":"https:\/\/www.pensarcursos.com.br\/blog\/wp-content\/uploads\/2026\/04\/Primeira-parcela-do-13o.webp","contentUrl":"https:\/\/www.pensarcursos.com.br\/blog\/wp-content\/uploads\/2026\/04\/Primeira-parcela-do-13o.webp","width":1200,"height":800,"caption":"Saiba qual \u00e9 o valor do seu benef\u00edcio! Imagem: Blog Pensar Cursos."},{"@type":"BreadcrumbList","@id":"https:\/\/www.pensarcursos.com.br\/blog\/inss-libera-pagamento-do-13o-salario-nesta-terca-feira-28-veja-os-detalhes-do-valor-de-r-12-71332\/#breadcrumb","itemListElement":[{"@type":"ListItem","position":1,"name":"Home","item":"https:\/\/www.pensarcursos.com.br\/blog\/"},{"@type":"ListItem","position":2,"name":"INSS libera pagamento do 13\u00ba sal\u00e1rio nesta ter\u00e7a-feira (28): veja os detalhes do valor de R$ 12.713,32"}]},{"@type":"WebSite","@id":"https:\/\/www.pensarcursos.com.br\/blog\/#website","url":"https:\/\/www.pensarcursos.com.br\/blog\/","name":"Blog Pensar Cursos","description":"Maior Site de Cursos do Brasil","publisher":{"@id":"https:\/\/www.pensarcursos.com.br\/blog\/#organization"},"alternateName":"Blog Pensar","potentialAction":[{"@type":"SearchAction","target":{"@type":"EntryPoint","urlTemplate":"https:\/\/www.pensarcursos.com.br\/blog\/?s={search_term_string}"},"query-input":{"@type":"PropertyValueSpecification","valueRequired":true,"valueName":"search_term_string"}}],"inLanguage":"pt-BR"},{"@type":"Organization","@id":"https:\/\/www.pensarcursos.com.br\/blog\/#organization","name":"Pensar Cursos","alternateName":"Blog pensar","url":"https:\/\/www.pensarcursos.com.br\/blog\/","logo":{"@type":"ImageObject","inLanguage":"pt-BR","@id":"https:\/\/www.pensarcursos.com.br\/blog\/#\/schema\/logo\/image\/","url":"https:\/\/www.pensarcursos.com.br\/blog\/wp-content\/uploads\/2023\/11\/Nova-Logo-Pensar-Cursos-vertical.png","contentUrl":"https:\/\/www.pensarcursos.com.br\/blog\/wp-content\/uploads\/2023\/11\/Nova-Logo-Pensar-Cursos-vertical.png","width":1393,"height":1001,"caption":"Pensar Cursos"},"image":{"@id":"https:\/\/www.pensarcursos.com.br\/blog\/#\/schema\/logo\/image\/"},"sameAs":["https:\/\/www.facebook.com\/pensarcursos\/","https:\/\/instagram.com.br\/pensarcursos"],"description":"Pensar Cursos \u00e9 uma empresa especializada em oferecer cursos de alta qualidade voltados para o desenvolvimento profissional e acad\u00eamico. Com uma ampla gama de op\u00e7\u00f5es de treinamento, oferecemos conte\u00fados atualizados, ministrados por especialistas da \u00e1rea, para capacitar indiv\u00edduos e equipes a atingirem seus objetivos. Nossa miss\u00e3o \u00e9 proporcionar uma educa\u00e7\u00e3o transformadora, acess\u00edvel e personalizada para cada aluno, seja em cursos presenciais ou online. Com uma abordagem inovadora, buscamos adaptar os nossos programas de ensino \u00e0s necessidades do mercado, criando solu\u00e7\u00f5es que atendem aos desafios e exig\u00eancias do mundo corporativo e acad\u00eamico. Nossos cursos incluem desde forma\u00e7\u00f5es t\u00e9cnicas at\u00e9 habilidades essenciais, como lideran\u00e7a, gest\u00e3o e desenvolvimento pessoal.","email":"contato@pensarcursos.com.br","legalName":"Sena Servi\u00e7os de Informa\u00e7\u00e3o Online LTDA","foundingDate":"2013-04-18","vatID":"17956217000172","numberOfEmployees":{"@type":"QuantitativeValue","minValue":"11","maxValue":"50"},"publishingPrinciples":"https:\/\/www.pensarcursos.com.br\/blog\/principios-de-publicacao\/","ownershipFundingInfo":"https:\/\/www.pensarcursos.com.br\/blog\/informacoes-de-propriedade-financiamento\/","actionableFeedbackPolicy":"https:\/\/www.pensarcursos.com.br\/blog\/politica-de-feedback-acionavel\/","correctionsPolicy":"https:\/\/www.pensarcursos.com.br\/blog\/politica-de-correcoes\/","ethicsPolicy":"https:\/\/www.pensarcursos.com.br\/blog\/politica-de-etica\/"},{"@type":"Person","@id":"https:\/\/www.pensarcursos.com.br\/blog\/#\/schema\/person\/6d14404537fc6409c2563a04b6a33afa","name":"Lorena Santos","image":{"@type":"ImageObject","inLanguage":"pt-BR","@id":"https:\/\/secure.gravatar.com\/avatar\/941263bb699494bd4d142d8d9219ca4269af85a1fae17b916b7a324de278e15f?s=96&d=mm&r=g","url":"https:\/\/secure.gravatar.com\/avatar\/941263bb699494bd4d142d8d9219ca4269af85a1fae17b916b7a324de278e15f?s=96&d=mm&r=g","contentUrl":"https:\/\/secure.gravatar.com\/avatar\/941263bb699494bd4d142d8d9219ca4269af85a1fae17b916b7a324de278e15f?s=96&d=mm&r=g","caption":"Lorena Santos"},"description":"Redatora do Grupo Sena Online","sameAs":["https:\/\/www.instagram.com\/lorenassi_?igsh=dXRodHd0ZXpjZDZy&utm_source=qr"],"url":"https:\/\/www.pensarcursos.com.br\/blog\/author\/lorena\/"}]}},"_links":{"self":[{"href":"https:\/\/www.pensarcursos.com.br\/blog\/wp-json\/wp\/v2\/posts\/158176","targetHints":{"allow":["GET"]}}],"collection":[{"href":"https:\/\/www.pensarcursos.com.br\/blog\/wp-json\/wp\/v2\/posts"}],"about":[{"href":"https:\/\/www.pensarcursos.com.br\/blog\/wp-json\/wp\/v2\/types\/post"}],"author":[{"embeddable":true,"href":"https:\/\/www.pensarcursos.com.br\/blog\/wp-json\/wp\/v2\/users\/63"}],"replies":[{"embeddable":true,"href":"https:\/\/www.pensarcursos.com.br\/blog\/wp-json\/wp\/v2\/comments?post=158176"}],"version-history":[{"count":3,"href":"https:\/\/www.pensarcursos.com.br\/blog\/wp-json\/wp\/v2\/posts\/158176\/revisions"}],"predecessor-version":[{"id":158203,"href":"https:\/\/www.pensarcursos.com.br\/blog\/wp-json\/wp\/v2\/posts\/158176\/revisions\/158203"}],"wp:featuredmedia":[{"embeddable":true,"href":"https:\/\/www.pensarcursos.com.br\/blog\/wp-json\/wp\/v2\/media\/157239"}],"wp:attachment":[{"href":"https:\/\/www.pensarcursos.com.br\/blog\/wp-json\/wp\/v2\/media?parent=158176"}],"wp:term":[{"taxonomy":"category","embeddable":true,"href":"https:\/\/www.pensarcursos.com.br\/blog\/wp-json\/wp\/v2\/categories?post=158176"},{"taxonomy":"post_tag","embeddable":true,"href":"https:\/\/www.pensarcursos.com.br\/blog\/wp-json\/wp\/v2\/tags?post=158176"}],"curies":[{"name":"wp","href":"https:\/\/api.w.org\/{rel}","templated":true}]}}