{"id":158161,"date":"2026-04-27T19:29:08","date_gmt":"2026-04-27T22:29:08","guid":{"rendered":"https:\/\/www.pensarcursos.com.br\/blog\/?p=158161"},"modified":"2026-04-27T12:10:45","modified_gmt":"2026-04-27T15:10:45","slug":"imposto-de-renda-2026-veja-como-declarar-ganhos-de-autonomos-meis-e-empresarios","status":"publish","type":"post","link":"https:\/\/www.pensarcursos.com.br\/blog\/imposto-de-renda-2026-veja-como-declarar-ganhos-de-autonomos-meis-e-empresarios\/","title":{"rendered":"Imposto de Renda 2026: veja como declarar ganhos de aut\u00f4nomos, MEIs e empres\u00e1rios"},"content":{"rendered":"<p>O prazo para envio da declara\u00e7\u00e3o do <a href=\"https:\/\/www.pensarcursos.com.br\/blog\/imposto-de-renda-2026-veja-perguntas-e-respostas-para-nao-errar-na-declaracao\/\"><strong>Imposto de Renda 2026<\/strong><\/a> est\u00e1 chegando, e com ele surgem d\u00favidas \u2014 principalmente entre quem n\u00e3o trabalha com carteira assinada. Profissionais <strong>aut\u00f4nomos, Microempreendedores Individuais (MEIs) e s\u00f3cios de empresas<\/strong> precisam ficar ainda mais atentos, j\u00e1 que o processo possui regras espec\u00edficas.<\/p>\n<p>Ao contr\u00e1rio dos empregados CLT, que t\u00eam o imposto descontado diretamente na folha de pagamento, esses contribuintes devem organizar e informar seus ganhos por conta pr\u00f3pria. Por isso, \u00e9 fundamental conhecer os procedimentos corretos para declarar cada tipo de rendimento. Veja a seguir como fazer em cada situa\u00e7\u00e3o.<\/p>\n<h2>Quem \u00e9 obrigado a declarar o IRPF em 2026?<\/h2>\n<p>Antes de detalhar os procedimentos, \u00e9 fundamental saber se voc\u00ea se enquadra nos crit\u00e9rios de obrigatoriedade definidos pela Receita Federal. A declara\u00e7\u00e3o referente ao ano-calend\u00e1rio de 2025 \u00e9 exigida para quem:<\/p>\n<ul>\n<li>Recebeu rendimentos tribut\u00e1veis (como sal\u00e1rios e pr\u00f3-labore) acima de R$ 35.584,00.<\/li>\n<li>Obteve receita bruta em atividade rural superior a R$ 177.920,00.<\/li>\n<li>Recebeu rendimentos isentos, n\u00e3o tribut\u00e1veis ou tributados exclusivamente na fonte que somaram mais de R$ 200.000,00.<\/li>\n<li>Tinha, em 31 de dezembro de 2025, a posse ou a propriedade de bens ou direitos, incluindo terra nua, de valor total superior a R$ 800.000,00.<\/li>\n<li>Realizou opera\u00e7\u00f5es em bolsas de valores, de mercadorias, de futuros e assemelhadas.<\/li>\n<li>Optou pela isen\u00e7\u00e3o do imposto sobre o ganho de capital na venda de im\u00f3veis residenciais.<\/li>\n<li>Passou \u00e0 condi\u00e7\u00e3o de residente no Brasil em 2025.<\/li>\n<\/ul>\n<h2>Aut\u00f4nomos: a diferen\u00e7a entre receber de PF ou PJ<\/h2>\n<p>A forma de declarar ganhos de aut\u00f4nomos depende diretamente da fonte pagadora. Conforme explica o professor Eduardo Linhares, da Universidade Federal do Cear\u00e1, em reportagem \u00e0\u00a0<strong>Ag\u00eancia Brasil<\/strong>, existem dois cen\u00e1rios principais.<\/p>\n<p>Se o profissional aut\u00f4nomo recebeu rendimentos de pessoas f\u00edsicas, ele deveria ter recolhido o imposto mensalmente atrav\u00e9s do\u00a0<strong>Carn\u00ea-Le\u00e3o<\/strong>. &#8220;Neste caso, voc\u00ea deve recolher o imposto mensalmente pelo Carn\u00ea-Le\u00e3o e, depois, declarar na ficha\u00a0<em>Rendimentos Tribut\u00e1veis Recebidos de Pessoa F\u00edsica\/Exterior<\/em>&#8220;, orienta Linhares. Caso o recolhimento mensal n\u00e3o tenha sido feito, o pr\u00f3prio programa da Receita Federal far\u00e1 o c\u00e1lculo do imposto devido, com juros e multa.<\/p>\n<p>Por outro lado, se os pagamentos vieram de pessoas jur\u00eddicas (empresas), a responsabilidade da reten\u00e7\u00e3o do imposto na fonte \u00e9 da pr\u00f3pria empresa contratante. &#8220;Nesse caso, declare na ficha\u00a0<em>Rendimentos Tribut\u00e1veis Recebidos de Pessoa Jur\u00eddica<\/em>&#8220;, complementa o professor.<\/p>\n<h2>MEI: Isen\u00e7\u00e3o e regras para o Pr\u00f3-Labore<\/h2>\n<p>O Microempreendedor Individual (MEI) possui uma vantagem: parte do seu lucro \u00e9 isenta de Imposto de Renda. No entanto, \u00e9 um erro comum acreditar que todo MEI est\u00e1 dispensado da <a href=\"https:\/\/www.pensarcursos.com.br\/blog\/imposto-de-renda-2026-mais-de-11-milhoes-de-declaracoes-ja-foram-enviadas-a-receita-federal\/\">declara\u00e7\u00e3o de IRPF<\/a>. A obrigatoriedade \u00e9 definida pelo <strong>pr\u00f3-labore<\/strong>\u00a0(a remunera\u00e7\u00e3o do empres\u00e1rio) e por outros rendimentos pessoais.<\/p>\n<p>Se o valor do pr\u00f3-labore ultrapassou o limite de R$ 35.584,00 em 2025, ou se o MEI se encaixa em qualquer outra regra de obrigatoriedade, a declara\u00e7\u00e3o \u00e9 necess\u00e1ria.<\/p>\n<p>A declara\u00e7\u00e3o deve ser feita da seguinte forma:<\/p>\n<ol>\n<li>O valor do pr\u00f3-labore \u00e9 lan\u00e7ado na\u00a0<strong>ficha &#8220;Rendimentos Tribut\u00e1veis Recebidos de Pessoa Jur\u00eddica&#8221;.<\/strong><\/li>\n<li>O lucro isento (receita bruta menos despesas e menos a parcela de isen\u00e7\u00e3o) deve ser informado na ficha\u00a0<strong>&#8220;Rendimentos Isentos e N\u00e3o Tribut\u00e1veis&#8221;,<\/strong> sob o c\u00f3digo &#8220;09-Lucros e dividendos recebidos&#8221;.<\/li>\n<li>A empresa (CNPJ do MEI) deve ser declarada na ficha\u00a0<strong>&#8220;Bens e Direitos&#8221;.<\/strong><\/li>\n<\/ol>\n<h2>Empres\u00e1rios e s\u00f3cios: declarando o pr\u00f3-labore<\/h2>\n<p>Para s\u00f3cios de empresas maiores (que n\u00e3o se enquadram como MEI), a l\u00f3gica \u00e9 semelhante \u00e0 do trabalho assalariado no que tange ao pr\u00f3-labore. Segundo Janaina Barboza, professora da Faculdade Anhanguera, apenas essa remunera\u00e7\u00e3o deve constar na declara\u00e7\u00e3o de Pessoa F\u00edsica do s\u00f3cio.<\/p>\n<p>&#8220;\u00c9 como se ele fosse um funcion\u00e1rio. Vai estar constando dele, mesmo sendo uma empresa dele. Porque, mesmo que seja um pr\u00f3-labore, \u00e9 um dinheiro que tem que ser comprovado&#8221;, explica a professora. O valor do pr\u00f3-labore \u00e9 informado na ficha\u00a0<strong>&#8220;Rendimentos Tribut\u00e1veis Recebidos de Pessoa Jur\u00eddica&#8221;,<\/strong>\u00a0utilizando o CNPJ da pr\u00f3pria empresa como fonte pagadora.<\/p>\n<figure id=\"attachment_158184\" aria-describedby=\"caption-attachment-158184\" style=\"width: 1376px\" class=\"wp-caption aligncenter\"><img decoding=\"async\" class=\"size-full wp-image-158184\" src=\"https:\/\/www.pensarcursos.com.br\/blog\/wp-content\/uploads\/2026\/04\/IRPF-2026.png\" alt=\"Tela do site da Receita Federal com informa\u00e7\u00f5es sobre o Imposto de Renda 2026 e acesso aos servi\u00e7os de declara\u00e7\u00e3o online.\" width=\"1376\" height=\"768\" srcset=\"https:\/\/www.pensarcursos.com.br\/blog\/wp-content\/uploads\/2026\/04\/IRPF-2026.png 1376w, https:\/\/www.pensarcursos.com.br\/blog\/wp-content\/uploads\/2026\/04\/IRPF-2026-300x167.png 300w, https:\/\/www.pensarcursos.com.br\/blog\/wp-content\/uploads\/2026\/04\/IRPF-2026-1024x572.png 1024w, https:\/\/www.pensarcursos.com.br\/blog\/wp-content\/uploads\/2026\/04\/IRPF-2026-768x429.png 768w, https:\/\/www.pensarcursos.com.br\/blog\/wp-content\/uploads\/2026\/04\/IRPF-2026-750x419.png 750w, https:\/\/www.pensarcursos.com.br\/blog\/wp-content\/uploads\/2026\/04\/IRPF-2026-1140x636.png 1140w\" sizes=\"(max-width: 1376px) 100vw, 1376px\" \/><figcaption id=\"caption-attachment-158184\" class=\"wp-caption-text\">Declara\u00e7\u00e3o do Imposto de Renda 2026 deve ser enviada at\u00e9 29 de maio pelos canais oficiais da Receita Federal.<br \/>Imagem: Blog Pensar Cursos<\/figcaption><\/figure>\n<h2>Prazo e canais para a declara\u00e7\u00e3o de 2026<\/h2>\n<p>O prazo final para o envio da<a href=\"https:\/\/www.pensarcursos.com.br\/blog\/imposto-de-renda-2026-saiba-como-deduzir-despesas-com-saude-e-educacao-na-sua-declaracao\/\"> declara\u00e7\u00e3o<\/a> sem multa encerra em\u00a0<strong>29 de maio<\/strong>. A Receita Federal disponibiliza diferentes plataformas para facilitar o preenchimento e a entrega:<\/p>\n<ul>\n<li><strong>Programa Gerador de Declara\u00e7\u00e3o (PGD):<\/strong>\u00a0Dispon\u00edvel para download no <a href=\"https:\/\/www.pensarcursos.com.br\/blog\/saiu-edital-novo-concurso-com-salarios-de-ate-r-21-mil-e-mais-de-60-vagas-abriu-inscricoes-nesta-segunda-feira-27\/\" target=\"_blank\" rel=\"noopener\">site da Receita Federal<\/a>.<\/li>\n<li><strong>Online (e-CAC):<\/strong>\u00a0Preenchimento direto no\u00a0<a href=\"https:\/\/www.gov.br\/receitafederal\/pt-br\/assuntos\/meu-imposto-de-renda\" target=\"_blank\" rel=\"noopener\">portal Meu Imposto de Renda<\/a>, sem necessidade de instala\u00e7\u00e3o.<\/li>\n<li><strong>Aplicativo &#8220;Meu Imposto de Renda&#8221;:<\/strong>\u00a0<a href=\"https:\/\/www.gov.br\/receitafederal\/pt-br\/centrais-de-conteudo\/download\/app\/rfb\" target=\"_blank\" rel=\"noopener\">Dispon\u00edvel para celulares<\/a> e tablets (Android e iOS).<\/li>\n<\/ul>\n<p>Dada a complexidade que pode envolver o c\u00e1lculo de lucros, pr\u00f3-labore e a correta aloca\u00e7\u00e3o dos rendimentos, a recomenda\u00e7\u00e3o de especialistas \u00e9 que, em caso de d\u00favida, o contribuinte procure o aux\u00edlio de um contador. Este profissional pode garantir que a declara\u00e7\u00e3o seja feita corretamente, otimizando poss\u00edveis dedu\u00e7\u00f5es e evitando problemas futuros com o Fisco.<\/p>\n<p>Quer ficar por dentro de mais informa\u00e7\u00f5es? Fique de olho no <a href=\"https:\/\/www.pensarcursos.com.br\/blog\/\" target=\"_blank\" rel=\"noopener\">Blog Pensar Cursos<\/a>.<\/p>\n<p>Saiba mais:<\/p>\n<div class=\"jeg_video_container jeg_video_content\"><iframe title=\"Quem precisa declarar o Imposto de Renda em 2026?\" width=\"500\" height=\"281\" src=\"https:\/\/www.youtube.com\/embed\/EetvMfvzS6k?feature=oembed\" frameborder=\"0\" allow=\"accelerometer; autoplay; clipboard-write; encrypted-media; gyroscope; picture-in-picture; web-share\" referrerpolicy=\"strict-origin-when-cross-origin\" allowfullscreen><\/iframe><\/div>\n","protected":false},"excerpt":{"rendered":"<p>O prazo para envio da declara\u00e7\u00e3o do Imposto de Renda 2026 est\u00e1 chegando, e com ele surgem d\u00favidas \u2014 principalmente entre quem n\u00e3o trabalha com carteira assinada. Profissionais aut\u00f4nomos, Microempreendedores Individuais (MEIs) e s\u00f3cios de empresas precisam ficar ainda mais atentos, j\u00e1 que o processo possui regras espec\u00edficas. Ao contr\u00e1rio dos empregados CLT, que t\u00eam [&hellip;]<\/p>\n","protected":false},"author":54,"featured_media":158183,"comment_status":"open","ping_status":"closed","sticky":false,"template":"","format":"standard","meta":{"jnews-multi-image_gallery":[],"jnews_single_post":{"subtitle":"N\u00e3o caia na malha fina! O prazo para envio da declara\u00e7\u00e3o termina em 29 de maio","format":"standard","override":[{"template":"1","parallax":"1","fullscreen":"1","layout":"right-sidebar","sidebar":"default-sidebar","second_sidebar":"default-sidebar","sticky_sidebar":"1","share_position":"topbottom","share_float_style":"share-monocrhome","show_featured":"1","show_post_meta":"1","show_post_author":"1","show_post_author_image":"1","show_post_date":"1","post_date_format":"default","post_date_format_custom":"Y\/m\/d","show_post_category":"1","post_reading_time_wpm":"300","post_calculate_word_method":"str_word_count","show_zoom_button":"0","zoom_button_out_step":"2","zoom_button_in_step":"3","show_post_tag":"1","show_prev_next_post":"1","show_popup_post":"1","show_comment_section":"1","number_popup_post":"2","show_author_box":"1","show_post_related":"1","show_inline_post_related":"1"}],"image_override":[{"single_post_thumbnail_size":"crop-500","single_post_gallery_size":"crop-500"}],"trending_post_position":"meta","trending_post_label":"Trending","sponsored_post_label":"Sponsored by","disable_ad":"0"},"jnews_primary_category":[],"jnews_social_meta":[],"jnews_override_counter":{"view_counter_number":"0","share_counter_number":"0","like_counter_number":"0","dislike_counter_number":"0"},"footnotes":""},"categories":[6194],"tags":[41891,33710,38929],"class_list":["post-158161","post","type-post","status-publish","format-standard","has-post-thumbnail","hentry","category-economia","tag-declarar-imposto-de-renda-2026","tag-imposto-de-renda-2026","tag-irpf-2026"],"yoast_head":"<!-- This site is optimized with the Yoast SEO Premium plugin v27.4 (Yoast SEO v27.4) - https:\/\/yoast.com\/product\/yoast-seo-premium-wordpress\/ -->\n<title>Imposto de Renda 2026: veja como declarar ganhos de aut\u00f4nomos, MEIs e empres\u00e1rios - Blog Pensar Cursos<\/title>\n<meta name=\"description\" content=\"Tem d\u00favidas sobre o Imposto de Renda 2026? Veja o guia completo sobre como aut\u00f4nomos, MEIs e empres\u00e1rios devem declarar seus ganhos.\" \/>\n<meta name=\"robots\" content=\"index, follow, max-snippet:-1, max-image-preview:large, max-video-preview:-1\" \/>\n<link rel=\"canonical\" href=\"https:\/\/www.pensarcursos.com.br\/blog\/imposto-de-renda-2026-veja-como-declarar-ganhos-de-autonomos-meis-e-empresarios\/\" \/>\n<meta property=\"og:locale\" content=\"pt_BR\" \/>\n<meta property=\"og:type\" content=\"article\" \/>\n<meta property=\"og:title\" content=\"Imposto de Renda 2026: veja como declarar ganhos de aut\u00f4nomos, MEIs e empres\u00e1rios\" \/>\n<meta property=\"og:description\" content=\"Tem d\u00favidas sobre o Imposto de Renda 2026? Veja o guia completo sobre como aut\u00f4nomos, MEIs e empres\u00e1rios devem declarar seus ganhos.\" \/>\n<meta property=\"og:url\" content=\"https:\/\/www.pensarcursos.com.br\/blog\/imposto-de-renda-2026-veja-como-declarar-ganhos-de-autonomos-meis-e-empresarios\/\" \/>\n<meta property=\"og:site_name\" content=\"Blog Pensar Cursos\" \/>\n<meta property=\"article:publisher\" content=\"https:\/\/www.facebook.com\/pensarcursos\/\" \/>\n<meta property=\"article:published_time\" content=\"2026-04-27T22:29:08+00:00\" \/>\n<meta property=\"og:image\" content=\"https:\/\/www.pensarcursos.com.br\/blog\/wp-content\/uploads\/2026\/04\/Imposto-de-renda-2026-2-1.webp\" \/>\n\t<meta property=\"og:image:width\" content=\"1200\" \/>\n\t<meta property=\"og:image:height\" content=\"800\" \/>\n\t<meta property=\"og:image:type\" content=\"image\/webp\" \/>\n<meta name=\"author\" content=\"Quezia Andrade\" \/>\n<meta name=\"twitter:card\" content=\"summary_large_image\" \/>\n<meta name=\"twitter:label1\" content=\"Escrito por\" \/>\n\t<meta name=\"twitter:data1\" content=\"Quezia Andrade\" \/>\n\t<meta name=\"twitter:label2\" content=\"Est. tempo de leitura\" \/>\n\t<meta name=\"twitter:data2\" content=\"5 minutos\" \/>\n<!-- \/ Yoast SEO Premium plugin. -->","yoast_head_json":{"title":"Imposto de Renda 2026: veja como declarar ganhos de aut\u00f4nomos, MEIs e empres\u00e1rios - Blog Pensar Cursos","description":"Tem d\u00favidas sobre o Imposto de Renda 2026? Veja o guia completo sobre como aut\u00f4nomos, MEIs e empres\u00e1rios devem declarar seus ganhos.","robots":{"index":"index","follow":"follow","max-snippet":"max-snippet:-1","max-image-preview":"max-image-preview:large","max-video-preview":"max-video-preview:-1"},"canonical":"https:\/\/www.pensarcursos.com.br\/blog\/imposto-de-renda-2026-veja-como-declarar-ganhos-de-autonomos-meis-e-empresarios\/","og_locale":"pt_BR","og_type":"article","og_title":"Imposto de Renda 2026: veja como declarar ganhos de aut\u00f4nomos, MEIs e empres\u00e1rios","og_description":"Tem d\u00favidas sobre o Imposto de Renda 2026? Veja o guia completo sobre como aut\u00f4nomos, MEIs e empres\u00e1rios devem declarar seus ganhos.","og_url":"https:\/\/www.pensarcursos.com.br\/blog\/imposto-de-renda-2026-veja-como-declarar-ganhos-de-autonomos-meis-e-empresarios\/","og_site_name":"Blog Pensar Cursos","article_publisher":"https:\/\/www.facebook.com\/pensarcursos\/","article_published_time":"2026-04-27T22:29:08+00:00","og_image":[{"width":1200,"height":800,"url":"https:\/\/www.pensarcursos.com.br\/blog\/wp-content\/uploads\/2026\/04\/Imposto-de-renda-2026-2-1.webp","type":"image\/webp"}],"author":"Quezia Andrade","twitter_card":"summary_large_image","twitter_misc":{"Escrito por":"Quezia Andrade","Est. tempo de leitura":"5 minutos"},"schema":{"@context":"https:\/\/schema.org","@graph":[{"@type":["Article","BlogPosting"],"@id":"https:\/\/www.pensarcursos.com.br\/blog\/imposto-de-renda-2026-veja-como-declarar-ganhos-de-autonomos-meis-e-empresarios\/#article","isPartOf":{"@id":"https:\/\/www.pensarcursos.com.br\/blog\/imposto-de-renda-2026-veja-como-declarar-ganhos-de-autonomos-meis-e-empresarios\/"},"author":{"name":"Quezia Andrade","@id":"https:\/\/www.pensarcursos.com.br\/blog\/#\/schema\/person\/28714c166fa847c28e0ba3e4d47c1033"},"headline":"Imposto de Renda 2026: veja como declarar ganhos de aut\u00f4nomos, MEIs e empres\u00e1rios","datePublished":"2026-04-27T22:29:08+00:00","mainEntityOfPage":{"@id":"https:\/\/www.pensarcursos.com.br\/blog\/imposto-de-renda-2026-veja-como-declarar-ganhos-de-autonomos-meis-e-empresarios\/"},"wordCount":898,"commentCount":0,"publisher":{"@id":"https:\/\/www.pensarcursos.com.br\/blog\/#organization"},"image":{"@id":"https:\/\/www.pensarcursos.com.br\/blog\/imposto-de-renda-2026-veja-como-declarar-ganhos-de-autonomos-meis-e-empresarios\/#primaryimage"},"thumbnailUrl":"https:\/\/www.pensarcursos.com.br\/blog\/wp-content\/uploads\/2026\/04\/Imposto-de-renda-2026-2-1.webp","keywords":["declarar imposto de renda 2026","Imposto de Renda 2026","irpf 2026"],"articleSection":["Economia"],"inLanguage":"pt-BR","potentialAction":[{"@type":"CommentAction","name":"Comment","target":["https:\/\/www.pensarcursos.com.br\/blog\/imposto-de-renda-2026-veja-como-declarar-ganhos-de-autonomos-meis-e-empresarios\/#respond"]}],"copyrightYear":"2026","copyrightHolder":{"@id":"https:\/\/www.pensarcursos.com.br\/blog\/#organization"}},{"@type":"WebPage","@id":"https:\/\/www.pensarcursos.com.br\/blog\/imposto-de-renda-2026-veja-como-declarar-ganhos-de-autonomos-meis-e-empresarios\/","url":"https:\/\/www.pensarcursos.com.br\/blog\/imposto-de-renda-2026-veja-como-declarar-ganhos-de-autonomos-meis-e-empresarios\/","name":"Imposto de Renda 2026: veja como declarar ganhos de aut\u00f4nomos, MEIs e empres\u00e1rios - Blog Pensar Cursos","isPartOf":{"@id":"https:\/\/www.pensarcursos.com.br\/blog\/#website"},"primaryImageOfPage":{"@id":"https:\/\/www.pensarcursos.com.br\/blog\/imposto-de-renda-2026-veja-como-declarar-ganhos-de-autonomos-meis-e-empresarios\/#primaryimage"},"image":{"@id":"https:\/\/www.pensarcursos.com.br\/blog\/imposto-de-renda-2026-veja-como-declarar-ganhos-de-autonomos-meis-e-empresarios\/#primaryimage"},"thumbnailUrl":"https:\/\/www.pensarcursos.com.br\/blog\/wp-content\/uploads\/2026\/04\/Imposto-de-renda-2026-2-1.webp","datePublished":"2026-04-27T22:29:08+00:00","description":"Tem d\u00favidas sobre o Imposto de Renda 2026? Veja o guia completo sobre como aut\u00f4nomos, MEIs e empres\u00e1rios devem declarar seus ganhos.","breadcrumb":{"@id":"https:\/\/www.pensarcursos.com.br\/blog\/imposto-de-renda-2026-veja-como-declarar-ganhos-de-autonomos-meis-e-empresarios\/#breadcrumb"},"inLanguage":"pt-BR","potentialAction":[{"@type":"ReadAction","target":["https:\/\/www.pensarcursos.com.br\/blog\/imposto-de-renda-2026-veja-como-declarar-ganhos-de-autonomos-meis-e-empresarios\/"]}]},{"@type":"ImageObject","inLanguage":"pt-BR","@id":"https:\/\/www.pensarcursos.com.br\/blog\/imposto-de-renda-2026-veja-como-declarar-ganhos-de-autonomos-meis-e-empresarios\/#primaryimage","url":"https:\/\/www.pensarcursos.com.br\/blog\/wp-content\/uploads\/2026\/04\/Imposto-de-renda-2026-2-1.webp","contentUrl":"https:\/\/www.pensarcursos.com.br\/blog\/wp-content\/uploads\/2026\/04\/Imposto-de-renda-2026-2-1.webp","width":1200,"height":800,"caption":"Imposto de Renda 2026: declara\u00e7\u00e3o para aut\u00f4nomos, MEI e empresas; confira os detalhes. Imagem: Blog Pensar Cursos"},{"@type":"BreadcrumbList","@id":"https:\/\/www.pensarcursos.com.br\/blog\/imposto-de-renda-2026-veja-como-declarar-ganhos-de-autonomos-meis-e-empresarios\/#breadcrumb","itemListElement":[{"@type":"ListItem","position":1,"name":"Home","item":"https:\/\/www.pensarcursos.com.br\/blog\/"},{"@type":"ListItem","position":2,"name":"Imposto de Renda 2026: veja como declarar ganhos de aut\u00f4nomos, MEIs e empres\u00e1rios"}]},{"@type":"WebSite","@id":"https:\/\/www.pensarcursos.com.br\/blog\/#website","url":"https:\/\/www.pensarcursos.com.br\/blog\/","name":"Blog Pensar Cursos","description":"Maior Site de Cursos do Brasil","publisher":{"@id":"https:\/\/www.pensarcursos.com.br\/blog\/#organization"},"alternateName":"Blog Pensar","potentialAction":[{"@type":"SearchAction","target":{"@type":"EntryPoint","urlTemplate":"https:\/\/www.pensarcursos.com.br\/blog\/?s={search_term_string}"},"query-input":{"@type":"PropertyValueSpecification","valueRequired":true,"valueName":"search_term_string"}}],"inLanguage":"pt-BR"},{"@type":"Organization","@id":"https:\/\/www.pensarcursos.com.br\/blog\/#organization","name":"Pensar Cursos","alternateName":"Blog pensar","url":"https:\/\/www.pensarcursos.com.br\/blog\/","logo":{"@type":"ImageObject","inLanguage":"pt-BR","@id":"https:\/\/www.pensarcursos.com.br\/blog\/#\/schema\/logo\/image\/","url":"https:\/\/www.pensarcursos.com.br\/blog\/wp-content\/uploads\/2023\/11\/Nova-Logo-Pensar-Cursos-vertical.png","contentUrl":"https:\/\/www.pensarcursos.com.br\/blog\/wp-content\/uploads\/2023\/11\/Nova-Logo-Pensar-Cursos-vertical.png","width":1393,"height":1001,"caption":"Pensar Cursos"},"image":{"@id":"https:\/\/www.pensarcursos.com.br\/blog\/#\/schema\/logo\/image\/"},"sameAs":["https:\/\/www.facebook.com\/pensarcursos\/","https:\/\/instagram.com.br\/pensarcursos"],"description":"Pensar Cursos \u00e9 uma empresa especializada em oferecer cursos de alta qualidade voltados para o desenvolvimento profissional e acad\u00eamico. Com uma ampla gama de op\u00e7\u00f5es de treinamento, oferecemos conte\u00fados atualizados, ministrados por especialistas da \u00e1rea, para capacitar indiv\u00edduos e equipes a atingirem seus objetivos. Nossa miss\u00e3o \u00e9 proporcionar uma educa\u00e7\u00e3o transformadora, acess\u00edvel e personalizada para cada aluno, seja em cursos presenciais ou online. Com uma abordagem inovadora, buscamos adaptar os nossos programas de ensino \u00e0s necessidades do mercado, criando solu\u00e7\u00f5es que atendem aos desafios e exig\u00eancias do mundo corporativo e acad\u00eamico. Nossos cursos incluem desde forma\u00e7\u00f5es t\u00e9cnicas at\u00e9 habilidades essenciais, como lideran\u00e7a, gest\u00e3o e desenvolvimento pessoal.","email":"contato@pensarcursos.com.br","legalName":"Sena Servi\u00e7os de Informa\u00e7\u00e3o Online LTDA","foundingDate":"2013-04-18","vatID":"17956217000172","numberOfEmployees":{"@type":"QuantitativeValue","minValue":"11","maxValue":"50"},"publishingPrinciples":"https:\/\/www.pensarcursos.com.br\/blog\/principios-de-publicacao\/","ownershipFundingInfo":"https:\/\/www.pensarcursos.com.br\/blog\/informacoes-de-propriedade-financiamento\/","actionableFeedbackPolicy":"https:\/\/www.pensarcursos.com.br\/blog\/politica-de-feedback-acionavel\/","correctionsPolicy":"https:\/\/www.pensarcursos.com.br\/blog\/politica-de-correcoes\/","ethicsPolicy":"https:\/\/www.pensarcursos.com.br\/blog\/politica-de-etica\/"},{"@type":"Person","@id":"https:\/\/www.pensarcursos.com.br\/blog\/#\/schema\/person\/28714c166fa847c28e0ba3e4d47c1033","name":"Quezia Andrade","image":{"@type":"ImageObject","inLanguage":"pt-BR","@id":"https:\/\/secure.gravatar.com\/avatar\/ca40343eca0c667f062032144581527936aae03191aca76e9d4c4de5a5c7cd14?s=96&d=mm&r=g","url":"https:\/\/secure.gravatar.com\/avatar\/ca40343eca0c667f062032144581527936aae03191aca76e9d4c4de5a5c7cd14?s=96&d=mm&r=g","contentUrl":"https:\/\/secure.gravatar.com\/avatar\/ca40343eca0c667f062032144581527936aae03191aca76e9d4c4de5a5c7cd14?s=96&d=mm&r=g","caption":"Quezia Andrade"},"description":"Biom\u00e9dica CRBM2 n\u00ba 17394. Redatora do grupo Sena Online.","sameAs":["https:\/\/www.instagram.com\/_quezia_b?igsh=cWF2dDNxbXd6ejF4&utm_source=qr","https:\/\/www.linkedin.com\/in\/quzia-borges-andrade-907778266?utm_source=share&utm_campaign=share_via&utm_content=profile&utm_medium=ios_app"],"url":"https:\/\/www.pensarcursos.com.br\/blog\/author\/quezia\/"}]}},"_links":{"self":[{"href":"https:\/\/www.pensarcursos.com.br\/blog\/wp-json\/wp\/v2\/posts\/158161","targetHints":{"allow":["GET"]}}],"collection":[{"href":"https:\/\/www.pensarcursos.com.br\/blog\/wp-json\/wp\/v2\/posts"}],"about":[{"href":"https:\/\/www.pensarcursos.com.br\/blog\/wp-json\/wp\/v2\/types\/post"}],"author":[{"embeddable":true,"href":"https:\/\/www.pensarcursos.com.br\/blog\/wp-json\/wp\/v2\/users\/54"}],"replies":[{"embeddable":true,"href":"https:\/\/www.pensarcursos.com.br\/blog\/wp-json\/wp\/v2\/comments?post=158161"}],"version-history":[{"count":3,"href":"https:\/\/www.pensarcursos.com.br\/blog\/wp-json\/wp\/v2\/posts\/158161\/revisions"}],"predecessor-version":[{"id":158185,"href":"https:\/\/www.pensarcursos.com.br\/blog\/wp-json\/wp\/v2\/posts\/158161\/revisions\/158185"}],"wp:featuredmedia":[{"embeddable":true,"href":"https:\/\/www.pensarcursos.com.br\/blog\/wp-json\/wp\/v2\/media\/158183"}],"wp:attachment":[{"href":"https:\/\/www.pensarcursos.com.br\/blog\/wp-json\/wp\/v2\/media?parent=158161"}],"wp:term":[{"taxonomy":"category","embeddable":true,"href":"https:\/\/www.pensarcursos.com.br\/blog\/wp-json\/wp\/v2\/categories?post=158161"},{"taxonomy":"post_tag","embeddable":true,"href":"https:\/\/www.pensarcursos.com.br\/blog\/wp-json\/wp\/v2\/tags?post=158161"}],"curies":[{"name":"wp","href":"https:\/\/api.w.org\/{rel}","templated":true}]}}