{"id":158155,"date":"2026-04-27T18:29:32","date_gmt":"2026-04-27T21:29:32","guid":{"rendered":"https:\/\/www.pensarcursos.com.br\/blog\/?p=158155"},"modified":"2026-04-27T11:52:33","modified_gmt":"2026-04-27T14:52:33","slug":"ressarcimento-de-cotas-do-pis-pasep-prazo-para-fazer-o-pedido-termina-nesta-quinta-feira-30-4","status":"publish","type":"post","link":"https:\/\/www.pensarcursos.com.br\/blog\/ressarcimento-de-cotas-do-pis-pasep-prazo-para-fazer-o-pedido-termina-nesta-quinta-feira-30-4\/","title":{"rendered":"Ressarcimento de cotas do PIS\/Pasep: prazo para fazer o pedido termina nesta quinta-feira (30\/4)"},"content":{"rendered":"<p>Milhares de trabalhadores que exerceram atividades com carteira assinada entre 1971 e 1988 t\u00eam direito ao<a href=\"https:\/\/www.pensarcursos.com.br\/blog\/inss-pe-de-meia-ressarcimento-pis-pasep-e-bolsa-familia-veja-os-pagamentos-que-serao-liberados-de-27-a-30-de-abril\/\" target=\"_blank\" rel=\"noopener\"> ressarcimento do PIS\/Pasep<\/a>. O que muitos n\u00e3o sabem \u00e9 que o pagamento n\u00e3o \u00e9 feito automaticamente e<strong> o prazo para solicit\u00e1-lo se encerra nesta quinta-feira, dia 30 de abril<\/strong>.<\/p>\n<p>Para garantir que o seu pagamento seja depositado o quanto antes, confira a seguir as principais orienta\u00e7\u00f5es.<\/p>\n<h2>O que \u00e9 o ressarcimento do PIS\/Pasep?<\/h2>\n<p>O ressarcimento do <a href=\"https:\/\/www.pensarcursos.com.br\/blog\/ressarcimento-pis-pasep-2026-solicitacao-documentos-consulta-e-calendario\/\" target=\"_blank\" rel=\"noopener\">PIS\/Pasep<\/a> consiste na devolu\u00e7\u00e3o dos saldos n\u00e3o retirados das cotas dos fundos do Programa de Integra\u00e7\u00e3o Social (PIS) e do Programa de Forma\u00e7\u00e3o do Patrim\u00f4nio do Servidor P\u00fablico (Pasep), que foram oficialmente encerrados em 2020.<\/p>\n<p>Esses valores pertencem a pessoas do setor privado ou a servidores p\u00fablicos que participaram do programa entre 1971 e 1988, mas que n\u00e3o sacaram os recursos. Desde o t\u00e9rmino dos fundos, a Caixa Econ\u00f4mica Federal \u00e9 respons\u00e1vel pela gest\u00e3o e realiza\u00e7\u00e3o desses pagamentos.<\/p>\n<h2>Quem pode receber o ressarcimento?<\/h2>\n<p>Podem receber:<\/p>\n<ul>\n<li>Trabalhadores que participaram do PIS ou Pasep e ainda possuem cotas a sacar;<\/li>\n<li>Herdeiros ou dependentes legais de cotistas, apresentando os documentos exigidos.<\/li>\n<\/ul>\n<p>Segundo a Caixa Econ\u00f4mica Federal e o Minist\u00e9rio do Trabalho e Emprego (MTE), \u00e9 necess\u00e1rio constar como inscrito nos programas e manter saldo dispon\u00edvel para poder pedir os valores.<\/p>\n<h2>Como se calcula o valor a receber?<\/h2>\n<p>O valor a ser resgatado varia conforme o saldo dispon\u00edvel nas cotas do titular, acrescido da atualiza\u00e7\u00e3o monet\u00e1ria at\u00e9 o momento do pagamento. Quantias j\u00e1 sacadas anteriormente n\u00e3o ser\u00e3o pagas novamente, somente o saldo remanescente estar\u00e1 dispon\u00edvel para resgate.<\/p>\n<h2>Calend\u00e1rio de pagamentos do ressarcimento<\/h2>\n<p>O recebimento do valor n\u00e3o ocorre de forma autom\u00e1tica. O trabalhador deve formalizar o pedido para iniciar o processo de dep\u00f3sito em conta. A data do cr\u00e9dito depende do momento em que o pedido \u00e9 realizado, sempre seguindo o calend\u00e1rio definido para cada per\u00edodo.<\/p>\n<p>Confira as datas exatas na tabela abaixo:<\/p>\n<table>\n<thead>\n<tr>\n<th>Per\u00edodo do pedido<\/th>\n<th>Data do cr\u00e9dito<\/th>\n<th>Status ou dia da semana<\/th>\n<\/tr>\n<\/thead>\n<tbody>\n<tr>\n<td>At\u00e9 31\/12\/2025<\/td>\n<td>26\/01\/2026<\/td>\n<td>Pago<\/td>\n<\/tr>\n<tr>\n<td>At\u00e9 31\/01\/2026<\/td>\n<td>25\/02\/2026<\/td>\n<td>Pago<\/td>\n<\/tr>\n<tr>\n<td>At\u00e9 28\/02\/2026<\/td>\n<td>25\/03\/2026<\/td>\n<td>Pago<\/td>\n<\/tr>\n<tr>\n<td>At\u00e9 31\/03\/2026<\/td>\n<td>27\/04\/2026<\/td>\n<td>Pago<\/td>\n<\/tr>\n<tr>\n<td><strong>At\u00e9 30\/04\/2026<\/strong><\/td>\n<td><strong>25\/05\/2026<\/strong><\/td>\n<td><strong>Segunda-feira (pr\u00f3ximo pagamento)<\/strong><\/td>\n<\/tr>\n<tr>\n<td>At\u00e9 31\/05\/2026<\/td>\n<td>25\/06\/2026<\/td>\n<td>Quinta-feira<\/td>\n<\/tr>\n<tr>\n<td>At\u00e9 30\/06\/2026<\/td>\n<td>27\/07\/2026<\/td>\n<td>Segunda-feira<\/td>\n<\/tr>\n<tr>\n<td>At\u00e9 31\/07\/2026<\/td>\n<td>25\/08\/2026<\/td>\n<td>Ter\u00e7a-feira<\/td>\n<\/tr>\n<tr>\n<td>At\u00e9 31\/08\/2026<\/td>\n<td>25\/09\/2026<\/td>\n<td>Sexta-feira<\/td>\n<\/tr>\n<tr>\n<td>At\u00e9 30\/09\/2026<\/td>\n<td>26\/10\/2026<\/td>\n<td>Segunda-feira<\/td>\n<\/tr>\n<tr>\n<td>At\u00e9 31\/10\/2026<\/td>\n<td>25\/11\/2026<\/td>\n<td>Quarta-feira<\/td>\n<\/tr>\n<tr>\n<td>At\u00e9 30\/11\/2026<\/td>\n<td>28\/12\/2026<\/td>\n<td>Segunda-feira<\/td>\n<\/tr>\n<tr>\n<td>At\u00e9 31\/12\/2026<\/td>\n<td>Janeiro 2027<\/td>\n<td>\u2013<\/td>\n<\/tr>\n<\/tbody>\n<\/table>\n<p>Conforme a tabela, quem solicitar at\u00e9 quinta-feira (30) poder\u00e1 sacar o valor no pr\u00f3ximo lote de pagamentos. Caso o trabalhador n\u00e3o solicite dentro do prazo, s\u00f3 poder\u00e1 realizar a solicita\u00e7\u00e3o em maio e receber o pagamento no m\u00eas de junho.<\/p>\n<h2>Como conferir o saldo das cotas?<\/h2>\n<p>Voc\u00ea pode consultar as cotas do PIS\/Pasep dos seguintes modos:<\/p>\n<ul>\n<li>Usando o aplicativo FGTS (apenas para o respons\u00e1vel titular);<\/li>\n<li>Na p\u00e1gina do <a href=\"https:\/\/www.gov.br\/tesouronacional\/pt-br\" target=\"_blank\" rel=\"noopener\">Tesouro Nacional<\/a>, voltada para ressarcimentos;<\/li>\n<li>Diretamente nas ag\u00eancias da Caixa Econ\u00f4mica Federal, tanto para titulares quanto para herdeiros.<\/li>\n<\/ul>\n<h2>Como solicitar o ressarcimento do PIS\/Pasep?<\/h2>\n<figure id=\"attachment_153515\" aria-describedby=\"caption-attachment-153515\" style=\"width: 1200px\" class=\"wp-caption alignnone\"><img decoding=\"async\" class=\"size-full wp-image-153515\" src=\"https:\/\/www.pensarcursos.com.br\/blog\/wp-content\/uploads\/2026\/03\/Aplicativo-do-FGTS.webp\" alt=\"Mulher sorrindo e mostrando a tela do celular.\" width=\"1200\" height=\"800\" srcset=\"https:\/\/www.pensarcursos.com.br\/blog\/wp-content\/uploads\/2026\/03\/Aplicativo-do-FGTS.webp 1200w, https:\/\/www.pensarcursos.com.br\/blog\/wp-content\/uploads\/2026\/03\/Aplicativo-do-FGTS-300x200.webp 300w, https:\/\/www.pensarcursos.com.br\/blog\/wp-content\/uploads\/2026\/03\/Aplicativo-do-FGTS-1024x683.webp 1024w, https:\/\/www.pensarcursos.com.br\/blog\/wp-content\/uploads\/2026\/03\/Aplicativo-do-FGTS-768x512.webp 768w, https:\/\/www.pensarcursos.com.br\/blog\/wp-content\/uploads\/2026\/03\/Aplicativo-do-FGTS-750x500.webp 750w, https:\/\/www.pensarcursos.com.br\/blog\/wp-content\/uploads\/2026\/03\/Aplicativo-do-FGTS-1140x760.webp 1140w\" sizes=\"(max-width: 1200px) 100vw, 1200px\" \/><figcaption id=\"caption-attachment-153515\" class=\"wp-caption-text\">Saiba como solicitar o ressarcimento do PIS\/Pasep de forma 100% online. Imagem: Blog Pensar Cursos.<\/figcaption><\/figure>\n<p>O pedido pode ser feito de maneira totalmente digital. Confira o passo a passo:<\/p>\n<ol>\n<li>Abra o<a href=\"https:\/\/www.caixa.gov.br\/atendimento\/aplicativos\/fgts\/Paginas\/default.aspx\" target=\"_blank\" rel=\"noopener\"> aplicativo FGTS<\/a>;<\/li>\n<li>Entre utilizando seu CPF e senha cadastrada;<\/li>\n<li>Busque pela se\u00e7\u00e3o espec\u00edfica do PIS\/Pasep;<\/li>\n<li>Preencha os dados solicitados e anexe os documentos necess\u00e1rios (foto ou PDF);<\/li>\n<li>Acompanhe o andamento pelo app ou, se necess\u00e1rio, procure uma ag\u00eancia da Caixa.<\/li>\n<\/ol>\n<h2>Documentos obrigat\u00f3rios para consulta e pedido<\/h2>\n<h3>Para titulares:<\/h3>\n<ul>\n<li>Documento com foto, como RG, CNH ou equivalente.<\/li>\n<\/ul>\n<h3>Para herdeiros ou dependentes:<\/h3>\n<ul>\n<li>Certid\u00e3o do PIS\/Pasep emitida pela Previd\u00eancia Social que liste os dependentes;<\/li>\n<li>Comprovante fornecido pelo \u00f3rg\u00e3o pagador da pens\u00e3o por morte;<\/li>\n<li>Declara\u00e7\u00e3o judicial ou de cart\u00f3rio atestando condi\u00e7\u00e3o de \u00fanico herdeiro e autoriza\u00e7\u00e3o formal para saque.<\/li>\n<\/ul>\n<h2>Situa\u00e7\u00f5es especiais e outras orienta\u00e7\u00f5es<\/h2>\n<p>Caso existam informa\u00e7\u00f5es desatualizadas ou n\u00e3o haja saldo, \u00e9 preciso corrigir os dados junto \u00e0 Caixa Econ\u00f4mica Federal.<\/p>\n<p>Em situa\u00e7\u00f5es de d\u00favida ou se faltar alguma documenta\u00e7\u00e3o, busque suporte no Centro de Refer\u00eancia da Assist\u00eancia Social (CRAS), Defensoria P\u00fablica ou na pr\u00f3pria Caixa Econ\u00f4mica Federal.<\/p>\n<h2>O que fazer se o pedido for recusado?<\/h2>\n<p>Em caso de recusa, tanto o titular quanto o herdeiro podem pedir nova an\u00e1lise, apresentando documentos adicionais ou corrigindo dados. Persistindo o problema, procure a Caixa ou solicite ajuda do MTE.<\/p>\n<p>Para n\u00e3o perder nenhuma novidade sobre o ressarcimento do PIS\/Pasep, continue acessando o <a href=\"https:\/\/www.pensarcursos.com.br\/blog\/\" target=\"_blank\" rel=\"noopener\">Blog Pensar Cursos<\/a> diariamente!<\/p>\n<p>Aproveite para assistir ao v\u00eddeo abaixo e saiba mais sobre o PIS\/Pasep:<\/p>\n<div class=\"jeg_video_container jeg_video_content\"><iframe title=\"Tenho direito ao Abono Salarial 2026? Veja como saber agora e quando cai o dinheiro\" width=\"500\" height=\"281\" src=\"https:\/\/www.youtube.com\/embed\/lL13Cg7O6AE?feature=oembed\" frameborder=\"0\" allow=\"accelerometer; autoplay; clipboard-write; encrypted-media; gyroscope; picture-in-picture; web-share\" referrerpolicy=\"strict-origin-when-cross-origin\" allowfullscreen><\/iframe><\/div>\n","protected":false},"excerpt":{"rendered":"<p>Milhares de trabalhadores que exerceram atividades com carteira assinada entre 1971 e 1988 t\u00eam direito ao ressarcimento do PIS\/Pasep. O que muitos n\u00e3o sabem \u00e9 que o pagamento n\u00e3o \u00e9 feito automaticamente e o prazo para solicit\u00e1-lo se encerra nesta quinta-feira, dia 30 de abril. Para garantir que o seu pagamento seja depositado o quanto [&hellip;]<\/p>\n","protected":false},"author":63,"featured_media":158170,"comment_status":"open","ping_status":"closed","sticky":false,"template":"","format":"standard","meta":{"jnews-multi-image_gallery":[],"jnews_single_post":{"format":"standard","override":[{"template":"1","parallax":"1","fullscreen":"1","layout":"right-sidebar","sidebar":"default-sidebar","second_sidebar":"default-sidebar","sticky_sidebar":"1","share_position":"topbottom","share_float_style":"share-monocrhome","show_featured":"1","show_post_meta":"1","show_post_author":"1","show_post_author_image":"1","show_post_date":"1","post_date_format":"default","post_date_format_custom":"Y\/m\/d","show_post_category":"1","post_reading_time_wpm":"300","post_calculate_word_method":"str_word_count","show_zoom_button":"0","zoom_button_out_step":"2","zoom_button_in_step":"3","show_post_tag":"1","show_prev_next_post":"1","show_popup_post":"1","show_comment_section":"1","number_popup_post":"2","show_author_box":"1","show_post_related":"1","show_inline_post_related":"1"}],"image_override":[{"single_post_thumbnail_size":"crop-500","single_post_gallery_size":"crop-500"}],"trending_post_position":"meta","trending_post_label":"Trending","sponsored_post_label":"Sponsored by","disable_ad":"0","subtitle":"Saiba o que voc\u00ea deve fazer para garantir o pagamento"},"jnews_primary_category":[],"jnews_social_meta":[],"jnews_override_counter":{"view_counter_number":"0","share_counter_number":"0","like_counter_number":"0","dislike_counter_number":"0"},"footnotes":""},"categories":[1691],"tags":[41886,37688,41887],"class_list":["post-158155","post","type-post","status-publish","format-standard","has-post-thumbnail","hentry","category-direitos-do-trabalhador","tag-pagamentos-ressarcimentos-pis-pasep","tag-ressarcimento-pis-pasep-2026","tag-solicitar-ressarcimento-pis-pasep"],"yoast_head":"<!-- This site is optimized with the Yoast SEO Premium plugin v27.4 (Yoast SEO v27.4) - https:\/\/yoast.com\/product\/yoast-seo-premium-wordpress\/ -->\n<title>Ressarcimento de cotas do PIS\/Pasep: prazo para fazer o pedido termina nesta quinta-feira (30\/4) - Blog Pensar Cursos<\/title>\n<meta name=\"description\" content=\"Ressarcimento de cotas do PIS\/Pasep: saiba como solicitar o valor devido antes do prazo final em 30\/04\/2026 e garanta seu benef\u00edcio!\" \/>\n<meta name=\"robots\" content=\"index, follow, max-snippet:-1, max-image-preview:large, max-video-preview:-1\" \/>\n<link rel=\"canonical\" href=\"https:\/\/www.pensarcursos.com.br\/blog\/ressarcimento-de-cotas-do-pis-pasep-prazo-para-fazer-o-pedido-termina-nesta-quinta-feira-30-4\/\" \/>\n<meta property=\"og:locale\" content=\"pt_BR\" \/>\n<meta property=\"og:type\" content=\"article\" \/>\n<meta property=\"og:title\" content=\"Ressarcimento de cotas do PIS\/Pasep: prazo para fazer o pedido termina nesta quinta-feira (30\/4)\" \/>\n<meta property=\"og:description\" content=\"Ressarcimento de cotas do PIS\/Pasep: saiba como solicitar o valor devido antes do prazo final em 30\/04\/2026 e garanta seu benef\u00edcio!\" \/>\n<meta property=\"og:url\" content=\"https:\/\/www.pensarcursos.com.br\/blog\/ressarcimento-de-cotas-do-pis-pasep-prazo-para-fazer-o-pedido-termina-nesta-quinta-feira-30-4\/\" \/>\n<meta property=\"og:site_name\" content=\"Blog Pensar Cursos\" \/>\n<meta property=\"article:publisher\" content=\"https:\/\/www.facebook.com\/pensarcursos\/\" \/>\n<meta property=\"article:published_time\" content=\"2026-04-27T21:29:32+00:00\" \/>\n<meta property=\"og:image\" content=\"https:\/\/www.pensarcursos.com.br\/blog\/wp-content\/uploads\/2026\/04\/Ressarcimento-do-PIS-Pasep.webp\" \/>\n\t<meta property=\"og:image:width\" content=\"1200\" \/>\n\t<meta property=\"og:image:height\" content=\"800\" \/>\n\t<meta property=\"og:image:type\" content=\"image\/webp\" \/>\n<meta name=\"author\" content=\"Lorena Santos\" \/>\n<meta name=\"twitter:card\" content=\"summary_large_image\" \/>\n<meta name=\"twitter:label1\" content=\"Escrito por\" \/>\n\t<meta name=\"twitter:data1\" content=\"Lorena Santos\" \/>\n\t<meta name=\"twitter:label2\" content=\"Est. tempo de leitura\" \/>\n\t<meta name=\"twitter:data2\" content=\"5 minutos\" \/>\n<!-- \/ Yoast SEO Premium plugin. -->","yoast_head_json":{"title":"Ressarcimento de cotas do PIS\/Pasep: prazo para fazer o pedido termina nesta quinta-feira (30\/4) - Blog Pensar Cursos","description":"Ressarcimento de cotas do PIS\/Pasep: saiba como solicitar o valor devido antes do prazo final em 30\/04\/2026 e garanta seu benef\u00edcio!","robots":{"index":"index","follow":"follow","max-snippet":"max-snippet:-1","max-image-preview":"max-image-preview:large","max-video-preview":"max-video-preview:-1"},"canonical":"https:\/\/www.pensarcursos.com.br\/blog\/ressarcimento-de-cotas-do-pis-pasep-prazo-para-fazer-o-pedido-termina-nesta-quinta-feira-30-4\/","og_locale":"pt_BR","og_type":"article","og_title":"Ressarcimento de cotas do PIS\/Pasep: prazo para fazer o pedido termina nesta quinta-feira (30\/4)","og_description":"Ressarcimento de cotas do PIS\/Pasep: saiba como solicitar o valor devido antes do prazo final em 30\/04\/2026 e garanta seu benef\u00edcio!","og_url":"https:\/\/www.pensarcursos.com.br\/blog\/ressarcimento-de-cotas-do-pis-pasep-prazo-para-fazer-o-pedido-termina-nesta-quinta-feira-30-4\/","og_site_name":"Blog Pensar Cursos","article_publisher":"https:\/\/www.facebook.com\/pensarcursos\/","article_published_time":"2026-04-27T21:29:32+00:00","og_image":[{"width":1200,"height":800,"url":"https:\/\/www.pensarcursos.com.br\/blog\/wp-content\/uploads\/2026\/04\/Ressarcimento-do-PIS-Pasep.webp","type":"image\/webp"}],"author":"Lorena Santos","twitter_card":"summary_large_image","twitter_misc":{"Escrito por":"Lorena Santos","Est. tempo de leitura":"5 minutos"},"schema":{"@context":"https:\/\/schema.org","@graph":[{"@type":["Article","BlogPosting"],"@id":"https:\/\/www.pensarcursos.com.br\/blog\/ressarcimento-de-cotas-do-pis-pasep-prazo-para-fazer-o-pedido-termina-nesta-quinta-feira-30-4\/#article","isPartOf":{"@id":"https:\/\/www.pensarcursos.com.br\/blog\/ressarcimento-de-cotas-do-pis-pasep-prazo-para-fazer-o-pedido-termina-nesta-quinta-feira-30-4\/"},"author":{"name":"Lorena Santos","@id":"https:\/\/www.pensarcursos.com.br\/blog\/#\/schema\/person\/6d14404537fc6409c2563a04b6a33afa"},"headline":"Ressarcimento de cotas do PIS\/Pasep: prazo para fazer o pedido termina nesta quinta-feira (30\/4)","datePublished":"2026-04-27T21:29:32+00:00","mainEntityOfPage":{"@id":"https:\/\/www.pensarcursos.com.br\/blog\/ressarcimento-de-cotas-do-pis-pasep-prazo-para-fazer-o-pedido-termina-nesta-quinta-feira-30-4\/"},"wordCount":790,"commentCount":0,"publisher":{"@id":"https:\/\/www.pensarcursos.com.br\/blog\/#organization"},"image":{"@id":"https:\/\/www.pensarcursos.com.br\/blog\/ressarcimento-de-cotas-do-pis-pasep-prazo-para-fazer-o-pedido-termina-nesta-quinta-feira-30-4\/#primaryimage"},"thumbnailUrl":"https:\/\/www.pensarcursos.com.br\/blog\/wp-content\/uploads\/2026\/04\/Ressarcimento-do-PIS-Pasep.webp","keywords":["pagamentos ressarcimentos pis pasep","ressarcimento pis pasep 2026","solicitar ressarcimento pis pasep"],"articleSection":["Direitos do Trabalhador"],"inLanguage":"pt-BR","potentialAction":[{"@type":"CommentAction","name":"Comment","target":["https:\/\/www.pensarcursos.com.br\/blog\/ressarcimento-de-cotas-do-pis-pasep-prazo-para-fazer-o-pedido-termina-nesta-quinta-feira-30-4\/#respond"]}],"copyrightYear":"2026","copyrightHolder":{"@id":"https:\/\/www.pensarcursos.com.br\/blog\/#organization"}},{"@type":"WebPage","@id":"https:\/\/www.pensarcursos.com.br\/blog\/ressarcimento-de-cotas-do-pis-pasep-prazo-para-fazer-o-pedido-termina-nesta-quinta-feira-30-4\/","url":"https:\/\/www.pensarcursos.com.br\/blog\/ressarcimento-de-cotas-do-pis-pasep-prazo-para-fazer-o-pedido-termina-nesta-quinta-feira-30-4\/","name":"Ressarcimento de cotas do PIS\/Pasep: prazo para fazer o pedido termina nesta quinta-feira (30\/4) - Blog Pensar Cursos","isPartOf":{"@id":"https:\/\/www.pensarcursos.com.br\/blog\/#website"},"primaryImageOfPage":{"@id":"https:\/\/www.pensarcursos.com.br\/blog\/ressarcimento-de-cotas-do-pis-pasep-prazo-para-fazer-o-pedido-termina-nesta-quinta-feira-30-4\/#primaryimage"},"image":{"@id":"https:\/\/www.pensarcursos.com.br\/blog\/ressarcimento-de-cotas-do-pis-pasep-prazo-para-fazer-o-pedido-termina-nesta-quinta-feira-30-4\/#primaryimage"},"thumbnailUrl":"https:\/\/www.pensarcursos.com.br\/blog\/wp-content\/uploads\/2026\/04\/Ressarcimento-do-PIS-Pasep.webp","datePublished":"2026-04-27T21:29:32+00:00","description":"Ressarcimento de cotas do PIS\/Pasep: saiba como solicitar o valor devido antes do prazo final em 30\/04\/2026 e garanta seu benef\u00edcio!","breadcrumb":{"@id":"https:\/\/www.pensarcursos.com.br\/blog\/ressarcimento-de-cotas-do-pis-pasep-prazo-para-fazer-o-pedido-termina-nesta-quinta-feira-30-4\/#breadcrumb"},"inLanguage":"pt-BR","potentialAction":[{"@type":"ReadAction","target":["https:\/\/www.pensarcursos.com.br\/blog\/ressarcimento-de-cotas-do-pis-pasep-prazo-para-fazer-o-pedido-termina-nesta-quinta-feira-30-4\/"]}]},{"@type":"ImageObject","inLanguage":"pt-BR","@id":"https:\/\/www.pensarcursos.com.br\/blog\/ressarcimento-de-cotas-do-pis-pasep-prazo-para-fazer-o-pedido-termina-nesta-quinta-feira-30-4\/#primaryimage","url":"https:\/\/www.pensarcursos.com.br\/blog\/wp-content\/uploads\/2026\/04\/Ressarcimento-do-PIS-Pasep.webp","contentUrl":"https:\/\/www.pensarcursos.com.br\/blog\/wp-content\/uploads\/2026\/04\/Ressarcimento-do-PIS-Pasep.webp","width":1200,"height":800,"caption":"Saiba como garantir o ressarcimento do PIS\/Pasep! Imagem: Blog Pensar Cursos."},{"@type":"BreadcrumbList","@id":"https:\/\/www.pensarcursos.com.br\/blog\/ressarcimento-de-cotas-do-pis-pasep-prazo-para-fazer-o-pedido-termina-nesta-quinta-feira-30-4\/#breadcrumb","itemListElement":[{"@type":"ListItem","position":1,"name":"Home","item":"https:\/\/www.pensarcursos.com.br\/blog\/"},{"@type":"ListItem","position":2,"name":"Ressarcimento de cotas do PIS\/Pasep: prazo para fazer o pedido termina nesta quinta-feira (30\/4)"}]},{"@type":"WebSite","@id":"https:\/\/www.pensarcursos.com.br\/blog\/#website","url":"https:\/\/www.pensarcursos.com.br\/blog\/","name":"Blog Pensar Cursos","description":"Maior Site de Cursos do Brasil","publisher":{"@id":"https:\/\/www.pensarcursos.com.br\/blog\/#organization"},"alternateName":"Blog Pensar","potentialAction":[{"@type":"SearchAction","target":{"@type":"EntryPoint","urlTemplate":"https:\/\/www.pensarcursos.com.br\/blog\/?s={search_term_string}"},"query-input":{"@type":"PropertyValueSpecification","valueRequired":true,"valueName":"search_term_string"}}],"inLanguage":"pt-BR"},{"@type":"Organization","@id":"https:\/\/www.pensarcursos.com.br\/blog\/#organization","name":"Pensar Cursos","alternateName":"Blog pensar","url":"https:\/\/www.pensarcursos.com.br\/blog\/","logo":{"@type":"ImageObject","inLanguage":"pt-BR","@id":"https:\/\/www.pensarcursos.com.br\/blog\/#\/schema\/logo\/image\/","url":"https:\/\/www.pensarcursos.com.br\/blog\/wp-content\/uploads\/2023\/11\/Nova-Logo-Pensar-Cursos-vertical.png","contentUrl":"https:\/\/www.pensarcursos.com.br\/blog\/wp-content\/uploads\/2023\/11\/Nova-Logo-Pensar-Cursos-vertical.png","width":1393,"height":1001,"caption":"Pensar Cursos"},"image":{"@id":"https:\/\/www.pensarcursos.com.br\/blog\/#\/schema\/logo\/image\/"},"sameAs":["https:\/\/www.facebook.com\/pensarcursos\/","https:\/\/instagram.com.br\/pensarcursos"],"description":"Pensar Cursos \u00e9 uma empresa especializada em oferecer cursos de alta qualidade voltados para o desenvolvimento profissional e acad\u00eamico. Com uma ampla gama de op\u00e7\u00f5es de treinamento, oferecemos conte\u00fados atualizados, ministrados por especialistas da \u00e1rea, para capacitar indiv\u00edduos e equipes a atingirem seus objetivos. Nossa miss\u00e3o \u00e9 proporcionar uma educa\u00e7\u00e3o transformadora, acess\u00edvel e personalizada para cada aluno, seja em cursos presenciais ou online. Com uma abordagem inovadora, buscamos adaptar os nossos programas de ensino \u00e0s necessidades do mercado, criando solu\u00e7\u00f5es que atendem aos desafios e exig\u00eancias do mundo corporativo e acad\u00eamico. Nossos cursos incluem desde forma\u00e7\u00f5es t\u00e9cnicas at\u00e9 habilidades essenciais, como lideran\u00e7a, gest\u00e3o e desenvolvimento pessoal.","email":"contato@pensarcursos.com.br","legalName":"Sena Servi\u00e7os de Informa\u00e7\u00e3o Online LTDA","foundingDate":"2013-04-18","vatID":"17956217000172","numberOfEmployees":{"@type":"QuantitativeValue","minValue":"11","maxValue":"50"},"publishingPrinciples":"https:\/\/www.pensarcursos.com.br\/blog\/principios-de-publicacao\/","ownershipFundingInfo":"https:\/\/www.pensarcursos.com.br\/blog\/informacoes-de-propriedade-financiamento\/","actionableFeedbackPolicy":"https:\/\/www.pensarcursos.com.br\/blog\/politica-de-feedback-acionavel\/","correctionsPolicy":"https:\/\/www.pensarcursos.com.br\/blog\/politica-de-correcoes\/","ethicsPolicy":"https:\/\/www.pensarcursos.com.br\/blog\/politica-de-etica\/"},{"@type":"Person","@id":"https:\/\/www.pensarcursos.com.br\/blog\/#\/schema\/person\/6d14404537fc6409c2563a04b6a33afa","name":"Lorena Santos","image":{"@type":"ImageObject","inLanguage":"pt-BR","@id":"https:\/\/secure.gravatar.com\/avatar\/941263bb699494bd4d142d8d9219ca4269af85a1fae17b916b7a324de278e15f?s=96&d=mm&r=g","url":"https:\/\/secure.gravatar.com\/avatar\/941263bb699494bd4d142d8d9219ca4269af85a1fae17b916b7a324de278e15f?s=96&d=mm&r=g","contentUrl":"https:\/\/secure.gravatar.com\/avatar\/941263bb699494bd4d142d8d9219ca4269af85a1fae17b916b7a324de278e15f?s=96&d=mm&r=g","caption":"Lorena Santos"},"description":"Redatora do Grupo Sena Online","sameAs":["https:\/\/www.instagram.com\/lorenassi_?igsh=dXRodHd0ZXpjZDZy&utm_source=qr"],"url":"https:\/\/www.pensarcursos.com.br\/blog\/author\/lorena\/"}]}},"_links":{"self":[{"href":"https:\/\/www.pensarcursos.com.br\/blog\/wp-json\/wp\/v2\/posts\/158155","targetHints":{"allow":["GET"]}}],"collection":[{"href":"https:\/\/www.pensarcursos.com.br\/blog\/wp-json\/wp\/v2\/posts"}],"about":[{"href":"https:\/\/www.pensarcursos.com.br\/blog\/wp-json\/wp\/v2\/types\/post"}],"author":[{"embeddable":true,"href":"https:\/\/www.pensarcursos.com.br\/blog\/wp-json\/wp\/v2\/users\/63"}],"replies":[{"embeddable":true,"href":"https:\/\/www.pensarcursos.com.br\/blog\/wp-json\/wp\/v2\/comments?post=158155"}],"version-history":[{"count":3,"href":"https:\/\/www.pensarcursos.com.br\/blog\/wp-json\/wp\/v2\/posts\/158155\/revisions"}],"predecessor-version":[{"id":158175,"href":"https:\/\/www.pensarcursos.com.br\/blog\/wp-json\/wp\/v2\/posts\/158155\/revisions\/158175"}],"wp:featuredmedia":[{"embeddable":true,"href":"https:\/\/www.pensarcursos.com.br\/blog\/wp-json\/wp\/v2\/media\/158170"}],"wp:attachment":[{"href":"https:\/\/www.pensarcursos.com.br\/blog\/wp-json\/wp\/v2\/media?parent=158155"}],"wp:term":[{"taxonomy":"category","embeddable":true,"href":"https:\/\/www.pensarcursos.com.br\/blog\/wp-json\/wp\/v2\/categories?post=158155"},{"taxonomy":"post_tag","embeddable":true,"href":"https:\/\/www.pensarcursos.com.br\/blog\/wp-json\/wp\/v2\/tags?post=158155"}],"curies":[{"name":"wp","href":"https:\/\/api.w.org\/{rel}","templated":true}]}}