{"id":158153,"date":"2026-04-27T18:09:09","date_gmt":"2026-04-27T21:09:09","guid":{"rendered":"https:\/\/www.pensarcursos.com.br\/blog\/?p=158153"},"modified":"2026-04-27T11:45:53","modified_gmt":"2026-04-27T14:45:53","slug":"saiu-edital-novo-concurso-camara-municipal-oferece-vagas-para-recepcionista-assistente-legislativo-e-outros-cargos-salarios-de-ate-r-99-mil","status":"publish","type":"post","link":"https:\/\/www.pensarcursos.com.br\/blog\/saiu-edital-novo-concurso-camara-municipal-oferece-vagas-para-recepcionista-assistente-legislativo-e-outros-cargos-salarios-de-ate-r-99-mil\/","title":{"rendered":"SAIU EDITAL! Novo concurso C\u00e2mara Municipal oferece vagas para Recepcionista, Assistente Legislativo e outros cargos &#8211; Sal\u00e1rios de at\u00e9 R$ 9,9 mil"},"content":{"rendered":"<p><strong>Voc\u00ea sonha em conquistar a estabilidade do servi\u00e7o p\u00fablico com sal\u00e1rios que ultrapassam R$ 9 mil? Ent\u00e3o, essa pode ser a sua chance!<\/strong><\/p>\n<p>A C\u00e2mara Municipal acaba de publicar um novo edital de concurso p\u00fablico com oportunidades para todos os n\u00edveis de escolaridade \u2014 fundamental, m\u00e9dio e superior. Os sal\u00e1rios iniciais variam de R$ 4.768,82 a R$ 9.916,51, com cargas hor\u00e1rias que v\u00e3o de 20 a 30 horas semanais.<\/p>\n<p>E o melhor: as inscri\u00e7\u00f5es j\u00e1 est\u00e3o abertas e v\u00e3o at\u00e9 25 de maio de 2026. Confira, a seguir, todos os detalhes do edital, os cargos dispon\u00edveis, requisitos, remunera\u00e7\u00e3o e como garantir a sua inscri\u00e7\u00e3o!<\/p>\n<h2>Detalhes sobre o concurso<\/h2>\n<p>O<a href=\"https:\/\/www.pensarcursos.com.br\/blog\/saiu-edital-camara-lanca-concurso-publico-com-salarios-de-ate-r-3-250-para-diversas-funcoes\/\" target=\"_blank\" rel=\"noopener\"> concurso p\u00fablico<\/a> \u00e9 organizado pelo Instituto Aplicativa e abrange quatro cargos diferentes: Recepcionista, Assistente Legislativo, Auxiliar Legislativo e Controlador Interno. As contrata\u00e7\u00f5es s\u00e3o regidas pelo regime estatut\u00e1rio, ou seja, garantem estabilidade ap\u00f3s o est\u00e1gio probat\u00f3rio.<\/p>\n<p>Em primeiro lugar, vale destacar que apenas o cargo de Controlador Interno tem vaga imediata (1 vaga). Os demais cargos formam cadastro reserva, mas, os aprovados poder\u00e3o ser convocados ao longo da validade do certame, conforme a necessidade da administra\u00e7\u00e3o.<\/p>\n<p>Al\u00e9m disso, o concurso conta com reserva de 20% das vagas para pessoas com defici\u00eancia (PcD), conforme determina a Lei Complementar Municipal n\u00ba 237\/2023.<\/p>\n<h2>Vagas ofertadas no concurso<\/h2>\n<p>O edital distribui as oportunidades entre cargos de n\u00edvel fundamental, m\u00e9dio e superior. Confira a tabela completa com vagas e n\u00edvel de escolaridade exigido:<\/p>\n<table>\n<thead>\n<tr>\n<th scope=\"col\">Cargo<\/th>\n<th scope=\"col\">Vagas<\/th>\n<th scope=\"col\">Escolaridade<\/th>\n<\/tr>\n<\/thead>\n<tbody>\n<tr>\n<td>Recepcionista<\/td>\n<td>Cadastro Reserva<\/td>\n<td>Ensino Fundamental<\/td>\n<\/tr>\n<tr>\n<td>Assistente Legislativo<\/td>\n<td>Cadastro Reserva<\/td>\n<td>Ensino M\u00e9dio<\/td>\n<\/tr>\n<tr>\n<td>Auxiliar Legislativo<\/td>\n<td>Cadastro Reserva<\/td>\n<td>Ensino M\u00e9dio<\/td>\n<\/tr>\n<tr>\n<td>Controlador Interno<\/td>\n<td>1 vaga<\/td>\n<td>Ensino Superior<\/td>\n<\/tr>\n<\/tbody>\n<\/table>\n<p>Vale lembrar que o cadastro reserva contempla candidatos aprovados al\u00e9m do n\u00famero imediato de vagas. Esses aprovados poder\u00e3o ser chamados durante a validade do concurso, conforme as necessidades da C\u00e2mara Municipal.<\/p>\n<h2>Requisitos para se candidatar<\/h2>\n<p>Os requisitos variam conforme o cargo escolhido. Confira abaixo as principais exig\u00eancias do edital:<\/p>\n<ul>\n<li>Nacionalidade: ser brasileiro nato ou naturalizado, ou ter as prerrogativas previstas no artigo 12 da Constitui\u00e7\u00e3o Federal.<\/li>\n<li>Idade: m\u00ednimo de 18 anos completos na data da posse.<\/li>\n<li>Servi\u00e7o militar: estar quite com as obriga\u00e7\u00f5es militares, no caso dos candidatos do sexo masculino.<\/li>\n<li>Direitos pol\u00edticos: ser eleitor e estar quite com a Justi\u00e7a Eleitoral.<\/li>\n<li>Escolaridade: comprovar a forma\u00e7\u00e3o exigida para o cargo escolhido.<\/li>\n<li>Aptid\u00e3o: ter aptid\u00e3o f\u00edsica e mental compat\u00edveis com o exerc\u00edcio das atribui\u00e7\u00f5es, comprovadas em inspe\u00e7\u00e3o m\u00e9dica oficial por ocasi\u00e3o da posse.<\/li>\n<\/ul>\n<p>Para o cargo de<strong> Controlador Interno<\/strong>, h\u00e1 requisitos espec\u00edficos: ensino superior em Administra\u00e7\u00e3o, Ci\u00eancias Cont\u00e1beis, Direito, Economia ou Tecnologia em Gest\u00e3o P\u00fablica, com capacita\u00e7\u00e3o espec\u00edfica ou cursos de atualiza\u00e7\u00e3o \u2014 preferencialmente de escolas de governo, Tribunal de Contas ou institui\u00e7\u00f5es equivalentes.<\/p>\n<h2>Remunera\u00e7\u00e3o e benef\u00edcios previstos no edital<\/h2>\n<p>Os sal\u00e1rios iniciais variam conforme o cargo, com valores que partem de R$ 4.768,82 e chegam a R$ 9.916,51. Veja abaixo a tabela completa com vencimentos e cargas hor\u00e1rias:<\/p>\n<table>\n<thead>\n<tr>\n<th scope=\"col\">Cargo<\/th>\n<th scope=\"col\">Carga Hor\u00e1ria<\/th>\n<th scope=\"col\">Sal\u00e1rio Inicial<\/th>\n<\/tr>\n<\/thead>\n<tbody>\n<tr>\n<td>Recepcionista<\/td>\n<td>30 horas semanais<\/td>\n<td>R$ 4.768,82<\/td>\n<\/tr>\n<tr>\n<td>Assistente Legislativo<\/td>\n<td>30 horas semanais<\/td>\n<td>R$ 9.916,51<\/td>\n<\/tr>\n<tr>\n<td>Auxiliar Legislativo<\/td>\n<td>30 horas semanais<\/td>\n<td>R$ 5.291,59<\/td>\n<\/tr>\n<tr>\n<td>Controlador Interno<\/td>\n<td>20 horas semanais<\/td>\n<td>R$ 7.247,91<\/td>\n<\/tr>\n<\/tbody>\n<\/table>\n<p>Os candidatos aprovados ingressar\u00e3o no regime estatut\u00e1rio da C\u00e2mara Municipal, com direito \u00e0 estabilidade ap\u00f3s o cumprimento do est\u00e1gio probat\u00f3rio, conforme determina a legisla\u00e7\u00e3o municipal.<\/p>\n<h2>Inscri\u00e7\u00f5es: como participar do certame<\/h2>\n<figure id=\"attachment_158167\" aria-describedby=\"caption-attachment-158167\" style=\"width: 1200px\" class=\"wp-caption aligncenter\"><img decoding=\"async\" class=\"wp-image-158167 size-full\" src=\"https:\/\/www.pensarcursos.com.br\/blog\/wp-content\/uploads\/2026\/04\/inscricoes-camara-de-santa-isabel.webp\" alt=\"Candidato preenche formul\u00e1rio de inscri\u00e7\u00e3o para o concurso da C\u00e2mara de Santa Isabel.\" width=\"1200\" height=\"800\" srcset=\"https:\/\/www.pensarcursos.com.br\/blog\/wp-content\/uploads\/2026\/04\/inscricoes-camara-de-santa-isabel.webp 1200w, https:\/\/www.pensarcursos.com.br\/blog\/wp-content\/uploads\/2026\/04\/inscricoes-camara-de-santa-isabel-300x200.webp 300w, https:\/\/www.pensarcursos.com.br\/blog\/wp-content\/uploads\/2026\/04\/inscricoes-camara-de-santa-isabel-1024x683.webp 1024w, https:\/\/www.pensarcursos.com.br\/blog\/wp-content\/uploads\/2026\/04\/inscricoes-camara-de-santa-isabel-768x512.webp 768w, https:\/\/www.pensarcursos.com.br\/blog\/wp-content\/uploads\/2026\/04\/inscricoes-camara-de-santa-isabel-750x500.webp 750w, https:\/\/www.pensarcursos.com.br\/blog\/wp-content\/uploads\/2026\/04\/inscricoes-camara-de-santa-isabel-1140x760.webp 1140w\" sizes=\"(max-width: 1200px) 100vw, 1200px\" \/><figcaption id=\"caption-attachment-158167\" class=\"wp-caption-text\">Concurso p\u00fablico da C\u00e2mara Municipal prev\u00ea regime estatut\u00e1rio, com estabilidade aos aprovados ap\u00f3s o est\u00e1gio probat\u00f3rio. Imagem: Blog Pensar Cursos.<\/figcaption><\/figure>\n<p>As inscri\u00e7\u00f5es para o concurso da <strong>C\u00e2mara Municipal de Santa Isabel<\/strong>, no estado de S\u00e3o Paulo, s\u00e3o feitas exclusivamente pela internet, no site do Instituto Aplicativa.<\/p>\n<p>Confira os detalhes:<\/p>\n<ul>\n<li><strong>In\u00edcio das inscri\u00e7\u00f5es: 27 de abril de 2026<\/strong><\/li>\n<li><strong>Encerramento das inscri\u00e7\u00f5es: 23h59 do dia 25 de maio de 2026<\/strong><\/li>\n<li>Taxa n\u00edvel fundamental (Recepcionista): R$ 45,00<\/li>\n<li>Taxa n\u00edvel m\u00e9dio (Assistente e Auxiliar Legislativo): R$ 60,00<\/li>\n<li>Taxa n\u00edvel superior (Controlador Interno): R$ 70,00<\/li>\n<li>Prazo final para pagamento do boleto: 25 de maio de 2026<\/li>\n<\/ul>\n<p>Para se inscrever, o candidato deve acessar o site do<a href=\"https:\/\/institutoaplicativa.selecao.net.br\/informacoes\/40\/\" target=\"_blank\" rel=\"noopener\"> Instituto Aplicativa<\/a>, preencher a ficha de inscri\u00e7\u00e3o com os dados pessoais, escolher o cargo desejado e gerar o boleto banc\u00e1rio para pagamento. Em seguida, basta efetuar o pagamento at\u00e9 a data de vencimento.<\/p>\n<p>Vale destacar que o edital permite at\u00e9 <strong>2 inscri\u00e7\u00f5es por candidato<\/strong>, desde que sejam para cargos aplicados em per\u00edodos diferentes de prova, conforme cronograma divulgado.<\/p>\n<h3>Isen\u00e7\u00e3o da taxa de inscri\u00e7\u00e3o<\/h3>\n<p>Candidatos inscritos no Cad\u00danico ou de fam\u00edlia de baixa renda podem pedir isen\u00e7\u00e3o da taxa entre<strong> 27 e 29 de abril<\/strong>, pelo site do Instituto Aplicativa. O resultado sai em 4 de maio.<\/p>\n<h2>Processo de sele\u00e7\u00e3o &#8211; etapas avaliativas<\/h2>\n<p>A sele\u00e7\u00e3o dos candidatos ser\u00e1 conduzida em etapa \u00fanica para a maior parte dos cargos: prova objetiva, de car\u00e1ter eliminat\u00f3rio e classificat\u00f3rio. Apenas o Controlador Interno passar\u00e1 por etapas adicionais. Confira o detalhamento:<\/p>\n<table>\n<thead>\n<tr>\n<th scope=\"col\">Etapa<\/th>\n<th scope=\"col\">Tipo<\/th>\n<th scope=\"col\">Cargos<\/th>\n<\/tr>\n<\/thead>\n<tbody>\n<tr>\n<td>Prova Objetiva<\/td>\n<td>Eliminat\u00f3ria e classificat\u00f3ria<\/td>\n<td>Todos os cargos<\/td>\n<\/tr>\n<tr>\n<td>Prova Dissertativa<\/td>\n<td>Classificat\u00f3ria<\/td>\n<td>Apenas Controlador Interno<\/td>\n<\/tr>\n<tr>\n<td>Prova de T\u00edtulos<\/td>\n<td>Classificat\u00f3ria<\/td>\n<td>Apenas Controlador Interno<\/td>\n<\/tr>\n<\/tbody>\n<\/table>\n<p>A prova objetiva est\u00e1 marcada para <strong>7 de junho de 2026<\/strong> e ser\u00e1 aplicada em dois per\u00edodos:<\/p>\n<ul>\n<li><strong>Per\u00edodo A:<\/strong> Auxiliar Legislativo e Controlador Interno.<\/li>\n<li><strong>Per\u00edodo B:<\/strong> Assistente Legislativo e Recepcionista.<\/li>\n<\/ul>\n<ol>\n<li>As provas de Recepcionista, Assistente Legislativo e Auxiliar Legislativo ter\u00e3o 30 quest\u00f5es objetivas e dura\u00e7\u00e3o de 3 horas.<\/li>\n<li>J\u00e1 o Controlador Interno ter\u00e1 40 quest\u00f5es objetivas e prova dissertativa, com dura\u00e7\u00e3o total de 4 horas.<\/li>\n<\/ol>\n<h2>Conte\u00fado program\u00e1tico: o que estudar para a prova<\/h2>\n<p>As disciplinas cobradas variam conforme o n\u00edvel de escolaridade do cargo escolhido. De modo geral, todos os candidatos enfrentar\u00e3o quest\u00f5es das \u00e1reas b\u00e1sicas, somadas aos conhecimentos espec\u00edficos de cada fun\u00e7\u00e3o.<\/p>\n<p>Confira o resumo:<\/p>\n<ul>\n<li>L\u00edngua Portuguesa: comum a todos os cargos, com foco em interpreta\u00e7\u00e3o de texto, ortografia, gram\u00e1tica e concord\u00e2ncia.<\/li>\n<li>Matem\u00e1tica: comum a todos os cargos, com opera\u00e7\u00f5es b\u00e1sicas, racioc\u00ednio l\u00f3gico e resolu\u00e7\u00e3o de problemas.<\/li>\n<li>Conhecimentos Gerais: comum a todos os cargos, abrangendo fatos e not\u00edcias divulgados a partir de <strong>1\u00ba de abril de 2025<\/strong>.<\/li>\n<li>Conhecimentos Espec\u00edficos: conte\u00fados voltados \u00e0s atribui\u00e7\u00f5es de cada cargo, conforme detalhamento no Anexo II do edital.<\/li>\n<li>Inform\u00e1tica: exigida em todos os cargos, abrangendo Windows 10 ou vers\u00f5es mais recentes, pacote MS-Office 2016 (Word e Excel), correio eletr\u00f4nico, internet e seguran\u00e7a da informa\u00e7\u00e3o.<\/li>\n<\/ul>\n<p>O conte\u00fado program\u00e1tico completo, com a rela\u00e7\u00e3o detalhada de t\u00f3picos por cargo, est\u00e1 dispon\u00edvel no <strong>Anexo II do edital<\/strong>.<\/p>\n<h2>Validade do concurso<\/h2>\n<p>O concurso ter\u00e1 prazo de validade de <strong>2 (dois) anos<\/strong>, contados a partir da data de homologa\u00e7\u00e3o do resultado final. Esse prazo poder\u00e1 ser prorrogado uma \u00fanica vez, por igual per\u00edodo, ou seja, por mais 2 anos, a crit\u00e9rio da C\u00e2mara Municipal.<\/p>\n<p>Por isso, mesmo os candidatos aprovados em cadastro reserva poder\u00e3o ser convocados ao longo de at\u00e9 4 anos, caso o certame seja prorrogado.<\/p>\n<h2>Resumo do concurso da C\u00e2mara Municipal<\/h2>\n<table>\n<thead>\n<tr>\n<th scope=\"col\">Concurso da C\u00e2mara Municipal Santa Isabel<\/th>\n<th scope=\"col\">Informa\u00e7\u00e3o<\/th>\n<\/tr>\n<\/thead>\n<tbody>\n<tr>\n<td><strong>Status<\/strong><\/td>\n<td>Concurso aberto<\/td>\n<\/tr>\n<tr>\n<td><strong>Banca<\/strong><\/td>\n<td>Instituto Aplicativa<\/td>\n<\/tr>\n<tr>\n<td><strong>Cargos<\/strong><\/td>\n<td>Recepcionista, Assistente Legislativo, Auxiliar Legislativo e Controlador Interno<\/td>\n<\/tr>\n<tr>\n<td><strong>Escolaridade<\/strong><\/td>\n<td>Fundamental, M\u00e9dio e Superior<\/td>\n<\/tr>\n<tr>\n<td><strong>Vagas<\/strong><\/td>\n<td>1 vaga imediata (Controlador Interno) + cadastro reserva<\/td>\n<\/tr>\n<tr>\n<td><strong>Sal\u00e1rio inicial<\/strong><\/td>\n<td>De R$ 4.768,82 a R$ 9.916,51<\/td>\n<\/tr>\n<tr>\n<td><strong>Inscri\u00e7\u00f5es<\/strong><\/td>\n<td>De 27 de abril a 25 de maio de 2026<\/td>\n<\/tr>\n<tr>\n<td><strong>Taxa de inscri\u00e7\u00e3o<\/strong><\/td>\n<td>De R$ 45,00 a R$ 70,00<\/td>\n<\/tr>\n<tr>\n<td><strong>Data da prova objetiva<\/strong><\/td>\n<td>7 de junho de 2026<\/td>\n<\/tr>\n<tr>\n<td><strong>Edital<\/strong><\/td>\n<td><a href=\"https:\/\/www.pensarcursos.com.br\/blog\/wp-content\/uploads\/2026\/04\/edital_de_concurso_publico_n_01_2026_1698452.pdf\" target=\"_blank\" rel=\"noopener\">Concurso da C\u00e2mara Municipal de Santa Isabel &#8211; SP<\/a><\/td>\n<\/tr>\n<\/tbody>\n<\/table>\n<h2>N\u00e3o perca nenhuma novidade!<\/h2>\n<p>Continue acompanhando o <a href=\"https:\/\/www.pensarcursos.com.br\/blog\" target=\"_blank\" rel=\"noopener\"><strong>Blog Pensar Cursos<\/strong> <\/a>para n\u00e3o perder nenhum detalhe sobre as pr\u00f3ximas etapas deste e de outros concursos abertos pelo Brasil. No portal, voc\u00ea encontra editais comentados, dicas de estudo, conte\u00fados program\u00e1ticos e materiais de apoio para uma prepara\u00e7\u00e3o mais segura.<\/p>\n<p>Navegue pelas demais mat\u00e9rias e descubra novas oportunidades de qualifica\u00e7\u00e3o profissional, cursos gratuitos e editais que podem mudar a sua vida!<\/p>\n<p>Quem se prepara cedo larga na frente da concorr\u00eancia. Assista ao v\u00eddeo e descubra os 6 passos que v\u00e3o estruturar sua rotina de estudos logo ap\u00f3s a publica\u00e7\u00e3o do edital:<\/p>\n<div class=\"jeg_video_container jeg_video_content\"><iframe title=\"Saiu o edital do concurso: por onde come\u00e7ar a estudar? 6 passos que voc\u00ea PRECISA seguir\" width=\"500\" height=\"281\" src=\"https:\/\/www.youtube.com\/embed\/FGl66-VUgps?start=109&#038;feature=oembed\" frameborder=\"0\" allow=\"accelerometer; autoplay; clipboard-write; encrypted-media; gyroscope; picture-in-picture; web-share\" referrerpolicy=\"strict-origin-when-cross-origin\" allowfullscreen><\/iframe><\/div>\n","protected":false},"excerpt":{"rendered":"<p>Voc\u00ea sonha em conquistar a estabilidade do servi\u00e7o p\u00fablico com sal\u00e1rios que ultrapassam R$ 9 mil? Ent\u00e3o, essa pode ser a sua chance! A C\u00e2mara Municipal acaba de publicar um novo edital de concurso p\u00fablico com oportunidades para todos os n\u00edveis de escolaridade \u2014 fundamental, m\u00e9dio e superior. Os sal\u00e1rios iniciais variam de R$ 4.768,82 [&hellip;]<\/p>\n","protected":false},"author":60,"featured_media":158168,"comment_status":"open","ping_status":"closed","sticky":false,"template":"","format":"standard","meta":{"jnews-multi-image_gallery":[],"jnews_single_post":{"format":"standard","override":[{"template":"1","parallax":"1","fullscreen":"1","layout":"right-sidebar","sidebar":"default-sidebar","second_sidebar":"default-sidebar","sticky_sidebar":"1","share_position":"topbottom","share_float_style":"share-monocrhome","show_featured":"1","show_post_meta":"1","show_post_author":"1","show_post_author_image":"1","show_post_date":"1","post_date_format":"default","post_date_format_custom":"Y\/m\/d","show_post_category":"1","post_reading_time_wpm":"300","post_calculate_word_method":"str_word_count","show_zoom_button":"0","zoom_button_out_step":"2","zoom_button_in_step":"3","show_post_tag":"1","show_prev_next_post":"1","show_popup_post":"1","show_comment_section":"1","number_popup_post":"2","show_author_box":"1","show_post_related":"1","show_inline_post_related":"1"}],"image_override":[{"single_post_thumbnail_size":"crop-500","single_post_gallery_size":"crop-500"}],"trending_post_position":"meta","trending_post_label":"Trending","sponsored_post_label":"Sponsored by","disable_ad":"0","subtitle":"Edital prev\u00ea cargos de n\u00edveis fundamental, m\u00e9dio e superior, com inscri\u00e7\u00f5es abertas a partir de 27 de abril e prova objetiva marcada para 7 de junho"},"jnews_primary_category":[],"jnews_social_meta":[],"jnews_override_counter":{"view_counter_number":"0","share_counter_number":"0","like_counter_number":"0","dislike_counter_number":"0"},"footnotes":""},"categories":[29,26],"tags":[41884,41880,41879,41883,40776,41885,37014,41881,41882,32827],"class_list":["post-158153","post","type-post","status-publish","format-standard","has-post-thumbnail","hentry","category-concursos","category-empregos","tag-concurso-assistente-legislativo","tag-concurso-camara-municipal-santa-isabel","tag-concurso-camara-santa-isabel-sp","tag-concurso-controlador-interno-sp","tag-concurso-publico-sp-2026","tag-concurso-recepcionista-2026","tag-concursos-abertos-2026","tag-edital-camara-santa-isabel-2026","tag-instituto-aplicativa-concurso","tag-vagas-camara-municipal-sp"],"yoast_head":"<!-- This site is optimized with the Yoast SEO Premium plugin v27.4 (Yoast SEO v27.4) - https:\/\/yoast.com\/product\/yoast-seo-premium-wordpress\/ -->\n<title>SAIU EDITAL! Novo concurso C\u00e2mara Municipal oferece vagas para Recepcionista, Assistente Legislativo e outros cargos - Sal\u00e1rios de at\u00e9 R$ 9,9 mil - Blog Pensar Cursos<\/title>\n<meta name=\"description\" content=\"C\u00e2mara Municipal de Santa Isabel abre concurso com sal\u00e1rios de at\u00e9 R$ 9.916,51. Inscri\u00e7\u00f5es pelo Instituto Aplicativa. Saiba mais!\" \/>\n<meta name=\"robots\" content=\"index, follow, max-snippet:-1, max-image-preview:large, max-video-preview:-1\" \/>\n<link rel=\"canonical\" href=\"https:\/\/www.pensarcursos.com.br\/blog\/saiu-edital-novo-concurso-camara-municipal-oferece-vagas-para-recepcionista-assistente-legislativo-e-outros-cargos-salarios-de-ate-r-99-mil\/\" \/>\n<meta property=\"og:locale\" content=\"pt_BR\" \/>\n<meta property=\"og:type\" content=\"article\" \/>\n<meta property=\"og:title\" content=\"SAIU EDITAL! Novo concurso C\u00e2mara Municipal oferece vagas para Recepcionista, Assistente Legislativo e outros cargos - Sal\u00e1rios de at\u00e9 R$ 9,9 mil\" \/>\n<meta property=\"og:description\" content=\"C\u00e2mara Municipal de Santa Isabel abre concurso com sal\u00e1rios de at\u00e9 R$ 9.916,51. Inscri\u00e7\u00f5es pelo Instituto Aplicativa. Saiba mais!\" \/>\n<meta property=\"og:url\" content=\"https:\/\/www.pensarcursos.com.br\/blog\/saiu-edital-novo-concurso-camara-municipal-oferece-vagas-para-recepcionista-assistente-legislativo-e-outros-cargos-salarios-de-ate-r-99-mil\/\" \/>\n<meta property=\"og:site_name\" content=\"Blog Pensar Cursos\" \/>\n<meta property=\"article:publisher\" content=\"https:\/\/www.facebook.com\/pensarcursos\/\" \/>\n<meta property=\"article:published_time\" content=\"2026-04-27T21:09:09+00:00\" \/>\n<meta property=\"og:image\" content=\"https:\/\/www.pensarcursos.com.br\/blog\/wp-content\/uploads\/2026\/04\/concurso-camara-municipal-santa-isabel.webp\" \/>\n\t<meta property=\"og:image:width\" content=\"1200\" \/>\n\t<meta property=\"og:image:height\" content=\"800\" \/>\n\t<meta property=\"og:image:type\" content=\"image\/webp\" \/>\n<meta name=\"author\" content=\"Luiza Pereira\" \/>\n<meta name=\"twitter:card\" content=\"summary_large_image\" \/>\n<meta name=\"twitter:label1\" content=\"Escrito por\" \/>\n\t<meta name=\"twitter:data1\" content=\"Luiza Pereira\" \/>\n\t<meta name=\"twitter:label2\" content=\"Est. tempo de leitura\" \/>\n\t<meta name=\"twitter:data2\" content=\"8 minutos\" \/>\n<!-- \/ Yoast SEO Premium plugin. -->","yoast_head_json":{"title":"SAIU EDITAL! Novo concurso C\u00e2mara Municipal oferece vagas para Recepcionista, Assistente Legislativo e outros cargos - Sal\u00e1rios de at\u00e9 R$ 9,9 mil - Blog Pensar Cursos","description":"C\u00e2mara Municipal de Santa Isabel abre concurso com sal\u00e1rios de at\u00e9 R$ 9.916,51. Inscri\u00e7\u00f5es pelo Instituto Aplicativa. Saiba mais!","robots":{"index":"index","follow":"follow","max-snippet":"max-snippet:-1","max-image-preview":"max-image-preview:large","max-video-preview":"max-video-preview:-1"},"canonical":"https:\/\/www.pensarcursos.com.br\/blog\/saiu-edital-novo-concurso-camara-municipal-oferece-vagas-para-recepcionista-assistente-legislativo-e-outros-cargos-salarios-de-ate-r-99-mil\/","og_locale":"pt_BR","og_type":"article","og_title":"SAIU EDITAL! Novo concurso C\u00e2mara Municipal oferece vagas para Recepcionista, Assistente Legislativo e outros cargos - Sal\u00e1rios de at\u00e9 R$ 9,9 mil","og_description":"C\u00e2mara Municipal de Santa Isabel abre concurso com sal\u00e1rios de at\u00e9 R$ 9.916,51. Inscri\u00e7\u00f5es pelo Instituto Aplicativa. Saiba mais!","og_url":"https:\/\/www.pensarcursos.com.br\/blog\/saiu-edital-novo-concurso-camara-municipal-oferece-vagas-para-recepcionista-assistente-legislativo-e-outros-cargos-salarios-de-ate-r-99-mil\/","og_site_name":"Blog Pensar Cursos","article_publisher":"https:\/\/www.facebook.com\/pensarcursos\/","article_published_time":"2026-04-27T21:09:09+00:00","og_image":[{"width":1200,"height":800,"url":"https:\/\/www.pensarcursos.com.br\/blog\/wp-content\/uploads\/2026\/04\/concurso-camara-municipal-santa-isabel.webp","type":"image\/webp"}],"author":"Luiza Pereira","twitter_card":"summary_large_image","twitter_misc":{"Escrito por":"Luiza Pereira","Est. tempo de leitura":"8 minutos"},"schema":{"@context":"https:\/\/schema.org","@graph":[{"@type":["Article","BlogPosting"],"@id":"https:\/\/www.pensarcursos.com.br\/blog\/saiu-edital-novo-concurso-camara-municipal-oferece-vagas-para-recepcionista-assistente-legislativo-e-outros-cargos-salarios-de-ate-r-99-mil\/#article","isPartOf":{"@id":"https:\/\/www.pensarcursos.com.br\/blog\/saiu-edital-novo-concurso-camara-municipal-oferece-vagas-para-recepcionista-assistente-legislativo-e-outros-cargos-salarios-de-ate-r-99-mil\/"},"author":{"name":"Luiza Pereira","@id":"https:\/\/www.pensarcursos.com.br\/blog\/#\/schema\/person\/b94ff84c7271a3cb9a5ce19e07b0ed5f"},"headline":"SAIU EDITAL! Novo concurso C\u00e2mara Municipal oferece vagas para Recepcionista, Assistente Legislativo e outros cargos &#8211; Sal\u00e1rios de at\u00e9 R$ 9,9 mil","datePublished":"2026-04-27T21:09:09+00:00","mainEntityOfPage":{"@id":"https:\/\/www.pensarcursos.com.br\/blog\/saiu-edital-novo-concurso-camara-municipal-oferece-vagas-para-recepcionista-assistente-legislativo-e-outros-cargos-salarios-de-ate-r-99-mil\/"},"wordCount":1432,"commentCount":0,"publisher":{"@id":"https:\/\/www.pensarcursos.com.br\/blog\/#organization"},"image":{"@id":"https:\/\/www.pensarcursos.com.br\/blog\/saiu-edital-novo-concurso-camara-municipal-oferece-vagas-para-recepcionista-assistente-legislativo-e-outros-cargos-salarios-de-ate-r-99-mil\/#primaryimage"},"thumbnailUrl":"https:\/\/www.pensarcursos.com.br\/blog\/wp-content\/uploads\/2026\/04\/concurso-camara-municipal-santa-isabel.webp","keywords":["concurso Assistente Legislativo","concurso C\u00e2mara Municipal Santa Isabel","concurso C\u00e2mara Santa Isabel SP","concurso Controlador Interno SP","concurso publico sp 2026","concurso Recepcionista 2026","concursos abertos 2026","edital C\u00e2mara Santa Isabel 2026","Instituto Aplicativa concurso","vagas c\u00e2mara municipal sp"],"articleSection":["Concursos P\u00fablicos","Empregos"],"inLanguage":"pt-BR","potentialAction":[{"@type":"CommentAction","name":"Comment","target":["https:\/\/www.pensarcursos.com.br\/blog\/saiu-edital-novo-concurso-camara-municipal-oferece-vagas-para-recepcionista-assistente-legislativo-e-outros-cargos-salarios-de-ate-r-99-mil\/#respond"]}],"copyrightYear":"2026","copyrightHolder":{"@id":"https:\/\/www.pensarcursos.com.br\/blog\/#organization"}},{"@type":"WebPage","@id":"https:\/\/www.pensarcursos.com.br\/blog\/saiu-edital-novo-concurso-camara-municipal-oferece-vagas-para-recepcionista-assistente-legislativo-e-outros-cargos-salarios-de-ate-r-99-mil\/","url":"https:\/\/www.pensarcursos.com.br\/blog\/saiu-edital-novo-concurso-camara-municipal-oferece-vagas-para-recepcionista-assistente-legislativo-e-outros-cargos-salarios-de-ate-r-99-mil\/","name":"SAIU EDITAL! Novo concurso C\u00e2mara Municipal oferece vagas para Recepcionista, Assistente Legislativo e outros cargos - Sal\u00e1rios de at\u00e9 R$ 9,9 mil - Blog Pensar Cursos","isPartOf":{"@id":"https:\/\/www.pensarcursos.com.br\/blog\/#website"},"primaryImageOfPage":{"@id":"https:\/\/www.pensarcursos.com.br\/blog\/saiu-edital-novo-concurso-camara-municipal-oferece-vagas-para-recepcionista-assistente-legislativo-e-outros-cargos-salarios-de-ate-r-99-mil\/#primaryimage"},"image":{"@id":"https:\/\/www.pensarcursos.com.br\/blog\/saiu-edital-novo-concurso-camara-municipal-oferece-vagas-para-recepcionista-assistente-legislativo-e-outros-cargos-salarios-de-ate-r-99-mil\/#primaryimage"},"thumbnailUrl":"https:\/\/www.pensarcursos.com.br\/blog\/wp-content\/uploads\/2026\/04\/concurso-camara-municipal-santa-isabel.webp","datePublished":"2026-04-27T21:09:09+00:00","description":"C\u00e2mara Municipal de Santa Isabel abre concurso com sal\u00e1rios de at\u00e9 R$ 9.916,51. Inscri\u00e7\u00f5es pelo Instituto Aplicativa. Saiba mais!","breadcrumb":{"@id":"https:\/\/www.pensarcursos.com.br\/blog\/saiu-edital-novo-concurso-camara-municipal-oferece-vagas-para-recepcionista-assistente-legislativo-e-outros-cargos-salarios-de-ate-r-99-mil\/#breadcrumb"},"inLanguage":"pt-BR","potentialAction":[{"@type":"ReadAction","target":["https:\/\/www.pensarcursos.com.br\/blog\/saiu-edital-novo-concurso-camara-municipal-oferece-vagas-para-recepcionista-assistente-legislativo-e-outros-cargos-salarios-de-ate-r-99-mil\/"]}]},{"@type":"ImageObject","inLanguage":"pt-BR","@id":"https:\/\/www.pensarcursos.com.br\/blog\/saiu-edital-novo-concurso-camara-municipal-oferece-vagas-para-recepcionista-assistente-legislativo-e-outros-cargos-salarios-de-ate-r-99-mil\/#primaryimage","url":"https:\/\/www.pensarcursos.com.br\/blog\/wp-content\/uploads\/2026\/04\/concurso-camara-municipal-santa-isabel.webp","contentUrl":"https:\/\/www.pensarcursos.com.br\/blog\/wp-content\/uploads\/2026\/04\/concurso-camara-municipal-santa-isabel.webp","width":1200,"height":800,"caption":"Concurso oferece cargos de n\u00edveis fundamental, m\u00e9dio e superior, com regime estatut\u00e1rio previsto. Imagem: Blog Pensar Cursos."},{"@type":"BreadcrumbList","@id":"https:\/\/www.pensarcursos.com.br\/blog\/saiu-edital-novo-concurso-camara-municipal-oferece-vagas-para-recepcionista-assistente-legislativo-e-outros-cargos-salarios-de-ate-r-99-mil\/#breadcrumb","itemListElement":[{"@type":"ListItem","position":1,"name":"Home","item":"https:\/\/www.pensarcursos.com.br\/blog\/"},{"@type":"ListItem","position":2,"name":"SAIU EDITAL! Novo concurso C\u00e2mara Municipal oferece vagas para Recepcionista, Assistente Legislativo e outros cargos &#8211; Sal\u00e1rios de at\u00e9 R$ 9,9 mil"}]},{"@type":"WebSite","@id":"https:\/\/www.pensarcursos.com.br\/blog\/#website","url":"https:\/\/www.pensarcursos.com.br\/blog\/","name":"Blog Pensar Cursos","description":"Maior Site de Cursos do Brasil","publisher":{"@id":"https:\/\/www.pensarcursos.com.br\/blog\/#organization"},"alternateName":"Blog Pensar","potentialAction":[{"@type":"SearchAction","target":{"@type":"EntryPoint","urlTemplate":"https:\/\/www.pensarcursos.com.br\/blog\/?s={search_term_string}"},"query-input":{"@type":"PropertyValueSpecification","valueRequired":true,"valueName":"search_term_string"}}],"inLanguage":"pt-BR"},{"@type":"Organization","@id":"https:\/\/www.pensarcursos.com.br\/blog\/#organization","name":"Pensar Cursos","alternateName":"Blog pensar","url":"https:\/\/www.pensarcursos.com.br\/blog\/","logo":{"@type":"ImageObject","inLanguage":"pt-BR","@id":"https:\/\/www.pensarcursos.com.br\/blog\/#\/schema\/logo\/image\/","url":"https:\/\/www.pensarcursos.com.br\/blog\/wp-content\/uploads\/2023\/11\/Nova-Logo-Pensar-Cursos-vertical.png","contentUrl":"https:\/\/www.pensarcursos.com.br\/blog\/wp-content\/uploads\/2023\/11\/Nova-Logo-Pensar-Cursos-vertical.png","width":1393,"height":1001,"caption":"Pensar Cursos"},"image":{"@id":"https:\/\/www.pensarcursos.com.br\/blog\/#\/schema\/logo\/image\/"},"sameAs":["https:\/\/www.facebook.com\/pensarcursos\/","https:\/\/instagram.com.br\/pensarcursos"],"description":"Pensar Cursos \u00e9 uma empresa especializada em oferecer cursos de alta qualidade voltados para o desenvolvimento profissional e acad\u00eamico. Com uma ampla gama de op\u00e7\u00f5es de treinamento, oferecemos conte\u00fados atualizados, ministrados por especialistas da \u00e1rea, para capacitar indiv\u00edduos e equipes a atingirem seus objetivos. Nossa miss\u00e3o \u00e9 proporcionar uma educa\u00e7\u00e3o transformadora, acess\u00edvel e personalizada para cada aluno, seja em cursos presenciais ou online. Com uma abordagem inovadora, buscamos adaptar os nossos programas de ensino \u00e0s necessidades do mercado, criando solu\u00e7\u00f5es que atendem aos desafios e exig\u00eancias do mundo corporativo e acad\u00eamico. Nossos cursos incluem desde forma\u00e7\u00f5es t\u00e9cnicas at\u00e9 habilidades essenciais, como lideran\u00e7a, gest\u00e3o e desenvolvimento pessoal.","email":"contato@pensarcursos.com.br","legalName":"Sena Servi\u00e7os de Informa\u00e7\u00e3o Online LTDA","foundingDate":"2013-04-18","vatID":"17956217000172","numberOfEmployees":{"@type":"QuantitativeValue","minValue":"11","maxValue":"50"},"publishingPrinciples":"https:\/\/www.pensarcursos.com.br\/blog\/principios-de-publicacao\/","ownershipFundingInfo":"https:\/\/www.pensarcursos.com.br\/blog\/informacoes-de-propriedade-financiamento\/","actionableFeedbackPolicy":"https:\/\/www.pensarcursos.com.br\/blog\/politica-de-feedback-acionavel\/","correctionsPolicy":"https:\/\/www.pensarcursos.com.br\/blog\/politica-de-correcoes\/","ethicsPolicy":"https:\/\/www.pensarcursos.com.br\/blog\/politica-de-etica\/"},{"@type":"Person","@id":"https:\/\/www.pensarcursos.com.br\/blog\/#\/schema\/person\/b94ff84c7271a3cb9a5ce19e07b0ed5f","name":"Luiza Pereira","image":{"@type":"ImageObject","inLanguage":"pt-BR","@id":"https:\/\/secure.gravatar.com\/avatar\/51a9cea3f558699054e6c6d962a79771188542d9b4d73e9f96d8c0586bc5f11d?s=96&d=mm&r=g","url":"https:\/\/secure.gravatar.com\/avatar\/51a9cea3f558699054e6c6d962a79771188542d9b4d73e9f96d8c0586bc5f11d?s=96&d=mm&r=g","contentUrl":"https:\/\/secure.gravatar.com\/avatar\/51a9cea3f558699054e6c6d962a79771188542d9b4d73e9f96d8c0586bc5f11d?s=96&d=mm&r=g","caption":"Luiza Pereira"},"description":"Graduanda em Pedagogia pela Universidade Estadual do Sudoeste da Bahia (UESB). Redatora do grupo Sena Online.","sameAs":["https:\/\/www.instagram.com\/luizza_pereiraa?igsh=MmltMGh0bHUzbnR0"],"url":"https:\/\/www.pensarcursos.com.br\/blog\/author\/luiza\/"}]}},"_links":{"self":[{"href":"https:\/\/www.pensarcursos.com.br\/blog\/wp-json\/wp\/v2\/posts\/158153","targetHints":{"allow":["GET"]}}],"collection":[{"href":"https:\/\/www.pensarcursos.com.br\/blog\/wp-json\/wp\/v2\/posts"}],"about":[{"href":"https:\/\/www.pensarcursos.com.br\/blog\/wp-json\/wp\/v2\/types\/post"}],"author":[{"embeddable":true,"href":"https:\/\/www.pensarcursos.com.br\/blog\/wp-json\/wp\/v2\/users\/60"}],"replies":[{"embeddable":true,"href":"https:\/\/www.pensarcursos.com.br\/blog\/wp-json\/wp\/v2\/comments?post=158153"}],"version-history":[{"count":1,"href":"https:\/\/www.pensarcursos.com.br\/blog\/wp-json\/wp\/v2\/posts\/158153\/revisions"}],"predecessor-version":[{"id":158171,"href":"https:\/\/www.pensarcursos.com.br\/blog\/wp-json\/wp\/v2\/posts\/158153\/revisions\/158171"}],"wp:featuredmedia":[{"embeddable":true,"href":"https:\/\/www.pensarcursos.com.br\/blog\/wp-json\/wp\/v2\/media\/158168"}],"wp:attachment":[{"href":"https:\/\/www.pensarcursos.com.br\/blog\/wp-json\/wp\/v2\/media?parent=158153"}],"wp:term":[{"taxonomy":"category","embeddable":true,"href":"https:\/\/www.pensarcursos.com.br\/blog\/wp-json\/wp\/v2\/categories?post=158153"},{"taxonomy":"post_tag","embeddable":true,"href":"https:\/\/www.pensarcursos.com.br\/blog\/wp-json\/wp\/v2\/tags?post=158153"}],"curies":[{"name":"wp","href":"https:\/\/api.w.org\/{rel}","templated":true}]}}