{"id":158145,"date":"2026-04-27T17:29:26","date_gmt":"2026-04-27T20:29:26","guid":{"rendered":"https:\/\/www.pensarcursos.com.br\/blog\/?p=158145"},"modified":"2026-04-27T11:07:20","modified_gmt":"2026-04-27T14:07:20","slug":"dia-do-trabalho-quem-trabalha-no-feriado-de-1o-de-maio-ganha-quanto-a-mais-entenda","status":"publish","type":"post","link":"https:\/\/www.pensarcursos.com.br\/blog\/dia-do-trabalho-quem-trabalha-no-feriado-de-1o-de-maio-ganha-quanto-a-mais-entenda\/","title":{"rendered":"Dia do Trabalho: quem trabalha no feriado de 1\u00ba de maio ganha quanto a mais? Entenda"},"content":{"rendered":"<p>Voc\u00ea sabia que o seu sal\u00e1rio pode dobrar nesta sexta-feira, 1\u00ba de maio? Pois \u00e9 exatamente isso que diz a CLT para quem \u00e9 escalado para trabalhar no Dia do Trabalho!<\/p>\n<p>O feriado nacional cai bem no fim da semana e abre a possibilidade de um &#8220;feriad\u00e3o&#8221; de tr\u00eas dias para quem folga aos s\u00e1bados e domingos. Para outros, no entanto, o expediente continua normalmente \u2014 s\u00f3 que com regras especiais no contracheque.<\/p>\n<p>E n\u00e3o \u00e9 pouca coisa. Trabalhar nessa data sem receber o adicional ou a folga compensat\u00f3ria pode at\u00e9 render processo trabalhista contra a empresa.<\/p>\n<p>Confira, a seguir, tudo o que muda no bolso de quem trabalha no feriado, quem \u00e9 obrigado a comparecer e o que diz a lei sobre cada situa\u00e7\u00e3o!<\/p>\n<h2>Por que o 1\u00ba de maio virou feriado em todo o mundo<\/h2>\n<p>O Dia do Trabalho n\u00e3o \u00e9 um feriado qualquer. A data nasceu de uma greve hist\u00f3rica nos Estados Unidos, durante a Revolu\u00e7\u00e3o Industrial, em que oper\u00e1rios reivindicavam jornada de 8 horas di\u00e1rias e melhores condi\u00e7\u00f5es de trabalho.<\/p>\n<p>De l\u00e1 para c\u00e1, o 1\u00ba de maio se transformou em s\u00edmbolo da luta dos trabalhadores em diversos pa\u00edses. No Brasil, a data se tornou feriado nacional ainda no in\u00edcio do s\u00e9culo XX e est\u00e1 prevista na Consolida\u00e7\u00e3o das Leis do Trabalho (CLT) como dia obrigat\u00f3rio de descanso.<\/p>\n<p>Apesar disso, a legisla\u00e7\u00e3o abre exce\u00e7\u00f5es para servi\u00e7os considerados essenciais, como sa\u00fade, transporte, seguran\u00e7a e com\u00e9rcio em determinadas condi\u00e7\u00f5es. Ou seja, nem todo mundo realmente folga nessa data \u2014 e \u00e9 a\u00ed que entram os direitos garantidos por lei.<\/p>\n<h2>Feriado pode render descanso prolongado neste final de semana<\/h2>\n<p>Em 2026, o 1\u00ba de maio cai em uma sexta-feira. Para quem trabalha de segunda a sexta e folga aos fins de semana, a configura\u00e7\u00e3o \u00e9 perfeita: tr\u00eas dias seguidos de descanso, sem precisar emendar com folga adicional.<\/p>\n<p>J\u00e1 os trabalhadores escalados para os setores essenciais ter\u00e3o um cen\u00e1rio diferente. Com\u00e9rcio, ind\u00fastria, transportes, sa\u00fade, comunica\u00e7\u00f5es e seguran\u00e7a s\u00e3o alguns dos exemplos em que o expediente continua normalmente, ainda que com adicionais.<\/p>\n<p>Vale lembrar: trabalhar no feriado n\u00e3o \u00e9 uma escolha simples. A <a href=\"https:\/\/www.pensarcursos.com.br\/blog\/quer-ganhar-bem-com-carteira-assinada-veja-as-profissoes-clt-com-os-maiores-salarios\/\" target=\"_blank\" rel=\"noopener\">CLT<\/a> define direitos claros para quem cumpre expediente nessa data \u2014 e ignorar essas regras pode trazer preju\u00edzos tanto para o trabalhador quanto para a empresa.<\/p>\n<h2>Qual valor extra para quem trabalha no feriado<\/h2>\n<p>A regra principal \u00e9 simples: <strong>quem \u00e9 escalado para trabalhar no feriado tem direito a receber o valor do dia em dobro<\/strong>. Em outras palavras, o trabalhador recebe o sal\u00e1rio normal do dia mais um adicional equivalente, totalizando 200% da remunera\u00e7\u00e3o di\u00e1ria.<\/p>\n<p>Por exemplo: se o sal\u00e1rio di\u00e1rio do trabalhador \u00e9 de R$ 100,00, ao cumprir expediente no 1\u00ba de maio ele deve receber R$ 200,00 referentes ao trabalho no feriado. Esse valor \u00e9 somado ao sal\u00e1rio do m\u00eas.<\/p>\n<p>A outra possibilidade prevista em lei \u00e9 a folga compensat\u00f3ria. Em vez de receber em dobro, o trabalhador pode tirar uma folga em outro dia da semana ou do m\u00eas. Nesse caso, o valor pago no feriado segue o normal, sem o adicional de 100%.<\/p>\n<p>Existe ainda uma terceira op\u00e7\u00e3o: o banco de horas. Quando h\u00e1 acordo coletivo ou individual, as horas trabalhadas no feriado podem ser lan\u00e7adas no banco e compensadas posteriormente, conforme as regras do contrato.<\/p>\n<h2>Pagamento em dobro ou folga: quem tem o poder de escolha?<\/h2>\n<figure id=\"attachment_158149\" aria-describedby=\"caption-attachment-158149\" style=\"width: 2500px\" class=\"wp-caption aligncenter\"><img decoding=\"async\" class=\"wp-image-158149 size-full\" src=\"https:\/\/www.pensarcursos.com.br\/blog\/wp-content\/uploads\/2026\/04\/regras-para-quem-trabalha-no-feriado.webp\" alt=\"Trabalhador consulta calend\u00e1rio no notebook para conferir o feriado de 1\u00ba de maio.\" width=\"2500\" height=\"1669\" srcset=\"https:\/\/www.pensarcursos.com.br\/blog\/wp-content\/uploads\/2026\/04\/regras-para-quem-trabalha-no-feriado.webp 2500w, https:\/\/www.pensarcursos.com.br\/blog\/wp-content\/uploads\/2026\/04\/regras-para-quem-trabalha-no-feriado-300x200.webp 300w, https:\/\/www.pensarcursos.com.br\/blog\/wp-content\/uploads\/2026\/04\/regras-para-quem-trabalha-no-feriado-1024x684.webp 1024w, https:\/\/www.pensarcursos.com.br\/blog\/wp-content\/uploads\/2026\/04\/regras-para-quem-trabalha-no-feriado-768x513.webp 768w, https:\/\/www.pensarcursos.com.br\/blog\/wp-content\/uploads\/2026\/04\/regras-para-quem-trabalha-no-feriado-1536x1025.webp 1536w, https:\/\/www.pensarcursos.com.br\/blog\/wp-content\/uploads\/2026\/04\/regras-para-quem-trabalha-no-feriado-2048x1367.webp 2048w, https:\/\/www.pensarcursos.com.br\/blog\/wp-content\/uploads\/2026\/04\/regras-para-quem-trabalha-no-feriado-750x501.webp 750w, https:\/\/www.pensarcursos.com.br\/blog\/wp-content\/uploads\/2026\/04\/regras-para-quem-trabalha-no-feriado-1140x761.webp 1140w\" sizes=\"(max-width: 2500px) 100vw, 2500px\" \/><figcaption id=\"caption-attachment-158149\" class=\"wp-caption-text\">CLT garante pagamento em dobro ou folga compensat\u00f3ria para quem trabalha no 1\u00ba de maio. Imagem: Freepik.<\/figcaption><\/figure>\n<p>Essa \u00e9 uma das d\u00favidas mais frequentes \u2014 e a resposta n\u00e3o \u00e9 t\u00e3o direta. A defini\u00e7\u00e3o do tipo de compensa\u00e7\u00e3o depende, em primeiro lugar, do que est\u00e1 previsto na Conven\u00e7\u00e3o Coletiva de Trabalho da categoria, ou seja, o acordo feito entre empresas e sindicatos.<\/p>\n<p>Quando existe conven\u00e7\u00e3o coletiva regulando o tema, a regra dela prevalece. J\u00e1 se n\u00e3o houver acordo coletivo nem individual prevendo folga, o pagamento em dobro pelo trabalho no feriado \u00e9 obrigat\u00f3rio, segundo determina a CLT.<\/p>\n<p>Vale destacar um ponto importante: o empregador n\u00e3o pode decidir de forma unilateral. Se a empresa simplesmente impuser folga sem acordo, o trabalhador pode reivindicar o pagamento em dobro pela via judicial.<\/p>\n<h2>O chefe pode obrigar o trabalhador a comparecer no feriado?<\/h2>\n<p>A resposta curta \u00e9: sim, em determinadas situa\u00e7\u00f5es. O artigo 70 da CLT pro\u00edbe atividades em feriados nacionais como regra geral, mas, abre exce\u00e7\u00f5es para setores considerados essenciais. Entre eles est\u00e3o:<\/p>\n<ul>\n<li>Ind\u00fastria e com\u00e9rcio em geral, conforme regulamenta\u00e7\u00e3o espec\u00edfica;<\/li>\n<li>Transportes p\u00fablicos e privados;<\/li>\n<li>Comunica\u00e7\u00f5es (TV, r\u00e1dio, jornais e telefonia);<\/li>\n<li>Servi\u00e7os funer\u00e1rios;<\/li>\n<li>Atividades ligadas \u00e0 seguran\u00e7a p\u00fablica e privada;<\/li>\n<li>Sa\u00fade, com plant\u00f5es hospitalares e atendimentos de emerg\u00eancia.<\/li>\n<\/ul>\n<p>Al\u00e9m desses setores, o empregador tamb\u00e9m pode solicitar o trabalho no feriado quando houver Conven\u00e7\u00e3o Coletiva permitindo essa pr\u00e1tica. Nesse caso, o acordo precisa estar formalizado e em vigor.<\/p>\n<h2>O que acontece com quem falta ap\u00f3s ser escalado para o feriado?<\/h2>\n<p>Aqui vai uma curiosidade que muita gente n\u00e3o sabe: faltar ao trabalho depois de ter sido escalado pode, sim, gerar consequ\u00eancias s\u00e9rias. Em alguns casos, a falta \u00e9 considerada insubordina\u00e7\u00e3o \u2014 ou seja, desobedi\u00eancia ao superior.<\/p>\n<p>No entanto, especialistas em direito trabalhista afirmam que a demiss\u00e3o por justa causa raramente acontece por um fato isolado. Geralmente, esse tipo de dispensa exige um conjunto de comportamentos faltosos, com advert\u00eancias escritas e tentativas anteriores de corre\u00e7\u00e3o de conduta.<\/p>\n<p>Em situa\u00e7\u00f5es de falta \u00fanica, a puni\u00e7\u00e3o mais comum \u00e9 o desconto do dia trabalhado e o registro como falta injustificada. Por isso, vale conversar antes com o RH ou o sindicato em caso de impossibilidade de comparecer.<\/p>\n<h2>Quais s\u00e3o os pr\u00f3ximos feriados nacionais em 2026<\/h2>\n<p>Depois do 1\u00ba de maio, o calend\u00e1rio ainda reserva boas oportunidades de descanso at\u00e9 o fim do ano. Confira a lista oficial dos pr\u00f3ximos <a href=\"https:\/\/www.pensarcursos.com.br\/blog\/quais-sao-os-proximos-feriados-de-2026\/\" target=\"_blank\" rel=\"noopener\">feriados nacionais<\/a> e pontos facultativos:<\/p>\n<ul>\n<li><strong>4 de junho (quinta-feira):<\/strong> Corpus Christi (ponto facultativo nacional).<\/li>\n<li><strong>7 de setembro (segunda-feira):<\/strong> Independ\u00eancia do Brasil.<\/li>\n<li><strong>12 de outubro (segunda-feira):<\/strong> Nossa Senhora Aparecida.<\/li>\n<li><strong>28 de outubro (quarta-feira):<\/strong> Dia do Servidor P\u00fablico (ponto facultativo).<\/li>\n<li><strong>2 de novembro (segunda-feira):<\/strong> Finados.<\/li>\n<li><strong>15 de novembro (domingo):<\/strong> Proclama\u00e7\u00e3o da Rep\u00fablica.<\/li>\n<li><strong>20 de novembro (sexta-feira):<\/strong> Dia da Consci\u00eancia Negra.<\/li>\n<li><strong>25 de dezembro (sexta-feira):<\/strong> Natal.<\/li>\n<\/ul>\n<p>Vale lembrar que pontos facultativos n\u00e3o s\u00e3o feriados oficiais. Cada estado ou munic\u00edpio pode decidir se a data ser\u00e1 dispensada ou n\u00e3o, dependendo da regulamenta\u00e7\u00e3o local.<\/p>\n<h2>Continue acompanhando tudo!<\/h2>\n<p>No <a href=\"https:\/\/www.pensarcursos.com.br\/blog\/\" target=\"_blank\" rel=\"noopener\">Blog Pensar Cursos<\/a>, voc\u00ea encontra conte\u00fados atualizados sobre legisla\u00e7\u00e3o trabalhista, direitos do trabalhador, oportunidades de qualifica\u00e7\u00e3o profissional e muito mais.<\/p>\n<p>Continue navegando pelo portal e descubra outras dicas que podem ajudar voc\u00ea a entender melhor seus direitos no dia a dia!<\/p>\n<p>Quer aproveitar ao m\u00e1ximo cada folga at\u00e9 o fim do ano? Confira, a seguir, todos os feriados que ainda est\u00e3o por vir em 2026 e comece a planejar suas pr\u00f3ximas viagens, descansos e emendas:<\/p>\n<div class=\"jeg_video_container jeg_video_content\"><iframe title=\"N\u00e3o perca! Confira os pr\u00f3ximos feriados de 2026 e se programe\" width=\"500\" height=\"281\" src=\"https:\/\/www.youtube.com\/embed\/5zDIRlmTfjU?feature=oembed\" frameborder=\"0\" allow=\"accelerometer; autoplay; clipboard-write; encrypted-media; gyroscope; picture-in-picture; web-share\" referrerpolicy=\"strict-origin-when-cross-origin\" allowfullscreen><\/iframe><\/div>\n","protected":false},"excerpt":{"rendered":"<p>Voc\u00ea sabia que o seu sal\u00e1rio pode dobrar nesta sexta-feira, 1\u00ba de maio? Pois \u00e9 exatamente isso que diz a CLT para quem \u00e9 escalado para trabalhar no Dia do Trabalho! O feriado nacional cai bem no fim da semana e abre a possibilidade de um &#8220;feriad\u00e3o&#8221; de tr\u00eas dias para quem folga aos s\u00e1bados [&hellip;]<\/p>\n","protected":false},"author":60,"featured_media":158150,"comment_status":"open","ping_status":"closed","sticky":false,"template":"","format":"standard","meta":{"jnews-multi-image_gallery":[],"jnews_single_post":{"format":"standard","override":[{"template":"1","parallax":"1","fullscreen":"1","layout":"right-sidebar","sidebar":"default-sidebar","second_sidebar":"default-sidebar","sticky_sidebar":"1","share_position":"topbottom","share_float_style":"share-monocrhome","show_featured":"1","show_post_meta":"1","show_post_author":"1","show_post_author_image":"1","show_post_date":"1","post_date_format":"default","post_date_format_custom":"Y\/m\/d","show_post_category":"1","post_reading_time_wpm":"300","post_calculate_word_method":"str_word_count","show_zoom_button":"0","zoom_button_out_step":"2","zoom_button_in_step":"3","show_post_tag":"1","show_prev_next_post":"1","show_popup_post":"1","show_comment_section":"1","number_popup_post":"2","show_author_box":"1","show_post_related":"1","show_inline_post_related":"1"}],"image_override":[{"single_post_thumbnail_size":"crop-500","single_post_gallery_size":"crop-500"}],"trending_post_position":"meta","trending_post_label":"Trending","sponsored_post_label":"Sponsored by","disable_ad":"0","subtitle":"Feriado nacional cai em uma sexta-feira e gera direito a pagamento em dobro ou folga compensat\u00f3ria para quem precisa cumprir expediente, segundo a CLT"},"jnews_primary_category":[],"jnews_social_meta":[],"jnews_override_counter":{"view_counter_number":"0","share_counter_number":"0","like_counter_number":"0","dislike_counter_number":"0"},"footnotes":""},"categories":[1947,27,1691],"tags":[41874,41876,41873,36540,41877,41875],"class_list":["post-158145","post","type-post","status-publish","format-standard","has-post-thumbnail","hentry","category-curiosidades","category-dicas","category-direitos-do-trabalhador","tag-1o-de-maio-feriado","tag-clt-feriado","tag-dia-do-trabalho","tag-feriado-2026","tag-folga-compensatoria","tag-pagamento-em-dobro-feriado"],"yoast_head":"<!-- This site is optimized with the Yoast SEO Premium plugin v27.4 (Yoast SEO v27.4) - https:\/\/yoast.com\/product\/yoast-seo-premium-wordpress\/ -->\n<title>Dia do Trabalho: quem trabalha no feriado de 1\u00ba de maio ganha quanto a mais? Entenda - Blog Pensar Cursos<\/title>\n<meta name=\"description\" content=\"Vai trabalhar no Dia do Trabalho? Descubra se o pagamento \u00e9 em dobro ou se pode ganhar folga. Saiba o que diz a CLT. Confira agora!\" \/>\n<meta name=\"robots\" content=\"index, follow, max-snippet:-1, max-image-preview:large, max-video-preview:-1\" \/>\n<link rel=\"canonical\" href=\"https:\/\/www.pensarcursos.com.br\/blog\/dia-do-trabalho-quem-trabalha-no-feriado-de-1o-de-maio-ganha-quanto-a-mais-entenda\/\" \/>\n<meta property=\"og:locale\" content=\"pt_BR\" \/>\n<meta property=\"og:type\" content=\"article\" \/>\n<meta property=\"og:title\" content=\"Dia do Trabalho: quem trabalha no feriado de 1\u00ba de maio ganha quanto a mais? Entenda\" \/>\n<meta property=\"og:description\" content=\"Vai trabalhar no Dia do Trabalho? Descubra se o pagamento \u00e9 em dobro ou se pode ganhar folga. Saiba o que diz a CLT. Confira agora!\" \/>\n<meta property=\"og:url\" content=\"https:\/\/www.pensarcursos.com.br\/blog\/dia-do-trabalho-quem-trabalha-no-feriado-de-1o-de-maio-ganha-quanto-a-mais-entenda\/\" \/>\n<meta property=\"og:site_name\" content=\"Blog Pensar Cursos\" \/>\n<meta property=\"article:publisher\" content=\"https:\/\/www.facebook.com\/pensarcursos\/\" \/>\n<meta property=\"article:published_time\" content=\"2026-04-27T20:29:26+00:00\" \/>\n<meta property=\"og:image\" content=\"https:\/\/www.pensarcursos.com.br\/blog\/wp-content\/uploads\/2026\/04\/feriado-nacional-dia-do-trabalhador.webp\" \/>\n\t<meta property=\"og:image:width\" content=\"1500\" \/>\n\t<meta property=\"og:image:height\" content=\"836\" \/>\n\t<meta property=\"og:image:type\" content=\"image\/webp\" \/>\n<meta name=\"author\" content=\"Luiza Pereira\" \/>\n<meta name=\"twitter:card\" content=\"summary_large_image\" \/>\n<meta name=\"twitter:label1\" content=\"Escrito por\" \/>\n\t<meta name=\"twitter:data1\" content=\"Luiza Pereira\" \/>\n\t<meta name=\"twitter:label2\" content=\"Est. tempo de leitura\" \/>\n\t<meta name=\"twitter:data2\" content=\"7 minutos\" \/>\n<!-- \/ Yoast SEO Premium plugin. -->","yoast_head_json":{"title":"Dia do Trabalho: quem trabalha no feriado de 1\u00ba de maio ganha quanto a mais? Entenda - Blog Pensar Cursos","description":"Vai trabalhar no Dia do Trabalho? Descubra se o pagamento \u00e9 em dobro ou se pode ganhar folga. Saiba o que diz a CLT. Confira agora!","robots":{"index":"index","follow":"follow","max-snippet":"max-snippet:-1","max-image-preview":"max-image-preview:large","max-video-preview":"max-video-preview:-1"},"canonical":"https:\/\/www.pensarcursos.com.br\/blog\/dia-do-trabalho-quem-trabalha-no-feriado-de-1o-de-maio-ganha-quanto-a-mais-entenda\/","og_locale":"pt_BR","og_type":"article","og_title":"Dia do Trabalho: quem trabalha no feriado de 1\u00ba de maio ganha quanto a mais? Entenda","og_description":"Vai trabalhar no Dia do Trabalho? Descubra se o pagamento \u00e9 em dobro ou se pode ganhar folga. Saiba o que diz a CLT. Confira agora!","og_url":"https:\/\/www.pensarcursos.com.br\/blog\/dia-do-trabalho-quem-trabalha-no-feriado-de-1o-de-maio-ganha-quanto-a-mais-entenda\/","og_site_name":"Blog Pensar Cursos","article_publisher":"https:\/\/www.facebook.com\/pensarcursos\/","article_published_time":"2026-04-27T20:29:26+00:00","og_image":[{"width":1500,"height":836,"url":"https:\/\/www.pensarcursos.com.br\/blog\/wp-content\/uploads\/2026\/04\/feriado-nacional-dia-do-trabalhador.webp","type":"image\/webp"}],"author":"Luiza Pereira","twitter_card":"summary_large_image","twitter_misc":{"Escrito por":"Luiza Pereira","Est. tempo de leitura":"7 minutos"},"schema":{"@context":"https:\/\/schema.org","@graph":[{"@type":["Article","BlogPosting"],"@id":"https:\/\/www.pensarcursos.com.br\/blog\/dia-do-trabalho-quem-trabalha-no-feriado-de-1o-de-maio-ganha-quanto-a-mais-entenda\/#article","isPartOf":{"@id":"https:\/\/www.pensarcursos.com.br\/blog\/dia-do-trabalho-quem-trabalha-no-feriado-de-1o-de-maio-ganha-quanto-a-mais-entenda\/"},"author":{"name":"Luiza Pereira","@id":"https:\/\/www.pensarcursos.com.br\/blog\/#\/schema\/person\/b94ff84c7271a3cb9a5ce19e07b0ed5f"},"headline":"Dia do Trabalho: quem trabalha no feriado de 1\u00ba de maio ganha quanto a mais? Entenda","datePublished":"2026-04-27T20:29:26+00:00","mainEntityOfPage":{"@id":"https:\/\/www.pensarcursos.com.br\/blog\/dia-do-trabalho-quem-trabalha-no-feriado-de-1o-de-maio-ganha-quanto-a-mais-entenda\/"},"wordCount":1207,"commentCount":0,"publisher":{"@id":"https:\/\/www.pensarcursos.com.br\/blog\/#organization"},"image":{"@id":"https:\/\/www.pensarcursos.com.br\/blog\/dia-do-trabalho-quem-trabalha-no-feriado-de-1o-de-maio-ganha-quanto-a-mais-entenda\/#primaryimage"},"thumbnailUrl":"https:\/\/www.pensarcursos.com.br\/blog\/wp-content\/uploads\/2026\/04\/feriado-nacional-dia-do-trabalhador.webp","keywords":["1\u00ba de maio feriado","CLT feriado","Dia do Trabalho","feriado 2026","folga compensat\u00f3ria","pagamento em dobro feriado"],"articleSection":["Curiosidades","Dicas","Direitos do Trabalhador"],"inLanguage":"pt-BR","potentialAction":[{"@type":"CommentAction","name":"Comment","target":["https:\/\/www.pensarcursos.com.br\/blog\/dia-do-trabalho-quem-trabalha-no-feriado-de-1o-de-maio-ganha-quanto-a-mais-entenda\/#respond"]}],"copyrightYear":"2026","copyrightHolder":{"@id":"https:\/\/www.pensarcursos.com.br\/blog\/#organization"}},{"@type":"WebPage","@id":"https:\/\/www.pensarcursos.com.br\/blog\/dia-do-trabalho-quem-trabalha-no-feriado-de-1o-de-maio-ganha-quanto-a-mais-entenda\/","url":"https:\/\/www.pensarcursos.com.br\/blog\/dia-do-trabalho-quem-trabalha-no-feriado-de-1o-de-maio-ganha-quanto-a-mais-entenda\/","name":"Dia do Trabalho: quem trabalha no feriado de 1\u00ba de maio ganha quanto a mais? Entenda - Blog Pensar Cursos","isPartOf":{"@id":"https:\/\/www.pensarcursos.com.br\/blog\/#website"},"primaryImageOfPage":{"@id":"https:\/\/www.pensarcursos.com.br\/blog\/dia-do-trabalho-quem-trabalha-no-feriado-de-1o-de-maio-ganha-quanto-a-mais-entenda\/#primaryimage"},"image":{"@id":"https:\/\/www.pensarcursos.com.br\/blog\/dia-do-trabalho-quem-trabalha-no-feriado-de-1o-de-maio-ganha-quanto-a-mais-entenda\/#primaryimage"},"thumbnailUrl":"https:\/\/www.pensarcursos.com.br\/blog\/wp-content\/uploads\/2026\/04\/feriado-nacional-dia-do-trabalhador.webp","datePublished":"2026-04-27T20:29:26+00:00","description":"Vai trabalhar no Dia do Trabalho? Descubra se o pagamento \u00e9 em dobro ou se pode ganhar folga. Saiba o que diz a CLT. Confira agora!","breadcrumb":{"@id":"https:\/\/www.pensarcursos.com.br\/blog\/dia-do-trabalho-quem-trabalha-no-feriado-de-1o-de-maio-ganha-quanto-a-mais-entenda\/#breadcrumb"},"inLanguage":"pt-BR","potentialAction":[{"@type":"ReadAction","target":["https:\/\/www.pensarcursos.com.br\/blog\/dia-do-trabalho-quem-trabalha-no-feriado-de-1o-de-maio-ganha-quanto-a-mais-entenda\/"]}]},{"@type":"ImageObject","inLanguage":"pt-BR","@id":"https:\/\/www.pensarcursos.com.br\/blog\/dia-do-trabalho-quem-trabalha-no-feriado-de-1o-de-maio-ganha-quanto-a-mais-entenda\/#primaryimage","url":"https:\/\/www.pensarcursos.com.br\/blog\/wp-content\/uploads\/2026\/04\/feriado-nacional-dia-do-trabalhador.webp","contentUrl":"https:\/\/www.pensarcursos.com.br\/blog\/wp-content\/uploads\/2026\/04\/feriado-nacional-dia-do-trabalhador.webp","width":1500,"height":836,"caption":"Ap\u00f3s o 1\u00ba de maio, pr\u00f3ximos feriados nacionais devem render novas oportunidades de descanso prolongado em 2026. Imagem: Blog Pensar Cursos."},{"@type":"BreadcrumbList","@id":"https:\/\/www.pensarcursos.com.br\/blog\/dia-do-trabalho-quem-trabalha-no-feriado-de-1o-de-maio-ganha-quanto-a-mais-entenda\/#breadcrumb","itemListElement":[{"@type":"ListItem","position":1,"name":"Home","item":"https:\/\/www.pensarcursos.com.br\/blog\/"},{"@type":"ListItem","position":2,"name":"Dia do Trabalho: quem trabalha no feriado de 1\u00ba de maio ganha quanto a mais? Entenda"}]},{"@type":"WebSite","@id":"https:\/\/www.pensarcursos.com.br\/blog\/#website","url":"https:\/\/www.pensarcursos.com.br\/blog\/","name":"Blog Pensar Cursos","description":"Maior Site de Cursos do Brasil","publisher":{"@id":"https:\/\/www.pensarcursos.com.br\/blog\/#organization"},"alternateName":"Blog Pensar","potentialAction":[{"@type":"SearchAction","target":{"@type":"EntryPoint","urlTemplate":"https:\/\/www.pensarcursos.com.br\/blog\/?s={search_term_string}"},"query-input":{"@type":"PropertyValueSpecification","valueRequired":true,"valueName":"search_term_string"}}],"inLanguage":"pt-BR"},{"@type":"Organization","@id":"https:\/\/www.pensarcursos.com.br\/blog\/#organization","name":"Pensar Cursos","alternateName":"Blog pensar","url":"https:\/\/www.pensarcursos.com.br\/blog\/","logo":{"@type":"ImageObject","inLanguage":"pt-BR","@id":"https:\/\/www.pensarcursos.com.br\/blog\/#\/schema\/logo\/image\/","url":"https:\/\/www.pensarcursos.com.br\/blog\/wp-content\/uploads\/2023\/11\/Nova-Logo-Pensar-Cursos-vertical.png","contentUrl":"https:\/\/www.pensarcursos.com.br\/blog\/wp-content\/uploads\/2023\/11\/Nova-Logo-Pensar-Cursos-vertical.png","width":1393,"height":1001,"caption":"Pensar Cursos"},"image":{"@id":"https:\/\/www.pensarcursos.com.br\/blog\/#\/schema\/logo\/image\/"},"sameAs":["https:\/\/www.facebook.com\/pensarcursos\/","https:\/\/instagram.com.br\/pensarcursos"],"description":"Pensar Cursos \u00e9 uma empresa especializada em oferecer cursos de alta qualidade voltados para o desenvolvimento profissional e acad\u00eamico. Com uma ampla gama de op\u00e7\u00f5es de treinamento, oferecemos conte\u00fados atualizados, ministrados por especialistas da \u00e1rea, para capacitar indiv\u00edduos e equipes a atingirem seus objetivos. Nossa miss\u00e3o \u00e9 proporcionar uma educa\u00e7\u00e3o transformadora, acess\u00edvel e personalizada para cada aluno, seja em cursos presenciais ou online. Com uma abordagem inovadora, buscamos adaptar os nossos programas de ensino \u00e0s necessidades do mercado, criando solu\u00e7\u00f5es que atendem aos desafios e exig\u00eancias do mundo corporativo e acad\u00eamico. Nossos cursos incluem desde forma\u00e7\u00f5es t\u00e9cnicas at\u00e9 habilidades essenciais, como lideran\u00e7a, gest\u00e3o e desenvolvimento pessoal.","email":"contato@pensarcursos.com.br","legalName":"Sena Servi\u00e7os de Informa\u00e7\u00e3o Online LTDA","foundingDate":"2013-04-18","vatID":"17956217000172","numberOfEmployees":{"@type":"QuantitativeValue","minValue":"11","maxValue":"50"},"publishingPrinciples":"https:\/\/www.pensarcursos.com.br\/blog\/principios-de-publicacao\/","ownershipFundingInfo":"https:\/\/www.pensarcursos.com.br\/blog\/informacoes-de-propriedade-financiamento\/","actionableFeedbackPolicy":"https:\/\/www.pensarcursos.com.br\/blog\/politica-de-feedback-acionavel\/","correctionsPolicy":"https:\/\/www.pensarcursos.com.br\/blog\/politica-de-correcoes\/","ethicsPolicy":"https:\/\/www.pensarcursos.com.br\/blog\/politica-de-etica\/"},{"@type":"Person","@id":"https:\/\/www.pensarcursos.com.br\/blog\/#\/schema\/person\/b94ff84c7271a3cb9a5ce19e07b0ed5f","name":"Luiza Pereira","image":{"@type":"ImageObject","inLanguage":"pt-BR","@id":"https:\/\/secure.gravatar.com\/avatar\/51a9cea3f558699054e6c6d962a79771188542d9b4d73e9f96d8c0586bc5f11d?s=96&d=mm&r=g","url":"https:\/\/secure.gravatar.com\/avatar\/51a9cea3f558699054e6c6d962a79771188542d9b4d73e9f96d8c0586bc5f11d?s=96&d=mm&r=g","contentUrl":"https:\/\/secure.gravatar.com\/avatar\/51a9cea3f558699054e6c6d962a79771188542d9b4d73e9f96d8c0586bc5f11d?s=96&d=mm&r=g","caption":"Luiza Pereira"},"description":"Graduanda em Pedagogia pela Universidade Estadual do Sudoeste da Bahia (UESB). Redatora do grupo Sena Online.","sameAs":["https:\/\/www.instagram.com\/luizza_pereiraa?igsh=MmltMGh0bHUzbnR0"],"url":"https:\/\/www.pensarcursos.com.br\/blog\/author\/luiza\/"}]}},"_links":{"self":[{"href":"https:\/\/www.pensarcursos.com.br\/blog\/wp-json\/wp\/v2\/posts\/158145","targetHints":{"allow":["GET"]}}],"collection":[{"href":"https:\/\/www.pensarcursos.com.br\/blog\/wp-json\/wp\/v2\/posts"}],"about":[{"href":"https:\/\/www.pensarcursos.com.br\/blog\/wp-json\/wp\/v2\/types\/post"}],"author":[{"embeddable":true,"href":"https:\/\/www.pensarcursos.com.br\/blog\/wp-json\/wp\/v2\/users\/60"}],"replies":[{"embeddable":true,"href":"https:\/\/www.pensarcursos.com.br\/blog\/wp-json\/wp\/v2\/comments?post=158145"}],"version-history":[{"count":1,"href":"https:\/\/www.pensarcursos.com.br\/blog\/wp-json\/wp\/v2\/posts\/158145\/revisions"}],"predecessor-version":[{"id":158152,"href":"https:\/\/www.pensarcursos.com.br\/blog\/wp-json\/wp\/v2\/posts\/158145\/revisions\/158152"}],"wp:featuredmedia":[{"embeddable":true,"href":"https:\/\/www.pensarcursos.com.br\/blog\/wp-json\/wp\/v2\/media\/158150"}],"wp:attachment":[{"href":"https:\/\/www.pensarcursos.com.br\/blog\/wp-json\/wp\/v2\/media?parent=158145"}],"wp:term":[{"taxonomy":"category","embeddable":true,"href":"https:\/\/www.pensarcursos.com.br\/blog\/wp-json\/wp\/v2\/categories?post=158145"},{"taxonomy":"post_tag","embeddable":true,"href":"https:\/\/www.pensarcursos.com.br\/blog\/wp-json\/wp\/v2\/tags?post=158145"}],"curies":[{"name":"wp","href":"https:\/\/api.w.org\/{rel}","templated":true}]}}