{"id":158139,"date":"2026-04-27T16:29:49","date_gmt":"2026-04-27T19:29:49","guid":{"rendered":"https:\/\/www.pensarcursos.com.br\/blog\/?p=158139"},"modified":"2026-04-27T14:35:03","modified_gmt":"2026-04-27T17:35:03","slug":"pe-de-meia-libera-pagamentos-nesta-terca-feira-28-veja-se-voce-tambem-recebera-o-valor-maximo","status":"publish","type":"post","link":"https:\/\/www.pensarcursos.com.br\/blog\/pe-de-meia-libera-pagamentos-nesta-terca-feira-28-veja-se-voce-tambem-recebera-o-valor-maximo\/","title":{"rendered":"P\u00e9-de-Meia libera pagamentos nesta ter\u00e7a-feira (28): veja se voc\u00ea tamb\u00e9m receber\u00e1 o valor m\u00e1ximo"},"content":{"rendered":"<p>A nova etapa de pagamentos do programa <a href=\"https:\/\/www.pensarcursos.com.br\/blog\/pe-de-meia-2026-primeiro-pagamento-de-abril-sai-hoje-27-04\/\"><strong>P\u00e9-de-Meia 2026<\/strong><\/a> j\u00e1 est\u00e1 em andamento, contemplando milhares de estudantes da rede p\u00fablica. Nesta ter\u00e7a-feira (28), ser\u00e3o realizados novos dep\u00f3sitos, podendo chegar ao <strong>valor m\u00e1ximo para alguns benefici\u00e1rios<\/strong>. Com isso, cresce a expectativa entre os alunos para saber se o valor ser\u00e1 creditado em suas contas.<\/p>\n<p>Se voc\u00ea faz parte do programa e quer entender melhor quanto pode receber, quem tem direito ao valor m\u00e1ximo e o que fazer caso o pagamento n\u00e3o seja efetuado, continue lendo e fique por dentro de todas as informa\u00e7\u00f5es sobre esse aux\u00edlio.<\/p>\n<h2>Quem tem direito ao valor m\u00e1ximo de R$ 1.200 do P\u00e9-de-Meia?<\/h2>\n<figure id=\"attachment_158158\" aria-describedby=\"caption-attachment-158158\" style=\"width: 1200px\" class=\"wp-caption aligncenter\"><img decoding=\"async\" class=\"wp-image-158158 size-full\" src=\"https:\/\/www.pensarcursos.com.br\/blog\/wp-content\/uploads\/2026\/04\/Pe-de-Meia-2026-6.webp\" alt=\"Estudante feliz segurando notas de dinheiro representando o pagamento m\u00e1ximo do P\u00e9-de-Meia.\" width=\"1200\" height=\"800\" srcset=\"https:\/\/www.pensarcursos.com.br\/blog\/wp-content\/uploads\/2026\/04\/Pe-de-Meia-2026-6.webp 1200w, https:\/\/www.pensarcursos.com.br\/blog\/wp-content\/uploads\/2026\/04\/Pe-de-Meia-2026-6-300x200.webp 300w, https:\/\/www.pensarcursos.com.br\/blog\/wp-content\/uploads\/2026\/04\/Pe-de-Meia-2026-6-1024x683.webp 1024w, https:\/\/www.pensarcursos.com.br\/blog\/wp-content\/uploads\/2026\/04\/Pe-de-Meia-2026-6-768x512.webp 768w, https:\/\/www.pensarcursos.com.br\/blog\/wp-content\/uploads\/2026\/04\/Pe-de-Meia-2026-6-750x500.webp 750w, https:\/\/www.pensarcursos.com.br\/blog\/wp-content\/uploads\/2026\/04\/Pe-de-Meia-2026-6-1140x760.webp 1140w\" sizes=\"(max-width: 1200px) 100vw, 1200px\" \/><figcaption id=\"caption-attachment-158158\" class=\"wp-caption-text\">Veja quem pode receber R$ 1.200 do P\u00e9-de-Meia.<br \/>Imagem: Blog Pensar Cursos<\/figcaption><\/figure>\n<p>Embora a nova parcela mensal esteja sendo liberada agora, referente ao Incentivo-Frequ\u00eancia no valor de R$ 200, alguns estudantes podem receber um total maior neste momento. O valor m\u00e1ximo chega a <strong>R$ 1.200<\/strong>, resultado da soma do b\u00f4nus de conclus\u00e3o (R$ 1.000) com a parcela adicional do Enem (R$ 200). Esse pagamento \u00e9 destinado exclusivamente aos alunos que conclu\u00edram o ensino m\u00e9dio em 2025 e participaram dos dois dias de prova do exame em 2025.<\/p>\n<p>J\u00e1 para os estudantes que seguem matriculados no ensino m\u00e9dio regular em 2026, a composi\u00e7\u00e3o do benef\u00edcio muda. Nesses casos, o total tamb\u00e9m pode alcan\u00e7ar <strong>R$ 1.200<\/strong>, mas corresponde ao Incentivo-Conclus\u00e3o do ano anterior somado \u00e0 parcela de R$ 200 referente \u00e0 frequ\u00eancia escolar atual.<\/p>\n<p>Os estudantes que ainda est\u00e3o cursando o ensino m\u00e9dio e recebem o cr\u00e9dito de <a href=\"https:\/\/www.pensarcursos.com.br\/blog\/quais-sao-os-alunos-que-vao-receber-os-r-1-000-do-pe-de-meia-a-partir-da-proxima-segunda-feira-27\/\">R$ 1.000<\/a> neste per\u00edodo n\u00e3o podem movimentar esse valor. O montante \u00e9 depositado em uma conta poupan\u00e7a e permanece bloqueado, sendo liberado para saque apenas ap\u00f3s a conclus\u00e3o do ensino m\u00e9dio.<\/p>\n<p>Para os alunos da Educa\u00e7\u00e3o de Jovens e Adultos (EJA), o valor do Incentivo-Frequ\u00eancia \u00e9 ajustado para\u00a0<strong>R$ 225 mensais<\/strong>, distribu\u00eddos em at\u00e9 oito parcelas, sendo quatro por semestre.<\/p>\n<h2>Calend\u00e1rio de pagamento: quem recebe nesta ter\u00e7a-feira (28)?<\/h2>\n<p>O Minist\u00e9rio da Educa\u00e7\u00e3o (MEC) organizou o cronograma de pagamentos da parcela do Incentivo-Frequ\u00eancia com base no m\u00eas de nascimento dos estudantes. Os dep\u00f3sitos come\u00e7aram nesta segunda-feira (27) e se estendem at\u00e9 o in\u00edcio de maio.<\/p>\n<p><strong>Para quem nasceu em mar\u00e7o e abril, o valor estar\u00e1 dispon\u00edvel nesta ter\u00e7a-feira, 28 de abril<\/strong>. Confira o calend\u00e1rio completo desta rodada de pagamentos:<\/p>\n<ul>\n<li>Nascidos em janeiro e fevereiro: 27 de abril (Pago)<\/li>\n<li><strong>Nascidos em mar\u00e7o e abril: 28 de abril<\/strong><\/li>\n<li>Nascidos em maio e junho: 29 de abril<\/li>\n<li>Nascidos em julho e agosto: 30 de abril<\/li>\n<li>Nascidos em setembro e outubro: 30 de abril<\/li>\n<li>Nascidos em novembro e dezembro: 4 de maio<\/li>\n<\/ul>\n<p>Os valores s\u00e3o depositados diretamente na conta poupan\u00e7a social digital aberta automaticamente pela Caixa Econ\u00f4mica Federal em nome do estudante, que pode ser acessada pelo <a href=\"http:\/\/www.caixa.gov.br\/caixatem\/Paginas\/default.aspx\" target=\"_blank\" rel=\"noopener\">aplicativo Caixa Tem<\/a>.<\/p>\n<h2>Crit\u00e9rios para participar do programa em 2026<\/h2>\n<p>Para ser eleg\u00edvel ao P\u00e9-de-Meia, n\u00e3o basta apenas estar matriculado. \u00c9 preciso atender a um conjunto de requisitos definidos pelo governo federal. A sele\u00e7\u00e3o dos benefici\u00e1rios \u00e9 feita de forma autom\u00e1tica, cruzando dados educacionais com o Cadastro \u00danico (Cad\u00danico).<\/p>\n<h3>Veja os crit\u00e9rios principais:<\/h3>\n<ul>\n<li><strong>Idade:<\/strong>\u00a0Ter entre 14 e 24 anos para o ensino m\u00e9dio regular, ou entre 19 e 24 anos para a modalidade EJA.<\/li>\n<li><strong>Educa\u00e7\u00e3o:<\/strong>\u00a0Estar regularmente matriculado no ensino m\u00e9dio de escolas da rede p\u00fablica.<\/li>\n<li><strong>Cadastro social:<\/strong>\u00a0Fazer parte de uma fam\u00edlia inscrita no Cad\u00danico, com os dados atualizados. A data limite para a atualiza\u00e7\u00e3o que garante a elegibilidade em 2026 \u00e9 7 de agosto.<\/li>\n<li><strong>Renda:<\/strong>\u00a0A <a href=\"https:\/\/www.pensarcursos.com.br\/blog\/renda-familiar-per-capita-o-que-e-e-como-calcular-sem-erros\/\">renda familiar por pessoa<\/a> n\u00e3o pode ultrapassar meio sal\u00e1rio m\u00ednimo.<\/li>\n<li><strong>Documenta\u00e7\u00e3o:<\/strong>\u00a0Possuir Cadastro de Pessoa F\u00edsica (CPF) em situa\u00e7\u00e3o regular.<\/li>\n<li><strong>Frequ\u00eancia:<\/strong>\u00a0Manter uma frequ\u00eancia escolar de, no m\u00ednimo, 80% das horas letivas.<\/li>\n<\/ul>\n<h2>Como funciona a inscri\u00e7\u00e3o e o recebimento do benef\u00edcio?<\/h2>\n<p>Um dos pontos do P\u00e9-de-Meia \u00e9 a aus\u00eancia de um processo de inscri\u00e7\u00e3o manual. Se o estudante cumprir todos os pr\u00e9-requisitos, sua inclus\u00e3o no programa \u00e9 autom\u00e1tica. O MEC utiliza as informa\u00e7\u00f5es do censo escolar e do Cad\u00danico para identificar os jovens aptos a receber o benef\u00edcio.<\/p>\n<p>Caso haja alguma pend\u00eancia, especialmente no Cad\u00danico, \u00e9 fundamental que a fam\u00edlia procure o Centro de Refer\u00eancia de Assist\u00eancia Social (CRAS) de seu munic\u00edpio para regularizar a situa\u00e7\u00e3o. Documentos como CPF, comprovante de matr\u00edcula e de renda familiar s\u00e3o importantes para manter o cadastro sempre atualizado. A secretaria da escola tamb\u00e9m \u00e9 um ponto de apoio para tirar d\u00favidas sobre o processo.<\/p>\n<h2>N\u00e3o recebeu o pagamento? Saiba o que fazer<\/h2>\n<p>Se a data do seu pagamento chegou e o valor n\u00e3o apareceu no aplicativo Caixa Tem, n\u00e3o se desespere. O primeiro passo \u00e9 verificar se voc\u00ea realmente se enquadra em todos os crit\u00e9rios do programa. Em seguida, siga estas orienta\u00e7\u00f5es:<\/p>\n<ol>\n<li><strong>Consulte o App Caixa Tem:<\/strong>\u00a0Verifique o extrato e as notifica\u00e7\u00f5es do aplicativo para confirmar se n\u00e3o houve o dep\u00f3sito.<\/li>\n<li><strong>Verifique o Cad\u00danico:<\/strong>\u00a0Confirme se os dados da sua fam\u00edlia est\u00e3o atualizados e corretos. Qualquer inconsist\u00eancia pode bloquear o pagamento.<\/li>\n<li><strong>Procure a escola:<\/strong>\u00a0A coordena\u00e7\u00e3o da sua escola pode informar se seus dados de matr\u00edcula e frequ\u00eancia foram enviados corretamente ao MEC.<\/li>\n<li><strong>V\u00e1 a uma ag\u00eancia da Caixa:<\/strong>\u00a0Se a conta digital apresentar algum problema de acesso ou bloqueio, o estudante deve ir a uma ag\u00eancia com seus documentos pessoais para resolver a situa\u00e7\u00e3o.<\/li>\n<\/ol>\n<p>Quer ficar por dentro de mais informa\u00e7\u00f5es? Acesse outros conte\u00fados do <a href=\"https:\/\/www.pensarcursos.com.br\/blog\/\" target=\"_blank\" rel=\"noopener\">Blog Pensar Cursos<\/a>.<\/p>\n<p>Saiba mais:<\/p>\n<div class=\"jeg_video_container jeg_video_content\"><iframe title=\"Quando cai o P\u00e9-de-Meia em abril de 2026? Veja o calend\u00e1rio completo\" width=\"500\" height=\"281\" src=\"https:\/\/www.youtube.com\/embed\/YBqJdnD5YzM?feature=oembed\" frameborder=\"0\" allow=\"accelerometer; autoplay; clipboard-write; encrypted-media; gyroscope; picture-in-picture; web-share\" referrerpolicy=\"strict-origin-when-cross-origin\" allowfullscreen><\/iframe><\/div>\n","protected":false},"excerpt":{"rendered":"<p>A nova etapa de pagamentos do programa P\u00e9-de-Meia 2026 j\u00e1 est\u00e1 em andamento, contemplando milhares de estudantes da rede p\u00fablica. Nesta ter\u00e7a-feira (28), ser\u00e3o realizados novos dep\u00f3sitos, podendo chegar ao valor m\u00e1ximo para alguns benefici\u00e1rios. Com isso, cresce a expectativa entre os alunos para saber se o valor ser\u00e1 creditado em suas contas. Se voc\u00ea [&hellip;]<\/p>\n","protected":false},"author":54,"featured_media":158159,"comment_status":"open","ping_status":"closed","sticky":false,"template":"","format":"standard","meta":{"jnews-multi-image_gallery":[],"jnews_single_post":{"subtitle":"Nova rodada de dep\u00f3sitos come\u00e7ou nesta segunda-feira (27); confira o calend\u00e1rio","format":"standard","override":[{"template":"1","parallax":"1","fullscreen":"1","layout":"right-sidebar","sidebar":"default-sidebar","second_sidebar":"default-sidebar","sticky_sidebar":"1","share_position":"topbottom","share_float_style":"share-monocrhome","show_featured":"1","show_post_meta":"1","show_post_author":"1","show_post_author_image":"1","show_post_date":"1","post_date_format":"default","post_date_format_custom":"Y\/m\/d","show_post_category":"1","post_reading_time_wpm":"300","post_calculate_word_method":"str_word_count","show_zoom_button":"0","zoom_button_out_step":"2","zoom_button_in_step":"3","show_post_tag":"1","show_prev_next_post":"1","show_popup_post":"1","show_comment_section":"1","number_popup_post":"2","show_author_box":"1","show_post_related":"1","show_inline_post_related":"1"}],"image_override":[{"single_post_thumbnail_size":"crop-500","single_post_gallery_size":"crop-500"}],"trending_post_position":"meta","trending_post_label":"Trending","sponsored_post_label":"Sponsored by","disable_ad":"0"},"jnews_primary_category":[],"jnews_social_meta":[],"jnews_override_counter":{"view_counter_number":"0","share_counter_number":"0","like_counter_number":"0","dislike_counter_number":"0"},"footnotes":""},"categories":[1657,17201],"tags":[28630,36015,41878],"class_list":["post-158139","post","type-post","status-publish","format-standard","has-post-thumbnail","hentry","category-beneficios-sociais","category-pe-de-meia","tag-incentivo-conclusao-pe-de-meia","tag-pe-de-meia-2026","tag-pe-de-meia-de-abril-2026"],"yoast_head":"<!-- This site is optimized with the Yoast SEO Premium plugin v27.4 (Yoast SEO v27.4) - https:\/\/yoast.com\/product\/yoast-seo-premium-wordpress\/ -->\n<title>P\u00e9-de-Meia libera pagamentos nesta ter\u00e7a-feira (28): veja se voc\u00ea tamb\u00e9m receber\u00e1 o valor m\u00e1ximo - Blog Pensar Cursos<\/title>\n<meta name=\"description\" content=\"O programa P\u00e9-de-Meia libera a segunda parcela nesta ter\u00e7a-feira (28). Confira o calend\u00e1rio e veja quem tem direito ao valor m\u00e1ximo.\" \/>\n<meta name=\"robots\" content=\"index, follow, max-snippet:-1, max-image-preview:large, max-video-preview:-1\" \/>\n<link rel=\"canonical\" href=\"https:\/\/www.pensarcursos.com.br\/blog\/pe-de-meia-libera-pagamentos-nesta-terca-feira-28-veja-se-voce-tambem-recebera-o-valor-maximo\/\" \/>\n<meta property=\"og:locale\" content=\"pt_BR\" \/>\n<meta property=\"og:type\" content=\"article\" \/>\n<meta property=\"og:title\" content=\"P\u00e9-de-Meia libera pagamentos nesta ter\u00e7a-feira (28): veja se voc\u00ea tamb\u00e9m receber\u00e1 o valor m\u00e1ximo\" \/>\n<meta property=\"og:description\" content=\"O programa P\u00e9-de-Meia libera a segunda parcela nesta ter\u00e7a-feira (28). Confira o calend\u00e1rio e veja quem tem direito ao valor m\u00e1ximo.\" \/>\n<meta property=\"og:url\" content=\"https:\/\/www.pensarcursos.com.br\/blog\/pe-de-meia-libera-pagamentos-nesta-terca-feira-28-veja-se-voce-tambem-recebera-o-valor-maximo\/\" \/>\n<meta property=\"og:site_name\" content=\"Blog Pensar Cursos\" \/>\n<meta property=\"article:publisher\" content=\"https:\/\/www.facebook.com\/pensarcursos\/\" \/>\n<meta property=\"article:published_time\" content=\"2026-04-27T19:29:49+00:00\" \/>\n<meta property=\"og:image\" content=\"https:\/\/www.pensarcursos.com.br\/blog\/wp-content\/uploads\/2026\/04\/pe-de-meia-de-abril-1.webp\" \/>\n\t<meta property=\"og:image:width\" content=\"1200\" \/>\n\t<meta property=\"og:image:height\" content=\"800\" \/>\n\t<meta property=\"og:image:type\" content=\"image\/webp\" \/>\n<meta name=\"author\" content=\"Quezia Andrade\" \/>\n<meta name=\"twitter:card\" content=\"summary_large_image\" \/>\n<meta name=\"twitter:label1\" content=\"Escrito por\" \/>\n\t<meta name=\"twitter:data1\" content=\"Quezia Andrade\" \/>\n\t<meta name=\"twitter:label2\" content=\"Est. tempo de leitura\" \/>\n\t<meta name=\"twitter:data2\" content=\"6 minutos\" \/>\n<!-- \/ Yoast SEO Premium plugin. -->","yoast_head_json":{"title":"P\u00e9-de-Meia libera pagamentos nesta ter\u00e7a-feira (28): veja se voc\u00ea tamb\u00e9m receber\u00e1 o valor m\u00e1ximo - Blog Pensar Cursos","description":"O programa P\u00e9-de-Meia libera a segunda parcela nesta ter\u00e7a-feira (28). Confira o calend\u00e1rio e veja quem tem direito ao valor m\u00e1ximo.","robots":{"index":"index","follow":"follow","max-snippet":"max-snippet:-1","max-image-preview":"max-image-preview:large","max-video-preview":"max-video-preview:-1"},"canonical":"https:\/\/www.pensarcursos.com.br\/blog\/pe-de-meia-libera-pagamentos-nesta-terca-feira-28-veja-se-voce-tambem-recebera-o-valor-maximo\/","og_locale":"pt_BR","og_type":"article","og_title":"P\u00e9-de-Meia libera pagamentos nesta ter\u00e7a-feira (28): veja se voc\u00ea tamb\u00e9m receber\u00e1 o valor m\u00e1ximo","og_description":"O programa P\u00e9-de-Meia libera a segunda parcela nesta ter\u00e7a-feira (28). Confira o calend\u00e1rio e veja quem tem direito ao valor m\u00e1ximo.","og_url":"https:\/\/www.pensarcursos.com.br\/blog\/pe-de-meia-libera-pagamentos-nesta-terca-feira-28-veja-se-voce-tambem-recebera-o-valor-maximo\/","og_site_name":"Blog Pensar Cursos","article_publisher":"https:\/\/www.facebook.com\/pensarcursos\/","article_published_time":"2026-04-27T19:29:49+00:00","og_image":[{"width":1200,"height":800,"url":"https:\/\/www.pensarcursos.com.br\/blog\/wp-content\/uploads\/2026\/04\/pe-de-meia-de-abril-1.webp","type":"image\/webp"}],"author":"Quezia Andrade","twitter_card":"summary_large_image","twitter_misc":{"Escrito por":"Quezia Andrade","Est. tempo de leitura":"6 minutos"},"schema":{"@context":"https:\/\/schema.org","@graph":[{"@type":["Article","BlogPosting"],"@id":"https:\/\/www.pensarcursos.com.br\/blog\/pe-de-meia-libera-pagamentos-nesta-terca-feira-28-veja-se-voce-tambem-recebera-o-valor-maximo\/#article","isPartOf":{"@id":"https:\/\/www.pensarcursos.com.br\/blog\/pe-de-meia-libera-pagamentos-nesta-terca-feira-28-veja-se-voce-tambem-recebera-o-valor-maximo\/"},"author":{"name":"Quezia Andrade","@id":"https:\/\/www.pensarcursos.com.br\/blog\/#\/schema\/person\/28714c166fa847c28e0ba3e4d47c1033"},"headline":"P\u00e9-de-Meia libera pagamentos nesta ter\u00e7a-feira (28): veja se voc\u00ea tamb\u00e9m receber\u00e1 o valor m\u00e1ximo","datePublished":"2026-04-27T19:29:49+00:00","mainEntityOfPage":{"@id":"https:\/\/www.pensarcursos.com.br\/blog\/pe-de-meia-libera-pagamentos-nesta-terca-feira-28-veja-se-voce-tambem-recebera-o-valor-maximo\/"},"wordCount":993,"commentCount":0,"publisher":{"@id":"https:\/\/www.pensarcursos.com.br\/blog\/#organization"},"image":{"@id":"https:\/\/www.pensarcursos.com.br\/blog\/pe-de-meia-libera-pagamentos-nesta-terca-feira-28-veja-se-voce-tambem-recebera-o-valor-maximo\/#primaryimage"},"thumbnailUrl":"https:\/\/www.pensarcursos.com.br\/blog\/wp-content\/uploads\/2026\/04\/pe-de-meia-de-abril-1.webp","keywords":["incentivo conclus\u00e3o p\u00e9 de meia","p\u00e9 de meia 2026","p\u00e9 de meia de abril 2026"],"articleSection":["Benef\u00edcios Sociais","P\u00e9-de-Meia"],"inLanguage":"pt-BR","potentialAction":[{"@type":"CommentAction","name":"Comment","target":["https:\/\/www.pensarcursos.com.br\/blog\/pe-de-meia-libera-pagamentos-nesta-terca-feira-28-veja-se-voce-tambem-recebera-o-valor-maximo\/#respond"]}],"copyrightYear":"2026","copyrightHolder":{"@id":"https:\/\/www.pensarcursos.com.br\/blog\/#organization"}},{"@type":"WebPage","@id":"https:\/\/www.pensarcursos.com.br\/blog\/pe-de-meia-libera-pagamentos-nesta-terca-feira-28-veja-se-voce-tambem-recebera-o-valor-maximo\/","url":"https:\/\/www.pensarcursos.com.br\/blog\/pe-de-meia-libera-pagamentos-nesta-terca-feira-28-veja-se-voce-tambem-recebera-o-valor-maximo\/","name":"P\u00e9-de-Meia libera pagamentos nesta ter\u00e7a-feira (28): veja se voc\u00ea tamb\u00e9m receber\u00e1 o valor m\u00e1ximo - Blog Pensar Cursos","isPartOf":{"@id":"https:\/\/www.pensarcursos.com.br\/blog\/#website"},"primaryImageOfPage":{"@id":"https:\/\/www.pensarcursos.com.br\/blog\/pe-de-meia-libera-pagamentos-nesta-terca-feira-28-veja-se-voce-tambem-recebera-o-valor-maximo\/#primaryimage"},"image":{"@id":"https:\/\/www.pensarcursos.com.br\/blog\/pe-de-meia-libera-pagamentos-nesta-terca-feira-28-veja-se-voce-tambem-recebera-o-valor-maximo\/#primaryimage"},"thumbnailUrl":"https:\/\/www.pensarcursos.com.br\/blog\/wp-content\/uploads\/2026\/04\/pe-de-meia-de-abril-1.webp","datePublished":"2026-04-27T19:29:49+00:00","description":"O programa P\u00e9-de-Meia libera a segunda parcela nesta ter\u00e7a-feira (28). Confira o calend\u00e1rio e veja quem tem direito ao valor m\u00e1ximo.","breadcrumb":{"@id":"https:\/\/www.pensarcursos.com.br\/blog\/pe-de-meia-libera-pagamentos-nesta-terca-feira-28-veja-se-voce-tambem-recebera-o-valor-maximo\/#breadcrumb"},"inLanguage":"pt-BR","potentialAction":[{"@type":"ReadAction","target":["https:\/\/www.pensarcursos.com.br\/blog\/pe-de-meia-libera-pagamentos-nesta-terca-feira-28-veja-se-voce-tambem-recebera-o-valor-maximo\/"]}]},{"@type":"ImageObject","inLanguage":"pt-BR","@id":"https:\/\/www.pensarcursos.com.br\/blog\/pe-de-meia-libera-pagamentos-nesta-terca-feira-28-veja-se-voce-tambem-recebera-o-valor-maximo\/#primaryimage","url":"https:\/\/www.pensarcursos.com.br\/blog\/wp-content\/uploads\/2026\/04\/pe-de-meia-de-abril-1.webp","contentUrl":"https:\/\/www.pensarcursos.com.br\/blog\/wp-content\/uploads\/2026\/04\/pe-de-meia-de-abril-1.webp","width":1200,"height":800,"caption":"Pagamentos do P\u00e9-de-Meia seguem nesta ter\u00e7a-feira (28) e podem atingir o valor m\u00e1ximo para determinados estudantes. Imagem: Blog Pensar Cursos"},{"@type":"BreadcrumbList","@id":"https:\/\/www.pensarcursos.com.br\/blog\/pe-de-meia-libera-pagamentos-nesta-terca-feira-28-veja-se-voce-tambem-recebera-o-valor-maximo\/#breadcrumb","itemListElement":[{"@type":"ListItem","position":1,"name":"Home","item":"https:\/\/www.pensarcursos.com.br\/blog\/"},{"@type":"ListItem","position":2,"name":"P\u00e9-de-Meia libera pagamentos nesta ter\u00e7a-feira (28): veja se voc\u00ea tamb\u00e9m receber\u00e1 o valor m\u00e1ximo"}]},{"@type":"WebSite","@id":"https:\/\/www.pensarcursos.com.br\/blog\/#website","url":"https:\/\/www.pensarcursos.com.br\/blog\/","name":"Blog Pensar Cursos","description":"Maior Site de Cursos do Brasil","publisher":{"@id":"https:\/\/www.pensarcursos.com.br\/blog\/#organization"},"alternateName":"Blog Pensar","potentialAction":[{"@type":"SearchAction","target":{"@type":"EntryPoint","urlTemplate":"https:\/\/www.pensarcursos.com.br\/blog\/?s={search_term_string}"},"query-input":{"@type":"PropertyValueSpecification","valueRequired":true,"valueName":"search_term_string"}}],"inLanguage":"pt-BR"},{"@type":"Organization","@id":"https:\/\/www.pensarcursos.com.br\/blog\/#organization","name":"Pensar Cursos","alternateName":"Blog pensar","url":"https:\/\/www.pensarcursos.com.br\/blog\/","logo":{"@type":"ImageObject","inLanguage":"pt-BR","@id":"https:\/\/www.pensarcursos.com.br\/blog\/#\/schema\/logo\/image\/","url":"https:\/\/www.pensarcursos.com.br\/blog\/wp-content\/uploads\/2023\/11\/Nova-Logo-Pensar-Cursos-vertical.png","contentUrl":"https:\/\/www.pensarcursos.com.br\/blog\/wp-content\/uploads\/2023\/11\/Nova-Logo-Pensar-Cursos-vertical.png","width":1393,"height":1001,"caption":"Pensar Cursos"},"image":{"@id":"https:\/\/www.pensarcursos.com.br\/blog\/#\/schema\/logo\/image\/"},"sameAs":["https:\/\/www.facebook.com\/pensarcursos\/","https:\/\/instagram.com.br\/pensarcursos"],"description":"Pensar Cursos \u00e9 uma empresa especializada em oferecer cursos de alta qualidade voltados para o desenvolvimento profissional e acad\u00eamico. Com uma ampla gama de op\u00e7\u00f5es de treinamento, oferecemos conte\u00fados atualizados, ministrados por especialistas da \u00e1rea, para capacitar indiv\u00edduos e equipes a atingirem seus objetivos. Nossa miss\u00e3o \u00e9 proporcionar uma educa\u00e7\u00e3o transformadora, acess\u00edvel e personalizada para cada aluno, seja em cursos presenciais ou online. Com uma abordagem inovadora, buscamos adaptar os nossos programas de ensino \u00e0s necessidades do mercado, criando solu\u00e7\u00f5es que atendem aos desafios e exig\u00eancias do mundo corporativo e acad\u00eamico. Nossos cursos incluem desde forma\u00e7\u00f5es t\u00e9cnicas at\u00e9 habilidades essenciais, como lideran\u00e7a, gest\u00e3o e desenvolvimento pessoal.","email":"contato@pensarcursos.com.br","legalName":"Sena Servi\u00e7os de Informa\u00e7\u00e3o Online LTDA","foundingDate":"2013-04-18","vatID":"17956217000172","numberOfEmployees":{"@type":"QuantitativeValue","minValue":"11","maxValue":"50"},"publishingPrinciples":"https:\/\/www.pensarcursos.com.br\/blog\/principios-de-publicacao\/","ownershipFundingInfo":"https:\/\/www.pensarcursos.com.br\/blog\/informacoes-de-propriedade-financiamento\/","actionableFeedbackPolicy":"https:\/\/www.pensarcursos.com.br\/blog\/politica-de-feedback-acionavel\/","correctionsPolicy":"https:\/\/www.pensarcursos.com.br\/blog\/politica-de-correcoes\/","ethicsPolicy":"https:\/\/www.pensarcursos.com.br\/blog\/politica-de-etica\/"},{"@type":"Person","@id":"https:\/\/www.pensarcursos.com.br\/blog\/#\/schema\/person\/28714c166fa847c28e0ba3e4d47c1033","name":"Quezia Andrade","image":{"@type":"ImageObject","inLanguage":"pt-BR","@id":"https:\/\/secure.gravatar.com\/avatar\/ca40343eca0c667f062032144581527936aae03191aca76e9d4c4de5a5c7cd14?s=96&d=mm&r=g","url":"https:\/\/secure.gravatar.com\/avatar\/ca40343eca0c667f062032144581527936aae03191aca76e9d4c4de5a5c7cd14?s=96&d=mm&r=g","contentUrl":"https:\/\/secure.gravatar.com\/avatar\/ca40343eca0c667f062032144581527936aae03191aca76e9d4c4de5a5c7cd14?s=96&d=mm&r=g","caption":"Quezia Andrade"},"description":"Biom\u00e9dica CRBM2 n\u00ba 17394. Redatora do grupo Sena Online.","sameAs":["https:\/\/www.instagram.com\/_quezia_b?igsh=cWF2dDNxbXd6ejF4&utm_source=qr","https:\/\/www.linkedin.com\/in\/quzia-borges-andrade-907778266?utm_source=share&utm_campaign=share_via&utm_content=profile&utm_medium=ios_app"],"url":"https:\/\/www.pensarcursos.com.br\/blog\/author\/quezia\/"}]}},"_links":{"self":[{"href":"https:\/\/www.pensarcursos.com.br\/blog\/wp-json\/wp\/v2\/posts\/158139","targetHints":{"allow":["GET"]}}],"collection":[{"href":"https:\/\/www.pensarcursos.com.br\/blog\/wp-json\/wp\/v2\/posts"}],"about":[{"href":"https:\/\/www.pensarcursos.com.br\/blog\/wp-json\/wp\/v2\/types\/post"}],"author":[{"embeddable":true,"href":"https:\/\/www.pensarcursos.com.br\/blog\/wp-json\/wp\/v2\/users\/54"}],"replies":[{"embeddable":true,"href":"https:\/\/www.pensarcursos.com.br\/blog\/wp-json\/wp\/v2\/comments?post=158139"}],"version-history":[{"count":4,"href":"https:\/\/www.pensarcursos.com.br\/blog\/wp-json\/wp\/v2\/posts\/158139\/revisions"}],"predecessor-version":[{"id":158209,"href":"https:\/\/www.pensarcursos.com.br\/blog\/wp-json\/wp\/v2\/posts\/158139\/revisions\/158209"}],"wp:featuredmedia":[{"embeddable":true,"href":"https:\/\/www.pensarcursos.com.br\/blog\/wp-json\/wp\/v2\/media\/158159"}],"wp:attachment":[{"href":"https:\/\/www.pensarcursos.com.br\/blog\/wp-json\/wp\/v2\/media?parent=158139"}],"wp:term":[{"taxonomy":"category","embeddable":true,"href":"https:\/\/www.pensarcursos.com.br\/blog\/wp-json\/wp\/v2\/categories?post=158139"},{"taxonomy":"post_tag","embeddable":true,"href":"https:\/\/www.pensarcursos.com.br\/blog\/wp-json\/wp\/v2\/tags?post=158139"}],"curies":[{"name":"wp","href":"https:\/\/api.w.org\/{rel}","templated":true}]}}