{"id":158049,"date":"2026-04-27T15:59:14","date_gmt":"2026-04-27T18:59:14","guid":{"rendered":"https:\/\/www.pensarcursos.com.br\/blog\/?p=158049"},"modified":"2026-04-27T10:43:20","modified_gmt":"2026-04-27T13:43:20","slug":"medo-de-passar-necessidade-entenda-o-que-a-psicologia-diz-sobre-esse-trauma-silencioso","status":"publish","type":"post","link":"https:\/\/www.pensarcursos.com.br\/blog\/medo-de-passar-necessidade-entenda-o-que-a-psicologia-diz-sobre-esse-trauma-silencioso\/","title":{"rendered":"Medo de passar necessidade: entenda o que a psicologia diz sobre esse trauma silencioso"},"content":{"rendered":"<p>Mesmo quando tudo parece sob controle, com as contas pagas em dia, o emprego garantido e uma pequena reserva financeira, milhares de pessoas convivem diariamente com uma inquieta\u00e7\u00e3o quase invis\u00edvel: <strong>o medo de passar necessidade.<\/strong> Este sentimento \u00e9 mais comum do que se imagina e, apesar do cen\u00e1rio est\u00e1vel, gera ang\u00fastia, preocupa\u00e7\u00e3o constante e afeta profundamente as decis\u00f5es cotidianas.<\/p>\n<p>A d\u00favida que fica \u00e9: <strong>por que, mesmo em situa\u00e7\u00f5es seguras, tantos seguem vivendo como se o ch\u00e3o pudesse ruir de uma hora para outra?<\/strong> O que a psicologia revela sobre esse temor que assombra at\u00e9 quem, em teoria, n\u00e3o deveria temer a falta? Continue lendo e saiba mais!<\/p>\n<h2>Medo de passar necessidade e suas ra\u00edzes<\/h2>\n<p>Os especialistas explicam que o medo de passar necessidade geralmente nasce de contextos de vulnerabilidade\u2015situa\u00e7\u00f5es em que faltar recursos b\u00e1sicos foi, ou ainda \u00e9, uma realidade. Conforme explica a psic\u00f3loga Maria Milena, da plataforma AfroSa\u00fade, pessoas que cresceram sem uma rede s\u00f3lida de apoio, ou que vivenciaram epis\u00f3dios marcantes de perda, priva\u00e7\u00e3o ou instabilidade, podem carregar traumas silenciosos para a vida adulta.<\/p>\n<p>A escassez, muitas vezes, n\u00e3o se limita ao aspecto financeiro. Ela pode ser tamb\u00e9m simb\u00f3lica: aus\u00eancia de pertencimento, de afeto, de cuidado e, principalmente, de refer\u00eancias positivas sobre o futuro. Para quem enfrentou contextos de extrema precariedade, o medo da falta se torna parte da constru\u00e7\u00e3o pessoal e se manifesta em sentimentos de hipervigil\u00e2ncia e ansiedade constante.<\/p>\n<p>Nesses casos, mesmo diante de estabilidade, o corpo e a mente agem como se ainda existisse um risco iminente, o que gera preocupa\u00e7\u00e3o excessiva, dificuldade de relaxar e inseguran\u00e7a em planejar o futuro.<\/p>\n<h2>Como o trauma pode impactar a sa\u00fade emocional e social<\/h2>\n<figure id=\"attachment_158142\" aria-describedby=\"caption-attachment-158142\" style=\"width: 1024px\" class=\"wp-caption aligncenter\"><img decoding=\"async\" class=\"size-large wp-image-158142\" src=\"https:\/\/www.pensarcursos.com.br\/blog\/wp-content\/uploads\/2026\/04\/medo-de-passar-necessidade-impacto-emocional-e-social-1024x683.webp\" alt=\"Homem sentado com a m\u00e3o na cabe\u00e7a demonstrando preocupa\u00e7\u00e3o e sofrimento ligados \u00e0 inseguran\u00e7a emocional e medo de perder estabilidade\" width=\"1024\" height=\"683\" srcset=\"https:\/\/www.pensarcursos.com.br\/blog\/wp-content\/uploads\/2026\/04\/medo-de-passar-necessidade-impacto-emocional-e-social-1024x683.webp 1024w, https:\/\/www.pensarcursos.com.br\/blog\/wp-content\/uploads\/2026\/04\/medo-de-passar-necessidade-impacto-emocional-e-social-300x200.webp 300w, https:\/\/www.pensarcursos.com.br\/blog\/wp-content\/uploads\/2026\/04\/medo-de-passar-necessidade-impacto-emocional-e-social-768x512.webp 768w, https:\/\/www.pensarcursos.com.br\/blog\/wp-content\/uploads\/2026\/04\/medo-de-passar-necessidade-impacto-emocional-e-social-750x500.webp 750w, https:\/\/www.pensarcursos.com.br\/blog\/wp-content\/uploads\/2026\/04\/medo-de-passar-necessidade-impacto-emocional-e-social-1140x760.webp 1140w, https:\/\/www.pensarcursos.com.br\/blog\/wp-content\/uploads\/2026\/04\/medo-de-passar-necessidade-impacto-emocional-e-social.webp 1200w\" sizes=\"(max-width: 1024px) 100vw, 1024px\" \/><figcaption id=\"caption-attachment-158142\" class=\"wp-caption-text\">O medo constante de perder a estabilidade pode afetar decis\u00f5es, rela\u00e7\u00f5es e o bem-estar emocional.\/ Imagem: Freepik<\/figcaption><\/figure>\n<p>Viver sob a sombra desse receio chega a influenciar decis\u00f5es importantes, rela\u00e7\u00f5es pessoais e at\u00e9 a sa\u00fade f\u00edsica. Pessoas afetadas costumam limitar escolhas profissionais por <a href=\"https:\/\/www.pensarcursos.com.br\/blog\/o-medo-do-escuro-o-que-a-psicologia-tem-a-dizer-sobre-isso\/\" target=\"_blank\" rel=\"noopener\">medo<\/a> de perder a \u201cseguran\u00e7a\u201d, evitam despesas que poderiam proporcionar bem-estar e, muitas vezes, resistem a mudan\u00e7as, mesmo as positivas, por recearem perder o controle da pr\u00f3pria estabilidade.<\/p>\n<p>O medo transforma-se, nesse processo, em um ciclo: <strong>quanto mais se busca evitar a escassez, mais a ansiedade aumenta.<\/strong> Rela\u00e7\u00f5es interpessoais podem ser afetadas, pois confiar nos outros parece arriscado demais. H\u00e1 tamb\u00e9m quem desenvolva h\u00e1bitos de autossabotagem, dificultando o alcance de objetivos ou recusando oportunidades de crescimento, por n\u00e3o se julgar merecedor ou n\u00e3o acreditar que ser\u00e1 capaz de sustentar novas conquistas.<\/p>\n<h2>Vulnerabilidade social e aus\u00eancia de pol\u00edticas p\u00fablicas<\/h2>\n<p>Para indiv\u00edduos oriundos de contextos sociais prec\u00e1rios, a situa\u00e7\u00e3o se agrava. Segundo a psic\u00f3loga Milena, nem todos t\u00eam acesso a recursos como educa\u00e7\u00e3o de qualidade, pol\u00edticas p\u00fablicas e suporte comunit\u00e1rio. A falta dessas ferramentas cria um estado de inseguran\u00e7a permanente, em que o <a href=\"https:\/\/www.pensarcursos.com.br\/blog\/medo-de-palhaco-tem-nome-psicologia-explica-essa-fobia\/\" target=\"_blank\" rel=\"noopener\">medo<\/a> de passar necessidade \u00e9 agravado pela aus\u00eancia de refer\u00eancias e possibilidades concretas.<\/p>\n<p>Nesses cen\u00e1rios, a escassez torna-se um campo f\u00e9rtil para pensamentos negativos e estados emocionais como ansiedade, tristeza e sensa\u00e7\u00e3o de impot\u00eancia.<\/p>\n<h2>Solu\u00e7\u00f5es e o papel da psicoterapia no enfrentamento<\/h2>\n<p>Embora intenso, esse sentimento pode ser administrado. Na avalia\u00e7\u00e3o de especialistas, a psicoterapia aparece como recurso importante para quem deseja lidar com o medo constante de perder tudo. O processo come\u00e7a pelo reconhecimento das experi\u00eancias e narrativas de escassez internalizadas ao longo da vida.<\/p>\n<p>Durante o acompanhamento psicol\u00f3gico, a pessoa passa a reconhecer padr\u00f5es de pensamento, gatilhos emocionais e comportamentos defensivos. A partir disso, surgem estrat\u00e9gias para tornar esse medo menos frequente e impactante, promovendo mudan\u00e7as nos h\u00e1bitos e uma rela\u00e7\u00e3o mais saud\u00e1vel com o dinheiro, trabalho e rela\u00e7\u00f5es.<\/p>\n<p>No entanto, o apoio n\u00e3o pode se limitar ao consult\u00f3rio. Para fam\u00edlias em vulnerabilidade concreta, \u00e9 fundamental mobilizar redes de apoio\u2015como grupos de assist\u00eancia social, programas ou mesmo iniciativas comunit\u00e1rias.<\/p>\n<p>Para quem deseja entender mais sobre sentimentos, comportamento e sa\u00fade mental, vale a pena acompanhar as novidades do<a href=\"https:\/\/www.pensarcursos.com.br\/blog\/\" target=\"_blank\" rel=\"noopener\"> Blog Pensar Cursos<\/a>.<\/p>\n","protected":false},"excerpt":{"rendered":"<p>Mesmo quando tudo parece sob controle, com as contas pagas em dia, o emprego garantido e uma pequena reserva financeira, milhares de pessoas convivem diariamente com uma inquieta\u00e7\u00e3o quase invis\u00edvel: o medo de passar necessidade. Este sentimento \u00e9 mais comum do que se imagina e, apesar do cen\u00e1rio est\u00e1vel, gera ang\u00fastia, preocupa\u00e7\u00e3o constante e afeta [&hellip;]<\/p>\n","protected":false},"author":50,"featured_media":158140,"comment_status":"open","ping_status":"closed","sticky":false,"template":"","format":"standard","meta":{"jnews-multi-image_gallery":[],"jnews_single_post":{"format":"standard","override":[{"template":"1","parallax":"1","fullscreen":"1","layout":"right-sidebar","sidebar":"default-sidebar","second_sidebar":"default-sidebar","sticky_sidebar":"1","share_position":"topbottom","share_float_style":"share-monocrhome","show_featured":"1","show_post_meta":"1","show_post_author":"1","show_post_author_image":"1","show_post_date":"1","post_date_format":"default","post_date_format_custom":"Y\/m\/d","show_post_category":"1","post_reading_time_wpm":"300","post_calculate_word_method":"str_word_count","show_zoom_button":"0","zoom_button_out_step":"2","zoom_button_in_step":"3","show_post_tag":"1","show_prev_next_post":"1","show_popup_post":"1","show_comment_section":"1","number_popup_post":"2","show_author_box":"1","show_post_related":"1","show_inline_post_related":"1"}],"image_override":[{"single_post_thumbnail_size":"crop-500","single_post_gallery_size":"crop-500"}],"trending_post_position":"meta","trending_post_label":"Trending","sponsored_post_label":"Sponsored by","disable_ad":"0","subtitle":"Entenda por que esse medo persiste mesmo quando n\u00e3o h\u00e1 risco imediato"},"jnews_primary_category":[],"jnews_social_meta":[],"jnews_override_counter":{"view_counter_number":"0","share_counter_number":"0","like_counter_number":"0","dislike_counter_number":"0"},"footnotes":""},"categories":[27431],"tags":[41866,28212,41868,41867],"class_list":["post-158049","post","type-post","status-publish","format-standard","has-post-thumbnail","hentry","category-psicologia-e-comportamento","tag-ansiedade-financeira","tag-seguranca-financeira","tag-trauma-estabilidade-financeira","tag-trauma-financeiro"],"yoast_head":"<!-- This site is optimized with the Yoast SEO Premium plugin v27.4 (Yoast SEO v27.4) - https:\/\/yoast.com\/product\/yoast-seo-premium-wordpress\/ -->\n<title>Medo de passar necessidade: entenda o que a psicologia diz sobre esse trauma silencioso - Blog Pensar Cursos<\/title>\n<meta name=\"description\" content=\"Descubra por que o medo de passar necessidade assombra at\u00e9 quem vive com estabilidade. Entenda as causas, impactos e saiba como superar. Confira!\" \/>\n<meta name=\"robots\" content=\"index, follow, max-snippet:-1, max-image-preview:large, max-video-preview:-1\" \/>\n<link rel=\"canonical\" href=\"https:\/\/www.pensarcursos.com.br\/blog\/medo-de-passar-necessidade-entenda-o-que-a-psicologia-diz-sobre-esse-trauma-silencioso\/\" \/>\n<meta property=\"og:locale\" content=\"pt_BR\" \/>\n<meta property=\"og:type\" content=\"article\" \/>\n<meta property=\"og:title\" content=\"Medo de passar necessidade: entenda o que a psicologia diz sobre esse trauma silencioso\" \/>\n<meta property=\"og:description\" content=\"Descubra por que o medo de passar necessidade assombra at\u00e9 quem vive com estabilidade. Entenda as causas, impactos e saiba como superar. Confira!\" \/>\n<meta property=\"og:url\" content=\"https:\/\/www.pensarcursos.com.br\/blog\/medo-de-passar-necessidade-entenda-o-que-a-psicologia-diz-sobre-esse-trauma-silencioso\/\" \/>\n<meta property=\"og:site_name\" content=\"Blog Pensar Cursos\" \/>\n<meta property=\"article:publisher\" content=\"https:\/\/www.facebook.com\/pensarcursos\/\" \/>\n<meta property=\"article:published_time\" content=\"2026-04-27T18:59:14+00:00\" \/>\n<meta property=\"og:image\" content=\"https:\/\/www.pensarcursos.com.br\/blog\/wp-content\/uploads\/2026\/04\/medo-de-passar-necessidade.webp\" \/>\n\t<meta property=\"og:image:width\" content=\"1202\" \/>\n\t<meta property=\"og:image:height\" content=\"800\" \/>\n\t<meta property=\"og:image:type\" content=\"image\/webp\" \/>\n<meta name=\"author\" content=\"Ana Julia Nery\" \/>\n<meta name=\"twitter:card\" content=\"summary_large_image\" \/>\n<meta name=\"twitter:label1\" content=\"Escrito por\" \/>\n\t<meta name=\"twitter:data1\" content=\"Ana Julia Nery\" \/>\n\t<meta name=\"twitter:label2\" content=\"Est. tempo de leitura\" \/>\n\t<meta name=\"twitter:data2\" content=\"4 minutos\" \/>\n<!-- \/ Yoast SEO Premium plugin. -->","yoast_head_json":{"title":"Medo de passar necessidade: entenda o que a psicologia diz sobre esse trauma silencioso - Blog Pensar Cursos","description":"Descubra por que o medo de passar necessidade assombra at\u00e9 quem vive com estabilidade. Entenda as causas, impactos e saiba como superar. Confira!","robots":{"index":"index","follow":"follow","max-snippet":"max-snippet:-1","max-image-preview":"max-image-preview:large","max-video-preview":"max-video-preview:-1"},"canonical":"https:\/\/www.pensarcursos.com.br\/blog\/medo-de-passar-necessidade-entenda-o-que-a-psicologia-diz-sobre-esse-trauma-silencioso\/","og_locale":"pt_BR","og_type":"article","og_title":"Medo de passar necessidade: entenda o que a psicologia diz sobre esse trauma silencioso","og_description":"Descubra por que o medo de passar necessidade assombra at\u00e9 quem vive com estabilidade. Entenda as causas, impactos e saiba como superar. Confira!","og_url":"https:\/\/www.pensarcursos.com.br\/blog\/medo-de-passar-necessidade-entenda-o-que-a-psicologia-diz-sobre-esse-trauma-silencioso\/","og_site_name":"Blog Pensar Cursos","article_publisher":"https:\/\/www.facebook.com\/pensarcursos\/","article_published_time":"2026-04-27T18:59:14+00:00","og_image":[{"width":1202,"height":800,"url":"https:\/\/www.pensarcursos.com.br\/blog\/wp-content\/uploads\/2026\/04\/medo-de-passar-necessidade.webp","type":"image\/webp"}],"author":"Ana Julia Nery","twitter_card":"summary_large_image","twitter_misc":{"Escrito por":"Ana Julia Nery","Est. tempo de leitura":"4 minutos"},"schema":{"@context":"https:\/\/schema.org","@graph":[{"@type":["Article","BlogPosting"],"@id":"https:\/\/www.pensarcursos.com.br\/blog\/medo-de-passar-necessidade-entenda-o-que-a-psicologia-diz-sobre-esse-trauma-silencioso\/#article","isPartOf":{"@id":"https:\/\/www.pensarcursos.com.br\/blog\/medo-de-passar-necessidade-entenda-o-que-a-psicologia-diz-sobre-esse-trauma-silencioso\/"},"author":{"name":"Ana Julia Nery","@id":"https:\/\/www.pensarcursos.com.br\/blog\/#\/schema\/person\/f92909b12d0bb35eaed1789e30807e81"},"headline":"Medo de passar necessidade: entenda o que a psicologia diz sobre esse trauma silencioso","datePublished":"2026-04-27T18:59:14+00:00","mainEntityOfPage":{"@id":"https:\/\/www.pensarcursos.com.br\/blog\/medo-de-passar-necessidade-entenda-o-que-a-psicologia-diz-sobre-esse-trauma-silencioso\/"},"wordCount":740,"commentCount":0,"publisher":{"@id":"https:\/\/www.pensarcursos.com.br\/blog\/#organization"},"image":{"@id":"https:\/\/www.pensarcursos.com.br\/blog\/medo-de-passar-necessidade-entenda-o-que-a-psicologia-diz-sobre-esse-trauma-silencioso\/#primaryimage"},"thumbnailUrl":"https:\/\/www.pensarcursos.com.br\/blog\/wp-content\/uploads\/2026\/04\/medo-de-passar-necessidade.webp","keywords":["ansiedade financeira","seguran\u00e7a financeira","trauma estabilidade financeira","trauma financeiro"],"articleSection":["Psicologia e Comportamento"],"inLanguage":"pt-BR","potentialAction":[{"@type":"CommentAction","name":"Comment","target":["https:\/\/www.pensarcursos.com.br\/blog\/medo-de-passar-necessidade-entenda-o-que-a-psicologia-diz-sobre-esse-trauma-silencioso\/#respond"]}],"copyrightYear":"2026","copyrightHolder":{"@id":"https:\/\/www.pensarcursos.com.br\/blog\/#organization"}},{"@type":"WebPage","@id":"https:\/\/www.pensarcursos.com.br\/blog\/medo-de-passar-necessidade-entenda-o-que-a-psicologia-diz-sobre-esse-trauma-silencioso\/","url":"https:\/\/www.pensarcursos.com.br\/blog\/medo-de-passar-necessidade-entenda-o-que-a-psicologia-diz-sobre-esse-trauma-silencioso\/","name":"Medo de passar necessidade: entenda o que a psicologia diz sobre esse trauma silencioso - Blog Pensar Cursos","isPartOf":{"@id":"https:\/\/www.pensarcursos.com.br\/blog\/#website"},"primaryImageOfPage":{"@id":"https:\/\/www.pensarcursos.com.br\/blog\/medo-de-passar-necessidade-entenda-o-que-a-psicologia-diz-sobre-esse-trauma-silencioso\/#primaryimage"},"image":{"@id":"https:\/\/www.pensarcursos.com.br\/blog\/medo-de-passar-necessidade-entenda-o-que-a-psicologia-diz-sobre-esse-trauma-silencioso\/#primaryimage"},"thumbnailUrl":"https:\/\/www.pensarcursos.com.br\/blog\/wp-content\/uploads\/2026\/04\/medo-de-passar-necessidade.webp","datePublished":"2026-04-27T18:59:14+00:00","description":"Descubra por que o medo de passar necessidade assombra at\u00e9 quem vive com estabilidade. Entenda as causas, impactos e saiba como superar. Confira!","breadcrumb":{"@id":"https:\/\/www.pensarcursos.com.br\/blog\/medo-de-passar-necessidade-entenda-o-que-a-psicologia-diz-sobre-esse-trauma-silencioso\/#breadcrumb"},"inLanguage":"pt-BR","potentialAction":[{"@type":"ReadAction","target":["https:\/\/www.pensarcursos.com.br\/blog\/medo-de-passar-necessidade-entenda-o-que-a-psicologia-diz-sobre-esse-trauma-silencioso\/"]}]},{"@type":"ImageObject","inLanguage":"pt-BR","@id":"https:\/\/www.pensarcursos.com.br\/blog\/medo-de-passar-necessidade-entenda-o-que-a-psicologia-diz-sobre-esse-trauma-silencioso\/#primaryimage","url":"https:\/\/www.pensarcursos.com.br\/blog\/wp-content\/uploads\/2026\/04\/medo-de-passar-necessidade.webp","contentUrl":"https:\/\/www.pensarcursos.com.br\/blog\/wp-content\/uploads\/2026\/04\/medo-de-passar-necessidade.webp","width":1202,"height":800,"caption":"Veja o que a psicologia aponta sobre esse medo silencioso de passar necessidade.\/ Imagem: Freepik"},{"@type":"BreadcrumbList","@id":"https:\/\/www.pensarcursos.com.br\/blog\/medo-de-passar-necessidade-entenda-o-que-a-psicologia-diz-sobre-esse-trauma-silencioso\/#breadcrumb","itemListElement":[{"@type":"ListItem","position":1,"name":"Home","item":"https:\/\/www.pensarcursos.com.br\/blog\/"},{"@type":"ListItem","position":2,"name":"Medo de passar necessidade: entenda o que a psicologia diz sobre esse trauma silencioso"}]},{"@type":"WebSite","@id":"https:\/\/www.pensarcursos.com.br\/blog\/#website","url":"https:\/\/www.pensarcursos.com.br\/blog\/","name":"Blog Pensar Cursos","description":"Maior Site de Cursos do Brasil","publisher":{"@id":"https:\/\/www.pensarcursos.com.br\/blog\/#organization"},"alternateName":"Blog Pensar","potentialAction":[{"@type":"SearchAction","target":{"@type":"EntryPoint","urlTemplate":"https:\/\/www.pensarcursos.com.br\/blog\/?s={search_term_string}"},"query-input":{"@type":"PropertyValueSpecification","valueRequired":true,"valueName":"search_term_string"}}],"inLanguage":"pt-BR"},{"@type":"Organization","@id":"https:\/\/www.pensarcursos.com.br\/blog\/#organization","name":"Pensar Cursos","alternateName":"Blog pensar","url":"https:\/\/www.pensarcursos.com.br\/blog\/","logo":{"@type":"ImageObject","inLanguage":"pt-BR","@id":"https:\/\/www.pensarcursos.com.br\/blog\/#\/schema\/logo\/image\/","url":"https:\/\/www.pensarcursos.com.br\/blog\/wp-content\/uploads\/2023\/11\/Nova-Logo-Pensar-Cursos-vertical.png","contentUrl":"https:\/\/www.pensarcursos.com.br\/blog\/wp-content\/uploads\/2023\/11\/Nova-Logo-Pensar-Cursos-vertical.png","width":1393,"height":1001,"caption":"Pensar Cursos"},"image":{"@id":"https:\/\/www.pensarcursos.com.br\/blog\/#\/schema\/logo\/image\/"},"sameAs":["https:\/\/www.facebook.com\/pensarcursos\/","https:\/\/instagram.com.br\/pensarcursos"],"description":"Pensar Cursos \u00e9 uma empresa especializada em oferecer cursos de alta qualidade voltados para o desenvolvimento profissional e acad\u00eamico. Com uma ampla gama de op\u00e7\u00f5es de treinamento, oferecemos conte\u00fados atualizados, ministrados por especialistas da \u00e1rea, para capacitar indiv\u00edduos e equipes a atingirem seus objetivos. Nossa miss\u00e3o \u00e9 proporcionar uma educa\u00e7\u00e3o transformadora, acess\u00edvel e personalizada para cada aluno, seja em cursos presenciais ou online. Com uma abordagem inovadora, buscamos adaptar os nossos programas de ensino \u00e0s necessidades do mercado, criando solu\u00e7\u00f5es que atendem aos desafios e exig\u00eancias do mundo corporativo e acad\u00eamico. Nossos cursos incluem desde forma\u00e7\u00f5es t\u00e9cnicas at\u00e9 habilidades essenciais, como lideran\u00e7a, gest\u00e3o e desenvolvimento pessoal.","email":"contato@pensarcursos.com.br","legalName":"Sena Servi\u00e7os de Informa\u00e7\u00e3o Online LTDA","foundingDate":"2013-04-18","vatID":"17956217000172","numberOfEmployees":{"@type":"QuantitativeValue","minValue":"11","maxValue":"50"},"publishingPrinciples":"https:\/\/www.pensarcursos.com.br\/blog\/principios-de-publicacao\/","ownershipFundingInfo":"https:\/\/www.pensarcursos.com.br\/blog\/informacoes-de-propriedade-financiamento\/","actionableFeedbackPolicy":"https:\/\/www.pensarcursos.com.br\/blog\/politica-de-feedback-acionavel\/","correctionsPolicy":"https:\/\/www.pensarcursos.com.br\/blog\/politica-de-correcoes\/","ethicsPolicy":"https:\/\/www.pensarcursos.com.br\/blog\/politica-de-etica\/"},{"@type":"Person","@id":"https:\/\/www.pensarcursos.com.br\/blog\/#\/schema\/person\/f92909b12d0bb35eaed1789e30807e81","name":"Ana Julia Nery","image":{"@type":"ImageObject","inLanguage":"pt-BR","@id":"https:\/\/secure.gravatar.com\/avatar\/e19c86d344398a1f30916c1c288563c153f6dc639428d441a19140cba3257359?s=96&d=mm&r=g","url":"https:\/\/secure.gravatar.com\/avatar\/e19c86d344398a1f30916c1c288563c153f6dc639428d441a19140cba3257359?s=96&d=mm&r=g","contentUrl":"https:\/\/secure.gravatar.com\/avatar\/e19c86d344398a1f30916c1c288563c153f6dc639428d441a19140cba3257359?s=96&d=mm&r=g","caption":"Ana Julia Nery"},"description":"Redatora do grupo Sena Online. Especialista em conte\u00fados de benef\u00edcios sociais e direitos do trabalhador","sameAs":["https:\/\/www.linkedin.com\/in\/ana-jlia-nery-46b2a0357"],"url":"https:\/\/www.pensarcursos.com.br\/blog\/author\/anajulia\/"}]}},"_links":{"self":[{"href":"https:\/\/www.pensarcursos.com.br\/blog\/wp-json\/wp\/v2\/posts\/158049","targetHints":{"allow":["GET"]}}],"collection":[{"href":"https:\/\/www.pensarcursos.com.br\/blog\/wp-json\/wp\/v2\/posts"}],"about":[{"href":"https:\/\/www.pensarcursos.com.br\/blog\/wp-json\/wp\/v2\/types\/post"}],"author":[{"embeddable":true,"href":"https:\/\/www.pensarcursos.com.br\/blog\/wp-json\/wp\/v2\/users\/50"}],"replies":[{"embeddable":true,"href":"https:\/\/www.pensarcursos.com.br\/blog\/wp-json\/wp\/v2\/comments?post=158049"}],"version-history":[{"count":1,"href":"https:\/\/www.pensarcursos.com.br\/blog\/wp-json\/wp\/v2\/posts\/158049\/revisions"}],"predecessor-version":[{"id":158146,"href":"https:\/\/www.pensarcursos.com.br\/blog\/wp-json\/wp\/v2\/posts\/158049\/revisions\/158146"}],"wp:featuredmedia":[{"embeddable":true,"href":"https:\/\/www.pensarcursos.com.br\/blog\/wp-json\/wp\/v2\/media\/158140"}],"wp:attachment":[{"href":"https:\/\/www.pensarcursos.com.br\/blog\/wp-json\/wp\/v2\/media?parent=158049"}],"wp:term":[{"taxonomy":"category","embeddable":true,"href":"https:\/\/www.pensarcursos.com.br\/blog\/wp-json\/wp\/v2\/categories?post=158049"},{"taxonomy":"post_tag","embeddable":true,"href":"https:\/\/www.pensarcursos.com.br\/blog\/wp-json\/wp\/v2\/tags?post=158049"}],"curies":[{"name":"wp","href":"https:\/\/api.w.org\/{rel}","templated":true}]}}