{"id":158010,"date":"2026-04-27T13:59:08","date_gmt":"2026-04-27T16:59:08","guid":{"rendered":"https:\/\/www.pensarcursos.com.br\/blog\/?p=158010"},"modified":"2026-04-27T08:59:27","modified_gmt":"2026-04-27T11:59:27","slug":"estado-de-sao-paulo-lanca-processo-seletivo-com-salarios-de-ate-r-14-mil-inscreva-se-a-partir-de-hoje-27-4","status":"publish","type":"post","link":"https:\/\/www.pensarcursos.com.br\/blog\/estado-de-sao-paulo-lanca-processo-seletivo-com-salarios-de-ate-r-14-mil-inscreva-se-a-partir-de-hoje-27-4\/","title":{"rendered":"Estado de S\u00e3o Paulo lan\u00e7a processo seletivo com sal\u00e1rios de at\u00e9 R$ 14 mil; inscreva-se a partir de hoje (27\/4)"},"content":{"rendered":"<p><strong>Voc\u00ea est\u00e1 em busca de uma oportunidade no servi\u00e7o p\u00fablico, com sal\u00e1rio que pode chegar a R$ 14.192,22?<\/strong><\/p>\n<p>Ent\u00e3o, prepare-se: um novo processo seletivo no estado de S\u00e3o Paulo abre as portas para candidatos de todos os n\u00edveis de escolaridade, do alfabetizado ao superior!<\/p>\n<p>A Prefeitura Municipal acaba de publicar um novo edital de processo seletivo simplificado com <strong>79 vagas imediatas<\/strong> e forma\u00e7\u00e3o de cadastro reserva.<\/p>\n<p>As inscri\u00e7\u00f5es come\u00e7am nesta segunda-feira, <strong>27 de abril de 2026<\/strong>, e seguem at\u00e9 o dia <strong>7 de maio<\/strong>, com taxas que variam de R$ 47,00 a R$ 67,00. Continue a leitura e confira todos os detalhes do edital!<\/p>\n<h2>Detalhes sobre o processo seletivo<\/h2>\n<p>O <a href=\"https:\/\/www.pensarcursos.com.br\/blog\/saiu-edital-novo-concurso-guarda-municipal-com-salario-de-r-36-mil-mais-auxilio-de-r-600-abriu-inscricoes-nesta-segunda-feira-27\/\" target=\"_blank\" rel=\"noopener\">edital<\/a> prev\u00ea a contrata\u00e7\u00e3o tempor\u00e1ria por prazo determinado, mas, aten\u00e7\u00e3o: o regime adotado \u00e9 o estatut\u00e1rio, ou seja, segue as mesmas regras dos servidores p\u00fablicos efetivos.<\/p>\n<p>Al\u00e9m das 79 vagas imediatas, o certame tamb\u00e9m vai formar cadastro reserva. Isso significa que, mesmo quem ficar fora do n\u00famero inicial de vagas, ainda pode ser chamado durante a validade do processo seletivo, conforme a necessidade da prefeitura.<\/p>\n<p>Vale destacar que as oportunidades est\u00e3o distribu\u00eddas entre 35 fun\u00e7\u00f5es diferentes, o que amplia bastante as chances de aprova\u00e7\u00e3o. Al\u00e9m disso, a contrata\u00e7\u00e3o tem como objetivo atender demandas urgentes do munic\u00edpio, como substitui\u00e7\u00f5es tempor\u00e1rias, d\u00e9ficit de professores, cumprimento de ordens judiciais e outras necessidades sazonais da administra\u00e7\u00e3o p\u00fablica.<\/p>\n<h2>Vagas ofertadas no processo seletivo<\/h2>\n<p>O edital distribui as vagas conforme tabela abaixo. Os n\u00fameros s\u00e3o por fun\u00e7\u00e3o e contemplam ampla concorr\u00eancia e reserva para pessoas com defici\u00eancia (5%).<\/p>\n<table>\n<thead>\n<tr>\n<th scope=\"col\">Fun\u00e7\u00e3o<\/th>\n<th scope=\"col\">Vagas<\/th>\n<th scope=\"col\">N\u00edvel<\/th>\n<\/tr>\n<\/thead>\n<tbody>\n<tr>\n<td>Auxiliar de Apoio Escolar<\/td>\n<td>6<\/td>\n<td>Fundamental<\/td>\n<\/tr>\n<tr>\n<td>Auxiliar de Limpeza<\/td>\n<td>4<\/td>\n<td>Fundamental<\/td>\n<\/tr>\n<tr>\n<td>Auxiliar de Servi\u00e7os Diversos<\/td>\n<td>6<\/td>\n<td>Fundamental<\/td>\n<\/tr>\n<tr>\n<td>Copeira<\/td>\n<td>2<\/td>\n<td>Fundamental<\/td>\n<\/tr>\n<tr>\n<td>Eletricista de Autos<\/td>\n<td>1<\/td>\n<td>Fundamental<\/td>\n<\/tr>\n<tr>\n<td>Vigia<\/td>\n<td>3<\/td>\n<td>Alfabetizado<\/td>\n<\/tr>\n<tr>\n<td>Assistente Administrativo<\/td>\n<td>2<\/td>\n<td>M\u00e9dio<\/td>\n<\/tr>\n<tr>\n<td>Auxiliar Administrativo S\u00eanior<\/td>\n<td>1<\/td>\n<td>M\u00e9dio<\/td>\n<\/tr>\n<tr>\n<td>Auxiliar de Almoxarifado<\/td>\n<td>1<\/td>\n<td>M\u00e9dio<\/td>\n<\/tr>\n<tr>\n<td>Auxiliar de Farm\u00e1cia<\/td>\n<td>1<\/td>\n<td>M\u00e9dio<\/td>\n<\/tr>\n<tr>\n<td>Auxiliar de Pessoal<\/td>\n<td>1<\/td>\n<td>M\u00e9dio<\/td>\n<\/tr>\n<tr>\n<td>Auxiliar T\u00e9cnico Administrativo<\/td>\n<td>1<\/td>\n<td>T\u00e9cnico<\/td>\n<\/tr>\n<tr>\n<td>Monitor de Abrigo (Feminino)<\/td>\n<td>3<\/td>\n<td>M\u00e9dio<\/td>\n<\/tr>\n<tr>\n<td>Monitor de Creche (Feminino)<\/td>\n<td>5<\/td>\n<td>M\u00e9dio<\/td>\n<\/tr>\n<tr>\n<td>Recepcionista<\/td>\n<td>2<\/td>\n<td>M\u00e9dio<\/td>\n<\/tr>\n<tr>\n<td>Oficial de Escola<\/td>\n<td>5<\/td>\n<td>M\u00e9dio<\/td>\n<\/tr>\n<tr>\n<td>T\u00e9cnica em Enfermagem 12&#215;36<\/td>\n<td>1<\/td>\n<td>M\u00e9dio<\/td>\n<\/tr>\n<tr>\n<td>Coordenador de CRAS<\/td>\n<td>1<\/td>\n<td>Superior<\/td>\n<\/tr>\n<tr>\n<td>Enfermeiro 12&#215;36<\/td>\n<td>3<\/td>\n<td>Superior<\/td>\n<\/tr>\n<tr>\n<td>Enfermeiro ESF<\/td>\n<td>2<\/td>\n<td>Superior<\/td>\n<\/tr>\n<tr>\n<td>M\u00e9dico Plantonista<\/td>\n<td>1<\/td>\n<td>Superior<\/td>\n<\/tr>\n<tr>\n<td>M\u00e9dico ESF<\/td>\n<td>1<\/td>\n<td>Superior<\/td>\n<\/tr>\n<tr>\n<td>Pedagogo Social<\/td>\n<td>1<\/td>\n<td>Superior<\/td>\n<\/tr>\n<tr>\n<td>Professor Auxiliar<\/td>\n<td>3<\/td>\n<td>Superior<\/td>\n<\/tr>\n<tr>\n<td>Professor Auxiliar de Braille 25h<\/td>\n<td>1<\/td>\n<td>Superior<\/td>\n<\/tr>\n<tr>\n<td>Professor Auxiliar de Libras 25h<\/td>\n<td>1<\/td>\n<td>Superior<\/td>\n<\/tr>\n<tr>\n<td>Professor Especialista de Matem\u00e1tica<\/td>\n<td>2<\/td>\n<td>Superior<\/td>\n<\/tr>\n<tr>\n<td>Professor Especialista de Educa\u00e7\u00e3o F\u00edsica<\/td>\n<td>1<\/td>\n<td>Superior<\/td>\n<\/tr>\n<tr>\n<td>Professor Especialista de Geografia<\/td>\n<td>1<\/td>\n<td>Superior<\/td>\n<\/tr>\n<tr>\n<td>Professor Especialista de Hist\u00f3ria<\/td>\n<td>1<\/td>\n<td>Superior<\/td>\n<\/tr>\n<tr>\n<td>Professor Especialista de Ingl\u00eas<\/td>\n<td>1<\/td>\n<td>Superior<\/td>\n<\/tr>\n<tr>\n<td>Professor Especialista de Portugu\u00eas<\/td>\n<td>1<\/td>\n<td>Superior<\/td>\n<\/tr>\n<tr>\n<td>Professor Especialista de Portugu\u00eas\/Ingl\u00eas<\/td>\n<td>1<\/td>\n<td>Superior<\/td>\n<\/tr>\n<tr>\n<td>Professor I<\/td>\n<td>6<\/td>\n<td>Superior<\/td>\n<\/tr>\n<tr>\n<td>Professor II<\/td>\n<td>6<\/td>\n<td>Superior<\/td>\n<\/tr>\n<\/tbody>\n<\/table>\n<h2>Requisitos para se candidatar<\/h2>\n<p>Os requisitos variam conforme o cargo escolhido. Confira abaixo as principais exig\u00eancias:<\/p>\n<ul>\n<li>Nacionalidade: ser brasileiro nato ou naturalizado, ou gozar das prerrogativas previstas no artigo 12 da Constitui\u00e7\u00e3o Federal.<\/li>\n<li>Idade: m\u00ednimo de 18 anos completos na data da posse e n\u00e3o ter atingido a idade para aposentadoria compuls\u00f3ria.<\/li>\n<li>Servi\u00e7o militar: quita\u00e7\u00e3o com o servi\u00e7o militar, no caso dos candidatos do sexo masculino.<\/li>\n<li>Direitos pol\u00edticos: estar em pleno gozo dos direitos pol\u00edticos.<\/li>\n<li>Escolaridade: possuir o n\u00edvel de escolaridade exigido para a fun\u00e7\u00e3o e, quando aplic\u00e1vel, habilita\u00e7\u00e3o profissional formal.<\/li>\n<li>Aptid\u00e3o: ter aptid\u00e3o f\u00edsica e mental para o exerc\u00edcio das atribui\u00e7\u00f5es, comprovada em avalia\u00e7\u00e3o m\u00e9dica.<\/li>\n<\/ul>\n<h2>Remunera\u00e7\u00f5es e benef\u00edcios do processo seletivo<\/h2>\n<figure id=\"attachment_158023\" aria-describedby=\"caption-attachment-158023\" style=\"width: 1200px\" class=\"wp-caption aligncenter\"><img decoding=\"async\" class=\"wp-image-158023 size-full\" src=\"https:\/\/www.pensarcursos.com.br\/blog\/wp-content\/uploads\/2026\/04\/concurso-prefeitura-de-sete-barras.webp\" alt=\"A sele\u00e7\u00e3o dos candidatos ocorrer\u00e1 em uma \u00fanica etapa: a prova objetiva, de car\u00e1ter eliminat\u00f3rio e classificat\u00f3rio. Ou seja, n\u00e3o haver\u00e1 prova pr\u00e1tica, reda\u00e7\u00e3o ou avalia\u00e7\u00e3o de t\u00edtulos. Quem garantir a pontua\u00e7\u00e3o m\u00ednima e estiver entre os melhores classificados, segue para a contrata\u00e7\u00e3o.A prova est\u00e1 marcada para o dia 17 de maio de 2026, em tr\u00eas per\u00edodos diferentes: o primeiro \u00e0s 8h, o segundo \u00e0s 13h e o terceiro \u00e0s 16h. Cada candidato far\u00e1 a prova no hor\u00e1rio correspondente ao cargo escolhido, conforme o cronograma do edital. A dura\u00e7\u00e3o total \u00e9 de 2 horas, j\u00e1 inclu\u00eddo o tempo para preenchimento da folha de respostas. Confira o resumo da estrutura da prova: ItemInforma\u00e7\u00e3oData da prova17 de maio de 2026Hor\u00e1rios8h, 13h e 16h (conforme o cargo)Total de quest\u00f5es25 quest\u00f5es objetivasDisciplinasPortugu\u00eas (10), Matem\u00e1tica (5) e Conhecimentos Espec\u00edficos (10)Tipo de quest\u00e3oM\u00faltipla escolha, com 5 alternativasDura\u00e7\u00e3o2 horasPontua\u00e7\u00e3o m\u00ednima50 pontos (em escala de 0 a 100) Conte\u00fado program\u00e1tico resumido: Portugu\u00eas: interpreta\u00e7\u00e3o de texto, ortografia, acentua\u00e7\u00e3o, classes de palavras, concord\u00e2ncia verbal e nominal, sintaxe, pontua\u00e7\u00e3o e figuras de linguagem. Matem\u00e1tica: opera\u00e7\u00f5es b\u00e1sicas, fra\u00e7\u00f5es, regra de tr\u00eas, porcentagem, raz\u00e3o e propor\u00e7\u00e3o, equa\u00e7\u00f5es de 1\u00ba grau, sistemas de medidas e racioc\u00ednio l\u00f3gico. Conhecimentos Espec\u00edficos: conte\u00fados voltados \u00e0s atribui\u00e7\u00f5es de cada cargo, conforme detalhamento no Anexo II do edital. A prova ser\u00e1 aplicada no munic\u00edpio de Sete Barras. Por\u00e9m, caso o n\u00famero de inscritos ultrapasse a oferta de lugares nas escolas da cidade, o INEPAM poder\u00e1 realocar candidatos para munic\u00edpios pr\u00f3ximos, sem se responsabilizar por despesas de transporte ou hospedagem.\" width=\"1200\" height=\"800\" srcset=\"https:\/\/www.pensarcursos.com.br\/blog\/wp-content\/uploads\/2026\/04\/concurso-prefeitura-de-sete-barras.webp 1200w, https:\/\/www.pensarcursos.com.br\/blog\/wp-content\/uploads\/2026\/04\/concurso-prefeitura-de-sete-barras-300x200.webp 300w, https:\/\/www.pensarcursos.com.br\/blog\/wp-content\/uploads\/2026\/04\/concurso-prefeitura-de-sete-barras-1024x683.webp 1024w, https:\/\/www.pensarcursos.com.br\/blog\/wp-content\/uploads\/2026\/04\/concurso-prefeitura-de-sete-barras-768x512.webp 768w, https:\/\/www.pensarcursos.com.br\/blog\/wp-content\/uploads\/2026\/04\/concurso-prefeitura-de-sete-barras-750x500.webp 750w, https:\/\/www.pensarcursos.com.br\/blog\/wp-content\/uploads\/2026\/04\/concurso-prefeitura-de-sete-barras-1140x760.webp 1140w\" sizes=\"(max-width: 1200px) 100vw, 1200px\" \/><figcaption id=\"caption-attachment-158023\" class=\"wp-caption-text\">Sal\u00e1rios ofertados no processo seletivo chegam a R$ 14.192,22, segundo o edital. Imagem: Blog Pensar Cursos.<\/figcaption><\/figure>\n<p>Os sal\u00e1rios iniciais variam de <strong>R$ 1.621,00 a R$ 14.192,22<\/strong>, conforme o cargo escolhido. Para os cargos de Professor Especialista, a remunera\u00e7\u00e3o \u00e9 por hora-aula, no valor de R$ 24,08. Confira a tabela completa:<\/p>\n<table>\n<thead>\n<tr>\n<th scope=\"col\">Fun\u00e7\u00e3o<\/th>\n<th scope=\"col\">Carga Hor\u00e1ria<\/th>\n<th scope=\"col\">Sal\u00e1rio Base<\/th>\n<\/tr>\n<\/thead>\n<tbody>\n<tr>\n<td>Auxiliar de Apoio Escolar<\/td>\n<td>40h<\/td>\n<td>R$ 1.621,00<\/td>\n<\/tr>\n<tr>\n<td>Auxiliar de Limpeza<\/td>\n<td>12&#215;36<\/td>\n<td>R$ 1.621,00<\/td>\n<\/tr>\n<tr>\n<td>Auxiliar de Servi\u00e7os Diversos<\/td>\n<td>40h<\/td>\n<td>R$ 1.621,00<\/td>\n<\/tr>\n<tr>\n<td>Copeira<\/td>\n<td>40h<\/td>\n<td>R$ 1.621,00<\/td>\n<\/tr>\n<tr>\n<td>Eletricista de Autos<\/td>\n<td>40h<\/td>\n<td>R$ 1.621,00<\/td>\n<\/tr>\n<tr>\n<td>Vigia<\/td>\n<td>12&#215;36<\/td>\n<td>R$ 1.621,00<\/td>\n<\/tr>\n<tr>\n<td>Assistente Administrativo<\/td>\n<td>40h<\/td>\n<td>R$ 2.932,76<\/td>\n<\/tr>\n<tr>\n<td>Auxiliar Administrativo S\u00eanior<\/td>\n<td>40h<\/td>\n<td>R$ 1.656,94<\/td>\n<\/tr>\n<tr>\n<td>Auxiliar de Almoxarifado<\/td>\n<td>40h<\/td>\n<td>R$ 1.621,00<\/td>\n<\/tr>\n<tr>\n<td>Auxiliar de Farm\u00e1cia<\/td>\n<td>40h<\/td>\n<td>R$ 1.656,94<\/td>\n<\/tr>\n<tr>\n<td>Auxiliar de Pessoal<\/td>\n<td>40h<\/td>\n<td>R$ 1.727,53<\/td>\n<\/tr>\n<tr>\n<td>Auxiliar T\u00e9cnico Administrativo<\/td>\n<td>40h<\/td>\n<td>R$ 1.727,53<\/td>\n<\/tr>\n<tr>\n<td>Monitor de Abrigo (Feminino)<\/td>\n<td>12&#215;36<\/td>\n<td>R$ 1.621,00<\/td>\n<\/tr>\n<tr>\n<td>Monitor de Creche (Feminino)<\/td>\n<td>40h<\/td>\n<td>R$ 1.621,00<\/td>\n<\/tr>\n<tr>\n<td>Recepcionista<\/td>\n<td>12&#215;36<\/td>\n<td>R$ 1.621,00<\/td>\n<\/tr>\n<tr>\n<td>Oficial de Escola<\/td>\n<td>40h<\/td>\n<td>R$ 1.621,00<\/td>\n<\/tr>\n<tr>\n<td>T\u00e9cnica em Enfermagem 12&#215;36<\/td>\n<td>12&#215;36<\/td>\n<td>R$ 1.727,53<\/td>\n<\/tr>\n<tr>\n<td>Coordenador de CRAS<\/td>\n<td>40h<\/td>\n<td>R$ 3.959,53<\/td>\n<\/tr>\n<tr>\n<td>Enfermeiro 12&#215;36<\/td>\n<td>12&#215;36<\/td>\n<td>R$ 3.103,24<\/td>\n<\/tr>\n<tr>\n<td>Enfermeiro ESF<\/td>\n<td>40h<\/td>\n<td>R$ 7.061,85<\/td>\n<\/tr>\n<tr>\n<td>M\u00e9dico Plantonista<\/td>\n<td>24h<\/td>\n<td>R$ 8.887,24<\/td>\n<\/tr>\n<tr>\n<td>M\u00e9dico ESF<\/td>\n<td>40h<\/td>\n<td>R$ 14.192,22<\/td>\n<\/tr>\n<tr>\n<td>Pedagogo Social<\/td>\n<td>40h<\/td>\n<td>R$ 3.420,36<\/td>\n<\/tr>\n<tr>\n<td>Professor Auxiliar<\/td>\n<td>25h<\/td>\n<td>R$ 2.709,15<\/td>\n<\/tr>\n<tr>\n<td>Professor Auxiliar de Braille 25h<\/td>\n<td>25h<\/td>\n<td>R$ 2.709,15<\/td>\n<\/tr>\n<tr>\n<td>Professor Auxiliar de Libras 25h<\/td>\n<td>25h<\/td>\n<td>R$ 2.709,15<\/td>\n<\/tr>\n<tr>\n<td>Professores Especialistas (todas as \u00e1reas)<\/td>\n<td>Conforme saldo de aulas<\/td>\n<td>R$ 24,08\/hora-aula<\/td>\n<\/tr>\n<tr>\n<td>Professor I<\/td>\n<td>37h<\/td>\n<td>R$ 4.009,32<\/td>\n<\/tr>\n<tr>\n<td>Professor II<\/td>\n<td>37h<\/td>\n<td>R$ 4.009,32<\/td>\n<\/tr>\n<\/tbody>\n<\/table>\n<h2>Inscri\u00e7\u00f5es: como participar do certame?<\/h2>\n<p>As inscri\u00e7\u00f5es para o processo seletivo da Prefeitura de Sete Barras, no estado de S\u00e3o Paulo, s\u00e3o feitas exclusivamente pela internet, no site da banca organizadora <a href=\"https:\/\/www.inepam.org.br\/\" target=\"_blank\" rel=\"noopener\">INEPAM<\/a>.<\/p>\n<p>Confira abaixo todas as informa\u00e7\u00f5es importantes para garantir a sua participa\u00e7\u00e3o:<\/p>\n<ul>\n<li><strong>In\u00edcio das inscri\u00e7\u00f5es<\/strong>: 10h do dia 27 de abril de 2026.<\/li>\n<li><strong>Encerramento das inscri\u00e7\u00f5es<\/strong>: 16h do dia 7 de maio de 2026.<\/li>\n<li>Prazo final para pagamento do boleto: <strong>7 de maio de 2026<\/strong>.<\/li>\n<li>Taxa n\u00edvel fundamental: R$ 47,00.<\/li>\n<li>Taxa n\u00edvel m\u00e9dio e t\u00e9cnico: R$ 57,00.<\/li>\n<li>Taxa n\u00edvel superior: R$ 67,00.<\/li>\n<\/ul>\n<p>Para se inscrever, o candidato deve acessar o site do INEPAM, localizar o link do Processo Seletivo Simplificado, ler atentamente o edital, preencher o formul\u00e1rio com os dados pessoais, indicar a fun\u00e7\u00e3o pretendida e, por fim, gerar o boleto banc\u00e1rio para pagamento.<\/p>\n<p>Vale destacar que o edital permite mais de uma inscri\u00e7\u00e3o por candidato, desde que as fun\u00e7\u00f5es escolhidas estejam em per\u00edodos distintos de aplica\u00e7\u00e3o da prova, conforme o cronograma divulgado.<\/p>\n<h2>Processo de sele\u00e7\u00e3o &#8211; etapas avaliativas<\/h2>\n<p>A sele\u00e7\u00e3o dos candidatos ocorrer\u00e1 em <strong>uma \u00fanica etapa<\/strong>: a prova objetiva, de car\u00e1ter eliminat\u00f3rio e classificat\u00f3rio. Quem garantir a pontua\u00e7\u00e3o m\u00ednima e estiver entre os melhores classificados, segue para a contrata\u00e7\u00e3o.<\/p>\n<p>A prova est\u00e1 marcada para o dia <strong>17 de maio de 2026<\/strong>, em tr\u00eas per\u00edodos diferentes: o primeiro \u00e0s 8h, o segundo \u00e0s 13h e o terceiro \u00e0s 16h. Cada candidato far\u00e1 a prova no hor\u00e1rio correspondente ao cargo escolhido, conforme o cronograma do edital.<\/p>\n<p>A dura\u00e7\u00e3o total \u00e9 de <strong>2 horas<\/strong>, j\u00e1 inclu\u00eddo o tempo para preenchimento da folha de respostas.<\/p>\n<p>Confira o resumo da estrutura da prova:<\/p>\n<table>\n<thead>\n<tr>\n<th scope=\"col\">Item<\/th>\n<th scope=\"col\">Informa\u00e7\u00e3o<\/th>\n<\/tr>\n<\/thead>\n<tbody>\n<tr>\n<td><strong>Data da prova<\/strong><\/td>\n<td>17 de maio de 2026<\/td>\n<\/tr>\n<tr>\n<td><strong>Hor\u00e1rios<\/strong><\/td>\n<td>8h, 13h e 16h (conforme o cargo)<\/td>\n<\/tr>\n<tr>\n<td><strong>Total de quest\u00f5es<\/strong><\/td>\n<td>25 quest\u00f5es objetivas<\/td>\n<\/tr>\n<tr>\n<td><strong>Disciplinas<\/strong><\/td>\n<td>Portugu\u00eas (10), Matem\u00e1tica (5) e Conhecimentos Espec\u00edficos (10)<\/td>\n<\/tr>\n<tr>\n<td><strong>Tipo de quest\u00e3o<\/strong><\/td>\n<td>M\u00faltipla escolha, com 5 alternativas<\/td>\n<\/tr>\n<tr>\n<td><strong>Dura\u00e7\u00e3o<\/strong><\/td>\n<td>2 horas<\/td>\n<\/tr>\n<tr>\n<td><strong>Pontua\u00e7\u00e3o m\u00ednima<\/strong><\/td>\n<td>50 pontos (em escala de 0 a 100)<\/td>\n<\/tr>\n<\/tbody>\n<\/table>\n<p><strong>Conte\u00fado program\u00e1tico:<\/strong><\/p>\n<ul>\n<li><strong>Portugu\u00eas:<\/strong> interpreta\u00e7\u00e3o de texto, ortografia, acentua\u00e7\u00e3o, classes de palavras, concord\u00e2ncia verbal e nominal, sintaxe, pontua\u00e7\u00e3o e figuras de linguagem.<\/li>\n<li><strong>Matem\u00e1tica:<\/strong> opera\u00e7\u00f5es b\u00e1sicas, fra\u00e7\u00f5es, regra de tr\u00eas, porcentagem, raz\u00e3o e propor\u00e7\u00e3o, equa\u00e7\u00f5es de 1\u00ba grau, sistemas de medidas e racioc\u00ednio l\u00f3gico.<\/li>\n<li><strong>Conhecimentos Espec\u00edficos:<\/strong> conte\u00fados voltados \u00e0s atribui\u00e7\u00f5es de cada cargo, conforme detalhamento no Anexo II do edital.<\/li>\n<\/ul>\n<p>A prova ser\u00e1 aplicada no munic\u00edpio de Sete Barras. Por\u00e9m, caso o n\u00famero de inscritos ultrapasse a oferta de lugares nas escolas da cidade, o INEPAM poder\u00e1 realocar candidatos para munic\u00edpios pr\u00f3ximos, sem se responsabilizar por despesas de transporte ou hospedagem.<\/p>\n<h3>Validade do processo seletivo<\/h3>\n<p>O processo seletivo simplificado ter\u00e1 prazo de validade de <strong>1 (um) ano<\/strong>, contado a partir da data de homologa\u00e7\u00e3o do resultado final. Esse prazo poder\u00e1 ser prorrogado por igual per\u00edodo, conforme interesse da administra\u00e7\u00e3o municipal.<\/p>\n<p>Portanto, os aprovados poder\u00e3o ser convocados ao longo de at\u00e9 dois anos, em caso de prorroga\u00e7\u00e3o.<\/p>\n<h3>Resumo do processo seletivo de Sete Barras<\/h3>\n<table>\n<thead>\n<tr>\n<th scope=\"col\">Processo Seletivo Sete Barras SP<\/th>\n<th scope=\"col\">Informa\u00e7\u00e3o<\/th>\n<\/tr>\n<\/thead>\n<tbody>\n<tr>\n<td><strong>Status<\/strong><\/td>\n<td>Processo seletivo aberto<\/td>\n<\/tr>\n<tr>\n<td><strong>Banca<\/strong><\/td>\n<td>INEPAM<\/td>\n<\/tr>\n<tr>\n<td><strong>Cargos<\/strong><\/td>\n<td>35 fun\u00e7\u00f5es diversas<\/td>\n<\/tr>\n<tr>\n<td><strong>Escolaridade<\/strong><\/td>\n<td>Alfabetizado, Fundamental, M\u00e9dio, T\u00e9cnico e Superior<\/td>\n<\/tr>\n<tr>\n<td><strong>Vagas<\/strong><\/td>\n<td>79 vagas imediatas + cadastro reserva<\/td>\n<\/tr>\n<tr>\n<td><strong>Sal\u00e1rio inicial<\/strong><\/td>\n<td>De R$ 1.621,00 a R$ 14.192,22<\/td>\n<\/tr>\n<tr>\n<td><strong>Inscri\u00e7\u00f5es<\/strong><\/td>\n<td>De 27 de abril a 7 de maio de 2026<\/td>\n<\/tr>\n<tr>\n<td><strong>Taxa de inscri\u00e7\u00e3o<\/strong><\/td>\n<td>De R$ 47,00 a R$ 67,00<\/td>\n<\/tr>\n<tr>\n<td><strong>Data da prova objetiva<\/strong><\/td>\n<td>17 de maio de 2026<\/td>\n<\/tr>\n<tr>\n<td><strong>Edital<\/strong><\/td>\n<td><a href=\"https:\/\/www.pensarcursos.com.br\/blog\/wp-content\/uploads\/2026\/04\/edital_de_processo_seletivo_simplificado_n_003_2026_1698663-1.pdf\" target=\"_blank\" rel=\"noopener\">Processo seletivo de Sete Barras &#8211; SP<\/a><\/td>\n<\/tr>\n<\/tbody>\n<\/table>\n<p>Continue acompanhando o <a href=\"https:\/\/www.pensarcursos.com.br\/blog\" target=\"_blank\" rel=\"noopener\"><strong>Blog Pensar Cursos<\/strong><\/a> para n\u00e3o perder nenhum detalhe sobre as pr\u00f3ximas etapas deste e de outros processos seletivos abertos pelo Brasil.<\/p>\n<p>No portal, voc\u00ea encontra o passo a passo das inscri\u00e7\u00f5es, dicas de estudo, conte\u00fados program\u00e1ticos comentados e materiais de apoio para se preparar com mais seguran\u00e7a.<\/p>\n<p>Quer come\u00e7ar a estudar com o p\u00e9 direito? Assista ao v\u00eddeo abaixo e descubra os <strong>6 passos essenciais<\/strong> para organizar sua prepara\u00e7\u00e3o assim que sai um novo edital:<\/p>\n<div class=\"jeg_video_container jeg_video_content\"><iframe title=\"Saiu o edital do concurso: por onde come\u00e7ar a estudar? 6 passos que voc\u00ea PRECISA seguir\" width=\"500\" height=\"281\" src=\"https:\/\/www.youtube.com\/embed\/FGl66-VUgps?feature=oembed\" frameborder=\"0\" allow=\"accelerometer; autoplay; clipboard-write; encrypted-media; gyroscope; picture-in-picture; web-share\" referrerpolicy=\"strict-origin-when-cross-origin\" allowfullscreen><\/iframe><\/div>\n","protected":false},"excerpt":{"rendered":"<p>Voc\u00ea est\u00e1 em busca de uma oportunidade no servi\u00e7o p\u00fablico, com sal\u00e1rio que pode chegar a R$ 14.192,22? Ent\u00e3o, prepare-se: um novo processo seletivo no estado de S\u00e3o Paulo abre as portas para candidatos de todos os n\u00edveis de escolaridade, do alfabetizado ao superior! A Prefeitura Municipal acaba de publicar um novo edital de processo [&hellip;]<\/p>\n","protected":false},"author":60,"featured_media":158022,"comment_status":"open","ping_status":"closed","sticky":false,"template":"","format":"standard","meta":{"jnews-multi-image_gallery":[],"jnews_single_post":{"format":"standard","override":[{"template":"1","parallax":"1","fullscreen":"1","layout":"right-sidebar","sidebar":"default-sidebar","second_sidebar":"default-sidebar","sticky_sidebar":"1","share_position":"topbottom","share_float_style":"share-monocrhome","show_featured":"1","show_post_meta":"1","show_post_author":"1","show_post_author_image":"1","show_post_date":"1","post_date_format":"default","post_date_format_custom":"Y\/m\/d","show_post_category":"1","post_reading_time_wpm":"300","post_calculate_word_method":"str_word_count","show_zoom_button":"0","zoom_button_out_step":"2","zoom_button_in_step":"3","show_post_tag":"1","show_prev_next_post":"1","show_popup_post":"1","show_comment_section":"1","number_popup_post":"2","show_author_box":"1","show_post_related":"1","show_inline_post_related":"1"}],"image_override":[{"single_post_thumbnail_size":"crop-500","single_post_gallery_size":"crop-500"}],"trending_post_position":"meta","trending_post_label":"Trending","sponsored_post_label":"Sponsored by","disable_ad":"0","subtitle":"Oportunidades contemplam todos os n\u00edveis de escolaridade, do alfabetizado ao superior, com prova objetiva marcada para o dia 17 de maio"},"jnews_primary_category":[],"jnews_social_meta":[],"jnews_override_counter":{"view_counter_number":"0","share_counter_number":"0","like_counter_number":"0","dislike_counter_number":"0"},"footnotes":""},"categories":[29,26],"tags":[41854,41857,41856,41853,41855],"class_list":["post-158010","post","type-post","status-publish","format-standard","has-post-thumbnail","hentry","category-concursos","category-empregos","tag-concurso-prefeitura-sete-barras","tag-inscricoes-prefeitura-de-sete-barras","tag-processo-seletivo-sao-paulo","tag-processo-seletivo-sete-barras-sp","tag-vagas-prefeitura-sete-barras"],"yoast_head":"<!-- This site is optimized with the Yoast SEO Premium plugin v27.4 (Yoast SEO v27.4) - https:\/\/yoast.com\/product\/yoast-seo-premium-wordpress\/ -->\n<title>Estado de S\u00e3o Paulo lan\u00e7a processo seletivo com sal\u00e1rios de at\u00e9 R$ 14 mil; inscreva-se a partir de hoje (27\/4) - Blog Pensar Cursos<\/title>\n<meta name=\"description\" content=\"Prefeitura abre processo seletivo com 79 vagas e sal\u00e1rios de at\u00e9 R$ 14.192,22. Inscri\u00e7\u00f5es pelo INEPAM at\u00e9 7 de maio. Saiba mais!\" \/>\n<meta name=\"robots\" content=\"index, follow, max-snippet:-1, max-image-preview:large, max-video-preview:-1\" \/>\n<link rel=\"canonical\" href=\"https:\/\/www.pensarcursos.com.br\/blog\/estado-de-sao-paulo-lanca-processo-seletivo-com-salarios-de-ate-r-14-mil-inscreva-se-a-partir-de-hoje-27-4\/\" \/>\n<meta property=\"og:locale\" content=\"pt_BR\" \/>\n<meta property=\"og:type\" content=\"article\" \/>\n<meta property=\"og:title\" content=\"Estado de S\u00e3o Paulo lan\u00e7a processo seletivo com sal\u00e1rios de at\u00e9 R$ 14 mil; inscreva-se a partir de hoje (27\/4)\" \/>\n<meta property=\"og:description\" content=\"Prefeitura abre processo seletivo com 79 vagas e sal\u00e1rios de at\u00e9 R$ 14.192,22. Inscri\u00e7\u00f5es pelo INEPAM at\u00e9 7 de maio. Saiba mais!\" \/>\n<meta property=\"og:url\" content=\"https:\/\/www.pensarcursos.com.br\/blog\/estado-de-sao-paulo-lanca-processo-seletivo-com-salarios-de-ate-r-14-mil-inscreva-se-a-partir-de-hoje-27-4\/\" \/>\n<meta property=\"og:site_name\" content=\"Blog Pensar Cursos\" \/>\n<meta property=\"article:publisher\" content=\"https:\/\/www.facebook.com\/pensarcursos\/\" \/>\n<meta property=\"article:published_time\" content=\"2026-04-27T16:59:08+00:00\" \/>\n<meta property=\"og:image\" content=\"https:\/\/www.pensarcursos.com.br\/blog\/wp-content\/uploads\/2026\/04\/edital-prefeitura-de-sete-barras.webp\" \/>\n\t<meta property=\"og:image:width\" content=\"1200\" \/>\n\t<meta property=\"og:image:height\" content=\"800\" \/>\n\t<meta property=\"og:image:type\" content=\"image\/webp\" \/>\n<meta name=\"author\" content=\"Luiza Pereira\" \/>\n<meta name=\"twitter:card\" content=\"summary_large_image\" \/>\n<meta name=\"twitter:label1\" content=\"Escrito por\" \/>\n\t<meta name=\"twitter:data1\" content=\"Luiza Pereira\" \/>\n\t<meta name=\"twitter:label2\" content=\"Est. tempo de leitura\" \/>\n\t<meta name=\"twitter:data2\" content=\"9 minutos\" \/>\n<!-- \/ Yoast SEO Premium plugin. -->","yoast_head_json":{"title":"Estado de S\u00e3o Paulo lan\u00e7a processo seletivo com sal\u00e1rios de at\u00e9 R$ 14 mil; inscreva-se a partir de hoje (27\/4) - Blog Pensar Cursos","description":"Prefeitura abre processo seletivo com 79 vagas e sal\u00e1rios de at\u00e9 R$ 14.192,22. Inscri\u00e7\u00f5es pelo INEPAM at\u00e9 7 de maio. Saiba mais!","robots":{"index":"index","follow":"follow","max-snippet":"max-snippet:-1","max-image-preview":"max-image-preview:large","max-video-preview":"max-video-preview:-1"},"canonical":"https:\/\/www.pensarcursos.com.br\/blog\/estado-de-sao-paulo-lanca-processo-seletivo-com-salarios-de-ate-r-14-mil-inscreva-se-a-partir-de-hoje-27-4\/","og_locale":"pt_BR","og_type":"article","og_title":"Estado de S\u00e3o Paulo lan\u00e7a processo seletivo com sal\u00e1rios de at\u00e9 R$ 14 mil; inscreva-se a partir de hoje (27\/4)","og_description":"Prefeitura abre processo seletivo com 79 vagas e sal\u00e1rios de at\u00e9 R$ 14.192,22. Inscri\u00e7\u00f5es pelo INEPAM at\u00e9 7 de maio. Saiba mais!","og_url":"https:\/\/www.pensarcursos.com.br\/blog\/estado-de-sao-paulo-lanca-processo-seletivo-com-salarios-de-ate-r-14-mil-inscreva-se-a-partir-de-hoje-27-4\/","og_site_name":"Blog Pensar Cursos","article_publisher":"https:\/\/www.facebook.com\/pensarcursos\/","article_published_time":"2026-04-27T16:59:08+00:00","og_image":[{"width":1200,"height":800,"url":"https:\/\/www.pensarcursos.com.br\/blog\/wp-content\/uploads\/2026\/04\/edital-prefeitura-de-sete-barras.webp","type":"image\/webp"}],"author":"Luiza Pereira","twitter_card":"summary_large_image","twitter_misc":{"Escrito por":"Luiza Pereira","Est. tempo de leitura":"9 minutos"},"schema":{"@context":"https:\/\/schema.org","@graph":[{"@type":["Article","BlogPosting"],"@id":"https:\/\/www.pensarcursos.com.br\/blog\/estado-de-sao-paulo-lanca-processo-seletivo-com-salarios-de-ate-r-14-mil-inscreva-se-a-partir-de-hoje-27-4\/#article","isPartOf":{"@id":"https:\/\/www.pensarcursos.com.br\/blog\/estado-de-sao-paulo-lanca-processo-seletivo-com-salarios-de-ate-r-14-mil-inscreva-se-a-partir-de-hoje-27-4\/"},"author":{"name":"Luiza Pereira","@id":"https:\/\/www.pensarcursos.com.br\/blog\/#\/schema\/person\/b94ff84c7271a3cb9a5ce19e07b0ed5f"},"headline":"Estado de S\u00e3o Paulo lan\u00e7a processo seletivo com sal\u00e1rios de at\u00e9 R$ 14 mil; inscreva-se a partir de hoje (27\/4)","datePublished":"2026-04-27T16:59:08+00:00","mainEntityOfPage":{"@id":"https:\/\/www.pensarcursos.com.br\/blog\/estado-de-sao-paulo-lanca-processo-seletivo-com-salarios-de-ate-r-14-mil-inscreva-se-a-partir-de-hoje-27-4\/"},"wordCount":1518,"commentCount":0,"publisher":{"@id":"https:\/\/www.pensarcursos.com.br\/blog\/#organization"},"image":{"@id":"https:\/\/www.pensarcursos.com.br\/blog\/estado-de-sao-paulo-lanca-processo-seletivo-com-salarios-de-ate-r-14-mil-inscreva-se-a-partir-de-hoje-27-4\/#primaryimage"},"thumbnailUrl":"https:\/\/www.pensarcursos.com.br\/blog\/wp-content\/uploads\/2026\/04\/edital-prefeitura-de-sete-barras.webp","keywords":["concurso Prefeitura Sete Barras","inscri\u00e7\u00f5es prefeitura de Sete Barras","processo seletivo S\u00e3o Paulo","processo seletivo Sete Barras SP","vagas Prefeitura Sete Barras"],"articleSection":["Concursos P\u00fablicos","Empregos"],"inLanguage":"pt-BR","potentialAction":[{"@type":"CommentAction","name":"Comment","target":["https:\/\/www.pensarcursos.com.br\/blog\/estado-de-sao-paulo-lanca-processo-seletivo-com-salarios-de-ate-r-14-mil-inscreva-se-a-partir-de-hoje-27-4\/#respond"]}],"copyrightYear":"2026","copyrightHolder":{"@id":"https:\/\/www.pensarcursos.com.br\/blog\/#organization"}},{"@type":"WebPage","@id":"https:\/\/www.pensarcursos.com.br\/blog\/estado-de-sao-paulo-lanca-processo-seletivo-com-salarios-de-ate-r-14-mil-inscreva-se-a-partir-de-hoje-27-4\/","url":"https:\/\/www.pensarcursos.com.br\/blog\/estado-de-sao-paulo-lanca-processo-seletivo-com-salarios-de-ate-r-14-mil-inscreva-se-a-partir-de-hoje-27-4\/","name":"Estado de S\u00e3o Paulo lan\u00e7a processo seletivo com sal\u00e1rios de at\u00e9 R$ 14 mil; inscreva-se a partir de hoje (27\/4) - Blog Pensar Cursos","isPartOf":{"@id":"https:\/\/www.pensarcursos.com.br\/blog\/#website"},"primaryImageOfPage":{"@id":"https:\/\/www.pensarcursos.com.br\/blog\/estado-de-sao-paulo-lanca-processo-seletivo-com-salarios-de-ate-r-14-mil-inscreva-se-a-partir-de-hoje-27-4\/#primaryimage"},"image":{"@id":"https:\/\/www.pensarcursos.com.br\/blog\/estado-de-sao-paulo-lanca-processo-seletivo-com-salarios-de-ate-r-14-mil-inscreva-se-a-partir-de-hoje-27-4\/#primaryimage"},"thumbnailUrl":"https:\/\/www.pensarcursos.com.br\/blog\/wp-content\/uploads\/2026\/04\/edital-prefeitura-de-sete-barras.webp","datePublished":"2026-04-27T16:59:08+00:00","description":"Prefeitura abre processo seletivo com 79 vagas e sal\u00e1rios de at\u00e9 R$ 14.192,22. Inscri\u00e7\u00f5es pelo INEPAM at\u00e9 7 de maio. Saiba mais!","breadcrumb":{"@id":"https:\/\/www.pensarcursos.com.br\/blog\/estado-de-sao-paulo-lanca-processo-seletivo-com-salarios-de-ate-r-14-mil-inscreva-se-a-partir-de-hoje-27-4\/#breadcrumb"},"inLanguage":"pt-BR","potentialAction":[{"@type":"ReadAction","target":["https:\/\/www.pensarcursos.com.br\/blog\/estado-de-sao-paulo-lanca-processo-seletivo-com-salarios-de-ate-r-14-mil-inscreva-se-a-partir-de-hoje-27-4\/"]}]},{"@type":"ImageObject","inLanguage":"pt-BR","@id":"https:\/\/www.pensarcursos.com.br\/blog\/estado-de-sao-paulo-lanca-processo-seletivo-com-salarios-de-ate-r-14-mil-inscreva-se-a-partir-de-hoje-27-4\/#primaryimage","url":"https:\/\/www.pensarcursos.com.br\/blog\/wp-content\/uploads\/2026\/04\/edital-prefeitura-de-sete-barras.webp","contentUrl":"https:\/\/www.pensarcursos.com.br\/blog\/wp-content\/uploads\/2026\/04\/edital-prefeitura-de-sete-barras.webp","width":1200,"height":800,"caption":"Edital prev\u00ea 79 vagas imediatas e cadastro reserva para diversos n\u00edveis de escolaridade. Imagem: Blog Pensar Cursos."},{"@type":"BreadcrumbList","@id":"https:\/\/www.pensarcursos.com.br\/blog\/estado-de-sao-paulo-lanca-processo-seletivo-com-salarios-de-ate-r-14-mil-inscreva-se-a-partir-de-hoje-27-4\/#breadcrumb","itemListElement":[{"@type":"ListItem","position":1,"name":"Home","item":"https:\/\/www.pensarcursos.com.br\/blog\/"},{"@type":"ListItem","position":2,"name":"Estado de S\u00e3o Paulo lan\u00e7a processo seletivo com sal\u00e1rios de at\u00e9 R$ 14 mil; inscreva-se a partir de hoje (27\/4)"}]},{"@type":"WebSite","@id":"https:\/\/www.pensarcursos.com.br\/blog\/#website","url":"https:\/\/www.pensarcursos.com.br\/blog\/","name":"Blog Pensar Cursos","description":"Maior Site de Cursos do Brasil","publisher":{"@id":"https:\/\/www.pensarcursos.com.br\/blog\/#organization"},"alternateName":"Blog Pensar","potentialAction":[{"@type":"SearchAction","target":{"@type":"EntryPoint","urlTemplate":"https:\/\/www.pensarcursos.com.br\/blog\/?s={search_term_string}"},"query-input":{"@type":"PropertyValueSpecification","valueRequired":true,"valueName":"search_term_string"}}],"inLanguage":"pt-BR"},{"@type":"Organization","@id":"https:\/\/www.pensarcursos.com.br\/blog\/#organization","name":"Pensar Cursos","alternateName":"Blog pensar","url":"https:\/\/www.pensarcursos.com.br\/blog\/","logo":{"@type":"ImageObject","inLanguage":"pt-BR","@id":"https:\/\/www.pensarcursos.com.br\/blog\/#\/schema\/logo\/image\/","url":"https:\/\/www.pensarcursos.com.br\/blog\/wp-content\/uploads\/2023\/11\/Nova-Logo-Pensar-Cursos-vertical.png","contentUrl":"https:\/\/www.pensarcursos.com.br\/blog\/wp-content\/uploads\/2023\/11\/Nova-Logo-Pensar-Cursos-vertical.png","width":1393,"height":1001,"caption":"Pensar Cursos"},"image":{"@id":"https:\/\/www.pensarcursos.com.br\/blog\/#\/schema\/logo\/image\/"},"sameAs":["https:\/\/www.facebook.com\/pensarcursos\/","https:\/\/instagram.com.br\/pensarcursos"],"description":"Pensar Cursos \u00e9 uma empresa especializada em oferecer cursos de alta qualidade voltados para o desenvolvimento profissional e acad\u00eamico. Com uma ampla gama de op\u00e7\u00f5es de treinamento, oferecemos conte\u00fados atualizados, ministrados por especialistas da \u00e1rea, para capacitar indiv\u00edduos e equipes a atingirem seus objetivos. Nossa miss\u00e3o \u00e9 proporcionar uma educa\u00e7\u00e3o transformadora, acess\u00edvel e personalizada para cada aluno, seja em cursos presenciais ou online. Com uma abordagem inovadora, buscamos adaptar os nossos programas de ensino \u00e0s necessidades do mercado, criando solu\u00e7\u00f5es que atendem aos desafios e exig\u00eancias do mundo corporativo e acad\u00eamico. Nossos cursos incluem desde forma\u00e7\u00f5es t\u00e9cnicas at\u00e9 habilidades essenciais, como lideran\u00e7a, gest\u00e3o e desenvolvimento pessoal.","email":"contato@pensarcursos.com.br","legalName":"Sena Servi\u00e7os de Informa\u00e7\u00e3o Online LTDA","foundingDate":"2013-04-18","vatID":"17956217000172","numberOfEmployees":{"@type":"QuantitativeValue","minValue":"11","maxValue":"50"},"publishingPrinciples":"https:\/\/www.pensarcursos.com.br\/blog\/principios-de-publicacao\/","ownershipFundingInfo":"https:\/\/www.pensarcursos.com.br\/blog\/informacoes-de-propriedade-financiamento\/","actionableFeedbackPolicy":"https:\/\/www.pensarcursos.com.br\/blog\/politica-de-feedback-acionavel\/","correctionsPolicy":"https:\/\/www.pensarcursos.com.br\/blog\/politica-de-correcoes\/","ethicsPolicy":"https:\/\/www.pensarcursos.com.br\/blog\/politica-de-etica\/"},{"@type":"Person","@id":"https:\/\/www.pensarcursos.com.br\/blog\/#\/schema\/person\/b94ff84c7271a3cb9a5ce19e07b0ed5f","name":"Luiza Pereira","image":{"@type":"ImageObject","inLanguage":"pt-BR","@id":"https:\/\/secure.gravatar.com\/avatar\/51a9cea3f558699054e6c6d962a79771188542d9b4d73e9f96d8c0586bc5f11d?s=96&d=mm&r=g","url":"https:\/\/secure.gravatar.com\/avatar\/51a9cea3f558699054e6c6d962a79771188542d9b4d73e9f96d8c0586bc5f11d?s=96&d=mm&r=g","contentUrl":"https:\/\/secure.gravatar.com\/avatar\/51a9cea3f558699054e6c6d962a79771188542d9b4d73e9f96d8c0586bc5f11d?s=96&d=mm&r=g","caption":"Luiza Pereira"},"description":"Graduanda em Pedagogia pela Universidade Estadual do Sudoeste da Bahia (UESB). Redatora do grupo Sena Online.","sameAs":["https:\/\/www.instagram.com\/luizza_pereiraa?igsh=MmltMGh0bHUzbnR0"],"url":"https:\/\/www.pensarcursos.com.br\/blog\/author\/luiza\/"}]}},"_links":{"self":[{"href":"https:\/\/www.pensarcursos.com.br\/blog\/wp-json\/wp\/v2\/posts\/158010","targetHints":{"allow":["GET"]}}],"collection":[{"href":"https:\/\/www.pensarcursos.com.br\/blog\/wp-json\/wp\/v2\/posts"}],"about":[{"href":"https:\/\/www.pensarcursos.com.br\/blog\/wp-json\/wp\/v2\/types\/post"}],"author":[{"embeddable":true,"href":"https:\/\/www.pensarcursos.com.br\/blog\/wp-json\/wp\/v2\/users\/60"}],"replies":[{"embeddable":true,"href":"https:\/\/www.pensarcursos.com.br\/blog\/wp-json\/wp\/v2\/comments?post=158010"}],"version-history":[{"count":1,"href":"https:\/\/www.pensarcursos.com.br\/blog\/wp-json\/wp\/v2\/posts\/158010\/revisions"}],"predecessor-version":[{"id":158033,"href":"https:\/\/www.pensarcursos.com.br\/blog\/wp-json\/wp\/v2\/posts\/158010\/revisions\/158033"}],"wp:featuredmedia":[{"embeddable":true,"href":"https:\/\/www.pensarcursos.com.br\/blog\/wp-json\/wp\/v2\/media\/158022"}],"wp:attachment":[{"href":"https:\/\/www.pensarcursos.com.br\/blog\/wp-json\/wp\/v2\/media?parent=158010"}],"wp:term":[{"taxonomy":"category","embeddable":true,"href":"https:\/\/www.pensarcursos.com.br\/blog\/wp-json\/wp\/v2\/categories?post=158010"},{"taxonomy":"post_tag","embeddable":true,"href":"https:\/\/www.pensarcursos.com.br\/blog\/wp-json\/wp\/v2\/tags?post=158010"}],"curies":[{"name":"wp","href":"https:\/\/api.w.org\/{rel}","templated":true}]}}