{"id":158005,"date":"2026-04-27T09:05:06","date_gmt":"2026-04-27T12:05:06","guid":{"rendered":"https:\/\/www.pensarcursos.com.br\/blog\/?p=158005"},"modified":"2026-04-27T09:02:39","modified_gmt":"2026-04-27T12:02:39","slug":"saiu-edital-novo-concurso-com-salarios-de-ate-r-21-mil-e-mais-de-60-vagas-abriu-inscricoes-nesta-segunda-feira-27","status":"publish","type":"post","link":"https:\/\/www.pensarcursos.com.br\/blog\/saiu-edital-novo-concurso-com-salarios-de-ate-r-21-mil-e-mais-de-60-vagas-abriu-inscricoes-nesta-segunda-feira-27\/","title":{"rendered":"SAIU EDITAL! Novo concurso com sal\u00e1rios de at\u00e9 R$ 21 mil e mais de 60 vagas abriu inscri\u00e7\u00f5es nesta segunda-feira (27)"},"content":{"rendered":"<p>Voc\u00ea deseja ingressar no setor p\u00fablico recebendo at\u00e9 <strong>R$ 21.489,70<\/strong> mensais? Se a resposta for sim, a sua oportunidade chegou! A Prefeitura Municipal confirmou a abertura de um novo concurso p\u00fablico destinado a candidatos de todos os n\u00edveis de escolaridade.<\/p>\n<p>Quer saber mais detalhes sobre este certame? Confira a seguir as principais informa\u00e7\u00f5es e garanta a sua participa\u00e7\u00e3o.<\/p>\n<h2>Detalhes sobre o concurso<\/h2>\n<p>O novo concurso reflete a necessidade do munic\u00edpio de renovar o quadro funcional e ampliar equipes em setores administrativos, t\u00e9cnicos e de sa\u00fade.<\/p>\n<p>O \u00f3rg\u00e3o organizador, respons\u00e1vel por todas as etapas do concurso, \u00e9 o Instituto Brasileiro de Gest\u00e3o e Pesquisa (IBGP CONCURSOS). Al\u00e9m das vagas imediatas, h\u00e1 previs\u00e3o de forma\u00e7\u00e3o de cadastro reserva (CR) para futuras convoca\u00e7\u00f5es conforme a necessidade do munic\u00edpio.<\/p>\n<h2>Cargos, vagas e remunera\u00e7\u00f5es<\/h2>\n<p>Confira na tabela abaixo os detalhes de cada cargo dispon\u00edvel:<\/p>\n<table>\n<thead>\n<tr>\n<th>Cargo<\/th>\n<th>Escolaridade<\/th>\n<th>Vagas<\/th>\n<th>Sal\u00e1rio (R$)<\/th>\n<\/tr>\n<\/thead>\n<tbody>\n<tr>\n<td>Auxiliar de Servi\u00e7os Administrativos<\/td>\n<td>Fundamental<\/td>\n<td>11<\/td>\n<td>1.621,09<\/td>\n<\/tr>\n<tr>\n<td>Agente de Servi\u00e7os Administrativos<\/td>\n<td>Fundamental<\/td>\n<td>09<\/td>\n<td>2.293,55<\/td>\n<\/tr>\n<tr>\n<td>Assistente Administrativo<\/td>\n<td>M\u00e9dio<\/td>\n<td>04<\/td>\n<td>3.859,65<\/td>\n<\/tr>\n<tr>\n<td>Auxiliar em Sa\u00fade Bucal<\/td>\n<td>M\u00e9dio<\/td>\n<td>03<\/td>\n<td>2.501,40<\/td>\n<\/tr>\n<tr>\n<td>Oficial de Servi\u00e7os Administrativos<\/td>\n<td>M\u00e9dio<\/td>\n<td>04<\/td>\n<td>3.244,85<\/td>\n<\/tr>\n<tr>\n<td>T\u00e9cnico em Enfermagem<\/td>\n<td>T\u00e9cnico (M\u00e9dio)<\/td>\n<td>20<\/td>\n<td>3.859,65<\/td>\n<\/tr>\n<tr>\n<td>Arquiteto<\/td>\n<td>Superior<\/td>\n<td>02<\/td>\n<td>5.639,84<\/td>\n<\/tr>\n<tr>\n<td>Enfermeiro UBS<\/td>\n<td>Superior<\/td>\n<td>01<\/td>\n<td>5.639,84<\/td>\n<\/tr>\n<tr>\n<td>Farmac\u00eautico<\/td>\n<td>Superior<\/td>\n<td>02<\/td>\n<td>5.639,84<\/td>\n<\/tr>\n<tr>\n<td>Fisioterapeuta<\/td>\n<td>Superior<\/td>\n<td>01<\/td>\n<td>5.639,84<\/td>\n<\/tr>\n<tr>\n<td>M\u00e9dico de UBS<\/td>\n<td>Superior<\/td>\n<td>02<\/td>\n<td>21.489,70<\/td>\n<\/tr>\n<tr>\n<td>Odont\u00f3logo<\/td>\n<td>Superior<\/td>\n<td>04<\/td>\n<td>5.639,84<\/td>\n<\/tr>\n<tr>\n<td>Psic\u00f3logo<\/td>\n<td>Superior<\/td>\n<td>03<\/td>\n<td>5.639,84<\/td>\n<\/tr>\n<tr>\n<td>Veterin\u00e1rio<\/td>\n<td>Superior<\/td>\n<td>01<\/td>\n<td>5.639,84<\/td>\n<\/tr>\n<\/tbody>\n<\/table>\n<p>Mais informa\u00e7\u00f5es sobre os cargos podem ser consultados no <a href=\"https:\/\/www.pensarcursos.com.br\/blog\/wp-content\/uploads\/2026\/04\/Anexo-1.pdf\" target=\"_blank\" rel=\"noopener\">anexo I<\/a>, disponibilizado pelo site da banca organizadora.<\/p>\n<h2>Benef\u00edcios e carga hor\u00e1ria<\/h2>\n<p>As cargas hor\u00e1rias semanais v\u00e3o de 30 a 40 horas, conforme definido para cada fun\u00e7\u00e3o em edital. A contrata\u00e7\u00e3o obedecer\u00e1 ao regime celetista.<\/p>\n<p>O edital descreve as remunera\u00e7\u00f5es espec\u00edficas por cargo, al\u00e9m da possibilidade de benef\u00edcios adicionais previstos na legisla\u00e7\u00e3o municipal, que dever\u00e3o ser detalhados na convoca\u00e7\u00e3o.<\/p>\n<h2>Requisitos para participar<\/h2>\n<p>Para participar do concurso da Prefeitura Municipal de Lagoa da Prata, localizada no estado de Minas Gerais (MG), \u00e9 necess\u00e1rio:<\/p>\n<ul>\n<li>Atender ao requisito de escolaridade do cargo;<\/li>\n<li>Apresentar documentos pessoais e comprova\u00e7\u00e3o de escolaridade;<\/li>\n<li>Comprovar experi\u00eancia, se exigida;<\/li>\n<li>Para alguns cargos, apresentar registro no conselho profissional correspondente;<\/li>\n<li>Estar em dia com obriga\u00e7\u00f5es eleitorais e militares;<\/li>\n<li>Pessoas com defici\u00eancia (PCD) ou em cotas devem apresentar laudos e documentos conforme o edital.<\/li>\n<\/ul>\n<h2>Inscri\u00e7\u00f5es<\/h2>\n<p>As inscri\u00e7\u00f5es dever\u00e3o ser realizadas, exclusivamente, via internet, pelo site do<a href=\"https:\/\/novo.ibgpconcursos.com.br\/concurso.jsp?cod=665\" target=\"_blank\" rel=\"noopener\"> IBGP CONCURSOS<\/a>, no per\u00edodo das 09h do dia<strong> 27\/04\/2026 \u00e0s 16h do dia 27\/05\/2026<\/strong>.<\/p>\n<p>Para confirmar a inscri\u00e7\u00e3o, \u00e9 necess\u00e1rio pagar uma taxa de participa\u00e7\u00e3o conforme o n\u00edvel de escolaridade do cargo escolhido:<\/p>\n<ul>\n<li><strong>Ensino Fundamental:<\/strong> R$ 60,00.<\/li>\n<li><strong>Ensino M\u00e9dio\/T\u00e9cnico:<\/strong> R$ 80,00.<\/li>\n<li><strong>Ensino Superior:<\/strong> R$ 100,00.<\/li>\n<\/ul>\n<p>O pagamento dever\u00e1 ser feito por boleto banc\u00e1rio, emitido no momento da inscri\u00e7\u00e3o, at\u00e9 o dia<strong> 27 de maio de 2026 \u00e0s 17h<\/strong>.<\/p>\n<p>Candidatos desempregados ou inscritos no Cadastro \u00danico (Cad\u00danico) poder\u00e3o solicitar a isen\u00e7\u00e3o da taxa de inscri\u00e7\u00e3o no per\u00edodo das 9h do dia<strong> 27 de abril at\u00e9 as 16h do dia 29 de abril de 2026<\/strong>.<\/p>\n<h2>Processo seletivo \u2014 etapas<\/h2>\n<p>O processo seletivo ser\u00e1 composto por <strong>provas objetivas<\/strong> de car\u00e1ter eliminat\u00f3rio e classificat\u00f3rio, aplicadas a todos os cargos no dia\u00a0<strong>12 de julho de 2026<\/strong>, das 9h15 \u00e0s 14h45, em Lagoa da Prata.<\/p>\n<p>Para os cargos de n\u00edvel superior, haver\u00e1 tamb\u00e9m etapa de <strong>avalia\u00e7\u00e3o de t\u00edtulos<\/strong>, pontuando especializa\u00e7\u00f5es, mestrado ou doutorado, quando informados e comprovados conforme normas do edital.<\/p>\n<h2>Conte\u00fado program\u00e1tico<\/h2>\n<figure id=\"attachment_157707\" aria-describedby=\"caption-attachment-157707\" style=\"width: 1200px\" class=\"wp-caption alignnone\"><img decoding=\"async\" class=\"size-full wp-image-157707\" src=\"https:\/\/www.pensarcursos.com.br\/blog\/wp-content\/uploads\/2026\/04\/Novo-concurso.webp\" alt=\"Candidato concentrado escrevendo em prova de concurso p\u00fablico.\" width=\"1200\" height=\"800\" srcset=\"https:\/\/www.pensarcursos.com.br\/blog\/wp-content\/uploads\/2026\/04\/Novo-concurso.webp 1200w, https:\/\/www.pensarcursos.com.br\/blog\/wp-content\/uploads\/2026\/04\/Novo-concurso-300x200.webp 300w, https:\/\/www.pensarcursos.com.br\/blog\/wp-content\/uploads\/2026\/04\/Novo-concurso-1024x683.webp 1024w, https:\/\/www.pensarcursos.com.br\/blog\/wp-content\/uploads\/2026\/04\/Novo-concurso-768x512.webp 768w, https:\/\/www.pensarcursos.com.br\/blog\/wp-content\/uploads\/2026\/04\/Novo-concurso-750x500.webp 750w, https:\/\/www.pensarcursos.com.br\/blog\/wp-content\/uploads\/2026\/04\/Novo-concurso-1140x760.webp 1140w\" sizes=\"(max-width: 1200px) 100vw, 1200px\" \/><figcaption id=\"caption-attachment-157707\" class=\"wp-caption-text\">Saiba como se preparar para a prova objetiva! Imagem: Blog Pensar Cursos.<\/figcaption><\/figure>\n<p>A prova objetiva cobrar\u00e1 conte\u00fados de L\u00edngua Portuguesa, Racioc\u00ednio L\u00f3gico e Conhecimentos Gerais para todos os cargos. Para cada fun\u00e7\u00e3o, haver\u00e1 ainda bloco de Conhecimentos Espec\u00edficos relacionados \u00e0s atribui\u00e7\u00f5es do cargo.<\/p>\n<p>O detalhamento dos temas, refer\u00eancias bibliogr\u00e1ficas e crit\u00e9rios de avalia\u00e7\u00e3o foi divulgado no edital do concurso, sendo fundamental que os candidatos consultem o documento para uma prepara\u00e7\u00e3o adequada.<\/p>\n<h2>Validade do concurso<\/h2>\n<p>O concurso p\u00fablico ter\u00e1 validade de <strong>dois anos<\/strong> a partir da homologa\u00e7\u00e3o do resultado final, com possibilidade de prorroga\u00e7\u00e3o \u00fanica por igual per\u00edodo, a crit\u00e9rio da Prefeitura de Lagoa da Prata. Os aprovados poder\u00e3o ser chamados conforme a necessidade e disponibilidade de vagas no munic\u00edpio dentro desse prazo.<\/p>\n<h2>Resumo do concurso<\/h2>\n<table>\n<tbody>\n<tr>\n<th>Status<\/th>\n<td>Inscri\u00e7\u00f5es abertas<\/td>\n<\/tr>\n<tr>\n<th>\u00d3rg\u00e3o<\/th>\n<td>Prefeitura de Lagoa da Prata<\/td>\n<\/tr>\n<tr>\n<th>Cargos<\/th>\n<td>V\u00e1rias \u00e1reas<\/td>\n<\/tr>\n<tr>\n<th>N\u00edvel de escolaridade<\/th>\n<td>Fundamental, m\u00e9dio, t\u00e9cnico e superior<\/td>\n<\/tr>\n<tr>\n<th>Vagas<\/th>\n<td>67 + CR<\/td>\n<\/tr>\n<tr>\n<th>Sal\u00e1rio<\/th>\n<td>R$ 1.621,09 a R$ 21.489,70<\/td>\n<\/tr>\n<tr>\n<th>Carga hor\u00e1ria<\/th>\n<td>30 a 40 horas semanais<\/td>\n<\/tr>\n<tr>\n<th>Per\u00edodo de inscri\u00e7\u00f5es<\/th>\n<td>27\/04 (9h) a 27\/05 (16h)<\/td>\n<\/tr>\n<tr>\n<th>Taxa<\/th>\n<td>R$ 60,00, R$ 80,00 ou R$ 100,00<\/td>\n<\/tr>\n<tr>\n<th>Edital<\/th>\n<td><a href=\"https:\/\/www.pensarcursos.com.br\/blog\/wp-content\/uploads\/2026\/04\/Edital-oficial-do-concurso-da-prefeitura-de-Lagoa-da-Prata.pdf\" target=\"_blank\" rel=\"noopener\">Edital oficial do concurso da prefeitura de Lagoa da Prata<\/a><\/td>\n<\/tr>\n<tr>\n<th>Edital retificado<\/th>\n<td><a href=\"https:\/\/www.pensarcursos.com.br\/blog\/wp-content\/uploads\/2026\/04\/Edital-oficial-do-concurso-da-prefeitura-de-Lagoa-da-Prata-retificado.pdf\" target=\"_blank\" rel=\"noopener\">Edital oficial do concurso da prefeitura de Lagoa da Prata retificado<\/a><\/td>\n<\/tr>\n<\/tbody>\n<\/table>\n<p>Aproveite para assistir ao v\u00eddeo abaixo e saiba por onde come\u00e7ar a estudar:<\/p>\n<div class=\"jeg_video_container jeg_video_content\"><iframe title=\"Saiu o edital do concurso: por onde come\u00e7ar a estudar? 6 passos que voc\u00ea PRECISA seguir\" width=\"500\" height=\"281\" src=\"https:\/\/www.youtube.com\/embed\/FGl66-VUgps?feature=oembed\" frameborder=\"0\" allow=\"accelerometer; autoplay; clipboard-write; encrypted-media; gyroscope; picture-in-picture; web-share\" referrerpolicy=\"strict-origin-when-cross-origin\" allowfullscreen><\/iframe><\/div>\n<p>Para n\u00e3o perder nenhuma novidade sobre as sele\u00e7\u00f5es de 2026, continue acessando o <a href=\"https:\/\/www.pensarcursos.com.br\/blog\/\" target=\"_blank\" rel=\"noopener\">Blog Pensar Cursos<\/a> diariamente!<\/p>\n","protected":false},"excerpt":{"rendered":"<p>Voc\u00ea deseja ingressar no setor p\u00fablico recebendo at\u00e9 R$ 21.489,70 mensais? Se a resposta for sim, a sua oportunidade chegou! A Prefeitura Municipal confirmou a abertura de um novo concurso p\u00fablico destinado a candidatos de todos os n\u00edveis de escolaridade. Quer saber mais detalhes sobre este certame? Confira a seguir as principais informa\u00e7\u00f5es e garanta [&hellip;]<\/p>\n","protected":false},"author":63,"featured_media":157755,"comment_status":"open","ping_status":"closed","sticky":false,"template":"","format":"standard","meta":{"jnews-multi-image_gallery":[],"jnews_single_post":{"format":"standard","override":[{"template":"1","parallax":"1","fullscreen":"1","layout":"right-sidebar","sidebar":"default-sidebar","second_sidebar":"default-sidebar","sticky_sidebar":"1","share_position":"topbottom","share_float_style":"share-monocrhome","show_featured":"1","show_post_meta":"1","show_post_author":"1","show_post_author_image":"1","show_post_date":"1","post_date_format":"default","post_date_format_custom":"Y\/m\/d","show_post_category":"1","post_reading_time_wpm":"300","post_calculate_word_method":"str_word_count","show_zoom_button":"0","zoom_button_out_step":"2","zoom_button_in_step":"3","show_post_tag":"1","show_prev_next_post":"1","show_popup_post":"1","show_comment_section":"1","number_popup_post":"2","show_author_box":"1","show_post_related":"1","show_inline_post_related":"1"}],"image_override":[{"single_post_thumbnail_size":"crop-500","single_post_gallery_size":"crop-500"}],"trending_post_position":"meta","trending_post_label":"Trending","sponsored_post_label":"Sponsored by","disable_ad":"0","subtitle":"Confira todos os detalhes sobre o novo concurso"},"jnews_primary_category":[],"jnews_social_meta":[],"jnews_override_counter":{"view_counter_number":"0","share_counter_number":"0","like_counter_number":"0","dislike_counter_number":"0"},"footnotes":""},"categories":[29],"tags":[41852,28135,41851],"class_list":["post-158005","post","type-post","status-publish","format-standard","has-post-thumbnail","hentry","category-concursos","tag-concurso-prefeitura-lagoa-da-prata","tag-concurso-publico-mg","tag-edital-aberto-concurso-mg"],"yoast_head":"<!-- This site is optimized with the Yoast SEO Premium plugin v27.4 (Yoast SEO v27.4) - https:\/\/yoast.com\/product\/yoast-seo-premium-wordpress\/ -->\n<title>SAIU EDITAL! Novo concurso com sal\u00e1rios de at\u00e9 R$ 21 mil e mais de 60 vagas abriu inscri\u00e7\u00f5es nesta segunda-feira (27) - Blog Pensar Cursos<\/title>\n<meta name=\"description\" content=\"N\u00e3o perca! Novo concurso com sal\u00e1rios de at\u00e9 R$21 mil abriu inscri\u00e7\u00f5es nesta segunda (27). Garanta sua chance em 2026: inscreva-se hoje mesmo!\" \/>\n<meta name=\"robots\" content=\"index, follow, max-snippet:-1, max-image-preview:large, max-video-preview:-1\" \/>\n<link rel=\"canonical\" href=\"https:\/\/www.pensarcursos.com.br\/blog\/saiu-edital-novo-concurso-com-salarios-de-ate-r-21-mil-e-mais-de-60-vagas-abriu-inscricoes-nesta-segunda-feira-27\/\" \/>\n<meta property=\"og:locale\" content=\"pt_BR\" \/>\n<meta property=\"og:type\" content=\"article\" \/>\n<meta property=\"og:title\" content=\"SAIU EDITAL! Novo concurso com sal\u00e1rios de at\u00e9 R$ 21 mil e mais de 60 vagas abriu inscri\u00e7\u00f5es nesta segunda-feira (27)\" \/>\n<meta property=\"og:description\" content=\"N\u00e3o perca! Novo concurso com sal\u00e1rios de at\u00e9 R$21 mil abriu inscri\u00e7\u00f5es nesta segunda (27). Garanta sua chance em 2026: inscreva-se hoje mesmo!\" \/>\n<meta property=\"og:url\" content=\"https:\/\/www.pensarcursos.com.br\/blog\/saiu-edital-novo-concurso-com-salarios-de-ate-r-21-mil-e-mais-de-60-vagas-abriu-inscricoes-nesta-segunda-feira-27\/\" \/>\n<meta property=\"og:site_name\" content=\"Blog Pensar Cursos\" \/>\n<meta property=\"article:publisher\" content=\"https:\/\/www.facebook.com\/pensarcursos\/\" \/>\n<meta property=\"article:published_time\" content=\"2026-04-27T12:05:06+00:00\" \/>\n<meta property=\"og:image\" content=\"https:\/\/www.pensarcursos.com.br\/blog\/wp-content\/uploads\/2026\/04\/Novo-concurso-publico-de-2026.webp\" \/>\n\t<meta property=\"og:image:width\" content=\"1200\" \/>\n\t<meta property=\"og:image:height\" content=\"800\" \/>\n\t<meta property=\"og:image:type\" content=\"image\/webp\" \/>\n<meta name=\"author\" content=\"Lorena Santos\" \/>\n<meta name=\"twitter:card\" content=\"summary_large_image\" \/>\n<meta name=\"twitter:label1\" content=\"Escrito por\" \/>\n\t<meta name=\"twitter:data1\" content=\"Lorena Santos\" \/>\n\t<meta name=\"twitter:label2\" content=\"Est. tempo de leitura\" \/>\n\t<meta name=\"twitter:data2\" content=\"5 minutos\" \/>\n<!-- \/ Yoast SEO Premium plugin. -->","yoast_head_json":{"title":"SAIU EDITAL! Novo concurso com sal\u00e1rios de at\u00e9 R$ 21 mil e mais de 60 vagas abriu inscri\u00e7\u00f5es nesta segunda-feira (27) - Blog Pensar Cursos","description":"N\u00e3o perca! Novo concurso com sal\u00e1rios de at\u00e9 R$21 mil abriu inscri\u00e7\u00f5es nesta segunda (27). Garanta sua chance em 2026: inscreva-se hoje mesmo!","robots":{"index":"index","follow":"follow","max-snippet":"max-snippet:-1","max-image-preview":"max-image-preview:large","max-video-preview":"max-video-preview:-1"},"canonical":"https:\/\/www.pensarcursos.com.br\/blog\/saiu-edital-novo-concurso-com-salarios-de-ate-r-21-mil-e-mais-de-60-vagas-abriu-inscricoes-nesta-segunda-feira-27\/","og_locale":"pt_BR","og_type":"article","og_title":"SAIU EDITAL! Novo concurso com sal\u00e1rios de at\u00e9 R$ 21 mil e mais de 60 vagas abriu inscri\u00e7\u00f5es nesta segunda-feira (27)","og_description":"N\u00e3o perca! Novo concurso com sal\u00e1rios de at\u00e9 R$21 mil abriu inscri\u00e7\u00f5es nesta segunda (27). Garanta sua chance em 2026: inscreva-se hoje mesmo!","og_url":"https:\/\/www.pensarcursos.com.br\/blog\/saiu-edital-novo-concurso-com-salarios-de-ate-r-21-mil-e-mais-de-60-vagas-abriu-inscricoes-nesta-segunda-feira-27\/","og_site_name":"Blog Pensar Cursos","article_publisher":"https:\/\/www.facebook.com\/pensarcursos\/","article_published_time":"2026-04-27T12:05:06+00:00","og_image":[{"width":1200,"height":800,"url":"https:\/\/www.pensarcursos.com.br\/blog\/wp-content\/uploads\/2026\/04\/Novo-concurso-publico-de-2026.webp","type":"image\/webp"}],"author":"Lorena Santos","twitter_card":"summary_large_image","twitter_misc":{"Escrito por":"Lorena Santos","Est. tempo de leitura":"5 minutos"},"schema":{"@context":"https:\/\/schema.org","@graph":[{"@type":["Article","BlogPosting"],"@id":"https:\/\/www.pensarcursos.com.br\/blog\/saiu-edital-novo-concurso-com-salarios-de-ate-r-21-mil-e-mais-de-60-vagas-abriu-inscricoes-nesta-segunda-feira-27\/#article","isPartOf":{"@id":"https:\/\/www.pensarcursos.com.br\/blog\/saiu-edital-novo-concurso-com-salarios-de-ate-r-21-mil-e-mais-de-60-vagas-abriu-inscricoes-nesta-segunda-feira-27\/"},"author":{"name":"Lorena Santos","@id":"https:\/\/www.pensarcursos.com.br\/blog\/#\/schema\/person\/6d14404537fc6409c2563a04b6a33afa"},"headline":"SAIU EDITAL! Novo concurso com sal\u00e1rios de at\u00e9 R$ 21 mil e mais de 60 vagas abriu inscri\u00e7\u00f5es nesta segunda-feira (27)","datePublished":"2026-04-27T12:05:06+00:00","mainEntityOfPage":{"@id":"https:\/\/www.pensarcursos.com.br\/blog\/saiu-edital-novo-concurso-com-salarios-de-ate-r-21-mil-e-mais-de-60-vagas-abriu-inscricoes-nesta-segunda-feira-27\/"},"wordCount":864,"commentCount":0,"publisher":{"@id":"https:\/\/www.pensarcursos.com.br\/blog\/#organization"},"image":{"@id":"https:\/\/www.pensarcursos.com.br\/blog\/saiu-edital-novo-concurso-com-salarios-de-ate-r-21-mil-e-mais-de-60-vagas-abriu-inscricoes-nesta-segunda-feira-27\/#primaryimage"},"thumbnailUrl":"https:\/\/www.pensarcursos.com.br\/blog\/wp-content\/uploads\/2026\/04\/Novo-concurso-publico-de-2026.webp","keywords":["concurso prefeitura lagoa da prata","concurso p\u00fablico mg","edital aberto concurso mg"],"articleSection":["Concursos P\u00fablicos"],"inLanguage":"pt-BR","potentialAction":[{"@type":"CommentAction","name":"Comment","target":["https:\/\/www.pensarcursos.com.br\/blog\/saiu-edital-novo-concurso-com-salarios-de-ate-r-21-mil-e-mais-de-60-vagas-abriu-inscricoes-nesta-segunda-feira-27\/#respond"]}],"copyrightYear":"2026","copyrightHolder":{"@id":"https:\/\/www.pensarcursos.com.br\/blog\/#organization"}},{"@type":"WebPage","@id":"https:\/\/www.pensarcursos.com.br\/blog\/saiu-edital-novo-concurso-com-salarios-de-ate-r-21-mil-e-mais-de-60-vagas-abriu-inscricoes-nesta-segunda-feira-27\/","url":"https:\/\/www.pensarcursos.com.br\/blog\/saiu-edital-novo-concurso-com-salarios-de-ate-r-21-mil-e-mais-de-60-vagas-abriu-inscricoes-nesta-segunda-feira-27\/","name":"SAIU EDITAL! Novo concurso com sal\u00e1rios de at\u00e9 R$ 21 mil e mais de 60 vagas abriu inscri\u00e7\u00f5es nesta segunda-feira (27) - Blog Pensar Cursos","isPartOf":{"@id":"https:\/\/www.pensarcursos.com.br\/blog\/#website"},"primaryImageOfPage":{"@id":"https:\/\/www.pensarcursos.com.br\/blog\/saiu-edital-novo-concurso-com-salarios-de-ate-r-21-mil-e-mais-de-60-vagas-abriu-inscricoes-nesta-segunda-feira-27\/#primaryimage"},"image":{"@id":"https:\/\/www.pensarcursos.com.br\/blog\/saiu-edital-novo-concurso-com-salarios-de-ate-r-21-mil-e-mais-de-60-vagas-abriu-inscricoes-nesta-segunda-feira-27\/#primaryimage"},"thumbnailUrl":"https:\/\/www.pensarcursos.com.br\/blog\/wp-content\/uploads\/2026\/04\/Novo-concurso-publico-de-2026.webp","datePublished":"2026-04-27T12:05:06+00:00","description":"N\u00e3o perca! Novo concurso com sal\u00e1rios de at\u00e9 R$21 mil abriu inscri\u00e7\u00f5es nesta segunda (27). Garanta sua chance em 2026: inscreva-se hoje mesmo!","breadcrumb":{"@id":"https:\/\/www.pensarcursos.com.br\/blog\/saiu-edital-novo-concurso-com-salarios-de-ate-r-21-mil-e-mais-de-60-vagas-abriu-inscricoes-nesta-segunda-feira-27\/#breadcrumb"},"inLanguage":"pt-BR","potentialAction":[{"@type":"ReadAction","target":["https:\/\/www.pensarcursos.com.br\/blog\/saiu-edital-novo-concurso-com-salarios-de-ate-r-21-mil-e-mais-de-60-vagas-abriu-inscricoes-nesta-segunda-feira-27\/"]}]},{"@type":"ImageObject","inLanguage":"pt-BR","@id":"https:\/\/www.pensarcursos.com.br\/blog\/saiu-edital-novo-concurso-com-salarios-de-ate-r-21-mil-e-mais-de-60-vagas-abriu-inscricoes-nesta-segunda-feira-27\/#primaryimage","url":"https:\/\/www.pensarcursos.com.br\/blog\/wp-content\/uploads\/2026\/04\/Novo-concurso-publico-de-2026.webp","contentUrl":"https:\/\/www.pensarcursos.com.br\/blog\/wp-content\/uploads\/2026\/04\/Novo-concurso-publico-de-2026.webp","width":1200,"height":800,"caption":"Saiba tudo sobre o novo concurso p\u00fablico! Imagem: Blog Pensar Cursos."},{"@type":"BreadcrumbList","@id":"https:\/\/www.pensarcursos.com.br\/blog\/saiu-edital-novo-concurso-com-salarios-de-ate-r-21-mil-e-mais-de-60-vagas-abriu-inscricoes-nesta-segunda-feira-27\/#breadcrumb","itemListElement":[{"@type":"ListItem","position":1,"name":"Home","item":"https:\/\/www.pensarcursos.com.br\/blog\/"},{"@type":"ListItem","position":2,"name":"SAIU EDITAL! Novo concurso com sal\u00e1rios de at\u00e9 R$ 21 mil e mais de 60 vagas abriu inscri\u00e7\u00f5es nesta segunda-feira (27)"}]},{"@type":"WebSite","@id":"https:\/\/www.pensarcursos.com.br\/blog\/#website","url":"https:\/\/www.pensarcursos.com.br\/blog\/","name":"Blog Pensar Cursos","description":"Maior Site de Cursos do Brasil","publisher":{"@id":"https:\/\/www.pensarcursos.com.br\/blog\/#organization"},"alternateName":"Blog Pensar","potentialAction":[{"@type":"SearchAction","target":{"@type":"EntryPoint","urlTemplate":"https:\/\/www.pensarcursos.com.br\/blog\/?s={search_term_string}"},"query-input":{"@type":"PropertyValueSpecification","valueRequired":true,"valueName":"search_term_string"}}],"inLanguage":"pt-BR"},{"@type":"Organization","@id":"https:\/\/www.pensarcursos.com.br\/blog\/#organization","name":"Pensar Cursos","alternateName":"Blog pensar","url":"https:\/\/www.pensarcursos.com.br\/blog\/","logo":{"@type":"ImageObject","inLanguage":"pt-BR","@id":"https:\/\/www.pensarcursos.com.br\/blog\/#\/schema\/logo\/image\/","url":"https:\/\/www.pensarcursos.com.br\/blog\/wp-content\/uploads\/2023\/11\/Nova-Logo-Pensar-Cursos-vertical.png","contentUrl":"https:\/\/www.pensarcursos.com.br\/blog\/wp-content\/uploads\/2023\/11\/Nova-Logo-Pensar-Cursos-vertical.png","width":1393,"height":1001,"caption":"Pensar Cursos"},"image":{"@id":"https:\/\/www.pensarcursos.com.br\/blog\/#\/schema\/logo\/image\/"},"sameAs":["https:\/\/www.facebook.com\/pensarcursos\/","https:\/\/instagram.com.br\/pensarcursos"],"description":"Pensar Cursos \u00e9 uma empresa especializada em oferecer cursos de alta qualidade voltados para o desenvolvimento profissional e acad\u00eamico. Com uma ampla gama de op\u00e7\u00f5es de treinamento, oferecemos conte\u00fados atualizados, ministrados por especialistas da \u00e1rea, para capacitar indiv\u00edduos e equipes a atingirem seus objetivos. Nossa miss\u00e3o \u00e9 proporcionar uma educa\u00e7\u00e3o transformadora, acess\u00edvel e personalizada para cada aluno, seja em cursos presenciais ou online. Com uma abordagem inovadora, buscamos adaptar os nossos programas de ensino \u00e0s necessidades do mercado, criando solu\u00e7\u00f5es que atendem aos desafios e exig\u00eancias do mundo corporativo e acad\u00eamico. Nossos cursos incluem desde forma\u00e7\u00f5es t\u00e9cnicas at\u00e9 habilidades essenciais, como lideran\u00e7a, gest\u00e3o e desenvolvimento pessoal.","email":"contato@pensarcursos.com.br","legalName":"Sena Servi\u00e7os de Informa\u00e7\u00e3o Online LTDA","foundingDate":"2013-04-18","vatID":"17956217000172","numberOfEmployees":{"@type":"QuantitativeValue","minValue":"11","maxValue":"50"},"publishingPrinciples":"https:\/\/www.pensarcursos.com.br\/blog\/principios-de-publicacao\/","ownershipFundingInfo":"https:\/\/www.pensarcursos.com.br\/blog\/informacoes-de-propriedade-financiamento\/","actionableFeedbackPolicy":"https:\/\/www.pensarcursos.com.br\/blog\/politica-de-feedback-acionavel\/","correctionsPolicy":"https:\/\/www.pensarcursos.com.br\/blog\/politica-de-correcoes\/","ethicsPolicy":"https:\/\/www.pensarcursos.com.br\/blog\/politica-de-etica\/"},{"@type":"Person","@id":"https:\/\/www.pensarcursos.com.br\/blog\/#\/schema\/person\/6d14404537fc6409c2563a04b6a33afa","name":"Lorena Santos","image":{"@type":"ImageObject","inLanguage":"pt-BR","@id":"https:\/\/secure.gravatar.com\/avatar\/941263bb699494bd4d142d8d9219ca4269af85a1fae17b916b7a324de278e15f?s=96&d=mm&r=g","url":"https:\/\/secure.gravatar.com\/avatar\/941263bb699494bd4d142d8d9219ca4269af85a1fae17b916b7a324de278e15f?s=96&d=mm&r=g","contentUrl":"https:\/\/secure.gravatar.com\/avatar\/941263bb699494bd4d142d8d9219ca4269af85a1fae17b916b7a324de278e15f?s=96&d=mm&r=g","caption":"Lorena Santos"},"description":"Redatora do Grupo Sena Online","sameAs":["https:\/\/www.instagram.com\/lorenassi_?igsh=dXRodHd0ZXpjZDZy&utm_source=qr"],"url":"https:\/\/www.pensarcursos.com.br\/blog\/author\/lorena\/"}]}},"_links":{"self":[{"href":"https:\/\/www.pensarcursos.com.br\/blog\/wp-json\/wp\/v2\/posts\/158005","targetHints":{"allow":["GET"]}}],"collection":[{"href":"https:\/\/www.pensarcursos.com.br\/blog\/wp-json\/wp\/v2\/posts"}],"about":[{"href":"https:\/\/www.pensarcursos.com.br\/blog\/wp-json\/wp\/v2\/types\/post"}],"author":[{"embeddable":true,"href":"https:\/\/www.pensarcursos.com.br\/blog\/wp-json\/wp\/v2\/users\/63"}],"replies":[{"embeddable":true,"href":"https:\/\/www.pensarcursos.com.br\/blog\/wp-json\/wp\/v2\/comments?post=158005"}],"version-history":[{"count":3,"href":"https:\/\/www.pensarcursos.com.br\/blog\/wp-json\/wp\/v2\/posts\/158005\/revisions"}],"predecessor-version":[{"id":158035,"href":"https:\/\/www.pensarcursos.com.br\/blog\/wp-json\/wp\/v2\/posts\/158005\/revisions\/158035"}],"wp:featuredmedia":[{"embeddable":true,"href":"https:\/\/www.pensarcursos.com.br\/blog\/wp-json\/wp\/v2\/media\/157755"}],"wp:attachment":[{"href":"https:\/\/www.pensarcursos.com.br\/blog\/wp-json\/wp\/v2\/media?parent=158005"}],"wp:term":[{"taxonomy":"category","embeddable":true,"href":"https:\/\/www.pensarcursos.com.br\/blog\/wp-json\/wp\/v2\/categories?post=158005"},{"taxonomy":"post_tag","embeddable":true,"href":"https:\/\/www.pensarcursos.com.br\/blog\/wp-json\/wp\/v2\/tags?post=158005"}],"curies":[{"name":"wp","href":"https:\/\/api.w.org\/{rel}","templated":true}]}}