{"id":157999,"date":"2026-04-27T08:30:56","date_gmt":"2026-04-27T11:30:56","guid":{"rendered":"https:\/\/www.pensarcursos.com.br\/blog\/?p=157999"},"modified":"2026-04-27T08:36:09","modified_gmt":"2026-04-27T11:36:09","slug":"vale-a-pena-cursar-pedagogia-para-ser-professor-entenda-antes-de-se-matricular","status":"publish","type":"post","link":"https:\/\/www.pensarcursos.com.br\/blog\/vale-a-pena-cursar-pedagogia-para-ser-professor-entenda-antes-de-se-matricular\/","title":{"rendered":"Vale a pena cursar Pedagogia para ser professor? Entenda antes de se matricular"},"content":{"rendered":"<p>Escolher um caminho universit\u00e1rio sempre envolve d\u00favidas e expectativas, principalmente quando se trata da \u00e1rea educacional. Para quem pensa em dar aulas, a <strong>Pedagogia <\/strong>surge como uma das op\u00e7\u00f5es mais s\u00f3lidas e tradicionais, mas ser\u00e1 que realmente vale a pena investir nessa gradua\u00e7\u00e3o hoje com tantas mudan\u00e7as no mercado e novas demandas da educa\u00e7\u00e3o?<\/p>\n<p>Com tantas alternativas de carreiras, \u00e9 importante considerar n\u00e3o s\u00f3 quest\u00f5es de afinidade, mas tamb\u00e9m aspectos como empregabilidade, estabilidade, possibilidades de crescimento e retorno financeiro.<\/p>\n<p>A seguir, voc\u00ea encontrar\u00e1 uma vis\u00e3o clara e atualizada sobre as principais vantagens, desafios e oportunidades do curso de Pedagogia, ajudando a decidir se esse \u00e9, de fato, o melhor caminho para o seu futuro como professor ou educador.<\/p>\n<h2>Por que o curso de Pedagogia \u00e9 fundamental para quem deseja ensinar?<\/h2>\n<p>O curso superior de Pedagogia \u00e9 requisito obrigat\u00f3rio para quem deseja atuar como <strong>docente na Educa\u00e7\u00e3o Infantil<\/strong> <strong>e nos anos iniciais do Ensino Fundamental<\/strong>, tanto em escolas p\u00fablicas quanto particulares.<\/p>\n<p>Essa exig\u00eancia existe porque a forma\u00e7\u00e3o prepara o futuro professor para atuar com crian\u00e7as em suas fases mais iniciais de desenvolvimento, com foco n\u00e3o apenas no conte\u00fado, mas tamb\u00e9m no cuidado, planejamento educacional e orienta\u00e7\u00e3o da aprendizagem.<\/p>\n<p>Durante a gradua\u00e7\u00e3o, o estudante desenvolve compet\u00eancias para interpretar contextos escolares, aplicar metodologias de ensino, organizar avalia\u00e7\u00f5es e buscar solu\u00e7\u00f5es para desafios do dia a dia de sala de aula. Al\u00e9m disso, a faculdade incentiva a reflex\u00e3o cr\u00edtica sobre pol\u00edticas educacionais, tornando o pedagogo apto para ocupar fun\u00e7\u00f5es administrativas e de gest\u00e3o nas escolas.<\/p>\n<h2>Onde um pedagogo pode trabalhar atualmente?<\/h2>\n<p>O <a href=\"https:\/\/www.pensarcursos.com.br\/blog\/os-8-cursos-universitarios-que-vao-dominar-o-mercado-de-trabalho-no-futuro\/\" target=\"_blank\" rel=\"noopener\">mercado de trabalho<\/a> para pedagogos continua amplo, principalmente devido \u00e0 obrigatoriedade desse profissional na Educa\u00e7\u00e3o Infantil e nos primeiros anos do Ensino Fundamental. Mas as oportunidades v\u00e3o al\u00e9m do tradicional ambiente escolar. Veja algumas fun\u00e7\u00f5es em alta:<\/p>\n<ul>\n<li><strong>Salas de aula:<\/strong> Principal campo de atua\u00e7\u00e3o, atendendo crian\u00e7as desde ber\u00e7\u00e1rios at\u00e9 o 5\u00ba ano.<\/li>\n<li><strong>Gest\u00e3o e coordena\u00e7\u00e3o:<\/strong> Pedagogos podem exercer pap\u00e9is de coordena\u00e7\u00e3o pedag\u00f3gica, dire\u00e7\u00e3o de escola, al\u00e9m de atividades administrativas.<\/li>\n<li><strong>Educa\u00e7\u00e3o inclusiva:<\/strong> O pedagogo tamb\u00e9m pode atuar em projetos voltados \u00e0 inclus\u00e3o, acompanhando alunos com necessidades especiais.<\/li>\n<li><strong>Produ\u00e7\u00e3o de material did\u00e1tico:<\/strong> Empresas do setor educacional frequentemente contratam pedagogos para desenvolvimento de livros, apostilas e recursos digitais.<\/li>\n<li><strong>Projetos sociais e ONGs:<\/strong> Muitos profissionais encontram espa\u00e7o em organiza\u00e7\u00f5es n\u00e3o governamentais, trabalhando com educa\u00e7\u00e3o popular e projetos sociais.<\/li>\n<\/ul>\n<p>A abertura dessas \u00e1reas ocorre n\u00e3o s\u00f3 pela exig\u00eancia legal da forma\u00e7\u00e3o, mas tamb\u00e9m pela valoriza\u00e7\u00e3o do pedagogo como agente de transforma\u00e7\u00e3o na sociedade.<\/p>\n<h2>Como est\u00e1 o mercado e a empregabilidade para quem faz Pedagogia?<\/h2>\n<p>Apesar dos desafios enfrentados pela educa\u00e7\u00e3o no Brasil, a demanda por bons professores de Educa\u00e7\u00e3o Infantil e Ensino Fundamental I permanece constante, j\u00e1 que todas as institui\u00e7\u00f5es precisam de profissionais habilitados. Al\u00e9m disso, a expans\u00e3o de creches e escolas privadas abre ainda mais espa\u00e7o para o pedagogo iniciar sua carreira.<\/p>\n<p>Outro ponto positivo \u00e9 a rotatividade natural desse setor: aposentadorias, mudan\u00e7as de carreira e a busca por cargos administrativos tornam recorrente a oferta de novas vagas para docentes. Isso \u00e9 especialmente comum em grandes cidades, onde a rede privada cresce de forma acelerada.<\/p>\n<h2>Sal\u00e1rio de pedagogo: o que esperar do in\u00edcio ao topo da carreira<\/h2>\n<p>A remunera\u00e7\u00e3o inicial para quem entra na \u00e1rea pode variar conforme a regi\u00e3o e o tipo de institui\u00e7\u00e3o (p\u00fablica ou privada). No entanto, h\u00e1 possibilidade de aumentos e b\u00f4nus \u00e0 medida que o docente conquista estabilidade, assume diversos v\u00ednculos ou avan\u00e7a para cargos de gest\u00e3o escolar, consultoria ou coordena\u00e7\u00e3o pedag\u00f3gica.<\/p>\n<p>No setor p\u00fablico, o piso salarial \u00e9 regulamentado por leis municipais e estaduais, garantindo seguran\u00e7a para o profissional. J\u00e1 nas escolas privadas, os valores podem ser mais flex\u00edveis, permitindo uma negocia\u00e7\u00e3o individual ou baseada em desempenho e fun\u00e7\u00f5es extras.<\/p>\n<p>Em 2026, o piso salarial nacional dos profissionais do magist\u00e9rio p\u00fablico da educa\u00e7\u00e3o b\u00e1sica foi fixado em <strong>R$ 5.130,63<\/strong>, conforme portaria do Minist\u00e9rio da Educa\u00e7\u00e3o (MEC), considerando uma <strong>jornada de 40 horas semanais<\/strong>.<\/p>\n<h2>Dicas para escolher um bom curso de Pedagogia<\/h2>\n<figure id=\"attachment_158004\" aria-describedby=\"caption-attachment-158004\" style=\"width: 1200px\" class=\"wp-caption aligncenter\"><img decoding=\"async\" class=\"size-full wp-image-158004\" src=\"https:\/\/www.pensarcursos.com.br\/blog\/wp-content\/uploads\/2026\/04\/pedagogia.png\" alt=\"Professora sentada no ch\u00e3o ensinando grupo de crian\u00e7as com m\u00e3os levantadas em sala de aula infantil\" width=\"1200\" height=\"800\" srcset=\"https:\/\/www.pensarcursos.com.br\/blog\/wp-content\/uploads\/2026\/04\/pedagogia.png 1200w, https:\/\/www.pensarcursos.com.br\/blog\/wp-content\/uploads\/2026\/04\/pedagogia-300x200.png 300w, https:\/\/www.pensarcursos.com.br\/blog\/wp-content\/uploads\/2026\/04\/pedagogia-1024x683.png 1024w, https:\/\/www.pensarcursos.com.br\/blog\/wp-content\/uploads\/2026\/04\/pedagogia-768x512.png 768w, https:\/\/www.pensarcursos.com.br\/blog\/wp-content\/uploads\/2026\/04\/pedagogia-750x500.png 750w, https:\/\/www.pensarcursos.com.br\/blog\/wp-content\/uploads\/2026\/04\/pedagogia-1140x760.png 1140w\" sizes=\"(max-width: 1200px) 100vw, 1200px\" \/><figcaption id=\"caption-attachment-158004\" class=\"wp-caption-text\">Saiba como escolher um bom curso de Pedagogia.<br \/>Imagem: Freepik<\/figcaption><\/figure>\n<p>Escolher um curso de qualidade \u00e9 fundamental para que a gradua\u00e7\u00e3o traga resultados concretos na carreira. Antes de se matricular, fique atento a:<\/p>\n<ul>\n<li><strong>Reconhecimento do MEC:<\/strong> Certifique-se de que a institui\u00e7\u00e3o tem cursos reconhecidos e bem avaliados.<\/li>\n<li><strong>Grade curricular:<\/strong> Verifique se o curso oferece disciplinas atualizadas e momentos de pr\u00e1tica obrigat\u00f3ria.<\/li>\n<li><strong>Oportunidades de bolsas:<\/strong> O acesso a descontos e bolsas de estudos pode facilitar o investimento na forma\u00e7\u00e3o.<\/li>\n<li><strong>Corpo docente qualificado:<\/strong> Ter contato com professores experientes faz diferen\u00e7a.<\/li>\n<\/ul>\n<p>Esses cuidados aumentam as chances de voc\u00ea sair preparado tanto para a sala de aula quanto para fun\u00e7\u00f5es administrativas ou consultorias.<\/p>\n<h2>Pedagogia \u00e9 para voc\u00ea?<\/h2>\n<p>O curso \u00e9 ideal para quem tem interesse genu\u00edno em atuar na forma\u00e7\u00e3o de crian\u00e7as, deseja contribuir com a educa\u00e7\u00e3o e valoriza o desenvolvimento humano como foco principal. A afinidade com temas como educa\u00e7\u00e3o, psicologia do desenvolvimento, metodologias de ensino e inclus\u00e3o tamb\u00e9m faz diferen\u00e7a para o sucesso na \u00e1rea.<\/p>\n<p>Vale ressaltar que investir em capacita\u00e7\u00f5es extras, como especializa\u00e7\u00f5es, concursos ou cursos livres, pode acelerar o crescimento e ampliar os caminhos poss\u00edveis na educa\u00e7\u00e3o.<\/p>\n<h2>Vantagens e desafios da carreira em Pedagogia<\/h2>\n<ul>\n<li><strong>Vantagens:<\/strong> Diploma reconhecido nacionalmente, pluralidade de \u00e1reas de atua\u00e7\u00e3o, estabilidade e possibilidade de r\u00e1pida inser\u00e7\u00e3o no mercado.<\/li>\n<li><strong>Desafios:<\/strong> Press\u00e3o por resultados, sal\u00e1rios mais baixos no in\u00edcio da carreira, necessidade de atualiza\u00e7\u00e3o constante e envolvimento administrativo em algumas fun\u00e7\u00f5es.<\/li>\n<\/ul>\n<p>Nenhuma <a href=\"https:\/\/www.pensarcursos.com.br\/blog\/quem-disse-que-precisa-de-diploma-5-carreiras-que-pagam-ate-r-20-mil-por-mes\/\" target=\"_blank\" rel=\"noopener\">carreira<\/a> est\u00e1 livre de desafios, mas a pedagogia oferece um ambiente din\u00e2mico, oportunidades variadas e papel social relevante, o que pode fazer toda a diferen\u00e7a para quem se identifica com a \u00e1rea.<\/p>\n<h2>Como planejar sua carreira ap\u00f3s a gradua\u00e7\u00e3o<\/h2>\n<p>Para conquistar as melhores posi\u00e7\u00f5es no mercado, \u00e9 importante planejar a carreira desde a gradua\u00e7\u00e3o. Envolva-se em est\u00e1gios, busque experi\u00eancia pr\u00e1tica, explore diferentes \u00e1reas poss\u00edveis e mantenha-se atualizado sobre tend\u00eancias educacionais e novas metodologias.<\/p>\n<p>Al\u00e9m da sala de aula, considere caminhos como gest\u00e3o, consultoria, produ\u00e7\u00e3o de material did\u00e1tico e orienta\u00e7\u00e3o pedag\u00f3gica. Investir em redes de contato, participar de eventos e congressos tamb\u00e9m ajuda a destacar seu perfil profissional.<\/p>\n<h2>Pedagogia continua valendo a pena?<\/h2>\n<p>A resposta \u00e9 positiva para quem tem perfil e interesse real pela educa\u00e7\u00e3o de base. Al\u00e9m do reconhecimento da profiss\u00e3o, a \u00e1rea oferece empregabilidade, diversidade de fun\u00e7\u00f5es e chance de crescimento. Escolher a institui\u00e7\u00e3o certa, investir em forma\u00e7\u00e3o cont\u00ednua e buscar possibilidades al\u00e9m da sala de aula s\u00e3o fatores que aumentam o potencial de retorno, tanto pessoal quanto financeiro.<\/p>\n<p>Quer se manter atualizado sobre as tend\u00eancias do mercado de trabalho nos pr\u00f3ximos anos? Continue acompanhando o <a href=\"https:\/\/www.pensarcursos.com.br\/blog\" target=\"_blank\" rel=\"noopener\">blog Pensar Cursos<\/a>. Confira tamb\u00e9m:<\/p>\n<div class=\"jeg_video_container jeg_video_content\"><iframe title=\"Sal\u00e1rios acima de R$10 mil:Profiss\u00f5es t\u00e9cnicas que superam remunera\u00e7\u00f5es de carreiras n\u00edvel superior\" width=\"500\" height=\"281\" src=\"https:\/\/www.youtube.com\/embed\/2uDJQanM-U0?start=14&#038;feature=oembed\" frameborder=\"0\" allow=\"accelerometer; autoplay; clipboard-write; encrypted-media; gyroscope; picture-in-picture; web-share\" referrerpolicy=\"strict-origin-when-cross-origin\" allowfullscreen><\/iframe><\/div>\n","protected":false},"excerpt":{"rendered":"<p>Escolher um caminho universit\u00e1rio sempre envolve d\u00favidas e expectativas, principalmente quando se trata da \u00e1rea educacional. Para quem pensa em dar aulas, a Pedagogia surge como uma das op\u00e7\u00f5es mais s\u00f3lidas e tradicionais, mas ser\u00e1 que realmente vale a pena investir nessa gradua\u00e7\u00e3o hoje com tantas mudan\u00e7as no mercado e novas demandas da educa\u00e7\u00e3o? Com [&hellip;]<\/p>\n","protected":false},"author":49,"featured_media":158003,"comment_status":"open","ping_status":"closed","sticky":false,"template":"","format":"standard","meta":{"jnews-multi-image_gallery":[],"jnews_single_post":{"format":"standard","override":[{"template":"1","parallax":"1","fullscreen":"1","layout":"right-sidebar","sidebar":"default-sidebar","second_sidebar":"default-sidebar","sticky_sidebar":"1","share_position":"topbottom","share_float_style":"share-monocrhome","show_featured":"1","show_post_meta":"1","show_post_author":"1","show_post_author_image":"1","show_post_date":"1","post_date_format":"default","post_date_format_custom":"Y\/m\/d","show_post_category":"1","post_reading_time_wpm":"300","post_calculate_word_method":"str_word_count","show_zoom_button":"0","zoom_button_out_step":"2","zoom_button_in_step":"3","show_post_tag":"1","show_prev_next_post":"1","show_popup_post":"1","show_comment_section":"1","number_popup_post":"2","show_author_box":"1","show_post_related":"1","show_inline_post_related":"1"}],"image_override":[{"single_post_thumbnail_size":"crop-500","single_post_gallery_size":"crop-500"}],"trending_post_position":"meta","trending_post_label":"Trending","sponsored_post_label":"Sponsored by","disable_ad":"0","subtitle":"O curso \u00e9 ideal para quem tem interesse em atuar na forma\u00e7\u00e3o de crian\u00e7as."},"jnews_primary_category":[],"jnews_social_meta":[],"jnews_override_counter":{"view_counter_number":"0","share_counter_number":"0","like_counter_number":"0","dislike_counter_number":"0"},"footnotes":""},"categories":[13725],"tags":[41846,18680,41847,291],"class_list":["post-157999","post","type-post","status-publish","format-standard","has-post-thumbnail","hentry","category-profissoes","tag-carreira-de-professor","tag-formacao-docente","tag-mercado-de-trabalho-em-educacao","tag-pedagogia"],"yoast_head":"<!-- This site is optimized with the Yoast SEO Premium plugin v27.4 (Yoast SEO v27.4) - https:\/\/yoast.com\/product\/yoast-seo-premium-wordpress\/ -->\n<title>Vale a pena cursar Pedagogia para ser professor? Entenda antes de se matricular - Blog Pensar Cursos<\/title>\n<meta name=\"description\" content=\"Vale a pena cursar Pedagogia? Veja vantagens, desafios, mercado de trabalho, sal\u00e1rio e oportunidades para decidir se a carreira docente \u00e9 ideal para voc\u00ea.\" \/>\n<meta name=\"robots\" content=\"index, follow, max-snippet:-1, max-image-preview:large, max-video-preview:-1\" \/>\n<link rel=\"canonical\" href=\"https:\/\/www.pensarcursos.com.br\/blog\/vale-a-pena-cursar-pedagogia-para-ser-professor-entenda-antes-de-se-matricular\/\" \/>\n<meta property=\"og:locale\" content=\"pt_BR\" \/>\n<meta property=\"og:type\" content=\"article\" \/>\n<meta property=\"og:title\" content=\"Vale a pena cursar Pedagogia para ser professor? Entenda antes de se matricular\" \/>\n<meta property=\"og:description\" content=\"Vale a pena cursar Pedagogia? Veja vantagens, desafios, mercado de trabalho, sal\u00e1rio e oportunidades para decidir se a carreira docente \u00e9 ideal para voc\u00ea.\" \/>\n<meta property=\"og:url\" content=\"https:\/\/www.pensarcursos.com.br\/blog\/vale-a-pena-cursar-pedagogia-para-ser-professor-entenda-antes-de-se-matricular\/\" \/>\n<meta property=\"og:site_name\" content=\"Blog Pensar Cursos\" \/>\n<meta property=\"article:publisher\" content=\"https:\/\/www.facebook.com\/pensarcursos\/\" \/>\n<meta property=\"article:published_time\" content=\"2026-04-27T11:30:56+00:00\" \/>\n<meta property=\"article:modified_time\" content=\"2026-04-27T11:36:09+00:00\" \/>\n<meta property=\"og:image\" content=\"https:\/\/www.pensarcursos.com.br\/blog\/wp-content\/uploads\/2026\/04\/formacao-docente.png\" \/>\n\t<meta property=\"og:image:width\" content=\"1200\" \/>\n\t<meta property=\"og:image:height\" content=\"800\" \/>\n\t<meta property=\"og:image:type\" content=\"image\/png\" \/>\n<meta name=\"author\" content=\"Gabriela Machado\" \/>\n<meta name=\"twitter:card\" content=\"summary_large_image\" \/>\n<meta name=\"twitter:label1\" content=\"Escrito por\" \/>\n\t<meta name=\"twitter:data1\" content=\"Gabriela Machado\" \/>\n\t<meta name=\"twitter:label2\" content=\"Est. tempo de leitura\" \/>\n\t<meta name=\"twitter:data2\" content=\"7 minutos\" \/>\n<!-- \/ Yoast SEO Premium plugin. -->","yoast_head_json":{"title":"Vale a pena cursar Pedagogia para ser professor? Entenda antes de se matricular - Blog Pensar Cursos","description":"Vale a pena cursar Pedagogia? Veja vantagens, desafios, mercado de trabalho, sal\u00e1rio e oportunidades para decidir se a carreira docente \u00e9 ideal para voc\u00ea.","robots":{"index":"index","follow":"follow","max-snippet":"max-snippet:-1","max-image-preview":"max-image-preview:large","max-video-preview":"max-video-preview:-1"},"canonical":"https:\/\/www.pensarcursos.com.br\/blog\/vale-a-pena-cursar-pedagogia-para-ser-professor-entenda-antes-de-se-matricular\/","og_locale":"pt_BR","og_type":"article","og_title":"Vale a pena cursar Pedagogia para ser professor? Entenda antes de se matricular","og_description":"Vale a pena cursar Pedagogia? Veja vantagens, desafios, mercado de trabalho, sal\u00e1rio e oportunidades para decidir se a carreira docente \u00e9 ideal para voc\u00ea.","og_url":"https:\/\/www.pensarcursos.com.br\/blog\/vale-a-pena-cursar-pedagogia-para-ser-professor-entenda-antes-de-se-matricular\/","og_site_name":"Blog Pensar Cursos","article_publisher":"https:\/\/www.facebook.com\/pensarcursos\/","article_published_time":"2026-04-27T11:30:56+00:00","article_modified_time":"2026-04-27T11:36:09+00:00","og_image":[{"width":1200,"height":800,"url":"https:\/\/www.pensarcursos.com.br\/blog\/wp-content\/uploads\/2026\/04\/formacao-docente.png","type":"image\/png"}],"author":"Gabriela Machado","twitter_card":"summary_large_image","twitter_misc":{"Escrito por":"Gabriela Machado","Est. tempo de leitura":"7 minutos"},"schema":{"@context":"https:\/\/schema.org","@graph":[{"@type":["Article","BlogPosting"],"@id":"https:\/\/www.pensarcursos.com.br\/blog\/vale-a-pena-cursar-pedagogia-para-ser-professor-entenda-antes-de-se-matricular\/#article","isPartOf":{"@id":"https:\/\/www.pensarcursos.com.br\/blog\/vale-a-pena-cursar-pedagogia-para-ser-professor-entenda-antes-de-se-matricular\/"},"author":{"name":"Gabriela Machado","@id":"https:\/\/www.pensarcursos.com.br\/blog\/#\/schema\/person\/134389a33d69ddd7e127fac02bd155fa"},"headline":"Vale a pena cursar Pedagogia para ser professor? Entenda antes de se matricular","datePublished":"2026-04-27T11:30:56+00:00","dateModified":"2026-04-27T11:36:09+00:00","mainEntityOfPage":{"@id":"https:\/\/www.pensarcursos.com.br\/blog\/vale-a-pena-cursar-pedagogia-para-ser-professor-entenda-antes-de-se-matricular\/"},"wordCount":1236,"commentCount":0,"publisher":{"@id":"https:\/\/www.pensarcursos.com.br\/blog\/#organization"},"image":{"@id":"https:\/\/www.pensarcursos.com.br\/blog\/vale-a-pena-cursar-pedagogia-para-ser-professor-entenda-antes-de-se-matricular\/#primaryimage"},"thumbnailUrl":"https:\/\/www.pensarcursos.com.br\/blog\/wp-content\/uploads\/2026\/04\/formacao-docente.png","keywords":["carreira de professor","forma\u00e7\u00e3o docente","mercado de trabalho em educa\u00e7\u00e3o","Pedagogia"],"articleSection":["Profiss\u00f5es"],"inLanguage":"pt-BR","potentialAction":[{"@type":"CommentAction","name":"Comment","target":["https:\/\/www.pensarcursos.com.br\/blog\/vale-a-pena-cursar-pedagogia-para-ser-professor-entenda-antes-de-se-matricular\/#respond"]}],"copyrightYear":"2026","copyrightHolder":{"@id":"https:\/\/www.pensarcursos.com.br\/blog\/#organization"}},{"@type":"WebPage","@id":"https:\/\/www.pensarcursos.com.br\/blog\/vale-a-pena-cursar-pedagogia-para-ser-professor-entenda-antes-de-se-matricular\/","url":"https:\/\/www.pensarcursos.com.br\/blog\/vale-a-pena-cursar-pedagogia-para-ser-professor-entenda-antes-de-se-matricular\/","name":"Vale a pena cursar Pedagogia para ser professor? Entenda antes de se matricular - Blog Pensar Cursos","isPartOf":{"@id":"https:\/\/www.pensarcursos.com.br\/blog\/#website"},"primaryImageOfPage":{"@id":"https:\/\/www.pensarcursos.com.br\/blog\/vale-a-pena-cursar-pedagogia-para-ser-professor-entenda-antes-de-se-matricular\/#primaryimage"},"image":{"@id":"https:\/\/www.pensarcursos.com.br\/blog\/vale-a-pena-cursar-pedagogia-para-ser-professor-entenda-antes-de-se-matricular\/#primaryimage"},"thumbnailUrl":"https:\/\/www.pensarcursos.com.br\/blog\/wp-content\/uploads\/2026\/04\/formacao-docente.png","datePublished":"2026-04-27T11:30:56+00:00","dateModified":"2026-04-27T11:36:09+00:00","description":"Vale a pena cursar Pedagogia? Veja vantagens, desafios, mercado de trabalho, sal\u00e1rio e oportunidades para decidir se a carreira docente \u00e9 ideal para voc\u00ea.","breadcrumb":{"@id":"https:\/\/www.pensarcursos.com.br\/blog\/vale-a-pena-cursar-pedagogia-para-ser-professor-entenda-antes-de-se-matricular\/#breadcrumb"},"inLanguage":"pt-BR","potentialAction":[{"@type":"ReadAction","target":["https:\/\/www.pensarcursos.com.br\/blog\/vale-a-pena-cursar-pedagogia-para-ser-professor-entenda-antes-de-se-matricular\/"]}]},{"@type":"ImageObject","inLanguage":"pt-BR","@id":"https:\/\/www.pensarcursos.com.br\/blog\/vale-a-pena-cursar-pedagogia-para-ser-professor-entenda-antes-de-se-matricular\/#primaryimage","url":"https:\/\/www.pensarcursos.com.br\/blog\/wp-content\/uploads\/2026\/04\/formacao-docente.png","contentUrl":"https:\/\/www.pensarcursos.com.br\/blog\/wp-content\/uploads\/2026\/04\/formacao-docente.png","width":1200,"height":800,"caption":"Vale a pena cursar Pedagogia para se tornar professor? Entenda antes de decidir. Imagem: Freepik"},{"@type":"BreadcrumbList","@id":"https:\/\/www.pensarcursos.com.br\/blog\/vale-a-pena-cursar-pedagogia-para-ser-professor-entenda-antes-de-se-matricular\/#breadcrumb","itemListElement":[{"@type":"ListItem","position":1,"name":"Home","item":"https:\/\/www.pensarcursos.com.br\/blog\/"},{"@type":"ListItem","position":2,"name":"Vale a pena cursar Pedagogia para ser professor? Entenda antes de se matricular"}]},{"@type":"WebSite","@id":"https:\/\/www.pensarcursos.com.br\/blog\/#website","url":"https:\/\/www.pensarcursos.com.br\/blog\/","name":"Blog Pensar Cursos","description":"Maior Site de Cursos do Brasil","publisher":{"@id":"https:\/\/www.pensarcursos.com.br\/blog\/#organization"},"alternateName":"Blog Pensar","potentialAction":[{"@type":"SearchAction","target":{"@type":"EntryPoint","urlTemplate":"https:\/\/www.pensarcursos.com.br\/blog\/?s={search_term_string}"},"query-input":{"@type":"PropertyValueSpecification","valueRequired":true,"valueName":"search_term_string"}}],"inLanguage":"pt-BR"},{"@type":"Organization","@id":"https:\/\/www.pensarcursos.com.br\/blog\/#organization","name":"Pensar Cursos","alternateName":"Blog pensar","url":"https:\/\/www.pensarcursos.com.br\/blog\/","logo":{"@type":"ImageObject","inLanguage":"pt-BR","@id":"https:\/\/www.pensarcursos.com.br\/blog\/#\/schema\/logo\/image\/","url":"https:\/\/www.pensarcursos.com.br\/blog\/wp-content\/uploads\/2023\/11\/Nova-Logo-Pensar-Cursos-vertical.png","contentUrl":"https:\/\/www.pensarcursos.com.br\/blog\/wp-content\/uploads\/2023\/11\/Nova-Logo-Pensar-Cursos-vertical.png","width":1393,"height":1001,"caption":"Pensar Cursos"},"image":{"@id":"https:\/\/www.pensarcursos.com.br\/blog\/#\/schema\/logo\/image\/"},"sameAs":["https:\/\/www.facebook.com\/pensarcursos\/","https:\/\/instagram.com.br\/pensarcursos"],"description":"Pensar Cursos \u00e9 uma empresa especializada em oferecer cursos de alta qualidade voltados para o desenvolvimento profissional e acad\u00eamico. Com uma ampla gama de op\u00e7\u00f5es de treinamento, oferecemos conte\u00fados atualizados, ministrados por especialistas da \u00e1rea, para capacitar indiv\u00edduos e equipes a atingirem seus objetivos. Nossa miss\u00e3o \u00e9 proporcionar uma educa\u00e7\u00e3o transformadora, acess\u00edvel e personalizada para cada aluno, seja em cursos presenciais ou online. Com uma abordagem inovadora, buscamos adaptar os nossos programas de ensino \u00e0s necessidades do mercado, criando solu\u00e7\u00f5es que atendem aos desafios e exig\u00eancias do mundo corporativo e acad\u00eamico. Nossos cursos incluem desde forma\u00e7\u00f5es t\u00e9cnicas at\u00e9 habilidades essenciais, como lideran\u00e7a, gest\u00e3o e desenvolvimento pessoal.","email":"contato@pensarcursos.com.br","legalName":"Sena Servi\u00e7os de Informa\u00e7\u00e3o Online LTDA","foundingDate":"2013-04-18","vatID":"17956217000172","numberOfEmployees":{"@type":"QuantitativeValue","minValue":"11","maxValue":"50"},"publishingPrinciples":"https:\/\/www.pensarcursos.com.br\/blog\/principios-de-publicacao\/","ownershipFundingInfo":"https:\/\/www.pensarcursos.com.br\/blog\/informacoes-de-propriedade-financiamento\/","actionableFeedbackPolicy":"https:\/\/www.pensarcursos.com.br\/blog\/politica-de-feedback-acionavel\/","correctionsPolicy":"https:\/\/www.pensarcursos.com.br\/blog\/politica-de-correcoes\/","ethicsPolicy":"https:\/\/www.pensarcursos.com.br\/blog\/politica-de-etica\/"},{"@type":"Person","@id":"https:\/\/www.pensarcursos.com.br\/blog\/#\/schema\/person\/134389a33d69ddd7e127fac02bd155fa","name":"Gabriela Machado","image":{"@type":"ImageObject","inLanguage":"pt-BR","@id":"https:\/\/secure.gravatar.com\/avatar\/3c883c65f44a41cb00078efa0c1943783eabec9e96518b4565b28a6f9d027f9b?s=96&d=mm&r=g","url":"https:\/\/secure.gravatar.com\/avatar\/3c883c65f44a41cb00078efa0c1943783eabec9e96518b4565b28a6f9d027f9b?s=96&d=mm&r=g","contentUrl":"https:\/\/secure.gravatar.com\/avatar\/3c883c65f44a41cb00078efa0c1943783eabec9e96518b4565b28a6f9d027f9b?s=96&d=mm&r=g","caption":"Gabriela Machado"},"description":"Graduada em Pedagogia pela UESC(Universidade Estadual de Santa Cruz). Redatora do grupo Sena Online.","sameAs":["https:\/\/www.instagram.com\/gabrielamchs"],"url":"https:\/\/www.pensarcursos.com.br\/blog\/author\/gabriela\/"}]}},"_links":{"self":[{"href":"https:\/\/www.pensarcursos.com.br\/blog\/wp-json\/wp\/v2\/posts\/157999","targetHints":{"allow":["GET"]}}],"collection":[{"href":"https:\/\/www.pensarcursos.com.br\/blog\/wp-json\/wp\/v2\/posts"}],"about":[{"href":"https:\/\/www.pensarcursos.com.br\/blog\/wp-json\/wp\/v2\/types\/post"}],"author":[{"embeddable":true,"href":"https:\/\/www.pensarcursos.com.br\/blog\/wp-json\/wp\/v2\/users\/49"}],"replies":[{"embeddable":true,"href":"https:\/\/www.pensarcursos.com.br\/blog\/wp-json\/wp\/v2\/comments?post=157999"}],"version-history":[{"count":1,"href":"https:\/\/www.pensarcursos.com.br\/blog\/wp-json\/wp\/v2\/posts\/157999\/revisions"}],"predecessor-version":[{"id":158012,"href":"https:\/\/www.pensarcursos.com.br\/blog\/wp-json\/wp\/v2\/posts\/157999\/revisions\/158012"}],"wp:featuredmedia":[{"embeddable":true,"href":"https:\/\/www.pensarcursos.com.br\/blog\/wp-json\/wp\/v2\/media\/158003"}],"wp:attachment":[{"href":"https:\/\/www.pensarcursos.com.br\/blog\/wp-json\/wp\/v2\/media?parent=157999"}],"wp:term":[{"taxonomy":"category","embeddable":true,"href":"https:\/\/www.pensarcursos.com.br\/blog\/wp-json\/wp\/v2\/categories?post=157999"},{"taxonomy":"post_tag","embeddable":true,"href":"https:\/\/www.pensarcursos.com.br\/blog\/wp-json\/wp\/v2\/tags?post=157999"}],"curies":[{"name":"wp","href":"https:\/\/api.w.org\/{rel}","templated":true}]}}