{"id":157996,"date":"2026-04-27T08:45:55","date_gmt":"2026-04-27T11:45:55","guid":{"rendered":"https:\/\/www.pensarcursos.com.br\/blog\/?p=157996"},"modified":"2026-04-27T08:45:55","modified_gmt":"2026-04-27T11:45:55","slug":"nem-todo-trabalhador-vai-se-livrar-da-6x1-confira-as-profissoes-que-podem-ser-excecao","status":"publish","type":"post","link":"https:\/\/www.pensarcursos.com.br\/blog\/nem-todo-trabalhador-vai-se-livrar-da-6x1-confira-as-profissoes-que-podem-ser-excecao\/","title":{"rendered":"Nem todo trabalhador vai se livrar da 6&#215;1: confira as profiss\u00f5es que podem ser exce\u00e7\u00e3o"},"content":{"rendered":"<p>A discuss\u00e3o sobre o<strong><a href=\"https:\/\/www.pensarcursos.com.br\/blog\/fim-da-escala-6x1-profissoes-que-podem-ficar-de-fora-se-a-mudanca-for-confirmada\/\"> fim da escala de trabalho 6&#215;1<\/a><\/strong> tem ganhado for\u00e7a no Brasil, com propostas avan\u00e7ando no Congresso Nacional e prometendo uma nova realidade para milh\u00f5es de trabalhadores. A ideia de uma semana de trabalho mais curta, com cinco dias de trabalho e dois de descanso (5&#215;2), anima muitos.<\/p>\n<p>No entanto, \u00e9 fundamental entender que essa mudan\u00e7a, se aprovada, n\u00e3o ser\u00e1 universal. Diversas categorias profissionais, por suas caracter\u00edsticas \u00fanicas, legisla\u00e7\u00e3o espec\u00edfica ou natureza essencial, devem permanecer em regimes de cargas hor\u00e1rias diferenciados. Confira a seguir quais s\u00e3o as profiss\u00f5es que podem ser a exce\u00e7\u00e3o a essa nova regra.<\/p>\n<h2>Trabalhadores com legisla\u00e7\u00e3o espec\u00edfica<\/h2>\n<p>Antes mesmo das discuss\u00f5es atuais, v\u00e1rias profiss\u00f5es j\u00e1 operam sob regras de carga hor\u00e1ria de trabalho distintas das 44 horas semanais previstas na CLT (Consolida\u00e7\u00e3o das Leis do Trabalho). Essas categorias possuem legisla\u00e7\u00f5es pr\u00f3prias que estabelecem limites de horas inferiores, o que significa que as novas propostas teriam pouco ou nenhum impacto sobre elas. Especialistas destacam alguns exemplos:<\/p>\n<ul>\n<li><strong>Banc\u00e1rios:<\/strong>\u00a0Possuem uma jornada de trabalho regulamentada de 30 horas semanais.<\/li>\n<li><strong>Operadores de Telemarketing\/Teleatendimento:<\/strong>\u00a0Atuam em uma jornada de 36 horas semanais.<\/li>\n<li><strong>Trabalhadores em Minas de Subsolo:<\/strong>\u00a0Devido \u00e0s condi\u00e7\u00f5es de trabalho, sua jornada \u00e9 limitada a 36 horas por semana.<\/li>\n<\/ul>\n<h2>Categorias fora do v\u00ednculo CLT<\/h2>\n<p>Uma parcela da for\u00e7a de trabalho brasileira n\u00e3o se enquadra no regime CLT e, por isso, n\u00e3o seria diretamente afetada por uma altera\u00e7\u00e3o na <a href=\"https:\/\/www.pensarcursos.com.br\/blog\/fim-da-escala-6x1-veja-o-que-muda-na-pratica\/\">jornada de trabalho<\/a> padr\u00e3o. As propostas de emenda \u00e0 Constitui\u00e7\u00e3o (PECs) e projetos de lei miram os trabalhadores com carteira assinada. Dessa forma, ficam de fora:<\/p>\n<ul>\n<li><strong>Trabalhadores informais e aut\u00f4nomos:<\/strong>\u00a0Profissionais que trabalham por conta pr\u00f3pria definem suas pr\u00f3prias jornadas.<\/li>\n<li><strong>Prestadores de servi\u00e7o (Pessoa Jur\u00eddica &#8211; PJ):<\/strong>\u00a0Atuam sob contratos de presta\u00e7\u00e3o de servi\u00e7o, sem v\u00ednculo empregat\u00edcio formal.<\/li>\n<li><strong>Motoristas de aplicativo:<\/strong>\u00a0Considerados aut\u00f4nomos, n\u00e3o possuem uma jornada de trabalho fixa a ser cumprida.<\/li>\n<li><strong>Servidores p\u00fablicos:<\/strong>\u00a0Seguem regimes estatut\u00e1rios pr\u00f3prios, que variam conforme a esfera (municipal, estadual ou federal) e o cargo.<\/li>\n<\/ul>\n<figure id=\"attachment_158021\" aria-describedby=\"caption-attachment-158021\" style=\"width: 2500px\" class=\"wp-caption aligncenter\"><img decoding=\"async\" class=\"wp-image-158021 size-full\" src=\"https:\/\/www.pensarcursos.com.br\/blog\/wp-content\/uploads\/2026\/04\/fim-da-escala-6x1-2.webp\" alt=\"Profissional de sa\u00fade utilizando tablet em ambiente cl\u00ednico durante rotina.\" width=\"2500\" height=\"1406\" srcset=\"https:\/\/www.pensarcursos.com.br\/blog\/wp-content\/uploads\/2026\/04\/fim-da-escala-6x1-2.webp 2500w, https:\/\/www.pensarcursos.com.br\/blog\/wp-content\/uploads\/2026\/04\/fim-da-escala-6x1-2-300x169.webp 300w, https:\/\/www.pensarcursos.com.br\/blog\/wp-content\/uploads\/2026\/04\/fim-da-escala-6x1-2-1024x576.webp 1024w, https:\/\/www.pensarcursos.com.br\/blog\/wp-content\/uploads\/2026\/04\/fim-da-escala-6x1-2-768x432.webp 768w, https:\/\/www.pensarcursos.com.br\/blog\/wp-content\/uploads\/2026\/04\/fim-da-escala-6x1-2-1536x864.webp 1536w, https:\/\/www.pensarcursos.com.br\/blog\/wp-content\/uploads\/2026\/04\/fim-da-escala-6x1-2-2048x1152.webp 2048w, https:\/\/www.pensarcursos.com.br\/blog\/wp-content\/uploads\/2026\/04\/fim-da-escala-6x1-2-750x422.webp 750w, https:\/\/www.pensarcursos.com.br\/blog\/wp-content\/uploads\/2026\/04\/fim-da-escala-6x1-2-1140x641.webp 1140w\" sizes=\"(max-width: 2500px) 100vw, 2500px\" \/><figcaption id=\"caption-attachment-158021\" class=\"wp-caption-text\">Profissionais de servi\u00e7os essenciais atuam em escalas especiais. Image: Freepik<\/figcaption><\/figure>\n<h2>Setores essenciais e opera\u00e7\u00f5es ininterruptas<\/h2>\n<p>Certas \u00e1reas s\u00e3o fundamentais para o funcionamento da sociedade e n\u00e3o podem parar. Por essa raz\u00e3o, seus profissionais frequentemente trabalham em escalas especiais, como o regime 12&#215;36 (12 horas de trabalho por 36 de descanso), para garantir a cobertura cont\u00ednua dos servi\u00e7os. Mesmo com uma eventual mudan\u00e7a na legisla\u00e7\u00e3o geral, esses setores devem manter seus formatos de trabalho atuais. Entre eles, est\u00e3o:<\/p>\n<ul>\n<li><strong>Profissionais da sa\u00fade:<\/strong>\u00a0M\u00e9dicos, enfermeiros e t\u00e9cnicos que atuam em hospitais e servi\u00e7os de emerg\u00eancia em regime de plant\u00e3o.<\/li>\n<li><strong>For\u00e7as de seguran\u00e7a:<\/strong>\u00a0Policiais, bombeiros e agentes de seguran\u00e7a privada.<\/li>\n<li><strong>Trabalhadores de setores estrat\u00e9gicos:<\/strong>\u00a0Equipes de energia, saneamento b\u00e1sico e telecomunica\u00e7\u00f5es.<\/li>\n<li><strong>Outras categorias especiais:<\/strong>\u00a0Militares, aeronautas, mar\u00edtimos e trabalhadores embarcados da ind\u00fastria de petr\u00f3leo tamb\u00e9m seguem regras de jornada pr\u00f3prias.<\/li>\n<\/ul>\n<h2>Cargos corporativos e de gest\u00e3o<\/h2>\n<p>No mundo corporativo, muitas fun\u00e7\u00f5es administrativas j\u00e1 operam em uma escala 5&#215;2, com folgas aos fins de semana. Para esses profissionais, a mudan\u00e7a teria pouco efeito pr\u00e1tico. Al\u00e9m disso, a flexibilidade, o trabalho remoto ou h\u00edbrido e a gest\u00e3o baseada em entregas tornam a contagem de horas menos r\u00edgida. Advogados da \u00e1rea trabalhista apontam que os seguintes perfis dificilmente sentir\u00e3o a mudan\u00e7a:<\/p>\n<ul>\n<li>Profissionais de Recursos Humanos, Financeiro, Jur\u00eddico e Marketing.<\/li>\n<li>Especialistas de Tecnologia da Informa\u00e7\u00e3o (TI).<\/li>\n<li>Consultores, analistas e gestores que trabalham por produtividade.<\/li>\n<li><strong>Cargos de confian\u00e7a e executivos:<\/strong>\u00a0Posi\u00e7\u00f5es de lideran\u00e7a que, por sua natureza, n\u00e3o est\u00e3o sujeitas ao controle de jornada.<\/li>\n<\/ul>\n<p>Embora a perspectiva de uma <a href=\"https:\/\/www.pensarcursos.com.br\/blog\/fim-da-escala-6x1-e-jornada-de-40-horas-governo-envia-projeto-ao-congresso-sem-reducao-salarial\/\">jornada de trabalho<\/a> reduzida seja positiva para a qualidade de vida, a transi\u00e7\u00e3o impactar\u00e1 principalmente setores como o com\u00e9rcio varejista e restaurantes de pequeno porte. Para muitas outras profiss\u00f5es, a rotina de trabalho deve permanecer a mesma, regida por suas pr\u00f3prias normas e necessidades operacionais.<\/p>\n<p>Quer ficar por dentro de mais informa\u00e7\u00f5es como essa? Acesse todos os dias o <a href=\"https:\/\/www.pensarcursos.com.br\/blog\" target=\"_blank\" rel=\"noopener\">Blog Pensar Cursos<\/a>.<\/p>\n<p>Veja tamb\u00e9m:<\/p>\n<div class=\"jeg_video_container jeg_video_content\"><iframe title=\"Como trabalhar Home Office em 2026! \" width=\"500\" height=\"281\" src=\"https:\/\/www.youtube.com\/embed\/TpW9AUfko_Y?feature=oembed\" frameborder=\"0\" allow=\"accelerometer; autoplay; clipboard-write; encrypted-media; gyroscope; picture-in-picture; web-share\" referrerpolicy=\"strict-origin-when-cross-origin\" allowfullscreen><\/iframe><\/div>\n","protected":false},"excerpt":{"rendered":"<p>A discuss\u00e3o sobre o fim da escala de trabalho 6&#215;1 tem ganhado for\u00e7a no Brasil, com propostas avan\u00e7ando no Congresso Nacional e prometendo uma nova realidade para milh\u00f5es de trabalhadores. A ideia de uma semana de trabalho mais curta, com cinco dias de trabalho e dois de descanso (5&#215;2), anima muitos. No entanto, \u00e9 fundamental [&hellip;]<\/p>\n","protected":false},"author":54,"featured_media":158017,"comment_status":"open","ping_status":"closed","sticky":false,"template":"","format":"standard","meta":{"jnews-multi-image_gallery":[],"jnews_single_post":{"format":"standard","override":[{"template":"1","parallax":"1","fullscreen":"1","layout":"right-sidebar","sidebar":"default-sidebar","second_sidebar":"default-sidebar","sticky_sidebar":"1","share_position":"topbottom","share_float_style":"share-monocrhome","show_featured":"1","show_post_meta":"1","show_post_author":"1","show_post_author_image":"1","show_post_date":"1","post_date_format":"default","post_date_format_custom":"Y\/m\/d","show_post_category":"1","post_reading_time_wpm":"300","post_calculate_word_method":"str_word_count","show_zoom_button":"0","zoom_button_out_step":"2","zoom_button_in_step":"3","show_post_tag":"1","show_prev_next_post":"1","show_popup_post":"1","show_comment_section":"1","number_popup_post":"2","show_author_box":"1","show_post_related":"1","show_inline_post_related":"1"}],"image_override":[{"single_post_thumbnail_size":"crop-500","single_post_gallery_size":"crop-500"}],"trending_post_position":"meta","trending_post_label":"Trending","sponsored_post_label":"Sponsored by","disable_ad":"0","subtitle":"Atividades essenciais ou com jornada especial devem manter formatos pr\u00f3prios"},"jnews_primary_category":[],"jnews_social_meta":[],"jnews_override_counter":{"view_counter_number":"0","share_counter_number":"0","like_counter_number":"0","dislike_counter_number":"0"},"footnotes":""},"categories":[1691,13725],"tags":[36325,37101,6920],"class_list":["post-157996","post","type-post","status-publish","format-standard","has-post-thumbnail","hentry","category-direitos-do-trabalhador","category-profissoes","tag-escala-6x1","tag-fim-da-escala-6x1","tag-jornada-de-trabalho"],"yoast_head":"<!-- This site is optimized with the Yoast SEO Premium plugin v27.4 (Yoast SEO v27.4) - https:\/\/yoast.com\/product\/yoast-seo-premium-wordpress\/ -->\n<title>Nem todo trabalhador vai se livrar da 6x1: confira as profiss\u00f5es que podem ser exce\u00e7\u00e3o - Blog Pensar Cursos<\/title>\n<meta name=\"description\" content=\"A proposta de fim da escala 6x1 avan\u00e7a, mas n\u00e3o afetar\u00e1 a todos. Confira a lista de profiss\u00f5es e setores que s\u00e3o exce\u00e7\u00e3o \u00e0 nova jornada de trabalho.\" \/>\n<meta name=\"robots\" content=\"index, follow, max-snippet:-1, max-image-preview:large, max-video-preview:-1\" \/>\n<link rel=\"canonical\" href=\"https:\/\/www.pensarcursos.com.br\/blog\/nem-todo-trabalhador-vai-se-livrar-da-6x1-confira-as-profissoes-que-podem-ser-excecao\/\" \/>\n<meta property=\"og:locale\" content=\"pt_BR\" \/>\n<meta property=\"og:type\" content=\"article\" \/>\n<meta property=\"og:title\" content=\"Nem todo trabalhador vai se livrar da 6x1: confira as profiss\u00f5es que podem ser exce\u00e7\u00e3o\" \/>\n<meta property=\"og:description\" content=\"A proposta de fim da escala 6x1 avan\u00e7a, mas n\u00e3o afetar\u00e1 a todos. Confira a lista de profiss\u00f5es e setores que s\u00e3o exce\u00e7\u00e3o \u00e0 nova jornada de trabalho.\" \/>\n<meta property=\"og:url\" content=\"https:\/\/www.pensarcursos.com.br\/blog\/nem-todo-trabalhador-vai-se-livrar-da-6x1-confira-as-profissoes-que-podem-ser-excecao\/\" \/>\n<meta property=\"og:site_name\" content=\"Blog Pensar Cursos\" \/>\n<meta property=\"article:publisher\" content=\"https:\/\/www.facebook.com\/pensarcursos\/\" \/>\n<meta property=\"article:published_time\" content=\"2026-04-27T11:45:55+00:00\" \/>\n<meta property=\"og:image\" content=\"https:\/\/www.pensarcursos.com.br\/blog\/wp-content\/uploads\/2026\/04\/fim-da-escala-6x1-1-1.webp\" \/>\n\t<meta property=\"og:image:width\" content=\"1500\" \/>\n\t<meta property=\"og:image:height\" content=\"999\" \/>\n\t<meta property=\"og:image:type\" content=\"image\/webp\" \/>\n<meta name=\"author\" content=\"Quezia Andrade\" \/>\n<meta name=\"twitter:card\" content=\"summary_large_image\" \/>\n<meta name=\"twitter:label1\" content=\"Escrito por\" \/>\n\t<meta name=\"twitter:data1\" content=\"Quezia Andrade\" \/>\n\t<meta name=\"twitter:label2\" content=\"Est. tempo de leitura\" \/>\n\t<meta name=\"twitter:data2\" content=\"4 minutos\" \/>\n<!-- \/ Yoast SEO Premium plugin. -->","yoast_head_json":{"title":"Nem todo trabalhador vai se livrar da 6x1: confira as profiss\u00f5es que podem ser exce\u00e7\u00e3o - Blog Pensar Cursos","description":"A proposta de fim da escala 6x1 avan\u00e7a, mas n\u00e3o afetar\u00e1 a todos. Confira a lista de profiss\u00f5es e setores que s\u00e3o exce\u00e7\u00e3o \u00e0 nova jornada de trabalho.","robots":{"index":"index","follow":"follow","max-snippet":"max-snippet:-1","max-image-preview":"max-image-preview:large","max-video-preview":"max-video-preview:-1"},"canonical":"https:\/\/www.pensarcursos.com.br\/blog\/nem-todo-trabalhador-vai-se-livrar-da-6x1-confira-as-profissoes-que-podem-ser-excecao\/","og_locale":"pt_BR","og_type":"article","og_title":"Nem todo trabalhador vai se livrar da 6x1: confira as profiss\u00f5es que podem ser exce\u00e7\u00e3o","og_description":"A proposta de fim da escala 6x1 avan\u00e7a, mas n\u00e3o afetar\u00e1 a todos. Confira a lista de profiss\u00f5es e setores que s\u00e3o exce\u00e7\u00e3o \u00e0 nova jornada de trabalho.","og_url":"https:\/\/www.pensarcursos.com.br\/blog\/nem-todo-trabalhador-vai-se-livrar-da-6x1-confira-as-profissoes-que-podem-ser-excecao\/","og_site_name":"Blog Pensar Cursos","article_publisher":"https:\/\/www.facebook.com\/pensarcursos\/","article_published_time":"2026-04-27T11:45:55+00:00","og_image":[{"width":1500,"height":999,"url":"https:\/\/www.pensarcursos.com.br\/blog\/wp-content\/uploads\/2026\/04\/fim-da-escala-6x1-1-1.webp","type":"image\/webp"}],"author":"Quezia Andrade","twitter_card":"summary_large_image","twitter_misc":{"Escrito por":"Quezia Andrade","Est. tempo de leitura":"4 minutos"},"schema":{"@context":"https:\/\/schema.org","@graph":[{"@type":["Article","BlogPosting"],"@id":"https:\/\/www.pensarcursos.com.br\/blog\/nem-todo-trabalhador-vai-se-livrar-da-6x1-confira-as-profissoes-que-podem-ser-excecao\/#article","isPartOf":{"@id":"https:\/\/www.pensarcursos.com.br\/blog\/nem-todo-trabalhador-vai-se-livrar-da-6x1-confira-as-profissoes-que-podem-ser-excecao\/"},"author":{"name":"Quezia Andrade","@id":"https:\/\/www.pensarcursos.com.br\/blog\/#\/schema\/person\/28714c166fa847c28e0ba3e4d47c1033"},"headline":"Nem todo trabalhador vai se livrar da 6&#215;1: confira as profiss\u00f5es que podem ser exce\u00e7\u00e3o","datePublished":"2026-04-27T11:45:55+00:00","mainEntityOfPage":{"@id":"https:\/\/www.pensarcursos.com.br\/blog\/nem-todo-trabalhador-vai-se-livrar-da-6x1-confira-as-profissoes-que-podem-ser-excecao\/"},"wordCount":755,"commentCount":0,"publisher":{"@id":"https:\/\/www.pensarcursos.com.br\/blog\/#organization"},"image":{"@id":"https:\/\/www.pensarcursos.com.br\/blog\/nem-todo-trabalhador-vai-se-livrar-da-6x1-confira-as-profissoes-que-podem-ser-excecao\/#primaryimage"},"thumbnailUrl":"https:\/\/www.pensarcursos.com.br\/blog\/wp-content\/uploads\/2026\/04\/fim-da-escala-6x1-1-1.webp","keywords":["escala 6x1","fim da escala 6x1","Jornada de trabalho"],"articleSection":["Direitos do Trabalhador","Profiss\u00f5es"],"inLanguage":"pt-BR","potentialAction":[{"@type":"CommentAction","name":"Comment","target":["https:\/\/www.pensarcursos.com.br\/blog\/nem-todo-trabalhador-vai-se-livrar-da-6x1-confira-as-profissoes-que-podem-ser-excecao\/#respond"]}],"copyrightYear":"2026","copyrightHolder":{"@id":"https:\/\/www.pensarcursos.com.br\/blog\/#organization"}},{"@type":"WebPage","@id":"https:\/\/www.pensarcursos.com.br\/blog\/nem-todo-trabalhador-vai-se-livrar-da-6x1-confira-as-profissoes-que-podem-ser-excecao\/","url":"https:\/\/www.pensarcursos.com.br\/blog\/nem-todo-trabalhador-vai-se-livrar-da-6x1-confira-as-profissoes-que-podem-ser-excecao\/","name":"Nem todo trabalhador vai se livrar da 6x1: confira as profiss\u00f5es que podem ser exce\u00e7\u00e3o - Blog Pensar Cursos","isPartOf":{"@id":"https:\/\/www.pensarcursos.com.br\/blog\/#website"},"primaryImageOfPage":{"@id":"https:\/\/www.pensarcursos.com.br\/blog\/nem-todo-trabalhador-vai-se-livrar-da-6x1-confira-as-profissoes-que-podem-ser-excecao\/#primaryimage"},"image":{"@id":"https:\/\/www.pensarcursos.com.br\/blog\/nem-todo-trabalhador-vai-se-livrar-da-6x1-confira-as-profissoes-que-podem-ser-excecao\/#primaryimage"},"thumbnailUrl":"https:\/\/www.pensarcursos.com.br\/blog\/wp-content\/uploads\/2026\/04\/fim-da-escala-6x1-1-1.webp","datePublished":"2026-04-27T11:45:55+00:00","description":"A proposta de fim da escala 6x1 avan\u00e7a, mas n\u00e3o afetar\u00e1 a todos. Confira a lista de profiss\u00f5es e setores que s\u00e3o exce\u00e7\u00e3o \u00e0 nova jornada de trabalho.","breadcrumb":{"@id":"https:\/\/www.pensarcursos.com.br\/blog\/nem-todo-trabalhador-vai-se-livrar-da-6x1-confira-as-profissoes-que-podem-ser-excecao\/#breadcrumb"},"inLanguage":"pt-BR","potentialAction":[{"@type":"ReadAction","target":["https:\/\/www.pensarcursos.com.br\/blog\/nem-todo-trabalhador-vai-se-livrar-da-6x1-confira-as-profissoes-que-podem-ser-excecao\/"]}]},{"@type":"ImageObject","inLanguage":"pt-BR","@id":"https:\/\/www.pensarcursos.com.br\/blog\/nem-todo-trabalhador-vai-se-livrar-da-6x1-confira-as-profissoes-que-podem-ser-excecao\/#primaryimage","url":"https:\/\/www.pensarcursos.com.br\/blog\/wp-content\/uploads\/2026\/04\/fim-da-escala-6x1-1-1.webp","contentUrl":"https:\/\/www.pensarcursos.com.br\/blog\/wp-content\/uploads\/2026\/04\/fim-da-escala-6x1-1-1.webp","width":1500,"height":999,"caption":"Nem todo trabalhador vai se livrar da escala 6x1; vejas profiss\u00f5es. Imagem: T\u00e2nia R\u00eago\/Ag\u00eancia Brasil"},{"@type":"BreadcrumbList","@id":"https:\/\/www.pensarcursos.com.br\/blog\/nem-todo-trabalhador-vai-se-livrar-da-6x1-confira-as-profissoes-que-podem-ser-excecao\/#breadcrumb","itemListElement":[{"@type":"ListItem","position":1,"name":"Home","item":"https:\/\/www.pensarcursos.com.br\/blog\/"},{"@type":"ListItem","position":2,"name":"Nem todo trabalhador vai se livrar da 6&#215;1: confira as profiss\u00f5es que podem ser exce\u00e7\u00e3o"}]},{"@type":"WebSite","@id":"https:\/\/www.pensarcursos.com.br\/blog\/#website","url":"https:\/\/www.pensarcursos.com.br\/blog\/","name":"Blog Pensar Cursos","description":"Maior Site de Cursos do Brasil","publisher":{"@id":"https:\/\/www.pensarcursos.com.br\/blog\/#organization"},"alternateName":"Blog Pensar","potentialAction":[{"@type":"SearchAction","target":{"@type":"EntryPoint","urlTemplate":"https:\/\/www.pensarcursos.com.br\/blog\/?s={search_term_string}"},"query-input":{"@type":"PropertyValueSpecification","valueRequired":true,"valueName":"search_term_string"}}],"inLanguage":"pt-BR"},{"@type":"Organization","@id":"https:\/\/www.pensarcursos.com.br\/blog\/#organization","name":"Pensar Cursos","alternateName":"Blog pensar","url":"https:\/\/www.pensarcursos.com.br\/blog\/","logo":{"@type":"ImageObject","inLanguage":"pt-BR","@id":"https:\/\/www.pensarcursos.com.br\/blog\/#\/schema\/logo\/image\/","url":"https:\/\/www.pensarcursos.com.br\/blog\/wp-content\/uploads\/2023\/11\/Nova-Logo-Pensar-Cursos-vertical.png","contentUrl":"https:\/\/www.pensarcursos.com.br\/blog\/wp-content\/uploads\/2023\/11\/Nova-Logo-Pensar-Cursos-vertical.png","width":1393,"height":1001,"caption":"Pensar Cursos"},"image":{"@id":"https:\/\/www.pensarcursos.com.br\/blog\/#\/schema\/logo\/image\/"},"sameAs":["https:\/\/www.facebook.com\/pensarcursos\/","https:\/\/instagram.com.br\/pensarcursos"],"description":"Pensar Cursos \u00e9 uma empresa especializada em oferecer cursos de alta qualidade voltados para o desenvolvimento profissional e acad\u00eamico. Com uma ampla gama de op\u00e7\u00f5es de treinamento, oferecemos conte\u00fados atualizados, ministrados por especialistas da \u00e1rea, para capacitar indiv\u00edduos e equipes a atingirem seus objetivos. Nossa miss\u00e3o \u00e9 proporcionar uma educa\u00e7\u00e3o transformadora, acess\u00edvel e personalizada para cada aluno, seja em cursos presenciais ou online. Com uma abordagem inovadora, buscamos adaptar os nossos programas de ensino \u00e0s necessidades do mercado, criando solu\u00e7\u00f5es que atendem aos desafios e exig\u00eancias do mundo corporativo e acad\u00eamico. Nossos cursos incluem desde forma\u00e7\u00f5es t\u00e9cnicas at\u00e9 habilidades essenciais, como lideran\u00e7a, gest\u00e3o e desenvolvimento pessoal.","email":"contato@pensarcursos.com.br","legalName":"Sena Servi\u00e7os de Informa\u00e7\u00e3o Online LTDA","foundingDate":"2013-04-18","vatID":"17956217000172","numberOfEmployees":{"@type":"QuantitativeValue","minValue":"11","maxValue":"50"},"publishingPrinciples":"https:\/\/www.pensarcursos.com.br\/blog\/principios-de-publicacao\/","ownershipFundingInfo":"https:\/\/www.pensarcursos.com.br\/blog\/informacoes-de-propriedade-financiamento\/","actionableFeedbackPolicy":"https:\/\/www.pensarcursos.com.br\/blog\/politica-de-feedback-acionavel\/","correctionsPolicy":"https:\/\/www.pensarcursos.com.br\/blog\/politica-de-correcoes\/","ethicsPolicy":"https:\/\/www.pensarcursos.com.br\/blog\/politica-de-etica\/"},{"@type":"Person","@id":"https:\/\/www.pensarcursos.com.br\/blog\/#\/schema\/person\/28714c166fa847c28e0ba3e4d47c1033","name":"Quezia Andrade","image":{"@type":"ImageObject","inLanguage":"pt-BR","@id":"https:\/\/secure.gravatar.com\/avatar\/ca40343eca0c667f062032144581527936aae03191aca76e9d4c4de5a5c7cd14?s=96&d=mm&r=g","url":"https:\/\/secure.gravatar.com\/avatar\/ca40343eca0c667f062032144581527936aae03191aca76e9d4c4de5a5c7cd14?s=96&d=mm&r=g","contentUrl":"https:\/\/secure.gravatar.com\/avatar\/ca40343eca0c667f062032144581527936aae03191aca76e9d4c4de5a5c7cd14?s=96&d=mm&r=g","caption":"Quezia Andrade"},"description":"Biom\u00e9dica CRBM2 n\u00ba 17394. Redatora do grupo Sena Online.","sameAs":["https:\/\/www.instagram.com\/_quezia_b?igsh=cWF2dDNxbXd6ejF4&utm_source=qr","https:\/\/www.linkedin.com\/in\/quzia-borges-andrade-907778266?utm_source=share&utm_campaign=share_via&utm_content=profile&utm_medium=ios_app"],"url":"https:\/\/www.pensarcursos.com.br\/blog\/author\/quezia\/"}]}},"_links":{"self":[{"href":"https:\/\/www.pensarcursos.com.br\/blog\/wp-json\/wp\/v2\/posts\/157996","targetHints":{"allow":["GET"]}}],"collection":[{"href":"https:\/\/www.pensarcursos.com.br\/blog\/wp-json\/wp\/v2\/posts"}],"about":[{"href":"https:\/\/www.pensarcursos.com.br\/blog\/wp-json\/wp\/v2\/types\/post"}],"author":[{"embeddable":true,"href":"https:\/\/www.pensarcursos.com.br\/blog\/wp-json\/wp\/v2\/users\/54"}],"replies":[{"embeddable":true,"href":"https:\/\/www.pensarcursos.com.br\/blog\/wp-json\/wp\/v2\/comments?post=157996"}],"version-history":[{"count":2,"href":"https:\/\/www.pensarcursos.com.br\/blog\/wp-json\/wp\/v2\/posts\/157996\/revisions"}],"predecessor-version":[{"id":158025,"href":"https:\/\/www.pensarcursos.com.br\/blog\/wp-json\/wp\/v2\/posts\/157996\/revisions\/158025"}],"wp:featuredmedia":[{"embeddable":true,"href":"https:\/\/www.pensarcursos.com.br\/blog\/wp-json\/wp\/v2\/media\/158017"}],"wp:attachment":[{"href":"https:\/\/www.pensarcursos.com.br\/blog\/wp-json\/wp\/v2\/media?parent=157996"}],"wp:term":[{"taxonomy":"category","embeddable":true,"href":"https:\/\/www.pensarcursos.com.br\/blog\/wp-json\/wp\/v2\/categories?post=157996"},{"taxonomy":"post_tag","embeddable":true,"href":"https:\/\/www.pensarcursos.com.br\/blog\/wp-json\/wp\/v2\/tags?post=157996"}],"curies":[{"name":"wp","href":"https:\/\/api.w.org\/{rel}","templated":true}]}}