{"id":157993,"date":"2026-04-27T08:25:15","date_gmt":"2026-04-27T11:25:15","guid":{"rendered":"https:\/\/www.pensarcursos.com.br\/blog\/?p=157993"},"modified":"2026-04-27T10:22:05","modified_gmt":"2026-04-27T13:22:05","slug":"saiu-edital-novo-concurso-guarda-municipal-com-salario-de-r-36-mil-mais-auxilio-de-r-600-abriu-inscricoes-nesta-segunda-feira-27","status":"publish","type":"post","link":"https:\/\/www.pensarcursos.com.br\/blog\/saiu-edital-novo-concurso-guarda-municipal-com-salario-de-r-36-mil-mais-auxilio-de-r-600-abriu-inscricoes-nesta-segunda-feira-27\/","title":{"rendered":"SAIU EDITAL! Novo concurso Guarda Municipal com sal\u00e1rio de R$ 3,6 mil, mais aux\u00edlio de R$ 600, abriu inscri\u00e7\u00f5es nesta segunda-feira (27)"},"content":{"rendered":"<p><strong>Quer um cargo p\u00fablico com sal\u00e1rio acima de R$ 3 mil e estabilidade garantida? Essa pode ser a sua chance!<\/strong><\/p>\n<p>A Prefeitura Municipal acaba de abrir concurso p\u00fablico com 20 vagas imediatas e cadastro reserva, todas de n\u00edvel m\u00e9dio. Os sal\u00e1rios iniciais variam de R$ 3.022,31 a R$ 3.600,00, com aux\u00edlio-alimenta\u00e7\u00e3o de at\u00e9 R$ 600,00.<\/p>\n<p>As inscri\u00e7\u00f5es j\u00e1 est\u00e3o abertas e seguem at\u00e9 26 de maio de 2026. Continue a leitura e confira todos os detalhes do edital!<\/p>\n<h2>Detalhes sobre o concurso<\/h2>\n<p>O <a href=\"https:\/\/www.pensarcursos.com.br\/blog\/saiu-edital-concurso-com-salarios-iniciais-de-ate-r-144-mil-abre-inscricoes-nesta-segunda-feira-27\/\" target=\"_blank\" rel=\"noopener\">edital<\/a> do certame prev\u00ea o preenchimento de vagas imediatas e a forma\u00e7\u00e3o de cadastro reserva no quadro de servidores efetivos da Prefeitura Municipal. O regime de contrata\u00e7\u00e3o \u00e9 estatut\u00e1rio, ou seja, os aprovados ter\u00e3o estabilidade ap\u00f3s o cumprimento do est\u00e1gio probat\u00f3rio de tr\u00eas anos.<\/p>\n<p>Em primeiro lugar, vale destacar que o certame oferece 20 vagas imediatas, distribu\u00eddas entre tr\u00eas cargos de n\u00edvel m\u00e9dio. Al\u00e9m disso, h\u00e1 forma\u00e7\u00e3o de cadastro reserva para todos eles, o que significa que candidatos aprovados al\u00e9m do n\u00famero de vagas poder\u00e3o ser convocados durante o prazo de validade do concurso, caso surjam novas oportunidades.<\/p>\n<h2>Vagas ofertadas no concurso<\/h2>\n<p>O edital distribui as vagas conforme a tabela abaixo, com reserva para pessoas com defici\u00eancia (PcD) e afrodescendentes (AFRO).<\/p>\n<table>\n<thead>\n<tr>\n<th scope=\"col\">Cargo<\/th>\n<th scope=\"col\">Ampla Concorr\u00eancia<\/th>\n<th scope=\"col\">PcD<\/th>\n<th scope=\"col\">AFRO<\/th>\n<th scope=\"col\">Cadastro Reserva<\/th>\n<\/tr>\n<\/thead>\n<tbody>\n<tr>\n<td>Agente Municipal de Tr\u00e2nsito<\/td>\n<td>4<\/td>\n<td>1<\/td>\n<td>1<\/td>\n<td>Sim<\/td>\n<\/tr>\n<tr>\n<td>Guarda Municipal (Feminino)<\/td>\n<td>8<\/td>\n<td>1<\/td>\n<td>1<\/td>\n<td>Sim<\/td>\n<\/tr>\n<tr>\n<td>Guarda Municipal (Masculino)<\/td>\n<td>8<\/td>\n<td>1<\/td>\n<td>1<\/td>\n<td>Sim<\/td>\n<\/tr>\n<\/tbody>\n<\/table>\n<p>Vale lembrar que o cadastro reserva abrange candidatos aprovados al\u00e9m do n\u00famero de vagas ofertadas. Esses aprovados poder\u00e3o ser convocados ao longo da validade do concurso, conforme a necessidade da administra\u00e7\u00e3o municipal.<\/p>\n<h2>Requisitos para se candidatar<\/h2>\n<p>Os requisitos para os tr\u00eas cargos s\u00e3o os mesmos. Confira abaixo as exig\u00eancias para concorrer \u00e0s vagas:<\/p>\n<ul>\n<li><strong>Escolaridade:<\/strong> ensino m\u00e9dio completo;<\/li>\n<li><strong>Habilita\u00e7\u00e3o:<\/strong> Carteira Nacional de Habilita\u00e7\u00e3o nas categorias A e B, ou seja, para conduzir tanto motocicletas quanto ve\u00edculos de passeio;<\/li>\n<li><strong>Idade m\u00ednima:<\/strong> 18 anos completos na data da posse;<\/li>\n<li><strong>Obriga\u00e7\u00f5es eleitorais:<\/strong> estar em dia com a Justi\u00e7a Eleitoral e em gozo dos direitos pol\u00edticos;<\/li>\n<li><strong>Servi\u00e7o militar:<\/strong> quita\u00e7\u00e3o com o servi\u00e7o militar, no caso dos candidatos do sexo masculino;<\/li>\n<li><strong>Conduta:<\/strong> n\u00e3o ter sofrido penalidade administrativa, civil ou criminal incompat\u00edvel com a nomea\u00e7\u00e3o;<\/li>\n<li><strong>Acumula\u00e7\u00e3o de cargos:<\/strong> n\u00e3o estar ocupando cargo ou emprego na administra\u00e7\u00e3o direta ou indireta da Uni\u00e3o, dos Estados, do Distrito Federal e dos Munic\u00edpios, salvo nos casos de acumula\u00e7\u00e3o previstos em lei.<\/li>\n<\/ul>\n<h2>Remunera\u00e7\u00e3o e benef\u00edcios<\/h2>\n<p>Os sal\u00e1rios iniciais variam conforme o cargo escolhido, mas, todos contam com aux\u00edlio-alimenta\u00e7\u00e3o de at\u00e9 R$ 600,00. Confira a tabela completa de cargos e sal\u00e1rios:<\/p>\n<table>\n<thead>\n<tr>\n<th scope=\"col\">Cargo<\/th>\n<th scope=\"col\">Carga hor\u00e1ria semanal<\/th>\n<th scope=\"col\">Vencimento inicial<\/th>\n<th scope=\"col\">Aux\u00edlio-Alimenta\u00e7\u00e3o<\/th>\n<\/tr>\n<\/thead>\n<tbody>\n<tr>\n<td>Agente Municipal de Tr\u00e2nsito<\/td>\n<td>40 horas<\/td>\n<td>R$ 3.022,31<\/td>\n<td>At\u00e9 R$ 600,00<\/td>\n<\/tr>\n<tr>\n<td>Guarda Municipal (Feminino)<\/td>\n<td>40 horas<\/td>\n<td>R$ 3.600,00<\/td>\n<td>At\u00e9 R$ 600,00<\/td>\n<\/tr>\n<tr>\n<td>Guarda Municipal (Masculino)<\/td>\n<td>40 horas<\/td>\n<td>R$ 3.600,00<\/td>\n<td>At\u00e9 R$ 600,00<\/td>\n<\/tr>\n<\/tbody>\n<\/table>\n<p>Para o cargo de Guarda Municipal, a jornada de 40 horas semanais poder\u00e1 ser organizada preferencialmente em escala de 12 horas trabalhadas por 36 horas de descanso, conforme a necessidade da administra\u00e7\u00e3o p\u00fablica.<\/p>\n<h2>Inscri\u00e7\u00f5es: como participar do certame?<\/h2>\n<figure id=\"attachment_158001\" aria-describedby=\"caption-attachment-158001\" style=\"width: 1200px\" class=\"wp-caption aligncenter\"><img decoding=\"async\" class=\"wp-image-158001 size-full\" src=\"https:\/\/www.pensarcursos.com.br\/blog\/wp-content\/uploads\/2026\/04\/inscricoes-prefeitura-telemaco-borba.webp\" alt=\"Notebook aberto representa o site da Funda\u00e7\u00e3o FAFIPA, onde s\u00e3o feitas as inscri\u00e7\u00f5es do concurso da Prefeitura de Tel\u00eamaco Borba.\" width=\"1200\" height=\"800\" srcset=\"https:\/\/www.pensarcursos.com.br\/blog\/wp-content\/uploads\/2026\/04\/inscricoes-prefeitura-telemaco-borba.webp 1200w, https:\/\/www.pensarcursos.com.br\/blog\/wp-content\/uploads\/2026\/04\/inscricoes-prefeitura-telemaco-borba-300x200.webp 300w, https:\/\/www.pensarcursos.com.br\/blog\/wp-content\/uploads\/2026\/04\/inscricoes-prefeitura-telemaco-borba-1024x683.webp 1024w, https:\/\/www.pensarcursos.com.br\/blog\/wp-content\/uploads\/2026\/04\/inscricoes-prefeitura-telemaco-borba-768x512.webp 768w, https:\/\/www.pensarcursos.com.br\/blog\/wp-content\/uploads\/2026\/04\/inscricoes-prefeitura-telemaco-borba-750x500.webp 750w, https:\/\/www.pensarcursos.com.br\/blog\/wp-content\/uploads\/2026\/04\/inscricoes-prefeitura-telemaco-borba-1140x760.webp 1140w\" sizes=\"(max-width: 1200px) 100vw, 1200px\" \/><figcaption id=\"caption-attachment-158001\" class=\"wp-caption-text\">Inscri\u00e7\u00f5es do concurso da Prefeitura de Tel\u00eamaco Borba seguem at\u00e9 26 de maio pelo site da Funda\u00e7\u00e3o FAFIPA. Imagem: Blog Pensar Cursos.<\/figcaption><\/figure>\n<p>As inscri\u00e7\u00f5es para o concurso da <strong>Prefeitura de Tel\u00eamaco Borba,<\/strong> no estado do Paran\u00e1, podem ser feitas exclusivamente pela internet. Confira abaixo todos os detalhes:<\/p>\n<ul>\n<li>Per\u00edodo de inscri\u00e7\u00e3o: 27 de abril a 26 de maio de 2026.<\/li>\n<li>Taxa de inscri\u00e7\u00e3o: R$ 70,00.<\/li>\n<li>Prazo final para pagamento do boleto: 27 de maio de 2026.<\/li>\n<\/ul>\n<p><strong>Passo a passo para se inscrever:<\/strong><\/p>\n<ol>\n<li>Acesse o site da <a href=\"https:\/\/www.fundacaofafipa.org.br\/informacoes\/4164\/\" target=\"_blank\" rel=\"noopener\">Funda\u00e7\u00e3o FAFIPA;<\/a><\/li>\n<li>Preencha o formul\u00e1rio eletr\u00f4nico com os dados pessoais;<\/li>\n<li>Selecione o cargo desejado e a modalidade de concorr\u00eancia (ampla, PcD ou afrodescendente);<\/li>\n<li>Gere o boleto banc\u00e1rio e efetuar o pagamento dentro do prazo estabelecido;<\/li>\n<li>Acompanhe a confirma\u00e7\u00e3o da inscri\u00e7\u00e3o na \u201c\u00c1rea do Candidato\u201d.<\/li>\n<\/ol>\n<h3>Isen\u00e7\u00e3o da taxa de inscri\u00e7\u00e3o<\/h3>\n<p>Candidatos amparados pela Lei Municipal n\u00ba 2.420\/2021 podem solicitar isen\u00e7\u00e3o da taxa entre 27 de abril e 1\u00ba de maio de 2026, pelo site da Funda\u00e7\u00e3o FAFIPA. O benef\u00edcio contempla dois grupos:<\/p>\n<ul>\n<li><strong>Hipossufici\u00eancia financeira:<\/strong> mediante comprova\u00e7\u00e3o de inscri\u00e7\u00e3o no Cad\u00danico e demais documentos exigidos pelo edital.<\/li>\n<li><strong>Doadores de medula \u00f3ssea:<\/strong> mediante comprovante de cadastro no REDOME.<\/li>\n<\/ul>\n<h2>Processo de sele\u00e7\u00e3o &#8211; etapas<\/h2>\n<p>A sele\u00e7\u00e3o dos candidatos ser\u00e1 composta por v\u00e1rias fases, todas de car\u00e1ter eliminat\u00f3rio. Confira o detalhamento de cada etapa na tabela abaixo:<\/p>\n<table>\n<thead>\n<tr>\n<th scope=\"col\">Etapa<\/th>\n<th scope=\"col\">Tipo<\/th>\n<th scope=\"col\">Car\u00e1ter<\/th>\n<th scope=\"col\">Aplica\u00e7\u00e3o<\/th>\n<\/tr>\n<\/thead>\n<tbody>\n<tr>\n<td>1\u00aa \u2014 Prova Objetiva (PO)<\/td>\n<td>Prova escrita com 40 quest\u00f5es<\/td>\n<td>Eliminat\u00f3rio e classificat\u00f3rio<\/td>\n<td>Todos os cargos<\/td>\n<\/tr>\n<tr>\n<td>2\u00aa \u2014 Teste de Aptid\u00e3o F\u00edsica (TAF)<\/td>\n<td>Avalia\u00e7\u00e3o f\u00edsica com testes espec\u00edficos<\/td>\n<td>Eliminat\u00f3rio<\/td>\n<td>Todos os cargos<\/td>\n<\/tr>\n<tr>\n<td>3\u00aa \u2014 Prova Pr\u00e1tica (PP)<\/td>\n<td>Dire\u00e7\u00e3o veicular nas categorias A e B<\/td>\n<td>Eliminat\u00f3rio e classificat\u00f3rio<\/td>\n<td>Apenas Agente Municipal de Tr\u00e2nsito<\/td>\n<\/tr>\n<tr>\n<td>4\u00aa \u2014 Avalia\u00e7\u00e3o Psicol\u00f3gica (AP)<\/td>\n<td>Aplica\u00e7\u00e3o de testes psicol\u00f3gicos<\/td>\n<td>Eliminat\u00f3rio<\/td>\n<td>Todos os cargos<\/td>\n<\/tr>\n<tr>\n<td>5\u00aa \u2014 Exame de Sanidade F\u00edsica (ESAFI)<\/td>\n<td>Exames cl\u00ednicos, laudos e pareceres m\u00e9dicos<\/td>\n<td>Eliminat\u00f3rio<\/td>\n<td>Todos os cargos<\/td>\n<\/tr>\n<tr>\n<td>6\u00aa \u2014 Investiga\u00e7\u00e3o Social (IS)<\/td>\n<td>An\u00e1lise da vida pregressa e atual do candidato<\/td>\n<td>Eliminat\u00f3rio<\/td>\n<td>Todos os cargos<\/td>\n<\/tr>\n<tr>\n<td>7\u00aa \u2014 Curso de Forma\u00e7\u00e3o Profissional (CFP)<\/td>\n<td>Curso te\u00f3rico e pr\u00e1tico ministrado pelo munic\u00edpio<\/td>\n<td>Eliminat\u00f3rio<\/td>\n<td>Todos os cargos<\/td>\n<\/tr>\n<\/tbody>\n<\/table>\n<p><strong>Detalhes da Prova Objetiva:<\/strong><\/p>\n<ul>\n<li>Data prevista: <strong>21 de junho de 2026<\/strong><\/li>\n<li>Total de quest\u00f5es: 40<\/li>\n<li>Dura\u00e7\u00e3o: 4 horas.<\/li>\n<li>Pontua\u00e7\u00e3o m\u00ednima para aprova\u00e7\u00e3o: 50 pontos (em escala de 0 a 100).<\/li>\n<li>\u00c1reas de conhecimento: L\u00edngua Portuguesa, Racioc\u00ednio L\u00f3gico-matem\u00e1tico, Inform\u00e1tica, Conhecimentos Gerais e Conhecimentos Espec\u00edficos.<\/li>\n<\/ul>\n<p><strong>Detalhes do Teste de Aptid\u00e3o F\u00edsica:<\/strong><\/p>\n<ul>\n<li>Agente Municipal de Tr\u00e2nsito: corrida de 50 metros e corrida de 2.400 metros.<\/li>\n<li>Guarda Municipal (masculino e feminino): tra\u00e7\u00e3o na barra fixa (masculino) ou isometria (feminino), corrida de 50 metros e corrida de 2.400 metros.<\/li>\n<\/ul>\n<h3>Validade do concurso<\/h3>\n<p>O concurso ter\u00e1 <strong>prazo de validade de 2 (dois) anos<\/strong>, contados a partir da data de homologa\u00e7\u00e3o do resultado final. Esse prazo poder\u00e1 ser prorrogado por igual per\u00edodo, a crit\u00e9rio da administra\u00e7\u00e3o p\u00fablica municipal. Portanto, os aprovados poder\u00e3o ser convocados ao longo de at\u00e9 quatro anos, caso haja prorroga\u00e7\u00e3o do certame.<\/p>\n<h2>Resumo do concurso municipal<\/h2>\n<table>\n<thead>\n<tr>\n<th scope=\"col\">Concurso Tel\u00eamaco Borba PR<\/th>\n<th scope=\"col\">Informa\u00e7\u00e3o<\/th>\n<\/tr>\n<\/thead>\n<tbody>\n<tr>\n<td><strong>Status<\/strong><\/td>\n<td>Concurso aberto<\/td>\n<\/tr>\n<tr>\n<td><strong>Banca<\/strong><\/td>\n<td>Funda\u00e7\u00e3o FAFIPA<\/td>\n<\/tr>\n<tr>\n<td><strong>Cargos<\/strong><\/td>\n<td>Agente Municipal de Tr\u00e2nsito e Guarda Municipal (Feminino e Masculino)<\/td>\n<\/tr>\n<tr>\n<td><strong>Escolaridade<\/strong><\/td>\n<td>N\u00edvel M\u00e9dio<\/td>\n<\/tr>\n<tr>\n<td><strong>Vagas<\/strong><\/td>\n<td>20 vagas imediatas + cadastro reserva<\/td>\n<\/tr>\n<tr>\n<td><strong>Sal\u00e1rio inicial<\/strong><\/td>\n<td>De R$ 3.022,31 a R$ 3.600,00<\/td>\n<\/tr>\n<tr>\n<td><strong>Inscri\u00e7\u00f5es<\/strong><\/td>\n<td>De 27 de abril a 26 de maio de 2026<\/td>\n<\/tr>\n<tr>\n<td><strong>Taxa de inscri\u00e7\u00e3o<\/strong><\/td>\n<td>R$ 70,00<\/td>\n<\/tr>\n<tr>\n<td><strong>Data da prova objetiva<\/strong><\/td>\n<td>21 de junho de 2026<\/td>\n<\/tr>\n<tr>\n<td><strong>Edital<\/strong><\/td>\n<td><a href=\"https:\/\/www.pensarcursos.com.br\/blog\/wp-content\/uploads\/2026\/04\/edital_n_001_2026_1698559.pdf\" target=\"_blank\" rel=\"noopener\">Concurso da Prefeitura de Tel\u00eamaco Borba <\/a><\/td>\n<\/tr>\n<\/tbody>\n<\/table>\n<h2>Continue se informando!<\/h2>\n<p>Continue acompanhando o <a href=\"https:\/\/www.pensarcursos.com.br\/blog\" target=\"_blank\" rel=\"noopener\"><strong>Blog Pensar Cursos<\/strong><\/a> para n\u00e3o perder nenhum detalhe sobre as pr\u00f3ximas etapas deste e de outros concursos abertos pelo Brasil. No portal, voc\u00ea encontra o passo a passo das inscri\u00e7\u00f5es, dicas de estudo, conte\u00fados program\u00e1ticos comentados e materiais de apoio para se preparar com mais seguran\u00e7a.<\/p>\n<p>Navegue pelas demais mat\u00e9rias e descubra novas oportunidades de qualifica\u00e7\u00e3o profissional, cursos gratuitos e editais que podem mudar a sua vida.<\/p>\n<p>Acabou de sair o edital e bateu aquela d\u00favida: por onde come\u00e7ar? Assista ao v\u00eddeo e descubra os 6 passos que v\u00e3o transformar sua prepara\u00e7\u00e3o:<\/p>\n<div class=\"jeg_video_container jeg_video_content\"><iframe title=\"Saiu o edital do concurso: por onde come\u00e7ar a estudar? 6 passos que voc\u00ea PRECISA seguir\" width=\"500\" height=\"281\" src=\"https:\/\/www.youtube.com\/embed\/FGl66-VUgps?feature=oembed\" frameborder=\"0\" allow=\"accelerometer; autoplay; clipboard-write; encrypted-media; gyroscope; picture-in-picture; web-share\" referrerpolicy=\"strict-origin-when-cross-origin\" allowfullscreen><\/iframe><\/div>\n","protected":false},"excerpt":{"rendered":"<p>Quer um cargo p\u00fablico com sal\u00e1rio acima de R$ 3 mil e estabilidade garantida? Essa pode ser a sua chance! A Prefeitura Municipal acaba de abrir concurso p\u00fablico com 20 vagas imediatas e cadastro reserva, todas de n\u00edvel m\u00e9dio. Os sal\u00e1rios iniciais variam de R$ 3.022,31 a R$ 3.600,00, com aux\u00edlio-alimenta\u00e7\u00e3o de at\u00e9 R$ 600,00. [&hellip;]<\/p>\n","protected":false},"author":60,"featured_media":158002,"comment_status":"open","ping_status":"closed","sticky":false,"template":"","format":"standard","meta":{"jnews-multi-image_gallery":[],"jnews_single_post":{"format":"standard","override":[{"template":"1","parallax":"1","fullscreen":"1","layout":"right-sidebar","sidebar":"default-sidebar","second_sidebar":"default-sidebar","sticky_sidebar":"1","share_position":"topbottom","share_float_style":"share-monocrhome","show_featured":"1","show_post_meta":"1","show_post_author":"1","show_post_author_image":"1","show_post_date":"1","post_date_format":"default","post_date_format_custom":"Y\/m\/d","show_post_category":"1","post_reading_time_wpm":"300","post_calculate_word_method":"str_word_count","show_zoom_button":"0","zoom_button_out_step":"2","zoom_button_in_step":"3","show_post_tag":"1","show_prev_next_post":"1","show_popup_post":"1","show_comment_section":"1","number_popup_post":"2","show_author_box":"1","show_post_related":"1","show_inline_post_related":"1"}],"image_override":[{"single_post_thumbnail_size":"crop-500","single_post_gallery_size":"crop-500"}],"trending_post_position":"meta","trending_post_label":"Trending","sponsored_post_label":"Sponsored by","disable_ad":"0","subtitle":"Oportunidades exigem n\u00edvel m\u00e9dio completo e CNH categorias A e B"},"jnews_primary_category":[],"jnews_social_meta":[],"jnews_override_counter":{"view_counter_number":"0","share_counter_number":"0","like_counter_number":"0","dislike_counter_number":"0"},"footnotes":""},"categories":[29,26,41864],"tags":[41841,41840,41839,41842,32184],"class_list":["post-157993","post","type-post","status-publish","format-standard","has-post-thumbnail","hentry","category-concursos","category-empregos","category-guarda-municipal","tag-concurso-agente-de-transito-parana","tag-concurso-guarda-municipal-telemaco-borba","tag-edital-telemaco-borba-2026","tag-inscricoes-prefeitura-telemaco-borba","tag-vagas-guarda-municipal-pr"],"yoast_head":"<!-- This site is optimized with the Yoast SEO Premium plugin v27.4 (Yoast SEO v27.4) - https:\/\/yoast.com\/product\/yoast-seo-premium-wordpress\/ -->\n<title>SAIU EDITAL! Novo concurso Guarda Municipal com sal\u00e1rio de R$ 3,6 mil, mais aux\u00edlio de R$ 600, abriu inscri\u00e7\u00f5es nesta segunda-feira (27) - Blog Pensar Cursos<\/title>\n<meta name=\"description\" content=\"Concurso da Prefeitura abre 20 vagas para Guarda Municipal e Agente de Tr\u00e2nsito. Sal\u00e1rios de at\u00e9 R$ 3.600,00. Inscreva-se!\" \/>\n<meta name=\"robots\" content=\"index, follow, max-snippet:-1, max-image-preview:large, max-video-preview:-1\" \/>\n<link rel=\"canonical\" href=\"https:\/\/www.pensarcursos.com.br\/blog\/saiu-edital-novo-concurso-guarda-municipal-com-salario-de-r-36-mil-mais-auxilio-de-r-600-abriu-inscricoes-nesta-segunda-feira-27\/\" \/>\n<meta property=\"og:locale\" content=\"pt_BR\" \/>\n<meta property=\"og:type\" content=\"article\" \/>\n<meta property=\"og:title\" content=\"SAIU EDITAL! Novo concurso Guarda Municipal com sal\u00e1rio de R$ 3,6 mil, mais aux\u00edlio de R$ 600, abriu inscri\u00e7\u00f5es nesta segunda-feira (27)\" \/>\n<meta property=\"og:description\" content=\"Concurso da Prefeitura abre 20 vagas para Guarda Municipal e Agente de Tr\u00e2nsito. Sal\u00e1rios de at\u00e9 R$ 3.600,00. Inscreva-se!\" \/>\n<meta property=\"og:url\" content=\"https:\/\/www.pensarcursos.com.br\/blog\/saiu-edital-novo-concurso-guarda-municipal-com-salario-de-r-36-mil-mais-auxilio-de-r-600-abriu-inscricoes-nesta-segunda-feira-27\/\" \/>\n<meta property=\"og:site_name\" content=\"Blog Pensar Cursos\" \/>\n<meta property=\"article:publisher\" content=\"https:\/\/www.facebook.com\/pensarcursos\/\" \/>\n<meta property=\"article:published_time\" content=\"2026-04-27T11:25:15+00:00\" \/>\n<meta property=\"article:modified_time\" content=\"2026-04-27T13:22:05+00:00\" \/>\n<meta property=\"og:image\" content=\"https:\/\/www.pensarcursos.com.br\/blog\/wp-content\/uploads\/2026\/04\/consurso-prefeitura-de-telemaco-borba.webp\" \/>\n\t<meta property=\"og:image:width\" content=\"1200\" \/>\n\t<meta property=\"og:image:height\" content=\"800\" \/>\n\t<meta property=\"og:image:type\" content=\"image\/webp\" \/>\n<meta name=\"author\" content=\"Luiza Pereira\" \/>\n<meta name=\"twitter:card\" content=\"summary_large_image\" \/>\n<meta name=\"twitter:label1\" content=\"Escrito por\" \/>\n\t<meta name=\"twitter:data1\" content=\"Luiza Pereira\" \/>\n\t<meta name=\"twitter:label2\" content=\"Est. tempo de leitura\" \/>\n\t<meta name=\"twitter:data2\" content=\"7 minutos\" \/>\n<!-- \/ Yoast SEO Premium plugin. -->","yoast_head_json":{"title":"SAIU EDITAL! Novo concurso Guarda Municipal com sal\u00e1rio de R$ 3,6 mil, mais aux\u00edlio de R$ 600, abriu inscri\u00e7\u00f5es nesta segunda-feira (27) - Blog Pensar Cursos","description":"Concurso da Prefeitura abre 20 vagas para Guarda Municipal e Agente de Tr\u00e2nsito. Sal\u00e1rios de at\u00e9 R$ 3.600,00. Inscreva-se!","robots":{"index":"index","follow":"follow","max-snippet":"max-snippet:-1","max-image-preview":"max-image-preview:large","max-video-preview":"max-video-preview:-1"},"canonical":"https:\/\/www.pensarcursos.com.br\/blog\/saiu-edital-novo-concurso-guarda-municipal-com-salario-de-r-36-mil-mais-auxilio-de-r-600-abriu-inscricoes-nesta-segunda-feira-27\/","og_locale":"pt_BR","og_type":"article","og_title":"SAIU EDITAL! Novo concurso Guarda Municipal com sal\u00e1rio de R$ 3,6 mil, mais aux\u00edlio de R$ 600, abriu inscri\u00e7\u00f5es nesta segunda-feira (27)","og_description":"Concurso da Prefeitura abre 20 vagas para Guarda Municipal e Agente de Tr\u00e2nsito. Sal\u00e1rios de at\u00e9 R$ 3.600,00. Inscreva-se!","og_url":"https:\/\/www.pensarcursos.com.br\/blog\/saiu-edital-novo-concurso-guarda-municipal-com-salario-de-r-36-mil-mais-auxilio-de-r-600-abriu-inscricoes-nesta-segunda-feira-27\/","og_site_name":"Blog Pensar Cursos","article_publisher":"https:\/\/www.facebook.com\/pensarcursos\/","article_published_time":"2026-04-27T11:25:15+00:00","article_modified_time":"2026-04-27T13:22:05+00:00","og_image":[{"width":1200,"height":800,"url":"https:\/\/www.pensarcursos.com.br\/blog\/wp-content\/uploads\/2026\/04\/consurso-prefeitura-de-telemaco-borba.webp","type":"image\/webp"}],"author":"Luiza Pereira","twitter_card":"summary_large_image","twitter_misc":{"Escrito por":"Luiza Pereira","Est. tempo de leitura":"7 minutos"},"schema":{"@context":"https:\/\/schema.org","@graph":[{"@type":["Article","BlogPosting"],"@id":"https:\/\/www.pensarcursos.com.br\/blog\/saiu-edital-novo-concurso-guarda-municipal-com-salario-de-r-36-mil-mais-auxilio-de-r-600-abriu-inscricoes-nesta-segunda-feira-27\/#article","isPartOf":{"@id":"https:\/\/www.pensarcursos.com.br\/blog\/saiu-edital-novo-concurso-guarda-municipal-com-salario-de-r-36-mil-mais-auxilio-de-r-600-abriu-inscricoes-nesta-segunda-feira-27\/"},"author":{"name":"Luiza Pereira","@id":"https:\/\/www.pensarcursos.com.br\/blog\/#\/schema\/person\/b94ff84c7271a3cb9a5ce19e07b0ed5f"},"headline":"SAIU EDITAL! Novo concurso Guarda Municipal com sal\u00e1rio de R$ 3,6 mil, mais aux\u00edlio de R$ 600, abriu inscri\u00e7\u00f5es nesta segunda-feira (27)","datePublished":"2026-04-27T11:25:15+00:00","dateModified":"2026-04-27T13:22:05+00:00","mainEntityOfPage":{"@id":"https:\/\/www.pensarcursos.com.br\/blog\/saiu-edital-novo-concurso-guarda-municipal-com-salario-de-r-36-mil-mais-auxilio-de-r-600-abriu-inscricoes-nesta-segunda-feira-27\/"},"wordCount":1280,"commentCount":0,"publisher":{"@id":"https:\/\/www.pensarcursos.com.br\/blog\/#organization"},"image":{"@id":"https:\/\/www.pensarcursos.com.br\/blog\/saiu-edital-novo-concurso-guarda-municipal-com-salario-de-r-36-mil-mais-auxilio-de-r-600-abriu-inscricoes-nesta-segunda-feira-27\/#primaryimage"},"thumbnailUrl":"https:\/\/www.pensarcursos.com.br\/blog\/wp-content\/uploads\/2026\/04\/consurso-prefeitura-de-telemaco-borba.webp","keywords":["concurso Agente de Tr\u00e2nsito Paran\u00e1","concurso Guarda Municipal Tel\u00eamaco Borba","edital Tel\u00eamaco Borba 2026","inscri\u00e7\u00f5es Prefeitura Tel\u00eamaco Borba","vagas guarda municipal pr"],"articleSection":["Concursos P\u00fablicos","Empregos","Guarda Municipal"],"inLanguage":"pt-BR","potentialAction":[{"@type":"CommentAction","name":"Comment","target":["https:\/\/www.pensarcursos.com.br\/blog\/saiu-edital-novo-concurso-guarda-municipal-com-salario-de-r-36-mil-mais-auxilio-de-r-600-abriu-inscricoes-nesta-segunda-feira-27\/#respond"]}],"copyrightYear":"2026","copyrightHolder":{"@id":"https:\/\/www.pensarcursos.com.br\/blog\/#organization"}},{"@type":"WebPage","@id":"https:\/\/www.pensarcursos.com.br\/blog\/saiu-edital-novo-concurso-guarda-municipal-com-salario-de-r-36-mil-mais-auxilio-de-r-600-abriu-inscricoes-nesta-segunda-feira-27\/","url":"https:\/\/www.pensarcursos.com.br\/blog\/saiu-edital-novo-concurso-guarda-municipal-com-salario-de-r-36-mil-mais-auxilio-de-r-600-abriu-inscricoes-nesta-segunda-feira-27\/","name":"SAIU EDITAL! Novo concurso Guarda Municipal com sal\u00e1rio de R$ 3,6 mil, mais aux\u00edlio de R$ 600, abriu inscri\u00e7\u00f5es nesta segunda-feira (27) - Blog Pensar Cursos","isPartOf":{"@id":"https:\/\/www.pensarcursos.com.br\/blog\/#website"},"primaryImageOfPage":{"@id":"https:\/\/www.pensarcursos.com.br\/blog\/saiu-edital-novo-concurso-guarda-municipal-com-salario-de-r-36-mil-mais-auxilio-de-r-600-abriu-inscricoes-nesta-segunda-feira-27\/#primaryimage"},"image":{"@id":"https:\/\/www.pensarcursos.com.br\/blog\/saiu-edital-novo-concurso-guarda-municipal-com-salario-de-r-36-mil-mais-auxilio-de-r-600-abriu-inscricoes-nesta-segunda-feira-27\/#primaryimage"},"thumbnailUrl":"https:\/\/www.pensarcursos.com.br\/blog\/wp-content\/uploads\/2026\/04\/consurso-prefeitura-de-telemaco-borba.webp","datePublished":"2026-04-27T11:25:15+00:00","dateModified":"2026-04-27T13:22:05+00:00","description":"Concurso da Prefeitura abre 20 vagas para Guarda Municipal e Agente de Tr\u00e2nsito. Sal\u00e1rios de at\u00e9 R$ 3.600,00. Inscreva-se!","breadcrumb":{"@id":"https:\/\/www.pensarcursos.com.br\/blog\/saiu-edital-novo-concurso-guarda-municipal-com-salario-de-r-36-mil-mais-auxilio-de-r-600-abriu-inscricoes-nesta-segunda-feira-27\/#breadcrumb"},"inLanguage":"pt-BR","potentialAction":[{"@type":"ReadAction","target":["https:\/\/www.pensarcursos.com.br\/blog\/saiu-edital-novo-concurso-guarda-municipal-com-salario-de-r-36-mil-mais-auxilio-de-r-600-abriu-inscricoes-nesta-segunda-feira-27\/"]}]},{"@type":"ImageObject","inLanguage":"pt-BR","@id":"https:\/\/www.pensarcursos.com.br\/blog\/saiu-edital-novo-concurso-guarda-municipal-com-salario-de-r-36-mil-mais-auxilio-de-r-600-abriu-inscricoes-nesta-segunda-feira-27\/#primaryimage","url":"https:\/\/www.pensarcursos.com.br\/blog\/wp-content\/uploads\/2026\/04\/consurso-prefeitura-de-telemaco-borba.webp","contentUrl":"https:\/\/www.pensarcursos.com.br\/blog\/wp-content\/uploads\/2026\/04\/consurso-prefeitura-de-telemaco-borba.webp","width":1200,"height":800,"caption":"Concurso da Prefeitura abre 20 vagas com sal\u00e1rios de at\u00e9 R$ 3.600,00. Imagem: Blog Pensar Cursos."},{"@type":"BreadcrumbList","@id":"https:\/\/www.pensarcursos.com.br\/blog\/saiu-edital-novo-concurso-guarda-municipal-com-salario-de-r-36-mil-mais-auxilio-de-r-600-abriu-inscricoes-nesta-segunda-feira-27\/#breadcrumb","itemListElement":[{"@type":"ListItem","position":1,"name":"Home","item":"https:\/\/www.pensarcursos.com.br\/blog\/"},{"@type":"ListItem","position":2,"name":"SAIU EDITAL! Novo concurso Guarda Municipal com sal\u00e1rio de R$ 3,6 mil, mais aux\u00edlio de R$ 600, abriu inscri\u00e7\u00f5es nesta segunda-feira (27)"}]},{"@type":"WebSite","@id":"https:\/\/www.pensarcursos.com.br\/blog\/#website","url":"https:\/\/www.pensarcursos.com.br\/blog\/","name":"Blog Pensar Cursos","description":"Maior Site de Cursos do Brasil","publisher":{"@id":"https:\/\/www.pensarcursos.com.br\/blog\/#organization"},"alternateName":"Blog Pensar","potentialAction":[{"@type":"SearchAction","target":{"@type":"EntryPoint","urlTemplate":"https:\/\/www.pensarcursos.com.br\/blog\/?s={search_term_string}"},"query-input":{"@type":"PropertyValueSpecification","valueRequired":true,"valueName":"search_term_string"}}],"inLanguage":"pt-BR"},{"@type":"Organization","@id":"https:\/\/www.pensarcursos.com.br\/blog\/#organization","name":"Pensar Cursos","alternateName":"Blog pensar","url":"https:\/\/www.pensarcursos.com.br\/blog\/","logo":{"@type":"ImageObject","inLanguage":"pt-BR","@id":"https:\/\/www.pensarcursos.com.br\/blog\/#\/schema\/logo\/image\/","url":"https:\/\/www.pensarcursos.com.br\/blog\/wp-content\/uploads\/2023\/11\/Nova-Logo-Pensar-Cursos-vertical.png","contentUrl":"https:\/\/www.pensarcursos.com.br\/blog\/wp-content\/uploads\/2023\/11\/Nova-Logo-Pensar-Cursos-vertical.png","width":1393,"height":1001,"caption":"Pensar Cursos"},"image":{"@id":"https:\/\/www.pensarcursos.com.br\/blog\/#\/schema\/logo\/image\/"},"sameAs":["https:\/\/www.facebook.com\/pensarcursos\/","https:\/\/instagram.com.br\/pensarcursos"],"description":"Pensar Cursos \u00e9 uma empresa especializada em oferecer cursos de alta qualidade voltados para o desenvolvimento profissional e acad\u00eamico. Com uma ampla gama de op\u00e7\u00f5es de treinamento, oferecemos conte\u00fados atualizados, ministrados por especialistas da \u00e1rea, para capacitar indiv\u00edduos e equipes a atingirem seus objetivos. Nossa miss\u00e3o \u00e9 proporcionar uma educa\u00e7\u00e3o transformadora, acess\u00edvel e personalizada para cada aluno, seja em cursos presenciais ou online. Com uma abordagem inovadora, buscamos adaptar os nossos programas de ensino \u00e0s necessidades do mercado, criando solu\u00e7\u00f5es que atendem aos desafios e exig\u00eancias do mundo corporativo e acad\u00eamico. Nossos cursos incluem desde forma\u00e7\u00f5es t\u00e9cnicas at\u00e9 habilidades essenciais, como lideran\u00e7a, gest\u00e3o e desenvolvimento pessoal.","email":"contato@pensarcursos.com.br","legalName":"Sena Servi\u00e7os de Informa\u00e7\u00e3o Online LTDA","foundingDate":"2013-04-18","vatID":"17956217000172","numberOfEmployees":{"@type":"QuantitativeValue","minValue":"11","maxValue":"50"},"publishingPrinciples":"https:\/\/www.pensarcursos.com.br\/blog\/principios-de-publicacao\/","ownershipFundingInfo":"https:\/\/www.pensarcursos.com.br\/blog\/informacoes-de-propriedade-financiamento\/","actionableFeedbackPolicy":"https:\/\/www.pensarcursos.com.br\/blog\/politica-de-feedback-acionavel\/","correctionsPolicy":"https:\/\/www.pensarcursos.com.br\/blog\/politica-de-correcoes\/","ethicsPolicy":"https:\/\/www.pensarcursos.com.br\/blog\/politica-de-etica\/"},{"@type":"Person","@id":"https:\/\/www.pensarcursos.com.br\/blog\/#\/schema\/person\/b94ff84c7271a3cb9a5ce19e07b0ed5f","name":"Luiza Pereira","image":{"@type":"ImageObject","inLanguage":"pt-BR","@id":"https:\/\/secure.gravatar.com\/avatar\/51a9cea3f558699054e6c6d962a79771188542d9b4d73e9f96d8c0586bc5f11d?s=96&d=mm&r=g","url":"https:\/\/secure.gravatar.com\/avatar\/51a9cea3f558699054e6c6d962a79771188542d9b4d73e9f96d8c0586bc5f11d?s=96&d=mm&r=g","contentUrl":"https:\/\/secure.gravatar.com\/avatar\/51a9cea3f558699054e6c6d962a79771188542d9b4d73e9f96d8c0586bc5f11d?s=96&d=mm&r=g","caption":"Luiza Pereira"},"description":"Graduanda em Pedagogia pela Universidade Estadual do Sudoeste da Bahia (UESB). Redatora do grupo Sena Online.","sameAs":["https:\/\/www.instagram.com\/luizza_pereiraa?igsh=MmltMGh0bHUzbnR0"],"url":"https:\/\/www.pensarcursos.com.br\/blog\/author\/luiza\/"}]}},"_links":{"self":[{"href":"https:\/\/www.pensarcursos.com.br\/blog\/wp-json\/wp\/v2\/posts\/157993","targetHints":{"allow":["GET"]}}],"collection":[{"href":"https:\/\/www.pensarcursos.com.br\/blog\/wp-json\/wp\/v2\/posts"}],"about":[{"href":"https:\/\/www.pensarcursos.com.br\/blog\/wp-json\/wp\/v2\/types\/post"}],"author":[{"embeddable":true,"href":"https:\/\/www.pensarcursos.com.br\/blog\/wp-json\/wp\/v2\/users\/60"}],"replies":[{"embeddable":true,"href":"https:\/\/www.pensarcursos.com.br\/blog\/wp-json\/wp\/v2\/comments?post=157993"}],"version-history":[{"count":1,"href":"https:\/\/www.pensarcursos.com.br\/blog\/wp-json\/wp\/v2\/posts\/157993\/revisions"}],"predecessor-version":[{"id":158009,"href":"https:\/\/www.pensarcursos.com.br\/blog\/wp-json\/wp\/v2\/posts\/157993\/revisions\/158009"}],"wp:featuredmedia":[{"embeddable":true,"href":"https:\/\/www.pensarcursos.com.br\/blog\/wp-json\/wp\/v2\/media\/158002"}],"wp:attachment":[{"href":"https:\/\/www.pensarcursos.com.br\/blog\/wp-json\/wp\/v2\/media?parent=157993"}],"wp:term":[{"taxonomy":"category","embeddable":true,"href":"https:\/\/www.pensarcursos.com.br\/blog\/wp-json\/wp\/v2\/categories?post=157993"},{"taxonomy":"post_tag","embeddable":true,"href":"https:\/\/www.pensarcursos.com.br\/blog\/wp-json\/wp\/v2\/tags?post=157993"}],"curies":[{"name":"wp","href":"https:\/\/api.w.org\/{rel}","templated":true}]}}