{"id":157989,"date":"2026-04-27T09:59:16","date_gmt":"2026-04-27T12:59:16","guid":{"rendered":"https:\/\/www.pensarcursos.com.br\/blog\/?p=157989"},"modified":"2026-04-27T08:05:56","modified_gmt":"2026-04-27T11:05:56","slug":"pe-de-meia-2026-primeiro-pagamento-de-abril-sai-hoje-27-04","status":"publish","type":"post","link":"https:\/\/www.pensarcursos.com.br\/blog\/pe-de-meia-2026-primeiro-pagamento-de-abril-sai-hoje-27-04\/","title":{"rendered":"P\u00e9-de-Meia 2026: primeiro pagamento de abril sai hoje, 27\/04"},"content":{"rendered":"<p>Estudantes que aguardavam o pagamento do <strong>P\u00e9-de-Meia<\/strong> j\u00e1 podem se preparar: <strong>os dep\u00f3sitos referentes ao m\u00eas de abril come\u00e7am nesta segunda-feira (27),<\/strong> seguindo um calend\u00e1rio espec\u00edfico definido pelo programa.<\/p>\n<p>Os valores ser\u00e3o liberados para quem atende aos crit\u00e9rios estabelecidos, com diferen\u00e7as conforme a modalidade de ensino. Com isso, surgem d\u00favidas entre fam\u00edlias e estudantes: quem tem direito ao benef\u00edcio? Quem recebe primeiro? Qual \u00e9 o valor exato a ser pago?<\/p>\n<p>A seguir, confira como funciona o calend\u00e1rio de pagamentos, quem ser\u00e1 contemplado e todos os detalhes sobre o P\u00e9-de-Meia em 2026.<\/p>\n<h2>O que \u00e9 o P\u00e9-de-Meia?<\/h2>\n<p>O <a href=\"https:\/\/www.pensarcursos.com.br\/blog\/pe-de-meia-veja-o-passo-a-passo-para-liberar-a-conta-do-estudante-menor-de-idade-no-caixa-tem\/\" target=\"_blank\" rel=\"noopener\"><strong>P\u00e9-de-Meia<\/strong><\/a> \u00e9 um programa criado pela Lei n\u00ba 14.818\/2024 e regulamentado pelo Decreto n\u00ba 11.901\/2024, pensado para incentivar estudantes de baixa renda a permanecerem na escola e conclu\u00edrem o ensino m\u00e9dio, ou participarem da Educa\u00e7\u00e3o de Jovens e Adultos (EJA).<\/p>\n<p>Al\u00e9m de combater a evas\u00e3o escolar, o P\u00e9-de-Meia garante aux\u00edlio financeiro distribu\u00eddo ao longo do ano.<\/p>\n<h2>Quem tem direito ao P\u00e9-de-Meia?<\/h2>\n<p>Para se beneficiar do programa, \u00e9 necess\u00e1rio ter de 14 a 24 anos (ensino m\u00e9dio regular) ou de 19 a 24 anos (EJA), estar matriculado na rede p\u00fablica, estar inscrito no Cad\u00danico (Cadastro \u00danico para Programas Sociais), apresentar renda familiar de at\u00e9 meio sal\u00e1rio m\u00ednimo por pessoa e possuir CPF ativo.<\/p>\n<p>Al\u00e9m disso, a frequ\u00eancia m\u00ednima exigida \u00e9 de 80% das aulas.<\/p>\n<h2>Entenda os valores do benef\u00edcio<\/h2>\n<p>Os valores do P\u00e9-de-Meia s\u00e3o creditados de acordo com o cumprimento de algumas etapas ao longo do ano:<\/p>\n<ul>\n<li><strong>Matr\u00edcula confirmada:<\/strong> R$ 200,00;<\/li>\n<li><strong>Frequ\u00eancia regular:<\/strong> at\u00e9 R$ 1.800,00, divididos em 9 parcelas de R$ 200,00 cada (ensino m\u00e9dio regular);<\/li>\n<li><strong>Conclus\u00e3o de s\u00e9rie:<\/strong> R$ 1.000,00 (liberado para movimenta\u00e7\u00e3o ap\u00f3s a formatura);<\/li>\n<li><strong>Participa\u00e7\u00e3o no Enem:<\/strong> R$ 200,00 (para estudantes que concluem o ensino m\u00e9dio).<\/li>\n<\/ul>\n<p>No caso da EJA, o estudante pode receber at\u00e9<strong> 8 parcelas de R$ 225,00<\/strong> ao longo do ano, sendo quatro por semestre, al\u00e9m dos valores referentes \u00e0 matr\u00edcula, \u00e0 conclus\u00e3o e \u00e0 participa\u00e7\u00e3o no Enem.<\/p>\n<h2>Calend\u00e1rio do P\u00e9-de-Meia em abril de 2026: entenda o pagamento<\/h2>\n<figure id=\"attachment_157997\" aria-describedby=\"caption-attachment-157997\" style=\"width: 1024px\" class=\"wp-caption aligncenter\"><img decoding=\"async\" class=\"size-large wp-image-157997\" src=\"https:\/\/www.pensarcursos.com.br\/blog\/wp-content\/uploads\/2026\/04\/inicio-deposito-pe-de-meia-abril-1024x683.webp\" alt=\"Homem segurando cofrinho e dinheiro ilustrando calend\u00e1rio de pagamentos do P\u00e9-de-Meia em abril de 2026\" width=\"1024\" height=\"683\" srcset=\"https:\/\/www.pensarcursos.com.br\/blog\/wp-content\/uploads\/2026\/04\/inicio-deposito-pe-de-meia-abril-1024x683.webp 1024w, https:\/\/www.pensarcursos.com.br\/blog\/wp-content\/uploads\/2026\/04\/inicio-deposito-pe-de-meia-abril-300x200.webp 300w, https:\/\/www.pensarcursos.com.br\/blog\/wp-content\/uploads\/2026\/04\/inicio-deposito-pe-de-meia-abril-768x512.webp 768w, https:\/\/www.pensarcursos.com.br\/blog\/wp-content\/uploads\/2026\/04\/inicio-deposito-pe-de-meia-abril-750x500.webp 750w, https:\/\/www.pensarcursos.com.br\/blog\/wp-content\/uploads\/2026\/04\/inicio-deposito-pe-de-meia-abril-1140x760.webp 1140w, https:\/\/www.pensarcursos.com.br\/blog\/wp-content\/uploads\/2026\/04\/inicio-deposito-pe-de-meia-abril.webp 1200w\" sizes=\"(max-width: 1024px) 100vw, 1024px\" \/><figcaption id=\"caption-attachment-157997\" class=\"wp-caption-text\">Os pagamentos do P\u00e9-de-Meia referentes a abril seguem at\u00e9 4 de maio.\/ Imagem: Blog Pensar Cursos<\/figcaption><\/figure>\n<p>Os dep\u00f3sitos do<a href=\"https:\/\/www.pensarcursos.com.br\/blog\/alunos-do-pe-de-meia-ja-podem-checar-a-frequencia-escolar-e-evitar-perder-o-beneficio\/\" target=\"_blank\" rel=\"noopener\"> P\u00e9-de-Meia<\/a> de abril, referentes ao incentivo de frequ\u00eancia, est\u00e3o sendo realizados entre os dias 27 de abril e 4 de maio na conta digital da Caixa, conforme o m\u00eas de nascimento do estudante.<\/p>\n<p>O incentivo de frequ\u00eancia \u00e9 destinado aos alunos que mant\u00eam presen\u00e7a m\u00ednima de 80% nas aulas. A iniciativa busca valorizar o comprometimento com os estudos e garantir um apoio financeiro ao longo do ano. O valor da parcela \u00e9 de R$ 200 para estudantes do ensino m\u00e9dio regular e de R$ 225 para os da Educa\u00e7\u00e3o de Jovens e Adultos (EJA).<\/p>\n<p>Veja todas as datas:<\/p>\n<ul>\n<li>Nascidos em janeiro e fevereiro: 27 de abril<\/li>\n<li>Nascidos em mar\u00e7o e abril: 28 de abril<\/li>\n<li>Nascidos em maio e junho: 29 de abril<\/li>\n<li>Nascidos em julho e agosto: 30 de abril<\/li>\n<li>Nascidos em setembro e outubro: 30 de abril<\/li>\n<li>Nascidos em novembro e dezembro: 4 de maio<\/li>\n<\/ul>\n<p>Os estudantes podem conferir as informa\u00e7\u00f5es sobre o pagamento diretamente na<a href=\"https:\/\/estudante.pedemeia.mec.gov.br\/\" target=\"_blank\" rel=\"noopener\"> p\u00e1gina de consulta do P\u00e9-de-Meia.<\/a> Os valores podem ser movimentados via app <a href=\"https:\/\/play.google.com\/store\/apps\/details?id=br.gov.caixa.tem&amp;hl=pt_BR\" target=\"_blank\" rel=\"noopener\">Caixa Tem.<\/a><\/p>\n<h2>Documentos necess\u00e1rios para o benef\u00edcio<\/h2>\n<p>Para participar do P\u00e9-de-Meia, \u00e9 preciso ter CPF ativo, comprovante de matr\u00edcula em escola p\u00fablica, registro atualizado no Cad\u00danico e, sempre que solicitado, documentos que comprovem a renda familiar e a frequ\u00eancia escolar. Caso ocorram d\u00favidas sobre a documenta\u00e7\u00e3o, o estudante deve procurar o CRAS (Centro de Refer\u00eancia da Assist\u00eancia Social) ou a coordena\u00e7\u00e3o da escola.<\/p>\n<h2>Como solicitar o benef\u00edcio?<\/h2>\n<p>A inscri\u00e7\u00e3o no P\u00e9-de-Meia \u00e9 feita automaticamente para alunos que cumprem os pr\u00e9-requisitos e constam no Cad\u00danico. Se houver pend\u00eancia, \u00e9 importante atualizar os dados no pr\u00f3prio CRAS da cidade.<\/p>\n<p>Pagamentos s\u00e3o realizados pela Caixa Econ\u00f4mica Federal, na conta digital aberta em nome do estudante. Em caso de impossibilidade de movimenta\u00e7\u00e3o da conta digital, recomenda-se procurar diretamente uma ag\u00eancia da Caixa com documentos pessoais.<\/p>\n<h2>O que fazer se n\u00e3o receber o pagamento?<\/h2>\n<p>Quem n\u00e3o visualizar o valor em sua conta no calend\u00e1rio previsto deve consultar o aplicativo Caixa Tem, verificar pend\u00eancias no Cad\u00danico e buscar orienta\u00e7\u00f5es no CRAS ou na secretaria escolar. Eventuais erros podem ser regularizados junto \u00e0 Caixa e \u00e0 escola, desde que os crit\u00e9rios do programa sejam respeitados.<\/p>\n<p>Quer se manter informado(a) sobre direitos sociais, educa\u00e7\u00e3o e pagamentos de benef\u00edcios? Confira mais not\u00edcias confi\u00e1veis acessando o <a href=\"https:\/\/www.pensarcursos.com.br\/blog\/\" target=\"_blank\" rel=\"noopener\">Blog Pensar Cursos!<\/a><\/p>\n<p>Aproveite e assista ao v\u00eddeo abaixo para conferir mais informa\u00e7\u00f5es sobre o P\u00e9-de-Meia neste m\u00eas:<\/p>\n<div class=\"jeg_video_container jeg_video_content\"><iframe title=\"Quando cai o P\u00e9-de-Meia em abril de 2026? Veja o calend\u00e1rio completo\" width=\"500\" height=\"281\" src=\"https:\/\/www.youtube.com\/embed\/YBqJdnD5YzM?feature=oembed\" frameborder=\"0\" allow=\"accelerometer; autoplay; clipboard-write; encrypted-media; gyroscope; picture-in-picture; web-share\" referrerpolicy=\"strict-origin-when-cross-origin\" allowfullscreen><\/iframe><\/div>\n","protected":false},"excerpt":{"rendered":"<p>Estudantes que aguardavam o pagamento do P\u00e9-de-Meia j\u00e1 podem se preparar: os dep\u00f3sitos referentes ao m\u00eas de abril come\u00e7am nesta segunda-feira (27), seguindo um calend\u00e1rio espec\u00edfico definido pelo programa. Os valores ser\u00e3o liberados para quem atende aos crit\u00e9rios estabelecidos, com diferen\u00e7as conforme a modalidade de ensino. Com isso, surgem d\u00favidas entre fam\u00edlias e estudantes: quem [&hellip;]<\/p>\n","protected":false},"author":50,"featured_media":157991,"comment_status":"open","ping_status":"closed","sticky":false,"template":"","format":"standard","meta":{"jnews-multi-image_gallery":[],"jnews_single_post":{"format":"standard","override":[{"template":"1","parallax":"1","fullscreen":"1","layout":"right-sidebar","sidebar":"default-sidebar","second_sidebar":"default-sidebar","sticky_sidebar":"1","share_position":"topbottom","share_float_style":"share-monocrhome","show_featured":"1","show_post_meta":"1","show_post_author":"1","show_post_author_image":"1","show_post_date":"1","post_date_format":"default","post_date_format_custom":"Y\/m\/d","show_post_category":"1","post_reading_time_wpm":"300","post_calculate_word_method":"str_word_count","show_zoom_button":"0","zoom_button_out_step":"2","zoom_button_in_step":"3","show_post_tag":"1","show_prev_next_post":"1","show_popup_post":"1","show_comment_section":"1","number_popup_post":"2","show_author_box":"1","show_post_related":"1","show_inline_post_related":"1"}],"image_override":[{"single_post_thumbnail_size":"crop-500","single_post_gallery_size":"crop-500"}],"trending_post_position":"meta","trending_post_label":"Trending","sponsored_post_label":"Sponsored by","disable_ad":"0","subtitle":"Pagamentos seguem de acordo com o m\u00eas de nascimento dos benefici\u00e1rios"},"jnews_primary_category":[],"jnews_social_meta":[],"jnews_override_counter":{"view_counter_number":"0","share_counter_number":"0","like_counter_number":"0","dislike_counter_number":"0"},"footnotes":""},"categories":[1657,17201],"tags":[27141,25824,31889],"class_list":["post-157989","post","type-post","status-publish","format-standard","has-post-thumbnail","hentry","category-beneficios-sociais","category-pe-de-meia","tag-calendario-pe-de-meia-abril","tag-criterios-pe-de-meia","tag-valores-do-pe-de-meia"],"yoast_head":"<!-- This site is optimized with the Yoast SEO Premium plugin v27.4 (Yoast SEO v27.4) - https:\/\/yoast.com\/product\/yoast-seo-premium-wordpress\/ -->\n<title>P\u00e9-de-Meia 2026: primeiro pagamento de abril sai hoje, 27\/04 - Blog Pensar Cursos<\/title>\n<meta name=\"description\" content=\"O P\u00e9-de-Meia inicia hoje (27) o pagamento da segunda parcela do incentivo de frequ\u00eancia para estudantes do ensino m\u00e9dio. Veja datas e como receber. Confira!\" \/>\n<meta name=\"robots\" content=\"index, follow, max-snippet:-1, max-image-preview:large, max-video-preview:-1\" \/>\n<link rel=\"canonical\" href=\"https:\/\/www.pensarcursos.com.br\/blog\/pe-de-meia-2026-primeiro-pagamento-de-abril-sai-hoje-27-04\/\" \/>\n<meta property=\"og:locale\" content=\"pt_BR\" \/>\n<meta property=\"og:type\" content=\"article\" \/>\n<meta property=\"og:title\" content=\"P\u00e9-de-Meia 2026: primeiro pagamento de abril sai hoje, 27\/04\" \/>\n<meta property=\"og:description\" content=\"O P\u00e9-de-Meia inicia hoje (27) o pagamento da segunda parcela do incentivo de frequ\u00eancia para estudantes do ensino m\u00e9dio. Veja datas e como receber. Confira!\" \/>\n<meta property=\"og:url\" content=\"https:\/\/www.pensarcursos.com.br\/blog\/pe-de-meia-2026-primeiro-pagamento-de-abril-sai-hoje-27-04\/\" \/>\n<meta property=\"og:site_name\" content=\"Blog Pensar Cursos\" \/>\n<meta property=\"article:publisher\" content=\"https:\/\/www.facebook.com\/pensarcursos\/\" \/>\n<meta property=\"article:published_time\" content=\"2026-04-27T12:59:16+00:00\" \/>\n<meta property=\"og:image\" content=\"https:\/\/www.pensarcursos.com.br\/blog\/wp-content\/uploads\/2026\/04\/pe-de-meia-deposito-abril-2026.webp\" \/>\n\t<meta property=\"og:image:width\" content=\"1200\" \/>\n\t<meta property=\"og:image:height\" content=\"800\" \/>\n\t<meta property=\"og:image:type\" content=\"image\/webp\" \/>\n<meta name=\"author\" content=\"Ana Julia Nery\" \/>\n<meta name=\"twitter:card\" content=\"summary_large_image\" \/>\n<meta name=\"twitter:label1\" content=\"Escrito por\" \/>\n\t<meta name=\"twitter:data1\" content=\"Ana Julia Nery\" \/>\n\t<meta name=\"twitter:label2\" content=\"Est. tempo de leitura\" \/>\n\t<meta name=\"twitter:data2\" content=\"5 minutos\" \/>\n<!-- \/ Yoast SEO Premium plugin. -->","yoast_head_json":{"title":"P\u00e9-de-Meia 2026: primeiro pagamento de abril sai hoje, 27\/04 - Blog Pensar Cursos","description":"O P\u00e9-de-Meia inicia hoje (27) o pagamento da segunda parcela do incentivo de frequ\u00eancia para estudantes do ensino m\u00e9dio. Veja datas e como receber. Confira!","robots":{"index":"index","follow":"follow","max-snippet":"max-snippet:-1","max-image-preview":"max-image-preview:large","max-video-preview":"max-video-preview:-1"},"canonical":"https:\/\/www.pensarcursos.com.br\/blog\/pe-de-meia-2026-primeiro-pagamento-de-abril-sai-hoje-27-04\/","og_locale":"pt_BR","og_type":"article","og_title":"P\u00e9-de-Meia 2026: primeiro pagamento de abril sai hoje, 27\/04","og_description":"O P\u00e9-de-Meia inicia hoje (27) o pagamento da segunda parcela do incentivo de frequ\u00eancia para estudantes do ensino m\u00e9dio. Veja datas e como receber. Confira!","og_url":"https:\/\/www.pensarcursos.com.br\/blog\/pe-de-meia-2026-primeiro-pagamento-de-abril-sai-hoje-27-04\/","og_site_name":"Blog Pensar Cursos","article_publisher":"https:\/\/www.facebook.com\/pensarcursos\/","article_published_time":"2026-04-27T12:59:16+00:00","og_image":[{"width":1200,"height":800,"url":"https:\/\/www.pensarcursos.com.br\/blog\/wp-content\/uploads\/2026\/04\/pe-de-meia-deposito-abril-2026.webp","type":"image\/webp"}],"author":"Ana Julia Nery","twitter_card":"summary_large_image","twitter_misc":{"Escrito por":"Ana Julia Nery","Est. tempo de leitura":"5 minutos"},"schema":{"@context":"https:\/\/schema.org","@graph":[{"@type":["Article","BlogPosting"],"@id":"https:\/\/www.pensarcursos.com.br\/blog\/pe-de-meia-2026-primeiro-pagamento-de-abril-sai-hoje-27-04\/#article","isPartOf":{"@id":"https:\/\/www.pensarcursos.com.br\/blog\/pe-de-meia-2026-primeiro-pagamento-de-abril-sai-hoje-27-04\/"},"author":{"name":"Ana Julia Nery","@id":"https:\/\/www.pensarcursos.com.br\/blog\/#\/schema\/person\/f92909b12d0bb35eaed1789e30807e81"},"headline":"P\u00e9-de-Meia 2026: primeiro pagamento de abril sai hoje, 27\/04","datePublished":"2026-04-27T12:59:16+00:00","mainEntityOfPage":{"@id":"https:\/\/www.pensarcursos.com.br\/blog\/pe-de-meia-2026-primeiro-pagamento-de-abril-sai-hoje-27-04\/"},"wordCount":830,"commentCount":0,"publisher":{"@id":"https:\/\/www.pensarcursos.com.br\/blog\/#organization"},"image":{"@id":"https:\/\/www.pensarcursos.com.br\/blog\/pe-de-meia-2026-primeiro-pagamento-de-abril-sai-hoje-27-04\/#primaryimage"},"thumbnailUrl":"https:\/\/www.pensarcursos.com.br\/blog\/wp-content\/uploads\/2026\/04\/pe-de-meia-deposito-abril-2026.webp","keywords":["calend\u00e1rio p\u00e9 de meia abril","Crit\u00e9rios P\u00e9-de-Meia","valores do p\u00e9 de meia"],"articleSection":["Benef\u00edcios Sociais","P\u00e9-de-Meia"],"inLanguage":"pt-BR","potentialAction":[{"@type":"CommentAction","name":"Comment","target":["https:\/\/www.pensarcursos.com.br\/blog\/pe-de-meia-2026-primeiro-pagamento-de-abril-sai-hoje-27-04\/#respond"]}],"copyrightYear":"2026","copyrightHolder":{"@id":"https:\/\/www.pensarcursos.com.br\/blog\/#organization"}},{"@type":"WebPage","@id":"https:\/\/www.pensarcursos.com.br\/blog\/pe-de-meia-2026-primeiro-pagamento-de-abril-sai-hoje-27-04\/","url":"https:\/\/www.pensarcursos.com.br\/blog\/pe-de-meia-2026-primeiro-pagamento-de-abril-sai-hoje-27-04\/","name":"P\u00e9-de-Meia 2026: primeiro pagamento de abril sai hoje, 27\/04 - Blog Pensar Cursos","isPartOf":{"@id":"https:\/\/www.pensarcursos.com.br\/blog\/#website"},"primaryImageOfPage":{"@id":"https:\/\/www.pensarcursos.com.br\/blog\/pe-de-meia-2026-primeiro-pagamento-de-abril-sai-hoje-27-04\/#primaryimage"},"image":{"@id":"https:\/\/www.pensarcursos.com.br\/blog\/pe-de-meia-2026-primeiro-pagamento-de-abril-sai-hoje-27-04\/#primaryimage"},"thumbnailUrl":"https:\/\/www.pensarcursos.com.br\/blog\/wp-content\/uploads\/2026\/04\/pe-de-meia-deposito-abril-2026.webp","datePublished":"2026-04-27T12:59:16+00:00","description":"O P\u00e9-de-Meia inicia hoje (27) o pagamento da segunda parcela do incentivo de frequ\u00eancia para estudantes do ensino m\u00e9dio. Veja datas e como receber. Confira!","breadcrumb":{"@id":"https:\/\/www.pensarcursos.com.br\/blog\/pe-de-meia-2026-primeiro-pagamento-de-abril-sai-hoje-27-04\/#breadcrumb"},"inLanguage":"pt-BR","potentialAction":[{"@type":"ReadAction","target":["https:\/\/www.pensarcursos.com.br\/blog\/pe-de-meia-2026-primeiro-pagamento-de-abril-sai-hoje-27-04\/"]}]},{"@type":"ImageObject","inLanguage":"pt-BR","@id":"https:\/\/www.pensarcursos.com.br\/blog\/pe-de-meia-2026-primeiro-pagamento-de-abril-sai-hoje-27-04\/#primaryimage","url":"https:\/\/www.pensarcursos.com.br\/blog\/wp-content\/uploads\/2026\/04\/pe-de-meia-deposito-abril-2026.webp","contentUrl":"https:\/\/www.pensarcursos.com.br\/blog\/wp-content\/uploads\/2026\/04\/pe-de-meia-deposito-abril-2026.webp","width":1200,"height":800,"caption":"O pagamento do P\u00e9-de-Meia referente a abril de 2026 come\u00e7a hoje (27).\/ Imagem: Blog Pensar Cursos"},{"@type":"BreadcrumbList","@id":"https:\/\/www.pensarcursos.com.br\/blog\/pe-de-meia-2026-primeiro-pagamento-de-abril-sai-hoje-27-04\/#breadcrumb","itemListElement":[{"@type":"ListItem","position":1,"name":"Home","item":"https:\/\/www.pensarcursos.com.br\/blog\/"},{"@type":"ListItem","position":2,"name":"P\u00e9-de-Meia 2026: primeiro pagamento de abril sai hoje, 27\/04"}]},{"@type":"WebSite","@id":"https:\/\/www.pensarcursos.com.br\/blog\/#website","url":"https:\/\/www.pensarcursos.com.br\/blog\/","name":"Blog Pensar Cursos","description":"Maior Site de Cursos do Brasil","publisher":{"@id":"https:\/\/www.pensarcursos.com.br\/blog\/#organization"},"alternateName":"Blog Pensar","potentialAction":[{"@type":"SearchAction","target":{"@type":"EntryPoint","urlTemplate":"https:\/\/www.pensarcursos.com.br\/blog\/?s={search_term_string}"},"query-input":{"@type":"PropertyValueSpecification","valueRequired":true,"valueName":"search_term_string"}}],"inLanguage":"pt-BR"},{"@type":"Organization","@id":"https:\/\/www.pensarcursos.com.br\/blog\/#organization","name":"Pensar Cursos","alternateName":"Blog pensar","url":"https:\/\/www.pensarcursos.com.br\/blog\/","logo":{"@type":"ImageObject","inLanguage":"pt-BR","@id":"https:\/\/www.pensarcursos.com.br\/blog\/#\/schema\/logo\/image\/","url":"https:\/\/www.pensarcursos.com.br\/blog\/wp-content\/uploads\/2023\/11\/Nova-Logo-Pensar-Cursos-vertical.png","contentUrl":"https:\/\/www.pensarcursos.com.br\/blog\/wp-content\/uploads\/2023\/11\/Nova-Logo-Pensar-Cursos-vertical.png","width":1393,"height":1001,"caption":"Pensar Cursos"},"image":{"@id":"https:\/\/www.pensarcursos.com.br\/blog\/#\/schema\/logo\/image\/"},"sameAs":["https:\/\/www.facebook.com\/pensarcursos\/","https:\/\/instagram.com.br\/pensarcursos"],"description":"Pensar Cursos \u00e9 uma empresa especializada em oferecer cursos de alta qualidade voltados para o desenvolvimento profissional e acad\u00eamico. Com uma ampla gama de op\u00e7\u00f5es de treinamento, oferecemos conte\u00fados atualizados, ministrados por especialistas da \u00e1rea, para capacitar indiv\u00edduos e equipes a atingirem seus objetivos. Nossa miss\u00e3o \u00e9 proporcionar uma educa\u00e7\u00e3o transformadora, acess\u00edvel e personalizada para cada aluno, seja em cursos presenciais ou online. Com uma abordagem inovadora, buscamos adaptar os nossos programas de ensino \u00e0s necessidades do mercado, criando solu\u00e7\u00f5es que atendem aos desafios e exig\u00eancias do mundo corporativo e acad\u00eamico. Nossos cursos incluem desde forma\u00e7\u00f5es t\u00e9cnicas at\u00e9 habilidades essenciais, como lideran\u00e7a, gest\u00e3o e desenvolvimento pessoal.","email":"contato@pensarcursos.com.br","legalName":"Sena Servi\u00e7os de Informa\u00e7\u00e3o Online LTDA","foundingDate":"2013-04-18","vatID":"17956217000172","numberOfEmployees":{"@type":"QuantitativeValue","minValue":"11","maxValue":"50"},"publishingPrinciples":"https:\/\/www.pensarcursos.com.br\/blog\/principios-de-publicacao\/","ownershipFundingInfo":"https:\/\/www.pensarcursos.com.br\/blog\/informacoes-de-propriedade-financiamento\/","actionableFeedbackPolicy":"https:\/\/www.pensarcursos.com.br\/blog\/politica-de-feedback-acionavel\/","correctionsPolicy":"https:\/\/www.pensarcursos.com.br\/blog\/politica-de-correcoes\/","ethicsPolicy":"https:\/\/www.pensarcursos.com.br\/blog\/politica-de-etica\/"},{"@type":"Person","@id":"https:\/\/www.pensarcursos.com.br\/blog\/#\/schema\/person\/f92909b12d0bb35eaed1789e30807e81","name":"Ana Julia Nery","image":{"@type":"ImageObject","inLanguage":"pt-BR","@id":"https:\/\/secure.gravatar.com\/avatar\/e19c86d344398a1f30916c1c288563c153f6dc639428d441a19140cba3257359?s=96&d=mm&r=g","url":"https:\/\/secure.gravatar.com\/avatar\/e19c86d344398a1f30916c1c288563c153f6dc639428d441a19140cba3257359?s=96&d=mm&r=g","contentUrl":"https:\/\/secure.gravatar.com\/avatar\/e19c86d344398a1f30916c1c288563c153f6dc639428d441a19140cba3257359?s=96&d=mm&r=g","caption":"Ana Julia Nery"},"description":"Redatora do grupo Sena Online. Especialista em conte\u00fados de benef\u00edcios sociais e direitos do trabalhador","sameAs":["https:\/\/www.linkedin.com\/in\/ana-jlia-nery-46b2a0357"],"url":"https:\/\/www.pensarcursos.com.br\/blog\/author\/anajulia\/"}]}},"_links":{"self":[{"href":"https:\/\/www.pensarcursos.com.br\/blog\/wp-json\/wp\/v2\/posts\/157989","targetHints":{"allow":["GET"]}}],"collection":[{"href":"https:\/\/www.pensarcursos.com.br\/blog\/wp-json\/wp\/v2\/posts"}],"about":[{"href":"https:\/\/www.pensarcursos.com.br\/blog\/wp-json\/wp\/v2\/types\/post"}],"author":[{"embeddable":true,"href":"https:\/\/www.pensarcursos.com.br\/blog\/wp-json\/wp\/v2\/users\/50"}],"replies":[{"embeddable":true,"href":"https:\/\/www.pensarcursos.com.br\/blog\/wp-json\/wp\/v2\/comments?post=157989"}],"version-history":[{"count":1,"href":"https:\/\/www.pensarcursos.com.br\/blog\/wp-json\/wp\/v2\/posts\/157989\/revisions"}],"predecessor-version":[{"id":157998,"href":"https:\/\/www.pensarcursos.com.br\/blog\/wp-json\/wp\/v2\/posts\/157989\/revisions\/157998"}],"wp:featuredmedia":[{"embeddable":true,"href":"https:\/\/www.pensarcursos.com.br\/blog\/wp-json\/wp\/v2\/media\/157991"}],"wp:attachment":[{"href":"https:\/\/www.pensarcursos.com.br\/blog\/wp-json\/wp\/v2\/media?parent=157989"}],"wp:term":[{"taxonomy":"category","embeddable":true,"href":"https:\/\/www.pensarcursos.com.br\/blog\/wp-json\/wp\/v2\/categories?post=157989"},{"taxonomy":"post_tag","embeddable":true,"href":"https:\/\/www.pensarcursos.com.br\/blog\/wp-json\/wp\/v2\/tags?post=157989"}],"curies":[{"name":"wp","href":"https:\/\/api.w.org\/{rel}","templated":true}]}}