{"id":157986,"date":"2026-04-27T09:29:22","date_gmt":"2026-04-27T12:29:22","guid":{"rendered":"https:\/\/www.pensarcursos.com.br\/blog\/?p=157986"},"modified":"2026-04-27T07:48:54","modified_gmt":"2026-04-27T10:48:54","slug":"inss-de-abril-veja-quem-recebe-o-pagamento-do-13o-salario-nesta-semana-e-o-valor-maximo-que-cada-um-pode-receber","status":"publish","type":"post","link":"https:\/\/www.pensarcursos.com.br\/blog\/inss-de-abril-veja-quem-recebe-o-pagamento-do-13o-salario-nesta-semana-e-o-valor-maximo-que-cada-um-pode-receber\/","title":{"rendered":"INSS de abril: veja quem recebe o pagamento do 13\u00ba sal\u00e1rio nesta semana e o valor m\u00e1ximo que cada um pode receber"},"content":{"rendered":"<p>Mais de 35 milh\u00f5es de aposentados e pensionistas v\u00e3o sentir o bolso mais cheio nos pr\u00f3ximos dias \u2014 e o calend\u00e1rio do INSS j\u00e1 come\u00e7ou a mexer com a vida de muita gente!<\/p>\n<p>A inje\u00e7\u00e3o de recursos \u00e9 t\u00e3o grande que o governo federal estima movimentar bilh\u00f5es na economia em poucas semanas. E tem mais: o feriado de 1\u00ba de maio entra no meio do caminho e muda a forma como os pagamentos v\u00e3o cair na conta.<\/p>\n<p>Para quem ainda n\u00e3o sabe, \u00e9 hora de ficar de olho, porque a primeira parcela do 13\u00ba sal\u00e1rio do INSS j\u00e1 est\u00e1 liberada para uma parte dos segurados.<\/p>\n<p>Confira, a seguir, o que muda nesta semana, quem est\u00e1 na fila de pagamento e qual \u00e9 o valor m\u00e1ximo que pode aparecer na conta dos benefici\u00e1rios!<\/p>\n<h2>Antecipa\u00e7\u00e3o do 13\u00ba sal\u00e1rio em 2026<\/h2>\n<p>O<a href=\"https:\/\/www.pensarcursos.com.br\/blog\/inss-2026-4-erros-comuns-sobre-o-13o-salario-que-voce-nao-deve-acreditar\/\" target=\"_blank\" rel=\"noopener\"> 13\u00ba sal\u00e1rio<\/a> \u00e9 um pagamento extra garantido por lei a aposentados, pensionistas e trabalhadores formais no Brasil. Ele equivale, em regra, a um sal\u00e1rio a mais por ano, calculado com base no valor do benef\u00edcio ou da remunera\u00e7\u00e3o que a pessoa recebe mensalmente.<\/p>\n<p>No caso dos segurados do INSS, esse abono \u00e9 depositado pela Previd\u00eancia Social e funciona como um refor\u00e7o importante no or\u00e7amento familiar.<\/p>\n<p>J\u00e1 a antecipa\u00e7\u00e3o \u00e9 a libera\u00e7\u00e3o desse 13\u00ba antes do per\u00edodo tradicional de pagamento, que originalmente seria nos meses de agosto e novembro. Em vez de esperar pelo segundo semestre, o governo autoriza, por meio de decreto, que o valor seja pago de forma adiantada nos primeiros meses do ano.<\/p>\n<h2>Quem recebe e quem fica de fora da antecipa\u00e7\u00e3o do 13\u00ba sal\u00e1rio<\/h2>\n<p>Antes de conferir o calend\u00e1rio, vale entender exatamente quais s\u00e3o os grupos contemplados pela antecipa\u00e7\u00e3o do abono e quais ficam de fora do pagamento. A regra \u00e9 definida pela Previd\u00eancia Social e leva em conta o tipo de benef\u00edcio recebido pelo segurado.<\/p>\n<p><strong>Quem tem direito ao 13\u00ba sal\u00e1rio do INSS em 2026:<\/strong><\/p>\n<ul>\n<li>Aposentados de todas as modalidades<\/li>\n<li>Pensionistas (pens\u00e3o por morte)<\/li>\n<li>Benefici\u00e1rios de aux\u00edlio por incapacidade tempor\u00e1ria (antigo aux\u00edlio-doen\u00e7a)<\/li>\n<li>Benefici\u00e1rios de aux\u00edlio-acidente<\/li>\n<li>Benefici\u00e1rios de aux\u00edlio-reclus\u00e3o<\/li>\n<li>Seguradas que recebem sal\u00e1rio-maternidade<\/li>\n<\/ul>\n<p><strong>Quem fica de fora do pagamento do 13\u00ba:<\/strong><\/p>\n<ul>\n<li>Benefici\u00e1rios do BPC (Benef\u00edcio de Presta\u00e7\u00e3o Continuada), pago a idosos com mais de 65 anos e a pessoas com defici\u00eancia de baixa renda<\/li>\n<li>Benefici\u00e1rios da Renda Mensal Vital\u00edcia (RMV)<\/li>\n<\/ul>\n<p>A exclus\u00e3o desses dois grupos acontece porque tanto o BPC quanto a RMV s\u00e3o benef\u00edcios de natureza assistencial, e n\u00e3o previdenci\u00e1ria. Ou seja, eles n\u00e3o derivam de contribui\u00e7\u00f5es feitas pelo segurado ao longo da vida laboral, e por isso a legisla\u00e7\u00e3o n\u00e3o prev\u00ea o pagamento de abono anual.<\/p>\n<h2>13\u00b0 INSS: movimenta\u00e7\u00e3o supera R$ 78 bilh\u00f5es em todo o pa\u00eds<\/h2>\n<p>Na pr\u00e1tica, o 13\u00ba n\u00e3o cai de uma vez. Ele \u00e9 dividido em duas parcelas, e cada uma corresponde a 50% do benef\u00edcio mensal. A primeira, paga agora, vem cheia, sem desconto.<\/p>\n<p>J\u00e1 a segunda, prevista para o fim de maio e in\u00edcio de junho, vem com os abatimentos previstos em lei, como Imposto de Renda e contribui\u00e7\u00e3o previdenci\u00e1ria, quando aplic\u00e1veis.<\/p>\n<p>Esse modelo alcan\u00e7a cerca de 23,3 milh\u00f5es de segurados que recebem um sal\u00e1rio m\u00ednimo \u2014 aproximadamente 66,2% da folha \u2014 e outros 11,9 milh\u00f5es com renda acima do piso nacional.<\/p>\n<p>O impacto da antecipa\u00e7\u00e3o n\u00e3o fica restrito ao bolso de cada benefici\u00e1rio. Segundo dados oficiais do INSS, o valor total das duas parcelas chega a aproximadamente R$ 78,2 bilh\u00f5es injetados na economia ao longo dos pr\u00f3ximos meses.<\/p>\n<h2>Os dep\u00f3sitos do 13\u00b0 sal\u00e1rio do INSS j\u00e1 iniciaram<\/h2>\n<p>O desembolso da primeira parcela teve in\u00edcio na \u00faltima sexta-feira, dia 24 de abril, e nesta segunda-feira, 27, os pagamentos ganham continuidade com novos finais de cart\u00e3o sendo liberados.<\/p>\n<p>Os primeiros contemplados s\u00e3o os segurados que ganham at\u00e9 um sal\u00e1rio m\u00ednimo, atendidos conforme a numera\u00e7\u00e3o do cart\u00e3o de benef\u00edcio.<\/p>\n<p>J\u00e1 os benefici\u00e1rios que recebem acima do piso nacional entram no calend\u00e1rio em datas posteriores, com pagamentos que se estendem at\u00e9 8 de maio \u2014 data limite para que toda a primeira parcela do 13\u00ba caia na conta dos segurados do INSS.<\/p>\n<h2>Afinal, quem recebe o 13\u00b0 INSS nesta semana?<\/h2>\n<p>Esta semana concentra grande parte dos pagamentos da <a href=\"https:\/\/www.pensarcursos.com.br\/blog\/inss-libera-r-2-43150-da-primeira-parcela-do-13o-salario-na-proxima-semana-depositos-comecam-ja-na-segunda-feira-20\/\" target=\"_blank\" rel=\"noopener\">primeira parcela do 13\u00ba sal\u00e1rio<\/a> para quem recebe at\u00e9 um sal\u00e1rio m\u00ednimo. O cronograma segue o n\u00famero final do cart\u00e3o de benef\u00edcio, sem considerar o d\u00edgito que aparece ap\u00f3s o tra\u00e7o.<\/p>\n<p>Veja abaixo a divis\u00e3o por dia:<\/p>\n<table>\n<thead>\n<tr>\n<th scope=\"col\">Final do cart\u00e3o<\/th>\n<th scope=\"col\">Data do pagamento<\/th>\n<th scope=\"col\">Dia da semana<\/th>\n<\/tr>\n<\/thead>\n<tbody>\n<tr>\n<td>1<\/td>\n<td>24 de abril<\/td>\n<td><strong>Sexta-feira (j\u00e1 liberado)<\/strong><\/td>\n<\/tr>\n<tr>\n<td>2<\/td>\n<td>27 de abril<\/td>\n<td>Segunda-feira<\/td>\n<\/tr>\n<tr>\n<td>3<\/td>\n<td>28 de abril<\/td>\n<td>Ter\u00e7a-feira<\/td>\n<\/tr>\n<tr>\n<td>4<\/td>\n<td>29 de abril<\/td>\n<td>Quarta-feira<\/td>\n<\/tr>\n<tr>\n<td>5<\/td>\n<td>30 de abril<\/td>\n<td>Quinta-feira<\/td>\n<\/tr>\n<\/tbody>\n<\/table>\n<p>A sexta-feira, 1\u00ba de maio, \u00e9 feriado nacional do Dia do Trabalhador, e por isso n\u00e3o h\u00e1 libera\u00e7\u00e3o de pagamento neste dia. Os segurados com finais de cart\u00e3o 6, 7, 8, 9 e 0 s\u00f3 recebem na semana seguinte, a partir de <strong>4 de maio<\/strong>.<\/p>\n<h2>Valor m\u00e1ximo desta semana \u2014 entenda de onde vem os R$ 2.431,50<\/h2>\n<figure id=\"attachment_157987\" aria-describedby=\"caption-attachment-157987\" style=\"width: 1200px\" class=\"wp-caption aligncenter\"><img decoding=\"async\" class=\"wp-image-157987 size-full\" src=\"https:\/\/www.pensarcursos.com.br\/blog\/wp-content\/uploads\/2026\/04\/valores-13-salario-inss-2-2.webp\" alt=\"Aposentada confere no celular a data e o valor do pagamento do 13\u00ba sal\u00e1rio do INSS desta semana.\" width=\"1200\" height=\"800\" srcset=\"https:\/\/www.pensarcursos.com.br\/blog\/wp-content\/uploads\/2026\/04\/valores-13-salario-inss-2-2.webp 1200w, https:\/\/www.pensarcursos.com.br\/blog\/wp-content\/uploads\/2026\/04\/valores-13-salario-inss-2-2-300x200.webp 300w, https:\/\/www.pensarcursos.com.br\/blog\/wp-content\/uploads\/2026\/04\/valores-13-salario-inss-2-2-1024x683.webp 1024w, https:\/\/www.pensarcursos.com.br\/blog\/wp-content\/uploads\/2026\/04\/valores-13-salario-inss-2-2-768x512.webp 768w, https:\/\/www.pensarcursos.com.br\/blog\/wp-content\/uploads\/2026\/04\/valores-13-salario-inss-2-2-750x500.webp 750w, https:\/\/www.pensarcursos.com.br\/blog\/wp-content\/uploads\/2026\/04\/valores-13-salario-inss-2-2-1140x760.webp 1140w\" sizes=\"(max-width: 1200px) 100vw, 1200px\" \/><figcaption id=\"caption-attachment-157987\" class=\"wp-caption-text\">Confira no Meu INSS a data e o valor da primeira parcela do 13\u00ba sal\u00e1rio do INSS. Imagem: Blog Pensar Cursos.<\/figcaption><\/figure>\n<p>Para quem recebe um sal\u00e1rio m\u00ednimo, o c\u00e1lculo desta semana ganha uma soma especial. Al\u00e9m do benef\u00edcio mensal regular, no valor de R$ 1.621,00, o segurado tamb\u00e9m passa a receber a <strong>primeira parcela do 13\u00ba sal\u00e1rio, que corresponde a 50% do valor cheio<\/strong>.<\/p>\n<p>Essa primeira metade equivale a R$ 810,50 para quem est\u00e1 no piso nacional. Ou seja, somando o pagamento normal do m\u00eas com o adiantamento do abono, o aposentado ou pensionista pode receber at\u00e9 R$ 2.431,50 na conta nesta semana, considerando os dois cr\u00e9ditos.<\/p>\n<p>Esse \u00e9 o teto poss\u00edvel para quem recebe um sal\u00e1rio m\u00ednimo. J\u00e1 benefici\u00e1rios com renda acima do piso ter\u00e3o valores diferentes, sempre baseados na m\u00e9dia do que recebem mensalmente.<\/p>\n<h2>Como conferir as datas de pagamentos e os valores liberados<\/h2>\n<p>Saber quando o dinheiro vai cair \u00e9 mais simples do que parece. Existem tr\u00eas caminhos oficiais para o segurado confirmar a data do cr\u00e9dito e o valor exato que vai aparecer na conta. Veja abaixo as op\u00e7\u00f5es dispon\u00edveis:<\/p>\n<ul>\n<li><strong>Cart\u00e3o de benef\u00edcio:<\/strong> o segurado deve olhar o n\u00famero impresso no cart\u00e3o e identificar o \u00faltimo algarismo antes do tra\u00e7o, ignorando o d\u00edgito que aparece logo ap\u00f3s o h\u00edfen. Esse n\u00famero \u00e9 o que define a data de pagamento, conforme a tabela oficial da Previd\u00eancia.<\/li>\n<li><strong><a href=\"https:\/\/meu.inss.gov.br\/#\/\" target=\"_blank\" rel=\"noopener\">Site<\/a> ou <a href=\"https:\/\/play.google.com\/store\/apps\/details?id=br.gov.dataprev.meuinss&amp;pcampaignid=web_share\" target=\"_blank\" rel=\"noopener\">aplicativo<\/a> Meu INSS:<\/strong> basta acessar o servi\u00e7o de extrato de pagamento para visualizar a data do cr\u00e9dito, o valor do benef\u00edcio e a pr\u00e9via da parcela do 13\u00ba sal\u00e1rio antes mesmo do dinheiro cair na conta. A consulta funciona no celular e no computador, com login pelo gov.br.<\/li>\n<li><strong>Central 135:<\/strong> o atendimento por telefone funciona de segunda a s\u00e1bado, das 7h \u00e0s 22h. A liga\u00e7\u00e3o \u00e9 gratuita quando feita de telefone fixo e oferece informa\u00e7\u00f5es sobre datas, valores e situa\u00e7\u00e3o do benef\u00edcio.<\/li>\n<\/ul>\n<p>A consulta antecipada ajuda a programar despesas e evita surpresas, principalmente para quem tem renda acima do piso e precisa calcular eventuais descontos antes do recebimento.<\/p>\n<h2>Continue se informando!<\/h2>\n<p>As mudan\u00e7as no INSS, os calend\u00e1rios, o pagamento do 13\u00ba e as novas regras dos benef\u00edcios fazem parte da rotina de quem depende da Previd\u00eancia. Por isso, vale acompanhar de perto cada atualiza\u00e7\u00e3o para n\u00e3o perder prazos nem valores.<\/p>\n<p>No <a href=\"https:\/\/www.pensarcursos.com.br\/blog\/\" target=\"_blank\" rel=\"noopener\">Blog Pensar Cursos<\/a>, voc\u00ea encontra informa\u00e7\u00f5es claras, explicadas em linguagem simples e sempre atualizadas sobre aposentadorias, aux\u00edlios, programas sociais e oportunidades de qualifica\u00e7\u00e3o profissional.<\/p>\n<p>Continue navegando pelo portal e descubra outros conte\u00fados que podem ajudar voc\u00ea e a sua fam\u00edlia a tomar as melhores decis\u00f5es no dia a dia!<\/p>\n<p>Quer saber quando cai a segunda parcela do 13\u00ba sal\u00e1rio do INSS? Assista ao v\u00eddeo completo com o calend\u00e1rio detalhado e n\u00e3o perca nenhuma data:<\/p>\n<div class=\"jeg_video_container jeg_video_content\"><iframe title=\"Quando cai o 13\u00ba do INSS em 2026? Veja as datas da 1\u00aa e 2\u00aa parcela agora\" width=\"500\" height=\"281\" src=\"https:\/\/www.youtube.com\/embed\/tP6FZI43Edc?feature=oembed\" frameborder=\"0\" allow=\"accelerometer; autoplay; clipboard-write; encrypted-media; gyroscope; picture-in-picture; web-share\" referrerpolicy=\"strict-origin-when-cross-origin\" allowfullscreen><\/iframe><\/div>\n","protected":false},"excerpt":{"rendered":"<p>Mais de 35 milh\u00f5es de aposentados e pensionistas v\u00e3o sentir o bolso mais cheio nos pr\u00f3ximos dias \u2014 e o calend\u00e1rio do INSS j\u00e1 come\u00e7ou a mexer com a vida de muita gente! A inje\u00e7\u00e3o de recursos \u00e9 t\u00e3o grande que o governo federal estima movimentar bilh\u00f5es na economia em poucas semanas. E tem mais: [&hellip;]<\/p>\n","protected":false},"author":60,"featured_media":157988,"comment_status":"open","ping_status":"closed","sticky":false,"template":"","format":"standard","meta":{"jnews-multi-image_gallery":[],"jnews_single_post":{"format":"standard","override":[{"template":"1","parallax":"1","fullscreen":"1","layout":"right-sidebar","sidebar":"default-sidebar","second_sidebar":"default-sidebar","sticky_sidebar":"1","share_position":"topbottom","share_float_style":"share-monocrhome","show_featured":"1","show_post_meta":"1","show_post_author":"1","show_post_author_image":"1","show_post_date":"1","post_date_format":"default","post_date_format_custom":"Y\/m\/d","show_post_category":"1","post_reading_time_wpm":"300","post_calculate_word_method":"str_word_count","show_zoom_button":"0","zoom_button_out_step":"2","zoom_button_in_step":"3","show_post_tag":"1","show_prev_next_post":"1","show_popup_post":"1","show_comment_section":"1","number_popup_post":"2","show_author_box":"1","show_post_related":"1","show_inline_post_related":"1"}],"image_override":[{"single_post_thumbnail_size":"crop-500","single_post_gallery_size":"crop-500"}],"trending_post_position":"meta","trending_post_label":"Trending","sponsored_post_label":"Sponsored by","disable_ad":"0","subtitle":"Calend\u00e1rio do INSS muda nesta semana, e milh\u00f5es de aposentados j\u00e1 podem programar o bolso para a chegada da primeira parcela do abono anual"},"jnews_primary_category":[],"jnews_social_meta":[],"jnews_override_counter":{"view_counter_number":"0","share_counter_number":"0","like_counter_number":"0","dislike_counter_number":"0"},"footnotes":""},"categories":[1691],"tags":[3760,36234,27036,41837,41838],"class_list":["post-157986","post","type-post","status-publish","format-standard","has-post-thumbnail","hentry","category-direitos-do-trabalhador","tag-13o-salario-inss","tag-calendario-inss-2026","tag-pagamento-inss-abril","tag-primeira-parcela-13o","tag-valor-13o-salario"],"yoast_head":"<!-- This site is optimized with the Yoast SEO Premium plugin v27.4 (Yoast SEO v27.4) - https:\/\/yoast.com\/product\/yoast-seo-premium-wordpress\/ -->\n<title>INSS de abril: veja quem recebe o pagamento do 13\u00ba sal\u00e1rio nesta semana e o valor m\u00e1ximo que cada um pode receber - Blog Pensar Cursos<\/title>\n<meta name=\"description\" content=\"INSS libera antecipa\u00e7\u00e3o do 13\u00ba sal\u00e1rio em abril para aposentados e pensionistas. Veja as datas, valores e como consultar. Confira agora!\" \/>\n<meta name=\"robots\" content=\"index, follow, max-snippet:-1, max-image-preview:large, max-video-preview:-1\" \/>\n<link rel=\"canonical\" href=\"https:\/\/www.pensarcursos.com.br\/blog\/inss-de-abril-veja-quem-recebe-o-pagamento-do-13o-salario-nesta-semana-e-o-valor-maximo-que-cada-um-pode-receber\/\" \/>\n<meta property=\"og:locale\" content=\"pt_BR\" \/>\n<meta property=\"og:type\" content=\"article\" \/>\n<meta property=\"og:title\" content=\"INSS de abril: veja quem recebe o pagamento do 13\u00ba sal\u00e1rio nesta semana e o valor m\u00e1ximo que cada um pode receber\" \/>\n<meta property=\"og:description\" content=\"INSS libera antecipa\u00e7\u00e3o do 13\u00ba sal\u00e1rio em abril para aposentados e pensionistas. Veja as datas, valores e como consultar. Confira agora!\" \/>\n<meta property=\"og:url\" content=\"https:\/\/www.pensarcursos.com.br\/blog\/inss-de-abril-veja-quem-recebe-o-pagamento-do-13o-salario-nesta-semana-e-o-valor-maximo-que-cada-um-pode-receber\/\" \/>\n<meta property=\"og:site_name\" content=\"Blog Pensar Cursos\" \/>\n<meta property=\"article:publisher\" content=\"https:\/\/www.facebook.com\/pensarcursos\/\" \/>\n<meta property=\"article:published_time\" content=\"2026-04-27T12:29:22+00:00\" \/>\n<meta property=\"og:image\" content=\"https:\/\/www.pensarcursos.com.br\/blog\/wp-content\/uploads\/2026\/04\/adicional-de-50-por-cento-13-inss-3.webp\" \/>\n\t<meta property=\"og:image:width\" content=\"1200\" \/>\n\t<meta property=\"og:image:height\" content=\"800\" \/>\n\t<meta property=\"og:image:type\" content=\"image\/webp\" \/>\n<meta name=\"author\" content=\"Luiza Pereira\" \/>\n<meta name=\"twitter:card\" content=\"summary_large_image\" \/>\n<meta name=\"twitter:label1\" content=\"Escrito por\" \/>\n\t<meta name=\"twitter:data1\" content=\"Luiza Pereira\" \/>\n\t<meta name=\"twitter:label2\" content=\"Est. tempo de leitura\" \/>\n\t<meta name=\"twitter:data2\" content=\"8 minutos\" \/>\n<!-- \/ Yoast SEO Premium plugin. -->","yoast_head_json":{"title":"INSS de abril: veja quem recebe o pagamento do 13\u00ba sal\u00e1rio nesta semana e o valor m\u00e1ximo que cada um pode receber - Blog Pensar Cursos","description":"INSS libera antecipa\u00e7\u00e3o do 13\u00ba sal\u00e1rio em abril para aposentados e pensionistas. Veja as datas, valores e como consultar. Confira agora!","robots":{"index":"index","follow":"follow","max-snippet":"max-snippet:-1","max-image-preview":"max-image-preview:large","max-video-preview":"max-video-preview:-1"},"canonical":"https:\/\/www.pensarcursos.com.br\/blog\/inss-de-abril-veja-quem-recebe-o-pagamento-do-13o-salario-nesta-semana-e-o-valor-maximo-que-cada-um-pode-receber\/","og_locale":"pt_BR","og_type":"article","og_title":"INSS de abril: veja quem recebe o pagamento do 13\u00ba sal\u00e1rio nesta semana e o valor m\u00e1ximo que cada um pode receber","og_description":"INSS libera antecipa\u00e7\u00e3o do 13\u00ba sal\u00e1rio em abril para aposentados e pensionistas. Veja as datas, valores e como consultar. Confira agora!","og_url":"https:\/\/www.pensarcursos.com.br\/blog\/inss-de-abril-veja-quem-recebe-o-pagamento-do-13o-salario-nesta-semana-e-o-valor-maximo-que-cada-um-pode-receber\/","og_site_name":"Blog Pensar Cursos","article_publisher":"https:\/\/www.facebook.com\/pensarcursos\/","article_published_time":"2026-04-27T12:29:22+00:00","og_image":[{"width":1200,"height":800,"url":"https:\/\/www.pensarcursos.com.br\/blog\/wp-content\/uploads\/2026\/04\/adicional-de-50-por-cento-13-inss-3.webp","type":"image\/webp"}],"author":"Luiza Pereira","twitter_card":"summary_large_image","twitter_misc":{"Escrito por":"Luiza Pereira","Est. tempo de leitura":"8 minutos"},"schema":{"@context":"https:\/\/schema.org","@graph":[{"@type":["Article","BlogPosting"],"@id":"https:\/\/www.pensarcursos.com.br\/blog\/inss-de-abril-veja-quem-recebe-o-pagamento-do-13o-salario-nesta-semana-e-o-valor-maximo-que-cada-um-pode-receber\/#article","isPartOf":{"@id":"https:\/\/www.pensarcursos.com.br\/blog\/inss-de-abril-veja-quem-recebe-o-pagamento-do-13o-salario-nesta-semana-e-o-valor-maximo-que-cada-um-pode-receber\/"},"author":{"name":"Luiza Pereira","@id":"https:\/\/www.pensarcursos.com.br\/blog\/#\/schema\/person\/b94ff84c7271a3cb9a5ce19e07b0ed5f"},"headline":"INSS de abril: veja quem recebe o pagamento do 13\u00ba sal\u00e1rio nesta semana e o valor m\u00e1ximo que cada um pode receber","datePublished":"2026-04-27T12:29:22+00:00","mainEntityOfPage":{"@id":"https:\/\/www.pensarcursos.com.br\/blog\/inss-de-abril-veja-quem-recebe-o-pagamento-do-13o-salario-nesta-semana-e-o-valor-maximo-que-cada-um-pode-receber\/"},"wordCount":1402,"commentCount":0,"publisher":{"@id":"https:\/\/www.pensarcursos.com.br\/blog\/#organization"},"image":{"@id":"https:\/\/www.pensarcursos.com.br\/blog\/inss-de-abril-veja-quem-recebe-o-pagamento-do-13o-salario-nesta-semana-e-o-valor-maximo-que-cada-um-pode-receber\/#primaryimage"},"thumbnailUrl":"https:\/\/www.pensarcursos.com.br\/blog\/wp-content\/uploads\/2026\/04\/adicional-de-50-por-cento-13-inss-3.webp","keywords":["13\u00ba sal\u00e1rio INSS","calend\u00e1rio inss 2026","pagamento INSS abril","primeira parcela 13\u00ba","valor 13\u00ba sal\u00e1rio"],"articleSection":["Direitos do Trabalhador"],"inLanguage":"pt-BR","potentialAction":[{"@type":"CommentAction","name":"Comment","target":["https:\/\/www.pensarcursos.com.br\/blog\/inss-de-abril-veja-quem-recebe-o-pagamento-do-13o-salario-nesta-semana-e-o-valor-maximo-que-cada-um-pode-receber\/#respond"]}],"copyrightYear":"2026","copyrightHolder":{"@id":"https:\/\/www.pensarcursos.com.br\/blog\/#organization"}},{"@type":"WebPage","@id":"https:\/\/www.pensarcursos.com.br\/blog\/inss-de-abril-veja-quem-recebe-o-pagamento-do-13o-salario-nesta-semana-e-o-valor-maximo-que-cada-um-pode-receber\/","url":"https:\/\/www.pensarcursos.com.br\/blog\/inss-de-abril-veja-quem-recebe-o-pagamento-do-13o-salario-nesta-semana-e-o-valor-maximo-que-cada-um-pode-receber\/","name":"INSS de abril: veja quem recebe o pagamento do 13\u00ba sal\u00e1rio nesta semana e o valor m\u00e1ximo que cada um pode receber - Blog Pensar Cursos","isPartOf":{"@id":"https:\/\/www.pensarcursos.com.br\/blog\/#website"},"primaryImageOfPage":{"@id":"https:\/\/www.pensarcursos.com.br\/blog\/inss-de-abril-veja-quem-recebe-o-pagamento-do-13o-salario-nesta-semana-e-o-valor-maximo-que-cada-um-pode-receber\/#primaryimage"},"image":{"@id":"https:\/\/www.pensarcursos.com.br\/blog\/inss-de-abril-veja-quem-recebe-o-pagamento-do-13o-salario-nesta-semana-e-o-valor-maximo-que-cada-um-pode-receber\/#primaryimage"},"thumbnailUrl":"https:\/\/www.pensarcursos.com.br\/blog\/wp-content\/uploads\/2026\/04\/adicional-de-50-por-cento-13-inss-3.webp","datePublished":"2026-04-27T12:29:22+00:00","description":"INSS libera antecipa\u00e7\u00e3o do 13\u00ba sal\u00e1rio em abril para aposentados e pensionistas. Veja as datas, valores e como consultar. Confira agora!","breadcrumb":{"@id":"https:\/\/www.pensarcursos.com.br\/blog\/inss-de-abril-veja-quem-recebe-o-pagamento-do-13o-salario-nesta-semana-e-o-valor-maximo-que-cada-um-pode-receber\/#breadcrumb"},"inLanguage":"pt-BR","potentialAction":[{"@type":"ReadAction","target":["https:\/\/www.pensarcursos.com.br\/blog\/inss-de-abril-veja-quem-recebe-o-pagamento-do-13o-salario-nesta-semana-e-o-valor-maximo-que-cada-um-pode-receber\/"]}]},{"@type":"ImageObject","inLanguage":"pt-BR","@id":"https:\/\/www.pensarcursos.com.br\/blog\/inss-de-abril-veja-quem-recebe-o-pagamento-do-13o-salario-nesta-semana-e-o-valor-maximo-que-cada-um-pode-receber\/#primaryimage","url":"https:\/\/www.pensarcursos.com.br\/blog\/wp-content\/uploads\/2026\/04\/adicional-de-50-por-cento-13-inss-3.webp","contentUrl":"https:\/\/www.pensarcursos.com.br\/blog\/wp-content\/uploads\/2026\/04\/adicional-de-50-por-cento-13-inss-3.webp","width":1200,"height":800,"caption":"Aposentados podem receber at\u00e9 R$ 2.431,50 nesta semana com o pagamento do INSS. Entenda como esse valor \u00e9 calculado. Imagem: Blog Pensar Cursos"},{"@type":"BreadcrumbList","@id":"https:\/\/www.pensarcursos.com.br\/blog\/inss-de-abril-veja-quem-recebe-o-pagamento-do-13o-salario-nesta-semana-e-o-valor-maximo-que-cada-um-pode-receber\/#breadcrumb","itemListElement":[{"@type":"ListItem","position":1,"name":"Home","item":"https:\/\/www.pensarcursos.com.br\/blog\/"},{"@type":"ListItem","position":2,"name":"INSS de abril: veja quem recebe o pagamento do 13\u00ba sal\u00e1rio nesta semana e o valor m\u00e1ximo que cada um pode receber"}]},{"@type":"WebSite","@id":"https:\/\/www.pensarcursos.com.br\/blog\/#website","url":"https:\/\/www.pensarcursos.com.br\/blog\/","name":"Blog Pensar Cursos","description":"Maior Site de Cursos do Brasil","publisher":{"@id":"https:\/\/www.pensarcursos.com.br\/blog\/#organization"},"alternateName":"Blog Pensar","potentialAction":[{"@type":"SearchAction","target":{"@type":"EntryPoint","urlTemplate":"https:\/\/www.pensarcursos.com.br\/blog\/?s={search_term_string}"},"query-input":{"@type":"PropertyValueSpecification","valueRequired":true,"valueName":"search_term_string"}}],"inLanguage":"pt-BR"},{"@type":"Organization","@id":"https:\/\/www.pensarcursos.com.br\/blog\/#organization","name":"Pensar Cursos","alternateName":"Blog pensar","url":"https:\/\/www.pensarcursos.com.br\/blog\/","logo":{"@type":"ImageObject","inLanguage":"pt-BR","@id":"https:\/\/www.pensarcursos.com.br\/blog\/#\/schema\/logo\/image\/","url":"https:\/\/www.pensarcursos.com.br\/blog\/wp-content\/uploads\/2023\/11\/Nova-Logo-Pensar-Cursos-vertical.png","contentUrl":"https:\/\/www.pensarcursos.com.br\/blog\/wp-content\/uploads\/2023\/11\/Nova-Logo-Pensar-Cursos-vertical.png","width":1393,"height":1001,"caption":"Pensar Cursos"},"image":{"@id":"https:\/\/www.pensarcursos.com.br\/blog\/#\/schema\/logo\/image\/"},"sameAs":["https:\/\/www.facebook.com\/pensarcursos\/","https:\/\/instagram.com.br\/pensarcursos"],"description":"Pensar Cursos \u00e9 uma empresa especializada em oferecer cursos de alta qualidade voltados para o desenvolvimento profissional e acad\u00eamico. Com uma ampla gama de op\u00e7\u00f5es de treinamento, oferecemos conte\u00fados atualizados, ministrados por especialistas da \u00e1rea, para capacitar indiv\u00edduos e equipes a atingirem seus objetivos. Nossa miss\u00e3o \u00e9 proporcionar uma educa\u00e7\u00e3o transformadora, acess\u00edvel e personalizada para cada aluno, seja em cursos presenciais ou online. Com uma abordagem inovadora, buscamos adaptar os nossos programas de ensino \u00e0s necessidades do mercado, criando solu\u00e7\u00f5es que atendem aos desafios e exig\u00eancias do mundo corporativo e acad\u00eamico. Nossos cursos incluem desde forma\u00e7\u00f5es t\u00e9cnicas at\u00e9 habilidades essenciais, como lideran\u00e7a, gest\u00e3o e desenvolvimento pessoal.","email":"contato@pensarcursos.com.br","legalName":"Sena Servi\u00e7os de Informa\u00e7\u00e3o Online LTDA","foundingDate":"2013-04-18","vatID":"17956217000172","numberOfEmployees":{"@type":"QuantitativeValue","minValue":"11","maxValue":"50"},"publishingPrinciples":"https:\/\/www.pensarcursos.com.br\/blog\/principios-de-publicacao\/","ownershipFundingInfo":"https:\/\/www.pensarcursos.com.br\/blog\/informacoes-de-propriedade-financiamento\/","actionableFeedbackPolicy":"https:\/\/www.pensarcursos.com.br\/blog\/politica-de-feedback-acionavel\/","correctionsPolicy":"https:\/\/www.pensarcursos.com.br\/blog\/politica-de-correcoes\/","ethicsPolicy":"https:\/\/www.pensarcursos.com.br\/blog\/politica-de-etica\/"},{"@type":"Person","@id":"https:\/\/www.pensarcursos.com.br\/blog\/#\/schema\/person\/b94ff84c7271a3cb9a5ce19e07b0ed5f","name":"Luiza Pereira","image":{"@type":"ImageObject","inLanguage":"pt-BR","@id":"https:\/\/secure.gravatar.com\/avatar\/51a9cea3f558699054e6c6d962a79771188542d9b4d73e9f96d8c0586bc5f11d?s=96&d=mm&r=g","url":"https:\/\/secure.gravatar.com\/avatar\/51a9cea3f558699054e6c6d962a79771188542d9b4d73e9f96d8c0586bc5f11d?s=96&d=mm&r=g","contentUrl":"https:\/\/secure.gravatar.com\/avatar\/51a9cea3f558699054e6c6d962a79771188542d9b4d73e9f96d8c0586bc5f11d?s=96&d=mm&r=g","caption":"Luiza Pereira"},"description":"Graduanda em Pedagogia pela Universidade Estadual do Sudoeste da Bahia (UESB). Redatora do grupo Sena Online.","sameAs":["https:\/\/www.instagram.com\/luizza_pereiraa?igsh=MmltMGh0bHUzbnR0"],"url":"https:\/\/www.pensarcursos.com.br\/blog\/author\/luiza\/"}]}},"_links":{"self":[{"href":"https:\/\/www.pensarcursos.com.br\/blog\/wp-json\/wp\/v2\/posts\/157986","targetHints":{"allow":["GET"]}}],"collection":[{"href":"https:\/\/www.pensarcursos.com.br\/blog\/wp-json\/wp\/v2\/posts"}],"about":[{"href":"https:\/\/www.pensarcursos.com.br\/blog\/wp-json\/wp\/v2\/types\/post"}],"author":[{"embeddable":true,"href":"https:\/\/www.pensarcursos.com.br\/blog\/wp-json\/wp\/v2\/users\/60"}],"replies":[{"embeddable":true,"href":"https:\/\/www.pensarcursos.com.br\/blog\/wp-json\/wp\/v2\/comments?post=157986"}],"version-history":[{"count":1,"href":"https:\/\/www.pensarcursos.com.br\/blog\/wp-json\/wp\/v2\/posts\/157986\/revisions"}],"predecessor-version":[{"id":157992,"href":"https:\/\/www.pensarcursos.com.br\/blog\/wp-json\/wp\/v2\/posts\/157986\/revisions\/157992"}],"wp:featuredmedia":[{"embeddable":true,"href":"https:\/\/www.pensarcursos.com.br\/blog\/wp-json\/wp\/v2\/media\/157988"}],"wp:attachment":[{"href":"https:\/\/www.pensarcursos.com.br\/blog\/wp-json\/wp\/v2\/media?parent=157986"}],"wp:term":[{"taxonomy":"category","embeddable":true,"href":"https:\/\/www.pensarcursos.com.br\/blog\/wp-json\/wp\/v2\/categories?post=157986"},{"taxonomy":"post_tag","embeddable":true,"href":"https:\/\/www.pensarcursos.com.br\/blog\/wp-json\/wp\/v2\/tags?post=157986"}],"curies":[{"name":"wp","href":"https:\/\/api.w.org\/{rel}","templated":true}]}}