{"id":157979,"date":"2026-04-26T21:27:22","date_gmt":"2026-04-27T00:27:22","guid":{"rendered":"https:\/\/www.pensarcursos.com.br\/blog\/?p=157979"},"modified":"2026-04-26T20:28:47","modified_gmt":"2026-04-26T23:28:47","slug":"alunos-do-pe-de-meia-ja-podem-checar-a-frequencia-escolar-e-evitar-perder-o-beneficio","status":"publish","type":"post","link":"https:\/\/www.pensarcursos.com.br\/blog\/alunos-do-pe-de-meia-ja-podem-checar-a-frequencia-escolar-e-evitar-perder-o-beneficio\/","title":{"rendered":"Alunos do P\u00e9-de-Meia j\u00e1 podem checar a frequ\u00eancia escolar e evitar perder o benef\u00edcio"},"content":{"rendered":"<p>J\u00e1 pensou perder um benef\u00edcio importante por falta de aten\u00e7\u00e3o \u00e0 frequ\u00eancia escolar? Com a atualiza\u00e7\u00e3o de abril de 2026, estudantes do<a href=\"https:\/\/www.pensarcursos.com.br\/blog\/pe-de-meia-de-abril-descubra-quem-vai-receber-na-proxima-semana-e-o-valor\/\" target=\"_blank\" rel=\"noopener\"> P\u00e9-de-Meia<\/a> podem, pela primeira vez, checar online se mantiveram a presen\u00e7a m\u00ednima exigida e garantir o pagamento do incentivo.<\/p>\n<p>N\u00e3o deixe para descobrir no \u00faltimo momento: agora, a informa\u00e7\u00e3o est\u00e1 a poucos cliques e pode facilitar o acesso ao benef\u00edcio.<\/p>\n<p>O programa <strong>P\u00e9-de-Meia<\/strong> segue como um dos principais instrumentos de inclus\u00e3o e perman\u00eancia escolar para jovens brasileiros em situa\u00e7\u00e3o de vulnerabilidade. Desde 24 de abril, todos os alunos inclu\u00eddos j\u00e1 t\u00eam acesso ao hist\u00f3rico de frequ\u00eancia de fevereiro, podendo saber previamente se suas presen\u00e7as foram suficientes para assegurar a pr\u00f3xima parcela.<\/p>\n<h2>Como consultar a frequ\u00eancia do P\u00e9-de-Meia e por que isso importa?<\/h2>\n<p>Cumprir a frequ\u00eancia m\u00ednima de 80% tornou-se um passo indispens\u00e1vel para continuar recebendo o benef\u00edcio do P\u00e9-de-Meia.<\/p>\n<p>Agora os alunos conseguem conferir, em uma p\u00e1gina exclusiva do programa, se est\u00e3o dentro dos crit\u00e9rios, facilitando ajustes de comportamento antes que a perda do incentivo aconte\u00e7a.<\/p>\n<p>No mesmo endere\u00e7o, o estudante pode checar se mant\u00e9m os requisitos para 2026, como inscri\u00e7\u00e3o ativa no Cadastro \u00danico (Cad\u00danico) e regularidade do CPF.<\/p>\n<h2>Calend\u00e1rio de pagamentos: datas e regras do pr\u00f3ximo dep\u00f3sito<\/h2>\n<p>A pr\u00f3xima parcela do P\u00e9-de-Meia ser\u00e1 depositada entre os dias<strong> 27 de abril e 4 de maio de 2026<\/strong>, diretamente em conta aberta automaticamente na Caixa Econ\u00f4mica Federal.<\/p>\n<p>O pagamento obedece ao m\u00eas de nascimento do estudante, sendo essencial acompanhar o <a href=\"https:\/\/www.gov.br\/mec\/pt-br\/pe-de-meia\/calendario-pagamentos\" target=\"_blank\" rel=\"noopener\">calend\u00e1rio oficial<\/a> para n\u00e3o deixar nenhuma etapa passar despercebida.<\/p>\n<p>Quem n\u00e3o atingir 80% de frequ\u00eancia escolar no m\u00eas anterior ter\u00e1 o dep\u00f3sito da parcela bloqueado.<\/p>\n<h2>Principais crit\u00e9rios para participar do P\u00e9-de-Meia em 2026<\/h2>\n<ul>\n<li>Ter entre 14 a 24 anos no ensino m\u00e9dio regular ou de 19 a 24 na EJA<\/li>\n<li>Estar matriculado na rede p\u00fablica de ensino<\/li>\n<li>Ser integrante de fam\u00edlia inscrita no Cad\u00danico, com renda mensal de at\u00e9 meio sal\u00e1rio m\u00ednimo por pessoa<\/li>\n<li>Cadastro de Pessoa F\u00edsica (CPF) regularizado<\/li>\n<li>Manter ao menos 80% de frequ\u00eancia nas atividades escolares<\/li>\n<\/ul>\n<p>A an\u00e1lise para 2026 ser\u00e1 feita considerando o banco de dados do Cad\u00danico at\u00e9 7 de agosto do pr\u00f3ximo ano. Qualquer diverg\u00eancia deve ser resolvida o quanto antes para evitar exclus\u00f5es indevidas.<\/p>\n<figure id=\"attachment_157981\" aria-describedby=\"caption-attachment-157981\" style=\"width: 1200px\" class=\"wp-caption aligncenter\"><img decoding=\"async\" class=\"wp-image-157981 size-full\" src=\"https:\/\/www.pensarcursos.com.br\/blog\/wp-content\/uploads\/2026\/04\/criterios-pe-de-meia.webp\" alt=\"Jovem estudante sorridente com mochila ao lado da identidade visual do P\u00e9-de-Meia 2026, representando os crit\u00e9rios para ingresso no programa.\" width=\"1200\" height=\"800\" srcset=\"https:\/\/www.pensarcursos.com.br\/blog\/wp-content\/uploads\/2026\/04\/criterios-pe-de-meia.webp 1200w, https:\/\/www.pensarcursos.com.br\/blog\/wp-content\/uploads\/2026\/04\/criterios-pe-de-meia-300x200.webp 300w, https:\/\/www.pensarcursos.com.br\/blog\/wp-content\/uploads\/2026\/04\/criterios-pe-de-meia-1024x683.webp 1024w, https:\/\/www.pensarcursos.com.br\/blog\/wp-content\/uploads\/2026\/04\/criterios-pe-de-meia-768x512.webp 768w, https:\/\/www.pensarcursos.com.br\/blog\/wp-content\/uploads\/2026\/04\/criterios-pe-de-meia-750x500.webp 750w, https:\/\/www.pensarcursos.com.br\/blog\/wp-content\/uploads\/2026\/04\/criterios-pe-de-meia-1140x760.webp 1140w\" sizes=\"(max-width: 1200px) 100vw, 1200px\" \/><figcaption id=\"caption-attachment-157981\" class=\"wp-caption-text\">O P\u00e9-de-Meia 2026 atende estudantes do ensino m\u00e9dio p\u00fablico inscritos no Cad\u00danico que cumprirem os requisitos de matr\u00edcula e frequ\u00eancia. Imagem: Blog Pensar Cursos<\/figcaption><\/figure>\n<h2>Como acessar, acompanhar e resolver pend\u00eancias no programa<\/h2>\n<p>Os estudantes contam com suporte ampliado em diversos canais do Minist\u00e9rio da Educa\u00e7\u00e3o, incluindo:<\/p>\n<ul>\n<li>Consulta detalhada no painel do programa <a href=\"https:\/\/estudante.pedemeia.mec.gov.br\/\" target=\"_blank\" rel=\"noopener\">P\u00e9-de-Meia<\/a><\/li>\n<li>D\u00favidas frequentes resolvidas na p\u00e1gina de <a href=\"https:\/\/www.gov.br\/mec\/pt-br\/acesso-a-informacao\/perguntas-frequentes\/pe-de-meia\" target=\"_blank\" rel=\"noopener\">Perguntas Frequentes<\/a><\/li>\n<li>Orienta\u00e7\u00f5es sobre contas, calend\u00e1rios e documenta\u00e7\u00e3o em canais oficiais do MEC<\/li>\n<\/ul>\n<p>Toda movimenta\u00e7\u00e3o da poupan\u00e7a, datas de pagamento e condi\u00e7\u00f5es de saque s\u00e3o amplamente detalhadas para garantir autonomia ao estudante.<\/p>\n<h2>B\u00f4nus e valores: conhe\u00e7a os incentivos do P\u00e9-de-Meia em 2026<\/h2>\n<p>No ensino m\u00e9dio regular, o estudante recebe tr\u00eas tipos de incentivo:<\/p>\n<ul>\n<li><strong>Incentivo de matr\u00edcula:<\/strong> R$ 200 pagos no in\u00edcio de cada ano letivo, ao comprovar matr\u00edcula na rede p\u00fablica;<\/li>\n<li><strong>Incentivo de frequ\u00eancia:<\/strong> R$ 200 mensais (ao longo de at\u00e9 9 meses do ano), liberados para saque imediato quando o aluno mant\u00e9m ao menos 80% de presen\u00e7a;<\/li>\n<li><strong>Incentivo de conclus\u00e3o:<\/strong> R$ 1.000 ao final de cada ano letivo, retidos em poupan\u00e7a e liberados somente ap\u00f3s a formatura;<\/li>\n<\/ul>\n<p>Al\u00e9m disso, o estudante que comparecer aos dois dias de prova do Enem recebe R$ 200 adicionais como b\u00f4nus.<\/p>\n<h2>Dicas pr\u00e1ticas para manter o benef\u00edcio e crescer na escola<\/h2>\n<ul>\n<li>Confira mensalmente sua frequ\u00eancia no portal do<a href=\"https:\/\/www.pensarcursos.com.br\/blog\/pe-de-meia-veja-o-passo-a-passo-para-liberar-a-conta-do-estudante-menor-de-idade-no-caixa-tem\/\" target=\"_blank\" rel=\"noopener\"> P\u00e9-de-Meia<\/a><\/li>\n<li>Mantenha atualizados os dados no Cad\u00danico e junto \u00e0 escola<\/li>\n<li>Fique atento ao calend\u00e1rio de pagamentos para antecipar situa\u00e7\u00f5es inesperadas<\/li>\n<li>Busque informa\u00e7\u00f5es sempre pelos canais oficiais: aplicativo Jornada do Estudante ou o portal P\u00e9-de-Meia (gov.br).<\/li>\n<li>Aposte no di\u00e1logo com a equipe escolar para tirar d\u00favidas sobre presen\u00e7as e registros<\/li>\n<\/ul>\n<h2>P\u00e9-de-Meia: um caminho para a inclus\u00e3o e o futuro<\/h2>\n<p>Ao disponibilizar a consulta da frequ\u00eancia escolar, o programa permite que os estudantes acompanhem diretamente sua situa\u00e7\u00e3o e identifiquem, com anteced\u00eancia, eventuais inconsist\u00eancias nos registros.<\/p>\n<p>Esse acompanhamento cont\u00ednuo possibilita ao aluno verificar regularmente seus dados e tomar provid\u00eancias quando necess\u00e1rio, conforme as regras de elegibilidade do benef\u00edcio.<\/p>\n<p>Para conferir mais sobre o P\u00e9-de-Meia, acesse a p\u00e1gina inicial do <a href=\"https:\/\/www.pensarcursos.com.br\/blog\/\" target=\"_blank\" rel=\"noopener\"><strong>Blog Pensar Cursos<\/strong><\/a> e tamb\u00e9m confira o v\u00eddeo abaixo:<\/p>\n<div class=\"jeg_video_container jeg_video_content\"><iframe title=\"Quando cai o P\u00e9-de-Meia em abril de 2026? Veja o calend\u00e1rio completo\" width=\"500\" height=\"281\" src=\"https:\/\/www.youtube.com\/embed\/YBqJdnD5YzM?feature=oembed\" frameborder=\"0\" allow=\"accelerometer; autoplay; clipboard-write; encrypted-media; gyroscope; picture-in-picture; web-share\" referrerpolicy=\"strict-origin-when-cross-origin\" allowfullscreen><\/iframe><\/div>\n","protected":false},"excerpt":{"rendered":"<p>J\u00e1 pensou perder um benef\u00edcio importante por falta de aten\u00e7\u00e3o \u00e0 frequ\u00eancia escolar? Com a atualiza\u00e7\u00e3o de abril de 2026, estudantes do P\u00e9-de-Meia podem, pela primeira vez, checar online se mantiveram a presen\u00e7a m\u00ednima exigida e garantir o pagamento do incentivo. N\u00e3o deixe para descobrir no \u00faltimo momento: agora, a informa\u00e7\u00e3o est\u00e1 a poucos cliques [&hellip;]<\/p>\n","protected":false},"author":41,"featured_media":157982,"comment_status":"open","ping_status":"closed","sticky":false,"template":"","format":"standard","meta":{"jnews-multi-image_gallery":[],"jnews_single_post":{"format":"standard","override":[{"template":"1","parallax":"1","fullscreen":"1","layout":"right-sidebar","sidebar":"default-sidebar","second_sidebar":"default-sidebar","sticky_sidebar":"1","share_position":"topbottom","share_float_style":"share-monocrhome","show_featured":"1","show_post_meta":"1","show_post_author":"1","show_post_author_image":"1","show_post_date":"1","post_date_format":"default","post_date_format_custom":"Y\/m\/d","show_post_category":"1","post_reading_time_wpm":"300","post_calculate_word_method":"str_word_count","show_zoom_button":"0","zoom_button_out_step":"2","zoom_button_in_step":"3","show_post_tag":"1","show_prev_next_post":"1","show_popup_post":"1","show_comment_section":"1","number_popup_post":"2","show_author_box":"1","show_post_related":"1","show_inline_post_related":"1"}],"image_override":[{"single_post_thumbnail_size":"crop-500","single_post_gallery_size":"crop-500"}],"trending_post_position":"meta","trending_post_label":"Trending","sponsored_post_label":"Sponsored by","disable_ad":"0","subtitle":"Veja como a nova consulta de frequ\u00eancia do P\u00e9-de-Meia pode garantir seu benef\u00edcio"},"jnews_primary_category":[],"jnews_social_meta":[],"jnews_override_counter":{"view_counter_number":"0","share_counter_number":"0","like_counter_number":"0","dislike_counter_number":"0"},"footnotes":""},"categories":[1657,17201],"tags":[12980,32621,41836],"class_list":["post-157979","post","type-post","status-publish","format-standard","has-post-thumbnail","hentry","category-beneficios-sociais","category-pe-de-meia","tag-consulta-pe-de-meia","tag-frequencia-pe-de-meia","tag-quem-recebe-pe-de-meia-abril"],"yoast_head":"<!-- This site is optimized with the Yoast SEO Premium plugin v27.4 (Yoast SEO v27.4) - https:\/\/yoast.com\/product\/yoast-seo-premium-wordpress\/ -->\n<title>Alunos do P\u00e9-de-Meia j\u00e1 podem checar a frequ\u00eancia escolar e evitar perder o benef\u00edcio - Blog Pensar Cursos<\/title>\n<meta name=\"description\" content=\"Estudantes do P\u00e9-de-Meia j\u00e1 podem consultar online a frequ\u00eancia escolar e evitar a suspens\u00e3o do benef\u00edcio. Veja como acompanhar e manter o incentivo.\" \/>\n<meta name=\"robots\" content=\"index, follow, max-snippet:-1, max-image-preview:large, max-video-preview:-1\" \/>\n<link rel=\"canonical\" href=\"https:\/\/www.pensarcursos.com.br\/blog\/alunos-do-pe-de-meia-ja-podem-checar-a-frequencia-escolar-e-evitar-perder-o-beneficio\/\" \/>\n<meta property=\"og:locale\" content=\"pt_BR\" \/>\n<meta property=\"og:type\" content=\"article\" \/>\n<meta property=\"og:title\" content=\"Alunos do P\u00e9-de-Meia j\u00e1 podem checar a frequ\u00eancia escolar e evitar perder o benef\u00edcio\" \/>\n<meta property=\"og:description\" content=\"Estudantes do P\u00e9-de-Meia j\u00e1 podem consultar online a frequ\u00eancia escolar e evitar a suspens\u00e3o do benef\u00edcio. Veja como acompanhar e manter o incentivo.\" \/>\n<meta property=\"og:url\" content=\"https:\/\/www.pensarcursos.com.br\/blog\/alunos-do-pe-de-meia-ja-podem-checar-a-frequencia-escolar-e-evitar-perder-o-beneficio\/\" \/>\n<meta property=\"og:site_name\" content=\"Blog Pensar Cursos\" \/>\n<meta property=\"article:publisher\" content=\"https:\/\/www.facebook.com\/pensarcursos\/\" \/>\n<meta property=\"article:published_time\" content=\"2026-04-27T00:27:22+00:00\" \/>\n<meta property=\"og:image\" content=\"https:\/\/www.pensarcursos.com.br\/blog\/wp-content\/uploads\/2026\/04\/consulta-pe-de-meia-2.webp\" \/>\n\t<meta property=\"og:image:width\" content=\"1200\" \/>\n\t<meta property=\"og:image:height\" content=\"800\" \/>\n\t<meta property=\"og:image:type\" content=\"image\/webp\" \/>\n<meta name=\"author\" content=\"F\u00e1tima Azevedo\" \/>\n<meta name=\"twitter:card\" content=\"summary_large_image\" \/>\n<meta name=\"twitter:label1\" content=\"Escrito por\" \/>\n\t<meta name=\"twitter:data1\" content=\"F\u00e1tima Azevedo\" \/>\n\t<meta name=\"twitter:label2\" content=\"Est. tempo de leitura\" \/>\n\t<meta name=\"twitter:data2\" content=\"5 minutos\" \/>\n<!-- \/ Yoast SEO Premium plugin. -->","yoast_head_json":{"title":"Alunos do P\u00e9-de-Meia j\u00e1 podem checar a frequ\u00eancia escolar e evitar perder o benef\u00edcio - Blog Pensar Cursos","description":"Estudantes do P\u00e9-de-Meia j\u00e1 podem consultar online a frequ\u00eancia escolar e evitar a suspens\u00e3o do benef\u00edcio. Veja como acompanhar e manter o incentivo.","robots":{"index":"index","follow":"follow","max-snippet":"max-snippet:-1","max-image-preview":"max-image-preview:large","max-video-preview":"max-video-preview:-1"},"canonical":"https:\/\/www.pensarcursos.com.br\/blog\/alunos-do-pe-de-meia-ja-podem-checar-a-frequencia-escolar-e-evitar-perder-o-beneficio\/","og_locale":"pt_BR","og_type":"article","og_title":"Alunos do P\u00e9-de-Meia j\u00e1 podem checar a frequ\u00eancia escolar e evitar perder o benef\u00edcio","og_description":"Estudantes do P\u00e9-de-Meia j\u00e1 podem consultar online a frequ\u00eancia escolar e evitar a suspens\u00e3o do benef\u00edcio. Veja como acompanhar e manter o incentivo.","og_url":"https:\/\/www.pensarcursos.com.br\/blog\/alunos-do-pe-de-meia-ja-podem-checar-a-frequencia-escolar-e-evitar-perder-o-beneficio\/","og_site_name":"Blog Pensar Cursos","article_publisher":"https:\/\/www.facebook.com\/pensarcursos\/","article_published_time":"2026-04-27T00:27:22+00:00","og_image":[{"width":1200,"height":800,"url":"https:\/\/www.pensarcursos.com.br\/blog\/wp-content\/uploads\/2026\/04\/consulta-pe-de-meia-2.webp","type":"image\/webp"}],"author":"F\u00e1tima Azevedo","twitter_card":"summary_large_image","twitter_misc":{"Escrito por":"F\u00e1tima Azevedo","Est. tempo de leitura":"5 minutos"},"schema":{"@context":"https:\/\/schema.org","@graph":[{"@type":["Article","BlogPosting"],"@id":"https:\/\/www.pensarcursos.com.br\/blog\/alunos-do-pe-de-meia-ja-podem-checar-a-frequencia-escolar-e-evitar-perder-o-beneficio\/#article","isPartOf":{"@id":"https:\/\/www.pensarcursos.com.br\/blog\/alunos-do-pe-de-meia-ja-podem-checar-a-frequencia-escolar-e-evitar-perder-o-beneficio\/"},"author":{"name":"F\u00e1tima Azevedo","@id":"https:\/\/www.pensarcursos.com.br\/blog\/#\/schema\/person\/827343e4611913410dcf62144b5b2a2d"},"headline":"Alunos do P\u00e9-de-Meia j\u00e1 podem checar a frequ\u00eancia escolar e evitar perder o benef\u00edcio","datePublished":"2026-04-27T00:27:22+00:00","mainEntityOfPage":{"@id":"https:\/\/www.pensarcursos.com.br\/blog\/alunos-do-pe-de-meia-ja-podem-checar-a-frequencia-escolar-e-evitar-perder-o-beneficio\/"},"wordCount":836,"commentCount":0,"publisher":{"@id":"https:\/\/www.pensarcursos.com.br\/blog\/#organization"},"image":{"@id":"https:\/\/www.pensarcursos.com.br\/blog\/alunos-do-pe-de-meia-ja-podem-checar-a-frequencia-escolar-e-evitar-perder-o-beneficio\/#primaryimage"},"thumbnailUrl":"https:\/\/www.pensarcursos.com.br\/blog\/wp-content\/uploads\/2026\/04\/consulta-pe-de-meia-2.webp","keywords":["consulta p\u00e9-de-meia","frequ\u00eancia p\u00e9 de meia","quem recebe p\u00e9 de meia abril"],"articleSection":["Benef\u00edcios Sociais","P\u00e9-de-Meia"],"inLanguage":"pt-BR","potentialAction":[{"@type":"CommentAction","name":"Comment","target":["https:\/\/www.pensarcursos.com.br\/blog\/alunos-do-pe-de-meia-ja-podem-checar-a-frequencia-escolar-e-evitar-perder-o-beneficio\/#respond"]}],"copyrightYear":"2026","copyrightHolder":{"@id":"https:\/\/www.pensarcursos.com.br\/blog\/#organization"}},{"@type":"WebPage","@id":"https:\/\/www.pensarcursos.com.br\/blog\/alunos-do-pe-de-meia-ja-podem-checar-a-frequencia-escolar-e-evitar-perder-o-beneficio\/","url":"https:\/\/www.pensarcursos.com.br\/blog\/alunos-do-pe-de-meia-ja-podem-checar-a-frequencia-escolar-e-evitar-perder-o-beneficio\/","name":"Alunos do P\u00e9-de-Meia j\u00e1 podem checar a frequ\u00eancia escolar e evitar perder o benef\u00edcio - Blog Pensar Cursos","isPartOf":{"@id":"https:\/\/www.pensarcursos.com.br\/blog\/#website"},"primaryImageOfPage":{"@id":"https:\/\/www.pensarcursos.com.br\/blog\/alunos-do-pe-de-meia-ja-podem-checar-a-frequencia-escolar-e-evitar-perder-o-beneficio\/#primaryimage"},"image":{"@id":"https:\/\/www.pensarcursos.com.br\/blog\/alunos-do-pe-de-meia-ja-podem-checar-a-frequencia-escolar-e-evitar-perder-o-beneficio\/#primaryimage"},"thumbnailUrl":"https:\/\/www.pensarcursos.com.br\/blog\/wp-content\/uploads\/2026\/04\/consulta-pe-de-meia-2.webp","datePublished":"2026-04-27T00:27:22+00:00","description":"Estudantes do P\u00e9-de-Meia j\u00e1 podem consultar online a frequ\u00eancia escolar e evitar a suspens\u00e3o do benef\u00edcio. Veja como acompanhar e manter o incentivo.","breadcrumb":{"@id":"https:\/\/www.pensarcursos.com.br\/blog\/alunos-do-pe-de-meia-ja-podem-checar-a-frequencia-escolar-e-evitar-perder-o-beneficio\/#breadcrumb"},"inLanguage":"pt-BR","potentialAction":[{"@type":"ReadAction","target":["https:\/\/www.pensarcursos.com.br\/blog\/alunos-do-pe-de-meia-ja-podem-checar-a-frequencia-escolar-e-evitar-perder-o-beneficio\/"]}]},{"@type":"ImageObject","inLanguage":"pt-BR","@id":"https:\/\/www.pensarcursos.com.br\/blog\/alunos-do-pe-de-meia-ja-podem-checar-a-frequencia-escolar-e-evitar-perder-o-beneficio\/#primaryimage","url":"https:\/\/www.pensarcursos.com.br\/blog\/wp-content\/uploads\/2026\/04\/consulta-pe-de-meia-2.webp","contentUrl":"https:\/\/www.pensarcursos.com.br\/blog\/wp-content\/uploads\/2026\/04\/consulta-pe-de-meia-2.webp","width":1200,"height":800,"caption":"Alunos do P\u00e9-de-Meia j\u00e1 podem checar a frequ\u00eancia escolar e evitar perder o benef\u00edcio; veja como acompanhar. Imagem: Blog Pensar Cursos"},{"@type":"BreadcrumbList","@id":"https:\/\/www.pensarcursos.com.br\/blog\/alunos-do-pe-de-meia-ja-podem-checar-a-frequencia-escolar-e-evitar-perder-o-beneficio\/#breadcrumb","itemListElement":[{"@type":"ListItem","position":1,"name":"Home","item":"https:\/\/www.pensarcursos.com.br\/blog\/"},{"@type":"ListItem","position":2,"name":"Alunos do P\u00e9-de-Meia j\u00e1 podem checar a frequ\u00eancia escolar e evitar perder o benef\u00edcio"}]},{"@type":"WebSite","@id":"https:\/\/www.pensarcursos.com.br\/blog\/#website","url":"https:\/\/www.pensarcursos.com.br\/blog\/","name":"Blog Pensar Cursos","description":"Maior Site de Cursos do Brasil","publisher":{"@id":"https:\/\/www.pensarcursos.com.br\/blog\/#organization"},"alternateName":"Blog Pensar","potentialAction":[{"@type":"SearchAction","target":{"@type":"EntryPoint","urlTemplate":"https:\/\/www.pensarcursos.com.br\/blog\/?s={search_term_string}"},"query-input":{"@type":"PropertyValueSpecification","valueRequired":true,"valueName":"search_term_string"}}],"inLanguage":"pt-BR"},{"@type":"Organization","@id":"https:\/\/www.pensarcursos.com.br\/blog\/#organization","name":"Pensar Cursos","alternateName":"Blog pensar","url":"https:\/\/www.pensarcursos.com.br\/blog\/","logo":{"@type":"ImageObject","inLanguage":"pt-BR","@id":"https:\/\/www.pensarcursos.com.br\/blog\/#\/schema\/logo\/image\/","url":"https:\/\/www.pensarcursos.com.br\/blog\/wp-content\/uploads\/2023\/11\/Nova-Logo-Pensar-Cursos-vertical.png","contentUrl":"https:\/\/www.pensarcursos.com.br\/blog\/wp-content\/uploads\/2023\/11\/Nova-Logo-Pensar-Cursos-vertical.png","width":1393,"height":1001,"caption":"Pensar Cursos"},"image":{"@id":"https:\/\/www.pensarcursos.com.br\/blog\/#\/schema\/logo\/image\/"},"sameAs":["https:\/\/www.facebook.com\/pensarcursos\/","https:\/\/instagram.com.br\/pensarcursos"],"description":"Pensar Cursos \u00e9 uma empresa especializada em oferecer cursos de alta qualidade voltados para o desenvolvimento profissional e acad\u00eamico. Com uma ampla gama de op\u00e7\u00f5es de treinamento, oferecemos conte\u00fados atualizados, ministrados por especialistas da \u00e1rea, para capacitar indiv\u00edduos e equipes a atingirem seus objetivos. Nossa miss\u00e3o \u00e9 proporcionar uma educa\u00e7\u00e3o transformadora, acess\u00edvel e personalizada para cada aluno, seja em cursos presenciais ou online. Com uma abordagem inovadora, buscamos adaptar os nossos programas de ensino \u00e0s necessidades do mercado, criando solu\u00e7\u00f5es que atendem aos desafios e exig\u00eancias do mundo corporativo e acad\u00eamico. Nossos cursos incluem desde forma\u00e7\u00f5es t\u00e9cnicas at\u00e9 habilidades essenciais, como lideran\u00e7a, gest\u00e3o e desenvolvimento pessoal.","email":"contato@pensarcursos.com.br","legalName":"Sena Servi\u00e7os de Informa\u00e7\u00e3o Online LTDA","foundingDate":"2013-04-18","vatID":"17956217000172","numberOfEmployees":{"@type":"QuantitativeValue","minValue":"11","maxValue":"50"},"publishingPrinciples":"https:\/\/www.pensarcursos.com.br\/blog\/principios-de-publicacao\/","ownershipFundingInfo":"https:\/\/www.pensarcursos.com.br\/blog\/informacoes-de-propriedade-financiamento\/","actionableFeedbackPolicy":"https:\/\/www.pensarcursos.com.br\/blog\/politica-de-feedback-acionavel\/","correctionsPolicy":"https:\/\/www.pensarcursos.com.br\/blog\/politica-de-correcoes\/","ethicsPolicy":"https:\/\/www.pensarcursos.com.br\/blog\/politica-de-etica\/"},{"@type":"Person","@id":"https:\/\/www.pensarcursos.com.br\/blog\/#\/schema\/person\/827343e4611913410dcf62144b5b2a2d","name":"F\u00e1tima Azevedo","image":{"@type":"ImageObject","inLanguage":"pt-BR","@id":"https:\/\/secure.gravatar.com\/avatar\/ea820c84e212573cc3f119ba576278fe7ad07b69ed7ca0c33223662227bb77ca?s=96&d=mm&r=g","url":"https:\/\/secure.gravatar.com\/avatar\/ea820c84e212573cc3f119ba576278fe7ad07b69ed7ca0c33223662227bb77ca?s=96&d=mm&r=g","contentUrl":"https:\/\/secure.gravatar.com\/avatar\/ea820c84e212573cc3f119ba576278fe7ad07b69ed7ca0c33223662227bb77ca?s=96&d=mm&r=g","caption":"F\u00e1tima Azevedo"},"description":"Graduada em Ci\u00eancias Biol\u00f3gicas. Professora. Redatora grupo Sena Online.","sameAs":["https:\/\/www.linkedin.com\/in\/maria-de-f\u00e1tima-oliveira-da-costa-74a1692a7"],"url":"https:\/\/www.pensarcursos.com.br\/blog\/author\/fatima\/"}]}},"_links":{"self":[{"href":"https:\/\/www.pensarcursos.com.br\/blog\/wp-json\/wp\/v2\/posts\/157979","targetHints":{"allow":["GET"]}}],"collection":[{"href":"https:\/\/www.pensarcursos.com.br\/blog\/wp-json\/wp\/v2\/posts"}],"about":[{"href":"https:\/\/www.pensarcursos.com.br\/blog\/wp-json\/wp\/v2\/types\/post"}],"author":[{"embeddable":true,"href":"https:\/\/www.pensarcursos.com.br\/blog\/wp-json\/wp\/v2\/users\/41"}],"replies":[{"embeddable":true,"href":"https:\/\/www.pensarcursos.com.br\/blog\/wp-json\/wp\/v2\/comments?post=157979"}],"version-history":[{"count":2,"href":"https:\/\/www.pensarcursos.com.br\/blog\/wp-json\/wp\/v2\/posts\/157979\/revisions"}],"predecessor-version":[{"id":157984,"href":"https:\/\/www.pensarcursos.com.br\/blog\/wp-json\/wp\/v2\/posts\/157979\/revisions\/157984"}],"wp:featuredmedia":[{"embeddable":true,"href":"https:\/\/www.pensarcursos.com.br\/blog\/wp-json\/wp\/v2\/media\/157982"}],"wp:attachment":[{"href":"https:\/\/www.pensarcursos.com.br\/blog\/wp-json\/wp\/v2\/media?parent=157979"}],"wp:term":[{"taxonomy":"category","embeddable":true,"href":"https:\/\/www.pensarcursos.com.br\/blog\/wp-json\/wp\/v2\/categories?post=157979"},{"taxonomy":"post_tag","embeddable":true,"href":"https:\/\/www.pensarcursos.com.br\/blog\/wp-json\/wp\/v2\/tags?post=157979"}],"curies":[{"name":"wp","href":"https:\/\/api.w.org\/{rel}","templated":true}]}}