{"id":157962,"date":"2026-04-27T08:29:19","date_gmt":"2026-04-27T11:29:19","guid":{"rendered":"https:\/\/www.pensarcursos.com.br\/blog\/?p=157962"},"modified":"2026-04-25T20:35:16","modified_gmt":"2026-04-25T23:35:16","slug":"inss-pe-de-meia-ressarcimento-pis-pasep-e-bolsa-familia-veja-os-pagamentos-que-serao-liberados-de-27-a-30-de-abril","status":"publish","type":"post","link":"https:\/\/www.pensarcursos.com.br\/blog\/inss-pe-de-meia-ressarcimento-pis-pasep-e-bolsa-familia-veja-os-pagamentos-que-serao-liberados-de-27-a-30-de-abril\/","title":{"rendered":"INSS, P\u00e9-de-Meia, ressarcimento PIS\/Pasep e Bolsa Fam\u00edlia: veja os pagamentos que ser\u00e3o liberados de 27 a 30 de abril"},"content":{"rendered":"<p>A \u00faltima semana de abril chega com uma s\u00e9rie de pagamentos de benef\u00edcios para milh\u00f5es de brasileiros. O <strong>INSS, Bolsa Fam\u00edlia, P\u00e9-de-Meia e o ressarcimento de cotas do PIS\/Pasep<\/strong> ter\u00e3o dep\u00f3sitos programados para este per\u00edodo. Se voc\u00ea \u00e9 benefici\u00e1rio de algum desses programas, \u00e9 fundamental ficar atento aos calend\u00e1rios para n\u00e3o perder nenhuma data.<\/p>\n<p>Os pagamentos s\u00e3o escalonados de acordo com crit\u00e9rios espec\u00edficos, como o n\u00famero final do benef\u00edcio, o \u00faltimo d\u00edgito do NIS ou o m\u00eas de nascimento do benefici\u00e1rio. Essa organiza\u00e7\u00e3o visa evitar aglomera\u00e7\u00f5es e garantir um fluxo de pagamento mais eficiente.<\/p>\n<p>A seguir, confira quem recebe e quando, entre esta segunda-feira (27) at\u00e9 o dia 30 de abril, para que voc\u00ea possa se programar. Confira!<\/p>\n<h2>Pagamentos do INSS: calend\u00e1rio de abril + 1\u00aa parcela do 13\u00ba<\/h2>\n<p>Aposentados, pensionistas e demais segurados do Instituto Nacional do Seguro Social (INSS) seguem recebendo os pagamentos referentes ao m\u00eas de abril. Al\u00e9m do benef\u00edcio mensal, est\u00e1 sendo depositada a primeira parcela do <a href=\"https:\/\/www.pensarcursos.com.br\/blog\/ate-r-81050-a-mais-cartao-final-2-do-inss-recebe-13o-salario-na-segunda-feira-27\/\">13\u00ba sal\u00e1rio<\/a>, uma antecipa\u00e7\u00e3o que trar\u00e1 bilh\u00f5es de reais para a economia.<\/p>\n<p>Os benefici\u00e1rios que recebem nesta segunda-feira (27) at\u00e9 quinta-feira (30 de abril) s\u00e3o aqueles com o n\u00famero final do benef\u00edcio <strong>2, 3, 4 e 5<\/strong>.<\/p>\n<p>Veja as datas:<\/p>\n<p><strong>Para quem ganha at\u00e9 um sal\u00e1rio m\u00ednimo:<\/strong><\/p>\n<ul>\n<li>Final 1: 24\/4 (Pago)<\/li>\n<li><strong>Final 2: 27\/4<\/strong><\/li>\n<li><strong>Final 3: 28\/4<\/strong><\/li>\n<li><strong>Final 4: 29\/4<\/strong><\/li>\n<li><strong>Final 5: 30\/4<\/strong><\/li>\n<li>Final 6: 4\/5<\/li>\n<li>Final 7: 5\/5<\/li>\n<li>Final 8: 6\/5<\/li>\n<li>Final 9: 7\/5<\/li>\n<li>Final 0: 8\/5<\/li>\n<\/ul>\n<p>Para os benefici\u00e1rios que recebem acima de um sal\u00e1rio m\u00ednimo, os pagamentos come\u00e7am no dia 4 de maio. Confira as datas:<\/p>\n<ul class=\"content-unordered-list\" data-mrf-recirculation=\"Mat\u00e9ria - Leia Tamb\u00e9m (Lista)\">\n<li>Finais 1 e 6: 4\/5<\/li>\n<li>Finais 2 e 7: 5\/5<\/li>\n<li>Finais 3 e 8: 6\/5<\/li>\n<li>Finais 4 e 9: 7\/5<\/li>\n<li>Finais 5 e 0: 8\/5<\/li>\n<\/ul>\n<p>\u00c9 importante lembrar que t\u00eam direito \u00e0 antecipa\u00e7\u00e3o do 13\u00ba sal\u00e1rio aqueles que, ao longo de 2026, receberam benef\u00edcios como aposentadoria, pens\u00e3o por morte, sal\u00e1rio-maternidade, aux\u00edlio por incapacidade tempor\u00e1ria, aux\u00edlio-acidente ou aux\u00edlio-reclus\u00e3o.<\/p>\n<p>Ficam de fora os benefici\u00e1rios do Benef\u00edcio de Presta\u00e7\u00e3o Continuada (BPC) e da Renda Mensal Vital\u00edcia. A consulta aos valores e ao extrato de pagamento pode ser feita pelo <a href=\"https:\/\/meu.inss.gov.br\/\" target=\"_blank\" rel=\"noopener\">site<\/a> ou <a href=\"https:\/\/www.gov.br\/pt-br\/apps\/meu-inss-central-de-servicos\" target=\"_blank\" rel=\"noopener\">aplicativo<\/a> <strong>Meu INSS<\/strong>.<\/p>\n<figure id=\"attachment_157969\" aria-describedby=\"caption-attachment-157969\" style=\"width: 1200px\" class=\"wp-caption aligncenter\"><img decoding=\"async\" class=\"size-full wp-image-157969\" src=\"https:\/\/www.pensarcursos.com.br\/blog\/wp-content\/uploads\/2026\/04\/beneficios-2.webp\" alt=\"Pessoa segurando c\u00e9dulas de 50 reais, representando os pagamentos dos benef\u00edcios que ser\u00e3o liberados de 27 a 30 de abril de 2026.\" width=\"1200\" height=\"800\" srcset=\"https:\/\/www.pensarcursos.com.br\/blog\/wp-content\/uploads\/2026\/04\/beneficios-2.webp 1200w, https:\/\/www.pensarcursos.com.br\/blog\/wp-content\/uploads\/2026\/04\/beneficios-2-300x200.webp 300w, https:\/\/www.pensarcursos.com.br\/blog\/wp-content\/uploads\/2026\/04\/beneficios-2-1024x683.webp 1024w, https:\/\/www.pensarcursos.com.br\/blog\/wp-content\/uploads\/2026\/04\/beneficios-2-768x512.webp 768w, https:\/\/www.pensarcursos.com.br\/blog\/wp-content\/uploads\/2026\/04\/beneficios-2-750x500.webp 750w, https:\/\/www.pensarcursos.com.br\/blog\/wp-content\/uploads\/2026\/04\/beneficios-2-1140x760.webp 1140w\" sizes=\"(max-width: 1200px) 100vw, 1200px\" \/><figcaption id=\"caption-attachment-157969\" class=\"wp-caption-text\">Verifique os calend\u00e1rios completos e n\u00e3o perca os dep\u00f3sitos desta semana.<br \/>Imagem: Blog Pensar Cursos<\/figcaption><\/figure>\n<h2>Bolsa Fam\u00edlia: quem recebe na \u00faltima semana de abril?<\/h2>\n<p>O calend\u00e1rio de pagamentos do <a href=\"https:\/\/www.pensarcursos.com.br\/blog\/bolsa-familia-2026-veja-como-inscritos-no-cadunico-podem-receber-r-1-100-em-abril\/\">Bolsa Fam\u00edlia<\/a> para o m\u00eas de abril est\u00e1 chegando \u00e0 sua reta final. Os dep\u00f3sitos, feitos pela Caixa Econ\u00f4mica Federal, seguem a ordem do \u00faltimo d\u00edgito do N\u00famero de Identifica\u00e7\u00e3o Social (NIS) do respons\u00e1vel familiar. At\u00e9 o dia 30 de abril, os \u00faltimos quatro grupos de benefici\u00e1rios receber\u00e3o os valores.<\/p>\n<p>O cronograma para esta semana \u00e9 o seguinte:<\/p>\n<ul>\n<li><strong>NIS com final 7:<\/strong> 27 de abril (pagamentos realizados hoje)<\/li>\n<li><strong>NIS com final 8:<\/strong> 28 de abril<\/li>\n<li><strong>NIS com final 9:<\/strong> 29 de abril<\/li>\n<li><strong>NIS com final 0:<\/strong> 30 de abril<\/li>\n<\/ul>\n<p>Para fazer parte do programa, a fam\u00edlia precisa estar inscrita no Cadastro \u00danico (Cad\u00danico), com os dados corretos e atualizados. A inscri\u00e7\u00e3o \u00e9 realizada nos Centros de Refer\u00eancia de Assist\u00eancia Social (CRAS) dos munic\u00edpios.<\/p>\n<p>Contudo, a inclus\u00e3o no Cad\u00danico \u00e9 um pr\u00e9-requisito, mas n\u00e3o garante a entrada imediata no Bolsa Fam\u00edlia. O acesso aos valores \u00e9 simplificado pelo aplicativo\u00a0<a href=\"https:\/\/www.caixa.gov.br\/caixatem\/Paginas\/default.aspx\" target=\"_blank\" rel=\"noopener\">Caixa Tem<\/a>, que permite a movimenta\u00e7\u00e3o do dinheiro, pagamentos e compras sem a necessidade de ir a uma ag\u00eancia banc\u00e1ria.<\/p>\n<h2>Programa P\u00e9-de-Meia: dep\u00f3sito do Incentivo-Frequ\u00eancia<\/h2>\n<p>Os estudantes do ensino m\u00e9dio da rede p\u00fablica, participantes do programa <a href=\"https:\/\/www.pensarcursos.com.br\/blog\/quais-sao-os-alunos-que-vao-receber-os-r-1-000-do-pe-de-meia-a-partir-da-proxima-segunda-feira-27\/\">P\u00e9-de-Meia<\/a>, come\u00e7am a receber a parcela do Incentivo-Frequ\u00eancia. O pagamento \u00e9 destinado aos alunos que atingiram o requisito de, no m\u00ednimo, 80% de presen\u00e7a nas aulas. Os estudantes j\u00e1 podem consultar seu hist\u00f3rico de frequ\u00eancia para verificar se est\u00e3o aptos a receber no <a href=\"https:\/\/estudante.pedemeia.mec.gov.br\/\" target=\"_blank\" rel=\"noopener\">portal de consulta do P\u00e9-de-Meia<\/a>.<\/p>\n<p>O pagamento ser\u00e1 realizado de forma escalonada, conforme o m\u00eas de nascimento do estudante, em contas digitais abertas automaticamente pela Caixa Econ\u00f4mica Federal. As datas para esta semana s\u00e3o:<\/p>\n<ul>\n<li><strong>Nascidos em janeiro e fevereiro:<\/strong>\u00a027 de abril<\/li>\n<li><strong>Nascidos em mar\u00e7o e abril:<\/strong>\u00a028 de abril<\/li>\n<li><strong>Nascidos em maio e junho:<\/strong>\u00a029 de abril<\/li>\n<li><strong>Nascidos em julho e agosto:<\/strong>\u00a030 de abril<\/li>\n<li><strong>Nascidos em setembro e outubro:<\/strong>\u00a030 de abril<\/li>\n<\/ul>\n<p>Os estudantes nascidos em novembro e dezembro receber\u00e3o em 4 de maio.<\/p>\n<p>Para ser eleg\u00edvel ao P\u00e9-de-Meia, o estudante precisa ter entre 14 e 24 anos, pertencer a uma fam\u00edlia inscrita no Cad\u00danico, possuir CPF regular e manter a frequ\u00eancia escolar m\u00ednima exigida. Todas as informa\u00e7\u00f5es e orienta\u00e7\u00f5es detalhadas podem ser encontradas na p\u00e1gina do programa no portal do\u00a0<a href=\"https:\/\/www.gov.br\/mec\/pt-br\/pe-de-meia\" target=\"_blank\" rel=\"noopener\">Minist\u00e9rio da Educa\u00e7\u00e3o (MEC).<\/a><\/p>\n<h2>Ressarcimento PIS\/Pasep: pagamento para solicita\u00e7\u00f5es de mar\u00e7o<\/h2>\n<p>Trabalhadores que atuaram com carteira assinada ou como servidores p\u00fablicos entre 1971 e 1988 e que ainda n\u00e3o sacaram os saldos das antigas cotas do PIS\/PASEP podem solicitar o ressarcimento dos valores. Nesta segunda-feira, 27 de abril, o pagamento ser\u00e1 realizado para aqueles que fizeram a solicita\u00e7\u00e3o at\u00e9 o dia 31 de mar\u00e7o.<\/p>\n<p>Veja as datas:<\/p>\n<table class=\"table table-responsive table-striped\">\n<thead>\n<tr>\n<th>Solicita\u00e7\u00f5es realizadas at\u00e9<\/th>\n<th>Recebe em<\/th>\n<\/tr>\n<\/thead>\n<tbody>\n<tr>\n<td>31\/12\/2025<\/td>\n<td>26\/01\/2026 (Realizado)<\/td>\n<\/tr>\n<tr>\n<td>31\/01\/2026<\/td>\n<td>25\/02\/2026 (Realizado)<\/td>\n<\/tr>\n<tr>\n<td>28\/02\/2026<\/td>\n<td>25\/03\/2026 (Realizado)<\/td>\n<\/tr>\n<tr>\n<td><strong>31\/03\/2026<\/strong><\/td>\n<td><strong>27\/04\/2026\u00a0<\/strong><\/td>\n<\/tr>\n<tr>\n<td>30\/04\/2026<\/td>\n<td>25\/05\/2026<\/td>\n<\/tr>\n<tr>\n<td>31\/05\/2026<\/td>\n<td>25\/06\/2026<\/td>\n<\/tr>\n<tr>\n<td>30\/06\/2026<\/td>\n<td>27\/07\/2026<\/td>\n<\/tr>\n<tr>\n<td>31\/07\/2026<\/td>\n<td>25\/08\/2026<\/td>\n<\/tr>\n<tr>\n<td>31\/08\/2026<\/td>\n<td>25\/09\/2026<\/td>\n<\/tr>\n<tr>\n<td>30\/09\/2026<\/td>\n<td>26\/10\/2026<\/td>\n<\/tr>\n<tr>\n<td>31\/10\/2026<\/td>\n<td>25\/11\/2026<\/td>\n<\/tr>\n<tr>\n<td>30\/11\/2026<\/td>\n<td>28\/12\/2026<\/td>\n<\/tr>\n<tr>\n<td>31\/12\/2026<\/td>\n<td>Janeiro 2027<\/td>\n<\/tr>\n<\/tbody>\n<\/table>\n<h3>Quem tem direito e como solicitar?<\/h3>\n<p>O direito ao saque \u00e9 garantido ao titular da conta ou aos seus benefici\u00e1rios legais, em caso de falecimento. A consulta do saldo pode ser realizada de forma simples atrav\u00e9s do <a href=\"http:\/\/www.caixa.gov.br\/atendimento\/aplicativos\/fgts\/Paginas\/default.aspx\" target=\"_blank\" rel=\"noopener\">aplicativo FGTS<\/a> ou em qualquer ag\u00eancia da Caixa. A solicita\u00e7\u00e3o do ressarcimento tamb\u00e9m \u00e9 feita por esses canais.<\/p>\n<p>Para a solicita\u00e7\u00e3o, \u00e9 necess\u00e1rio apresentar um documento oficial de identifica\u00e7\u00e3o. No caso de herdeiros de um titular falecido, s\u00e3o exigidos documentos adicionais, como a certid\u00e3o de dependentes habilitados \u00e0 pens\u00e3o por morte emitida pelo INSS ou uma declara\u00e7\u00e3o judicial.<\/p>\n<p>O pagamento \u00e9 efetuado exclusivamente em uma conta da Caixa, seja ela corrente, poupan\u00e7a ou a Conta Poupan\u00e7a Social Digital, movimentada pelo aplicativo Caixa Tem.<\/p>\n<p>Quer ficar por dentro de mais informa\u00e7\u00f5es? Acesse outros conte\u00fados do <a href=\"https:\/\/www.pensarcursos.com.br\/blog\/\" target=\"_blank\" rel=\"noopener\">Blog Pensar Cursos<\/a>.<\/p>\n<p>Veja mais no v\u00eddeo a seguir:<\/p>\n<div class=\"jeg_video_container jeg_video_content\"><iframe title=\"Benefici\u00e1rio de programa social sem a nova identidade? O prazo mudou em 2026\" width=\"500\" height=\"281\" src=\"https:\/\/www.youtube.com\/embed\/cS1REUlfkg8?feature=oembed\" frameborder=\"0\" allow=\"accelerometer; autoplay; clipboard-write; encrypted-media; gyroscope; picture-in-picture; web-share\" referrerpolicy=\"strict-origin-when-cross-origin\" allowfullscreen><\/iframe><\/div>\n","protected":false},"excerpt":{"rendered":"<p>A \u00faltima semana de abril chega com uma s\u00e9rie de pagamentos de benef\u00edcios para milh\u00f5es de brasileiros. O INSS, Bolsa Fam\u00edlia, P\u00e9-de-Meia e o ressarcimento de cotas do PIS\/Pasep ter\u00e3o dep\u00f3sitos programados para este per\u00edodo. Se voc\u00ea \u00e9 benefici\u00e1rio de algum desses programas, \u00e9 fundamental ficar atento aos calend\u00e1rios para n\u00e3o perder nenhuma data. Os [&hellip;]<\/p>\n","protected":false},"author":54,"featured_media":157968,"comment_status":"open","ping_status":"closed","sticky":false,"template":"","format":"standard","meta":{"jnews-multi-image_gallery":[],"jnews_single_post":{"subtitle":"Fique atento aos calend\u00e1rios e n\u00e3o perca as pr\u00f3ximas datas!","format":"standard","override":[{"template":"1","parallax":"1","fullscreen":"1","layout":"right-sidebar","sidebar":"default-sidebar","second_sidebar":"default-sidebar","sticky_sidebar":"1","share_position":"topbottom","share_float_style":"share-monocrhome","show_featured":"1","show_post_meta":"1","show_post_author":"1","show_post_author_image":"1","show_post_date":"1","post_date_format":"default","post_date_format_custom":"Y\/m\/d","show_post_category":"1","post_reading_time_wpm":"300","post_calculate_word_method":"str_word_count","show_zoom_button":"0","zoom_button_out_step":"2","zoom_button_in_step":"3","show_post_tag":"1","show_prev_next_post":"1","show_popup_post":"1","show_comment_section":"1","number_popup_post":"2","show_author_box":"1","show_post_related":"1","show_inline_post_related":"1"}],"image_override":[{"single_post_thumbnail_size":"crop-500","single_post_gallery_size":"crop-500"}],"trending_post_position":"meta","trending_post_label":"Trending","sponsored_post_label":"Sponsored by","disable_ad":"0"},"jnews_primary_category":[],"jnews_social_meta":[],"jnews_override_counter":{"view_counter_number":"0","share_counter_number":"0","like_counter_number":"0","dislike_counter_number":"0"},"footnotes":""},"categories":[1657,2021,1691,17201],"tags":[40640,41039,27141,37689],"class_list":["post-157962","post","type-post","status-publish","format-standard","has-post-thumbnail","hentry","category-beneficios-sociais","category-bolsa-familia","category-direitos-do-trabalhador","category-pe-de-meia","tag-calendario-bolsa-familia-de-abril","tag-calendario-inss-de-abril","tag-calendario-pe-de-meia-abril","tag-calendario-ressarcimento-pis-pasep-2026"],"yoast_head":"<!-- This site is optimized with the Yoast SEO Premium plugin v27.4 (Yoast SEO v27.4) - https:\/\/yoast.com\/product\/yoast-seo-premium-wordpress\/ -->\n<title>INSS, P\u00e9-de-Meia, ressarcimento PIS\/Pasep e Bolsa Fam\u00edlia: veja os pagamentos que ser\u00e3o liberados de 27 a 30 de abril - Blog Pensar Cursos<\/title>\n<meta name=\"description\" content=\"Fique atento ao calend\u00e1rio de pagamentos do INSS, Bolsa Fam\u00edlia, P\u00e9-de-Meia e o ressarcimento do PIS\/Pasep, de 27 a 30 de abril!\" \/>\n<meta name=\"robots\" content=\"index, follow, max-snippet:-1, max-image-preview:large, max-video-preview:-1\" \/>\n<link rel=\"canonical\" href=\"https:\/\/www.pensarcursos.com.br\/blog\/inss-pe-de-meia-ressarcimento-pis-pasep-e-bolsa-familia-veja-os-pagamentos-que-serao-liberados-de-27-a-30-de-abril\/\" \/>\n<meta property=\"og:locale\" content=\"pt_BR\" \/>\n<meta property=\"og:type\" content=\"article\" \/>\n<meta property=\"og:title\" content=\"INSS, P\u00e9-de-Meia, ressarcimento PIS\/Pasep e Bolsa Fam\u00edlia: veja os pagamentos que ser\u00e3o liberados de 27 a 30 de abril\" \/>\n<meta property=\"og:description\" content=\"Fique atento ao calend\u00e1rio de pagamentos do INSS, Bolsa Fam\u00edlia, P\u00e9-de-Meia e o ressarcimento do PIS\/Pasep, de 27 a 30 de abril!\" \/>\n<meta property=\"og:url\" content=\"https:\/\/www.pensarcursos.com.br\/blog\/inss-pe-de-meia-ressarcimento-pis-pasep-e-bolsa-familia-veja-os-pagamentos-que-serao-liberados-de-27-a-30-de-abril\/\" \/>\n<meta property=\"og:site_name\" content=\"Blog Pensar Cursos\" \/>\n<meta property=\"article:publisher\" content=\"https:\/\/www.facebook.com\/pensarcursos\/\" \/>\n<meta property=\"article:published_time\" content=\"2026-04-27T11:29:19+00:00\" \/>\n<meta property=\"og:image\" content=\"https:\/\/www.pensarcursos.com.br\/blog\/wp-content\/uploads\/2026\/04\/pagamentos-beneficios-de-abril.webp\" \/>\n\t<meta property=\"og:image:width\" content=\"1200\" \/>\n\t<meta property=\"og:image:height\" content=\"800\" \/>\n\t<meta property=\"og:image:type\" content=\"image\/webp\" \/>\n<meta name=\"author\" content=\"Quezia Andrade\" \/>\n<meta name=\"twitter:card\" content=\"summary_large_image\" \/>\n<meta name=\"twitter:label1\" content=\"Escrito por\" \/>\n\t<meta name=\"twitter:data1\" content=\"Quezia Andrade\" \/>\n\t<meta name=\"twitter:label2\" content=\"Est. tempo de leitura\" \/>\n\t<meta name=\"twitter:data2\" content=\"6 minutos\" \/>\n<!-- \/ Yoast SEO Premium plugin. -->","yoast_head_json":{"title":"INSS, P\u00e9-de-Meia, ressarcimento PIS\/Pasep e Bolsa Fam\u00edlia: veja os pagamentos que ser\u00e3o liberados de 27 a 30 de abril - Blog Pensar Cursos","description":"Fique atento ao calend\u00e1rio de pagamentos do INSS, Bolsa Fam\u00edlia, P\u00e9-de-Meia e o ressarcimento do PIS\/Pasep, de 27 a 30 de abril!","robots":{"index":"index","follow":"follow","max-snippet":"max-snippet:-1","max-image-preview":"max-image-preview:large","max-video-preview":"max-video-preview:-1"},"canonical":"https:\/\/www.pensarcursos.com.br\/blog\/inss-pe-de-meia-ressarcimento-pis-pasep-e-bolsa-familia-veja-os-pagamentos-que-serao-liberados-de-27-a-30-de-abril\/","og_locale":"pt_BR","og_type":"article","og_title":"INSS, P\u00e9-de-Meia, ressarcimento PIS\/Pasep e Bolsa Fam\u00edlia: veja os pagamentos que ser\u00e3o liberados de 27 a 30 de abril","og_description":"Fique atento ao calend\u00e1rio de pagamentos do INSS, Bolsa Fam\u00edlia, P\u00e9-de-Meia e o ressarcimento do PIS\/Pasep, de 27 a 30 de abril!","og_url":"https:\/\/www.pensarcursos.com.br\/blog\/inss-pe-de-meia-ressarcimento-pis-pasep-e-bolsa-familia-veja-os-pagamentos-que-serao-liberados-de-27-a-30-de-abril\/","og_site_name":"Blog Pensar Cursos","article_publisher":"https:\/\/www.facebook.com\/pensarcursos\/","article_published_time":"2026-04-27T11:29:19+00:00","og_image":[{"width":1200,"height":800,"url":"https:\/\/www.pensarcursos.com.br\/blog\/wp-content\/uploads\/2026\/04\/pagamentos-beneficios-de-abril.webp","type":"image\/webp"}],"author":"Quezia Andrade","twitter_card":"summary_large_image","twitter_misc":{"Escrito por":"Quezia Andrade","Est. tempo de leitura":"6 minutos"},"schema":{"@context":"https:\/\/schema.org","@graph":[{"@type":["Article","BlogPosting"],"@id":"https:\/\/www.pensarcursos.com.br\/blog\/inss-pe-de-meia-ressarcimento-pis-pasep-e-bolsa-familia-veja-os-pagamentos-que-serao-liberados-de-27-a-30-de-abril\/#article","isPartOf":{"@id":"https:\/\/www.pensarcursos.com.br\/blog\/inss-pe-de-meia-ressarcimento-pis-pasep-e-bolsa-familia-veja-os-pagamentos-que-serao-liberados-de-27-a-30-de-abril\/"},"author":{"name":"Quezia Andrade","@id":"https:\/\/www.pensarcursos.com.br\/blog\/#\/schema\/person\/28714c166fa847c28e0ba3e4d47c1033"},"headline":"INSS, P\u00e9-de-Meia, ressarcimento PIS\/Pasep e Bolsa Fam\u00edlia: veja os pagamentos que ser\u00e3o liberados de 27 a 30 de abril","datePublished":"2026-04-27T11:29:19+00:00","mainEntityOfPage":{"@id":"https:\/\/www.pensarcursos.com.br\/blog\/inss-pe-de-meia-ressarcimento-pis-pasep-e-bolsa-familia-veja-os-pagamentos-que-serao-liberados-de-27-a-30-de-abril\/"},"wordCount":1047,"commentCount":0,"publisher":{"@id":"https:\/\/www.pensarcursos.com.br\/blog\/#organization"},"image":{"@id":"https:\/\/www.pensarcursos.com.br\/blog\/inss-pe-de-meia-ressarcimento-pis-pasep-e-bolsa-familia-veja-os-pagamentos-que-serao-liberados-de-27-a-30-de-abril\/#primaryimage"},"thumbnailUrl":"https:\/\/www.pensarcursos.com.br\/blog\/wp-content\/uploads\/2026\/04\/pagamentos-beneficios-de-abril.webp","keywords":["calend\u00e1rio bolsa fam\u00edlia de abril","calend\u00e1rio inss de abril","calend\u00e1rio p\u00e9 de meia abril","calend\u00e1rio ressarcimento pis pasep 2026"],"articleSection":["Benef\u00edcios Sociais","Bolsa Fam\u00edlia","Direitos do Trabalhador","P\u00e9-de-Meia"],"inLanguage":"pt-BR","potentialAction":[{"@type":"CommentAction","name":"Comment","target":["https:\/\/www.pensarcursos.com.br\/blog\/inss-pe-de-meia-ressarcimento-pis-pasep-e-bolsa-familia-veja-os-pagamentos-que-serao-liberados-de-27-a-30-de-abril\/#respond"]}],"copyrightYear":"2026","copyrightHolder":{"@id":"https:\/\/www.pensarcursos.com.br\/blog\/#organization"}},{"@type":"WebPage","@id":"https:\/\/www.pensarcursos.com.br\/blog\/inss-pe-de-meia-ressarcimento-pis-pasep-e-bolsa-familia-veja-os-pagamentos-que-serao-liberados-de-27-a-30-de-abril\/","url":"https:\/\/www.pensarcursos.com.br\/blog\/inss-pe-de-meia-ressarcimento-pis-pasep-e-bolsa-familia-veja-os-pagamentos-que-serao-liberados-de-27-a-30-de-abril\/","name":"INSS, P\u00e9-de-Meia, ressarcimento PIS\/Pasep e Bolsa Fam\u00edlia: veja os pagamentos que ser\u00e3o liberados de 27 a 30 de abril - Blog Pensar Cursos","isPartOf":{"@id":"https:\/\/www.pensarcursos.com.br\/blog\/#website"},"primaryImageOfPage":{"@id":"https:\/\/www.pensarcursos.com.br\/blog\/inss-pe-de-meia-ressarcimento-pis-pasep-e-bolsa-familia-veja-os-pagamentos-que-serao-liberados-de-27-a-30-de-abril\/#primaryimage"},"image":{"@id":"https:\/\/www.pensarcursos.com.br\/blog\/inss-pe-de-meia-ressarcimento-pis-pasep-e-bolsa-familia-veja-os-pagamentos-que-serao-liberados-de-27-a-30-de-abril\/#primaryimage"},"thumbnailUrl":"https:\/\/www.pensarcursos.com.br\/blog\/wp-content\/uploads\/2026\/04\/pagamentos-beneficios-de-abril.webp","datePublished":"2026-04-27T11:29:19+00:00","description":"Fique atento ao calend\u00e1rio de pagamentos do INSS, Bolsa Fam\u00edlia, P\u00e9-de-Meia e o ressarcimento do PIS\/Pasep, de 27 a 30 de abril!","breadcrumb":{"@id":"https:\/\/www.pensarcursos.com.br\/blog\/inss-pe-de-meia-ressarcimento-pis-pasep-e-bolsa-familia-veja-os-pagamentos-que-serao-liberados-de-27-a-30-de-abril\/#breadcrumb"},"inLanguage":"pt-BR","potentialAction":[{"@type":"ReadAction","target":["https:\/\/www.pensarcursos.com.br\/blog\/inss-pe-de-meia-ressarcimento-pis-pasep-e-bolsa-familia-veja-os-pagamentos-que-serao-liberados-de-27-a-30-de-abril\/"]}]},{"@type":"ImageObject","inLanguage":"pt-BR","@id":"https:\/\/www.pensarcursos.com.br\/blog\/inss-pe-de-meia-ressarcimento-pis-pasep-e-bolsa-familia-veja-os-pagamentos-que-serao-liberados-de-27-a-30-de-abril\/#primaryimage","url":"https:\/\/www.pensarcursos.com.br\/blog\/wp-content\/uploads\/2026\/04\/pagamentos-beneficios-de-abril.webp","contentUrl":"https:\/\/www.pensarcursos.com.br\/blog\/wp-content\/uploads\/2026\/04\/pagamentos-beneficios-de-abril.webp","width":1200,"height":800,"caption":"Confira quem receber\u00e1 os pagamentos entre 27 e 30 de abril. Imagem: Blog Pensar Cursos"},{"@type":"BreadcrumbList","@id":"https:\/\/www.pensarcursos.com.br\/blog\/inss-pe-de-meia-ressarcimento-pis-pasep-e-bolsa-familia-veja-os-pagamentos-que-serao-liberados-de-27-a-30-de-abril\/#breadcrumb","itemListElement":[{"@type":"ListItem","position":1,"name":"Home","item":"https:\/\/www.pensarcursos.com.br\/blog\/"},{"@type":"ListItem","position":2,"name":"INSS, P\u00e9-de-Meia, ressarcimento PIS\/Pasep e Bolsa Fam\u00edlia: veja os pagamentos que ser\u00e3o liberados de 27 a 30 de abril"}]},{"@type":"WebSite","@id":"https:\/\/www.pensarcursos.com.br\/blog\/#website","url":"https:\/\/www.pensarcursos.com.br\/blog\/","name":"Blog Pensar Cursos","description":"Maior Site de Cursos do Brasil","publisher":{"@id":"https:\/\/www.pensarcursos.com.br\/blog\/#organization"},"alternateName":"Blog Pensar","potentialAction":[{"@type":"SearchAction","target":{"@type":"EntryPoint","urlTemplate":"https:\/\/www.pensarcursos.com.br\/blog\/?s={search_term_string}"},"query-input":{"@type":"PropertyValueSpecification","valueRequired":true,"valueName":"search_term_string"}}],"inLanguage":"pt-BR"},{"@type":"Organization","@id":"https:\/\/www.pensarcursos.com.br\/blog\/#organization","name":"Pensar Cursos","alternateName":"Blog pensar","url":"https:\/\/www.pensarcursos.com.br\/blog\/","logo":{"@type":"ImageObject","inLanguage":"pt-BR","@id":"https:\/\/www.pensarcursos.com.br\/blog\/#\/schema\/logo\/image\/","url":"https:\/\/www.pensarcursos.com.br\/blog\/wp-content\/uploads\/2023\/11\/Nova-Logo-Pensar-Cursos-vertical.png","contentUrl":"https:\/\/www.pensarcursos.com.br\/blog\/wp-content\/uploads\/2023\/11\/Nova-Logo-Pensar-Cursos-vertical.png","width":1393,"height":1001,"caption":"Pensar Cursos"},"image":{"@id":"https:\/\/www.pensarcursos.com.br\/blog\/#\/schema\/logo\/image\/"},"sameAs":["https:\/\/www.facebook.com\/pensarcursos\/","https:\/\/instagram.com.br\/pensarcursos"],"description":"Pensar Cursos \u00e9 uma empresa especializada em oferecer cursos de alta qualidade voltados para o desenvolvimento profissional e acad\u00eamico. Com uma ampla gama de op\u00e7\u00f5es de treinamento, oferecemos conte\u00fados atualizados, ministrados por especialistas da \u00e1rea, para capacitar indiv\u00edduos e equipes a atingirem seus objetivos. Nossa miss\u00e3o \u00e9 proporcionar uma educa\u00e7\u00e3o transformadora, acess\u00edvel e personalizada para cada aluno, seja em cursos presenciais ou online. Com uma abordagem inovadora, buscamos adaptar os nossos programas de ensino \u00e0s necessidades do mercado, criando solu\u00e7\u00f5es que atendem aos desafios e exig\u00eancias do mundo corporativo e acad\u00eamico. Nossos cursos incluem desde forma\u00e7\u00f5es t\u00e9cnicas at\u00e9 habilidades essenciais, como lideran\u00e7a, gest\u00e3o e desenvolvimento pessoal.","email":"contato@pensarcursos.com.br","legalName":"Sena Servi\u00e7os de Informa\u00e7\u00e3o Online LTDA","foundingDate":"2013-04-18","vatID":"17956217000172","numberOfEmployees":{"@type":"QuantitativeValue","minValue":"11","maxValue":"50"},"publishingPrinciples":"https:\/\/www.pensarcursos.com.br\/blog\/principios-de-publicacao\/","ownershipFundingInfo":"https:\/\/www.pensarcursos.com.br\/blog\/informacoes-de-propriedade-financiamento\/","actionableFeedbackPolicy":"https:\/\/www.pensarcursos.com.br\/blog\/politica-de-feedback-acionavel\/","correctionsPolicy":"https:\/\/www.pensarcursos.com.br\/blog\/politica-de-correcoes\/","ethicsPolicy":"https:\/\/www.pensarcursos.com.br\/blog\/politica-de-etica\/"},{"@type":"Person","@id":"https:\/\/www.pensarcursos.com.br\/blog\/#\/schema\/person\/28714c166fa847c28e0ba3e4d47c1033","name":"Quezia Andrade","image":{"@type":"ImageObject","inLanguage":"pt-BR","@id":"https:\/\/secure.gravatar.com\/avatar\/ca40343eca0c667f062032144581527936aae03191aca76e9d4c4de5a5c7cd14?s=96&d=mm&r=g","url":"https:\/\/secure.gravatar.com\/avatar\/ca40343eca0c667f062032144581527936aae03191aca76e9d4c4de5a5c7cd14?s=96&d=mm&r=g","contentUrl":"https:\/\/secure.gravatar.com\/avatar\/ca40343eca0c667f062032144581527936aae03191aca76e9d4c4de5a5c7cd14?s=96&d=mm&r=g","caption":"Quezia Andrade"},"description":"Biom\u00e9dica CRBM2 n\u00ba 17394. Redatora do grupo Sena Online.","sameAs":["https:\/\/www.instagram.com\/_quezia_b?igsh=cWF2dDNxbXd6ejF4&utm_source=qr","https:\/\/www.linkedin.com\/in\/quzia-borges-andrade-907778266?utm_source=share&utm_campaign=share_via&utm_content=profile&utm_medium=ios_app"],"url":"https:\/\/www.pensarcursos.com.br\/blog\/author\/quezia\/"}]}},"_links":{"self":[{"href":"https:\/\/www.pensarcursos.com.br\/blog\/wp-json\/wp\/v2\/posts\/157962","targetHints":{"allow":["GET"]}}],"collection":[{"href":"https:\/\/www.pensarcursos.com.br\/blog\/wp-json\/wp\/v2\/posts"}],"about":[{"href":"https:\/\/www.pensarcursos.com.br\/blog\/wp-json\/wp\/v2\/types\/post"}],"author":[{"embeddable":true,"href":"https:\/\/www.pensarcursos.com.br\/blog\/wp-json\/wp\/v2\/users\/54"}],"replies":[{"embeddable":true,"href":"https:\/\/www.pensarcursos.com.br\/blog\/wp-json\/wp\/v2\/comments?post=157962"}],"version-history":[{"count":4,"href":"https:\/\/www.pensarcursos.com.br\/blog\/wp-json\/wp\/v2\/posts\/157962\/revisions"}],"predecessor-version":[{"id":157970,"href":"https:\/\/www.pensarcursos.com.br\/blog\/wp-json\/wp\/v2\/posts\/157962\/revisions\/157970"}],"wp:featuredmedia":[{"embeddable":true,"href":"https:\/\/www.pensarcursos.com.br\/blog\/wp-json\/wp\/v2\/media\/157968"}],"wp:attachment":[{"href":"https:\/\/www.pensarcursos.com.br\/blog\/wp-json\/wp\/v2\/media?parent=157962"}],"wp:term":[{"taxonomy":"category","embeddable":true,"href":"https:\/\/www.pensarcursos.com.br\/blog\/wp-json\/wp\/v2\/categories?post=157962"},{"taxonomy":"post_tag","embeddable":true,"href":"https:\/\/www.pensarcursos.com.br\/blog\/wp-json\/wp\/v2\/tags?post=157962"}],"curies":[{"name":"wp","href":"https:\/\/api.w.org\/{rel}","templated":true}]}}