{"id":157932,"date":"2026-04-26T17:29:14","date_gmt":"2026-04-26T20:29:14","guid":{"rendered":"https:\/\/www.pensarcursos.com.br\/blog\/?p=157932"},"modified":"2026-04-25T12:53:55","modified_gmt":"2026-04-25T15:53:55","slug":"saiu-edital-concurso-com-salarios-iniciais-de-ate-r-144-mil-abre-inscricoes-nesta-segunda-feira-27","status":"publish","type":"post","link":"https:\/\/www.pensarcursos.com.br\/blog\/saiu-edital-concurso-com-salarios-iniciais-de-ate-r-144-mil-abre-inscricoes-nesta-segunda-feira-27\/","title":{"rendered":"SAIU EDITAL! Concurso com sal\u00e1rios iniciais de at\u00e9 R$ 14,4 mil abre inscri\u00e7\u00f5es nesta segunda-feira (27)"},"content":{"rendered":"<p>Voc\u00ea deseja ingressar no setor p\u00fablico recebendo at\u00e9 <strong>R$ 14.423,49 <\/strong>mensais? Se a resposta for sim, a sua oportunidade chegou! A Prefeitura Municipal lan\u00e7ou dois editais para um novo concurso, que abrir\u00e1 as inscri\u00e7\u00f5es nesta segunda-feira, dia 27 de abril.<\/p>\n<p>Quer saber mais detalhes sobre esta sele\u00e7\u00e3o? Confira a seguir as principais informa\u00e7\u00f5es e saiba como garantir a sua participa\u00e7\u00e3o.<\/p>\n<h2>Detalhes sobre a sele\u00e7\u00e3o<\/h2>\n<p>A sele\u00e7\u00e3o ter\u00e1 a organiza\u00e7\u00e3o da Fundatec, \u00f3rg\u00e3o respons\u00e1vel pela execu\u00e7\u00e3o das etapas e aplica\u00e7\u00e3o das provas.<\/p>\n<p>Os editais lan\u00e7ados estabelecem vagas imediatas e forma\u00e7\u00e3o de cadastro reserva (CR), atendendo demanda de cargos de n\u00edveis m\u00e9dio e superior.<\/p>\n<p>O certame visa complementar equipes em diferentes setores municipais, conforme a necessidade identificada na gest\u00e3o p\u00fablica local. As oportunidades abrangem fun\u00e7\u00f5es estrat\u00e9gicas para funcionamento e amplia\u00e7\u00e3o dos servi\u00e7os do munic\u00edpio.<\/p>\n<h2>Cargos, vagas e remunera\u00e7\u00f5es<\/h2>\n<p>Confira na tabela abaixo todos os detalhes sobre os cargos dispon\u00edveis:<\/p>\n<table>\n<thead>\n<tr>\n<th>Cargo<\/th>\n<th>Vagas<\/th>\n<th>Escolaridade<\/th>\n<th>Remunera\u00e7\u00e3o<\/th>\n<\/tr>\n<\/thead>\n<tbody>\n<tr>\n<td>Agente Administrativo<\/td>\n<td>05<\/td>\n<td>M\u00e9dio<\/td>\n<td>R$ 5.291,20<\/td>\n<\/tr>\n<tr>\n<td>Auxiliar Geral de Escola<\/td>\n<td>CR<\/td>\n<td>M\u00e9dio<\/td>\n<td>R$ 3.507,00<\/td>\n<\/tr>\n<tr>\n<td>Motorista<\/td>\n<td>CR<\/td>\n<td>M\u00e9dio<\/td>\n<td>R$ 4.697,99<\/td>\n<\/tr>\n<tr>\n<td>Operador de Videomonitoramento<\/td>\n<td>CR<\/td>\n<td>M\u00e9dio<\/td>\n<td>R$ 4.118,41<\/td>\n<\/tr>\n<tr>\n<td>Agente Fiscal<\/td>\n<td>CR<\/td>\n<td>Superior<\/td>\n<td>R$ 6.713,96<\/td>\n<\/tr>\n<tr>\n<td>Arquiteto e Urbanista<\/td>\n<td>CR<\/td>\n<td>Superior<\/td>\n<td>R$ 11.359,68<\/td>\n<\/tr>\n<tr>\n<td>Assistente Social<\/td>\n<td>CR<\/td>\n<td>Superior<\/td>\n<td>R$ 9.350,48<\/td>\n<\/tr>\n<tr>\n<td>Cirurgi\u00e3o-Dentista<\/td>\n<td>CR<\/td>\n<td>Superior<\/td>\n<td>R$ 11.359,68<\/td>\n<\/tr>\n<tr>\n<td>Enfermeiro<\/td>\n<td>CR<\/td>\n<td>Superior<\/td>\n<td>R$ 9.350,48<\/td>\n<\/tr>\n<tr>\n<td>Engenheiro Civil<\/td>\n<td>CR<\/td>\n<td>Superior<\/td>\n<td>R$ 11.244,87<\/td>\n<\/tr>\n<tr>\n<td>Guarda Municipal<\/td>\n<td>04<\/td>\n<td>Superior<\/td>\n<td>R$ 4.697,99<\/td>\n<\/tr>\n<tr>\n<td>M\u00e9dico (diversas especialidades)<\/td>\n<td>CR<\/td>\n<td>Superior<\/td>\n<td>R$ 14.423,49<\/td>\n<\/tr>\n<\/tbody>\n<\/table>\n<p>Todas as fun\u00e7\u00f5es est\u00e3o sujeitas \u00e0s pol\u00edticas de inclus\u00e3o previstas em lei, incluindo reserva para pessoas com defici\u00eancia (PCD).<\/p>\n<h2>Regime e carga hor\u00e1ria<\/h2>\n<p>As fun\u00e7\u00f5es contemplam jornadas semanais que podem variar conforme o cargo, normalmente entre 20h e 40h, conforme especificado nos editais. O regime jur\u00eddico dos aprovados \u00e9 estatut\u00e1rio.<\/p>\n<h2>Requisitos para participar<\/h2>\n<p>Para participar do concurso da <strong>Prefeitura Municipal de Carlos Barbosa, localizada em Rio Grande do Sul (RS)<\/strong>,\u00e9 necess\u00e1rio:<\/p>\n<ul>\n<li>Comprovar o n\u00edvel de escolaridade m\u00ednimo exigido para o cargo, com documenta\u00e7\u00e3o v\u00e1lida no momento da posse;<\/li>\n<li>Ter registro no conselho de classe, quando aplic\u00e1vel;<\/li>\n<li>Ter nacionalidade brasileira ou equiparada;<\/li>\n<li>Estar em dia com as obriga\u00e7\u00f5es eleitorais;<\/li>\n<li>Estar em dia com as obriga\u00e7\u00f5es militares (se for o caso);<\/li>\n<li>Ter idade m\u00ednima de 18 anos completos na data da posse;<\/li>\n<li>Atender a condi\u00e7\u00f5es espec\u00edficas, como habilita\u00e7\u00e3o para motorista ou aptid\u00e3o f\u00edsica para Guarda Municipal, conforme detalhado nos editais;<\/li>\n<li>Apresentar documentos comprobat\u00f3rios e eventuais laudos exigidos, que ser\u00e3o conferidos na posse e em fases de avalia\u00e7\u00e3o espec\u00edficas, caso seja convocado.<\/li>\n<\/ul>\n<h2>Inscri\u00e7\u00f5es<\/h2>\n<p>As inscri\u00e7\u00f5es ocorrem das 10h do dia <strong>27 de abril<\/strong> at\u00e9 as 17h do dia <strong>26 de maio<\/strong>, por meio do site da\u00a0<a href=\"https:\/\/www.fundatec.org.br\/portal\/concursos\/index_concursos.php?concurso=1049\" target=\"_blank\" rel=\"noopener\">Fundatec<\/a>. \u00c9 necess\u00e1rio preencher formul\u00e1rio eletr\u00f4nico e imprimir o boleto banc\u00e1rio para pagamento.<\/p>\n<p>A taxa \u00e9 de\u00a0<strong>R$ 120,00<\/strong>\u00a0para cargos de n\u00edvel m\u00e9dio e\u00a0<strong>R$ 180,00<\/strong> para n\u00edvel superior, com prazo de quita\u00e7\u00e3o at\u00e9 o dia <strong>27 de maio<\/strong>. O pedido de isen\u00e7\u00e3o da taxa poder\u00e1 ser solicitado entre os dias 27 de abril e 6 de maio pelos candidatos que se enquadrarem nas regras.<\/p>\n<h2>Processo seletivo \u2014 etapas<\/h2>\n<p>A sele\u00e7\u00e3o ser\u00e1 realizada em diversas etapas conforme o cargo. Todos os candidatos passar\u00e3o pela prova te\u00f3rico-objetiva, de car\u00e1ter eliminat\u00f3rio e classificat\u00f3rio, agendada para o dia\u00a0<strong>26 de julho<\/strong>.<\/p>\n<p>Essa prova consiste em quest\u00f5es de m\u00faltipla escolha, com conte\u00fados vari\u00e1veis conforme a fun\u00e7\u00e3o pretendida e detalhamento dispon\u00edvel nos editais.<\/p>\n<p>Candidatos aprovados na primeira fase e que concorrem a cargos de n\u00edvel superior se submeter\u00e3o, ainda, \u00e0 prova de t\u00edtulos. Para a fun\u00e7\u00e3o de Guarda Municipal, haver\u00e1 <a href=\"https:\/\/www.pensarcursos.com.br\/blog\/taf-em-concursos-publicos-7-estrategias-que-os-aprovados-usam-e-voce-deveria-tambem\/\" target=\"_blank\" rel=\"noopener\">Teste de Aptid\u00e3o F\u00edsica (TAF)<\/a> espec\u00edfico. Candidatos a Motorista passam por prova pr\u00e1tica, enquanto todos os aprovados em etapas anteriores realizam avalia\u00e7\u00e3o psicol\u00f3gica, de car\u00e1ter eliminat\u00f3rio.<\/p>\n<p>Todas as fases presenciais ser\u00e3o realizadas em Carlos Barbosa, com data, hor\u00e1rio e local divulgados pela organizadora.<\/p>\n<h2>Conte\u00fado program\u00e1tico<\/h2>\n<figure id=\"attachment_156390\" aria-describedby=\"caption-attachment-156390\" style=\"width: 1200px\" class=\"wp-caption alignnone\"><img decoding=\"async\" class=\"size-full wp-image-156390\" src=\"https:\/\/www.pensarcursos.com.br\/blog\/wp-content\/uploads\/2026\/04\/O-que-estudar-para-a-prova.jpg\" alt=\"Homem estudando em sua casa.\" width=\"1200\" height=\"800\" srcset=\"https:\/\/www.pensarcursos.com.br\/blog\/wp-content\/uploads\/2026\/04\/O-que-estudar-para-a-prova.jpg 1200w, https:\/\/www.pensarcursos.com.br\/blog\/wp-content\/uploads\/2026\/04\/O-que-estudar-para-a-prova-300x200.jpg 300w, https:\/\/www.pensarcursos.com.br\/blog\/wp-content\/uploads\/2026\/04\/O-que-estudar-para-a-prova-1024x683.jpg 1024w, https:\/\/www.pensarcursos.com.br\/blog\/wp-content\/uploads\/2026\/04\/O-que-estudar-para-a-prova-768x512.jpg 768w, https:\/\/www.pensarcursos.com.br\/blog\/wp-content\/uploads\/2026\/04\/O-que-estudar-para-a-prova-750x500.jpg 750w, https:\/\/www.pensarcursos.com.br\/blog\/wp-content\/uploads\/2026\/04\/O-que-estudar-para-a-prova-1140x760.jpg 1140w\" sizes=\"(max-width: 1200px) 100vw, 1200px\" \/><figcaption id=\"caption-attachment-156390\" class=\"wp-caption-text\">Saiba o que voc\u00ea deve esperar da prova objetiva e como se preparar. Imagem: Freepik.<\/figcaption><\/figure>\n<p>O programa das provas abrange conte\u00fados b\u00e1sicos, como L\u00edngua Portuguesa, Racioc\u00ednio L\u00f3gico e Legisla\u00e7\u00e3o Municipal. Para fun\u00e7\u00f5es t\u00e9cnicas, caem ainda conhecimentos espec\u00edficos inerentes ao cargo, como Sa\u00fade P\u00fablica, Direito, Administra\u00e7\u00e3o, Engenharia ou \u00e1reas correlatas.<\/p>\n<p>\u00c9 importante que o candidato confira os editais para analisar os temas obrigat\u00f3rios e priorizar o estudo dos t\u00f3picos mais cobrados para seu cargo alvo. Tabelas e bibliografias indicadas ajudam na prepara\u00e7\u00e3o.<\/p>\n<h2>Validade do concurso<\/h2>\n<p>O concurso de Carlos Barbosa tem validade de\u00a0<strong>2 anos<\/strong>, contados a partir da homologa\u00e7\u00e3o final dos resultados, podendo ser prorrogado por igual per\u00edodo a crit\u00e9rio da administra\u00e7\u00e3o municipal.<\/p>\n<h2>Resumo do concurso<\/h2>\n<table>\n<tbody>\n<tr>\n<th>Status<\/th>\n<td>Editais publicados<\/td>\n<\/tr>\n<tr>\n<th>\u00d3rg\u00e3o<\/th>\n<td>Prefeitura Municipal de Carlos Barbosa (RS)<\/td>\n<\/tr>\n<tr>\n<th>Vagas<\/th>\n<td>9 vagas imediatas + CR<\/td>\n<\/tr>\n<tr>\n<th>Escolaridade<\/th>\n<td>M\u00e9dio e superior<\/td>\n<\/tr>\n<tr>\n<th>Cargos<\/th>\n<td>V\u00e1rias \u00e1reas<\/td>\n<\/tr>\n<tr>\n<th>Sal\u00e1rio<\/th>\n<td>R$ 3.507,00 a R$ 14.423,49<\/td>\n<\/tr>\n<tr>\n<th>Carga Hor\u00e1ria<\/th>\n<td>20h a 40h semanais<\/td>\n<\/tr>\n<tr>\n<th>Inscri\u00e7\u00f5es<\/th>\n<td>27\/04 a 26\/05<\/td>\n<\/tr>\n<tr>\n<th>Taxa<\/th>\n<td>R$ 120,00 (n\u00edvel m\u00e9dio) \/ R$ 180,00 (superior)<\/td>\n<\/tr>\n<tr>\n<th>Edital 1<\/th>\n<td><a href=\"https:\/\/www.pensarcursos.com.br\/blog\/wp-content\/uploads\/2026\/04\/Edital-oficial-do-concurso-de-Carlos-Barbosa-01.pdf\" target=\"_blank\" rel=\"noopener\">Edital oficial do concurso de Carlos Barbosa &#8211; 01<\/a><\/td>\n<\/tr>\n<tr>\n<th>Edital 2<\/th>\n<td><a href=\"https:\/\/www.pensarcursos.com.br\/blog\/wp-content\/uploads\/2026\/04\/Edital-oficial-do-concurso-de-Carlos-Barbosa-02.pdf\" target=\"_blank\" rel=\"noopener\">Edital oficial do concurso de Carlos Barbosa &#8211; 02<\/a><\/td>\n<\/tr>\n<\/tbody>\n<\/table>\n<p>Para n\u00e3o perder nenhuma novidade sobre as sele\u00e7\u00f5es abertas em 2026, continue acessando o <a href=\"https:\/\/www.pensarcursos.com.br\/blog\/\" target=\"_blank\" rel=\"noopener\">Blog Pensar Cursos<\/a>.<\/p>\n<p>Aproveite para assistir ao v\u00eddeo abaixo e saiba por onde come\u00e7ar a estudar:<\/p>\n<div class=\"jeg_video_container jeg_video_content\"><iframe title=\"Saiu o edital do concurso: por onde come\u00e7ar a estudar? 6 passos que voc\u00ea PRECISA seguir\" width=\"500\" height=\"281\" src=\"https:\/\/www.youtube.com\/embed\/FGl66-VUgps?feature=oembed\" frameborder=\"0\" allow=\"accelerometer; autoplay; clipboard-write; encrypted-media; gyroscope; picture-in-picture; web-share\" referrerpolicy=\"strict-origin-when-cross-origin\" allowfullscreen><\/iframe><\/div>\n","protected":false},"excerpt":{"rendered":"<p>Voc\u00ea deseja ingressar no setor p\u00fablico recebendo at\u00e9 R$ 14.423,49 mensais? Se a resposta for sim, a sua oportunidade chegou! A Prefeitura Municipal lan\u00e7ou dois editais para um novo concurso, que abrir\u00e1 as inscri\u00e7\u00f5es nesta segunda-feira, dia 27 de abril. Quer saber mais detalhes sobre esta sele\u00e7\u00e3o? Confira a seguir as principais informa\u00e7\u00f5es e saiba [&hellip;]<\/p>\n","protected":false},"author":63,"featured_media":157755,"comment_status":"open","ping_status":"closed","sticky":false,"template":"","format":"standard","meta":{"jnews-multi-image_gallery":[],"jnews_single_post":{"format":"standard","override":[{"template":"1","parallax":"1","fullscreen":"1","layout":"right-sidebar","sidebar":"default-sidebar","second_sidebar":"default-sidebar","sticky_sidebar":"1","share_position":"topbottom","share_float_style":"share-monocrhome","show_featured":"1","show_post_meta":"1","show_post_author":"1","show_post_author_image":"1","show_post_date":"1","post_date_format":"default","post_date_format_custom":"Y\/m\/d","show_post_category":"1","post_reading_time_wpm":"300","post_calculate_word_method":"str_word_count","show_zoom_button":"0","zoom_button_out_step":"2","zoom_button_in_step":"3","show_post_tag":"1","show_prev_next_post":"1","show_popup_post":"1","show_comment_section":"1","number_popup_post":"2","show_author_box":"1","show_post_related":"1","show_inline_post_related":"1"}],"image_override":[{"single_post_thumbnail_size":"crop-500","single_post_gallery_size":"crop-500"}],"trending_post_position":"meta","trending_post_label":"Trending","sponsored_post_label":"Sponsored by","disable_ad":"0","subtitle":"Saiba todos os detalhes e se inscreva a partir desta segunda-feira"},"jnews_primary_category":[],"jnews_social_meta":[],"jnews_override_counter":{"view_counter_number":"0","share_counter_number":"0","like_counter_number":"0","dislike_counter_number":"0"},"footnotes":""},"categories":[29],"tags":[39877,27815,41825],"class_list":["post-157932","post","type-post","status-publish","format-standard","has-post-thumbnail","hentry","category-concursos","tag-concurso-prefeitura-municipal-2026","tag-concurso-publico-rs","tag-editais-publicados-concurso-rs"],"yoast_head":"<!-- This site is optimized with the Yoast SEO Premium plugin v27.4 (Yoast SEO v27.4) - https:\/\/yoast.com\/product\/yoast-seo-premium-wordpress\/ -->\n<title>SAIU EDITAL! Concurso com sal\u00e1rios iniciais de at\u00e9 R$ 14,4 mil abre inscri\u00e7\u00f5es nesta segunda-feira (27) - Blog Pensar Cursos<\/title>\n<meta name=\"description\" content=\"Prefeitura de Carlos Barbosa abre concurso com sal\u00e1rios at\u00e9 R$ 14,4 mil para n\u00edveis m\u00e9dio e superior. Veja prazos, cargos, etapas e inscri\u00e7\u00e3o. Confira agora!\" \/>\n<meta name=\"robots\" content=\"index, follow, max-snippet:-1, max-image-preview:large, max-video-preview:-1\" \/>\n<link rel=\"canonical\" href=\"https:\/\/www.pensarcursos.com.br\/blog\/saiu-edital-concurso-com-salarios-iniciais-de-ate-r-144-mil-abre-inscricoes-nesta-segunda-feira-27\/\" \/>\n<meta property=\"og:locale\" content=\"pt_BR\" \/>\n<meta property=\"og:type\" content=\"article\" \/>\n<meta property=\"og:title\" content=\"SAIU EDITAL! Concurso com sal\u00e1rios iniciais de at\u00e9 R$ 14,4 mil abre inscri\u00e7\u00f5es nesta segunda-feira (27)\" \/>\n<meta property=\"og:description\" content=\"Prefeitura de Carlos Barbosa abre concurso com sal\u00e1rios at\u00e9 R$ 14,4 mil para n\u00edveis m\u00e9dio e superior. Veja prazos, cargos, etapas e inscri\u00e7\u00e3o. Confira agora!\" \/>\n<meta property=\"og:url\" content=\"https:\/\/www.pensarcursos.com.br\/blog\/saiu-edital-concurso-com-salarios-iniciais-de-ate-r-144-mil-abre-inscricoes-nesta-segunda-feira-27\/\" \/>\n<meta property=\"og:site_name\" content=\"Blog Pensar Cursos\" \/>\n<meta property=\"article:publisher\" content=\"https:\/\/www.facebook.com\/pensarcursos\/\" \/>\n<meta property=\"article:published_time\" content=\"2026-04-26T20:29:14+00:00\" \/>\n<meta property=\"og:image\" content=\"https:\/\/www.pensarcursos.com.br\/blog\/wp-content\/uploads\/2026\/04\/Novo-concurso-publico-de-2026.webp\" \/>\n\t<meta property=\"og:image:width\" content=\"1200\" \/>\n\t<meta property=\"og:image:height\" content=\"800\" \/>\n\t<meta property=\"og:image:type\" content=\"image\/webp\" \/>\n<meta name=\"author\" content=\"Lorena Santos\" \/>\n<meta name=\"twitter:card\" content=\"summary_large_image\" \/>\n<meta name=\"twitter:label1\" content=\"Escrito por\" \/>\n\t<meta name=\"twitter:data1\" content=\"Lorena Santos\" \/>\n\t<meta name=\"twitter:label2\" content=\"Est. tempo de leitura\" \/>\n\t<meta name=\"twitter:data2\" content=\"5 minutos\" \/>\n<!-- \/ Yoast SEO Premium plugin. -->","yoast_head_json":{"title":"SAIU EDITAL! Concurso com sal\u00e1rios iniciais de at\u00e9 R$ 14,4 mil abre inscri\u00e7\u00f5es nesta segunda-feira (27) - Blog Pensar Cursos","description":"Prefeitura de Carlos Barbosa abre concurso com sal\u00e1rios at\u00e9 R$ 14,4 mil para n\u00edveis m\u00e9dio e superior. Veja prazos, cargos, etapas e inscri\u00e7\u00e3o. Confira agora!","robots":{"index":"index","follow":"follow","max-snippet":"max-snippet:-1","max-image-preview":"max-image-preview:large","max-video-preview":"max-video-preview:-1"},"canonical":"https:\/\/www.pensarcursos.com.br\/blog\/saiu-edital-concurso-com-salarios-iniciais-de-ate-r-144-mil-abre-inscricoes-nesta-segunda-feira-27\/","og_locale":"pt_BR","og_type":"article","og_title":"SAIU EDITAL! Concurso com sal\u00e1rios iniciais de at\u00e9 R$ 14,4 mil abre inscri\u00e7\u00f5es nesta segunda-feira (27)","og_description":"Prefeitura de Carlos Barbosa abre concurso com sal\u00e1rios at\u00e9 R$ 14,4 mil para n\u00edveis m\u00e9dio e superior. Veja prazos, cargos, etapas e inscri\u00e7\u00e3o. Confira agora!","og_url":"https:\/\/www.pensarcursos.com.br\/blog\/saiu-edital-concurso-com-salarios-iniciais-de-ate-r-144-mil-abre-inscricoes-nesta-segunda-feira-27\/","og_site_name":"Blog Pensar Cursos","article_publisher":"https:\/\/www.facebook.com\/pensarcursos\/","article_published_time":"2026-04-26T20:29:14+00:00","og_image":[{"width":1200,"height":800,"url":"https:\/\/www.pensarcursos.com.br\/blog\/wp-content\/uploads\/2026\/04\/Novo-concurso-publico-de-2026.webp","type":"image\/webp"}],"author":"Lorena Santos","twitter_card":"summary_large_image","twitter_misc":{"Escrito por":"Lorena Santos","Est. tempo de leitura":"5 minutos"},"schema":{"@context":"https:\/\/schema.org","@graph":[{"@type":["Article","BlogPosting"],"@id":"https:\/\/www.pensarcursos.com.br\/blog\/saiu-edital-concurso-com-salarios-iniciais-de-ate-r-144-mil-abre-inscricoes-nesta-segunda-feira-27\/#article","isPartOf":{"@id":"https:\/\/www.pensarcursos.com.br\/blog\/saiu-edital-concurso-com-salarios-iniciais-de-ate-r-144-mil-abre-inscricoes-nesta-segunda-feira-27\/"},"author":{"name":"Lorena Santos","@id":"https:\/\/www.pensarcursos.com.br\/blog\/#\/schema\/person\/6d14404537fc6409c2563a04b6a33afa"},"headline":"SAIU EDITAL! Concurso com sal\u00e1rios iniciais de at\u00e9 R$ 14,4 mil abre inscri\u00e7\u00f5es nesta segunda-feira (27)","datePublished":"2026-04-26T20:29:14+00:00","mainEntityOfPage":{"@id":"https:\/\/www.pensarcursos.com.br\/blog\/saiu-edital-concurso-com-salarios-iniciais-de-ate-r-144-mil-abre-inscricoes-nesta-segunda-feira-27\/"},"wordCount":942,"commentCount":0,"publisher":{"@id":"https:\/\/www.pensarcursos.com.br\/blog\/#organization"},"image":{"@id":"https:\/\/www.pensarcursos.com.br\/blog\/saiu-edital-concurso-com-salarios-iniciais-de-ate-r-144-mil-abre-inscricoes-nesta-segunda-feira-27\/#primaryimage"},"thumbnailUrl":"https:\/\/www.pensarcursos.com.br\/blog\/wp-content\/uploads\/2026\/04\/Novo-concurso-publico-de-2026.webp","keywords":["concurso prefeitura municipal 2026","concurso p\u00fablico rs","editais publicados concurso rs"],"articleSection":["Concursos P\u00fablicos"],"inLanguage":"pt-BR","potentialAction":[{"@type":"CommentAction","name":"Comment","target":["https:\/\/www.pensarcursos.com.br\/blog\/saiu-edital-concurso-com-salarios-iniciais-de-ate-r-144-mil-abre-inscricoes-nesta-segunda-feira-27\/#respond"]}],"copyrightYear":"2026","copyrightHolder":{"@id":"https:\/\/www.pensarcursos.com.br\/blog\/#organization"}},{"@type":"WebPage","@id":"https:\/\/www.pensarcursos.com.br\/blog\/saiu-edital-concurso-com-salarios-iniciais-de-ate-r-144-mil-abre-inscricoes-nesta-segunda-feira-27\/","url":"https:\/\/www.pensarcursos.com.br\/blog\/saiu-edital-concurso-com-salarios-iniciais-de-ate-r-144-mil-abre-inscricoes-nesta-segunda-feira-27\/","name":"SAIU EDITAL! Concurso com sal\u00e1rios iniciais de at\u00e9 R$ 14,4 mil abre inscri\u00e7\u00f5es nesta segunda-feira (27) - Blog Pensar Cursos","isPartOf":{"@id":"https:\/\/www.pensarcursos.com.br\/blog\/#website"},"primaryImageOfPage":{"@id":"https:\/\/www.pensarcursos.com.br\/blog\/saiu-edital-concurso-com-salarios-iniciais-de-ate-r-144-mil-abre-inscricoes-nesta-segunda-feira-27\/#primaryimage"},"image":{"@id":"https:\/\/www.pensarcursos.com.br\/blog\/saiu-edital-concurso-com-salarios-iniciais-de-ate-r-144-mil-abre-inscricoes-nesta-segunda-feira-27\/#primaryimage"},"thumbnailUrl":"https:\/\/www.pensarcursos.com.br\/blog\/wp-content\/uploads\/2026\/04\/Novo-concurso-publico-de-2026.webp","datePublished":"2026-04-26T20:29:14+00:00","description":"Prefeitura de Carlos Barbosa abre concurso com sal\u00e1rios at\u00e9 R$ 14,4 mil para n\u00edveis m\u00e9dio e superior. Veja prazos, cargos, etapas e inscri\u00e7\u00e3o. Confira agora!","breadcrumb":{"@id":"https:\/\/www.pensarcursos.com.br\/blog\/saiu-edital-concurso-com-salarios-iniciais-de-ate-r-144-mil-abre-inscricoes-nesta-segunda-feira-27\/#breadcrumb"},"inLanguage":"pt-BR","potentialAction":[{"@type":"ReadAction","target":["https:\/\/www.pensarcursos.com.br\/blog\/saiu-edital-concurso-com-salarios-iniciais-de-ate-r-144-mil-abre-inscricoes-nesta-segunda-feira-27\/"]}]},{"@type":"ImageObject","inLanguage":"pt-BR","@id":"https:\/\/www.pensarcursos.com.br\/blog\/saiu-edital-concurso-com-salarios-iniciais-de-ate-r-144-mil-abre-inscricoes-nesta-segunda-feira-27\/#primaryimage","url":"https:\/\/www.pensarcursos.com.br\/blog\/wp-content\/uploads\/2026\/04\/Novo-concurso-publico-de-2026.webp","contentUrl":"https:\/\/www.pensarcursos.com.br\/blog\/wp-content\/uploads\/2026\/04\/Novo-concurso-publico-de-2026.webp","width":1200,"height":800,"caption":"Saiba tudo sobre o novo concurso p\u00fablico! Imagem: Blog Pensar Cursos."},{"@type":"BreadcrumbList","@id":"https:\/\/www.pensarcursos.com.br\/blog\/saiu-edital-concurso-com-salarios-iniciais-de-ate-r-144-mil-abre-inscricoes-nesta-segunda-feira-27\/#breadcrumb","itemListElement":[{"@type":"ListItem","position":1,"name":"Home","item":"https:\/\/www.pensarcursos.com.br\/blog\/"},{"@type":"ListItem","position":2,"name":"SAIU EDITAL! Concurso com sal\u00e1rios iniciais de at\u00e9 R$ 14,4 mil abre inscri\u00e7\u00f5es nesta segunda-feira (27)"}]},{"@type":"WebSite","@id":"https:\/\/www.pensarcursos.com.br\/blog\/#website","url":"https:\/\/www.pensarcursos.com.br\/blog\/","name":"Blog Pensar Cursos","description":"Maior Site de Cursos do Brasil","publisher":{"@id":"https:\/\/www.pensarcursos.com.br\/blog\/#organization"},"alternateName":"Blog Pensar","potentialAction":[{"@type":"SearchAction","target":{"@type":"EntryPoint","urlTemplate":"https:\/\/www.pensarcursos.com.br\/blog\/?s={search_term_string}"},"query-input":{"@type":"PropertyValueSpecification","valueRequired":true,"valueName":"search_term_string"}}],"inLanguage":"pt-BR"},{"@type":"Organization","@id":"https:\/\/www.pensarcursos.com.br\/blog\/#organization","name":"Pensar Cursos","alternateName":"Blog pensar","url":"https:\/\/www.pensarcursos.com.br\/blog\/","logo":{"@type":"ImageObject","inLanguage":"pt-BR","@id":"https:\/\/www.pensarcursos.com.br\/blog\/#\/schema\/logo\/image\/","url":"https:\/\/www.pensarcursos.com.br\/blog\/wp-content\/uploads\/2023\/11\/Nova-Logo-Pensar-Cursos-vertical.png","contentUrl":"https:\/\/www.pensarcursos.com.br\/blog\/wp-content\/uploads\/2023\/11\/Nova-Logo-Pensar-Cursos-vertical.png","width":1393,"height":1001,"caption":"Pensar Cursos"},"image":{"@id":"https:\/\/www.pensarcursos.com.br\/blog\/#\/schema\/logo\/image\/"},"sameAs":["https:\/\/www.facebook.com\/pensarcursos\/","https:\/\/instagram.com.br\/pensarcursos"],"description":"Pensar Cursos \u00e9 uma empresa especializada em oferecer cursos de alta qualidade voltados para o desenvolvimento profissional e acad\u00eamico. Com uma ampla gama de op\u00e7\u00f5es de treinamento, oferecemos conte\u00fados atualizados, ministrados por especialistas da \u00e1rea, para capacitar indiv\u00edduos e equipes a atingirem seus objetivos. Nossa miss\u00e3o \u00e9 proporcionar uma educa\u00e7\u00e3o transformadora, acess\u00edvel e personalizada para cada aluno, seja em cursos presenciais ou online. Com uma abordagem inovadora, buscamos adaptar os nossos programas de ensino \u00e0s necessidades do mercado, criando solu\u00e7\u00f5es que atendem aos desafios e exig\u00eancias do mundo corporativo e acad\u00eamico. Nossos cursos incluem desde forma\u00e7\u00f5es t\u00e9cnicas at\u00e9 habilidades essenciais, como lideran\u00e7a, gest\u00e3o e desenvolvimento pessoal.","email":"contato@pensarcursos.com.br","legalName":"Sena Servi\u00e7os de Informa\u00e7\u00e3o Online LTDA","foundingDate":"2013-04-18","vatID":"17956217000172","numberOfEmployees":{"@type":"QuantitativeValue","minValue":"11","maxValue":"50"},"publishingPrinciples":"https:\/\/www.pensarcursos.com.br\/blog\/principios-de-publicacao\/","ownershipFundingInfo":"https:\/\/www.pensarcursos.com.br\/blog\/informacoes-de-propriedade-financiamento\/","actionableFeedbackPolicy":"https:\/\/www.pensarcursos.com.br\/blog\/politica-de-feedback-acionavel\/","correctionsPolicy":"https:\/\/www.pensarcursos.com.br\/blog\/politica-de-correcoes\/","ethicsPolicy":"https:\/\/www.pensarcursos.com.br\/blog\/politica-de-etica\/"},{"@type":"Person","@id":"https:\/\/www.pensarcursos.com.br\/blog\/#\/schema\/person\/6d14404537fc6409c2563a04b6a33afa","name":"Lorena Santos","image":{"@type":"ImageObject","inLanguage":"pt-BR","@id":"https:\/\/secure.gravatar.com\/avatar\/941263bb699494bd4d142d8d9219ca4269af85a1fae17b916b7a324de278e15f?s=96&d=mm&r=g","url":"https:\/\/secure.gravatar.com\/avatar\/941263bb699494bd4d142d8d9219ca4269af85a1fae17b916b7a324de278e15f?s=96&d=mm&r=g","contentUrl":"https:\/\/secure.gravatar.com\/avatar\/941263bb699494bd4d142d8d9219ca4269af85a1fae17b916b7a324de278e15f?s=96&d=mm&r=g","caption":"Lorena Santos"},"description":"Redatora do Grupo Sena Online","sameAs":["https:\/\/www.instagram.com\/lorenassi_?igsh=dXRodHd0ZXpjZDZy&utm_source=qr"],"url":"https:\/\/www.pensarcursos.com.br\/blog\/author\/lorena\/"}]}},"_links":{"self":[{"href":"https:\/\/www.pensarcursos.com.br\/blog\/wp-json\/wp\/v2\/posts\/157932","targetHints":{"allow":["GET"]}}],"collection":[{"href":"https:\/\/www.pensarcursos.com.br\/blog\/wp-json\/wp\/v2\/posts"}],"about":[{"href":"https:\/\/www.pensarcursos.com.br\/blog\/wp-json\/wp\/v2\/types\/post"}],"author":[{"embeddable":true,"href":"https:\/\/www.pensarcursos.com.br\/blog\/wp-json\/wp\/v2\/users\/63"}],"replies":[{"embeddable":true,"href":"https:\/\/www.pensarcursos.com.br\/blog\/wp-json\/wp\/v2\/comments?post=157932"}],"version-history":[{"count":2,"href":"https:\/\/www.pensarcursos.com.br\/blog\/wp-json\/wp\/v2\/posts\/157932\/revisions"}],"predecessor-version":[{"id":157936,"href":"https:\/\/www.pensarcursos.com.br\/blog\/wp-json\/wp\/v2\/posts\/157932\/revisions\/157936"}],"wp:featuredmedia":[{"embeddable":true,"href":"https:\/\/www.pensarcursos.com.br\/blog\/wp-json\/wp\/v2\/media\/157755"}],"wp:attachment":[{"href":"https:\/\/www.pensarcursos.com.br\/blog\/wp-json\/wp\/v2\/media?parent=157932"}],"wp:term":[{"taxonomy":"category","embeddable":true,"href":"https:\/\/www.pensarcursos.com.br\/blog\/wp-json\/wp\/v2\/categories?post=157932"},{"taxonomy":"post_tag","embeddable":true,"href":"https:\/\/www.pensarcursos.com.br\/blog\/wp-json\/wp\/v2\/tags?post=157932"}],"curies":[{"name":"wp","href":"https:\/\/api.w.org\/{rel}","templated":true}]}}