{"id":157911,"date":"2026-04-26T14:59:59","date_gmt":"2026-04-26T17:59:59","guid":{"rendered":"https:\/\/www.pensarcursos.com.br\/blog\/?p=157911"},"modified":"2026-04-25T18:49:32","modified_gmt":"2026-04-25T21:49:32","slug":"inss-feriado-desta-semana-reorganiza-o-calendario-do-13o-salario-e-aposentados-devem-ficar-atentos","status":"publish","type":"post","link":"https:\/\/www.pensarcursos.com.br\/blog\/inss-feriado-desta-semana-reorganiza-o-calendario-do-13o-salario-e-aposentados-devem-ficar-atentos\/","title":{"rendered":"INSS: feriado desta semana reorganiza o calend\u00e1rio do 13\u00ba sal\u00e1rio e aposentados devem ficar atentos"},"content":{"rendered":"<p>O <a href=\"https:\/\/www.pensarcursos.com.br\/blog\/inss-de-abril-paga-ate-r-2-41350-para-23-milhoes-e-acima-de-r-12-mil-para-mais-de-13-mil-aposentados-veja-em-qual-grupo-voce-esta-e-a-data-que-o-dinheiro-cai\/\" target=\"_blank\" rel=\"noopener\">Instituto Nacional do Seguro Social (INSS)<\/a> iniciou o pagamento do 13\u00ba sal\u00e1rio aos seus benefici\u00e1rios. O que muitos n\u00e3o sabem \u00e9 que o feriado desta semana impactar\u00e1 no calend\u00e1rio de recebimentos.<\/p>\n<p>Entender como essa mudan\u00e7a afeta o seu pagamento \u00e9 fundamental para a organiza\u00e7\u00e3o financeira. Para saber mais detalhes e conferir a data exata em que voc\u00ea deve sacar o seu benef\u00edcio, confira a seguir as principais orienta\u00e7\u00f5es.<\/p>\n<h2>O que \u00e9 o 13\u00ba sal\u00e1rio?<\/h2>\n<p>O<a href=\"https:\/\/www.pensarcursos.com.br\/blog\/inss-quando-comecam-os-pagamentos-do-13o-salario-para-quem-recebe-acima-de-um-salario-minimo\/\" target=\"_blank\" rel=\"noopener\"> 13\u00ba sal\u00e1rio<\/a> \u00e9 um benef\u00edcio anual pago pela Previd\u00eancia Social, dividido em duas parcelas. Ele representa uma renda a mais para quem j\u00e1 recebe algum benef\u00edcio previdenci\u00e1rio.<\/p>\n<h2>Quem receber\u00e1 o 13\u00ba sal\u00e1rio do INSS em 2026?<\/h2>\n<p>Em 2026, ter\u00e3o acesso ao 13\u00ba sal\u00e1rio os segurados que, ao longo dos 12 meses anteriores, tenham recebido pelo menos um destes benef\u00edcios:<\/p>\n<ul>\n<li>Aposentadoria;<\/li>\n<li>Pens\u00e3o por morte;<\/li>\n<li>Aux\u00edlio-doen\u00e7a (afastamento provis\u00f3rio);<\/li>\n<li>Aux\u00edlio-acidente;<\/li>\n<li>Aux\u00edlio-reclus\u00e3o;<\/li>\n<li>Sal\u00e1rio-maternidade.<\/li>\n<\/ul>\n<h3>Novos benefici\u00e1rios do INSS tamb\u00e9m recebem?<\/h3>\n<p>Quem passou a receber algum desses benef\u00edcios h\u00e1 menos de um ano tem direito ao 13\u00ba sal\u00e1rio, por\u00e9m, calculado de forma proporcional: recebe 1\/12 do valor do benef\u00edcio por cada m\u00eas de recebimento.<\/p>\n<h2>Mudan\u00e7as que alteram o valor do 13\u00ba sal\u00e1rio<\/h2>\n<p>Neste ano, o valor do piso nacional subiu para <strong>R$ 1.621,00<\/strong>. Quem recebe acima desse piso ter\u00e1 um reajuste de 3,90%, conforme a Portaria Interministerial MPS\/MF n\u00ba 13. O teto do benef\u00edcio passa a ser de <strong>R$ 8.475,55<\/strong>.<\/p>\n<p>Al\u00e9m disso, a faixa de isen\u00e7\u00e3o do Imposto de Renda (IR) foi ajustada: n\u00e3o h\u00e1 desconto de IR na segunda parcela para quem recebe at\u00e9<strong> R$ 5.000,00<\/strong>, o que aumenta o valor l\u00edquido depositado nesses casos.<\/p>\n<h2>Como \u00e9 feito o pagamento do 13\u00ba sal\u00e1rio?<\/h2>\n<p>O valor do 13\u00ba sal\u00e1rio \u00e9 basicamente o valor do benef\u00edcio j\u00e1 recebido mensalmente, dividido em duas vezes. Confira a seguir quais s\u00e3o as regras das duas parcelas:<\/p>\n<ul>\n<li><strong>Primeira parcela:<\/strong> metade do benef\u00edcio mensal (50%) j\u00e1 recebido pelo benefici\u00e1rio. Nessa parcela, nenhum benefici\u00e1rio tem valores descontados.<\/li>\n<li><strong>Segunda parcela:<\/strong> refere-se \u00e0 outra metade (mais 50%), j\u00e1 aplicado desconto de tributos, quando for o caso. Em geral, essa parcela \u00e9 menor que a primeira.<\/li>\n<\/ul>\n<h2>Como consultar o extrato de pagamentos?<\/h2>\n<figure id=\"attachment_156946\" aria-describedby=\"caption-attachment-156946\" style=\"width: 1200px\" class=\"wp-caption alignnone\"><img decoding=\"async\" class=\"wp-image-156946 size-full\" src=\"https:\/\/www.pensarcursos.com.br\/blog\/wp-content\/uploads\/2026\/04\/Consulta-ao-13o.jpg\" alt=\"Idosa mexendo no celular.\" width=\"1200\" height=\"800\" srcset=\"https:\/\/www.pensarcursos.com.br\/blog\/wp-content\/uploads\/2026\/04\/Consulta-ao-13o.jpg 1200w, https:\/\/www.pensarcursos.com.br\/blog\/wp-content\/uploads\/2026\/04\/Consulta-ao-13o-300x200.jpg 300w, https:\/\/www.pensarcursos.com.br\/blog\/wp-content\/uploads\/2026\/04\/Consulta-ao-13o-1024x683.jpg 1024w, https:\/\/www.pensarcursos.com.br\/blog\/wp-content\/uploads\/2026\/04\/Consulta-ao-13o-768x512.jpg 768w, https:\/\/www.pensarcursos.com.br\/blog\/wp-content\/uploads\/2026\/04\/Consulta-ao-13o-750x500.jpg 750w, https:\/\/www.pensarcursos.com.br\/blog\/wp-content\/uploads\/2026\/04\/Consulta-ao-13o-1140x760.jpg 1140w\" sizes=\"(max-width: 1200px) 100vw, 1200px\" \/><figcaption id=\"caption-attachment-156946\" class=\"wp-caption-text\">Saiba como consultar o valor exato do seu pagamento por meio da plataforma Meu INSS. Imagem: Freepik.<\/figcaption><\/figure>\n<p>Desde o dia 15 de abril, j\u00e1 \u00e9 poss\u00edvel verificar todas as informa\u00e7\u00f5es detalhadas do benef\u00edcio. Veja o passo a passo para a consulta:<\/p>\n<ol>\n<li>Acesse o\u00a0<a href=\"https:\/\/meu.inss.gov.br\/\" target=\"_blank\" rel=\"noopener\">Meu INSS<\/a>;<\/li>\n<li>Fa\u00e7a login com seu CPF e sua senha;<\/li>\n<li>Selecione \u201cExtrato de pagamento\u201d no menu;<\/li>\n<li>Confira os dados do seu benef\u00edcio.<\/li>\n<\/ol>\n<h2>Entendendo o calend\u00e1rio de pagamentos<\/h2>\n<p>Existem duas caracter\u00edsticas principais para entender a data em que o benef\u00edcio ser\u00e1 depositado:<\/p>\n<ul>\n<li><strong>Escalonamento:<\/strong> cada data do calend\u00e1rio \u00e9 definida pelo pen\u00faltimo n\u00famero do cart\u00e3o do benef\u00edcio. No exemplo do cart\u00e3o 12345678<strong>7<\/strong>-0, utiliza-se o n\u00famero <strong>7<\/strong>.<\/li>\n<li><strong>Prioridade de pagamento:<\/strong>\u00a0o calend\u00e1rio possui duas categorias: quem recebe o piso (um sal\u00e1rio m\u00ednimo) e quem recebe acima desse valor. Aqueles que recebem o piso s\u00e3o os primeiros a serem contemplados, com o objetivo de que as pessoas em maior situa\u00e7\u00e3o de vulnerabilidade possam receber com anteced\u00eancia. Os demais recebem nos dias seguintes.<\/li>\n<\/ul>\n<h2>Datas oficiais do 13\u00ba sal\u00e1rio do INSS para 2026<\/h2>\n<p>Os pagamentos de ambos os grupos ocorrem entre abril e junho, divididos em duas parcelas:<\/p>\n<ul>\n<li><strong>Primeira parcela:<\/strong>\u00a0do dia 24 de abril ao dia 8 de maio.<\/li>\n<li><strong>Segunda parcela:<\/strong>\u00a0do dia 25 de maio ao dia 8 de junho.<\/li>\n<\/ul>\n<p>Embora os pagamentos da primeira parcela j\u00e1 tenham come\u00e7ado, algumas pessoas s\u00f3 v\u00e3o receber a partir do dia <strong>4 de maio<\/strong>. Isso acontece porque o dia 1\u00ba de maio, que \u00e9 uma sexta-feira, \u00e9 feriado nacional (Dia do Trabalhador). Nesse dia, o INSS n\u00e3o faz pagamentos.<\/p>\n<p>Por isso, os pagamentos que seriam efetuados no dia 1\u00ba de maio foram adiados para o pr\u00f3ximo dia \u00fatil, que \u00e9 a segunda-feira.<\/p>\n<p>Veja quem ser\u00e1 afetado por esse adiamento:<\/p>\n<ul>\n<li>Os segurados que recebem at\u00e9 um sal\u00e1rio m\u00ednimo e cujo n\u00famero final do benef\u00edcio \u00e9 <strong>6<\/strong>.<\/li>\n<li>Os segurados que recebem mais do que um sal\u00e1rio m\u00ednimo e cujo n\u00famero final do benef\u00edcio seja <strong>1 <\/strong>ou<strong> 6<\/strong>.<\/li>\n<\/ul>\n<p>Ap\u00f3s o dia 4, o cronograma restante segue normalmente. Confira as datas exatas na tabela abaixo:<\/p>\n<h3>Tabela para segurados at\u00e9 um sal\u00e1rio m\u00ednimo<\/h3>\n<table>\n<thead>\n<tr>\n<th>N\u00famero final<\/th>\n<th>1\u00aa Parcela<\/th>\n<th>2\u00aa Parcela<\/th>\n<\/tr>\n<\/thead>\n<tbody>\n<tr>\n<td>1<\/td>\n<td>24\/04<\/td>\n<td>25\/05<\/td>\n<\/tr>\n<tr>\n<td>2<\/td>\n<td>27\/04<\/td>\n<td>26\/05<\/td>\n<\/tr>\n<tr>\n<td>3<\/td>\n<td>28\/04<\/td>\n<td>27\/05<\/td>\n<\/tr>\n<tr>\n<td>4<\/td>\n<td>29\/04<\/td>\n<td>28\/05<\/td>\n<\/tr>\n<tr>\n<td>5<\/td>\n<td>30\/04<\/td>\n<td>29\/05<\/td>\n<\/tr>\n<tr>\n<td><strong>6<\/strong><\/td>\n<td><strong>04\/05<\/strong><\/td>\n<td>01\/06<\/td>\n<\/tr>\n<tr>\n<td>7<\/td>\n<td>05\/05<\/td>\n<td>02\/06<\/td>\n<\/tr>\n<tr>\n<td>8<\/td>\n<td>06\/05<\/td>\n<td>03\/06<\/td>\n<\/tr>\n<tr>\n<td>9<\/td>\n<td>07\/05<\/td>\n<td>05\/06<\/td>\n<\/tr>\n<tr>\n<td>0<\/td>\n<td>08\/05<\/td>\n<td>08\/06<\/td>\n<\/tr>\n<\/tbody>\n<\/table>\n<h3>Tabela para quem recebe acima de um sal\u00e1rio m\u00ednimo<\/h3>\n<table>\n<thead>\n<tr>\n<th>N\u00famero final<\/th>\n<th>1\u00aa Parcela<\/th>\n<th>2\u00aa Parcela<\/th>\n<\/tr>\n<\/thead>\n<tbody>\n<tr>\n<td><strong>1 e 6<\/strong><\/td>\n<td><strong>04\/05<\/strong><\/td>\n<td>01\/06<\/td>\n<\/tr>\n<tr>\n<td>2 e 7<\/td>\n<td>05\/05<\/td>\n<td>02\/06<\/td>\n<\/tr>\n<tr>\n<td>3 e 8<\/td>\n<td>06\/05<\/td>\n<td>03\/06<\/td>\n<\/tr>\n<tr>\n<td>4 e 9<\/td>\n<td>07\/05<\/td>\n<td>05\/06<\/td>\n<\/tr>\n<tr>\n<td>5 e 0<\/td>\n<td>08\/05<\/td>\n<td>08\/06<\/td>\n<\/tr>\n<\/tbody>\n<\/table>\n<h2>Outras informa\u00e7\u00f5es importantes<\/h2>\n<ul>\n<li>Quem recebe o Benef\u00edcio de Presta\u00e7\u00e3o Continuada (BPC) ou Renda Mensal Vital\u00edcia n\u00e3o participa do 13\u00ba sal\u00e1rio.<\/li>\n<li>Pagamentos podem ser adiados ou bloqueados se houver pend\u00eancias no cadastro ou documenta\u00e7\u00e3o.<\/li>\n<li>Se voc\u00ea n\u00e3o receber o valor esperado ou tiver d\u00favidas, procure uma ag\u00eancia do INSS, ligue para 135 (segunda a s\u00e1bado, das 7h \u00e0s 22h), ou utilize o\u00a0Meu INSS.<\/li>\n<li>O benef\u00edcio precisa estar ativo para que haja o pagamento do 13\u00ba sal\u00e1rio.<\/li>\n<\/ul>\n<p>Para n\u00e3o perder nenhuma novidade sobre os pagamentos do 13\u00ba sal\u00e1rio, continue acessando o<a href=\"https:\/\/www.pensarcursos.com.br\/blog\/\" target=\"_blank\" rel=\"noopener\"> Blog Pensar Cursos<\/a> diariamente.<\/p>\n<p>Aproveite para assistir ao v\u00eddeo abaixo e saiba mais:<\/p>\n<div class=\"jeg_video_container jeg_video_content\"><iframe title=\"Quando cai o 13\u00ba do INSS em 2026? Veja as datas da 1\u00aa e 2\u00aa parcela agora\" width=\"500\" height=\"281\" src=\"https:\/\/www.youtube.com\/embed\/tP6FZI43Edc?feature=oembed\" frameborder=\"0\" allow=\"accelerometer; autoplay; clipboard-write; encrypted-media; gyroscope; picture-in-picture; web-share\" referrerpolicy=\"strict-origin-when-cross-origin\" allowfullscreen><\/iframe><\/div>\n","protected":false},"excerpt":{"rendered":"<p>O Instituto Nacional do Seguro Social (INSS) iniciou o pagamento do 13\u00ba sal\u00e1rio aos seus benefici\u00e1rios. O que muitos n\u00e3o sabem \u00e9 que o feriado desta semana impactar\u00e1 no calend\u00e1rio de recebimentos. Entender como essa mudan\u00e7a afeta o seu pagamento \u00e9 fundamental para a organiza\u00e7\u00e3o financeira. Para saber mais detalhes e conferir a data exata [&hellip;]<\/p>\n","protected":false},"author":63,"featured_media":154096,"comment_status":"open","ping_status":"closed","sticky":false,"template":"","format":"standard","meta":{"jnews-multi-image_gallery":[],"jnews_single_post":{"format":"standard","override":[{"template":"1","parallax":"1","fullscreen":"1","layout":"right-sidebar","sidebar":"default-sidebar","second_sidebar":"default-sidebar","sticky_sidebar":"1","share_position":"topbottom","share_float_style":"share-monocrhome","show_featured":"1","show_post_meta":"1","show_post_author":"1","show_post_author_image":"1","show_post_date":"1","post_date_format":"default","post_date_format_custom":"Y\/m\/d","show_post_category":"1","post_reading_time_wpm":"300","post_calculate_word_method":"str_word_count","show_zoom_button":"0","zoom_button_out_step":"2","zoom_button_in_step":"3","show_post_tag":"1","show_prev_next_post":"1","show_popup_post":"1","show_comment_section":"1","number_popup_post":"2","show_author_box":"1","show_post_related":"1","show_inline_post_related":"1"}],"image_override":[{"single_post_thumbnail_size":"crop-500","single_post_gallery_size":"crop-500"}],"trending_post_position":"meta","trending_post_label":"Trending","sponsored_post_label":"Sponsored by","disable_ad":"0","subtitle":"Confira o calend\u00e1rio completo e tire suas d\u00favidas"},"jnews_primary_category":[],"jnews_social_meta":[],"jnews_override_counter":{"view_counter_number":"0","share_counter_number":"0","like_counter_number":"0","dislike_counter_number":"0"},"footnotes":""},"categories":[1691],"tags":[37367,3253,39994,41389],"class_list":["post-157911","post","type-post","status-publish","format-standard","has-post-thumbnail","hentry","category-direitos-do-trabalhador","tag-13-salario-do-inss-2026","tag-calendario-13-salario","tag-pagamentos-13-salario","tag-primeira-parcela-13-salario"],"yoast_head":"<!-- This site is optimized with the Yoast SEO Premium plugin v27.4 (Yoast SEO v27.4) - https:\/\/yoast.com\/product\/yoast-seo-premium-wordpress\/ -->\n<title>INSS: feriado desta semana reorganiza o calend\u00e1rio do 13\u00ba sal\u00e1rio e aposentados devem ficar atentos - Blog Pensar Cursos<\/title>\n<meta name=\"description\" content=\"INSS 2026: Saiba como o feriado desta semana altera o calend\u00e1rio do 13\u00ba sal\u00e1rio. Veja novas datas e evite perder seu benef\u00edcio!\" \/>\n<meta name=\"robots\" content=\"index, follow, max-snippet:-1, max-image-preview:large, max-video-preview:-1\" \/>\n<link rel=\"canonical\" href=\"https:\/\/www.pensarcursos.com.br\/blog\/inss-feriado-desta-semana-reorganiza-o-calendario-do-13o-salario-e-aposentados-devem-ficar-atentos\/\" \/>\n<meta property=\"og:locale\" content=\"pt_BR\" \/>\n<meta property=\"og:type\" content=\"article\" \/>\n<meta property=\"og:title\" content=\"INSS: feriado desta semana reorganiza o calend\u00e1rio do 13\u00ba sal\u00e1rio e aposentados devem ficar atentos\" \/>\n<meta property=\"og:description\" content=\"INSS 2026: Saiba como o feriado desta semana altera o calend\u00e1rio do 13\u00ba sal\u00e1rio. Veja novas datas e evite perder seu benef\u00edcio!\" \/>\n<meta property=\"og:url\" content=\"https:\/\/www.pensarcursos.com.br\/blog\/inss-feriado-desta-semana-reorganiza-o-calendario-do-13o-salario-e-aposentados-devem-ficar-atentos\/\" \/>\n<meta property=\"og:site_name\" content=\"Blog Pensar Cursos\" \/>\n<meta property=\"article:publisher\" content=\"https:\/\/www.facebook.com\/pensarcursos\/\" \/>\n<meta property=\"article:published_time\" content=\"2026-04-26T17:59:59+00:00\" \/>\n<meta property=\"og:image\" content=\"https:\/\/www.pensarcursos.com.br\/blog\/wp-content\/uploads\/2026\/03\/Parcelas-do-13-salario.webp\" \/>\n\t<meta property=\"og:image:width\" content=\"1200\" \/>\n\t<meta property=\"og:image:height\" content=\"800\" \/>\n\t<meta property=\"og:image:type\" content=\"image\/webp\" \/>\n<meta name=\"author\" content=\"Lorena Santos\" \/>\n<meta name=\"twitter:card\" content=\"summary_large_image\" \/>\n<meta name=\"twitter:label1\" content=\"Escrito por\" \/>\n\t<meta name=\"twitter:data1\" content=\"Lorena Santos\" \/>\n\t<meta name=\"twitter:label2\" content=\"Est. tempo de leitura\" \/>\n\t<meta name=\"twitter:data2\" content=\"6 minutos\" \/>\n<!-- \/ Yoast SEO Premium plugin. -->","yoast_head_json":{"title":"INSS: feriado desta semana reorganiza o calend\u00e1rio do 13\u00ba sal\u00e1rio e aposentados devem ficar atentos - Blog Pensar Cursos","description":"INSS 2026: Saiba como o feriado desta semana altera o calend\u00e1rio do 13\u00ba sal\u00e1rio. Veja novas datas e evite perder seu benef\u00edcio!","robots":{"index":"index","follow":"follow","max-snippet":"max-snippet:-1","max-image-preview":"max-image-preview:large","max-video-preview":"max-video-preview:-1"},"canonical":"https:\/\/www.pensarcursos.com.br\/blog\/inss-feriado-desta-semana-reorganiza-o-calendario-do-13o-salario-e-aposentados-devem-ficar-atentos\/","og_locale":"pt_BR","og_type":"article","og_title":"INSS: feriado desta semana reorganiza o calend\u00e1rio do 13\u00ba sal\u00e1rio e aposentados devem ficar atentos","og_description":"INSS 2026: Saiba como o feriado desta semana altera o calend\u00e1rio do 13\u00ba sal\u00e1rio. Veja novas datas e evite perder seu benef\u00edcio!","og_url":"https:\/\/www.pensarcursos.com.br\/blog\/inss-feriado-desta-semana-reorganiza-o-calendario-do-13o-salario-e-aposentados-devem-ficar-atentos\/","og_site_name":"Blog Pensar Cursos","article_publisher":"https:\/\/www.facebook.com\/pensarcursos\/","article_published_time":"2026-04-26T17:59:59+00:00","og_image":[{"width":1200,"height":800,"url":"https:\/\/www.pensarcursos.com.br\/blog\/wp-content\/uploads\/2026\/03\/Parcelas-do-13-salario.webp","type":"image\/webp"}],"author":"Lorena Santos","twitter_card":"summary_large_image","twitter_misc":{"Escrito por":"Lorena Santos","Est. tempo de leitura":"6 minutos"},"schema":{"@context":"https:\/\/schema.org","@graph":[{"@type":["Article","BlogPosting"],"@id":"https:\/\/www.pensarcursos.com.br\/blog\/inss-feriado-desta-semana-reorganiza-o-calendario-do-13o-salario-e-aposentados-devem-ficar-atentos\/#article","isPartOf":{"@id":"https:\/\/www.pensarcursos.com.br\/blog\/inss-feriado-desta-semana-reorganiza-o-calendario-do-13o-salario-e-aposentados-devem-ficar-atentos\/"},"author":{"name":"Lorena Santos","@id":"https:\/\/www.pensarcursos.com.br\/blog\/#\/schema\/person\/6d14404537fc6409c2563a04b6a33afa"},"headline":"INSS: feriado desta semana reorganiza o calend\u00e1rio do 13\u00ba sal\u00e1rio e aposentados devem ficar atentos","datePublished":"2026-04-26T17:59:59+00:00","mainEntityOfPage":{"@id":"https:\/\/www.pensarcursos.com.br\/blog\/inss-feriado-desta-semana-reorganiza-o-calendario-do-13o-salario-e-aposentados-devem-ficar-atentos\/"},"wordCount":908,"commentCount":0,"publisher":{"@id":"https:\/\/www.pensarcursos.com.br\/blog\/#organization"},"image":{"@id":"https:\/\/www.pensarcursos.com.br\/blog\/inss-feriado-desta-semana-reorganiza-o-calendario-do-13o-salario-e-aposentados-devem-ficar-atentos\/#primaryimage"},"thumbnailUrl":"https:\/\/www.pensarcursos.com.br\/blog\/wp-content\/uploads\/2026\/03\/Parcelas-do-13-salario.webp","keywords":["13 sal\u00e1rio do inss 2026","calend\u00e1rio 13 salario","pagamentos 13 salario","primeira parcela 13 salario"],"articleSection":["Direitos do Trabalhador"],"inLanguage":"pt-BR","potentialAction":[{"@type":"CommentAction","name":"Comment","target":["https:\/\/www.pensarcursos.com.br\/blog\/inss-feriado-desta-semana-reorganiza-o-calendario-do-13o-salario-e-aposentados-devem-ficar-atentos\/#respond"]}],"copyrightYear":"2026","copyrightHolder":{"@id":"https:\/\/www.pensarcursos.com.br\/blog\/#organization"}},{"@type":"WebPage","@id":"https:\/\/www.pensarcursos.com.br\/blog\/inss-feriado-desta-semana-reorganiza-o-calendario-do-13o-salario-e-aposentados-devem-ficar-atentos\/","url":"https:\/\/www.pensarcursos.com.br\/blog\/inss-feriado-desta-semana-reorganiza-o-calendario-do-13o-salario-e-aposentados-devem-ficar-atentos\/","name":"INSS: feriado desta semana reorganiza o calend\u00e1rio do 13\u00ba sal\u00e1rio e aposentados devem ficar atentos - Blog Pensar Cursos","isPartOf":{"@id":"https:\/\/www.pensarcursos.com.br\/blog\/#website"},"primaryImageOfPage":{"@id":"https:\/\/www.pensarcursos.com.br\/blog\/inss-feriado-desta-semana-reorganiza-o-calendario-do-13o-salario-e-aposentados-devem-ficar-atentos\/#primaryimage"},"image":{"@id":"https:\/\/www.pensarcursos.com.br\/blog\/inss-feriado-desta-semana-reorganiza-o-calendario-do-13o-salario-e-aposentados-devem-ficar-atentos\/#primaryimage"},"thumbnailUrl":"https:\/\/www.pensarcursos.com.br\/blog\/wp-content\/uploads\/2026\/03\/Parcelas-do-13-salario.webp","datePublished":"2026-04-26T17:59:59+00:00","description":"INSS 2026: Saiba como o feriado desta semana altera o calend\u00e1rio do 13\u00ba sal\u00e1rio. Veja novas datas e evite perder seu benef\u00edcio!","breadcrumb":{"@id":"https:\/\/www.pensarcursos.com.br\/blog\/inss-feriado-desta-semana-reorganiza-o-calendario-do-13o-salario-e-aposentados-devem-ficar-atentos\/#breadcrumb"},"inLanguage":"pt-BR","potentialAction":[{"@type":"ReadAction","target":["https:\/\/www.pensarcursos.com.br\/blog\/inss-feriado-desta-semana-reorganiza-o-calendario-do-13o-salario-e-aposentados-devem-ficar-atentos\/"]}]},{"@type":"ImageObject","inLanguage":"pt-BR","@id":"https:\/\/www.pensarcursos.com.br\/blog\/inss-feriado-desta-semana-reorganiza-o-calendario-do-13o-salario-e-aposentados-devem-ficar-atentos\/#primaryimage","url":"https:\/\/www.pensarcursos.com.br\/blog\/wp-content\/uploads\/2026\/03\/Parcelas-do-13-salario.webp","contentUrl":"https:\/\/www.pensarcursos.com.br\/blog\/wp-content\/uploads\/2026\/03\/Parcelas-do-13-salario.webp","width":1200,"height":800,"caption":"Entenda como o feriado afeta o calend\u00e1rio de pagamentos do 13\u00ba sal\u00e1rio. Imagem: Blog Pensar Cursos."},{"@type":"BreadcrumbList","@id":"https:\/\/www.pensarcursos.com.br\/blog\/inss-feriado-desta-semana-reorganiza-o-calendario-do-13o-salario-e-aposentados-devem-ficar-atentos\/#breadcrumb","itemListElement":[{"@type":"ListItem","position":1,"name":"Home","item":"https:\/\/www.pensarcursos.com.br\/blog\/"},{"@type":"ListItem","position":2,"name":"INSS: feriado desta semana reorganiza o calend\u00e1rio do 13\u00ba sal\u00e1rio e aposentados devem ficar atentos"}]},{"@type":"WebSite","@id":"https:\/\/www.pensarcursos.com.br\/blog\/#website","url":"https:\/\/www.pensarcursos.com.br\/blog\/","name":"Blog Pensar Cursos","description":"Maior Site de Cursos do Brasil","publisher":{"@id":"https:\/\/www.pensarcursos.com.br\/blog\/#organization"},"alternateName":"Blog Pensar","potentialAction":[{"@type":"SearchAction","target":{"@type":"EntryPoint","urlTemplate":"https:\/\/www.pensarcursos.com.br\/blog\/?s={search_term_string}"},"query-input":{"@type":"PropertyValueSpecification","valueRequired":true,"valueName":"search_term_string"}}],"inLanguage":"pt-BR"},{"@type":"Organization","@id":"https:\/\/www.pensarcursos.com.br\/blog\/#organization","name":"Pensar Cursos","alternateName":"Blog pensar","url":"https:\/\/www.pensarcursos.com.br\/blog\/","logo":{"@type":"ImageObject","inLanguage":"pt-BR","@id":"https:\/\/www.pensarcursos.com.br\/blog\/#\/schema\/logo\/image\/","url":"https:\/\/www.pensarcursos.com.br\/blog\/wp-content\/uploads\/2023\/11\/Nova-Logo-Pensar-Cursos-vertical.png","contentUrl":"https:\/\/www.pensarcursos.com.br\/blog\/wp-content\/uploads\/2023\/11\/Nova-Logo-Pensar-Cursos-vertical.png","width":1393,"height":1001,"caption":"Pensar Cursos"},"image":{"@id":"https:\/\/www.pensarcursos.com.br\/blog\/#\/schema\/logo\/image\/"},"sameAs":["https:\/\/www.facebook.com\/pensarcursos\/","https:\/\/instagram.com.br\/pensarcursos"],"description":"Pensar Cursos \u00e9 uma empresa especializada em oferecer cursos de alta qualidade voltados para o desenvolvimento profissional e acad\u00eamico. Com uma ampla gama de op\u00e7\u00f5es de treinamento, oferecemos conte\u00fados atualizados, ministrados por especialistas da \u00e1rea, para capacitar indiv\u00edduos e equipes a atingirem seus objetivos. Nossa miss\u00e3o \u00e9 proporcionar uma educa\u00e7\u00e3o transformadora, acess\u00edvel e personalizada para cada aluno, seja em cursos presenciais ou online. Com uma abordagem inovadora, buscamos adaptar os nossos programas de ensino \u00e0s necessidades do mercado, criando solu\u00e7\u00f5es que atendem aos desafios e exig\u00eancias do mundo corporativo e acad\u00eamico. Nossos cursos incluem desde forma\u00e7\u00f5es t\u00e9cnicas at\u00e9 habilidades essenciais, como lideran\u00e7a, gest\u00e3o e desenvolvimento pessoal.","email":"contato@pensarcursos.com.br","legalName":"Sena Servi\u00e7os de Informa\u00e7\u00e3o Online LTDA","foundingDate":"2013-04-18","vatID":"17956217000172","numberOfEmployees":{"@type":"QuantitativeValue","minValue":"11","maxValue":"50"},"publishingPrinciples":"https:\/\/www.pensarcursos.com.br\/blog\/principios-de-publicacao\/","ownershipFundingInfo":"https:\/\/www.pensarcursos.com.br\/blog\/informacoes-de-propriedade-financiamento\/","actionableFeedbackPolicy":"https:\/\/www.pensarcursos.com.br\/blog\/politica-de-feedback-acionavel\/","correctionsPolicy":"https:\/\/www.pensarcursos.com.br\/blog\/politica-de-correcoes\/","ethicsPolicy":"https:\/\/www.pensarcursos.com.br\/blog\/politica-de-etica\/"},{"@type":"Person","@id":"https:\/\/www.pensarcursos.com.br\/blog\/#\/schema\/person\/6d14404537fc6409c2563a04b6a33afa","name":"Lorena Santos","image":{"@type":"ImageObject","inLanguage":"pt-BR","@id":"https:\/\/secure.gravatar.com\/avatar\/941263bb699494bd4d142d8d9219ca4269af85a1fae17b916b7a324de278e15f?s=96&d=mm&r=g","url":"https:\/\/secure.gravatar.com\/avatar\/941263bb699494bd4d142d8d9219ca4269af85a1fae17b916b7a324de278e15f?s=96&d=mm&r=g","contentUrl":"https:\/\/secure.gravatar.com\/avatar\/941263bb699494bd4d142d8d9219ca4269af85a1fae17b916b7a324de278e15f?s=96&d=mm&r=g","caption":"Lorena Santos"},"description":"Redatora do Grupo Sena Online","sameAs":["https:\/\/www.instagram.com\/lorenassi_?igsh=dXRodHd0ZXpjZDZy&utm_source=qr"],"url":"https:\/\/www.pensarcursos.com.br\/blog\/author\/lorena\/"}]}},"_links":{"self":[{"href":"https:\/\/www.pensarcursos.com.br\/blog\/wp-json\/wp\/v2\/posts\/157911","targetHints":{"allow":["GET"]}}],"collection":[{"href":"https:\/\/www.pensarcursos.com.br\/blog\/wp-json\/wp\/v2\/posts"}],"about":[{"href":"https:\/\/www.pensarcursos.com.br\/blog\/wp-json\/wp\/v2\/types\/post"}],"author":[{"embeddable":true,"href":"https:\/\/www.pensarcursos.com.br\/blog\/wp-json\/wp\/v2\/users\/63"}],"replies":[{"embeddable":true,"href":"https:\/\/www.pensarcursos.com.br\/blog\/wp-json\/wp\/v2\/comments?post=157911"}],"version-history":[{"count":3,"href":"https:\/\/www.pensarcursos.com.br\/blog\/wp-json\/wp\/v2\/posts\/157911\/revisions"}],"predecessor-version":[{"id":157959,"href":"https:\/\/www.pensarcursos.com.br\/blog\/wp-json\/wp\/v2\/posts\/157911\/revisions\/157959"}],"wp:featuredmedia":[{"embeddable":true,"href":"https:\/\/www.pensarcursos.com.br\/blog\/wp-json\/wp\/v2\/media\/154096"}],"wp:attachment":[{"href":"https:\/\/www.pensarcursos.com.br\/blog\/wp-json\/wp\/v2\/media?parent=157911"}],"wp:term":[{"taxonomy":"category","embeddable":true,"href":"https:\/\/www.pensarcursos.com.br\/blog\/wp-json\/wp\/v2\/categories?post=157911"},{"taxonomy":"post_tag","embeddable":true,"href":"https:\/\/www.pensarcursos.com.br\/blog\/wp-json\/wp\/v2\/tags?post=157911"}],"curies":[{"name":"wp","href":"https:\/\/api.w.org\/{rel}","templated":true}]}}