{"id":157896,"date":"2026-04-26T12:29:51","date_gmt":"2026-04-26T15:29:51","guid":{"rendered":"https:\/\/www.pensarcursos.com.br\/blog\/?p=157896"},"modified":"2026-04-25T09:57:17","modified_gmt":"2026-04-25T12:57:17","slug":"mutirao-de-emissao-gratuita-da-nova-carteira-de-identidade-acontece-nos-dias-27-28-e-29-de-abril","status":"publish","type":"post","link":"https:\/\/www.pensarcursos.com.br\/blog\/mutirao-de-emissao-gratuita-da-nova-carteira-de-identidade-acontece-nos-dias-27-28-e-29-de-abril\/","title":{"rendered":"Mutir\u00e3o de emiss\u00e3o gratuita da Nova Carteira de Identidade acontece nos dias 27, 28 e 29 de abril"},"content":{"rendered":"<p>Voc\u00ea est\u00e1 pronto para garantir o seu novo documento de identidade sem nenhum custo?\u00a0Imagine resolver em poucos minutos um problema que tira o sono de muitos brasileiros. Quem busca facilidade e atendimento r\u00e1pido ter\u00e1 uma oportunidade \u00fanica nos pr\u00f3ximos dias.<\/p>\n<p>Se voc\u00ea ainda usa o documento antigo ou precisa atualizar suas informa\u00e7\u00f5es, chegou o momento ideal para emitir a <a href=\"https:\/\/www.pensarcursos.com.br\/blog\/nova-carteira-de-identidade-nacional-substitui-rg-pelo-cpf-como-numero-unico\/\" target=\"_blank\" rel=\"noopener\">Nova Carteira de Identidade<\/a> e iniciar uma nova fase com agilidade e seguran\u00e7a refor\u00e7adas.<\/p>\n<h2>Por que este mutir\u00e3o \u00e9 uma oportunidade que n\u00e3o pode ser ignorada?<\/h2>\n<p>Ningu\u00e9m gosta de enfrentar filas longas em dias de semana ou pagar caro por um documento essencial, n\u00e3o \u00e9 mesmo? Agora, pessoas de todas as idades poder\u00e3o emitir gratuitamente a Nova Carteira de Identidade, um documento atualizado, moderno e mais seguro.<\/p>\n<p>Essa iniciativa disponibiliza ainda outros servi\u00e7os essenciais ao cidad\u00e3o, em um s\u00f3 lugar, com atendimento humano e orienta\u00e7\u00e3o de qualidade.<\/p>\n<h2>Qual a diferen\u00e7a da Nova Carteira de Identidade?<\/h2>\n<p>A Nova Carteira de Identidade Nacional (CIN) traz uma mudan\u00e7a fundamental: o n\u00famero do CPF passa a ser o \u00fanico identificador nacional, eliminando d\u00favidas e poss\u00edveis fraudes.<\/p>\n<p>Al\u00e9m das informa\u00e7\u00f5es pessoais essenciais, ela inclui dados importantes como tipo sangu\u00edneo, se o portador \u00e9 doador de \u00f3rg\u00e3os e condi\u00e7\u00f5es de sa\u00fade relevantes, como defici\u00eancias e o Transtorno do Espectro Autista (TEA). O novo documento possui validade conforme a idade do titular, refor\u00e7ando a seguran\u00e7a e organiza\u00e7\u00e3o das informa\u00e7\u00f5es.<\/p>\n<h2>Onde e quando obter a sua Nova Carteira de Identidade?<\/h2>\n<figure id=\"attachment_157906\" aria-describedby=\"caption-attachment-157906\" style=\"width: 1200px\" class=\"wp-caption aligncenter\"><img decoding=\"async\" class=\"wp-image-157906 size-full\" src=\"https:\/\/www.pensarcursos.com.br\/blog\/wp-content\/uploads\/2026\/04\/emissao-cin-bahia.webp\" alt=\"Mulher madura sorridente apresenta sua Nova Carteira de Identidade Nacional ao lado da chamada &quot;Nova Identidade&quot;, representando a campanha de emiss\u00e3o do documento.\" width=\"1200\" height=\"800\" srcset=\"https:\/\/www.pensarcursos.com.br\/blog\/wp-content\/uploads\/2026\/04\/emissao-cin-bahia.webp 1200w, https:\/\/www.pensarcursos.com.br\/blog\/wp-content\/uploads\/2026\/04\/emissao-cin-bahia-300x200.webp 300w, https:\/\/www.pensarcursos.com.br\/blog\/wp-content\/uploads\/2026\/04\/emissao-cin-bahia-1024x683.webp 1024w, https:\/\/www.pensarcursos.com.br\/blog\/wp-content\/uploads\/2026\/04\/emissao-cin-bahia-768x512.webp 768w, https:\/\/www.pensarcursos.com.br\/blog\/wp-content\/uploads\/2026\/04\/emissao-cin-bahia-750x500.webp 750w, https:\/\/www.pensarcursos.com.br\/blog\/wp-content\/uploads\/2026\/04\/emissao-cin-bahia-1140x760.webp 1140w\" sizes=\"(max-width: 1200px) 100vw, 1200px\" \/><figcaption id=\"caption-attachment-157906\" class=\"wp-caption-text\">A Nova Carteira de Identidade pode ser solicitada no posto de atendimento entre os dias 27 e 29 de abril de 2026. Imagem: Blog Pensar Cursos<\/figcaption><\/figure>\n<p>O mutir\u00e3o acontecer\u00e1 <strong>nos dias<\/strong>\u00a0<strong>27, 28 e 29 de abril de 2026. <\/strong>Logo na segunda-feira, dia 27, a equipe da Caravana de Direitos Humanos dar\u00e1 in\u00edcio ao mutir\u00e3o. O local de atendimento ser\u00e1 o Est\u00e1dio Municipal Ant\u00f4nio de Figueiredo Carneiro (Carneir\u00e3o), no Centro da cidade de Alagoinhas (BA).<\/p>\n<p>No primeiro dia (27), das 13h \u00e0s 17h, o atendimento ser\u00e1 exclusivo para comunidades rurais e tradicionais, mediante agendamento pr\u00e9vio.<\/p>\n<p>Nos dias 28 e 29 de abril, o atendimento se abre para todo o p\u00fablico, das 9h \u00e0s 16h. Cada dia contar\u00e1 com a distribui\u00e7\u00e3o de 120 senhas, garantindo organiza\u00e7\u00e3o e qualidade no servi\u00e7o prestado.<\/p>\n<h3>Outros documentos e servi\u00e7os tamb\u00e9m dispon\u00edveis<\/h3>\n<p>Al\u00e9m da <a href=\"https:\/\/www.pensarcursos.com.br\/blog\/novo-rg-veja-quem-deve-atualizar-a-nova-carteira-de-identidade-ate-30-de-abril\/\" target=\"_blank\" rel=\"noopener\">Nova Carteira de Identidade<\/a>, a a\u00e7\u00e3o oferece v\u00e1rios servi\u00e7os gratuitos e orienta\u00e7\u00f5es. Entre eles, emiss\u00e3o de segunda via de certid\u00f5es, documentos para jovens (ID Jovem), exames de DNA, renegocia\u00e7\u00e3o de d\u00edvidas, carteiras voltadas a pessoas com autismo (Ciptea) e Passe Livre para Pessoas com Defici\u00eancia (PCD).<\/p>\n<h2>Documentos e requisitos para emitir a Nova Carteira de Identidade<\/h2>\n<p>Para garantir sua nova identidade, \u00e9 fundamental chegar ao local portando os documentos necess\u00e1rios. Veja o que levar:<\/p>\n<ul>\n<li>Certid\u00e3o de nascimento original ou certid\u00e3o que comprove o estado civil atual;<\/li>\n<li>Se o documento estiver plastificado, tamb\u00e9m \u00e9 exigida uma c\u00f3pia;<\/li>\n<li>N\u00famero do CPF (indispens\u00e1vel para quem j\u00e1 possui o cadastro).<\/li>\n<\/ul>\n<p>Esteja atento: apenas com toda documenta\u00e7\u00e3o em m\u00e3os a emiss\u00e3o ser\u00e1 poss\u00edvel. Fique atento tamb\u00e9m ao limite de senhas di\u00e1rias para n\u00e3o perder a vez.<\/p>\n<h2>Quais as vantagens do novo documento?<\/h2>\n<p>Al\u00e9m da gratuidade na primeira via, a Nova Carteira de Identidade traz inova\u00e7\u00f5es que facilitam a vida do cidad\u00e3o:<\/p>\n<ul>\n<li>Documento v\u00e1lido em todo territ\u00f3rio nacional;<\/li>\n<li>Inclus\u00e3o de dados essenciais de sa\u00fade;<\/li>\n<li>Vers\u00e3o digital dispon\u00edvel no portal gov.br em at\u00e9 tr\u00eas dias \u00fateis ap\u00f3s emiss\u00e3o da via impressa;<\/li>\n<li>Validade diferenciada: cinco anos para menores de 12 anos, dez anos para quem tem entre 12 e 60 anos, e validade indeterminada para os maiores de 60.<\/li>\n<\/ul>\n<p>A praticidade do modelo digital permite acessar o documento pelo celular sempre que necess\u00e1rio, aumentando a seguran\u00e7a e agilidade no dia a dia.<\/p>\n<h2>Como funciona o atendimento e distribui\u00e7\u00e3o das senhas?<\/h2>\n<p>Para quem pertence a alguma comunidade rural ou tradicional, vale lembrar que o servi\u00e7o em 27 de abril demanda agendamento pr\u00e9vio. Nos dias 28 e 29, basta chegar cedo e retirar uma das 120 senhas distribu\u00eddas por dia.<\/p>\n<p>Chegando ao local, os atendentes v\u00e3o orientar sobre todos os servi\u00e7os dispon\u00edveis e direcionar o cidad\u00e3o conforme sua necessidade.<\/p>\n<h3>Dicas para um atendimento mais r\u00e1pido:<\/h3>\n<ul>\n<li>Leve os documentos obrigat\u00f3rios j\u00e1 separados;<\/li>\n<li>Chegue com anteced\u00eancia para garantir sua senha;<\/li>\n<li>Tenha o n\u00famero do CPF em m\u00e3os;<\/li>\n<li>Se precisar de outro servi\u00e7o, informe-se no in\u00edcio para agilizar o procedimento.<\/li>\n<\/ul>\n<h2>Quem pode participar e quem deve aproveitar a oportunidade?<\/h2>\n<p>Todo cidad\u00e3o que precisa da Nova Carteira de Identidade ou est\u00e1 com documento vencido deve considerar comparecer. Jovens, adultos, idosos, pessoas com defici\u00eancia ou condi\u00e7\u00f5es especiais t\u00eam suas demandas inclu\u00eddas. Familiar, amigo ou respons\u00e1vel legal pode acompanhar na solicita\u00e7\u00e3o, se necess\u00e1rio.<\/p>\n<p>Confira mais sobre a emiss\u00e3o da Nova Carteira de Identidade na p\u00e1gina inicial do <a href=\"https:\/\/www.pensarcursos.com.br\/blog\/\" target=\"_blank\" rel=\"noopener\"><strong>Blog Pensar Cursos<\/strong><\/a> e no v\u00eddeo abaixo:<\/p>\n<div class=\"jeg_video_container jeg_video_content\"><iframe title=\"O RG VAI ACABAR? Descubra o prazo real para trocar pela Nova Identidade (CIN) em 2026!\" width=\"500\" height=\"281\" src=\"https:\/\/www.youtube.com\/embed\/NgTbXBJ-iZ4?feature=oembed\" frameborder=\"0\" allow=\"accelerometer; autoplay; clipboard-write; encrypted-media; gyroscope; picture-in-picture; web-share\" referrerpolicy=\"strict-origin-when-cross-origin\" allowfullscreen><\/iframe><\/div>\n","protected":false},"excerpt":{"rendered":"<p>Voc\u00ea est\u00e1 pronto para garantir o seu novo documento de identidade sem nenhum custo?\u00a0Imagine resolver em poucos minutos um problema que tira o sono de muitos brasileiros. Quem busca facilidade e atendimento r\u00e1pido ter\u00e1 uma oportunidade \u00fanica nos pr\u00f3ximos dias. Se voc\u00ea ainda usa o documento antigo ou precisa atualizar suas informa\u00e7\u00f5es, chegou o momento [&hellip;]<\/p>\n","protected":false},"author":41,"featured_media":157907,"comment_status":"open","ping_status":"closed","sticky":false,"template":"","format":"standard","meta":{"jnews-multi-image_gallery":[],"jnews_single_post":{"format":"standard","override":[{"template":"1","parallax":"1","fullscreen":"1","layout":"right-sidebar","sidebar":"default-sidebar","second_sidebar":"default-sidebar","sticky_sidebar":"1","share_position":"topbottom","share_float_style":"share-monocrhome","show_featured":"1","show_post_meta":"1","show_post_author":"1","show_post_author_image":"1","show_post_date":"1","post_date_format":"default","post_date_format_custom":"Y\/m\/d","show_post_category":"1","post_reading_time_wpm":"300","post_calculate_word_method":"str_word_count","show_zoom_button":"0","zoom_button_out_step":"2","zoom_button_in_step":"3","show_post_tag":"1","show_prev_next_post":"1","show_popup_post":"1","show_comment_section":"1","number_popup_post":"2","show_author_box":"1","show_post_related":"1","show_inline_post_related":"1"}],"image_override":[{"single_post_thumbnail_size":"crop-500","single_post_gallery_size":"crop-500"}],"trending_post_position":"meta","trending_post_label":"Trending","sponsored_post_label":"Sponsored by","disable_ad":"0","subtitle":"Descubra como participar do mutir\u00e3o e emitir a Nova Carteira de Identidade nos dias 27, 28 e 29 de abril"},"jnews_primary_category":[],"jnews_social_meta":[],"jnews_override_counter":{"view_counter_number":"0","share_counter_number":"0","like_counter_number":"0","dislike_counter_number":"0"},"footnotes":""},"categories":[1691],"tags":[41813,38119,41812,41811],"class_list":["post-157896","post","type-post","status-publish","format-standard","has-post-thumbnail","hentry","category-direitos-do-trabalhador","tag-bahia-emissao-documentos-pessoais-2026","tag-emissao-gratuita-cin","tag-mutirao-alagoinhas-ba-abril-2026","tag-nova-carteira-de-identidade-ba"],"yoast_head":"<!-- This site is optimized with the Yoast SEO Premium plugin v27.4 (Yoast SEO v27.4) - https:\/\/yoast.com\/product\/yoast-seo-premium-wordpress\/ -->\n<title>Mutir\u00e3o de emiss\u00e3o gratuita da Nova Carteira de Identidade acontece nos dias 27, 28 e 29 de abril - Blog Pensar Cursos<\/title>\n<meta name=\"description\" content=\"Mutir\u00e3o de emiss\u00e3o gratuita da Nova Carteira de Identidade acontece nos dias 27, 28 e 29 de abril. Veja locais, hor\u00e1rios e requisito para garantir seu novo documento.\" \/>\n<meta name=\"robots\" content=\"index, follow, max-snippet:-1, max-image-preview:large, max-video-preview:-1\" \/>\n<link rel=\"canonical\" href=\"https:\/\/www.pensarcursos.com.br\/blog\/mutirao-de-emissao-gratuita-da-nova-carteira-de-identidade-acontece-nos-dias-27-28-e-29-de-abril\/\" \/>\n<meta property=\"og:locale\" content=\"pt_BR\" \/>\n<meta property=\"og:type\" content=\"article\" \/>\n<meta property=\"og:title\" content=\"Mutir\u00e3o de emiss\u00e3o gratuita da Nova Carteira de Identidade acontece nos dias 27, 28 e 29 de abril\" \/>\n<meta property=\"og:description\" content=\"Mutir\u00e3o de emiss\u00e3o gratuita da Nova Carteira de Identidade acontece nos dias 27, 28 e 29 de abril. Veja locais, hor\u00e1rios e requisito para garantir seu novo documento.\" \/>\n<meta property=\"og:url\" content=\"https:\/\/www.pensarcursos.com.br\/blog\/mutirao-de-emissao-gratuita-da-nova-carteira-de-identidade-acontece-nos-dias-27-28-e-29-de-abril\/\" \/>\n<meta property=\"og:site_name\" content=\"Blog Pensar Cursos\" \/>\n<meta property=\"article:publisher\" content=\"https:\/\/www.facebook.com\/pensarcursos\/\" \/>\n<meta property=\"article:published_time\" content=\"2026-04-26T15:29:51+00:00\" \/>\n<meta property=\"og:image\" content=\"https:\/\/www.pensarcursos.com.br\/blog\/wp-content\/uploads\/2026\/04\/mutirao-cin-alagoinhas-ba.webp\" \/>\n\t<meta property=\"og:image:width\" content=\"1200\" \/>\n\t<meta property=\"og:image:height\" content=\"800\" \/>\n\t<meta property=\"og:image:type\" content=\"image\/webp\" \/>\n<meta name=\"author\" content=\"F\u00e1tima Azevedo\" \/>\n<meta name=\"twitter:card\" content=\"summary_large_image\" \/>\n<meta name=\"twitter:label1\" content=\"Escrito por\" \/>\n\t<meta name=\"twitter:data1\" content=\"F\u00e1tima Azevedo\" \/>\n\t<meta name=\"twitter:label2\" content=\"Est. tempo de leitura\" \/>\n\t<meta name=\"twitter:data2\" content=\"5 minutos\" \/>\n<!-- \/ Yoast SEO Premium plugin. -->","yoast_head_json":{"title":"Mutir\u00e3o de emiss\u00e3o gratuita da Nova Carteira de Identidade acontece nos dias 27, 28 e 29 de abril - Blog Pensar Cursos","description":"Mutir\u00e3o de emiss\u00e3o gratuita da Nova Carteira de Identidade acontece nos dias 27, 28 e 29 de abril. Veja locais, hor\u00e1rios e requisito para garantir seu novo documento.","robots":{"index":"index","follow":"follow","max-snippet":"max-snippet:-1","max-image-preview":"max-image-preview:large","max-video-preview":"max-video-preview:-1"},"canonical":"https:\/\/www.pensarcursos.com.br\/blog\/mutirao-de-emissao-gratuita-da-nova-carteira-de-identidade-acontece-nos-dias-27-28-e-29-de-abril\/","og_locale":"pt_BR","og_type":"article","og_title":"Mutir\u00e3o de emiss\u00e3o gratuita da Nova Carteira de Identidade acontece nos dias 27, 28 e 29 de abril","og_description":"Mutir\u00e3o de emiss\u00e3o gratuita da Nova Carteira de Identidade acontece nos dias 27, 28 e 29 de abril. Veja locais, hor\u00e1rios e requisito para garantir seu novo documento.","og_url":"https:\/\/www.pensarcursos.com.br\/blog\/mutirao-de-emissao-gratuita-da-nova-carteira-de-identidade-acontece-nos-dias-27-28-e-29-de-abril\/","og_site_name":"Blog Pensar Cursos","article_publisher":"https:\/\/www.facebook.com\/pensarcursos\/","article_published_time":"2026-04-26T15:29:51+00:00","og_image":[{"width":1200,"height":800,"url":"https:\/\/www.pensarcursos.com.br\/blog\/wp-content\/uploads\/2026\/04\/mutirao-cin-alagoinhas-ba.webp","type":"image\/webp"}],"author":"F\u00e1tima Azevedo","twitter_card":"summary_large_image","twitter_misc":{"Escrito por":"F\u00e1tima Azevedo","Est. tempo de leitura":"5 minutos"},"schema":{"@context":"https:\/\/schema.org","@graph":[{"@type":["Article","BlogPosting"],"@id":"https:\/\/www.pensarcursos.com.br\/blog\/mutirao-de-emissao-gratuita-da-nova-carteira-de-identidade-acontece-nos-dias-27-28-e-29-de-abril\/#article","isPartOf":{"@id":"https:\/\/www.pensarcursos.com.br\/blog\/mutirao-de-emissao-gratuita-da-nova-carteira-de-identidade-acontece-nos-dias-27-28-e-29-de-abril\/"},"author":{"name":"F\u00e1tima Azevedo","@id":"https:\/\/www.pensarcursos.com.br\/blog\/#\/schema\/person\/827343e4611913410dcf62144b5b2a2d"},"headline":"Mutir\u00e3o de emiss\u00e3o gratuita da Nova Carteira de Identidade acontece nos dias 27, 28 e 29 de abril","datePublished":"2026-04-26T15:29:51+00:00","mainEntityOfPage":{"@id":"https:\/\/www.pensarcursos.com.br\/blog\/mutirao-de-emissao-gratuita-da-nova-carteira-de-identidade-acontece-nos-dias-27-28-e-29-de-abril\/"},"wordCount":904,"commentCount":0,"publisher":{"@id":"https:\/\/www.pensarcursos.com.br\/blog\/#organization"},"image":{"@id":"https:\/\/www.pensarcursos.com.br\/blog\/mutirao-de-emissao-gratuita-da-nova-carteira-de-identidade-acontece-nos-dias-27-28-e-29-de-abril\/#primaryimage"},"thumbnailUrl":"https:\/\/www.pensarcursos.com.br\/blog\/wp-content\/uploads\/2026\/04\/mutirao-cin-alagoinhas-ba.webp","keywords":["bahia emiss\u00e3o documentos pessoais 2026","emiss\u00e3o gratuita cin","mutir\u00e3o alagoinhas ba abril 2026","Nova Carteira de Identidade ba"],"articleSection":["Direitos do Trabalhador"],"inLanguage":"pt-BR","potentialAction":[{"@type":"CommentAction","name":"Comment","target":["https:\/\/www.pensarcursos.com.br\/blog\/mutirao-de-emissao-gratuita-da-nova-carteira-de-identidade-acontece-nos-dias-27-28-e-29-de-abril\/#respond"]}],"copyrightYear":"2026","copyrightHolder":{"@id":"https:\/\/www.pensarcursos.com.br\/blog\/#organization"}},{"@type":"WebPage","@id":"https:\/\/www.pensarcursos.com.br\/blog\/mutirao-de-emissao-gratuita-da-nova-carteira-de-identidade-acontece-nos-dias-27-28-e-29-de-abril\/","url":"https:\/\/www.pensarcursos.com.br\/blog\/mutirao-de-emissao-gratuita-da-nova-carteira-de-identidade-acontece-nos-dias-27-28-e-29-de-abril\/","name":"Mutir\u00e3o de emiss\u00e3o gratuita da Nova Carteira de Identidade acontece nos dias 27, 28 e 29 de abril - Blog Pensar Cursos","isPartOf":{"@id":"https:\/\/www.pensarcursos.com.br\/blog\/#website"},"primaryImageOfPage":{"@id":"https:\/\/www.pensarcursos.com.br\/blog\/mutirao-de-emissao-gratuita-da-nova-carteira-de-identidade-acontece-nos-dias-27-28-e-29-de-abril\/#primaryimage"},"image":{"@id":"https:\/\/www.pensarcursos.com.br\/blog\/mutirao-de-emissao-gratuita-da-nova-carteira-de-identidade-acontece-nos-dias-27-28-e-29-de-abril\/#primaryimage"},"thumbnailUrl":"https:\/\/www.pensarcursos.com.br\/blog\/wp-content\/uploads\/2026\/04\/mutirao-cin-alagoinhas-ba.webp","datePublished":"2026-04-26T15:29:51+00:00","description":"Mutir\u00e3o de emiss\u00e3o gratuita da Nova Carteira de Identidade acontece nos dias 27, 28 e 29 de abril. Veja locais, hor\u00e1rios e requisito para garantir seu novo documento.","breadcrumb":{"@id":"https:\/\/www.pensarcursos.com.br\/blog\/mutirao-de-emissao-gratuita-da-nova-carteira-de-identidade-acontece-nos-dias-27-28-e-29-de-abril\/#breadcrumb"},"inLanguage":"pt-BR","potentialAction":[{"@type":"ReadAction","target":["https:\/\/www.pensarcursos.com.br\/blog\/mutirao-de-emissao-gratuita-da-nova-carteira-de-identidade-acontece-nos-dias-27-28-e-29-de-abril\/"]}]},{"@type":"ImageObject","inLanguage":"pt-BR","@id":"https:\/\/www.pensarcursos.com.br\/blog\/mutirao-de-emissao-gratuita-da-nova-carteira-de-identidade-acontece-nos-dias-27-28-e-29-de-abril\/#primaryimage","url":"https:\/\/www.pensarcursos.com.br\/blog\/wp-content\/uploads\/2026\/04\/mutirao-cin-alagoinhas-ba.webp","contentUrl":"https:\/\/www.pensarcursos.com.br\/blog\/wp-content\/uploads\/2026\/04\/mutirao-cin-alagoinhas-ba.webp","width":1200,"height":800,"caption":"Mutir\u00e3o de emiss\u00e3o gratuita da Nova Carteira de Identidade acontece nos dias 27, 28 e 29 de abril; veja como participar. Imagem: Blog Pensar Cursos"},{"@type":"BreadcrumbList","@id":"https:\/\/www.pensarcursos.com.br\/blog\/mutirao-de-emissao-gratuita-da-nova-carteira-de-identidade-acontece-nos-dias-27-28-e-29-de-abril\/#breadcrumb","itemListElement":[{"@type":"ListItem","position":1,"name":"Home","item":"https:\/\/www.pensarcursos.com.br\/blog\/"},{"@type":"ListItem","position":2,"name":"Mutir\u00e3o de emiss\u00e3o gratuita da Nova Carteira de Identidade acontece nos dias 27, 28 e 29 de abril"}]},{"@type":"WebSite","@id":"https:\/\/www.pensarcursos.com.br\/blog\/#website","url":"https:\/\/www.pensarcursos.com.br\/blog\/","name":"Blog Pensar Cursos","description":"Maior Site de Cursos do Brasil","publisher":{"@id":"https:\/\/www.pensarcursos.com.br\/blog\/#organization"},"alternateName":"Blog Pensar","potentialAction":[{"@type":"SearchAction","target":{"@type":"EntryPoint","urlTemplate":"https:\/\/www.pensarcursos.com.br\/blog\/?s={search_term_string}"},"query-input":{"@type":"PropertyValueSpecification","valueRequired":true,"valueName":"search_term_string"}}],"inLanguage":"pt-BR"},{"@type":"Organization","@id":"https:\/\/www.pensarcursos.com.br\/blog\/#organization","name":"Pensar Cursos","alternateName":"Blog pensar","url":"https:\/\/www.pensarcursos.com.br\/blog\/","logo":{"@type":"ImageObject","inLanguage":"pt-BR","@id":"https:\/\/www.pensarcursos.com.br\/blog\/#\/schema\/logo\/image\/","url":"https:\/\/www.pensarcursos.com.br\/blog\/wp-content\/uploads\/2023\/11\/Nova-Logo-Pensar-Cursos-vertical.png","contentUrl":"https:\/\/www.pensarcursos.com.br\/blog\/wp-content\/uploads\/2023\/11\/Nova-Logo-Pensar-Cursos-vertical.png","width":1393,"height":1001,"caption":"Pensar Cursos"},"image":{"@id":"https:\/\/www.pensarcursos.com.br\/blog\/#\/schema\/logo\/image\/"},"sameAs":["https:\/\/www.facebook.com\/pensarcursos\/","https:\/\/instagram.com.br\/pensarcursos"],"description":"Pensar Cursos \u00e9 uma empresa especializada em oferecer cursos de alta qualidade voltados para o desenvolvimento profissional e acad\u00eamico. Com uma ampla gama de op\u00e7\u00f5es de treinamento, oferecemos conte\u00fados atualizados, ministrados por especialistas da \u00e1rea, para capacitar indiv\u00edduos e equipes a atingirem seus objetivos. Nossa miss\u00e3o \u00e9 proporcionar uma educa\u00e7\u00e3o transformadora, acess\u00edvel e personalizada para cada aluno, seja em cursos presenciais ou online. Com uma abordagem inovadora, buscamos adaptar os nossos programas de ensino \u00e0s necessidades do mercado, criando solu\u00e7\u00f5es que atendem aos desafios e exig\u00eancias do mundo corporativo e acad\u00eamico. Nossos cursos incluem desde forma\u00e7\u00f5es t\u00e9cnicas at\u00e9 habilidades essenciais, como lideran\u00e7a, gest\u00e3o e desenvolvimento pessoal.","email":"contato@pensarcursos.com.br","legalName":"Sena Servi\u00e7os de Informa\u00e7\u00e3o Online LTDA","foundingDate":"2013-04-18","vatID":"17956217000172","numberOfEmployees":{"@type":"QuantitativeValue","minValue":"11","maxValue":"50"},"publishingPrinciples":"https:\/\/www.pensarcursos.com.br\/blog\/principios-de-publicacao\/","ownershipFundingInfo":"https:\/\/www.pensarcursos.com.br\/blog\/informacoes-de-propriedade-financiamento\/","actionableFeedbackPolicy":"https:\/\/www.pensarcursos.com.br\/blog\/politica-de-feedback-acionavel\/","correctionsPolicy":"https:\/\/www.pensarcursos.com.br\/blog\/politica-de-correcoes\/","ethicsPolicy":"https:\/\/www.pensarcursos.com.br\/blog\/politica-de-etica\/"},{"@type":"Person","@id":"https:\/\/www.pensarcursos.com.br\/blog\/#\/schema\/person\/827343e4611913410dcf62144b5b2a2d","name":"F\u00e1tima Azevedo","image":{"@type":"ImageObject","inLanguage":"pt-BR","@id":"https:\/\/secure.gravatar.com\/avatar\/ea820c84e212573cc3f119ba576278fe7ad07b69ed7ca0c33223662227bb77ca?s=96&d=mm&r=g","url":"https:\/\/secure.gravatar.com\/avatar\/ea820c84e212573cc3f119ba576278fe7ad07b69ed7ca0c33223662227bb77ca?s=96&d=mm&r=g","contentUrl":"https:\/\/secure.gravatar.com\/avatar\/ea820c84e212573cc3f119ba576278fe7ad07b69ed7ca0c33223662227bb77ca?s=96&d=mm&r=g","caption":"F\u00e1tima Azevedo"},"description":"Graduada em Ci\u00eancias Biol\u00f3gicas. Professora. Redatora grupo Sena Online.","sameAs":["https:\/\/www.linkedin.com\/in\/maria-de-f\u00e1tima-oliveira-da-costa-74a1692a7"],"url":"https:\/\/www.pensarcursos.com.br\/blog\/author\/fatima\/"}]}},"_links":{"self":[{"href":"https:\/\/www.pensarcursos.com.br\/blog\/wp-json\/wp\/v2\/posts\/157896","targetHints":{"allow":["GET"]}}],"collection":[{"href":"https:\/\/www.pensarcursos.com.br\/blog\/wp-json\/wp\/v2\/posts"}],"about":[{"href":"https:\/\/www.pensarcursos.com.br\/blog\/wp-json\/wp\/v2\/types\/post"}],"author":[{"embeddable":true,"href":"https:\/\/www.pensarcursos.com.br\/blog\/wp-json\/wp\/v2\/users\/41"}],"replies":[{"embeddable":true,"href":"https:\/\/www.pensarcursos.com.br\/blog\/wp-json\/wp\/v2\/comments?post=157896"}],"version-history":[{"count":1,"href":"https:\/\/www.pensarcursos.com.br\/blog\/wp-json\/wp\/v2\/posts\/157896\/revisions"}],"predecessor-version":[{"id":157915,"href":"https:\/\/www.pensarcursos.com.br\/blog\/wp-json\/wp\/v2\/posts\/157896\/revisions\/157915"}],"wp:featuredmedia":[{"embeddable":true,"href":"https:\/\/www.pensarcursos.com.br\/blog\/wp-json\/wp\/v2\/media\/157907"}],"wp:attachment":[{"href":"https:\/\/www.pensarcursos.com.br\/blog\/wp-json\/wp\/v2\/media?parent=157896"}],"wp:term":[{"taxonomy":"category","embeddable":true,"href":"https:\/\/www.pensarcursos.com.br\/blog\/wp-json\/wp\/v2\/categories?post=157896"},{"taxonomy":"post_tag","embeddable":true,"href":"https:\/\/www.pensarcursos.com.br\/blog\/wp-json\/wp\/v2\/tags?post=157896"}],"curies":[{"name":"wp","href":"https:\/\/api.w.org\/{rel}","templated":true}]}}