{"id":157894,"date":"2026-04-26T13:29:13","date_gmt":"2026-04-26T16:29:13","guid":{"rendered":"https:\/\/www.pensarcursos.com.br\/blog\/?p=157894"},"modified":"2026-04-25T09:39:19","modified_gmt":"2026-04-25T12:39:19","slug":"saiu-edital-novo-concurso-guarda-municipal-com-salario-de-r-46-mil-abre-inscricoes-nesta-segunda-feira-27","status":"publish","type":"post","link":"https:\/\/www.pensarcursos.com.br\/blog\/saiu-edital-novo-concurso-guarda-municipal-com-salario-de-r-46-mil-abre-inscricoes-nesta-segunda-feira-27\/","title":{"rendered":"SAIU EDITAL! Novo concurso Guarda Municipal com sal\u00e1rio de R$ 4,6 mil abre inscri\u00e7\u00f5es nesta segunda-feira (27)"},"content":{"rendered":"<p>A Guarda Municipal acaba de abrir um novo concurso p\u00fablico com sal\u00e1rio inicial superior a R$ 4,6 mil e exig\u00eancia de ensino superior em qualquer \u00e1rea!<\/p>\n<p>O edital foi publicado nesta semana e oferece quatro vagas imediatas, al\u00e9m de cadastro de reserva. As inscri\u00e7\u00f5es come\u00e7am nesta segunda-feira (27) e seguem abertas at\u00e9 o m\u00eas de julho.<\/p>\n<p>Ficou interessado? Continue a leitura e veja todos os detalhes do edital, incluindo cargo, requisitos, remunera\u00e7\u00e3o, benef\u00edcios e fases da sele\u00e7\u00e3o!<\/p>\n<h2>Detalhes sobre o concurso da Guarda Municipal<\/h2>\n<p>A organiza\u00e7\u00e3o do concurso ficar\u00e1 a cargo da Fundatec, banca contratada pela prefeitura para conduzir todas as etapas do processo seletivo. A sele\u00e7\u00e3o destina-se exclusivamente ao provimento do cargo de <a href=\"https:\/\/www.pensarcursos.com.br\/blog\/saiu-edital-novo-concurso-abriu-25-vagas-para-a-guarda-municipal-e-oportunidades-para-outros-cargos-salarios-de-ate-r-8-mil\/\" target=\"_blank\" rel=\"noopener\">Guarda Municipal<\/a>, com forma\u00e7\u00e3o adicional de cadastro de reserva.<\/p>\n<p>Ao todo, s\u00e3o oferecidas quatro vagas imediatas para ampla concorr\u00eancia, mais cadastro de reserva. Al\u00e9m disso, h\u00e1 reserva de 20% das vagas para Pessoas com Defici\u00eancia (PCD) e outros 20% para o g\u00eanero feminino, conforme legisla\u00e7\u00e3o municipal vigente.<\/p>\n<p>O regime de contrata\u00e7\u00e3o \u00e9 estatut\u00e1rio, com carga hor\u00e1ria semanal de 40 horas. Al\u00e9m disso, o cargo est\u00e1 sujeito a trabalho externo, regime de plant\u00e3o, atendimento ao p\u00fablico, uso de uniforme e uso de equipamento de prote\u00e7\u00e3o individual.<\/p>\n<h3>Vagas ofertadas no concurso<\/h3>\n<p>O edital contempla um \u00fanico cargo, distribu\u00eddo da seguinte forma:<\/p>\n<ul>\n<li>Guarda Municipal: 4 vagas imediatas + cadastro de reserva<\/li>\n<\/ul>\n<p>As nomea\u00e7\u00f5es seguir\u00e3o a ordem de classifica\u00e7\u00e3o final, respeitando os percentuais reservados \u00e0s cotas. Ap\u00f3s o preenchimento das vagas imediatas, o cadastro de reserva pode ser convocado conforme necessidade da administra\u00e7\u00e3o, dentro do prazo de validade do certame.<\/p>\n<h2>Requisitos para se candidatar<\/h2>\n<p>Para concorrer a uma vaga na Guarda Municipal, o candidato precisa atender a uma s\u00e9rie de requisitos previstos no edital. Em primeiro lugar, \u00e9 exigido n\u00edvel superior completo em qualquer \u00e1rea de forma\u00e7\u00e3o.<\/p>\n<p>Tamb\u00e9m \u00e9 necess\u00e1rio ter idade m\u00ednima de 18 anos e m\u00e1xima de 35 anos, al\u00e9m de possuir Carteira Nacional de Habilita\u00e7\u00e3o (CNH) na categoria &#8220;AB&#8221; ou superior. Outro ponto importante \u00e9 a aprova\u00e7\u00e3o em exame de aptid\u00e3o f\u00edsica e psicol\u00f3gica compat\u00edvel com o cargo.<\/p>\n<p>Resumindo, os principais requisitos s\u00e3o:<\/p>\n<ul>\n<li>Idade m\u00ednima de 18 anos e m\u00e1xima de 35 anos;<\/li>\n<li>Ensino superior completo em qualquer \u00e1rea;<\/li>\n<li>CNH categoria &#8220;AB&#8221; ou superior;<\/li>\n<li>Aprova\u00e7\u00e3o em exame de aptid\u00e3o f\u00edsica e psicol\u00f3gica;<\/li>\n<li>Conclus\u00e3o, com aproveitamento, do curso de capacita\u00e7\u00e3o t\u00e9cnico-profissional e f\u00edsica oferecido pelo Munic\u00edpio;<\/li>\n<li>N\u00e3o registrar senten\u00e7a penal condenat\u00f3ria transitada em julgado por crimes de alto e alt\u00edssimo potencial ofensivo.<\/li>\n<\/ul>\n<p>Por fim, o candidato deve atender aos demais requisitos legais para investidura em cargo p\u00fablico, como nacionalidade brasileira, quita\u00e7\u00e3o eleitoral e regularidade com obriga\u00e7\u00f5es militares, quando aplic\u00e1vel.<\/p>\n<h2>Remunera\u00e7\u00e3o e benef\u00edcios previstos no edital<\/h2>\n<p>O sal\u00e1rio inicial para o cargo de Guarda Municipal \u00e9 de R$ 4.697,99, com base na tabela de abril de 2026. O valor corresponde a uma jornada de 40 horas semanais.<\/p>\n<p>Al\u00e9m do vencimento b\u00e1sico, os servidores nomeados ter\u00e3o direito a um pacote de benef\u00edcios previstos em legisla\u00e7\u00e3o municipal. Entre eles, destacam-se:<\/p>\n<ul>\n<li>Plano de sa\u00fade, conforme Lei Municipal n\u00ba 1.556\/2002;<\/li>\n<li>Adicional de risco de vida de 30% sobre o vencimento padr\u00e3o da classe inicial de carreira;<\/li>\n<li>Subven\u00e7\u00e3o aliment\u00edcia, nos termos da Lei Municipal n\u00ba 4.525\/2026;<\/li>\n<li>Previd\u00eancia complementar, conforme Lei Municipal n\u00ba 3.922\/2022.<\/li>\n<\/ul>\n<h2>Inscri\u00e7\u00f5es; veja como participar<\/h2>\n<figure id=\"attachment_157897\" aria-describedby=\"caption-attachment-157897\" style=\"width: 1200px\" class=\"wp-caption aligncenter\"><img decoding=\"async\" class=\"wp-image-157897 size-full\" src=\"https:\/\/www.pensarcursos.com.br\/blog\/wp-content\/uploads\/2026\/04\/inscricoes-guarda-municipal-carlos-barbosa.webp\" alt=\"Concurso GCM Carlos Barbosa abre vagas com sal\u00e1rio de R$ 4,6 mil.\" width=\"1200\" height=\"800\" srcset=\"https:\/\/www.pensarcursos.com.br\/blog\/wp-content\/uploads\/2026\/04\/inscricoes-guarda-municipal-carlos-barbosa.webp 1200w, https:\/\/www.pensarcursos.com.br\/blog\/wp-content\/uploads\/2026\/04\/inscricoes-guarda-municipal-carlos-barbosa-300x200.webp 300w, https:\/\/www.pensarcursos.com.br\/blog\/wp-content\/uploads\/2026\/04\/inscricoes-guarda-municipal-carlos-barbosa-1024x683.webp 1024w, https:\/\/www.pensarcursos.com.br\/blog\/wp-content\/uploads\/2026\/04\/inscricoes-guarda-municipal-carlos-barbosa-768x512.webp 768w, https:\/\/www.pensarcursos.com.br\/blog\/wp-content\/uploads\/2026\/04\/inscricoes-guarda-municipal-carlos-barbosa-750x500.webp 750w, https:\/\/www.pensarcursos.com.br\/blog\/wp-content\/uploads\/2026\/04\/inscricoes-guarda-municipal-carlos-barbosa-1140x760.webp 1140w\" sizes=\"(max-width: 1200px) 100vw, 1200px\" \/><figcaption id=\"caption-attachment-157897\" class=\"wp-caption-text\">Concurso GCM Carlos Barbosa oferece quatro vagas imediatas e cadastro de reserva, com sal\u00e1rio inicial de R$ 4.697,99. Imagem: Blog Pensar Cursos<\/figcaption><\/figure>\n<p>As inscri\u00e7\u00f5es poder\u00e3o ser realizadas de <strong>27 de abril a 26 de maio de 2026<\/strong>, exclusivamente pela internet, no site da <a href=\"https:\/\/www.fundatec.org.br\/portal\/concursos\/index_concursos.php?concurso=1049\" target=\"_blank\" rel=\"noopener\">Fundatec<\/a>, banca respons\u00e1vel pela organiza\u00e7\u00e3o do certame voltado \u00e0 <strong>Prefeitura de Carlos Barbosa, no Rio Grande do Sul<\/strong>.<\/p>\n<p>Confira os principais detalhes:<\/p>\n<ul>\n<li>Per\u00edodo de inscri\u00e7\u00e3o: de 27 de abril a 26 de maio de 2026;<\/li>\n<li>Local: site oficial da Fundatec;<\/li>\n<li>Taxa de inscri\u00e7\u00e3o: R$ 180,00;<\/li>\n<li>Forma de pagamento: boleto banc\u00e1rio ou QR Code Pix h\u00edbrido;<\/li>\n<li>\u00daltimo dia para pagamento: 27 de maio de 2026;<\/li>\n<li>Documentos exigidos: ficha online preenchida e foto digital atualizada.<\/li>\n<\/ul>\n<p>Logo ap\u00f3s a confirma\u00e7\u00e3o do pagamento, o candidato pode consultar a homologa\u00e7\u00e3o no site da banca. Vale destacar que interessados em concorrer \u00e0s cotas de Pessoa com Defici\u00eancia precisam enviar laudo m\u00e9dico no per\u00edodo determinado, sob pena de perderem o direito \u00e0 reserva no munic\u00edpio ga\u00facho.<\/p>\n<h2>Processo de sele\u00e7\u00e3o &#8211; etapas avaliativas<\/h2>\n<p>O concurso ser\u00e1 composto por seis etapas distintas, sendo algumas eliminat\u00f3rias e outras classificat\u00f3rias. Em primeiro lugar, todos os inscritos passam pela prova te\u00f3rico-objetiva, que tem car\u00e1ter eliminat\u00f3rio e classificat\u00f3rio.<\/p>\n<p>Em seguida, o cronograma prev\u00ea as seguintes fases:<\/p>\n<ul>\n<li>Prova Te\u00f3rico-Objetiva: car\u00e1ter eliminat\u00f3rio e classificat\u00f3rio;<\/li>\n<li>Prova de T\u00edtulos: car\u00e1ter classificat\u00f3rio, para os aprovados na objetiva;<\/li>\n<li>Teste de Aptid\u00e3o F\u00edsica (TAF): car\u00e1ter eliminat\u00f3rio;<\/li>\n<li>Avalia\u00e7\u00e3o Psicol\u00f3gica: car\u00e1ter eliminat\u00f3rio;<\/li>\n<li>Avalia\u00e7\u00e3o Psicol\u00f3gica para Porte de Arma: car\u00e1ter eliminat\u00f3rio;<\/li>\n<li>Investiga\u00e7\u00e3o Social: car\u00e1ter eliminat\u00f3rio.<\/li>\n<\/ul>\n<p>A prova te\u00f3rico-objetiva est\u00e1 prevista para <strong>26 de julho de 2026<\/strong>, com 60 quest\u00f5es distribu\u00eddas entre L\u00edngua Portuguesa, Legisla\u00e7\u00e3o, Inform\u00e1tica, Matem\u00e1tica\/Racioc\u00ednio L\u00f3gico e Conhecimentos Espec\u00edficos. Para ser aprovado, o candidato precisa atingir, no m\u00ednimo, <strong>54 pontos<\/strong>.<\/p>\n<p>O Teste de Aptid\u00e3o F\u00edsica exige desempenho m\u00ednimo em tr\u00eas exerc\u00edcios:<\/p>\n<ul>\n<li>Corrida: 2.400 metros (masculino) ou 2.000 metros (feminino) em at\u00e9 12 minutos;<\/li>\n<li>Flex\u00f5es abdominais: 25 repeti\u00e7\u00f5es (masculino) ou 17 (feminino);<\/li>\n<li>Flex\u00f5es de bra\u00e7o: 15 repeti\u00e7\u00f5es (masculino) ou 10 (feminino).<\/li>\n<\/ul>\n<p>Ap\u00f3s a homologa\u00e7\u00e3o do resultado final, os candidatos convocados ainda passar\u00e3o pelo Curso de Forma\u00e7\u00e3o T\u00e9cnico-Profissional e Capacita\u00e7\u00e3o F\u00edsica, oferecido pelo Munic\u00edpio, que tamb\u00e9m tem car\u00e1ter eliminat\u00f3rio.<\/p>\n<h2>Validade do concurso GCM<\/h2>\n<p>O concurso ter\u00e1 validade de<strong> dois anos<\/strong>, contados a partir da data de publica\u00e7\u00e3o do Edital de Homologa\u00e7\u00e3o do Resultado Final. Al\u00e9m disso, o prazo poder\u00e1 ser prorrogado por igual per\u00edodo, uma \u00fanica vez, a crit\u00e9rio do Prefeito Municipal.<\/p>\n<p>Durante esse intervalo, os aprovados no cadastro de reserva poder\u00e3o ser convocados conforme a necessidade da administra\u00e7\u00e3o e a abertura de novas vagas.<\/p>\n<h2>Resumo do concurso<\/h2>\n<p>Para facilitar a consulta, veja a tabela com as principais informa\u00e7\u00f5es do certame:<\/p>\n<table>\n<thead>\n<tr>\n<th scope=\"col\"><strong>Concurso GCM Carlos Barbosa<\/strong><\/th>\n<th scope=\"col\"><\/th>\n<\/tr>\n<\/thead>\n<tbody>\n<tr>\n<td>Status<\/td>\n<td>Concurso aberto (edital publicado)<\/td>\n<\/tr>\n<tr>\n<td>Banca<\/td>\n<td>Fundatec<\/td>\n<\/tr>\n<tr>\n<td>Cargo<\/td>\n<td>Guarda Municipal<\/td>\n<\/tr>\n<tr>\n<td>Escolaridade<\/td>\n<td>Ensino Superior Completo em qualquer \u00e1rea<\/td>\n<\/tr>\n<tr>\n<td>Vagas<\/td>\n<td>4 vagas + cadastro de reserva<\/td>\n<\/tr>\n<tr>\n<td>Sal\u00e1rio inicial<\/td>\n<td>R$ 4.697,99<\/td>\n<\/tr>\n<tr>\n<td>Inscri\u00e7\u00f5es<\/td>\n<td>27 de abril a 26 de maio de 2026<\/td>\n<\/tr>\n<tr>\n<td>Taxa de inscri\u00e7\u00e3o<\/td>\n<td>R$ 180,00<\/td>\n<\/tr>\n<tr>\n<td>Data da prova objetiva<\/td>\n<td>26 de julho de 2026 (data prov\u00e1vel)<\/td>\n<\/tr>\n<tr>\n<td>Edital<\/td>\n<td><a href=\"https:\/\/www.pensarcursos.com.br\/blog\/wp-content\/uploads\/2026\/04\/edital-de-abertura-concurso-guarda.pdf\" target=\"_blank\" rel=\"noopener\">Concurso GCM Carlos Barbosa<\/a><\/td>\n<\/tr>\n<\/tbody>\n<\/table>\n<h2>Dicas para quem deseja participar do concurso<\/h2>\n<p>Antes de mergulhar nos estudos, vale separar um tempo para organizar a estrat\u00e9gia. Pequenos cuidados no in\u00edcio fazem diferen\u00e7a l\u00e1 na frente, principalmente em concursos com v\u00e1rias etapas eliminat\u00f3rias. Confira os pontos que merecem aten\u00e7\u00e3o:<\/p>\n<ul>\n<li><strong>Leia o edital com calma:<\/strong> percorra o documento do in\u00edcio ao fim e destaque as datas mais importantes em uma agenda ou planilha;<\/li>\n<li><strong>Mapeie o conte\u00fado program\u00e1tico:<\/strong> identifique quais mat\u00e9rias t\u00eam maior peso e priorize-as no planejamento de estudos;<\/li>\n<li><strong>Acompanhe o site da banca:<\/strong> o canal oficial traz cronograma, retifica\u00e7\u00f5es e convoca\u00e7\u00f5es para cada etapa;<\/li>\n<li><strong>Use materiais confi\u00e1veis:<\/strong> prefira fontes reconhecidas, livros indicados e plataformas com bom hist\u00f3rico;<\/li>\n<li><strong>Troque d\u00favidas com outros candidatos:<\/strong> grupos de estudo ajudam a esclarecer pontos dif\u00edceis e mant\u00eam a motiva\u00e7\u00e3o em alta;<\/li>\n<li><strong>Fa\u00e7a simulados com regularidade:<\/strong> treinar com provas anteriores ajuda a entender o estilo da banca e melhora o controle do tempo.<\/li>\n<\/ul>\n<p>Saiu o edital e bateu aquela d\u00favida sobre por onde come\u00e7ar? Calma, voc\u00ea n\u00e3o precisa descobrir tudo sozinho. No v\u00eddeo abaixo, voc\u00ea confere <strong>6 passos pr\u00e1ticos<\/strong> que v\u00e3o te ajudar a montar uma rotina de estudos eficiente desde o primeiro dia, sem se perder no meio de tantas mat\u00e9rias:<\/p>\n<div class=\"jeg_video_container jeg_video_content\"><iframe title=\"Saiu o edital do concurso: por onde come\u00e7ar a estudar? 6 passos que voc\u00ea PRECISA seguir\" width=\"500\" height=\"281\" src=\"https:\/\/www.youtube.com\/embed\/FGl66-VUgps?feature=oembed\" frameborder=\"0\" allow=\"accelerometer; autoplay; clipboard-write; encrypted-media; gyroscope; picture-in-picture; web-share\" referrerpolicy=\"strict-origin-when-cross-origin\" allowfullscreen><\/iframe><\/div>\n<p>E n\u00e3o pare por aqui. Continue navegando pelo <a href=\"https:\/\/www.pensarcursos.com.br\/blog\" target=\"_blank\" rel=\"noopener\"><strong>Blog Pensar Cursos<\/strong><\/a> para acompanhar novos editais, dicas de estudo, materiais gratuitos e tudo o que pode te ajudar a transformar o sonho da aprova\u00e7\u00e3o em realidade. A sua pr\u00f3xima oportunidade pode estar a apenas um clique de dist\u00e2ncia!<\/p>\n","protected":false},"excerpt":{"rendered":"<p>A Guarda Municipal acaba de abrir um novo concurso p\u00fablico com sal\u00e1rio inicial superior a R$ 4,6 mil e exig\u00eancia de ensino superior em qualquer \u00e1rea! O edital foi publicado nesta semana e oferece quatro vagas imediatas, al\u00e9m de cadastro de reserva. As inscri\u00e7\u00f5es come\u00e7am nesta segunda-feira (27) e seguem abertas at\u00e9 o m\u00eas de [&hellip;]<\/p>\n","protected":false},"author":60,"featured_media":157898,"comment_status":"open","ping_status":"closed","sticky":false,"template":"","format":"standard","meta":{"jnews-multi-image_gallery":[],"jnews_single_post":{"format":"standard","override":[{"template":"1","parallax":"1","fullscreen":"1","layout":"right-sidebar","sidebar":"default-sidebar","second_sidebar":"default-sidebar","sticky_sidebar":"1","share_position":"topbottom","share_float_style":"share-monocrhome","show_featured":"1","show_post_meta":"1","show_post_author":"1","show_post_author_image":"1","show_post_date":"1","post_date_format":"default","post_date_format_custom":"Y\/m\/d","show_post_category":"1","post_reading_time_wpm":"300","post_calculate_word_method":"str_word_count","show_zoom_button":"0","zoom_button_out_step":"2","zoom_button_in_step":"3","show_post_tag":"1","show_prev_next_post":"1","show_popup_post":"1","show_comment_section":"1","number_popup_post":"2","show_author_box":"1","show_post_related":"1","show_inline_post_related":"1"}],"image_override":[{"single_post_thumbnail_size":"crop-500","single_post_gallery_size":"crop-500"}],"trending_post_position":"meta","trending_post_label":"Trending","sponsored_post_label":"Sponsored by","disable_ad":"0","subtitle":"Inscri\u00e7\u00f5es v\u00e3o at\u00e9 26 de maio pelo site da Fundatec, com prova prevista para julho"},"jnews_primary_category":[],"jnews_social_meta":[],"jnews_override_counter":{"view_counter_number":"0","share_counter_number":"0","like_counter_number":"0","dislike_counter_number":"0"},"footnotes":""},"categories":[29,17244],"tags":[41807,41809,27815,41808,41810],"class_list":["post-157894","post","type-post","status-publish","format-standard","has-post-thumbnail","hentry","category-concursos","category-guarda-municipal","tag-concurso-gcm-carlos-barbosa","tag-concurso-nivel-superior-2026","tag-concurso-publico-rs","tag-edital-gcm-carlos-barbosa-2026","tag-inscricoes-guarda-municipal-rs"],"yoast_head":"<!-- This site is optimized with the Yoast SEO Premium plugin v27.4 (Yoast SEO v27.4) - https:\/\/yoast.com\/product\/yoast-seo-premium-wordpress\/ -->\n<title>SAIU EDITAL! Novo concurso Guarda Municipal com sal\u00e1rio de R$ 4,6 mil abre inscri\u00e7\u00f5es nesta segunda-feira (27) - Blog Pensar Cursos<\/title>\n<meta name=\"description\" content=\"Concurso GCM Carlos Barbosa abre 4 vagas com sal\u00e1rio de R$ 4.697,99. Inscri\u00e7\u00f5es v\u00e3o at\u00e9 26 de maio pelo site da Fundatec. Confira o edital!\" \/>\n<meta name=\"robots\" content=\"index, follow, max-snippet:-1, max-image-preview:large, max-video-preview:-1\" \/>\n<link rel=\"canonical\" href=\"https:\/\/www.pensarcursos.com.br\/blog\/saiu-edital-novo-concurso-guarda-municipal-com-salario-de-r-46-mil-abre-inscricoes-nesta-segunda-feira-27\/\" \/>\n<meta property=\"og:locale\" content=\"pt_BR\" \/>\n<meta property=\"og:type\" content=\"article\" \/>\n<meta property=\"og:title\" content=\"SAIU EDITAL! Novo concurso Guarda Municipal com sal\u00e1rio de R$ 4,6 mil abre inscri\u00e7\u00f5es nesta segunda-feira (27)\" \/>\n<meta property=\"og:description\" content=\"Concurso GCM Carlos Barbosa abre 4 vagas com sal\u00e1rio de R$ 4.697,99. Inscri\u00e7\u00f5es v\u00e3o at\u00e9 26 de maio pelo site da Fundatec. Confira o edital!\" \/>\n<meta property=\"og:url\" content=\"https:\/\/www.pensarcursos.com.br\/blog\/saiu-edital-novo-concurso-guarda-municipal-com-salario-de-r-46-mil-abre-inscricoes-nesta-segunda-feira-27\/\" \/>\n<meta property=\"og:site_name\" content=\"Blog Pensar Cursos\" \/>\n<meta property=\"article:publisher\" content=\"https:\/\/www.facebook.com\/pensarcursos\/\" \/>\n<meta property=\"article:published_time\" content=\"2026-04-26T16:29:13+00:00\" \/>\n<meta property=\"og:image\" content=\"https:\/\/www.pensarcursos.com.br\/blog\/wp-content\/uploads\/2026\/04\/concurso-guarda-municipal-carlos-barbosa.webp\" \/>\n\t<meta property=\"og:image:width\" content=\"1200\" \/>\n\t<meta property=\"og:image:height\" content=\"800\" \/>\n\t<meta property=\"og:image:type\" content=\"image\/webp\" \/>\n<meta name=\"author\" content=\"Luiza Pereira\" \/>\n<meta name=\"twitter:card\" content=\"summary_large_image\" \/>\n<meta name=\"twitter:label1\" content=\"Escrito por\" \/>\n\t<meta name=\"twitter:data1\" content=\"Luiza Pereira\" \/>\n\t<meta name=\"twitter:label2\" content=\"Est. tempo de leitura\" \/>\n\t<meta name=\"twitter:data2\" content=\"8 minutos\" \/>\n<!-- \/ Yoast SEO Premium plugin. -->","yoast_head_json":{"title":"SAIU EDITAL! Novo concurso Guarda Municipal com sal\u00e1rio de R$ 4,6 mil abre inscri\u00e7\u00f5es nesta segunda-feira (27) - Blog Pensar Cursos","description":"Concurso GCM Carlos Barbosa abre 4 vagas com sal\u00e1rio de R$ 4.697,99. Inscri\u00e7\u00f5es v\u00e3o at\u00e9 26 de maio pelo site da Fundatec. Confira o edital!","robots":{"index":"index","follow":"follow","max-snippet":"max-snippet:-1","max-image-preview":"max-image-preview:large","max-video-preview":"max-video-preview:-1"},"canonical":"https:\/\/www.pensarcursos.com.br\/blog\/saiu-edital-novo-concurso-guarda-municipal-com-salario-de-r-46-mil-abre-inscricoes-nesta-segunda-feira-27\/","og_locale":"pt_BR","og_type":"article","og_title":"SAIU EDITAL! Novo concurso Guarda Municipal com sal\u00e1rio de R$ 4,6 mil abre inscri\u00e7\u00f5es nesta segunda-feira (27)","og_description":"Concurso GCM Carlos Barbosa abre 4 vagas com sal\u00e1rio de R$ 4.697,99. Inscri\u00e7\u00f5es v\u00e3o at\u00e9 26 de maio pelo site da Fundatec. Confira o edital!","og_url":"https:\/\/www.pensarcursos.com.br\/blog\/saiu-edital-novo-concurso-guarda-municipal-com-salario-de-r-46-mil-abre-inscricoes-nesta-segunda-feira-27\/","og_site_name":"Blog Pensar Cursos","article_publisher":"https:\/\/www.facebook.com\/pensarcursos\/","article_published_time":"2026-04-26T16:29:13+00:00","og_image":[{"width":1200,"height":800,"url":"https:\/\/www.pensarcursos.com.br\/blog\/wp-content\/uploads\/2026\/04\/concurso-guarda-municipal-carlos-barbosa.webp","type":"image\/webp"}],"author":"Luiza Pereira","twitter_card":"summary_large_image","twitter_misc":{"Escrito por":"Luiza Pereira","Est. tempo de leitura":"8 minutos"},"schema":{"@context":"https:\/\/schema.org","@graph":[{"@type":["Article","BlogPosting"],"@id":"https:\/\/www.pensarcursos.com.br\/blog\/saiu-edital-novo-concurso-guarda-municipal-com-salario-de-r-46-mil-abre-inscricoes-nesta-segunda-feira-27\/#article","isPartOf":{"@id":"https:\/\/www.pensarcursos.com.br\/blog\/saiu-edital-novo-concurso-guarda-municipal-com-salario-de-r-46-mil-abre-inscricoes-nesta-segunda-feira-27\/"},"author":{"name":"Luiza Pereira","@id":"https:\/\/www.pensarcursos.com.br\/blog\/#\/schema\/person\/b94ff84c7271a3cb9a5ce19e07b0ed5f"},"headline":"SAIU EDITAL! Novo concurso Guarda Municipal com sal\u00e1rio de R$ 4,6 mil abre inscri\u00e7\u00f5es nesta segunda-feira (27)","datePublished":"2026-04-26T16:29:13+00:00","mainEntityOfPage":{"@id":"https:\/\/www.pensarcursos.com.br\/blog\/saiu-edital-novo-concurso-guarda-municipal-com-salario-de-r-46-mil-abre-inscricoes-nesta-segunda-feira-27\/"},"wordCount":1451,"commentCount":0,"publisher":{"@id":"https:\/\/www.pensarcursos.com.br\/blog\/#organization"},"image":{"@id":"https:\/\/www.pensarcursos.com.br\/blog\/saiu-edital-novo-concurso-guarda-municipal-com-salario-de-r-46-mil-abre-inscricoes-nesta-segunda-feira-27\/#primaryimage"},"thumbnailUrl":"https:\/\/www.pensarcursos.com.br\/blog\/wp-content\/uploads\/2026\/04\/concurso-guarda-municipal-carlos-barbosa.webp","keywords":["concurso GCM Carlos Barbosa","concurso n\u00edvel superior 2026","concurso p\u00fablico rs","edital GCM Carlos Barbosa 2026","inscri\u00e7\u00f5es guarda municipal RS"],"articleSection":["Concursos P\u00fablicos","Guarda Municipal"],"inLanguage":"pt-BR","potentialAction":[{"@type":"CommentAction","name":"Comment","target":["https:\/\/www.pensarcursos.com.br\/blog\/saiu-edital-novo-concurso-guarda-municipal-com-salario-de-r-46-mil-abre-inscricoes-nesta-segunda-feira-27\/#respond"]}],"copyrightYear":"2026","copyrightHolder":{"@id":"https:\/\/www.pensarcursos.com.br\/blog\/#organization"}},{"@type":"WebPage","@id":"https:\/\/www.pensarcursos.com.br\/blog\/saiu-edital-novo-concurso-guarda-municipal-com-salario-de-r-46-mil-abre-inscricoes-nesta-segunda-feira-27\/","url":"https:\/\/www.pensarcursos.com.br\/blog\/saiu-edital-novo-concurso-guarda-municipal-com-salario-de-r-46-mil-abre-inscricoes-nesta-segunda-feira-27\/","name":"SAIU EDITAL! Novo concurso Guarda Municipal com sal\u00e1rio de R$ 4,6 mil abre inscri\u00e7\u00f5es nesta segunda-feira (27) - Blog Pensar Cursos","isPartOf":{"@id":"https:\/\/www.pensarcursos.com.br\/blog\/#website"},"primaryImageOfPage":{"@id":"https:\/\/www.pensarcursos.com.br\/blog\/saiu-edital-novo-concurso-guarda-municipal-com-salario-de-r-46-mil-abre-inscricoes-nesta-segunda-feira-27\/#primaryimage"},"image":{"@id":"https:\/\/www.pensarcursos.com.br\/blog\/saiu-edital-novo-concurso-guarda-municipal-com-salario-de-r-46-mil-abre-inscricoes-nesta-segunda-feira-27\/#primaryimage"},"thumbnailUrl":"https:\/\/www.pensarcursos.com.br\/blog\/wp-content\/uploads\/2026\/04\/concurso-guarda-municipal-carlos-barbosa.webp","datePublished":"2026-04-26T16:29:13+00:00","description":"Concurso GCM Carlos Barbosa abre 4 vagas com sal\u00e1rio de R$ 4.697,99. Inscri\u00e7\u00f5es v\u00e3o at\u00e9 26 de maio pelo site da Fundatec. Confira o edital!","breadcrumb":{"@id":"https:\/\/www.pensarcursos.com.br\/blog\/saiu-edital-novo-concurso-guarda-municipal-com-salario-de-r-46-mil-abre-inscricoes-nesta-segunda-feira-27\/#breadcrumb"},"inLanguage":"pt-BR","potentialAction":[{"@type":"ReadAction","target":["https:\/\/www.pensarcursos.com.br\/blog\/saiu-edital-novo-concurso-guarda-municipal-com-salario-de-r-46-mil-abre-inscricoes-nesta-segunda-feira-27\/"]}]},{"@type":"ImageObject","inLanguage":"pt-BR","@id":"https:\/\/www.pensarcursos.com.br\/blog\/saiu-edital-novo-concurso-guarda-municipal-com-salario-de-r-46-mil-abre-inscricoes-nesta-segunda-feira-27\/#primaryimage","url":"https:\/\/www.pensarcursos.com.br\/blog\/wp-content\/uploads\/2026\/04\/concurso-guarda-municipal-carlos-barbosa.webp","contentUrl":"https:\/\/www.pensarcursos.com.br\/blog\/wp-content\/uploads\/2026\/04\/concurso-guarda-municipal-carlos-barbosa.webp","width":1200,"height":800,"caption":"Concurso da Guarda Municipal recebe inscri\u00e7\u00f5es at\u00e9 26 de maio pelo site da Fundatec. Imagem: Blog Pensar Cursos."},{"@type":"BreadcrumbList","@id":"https:\/\/www.pensarcursos.com.br\/blog\/saiu-edital-novo-concurso-guarda-municipal-com-salario-de-r-46-mil-abre-inscricoes-nesta-segunda-feira-27\/#breadcrumb","itemListElement":[{"@type":"ListItem","position":1,"name":"Home","item":"https:\/\/www.pensarcursos.com.br\/blog\/"},{"@type":"ListItem","position":2,"name":"SAIU EDITAL! Novo concurso Guarda Municipal com sal\u00e1rio de R$ 4,6 mil abre inscri\u00e7\u00f5es nesta segunda-feira (27)"}]},{"@type":"WebSite","@id":"https:\/\/www.pensarcursos.com.br\/blog\/#website","url":"https:\/\/www.pensarcursos.com.br\/blog\/","name":"Blog Pensar Cursos","description":"Maior Site de Cursos do Brasil","publisher":{"@id":"https:\/\/www.pensarcursos.com.br\/blog\/#organization"},"alternateName":"Blog Pensar","potentialAction":[{"@type":"SearchAction","target":{"@type":"EntryPoint","urlTemplate":"https:\/\/www.pensarcursos.com.br\/blog\/?s={search_term_string}"},"query-input":{"@type":"PropertyValueSpecification","valueRequired":true,"valueName":"search_term_string"}}],"inLanguage":"pt-BR"},{"@type":"Organization","@id":"https:\/\/www.pensarcursos.com.br\/blog\/#organization","name":"Pensar Cursos","alternateName":"Blog pensar","url":"https:\/\/www.pensarcursos.com.br\/blog\/","logo":{"@type":"ImageObject","inLanguage":"pt-BR","@id":"https:\/\/www.pensarcursos.com.br\/blog\/#\/schema\/logo\/image\/","url":"https:\/\/www.pensarcursos.com.br\/blog\/wp-content\/uploads\/2023\/11\/Nova-Logo-Pensar-Cursos-vertical.png","contentUrl":"https:\/\/www.pensarcursos.com.br\/blog\/wp-content\/uploads\/2023\/11\/Nova-Logo-Pensar-Cursos-vertical.png","width":1393,"height":1001,"caption":"Pensar Cursos"},"image":{"@id":"https:\/\/www.pensarcursos.com.br\/blog\/#\/schema\/logo\/image\/"},"sameAs":["https:\/\/www.facebook.com\/pensarcursos\/","https:\/\/instagram.com.br\/pensarcursos"],"description":"Pensar Cursos \u00e9 uma empresa especializada em oferecer cursos de alta qualidade voltados para o desenvolvimento profissional e acad\u00eamico. Com uma ampla gama de op\u00e7\u00f5es de treinamento, oferecemos conte\u00fados atualizados, ministrados por especialistas da \u00e1rea, para capacitar indiv\u00edduos e equipes a atingirem seus objetivos. Nossa miss\u00e3o \u00e9 proporcionar uma educa\u00e7\u00e3o transformadora, acess\u00edvel e personalizada para cada aluno, seja em cursos presenciais ou online. Com uma abordagem inovadora, buscamos adaptar os nossos programas de ensino \u00e0s necessidades do mercado, criando solu\u00e7\u00f5es que atendem aos desafios e exig\u00eancias do mundo corporativo e acad\u00eamico. Nossos cursos incluem desde forma\u00e7\u00f5es t\u00e9cnicas at\u00e9 habilidades essenciais, como lideran\u00e7a, gest\u00e3o e desenvolvimento pessoal.","email":"contato@pensarcursos.com.br","legalName":"Sena Servi\u00e7os de Informa\u00e7\u00e3o Online LTDA","foundingDate":"2013-04-18","vatID":"17956217000172","numberOfEmployees":{"@type":"QuantitativeValue","minValue":"11","maxValue":"50"},"publishingPrinciples":"https:\/\/www.pensarcursos.com.br\/blog\/principios-de-publicacao\/","ownershipFundingInfo":"https:\/\/www.pensarcursos.com.br\/blog\/informacoes-de-propriedade-financiamento\/","actionableFeedbackPolicy":"https:\/\/www.pensarcursos.com.br\/blog\/politica-de-feedback-acionavel\/","correctionsPolicy":"https:\/\/www.pensarcursos.com.br\/blog\/politica-de-correcoes\/","ethicsPolicy":"https:\/\/www.pensarcursos.com.br\/blog\/politica-de-etica\/"},{"@type":"Person","@id":"https:\/\/www.pensarcursos.com.br\/blog\/#\/schema\/person\/b94ff84c7271a3cb9a5ce19e07b0ed5f","name":"Luiza Pereira","image":{"@type":"ImageObject","inLanguage":"pt-BR","@id":"https:\/\/secure.gravatar.com\/avatar\/51a9cea3f558699054e6c6d962a79771188542d9b4d73e9f96d8c0586bc5f11d?s=96&d=mm&r=g","url":"https:\/\/secure.gravatar.com\/avatar\/51a9cea3f558699054e6c6d962a79771188542d9b4d73e9f96d8c0586bc5f11d?s=96&d=mm&r=g","contentUrl":"https:\/\/secure.gravatar.com\/avatar\/51a9cea3f558699054e6c6d962a79771188542d9b4d73e9f96d8c0586bc5f11d?s=96&d=mm&r=g","caption":"Luiza Pereira"},"description":"Graduanda em Pedagogia pela Universidade Estadual do Sudoeste da Bahia (UESB). Redatora do grupo Sena Online.","sameAs":["https:\/\/www.instagram.com\/luizza_pereiraa?igsh=MmltMGh0bHUzbnR0"],"url":"https:\/\/www.pensarcursos.com.br\/blog\/author\/luiza\/"}]}},"_links":{"self":[{"href":"https:\/\/www.pensarcursos.com.br\/blog\/wp-json\/wp\/v2\/posts\/157894","targetHints":{"allow":["GET"]}}],"collection":[{"href":"https:\/\/www.pensarcursos.com.br\/blog\/wp-json\/wp\/v2\/posts"}],"about":[{"href":"https:\/\/www.pensarcursos.com.br\/blog\/wp-json\/wp\/v2\/types\/post"}],"author":[{"embeddable":true,"href":"https:\/\/www.pensarcursos.com.br\/blog\/wp-json\/wp\/v2\/users\/60"}],"replies":[{"embeddable":true,"href":"https:\/\/www.pensarcursos.com.br\/blog\/wp-json\/wp\/v2\/comments?post=157894"}],"version-history":[{"count":2,"href":"https:\/\/www.pensarcursos.com.br\/blog\/wp-json\/wp\/v2\/posts\/157894\/revisions"}],"predecessor-version":[{"id":157903,"href":"https:\/\/www.pensarcursos.com.br\/blog\/wp-json\/wp\/v2\/posts\/157894\/revisions\/157903"}],"wp:featuredmedia":[{"embeddable":true,"href":"https:\/\/www.pensarcursos.com.br\/blog\/wp-json\/wp\/v2\/media\/157898"}],"wp:attachment":[{"href":"https:\/\/www.pensarcursos.com.br\/blog\/wp-json\/wp\/v2\/media?parent=157894"}],"wp:term":[{"taxonomy":"category","embeddable":true,"href":"https:\/\/www.pensarcursos.com.br\/blog\/wp-json\/wp\/v2\/categories?post=157894"},{"taxonomy":"post_tag","embeddable":true,"href":"https:\/\/www.pensarcursos.com.br\/blog\/wp-json\/wp\/v2\/tags?post=157894"}],"curies":[{"name":"wp","href":"https:\/\/api.w.org\/{rel}","templated":true}]}}