{"id":157878,"date":"2026-04-26T09:29:28","date_gmt":"2026-04-26T12:29:28","guid":{"rendered":"https:\/\/www.pensarcursos.com.br\/blog\/?p=157878"},"modified":"2026-04-25T07:51:58","modified_gmt":"2026-04-25T10:51:58","slug":"boa-noticia-prazo-para-pedir-isencao-da-taxa-do-enem-foi-estendido-ate-30-de-abril","status":"publish","type":"post","link":"https:\/\/www.pensarcursos.com.br\/blog\/boa-noticia-prazo-para-pedir-isencao-da-taxa-do-enem-foi-estendido-ate-30-de-abril\/","title":{"rendered":"Boa not\u00edcia: prazo para pedir isen\u00e7\u00e3o da taxa do Enem foi estendido at\u00e9 30 de abril"},"content":{"rendered":"<p>Voc\u00ea j\u00e1 imaginou perder a chance de participar do<a href=\"https:\/\/www.pensarcursos.com.br\/blog\/pe-de-meia-garante-isencao-no-enem-2026-para-todos-os-beneficiarios\/\" target=\"_blank\" rel=\"noopener\"> Enem<\/a> por n\u00e3o conseguir pedir a isen\u00e7\u00e3o da taxa a tempo? Agora, muitos estudantes t\u00eam motivos para comemorar: o prazo para solicitar a\u00a0isen\u00e7\u00e3o da taxa do Enem\u00a0foi estendido e est\u00e1 aberto at\u00e9 o dia <strong>30 de abril<\/strong>.<\/p>\n<p>Se voc\u00ea faz parte do grupo de pessoas que busca uma oportunidade de ingressar no ensino superior sem pagar a inscri\u00e7\u00e3o do Enem, esta not\u00edcia pode mudar o rumo do seu ano.<\/p>\n<p>Com a prorroga\u00e7\u00e3o, milhares de estudantes ganham novos dias para garantir o benef\u00edcio e avan\u00e7ar em seus projetos educacionais.<\/p>\n<h2>Por que o prazo foi estendido?<\/h2>\n<p>O Minist\u00e9rio da Educa\u00e7\u00e3o (MEC) e o Instituto Nacional de Estudos e Pesquisas Educacionais An\u00edsio Teixeira (Inep) anunciaram a decis\u00e3o na sexta-feira (24).<\/p>\n<p>Originalmente, o prazo terminaria exatamente nesse dia, mas, ao atentar para as dificuldades enfrentadas por muitos candidatos, o governo optou por conceder mais tempo para o envio de pedidos. Assim, quem ainda n\u00e3o fez a solicita\u00e7\u00e3o agora pode respirar aliviado e concluir o processo sem correria.<\/p>\n<p>O prazo ampliado tamb\u00e9m se aplica \u00e0 apresenta\u00e7\u00e3o das justificativas de aus\u00eancia para quem faltou no Enem anterior e deseja pedir novamente a gratuidade em 2026.<\/p>\n<h2>Quem tem direito \u00e0 isen\u00e7\u00e3o em 2026?<\/h2>\n<p>Muitos estudantes se perguntam:\u00a0<strong>quem realmente pode pedir a gratuidade?<\/strong> O Inep estabeleceu crit\u00e9rios espec\u00edficos. Veja se voc\u00ea se enquadra em alguma das seguintes situa\u00e7\u00f5es:<\/p>\n<ul>\n<li>Est\u00e1 cursando o terceiro ano do ensino m\u00e9dio em uma escola p\u00fablica.<\/li>\n<li>Cursou todo o ensino m\u00e9dio em escola p\u00fablica ou como bolsista integral em institui\u00e7\u00e3o privada, com renda familiar de at\u00e9 um sal\u00e1rio m\u00ednimo e meio por pessoa.<\/li>\n<li>\u00c9 integrante de fam\u00edlia de baixa renda registrada no Cadastro \u00danico para Programas Sociais do governo federal (Cad\u00danico).<\/li>\n<li>Participa do programa P\u00e9-de-Meia, que ainda garante R$ 200 extras ap\u00f3s confirma\u00e7\u00e3o de presen\u00e7a nos dois dias de provas para quem conclui o ensino m\u00e9dio ao final do ano.<\/li>\n<\/ul>\n<p>A isen\u00e7\u00e3o n\u00e3o \u00e9 feita automaticamente. Portanto, todo aluno que se encaixa nesses crit\u00e9rios deve acessar a P\u00e1gina do Participante e fazer a solicita\u00e7\u00e3o.<\/p>\n<h2>Como solicitar a isen\u00e7\u00e3o da taxa do Enem?<\/h2>\n<p>O procedimento \u00e9 pr\u00e1tico e pode ser realizado em poucos minutos. Veja o passo a passo para garantir sua isen\u00e7\u00e3o:<\/p>\n<ol>\n<li>Acesse a\u00a0<a href=\"https:\/\/enem.inep.gov.br\/participante\/\" target=\"_blank\" rel=\"noopener\">P\u00e1gina do Participante<\/a>.<\/li>\n<li>Fa\u00e7a login utilizando o cadastro Gov.br.<\/li>\n<li>Busque a op\u00e7\u00e3o de isen\u00e7\u00e3o e siga as instru\u00e7\u00f5es, preenchendo os dados corretamente.<\/li>\n<li>Se necess\u00e1rio, anexe os documentos que comprovam o direito \u00e0 gratuidade.<\/li>\n<\/ol>\n<p>Precisa justificar a aus\u00eancia no \u00faltimo Enem? Quem conseguiu isen\u00e7\u00e3o em 2025, mas faltou nos dois dias de prova, deve apresentar documentos como atestado m\u00e9dico, boletim de ocorr\u00eancia ou certid\u00e3o de \u00f3bito \u2014 entre outros listados no edital. O envio tamb\u00e9m \u00e9 feito pela P\u00e1gina do Participante.<\/p>\n<figure id=\"attachment_157879\" aria-describedby=\"caption-attachment-157879\" style=\"width: 1200px\" class=\"wp-caption aligncenter\"><img decoding=\"async\" class=\"wp-image-157879 size-full\" src=\"https:\/\/www.pensarcursos.com.br\/blog\/wp-content\/uploads\/2026\/04\/isencao-enem-2026.png\" alt=\"Estudante sorridente com mochila ao lado da identidade visual do Enem 2026 em fundo azul, representando o passo a passo para participar do exame.\" width=\"1200\" height=\"553\" srcset=\"https:\/\/www.pensarcursos.com.br\/blog\/wp-content\/uploads\/2026\/04\/isencao-enem-2026.png 1200w, https:\/\/www.pensarcursos.com.br\/blog\/wp-content\/uploads\/2026\/04\/isencao-enem-2026-300x138.png 300w, https:\/\/www.pensarcursos.com.br\/blog\/wp-content\/uploads\/2026\/04\/isencao-enem-2026-1024x472.png 1024w, https:\/\/www.pensarcursos.com.br\/blog\/wp-content\/uploads\/2026\/04\/isencao-enem-2026-768x354.png 768w, https:\/\/www.pensarcursos.com.br\/blog\/wp-content\/uploads\/2026\/04\/isencao-enem-2026-750x346.png 750w, https:\/\/www.pensarcursos.com.br\/blog\/wp-content\/uploads\/2026\/04\/isencao-enem-2026-1140x525.png 1140w\" sizes=\"(max-width: 1200px) 100vw, 1200px\" \/><figcaption id=\"caption-attachment-157879\" class=\"wp-caption-text\">O pedido de isen\u00e7\u00e3o da taxa do Enem deve ser feito pela P\u00e1gina do Participante, dentro do prazo prorrogado. Imagem: Gov.br<\/figcaption><\/figure>\n<h2>Quando sai o resultado dos pedidos?<\/h2>\n<p>O Inep divulgar\u00e1 o resultado da an\u00e1lise dos pedidos de isen\u00e7\u00e3o no dia <strong>13 de maio<\/strong>. Caso o pedido seja negado, o participante pode recorrer entre os dias 13 e 19, tendo o resultado final divulgado em 25 de maio.<\/p>\n<p>Fique atento! Mesmo quem garantir a isen\u00e7\u00e3o da taxa precisa realizar a inscri\u00e7\u00e3o no per\u00edodo correto para ser considerado oficialmente inscrito no <a href=\"https:\/\/www.pensarcursos.com.br\/blog\/enem-2026-e-gratuito-mec-esclarece-e-envia-mensagens-de-alerta\/\" target=\"_blank\" rel=\"noopener\">Enem 2026<\/a>. Ou seja, isen\u00e7\u00e3o e inscri\u00e7\u00e3o s\u00e3o etapas diferentes e ambas obrigat\u00f3rias.<\/p>\n<h2>Por que pedir a isen\u00e7\u00e3o \u00e9 t\u00e3o importante?<\/h2>\n<p>Cada vez mais estudantes dependem da isen\u00e7\u00e3o para realizar o Exame Nacional do Ensino M\u00e9dio. O Enem \u00e9 a porta de entrada principal para universidades p\u00fablicas e privadas via Sisu, Prouni e Fies.<\/p>\n<p>Al\u00e9m disso, a partir da edi\u00e7\u00e3o de 2025, o exame voltou a ofertar a certifica\u00e7\u00e3o do ensino m\u00e9dio para candidatos com 18 anos ou mais e notas m\u00ednimas exigidas. Por isso, garantir a participa\u00e7\u00e3o \u00e9 dar um passo fundamental na dire\u00e7\u00e3o do sonho universit\u00e1rio.<\/p>\n<h2>O que voc\u00ea precisa fazer agora?<\/h2>\n<p>Aproveite os dias extras concedidos pelo MEC. Re\u00fana a documenta\u00e7\u00e3o, acesse a P\u00e1gina do Participante e fa\u00e7a sua solicita\u00e7\u00e3o, se ainda n\u00e3o fez. Divulgue para colegas, amigos e familiares: a chance de obter a isen\u00e7\u00e3o da taxa do Enem est\u00e1 aberta at\u00e9 30 de abril!<\/p>\n<p>Se tiver d\u00favidas sobre documentos, rendimento familiar ou cadastro, procure sua escola ou consulte a central de atendimento do <a href=\"https:\/\/www.gov.br\/inep\/pt-br\/areas-de-atuacao\/avaliacao-e-exames-educacionais\/enem#\/antes?_k=s7v2jh\" target=\"_blank\" rel=\"noopener\">Inep<\/a>. Lembre-se: a inscri\u00e7\u00e3o ao Enem \u00e9 separada do pedido de isen\u00e7\u00e3o e \u00e9 obrigat\u00f3ria para todos que querem fazer a prova.<\/p>\n<p>Quer conferir mais sobre o Enem 2026? Acesse a p\u00e1gina inicial do <a href=\"https:\/\/www.pensarcursos.com.br\/blog\/\" target=\"_blank\" rel=\"noopener\"><strong>Blog Pensar Cursos<\/strong><\/a> e tamb\u00e9m assista ao v\u00eddeo abaixo:<\/p>\n<div class=\"jeg_video_container jeg_video_content\"><iframe title=\"Quem tem direito \u00e0 isen\u00e7\u00e3o do Enem 2026? Veja antes de perder o prazo\" width=\"500\" height=\"281\" src=\"https:\/\/www.youtube.com\/embed\/o6JBl8Bsb0M?feature=oembed\" frameborder=\"0\" allow=\"accelerometer; autoplay; clipboard-write; encrypted-media; gyroscope; picture-in-picture; web-share\" referrerpolicy=\"strict-origin-when-cross-origin\" allowfullscreen><\/iframe><\/div>\n","protected":false},"excerpt":{"rendered":"<p>Voc\u00ea j\u00e1 imaginou perder a chance de participar do Enem por n\u00e3o conseguir pedir a isen\u00e7\u00e3o da taxa a tempo? Agora, muitos estudantes t\u00eam motivos para comemorar: o prazo para solicitar a\u00a0isen\u00e7\u00e3o da taxa do Enem\u00a0foi estendido e est\u00e1 aberto at\u00e9 o dia 30 de abril. Se voc\u00ea faz parte do grupo de pessoas que [&hellip;]<\/p>\n","protected":false},"author":41,"featured_media":157880,"comment_status":"open","ping_status":"closed","sticky":false,"template":"","format":"standard","meta":{"jnews-multi-image_gallery":[],"jnews_single_post":{"format":"standard","override":[{"template":"1","parallax":"1","fullscreen":"1","layout":"right-sidebar","sidebar":"default-sidebar","second_sidebar":"default-sidebar","sticky_sidebar":"1","share_position":"topbottom","share_float_style":"share-monocrhome","show_featured":"1","show_post_meta":"1","show_post_author":"1","show_post_author_image":"1","show_post_date":"1","post_date_format":"default","post_date_format_custom":"Y\/m\/d","show_post_category":"1","post_reading_time_wpm":"300","post_calculate_word_method":"str_word_count","show_zoom_button":"0","zoom_button_out_step":"2","zoom_button_in_step":"3","show_post_tag":"1","show_prev_next_post":"1","show_popup_post":"1","show_comment_section":"1","number_popup_post":"2","show_author_box":"1","show_post_related":"1","show_inline_post_related":"1"}],"image_override":[{"single_post_thumbnail_size":"crop-500","single_post_gallery_size":"crop-500"}],"trending_post_position":"meta","trending_post_label":"Trending","sponsored_post_label":"Sponsored by","disable_ad":"0","subtitle":"Minist\u00e9rio da Educa\u00e7\u00e3o amplia prazo e oferece nova chance para quem busca a isen\u00e7\u00e3o do Enem"},"jnews_primary_category":[],"jnews_social_meta":[],"jnews_override_counter":{"view_counter_number":"0","share_counter_number":"0","like_counter_number":"0","dislike_counter_number":"0"},"footnotes":""},"categories":[28,30],"tags":[37116,40588,41797,41798],"class_list":["post-157878","post","type-post","status-publish","format-standard","has-post-thumbnail","hentry","category-educacao","category-enem-vestibular","tag-enem-2026","tag-isencao-enem-2026","tag-prazo-isencao-enem","tag-taxa-inscricao-enem"],"yoast_head":"<!-- This site is optimized with the Yoast SEO Premium plugin v27.4 (Yoast SEO v27.4) - https:\/\/yoast.com\/product\/yoast-seo-premium-wordpress\/ -->\n<title>Boa not\u00edcia: prazo para pedir isen\u00e7\u00e3o da taxa do Enem foi estendido at\u00e9 30 de abril - Blog Pensar Cursos<\/title>\n<meta name=\"description\" content=\"Boa not\u00edcia para candidatos do Enem 2026: o prazo para solicitar a isen\u00e7\u00e3o da taxa foi prorrogado at\u00e9 30 de abril. Saiba quem tem direito e como pedir.\" \/>\n<meta name=\"robots\" content=\"index, follow, max-snippet:-1, max-image-preview:large, max-video-preview:-1\" \/>\n<link rel=\"canonical\" href=\"https:\/\/www.pensarcursos.com.br\/blog\/boa-noticia-prazo-para-pedir-isencao-da-taxa-do-enem-foi-estendido-ate-30-de-abril\/\" \/>\n<meta property=\"og:locale\" content=\"pt_BR\" \/>\n<meta property=\"og:type\" content=\"article\" \/>\n<meta property=\"og:title\" content=\"Boa not\u00edcia: prazo para pedir isen\u00e7\u00e3o da taxa do Enem foi estendido at\u00e9 30 de abril\" \/>\n<meta property=\"og:description\" content=\"Boa not\u00edcia para candidatos do Enem 2026: o prazo para solicitar a isen\u00e7\u00e3o da taxa foi prorrogado at\u00e9 30 de abril. Saiba quem tem direito e como pedir.\" \/>\n<meta property=\"og:url\" content=\"https:\/\/www.pensarcursos.com.br\/blog\/boa-noticia-prazo-para-pedir-isencao-da-taxa-do-enem-foi-estendido-ate-30-de-abril\/\" \/>\n<meta property=\"og:site_name\" content=\"Blog Pensar Cursos\" \/>\n<meta property=\"article:publisher\" content=\"https:\/\/www.facebook.com\/pensarcursos\/\" \/>\n<meta property=\"article:published_time\" content=\"2026-04-26T12:29:28+00:00\" \/>\n<meta property=\"og:image\" content=\"https:\/\/www.pensarcursos.com.br\/blog\/wp-content\/uploads\/2026\/04\/isencao-enem-2026-1.jpeg\" \/>\n\t<meta property=\"og:image:width\" content=\"1200\" \/>\n\t<meta property=\"og:image:height\" content=\"738\" \/>\n\t<meta property=\"og:image:type\" content=\"image\/jpeg\" \/>\n<meta name=\"author\" content=\"F\u00e1tima Azevedo\" \/>\n<meta name=\"twitter:card\" content=\"summary_large_image\" \/>\n<meta name=\"twitter:label1\" content=\"Escrito por\" \/>\n\t<meta name=\"twitter:data1\" content=\"F\u00e1tima Azevedo\" \/>\n\t<meta name=\"twitter:label2\" content=\"Est. tempo de leitura\" \/>\n\t<meta name=\"twitter:data2\" content=\"5 minutos\" \/>\n<!-- \/ Yoast SEO Premium plugin. -->","yoast_head_json":{"title":"Boa not\u00edcia: prazo para pedir isen\u00e7\u00e3o da taxa do Enem foi estendido at\u00e9 30 de abril - Blog Pensar Cursos","description":"Boa not\u00edcia para candidatos do Enem 2026: o prazo para solicitar a isen\u00e7\u00e3o da taxa foi prorrogado at\u00e9 30 de abril. Saiba quem tem direito e como pedir.","robots":{"index":"index","follow":"follow","max-snippet":"max-snippet:-1","max-image-preview":"max-image-preview:large","max-video-preview":"max-video-preview:-1"},"canonical":"https:\/\/www.pensarcursos.com.br\/blog\/boa-noticia-prazo-para-pedir-isencao-da-taxa-do-enem-foi-estendido-ate-30-de-abril\/","og_locale":"pt_BR","og_type":"article","og_title":"Boa not\u00edcia: prazo para pedir isen\u00e7\u00e3o da taxa do Enem foi estendido at\u00e9 30 de abril","og_description":"Boa not\u00edcia para candidatos do Enem 2026: o prazo para solicitar a isen\u00e7\u00e3o da taxa foi prorrogado at\u00e9 30 de abril. Saiba quem tem direito e como pedir.","og_url":"https:\/\/www.pensarcursos.com.br\/blog\/boa-noticia-prazo-para-pedir-isencao-da-taxa-do-enem-foi-estendido-ate-30-de-abril\/","og_site_name":"Blog Pensar Cursos","article_publisher":"https:\/\/www.facebook.com\/pensarcursos\/","article_published_time":"2026-04-26T12:29:28+00:00","og_image":[{"width":1200,"height":738,"url":"https:\/\/www.pensarcursos.com.br\/blog\/wp-content\/uploads\/2026\/04\/isencao-enem-2026-1.jpeg","type":"image\/jpeg"}],"author":"F\u00e1tima Azevedo","twitter_card":"summary_large_image","twitter_misc":{"Escrito por":"F\u00e1tima Azevedo","Est. tempo de leitura":"5 minutos"},"schema":{"@context":"https:\/\/schema.org","@graph":[{"@type":["Article","BlogPosting"],"@id":"https:\/\/www.pensarcursos.com.br\/blog\/boa-noticia-prazo-para-pedir-isencao-da-taxa-do-enem-foi-estendido-ate-30-de-abril\/#article","isPartOf":{"@id":"https:\/\/www.pensarcursos.com.br\/blog\/boa-noticia-prazo-para-pedir-isencao-da-taxa-do-enem-foi-estendido-ate-30-de-abril\/"},"author":{"name":"F\u00e1tima Azevedo","@id":"https:\/\/www.pensarcursos.com.br\/blog\/#\/schema\/person\/827343e4611913410dcf62144b5b2a2d"},"headline":"Boa not\u00edcia: prazo para pedir isen\u00e7\u00e3o da taxa do Enem foi estendido at\u00e9 30 de abril","datePublished":"2026-04-26T12:29:28+00:00","mainEntityOfPage":{"@id":"https:\/\/www.pensarcursos.com.br\/blog\/boa-noticia-prazo-para-pedir-isencao-da-taxa-do-enem-foi-estendido-ate-30-de-abril\/"},"wordCount":857,"commentCount":0,"publisher":{"@id":"https:\/\/www.pensarcursos.com.br\/blog\/#organization"},"image":{"@id":"https:\/\/www.pensarcursos.com.br\/blog\/boa-noticia-prazo-para-pedir-isencao-da-taxa-do-enem-foi-estendido-ate-30-de-abril\/#primaryimage"},"thumbnailUrl":"https:\/\/www.pensarcursos.com.br\/blog\/wp-content\/uploads\/2026\/04\/isencao-enem-2026-1.jpeg","keywords":["enem 2026","isen\u00e7\u00e3o enem 2026","prazo isen\u00e7\u00e3o Enem","taxa inscri\u00e7\u00e3o Enem"],"articleSection":["Educa\u00e7\u00e3o","Enem e Vestibular"],"inLanguage":"pt-BR","potentialAction":[{"@type":"CommentAction","name":"Comment","target":["https:\/\/www.pensarcursos.com.br\/blog\/boa-noticia-prazo-para-pedir-isencao-da-taxa-do-enem-foi-estendido-ate-30-de-abril\/#respond"]}],"copyrightYear":"2026","copyrightHolder":{"@id":"https:\/\/www.pensarcursos.com.br\/blog\/#organization"}},{"@type":"WebPage","@id":"https:\/\/www.pensarcursos.com.br\/blog\/boa-noticia-prazo-para-pedir-isencao-da-taxa-do-enem-foi-estendido-ate-30-de-abril\/","url":"https:\/\/www.pensarcursos.com.br\/blog\/boa-noticia-prazo-para-pedir-isencao-da-taxa-do-enem-foi-estendido-ate-30-de-abril\/","name":"Boa not\u00edcia: prazo para pedir isen\u00e7\u00e3o da taxa do Enem foi estendido at\u00e9 30 de abril - Blog Pensar Cursos","isPartOf":{"@id":"https:\/\/www.pensarcursos.com.br\/blog\/#website"},"primaryImageOfPage":{"@id":"https:\/\/www.pensarcursos.com.br\/blog\/boa-noticia-prazo-para-pedir-isencao-da-taxa-do-enem-foi-estendido-ate-30-de-abril\/#primaryimage"},"image":{"@id":"https:\/\/www.pensarcursos.com.br\/blog\/boa-noticia-prazo-para-pedir-isencao-da-taxa-do-enem-foi-estendido-ate-30-de-abril\/#primaryimage"},"thumbnailUrl":"https:\/\/www.pensarcursos.com.br\/blog\/wp-content\/uploads\/2026\/04\/isencao-enem-2026-1.jpeg","datePublished":"2026-04-26T12:29:28+00:00","description":"Boa not\u00edcia para candidatos do Enem 2026: o prazo para solicitar a isen\u00e7\u00e3o da taxa foi prorrogado at\u00e9 30 de abril. Saiba quem tem direito e como pedir.","breadcrumb":{"@id":"https:\/\/www.pensarcursos.com.br\/blog\/boa-noticia-prazo-para-pedir-isencao-da-taxa-do-enem-foi-estendido-ate-30-de-abril\/#breadcrumb"},"inLanguage":"pt-BR","potentialAction":[{"@type":"ReadAction","target":["https:\/\/www.pensarcursos.com.br\/blog\/boa-noticia-prazo-para-pedir-isencao-da-taxa-do-enem-foi-estendido-ate-30-de-abril\/"]}]},{"@type":"ImageObject","inLanguage":"pt-BR","@id":"https:\/\/www.pensarcursos.com.br\/blog\/boa-noticia-prazo-para-pedir-isencao-da-taxa-do-enem-foi-estendido-ate-30-de-abril\/#primaryimage","url":"https:\/\/www.pensarcursos.com.br\/blog\/wp-content\/uploads\/2026\/04\/isencao-enem-2026-1.jpeg","contentUrl":"https:\/\/www.pensarcursos.com.br\/blog\/wp-content\/uploads\/2026\/04\/isencao-enem-2026-1.jpeg","width":1200,"height":738,"caption":"Prazo para pedir isen\u00e7\u00e3o da taxa do Enem foi estendido at\u00e9 30 de abril. Imagem: Gov.br"},{"@type":"BreadcrumbList","@id":"https:\/\/www.pensarcursos.com.br\/blog\/boa-noticia-prazo-para-pedir-isencao-da-taxa-do-enem-foi-estendido-ate-30-de-abril\/#breadcrumb","itemListElement":[{"@type":"ListItem","position":1,"name":"Home","item":"https:\/\/www.pensarcursos.com.br\/blog\/"},{"@type":"ListItem","position":2,"name":"Boa not\u00edcia: prazo para pedir isen\u00e7\u00e3o da taxa do Enem foi estendido at\u00e9 30 de abril"}]},{"@type":"WebSite","@id":"https:\/\/www.pensarcursos.com.br\/blog\/#website","url":"https:\/\/www.pensarcursos.com.br\/blog\/","name":"Blog Pensar Cursos","description":"Maior Site de Cursos do Brasil","publisher":{"@id":"https:\/\/www.pensarcursos.com.br\/blog\/#organization"},"alternateName":"Blog Pensar","potentialAction":[{"@type":"SearchAction","target":{"@type":"EntryPoint","urlTemplate":"https:\/\/www.pensarcursos.com.br\/blog\/?s={search_term_string}"},"query-input":{"@type":"PropertyValueSpecification","valueRequired":true,"valueName":"search_term_string"}}],"inLanguage":"pt-BR"},{"@type":"Organization","@id":"https:\/\/www.pensarcursos.com.br\/blog\/#organization","name":"Pensar Cursos","alternateName":"Blog pensar","url":"https:\/\/www.pensarcursos.com.br\/blog\/","logo":{"@type":"ImageObject","inLanguage":"pt-BR","@id":"https:\/\/www.pensarcursos.com.br\/blog\/#\/schema\/logo\/image\/","url":"https:\/\/www.pensarcursos.com.br\/blog\/wp-content\/uploads\/2023\/11\/Nova-Logo-Pensar-Cursos-vertical.png","contentUrl":"https:\/\/www.pensarcursos.com.br\/blog\/wp-content\/uploads\/2023\/11\/Nova-Logo-Pensar-Cursos-vertical.png","width":1393,"height":1001,"caption":"Pensar Cursos"},"image":{"@id":"https:\/\/www.pensarcursos.com.br\/blog\/#\/schema\/logo\/image\/"},"sameAs":["https:\/\/www.facebook.com\/pensarcursos\/","https:\/\/instagram.com.br\/pensarcursos"],"description":"Pensar Cursos \u00e9 uma empresa especializada em oferecer cursos de alta qualidade voltados para o desenvolvimento profissional e acad\u00eamico. Com uma ampla gama de op\u00e7\u00f5es de treinamento, oferecemos conte\u00fados atualizados, ministrados por especialistas da \u00e1rea, para capacitar indiv\u00edduos e equipes a atingirem seus objetivos. Nossa miss\u00e3o \u00e9 proporcionar uma educa\u00e7\u00e3o transformadora, acess\u00edvel e personalizada para cada aluno, seja em cursos presenciais ou online. Com uma abordagem inovadora, buscamos adaptar os nossos programas de ensino \u00e0s necessidades do mercado, criando solu\u00e7\u00f5es que atendem aos desafios e exig\u00eancias do mundo corporativo e acad\u00eamico. Nossos cursos incluem desde forma\u00e7\u00f5es t\u00e9cnicas at\u00e9 habilidades essenciais, como lideran\u00e7a, gest\u00e3o e desenvolvimento pessoal.","email":"contato@pensarcursos.com.br","legalName":"Sena Servi\u00e7os de Informa\u00e7\u00e3o Online LTDA","foundingDate":"2013-04-18","vatID":"17956217000172","numberOfEmployees":{"@type":"QuantitativeValue","minValue":"11","maxValue":"50"},"publishingPrinciples":"https:\/\/www.pensarcursos.com.br\/blog\/principios-de-publicacao\/","ownershipFundingInfo":"https:\/\/www.pensarcursos.com.br\/blog\/informacoes-de-propriedade-financiamento\/","actionableFeedbackPolicy":"https:\/\/www.pensarcursos.com.br\/blog\/politica-de-feedback-acionavel\/","correctionsPolicy":"https:\/\/www.pensarcursos.com.br\/blog\/politica-de-correcoes\/","ethicsPolicy":"https:\/\/www.pensarcursos.com.br\/blog\/politica-de-etica\/"},{"@type":"Person","@id":"https:\/\/www.pensarcursos.com.br\/blog\/#\/schema\/person\/827343e4611913410dcf62144b5b2a2d","name":"F\u00e1tima Azevedo","image":{"@type":"ImageObject","inLanguage":"pt-BR","@id":"https:\/\/secure.gravatar.com\/avatar\/ea820c84e212573cc3f119ba576278fe7ad07b69ed7ca0c33223662227bb77ca?s=96&d=mm&r=g","url":"https:\/\/secure.gravatar.com\/avatar\/ea820c84e212573cc3f119ba576278fe7ad07b69ed7ca0c33223662227bb77ca?s=96&d=mm&r=g","contentUrl":"https:\/\/secure.gravatar.com\/avatar\/ea820c84e212573cc3f119ba576278fe7ad07b69ed7ca0c33223662227bb77ca?s=96&d=mm&r=g","caption":"F\u00e1tima Azevedo"},"description":"Graduada em Ci\u00eancias Biol\u00f3gicas. Professora. Redatora grupo Sena Online.","sameAs":["https:\/\/www.linkedin.com\/in\/maria-de-f\u00e1tima-oliveira-da-costa-74a1692a7"],"url":"https:\/\/www.pensarcursos.com.br\/blog\/author\/fatima\/"}]}},"_links":{"self":[{"href":"https:\/\/www.pensarcursos.com.br\/blog\/wp-json\/wp\/v2\/posts\/157878","targetHints":{"allow":["GET"]}}],"collection":[{"href":"https:\/\/www.pensarcursos.com.br\/blog\/wp-json\/wp\/v2\/posts"}],"about":[{"href":"https:\/\/www.pensarcursos.com.br\/blog\/wp-json\/wp\/v2\/types\/post"}],"author":[{"embeddable":true,"href":"https:\/\/www.pensarcursos.com.br\/blog\/wp-json\/wp\/v2\/users\/41"}],"replies":[{"embeddable":true,"href":"https:\/\/www.pensarcursos.com.br\/blog\/wp-json\/wp\/v2\/comments?post=157878"}],"version-history":[{"count":2,"href":"https:\/\/www.pensarcursos.com.br\/blog\/wp-json\/wp\/v2\/posts\/157878\/revisions"}],"predecessor-version":[{"id":157882,"href":"https:\/\/www.pensarcursos.com.br\/blog\/wp-json\/wp\/v2\/posts\/157878\/revisions\/157882"}],"wp:featuredmedia":[{"embeddable":true,"href":"https:\/\/www.pensarcursos.com.br\/blog\/wp-json\/wp\/v2\/media\/157880"}],"wp:attachment":[{"href":"https:\/\/www.pensarcursos.com.br\/blog\/wp-json\/wp\/v2\/media?parent=157878"}],"wp:term":[{"taxonomy":"category","embeddable":true,"href":"https:\/\/www.pensarcursos.com.br\/blog\/wp-json\/wp\/v2\/categories?post=157878"},{"taxonomy":"post_tag","embeddable":true,"href":"https:\/\/www.pensarcursos.com.br\/blog\/wp-json\/wp\/v2\/tags?post=157878"}],"curies":[{"name":"wp","href":"https:\/\/api.w.org\/{rel}","templated":true}]}}