{"id":157741,"date":"2026-04-24T22:19:23","date_gmt":"2026-04-25T01:19:23","guid":{"rendered":"https:\/\/www.pensarcursos.com.br\/blog\/?p=157741"},"modified":"2026-04-24T11:49:54","modified_gmt":"2026-04-24T14:49:54","slug":"estatuto-do-aprendiz-e-aprovado-pela-camara-e-preve-multa-para-empresas-que-nao-cumprirem-cota","status":"publish","type":"post","link":"https:\/\/www.pensarcursos.com.br\/blog\/estatuto-do-aprendiz-e-aprovado-pela-camara-e-preve-multa-para-empresas-que-nao-cumprirem-cota\/","title":{"rendered":"Estatuto do Aprendiz \u00e9 aprovado pela C\u00e2mara e prev\u00ea multa para empresas que n\u00e3o cumprirem cota"},"content":{"rendered":"<p>O cen\u00e1rio da<strong> aprendizagem profissional no Brasil<\/strong> est\u00e1 prestes a mudar com<strong> a aprova\u00e7\u00e3o do Estatuto do Aprendiz pela C\u00e2mara dos Deputados.<\/strong> Pouca gente sabe, mas o texto traz novidades que podem impactar a rotina de empresas e jovens que almejam ingressar no mercado de trabalho.<\/p>\n<p>Os novos par\u00e2metros partem do entendimento de que a inclus\u00e3o dos jovens no mercado depende de oportunidades reais, sustentadas por uma legisla\u00e7\u00e3o robusta e a\u00e7\u00f5es fiscalizat\u00f3rias eficazes. Afinal, quem n\u00e3o cumprir as normas sofrer\u00e1 consequ\u00eancias financeiras: por cada aprendiz n\u00e3o contratado, haver\u00e1 uma multa, que pode ser alta e ainda dobrada em caso de reincid\u00eancia.<\/p>\n<p>Quer saber em detalhes como isso afeta as empresas e por que a nova lei prioriza jovens em situa\u00e7\u00e3o de vulnerabilidade? Continue lendo e entenda os impactos desse marco para a forma\u00e7\u00e3o de jovens e para a condu\u00e7\u00e3o das empresas a partir de agora.<\/p>\n<h2>Detalhes do Estatuto do Aprendiz<\/h2>\n<figure id=\"attachment_157753\" aria-describedby=\"caption-attachment-157753\" style=\"width: 1024px\" class=\"wp-caption aligncenter\"><img decoding=\"async\" class=\"size-large wp-image-157753\" src=\"https:\/\/www.pensarcursos.com.br\/blog\/wp-content\/uploads\/2026\/04\/regras-estatuto-do-aprendiz-1024x572.webp\" alt=\"Jovem segurando a Carteira de Trabalho e Previd\u00eancia Social em ambiente urbano.\" width=\"1024\" height=\"572\" srcset=\"https:\/\/www.pensarcursos.com.br\/blog\/wp-content\/uploads\/2026\/04\/regras-estatuto-do-aprendiz-1024x572.webp 1024w, https:\/\/www.pensarcursos.com.br\/blog\/wp-content\/uploads\/2026\/04\/regras-estatuto-do-aprendiz-300x167.webp 300w, https:\/\/www.pensarcursos.com.br\/blog\/wp-content\/uploads\/2026\/04\/regras-estatuto-do-aprendiz-768x429.webp 768w, https:\/\/www.pensarcursos.com.br\/blog\/wp-content\/uploads\/2026\/04\/regras-estatuto-do-aprendiz-750x419.webp 750w, https:\/\/www.pensarcursos.com.br\/blog\/wp-content\/uploads\/2026\/04\/regras-estatuto-do-aprendiz.webp 1075w\" sizes=\"(max-width: 1024px) 100vw, 1024px\" \/><figcaption id=\"caption-attachment-157753\" class=\"wp-caption-text\">O Estatuto do Aprendiz estabelece cota para inclus\u00e3o de jovens no mercado de trabalho.\/ Imagem: Blog Pensar Cursos<\/figcaption><\/figure>\n<p>A proposta aprovada na C\u00e2mara dos Deputados consolida as regras da aprendizagem profissional e institui o Estatuto do Aprendiz como refer\u00eancia legal. Voltado a<a href=\"https:\/\/www.pensarcursos.com.br\/blog\/jovens-preferem-clt-a-trabalho-informal-veja-o-que-esta-por-tras-dessa-escolha\/\" target=\"_blank\" rel=\"noopener\"> jovens<\/a> de 14 a 24 anos e pessoas com defici\u00eancia, o texto enfatiza a combina\u00e7\u00e3o de forma\u00e7\u00e3o te\u00f3rica com pr\u00e1tica supervisionada.<\/p>\n<p>O texto foi relatado pela deputada Fl\u00e1via Morais (PDT-GO) e redigido originalmente pelo ex-deputado Andr\u00e9 de Paula, com consenso sobre a necessidade de ampliar o acesso \u00e0 aprendizagem. Entre as novidades est\u00e3o:<\/p>\n<ul>\n<li><strong>Multa por descumprimento da cota:<\/strong> as empresas que n\u00e3o atingirem o n\u00famero m\u00ednimo de aprendizes ser\u00e3o autuadas em R$ 3 mil por cada aprendiz n\u00e3o contratado. Caso haja reincid\u00eancia ou embara\u00e7o \u00e0 fiscaliza\u00e7\u00e3o, o valor \u00e9 dobrado.<\/li>\n<li><strong>Alternativas para empresas:<\/strong> para aquelas que comprovarem impossibilidade de oferecer atividade pr\u00e1tica, existe a op\u00e7\u00e3o de contribuir com a Conta Especial da Aprendizagem Profissional (Ceap) por at\u00e9 12 meses. O valor corresponde a 50% da multa padr\u00e3o, ou seja, R$ 1.500 mensais por aprendiz n\u00e3o contratado.<\/li>\n<li><strong>Cotas fixadas por lei:<\/strong> como j\u00e1 previsto na CLT, a quantidade de aprendizes deve variar de 5% a 15% do total de funcion\u00e1rios.<\/li>\n<\/ul>\n<h2>Quem se beneficia com as novas regras?<\/h2>\n<p>O novo estatuto d\u00e1 \u00eanfase \u00e0 <strong>inclus\u00e3o social<\/strong>, destinando prioridade de contrata\u00e7\u00e3o aos jovens em situa\u00e7\u00e3o de vulnerabilidade, como benefici\u00e1rios de programas de transfer\u00eancia de renda, egressos do trabalho infantil, do sistema socioeducativo e pessoas com defici\u00eancia.<\/p>\n<p>Ao mesmo tempo, o projeto resguarda direitos para quem ingressa via CLT: vale-transporte, estabilidade provis\u00f3ria para gestantes at\u00e9 cinco meses ap\u00f3s o parto, e garantia de f\u00e9rias coincidentes com o recesso escolar, quando o aprendiz tiver menos de 18 anos.<\/p>\n<p>Outro ponto que merece destaque \u00e9 a prote\u00e7\u00e3o aos aprendizes que sofram acidente de trabalho, com direito \u00e0 estabilidade no <a href=\"https:\/\/www.pensarcursos.com.br\/blog\/qual-e-o-pior-curso-tecnico-para-arrumar-emprego-rapido\/\" target=\"_blank\" rel=\"noopener\">emprego<\/a> por 12 meses ap\u00f3s o t\u00e9rmino do aux\u00edlio, ajudando a segurar jovens no mercado mesmo ap\u00f3s adversidades de sa\u00fade.<\/p>\n<h2>Multa e fiscaliza\u00e7\u00e3o: impacto direto para empresas<\/h2>\n<p>As mudan\u00e7as aprovadas tornam a apura\u00e7\u00e3o da cota mais rigorosa. Empresas de m\u00e9dio e grande porte, principais alvos das exig\u00eancias, precisam monitorar o n\u00famero de aprendizes para evitar <strong>san\u00e7\u00f5es financeiras<\/strong>. O sistema prev\u00ea mecanismos de controle e obriga gestores de recursos humanos a acompanhar de perto esses percentuais.<\/p>\n<p>Aqueles que n\u00e3o puderem prover o aprendizado pr\u00e1tico t\u00eam uma sa\u00edda tempor\u00e1ria, mas n\u00e3o definitiva, por meio do pagamento \u00e0 Conta Especial da Aprendizagem Profissional. Isso refor\u00e7a o car\u00e1ter obrigat\u00f3rio e n\u00e3o opcional da cota, buscando coibir o descumprimento por omiss\u00e3o ou descaso.<\/p>\n<p>Al\u00e9m disso, o rendimento recebido pelo aprendiz passa a ser desconsiderado no c\u00e1lculo da renda familiar para efeito de programas sociais como o Bolsa Fam\u00edlia, favorecendo fam\u00edlias que dependem desses programas e garantindo ainda mais acesso ao benef\u00edcio.<\/p>\n<h2>Avan\u00e7os para a juventude e pr\u00f3ximos passos<\/h2>\n<p>A aprova\u00e7\u00e3o do Estatuto do Aprendiz foi destacada pelo presidente da C\u00e2mara, Hugo Motta (Republicanos-PB), como um esfor\u00e7o coletivo para facilitar o ingresso dos jovens no mercado de trabalho. <strong>O texto segue para avalia\u00e7\u00e3o do Senado<\/strong> e, caso aprovado, pode representar um avan\u00e7o importante na estrutura legal da aprendizagem profissional no Brasil.<\/p>\n<p>Ficou interessado em acompanhar detalhes sobre contrata\u00e7\u00f5es de jovens, regras de aprendizagem profissional e novidades sobre legisla\u00e7\u00e3o trabalhista? Veja mais not\u00edcias como esta no<a href=\"https:\/\/www.pensarcursos.com.br\/blog\/\" target=\"_blank\" rel=\"noopener\"> Blog Pensar Cursos<\/a> e mantenha-se informado!<\/p>\n","protected":false},"excerpt":{"rendered":"<p>O cen\u00e1rio da aprendizagem profissional no Brasil est\u00e1 prestes a mudar com a aprova\u00e7\u00e3o do Estatuto do Aprendiz pela C\u00e2mara dos Deputados. Pouca gente sabe, mas o texto traz novidades que podem impactar a rotina de empresas e jovens que almejam ingressar no mercado de trabalho. Os novos par\u00e2metros partem do entendimento de que a [&hellip;]<\/p>\n","protected":false},"author":50,"featured_media":157745,"comment_status":"open","ping_status":"closed","sticky":false,"template":"","format":"standard","meta":{"jnews-multi-image_gallery":[],"jnews_single_post":{"format":"standard","override":[{"template":"1","parallax":"1","fullscreen":"1","layout":"right-sidebar","sidebar":"default-sidebar","second_sidebar":"default-sidebar","sticky_sidebar":"1","share_position":"topbottom","share_float_style":"share-monocrhome","show_featured":"1","show_post_meta":"1","show_post_author":"1","show_post_author_image":"1","show_post_date":"1","post_date_format":"default","post_date_format_custom":"Y\/m\/d","show_post_category":"1","post_reading_time_wpm":"300","post_calculate_word_method":"str_word_count","show_zoom_button":"0","zoom_button_out_step":"2","zoom_button_in_step":"3","show_post_tag":"1","show_prev_next_post":"1","show_popup_post":"1","show_comment_section":"1","number_popup_post":"2","show_author_box":"1","show_post_related":"1","show_inline_post_related":"1"}],"image_override":[{"single_post_thumbnail_size":"crop-500","single_post_gallery_size":"crop-500"}],"trending_post_position":"meta","trending_post_label":"Trending","sponsored_post_label":"Sponsored by","disable_ad":"0","subtitle":"Empresas ter\u00e3o que preencher cota de aprendizes ou pagar multa"},"jnews_primary_category":[],"jnews_social_meta":[],"jnews_override_counter":{"view_counter_number":"0","share_counter_number":"0","like_counter_number":"0","dislike_counter_number":"0"},"footnotes":""},"categories":[1947],"tags":[41754,41753,41755],"class_list":["post-157741","post","type-post","status-publish","format-standard","has-post-thumbnail","hentry","category-curiosidades","tag-cotas-de-aprendizes","tag-estatuto-do-aprendiz","tag-lei-dos-aprendizes"],"yoast_head":"<!-- This site is optimized with the Yoast SEO Premium plugin v27.4 (Yoast SEO v27.4) - https:\/\/yoast.com\/product\/yoast-seo-premium-wordpress\/ -->\n<title>Estatuto do Aprendiz \u00e9 aprovado pela C\u00e2mara e prev\u00ea multa para empresas que n\u00e3o cumprirem cota - Blog Pensar Cursos<\/title>\n<meta name=\"description\" content=\"Estatuto do Aprendiz aprovado: confira as regras e multas para empresas que descumprirem a cota. Adapte-se agora e evite preju\u00edzos!\" \/>\n<meta name=\"robots\" content=\"index, follow, max-snippet:-1, max-image-preview:large, max-video-preview:-1\" \/>\n<link rel=\"canonical\" href=\"https:\/\/www.pensarcursos.com.br\/blog\/estatuto-do-aprendiz-e-aprovado-pela-camara-e-preve-multa-para-empresas-que-nao-cumprirem-cota\/\" \/>\n<meta property=\"og:locale\" content=\"pt_BR\" \/>\n<meta property=\"og:type\" content=\"article\" \/>\n<meta property=\"og:title\" content=\"Estatuto do Aprendiz \u00e9 aprovado pela C\u00e2mara e prev\u00ea multa para empresas que n\u00e3o cumprirem cota\" \/>\n<meta property=\"og:description\" content=\"Estatuto do Aprendiz aprovado: confira as regras e multas para empresas que descumprirem a cota. Adapte-se agora e evite preju\u00edzos!\" \/>\n<meta property=\"og:url\" content=\"https:\/\/www.pensarcursos.com.br\/blog\/estatuto-do-aprendiz-e-aprovado-pela-camara-e-preve-multa-para-empresas-que-nao-cumprirem-cota\/\" \/>\n<meta property=\"og:site_name\" content=\"Blog Pensar Cursos\" \/>\n<meta property=\"article:publisher\" content=\"https:\/\/www.facebook.com\/pensarcursos\/\" \/>\n<meta property=\"article:published_time\" content=\"2026-04-25T01:19:23+00:00\" \/>\n<meta property=\"og:image\" content=\"https:\/\/www.pensarcursos.com.br\/blog\/wp-content\/uploads\/2026\/04\/estatuto-do-aprendiz.webp\" \/>\n\t<meta property=\"og:image:width\" content=\"1200\" \/>\n\t<meta property=\"og:image:height\" content=\"800\" \/>\n\t<meta property=\"og:image:type\" content=\"image\/webp\" \/>\n<meta name=\"author\" content=\"Ana Julia Nery\" \/>\n<meta name=\"twitter:card\" content=\"summary_large_image\" \/>\n<meta name=\"twitter:label1\" content=\"Escrito por\" \/>\n\t<meta name=\"twitter:data1\" content=\"Ana Julia Nery\" \/>\n\t<meta name=\"twitter:label2\" content=\"Est. tempo de leitura\" \/>\n\t<meta name=\"twitter:data2\" content=\"5 minutos\" \/>\n<!-- \/ Yoast SEO Premium plugin. -->","yoast_head_json":{"title":"Estatuto do Aprendiz \u00e9 aprovado pela C\u00e2mara e prev\u00ea multa para empresas que n\u00e3o cumprirem cota - Blog Pensar Cursos","description":"Estatuto do Aprendiz aprovado: confira as regras e multas para empresas que descumprirem a cota. Adapte-se agora e evite preju\u00edzos!","robots":{"index":"index","follow":"follow","max-snippet":"max-snippet:-1","max-image-preview":"max-image-preview:large","max-video-preview":"max-video-preview:-1"},"canonical":"https:\/\/www.pensarcursos.com.br\/blog\/estatuto-do-aprendiz-e-aprovado-pela-camara-e-preve-multa-para-empresas-que-nao-cumprirem-cota\/","og_locale":"pt_BR","og_type":"article","og_title":"Estatuto do Aprendiz \u00e9 aprovado pela C\u00e2mara e prev\u00ea multa para empresas que n\u00e3o cumprirem cota","og_description":"Estatuto do Aprendiz aprovado: confira as regras e multas para empresas que descumprirem a cota. Adapte-se agora e evite preju\u00edzos!","og_url":"https:\/\/www.pensarcursos.com.br\/blog\/estatuto-do-aprendiz-e-aprovado-pela-camara-e-preve-multa-para-empresas-que-nao-cumprirem-cota\/","og_site_name":"Blog Pensar Cursos","article_publisher":"https:\/\/www.facebook.com\/pensarcursos\/","article_published_time":"2026-04-25T01:19:23+00:00","og_image":[{"width":1200,"height":800,"url":"https:\/\/www.pensarcursos.com.br\/blog\/wp-content\/uploads\/2026\/04\/estatuto-do-aprendiz.webp","type":"image\/webp"}],"author":"Ana Julia Nery","twitter_card":"summary_large_image","twitter_misc":{"Escrito por":"Ana Julia Nery","Est. tempo de leitura":"5 minutos"},"schema":{"@context":"https:\/\/schema.org","@graph":[{"@type":["Article","BlogPosting"],"@id":"https:\/\/www.pensarcursos.com.br\/blog\/estatuto-do-aprendiz-e-aprovado-pela-camara-e-preve-multa-para-empresas-que-nao-cumprirem-cota\/#article","isPartOf":{"@id":"https:\/\/www.pensarcursos.com.br\/blog\/estatuto-do-aprendiz-e-aprovado-pela-camara-e-preve-multa-para-empresas-que-nao-cumprirem-cota\/"},"author":{"name":"Ana Julia Nery","@id":"https:\/\/www.pensarcursos.com.br\/blog\/#\/schema\/person\/f92909b12d0bb35eaed1789e30807e81"},"headline":"Estatuto do Aprendiz \u00e9 aprovado pela C\u00e2mara e prev\u00ea multa para empresas que n\u00e3o cumprirem cota","datePublished":"2026-04-25T01:19:23+00:00","mainEntityOfPage":{"@id":"https:\/\/www.pensarcursos.com.br\/blog\/estatuto-do-aprendiz-e-aprovado-pela-camara-e-preve-multa-para-empresas-que-nao-cumprirem-cota\/"},"wordCount":793,"commentCount":0,"publisher":{"@id":"https:\/\/www.pensarcursos.com.br\/blog\/#organization"},"image":{"@id":"https:\/\/www.pensarcursos.com.br\/blog\/estatuto-do-aprendiz-e-aprovado-pela-camara-e-preve-multa-para-empresas-que-nao-cumprirem-cota\/#primaryimage"},"thumbnailUrl":"https:\/\/www.pensarcursos.com.br\/blog\/wp-content\/uploads\/2026\/04\/estatuto-do-aprendiz.webp","keywords":["cotas de aprendizes","estatuto do aprendiz","lei dos aprendizes"],"articleSection":["Curiosidades"],"inLanguage":"pt-BR","potentialAction":[{"@type":"CommentAction","name":"Comment","target":["https:\/\/www.pensarcursos.com.br\/blog\/estatuto-do-aprendiz-e-aprovado-pela-camara-e-preve-multa-para-empresas-que-nao-cumprirem-cota\/#respond"]}],"copyrightYear":"2026","copyrightHolder":{"@id":"https:\/\/www.pensarcursos.com.br\/blog\/#organization"}},{"@type":"WebPage","@id":"https:\/\/www.pensarcursos.com.br\/blog\/estatuto-do-aprendiz-e-aprovado-pela-camara-e-preve-multa-para-empresas-que-nao-cumprirem-cota\/","url":"https:\/\/www.pensarcursos.com.br\/blog\/estatuto-do-aprendiz-e-aprovado-pela-camara-e-preve-multa-para-empresas-que-nao-cumprirem-cota\/","name":"Estatuto do Aprendiz \u00e9 aprovado pela C\u00e2mara e prev\u00ea multa para empresas que n\u00e3o cumprirem cota - Blog Pensar Cursos","isPartOf":{"@id":"https:\/\/www.pensarcursos.com.br\/blog\/#website"},"primaryImageOfPage":{"@id":"https:\/\/www.pensarcursos.com.br\/blog\/estatuto-do-aprendiz-e-aprovado-pela-camara-e-preve-multa-para-empresas-que-nao-cumprirem-cota\/#primaryimage"},"image":{"@id":"https:\/\/www.pensarcursos.com.br\/blog\/estatuto-do-aprendiz-e-aprovado-pela-camara-e-preve-multa-para-empresas-que-nao-cumprirem-cota\/#primaryimage"},"thumbnailUrl":"https:\/\/www.pensarcursos.com.br\/blog\/wp-content\/uploads\/2026\/04\/estatuto-do-aprendiz.webp","datePublished":"2026-04-25T01:19:23+00:00","description":"Estatuto do Aprendiz aprovado: confira as regras e multas para empresas que descumprirem a cota. Adapte-se agora e evite preju\u00edzos!","breadcrumb":{"@id":"https:\/\/www.pensarcursos.com.br\/blog\/estatuto-do-aprendiz-e-aprovado-pela-camara-e-preve-multa-para-empresas-que-nao-cumprirem-cota\/#breadcrumb"},"inLanguage":"pt-BR","potentialAction":[{"@type":"ReadAction","target":["https:\/\/www.pensarcursos.com.br\/blog\/estatuto-do-aprendiz-e-aprovado-pela-camara-e-preve-multa-para-empresas-que-nao-cumprirem-cota\/"]}]},{"@type":"ImageObject","inLanguage":"pt-BR","@id":"https:\/\/www.pensarcursos.com.br\/blog\/estatuto-do-aprendiz-e-aprovado-pela-camara-e-preve-multa-para-empresas-que-nao-cumprirem-cota\/#primaryimage","url":"https:\/\/www.pensarcursos.com.br\/blog\/wp-content\/uploads\/2026\/04\/estatuto-do-aprendiz.webp","contentUrl":"https:\/\/www.pensarcursos.com.br\/blog\/wp-content\/uploads\/2026\/04\/estatuto-do-aprendiz.webp","width":1200,"height":800,"caption":"A C\u00e2mara aprovou o Estatuto do Aprendiz, que estabelece penalidades para empresas que n\u00e3o cumprirem a cota de contrata\u00e7\u00e3o de jovens aprendizes.\/ Imagem: Ag\u00eancia Brasil"},{"@type":"BreadcrumbList","@id":"https:\/\/www.pensarcursos.com.br\/blog\/estatuto-do-aprendiz-e-aprovado-pela-camara-e-preve-multa-para-empresas-que-nao-cumprirem-cota\/#breadcrumb","itemListElement":[{"@type":"ListItem","position":1,"name":"Home","item":"https:\/\/www.pensarcursos.com.br\/blog\/"},{"@type":"ListItem","position":2,"name":"Estatuto do Aprendiz \u00e9 aprovado pela C\u00e2mara e prev\u00ea multa para empresas que n\u00e3o cumprirem cota"}]},{"@type":"WebSite","@id":"https:\/\/www.pensarcursos.com.br\/blog\/#website","url":"https:\/\/www.pensarcursos.com.br\/blog\/","name":"Blog Pensar Cursos","description":"Maior Site de Cursos do Brasil","publisher":{"@id":"https:\/\/www.pensarcursos.com.br\/blog\/#organization"},"alternateName":"Blog Pensar","potentialAction":[{"@type":"SearchAction","target":{"@type":"EntryPoint","urlTemplate":"https:\/\/www.pensarcursos.com.br\/blog\/?s={search_term_string}"},"query-input":{"@type":"PropertyValueSpecification","valueRequired":true,"valueName":"search_term_string"}}],"inLanguage":"pt-BR"},{"@type":"Organization","@id":"https:\/\/www.pensarcursos.com.br\/blog\/#organization","name":"Pensar Cursos","alternateName":"Blog pensar","url":"https:\/\/www.pensarcursos.com.br\/blog\/","logo":{"@type":"ImageObject","inLanguage":"pt-BR","@id":"https:\/\/www.pensarcursos.com.br\/blog\/#\/schema\/logo\/image\/","url":"https:\/\/www.pensarcursos.com.br\/blog\/wp-content\/uploads\/2023\/11\/Nova-Logo-Pensar-Cursos-vertical.png","contentUrl":"https:\/\/www.pensarcursos.com.br\/blog\/wp-content\/uploads\/2023\/11\/Nova-Logo-Pensar-Cursos-vertical.png","width":1393,"height":1001,"caption":"Pensar Cursos"},"image":{"@id":"https:\/\/www.pensarcursos.com.br\/blog\/#\/schema\/logo\/image\/"},"sameAs":["https:\/\/www.facebook.com\/pensarcursos\/","https:\/\/instagram.com.br\/pensarcursos"],"description":"Pensar Cursos \u00e9 uma empresa especializada em oferecer cursos de alta qualidade voltados para o desenvolvimento profissional e acad\u00eamico. Com uma ampla gama de op\u00e7\u00f5es de treinamento, oferecemos conte\u00fados atualizados, ministrados por especialistas da \u00e1rea, para capacitar indiv\u00edduos e equipes a atingirem seus objetivos. Nossa miss\u00e3o \u00e9 proporcionar uma educa\u00e7\u00e3o transformadora, acess\u00edvel e personalizada para cada aluno, seja em cursos presenciais ou online. Com uma abordagem inovadora, buscamos adaptar os nossos programas de ensino \u00e0s necessidades do mercado, criando solu\u00e7\u00f5es que atendem aos desafios e exig\u00eancias do mundo corporativo e acad\u00eamico. Nossos cursos incluem desde forma\u00e7\u00f5es t\u00e9cnicas at\u00e9 habilidades essenciais, como lideran\u00e7a, gest\u00e3o e desenvolvimento pessoal.","email":"contato@pensarcursos.com.br","legalName":"Sena Servi\u00e7os de Informa\u00e7\u00e3o Online LTDA","foundingDate":"2013-04-18","vatID":"17956217000172","numberOfEmployees":{"@type":"QuantitativeValue","minValue":"11","maxValue":"50"},"publishingPrinciples":"https:\/\/www.pensarcursos.com.br\/blog\/principios-de-publicacao\/","ownershipFundingInfo":"https:\/\/www.pensarcursos.com.br\/blog\/informacoes-de-propriedade-financiamento\/","actionableFeedbackPolicy":"https:\/\/www.pensarcursos.com.br\/blog\/politica-de-feedback-acionavel\/","correctionsPolicy":"https:\/\/www.pensarcursos.com.br\/blog\/politica-de-correcoes\/","ethicsPolicy":"https:\/\/www.pensarcursos.com.br\/blog\/politica-de-etica\/"},{"@type":"Person","@id":"https:\/\/www.pensarcursos.com.br\/blog\/#\/schema\/person\/f92909b12d0bb35eaed1789e30807e81","name":"Ana Julia Nery","image":{"@type":"ImageObject","inLanguage":"pt-BR","@id":"https:\/\/secure.gravatar.com\/avatar\/e19c86d344398a1f30916c1c288563c153f6dc639428d441a19140cba3257359?s=96&d=mm&r=g","url":"https:\/\/secure.gravatar.com\/avatar\/e19c86d344398a1f30916c1c288563c153f6dc639428d441a19140cba3257359?s=96&d=mm&r=g","contentUrl":"https:\/\/secure.gravatar.com\/avatar\/e19c86d344398a1f30916c1c288563c153f6dc639428d441a19140cba3257359?s=96&d=mm&r=g","caption":"Ana Julia Nery"},"description":"Redatora do grupo Sena Online. Especialista em conte\u00fados de benef\u00edcios sociais e direitos do trabalhador","sameAs":["https:\/\/www.linkedin.com\/in\/ana-jlia-nery-46b2a0357"],"url":"https:\/\/www.pensarcursos.com.br\/blog\/author\/anajulia\/"}]}},"_links":{"self":[{"href":"https:\/\/www.pensarcursos.com.br\/blog\/wp-json\/wp\/v2\/posts\/157741","targetHints":{"allow":["GET"]}}],"collection":[{"href":"https:\/\/www.pensarcursos.com.br\/blog\/wp-json\/wp\/v2\/posts"}],"about":[{"href":"https:\/\/www.pensarcursos.com.br\/blog\/wp-json\/wp\/v2\/types\/post"}],"author":[{"embeddable":true,"href":"https:\/\/www.pensarcursos.com.br\/blog\/wp-json\/wp\/v2\/users\/50"}],"replies":[{"embeddable":true,"href":"https:\/\/www.pensarcursos.com.br\/blog\/wp-json\/wp\/v2\/comments?post=157741"}],"version-history":[{"count":1,"href":"https:\/\/www.pensarcursos.com.br\/blog\/wp-json\/wp\/v2\/posts\/157741\/revisions"}],"predecessor-version":[{"id":157757,"href":"https:\/\/www.pensarcursos.com.br\/blog\/wp-json\/wp\/v2\/posts\/157741\/revisions\/157757"}],"wp:featuredmedia":[{"embeddable":true,"href":"https:\/\/www.pensarcursos.com.br\/blog\/wp-json\/wp\/v2\/media\/157745"}],"wp:attachment":[{"href":"https:\/\/www.pensarcursos.com.br\/blog\/wp-json\/wp\/v2\/media?parent=157741"}],"wp:term":[{"taxonomy":"category","embeddable":true,"href":"https:\/\/www.pensarcursos.com.br\/blog\/wp-json\/wp\/v2\/categories?post=157741"},{"taxonomy":"post_tag","embeddable":true,"href":"https:\/\/www.pensarcursos.com.br\/blog\/wp-json\/wp\/v2\/tags?post=157741"}],"curies":[{"name":"wp","href":"https:\/\/api.w.org\/{rel}","templated":true}]}}