{"id":157737,"date":"2026-04-24T22:59:58","date_gmt":"2026-04-25T01:59:58","guid":{"rendered":"https:\/\/www.pensarcursos.com.br\/blog\/?p=157737"},"modified":"2026-04-24T11:39:49","modified_gmt":"2026-04-24T14:39:49","slug":"chegar-atrasado-e-mais-do-que-falta-de-organizacao-a-psicologia-explica-o-porque","status":"publish","type":"post","link":"https:\/\/www.pensarcursos.com.br\/blog\/chegar-atrasado-e-mais-do-que-falta-de-organizacao-a-psicologia-explica-o-porque\/","title":{"rendered":"Chegar atrasado \u00e9 mais do que falta de organiza\u00e7\u00e3o: a psicologia explica o porqu\u00ea"},"content":{"rendered":"<p><strong>Chegar atrasado pode n\u00e3o ser falta de educa\u00e7\u00e3o \u2014 e sim um tra\u00e7o psicol\u00f3gico que revela muito sobre quem se atrasa.<\/strong><\/p>\n<p>A ci\u00eancia vem desmontando o r\u00f3tulo de que pessoas pouco pontuais s\u00e3o desorganizadas ou descuidadas. Estudos em psicologia social apontam causas internas bem mais complexas, que envolvem autoestima, ansiedade, percep\u00e7\u00e3o do tempo e at\u00e9 diferen\u00e7as na forma como o c\u00e9rebro processa cada minuto.<\/p>\n<p>Pesquisadores de universidades como Harvard e a Universidade Aut\u00f4noma de Barcelona mostram que o atraso cr\u00f4nico tem ra\u00edzes emocionais, cognitivas e comportamentais \u2014 e afeta milh\u00f5es de adultos em todo o mundo.<\/p>\n<h2>Por que algumas pessoas vivem atrasadas, segundo a psicologia<\/h2>\n<p>O <a href=\"https:\/\/www.pensarcursos.com.br\/blog\/inss-o-que-fazer-quando-ha-atraso-no-pagamento\/\" target=\"_blank\" rel=\"noopener\">atraso<\/a> frequente costuma ser interpretado como desrespeito, mas a literatura cient\u00edfica aponta uma explica\u00e7\u00e3o diferente. A psicoterapeuta Philippa Perry, em entrevista ao jornal brit\u00e2nico <a href=\"https:\/\/www.theguardian.com\/lifeandstyle\/2020\/jan\/01\/surprising-psychology-behind-being-perpetually-late\" target=\"_blank\" rel=\"noopener\"><strong>The Guardian<\/strong><\/a>, defende que parte das pessoas atrasadas tem dificuldade para encerrar uma atividade e iniciar outra, o que nada tem a ver com arrog\u00e2ncia.<\/p>\n<p>O psic\u00f3logo social Oliver Burkeman, autor do livro <strong>4.000 Semanas: Gerenciamento de Tempo para Mortais<\/strong>, descreve essa tens\u00e3o como uma &#8220;armadilha da efici\u00eancia&#8221;. Na vis\u00e3o dele, a obsess\u00e3o pelo controle do tempo \u00e9 uma ilus\u00e3o moderna, e o atraso pode surgir justamente quando a rotina ultrapassa o que o corpo e a mente conseguem sustentar.<\/p>\n<p>Antes de julgar quem vive se desculpando pelos minutos a mais, vale entender os fatores emocionais envolvidos.<\/p>\n<h2>Baixa autoestima e o impacto na pontualidade<\/h2>\n<p>A imagem de algu\u00e9m confiante e pontual costuma andar junta no imagin\u00e1rio popular. Na pr\u00e1tica, a psicologia indica o contr\u00e1rio em parte dos casos. Perry lembra no <strong>The Guardian<\/strong> que o atraso pode estar ligado \u00e0 baixa valoriza\u00e7\u00e3o pessoal \u2014 ou seja, a pessoa n\u00e3o se sente suficientemente importante para chegar no hor\u00e1rio marcado.<\/p>\n<h3>Quando o tempo do outro parece mais valioso<\/h3>\n<p>Nesse perfil, o atraso n\u00e3o nasce de desd\u00e9m, e sim de uma sensa\u00e7\u00e3o de que o pr\u00f3prio <a href=\"https:\/\/www.pensarcursos.com.br\/blog\/psicologia-explica-por-que-algumas-pessoas-sao-timidas-e-extrovertidas-ao-mesmo-tempo\/\" target=\"_blank\" rel=\"noopener\">tempo<\/a> vale menos que o dos demais. Isso pode vir de experi\u00eancias de inf\u00e2ncia, autocr\u00edtica excessiva ou press\u00e3o social.<\/p>\n<p>O reflexo \u00e9 um ciclo dif\u00edcil de romper: quanto mais a pessoa se atrasa, mais se sente culpada e menos acredita na pr\u00f3pria capacidade de mudar.<\/p>\n<h3>Ansiedade, distra\u00e7\u00e3o e a gest\u00e3o do tempo<\/h3>\n<p>Outro eixo importante de an\u00e1lise \u00e9 o impacto da ansiedade. A psic\u00f3loga Pauline Wallin, em entrevista \u00e0 revista <strong>Time<\/strong>, afirma que pessoas cronicamente atrasadas costumam conviver com ansiedade, distra\u00e7\u00e3o ou ambival\u00eancia \u2014 estados internos que competem pela aten\u00e7\u00e3o do c\u00e9rebro durante tarefas simples, como sair de casa.<\/p>\n<h3>Subestimar o tempo das tarefas<\/h3>\n<p>A especialista em gest\u00e3o do tempo Diana DeLonzor, autora de <strong>Nunca Mais se Atrase: 7 Solu\u00e7\u00f5es para a Falta de Pontualidade<\/strong>, disse ao <strong>The New York Times<\/strong> que muitas pessoas se enganam ao calcular quanto tempo uma atividade leva. Encaixam reuni\u00f5es, tr\u00e2nsito e imprevistos em janelas apertadas demais.<\/p>\n<h3>A adrenalina do \u00faltimo minuto<\/h3>\n<p>DeLonzor descreve ainda um grupo que s\u00f3 consegue produzir sob press\u00e3o. Essas pessoas adiam o in\u00edcio das tarefas em busca da descarga de adrenalina que o prazo apertado oferece, mesmo que isso signifique chegar tarde com frequ\u00eancia.<\/p>\n<figure id=\"attachment_157749\" aria-describedby=\"caption-attachment-157749\" style=\"width: 1200px\" class=\"wp-caption aligncenter\"><img decoding=\"async\" class=\"wp-image-157749 size-full\" src=\"https:\/\/www.pensarcursos.com.br\/blog\/wp-content\/uploads\/2026\/04\/os-fatores-psicologicos-que-levam-ao-atraso-constante.jpg\" alt=\"Mulher sobrecarregada e cansada, com dor de cabe\u00e7a, trabalhando at\u00e9 tarde, refletindo sobre os desafios do atraso e a press\u00e3o do tempo.\" width=\"1200\" height=\"800\" srcset=\"https:\/\/www.pensarcursos.com.br\/blog\/wp-content\/uploads\/2026\/04\/os-fatores-psicologicos-que-levam-ao-atraso-constante.jpg 1200w, https:\/\/www.pensarcursos.com.br\/blog\/wp-content\/uploads\/2026\/04\/os-fatores-psicologicos-que-levam-ao-atraso-constante-300x200.jpg 300w, https:\/\/www.pensarcursos.com.br\/blog\/wp-content\/uploads\/2026\/04\/os-fatores-psicologicos-que-levam-ao-atraso-constante-1024x683.jpg 1024w, https:\/\/www.pensarcursos.com.br\/blog\/wp-content\/uploads\/2026\/04\/os-fatores-psicologicos-que-levam-ao-atraso-constante-768x512.jpg 768w, https:\/\/www.pensarcursos.com.br\/blog\/wp-content\/uploads\/2026\/04\/os-fatores-psicologicos-que-levam-ao-atraso-constante-750x500.jpg 750w, https:\/\/www.pensarcursos.com.br\/blog\/wp-content\/uploads\/2026\/04\/os-fatores-psicologicos-que-levam-ao-atraso-constante-1140x760.jpg 1140w\" sizes=\"(max-width: 1200px) 100vw, 1200px\" \/><figcaption id=\"caption-attachment-157749\" class=\"wp-caption-text\">Falta de pontualidade: os motivos psicol\u00f3gicos que est\u00e3o al\u00e9m da log\u00edstica. Fonte: Freepik.<\/figcaption><\/figure>\n<h2>Sinais de que a ansiedade est\u00e1 por tr\u00e1s do atraso<\/h2>\n<p>Entre os ind\u00edcios apontados por especialistas est\u00e3o: sensa\u00e7\u00e3o constante de estar <strong>correndo<\/strong> sem sair do lugar, dificuldade para priorizar tarefas, irritabilidade antes de compromissos e cansa\u00e7o mental elevado no fim do dia.<\/p>\n<h2>Necessidade de controle e o atraso intencional<\/h2>\n<p>Nem toda explica\u00e7\u00e3o \u00e9 inocente. O m\u00e9dico e escritor Neel Burton, em artigo publicado na revista <strong>Psychology Today<\/strong>, observa que o atraso tamb\u00e9m pode ter origem na raiva ou no desejo de exercer controle sobre o outro.<\/p>\n<p>Nesse padr\u00e3o, chegar tarde vira uma forma silenciosa de manifestar desprezo ou de dominar a din\u00e2mica do encontro. A pessoa assume a aten\u00e7\u00e3o do grupo e define o ritmo dos acontecimentos simplesmente ao demorar.<\/p>\n<p>Burton alerta que esse tipo de comportamento costuma prejudicar rela\u00e7\u00f5es profissionais e afetivas com o tempo, j\u00e1 que gera desgaste acumulado em quem espera.<\/p>\n<h2>Percep\u00e7\u00e3o do tempo: quando a psicologia encontra a neuroci\u00eancia<\/h2>\n<p>Parte da explica\u00e7\u00e3o pode estar na forma como o c\u00e9rebro mede o tempo. Pesquisas citadas em estudos de psicologia cognitiva sugerem que, em algumas pessoas, um minuto pode ser percebido como cerca de 77 segundos.<\/p>\n<h3>O que diz a pesquisa da UAB<\/h3>\n<p>A pesquisadora Judit Castell\u00e0, da Universidade Aut\u00f4noma de Barcelona (UAB), especializada em mem\u00f3ria, aten\u00e7\u00e3o e percep\u00e7\u00e3o, explica que a no\u00e7\u00e3o de tempo varia de acordo com fatores ambientais, fisiol\u00f3gicos e sociais.<\/p>\n<p>Isso significa que o mesmo intervalo pode parecer curto para uma pessoa concentrada em uma tarefa prazerosa e longo para quem est\u00e1 entediado ou ansioso \u2014 e o resultado final aparece no rel\u00f3gio, quando o compromisso j\u00e1 come\u00e7ou.<\/p>\n<h3>C\u00e9rebro, rotina e pontualidade<\/h3>\n<p>Fatores como<a href=\"https:\/\/www.pensarcursos.com.br\/blog\/sono-ideal-por-idade-descubra-quantas-horas-voce-realmente-precisa-dormir\/\" target=\"_blank\" rel=\"noopener\"> sono<\/a> ruim, excesso de est\u00edmulos digitais e falta de pausas tamb\u00e9m distorcem essa percep\u00e7\u00e3o. Por isso, dormir bem, organizar a agenda e reduzir notifica\u00e7\u00f5es podem melhorar a pontualidade mais do que cobran\u00e7as e autoacusa\u00e7\u00f5es.<\/p>\n<h2>Como a Universidade Harvard enxerga quem se atrasa<\/h2>\n<p>Um dos dados mais curiosos vem de uma afirma\u00e7\u00e3o atribu\u00edda \u00e0 Universidade Harvard: pessoas atrasadas tendem a ser mais tranquilas e otimistas do que aquelas obcecadas pelo hor\u00e1rio.<\/p>\n<p>Esse perfil enxerga o mundo com menos urg\u00eancia, o que tem pontos positivos \u2014 como menor estresse \u2014 e negativos, j\u00e1 que a percep\u00e7\u00e3o relaxada pode comprometer prazos e compromissos importantes.<\/p>\n<p>Como lembra a psic\u00f3loga brit\u00e2nica Harriet Mellotte, \u00e9 f\u00e1cil que essas pessoas se vejam como &#8220;desorganizadas, ca\u00f3ticas e sem considera\u00e7\u00e3o pelos outros&#8221;, mesmo sem essa inten\u00e7\u00e3o.<\/p>\n<p>Quer ficar por dentro de mais assuntos como esse? Acompanhe o <strong><a href=\"https:\/\/www.pensarcursos.com.br\/blog\/\" target=\"_blank\" rel=\"noopener\">Blog Pensar Cursos <\/a><\/strong>diariamente.<\/p>\n","protected":false},"excerpt":{"rendered":"<p>Chegar atrasado pode n\u00e3o ser falta de educa\u00e7\u00e3o \u2014 e sim um tra\u00e7o psicol\u00f3gico que revela muito sobre quem se atrasa. A ci\u00eancia vem desmontando o r\u00f3tulo de que pessoas pouco pontuais s\u00e3o desorganizadas ou descuidadas. Estudos em psicologia social apontam causas internas bem mais complexas, que envolvem autoestima, ansiedade, percep\u00e7\u00e3o do tempo e at\u00e9 [&hellip;]<\/p>\n","protected":false},"author":56,"featured_media":157746,"comment_status":"open","ping_status":"closed","sticky":false,"template":"","format":"standard","meta":{"jnews-multi-image_gallery":[],"jnews_single_post":{"format":"standard","override":[{"template":"1","parallax":"1","fullscreen":"1","layout":"right-sidebar","sidebar":"default-sidebar","second_sidebar":"default-sidebar","sticky_sidebar":"1","share_position":"topbottom","share_float_style":"share-monocrhome","show_featured":"1","show_post_meta":"1","show_post_author":"1","show_post_author_image":"1","show_post_date":"1","post_date_format":"default","post_date_format_custom":"Y\/m\/d","show_post_category":"1","post_reading_time_wpm":"300","post_calculate_word_method":"str_word_count","show_zoom_button":"0","zoom_button_out_step":"2","zoom_button_in_step":"3","show_post_tag":"1","show_prev_next_post":"1","show_popup_post":"1","show_comment_section":"1","number_popup_post":"2","show_author_box":"1","show_post_related":"1","show_inline_post_related":"1"}],"image_override":[{"single_post_thumbnail_size":"crop-500","single_post_gallery_size":"crop-500"}],"trending_post_position":"meta","trending_post_label":"Trending","sponsored_post_label":"Sponsored by","disable_ad":"0","subtitle":"Entenda o que a ci\u00eancia diz sobre pessoas cronicamente atrasadas \u2014 e descubra em qual perfil voc\u00ea se encaixa."},"jnews_primary_category":[],"jnews_social_meta":[],"jnews_override_counter":{"view_counter_number":"0","share_counter_number":"0","like_counter_number":"0","dislike_counter_number":"0"},"footnotes":""},"categories":[27431],"tags":[41746,41744,28522,41747,41745],"class_list":["post-157737","post","type-post","status-publish","format-standard","has-post-thumbnail","hentry","category-psicologia-e-comportamento","tag-ansiedade-e-atrasos","tag-atraso-cronico","tag-gestao-do-tempo","tag-percepcao-do-tempo","tag-psicologia-do-atraso"],"yoast_head":"<!-- This site is optimized with the Yoast SEO Premium plugin v27.4 (Yoast SEO v27.4) - https:\/\/yoast.com\/product\/yoast-seo-premium-wordpress\/ -->\n<title>Chegar atrasado \u00e9 mais do que falta de organiza\u00e7\u00e3o: a psicologia explica o porqu\u00ea - Blog Pensar Cursos<\/title>\n<meta name=\"description\" content=\"Pesquisas mostram que chegar atrasado vai al\u00e9m de falta de organiza\u00e7\u00e3o. Veja o que a psicologia revela sobre o atraso cr\u00f4nico.\" \/>\n<meta name=\"robots\" content=\"index, follow, max-snippet:-1, max-image-preview:large, max-video-preview:-1\" \/>\n<link rel=\"canonical\" href=\"https:\/\/www.pensarcursos.com.br\/blog\/chegar-atrasado-e-mais-do-que-falta-de-organizacao-a-psicologia-explica-o-porque\/\" \/>\n<meta property=\"og:locale\" content=\"pt_BR\" \/>\n<meta property=\"og:type\" content=\"article\" \/>\n<meta property=\"og:title\" content=\"Chegar atrasado \u00e9 mais do que falta de organiza\u00e7\u00e3o: a psicologia explica o porqu\u00ea\" \/>\n<meta property=\"og:description\" content=\"Pesquisas mostram que chegar atrasado vai al\u00e9m de falta de organiza\u00e7\u00e3o. Veja o que a psicologia revela sobre o atraso cr\u00f4nico.\" \/>\n<meta property=\"og:url\" content=\"https:\/\/www.pensarcursos.com.br\/blog\/chegar-atrasado-e-mais-do-que-falta-de-organizacao-a-psicologia-explica-o-porque\/\" \/>\n<meta property=\"og:site_name\" content=\"Blog Pensar Cursos\" \/>\n<meta property=\"article:publisher\" content=\"https:\/\/www.facebook.com\/pensarcursos\/\" \/>\n<meta property=\"article:published_time\" content=\"2026-04-25T01:59:58+00:00\" \/>\n<meta property=\"og:image\" content=\"https:\/\/www.pensarcursos.com.br\/blog\/wp-content\/uploads\/2026\/04\/pessoa-sempre-atrasada.jpg\" \/>\n\t<meta property=\"og:image:width\" content=\"1200\" \/>\n\t<meta property=\"og:image:height\" content=\"800\" \/>\n\t<meta property=\"og:image:type\" content=\"image\/jpeg\" \/>\n<meta name=\"author\" content=\"Yasmin Santos\" \/>\n<meta name=\"twitter:card\" content=\"summary_large_image\" \/>\n<meta name=\"twitter:label1\" content=\"Escrito por\" \/>\n\t<meta name=\"twitter:data1\" content=\"Yasmin Santos\" \/>\n\t<meta name=\"twitter:label2\" content=\"Est. tempo de leitura\" \/>\n\t<meta name=\"twitter:data2\" content=\"6 minutos\" \/>\n<!-- \/ Yoast SEO Premium plugin. -->","yoast_head_json":{"title":"Chegar atrasado \u00e9 mais do que falta de organiza\u00e7\u00e3o: a psicologia explica o porqu\u00ea - Blog Pensar Cursos","description":"Pesquisas mostram que chegar atrasado vai al\u00e9m de falta de organiza\u00e7\u00e3o. Veja o que a psicologia revela sobre o atraso cr\u00f4nico.","robots":{"index":"index","follow":"follow","max-snippet":"max-snippet:-1","max-image-preview":"max-image-preview:large","max-video-preview":"max-video-preview:-1"},"canonical":"https:\/\/www.pensarcursos.com.br\/blog\/chegar-atrasado-e-mais-do-que-falta-de-organizacao-a-psicologia-explica-o-porque\/","og_locale":"pt_BR","og_type":"article","og_title":"Chegar atrasado \u00e9 mais do que falta de organiza\u00e7\u00e3o: a psicologia explica o porqu\u00ea","og_description":"Pesquisas mostram que chegar atrasado vai al\u00e9m de falta de organiza\u00e7\u00e3o. Veja o que a psicologia revela sobre o atraso cr\u00f4nico.","og_url":"https:\/\/www.pensarcursos.com.br\/blog\/chegar-atrasado-e-mais-do-que-falta-de-organizacao-a-psicologia-explica-o-porque\/","og_site_name":"Blog Pensar Cursos","article_publisher":"https:\/\/www.facebook.com\/pensarcursos\/","article_published_time":"2026-04-25T01:59:58+00:00","og_image":[{"width":1200,"height":800,"url":"https:\/\/www.pensarcursos.com.br\/blog\/wp-content\/uploads\/2026\/04\/pessoa-sempre-atrasada.jpg","type":"image\/jpeg"}],"author":"Yasmin Santos","twitter_card":"summary_large_image","twitter_misc":{"Escrito por":"Yasmin Santos","Est. tempo de leitura":"6 minutos"},"schema":{"@context":"https:\/\/schema.org","@graph":[{"@type":["Article","BlogPosting"],"@id":"https:\/\/www.pensarcursos.com.br\/blog\/chegar-atrasado-e-mais-do-que-falta-de-organizacao-a-psicologia-explica-o-porque\/#article","isPartOf":{"@id":"https:\/\/www.pensarcursos.com.br\/blog\/chegar-atrasado-e-mais-do-que-falta-de-organizacao-a-psicologia-explica-o-porque\/"},"author":{"name":"Yasmin Santos","@id":"https:\/\/www.pensarcursos.com.br\/blog\/#\/schema\/person\/2700c09d818d989d5d4fff5f50d4b755"},"headline":"Chegar atrasado \u00e9 mais do que falta de organiza\u00e7\u00e3o: a psicologia explica o porqu\u00ea","datePublished":"2026-04-25T01:59:58+00:00","mainEntityOfPage":{"@id":"https:\/\/www.pensarcursos.com.br\/blog\/chegar-atrasado-e-mais-do-que-falta-de-organizacao-a-psicologia-explica-o-porque\/"},"wordCount":1037,"commentCount":0,"publisher":{"@id":"https:\/\/www.pensarcursos.com.br\/blog\/#organization"},"image":{"@id":"https:\/\/www.pensarcursos.com.br\/blog\/chegar-atrasado-e-mais-do-que-falta-de-organizacao-a-psicologia-explica-o-porque\/#primaryimage"},"thumbnailUrl":"https:\/\/www.pensarcursos.com.br\/blog\/wp-content\/uploads\/2026\/04\/pessoa-sempre-atrasada.jpg","keywords":["ansiedade e atrasos","atraso cr\u00f4nico","gest\u00e3o do tempo","percep\u00e7\u00e3o do tempo","psicologia do atraso"],"articleSection":["Psicologia e Comportamento"],"inLanguage":"pt-BR","potentialAction":[{"@type":"CommentAction","name":"Comment","target":["https:\/\/www.pensarcursos.com.br\/blog\/chegar-atrasado-e-mais-do-que-falta-de-organizacao-a-psicologia-explica-o-porque\/#respond"]}],"copyrightYear":"2026","copyrightHolder":{"@id":"https:\/\/www.pensarcursos.com.br\/blog\/#organization"}},{"@type":"WebPage","@id":"https:\/\/www.pensarcursos.com.br\/blog\/chegar-atrasado-e-mais-do-que-falta-de-organizacao-a-psicologia-explica-o-porque\/","url":"https:\/\/www.pensarcursos.com.br\/blog\/chegar-atrasado-e-mais-do-que-falta-de-organizacao-a-psicologia-explica-o-porque\/","name":"Chegar atrasado \u00e9 mais do que falta de organiza\u00e7\u00e3o: a psicologia explica o porqu\u00ea - Blog Pensar Cursos","isPartOf":{"@id":"https:\/\/www.pensarcursos.com.br\/blog\/#website"},"primaryImageOfPage":{"@id":"https:\/\/www.pensarcursos.com.br\/blog\/chegar-atrasado-e-mais-do-que-falta-de-organizacao-a-psicologia-explica-o-porque\/#primaryimage"},"image":{"@id":"https:\/\/www.pensarcursos.com.br\/blog\/chegar-atrasado-e-mais-do-que-falta-de-organizacao-a-psicologia-explica-o-porque\/#primaryimage"},"thumbnailUrl":"https:\/\/www.pensarcursos.com.br\/blog\/wp-content\/uploads\/2026\/04\/pessoa-sempre-atrasada.jpg","datePublished":"2026-04-25T01:59:58+00:00","description":"Pesquisas mostram que chegar atrasado vai al\u00e9m de falta de organiza\u00e7\u00e3o. Veja o que a psicologia revela sobre o atraso cr\u00f4nico.","breadcrumb":{"@id":"https:\/\/www.pensarcursos.com.br\/blog\/chegar-atrasado-e-mais-do-que-falta-de-organizacao-a-psicologia-explica-o-porque\/#breadcrumb"},"inLanguage":"pt-BR","potentialAction":[{"@type":"ReadAction","target":["https:\/\/www.pensarcursos.com.br\/blog\/chegar-atrasado-e-mais-do-que-falta-de-organizacao-a-psicologia-explica-o-porque\/"]}]},{"@type":"ImageObject","inLanguage":"pt-BR","@id":"https:\/\/www.pensarcursos.com.br\/blog\/chegar-atrasado-e-mais-do-que-falta-de-organizacao-a-psicologia-explica-o-porque\/#primaryimage","url":"https:\/\/www.pensarcursos.com.br\/blog\/wp-content\/uploads\/2026\/04\/pessoa-sempre-atrasada.jpg","contentUrl":"https:\/\/www.pensarcursos.com.br\/blog\/wp-content\/uploads\/2026\/04\/pessoa-sempre-atrasada.jpg","width":1200,"height":800,"caption":"O que revela o atraso sobre nossos comportamentos e emo\u00e7\u00f5es. Fonte: Freepik."},{"@type":"BreadcrumbList","@id":"https:\/\/www.pensarcursos.com.br\/blog\/chegar-atrasado-e-mais-do-que-falta-de-organizacao-a-psicologia-explica-o-porque\/#breadcrumb","itemListElement":[{"@type":"ListItem","position":1,"name":"Home","item":"https:\/\/www.pensarcursos.com.br\/blog\/"},{"@type":"ListItem","position":2,"name":"Chegar atrasado \u00e9 mais do que falta de organiza\u00e7\u00e3o: a psicologia explica o porqu\u00ea"}]},{"@type":"WebSite","@id":"https:\/\/www.pensarcursos.com.br\/blog\/#website","url":"https:\/\/www.pensarcursos.com.br\/blog\/","name":"Blog Pensar Cursos","description":"Maior Site de Cursos do Brasil","publisher":{"@id":"https:\/\/www.pensarcursos.com.br\/blog\/#organization"},"alternateName":"Blog Pensar","potentialAction":[{"@type":"SearchAction","target":{"@type":"EntryPoint","urlTemplate":"https:\/\/www.pensarcursos.com.br\/blog\/?s={search_term_string}"},"query-input":{"@type":"PropertyValueSpecification","valueRequired":true,"valueName":"search_term_string"}}],"inLanguage":"pt-BR"},{"@type":"Organization","@id":"https:\/\/www.pensarcursos.com.br\/blog\/#organization","name":"Pensar Cursos","alternateName":"Blog pensar","url":"https:\/\/www.pensarcursos.com.br\/blog\/","logo":{"@type":"ImageObject","inLanguage":"pt-BR","@id":"https:\/\/www.pensarcursos.com.br\/blog\/#\/schema\/logo\/image\/","url":"https:\/\/www.pensarcursos.com.br\/blog\/wp-content\/uploads\/2023\/11\/Nova-Logo-Pensar-Cursos-vertical.png","contentUrl":"https:\/\/www.pensarcursos.com.br\/blog\/wp-content\/uploads\/2023\/11\/Nova-Logo-Pensar-Cursos-vertical.png","width":1393,"height":1001,"caption":"Pensar Cursos"},"image":{"@id":"https:\/\/www.pensarcursos.com.br\/blog\/#\/schema\/logo\/image\/"},"sameAs":["https:\/\/www.facebook.com\/pensarcursos\/","https:\/\/instagram.com.br\/pensarcursos"],"description":"Pensar Cursos \u00e9 uma empresa especializada em oferecer cursos de alta qualidade voltados para o desenvolvimento profissional e acad\u00eamico. Com uma ampla gama de op\u00e7\u00f5es de treinamento, oferecemos conte\u00fados atualizados, ministrados por especialistas da \u00e1rea, para capacitar indiv\u00edduos e equipes a atingirem seus objetivos. Nossa miss\u00e3o \u00e9 proporcionar uma educa\u00e7\u00e3o transformadora, acess\u00edvel e personalizada para cada aluno, seja em cursos presenciais ou online. Com uma abordagem inovadora, buscamos adaptar os nossos programas de ensino \u00e0s necessidades do mercado, criando solu\u00e7\u00f5es que atendem aos desafios e exig\u00eancias do mundo corporativo e acad\u00eamico. Nossos cursos incluem desde forma\u00e7\u00f5es t\u00e9cnicas at\u00e9 habilidades essenciais, como lideran\u00e7a, gest\u00e3o e desenvolvimento pessoal.","email":"contato@pensarcursos.com.br","legalName":"Sena Servi\u00e7os de Informa\u00e7\u00e3o Online LTDA","foundingDate":"2013-04-18","vatID":"17956217000172","numberOfEmployees":{"@type":"QuantitativeValue","minValue":"11","maxValue":"50"},"publishingPrinciples":"https:\/\/www.pensarcursos.com.br\/blog\/principios-de-publicacao\/","ownershipFundingInfo":"https:\/\/www.pensarcursos.com.br\/blog\/informacoes-de-propriedade-financiamento\/","actionableFeedbackPolicy":"https:\/\/www.pensarcursos.com.br\/blog\/politica-de-feedback-acionavel\/","correctionsPolicy":"https:\/\/www.pensarcursos.com.br\/blog\/politica-de-correcoes\/","ethicsPolicy":"https:\/\/www.pensarcursos.com.br\/blog\/politica-de-etica\/"},{"@type":"Person","@id":"https:\/\/www.pensarcursos.com.br\/blog\/#\/schema\/person\/2700c09d818d989d5d4fff5f50d4b755","name":"Yasmin Santos","image":{"@type":"ImageObject","inLanguage":"pt-BR","@id":"https:\/\/secure.gravatar.com\/avatar\/b8d88d102398911030f7bd8e99bd07ffbbb62169f9a740f38705dc857853eb31?s=96&d=mm&r=g","url":"https:\/\/secure.gravatar.com\/avatar\/b8d88d102398911030f7bd8e99bd07ffbbb62169f9a740f38705dc857853eb31?s=96&d=mm&r=g","contentUrl":"https:\/\/secure.gravatar.com\/avatar\/b8d88d102398911030f7bd8e99bd07ffbbb62169f9a740f38705dc857853eb31?s=96&d=mm&r=g","caption":"Yasmin Santos"},"description":"Graduada em Letras Portugu\u00eas\/Ingl\u00eas pela Universidade Estadual de Santa Cruz (UESC), redatora do Grupo Sena Online","sameAs":["https:\/\/www.instagram.com\/yasmin0_20?igsh=MTdqZXF3NTA1b2gyMg=="],"url":"https:\/\/www.pensarcursos.com.br\/blog\/author\/yasmin\/"}]}},"_links":{"self":[{"href":"https:\/\/www.pensarcursos.com.br\/blog\/wp-json\/wp\/v2\/posts\/157737","targetHints":{"allow":["GET"]}}],"collection":[{"href":"https:\/\/www.pensarcursos.com.br\/blog\/wp-json\/wp\/v2\/posts"}],"about":[{"href":"https:\/\/www.pensarcursos.com.br\/blog\/wp-json\/wp\/v2\/types\/post"}],"author":[{"embeddable":true,"href":"https:\/\/www.pensarcursos.com.br\/blog\/wp-json\/wp\/v2\/users\/56"}],"replies":[{"embeddable":true,"href":"https:\/\/www.pensarcursos.com.br\/blog\/wp-json\/wp\/v2\/comments?post=157737"}],"version-history":[{"count":2,"href":"https:\/\/www.pensarcursos.com.br\/blog\/wp-json\/wp\/v2\/posts\/157737\/revisions"}],"predecessor-version":[{"id":157751,"href":"https:\/\/www.pensarcursos.com.br\/blog\/wp-json\/wp\/v2\/posts\/157737\/revisions\/157751"}],"wp:featuredmedia":[{"embeddable":true,"href":"https:\/\/www.pensarcursos.com.br\/blog\/wp-json\/wp\/v2\/media\/157746"}],"wp:attachment":[{"href":"https:\/\/www.pensarcursos.com.br\/blog\/wp-json\/wp\/v2\/media?parent=157737"}],"wp:term":[{"taxonomy":"category","embeddable":true,"href":"https:\/\/www.pensarcursos.com.br\/blog\/wp-json\/wp\/v2\/categories?post=157737"},{"taxonomy":"post_tag","embeddable":true,"href":"https:\/\/www.pensarcursos.com.br\/blog\/wp-json\/wp\/v2\/tags?post=157737"}],"curies":[{"name":"wp","href":"https:\/\/api.w.org\/{rel}","templated":true}]}}