{"id":149841,"date":"2026-03-13T21:59:44","date_gmt":"2026-03-14T00:59:44","guid":{"rendered":"https:\/\/www.pensarcursos.com.br\/blog\/?p=149841"},"modified":"2026-03-14T21:37:12","modified_gmt":"2026-03-15T00:37:12","slug":"aposentados-e-pensionistas-ja-podem-consultar-o-13o-salario-do-inss-datas-previstas","status":"publish","type":"post","link":"https:\/\/www.pensarcursos.com.br\/blog\/aposentados-e-pensionistas-ja-podem-consultar-o-13o-salario-do-inss-datas-previstas\/","title":{"rendered":"Aposentados e pensionistas j\u00e1 podem consultar calend\u00e1rio do 13\u00ba sal\u00e1rio do INSS (datas previstas)"},"content":{"rendered":"<p>Mais de 35 milh\u00f5es de aposentados e pensionistas est\u00e3o de olho no calend\u00e1rio do 13\u00ba sal\u00e1rio do Instituto Nacional do Seguro Social (INSS) de 2026 e com raz\u00e3o. O 13\u00ba sal\u00e1rio pode colocar <strong>R$ 78 bilh\u00f5es<\/strong> em circula\u00e7\u00e3o na economia brasileira, e as datas de pagamento est\u00e3o prestes a ser confirmadas pelo governo federal.<\/p>\n<p>A not\u00edcia \u00e9 que j\u00e1 \u00e9 poss\u00edvel consultar a previs\u00e3o e se organizar com anteced\u00eancia. Veja a seguir tudo o que j\u00e1 se sabe sobre o 13\u00ba INSS em 2026: quem tem direito, como consultar e as datas previstas para as duas parcelas.<\/p>\n<h2>Entenda o pagamento do 13\u00ba sal\u00e1rio do INSS<\/h2>\n<p>O 13\u00ba sal\u00e1rio do INSS, chamado oficialmente de abono anual, \u00e9 um pagamento extra garantido por lei a todos os segurados da Previd\u00eancia Social. Funciona como uma esp\u00e9cie de &#8220;sal\u00e1rio extra&#8221; pago uma vez por ano, dividido em duas parcelas.<\/p>\n<p>Para milh\u00f5es de brasileiros, esse valor representa a chance de quitar d\u00edvidas, comprar medicamentos, ajudar familiares ou simplesmente colocar o or\u00e7amento em dia.<\/p>\n<p>Em cidades menores, o pagamento do INSS \u00e9 uma das principais fontes de renda local e, quando o 13\u00ba sal\u00e1rio chega, o com\u00e9rcio sente o impacto direto.<\/p>\n<h2>Quem tem direito ao 13\u00ba INSS em 2026<\/h2>\n<p>Nem todo benef\u00edcio pago pelo INSS garante o recebimento do abono anual. O <a href=\"https:\/\/www.pensarcursos.com.br\/blog\/veja-as-regras-que-garantem-o-valor-maximo-do-13o-salario-do-inss-2026-e-descubra-se-voce-tera-direito\/\">13\u00ba sal\u00e1rio do INSS<\/a>\u00a0\u00e9 destinado exclusivamente a quem recebe\u00a0benef\u00edcios previdenci\u00e1rios.<\/p>\n<p>Veja quem est\u00e1 na lista:<\/p>\n<h3>Aposentados de todas as modalidades<\/h3>\n<p>Quem recebe aposentadoria, seja por idade, tempo de contribui\u00e7\u00e3o ou incapacidade permanente, tem direito ao abono. Isso vale para todos os segurados ativos no INSS.<\/p>\n<h3>Pensionistas<\/h3>\n<p>Benefici\u00e1rios de\u00a0pens\u00e3o por morte\u00a0tamb\u00e9m recebem o 13\u00ba, proporcional ao valor do benef\u00edcio mensal.<\/p>\n<h3>Benefici\u00e1rios de aux\u00edlios tempor\u00e1rios<\/h3>\n<p>Quem recebe\u00a0aux\u00edlio por incapacidade tempor\u00e1ria\u00a0(antigo aux\u00edlio-doen\u00e7a),\u00a0aux\u00edlio-acidente,\u00a0aux\u00edlio-reclus\u00e3o\u00a0ou\u00a0sal\u00e1rio-maternidade\u00a0tem direito ao abono proporcional ao per\u00edodo em que recebeu o benef\u00edcio durante o ano.<\/p>\n<h2>Quem n\u00e3o recebe o 13\u00ba do INSS<\/h2>\n<p>Aten\u00e7\u00e3o a um ponto que gera muita confus\u00e3o: benefici\u00e1rios do BPC (Benef\u00edcio de Presta\u00e7\u00e3o Continuada) e do programa Renda Mensal Vital\u00edcia (RMV) n\u00e3o t\u00eam direito ao 13\u00ba sal\u00e1rio.<\/p>\n<p>Isso acontece porque esses s\u00e3o benef\u00edcios assistenciais, previstos na Lei Org\u00e2nica da Assist\u00eancia Social, e n\u00e3o previdenci\u00e1rios.<\/p>\n<figure id=\"attachment_149855\" aria-describedby=\"caption-attachment-149855\" style=\"width: 1200px\" class=\"wp-caption aligncenter\"><img decoding=\"async\" class=\"wp-image-149855 size-full\" src=\"https:\/\/www.pensarcursos.com.br\/blog\/wp-content\/uploads\/2026\/03\/INSS-3-2-4.png\" alt=\"C\u00e9dulas de dinheiro ao lado de pr\u00e9dio com letreiro azul escrito Previd\u00eancia Social, simnolizando o pagamento do 13\u00ba sal\u00e1rio do INSS 2026.\" width=\"1200\" height=\"800\" srcset=\"https:\/\/www.pensarcursos.com.br\/blog\/wp-content\/uploads\/2026\/03\/INSS-3-2-4.png 1200w, https:\/\/www.pensarcursos.com.br\/blog\/wp-content\/uploads\/2026\/03\/INSS-3-2-4-300x200.png 300w, https:\/\/www.pensarcursos.com.br\/blog\/wp-content\/uploads\/2026\/03\/INSS-3-2-4-1024x683.png 1024w, https:\/\/www.pensarcursos.com.br\/blog\/wp-content\/uploads\/2026\/03\/INSS-3-2-4-768x512.png 768w, https:\/\/www.pensarcursos.com.br\/blog\/wp-content\/uploads\/2026\/03\/INSS-3-2-4-750x500.png 750w, https:\/\/www.pensarcursos.com.br\/blog\/wp-content\/uploads\/2026\/03\/INSS-3-2-4-1140x760.png 1140w\" sizes=\"(max-width: 1200px) 100vw, 1200px\" \/><figcaption id=\"caption-attachment-149855\" class=\"wp-caption-text\">13\u00ba do INSS 2026: entenda como funciona o calend\u00e1rio de pagamento das duas parcelas. Imagem: Blog Pensar Cursos<\/figcaption><\/figure>\n<h2>Datas de pagamento do 13\u00ba INSS 2026: quando cai na conta?<\/h2>\n<p>Essa \u00e9 a pergunta que n\u00e3o quer calar. E a resposta, at\u00e9 o momento, \u00e9 a seguinte:\u00a0as datas est\u00e3o prestes a ser confirmadas.<\/p>\n<p>O governo federal vem antecipando o pagamento do\u00a0<a href=\"https:\/\/www.pensarcursos.com.br\/blog\/nao-caia-em-fake-news-confira-6-verdades-e-5-mentiras-sobre-o-13o-salario-do-inss\/\">13\u00ba do INSS\u00a0<\/a>desde 2020, e a expectativa para 2026 \u00e9 que o padr\u00e3o se repita. O Minist\u00e9rio da Previd\u00eancia j\u00e1 finalizou a nota t\u00e9cnica sobre o tema, mas a confirma\u00e7\u00e3o oficial depende da publica\u00e7\u00e3o de um decreto presidencial, que deve sair at\u00e9 o in\u00edcio de abril.<\/p>\n<h3>Previs\u00e3o das parcelas<\/h3>\n<p>Se a antecipa\u00e7\u00e3o for confirmada, como aconteceu nos \u00faltimos seis anos, o calend\u00e1rio previsto \u00e9:<\/p>\n<ul>\n<li>Primeira parcela:\u00a0pagamento previsto a partir de\u00a024 de abril, com dep\u00f3sitos at\u00e9 8 de maio<\/li>\n<li>Segunda parcela:\u00a0pagamento previsto a partir de\u00a025 de maio, com dep\u00f3sitos at\u00e9 8 de junho<\/li>\n<\/ul>\n<p>Os dep\u00f3sitos seguem o\u00a0n\u00famero final do benef\u00edcio\u00a0(sem considerar o d\u00edgito ap\u00f3s o tra\u00e7o). Primeiro recebem quem ganha at\u00e9 um sal\u00e1rio m\u00ednimo, depois os que recebem acima do piso.<\/p>\n<p>Para conferir as datas previstas e o calend\u00e1rio completo, acesse o site do <a href=\"https:\/\/www.gov.br\/inss\/pt-br\/assuntos\/calendario-de-pagamentos-do-inss-de-2026-esta-disponivel\" target=\"_blank\" rel=\"noopener\">INSS<\/a>.<\/p>\n<h3>E se o decreto n\u00e3o sair?<\/h3>\n<p>Sem a assinatura do decreto, o pagamento volta ao calend\u00e1rio tradicional: primeira parcela em\u00a0agosto\u00a0e segunda em\u00a0novembro. Mas, considerando o hist\u00f3rico recente, a tend\u00eancia \u00e9 que a antecipa\u00e7\u00e3o se confirme.<\/p>\n<h2>Como funciona o pagamento do 13\u00ba sal\u00e1rio do INSS<\/h2>\n<p>O abono anual \u00e9 dividido em duas etapas, cada uma com regras diferentes:<\/p>\n<h3>Primeira parcela<\/h3>\n<p>Corresponde a 50% do valor do benef\u00edcio mensal. O detalhe \u00e9 que essa parcela n\u00e3o sofre desconto de Imposto de Renda (IR), sendo depositada integralmente na conta do segurado.<\/p>\n<h3>Segunda parcela<\/h3>\n<p>Corresponde aos\u00a050% restantes. Nessa etapa, pode haver desconto de IR para quem recebe acima da faixa de isen\u00e7\u00e3o (R$ 5.000 em 2026). Por isso, o valor l\u00edquido da segunda parcela pode ser menor que o da primeira.<\/p>\n<h3>13\u00ba proporcional<\/h3>\n<p>Quem come\u00e7ou a receber benef\u00edcio ao longo do ano ter\u00e1 o abono calculado proporcionalmente. O c\u00e1lculo \u00e9 simples: divide-se o valor mensal por 12 e multiplica-se pelo n\u00famero de meses em que houve pagamento.<\/p>\n<h2>Consulta 13\u00ba INSS 2026: como verificar o valor e a data<\/h2>\n<p>N\u00e3o \u00e9 preciso ir at\u00e9 uma ag\u00eancia para saber quanto vai receber. A consulta do 13\u00ba sal\u00e1rio do INSS poder\u00e1 ser feita (quando for liberada) de forma r\u00e1pida e digital pelos seguintes canais:<\/p>\n<ul>\n<li>Aplicativo ou site\u00a0<a title=\"Meu INSS\" href=\"https:\/\/meu.inss.gov.br\/\" rel=\"nofollow\">Meu INSS<\/a>:\u00a0acesse com login Gov.br e consulte o extrato de pagamento<\/li>\n<li>Central 135:\u00a0atendimento de segunda a s\u00e1bado, das 7h \u00e0s 22h<\/li>\n<li>Ag\u00eancias do INSS:\u00a0atendimento presencial com agendamento pr\u00e9vio<\/li>\n<\/ul>\n<p>Pelo extrato de benef\u00edcio INSS, d\u00e1 para verificar o valor bruto do 13\u00ba, checar se haver\u00e1 desconto de IR, confirmar a data de cr\u00e9dito e identificar poss\u00edveis pend\u00eancias no cadastro.<\/p>\n<h2>Como os dep\u00f3sitos do 13\u00ba sal\u00e1rio s\u00e3o organizados<\/h2>\n<p>O calend\u00e1rio do 13\u00ba sal\u00e1rio do INSS segue a mesma l\u00f3gica dos pagamentos mensais. N\u00e3o existe um cronograma separado para o abono anual \u2014 ele \u00e9 depositado junto ao benef\u00edcio regular do m\u00eas correspondente.<\/p>\n<p>A organiza\u00e7\u00e3o funciona assim:<\/p>\n<ul>\n<li>Primeira fase:\u00a0benefici\u00e1rios que recebem at\u00e9 R$ 1.621 (um sal\u00e1rio m\u00ednimo)<\/li>\n<li>Segunda fase:\u00a0benefici\u00e1rios que recebem acima do sal\u00e1rio m\u00ednimo<\/li>\n<\/ul>\n<p>Dentro de cada fase, os dep\u00f3sitos s\u00e3o escalonados pelo n\u00famero final do benef\u00edcio.<\/p>\n<h2>Antecipa\u00e7\u00e3o 13\u00ba INSS: por que ainda n\u00e3o foi confirmada?<\/h2>\n<p>Apesar de seis anos consecutivos de antecipa\u00e7\u00e3o, a medida\u00a0n\u00e3o \u00e9 autom\u00e1tica. A cada ano, o pagamento antecipado depende de um\u00a0decreto presidencial espec\u00edfico.<\/p>\n<p>Em 2026, o cen\u00e1rio \u00e9 o seguinte:<\/p>\n<ul>\n<li>O\u00a0Minist\u00e9rio da Previd\u00eancia\u00a0j\u00e1 finalizou a nota t\u00e9cnica recomendando a antecipa\u00e7\u00e3o<\/li>\n<li>O documento ser\u00e1 encaminhado ao\u00a0Minist\u00e9rio da Fazenda<\/li>\n<li>A expectativa \u00e9 que o\u00a0decreto\u00a0seja publicado at\u00e9 o in\u00edcio de abril<\/li>\n<\/ul>\n<p>A antecipa\u00e7\u00e3o n\u00e3o gera custo fiscal adicional ao governo. Trata-se apenas de uma mudan\u00e7a no fluxo de pagamentos. Com isso, o dinheiro que seria pago em agosto e novembro passa a ser liberado em abril e maio.<\/p>\n<h2>D\u00favidas frequentes<\/h2>\n<h3>Quando ser\u00e1 pago o 13\u00ba sal\u00e1rio do INSS em 2026?<\/h3>\n<p>A previs\u00e3o \u00e9 que a\u00a0primeira parcela\u00a0seja depositada a partir de\u00a024 de abril\u00a0e a\u00a0segunda parcela\u00a0a partir de\u00a025 de maio. Por\u00e9m, a confirma\u00e7\u00e3o depende de decreto presidencial.<\/p>\n<h3>Quem tem direito ao 13\u00ba do INSS?<\/h3>\n<p>Aposentados, pensionistas e benefici\u00e1rios de aux\u00edlios previdenci\u00e1rios como aux\u00edlio por incapacidade tempor\u00e1ria, aux\u00edlio-acidente, aux\u00edlio-reclus\u00e3o e sal\u00e1rio-maternidade.<\/p>\n<h3>Benefici\u00e1rios do BPC recebem o 13\u00ba sal\u00e1rio?<\/h3>\n<p>N\u00e3o. O BPC \u00e9 um benef\u00edcio assistencial e n\u00e3o prev\u00ea o pagamento de abono anual.<\/p>\n<p>Para saber mais sobre o 13\u00ba sal\u00e1rio do INSS, acesse o <a href=\"https:\/\/www.pensarcursos.com.br\/blog\/\"><strong>Blog Pensar Cursos<\/strong> <\/a>diariamente e assista ao v\u00eddeo abaixo:<\/p>\n<div class=\"jeg_video_container jeg_video_content\"><iframe title=\"Quando o INSS vai pagar o 13\u00ba sal\u00e1rio em 2026? Saiu a resposta oficial\" width=\"500\" height=\"281\" src=\"https:\/\/www.youtube.com\/embed\/RcyreHuTfb4?start=7&#038;feature=oembed\" frameborder=\"0\" allow=\"accelerometer; autoplay; clipboard-write; encrypted-media; gyroscope; picture-in-picture; web-share\" referrerpolicy=\"strict-origin-when-cross-origin\" allowfullscreen><\/iframe><\/div>\n","protected":false},"excerpt":{"rendered":"<p>Mais de 35 milh\u00f5es de aposentados e pensionistas est\u00e3o de olho no calend\u00e1rio do 13\u00ba sal\u00e1rio do Instituto Nacional do Seguro Social (INSS) de 2026 e com raz\u00e3o. O 13\u00ba sal\u00e1rio pode colocar R$ 78 bilh\u00f5es em circula\u00e7\u00e3o na economia brasileira, e as datas de pagamento est\u00e3o prestes a ser confirmadas pelo governo federal. A [&hellip;]<\/p>\n","protected":false},"author":17,"featured_media":149853,"comment_status":"open","ping_status":"closed","sticky":false,"template":"","format":"standard","meta":{"jnews-multi-image_gallery":[],"jnews_single_post":{"format":"standard","override":[{"template":"1","parallax":"1","fullscreen":"1","layout":"right-sidebar","sidebar":"default-sidebar","second_sidebar":"default-sidebar","sticky_sidebar":"1","share_position":"topbottom","share_float_style":"share-monocrhome","show_featured":"1","show_post_meta":"1","show_post_author":"1","show_post_author_image":"1","show_post_date":"1","post_date_format":"default","post_date_format_custom":"Y\/m\/d","show_post_category":"1","post_reading_time_wpm":"300","post_calculate_word_method":"str_word_count","show_zoom_button":"0","zoom_button_out_step":"2","zoom_button_in_step":"3","show_post_tag":"1","show_prev_next_post":"1","show_popup_post":"1","show_comment_section":"1","number_popup_post":"2","show_author_box":"1","show_post_related":"1","show_inline_post_related":"1"}],"image_override":[{"single_post_thumbnail_size":"crop-500","single_post_gallery_size":"crop-500"}],"trending_post_position":"meta","trending_post_label":"Trending","sponsored_post_label":"Sponsored by","disable_ad":"0","subtitle":"R$ 78 bilh\u00f5es devem ser liberados para 35 milh\u00f5es de segurados no primeiro semestre; saiba mais!"},"jnews_primary_category":[],"jnews_social_meta":[],"jnews_override_counter":{"view_counter_number":"0","share_counter_number":"0","like_counter_number":"0","dislike_counter_number":"0"},"footnotes":""},"categories":[1691],"tags":[2789,27319,27334,27768],"class_list":["post-149841","post","type-post","status-publish","format-standard","has-post-thumbnail","hentry","category-direitos-do-trabalhador","tag-antecipacao-13-salario-inss","tag-calendario-13-salario-inss","tag-consulta-13-salario-inss","tag-saque-13-salario-inss"],"yoast_head":"<!-- This site is optimized with the Yoast SEO Premium plugin v27.4 (Yoast SEO v27.4) - https:\/\/yoast.com\/product\/yoast-seo-premium-wordpress\/ -->\n<title>Aposentados e pensionistas j\u00e1 podem consultar calend\u00e1rio do 13\u00ba sal\u00e1rio do INSS (datas previstas) - Blog Pensar Cursos<\/title>\n<meta name=\"description\" content=\"13\u00ba sal\u00e1rio do INSS 2026: veja datas previstas para abril e maio, quem tem direito e como consultar. Confira o calend\u00e1rio completo agora!\" \/>\n<meta name=\"robots\" content=\"index, follow, max-snippet:-1, max-image-preview:large, max-video-preview:-1\" \/>\n<link rel=\"canonical\" href=\"https:\/\/www.pensarcursos.com.br\/blog\/aposentados-e-pensionistas-ja-podem-consultar-o-13o-salario-do-inss-datas-previstas\/\" \/>\n<meta property=\"og:locale\" content=\"pt_BR\" \/>\n<meta property=\"og:type\" content=\"article\" \/>\n<meta property=\"og:title\" content=\"Aposentados e pensionistas j\u00e1 podem consultar calend\u00e1rio do 13\u00ba sal\u00e1rio do INSS (datas previstas)\" \/>\n<meta property=\"og:description\" content=\"13\u00ba sal\u00e1rio do INSS 2026: veja datas previstas para abril e maio, quem tem direito e como consultar. Confira o calend\u00e1rio completo agora!\" \/>\n<meta property=\"og:url\" content=\"https:\/\/www.pensarcursos.com.br\/blog\/aposentados-e-pensionistas-ja-podem-consultar-o-13o-salario-do-inss-datas-previstas\/\" \/>\n<meta property=\"og:site_name\" content=\"Blog Pensar Cursos\" \/>\n<meta property=\"article:publisher\" content=\"https:\/\/www.facebook.com\/pensarcursos\/\" \/>\n<meta property=\"article:author\" content=\"https:\/\/www.facebook.com\/profile.php?id=61550018262414\" \/>\n<meta property=\"article:published_time\" content=\"2026-03-14T00:59:44+00:00\" \/>\n<meta property=\"article:modified_time\" content=\"2026-03-15T00:37:12+00:00\" \/>\n<meta property=\"og:image\" content=\"https:\/\/www.pensarcursos.com.br\/blog\/wp-content\/uploads\/2026\/03\/consulta-13-salario-do-inss.png\" \/>\n\t<meta property=\"og:image:width\" content=\"1200\" \/>\n\t<meta property=\"og:image:height\" content=\"800\" \/>\n\t<meta property=\"og:image:type\" content=\"image\/png\" \/>\n<meta name=\"author\" content=\"Gorete Costa\" \/>\n<meta name=\"twitter:card\" content=\"summary_large_image\" \/>\n<meta name=\"twitter:label1\" content=\"Escrito por\" \/>\n\t<meta name=\"twitter:data1\" content=\"Gorete Costa\" \/>\n\t<meta name=\"twitter:label2\" content=\"Est. tempo de leitura\" \/>\n\t<meta name=\"twitter:data2\" content=\"7 minutos\" \/>\n<!-- \/ Yoast SEO Premium plugin. -->","yoast_head_json":{"title":"Aposentados e pensionistas j\u00e1 podem consultar calend\u00e1rio do 13\u00ba sal\u00e1rio do INSS (datas previstas) - Blog Pensar Cursos","description":"13\u00ba sal\u00e1rio do INSS 2026: veja datas previstas para abril e maio, quem tem direito e como consultar. Confira o calend\u00e1rio completo agora!","robots":{"index":"index","follow":"follow","max-snippet":"max-snippet:-1","max-image-preview":"max-image-preview:large","max-video-preview":"max-video-preview:-1"},"canonical":"https:\/\/www.pensarcursos.com.br\/blog\/aposentados-e-pensionistas-ja-podem-consultar-o-13o-salario-do-inss-datas-previstas\/","og_locale":"pt_BR","og_type":"article","og_title":"Aposentados e pensionistas j\u00e1 podem consultar calend\u00e1rio do 13\u00ba sal\u00e1rio do INSS (datas previstas)","og_description":"13\u00ba sal\u00e1rio do INSS 2026: veja datas previstas para abril e maio, quem tem direito e como consultar. Confira o calend\u00e1rio completo agora!","og_url":"https:\/\/www.pensarcursos.com.br\/blog\/aposentados-e-pensionistas-ja-podem-consultar-o-13o-salario-do-inss-datas-previstas\/","og_site_name":"Blog Pensar Cursos","article_publisher":"https:\/\/www.facebook.com\/pensarcursos\/","article_author":"https:\/\/www.facebook.com\/profile.php?id=61550018262414","article_published_time":"2026-03-14T00:59:44+00:00","article_modified_time":"2026-03-15T00:37:12+00:00","og_image":[{"width":1200,"height":800,"url":"https:\/\/www.pensarcursos.com.br\/blog\/wp-content\/uploads\/2026\/03\/consulta-13-salario-do-inss.png","type":"image\/png"}],"author":"Gorete Costa","twitter_card":"summary_large_image","twitter_misc":{"Escrito por":"Gorete Costa","Est. tempo de leitura":"7 minutos"},"schema":{"@context":"https:\/\/schema.org","@graph":[{"@type":["Article","BlogPosting"],"@id":"https:\/\/www.pensarcursos.com.br\/blog\/aposentados-e-pensionistas-ja-podem-consultar-o-13o-salario-do-inss-datas-previstas\/#article","isPartOf":{"@id":"https:\/\/www.pensarcursos.com.br\/blog\/aposentados-e-pensionistas-ja-podem-consultar-o-13o-salario-do-inss-datas-previstas\/"},"author":{"name":"Gorete Costa","@id":"https:\/\/www.pensarcursos.com.br\/blog\/#\/schema\/person\/e133b19d62595d6ab0c12f3e5436a7bb"},"headline":"Aposentados e pensionistas j\u00e1 podem consultar calend\u00e1rio do 13\u00ba sal\u00e1rio do INSS (datas previstas)","datePublished":"2026-03-14T00:59:44+00:00","dateModified":"2026-03-15T00:37:12+00:00","mainEntityOfPage":{"@id":"https:\/\/www.pensarcursos.com.br\/blog\/aposentados-e-pensionistas-ja-podem-consultar-o-13o-salario-do-inss-datas-previstas\/"},"wordCount":1265,"commentCount":0,"publisher":{"@id":"https:\/\/www.pensarcursos.com.br\/blog\/#organization"},"image":{"@id":"https:\/\/www.pensarcursos.com.br\/blog\/aposentados-e-pensionistas-ja-podem-consultar-o-13o-salario-do-inss-datas-previstas\/#primaryimage"},"thumbnailUrl":"https:\/\/www.pensarcursos.com.br\/blog\/wp-content\/uploads\/2026\/03\/consulta-13-salario-do-inss.png","keywords":["antecipa\u00e7\u00e3o 13 salario inss","calend\u00e1rio 13 sal\u00e1rio inss","consulta 13 sal\u00e1rio INSS","saque 13 sal\u00e1rio inss"],"articleSection":["Direitos do Trabalhador"],"inLanguage":"pt-BR","potentialAction":[{"@type":"CommentAction","name":"Comment","target":["https:\/\/www.pensarcursos.com.br\/blog\/aposentados-e-pensionistas-ja-podem-consultar-o-13o-salario-do-inss-datas-previstas\/#respond"]}],"copyrightYear":"2026","copyrightHolder":{"@id":"https:\/\/www.pensarcursos.com.br\/blog\/#organization"}},{"@type":"WebPage","@id":"https:\/\/www.pensarcursos.com.br\/blog\/aposentados-e-pensionistas-ja-podem-consultar-o-13o-salario-do-inss-datas-previstas\/","url":"https:\/\/www.pensarcursos.com.br\/blog\/aposentados-e-pensionistas-ja-podem-consultar-o-13o-salario-do-inss-datas-previstas\/","name":"Aposentados e pensionistas j\u00e1 podem consultar calend\u00e1rio do 13\u00ba sal\u00e1rio do INSS (datas previstas) - Blog Pensar Cursos","isPartOf":{"@id":"https:\/\/www.pensarcursos.com.br\/blog\/#website"},"primaryImageOfPage":{"@id":"https:\/\/www.pensarcursos.com.br\/blog\/aposentados-e-pensionistas-ja-podem-consultar-o-13o-salario-do-inss-datas-previstas\/#primaryimage"},"image":{"@id":"https:\/\/www.pensarcursos.com.br\/blog\/aposentados-e-pensionistas-ja-podem-consultar-o-13o-salario-do-inss-datas-previstas\/#primaryimage"},"thumbnailUrl":"https:\/\/www.pensarcursos.com.br\/blog\/wp-content\/uploads\/2026\/03\/consulta-13-salario-do-inss.png","datePublished":"2026-03-14T00:59:44+00:00","dateModified":"2026-03-15T00:37:12+00:00","description":"13\u00ba sal\u00e1rio do INSS 2026: veja datas previstas para abril e maio, quem tem direito e como consultar. Confira o calend\u00e1rio completo agora!","breadcrumb":{"@id":"https:\/\/www.pensarcursos.com.br\/blog\/aposentados-e-pensionistas-ja-podem-consultar-o-13o-salario-do-inss-datas-previstas\/#breadcrumb"},"inLanguage":"pt-BR","potentialAction":[{"@type":"ReadAction","target":["https:\/\/www.pensarcursos.com.br\/blog\/aposentados-e-pensionistas-ja-podem-consultar-o-13o-salario-do-inss-datas-previstas\/"]}]},{"@type":"ImageObject","inLanguage":"pt-BR","@id":"https:\/\/www.pensarcursos.com.br\/blog\/aposentados-e-pensionistas-ja-podem-consultar-o-13o-salario-do-inss-datas-previstas\/#primaryimage","url":"https:\/\/www.pensarcursos.com.br\/blog\/wp-content\/uploads\/2026\/03\/consulta-13-salario-do-inss.png","contentUrl":"https:\/\/www.pensarcursos.com.br\/blog\/wp-content\/uploads\/2026\/03\/consulta-13-salario-do-inss.png","width":1200,"height":800,"caption":"13\u00ba sal\u00e1rio do INSS 2026: consulta j\u00e1 est\u00e1 liberada e datas de pagamento est\u00e3o previstas. Imagem: Ag\u00eancia Brasil"},{"@type":"BreadcrumbList","@id":"https:\/\/www.pensarcursos.com.br\/blog\/aposentados-e-pensionistas-ja-podem-consultar-o-13o-salario-do-inss-datas-previstas\/#breadcrumb","itemListElement":[{"@type":"ListItem","position":1,"name":"Home","item":"https:\/\/www.pensarcursos.com.br\/blog\/"},{"@type":"ListItem","position":2,"name":"Aposentados e pensionistas j\u00e1 podem consultar calend\u00e1rio do 13\u00ba sal\u00e1rio do INSS (datas previstas)"}]},{"@type":"WebSite","@id":"https:\/\/www.pensarcursos.com.br\/blog\/#website","url":"https:\/\/www.pensarcursos.com.br\/blog\/","name":"Blog Pensar Cursos","description":"Maior Site de Cursos do Brasil","publisher":{"@id":"https:\/\/www.pensarcursos.com.br\/blog\/#organization"},"alternateName":"Blog Pensar","potentialAction":[{"@type":"SearchAction","target":{"@type":"EntryPoint","urlTemplate":"https:\/\/www.pensarcursos.com.br\/blog\/?s={search_term_string}"},"query-input":{"@type":"PropertyValueSpecification","valueRequired":true,"valueName":"search_term_string"}}],"inLanguage":"pt-BR"},{"@type":"Organization","@id":"https:\/\/www.pensarcursos.com.br\/blog\/#organization","name":"Pensar Cursos","alternateName":"Blog pensar","url":"https:\/\/www.pensarcursos.com.br\/blog\/","logo":{"@type":"ImageObject","inLanguage":"pt-BR","@id":"https:\/\/www.pensarcursos.com.br\/blog\/#\/schema\/logo\/image\/","url":"https:\/\/www.pensarcursos.com.br\/blog\/wp-content\/uploads\/2023\/11\/Nova-Logo-Pensar-Cursos-vertical.png","contentUrl":"https:\/\/www.pensarcursos.com.br\/blog\/wp-content\/uploads\/2023\/11\/Nova-Logo-Pensar-Cursos-vertical.png","width":1393,"height":1001,"caption":"Pensar Cursos"},"image":{"@id":"https:\/\/www.pensarcursos.com.br\/blog\/#\/schema\/logo\/image\/"},"sameAs":["https:\/\/www.facebook.com\/pensarcursos\/","https:\/\/instagram.com.br\/pensarcursos"],"description":"Pensar Cursos \u00e9 uma empresa especializada em oferecer cursos de alta qualidade voltados para o desenvolvimento profissional e acad\u00eamico. Com uma ampla gama de op\u00e7\u00f5es de treinamento, oferecemos conte\u00fados atualizados, ministrados por especialistas da \u00e1rea, para capacitar indiv\u00edduos e equipes a atingirem seus objetivos. Nossa miss\u00e3o \u00e9 proporcionar uma educa\u00e7\u00e3o transformadora, acess\u00edvel e personalizada para cada aluno, seja em cursos presenciais ou online. Com uma abordagem inovadora, buscamos adaptar os nossos programas de ensino \u00e0s necessidades do mercado, criando solu\u00e7\u00f5es que atendem aos desafios e exig\u00eancias do mundo corporativo e acad\u00eamico. Nossos cursos incluem desde forma\u00e7\u00f5es t\u00e9cnicas at\u00e9 habilidades essenciais, como lideran\u00e7a, gest\u00e3o e desenvolvimento pessoal.","email":"contato@pensarcursos.com.br","legalName":"Sena Servi\u00e7os de Informa\u00e7\u00e3o Online LTDA","foundingDate":"2013-04-18","vatID":"17956217000172","numberOfEmployees":{"@type":"QuantitativeValue","minValue":"11","maxValue":"50"},"publishingPrinciples":"https:\/\/www.pensarcursos.com.br\/blog\/principios-de-publicacao\/","ownershipFundingInfo":"https:\/\/www.pensarcursos.com.br\/blog\/informacoes-de-propriedade-financiamento\/","actionableFeedbackPolicy":"https:\/\/www.pensarcursos.com.br\/blog\/politica-de-feedback-acionavel\/","correctionsPolicy":"https:\/\/www.pensarcursos.com.br\/blog\/politica-de-correcoes\/","ethicsPolicy":"https:\/\/www.pensarcursos.com.br\/blog\/politica-de-etica\/"},{"@type":"Person","@id":"https:\/\/www.pensarcursos.com.br\/blog\/#\/schema\/person\/e133b19d62595d6ab0c12f3e5436a7bb","name":"Gorete Costa","image":{"@type":"ImageObject","inLanguage":"pt-BR","@id":"https:\/\/secure.gravatar.com\/avatar\/8cb99f142e1cb1312d8c202378c20dc4f7210145acc22805481f4a3f47ce9b6f?s=96&d=mm&r=g","url":"https:\/\/secure.gravatar.com\/avatar\/8cb99f142e1cb1312d8c202378c20dc4f7210145acc22805481f4a3f47ce9b6f?s=96&d=mm&r=g","contentUrl":"https:\/\/secure.gravatar.com\/avatar\/8cb99f142e1cb1312d8c202378c20dc4f7210145acc22805481f4a3f47ce9b6f?s=96&d=mm&r=g","caption":"Gorete Costa"},"description":"Graduada em Servi\u00e7o Social pela Universidade do Norte do Paran\u00e1 (Unopar), Gorete Costa \u00e9 especialista em comunica\u00e7\u00e3o, atuando como radialista em programas jornal\u00edsticos e de entretenimento, al\u00e9m de produ\u00e7\u00e3o e revis\u00e3o de textos informativos para sites e blogs.","sameAs":["https:\/\/www.facebook.com\/profile.php?id=61550018262414"],"url":"https:\/\/www.pensarcursos.com.br\/blog\/author\/gorete\/"}]}},"_links":{"self":[{"href":"https:\/\/www.pensarcursos.com.br\/blog\/wp-json\/wp\/v2\/posts\/149841","targetHints":{"allow":["GET"]}}],"collection":[{"href":"https:\/\/www.pensarcursos.com.br\/blog\/wp-json\/wp\/v2\/posts"}],"about":[{"href":"https:\/\/www.pensarcursos.com.br\/blog\/wp-json\/wp\/v2\/types\/post"}],"author":[{"embeddable":true,"href":"https:\/\/www.pensarcursos.com.br\/blog\/wp-json\/wp\/v2\/users\/17"}],"replies":[{"embeddable":true,"href":"https:\/\/www.pensarcursos.com.br\/blog\/wp-json\/wp\/v2\/comments?post=149841"}],"version-history":[{"count":0,"href":"https:\/\/www.pensarcursos.com.br\/blog\/wp-json\/wp\/v2\/posts\/149841\/revisions"}],"wp:featuredmedia":[{"embeddable":true,"href":"https:\/\/www.pensarcursos.com.br\/blog\/wp-json\/wp\/v2\/media\/149853"}],"wp:attachment":[{"href":"https:\/\/www.pensarcursos.com.br\/blog\/wp-json\/wp\/v2\/media?parent=149841"}],"wp:term":[{"taxonomy":"category","embeddable":true,"href":"https:\/\/www.pensarcursos.com.br\/blog\/wp-json\/wp\/v2\/categories?post=149841"},{"taxonomy":"post_tag","embeddable":true,"href":"https:\/\/www.pensarcursos.com.br\/blog\/wp-json\/wp\/v2\/tags?post=149841"}],"curies":[{"name":"wp","href":"https:\/\/api.w.org\/{rel}","templated":true}]}}