{"id":149797,"date":"2026-03-13T09:39:53","date_gmt":"2026-03-13T12:39:53","guid":{"rendered":"https:\/\/www.pensarcursos.com.br\/blog\/?p=149797"},"modified":"2026-03-13T09:39:53","modified_gmt":"2026-03-13T12:39:53","slug":"ja-comecou-matriculas-para-o-pre-enem-2026-da-sedu-estao-disponiveis","status":"publish","type":"post","link":"https:\/\/www.pensarcursos.com.br\/blog\/ja-comecou-matriculas-para-o-pre-enem-2026-da-sedu-estao-disponiveis\/","title":{"rendered":"J\u00e1 come\u00e7ou! Matr\u00edculas para o Pr\u00e9-Enem 2026 da Sedu est\u00e3o dispon\u00edveis"},"content":{"rendered":"<p><strong>2.880 vagas gratuitas <\/strong>para o Pr\u00e9-Enem Esp\u00edrito Santo 2026 est\u00e3o dispon\u00edveis \u2014 e o prazo para fazer a matr\u00edcula termina em <strong>20 de mar\u00e7o<\/strong>. Se o nome do estudante est\u00e1 na lista de classificados, a a\u00e7\u00e3o precisa acontecer agora.<\/p>\n<p>A Secretaria da Educa\u00e7\u00e3o do Esp\u00edrito Santo (Sedu) abriu, a partir das 17h da quinta-feira (12), o per\u00edodo de matr\u00edculas para os estudantes classificados no Processo Seletivo do <strong>Pr\u00e9-Enem Esp\u00edrito Santo 2026<\/strong>. O procedimento \u00e9 obrigat\u00f3rio e totalmente online. Quem perder o prazo, perde a vaga.<\/p>\n<p>Para os estudantes da rede p\u00fablica capixaba que sonham com o Ensino Superior, essa \u00e9 uma oportunidade concreta e gratuita para se preparar de forma estruturada para o <a href=\"https:\/\/www.pensarcursos.com.br\/blog\/inscricoes-do-enem-2026-estao-chegando-saiba-as-datas-regras-e-o-que-esperar\/\" target=\"_blank\" rel=\"noopener\">Enem<\/a>. Vale a pena entender cada detalhe antes de agir.<\/p>\n<h2>Como fazer a matr\u00edcula do Pr\u00e9-Enem 2026 Sedu<\/h2>\n<h3>Onde e quando realizar o procedimento<\/h3>\n<p>O procedimento de matr\u00edcula deve ser realizado por meio de <strong>formul\u00e1rio online<\/strong>, dispon\u00edvel ao final da lista de classifica\u00e7\u00e3o no Portal do Aluno, na \u00e1rea destinada ao programa, at\u00e9 as <strong>23h59 do dia 20 de mar\u00e7o<\/strong>.<\/p>\n<h3>Passo a passo para realizar a matr\u00edcula<\/h3>\n<ol>\n<li>Acesse o <a href=\"https:\/\/selecaoaluno.es.gov.br\/\" target=\"_blank\" rel=\"noopener\">Portal do Aluno <\/a><\/li>\n<li>Localize a lista de classifica\u00e7\u00e3o do Pr\u00e9-Enem 2026<\/li>\n<li>Role at\u00e9 o final da lista para encontrar o formul\u00e1rio online<\/li>\n<li>Preencha todos os dados solicitados<\/li>\n<li>Envie o formul\u00e1rio antes de <strong>23h59 do dia 20 de mar\u00e7o de 2026<\/strong><\/li>\n<\/ol>\n<p>A matr\u00edcula \u00e9 obrigat\u00f3ria para garantir a vaga. N\u00e3o realiz\u00e1-la dentro do prazo implica perda do lugar no programa.<\/p>\n<h2>Quantas vagas est\u00e3o dispon\u00edveis no Pr\u00e9-Enem Esp\u00edrito Santo 2026<\/h2>\n<p>Nesta edi\u00e7\u00e3o, foram ofertadas <strong>2.880 vagas<\/strong>, distribu\u00eddas em escolas polo da Rede Estadual de Ensino em diferentes regi\u00f5es do Esp\u00edrito Santo.<\/p>\n<p>As vagas est\u00e3o distribu\u00eddas de forma regional, o que garante que estudantes de diferentes partes do estado tenham acesso ao programa sem precisar se deslocar para a capital.<\/p>\n<figure id=\"attachment_149802\" aria-describedby=\"caption-attachment-149802\" style=\"width: 960px\" class=\"wp-caption aligncenter\"><img decoding=\"async\" class=\"wp-image-149802 size-full\" src=\"https:\/\/www.pensarcursos.com.br\/blog\/wp-content\/uploads\/2026\/03\/curso-preparatorio-enem.jpg\" alt=\"Banner do curso Pr\u00e9-Enem Esp\u00edrito Santo com identidade visual azul destacando inscri\u00e7\u00f5es para prepara\u00e7\u00e3o gratuita de estudantes da rede estadual. \" width=\"960\" height=\"454\" srcset=\"https:\/\/www.pensarcursos.com.br\/blog\/wp-content\/uploads\/2026\/03\/curso-preparatorio-enem.jpg 960w, https:\/\/www.pensarcursos.com.br\/blog\/wp-content\/uploads\/2026\/03\/curso-preparatorio-enem-300x142.jpg 300w, https:\/\/www.pensarcursos.com.br\/blog\/wp-content\/uploads\/2026\/03\/curso-preparatorio-enem-768x363.jpg 768w, https:\/\/www.pensarcursos.com.br\/blog\/wp-content\/uploads\/2026\/03\/curso-preparatorio-enem-750x355.jpg 750w\" sizes=\"(max-width: 960px) 100vw, 960px\" \/><figcaption id=\"caption-attachment-149802\" class=\"wp-caption-text\">Curso preparat\u00f3rio Pr\u00e9-Enem ES 2026 abre per\u00edodo de matr\u00edculas para estudantes classificados. Fonte: SEDU.<\/figcaption><\/figure>\n<h2>O que \u00e9 o Pr\u00e9-Enem Esp\u00edrito Santo<\/h2>\n<h3>Um curso preparat\u00f3rio gratuito e estruturado<\/h3>\n<p>O Pr\u00e9-Enem Esp\u00edrito Santo \u00e9 um <strong>curso preparat\u00f3rio gratuito<\/strong>, ofertado <strong>tr\u00eas vezes por semana<\/strong>, com turmas presenciais nas escolas polo da Rede Estadual de Ensino e turmas online s\u00edncronas realizadas por meio da plataforma Google Meet.<\/p>\n<p>Ou seja: o estudante tem flexibilidade para escolher entre o formato presencial ou online, dependendo da disponibilidade e da sua regi\u00e3o.<\/p>\n<h3>Como funciona a proposta pedag\u00f3gica<\/h3>\n<p>A proposta pedag\u00f3gica \u00e9 estruturada com base na <strong>Matriz de Refer\u00eancia do<a href=\"https:\/\/www.pensarcursos.com.br\/blog\/nota-980-no-enem-estudante-conta-como-a-pratica-de-12-redacoes-por-semana-fez-a-diferenca\/\" target=\"_blank\" rel=\"noopener\"> Enem<\/a><\/strong> e prioriza a resolu\u00e7\u00e3o de quest\u00f5es de edi\u00e7\u00f5es anteriores do exame, permitindo que os estudantes desenvolvam estrat\u00e9gias e maior familiaridade com o formato da avalia\u00e7\u00e3o.<\/p>\n<p>Essa abordagem \u00e9 reconhecidamente eficaz: estudar quest\u00f5es anteriores do Enem aumenta a performance dos candidatos, porque eles aprendem a identificar padr\u00f5es e a gerenciar melhor o tempo de prova.<\/p>\n<h3>Aul\u00f5es aos s\u00e1bados e videoaulas complementares<\/h3>\n<p>Al\u00e9m das aulas regulares, o curso tamb\u00e9m promove <strong>aul\u00f5es presenciais aos s\u00e1bados<\/strong>, com foco em Reda\u00e7\u00e3o e nas \u00e1reas de conhecimento avaliadas no Enem, al\u00e9m de disponibilizar <strong>videoaulas gravadas<\/strong> como material complementar de apoio aos estudantes.<\/p>\n<p>As videoaulas gravadas \u00e9 especialmente \u00fatil para revisar conte\u00fados no ritmo do pr\u00f3prio estudante, seja antes de uma prova interna ou nas semanas finais antes do Enem.<\/p>\n<h2>O que dizem as autoridades sobre o programa<\/h2>\n<p>O secret\u00e1rio de Estado da Educa\u00e7\u00e3o, Vitor de Angelo, destacou que o programa refor\u00e7a o compromisso do Governo do Estado em ampliar as oportunidades educacionais para os jovens da Rede Estadual de Ensino, ao oferecer uma prepara\u00e7\u00e3o gratuita e estruturada para que os estudantes possam disputar uma vaga no Ensino Superior.<\/p>\n<p>A iniciativa integra uma pol\u00edtica mais ampla de fortalecimento da educa\u00e7\u00e3o p\u00fablica no Esp\u00edrito Santo, com foco direto na transi\u00e7\u00e3o do Ensino M\u00e9dio para o n\u00edvel superior.<\/p>\n<h2>E quem ficou suplente ou desclassificado?<\/h2>\n<p>Nem todos os candidatos inscritos no processo seletivo conseguiram uma vaga imediata. Para esses casos, existem caminhos diferentes:<\/p>\n<h3>Candidatos suplentes<\/h3>\n<p>Os candidatos <strong>suplentes<\/strong> dever\u00e3o aguardar o contato da coordena\u00e7\u00e3o do polo, que ser\u00e1 realizado por <strong>e-mail ou telefone<\/strong>, conforme a disponibilidade de vagas.<\/p>\n<p>Portanto, \u00e9 importante manter os dados de contato atualizados e acompanhar a caixa de entrada do e-mail cadastrado.<\/p>\n<h3>Candidatos desclassificados<\/h3>\n<p>Os candidatos <strong>desclassificados<\/strong> que sejam estudantes concluintes da Rede Estadual de Ensino devem acompanhar a publica\u00e7\u00e3o das orienta\u00e7\u00f5es sobre a <strong>Lista de Espera<\/strong>, que estar\u00e1 dispon\u00edvel no site da Sedu a partir do <strong>dia 16 de mar\u00e7o<\/strong>.<\/p>\n<p>Fique atento ao site oficial da <a href=\"https:\/\/sedu.es.gov.br\/\" target=\"_blank\" rel=\"noopener\">Sedu<\/a> para n\u00e3o perder essa janela de oportunidade.<\/p>\n<h2>Matr\u00edculas Pr\u00e9-Enem 2026 Sedu: resumo das datas importantes<\/h2>\n<table>\n<thead>\n<tr>\n<th scope=\"col\">Evento<\/th>\n<th scope=\"col\">Data\/Hora<\/th>\n<\/tr>\n<\/thead>\n<tbody>\n<tr>\n<td>Abertura das matr\u00edculas<\/td>\n<td>12\/03\/2026 \u00e0s 17h<\/td>\n<\/tr>\n<tr>\n<td>Prazo final das matr\u00edculas<\/td>\n<td>20\/03\/2026 \u00e0s 23h59<\/td>\n<\/tr>\n<tr>\n<td>Publica\u00e7\u00e3o da Lista de Espera (desclassificados)<\/td>\n<td>A partir de 16\/03\/2026<\/td>\n<\/tr>\n<tr>\n<td>Contato com suplentes<\/td>\n<td>Conforme disponibilidade de vagas<\/td>\n<\/tr>\n<\/tbody>\n<\/table>\n<p>Para mais informa\u00e7\u00f5es e not\u00edcias, continue acessando o <strong><a href=\"https:\/\/www.pensarcursos.com.br\/blog\/\" target=\"_blank\" rel=\"noopener\">Blog Pensar Cursos<\/a><\/strong>.<\/p>\n","protected":false},"excerpt":{"rendered":"<p>2.880 vagas gratuitas para o Pr\u00e9-Enem Esp\u00edrito Santo 2026 est\u00e3o dispon\u00edveis \u2014 e o prazo para fazer a matr\u00edcula termina em 20 de mar\u00e7o. Se o nome do estudante est\u00e1 na lista de classificados, a a\u00e7\u00e3o precisa acontecer agora. A Secretaria da Educa\u00e7\u00e3o do Esp\u00edrito Santo (Sedu) abriu, a partir das 17h da quinta-feira (12), [&hellip;]<\/p>\n","protected":false},"author":56,"featured_media":149803,"comment_status":"open","ping_status":"closed","sticky":false,"template":"","format":"standard","meta":{"jnews-multi-image_gallery":[],"jnews_single_post":{"subtitle":"Veja como se inscrever, as datas importantes e tudo o que voc\u00ea precisa saber sobre o curso gratuito de prepara\u00e7\u00e3o para o Enem no ES","format":"standard","override":[{"template":"1","parallax":"1","fullscreen":"1","layout":"right-sidebar","sidebar":"default-sidebar","second_sidebar":"default-sidebar","sticky_sidebar":"1","share_position":"topbottom","share_float_style":"share-monocrhome","show_featured":"1","show_post_meta":"1","show_post_author":"1","show_post_author_image":"1","show_post_date":"1","post_date_format":"default","post_date_format_custom":"Y\/m\/d","show_post_category":"1","post_reading_time_wpm":"300","post_calculate_word_method":"str_word_count","show_zoom_button":"0","zoom_button_out_step":"2","zoom_button_in_step":"3","show_post_tag":"1","show_prev_next_post":"1","show_popup_post":"1","show_comment_section":"1","number_popup_post":"2","show_author_box":"1","show_post_related":"1","show_inline_post_related":"1"}],"image_override":[{"single_post_thumbnail_size":"crop-500","single_post_gallery_size":"crop-500"}],"trending_post_position":"meta","trending_post_label":"Trending","sponsored_post_label":"Sponsored by","disable_ad":"0"},"jnews_primary_category":[],"jnews_social_meta":[],"jnews_override_counter":{"view_counter_number":"0","share_counter_number":"0","like_counter_number":"0","dislike_counter_number":"0"},"footnotes":""},"categories":[28,30],"tags":[39569,39568,39567,39570],"class_list":["post-149797","post","type-post","status-publish","format-standard","has-post-thumbnail","hentry","category-educacao","category-enem-vestibular","tag-curso-preparatorio-enem-gratuito","tag-matricula-pre-enem","tag-pre-enem-2026","tag-sedu-espirito-santo"],"yoast_head":"<!-- This site is optimized with the Yoast SEO Premium plugin v27.4 (Yoast SEO v27.4) - https:\/\/yoast.com\/product\/yoast-seo-premium-wordpress\/ -->\n<title>J\u00e1 come\u00e7ou! Matr\u00edculas para o Pr\u00e9-Enem 2026 da Sedu est\u00e3o dispon\u00edveis - Blog Pensar Cursos<\/title>\n<meta name=\"description\" content=\"Matr\u00edculas do Pr\u00e9-Enem Esp\u00edrito Santo 2026 abertas at\u00e9 20\/03. Curso gratuito com 2.880 vagas. Veja como garantir sua vaga agora!\" \/>\n<meta name=\"robots\" content=\"index, follow, max-snippet:-1, max-image-preview:large, max-video-preview:-1\" \/>\n<link rel=\"canonical\" href=\"https:\/\/www.pensarcursos.com.br\/blog\/ja-comecou-matriculas-para-o-pre-enem-2026-da-sedu-estao-disponiveis\/\" \/>\n<meta property=\"og:locale\" content=\"pt_BR\" \/>\n<meta property=\"og:type\" content=\"article\" \/>\n<meta property=\"og:title\" content=\"J\u00e1 come\u00e7ou! Matr\u00edculas para o Pr\u00e9-Enem 2026 da Sedu est\u00e3o dispon\u00edveis\" \/>\n<meta property=\"og:description\" content=\"Matr\u00edculas do Pr\u00e9-Enem Esp\u00edrito Santo 2026 abertas at\u00e9 20\/03. Curso gratuito com 2.880 vagas. Veja como garantir sua vaga agora!\" \/>\n<meta property=\"og:url\" content=\"https:\/\/www.pensarcursos.com.br\/blog\/ja-comecou-matriculas-para-o-pre-enem-2026-da-sedu-estao-disponiveis\/\" \/>\n<meta property=\"og:site_name\" content=\"Blog Pensar Cursos\" \/>\n<meta property=\"article:publisher\" content=\"https:\/\/www.facebook.com\/pensarcursos\/\" \/>\n<meta property=\"article:published_time\" content=\"2026-03-13T12:39:53+00:00\" \/>\n<meta property=\"og:image\" content=\"https:\/\/www.pensarcursos.com.br\/blog\/wp-content\/uploads\/2026\/03\/matriculas-pre-enem-espirito-santo-2026.webp\" \/>\n\t<meta property=\"og:image:width\" content=\"1200\" \/>\n\t<meta property=\"og:image:height\" content=\"800\" \/>\n\t<meta property=\"og:image:type\" content=\"image\/webp\" \/>\n<meta name=\"author\" content=\"Yasmin Santos\" \/>\n<meta name=\"twitter:card\" content=\"summary_large_image\" \/>\n<meta name=\"twitter:label1\" content=\"Escrito por\" \/>\n\t<meta name=\"twitter:data1\" content=\"Yasmin Santos\" \/>\n\t<meta name=\"twitter:label2\" content=\"Est. tempo de leitura\" \/>\n\t<meta name=\"twitter:data2\" content=\"5 minutos\" \/>\n<!-- \/ Yoast SEO Premium plugin. -->","yoast_head_json":{"title":"J\u00e1 come\u00e7ou! Matr\u00edculas para o Pr\u00e9-Enem 2026 da Sedu est\u00e3o dispon\u00edveis - Blog Pensar Cursos","description":"Matr\u00edculas do Pr\u00e9-Enem Esp\u00edrito Santo 2026 abertas at\u00e9 20\/03. Curso gratuito com 2.880 vagas. Veja como garantir sua vaga agora!","robots":{"index":"index","follow":"follow","max-snippet":"max-snippet:-1","max-image-preview":"max-image-preview:large","max-video-preview":"max-video-preview:-1"},"canonical":"https:\/\/www.pensarcursos.com.br\/blog\/ja-comecou-matriculas-para-o-pre-enem-2026-da-sedu-estao-disponiveis\/","og_locale":"pt_BR","og_type":"article","og_title":"J\u00e1 come\u00e7ou! Matr\u00edculas para o Pr\u00e9-Enem 2026 da Sedu est\u00e3o dispon\u00edveis","og_description":"Matr\u00edculas do Pr\u00e9-Enem Esp\u00edrito Santo 2026 abertas at\u00e9 20\/03. Curso gratuito com 2.880 vagas. Veja como garantir sua vaga agora!","og_url":"https:\/\/www.pensarcursos.com.br\/blog\/ja-comecou-matriculas-para-o-pre-enem-2026-da-sedu-estao-disponiveis\/","og_site_name":"Blog Pensar Cursos","article_publisher":"https:\/\/www.facebook.com\/pensarcursos\/","article_published_time":"2026-03-13T12:39:53+00:00","og_image":[{"width":1200,"height":800,"url":"https:\/\/www.pensarcursos.com.br\/blog\/wp-content\/uploads\/2026\/03\/matriculas-pre-enem-espirito-santo-2026.webp","type":"image\/webp"}],"author":"Yasmin Santos","twitter_card":"summary_large_image","twitter_misc":{"Escrito por":"Yasmin Santos","Est. tempo de leitura":"5 minutos"},"schema":{"@context":"https:\/\/schema.org","@graph":[{"@type":["Article","BlogPosting"],"@id":"https:\/\/www.pensarcursos.com.br\/blog\/ja-comecou-matriculas-para-o-pre-enem-2026-da-sedu-estao-disponiveis\/#article","isPartOf":{"@id":"https:\/\/www.pensarcursos.com.br\/blog\/ja-comecou-matriculas-para-o-pre-enem-2026-da-sedu-estao-disponiveis\/"},"author":{"name":"Yasmin Santos","@id":"https:\/\/www.pensarcursos.com.br\/blog\/#\/schema\/person\/2700c09d818d989d5d4fff5f50d4b755"},"headline":"J\u00e1 come\u00e7ou! Matr\u00edculas para o Pr\u00e9-Enem 2026 da Sedu est\u00e3o dispon\u00edveis","datePublished":"2026-03-13T12:39:53+00:00","mainEntityOfPage":{"@id":"https:\/\/www.pensarcursos.com.br\/blog\/ja-comecou-matriculas-para-o-pre-enem-2026-da-sedu-estao-disponiveis\/"},"wordCount":876,"commentCount":0,"publisher":{"@id":"https:\/\/www.pensarcursos.com.br\/blog\/#organization"},"image":{"@id":"https:\/\/www.pensarcursos.com.br\/blog\/ja-comecou-matriculas-para-o-pre-enem-2026-da-sedu-estao-disponiveis\/#primaryimage"},"thumbnailUrl":"https:\/\/www.pensarcursos.com.br\/blog\/wp-content\/uploads\/2026\/03\/matriculas-pre-enem-espirito-santo-2026.webp","keywords":["Curso preparat\u00f3rio Enem gratuito","Matr\u00edcula Pr\u00e9 Enem","Pr\u00e9 Enem 2026","Sedu Esp\u00edrito Santo"],"articleSection":["Educa\u00e7\u00e3o","Enem e Vestibular"],"inLanguage":"pt-BR","potentialAction":[{"@type":"CommentAction","name":"Comment","target":["https:\/\/www.pensarcursos.com.br\/blog\/ja-comecou-matriculas-para-o-pre-enem-2026-da-sedu-estao-disponiveis\/#respond"]}],"copyrightYear":"2026","copyrightHolder":{"@id":"https:\/\/www.pensarcursos.com.br\/blog\/#organization"}},{"@type":"WebPage","@id":"https:\/\/www.pensarcursos.com.br\/blog\/ja-comecou-matriculas-para-o-pre-enem-2026-da-sedu-estao-disponiveis\/","url":"https:\/\/www.pensarcursos.com.br\/blog\/ja-comecou-matriculas-para-o-pre-enem-2026-da-sedu-estao-disponiveis\/","name":"J\u00e1 come\u00e7ou! Matr\u00edculas para o Pr\u00e9-Enem 2026 da Sedu est\u00e3o dispon\u00edveis - Blog Pensar Cursos","isPartOf":{"@id":"https:\/\/www.pensarcursos.com.br\/blog\/#website"},"primaryImageOfPage":{"@id":"https:\/\/www.pensarcursos.com.br\/blog\/ja-comecou-matriculas-para-o-pre-enem-2026-da-sedu-estao-disponiveis\/#primaryimage"},"image":{"@id":"https:\/\/www.pensarcursos.com.br\/blog\/ja-comecou-matriculas-para-o-pre-enem-2026-da-sedu-estao-disponiveis\/#primaryimage"},"thumbnailUrl":"https:\/\/www.pensarcursos.com.br\/blog\/wp-content\/uploads\/2026\/03\/matriculas-pre-enem-espirito-santo-2026.webp","datePublished":"2026-03-13T12:39:53+00:00","description":"Matr\u00edculas do Pr\u00e9-Enem Esp\u00edrito Santo 2026 abertas at\u00e9 20\/03. Curso gratuito com 2.880 vagas. Veja como garantir sua vaga agora!","breadcrumb":{"@id":"https:\/\/www.pensarcursos.com.br\/blog\/ja-comecou-matriculas-para-o-pre-enem-2026-da-sedu-estao-disponiveis\/#breadcrumb"},"inLanguage":"pt-BR","potentialAction":[{"@type":"ReadAction","target":["https:\/\/www.pensarcursos.com.br\/blog\/ja-comecou-matriculas-para-o-pre-enem-2026-da-sedu-estao-disponiveis\/"]}]},{"@type":"ImageObject","inLanguage":"pt-BR","@id":"https:\/\/www.pensarcursos.com.br\/blog\/ja-comecou-matriculas-para-o-pre-enem-2026-da-sedu-estao-disponiveis\/#primaryimage","url":"https:\/\/www.pensarcursos.com.br\/blog\/wp-content\/uploads\/2026\/03\/matriculas-pre-enem-espirito-santo-2026.webp","contentUrl":"https:\/\/www.pensarcursos.com.br\/blog\/wp-content\/uploads\/2026\/03\/matriculas-pre-enem-espirito-santo-2026.webp","width":1200,"height":800,"caption":"Estudantes da rede p\u00fablica j\u00e1 podem se inscrever no curso preparat\u00f3rio gratuito para o Enem. Fonte: Blog Pensar Cursos."},{"@type":"BreadcrumbList","@id":"https:\/\/www.pensarcursos.com.br\/blog\/ja-comecou-matriculas-para-o-pre-enem-2026-da-sedu-estao-disponiveis\/#breadcrumb","itemListElement":[{"@type":"ListItem","position":1,"name":"Home","item":"https:\/\/www.pensarcursos.com.br\/blog\/"},{"@type":"ListItem","position":2,"name":"J\u00e1 come\u00e7ou! Matr\u00edculas para o Pr\u00e9-Enem 2026 da Sedu est\u00e3o dispon\u00edveis"}]},{"@type":"WebSite","@id":"https:\/\/www.pensarcursos.com.br\/blog\/#website","url":"https:\/\/www.pensarcursos.com.br\/blog\/","name":"Blog Pensar Cursos","description":"Maior Site de Cursos do Brasil","publisher":{"@id":"https:\/\/www.pensarcursos.com.br\/blog\/#organization"},"alternateName":"Blog Pensar","potentialAction":[{"@type":"SearchAction","target":{"@type":"EntryPoint","urlTemplate":"https:\/\/www.pensarcursos.com.br\/blog\/?s={search_term_string}"},"query-input":{"@type":"PropertyValueSpecification","valueRequired":true,"valueName":"search_term_string"}}],"inLanguage":"pt-BR"},{"@type":"Organization","@id":"https:\/\/www.pensarcursos.com.br\/blog\/#organization","name":"Pensar Cursos","alternateName":"Blog pensar","url":"https:\/\/www.pensarcursos.com.br\/blog\/","logo":{"@type":"ImageObject","inLanguage":"pt-BR","@id":"https:\/\/www.pensarcursos.com.br\/blog\/#\/schema\/logo\/image\/","url":"https:\/\/www.pensarcursos.com.br\/blog\/wp-content\/uploads\/2023\/11\/Nova-Logo-Pensar-Cursos-vertical.png","contentUrl":"https:\/\/www.pensarcursos.com.br\/blog\/wp-content\/uploads\/2023\/11\/Nova-Logo-Pensar-Cursos-vertical.png","width":1393,"height":1001,"caption":"Pensar Cursos"},"image":{"@id":"https:\/\/www.pensarcursos.com.br\/blog\/#\/schema\/logo\/image\/"},"sameAs":["https:\/\/www.facebook.com\/pensarcursos\/","https:\/\/instagram.com.br\/pensarcursos"],"description":"Pensar Cursos \u00e9 uma empresa especializada em oferecer cursos de alta qualidade voltados para o desenvolvimento profissional e acad\u00eamico. Com uma ampla gama de op\u00e7\u00f5es de treinamento, oferecemos conte\u00fados atualizados, ministrados por especialistas da \u00e1rea, para capacitar indiv\u00edduos e equipes a atingirem seus objetivos. Nossa miss\u00e3o \u00e9 proporcionar uma educa\u00e7\u00e3o transformadora, acess\u00edvel e personalizada para cada aluno, seja em cursos presenciais ou online. Com uma abordagem inovadora, buscamos adaptar os nossos programas de ensino \u00e0s necessidades do mercado, criando solu\u00e7\u00f5es que atendem aos desafios e exig\u00eancias do mundo corporativo e acad\u00eamico. Nossos cursos incluem desde forma\u00e7\u00f5es t\u00e9cnicas at\u00e9 habilidades essenciais, como lideran\u00e7a, gest\u00e3o e desenvolvimento pessoal.","email":"contato@pensarcursos.com.br","legalName":"Sena Servi\u00e7os de Informa\u00e7\u00e3o Online LTDA","foundingDate":"2013-04-18","vatID":"17956217000172","numberOfEmployees":{"@type":"QuantitativeValue","minValue":"11","maxValue":"50"},"publishingPrinciples":"https:\/\/www.pensarcursos.com.br\/blog\/principios-de-publicacao\/","ownershipFundingInfo":"https:\/\/www.pensarcursos.com.br\/blog\/informacoes-de-propriedade-financiamento\/","actionableFeedbackPolicy":"https:\/\/www.pensarcursos.com.br\/blog\/politica-de-feedback-acionavel\/","correctionsPolicy":"https:\/\/www.pensarcursos.com.br\/blog\/politica-de-correcoes\/","ethicsPolicy":"https:\/\/www.pensarcursos.com.br\/blog\/politica-de-etica\/"},{"@type":"Person","@id":"https:\/\/www.pensarcursos.com.br\/blog\/#\/schema\/person\/2700c09d818d989d5d4fff5f50d4b755","name":"Yasmin Santos","image":{"@type":"ImageObject","inLanguage":"pt-BR","@id":"https:\/\/secure.gravatar.com\/avatar\/b8d88d102398911030f7bd8e99bd07ffbbb62169f9a740f38705dc857853eb31?s=96&d=mm&r=g","url":"https:\/\/secure.gravatar.com\/avatar\/b8d88d102398911030f7bd8e99bd07ffbbb62169f9a740f38705dc857853eb31?s=96&d=mm&r=g","contentUrl":"https:\/\/secure.gravatar.com\/avatar\/b8d88d102398911030f7bd8e99bd07ffbbb62169f9a740f38705dc857853eb31?s=96&d=mm&r=g","caption":"Yasmin Santos"},"description":"Graduada em Letras Portugu\u00eas\/Ingl\u00eas pela Universidade Estadual de Santa Cruz (UESC), redatora do Grupo Sena Online","sameAs":["https:\/\/www.instagram.com\/yasmin0_20?igsh=MTdqZXF3NTA1b2gyMg=="],"url":"https:\/\/www.pensarcursos.com.br\/blog\/author\/yasmin\/"}]}},"_links":{"self":[{"href":"https:\/\/www.pensarcursos.com.br\/blog\/wp-json\/wp\/v2\/posts\/149797","targetHints":{"allow":["GET"]}}],"collection":[{"href":"https:\/\/www.pensarcursos.com.br\/blog\/wp-json\/wp\/v2\/posts"}],"about":[{"href":"https:\/\/www.pensarcursos.com.br\/blog\/wp-json\/wp\/v2\/types\/post"}],"author":[{"embeddable":true,"href":"https:\/\/www.pensarcursos.com.br\/blog\/wp-json\/wp\/v2\/users\/56"}],"replies":[{"embeddable":true,"href":"https:\/\/www.pensarcursos.com.br\/blog\/wp-json\/wp\/v2\/comments?post=149797"}],"version-history":[{"count":0,"href":"https:\/\/www.pensarcursos.com.br\/blog\/wp-json\/wp\/v2\/posts\/149797\/revisions"}],"wp:featuredmedia":[{"embeddable":true,"href":"https:\/\/www.pensarcursos.com.br\/blog\/wp-json\/wp\/v2\/media\/149803"}],"wp:attachment":[{"href":"https:\/\/www.pensarcursos.com.br\/blog\/wp-json\/wp\/v2\/media?parent=149797"}],"wp:term":[{"taxonomy":"category","embeddable":true,"href":"https:\/\/www.pensarcursos.com.br\/blog\/wp-json\/wp\/v2\/categories?post=149797"},{"taxonomy":"post_tag","embeddable":true,"href":"https:\/\/www.pensarcursos.com.br\/blog\/wp-json\/wp\/v2\/tags?post=149797"}],"curies":[{"name":"wp","href":"https:\/\/api.w.org\/{rel}","templated":true}]}}