{"id":149787,"date":"2026-03-13T09:06:51","date_gmt":"2026-03-13T12:06:51","guid":{"rendered":"https:\/\/www.pensarcursos.com.br\/blog\/?p=149787"},"modified":"2026-03-13T09:07:14","modified_gmt":"2026-03-13T12:07:14","slug":"pesquisa-revela-80-dos-brasileiros-ate-40-anos-defendem-fim-da-escala-6x1","status":"publish","type":"post","link":"https:\/\/www.pensarcursos.com.br\/blog\/pesquisa-revela-80-dos-brasileiros-ate-40-anos-defendem-fim-da-escala-6x1\/","title":{"rendered":"Pesquisa revela: 80% dos brasileiros at\u00e9 40 anos defendem fim da escala 6&#215;1"},"content":{"rendered":"<p>A discuss\u00e3o sobre o equil\u00edbrio entre vida profissional e pessoal tem se tornado cada vez mais relevante no Brasil, e um novo levantamento apresenta n\u00fameros que mostram essa mudan\u00e7a de pensamento. Uma pesquisa divulgada nesta quinta-feira (12) pela <a href=\"https:\/\/www.nexus.fsb.com.br\/estudos-divulgados\/motor-da-forca-de-trabalho-no-brasil-8-em-cada-10-brasileiros-entre-16-e-40-anos-sao-a-favor-do-fim-da-escala-6x1-sem-reducao-salarial\/\" target=\"_blank\" rel=\"noopener\">Nexus \u2013 Pesquisa e Intelig\u00eancia de Dados<\/a> revela que <strong>80% dos trabalhadores com at\u00e9 40 anos s\u00e3o a favor do fim da escala 6&#215;1<\/strong>.<\/p>\n<p>Esse debate deixou de ser algo restrito a pequenos grupos e passou a refletir a opini\u00e3o de uma parte da popula\u00e7\u00e3o economicamente ativa. A seguir, confira os dados que evidenciam o que brasileiros de diferentes gera\u00e7\u00f5es pensam sobre essa carga hor\u00e1ria de trabalho.<\/p>\n<h2>O que revelou os dados da pesquisa?<\/h2>\n<p>Os dados, coletados pela Nexus \u2013 Pesquisa e Intelig\u00eancia de Dados, s\u00e3o claros: os mais jovens s\u00e3o os principais impulsionadores da mudan\u00e7a. Entre os brasileiros de 16 a 40 anos, que englobam a <strong>Gera\u00e7\u00e3o Z e os Millennials<\/strong>, o apoio \u00e0 proposta de encerrar a carga hor\u00e1ria de seis dias de trabalho por um de folga chega a 82%, <strong>contanto que n\u00e3o haja redu\u00e7\u00e3o salarial<\/strong>.<\/p>\n<p>Analisando por faixa et\u00e1ria, 31% da Gera\u00e7\u00e3o Z (16 a 24 anos) s\u00e3o totalmente favor\u00e1veis \u00e0 mudan\u00e7a, independentemente do impacto na remunera\u00e7\u00e3o. No entanto, o apoio salta para 82% quando a condi\u00e7\u00e3o de manuten\u00e7\u00e3o salarial \u00e9 adicionada, com 47% desse grupo condicionando seu &#8220;sim&#8221; \u00e0 n\u00e3o diminui\u00e7\u00e3o dos vencimentos.<\/p>\n<p>O cen\u00e1rio \u00e9 semelhante entre os Millennials (25 a 40 anos). Um total de 35% apoia o <a href=\"https:\/\/www.pensarcursos.com.br\/blog\/fim-da-escala-6x1-projeto-preve-diminuicao-gradual-no-horario-de-trabalho-dos-brasileiros\/\">fim da escala 6&#215;1<\/a> incondicionalmente. Quando a garantia de que o sal\u00e1rio n\u00e3o ser\u00e1 afetado entra na equa\u00e7\u00e3o, o percentual de aprova\u00e7\u00e3o atinge os mesmos 82%, com 42% defendendo a altera\u00e7\u00e3o estritamente sob essa condi\u00e7\u00e3o.<\/p>\n<figure id=\"attachment_149795\" aria-describedby=\"caption-attachment-149795\" style=\"width: 927px\" class=\"wp-caption aligncenter\"><img decoding=\"async\" class=\"size-full wp-image-149795\" src=\"https:\/\/www.pensarcursos.com.br\/blog\/wp-content\/uploads\/2026\/03\/pesquisa-nexus.webp\" alt=\"Percentual de jovens da Gera\u00e7\u00e3o Z favor\u00e1veis ao fim da escala 6x1 segundo pesquisa Nexus.\" width=\"927\" height=\"577\" srcset=\"https:\/\/www.pensarcursos.com.br\/blog\/wp-content\/uploads\/2026\/03\/pesquisa-nexus.webp 927w, https:\/\/www.pensarcursos.com.br\/blog\/wp-content\/uploads\/2026\/03\/pesquisa-nexus-300x187.webp 300w, https:\/\/www.pensarcursos.com.br\/blog\/wp-content\/uploads\/2026\/03\/pesquisa-nexus-768x478.webp 768w, https:\/\/www.pensarcursos.com.br\/blog\/wp-content\/uploads\/2026\/03\/pesquisa-nexus-750x467.webp 750w\" sizes=\"(max-width: 927px) 100vw, 927px\" \/><figcaption id=\"caption-attachment-149795\" class=\"wp-caption-text\">Dados divulgados pela Nexus da Gera\u00e7\u00e3o Z favor\u00e1veis ao fim da escala 6&#215;1.<br \/>Imagem: Reprodu\u00e7\u00e3o\/ Nexus \u2013 Pesquisa e Intelig\u00eancia de Dados<\/figcaption><\/figure>\n<figure id=\"attachment_149799\" aria-describedby=\"caption-attachment-149799\" style=\"width: 804px\" class=\"wp-caption aligncenter\"><img decoding=\"async\" class=\"size-full wp-image-149799\" src=\"https:\/\/www.pensarcursos.com.br\/blog\/wp-content\/uploads\/2026\/03\/dados-da-nexus.webp\" alt=\"Gr\u00e1fico mostra a opini\u00e3o dos Millennials sobre o fim da escala de trabalho 6x1 no Brasil.\" width=\"804\" height=\"541\" srcset=\"https:\/\/www.pensarcursos.com.br\/blog\/wp-content\/uploads\/2026\/03\/dados-da-nexus.webp 804w, https:\/\/www.pensarcursos.com.br\/blog\/wp-content\/uploads\/2026\/03\/dados-da-nexus-300x202.webp 300w, https:\/\/www.pensarcursos.com.br\/blog\/wp-content\/uploads\/2026\/03\/dados-da-nexus-768x517.webp 768w, https:\/\/www.pensarcursos.com.br\/blog\/wp-content\/uploads\/2026\/03\/dados-da-nexus-750x505.webp 750w\" sizes=\"(max-width: 804px) 100vw, 804px\" \/><figcaption id=\"caption-attachment-149799\" class=\"wp-caption-text\">Pesquisa Nexus detalha como trabalhadores de 25 a 40 anos avaliam o fim da escala 6&#215;1.<br \/>Imagem: Reprodu\u00e7\u00e3o\/ Nexus \u2013 Pesquisa e Intelig\u00eancia de Dados<\/figcaption><\/figure>\n<h2>O peso do sal\u00e1rio na decis\u00e3o dos trabalhadores<\/h2>\n<p>O fator financeiro \u00e9, sem d\u00favida, o ponto central para a maioria dos trabalhadores. Marcelo Tokarski, CEO da Nexus, destaca que a renda mensal funciona como o principal fator de decis\u00e3o no debate.<\/p>\n<blockquote><p>&#8220;Quando observamos os n\u00fameros em detalhe, fica evidente que a renda mensal funciona como o principal fator de decis\u00e3o nesse debate. H\u00e1 um grupo menor, mas relevante, que apoia o fim da escala independentemente do impacto salarial, o que sugere uma mudan\u00e7a de valores em rela\u00e7\u00e3o ao trabalho. Ainda assim, a maioria dos millennials adota uma posi\u00e7\u00e3o pragm\u00e1tica: apoia a mudan\u00e7a desde que ela n\u00e3o implique perda de renda\u201d, disse o CEO da Nexus.<\/p><\/blockquote>\n<p>Inicialmente, os entrevistados foram questionados se eram a favor ou contra a medida, sem mencionar o sal\u00e1rio. Em um segundo momento, aqueles que eram contra foram perguntados se mudariam de opini\u00e3o caso a remunera\u00e7\u00e3o fosse mantida, o que causou uma migra\u00e7\u00e3o para o grupo de aprovadores.<\/p>\n<h2>Um contraste entre as diferentes gera\u00e7\u00f5es<\/h2>\n<p>Enquanto os mais jovens lideram o <a href=\"https:\/\/www.pensarcursos.com.br\/blog\/o-fim-da-escala-6x1-e-possivel-conheca-o-pais-que-ja-adotou-a-jornada-reduzida-com-sucesso\/\">fim da escala 6&#215;1<\/a>, o apoio \u00e0 proposta diminui progressivamente com a idade. Entre os brasileiros de 41 a 59 anos, a aprova\u00e7\u00e3o ao fim da escala 6&#215;1 cai para 62%. J\u00e1 na popula\u00e7\u00e3o com mais de 60 anos, o \u00edndice de aprova\u00e7\u00e3o \u00e9 ainda menor, chegando a 48%.<\/p>\n<p>Essa diferen\u00e7a de percep\u00e7\u00e3o evidencia uma mudan\u00e7a de valores em rela\u00e7\u00e3o ao trabalho. Enquanto gera\u00e7\u00f5es mais antigas podem ter uma vis\u00e3o mais tradicional da carga hor\u00e1ria de trabalho, os mais novos priorizam a qualidade de vida e o bem-estar fora do ambiente corporativo.<\/p>\n<h2>Panorama nacional e detalhes do levantamento<\/h2>\n<p>Na m\u00e9dia geral, considerando todas as faixas et\u00e1rias, 63% dos brasileiros s\u00e3o a favor do <a href=\"https:\/\/www.pensarcursos.com.br\/blog\/fim-da-escala-6x1-sera-discutido-na-camara-nesta-terca-feira-10\/\">fim da escala 6&#215;1<\/a>, independentemente da quest\u00e3o salarial. Este \u00e9 um indicativo forte de que a insatisfa\u00e7\u00e3o com o modelo atual \u00e9 generalizada e n\u00e3o se restringe apenas a um grupo demogr\u00e1fico.<\/p>\n<p>Para chegar a esses resultados, a Nexus entrevistou 2.021 pessoas com 16 anos ou mais, em todas as 27 unidades da federa\u00e7\u00e3o, entre os dias 30 de janeiro e 5 de fevereiro. A margem de erro da pesquisa \u00e9 de 2 pontos percentuais, com um intervalo de confian\u00e7a de 95%, conferindo alta credibilidade aos dados apresentados.<\/p>\n<p>Fique por dentro de mais informa\u00e7\u00f5es como essa no portal do <a href=\"https:\/\/www.pensarcursos.com.br\/blog\" target=\"_blank\" rel=\"noopener\">Blog Pensar Cursos<\/a>.<\/p>\n","protected":false},"excerpt":{"rendered":"<p>A discuss\u00e3o sobre o equil\u00edbrio entre vida profissional e pessoal tem se tornado cada vez mais relevante no Brasil, e um novo levantamento apresenta n\u00fameros que mostram essa mudan\u00e7a de pensamento. Uma pesquisa divulgada nesta quinta-feira (12) pela Nexus \u2013 Pesquisa e Intelig\u00eancia de Dados revela que 80% dos trabalhadores com at\u00e9 40 anos s\u00e3o [&hellip;]<\/p>\n","protected":false},"author":54,"featured_media":149801,"comment_status":"open","ping_status":"closed","sticky":false,"template":"","format":"standard","meta":{"jnews-multi-image_gallery":[],"jnews_single_post":{"subtitle":"Gera\u00e7\u00e3o Z e Millennials lideram o movimento mas defendem que os sal\u00e1rios sejam mantidos","format":"standard","override":[{"template":"1","parallax":"1","fullscreen":"1","layout":"right-sidebar","sidebar":"default-sidebar","second_sidebar":"default-sidebar","sticky_sidebar":"1","share_position":"topbottom","share_float_style":"share-monocrhome","show_featured":"1","show_post_meta":"1","show_post_author":"1","show_post_author_image":"1","show_post_date":"1","post_date_format":"default","post_date_format_custom":"Y\/m\/d","show_post_category":"1","post_reading_time_wpm":"300","post_calculate_word_method":"str_word_count","show_zoom_button":"0","zoom_button_out_step":"2","zoom_button_in_step":"3","show_post_tag":"1","show_prev_next_post":"1","show_popup_post":"1","show_comment_section":"1","number_popup_post":"2","show_author_box":"1","show_post_related":"1","show_inline_post_related":"1"}],"image_override":[{"single_post_thumbnail_size":"crop-500","single_post_gallery_size":"crop-500"}],"trending_post_position":"meta","trending_post_label":"Trending","sponsored_post_label":"Sponsored by","disable_ad":"0"},"jnews_primary_category":[],"jnews_social_meta":[],"jnews_override_counter":{"view_counter_number":"0","share_counter_number":"0","like_counter_number":"0","dislike_counter_number":"0"},"footnotes":""},"categories":[1691,22],"tags":[36325,37101,39566],"class_list":["post-149787","post","type-post","status-publish","format-standard","has-post-thumbnail","hentry","category-direitos-do-trabalhador","category-noticias","tag-escala-6x1","tag-fim-da-escala-6x1","tag-pesquisa-nexus-fim-da-escala-6x1"],"yoast_head":"<!-- This site is optimized with the Yoast SEO Premium plugin v27.4 (Yoast SEO v27.4) - https:\/\/yoast.com\/product\/yoast-seo-premium-wordpress\/ -->\n<title>Pesquisa revela: 80% dos brasileiros at\u00e9 40 anos defendem fim da escala 6x1 - Blog Pensar Cursos<\/title>\n<meta name=\"description\" content=\"Pesquisa recente da Nexus revela que 82% dos brasileiros at\u00e9 40 anos apoiam o fim da escala 6x1 sem redu\u00e7\u00e3o salarial. Confira os dados!\" \/>\n<meta name=\"robots\" content=\"index, follow, max-snippet:-1, max-image-preview:large, max-video-preview:-1\" \/>\n<link rel=\"canonical\" href=\"https:\/\/www.pensarcursos.com.br\/blog\/pesquisa-revela-80-dos-brasileiros-ate-40-anos-defendem-fim-da-escala-6x1\/\" \/>\n<meta property=\"og:locale\" content=\"pt_BR\" \/>\n<meta property=\"og:type\" content=\"article\" \/>\n<meta property=\"og:title\" content=\"Pesquisa revela: 80% dos brasileiros at\u00e9 40 anos defendem fim da escala 6x1\" \/>\n<meta property=\"og:description\" content=\"Pesquisa recente da Nexus revela que 82% dos brasileiros at\u00e9 40 anos apoiam o fim da escala 6x1 sem redu\u00e7\u00e3o salarial. Confira os dados!\" \/>\n<meta property=\"og:url\" content=\"https:\/\/www.pensarcursos.com.br\/blog\/pesquisa-revela-80-dos-brasileiros-ate-40-anos-defendem-fim-da-escala-6x1\/\" \/>\n<meta property=\"og:site_name\" content=\"Blog Pensar Cursos\" \/>\n<meta property=\"article:publisher\" content=\"https:\/\/www.facebook.com\/pensarcursos\/\" \/>\n<meta property=\"article:published_time\" content=\"2026-03-13T12:06:51+00:00\" \/>\n<meta property=\"article:modified_time\" content=\"2026-03-13T12:07:14+00:00\" \/>\n<meta property=\"og:image\" content=\"https:\/\/www.pensarcursos.com.br\/blog\/wp-content\/uploads\/2026\/03\/fim-da-escala-6x1-2.webp\" \/>\n\t<meta property=\"og:image:width\" content=\"1500\" \/>\n\t<meta property=\"og:image:height\" content=\"897\" \/>\n\t<meta property=\"og:image:type\" content=\"image\/webp\" \/>\n<meta name=\"author\" content=\"Quezia Andrade\" \/>\n<meta name=\"twitter:card\" content=\"summary_large_image\" \/>\n<meta name=\"twitter:label1\" content=\"Escrito por\" \/>\n\t<meta name=\"twitter:data1\" content=\"Quezia Andrade\" \/>\n\t<meta name=\"twitter:label2\" content=\"Est. tempo de leitura\" \/>\n\t<meta name=\"twitter:data2\" content=\"5 minutos\" \/>\n<!-- \/ Yoast SEO Premium plugin. -->","yoast_head_json":{"title":"Pesquisa revela: 80% dos brasileiros at\u00e9 40 anos defendem fim da escala 6x1 - Blog Pensar Cursos","description":"Pesquisa recente da Nexus revela que 82% dos brasileiros at\u00e9 40 anos apoiam o fim da escala 6x1 sem redu\u00e7\u00e3o salarial. Confira os dados!","robots":{"index":"index","follow":"follow","max-snippet":"max-snippet:-1","max-image-preview":"max-image-preview:large","max-video-preview":"max-video-preview:-1"},"canonical":"https:\/\/www.pensarcursos.com.br\/blog\/pesquisa-revela-80-dos-brasileiros-ate-40-anos-defendem-fim-da-escala-6x1\/","og_locale":"pt_BR","og_type":"article","og_title":"Pesquisa revela: 80% dos brasileiros at\u00e9 40 anos defendem fim da escala 6x1","og_description":"Pesquisa recente da Nexus revela que 82% dos brasileiros at\u00e9 40 anos apoiam o fim da escala 6x1 sem redu\u00e7\u00e3o salarial. Confira os dados!","og_url":"https:\/\/www.pensarcursos.com.br\/blog\/pesquisa-revela-80-dos-brasileiros-ate-40-anos-defendem-fim-da-escala-6x1\/","og_site_name":"Blog Pensar Cursos","article_publisher":"https:\/\/www.facebook.com\/pensarcursos\/","article_published_time":"2026-03-13T12:06:51+00:00","article_modified_time":"2026-03-13T12:07:14+00:00","og_image":[{"width":1500,"height":897,"url":"https:\/\/www.pensarcursos.com.br\/blog\/wp-content\/uploads\/2026\/03\/fim-da-escala-6x1-2.webp","type":"image\/webp"}],"author":"Quezia Andrade","twitter_card":"summary_large_image","twitter_misc":{"Escrito por":"Quezia Andrade","Est. tempo de leitura":"5 minutos"},"schema":{"@context":"https:\/\/schema.org","@graph":[{"@type":["Article","BlogPosting"],"@id":"https:\/\/www.pensarcursos.com.br\/blog\/pesquisa-revela-80-dos-brasileiros-ate-40-anos-defendem-fim-da-escala-6x1\/#article","isPartOf":{"@id":"https:\/\/www.pensarcursos.com.br\/blog\/pesquisa-revela-80-dos-brasileiros-ate-40-anos-defendem-fim-da-escala-6x1\/"},"author":{"name":"Quezia Andrade","@id":"https:\/\/www.pensarcursos.com.br\/blog\/#\/schema\/person\/28714c166fa847c28e0ba3e4d47c1033"},"headline":"Pesquisa revela: 80% dos brasileiros at\u00e9 40 anos defendem fim da escala 6&#215;1","datePublished":"2026-03-13T12:06:51+00:00","dateModified":"2026-03-13T12:07:14+00:00","mainEntityOfPage":{"@id":"https:\/\/www.pensarcursos.com.br\/blog\/pesquisa-revela-80-dos-brasileiros-ate-40-anos-defendem-fim-da-escala-6x1\/"},"wordCount":770,"commentCount":0,"publisher":{"@id":"https:\/\/www.pensarcursos.com.br\/blog\/#organization"},"image":{"@id":"https:\/\/www.pensarcursos.com.br\/blog\/pesquisa-revela-80-dos-brasileiros-ate-40-anos-defendem-fim-da-escala-6x1\/#primaryimage"},"thumbnailUrl":"https:\/\/www.pensarcursos.com.br\/blog\/wp-content\/uploads\/2026\/03\/fim-da-escala-6x1-2.webp","keywords":["escala 6x1","fim da escala 6x1","pesquisa nexus fim da escala 6x1"],"articleSection":["Direitos do Trabalhador","Not\u00edcias"],"inLanguage":"pt-BR","potentialAction":[{"@type":"CommentAction","name":"Comment","target":["https:\/\/www.pensarcursos.com.br\/blog\/pesquisa-revela-80-dos-brasileiros-ate-40-anos-defendem-fim-da-escala-6x1\/#respond"]}],"copyrightYear":"2026","copyrightHolder":{"@id":"https:\/\/www.pensarcursos.com.br\/blog\/#organization"}},{"@type":"WebPage","@id":"https:\/\/www.pensarcursos.com.br\/blog\/pesquisa-revela-80-dos-brasileiros-ate-40-anos-defendem-fim-da-escala-6x1\/","url":"https:\/\/www.pensarcursos.com.br\/blog\/pesquisa-revela-80-dos-brasileiros-ate-40-anos-defendem-fim-da-escala-6x1\/","name":"Pesquisa revela: 80% dos brasileiros at\u00e9 40 anos defendem fim da escala 6x1 - Blog Pensar Cursos","isPartOf":{"@id":"https:\/\/www.pensarcursos.com.br\/blog\/#website"},"primaryImageOfPage":{"@id":"https:\/\/www.pensarcursos.com.br\/blog\/pesquisa-revela-80-dos-brasileiros-ate-40-anos-defendem-fim-da-escala-6x1\/#primaryimage"},"image":{"@id":"https:\/\/www.pensarcursos.com.br\/blog\/pesquisa-revela-80-dos-brasileiros-ate-40-anos-defendem-fim-da-escala-6x1\/#primaryimage"},"thumbnailUrl":"https:\/\/www.pensarcursos.com.br\/blog\/wp-content\/uploads\/2026\/03\/fim-da-escala-6x1-2.webp","datePublished":"2026-03-13T12:06:51+00:00","dateModified":"2026-03-13T12:07:14+00:00","description":"Pesquisa recente da Nexus revela que 82% dos brasileiros at\u00e9 40 anos apoiam o fim da escala 6x1 sem redu\u00e7\u00e3o salarial. Confira os dados!","breadcrumb":{"@id":"https:\/\/www.pensarcursos.com.br\/blog\/pesquisa-revela-80-dos-brasileiros-ate-40-anos-defendem-fim-da-escala-6x1\/#breadcrumb"},"inLanguage":"pt-BR","potentialAction":[{"@type":"ReadAction","target":["https:\/\/www.pensarcursos.com.br\/blog\/pesquisa-revela-80-dos-brasileiros-ate-40-anos-defendem-fim-da-escala-6x1\/"]}]},{"@type":"ImageObject","inLanguage":"pt-BR","@id":"https:\/\/www.pensarcursos.com.br\/blog\/pesquisa-revela-80-dos-brasileiros-ate-40-anos-defendem-fim-da-escala-6x1\/#primaryimage","url":"https:\/\/www.pensarcursos.com.br\/blog\/wp-content\/uploads\/2026\/03\/fim-da-escala-6x1-2.webp","contentUrl":"https:\/\/www.pensarcursos.com.br\/blog\/wp-content\/uploads\/2026\/03\/fim-da-escala-6x1-2.webp","width":1500,"height":897,"caption":"Levantamento aponta que 80% dos brasileiros com at\u00e9 40 anos s\u00e3o favor\u00e1veis ao fim da escala 6x1 no pa\u00eds. Imagem: Jos\u00e9 Cruz\/Ag\u00eancia Brasil"},{"@type":"BreadcrumbList","@id":"https:\/\/www.pensarcursos.com.br\/blog\/pesquisa-revela-80-dos-brasileiros-ate-40-anos-defendem-fim-da-escala-6x1\/#breadcrumb","itemListElement":[{"@type":"ListItem","position":1,"name":"Home","item":"https:\/\/www.pensarcursos.com.br\/blog\/"},{"@type":"ListItem","position":2,"name":"Pesquisa revela: 80% dos brasileiros at\u00e9 40 anos defendem fim da escala 6&#215;1"}]},{"@type":"WebSite","@id":"https:\/\/www.pensarcursos.com.br\/blog\/#website","url":"https:\/\/www.pensarcursos.com.br\/blog\/","name":"Blog Pensar Cursos","description":"Maior Site de Cursos do Brasil","publisher":{"@id":"https:\/\/www.pensarcursos.com.br\/blog\/#organization"},"alternateName":"Blog Pensar","potentialAction":[{"@type":"SearchAction","target":{"@type":"EntryPoint","urlTemplate":"https:\/\/www.pensarcursos.com.br\/blog\/?s={search_term_string}"},"query-input":{"@type":"PropertyValueSpecification","valueRequired":true,"valueName":"search_term_string"}}],"inLanguage":"pt-BR"},{"@type":"Organization","@id":"https:\/\/www.pensarcursos.com.br\/blog\/#organization","name":"Pensar Cursos","alternateName":"Blog pensar","url":"https:\/\/www.pensarcursos.com.br\/blog\/","logo":{"@type":"ImageObject","inLanguage":"pt-BR","@id":"https:\/\/www.pensarcursos.com.br\/blog\/#\/schema\/logo\/image\/","url":"https:\/\/www.pensarcursos.com.br\/blog\/wp-content\/uploads\/2023\/11\/Nova-Logo-Pensar-Cursos-vertical.png","contentUrl":"https:\/\/www.pensarcursos.com.br\/blog\/wp-content\/uploads\/2023\/11\/Nova-Logo-Pensar-Cursos-vertical.png","width":1393,"height":1001,"caption":"Pensar Cursos"},"image":{"@id":"https:\/\/www.pensarcursos.com.br\/blog\/#\/schema\/logo\/image\/"},"sameAs":["https:\/\/www.facebook.com\/pensarcursos\/","https:\/\/instagram.com.br\/pensarcursos"],"description":"Pensar Cursos \u00e9 uma empresa especializada em oferecer cursos de alta qualidade voltados para o desenvolvimento profissional e acad\u00eamico. Com uma ampla gama de op\u00e7\u00f5es de treinamento, oferecemos conte\u00fados atualizados, ministrados por especialistas da \u00e1rea, para capacitar indiv\u00edduos e equipes a atingirem seus objetivos. Nossa miss\u00e3o \u00e9 proporcionar uma educa\u00e7\u00e3o transformadora, acess\u00edvel e personalizada para cada aluno, seja em cursos presenciais ou online. Com uma abordagem inovadora, buscamos adaptar os nossos programas de ensino \u00e0s necessidades do mercado, criando solu\u00e7\u00f5es que atendem aos desafios e exig\u00eancias do mundo corporativo e acad\u00eamico. Nossos cursos incluem desde forma\u00e7\u00f5es t\u00e9cnicas at\u00e9 habilidades essenciais, como lideran\u00e7a, gest\u00e3o e desenvolvimento pessoal.","email":"contato@pensarcursos.com.br","legalName":"Sena Servi\u00e7os de Informa\u00e7\u00e3o Online LTDA","foundingDate":"2013-04-18","vatID":"17956217000172","numberOfEmployees":{"@type":"QuantitativeValue","minValue":"11","maxValue":"50"},"publishingPrinciples":"https:\/\/www.pensarcursos.com.br\/blog\/principios-de-publicacao\/","ownershipFundingInfo":"https:\/\/www.pensarcursos.com.br\/blog\/informacoes-de-propriedade-financiamento\/","actionableFeedbackPolicy":"https:\/\/www.pensarcursos.com.br\/blog\/politica-de-feedback-acionavel\/","correctionsPolicy":"https:\/\/www.pensarcursos.com.br\/blog\/politica-de-correcoes\/","ethicsPolicy":"https:\/\/www.pensarcursos.com.br\/blog\/politica-de-etica\/"},{"@type":"Person","@id":"https:\/\/www.pensarcursos.com.br\/blog\/#\/schema\/person\/28714c166fa847c28e0ba3e4d47c1033","name":"Quezia Andrade","image":{"@type":"ImageObject","inLanguage":"pt-BR","@id":"https:\/\/secure.gravatar.com\/avatar\/ca40343eca0c667f062032144581527936aae03191aca76e9d4c4de5a5c7cd14?s=96&d=mm&r=g","url":"https:\/\/secure.gravatar.com\/avatar\/ca40343eca0c667f062032144581527936aae03191aca76e9d4c4de5a5c7cd14?s=96&d=mm&r=g","contentUrl":"https:\/\/secure.gravatar.com\/avatar\/ca40343eca0c667f062032144581527936aae03191aca76e9d4c4de5a5c7cd14?s=96&d=mm&r=g","caption":"Quezia Andrade"},"description":"Biom\u00e9dica CRBM2 n\u00ba 17394. Redatora do grupo Sena Online.","sameAs":["https:\/\/www.instagram.com\/_quezia_b?igsh=cWF2dDNxbXd6ejF4&utm_source=qr","https:\/\/www.linkedin.com\/in\/quzia-borges-andrade-907778266?utm_source=share&utm_campaign=share_via&utm_content=profile&utm_medium=ios_app"],"url":"https:\/\/www.pensarcursos.com.br\/blog\/author\/quezia\/"}]}},"_links":{"self":[{"href":"https:\/\/www.pensarcursos.com.br\/blog\/wp-json\/wp\/v2\/posts\/149787","targetHints":{"allow":["GET"]}}],"collection":[{"href":"https:\/\/www.pensarcursos.com.br\/blog\/wp-json\/wp\/v2\/posts"}],"about":[{"href":"https:\/\/www.pensarcursos.com.br\/blog\/wp-json\/wp\/v2\/types\/post"}],"author":[{"embeddable":true,"href":"https:\/\/www.pensarcursos.com.br\/blog\/wp-json\/wp\/v2\/users\/54"}],"replies":[{"embeddable":true,"href":"https:\/\/www.pensarcursos.com.br\/blog\/wp-json\/wp\/v2\/comments?post=149787"}],"version-history":[{"count":0,"href":"https:\/\/www.pensarcursos.com.br\/blog\/wp-json\/wp\/v2\/posts\/149787\/revisions"}],"wp:featuredmedia":[{"embeddable":true,"href":"https:\/\/www.pensarcursos.com.br\/blog\/wp-json\/wp\/v2\/media\/149801"}],"wp:attachment":[{"href":"https:\/\/www.pensarcursos.com.br\/blog\/wp-json\/wp\/v2\/media?parent=149787"}],"wp:term":[{"taxonomy":"category","embeddable":true,"href":"https:\/\/www.pensarcursos.com.br\/blog\/wp-json\/wp\/v2\/categories?post=149787"},{"taxonomy":"post_tag","embeddable":true,"href":"https:\/\/www.pensarcursos.com.br\/blog\/wp-json\/wp\/v2\/tags?post=149787"}],"curies":[{"name":"wp","href":"https:\/\/api.w.org\/{rel}","templated":true}]}}