{"id":149771,"date":"2026-03-13T14:29:45","date_gmt":"2026-03-13T17:29:45","guid":{"rendered":"https:\/\/www.pensarcursos.com.br\/blog\/?p=149771"},"modified":"2026-03-13T07:55:13","modified_gmt":"2026-03-13T10:55:13","slug":"caixa-confirma-cpfs-de-finais-9-6-4-7-5-8-3-1-0-e-2-podem-solicitar-saque-de-r-6-220-a-partir-desta-sexta-feira-13","status":"publish","type":"post","link":"https:\/\/www.pensarcursos.com.br\/blog\/caixa-confirma-cpfs-de-finais-9-6-4-7-5-8-3-1-0-e-2-podem-solicitar-saque-de-r-6-220-a-partir-desta-sexta-feira-13\/","title":{"rendered":"CAIXA confirma: CPFs de finais 9, 6, 4, 7, 5, 8, 3, 1, 0 e 2 podem solicitar saque de R$ 6.220 a partir desta sexta-feira (13)"},"content":{"rendered":"<p>Imagine acordar numa sexta-feira comum e descobrir que o seu CPF aparece em uma lista oficial da Caixa Econ\u00f4mica Federal \u2014 e que isso significa dinheiro real dispon\u00edvel para saque.<\/p>\n<p>A Caixa confirmou: brasileiros com CPFs de todos os finais \u2014 0, 1, 2, 3, 4, 5, 6, 7, 8 e 9 \u2014 est\u00e3o aptos a solicitar um benef\u00edcio que pode chegar a R$ 6.220,00. Antes de comemorar, respira fundo \u2014 porque essa hist\u00f3ria tem um detalhe muito importante que vai explicar tudo.<\/p>\n<p>Por que esse valor? Por que agora? E o que seu CPF tem a ver com isso?<\/p>\n<p>Nas pr\u00f3ximas linhas, ser\u00e1 revelado o que est\u00e1 por tr\u00e1s desse an\u00fancio. Entender isso pode fazer toda a diferen\u00e7a para quem realmente tem direito ao saque.<\/p>\n<h2>O que \u00e9 esse valor e de onde ele vem?<\/h2>\n<p>O valor de R$ 6.220,00 n\u00e3o surgiu do nada. Ele existe porque est\u00e1 guardado \u2014 e muitas pessoas nem sabem disso. Trata-se de um fundo alimentado ao longo dos anos pela rela\u00e7\u00e3o entre trabalhador e empregador, com regras espec\u00edficas sobre quando pode ser acessado.<\/p>\n<p>Existem situa\u00e7\u00f5es muito espec\u00edficas em que o governo libera esse recurso. O curioso \u00e9 que muitas pessoas eleg\u00edveis simplesmente n\u00e3o sabem que t\u00eam direito, e o dinheiro acaba ficando parado sem ser resgatado. Segundo informa\u00e7\u00f5es da Caixa Econ\u00f4mica Federal, bilh\u00f5es de reais deixam de ser sacados todos os anos por puro desconhecimento.<\/p>\n<h2>Por que todos os finais de CPF aparecem na lista?<\/h2>\n<p>Aqui est\u00e1 o ponto que mais gera confus\u00e3o. Quando a Caixa divulga uma lista com todos os finais de CPF \u2014 de 0 a 9 \u2014 isso n\u00e3o significa que qualquer brasileiro pode sacar automaticamente. Essa informa\u00e7\u00e3o indica apenas que n\u00e3o h\u00e1 restri\u00e7\u00e3o pelo final do CPF. O crit\u00e9rio de elegibilidade \u00e9 outro, completamente diferente.<\/p>\n<p>O que realmente determina se algu\u00e9m tem direito ao saque \u00e9 uma condi\u00e7\u00e3o espec\u00edfica, relacionada a uma determinada situa\u00e7\u00e3o de vida. E \u00e9 justamente essa condi\u00e7\u00e3o que ser\u00e1 revelada a seguir.<\/p>\n<h2>Qual benef\u00edcio ser\u00e1 liberado nesta sexta-feira (13)?<\/h2>\n<p>O benef\u00edcio em quest\u00e3o \u00e9 o<a href=\"https:\/\/www.pensarcursos.com.br\/blog\/saque-calamidade-do-fgts-saiba-quem-pode-retirar-ate-r-6-220-em-2026\/\" target=\"_blank\" rel=\"noopener\"> Saque Calamidade do FGTS<\/a> \u2014 uma modalidade emergencial criada para trabalhadores afetados por desastres naturais reconhecidos pelo governo federal.<\/p>\n<p>O Fundo de Garantia do Tempo de Servi\u00e7o (FGTS) \u00e9 formado por dep\u00f3sitos mensais do empregador, equivalente a 8% do sal\u00e1rio do trabalhador. Normalmente, ele s\u00f3 pode ser sacado em situa\u00e7\u00f5es espec\u00edficas: demiss\u00e3o sem justa causa, compra de im\u00f3vel, aposentadoria, entre outras.<\/p>\n<p>O Saque Calamidade \u00e9 uma modalidade especial, ativada quando o governo federal reconhece estado de calamidade p\u00fablica em algum munic\u00edpio \u2014 geralmente ap\u00f3s enchentes, deslizamentos ou outros desastres naturais. Nesses casos, os moradores do munic\u00edpio afetado que possuem saldo no FGTS podem solicitar o saque de at\u00e9 R$ 6.220,00.<\/p>\n<h2>Qual munic\u00edpio foi habilitado para solicitar o pagamento?<\/h2>\n<figure id=\"attachment_149777\" aria-describedby=\"caption-attachment-149777\" style=\"width: 1200px\" class=\"wp-caption aligncenter\"><img decoding=\"async\" class=\"wp-image-149777 size-full\" src=\"https:\/\/www.pensarcursos.com.br\/blog\/wp-content\/uploads\/2026\/03\/beneficio-caixa-calamidade-2026.webp\" alt=\"M\u00e3o segurando notas de cem reais sobre a fachada azul com o nome Caixa Econ\u00f4mica Federal, representando a libera\u00e7\u00e3o do Saque Calamidade do FGTS para trabalhadores de munic\u00edpios em situa\u00e7\u00e3o de calamidade p\u00fablica\" width=\"1200\" height=\"800\" srcset=\"https:\/\/www.pensarcursos.com.br\/blog\/wp-content\/uploads\/2026\/03\/beneficio-caixa-calamidade-2026.webp 1200w, https:\/\/www.pensarcursos.com.br\/blog\/wp-content\/uploads\/2026\/03\/beneficio-caixa-calamidade-2026-300x200.webp 300w, https:\/\/www.pensarcursos.com.br\/blog\/wp-content\/uploads\/2026\/03\/beneficio-caixa-calamidade-2026-1024x683.webp 1024w, https:\/\/www.pensarcursos.com.br\/blog\/wp-content\/uploads\/2026\/03\/beneficio-caixa-calamidade-2026-768x512.webp 768w, https:\/\/www.pensarcursos.com.br\/blog\/wp-content\/uploads\/2026\/03\/beneficio-caixa-calamidade-2026-750x500.webp 750w, https:\/\/www.pensarcursos.com.br\/blog\/wp-content\/uploads\/2026\/03\/beneficio-caixa-calamidade-2026-1140x760.webp 1140w\" sizes=\"(max-width: 1200px) 100vw, 1200px\" \/><figcaption id=\"caption-attachment-149777\" class=\"wp-caption-text\">Caixa Econ\u00f4mica Federal confirma libera\u00e7\u00e3o do Saque Calamidade do FGTS para munic\u00edpios habilitados em 2026. Imagem: Blog Pensar Cursos<\/figcaption><\/figure>\n<p>O munic\u00edpio de<strong> Mesquita, na Regi\u00e3o Metropolitana do Rio de Janeiro<\/strong>, foi reconhecido em estado de calamidade p\u00fablica e est\u00e1 habilitado pela Caixa para o <a href=\"https:\/\/www.pensarcursos.com.br\/blog\/caixa-disponibiliza-saque-calamidade-de-r-6-220-para-milhares-de-brasileiros\/\" target=\"_blank\" rel=\"noopener\">Saque Calamidade<\/a> do FGTS a partir desta <strong>sexta-feira, 13 de mar\u00e7o de 2026<\/strong>, com prazo de solicita\u00e7\u00e3o at\u00e9 02 de junho de 2026.<\/p>\n<p>No entanto, Mesquita n\u00e3o \u00e9 o \u00fanico munic\u00edpio eleg\u00edvel no pa\u00eds. A Caixa Econ\u00f4mica Federal mant\u00e9m uma lista completa com todos os munic\u00edpios habilitados e seus respectivos prazos de solicita\u00e7\u00e3o, dispon\u00edvel diretamente no<a href=\"https:\/\/www.fgts.gov.br\/Paginas\/trabalhador\/saque-calamidade.aspx#municipios-habilitados\" target=\"_blank\" rel=\"noopener\"> site oficial<\/a>. Essa lista \u00e9 atualizada com frequ\u00eancia, e novos munic\u00edpios podem ser inclu\u00eddos a qualquer momento, conforme o governo federal reconhece novas situa\u00e7\u00f5es de calamidade p\u00fablica.<\/p>\n<p>Por isso, mesmo que voc\u00ea n\u00e3o resida em Mesquita, vale a pena verificar a lista regularmente. A cidade onde voc\u00ea mora pode estar \u2014 ou vir a ser \u2014 contemplada com o benef\u00edcio.<\/p>\n<h2>Quem realmente pode receber?<\/h2>\n<p>O Saque Calamidade \u00e9 destinado exclusivamente a trabalhadores que residem em munic\u00edpios oficialmente reconhecidos em situa\u00e7\u00e3o de calamidade e habilitados pela Caixa. Para ter direito, \u00e9 necess\u00e1rio:<\/p>\n<ul>\n<li>Residir no munic\u00edpio habilitado (Mesquita \u2014 RJ);<\/li>\n<li>Ter sido afetado pela situa\u00e7\u00e3o de calamidade reconhecida pelas autoridades;<\/li>\n<li>Possuir saldo dispon\u00edvel no FGTS;<\/li>\n<li>N\u00e3o ter realizado a mesma solicita\u00e7\u00e3o nos \u00faltimos 12 meses;<\/li>\n<li>Comprovar o endere\u00e7o no munic\u00edpio no momento da solicita\u00e7\u00e3o.<\/li>\n<\/ul>\n<h2>Como solicitar o Saque Calamidade pelo aplicativo<\/h2>\n<p><strong>Documenta\u00e7\u00e3o necess\u00e1ria:<\/strong><\/p>\n<ul>\n<li>Documento de identidade: RG, CNH ou passaporte (foto da frente e do verso).<\/li>\n<li>Foto selfie segurando o documento de identidade, com os dados vis\u00edveis.<\/li>\n<li>Comprovante de resid\u00eancia em nome do trabalhador (conta de luz, \u00e1gua, telefone, g\u00e1s, internet ou cart\u00e3o de cr\u00e9dito), emitido at\u00e9 120 dias antes do decreto de calamidade.<\/li>\n<\/ul>\n<p><strong>Se n\u00e3o houver comprovante de resid\u00eancia:<\/strong><\/p>\n<ul>\n<li>Pode ser enviada declara\u00e7\u00e3o do munic\u00edpio, ou<\/li>\n<li>Declara\u00e7\u00e3o pr\u00f3pria, contendo: nome completo, CPF, data de nascimento e endere\u00e7o.<\/li>\n<\/ul>\n<p><strong>Quando o comprovante estiver no nome do c\u00f4njuge:<\/strong><\/p>\n<ul>\n<li>\u00c9 necess\u00e1rio enviar tamb\u00e9m certid\u00e3o de casamento ou documento que comprove uni\u00e3o est\u00e1vel.<\/li>\n<\/ul>\n<p>Todos os documentos s\u00e3o enviados diretamente pelo aplicativo, onde passam por verifica\u00e7\u00e3o nos sistemas oficiais<\/p>\n<p><strong>Passo a passo pelo aplicativo FGTS:<\/strong><\/p>\n<ol>\n<li>Baixe o <a href=\"https:\/\/play.google.com\/store\/apps\/details?id=br.gov.caixa.fgts.trabalhador&amp;pcampaignid=web_share\" target=\"_blank\" rel=\"noopener\">aplicativo FGTS<\/a> na loja do seu celular<\/li>\n<li>Fa\u00e7a login com seu CPF e senha, ou crie uma conta<\/li>\n<li>Acesse a op\u00e7\u00e3o &#8220;Meus Saques&#8221;<\/li>\n<li>Selecione &#8220;Saque Calamidade&#8221;<\/li>\n<li>Verifique se seu munic\u00edpio aparece como habilitado<\/li>\n<li>Informe seus dados banc\u00e1rios e confirme a solicita\u00e7\u00e3o<\/li>\n<li>Aguarde o dep\u00f3sito, que geralmente ocorre em poucos dias \u00fateis<\/li>\n<\/ol>\n<p>O valor m\u00e1ximo \u00e9 de R$ 6.220,00, limitado ao saldo dispon\u00edvel na conta do FGTS.<\/p>\n<h2>Cuidado com golpes<\/h2>\n<p>Em \u00e9pocas de libera\u00e7\u00e3o de benef\u00edcios, golpistas surgem com links falsos, liga\u00e7\u00f5es fraudulentas e sites que imitam a Caixa. Nunca clique em links recebidos por WhatsApp ou SMS prometendo facilitar o saque. Use apenas os canais oficiais: aplicativo FGTS, site oficial da Caixa ou ag\u00eancias f\u00edsicas.<\/p>\n<h2>Fique por dentro de tudo que \u00e9 seu por direito!<\/h2>\n<p>No <a href=\"https:\/\/www.pensarcursos.com.br\/blog\/\" target=\"_blank\" rel=\"noopener\">Blog Pensar Cursos<\/a>, est\u00e3o dispon\u00edveis conte\u00fados informativos sobre direitos trabalhistas, benef\u00edcios sociais, saque calamidade do FGTS e possibilidades de antecipa\u00e7\u00e3o de valores, al\u00e9m de not\u00edcias e orienta\u00e7\u00f5es que ajudam trabalhadores a entender melhor os recursos e benef\u00edcios aos quais podem ter direito.<\/p>\n<p>Caso a informa\u00e7\u00e3o tenha sido \u00fatil, a recomenda\u00e7\u00e3o \u00e9 compartilh\u00e1-la com pessoas que moram em Mesquita ou com quem possa ter valores dispon\u00edveis no FGTS sem saber. Em muitos casos, ter acesso \u00e0 informa\u00e7\u00e3o \u00e9 o primeiro passo para reconhecer e garantir um direito.<\/p>\n<div class=\"jeg_video_container jeg_video_content\"><iframe title=\"SAQUE FGTS CALAMIDADE: O que ningu\u00e9m te contou e como sacar at\u00e9 R$6.220 em 3 MINUTOS!\" width=\"500\" height=\"281\" src=\"https:\/\/www.youtube.com\/embed\/TnSN4hBAls4?feature=oembed\" frameborder=\"0\" allow=\"accelerometer; autoplay; clipboard-write; encrypted-media; gyroscope; picture-in-picture; web-share\" referrerpolicy=\"strict-origin-when-cross-origin\" allowfullscreen><\/iframe><\/div>\n","protected":false},"excerpt":{"rendered":"<p>Imagine acordar numa sexta-feira comum e descobrir que o seu CPF aparece em uma lista oficial da Caixa Econ\u00f4mica Federal \u2014 e que isso significa dinheiro real dispon\u00edvel para saque. A Caixa confirmou: brasileiros com CPFs de todos os finais \u2014 0, 1, 2, 3, 4, 5, 6, 7, 8 e 9 \u2014 est\u00e3o aptos [&hellip;]<\/p>\n","protected":false},"author":60,"featured_media":149776,"comment_status":"open","ping_status":"closed","sticky":false,"template":"","format":"standard","meta":{"jnews-multi-image_gallery":[],"jnews_single_post":{"format":"standard","override":[{"template":"1","parallax":"1","fullscreen":"1","layout":"right-sidebar","sidebar":"default-sidebar","second_sidebar":"default-sidebar","sticky_sidebar":"1","share_position":"topbottom","share_float_style":"share-monocrhome","show_featured":"1","show_post_meta":"1","show_post_author":"1","show_post_author_image":"1","show_post_date":"1","post_date_format":"default","post_date_format_custom":"Y\/m\/d","show_post_category":"1","post_reading_time_wpm":"300","post_calculate_word_method":"str_word_count","show_zoom_button":"0","zoom_button_out_step":"2","zoom_button_in_step":"3","show_post_tag":"1","show_prev_next_post":"1","show_popup_post":"1","show_comment_section":"1","number_popup_post":"2","show_author_box":"1","show_post_related":"1","show_inline_post_related":"1"}],"image_override":[{"single_post_thumbnail_size":"crop-500","single_post_gallery_size":"crop-500"}],"trending_post_position":"meta","trending_post_label":"Trending","sponsored_post_label":"Sponsored by","disable_ad":"0","subtitle":"Valores de at\u00e9 R$ 6.220 podem ser solicitados via aplicativo"},"jnews_primary_category":[],"jnews_social_meta":[],"jnews_override_counter":{"view_counter_number":"0","share_counter_number":"0","like_counter_number":"0","dislike_counter_number":"0"},"footnotes":""},"categories":[1691],"tags":[39561,39161,39562,26624],"class_list":["post-149771","post","type-post","status-publish","format-standard","has-post-thumbnail","hentry","category-direitos-do-trabalhador","tag-beneficio-caixa-fgts","tag-calamidade-publica-2026","tag-desastre-ambiental","tag-saque-calamidade-fgts"],"yoast_head":"<!-- This site is optimized with the Yoast SEO Premium plugin v27.4 (Yoast SEO v27.4) - https:\/\/yoast.com\/product\/yoast-seo-premium-wordpress\/ -->\n<title>CAIXA confirma: CPFs de finais 9, 6, 4, 7, 5, 8, 3, 1, 0 e 2 podem solicitar saque de R$ 6.220 a partir desta sexta-feira (13) - Blog Pensar Cursos<\/title>\n<meta name=\"description\" content=\"Moradores afetados por desastres com finais de CPF espec\u00edficos j\u00e1 podem pedir at\u00e9 R$ 6.220 do FGTS na CAIXA. Saiba requisitos e datas. Confira agora!\" \/>\n<meta name=\"robots\" content=\"index, follow, max-snippet:-1, max-image-preview:large, max-video-preview:-1\" \/>\n<link rel=\"canonical\" href=\"https:\/\/www.pensarcursos.com.br\/blog\/caixa-confirma-cpfs-de-finais-9-6-4-7-5-8-3-1-0-e-2-podem-solicitar-saque-de-r-6-220-a-partir-desta-sexta-feira-13\/\" \/>\n<meta property=\"og:locale\" content=\"pt_BR\" \/>\n<meta property=\"og:type\" content=\"article\" \/>\n<meta property=\"og:title\" content=\"CAIXA confirma: CPFs de finais 9, 6, 4, 7, 5, 8, 3, 1, 0 e 2 podem solicitar saque de R$ 6.220 a partir desta sexta-feira (13)\" \/>\n<meta property=\"og:description\" content=\"Moradores afetados por desastres com finais de CPF espec\u00edficos j\u00e1 podem pedir at\u00e9 R$ 6.220 do FGTS na CAIXA. Saiba requisitos e datas. Confira agora!\" \/>\n<meta property=\"og:url\" content=\"https:\/\/www.pensarcursos.com.br\/blog\/caixa-confirma-cpfs-de-finais-9-6-4-7-5-8-3-1-0-e-2-podem-solicitar-saque-de-r-6-220-a-partir-desta-sexta-feira-13\/\" \/>\n<meta property=\"og:site_name\" content=\"Blog Pensar Cursos\" \/>\n<meta property=\"article:publisher\" content=\"https:\/\/www.facebook.com\/pensarcursos\/\" \/>\n<meta property=\"article:published_time\" content=\"2026-03-13T17:29:45+00:00\" \/>\n<meta property=\"og:image\" content=\"https:\/\/www.pensarcursos.com.br\/blog\/wp-content\/uploads\/2026\/03\/saque-calamidade-fgts-6.webp\" \/>\n\t<meta property=\"og:image:width\" content=\"1170\" \/>\n\t<meta property=\"og:image:height\" content=\"700\" \/>\n\t<meta property=\"og:image:type\" content=\"image\/webp\" \/>\n<meta name=\"author\" content=\"Luiza Pereira\" \/>\n<meta name=\"twitter:card\" content=\"summary_large_image\" \/>\n<meta name=\"twitter:label1\" content=\"Escrito por\" \/>\n\t<meta name=\"twitter:data1\" content=\"Luiza Pereira\" \/>\n\t<meta name=\"twitter:label2\" content=\"Est. tempo de leitura\" \/>\n\t<meta name=\"twitter:data2\" content=\"7 minutos\" \/>\n<!-- \/ Yoast SEO Premium plugin. -->","yoast_head_json":{"title":"CAIXA confirma: CPFs de finais 9, 6, 4, 7, 5, 8, 3, 1, 0 e 2 podem solicitar saque de R$ 6.220 a partir desta sexta-feira (13) - Blog Pensar Cursos","description":"Moradores afetados por desastres com finais de CPF espec\u00edficos j\u00e1 podem pedir at\u00e9 R$ 6.220 do FGTS na CAIXA. Saiba requisitos e datas. Confira agora!","robots":{"index":"index","follow":"follow","max-snippet":"max-snippet:-1","max-image-preview":"max-image-preview:large","max-video-preview":"max-video-preview:-1"},"canonical":"https:\/\/www.pensarcursos.com.br\/blog\/caixa-confirma-cpfs-de-finais-9-6-4-7-5-8-3-1-0-e-2-podem-solicitar-saque-de-r-6-220-a-partir-desta-sexta-feira-13\/","og_locale":"pt_BR","og_type":"article","og_title":"CAIXA confirma: CPFs de finais 9, 6, 4, 7, 5, 8, 3, 1, 0 e 2 podem solicitar saque de R$ 6.220 a partir desta sexta-feira (13)","og_description":"Moradores afetados por desastres com finais de CPF espec\u00edficos j\u00e1 podem pedir at\u00e9 R$ 6.220 do FGTS na CAIXA. Saiba requisitos e datas. Confira agora!","og_url":"https:\/\/www.pensarcursos.com.br\/blog\/caixa-confirma-cpfs-de-finais-9-6-4-7-5-8-3-1-0-e-2-podem-solicitar-saque-de-r-6-220-a-partir-desta-sexta-feira-13\/","og_site_name":"Blog Pensar Cursos","article_publisher":"https:\/\/www.facebook.com\/pensarcursos\/","article_published_time":"2026-03-13T17:29:45+00:00","og_image":[{"width":1170,"height":700,"url":"https:\/\/www.pensarcursos.com.br\/blog\/wp-content\/uploads\/2026\/03\/saque-calamidade-fgts-6.webp","type":"image\/webp"}],"author":"Luiza Pereira","twitter_card":"summary_large_image","twitter_misc":{"Escrito por":"Luiza Pereira","Est. tempo de leitura":"7 minutos"},"schema":{"@context":"https:\/\/schema.org","@graph":[{"@type":["Article","BlogPosting"],"@id":"https:\/\/www.pensarcursos.com.br\/blog\/caixa-confirma-cpfs-de-finais-9-6-4-7-5-8-3-1-0-e-2-podem-solicitar-saque-de-r-6-220-a-partir-desta-sexta-feira-13\/#article","isPartOf":{"@id":"https:\/\/www.pensarcursos.com.br\/blog\/caixa-confirma-cpfs-de-finais-9-6-4-7-5-8-3-1-0-e-2-podem-solicitar-saque-de-r-6-220-a-partir-desta-sexta-feira-13\/"},"author":{"name":"Luiza Pereira","@id":"https:\/\/www.pensarcursos.com.br\/blog\/#\/schema\/person\/b94ff84c7271a3cb9a5ce19e07b0ed5f"},"headline":"CAIXA confirma: CPFs de finais 9, 6, 4, 7, 5, 8, 3, 1, 0 e 2 podem solicitar saque de R$ 6.220 a partir desta sexta-feira (13)","datePublished":"2026-03-13T17:29:45+00:00","mainEntityOfPage":{"@id":"https:\/\/www.pensarcursos.com.br\/blog\/caixa-confirma-cpfs-de-finais-9-6-4-7-5-8-3-1-0-e-2-podem-solicitar-saque-de-r-6-220-a-partir-desta-sexta-feira-13\/"},"wordCount":1136,"commentCount":0,"publisher":{"@id":"https:\/\/www.pensarcursos.com.br\/blog\/#organization"},"image":{"@id":"https:\/\/www.pensarcursos.com.br\/blog\/caixa-confirma-cpfs-de-finais-9-6-4-7-5-8-3-1-0-e-2-podem-solicitar-saque-de-r-6-220-a-partir-desta-sexta-feira-13\/#primaryimage"},"thumbnailUrl":"https:\/\/www.pensarcursos.com.br\/blog\/wp-content\/uploads\/2026\/03\/saque-calamidade-fgts-6.webp","keywords":["benef\u00edcio caixa fgts","calamidade p\u00fablica 2026","desastre ambiental","saque calamidade fgts"],"articleSection":["Direitos do Trabalhador"],"inLanguage":"pt-BR","potentialAction":[{"@type":"CommentAction","name":"Comment","target":["https:\/\/www.pensarcursos.com.br\/blog\/caixa-confirma-cpfs-de-finais-9-6-4-7-5-8-3-1-0-e-2-podem-solicitar-saque-de-r-6-220-a-partir-desta-sexta-feira-13\/#respond"]}],"copyrightYear":"2026","copyrightHolder":{"@id":"https:\/\/www.pensarcursos.com.br\/blog\/#organization"}},{"@type":"WebPage","@id":"https:\/\/www.pensarcursos.com.br\/blog\/caixa-confirma-cpfs-de-finais-9-6-4-7-5-8-3-1-0-e-2-podem-solicitar-saque-de-r-6-220-a-partir-desta-sexta-feira-13\/","url":"https:\/\/www.pensarcursos.com.br\/blog\/caixa-confirma-cpfs-de-finais-9-6-4-7-5-8-3-1-0-e-2-podem-solicitar-saque-de-r-6-220-a-partir-desta-sexta-feira-13\/","name":"CAIXA confirma: CPFs de finais 9, 6, 4, 7, 5, 8, 3, 1, 0 e 2 podem solicitar saque de R$ 6.220 a partir desta sexta-feira (13) - Blog Pensar Cursos","isPartOf":{"@id":"https:\/\/www.pensarcursos.com.br\/blog\/#website"},"primaryImageOfPage":{"@id":"https:\/\/www.pensarcursos.com.br\/blog\/caixa-confirma-cpfs-de-finais-9-6-4-7-5-8-3-1-0-e-2-podem-solicitar-saque-de-r-6-220-a-partir-desta-sexta-feira-13\/#primaryimage"},"image":{"@id":"https:\/\/www.pensarcursos.com.br\/blog\/caixa-confirma-cpfs-de-finais-9-6-4-7-5-8-3-1-0-e-2-podem-solicitar-saque-de-r-6-220-a-partir-desta-sexta-feira-13\/#primaryimage"},"thumbnailUrl":"https:\/\/www.pensarcursos.com.br\/blog\/wp-content\/uploads\/2026\/03\/saque-calamidade-fgts-6.webp","datePublished":"2026-03-13T17:29:45+00:00","description":"Moradores afetados por desastres com finais de CPF espec\u00edficos j\u00e1 podem pedir at\u00e9 R$ 6.220 do FGTS na CAIXA. Saiba requisitos e datas. Confira agora!","breadcrumb":{"@id":"https:\/\/www.pensarcursos.com.br\/blog\/caixa-confirma-cpfs-de-finais-9-6-4-7-5-8-3-1-0-e-2-podem-solicitar-saque-de-r-6-220-a-partir-desta-sexta-feira-13\/#breadcrumb"},"inLanguage":"pt-BR","potentialAction":[{"@type":"ReadAction","target":["https:\/\/www.pensarcursos.com.br\/blog\/caixa-confirma-cpfs-de-finais-9-6-4-7-5-8-3-1-0-e-2-podem-solicitar-saque-de-r-6-220-a-partir-desta-sexta-feira-13\/"]}]},{"@type":"ImageObject","inLanguage":"pt-BR","@id":"https:\/\/www.pensarcursos.com.br\/blog\/caixa-confirma-cpfs-de-finais-9-6-4-7-5-8-3-1-0-e-2-podem-solicitar-saque-de-r-6-220-a-partir-desta-sexta-feira-13\/#primaryimage","url":"https:\/\/www.pensarcursos.com.br\/blog\/wp-content\/uploads\/2026\/03\/saque-calamidade-fgts-6.webp","contentUrl":"https:\/\/www.pensarcursos.com.br\/blog\/wp-content\/uploads\/2026\/03\/saque-calamidade-fgts-6.webp","width":1170,"height":700,"caption":"Saque do benef\u00edcio da Caixa Econ\u00f4mica Federal pode ser feito diretamente pelo aplicativo, e todos os trabalhadores com CPF de final 0 a 9 est\u00e3o eleg\u00edveis. Imagem: Ag\u00eancia Brasil"},{"@type":"BreadcrumbList","@id":"https:\/\/www.pensarcursos.com.br\/blog\/caixa-confirma-cpfs-de-finais-9-6-4-7-5-8-3-1-0-e-2-podem-solicitar-saque-de-r-6-220-a-partir-desta-sexta-feira-13\/#breadcrumb","itemListElement":[{"@type":"ListItem","position":1,"name":"Home","item":"https:\/\/www.pensarcursos.com.br\/blog\/"},{"@type":"ListItem","position":2,"name":"CAIXA confirma: CPFs de finais 9, 6, 4, 7, 5, 8, 3, 1, 0 e 2 podem solicitar saque de R$ 6.220 a partir desta sexta-feira (13)"}]},{"@type":"WebSite","@id":"https:\/\/www.pensarcursos.com.br\/blog\/#website","url":"https:\/\/www.pensarcursos.com.br\/blog\/","name":"Blog Pensar Cursos","description":"Maior Site de Cursos do Brasil","publisher":{"@id":"https:\/\/www.pensarcursos.com.br\/blog\/#organization"},"alternateName":"Blog Pensar","potentialAction":[{"@type":"SearchAction","target":{"@type":"EntryPoint","urlTemplate":"https:\/\/www.pensarcursos.com.br\/blog\/?s={search_term_string}"},"query-input":{"@type":"PropertyValueSpecification","valueRequired":true,"valueName":"search_term_string"}}],"inLanguage":"pt-BR"},{"@type":"Organization","@id":"https:\/\/www.pensarcursos.com.br\/blog\/#organization","name":"Pensar Cursos","alternateName":"Blog pensar","url":"https:\/\/www.pensarcursos.com.br\/blog\/","logo":{"@type":"ImageObject","inLanguage":"pt-BR","@id":"https:\/\/www.pensarcursos.com.br\/blog\/#\/schema\/logo\/image\/","url":"https:\/\/www.pensarcursos.com.br\/blog\/wp-content\/uploads\/2023\/11\/Nova-Logo-Pensar-Cursos-vertical.png","contentUrl":"https:\/\/www.pensarcursos.com.br\/blog\/wp-content\/uploads\/2023\/11\/Nova-Logo-Pensar-Cursos-vertical.png","width":1393,"height":1001,"caption":"Pensar Cursos"},"image":{"@id":"https:\/\/www.pensarcursos.com.br\/blog\/#\/schema\/logo\/image\/"},"sameAs":["https:\/\/www.facebook.com\/pensarcursos\/","https:\/\/instagram.com.br\/pensarcursos"],"description":"Pensar Cursos \u00e9 uma empresa especializada em oferecer cursos de alta qualidade voltados para o desenvolvimento profissional e acad\u00eamico. Com uma ampla gama de op\u00e7\u00f5es de treinamento, oferecemos conte\u00fados atualizados, ministrados por especialistas da \u00e1rea, para capacitar indiv\u00edduos e equipes a atingirem seus objetivos. Nossa miss\u00e3o \u00e9 proporcionar uma educa\u00e7\u00e3o transformadora, acess\u00edvel e personalizada para cada aluno, seja em cursos presenciais ou online. Com uma abordagem inovadora, buscamos adaptar os nossos programas de ensino \u00e0s necessidades do mercado, criando solu\u00e7\u00f5es que atendem aos desafios e exig\u00eancias do mundo corporativo e acad\u00eamico. Nossos cursos incluem desde forma\u00e7\u00f5es t\u00e9cnicas at\u00e9 habilidades essenciais, como lideran\u00e7a, gest\u00e3o e desenvolvimento pessoal.","email":"contato@pensarcursos.com.br","legalName":"Sena Servi\u00e7os de Informa\u00e7\u00e3o Online LTDA","foundingDate":"2013-04-18","vatID":"17956217000172","numberOfEmployees":{"@type":"QuantitativeValue","minValue":"11","maxValue":"50"},"publishingPrinciples":"https:\/\/www.pensarcursos.com.br\/blog\/principios-de-publicacao\/","ownershipFundingInfo":"https:\/\/www.pensarcursos.com.br\/blog\/informacoes-de-propriedade-financiamento\/","actionableFeedbackPolicy":"https:\/\/www.pensarcursos.com.br\/blog\/politica-de-feedback-acionavel\/","correctionsPolicy":"https:\/\/www.pensarcursos.com.br\/blog\/politica-de-correcoes\/","ethicsPolicy":"https:\/\/www.pensarcursos.com.br\/blog\/politica-de-etica\/"},{"@type":"Person","@id":"https:\/\/www.pensarcursos.com.br\/blog\/#\/schema\/person\/b94ff84c7271a3cb9a5ce19e07b0ed5f","name":"Luiza Pereira","image":{"@type":"ImageObject","inLanguage":"pt-BR","@id":"https:\/\/secure.gravatar.com\/avatar\/51a9cea3f558699054e6c6d962a79771188542d9b4d73e9f96d8c0586bc5f11d?s=96&d=mm&r=g","url":"https:\/\/secure.gravatar.com\/avatar\/51a9cea3f558699054e6c6d962a79771188542d9b4d73e9f96d8c0586bc5f11d?s=96&d=mm&r=g","contentUrl":"https:\/\/secure.gravatar.com\/avatar\/51a9cea3f558699054e6c6d962a79771188542d9b4d73e9f96d8c0586bc5f11d?s=96&d=mm&r=g","caption":"Luiza Pereira"},"description":"Graduanda em Pedagogia pela Universidade Estadual do Sudoeste da Bahia (UESB). Redatora do grupo Sena Online.","sameAs":["https:\/\/www.instagram.com\/luizza_pereiraa?igsh=MmltMGh0bHUzbnR0"],"url":"https:\/\/www.pensarcursos.com.br\/blog\/author\/luiza\/"}]}},"_links":{"self":[{"href":"https:\/\/www.pensarcursos.com.br\/blog\/wp-json\/wp\/v2\/posts\/149771","targetHints":{"allow":["GET"]}}],"collection":[{"href":"https:\/\/www.pensarcursos.com.br\/blog\/wp-json\/wp\/v2\/posts"}],"about":[{"href":"https:\/\/www.pensarcursos.com.br\/blog\/wp-json\/wp\/v2\/types\/post"}],"author":[{"embeddable":true,"href":"https:\/\/www.pensarcursos.com.br\/blog\/wp-json\/wp\/v2\/users\/60"}],"replies":[{"embeddable":true,"href":"https:\/\/www.pensarcursos.com.br\/blog\/wp-json\/wp\/v2\/comments?post=149771"}],"version-history":[{"count":0,"href":"https:\/\/www.pensarcursos.com.br\/blog\/wp-json\/wp\/v2\/posts\/149771\/revisions"}],"wp:featuredmedia":[{"embeddable":true,"href":"https:\/\/www.pensarcursos.com.br\/blog\/wp-json\/wp\/v2\/media\/149776"}],"wp:attachment":[{"href":"https:\/\/www.pensarcursos.com.br\/blog\/wp-json\/wp\/v2\/media?parent=149771"}],"wp:term":[{"taxonomy":"category","embeddable":true,"href":"https:\/\/www.pensarcursos.com.br\/blog\/wp-json\/wp\/v2\/categories?post=149771"},{"taxonomy":"post_tag","embeddable":true,"href":"https:\/\/www.pensarcursos.com.br\/blog\/wp-json\/wp\/v2\/tags?post=149771"}],"curies":[{"name":"wp","href":"https:\/\/api.w.org\/{rel}","templated":true}]}}