{"id":149764,"date":"2026-03-13T08:04:26","date_gmt":"2026-03-13T11:04:26","guid":{"rendered":"https:\/\/www.pensarcursos.com.br\/blog\/?p=149764"},"modified":"2026-03-13T08:05:05","modified_gmt":"2026-03-13T11:05:05","slug":"o-fim-da-escala-6x1-e-possivel-conheca-o-pais-que-ja-adotou-a-jornada-reduzida-com-sucesso","status":"publish","type":"post","link":"https:\/\/www.pensarcursos.com.br\/blog\/o-fim-da-escala-6x1-e-possivel-conheca-o-pais-que-ja-adotou-a-jornada-reduzida-com-sucesso\/","title":{"rendered":"O fim da escala 6&#215;1 \u00e9 poss\u00edvel? Conhe\u00e7a o pa\u00eds que j\u00e1 adotou a jornada reduzida com sucesso"},"content":{"rendered":"<p>Imagine ter mais tempo livre sem perder sal\u00e1rio, sentindo-se menos cansado e com mais disposi\u00e7\u00e3o para a vida pessoal. E se esse cen\u00e1rio, que parece ut\u00f3pico, j\u00e1 fosse realidade em alguns lugares do mundo, questionando a obrigatoriedade da<a href=\"https:\/\/www.pensarcursos.com.br\/blog\/mais-de-30-dos-empregos-no-brasil-seguem-a-escala-6x1-aponta-estudo\/\" target=\"_blank\" rel=\"noopener\"> escala 6&#215;1<\/a>?<\/p>\n<p>Enquanto muitos brasileiros ainda enfrentam a rotina intensa de seis dias de trabalho para apenas um de descanso, alguns pa\u00edses europeus t\u00eam apostado fortemente na redu\u00e7\u00e3o da carga hor\u00e1ria semanal sem reduzir produtividade ou qualidade de vida.<\/p>\n<p>Entre eles, a Holanda se destaca ao mostrar que trabalhar menos horas pode ser positivo, tanto para trabalhadores quanto para empresas e a sociedade em geral.<\/p>\n<h2>Por que a Holanda decidiu reduzir a carga semanal de trabalho?<\/h2>\n<p>A mudan\u00e7a no modelo tradicional de trabalho n\u00e3o surgiu por acaso. Empresas holandesas, como a Positivity Branding e a Nmbrs, observaram que a busca pelo\u00a0<strong>equil\u00edbrio entre vida pessoal e trabalho<\/strong>\u00a0se tornou um valor essencial para os colaboradores.<\/p>\n<p>Motivos como aproveitar mais tempo com a fam\u00edlia, ter folgas regulares para recarregar a mente e a necessidade de reter talentos em mercados cada vez mais competitivos levaram \u00e0 implementa\u00e7\u00e3o da semana de quatro dias \u2014 sem cortar sal\u00e1rios ou exigir horas extras.<\/p>\n<p>Segundo Marieke Pepers, diretora de gest\u00e3o de pessoas da Nmbrs, a diminui\u00e7\u00e3o das licen\u00e7as m\u00e9dicas e o aumento da reten\u00e7\u00e3o de funcion\u00e1rios s\u00e3o provas de que investir em tempo livre beneficia todos. Pepers destaca: \u201cTenho minhas melhores ideias quando passeio com meu cachorro. Volto mais inspirada e produtiva\u201d.<\/p>\n<h2>Como funciona a semana de quatro dias na pr\u00e1tica?<\/h2>\n<p>Na Holanda, a carga hor\u00e1ria semanal foi ajustada para\u00a0<strong>32 horas distribu\u00eddas em quatro dias<\/strong>, sem que o colaborador tenha que compensar nos demais dias e sem perder renda. A principal diretriz foi clareza nas prioridades: menos reuni\u00f5es desnecess\u00e1rias, foco no que realmente importa e mais autonomia.<\/p>\n<p>Esse modelo, j\u00e1 comum tanto em pequenas empresas quanto em grandes corpora\u00e7\u00f5es, est\u00e1 sendo fortemente defendido pela confedera\u00e7\u00e3o sindical local, que pressiona o governo para tornar a recomenda\u00e7\u00e3o oficial.<\/p>\n<p>Na pr\u00e1tica, os holandeses trabalham a menor m\u00e9dia de horas por semana em toda a Uni\u00e3o Europeia \u2014 apenas 32,1 horas, enquanto a m\u00e9dia europeia \u00e9 de 36 horas.<\/p>\n<h3>Impacto econ\u00f4mico e social: produtividade versus tempo livre<\/h3>\n<p>Um dos principais argumentos para a manuten\u00e7\u00e3o da tradicional <a href=\"https:\/\/www.pensarcursos.com.br\/blog\/fim-da-escala-6x1-sera-discutido-na-camara-nesta-terca-feira-10\/\" target=\"_blank\" rel=\"noopener\">escala 6&#215;1<\/a> \u00e9 que menos horas trabalhadas poderiam afetar negativamente a economia e a competitividade.<\/p>\n<p>No entanto, dados apontam uma realidade diferente: a Holanda tem um dos\u00a0<strong>PIBs per capita mais altos da Europa<\/strong>, mesmo com menos horas dedicadas ao trabalho.<\/p>\n<p>Especialistas da Organiza\u00e7\u00e3o para a Coopera\u00e7\u00e3o e Desenvolvimento Econ\u00f4mico (OCDE) reconhecem que, apesar de a produtividade n\u00e3o ter crescido nos \u00faltimos 15 anos, o modelo holand\u00eas desafia a ideia de que apenas longas jornadas garantem riqueza.<\/p>\n<p>O segredo parece estar em fam\u00edlias que priorizam tempo de qualidade em vez de renda extra, al\u00e9m de pol\u00edticas que tornam o emprego flex\u00edvel uma realidade acess\u00edvel.<\/p>\n<figure id=\"attachment_149781\" aria-describedby=\"caption-attachment-149781\" style=\"width: 1024px\" class=\"wp-caption aligncenter\"><img decoding=\"async\" class=\"wp-image-149781 size-large\" src=\"https:\/\/www.pensarcursos.com.br\/blog\/wp-content\/uploads\/2026\/03\/semana-de-quatro-dias-de-trabalho-1024x683.jpg\" alt=\"Semana de quatro dias de trabalho: mulher sorrindo ao telefone com rel\u00f3gio e notebook sobre a mesa\" width=\"1024\" height=\"683\" srcset=\"https:\/\/www.pensarcursos.com.br\/blog\/wp-content\/uploads\/2026\/03\/semana-de-quatro-dias-de-trabalho-1024x683.jpg 1024w, https:\/\/www.pensarcursos.com.br\/blog\/wp-content\/uploads\/2026\/03\/semana-de-quatro-dias-de-trabalho-300x200.jpg 300w, https:\/\/www.pensarcursos.com.br\/blog\/wp-content\/uploads\/2026\/03\/semana-de-quatro-dias-de-trabalho-768x512.jpg 768w, https:\/\/www.pensarcursos.com.br\/blog\/wp-content\/uploads\/2026\/03\/semana-de-quatro-dias-de-trabalho-750x500.jpg 750w, https:\/\/www.pensarcursos.com.br\/blog\/wp-content\/uploads\/2026\/03\/semana-de-quatro-dias-de-trabalho-1140x760.jpg 1140w, https:\/\/www.pensarcursos.com.br\/blog\/wp-content\/uploads\/2026\/03\/semana-de-quatro-dias-de-trabalho.jpg 1500w\" sizes=\"(max-width: 1024px) 100vw, 1024px\" \/><figcaption id=\"caption-attachment-149781\" class=\"wp-caption-text\">A semana de quatro dias de trabalho promete mais equil\u00edbrio entre vida pessoal e profissional sem queda de produtividade. Imagem: Freepik<\/figcaption><\/figure>\n<h2>Desafios e limita\u00e7\u00f5es do modelo holand\u00eas<\/h2>\n<p>Apesar dos resultados positivos, nem tudo \u00e9 perfeito. A sustentabilidade desse novo paradigma depende do aumento da produtividade di\u00e1ria e da entrada de mais pessoas no mercado, visto que o pa\u00eds enfrenta desafios como o envelhecimento populacional e a necessidade de ampliar a for\u00e7a de trabalho.<\/p>\n<p>Cerca de metade dos holandeses trabalha em regime parcial e mais de 75% das mulheres t\u00eam carga inferior a 35 horas semanais \u2013 realidade distante do padr\u00e3o brasileiro, em que o trabalho integral ainda \u00e9 visto como regra, principalmente para homens.<\/p>\n<p>A press\u00e3o sobre as empresas \u00e9 grande: a Holanda busca solu\u00e7\u00f5es no aumento da participa\u00e7\u00e3o feminina em tempo integral, no acesso facilitado \u00e0 creche e em mudan\u00e7as nos impostos e benef\u00edcios, para que a escolha por menos horas n\u00e3o signifique perda real de sal\u00e1rio.<\/p>\n<h3>Cultura e percep\u00e7\u00e3o: como enxergar menos trabalho no Brasil?<\/h3>\n<p>A aceita\u00e7\u00e3o de uma carga menor no Brasil ainda esbarra em fatores culturais. Muitas pessoas temem n\u00e3o conseguir cumprir suas tarefas em apenas quatro dias ou questionam se a produtividade n\u00e3o seria prejudicada.<\/p>\n<p>O exemplo holand\u00eas mostra que, ao reavaliar prioridades e otimizar processos, \u00e9 poss\u00edvel realizar o essencial em menos tempo. Al\u00e9m disso, um ambiente de trabalho mais flex\u00edvel pode ser a chave para atrair novos perfis, reter talentos e reduzir o esgotamento f\u00edsico e emocional que tantas vezes prejudica profissionais e organiza\u00e7\u00f5es.<\/p>\n<h2>Benef\u00edcios e resultados comprovados do novo modelo<\/h2>\n<p>Empresas holandesas que adotaram a semana de quatro dias relatam resultados claros: menos faltas por doen\u00e7a, maior reten\u00e7\u00e3o de colaboradores, aumento da satisfa\u00e7\u00e3o e engajamento. Outro reflexo positivo est\u00e1 na sa\u00fade mental, j\u00e1 que a press\u00e3o diminui e h\u00e1 mais disposi\u00e7\u00e3o para conciliar compromissos pessoais e profissionais.<\/p>\n<p>Segundo relatos de trabalhadores e gestores, o tempo extra fora do escrit\u00f3rio \u00e9 usado para lazer, cuidar da fam\u00edlia, estudos, voluntariado ou simplesmente descansar \u2014 o que contribui para um ciclo virtuoso de bem-estar e produtividade.<\/p>\n<p>Para conferir outros assuntos relacionados, acesse a p\u00e1gina inicial do <a href=\"https:\/\/www.pensarcursos.com.br\/blog\/\" target=\"_blank\" rel=\"noopener\"><strong>Blog Pensar Cursos<\/strong><\/a>.<\/p>\n","protected":false},"excerpt":{"rendered":"<p>Imagine ter mais tempo livre sem perder sal\u00e1rio, sentindo-se menos cansado e com mais disposi\u00e7\u00e3o para a vida pessoal. E se esse cen\u00e1rio, que parece ut\u00f3pico, j\u00e1 fosse realidade em alguns lugares do mundo, questionando a obrigatoriedade da escala 6&#215;1? Enquanto muitos brasileiros ainda enfrentam a rotina intensa de seis dias de trabalho para apenas [&hellip;]<\/p>\n","protected":false},"author":41,"featured_media":149782,"comment_status":"open","ping_status":"closed","sticky":false,"template":"","format":"standard","meta":{"jnews-multi-image_gallery":[],"jnews_single_post":{"format":"standard","override":[{"template":"1","parallax":"1","fullscreen":"1","layout":"right-sidebar","sidebar":"default-sidebar","second_sidebar":"default-sidebar","sticky_sidebar":"1","share_position":"topbottom","share_float_style":"share-monocrhome","show_featured":"1","show_post_meta":"1","show_post_author":"1","show_post_author_image":"1","show_post_date":"1","post_date_format":"default","post_date_format_custom":"Y\/m\/d","show_post_category":"1","post_reading_time_wpm":"300","post_calculate_word_method":"str_word_count","show_zoom_button":"0","zoom_button_out_step":"2","zoom_button_in_step":"3","show_post_tag":"1","show_prev_next_post":"1","show_popup_post":"1","show_comment_section":"1","number_popup_post":"2","show_author_box":"1","show_post_related":"1","show_inline_post_related":"1"}],"image_override":[{"single_post_thumbnail_size":"crop-500","single_post_gallery_size":"crop-500"}],"trending_post_position":"meta","trending_post_label":"Trending","sponsored_post_label":"Sponsored by","disable_ad":"0","subtitle":"Descubra como \u00e9 poss\u00edvel trabalhar menos e viver mais, mantendo produtividade e qualidade de vida para todos"},"jnews_primary_category":[],"jnews_social_meta":[],"jnews_override_counter":{"view_counter_number":"0","share_counter_number":"0","like_counter_number":"0","dislike_counter_number":"0"},"footnotes":""},"categories":[1691,13725],"tags":[4428,36325,6926,39558,39559],"class_list":["post-149764","post","type-post","status-publish","format-standard","has-post-thumbnail","hentry","category-direitos-do-trabalhador","category-profissoes","tag-direitos-do-trabalhador","tag-escala-6x1","tag-jornada-reduzida","tag-leis-trabalhistas-2026","tag-semana-de-trabalho-5-dias"],"yoast_head":"<!-- This site is optimized with the Yoast SEO Premium plugin v27.4 (Yoast SEO v27.4) - https:\/\/yoast.com\/product\/yoast-seo-premium-wordpress\/ -->\n<title>O fim da escala 6x1 \u00e9 poss\u00edvel? Conhe\u00e7a o pa\u00eds que j\u00e1 adotou a jornada reduzida com sucesso - Blog Pensar Cursos<\/title>\n<meta name=\"description\" content=\"O fim da escala 6x1 pode ser realidade? Veja como a Holanda adotou a semana reduzida com sucesso e quais os benef\u00edcios sociais e econ\u00f4micos desse modelo inovador.\" \/>\n<meta name=\"robots\" content=\"index, follow, max-snippet:-1, max-image-preview:large, max-video-preview:-1\" \/>\n<link rel=\"canonical\" href=\"https:\/\/www.pensarcursos.com.br\/blog\/o-fim-da-escala-6x1-e-possivel-conheca-o-pais-que-ja-adotou-a-jornada-reduzida-com-sucesso\/\" \/>\n<meta property=\"og:locale\" content=\"pt_BR\" \/>\n<meta property=\"og:type\" content=\"article\" \/>\n<meta property=\"og:title\" content=\"O fim da escala 6x1 \u00e9 poss\u00edvel? Conhe\u00e7a o pa\u00eds que j\u00e1 adotou a jornada reduzida com sucesso\" \/>\n<meta property=\"og:description\" content=\"O fim da escala 6x1 pode ser realidade? Veja como a Holanda adotou a semana reduzida com sucesso e quais os benef\u00edcios sociais e econ\u00f4micos desse modelo inovador.\" \/>\n<meta property=\"og:url\" content=\"https:\/\/www.pensarcursos.com.br\/blog\/o-fim-da-escala-6x1-e-possivel-conheca-o-pais-que-ja-adotou-a-jornada-reduzida-com-sucesso\/\" \/>\n<meta property=\"og:site_name\" content=\"Blog Pensar Cursos\" \/>\n<meta property=\"article:publisher\" content=\"https:\/\/www.facebook.com\/pensarcursos\/\" \/>\n<meta property=\"article:published_time\" content=\"2026-03-13T11:04:26+00:00\" \/>\n<meta property=\"article:modified_time\" content=\"2026-03-13T11:05:05+00:00\" \/>\n<meta property=\"og:image\" content=\"https:\/\/www.pensarcursos.com.br\/blog\/wp-content\/uploads\/2026\/03\/escala-6-x-1-1.jpg\" \/>\n\t<meta property=\"og:image:width\" content=\"1500\" \/>\n\t<meta property=\"og:image:height\" content=\"1001\" \/>\n\t<meta property=\"og:image:type\" content=\"image\/jpeg\" \/>\n<meta name=\"author\" content=\"F\u00e1tima Azevedo\" \/>\n<meta name=\"twitter:card\" content=\"summary_large_image\" \/>\n<meta name=\"twitter:label1\" content=\"Escrito por\" \/>\n\t<meta name=\"twitter:data1\" content=\"F\u00e1tima Azevedo\" \/>\n\t<meta name=\"twitter:label2\" content=\"Est. tempo de leitura\" \/>\n\t<meta name=\"twitter:data2\" content=\"6 minutos\" \/>\n<!-- \/ Yoast SEO Premium plugin. -->","yoast_head_json":{"title":"O fim da escala 6x1 \u00e9 poss\u00edvel? Conhe\u00e7a o pa\u00eds que j\u00e1 adotou a jornada reduzida com sucesso - Blog Pensar Cursos","description":"O fim da escala 6x1 pode ser realidade? Veja como a Holanda adotou a semana reduzida com sucesso e quais os benef\u00edcios sociais e econ\u00f4micos desse modelo inovador.","robots":{"index":"index","follow":"follow","max-snippet":"max-snippet:-1","max-image-preview":"max-image-preview:large","max-video-preview":"max-video-preview:-1"},"canonical":"https:\/\/www.pensarcursos.com.br\/blog\/o-fim-da-escala-6x1-e-possivel-conheca-o-pais-que-ja-adotou-a-jornada-reduzida-com-sucesso\/","og_locale":"pt_BR","og_type":"article","og_title":"O fim da escala 6x1 \u00e9 poss\u00edvel? Conhe\u00e7a o pa\u00eds que j\u00e1 adotou a jornada reduzida com sucesso","og_description":"O fim da escala 6x1 pode ser realidade? Veja como a Holanda adotou a semana reduzida com sucesso e quais os benef\u00edcios sociais e econ\u00f4micos desse modelo inovador.","og_url":"https:\/\/www.pensarcursos.com.br\/blog\/o-fim-da-escala-6x1-e-possivel-conheca-o-pais-que-ja-adotou-a-jornada-reduzida-com-sucesso\/","og_site_name":"Blog Pensar Cursos","article_publisher":"https:\/\/www.facebook.com\/pensarcursos\/","article_published_time":"2026-03-13T11:04:26+00:00","article_modified_time":"2026-03-13T11:05:05+00:00","og_image":[{"width":1500,"height":1001,"url":"https:\/\/www.pensarcursos.com.br\/blog\/wp-content\/uploads\/2026\/03\/escala-6-x-1-1.jpg","type":"image\/jpeg"}],"author":"F\u00e1tima Azevedo","twitter_card":"summary_large_image","twitter_misc":{"Escrito por":"F\u00e1tima Azevedo","Est. tempo de leitura":"6 minutos"},"schema":{"@context":"https:\/\/schema.org","@graph":[{"@type":["Article","BlogPosting"],"@id":"https:\/\/www.pensarcursos.com.br\/blog\/o-fim-da-escala-6x1-e-possivel-conheca-o-pais-que-ja-adotou-a-jornada-reduzida-com-sucesso\/#article","isPartOf":{"@id":"https:\/\/www.pensarcursos.com.br\/blog\/o-fim-da-escala-6x1-e-possivel-conheca-o-pais-que-ja-adotou-a-jornada-reduzida-com-sucesso\/"},"author":{"name":"F\u00e1tima Azevedo","@id":"https:\/\/www.pensarcursos.com.br\/blog\/#\/schema\/person\/827343e4611913410dcf62144b5b2a2d"},"headline":"O fim da escala 6&#215;1 \u00e9 poss\u00edvel? Conhe\u00e7a o pa\u00eds que j\u00e1 adotou a jornada reduzida com sucesso","datePublished":"2026-03-13T11:04:26+00:00","dateModified":"2026-03-13T11:05:05+00:00","mainEntityOfPage":{"@id":"https:\/\/www.pensarcursos.com.br\/blog\/o-fim-da-escala-6x1-e-possivel-conheca-o-pais-que-ja-adotou-a-jornada-reduzida-com-sucesso\/"},"wordCount":921,"commentCount":0,"publisher":{"@id":"https:\/\/www.pensarcursos.com.br\/blog\/#organization"},"image":{"@id":"https:\/\/www.pensarcursos.com.br\/blog\/o-fim-da-escala-6x1-e-possivel-conheca-o-pais-que-ja-adotou-a-jornada-reduzida-com-sucesso\/#primaryimage"},"thumbnailUrl":"https:\/\/www.pensarcursos.com.br\/blog\/wp-content\/uploads\/2026\/03\/escala-6-x-1-1.jpg","keywords":["direitos do trabalhador","escala 6x1","jornada reduzida","leis trabalhistas 2026","semana de trabalho 5 dias"],"articleSection":["Direitos do Trabalhador","Profiss\u00f5es"],"inLanguage":"pt-BR","potentialAction":[{"@type":"CommentAction","name":"Comment","target":["https:\/\/www.pensarcursos.com.br\/blog\/o-fim-da-escala-6x1-e-possivel-conheca-o-pais-que-ja-adotou-a-jornada-reduzida-com-sucesso\/#respond"]}],"copyrightYear":"2026","copyrightHolder":{"@id":"https:\/\/www.pensarcursos.com.br\/blog\/#organization"}},{"@type":"WebPage","@id":"https:\/\/www.pensarcursos.com.br\/blog\/o-fim-da-escala-6x1-e-possivel-conheca-o-pais-que-ja-adotou-a-jornada-reduzida-com-sucesso\/","url":"https:\/\/www.pensarcursos.com.br\/blog\/o-fim-da-escala-6x1-e-possivel-conheca-o-pais-que-ja-adotou-a-jornada-reduzida-com-sucesso\/","name":"O fim da escala 6x1 \u00e9 poss\u00edvel? Conhe\u00e7a o pa\u00eds que j\u00e1 adotou a jornada reduzida com sucesso - Blog Pensar Cursos","isPartOf":{"@id":"https:\/\/www.pensarcursos.com.br\/blog\/#website"},"primaryImageOfPage":{"@id":"https:\/\/www.pensarcursos.com.br\/blog\/o-fim-da-escala-6x1-e-possivel-conheca-o-pais-que-ja-adotou-a-jornada-reduzida-com-sucesso\/#primaryimage"},"image":{"@id":"https:\/\/www.pensarcursos.com.br\/blog\/o-fim-da-escala-6x1-e-possivel-conheca-o-pais-que-ja-adotou-a-jornada-reduzida-com-sucesso\/#primaryimage"},"thumbnailUrl":"https:\/\/www.pensarcursos.com.br\/blog\/wp-content\/uploads\/2026\/03\/escala-6-x-1-1.jpg","datePublished":"2026-03-13T11:04:26+00:00","dateModified":"2026-03-13T11:05:05+00:00","description":"O fim da escala 6x1 pode ser realidade? Veja como a Holanda adotou a semana reduzida com sucesso e quais os benef\u00edcios sociais e econ\u00f4micos desse modelo inovador.","breadcrumb":{"@id":"https:\/\/www.pensarcursos.com.br\/blog\/o-fim-da-escala-6x1-e-possivel-conheca-o-pais-que-ja-adotou-a-jornada-reduzida-com-sucesso\/#breadcrumb"},"inLanguage":"pt-BR","potentialAction":[{"@type":"ReadAction","target":["https:\/\/www.pensarcursos.com.br\/blog\/o-fim-da-escala-6x1-e-possivel-conheca-o-pais-que-ja-adotou-a-jornada-reduzida-com-sucesso\/"]}]},{"@type":"ImageObject","inLanguage":"pt-BR","@id":"https:\/\/www.pensarcursos.com.br\/blog\/o-fim-da-escala-6x1-e-possivel-conheca-o-pais-que-ja-adotou-a-jornada-reduzida-com-sucesso\/#primaryimage","url":"https:\/\/www.pensarcursos.com.br\/blog\/wp-content\/uploads\/2026\/03\/escala-6-x-1-1.jpg","contentUrl":"https:\/\/www.pensarcursos.com.br\/blog\/wp-content\/uploads\/2026\/03\/escala-6-x-1-1.jpg","width":1500,"height":1001,"caption":"Conhe\u00e7a o pa\u00eds que j\u00e1 adotou a jornada de trabalho reduzida com sucesso. Imagem: Freepik"},{"@type":"BreadcrumbList","@id":"https:\/\/www.pensarcursos.com.br\/blog\/o-fim-da-escala-6x1-e-possivel-conheca-o-pais-que-ja-adotou-a-jornada-reduzida-com-sucesso\/#breadcrumb","itemListElement":[{"@type":"ListItem","position":1,"name":"Home","item":"https:\/\/www.pensarcursos.com.br\/blog\/"},{"@type":"ListItem","position":2,"name":"O fim da escala 6&#215;1 \u00e9 poss\u00edvel? Conhe\u00e7a o pa\u00eds que j\u00e1 adotou a jornada reduzida com sucesso"}]},{"@type":"WebSite","@id":"https:\/\/www.pensarcursos.com.br\/blog\/#website","url":"https:\/\/www.pensarcursos.com.br\/blog\/","name":"Blog Pensar Cursos","description":"Maior Site de Cursos do Brasil","publisher":{"@id":"https:\/\/www.pensarcursos.com.br\/blog\/#organization"},"alternateName":"Blog Pensar","potentialAction":[{"@type":"SearchAction","target":{"@type":"EntryPoint","urlTemplate":"https:\/\/www.pensarcursos.com.br\/blog\/?s={search_term_string}"},"query-input":{"@type":"PropertyValueSpecification","valueRequired":true,"valueName":"search_term_string"}}],"inLanguage":"pt-BR"},{"@type":"Organization","@id":"https:\/\/www.pensarcursos.com.br\/blog\/#organization","name":"Pensar Cursos","alternateName":"Blog pensar","url":"https:\/\/www.pensarcursos.com.br\/blog\/","logo":{"@type":"ImageObject","inLanguage":"pt-BR","@id":"https:\/\/www.pensarcursos.com.br\/blog\/#\/schema\/logo\/image\/","url":"https:\/\/www.pensarcursos.com.br\/blog\/wp-content\/uploads\/2023\/11\/Nova-Logo-Pensar-Cursos-vertical.png","contentUrl":"https:\/\/www.pensarcursos.com.br\/blog\/wp-content\/uploads\/2023\/11\/Nova-Logo-Pensar-Cursos-vertical.png","width":1393,"height":1001,"caption":"Pensar Cursos"},"image":{"@id":"https:\/\/www.pensarcursos.com.br\/blog\/#\/schema\/logo\/image\/"},"sameAs":["https:\/\/www.facebook.com\/pensarcursos\/","https:\/\/instagram.com.br\/pensarcursos"],"description":"Pensar Cursos \u00e9 uma empresa especializada em oferecer cursos de alta qualidade voltados para o desenvolvimento profissional e acad\u00eamico. Com uma ampla gama de op\u00e7\u00f5es de treinamento, oferecemos conte\u00fados atualizados, ministrados por especialistas da \u00e1rea, para capacitar indiv\u00edduos e equipes a atingirem seus objetivos. Nossa miss\u00e3o \u00e9 proporcionar uma educa\u00e7\u00e3o transformadora, acess\u00edvel e personalizada para cada aluno, seja em cursos presenciais ou online. Com uma abordagem inovadora, buscamos adaptar os nossos programas de ensino \u00e0s necessidades do mercado, criando solu\u00e7\u00f5es que atendem aos desafios e exig\u00eancias do mundo corporativo e acad\u00eamico. Nossos cursos incluem desde forma\u00e7\u00f5es t\u00e9cnicas at\u00e9 habilidades essenciais, como lideran\u00e7a, gest\u00e3o e desenvolvimento pessoal.","email":"contato@pensarcursos.com.br","legalName":"Sena Servi\u00e7os de Informa\u00e7\u00e3o Online LTDA","foundingDate":"2013-04-18","vatID":"17956217000172","numberOfEmployees":{"@type":"QuantitativeValue","minValue":"11","maxValue":"50"},"publishingPrinciples":"https:\/\/www.pensarcursos.com.br\/blog\/principios-de-publicacao\/","ownershipFundingInfo":"https:\/\/www.pensarcursos.com.br\/blog\/informacoes-de-propriedade-financiamento\/","actionableFeedbackPolicy":"https:\/\/www.pensarcursos.com.br\/blog\/politica-de-feedback-acionavel\/","correctionsPolicy":"https:\/\/www.pensarcursos.com.br\/blog\/politica-de-correcoes\/","ethicsPolicy":"https:\/\/www.pensarcursos.com.br\/blog\/politica-de-etica\/"},{"@type":"Person","@id":"https:\/\/www.pensarcursos.com.br\/blog\/#\/schema\/person\/827343e4611913410dcf62144b5b2a2d","name":"F\u00e1tima Azevedo","image":{"@type":"ImageObject","inLanguage":"pt-BR","@id":"https:\/\/secure.gravatar.com\/avatar\/ea820c84e212573cc3f119ba576278fe7ad07b69ed7ca0c33223662227bb77ca?s=96&d=mm&r=g","url":"https:\/\/secure.gravatar.com\/avatar\/ea820c84e212573cc3f119ba576278fe7ad07b69ed7ca0c33223662227bb77ca?s=96&d=mm&r=g","contentUrl":"https:\/\/secure.gravatar.com\/avatar\/ea820c84e212573cc3f119ba576278fe7ad07b69ed7ca0c33223662227bb77ca?s=96&d=mm&r=g","caption":"F\u00e1tima Azevedo"},"description":"Graduada em Ci\u00eancias Biol\u00f3gicas. Professora. Redatora grupo Sena Online.","sameAs":["https:\/\/www.linkedin.com\/in\/maria-de-f\u00e1tima-oliveira-da-costa-74a1692a7"],"url":"https:\/\/www.pensarcursos.com.br\/blog\/author\/fatima\/"}]}},"_links":{"self":[{"href":"https:\/\/www.pensarcursos.com.br\/blog\/wp-json\/wp\/v2\/posts\/149764","targetHints":{"allow":["GET"]}}],"collection":[{"href":"https:\/\/www.pensarcursos.com.br\/blog\/wp-json\/wp\/v2\/posts"}],"about":[{"href":"https:\/\/www.pensarcursos.com.br\/blog\/wp-json\/wp\/v2\/types\/post"}],"author":[{"embeddable":true,"href":"https:\/\/www.pensarcursos.com.br\/blog\/wp-json\/wp\/v2\/users\/41"}],"replies":[{"embeddable":true,"href":"https:\/\/www.pensarcursos.com.br\/blog\/wp-json\/wp\/v2\/comments?post=149764"}],"version-history":[{"count":0,"href":"https:\/\/www.pensarcursos.com.br\/blog\/wp-json\/wp\/v2\/posts\/149764\/revisions"}],"wp:featuredmedia":[{"embeddable":true,"href":"https:\/\/www.pensarcursos.com.br\/blog\/wp-json\/wp\/v2\/media\/149782"}],"wp:attachment":[{"href":"https:\/\/www.pensarcursos.com.br\/blog\/wp-json\/wp\/v2\/media?parent=149764"}],"wp:term":[{"taxonomy":"category","embeddable":true,"href":"https:\/\/www.pensarcursos.com.br\/blog\/wp-json\/wp\/v2\/categories?post=149764"},{"taxonomy":"post_tag","embeddable":true,"href":"https:\/\/www.pensarcursos.com.br\/blog\/wp-json\/wp\/v2\/tags?post=149764"}],"curies":[{"name":"wp","href":"https:\/\/api.w.org\/{rel}","templated":true}]}}