{"id":149728,"date":"2026-03-13T11:19:45","date_gmt":"2026-03-13T14:19:45","guid":{"rendered":"https:\/\/www.pensarcursos.com.br\/blog\/?p=149728"},"modified":"2026-03-12T22:54:28","modified_gmt":"2026-03-13T01:54:28","slug":"confira-as-datas-da-primeira-e-da-segunda-parcela-do-13o-do-inss-para-quem-tem-final-do-numero-do-beneficio-6-7-8-9-e-0","status":"publish","type":"post","link":"https:\/\/www.pensarcursos.com.br\/blog\/confira-as-datas-da-primeira-e-da-segunda-parcela-do-13o-do-inss-para-quem-tem-final-do-numero-do-beneficio-6-7-8-9-e-0\/","title":{"rendered":"Confira as datas da primeira e da segunda parcela do 13\u00ba do INSS para quem tem final do n\u00famero do benef\u00edcio 6, 7, 8, 9 e 0"},"content":{"rendered":"<p>Aposentados e pensionistas do INSS que t\u00eam o <strong>n\u00famero do benef\u00edcio final 6, 7, 8, 9 ou 0<\/strong> costumam receber as parcelas do <strong>13\u00ba sal\u00e1rio<\/strong> nas \u00faltimas datas do calend\u00e1rio. Mas a boa not\u00edcia \u00e9 que a diferen\u00e7a de tempo em rela\u00e7\u00e3o aos outros benefici\u00e1rios ser\u00e1 pequena.<\/p>\n<p>Para 2026, o governo avalia antecipar novamente o pagamento do abono anual para o primeiro semestre, como aconteceu nos \u00faltimos anos. Com isso, milh\u00f5es de segurados podem receber o dinheiro j\u00e1 entre abril e maio, ajudando a refor\u00e7ar o or\u00e7amento no in\u00edcio do ano.<\/p>\n<p>As datas previstas de pagamento j\u00e1 come\u00e7aram a circular, seguindo o padr\u00e3o do calend\u00e1rio do INSS. Quer saber quando o 13\u00ba pode cair na sua conta e como consultar? Continue a leitura e veja o cronograma esperado.<\/p>\n<h2>O que \u00e9 o 13\u00ba sal\u00e1rio do INSS e como ele funciona?<\/h2>\n<p>O <a href=\"https:\/\/www.pensarcursos.com.br\/blog\/calendario-do-13o-do-inss-como-funciona-o-escalonamento-por-numero-final-do-beneficio\/\" target=\"_blank\" rel=\"noopener\">13\u00ba do INSS<\/a> \u00e9 um pagamento extra garantido por lei para quem recebe benef\u00edcios previdenci\u00e1rios. Funciona de forma parecida com o d\u00e9cimo terceiro sal\u00e1rio dos trabalhadores: o segurado recebe um valor equivalente a um m\u00eas do benef\u00edcio.<\/p>\n<p>Esse pagamento normalmente \u00e9 feito em duas parcelas. A primeira corresponde \u00e0 metade do valor e \u00e9 paga sem desconto de Imposto de Renda. J\u00e1 a segunda parcela completa o restante do benef\u00edcio e pode ter desconto de IR, dependendo da faixa de renda do segurado.<\/p>\n<p>Para quem come\u00e7ou a receber o benef\u00edcio ao longo de 2026, o valor do 13\u00ba \u00e9 calculado de forma proporcional, ou seja, levando em conta apenas os meses em que a pessoa recebeu o benef\u00edcio durante o ano.<\/p>\n<h2>Quem pode receber em 2026?<\/h2>\n<p>T\u00eam direito ao 13\u00ba sal\u00e1rio do INSS os segurados que recebem aposentadoria em qualquer modalidade, pens\u00e3o por morte, aux\u00edlio por incapacidade tempor\u00e1ria, aux\u00edlio-acidente e aux\u00edlio-reclus\u00e3o.<\/p>\n<p>Ao todo, cerca de 35 milh\u00f5es de benefici\u00e1rios podem receber o pagamento em todo o pa\u00eds. Caso a antecipa\u00e7\u00e3o seja confirmada, a medida pode movimentar aproximadamente R$ 78 bilh\u00f5es na economia brasileira.<\/p>\n<p>Por outro lado, alguns benef\u00edcios n\u00e3o d\u00e3o direito ao 13\u00ba. \u00c9 o caso do Benef\u00edcio de Presta\u00e7\u00e3o Continuada (BPC\/LOAS) e da Renda Mensal Vital\u00edcia, que t\u00eam car\u00e1ter assistencial, e n\u00e3o previdenci\u00e1rio.<\/p>\n<h2>Calend\u00e1rio previsto do 13\u00ba sal\u00e1rio do INSS para 2026<\/h2>\n<p>A <a href=\"https:\/\/www.pensarcursos.com.br\/blog\/antecipacao-do-13o-salario-do-inss-gera-custo-extra-para-o-governo-quando-sera-confirmado-se-sera-pago-em-abril\/\" target=\"_blank\" rel=\"noopener\">antecipa\u00e7\u00e3o do pagamento<\/a> para o primeiro semestre ainda depende da publica\u00e7\u00e3o de um decreto presidencial, que costuma sair no in\u00edcio de abril. Enquanto isso n\u00e3o acontece, as datas divulgadas at\u00e9 agora s\u00e3o tratadas apenas como previs\u00e3o, baseadas no calend\u00e1rio do INSS e no padr\u00e3o adotado nos \u00faltimos anos.<\/p>\n<p>O 13\u00ba n\u00e3o tem um calend\u00e1rio separado: quando confirmado por decreto, os dep\u00f3sitos ocorrem junto com o benef\u00edcio mensal regular, seguindo o n\u00famero final do cart\u00e3o de benef\u00edcio \u2014 o \u00faltimo algarismo antes do tra\u00e7o, sem contar o d\u00edgito verificador. Se o n\u00famero for, por exemplo, 0107-3, o d\u00edgito a observar \u00e9 o 7.<\/p>\n<p><strong>Benefici\u00e1rios com renda at\u00e9 1 sal\u00e1rio m\u00ednimo:<\/strong><\/p>\n<table>\n<thead>\n<tr>\n<th scope=\"col\">Final do benef\u00edcio<\/th>\n<th scope=\"col\">1\u00aa parcela (previs\u00e3o)<\/th>\n<th scope=\"col\">2\u00aa parcela (previs\u00e3o)<\/th>\n<\/tr>\n<\/thead>\n<tbody>\n<tr>\n<td>Final 1<\/td>\n<td>24\/04\/2026<\/td>\n<td>25\/05\/2026<\/td>\n<\/tr>\n<tr>\n<td>Final 2<\/td>\n<td>27\/04\/2026<\/td>\n<td>26\/05\/2026<\/td>\n<\/tr>\n<tr>\n<td>Final 3<\/td>\n<td>28\/04\/2026<\/td>\n<td>27\/05\/2026<\/td>\n<\/tr>\n<tr>\n<td>Final 4<\/td>\n<td>29\/04\/2026<\/td>\n<td>28\/05\/2026<\/td>\n<\/tr>\n<tr>\n<td>Final 5<\/td>\n<td>30\/04\/2026<\/td>\n<td>29\/05\/2026<\/td>\n<\/tr>\n<tr>\n<td>Final 6<\/td>\n<td>04\/05\/2026<\/td>\n<td>01\/06\/2026<\/td>\n<\/tr>\n<tr>\n<td>Final 7<\/td>\n<td>05\/05\/2026<\/td>\n<td>02\/06\/2026<\/td>\n<\/tr>\n<tr>\n<td>Final 8<\/td>\n<td>06\/05\/2026<\/td>\n<td>03\/06\/2026<\/td>\n<\/tr>\n<tr>\n<td>Final 9<\/td>\n<td>07\/05\/2026<\/td>\n<td>05\/06\/2026<\/td>\n<\/tr>\n<tr>\n<td>Final 0<\/td>\n<td>08\/05\/2026<\/td>\n<td>08\/06\/2026<\/td>\n<\/tr>\n<\/tbody>\n<\/table>\n<figure id=\"attachment_149670\" aria-describedby=\"caption-attachment-149670\" style=\"width: 1200px\" class=\"wp-caption aligncenter\"><img decoding=\"async\" class=\"wp-image-149670 size-full\" src=\"https:\/\/www.pensarcursos.com.br\/blog\/wp-content\/uploads\/2026\/03\/calendario-13-salario-inss-1.webp\" alt=\"M\u00e3os de pessoa idosa acessando o aplicativo Meu INSS no smartphone para consultar datas e valores do 13\u00ba sal\u00e1rio do INSS 2026\" width=\"1200\" height=\"800\" srcset=\"https:\/\/www.pensarcursos.com.br\/blog\/wp-content\/uploads\/2026\/03\/calendario-13-salario-inss-1.webp 1200w, https:\/\/www.pensarcursos.com.br\/blog\/wp-content\/uploads\/2026\/03\/calendario-13-salario-inss-1-300x200.webp 300w, https:\/\/www.pensarcursos.com.br\/blog\/wp-content\/uploads\/2026\/03\/calendario-13-salario-inss-1-1024x683.webp 1024w, https:\/\/www.pensarcursos.com.br\/blog\/wp-content\/uploads\/2026\/03\/calendario-13-salario-inss-1-768x512.webp 768w, https:\/\/www.pensarcursos.com.br\/blog\/wp-content\/uploads\/2026\/03\/calendario-13-salario-inss-1-750x500.webp 750w, https:\/\/www.pensarcursos.com.br\/blog\/wp-content\/uploads\/2026\/03\/calendario-13-salario-inss-1-1140x760.webp 1140w\" sizes=\"(max-width: 1200px) 100vw, 1200px\" \/><figcaption id=\"caption-attachment-149670\" class=\"wp-caption-text\">Aplicativo Meu INSS libera datas, valores e parcelas do 13\u00ba sal\u00e1rio antes mesmo do dep\u00f3sito cair na conta. Imagem: Blog Pensar Cursos<\/figcaption><\/figure>\n<p><strong>Benefici\u00e1rios com renda acima de 1 sal\u00e1rio m\u00ednimo:<\/strong><\/p>\n<table>\n<thead>\n<tr>\n<th scope=\"col\">Finais do benef\u00edcio<\/th>\n<th scope=\"col\">1\u00aa parcela (previs\u00e3o)<\/th>\n<th scope=\"col\">2\u00aa parcela (previs\u00e3o)<\/th>\n<\/tr>\n<\/thead>\n<tbody>\n<tr>\n<td>Finais 1 e 6<\/td>\n<td>04\/05\/2026<\/td>\n<td>01\/06\/2026<\/td>\n<\/tr>\n<tr>\n<td>Finais 2 e 7<\/td>\n<td>05\/05\/2026<\/td>\n<td>02\/06\/2026<\/td>\n<\/tr>\n<tr>\n<td>Finais 3 e 8<\/td>\n<td>06\/05\/2026<\/td>\n<td>03\/06\/2026<\/td>\n<\/tr>\n<tr>\n<td>Finais 4 e 9<\/td>\n<td>07\/05\/2026<\/td>\n<td>05\/06\/2026<\/td>\n<\/tr>\n<tr>\n<td>Finais 5 e 0<\/td>\n<td>08\/05\/2026<\/td>\n<td>08\/06\/2026<\/td>\n<\/tr>\n<\/tbody>\n<\/table>\n<h2>Datas previstas para quem tem final 6, 7, 8, 9 e 0<\/h2>\n<p>Para quem tem o n\u00famero do benef\u00edcio terminado em 6, 7, 8, 9 ou 0, as poss\u00edveis datas de recebimento das duas parcelas s\u00e3o as seguintes:<\/p>\n<p><strong>Benefici\u00e1rios com renda at\u00e9 1 sal\u00e1rio m\u00ednimo:<\/strong><\/p>\n<table>\n<thead>\n<tr>\n<th scope=\"col\">Final do benef\u00edcio<\/th>\n<th scope=\"col\">1\u00aa parcela<\/th>\n<th scope=\"col\">2\u00aa parcela<\/th>\n<\/tr>\n<\/thead>\n<tbody>\n<tr>\n<td>Final 6<\/td>\n<td>4 de maio<\/td>\n<td>1\u00ba de junho<\/td>\n<\/tr>\n<tr>\n<td>Final 7<\/td>\n<td>5 de maio<\/td>\n<td>2 de junho<\/td>\n<\/tr>\n<tr>\n<td>Final 8<\/td>\n<td>6 de maio<\/td>\n<td>3 de junho<\/td>\n<\/tr>\n<tr>\n<td>Final 9<\/td>\n<td>7 de maio<\/td>\n<td>5 de junho<\/td>\n<\/tr>\n<tr>\n<td>Final 0<\/td>\n<td>8 de maio<\/td>\n<td>8 de junho<\/td>\n<\/tr>\n<\/tbody>\n<\/table>\n<p><strong>Benefici\u00e1rios com renda acima de 1 sal\u00e1rio m\u00ednimo:<\/strong><\/p>\n<table>\n<thead>\n<tr>\n<th scope=\"col\">Finais do benef\u00edcio<\/th>\n<th scope=\"col\">1\u00aa parcela<\/th>\n<th scope=\"col\">2\u00aa parcela<\/th>\n<\/tr>\n<\/thead>\n<tbody>\n<tr>\n<td>Final 6<\/td>\n<td>4 de maio<\/td>\n<td>1\u00ba de junho<\/td>\n<\/tr>\n<tr>\n<td>Final 7<\/td>\n<td>5 de maio<\/td>\n<td>2 de junho<\/td>\n<\/tr>\n<tr>\n<td>Final 8<\/td>\n<td>6 de maio<\/td>\n<td>3 de junho<\/td>\n<\/tr>\n<tr>\n<td>Final 9<\/td>\n<td>7 de maio<\/td>\n<td>5 de junho<\/td>\n<\/tr>\n<tr>\n<td>Final 0<\/td>\n<td>8 de maio<\/td>\n<td>8 de junho<\/td>\n<\/tr>\n<\/tbody>\n<\/table>\n<h2>Como consultar o pagamento antes do dep\u00f3sito<\/h2>\n<p>A forma mais simples de acompanhar o pagamento do 13\u00ba \u00e9 pelo aplicativo Meu INSS, dispon\u00edvel gratuitamente para celulares Android e iOS. Por l\u00e1, o benefici\u00e1rio consegue ver as datas de pagamento, os valores e at\u00e9 baixar o extrato como comprovante.<\/p>\n<p>Veja as principais formas de consulta:<\/p>\n<ul>\n<li><strong>Pelo aplicativo Meu INSS<\/strong><\/li>\n<\/ul>\n<ol>\n<li>Baixe o <a href=\"https:\/\/play.google.com\/store\/apps\/details?id=br.gov.dataprev.meuinss&amp;pcampaignid=web_share\" target=\"_blank\" rel=\"noopener\">aplicativo<\/a> no celular (Android ou iOS).<\/li>\n<li>Fa\u00e7a login com CPF e senha da conta Gov.br.<\/li>\n<li>Acesse a op\u00e7\u00e3o &#8220;Extrato de Pagamento&#8221;.<\/li>\n<li>Ali aparecem as datas e os valores liberados.<\/li>\n<li>O extrato tamb\u00e9m pode ser baixado em PDF para servir como comprovante.<\/li>\n<\/ol>\n<ul>\n<li><strong>Pelo telefone (Central 135)<\/strong><\/li>\n<\/ul>\n<ol>\n<li>Ligue para o 135.<\/li>\n<li>Atendimento de segunda a s\u00e1bado, das 7h \u00e0s 22h.<\/li>\n<li>Tenha em m\u00e3os o CPF para confirmar a identidade.<\/li>\n<\/ol>\n<p><strong>Importante<\/strong>: a consulta ao 13\u00ba de 2026 ainda n\u00e3o est\u00e1 liberada no aplicativo.<\/p>\n<p>Com base no que aconteceu nos \u00faltimos anos, a libera\u00e7\u00e3o costuma ocorrer alguns dias antes do in\u00edcio dos pagamentos. Em 2025, por exemplo, os dep\u00f3sitos come\u00e7aram em 24 de abril, e a consulta foi aberta oito dias antes, em 16 de abril.<\/p>\n<h2>Fique sempre informado sobre seus direitos<\/h2>\n<p>O decreto de antecipa\u00e7\u00e3o deve ser publicado no in\u00edcio de abril \u2014 e assim que a confirma\u00e7\u00e3o sair, o <a href=\"https:\/\/www.pensarcursos.com.br\/blog\/\" target=\"_blank\" rel=\"noopener\">Blog Pensar Cursos<\/a> trar\u00e1 todos os detalhes atualizados. Continue acessando o portal para n\u00e3o perder nenhuma novidade sobre benef\u00edcios, direitos previdenci\u00e1rios e datas de pagamento.<\/p>\n<p>Para mais informa\u00e7\u00f5es sobre o 13\u00b0 sal\u00e1rio do INSS, acesse o v\u00eddeo:<\/p>\n<div class=\"jeg_video_container jeg_video_content\"><iframe title=\"Quando o INSS vai pagar o 13\u00ba sal\u00e1rio em 2026? Saiu a resposta oficial\" width=\"500\" height=\"281\" src=\"https:\/\/www.youtube.com\/embed\/RcyreHuTfb4?feature=oembed\" frameborder=\"0\" allow=\"accelerometer; autoplay; clipboard-write; encrypted-media; gyroscope; picture-in-picture; web-share\" referrerpolicy=\"strict-origin-when-cross-origin\" allowfullscreen><\/iframe><\/div>\n","protected":false},"excerpt":{"rendered":"<p>Aposentados e pensionistas do INSS que t\u00eam o n\u00famero do benef\u00edcio final 6, 7, 8, 9 ou 0 costumam receber as parcelas do 13\u00ba sal\u00e1rio nas \u00faltimas datas do calend\u00e1rio. Mas a boa not\u00edcia \u00e9 que a diferen\u00e7a de tempo em rela\u00e7\u00e3o aos outros benefici\u00e1rios ser\u00e1 pequena. Para 2026, o governo avalia antecipar novamente o [&hellip;]<\/p>\n","protected":false},"author":60,"featured_media":149147,"comment_status":"open","ping_status":"closed","sticky":false,"template":"","format":"standard","meta":{"jnews-multi-image_gallery":[],"jnews_single_post":{"subtitle":"Datas variam conforme final do benef\u00edcio; saiba como acompanhar atualiza\u00e7\u00f5es do INSS","format":"standard","override":[{"template":"1","parallax":"1","fullscreen":"1","layout":"right-sidebar","sidebar":"default-sidebar","second_sidebar":"default-sidebar","sticky_sidebar":"1","share_position":"topbottom","share_float_style":"share-monocrhome","show_featured":"1","show_post_meta":"1","show_post_author":"1","show_post_author_image":"1","show_post_date":"1","post_date_format":"default","post_date_format_custom":"Y\/m\/d","show_post_category":"1","post_reading_time_wpm":"300","post_calculate_word_method":"str_word_count","show_zoom_button":"0","zoom_button_out_step":"2","zoom_button_in_step":"3","show_post_tag":"1","show_prev_next_post":"1","show_popup_post":"1","show_comment_section":"1","number_popup_post":"2","show_author_box":"1","show_post_related":"1","show_inline_post_related":"1"}],"image_override":[{"single_post_thumbnail_size":"crop-500","single_post_gallery_size":"crop-500"}],"trending_post_position":"meta","trending_post_label":"Trending","sponsored_post_label":"Sponsored by","disable_ad":"0"},"jnews_primary_category":[],"jnews_social_meta":[],"jnews_override_counter":{"view_counter_number":"0","share_counter_number":"0","like_counter_number":"0","dislike_counter_number":"0"},"footnotes":""},"categories":[1691],"tags":[38974,37937,27334,27135],"class_list":["post-149728","post","type-post","status-publish","format-standard","has-post-thumbnail","hentry","category-direitos-do-trabalhador","tag-antecipacao-13-inss","tag-calendario-13-salario-inss-2026","tag-consulta-13-salario-inss","tag-pagamento-13-salario-inss"],"yoast_head":"<!-- This site is optimized with the Yoast SEO Premium plugin v27.4 (Yoast SEO v27.4) - https:\/\/yoast.com\/product\/yoast-seo-premium-wordpress\/ -->\n<title>Confira as datas da primeira e da segunda parcela do 13\u00ba do INSS para quem tem final do n\u00famero do benef\u00edcio 6, 7, 8, 9 e 0 - Blog Pensar Cursos<\/title>\n<meta name=\"description\" content=\"Veja as datas do 13\u00ba INSS 2026 para finais de benef\u00edcio 6 a 0, poss\u00edveis antecipa\u00e7\u00f5es e calend\u00e1rio oficial. Confira o que muda e tire suas d\u00favidas!\" \/>\n<meta name=\"robots\" content=\"index, follow, max-snippet:-1, max-image-preview:large, max-video-preview:-1\" \/>\n<link rel=\"canonical\" href=\"https:\/\/www.pensarcursos.com.br\/blog\/confira-as-datas-da-primeira-e-da-segunda-parcela-do-13o-do-inss-para-quem-tem-final-do-numero-do-beneficio-6-7-8-9-e-0\/\" \/>\n<meta property=\"og:locale\" content=\"pt_BR\" \/>\n<meta property=\"og:type\" content=\"article\" \/>\n<meta property=\"og:title\" content=\"Confira as datas da primeira e da segunda parcela do 13\u00ba do INSS para quem tem final do n\u00famero do benef\u00edcio 6, 7, 8, 9 e 0\" \/>\n<meta property=\"og:description\" content=\"Veja as datas do 13\u00ba INSS 2026 para finais de benef\u00edcio 6 a 0, poss\u00edveis antecipa\u00e7\u00f5es e calend\u00e1rio oficial. Confira o que muda e tire suas d\u00favidas!\" \/>\n<meta property=\"og:url\" content=\"https:\/\/www.pensarcursos.com.br\/blog\/confira-as-datas-da-primeira-e-da-segunda-parcela-do-13o-do-inss-para-quem-tem-final-do-numero-do-beneficio-6-7-8-9-e-0\/\" \/>\n<meta property=\"og:site_name\" content=\"Blog Pensar Cursos\" \/>\n<meta property=\"article:publisher\" content=\"https:\/\/www.facebook.com\/pensarcursos\/\" \/>\n<meta property=\"article:published_time\" content=\"2026-03-13T14:19:45+00:00\" \/>\n<meta property=\"og:image\" content=\"https:\/\/www.pensarcursos.com.br\/blog\/wp-content\/uploads\/2026\/03\/consulta-13-salario-inss.webp\" \/>\n\t<meta property=\"og:image:width\" content=\"1200\" \/>\n\t<meta property=\"og:image:height\" content=\"800\" \/>\n\t<meta property=\"og:image:type\" content=\"image\/webp\" \/>\n<meta name=\"author\" content=\"Luiza Pereira\" \/>\n<meta name=\"twitter:card\" content=\"summary_large_image\" \/>\n<meta name=\"twitter:label1\" content=\"Escrito por\" \/>\n\t<meta name=\"twitter:data1\" content=\"Luiza Pereira\" \/>\n\t<meta name=\"twitter:label2\" content=\"Est. tempo de leitura\" \/>\n\t<meta name=\"twitter:data2\" content=\"6 minutos\" \/>\n<!-- \/ Yoast SEO Premium plugin. -->","yoast_head_json":{"title":"Confira as datas da primeira e da segunda parcela do 13\u00ba do INSS para quem tem final do n\u00famero do benef\u00edcio 6, 7, 8, 9 e 0 - Blog Pensar Cursos","description":"Veja as datas do 13\u00ba INSS 2026 para finais de benef\u00edcio 6 a 0, poss\u00edveis antecipa\u00e7\u00f5es e calend\u00e1rio oficial. Confira o que muda e tire suas d\u00favidas!","robots":{"index":"index","follow":"follow","max-snippet":"max-snippet:-1","max-image-preview":"max-image-preview:large","max-video-preview":"max-video-preview:-1"},"canonical":"https:\/\/www.pensarcursos.com.br\/blog\/confira-as-datas-da-primeira-e-da-segunda-parcela-do-13o-do-inss-para-quem-tem-final-do-numero-do-beneficio-6-7-8-9-e-0\/","og_locale":"pt_BR","og_type":"article","og_title":"Confira as datas da primeira e da segunda parcela do 13\u00ba do INSS para quem tem final do n\u00famero do benef\u00edcio 6, 7, 8, 9 e 0","og_description":"Veja as datas do 13\u00ba INSS 2026 para finais de benef\u00edcio 6 a 0, poss\u00edveis antecipa\u00e7\u00f5es e calend\u00e1rio oficial. Confira o que muda e tire suas d\u00favidas!","og_url":"https:\/\/www.pensarcursos.com.br\/blog\/confira-as-datas-da-primeira-e-da-segunda-parcela-do-13o-do-inss-para-quem-tem-final-do-numero-do-beneficio-6-7-8-9-e-0\/","og_site_name":"Blog Pensar Cursos","article_publisher":"https:\/\/www.facebook.com\/pensarcursos\/","article_published_time":"2026-03-13T14:19:45+00:00","og_image":[{"width":1200,"height":800,"url":"https:\/\/www.pensarcursos.com.br\/blog\/wp-content\/uploads\/2026\/03\/consulta-13-salario-inss.webp","type":"image\/webp"}],"author":"Luiza Pereira","twitter_card":"summary_large_image","twitter_misc":{"Escrito por":"Luiza Pereira","Est. tempo de leitura":"6 minutos"},"schema":{"@context":"https:\/\/schema.org","@graph":[{"@type":["Article","BlogPosting"],"@id":"https:\/\/www.pensarcursos.com.br\/blog\/confira-as-datas-da-primeira-e-da-segunda-parcela-do-13o-do-inss-para-quem-tem-final-do-numero-do-beneficio-6-7-8-9-e-0\/#article","isPartOf":{"@id":"https:\/\/www.pensarcursos.com.br\/blog\/confira-as-datas-da-primeira-e-da-segunda-parcela-do-13o-do-inss-para-quem-tem-final-do-numero-do-beneficio-6-7-8-9-e-0\/"},"author":{"name":"Luiza Pereira","@id":"https:\/\/www.pensarcursos.com.br\/blog\/#\/schema\/person\/b94ff84c7271a3cb9a5ce19e07b0ed5f"},"headline":"Confira as datas da primeira e da segunda parcela do 13\u00ba do INSS para quem tem final do n\u00famero do benef\u00edcio 6, 7, 8, 9 e 0","datePublished":"2026-03-13T14:19:45+00:00","mainEntityOfPage":{"@id":"https:\/\/www.pensarcursos.com.br\/blog\/confira-as-datas-da-primeira-e-da-segunda-parcela-do-13o-do-inss-para-quem-tem-final-do-numero-do-beneficio-6-7-8-9-e-0\/"},"wordCount":996,"commentCount":0,"publisher":{"@id":"https:\/\/www.pensarcursos.com.br\/blog\/#organization"},"image":{"@id":"https:\/\/www.pensarcursos.com.br\/blog\/confira-as-datas-da-primeira-e-da-segunda-parcela-do-13o-do-inss-para-quem-tem-final-do-numero-do-beneficio-6-7-8-9-e-0\/#primaryimage"},"thumbnailUrl":"https:\/\/www.pensarcursos.com.br\/blog\/wp-content\/uploads\/2026\/03\/consulta-13-salario-inss.webp","keywords":["antecipa\u00e7\u00e3o 13\u00b0 INSS","calend\u00e1rio 13 sal\u00e1rio inss 2026","consulta 13 sal\u00e1rio INSS","pagamento 13 sal\u00e1rio inss"],"articleSection":["Direitos do Trabalhador"],"inLanguage":"pt-BR","potentialAction":[{"@type":"CommentAction","name":"Comment","target":["https:\/\/www.pensarcursos.com.br\/blog\/confira-as-datas-da-primeira-e-da-segunda-parcela-do-13o-do-inss-para-quem-tem-final-do-numero-do-beneficio-6-7-8-9-e-0\/#respond"]}],"copyrightYear":"2026","copyrightHolder":{"@id":"https:\/\/www.pensarcursos.com.br\/blog\/#organization"}},{"@type":"WebPage","@id":"https:\/\/www.pensarcursos.com.br\/blog\/confira-as-datas-da-primeira-e-da-segunda-parcela-do-13o-do-inss-para-quem-tem-final-do-numero-do-beneficio-6-7-8-9-e-0\/","url":"https:\/\/www.pensarcursos.com.br\/blog\/confira-as-datas-da-primeira-e-da-segunda-parcela-do-13o-do-inss-para-quem-tem-final-do-numero-do-beneficio-6-7-8-9-e-0\/","name":"Confira as datas da primeira e da segunda parcela do 13\u00ba do INSS para quem tem final do n\u00famero do benef\u00edcio 6, 7, 8, 9 e 0 - Blog Pensar Cursos","isPartOf":{"@id":"https:\/\/www.pensarcursos.com.br\/blog\/#website"},"primaryImageOfPage":{"@id":"https:\/\/www.pensarcursos.com.br\/blog\/confira-as-datas-da-primeira-e-da-segunda-parcela-do-13o-do-inss-para-quem-tem-final-do-numero-do-beneficio-6-7-8-9-e-0\/#primaryimage"},"image":{"@id":"https:\/\/www.pensarcursos.com.br\/blog\/confira-as-datas-da-primeira-e-da-segunda-parcela-do-13o-do-inss-para-quem-tem-final-do-numero-do-beneficio-6-7-8-9-e-0\/#primaryimage"},"thumbnailUrl":"https:\/\/www.pensarcursos.com.br\/blog\/wp-content\/uploads\/2026\/03\/consulta-13-salario-inss.webp","datePublished":"2026-03-13T14:19:45+00:00","description":"Veja as datas do 13\u00ba INSS 2026 para finais de benef\u00edcio 6 a 0, poss\u00edveis antecipa\u00e7\u00f5es e calend\u00e1rio oficial. Confira o que muda e tire suas d\u00favidas!","breadcrumb":{"@id":"https:\/\/www.pensarcursos.com.br\/blog\/confira-as-datas-da-primeira-e-da-segunda-parcela-do-13o-do-inss-para-quem-tem-final-do-numero-do-beneficio-6-7-8-9-e-0\/#breadcrumb"},"inLanguage":"pt-BR","potentialAction":[{"@type":"ReadAction","target":["https:\/\/www.pensarcursos.com.br\/blog\/confira-as-datas-da-primeira-e-da-segunda-parcela-do-13o-do-inss-para-quem-tem-final-do-numero-do-beneficio-6-7-8-9-e-0\/"]}]},{"@type":"ImageObject","inLanguage":"pt-BR","@id":"https:\/\/www.pensarcursos.com.br\/blog\/confira-as-datas-da-primeira-e-da-segunda-parcela-do-13o-do-inss-para-quem-tem-final-do-numero-do-beneficio-6-7-8-9-e-0\/#primaryimage","url":"https:\/\/www.pensarcursos.com.br\/blog\/wp-content\/uploads\/2026\/03\/consulta-13-salario-inss.webp","contentUrl":"https:\/\/www.pensarcursos.com.br\/blog\/wp-content\/uploads\/2026\/03\/consulta-13-salario-inss.webp","width":1200,"height":800,"caption":"Governo prev\u00ea antecipar o abono anual do INSS para abril e maio. Quando a consulta for liberada, o benefici\u00e1rio poder\u00e1 verificar valores, datas e descontos. Imagem: Blog Pensar Cursos"},{"@type":"BreadcrumbList","@id":"https:\/\/www.pensarcursos.com.br\/blog\/confira-as-datas-da-primeira-e-da-segunda-parcela-do-13o-do-inss-para-quem-tem-final-do-numero-do-beneficio-6-7-8-9-e-0\/#breadcrumb","itemListElement":[{"@type":"ListItem","position":1,"name":"Home","item":"https:\/\/www.pensarcursos.com.br\/blog\/"},{"@type":"ListItem","position":2,"name":"Confira as datas da primeira e da segunda parcela do 13\u00ba do INSS para quem tem final do n\u00famero do benef\u00edcio 6, 7, 8, 9 e 0"}]},{"@type":"WebSite","@id":"https:\/\/www.pensarcursos.com.br\/blog\/#website","url":"https:\/\/www.pensarcursos.com.br\/blog\/","name":"Blog Pensar Cursos","description":"Maior Site de Cursos do Brasil","publisher":{"@id":"https:\/\/www.pensarcursos.com.br\/blog\/#organization"},"alternateName":"Blog Pensar","potentialAction":[{"@type":"SearchAction","target":{"@type":"EntryPoint","urlTemplate":"https:\/\/www.pensarcursos.com.br\/blog\/?s={search_term_string}"},"query-input":{"@type":"PropertyValueSpecification","valueRequired":true,"valueName":"search_term_string"}}],"inLanguage":"pt-BR"},{"@type":"Organization","@id":"https:\/\/www.pensarcursos.com.br\/blog\/#organization","name":"Pensar Cursos","alternateName":"Blog pensar","url":"https:\/\/www.pensarcursos.com.br\/blog\/","logo":{"@type":"ImageObject","inLanguage":"pt-BR","@id":"https:\/\/www.pensarcursos.com.br\/blog\/#\/schema\/logo\/image\/","url":"https:\/\/www.pensarcursos.com.br\/blog\/wp-content\/uploads\/2023\/11\/Nova-Logo-Pensar-Cursos-vertical.png","contentUrl":"https:\/\/www.pensarcursos.com.br\/blog\/wp-content\/uploads\/2023\/11\/Nova-Logo-Pensar-Cursos-vertical.png","width":1393,"height":1001,"caption":"Pensar Cursos"},"image":{"@id":"https:\/\/www.pensarcursos.com.br\/blog\/#\/schema\/logo\/image\/"},"sameAs":["https:\/\/www.facebook.com\/pensarcursos\/","https:\/\/instagram.com.br\/pensarcursos"],"description":"Pensar Cursos \u00e9 uma empresa especializada em oferecer cursos de alta qualidade voltados para o desenvolvimento profissional e acad\u00eamico. Com uma ampla gama de op\u00e7\u00f5es de treinamento, oferecemos conte\u00fados atualizados, ministrados por especialistas da \u00e1rea, para capacitar indiv\u00edduos e equipes a atingirem seus objetivos. Nossa miss\u00e3o \u00e9 proporcionar uma educa\u00e7\u00e3o transformadora, acess\u00edvel e personalizada para cada aluno, seja em cursos presenciais ou online. Com uma abordagem inovadora, buscamos adaptar os nossos programas de ensino \u00e0s necessidades do mercado, criando solu\u00e7\u00f5es que atendem aos desafios e exig\u00eancias do mundo corporativo e acad\u00eamico. Nossos cursos incluem desde forma\u00e7\u00f5es t\u00e9cnicas at\u00e9 habilidades essenciais, como lideran\u00e7a, gest\u00e3o e desenvolvimento pessoal.","email":"contato@pensarcursos.com.br","legalName":"Sena Servi\u00e7os de Informa\u00e7\u00e3o Online LTDA","foundingDate":"2013-04-18","vatID":"17956217000172","numberOfEmployees":{"@type":"QuantitativeValue","minValue":"11","maxValue":"50"},"publishingPrinciples":"https:\/\/www.pensarcursos.com.br\/blog\/principios-de-publicacao\/","ownershipFundingInfo":"https:\/\/www.pensarcursos.com.br\/blog\/informacoes-de-propriedade-financiamento\/","actionableFeedbackPolicy":"https:\/\/www.pensarcursos.com.br\/blog\/politica-de-feedback-acionavel\/","correctionsPolicy":"https:\/\/www.pensarcursos.com.br\/blog\/politica-de-correcoes\/","ethicsPolicy":"https:\/\/www.pensarcursos.com.br\/blog\/politica-de-etica\/"},{"@type":"Person","@id":"https:\/\/www.pensarcursos.com.br\/blog\/#\/schema\/person\/b94ff84c7271a3cb9a5ce19e07b0ed5f","name":"Luiza Pereira","image":{"@type":"ImageObject","inLanguage":"pt-BR","@id":"https:\/\/secure.gravatar.com\/avatar\/51a9cea3f558699054e6c6d962a79771188542d9b4d73e9f96d8c0586bc5f11d?s=96&d=mm&r=g","url":"https:\/\/secure.gravatar.com\/avatar\/51a9cea3f558699054e6c6d962a79771188542d9b4d73e9f96d8c0586bc5f11d?s=96&d=mm&r=g","contentUrl":"https:\/\/secure.gravatar.com\/avatar\/51a9cea3f558699054e6c6d962a79771188542d9b4d73e9f96d8c0586bc5f11d?s=96&d=mm&r=g","caption":"Luiza Pereira"},"description":"Graduanda em Pedagogia pela Universidade Estadual do Sudoeste da Bahia (UESB). Redatora do grupo Sena Online.","sameAs":["https:\/\/www.instagram.com\/luizza_pereiraa?igsh=MmltMGh0bHUzbnR0"],"url":"https:\/\/www.pensarcursos.com.br\/blog\/author\/luiza\/"}]}},"_links":{"self":[{"href":"https:\/\/www.pensarcursos.com.br\/blog\/wp-json\/wp\/v2\/posts\/149728","targetHints":{"allow":["GET"]}}],"collection":[{"href":"https:\/\/www.pensarcursos.com.br\/blog\/wp-json\/wp\/v2\/posts"}],"about":[{"href":"https:\/\/www.pensarcursos.com.br\/blog\/wp-json\/wp\/v2\/types\/post"}],"author":[{"embeddable":true,"href":"https:\/\/www.pensarcursos.com.br\/blog\/wp-json\/wp\/v2\/users\/60"}],"replies":[{"embeddable":true,"href":"https:\/\/www.pensarcursos.com.br\/blog\/wp-json\/wp\/v2\/comments?post=149728"}],"version-history":[{"count":0,"href":"https:\/\/www.pensarcursos.com.br\/blog\/wp-json\/wp\/v2\/posts\/149728\/revisions"}],"wp:featuredmedia":[{"embeddable":true,"href":"https:\/\/www.pensarcursos.com.br\/blog\/wp-json\/wp\/v2\/media\/149147"}],"wp:attachment":[{"href":"https:\/\/www.pensarcursos.com.br\/blog\/wp-json\/wp\/v2\/media?parent=149728"}],"wp:term":[{"taxonomy":"category","embeddable":true,"href":"https:\/\/www.pensarcursos.com.br\/blog\/wp-json\/wp\/v2\/categories?post=149728"},{"taxonomy":"post_tag","embeddable":true,"href":"https:\/\/www.pensarcursos.com.br\/blog\/wp-json\/wp\/v2\/tags?post=149728"}],"curies":[{"name":"wp","href":"https:\/\/api.w.org\/{rel}","templated":true}]}}