{"id":149720,"date":"2026-03-13T10:09:14","date_gmt":"2026-03-13T13:09:14","guid":{"rendered":"https:\/\/www.pensarcursos.com.br\/blog\/?p=149720"},"modified":"2026-03-12T16:21:12","modified_gmt":"2026-03-12T19:21:12","slug":"pagamentos-do-inss-de-marco-comecam-no-dia-25-veja-as-novidades-detalhes-da-consulta-e-dos-valores","status":"publish","type":"post","link":"https:\/\/www.pensarcursos.com.br\/blog\/pagamentos-do-inss-de-marco-comecam-no-dia-25-veja-as-novidades-detalhes-da-consulta-e-dos-valores\/","title":{"rendered":"Pagamentos do INSS de mar\u00e7o come\u00e7am no dia 25; veja as novidades, detalhes da consulta e dos valores"},"content":{"rendered":"<p>Mais de 35 milh\u00f5es de brasileiros aguardam o dep\u00f3sito do benef\u00edcio de mar\u00e7o na conta \u2014 e a boa not\u00edcia \u00e9 que o Instituto Nacional do Seguro Social (INSS) j\u00e1 tem data marcada para come\u00e7ar a pagar.<\/p>\n<p>O calend\u00e1rio foi divulgado oficialmente e traz datas que v\u00e3o de 25 de mar\u00e7o a 8 de abril, de acordo com o n\u00famero final do cart\u00e3o de benef\u00edcio. Al\u00e9m disso, o Instituto anunciou uma medida importante para este m\u00eas que pode impactar diretamente quem mora em regi\u00f5es espec\u00edficas do pa\u00eds.<\/p>\n<p>Quer saber se voc\u00ea est\u00e1 entre os contemplados? Continue lendo.<\/p>\n<h2>Como funciona o INSS?<\/h2>\n<p>O Instituto Nacional do Seguro Social \u00e9 o \u00f3rg\u00e3o do governo que funciona como uma rede de prote\u00e7\u00e3o para quem contribuiu para a Previd\u00eancia Social. Ele garante que voc\u00ea receba uma renda quando n\u00e3o puder mais trabalhar, seja por idade, doen\u00e7a, acidente ou at\u00e9 pela perda de um familiar que sustentava sua fam\u00edlia.<\/p>\n<p>Na pr\u00e1tica, isso significa que o INSS est\u00e1 ali para te dar seguran\u00e7a financeira nos momentos em que voc\u00ea mais precisa. \u00c9 como um respaldo do Estado, garantindo que voc\u00ea continue tendo uma fonte de renda mesmo quando n\u00e3o puder trabalhar normalmente.<\/p>\n<h2>Quem tem direito aos benef\u00edcios do INSS?<\/h2>\n<p>Se voc\u00ea j\u00e1 contribuiu para a Previd\u00eancia, \u00e9 poss\u00edvel que tenha direito a um dos benef\u00edcios pagos pelo INSS. Entre os principais est\u00e3o:<\/p>\n<ul>\n<li>Aposentadoria por idade ou tempo de contribui\u00e7\u00e3o;<\/li>\n<li>Pens\u00e3o por morte;<\/li>\n<li>Aux\u00edlio-doen\u00e7a (incapacidade tempor\u00e1ria);<\/li>\n<li>Aux\u00edlio-acidente;<\/li>\n<li>Aux\u00edlio-reclus\u00e3o;<\/li>\n<li>BPC\/LOAS (Benef\u00edcio de Presta\u00e7\u00e3o Continuada para pessoas com defici\u00eancia ou idosos em situa\u00e7\u00e3o de vulnerabilidade).<\/li>\n<\/ul>\n<p>O valor do benef\u00edcio varia conforme seu hist\u00f3rico de contribui\u00e7\u00f5es, mas <strong>nenhum pagamento fica abaixo do piso nacional<\/strong>, que em 2026 \u00e9 de R$ 1.621,00 \u2014 reajustado em 6,79% sobre o sal\u00e1rio m\u00ednimo. J\u00e1 o teto do INSS chegou a R$ 8.475,55 neste ano.<\/p>\n<h2>Quais as datas de pagamento em mar\u00e7o? Veja o calend\u00e1rio completo<\/h2>\n<p>Se voc\u00ea recebe algum benef\u00edcio do <a href=\"https:\/\/www.pensarcursos.com.br\/blog\/calendario-de-marco-do-inss-veja-quem-recebe-na-primeira-semana-de-pagamentos-dias-25-26-e-27\/\" target=\"_blank\" rel=\"noopener\">INSS<\/a>, \u00e9 importante ficar de olho no calend\u00e1rio de pagamentos. Em mar\u00e7o, <strong>os dep\u00f3sitos come\u00e7am no dia 25 e v\u00e3o at\u00e9 8 de abril<\/strong>, seguindo o n\u00famero final do seu cart\u00e3o de benef\u00edcio \u2014 sem considerar o d\u00edgito depois do tra\u00e7o.<\/p>\n<p>Por exemplo, se o seu benef\u00edcio termina em 0809-7, o n\u00famero que conta \u00e9 o 9. \u00c9 esse algarismo que define a sua data de recebimento.<\/p>\n<p>Vale lembrar que todos os benefici\u00e1rios do INSS seguem o mesmo calend\u00e1rio, mas as datas podem variar de acordo com o valor do benef\u00edcio e o n\u00famero do cart\u00e3o. Por isso, \u00e9 sempre bom conferir para n\u00e3o perder o dep\u00f3sito e se organizar financeiramente. Confira as tabelas:<\/p>\n<p><strong>Para quem recebe at\u00e9 1 sal\u00e1rio m\u00ednimo:<\/strong><\/p>\n<table>\n<thead>\n<tr>\n<th scope=\"col\">Final do benef\u00edcio<\/th>\n<th scope=\"col\">Data de pagamento<\/th>\n<\/tr>\n<\/thead>\n<tbody>\n<tr>\n<td>Final 1<\/td>\n<td>25 de mar\u00e7o<\/td>\n<\/tr>\n<tr>\n<td>Final 2<\/td>\n<td>26 de mar\u00e7o<\/td>\n<\/tr>\n<tr>\n<td>Final 3<\/td>\n<td>27 de mar\u00e7o<\/td>\n<\/tr>\n<tr>\n<td>Final 4<\/td>\n<td>30 de mar\u00e7o<\/td>\n<\/tr>\n<tr>\n<td>Final 5<\/td>\n<td>31 de mar\u00e7o<\/td>\n<\/tr>\n<tr>\n<td>Final 6<\/td>\n<td>1\u00ba de abril<\/td>\n<\/tr>\n<tr>\n<td>Final 7<\/td>\n<td>2 de abril<\/td>\n<\/tr>\n<tr>\n<td>Final 8<\/td>\n<td>6 de abril<\/td>\n<\/tr>\n<tr>\n<td>Final 9<\/td>\n<td>7 de abril<\/td>\n<\/tr>\n<tr>\n<td>Final 0<\/td>\n<td>8 de abril<\/td>\n<\/tr>\n<\/tbody>\n<\/table>\n<p><strong>Para quem recebe acima de 1 sal\u00e1rio m\u00ednimo:<\/strong><\/p>\n<figure id=\"attachment_149725\" aria-describedby=\"caption-attachment-149725\" style=\"width: 1200px\" class=\"wp-caption aligncenter\"><img decoding=\"async\" class=\"wp-image-149725 size-full\" src=\"https:\/\/www.pensarcursos.com.br\/blog\/wp-content\/uploads\/2026\/03\/calendario-inss-2026.webp\" alt=\" M\u00e3os de pessoa idosa navegando em smartphone com a logomarca do INSS em destaque, representando a consulta ao calend\u00e1rio de pagamentos do INSS 2026 pelo aplicativo Meu INSS\" width=\"1200\" height=\"800\" srcset=\"https:\/\/www.pensarcursos.com.br\/blog\/wp-content\/uploads\/2026\/03\/calendario-inss-2026.webp 1200w, https:\/\/www.pensarcursos.com.br\/blog\/wp-content\/uploads\/2026\/03\/calendario-inss-2026-300x200.webp 300w, https:\/\/www.pensarcursos.com.br\/blog\/wp-content\/uploads\/2026\/03\/calendario-inss-2026-1024x683.webp 1024w, https:\/\/www.pensarcursos.com.br\/blog\/wp-content\/uploads\/2026\/03\/calendario-inss-2026-768x512.webp 768w, https:\/\/www.pensarcursos.com.br\/blog\/wp-content\/uploads\/2026\/03\/calendario-inss-2026-750x500.webp 750w, https:\/\/www.pensarcursos.com.br\/blog\/wp-content\/uploads\/2026\/03\/calendario-inss-2026-1140x760.webp 1140w\" sizes=\"(max-width: 1200px) 100vw, 1200px\" \/><figcaption id=\"caption-attachment-149725\" class=\"wp-caption-text\">Pagamentos do INSS de mar\u00e7o come\u00e7am no dia 25 e seguem at\u00e9 8 de abril \u2014 e tudo pode ser acompanhado pelo aplicativo Meu INSS. Imagem: Blog Pensar Cursos<\/figcaption><\/figure>\n<table>\n<thead>\n<tr>\n<th scope=\"col\">Finais do benef\u00edcio<\/th>\n<th scope=\"col\">Data de pagamento<\/th>\n<\/tr>\n<\/thead>\n<tbody>\n<tr>\n<td>Finais 1 e 6<\/td>\n<td>1\u00ba de abril<\/td>\n<\/tr>\n<tr>\n<td>Finais 2 e 7<\/td>\n<td>2 de abril<\/td>\n<\/tr>\n<tr>\n<td>Finais 3 e 8<\/td>\n<td>6 de abril<\/td>\n<\/tr>\n<tr>\n<td>Finais 4 e 9<\/td>\n<td>7 de abril<\/td>\n<\/tr>\n<tr>\n<td>Finais 5 e 0<\/td>\n<td>8 de abril<\/td>\n<\/tr>\n<\/tbody>\n<\/table>\n<h2>Quais s\u00e3o as novidades no calend\u00e1rio de mar\u00e7o?<\/h2>\n<p>Se voc\u00ea recebe benef\u00edcios do INSS e mora em Minas Gerais, aten\u00e7\u00e3o: este m\u00eas tem novidade no calend\u00e1rio!<\/p>\n<p>Por causa das fortes chuvas que atingiram algumas cidades, o governo federal reconheceu estado de calamidade p\u00fablica na regi\u00e3o, e isso trouxe mudan\u00e7as importantes para os pagamentos de mar\u00e7o.<\/p>\n<p>Mais de 170 mil segurados de tr\u00eas <a href=\"https:\/\/www.pensarcursos.com.br\/blog\/governo-autoriza-antecipacao-de-pagamentos-do-inss-para-milhares-de-beneficiarios\/\" target=\"_blank\" rel=\"noopener\">munic\u00edpios mineiros v\u00e3o receber o benef\u00edcio antecipadamente<\/a>, sem precisar esperar as datas regulares do calend\u00e1rio.<\/p>\n<h3>Pagamentos extras<\/h3>\n<p>E tem mais: para mais de 160 mil benefici\u00e1rios permanentes, ser\u00e1 liberado um valor extra equivalente a um m\u00eas de benef\u00edcio. Esse valor, no entanto, ser\u00e1 descontado de forma parcelada em 36 vezes, come\u00e7ando tr\u00eas meses depois do recebimento.<\/p>\n<p>Vale lembrar que essa medida n\u00e3o vale para benef\u00edcios tempor\u00e1rios, como aux\u00edlio-reclus\u00e3o, sal\u00e1rio-maternidade e aux\u00edlio-doen\u00e7a. Para os demais segurados, o cr\u00e9dito ser\u00e1 feito automaticamente, sem precisar solicitar nada.<\/p>\n<h2>Como acompanhar o pagamento do INSS<\/h2>\n<p>Quer saber exatamente quando e quanto o INSS vai depositar sem precisar sair de casa? D\u00e1 para fazer tudo direto pelo seu celular!<\/p>\n<ol>\n<li>Baixe <a href=\"https:\/\/play.google.com\/store\/apps\/details?id=br.gov.dataprev.meuinss&amp;pcampaignid=web_share\" target=\"_blank\" rel=\"noopener\">aplicativo Meu INSS<\/a>. Depois, fa\u00e7a login usando seu CPF e a senha do Gov.br.<\/li>\n<li>V\u00e1 at\u00e9 a op\u00e7\u00e3o<strong> &#8220;Extrato de Pagamento&#8221;<\/strong>. L\u00e1 voc\u00ea ver\u00e1 a data prevista do dep\u00f3sito, o valor l\u00edquido e eventuais descontos, como empr\u00e9stimos consignados ou imposto de renda.<\/li>\n<li>Se quiser, \u00e9 poss\u00edvel baixar o extrato em PDF, para guardar como comprovante ou apresentar quando precisar.<\/li>\n<\/ol>\n<p>Caso n\u00e3o tenha acesso \u00e0 internet, n\u00e3o se preocupe: voc\u00ea tamb\u00e9m pode ligar para a Central 135 e obter todas as informa\u00e7\u00f5es por telefone.<\/p>\n<p>E se o valor depositado for diferente do esperado, \u00e9 poss\u00edvel abrir uma solicita\u00e7\u00e3o de revis\u00e3o diretamente pelo aplicativo, sem precisar ir at\u00e9 uma ag\u00eancia do INSS.<\/p>\n<h2>Fique sempre por dentro dos seus direitos previdenci\u00e1rios!<\/h2>\n<p>Conhecer as datas com anteced\u00eancia \u00e9 um passo simples que faz diferen\u00e7a no planejamento financeiro mensal \u2014 e acompanhar as novidades pode garantir benef\u00edcios extras, como a antecipa\u00e7\u00e3o anunciada este m\u00eas para quem foi atingido pelas chuvas em Minas Gerais.<\/p>\n<p>No<a href=\"https:\/\/www.pensarcursos.com.br\/blog\/\" target=\"_blank\" rel=\"noopener\"> Blog Pensar Cursos<\/a>, voc\u00ea encontra as informa\u00e7\u00f5es mais atualizadas sobre benef\u00edcios previdenci\u00e1rios, calend\u00e1rios de pagamento e direitos do segurado. Acompanhe o site e esteja sempre um passo \u00e0 frente quando o assunto \u00e9 o que o governo pode oferecer a voc\u00ea.<\/p>\n<p>Aproveite para conferir os detalhes sobre o pagamento do 13\u00ba sal\u00e1rio do INSS em 2026:<\/p>\n<div class=\"jeg_video_container jeg_video_content\"><iframe title=\"Quando o INSS vai pagar o 13\u00ba sal\u00e1rio em 2026? Saiu a resposta oficial\" width=\"500\" height=\"281\" src=\"https:\/\/www.youtube.com\/embed\/RcyreHuTfb4?feature=oembed\" frameborder=\"0\" allow=\"accelerometer; autoplay; clipboard-write; encrypted-media; gyroscope; picture-in-picture; web-share\" referrerpolicy=\"strict-origin-when-cross-origin\" allowfullscreen><\/iframe><\/div>\n","protected":false},"excerpt":{"rendered":"<p>Mais de 35 milh\u00f5es de brasileiros aguardam o dep\u00f3sito do benef\u00edcio de mar\u00e7o na conta \u2014 e a boa not\u00edcia \u00e9 que o Instituto Nacional do Seguro Social (INSS) j\u00e1 tem data marcada para come\u00e7ar a pagar. O calend\u00e1rio foi divulgado oficialmente e traz datas que v\u00e3o de 25 de mar\u00e7o a 8 de abril, [&hellip;]<\/p>\n","protected":false},"author":60,"featured_media":149724,"comment_status":"open","ping_status":"closed","sticky":false,"template":"","format":"standard","meta":{"jnews-multi-image_gallery":[],"jnews_single_post":{"format":"standard","override":[{"template":"1","parallax":"1","fullscreen":"1","layout":"right-sidebar","sidebar":"default-sidebar","second_sidebar":"default-sidebar","sticky_sidebar":"1","share_position":"topbottom","share_float_style":"share-monocrhome","show_featured":"1","show_post_meta":"1","show_post_author":"1","show_post_author_image":"1","show_post_date":"1","post_date_format":"default","post_date_format_custom":"Y\/m\/d","show_post_category":"1","post_reading_time_wpm":"300","post_calculate_word_method":"str_word_count","show_zoom_button":"0","zoom_button_out_step":"2","zoom_button_in_step":"3","show_post_tag":"1","show_prev_next_post":"1","show_popup_post":"1","show_comment_section":"1","number_popup_post":"2","show_author_box":"1","show_post_related":"1","show_inline_post_related":"1"}],"image_override":[{"single_post_thumbnail_size":"crop-500","single_post_gallery_size":"crop-500"}],"trending_post_position":"meta","trending_post_label":"Trending","sponsored_post_label":"Sponsored by","disable_ad":"0","subtitle":"Saiba quando voc\u00ea recebe e como conferir seu dep\u00f3sito"},"jnews_primary_category":[],"jnews_social_meta":[],"jnews_override_counter":{"view_counter_number":"0","share_counter_number":"0","like_counter_number":"0","dislike_counter_number":"0"},"footnotes":""},"categories":[1691],"tags":[26246,28017,36209],"class_list":["post-149720","post","type-post","status-publish","format-standard","has-post-thumbnail","hentry","category-direitos-do-trabalhador","tag-calendario-inss-marco","tag-consulta-beneficios-inss","tag-pagamento-inss-2026"],"yoast_head":"<!-- This site is optimized with the Yoast SEO Premium plugin v27.4 (Yoast SEO v27.4) - https:\/\/yoast.com\/product\/yoast-seo-premium-wordpress\/ -->\n<title>Pagamentos do INSS de mar\u00e7o come\u00e7am no dia 25; veja as novidades, detalhes da consulta e dos valores - Blog Pensar Cursos<\/title>\n<meta name=\"description\" content=\"Pagamentos do INSS de mar\u00e7o come\u00e7am dia 25, com datas especiais para cidades em calamidade. Veja calend\u00e1rio, consulta e valores. Confira agora!\" \/>\n<meta name=\"robots\" content=\"index, follow, max-snippet:-1, max-image-preview:large, max-video-preview:-1\" \/>\n<link rel=\"canonical\" href=\"https:\/\/www.pensarcursos.com.br\/blog\/pagamentos-do-inss-de-marco-comecam-no-dia-25-veja-as-novidades-detalhes-da-consulta-e-dos-valores\/\" \/>\n<meta property=\"og:locale\" content=\"pt_BR\" \/>\n<meta property=\"og:type\" content=\"article\" \/>\n<meta property=\"og:title\" content=\"Pagamentos do INSS de mar\u00e7o come\u00e7am no dia 25; veja as novidades, detalhes da consulta e dos valores\" \/>\n<meta property=\"og:description\" content=\"Pagamentos do INSS de mar\u00e7o come\u00e7am dia 25, com datas especiais para cidades em calamidade. Veja calend\u00e1rio, consulta e valores. Confira agora!\" \/>\n<meta property=\"og:url\" content=\"https:\/\/www.pensarcursos.com.br\/blog\/pagamentos-do-inss-de-marco-comecam-no-dia-25-veja-as-novidades-detalhes-da-consulta-e-dos-valores\/\" \/>\n<meta property=\"og:site_name\" content=\"Blog Pensar Cursos\" \/>\n<meta property=\"article:publisher\" content=\"https:\/\/www.facebook.com\/pensarcursos\/\" \/>\n<meta property=\"article:published_time\" content=\"2026-03-13T13:09:14+00:00\" \/>\n<meta property=\"og:image\" content=\"https:\/\/www.pensarcursos.com.br\/blog\/wp-content\/uploads\/2026\/03\/pagamentos-inss-marco-2026.webp\" \/>\n\t<meta property=\"og:image:width\" content=\"1200\" \/>\n\t<meta property=\"og:image:height\" content=\"800\" \/>\n\t<meta property=\"og:image:type\" content=\"image\/webp\" \/>\n<meta name=\"author\" content=\"Luiza Pereira\" \/>\n<meta name=\"twitter:card\" content=\"summary_large_image\" \/>\n<meta name=\"twitter:label1\" content=\"Escrito por\" \/>\n\t<meta name=\"twitter:data1\" content=\"Luiza Pereira\" \/>\n\t<meta name=\"twitter:label2\" content=\"Est. tempo de leitura\" \/>\n\t<meta name=\"twitter:data2\" content=\"6 minutos\" \/>\n<!-- \/ Yoast SEO Premium plugin. -->","yoast_head_json":{"title":"Pagamentos do INSS de mar\u00e7o come\u00e7am no dia 25; veja as novidades, detalhes da consulta e dos valores - Blog Pensar Cursos","description":"Pagamentos do INSS de mar\u00e7o come\u00e7am dia 25, com datas especiais para cidades em calamidade. Veja calend\u00e1rio, consulta e valores. Confira agora!","robots":{"index":"index","follow":"follow","max-snippet":"max-snippet:-1","max-image-preview":"max-image-preview:large","max-video-preview":"max-video-preview:-1"},"canonical":"https:\/\/www.pensarcursos.com.br\/blog\/pagamentos-do-inss-de-marco-comecam-no-dia-25-veja-as-novidades-detalhes-da-consulta-e-dos-valores\/","og_locale":"pt_BR","og_type":"article","og_title":"Pagamentos do INSS de mar\u00e7o come\u00e7am no dia 25; veja as novidades, detalhes da consulta e dos valores","og_description":"Pagamentos do INSS de mar\u00e7o come\u00e7am dia 25, com datas especiais para cidades em calamidade. Veja calend\u00e1rio, consulta e valores. Confira agora!","og_url":"https:\/\/www.pensarcursos.com.br\/blog\/pagamentos-do-inss-de-marco-comecam-no-dia-25-veja-as-novidades-detalhes-da-consulta-e-dos-valores\/","og_site_name":"Blog Pensar Cursos","article_publisher":"https:\/\/www.facebook.com\/pensarcursos\/","article_published_time":"2026-03-13T13:09:14+00:00","og_image":[{"width":1200,"height":800,"url":"https:\/\/www.pensarcursos.com.br\/blog\/wp-content\/uploads\/2026\/03\/pagamentos-inss-marco-2026.webp","type":"image\/webp"}],"author":"Luiza Pereira","twitter_card":"summary_large_image","twitter_misc":{"Escrito por":"Luiza Pereira","Est. tempo de leitura":"6 minutos"},"schema":{"@context":"https:\/\/schema.org","@graph":[{"@type":["Article","BlogPosting"],"@id":"https:\/\/www.pensarcursos.com.br\/blog\/pagamentos-do-inss-de-marco-comecam-no-dia-25-veja-as-novidades-detalhes-da-consulta-e-dos-valores\/#article","isPartOf":{"@id":"https:\/\/www.pensarcursos.com.br\/blog\/pagamentos-do-inss-de-marco-comecam-no-dia-25-veja-as-novidades-detalhes-da-consulta-e-dos-valores\/"},"author":{"name":"Luiza Pereira","@id":"https:\/\/www.pensarcursos.com.br\/blog\/#\/schema\/person\/b94ff84c7271a3cb9a5ce19e07b0ed5f"},"headline":"Pagamentos do INSS de mar\u00e7o come\u00e7am no dia 25; veja as novidades, detalhes da consulta e dos valores","datePublished":"2026-03-13T13:09:14+00:00","mainEntityOfPage":{"@id":"https:\/\/www.pensarcursos.com.br\/blog\/pagamentos-do-inss-de-marco-comecam-no-dia-25-veja-as-novidades-detalhes-da-consulta-e-dos-valores\/"},"wordCount":1061,"commentCount":0,"publisher":{"@id":"https:\/\/www.pensarcursos.com.br\/blog\/#organization"},"image":{"@id":"https:\/\/www.pensarcursos.com.br\/blog\/pagamentos-do-inss-de-marco-comecam-no-dia-25-veja-as-novidades-detalhes-da-consulta-e-dos-valores\/#primaryimage"},"thumbnailUrl":"https:\/\/www.pensarcursos.com.br\/blog\/wp-content\/uploads\/2026\/03\/pagamentos-inss-marco-2026.webp","keywords":["calend\u00e1rio inss mar\u00e7o","consulta benef\u00edcios inss","pagamento inss 2026"],"articleSection":["Direitos do Trabalhador"],"inLanguage":"pt-BR","potentialAction":[{"@type":"CommentAction","name":"Comment","target":["https:\/\/www.pensarcursos.com.br\/blog\/pagamentos-do-inss-de-marco-comecam-no-dia-25-veja-as-novidades-detalhes-da-consulta-e-dos-valores\/#respond"]}],"copyrightYear":"2026","copyrightHolder":{"@id":"https:\/\/www.pensarcursos.com.br\/blog\/#organization"}},{"@type":"WebPage","@id":"https:\/\/www.pensarcursos.com.br\/blog\/pagamentos-do-inss-de-marco-comecam-no-dia-25-veja-as-novidades-detalhes-da-consulta-e-dos-valores\/","url":"https:\/\/www.pensarcursos.com.br\/blog\/pagamentos-do-inss-de-marco-comecam-no-dia-25-veja-as-novidades-detalhes-da-consulta-e-dos-valores\/","name":"Pagamentos do INSS de mar\u00e7o come\u00e7am no dia 25; veja as novidades, detalhes da consulta e dos valores - Blog Pensar Cursos","isPartOf":{"@id":"https:\/\/www.pensarcursos.com.br\/blog\/#website"},"primaryImageOfPage":{"@id":"https:\/\/www.pensarcursos.com.br\/blog\/pagamentos-do-inss-de-marco-comecam-no-dia-25-veja-as-novidades-detalhes-da-consulta-e-dos-valores\/#primaryimage"},"image":{"@id":"https:\/\/www.pensarcursos.com.br\/blog\/pagamentos-do-inss-de-marco-comecam-no-dia-25-veja-as-novidades-detalhes-da-consulta-e-dos-valores\/#primaryimage"},"thumbnailUrl":"https:\/\/www.pensarcursos.com.br\/blog\/wp-content\/uploads\/2026\/03\/pagamentos-inss-marco-2026.webp","datePublished":"2026-03-13T13:09:14+00:00","description":"Pagamentos do INSS de mar\u00e7o come\u00e7am dia 25, com datas especiais para cidades em calamidade. Veja calend\u00e1rio, consulta e valores. Confira agora!","breadcrumb":{"@id":"https:\/\/www.pensarcursos.com.br\/blog\/pagamentos-do-inss-de-marco-comecam-no-dia-25-veja-as-novidades-detalhes-da-consulta-e-dos-valores\/#breadcrumb"},"inLanguage":"pt-BR","potentialAction":[{"@type":"ReadAction","target":["https:\/\/www.pensarcursos.com.br\/blog\/pagamentos-do-inss-de-marco-comecam-no-dia-25-veja-as-novidades-detalhes-da-consulta-e-dos-valores\/"]}]},{"@type":"ImageObject","inLanguage":"pt-BR","@id":"https:\/\/www.pensarcursos.com.br\/blog\/pagamentos-do-inss-de-marco-comecam-no-dia-25-veja-as-novidades-detalhes-da-consulta-e-dos-valores\/#primaryimage","url":"https:\/\/www.pensarcursos.com.br\/blog\/wp-content\/uploads\/2026\/03\/pagamentos-inss-marco-2026.webp","contentUrl":"https:\/\/www.pensarcursos.com.br\/blog\/wp-content\/uploads\/2026\/03\/pagamentos-inss-marco-2026.webp","width":1200,"height":800,"caption":"INSS inicia os pagamentos de mar\u00e7o no dia 25 \u2014 saiba sua data, o valor atualizado do benef\u00edcio e as novidades do Instituto para este m\u00eas. Imagem: Blog Pensar Cursos"},{"@type":"BreadcrumbList","@id":"https:\/\/www.pensarcursos.com.br\/blog\/pagamentos-do-inss-de-marco-comecam-no-dia-25-veja-as-novidades-detalhes-da-consulta-e-dos-valores\/#breadcrumb","itemListElement":[{"@type":"ListItem","position":1,"name":"Home","item":"https:\/\/www.pensarcursos.com.br\/blog\/"},{"@type":"ListItem","position":2,"name":"Pagamentos do INSS de mar\u00e7o come\u00e7am no dia 25; veja as novidades, detalhes da consulta e dos valores"}]},{"@type":"WebSite","@id":"https:\/\/www.pensarcursos.com.br\/blog\/#website","url":"https:\/\/www.pensarcursos.com.br\/blog\/","name":"Blog Pensar Cursos","description":"Maior Site de Cursos do Brasil","publisher":{"@id":"https:\/\/www.pensarcursos.com.br\/blog\/#organization"},"alternateName":"Blog Pensar","potentialAction":[{"@type":"SearchAction","target":{"@type":"EntryPoint","urlTemplate":"https:\/\/www.pensarcursos.com.br\/blog\/?s={search_term_string}"},"query-input":{"@type":"PropertyValueSpecification","valueRequired":true,"valueName":"search_term_string"}}],"inLanguage":"pt-BR"},{"@type":"Organization","@id":"https:\/\/www.pensarcursos.com.br\/blog\/#organization","name":"Pensar Cursos","alternateName":"Blog pensar","url":"https:\/\/www.pensarcursos.com.br\/blog\/","logo":{"@type":"ImageObject","inLanguage":"pt-BR","@id":"https:\/\/www.pensarcursos.com.br\/blog\/#\/schema\/logo\/image\/","url":"https:\/\/www.pensarcursos.com.br\/blog\/wp-content\/uploads\/2023\/11\/Nova-Logo-Pensar-Cursos-vertical.png","contentUrl":"https:\/\/www.pensarcursos.com.br\/blog\/wp-content\/uploads\/2023\/11\/Nova-Logo-Pensar-Cursos-vertical.png","width":1393,"height":1001,"caption":"Pensar Cursos"},"image":{"@id":"https:\/\/www.pensarcursos.com.br\/blog\/#\/schema\/logo\/image\/"},"sameAs":["https:\/\/www.facebook.com\/pensarcursos\/","https:\/\/instagram.com.br\/pensarcursos"],"description":"Pensar Cursos \u00e9 uma empresa especializada em oferecer cursos de alta qualidade voltados para o desenvolvimento profissional e acad\u00eamico. Com uma ampla gama de op\u00e7\u00f5es de treinamento, oferecemos conte\u00fados atualizados, ministrados por especialistas da \u00e1rea, para capacitar indiv\u00edduos e equipes a atingirem seus objetivos. Nossa miss\u00e3o \u00e9 proporcionar uma educa\u00e7\u00e3o transformadora, acess\u00edvel e personalizada para cada aluno, seja em cursos presenciais ou online. Com uma abordagem inovadora, buscamos adaptar os nossos programas de ensino \u00e0s necessidades do mercado, criando solu\u00e7\u00f5es que atendem aos desafios e exig\u00eancias do mundo corporativo e acad\u00eamico. Nossos cursos incluem desde forma\u00e7\u00f5es t\u00e9cnicas at\u00e9 habilidades essenciais, como lideran\u00e7a, gest\u00e3o e desenvolvimento pessoal.","email":"contato@pensarcursos.com.br","legalName":"Sena Servi\u00e7os de Informa\u00e7\u00e3o Online LTDA","foundingDate":"2013-04-18","vatID":"17956217000172","numberOfEmployees":{"@type":"QuantitativeValue","minValue":"11","maxValue":"50"},"publishingPrinciples":"https:\/\/www.pensarcursos.com.br\/blog\/principios-de-publicacao\/","ownershipFundingInfo":"https:\/\/www.pensarcursos.com.br\/blog\/informacoes-de-propriedade-financiamento\/","actionableFeedbackPolicy":"https:\/\/www.pensarcursos.com.br\/blog\/politica-de-feedback-acionavel\/","correctionsPolicy":"https:\/\/www.pensarcursos.com.br\/blog\/politica-de-correcoes\/","ethicsPolicy":"https:\/\/www.pensarcursos.com.br\/blog\/politica-de-etica\/"},{"@type":"Person","@id":"https:\/\/www.pensarcursos.com.br\/blog\/#\/schema\/person\/b94ff84c7271a3cb9a5ce19e07b0ed5f","name":"Luiza Pereira","image":{"@type":"ImageObject","inLanguage":"pt-BR","@id":"https:\/\/secure.gravatar.com\/avatar\/51a9cea3f558699054e6c6d962a79771188542d9b4d73e9f96d8c0586bc5f11d?s=96&d=mm&r=g","url":"https:\/\/secure.gravatar.com\/avatar\/51a9cea3f558699054e6c6d962a79771188542d9b4d73e9f96d8c0586bc5f11d?s=96&d=mm&r=g","contentUrl":"https:\/\/secure.gravatar.com\/avatar\/51a9cea3f558699054e6c6d962a79771188542d9b4d73e9f96d8c0586bc5f11d?s=96&d=mm&r=g","caption":"Luiza Pereira"},"description":"Graduanda em Pedagogia pela Universidade Estadual do Sudoeste da Bahia (UESB). Redatora do grupo Sena Online.","sameAs":["https:\/\/www.instagram.com\/luizza_pereiraa?igsh=MmltMGh0bHUzbnR0"],"url":"https:\/\/www.pensarcursos.com.br\/blog\/author\/luiza\/"}]}},"_links":{"self":[{"href":"https:\/\/www.pensarcursos.com.br\/blog\/wp-json\/wp\/v2\/posts\/149720","targetHints":{"allow":["GET"]}}],"collection":[{"href":"https:\/\/www.pensarcursos.com.br\/blog\/wp-json\/wp\/v2\/posts"}],"about":[{"href":"https:\/\/www.pensarcursos.com.br\/blog\/wp-json\/wp\/v2\/types\/post"}],"author":[{"embeddable":true,"href":"https:\/\/www.pensarcursos.com.br\/blog\/wp-json\/wp\/v2\/users\/60"}],"replies":[{"embeddable":true,"href":"https:\/\/www.pensarcursos.com.br\/blog\/wp-json\/wp\/v2\/comments?post=149720"}],"version-history":[{"count":0,"href":"https:\/\/www.pensarcursos.com.br\/blog\/wp-json\/wp\/v2\/posts\/149720\/revisions"}],"wp:featuredmedia":[{"embeddable":true,"href":"https:\/\/www.pensarcursos.com.br\/blog\/wp-json\/wp\/v2\/media\/149724"}],"wp:attachment":[{"href":"https:\/\/www.pensarcursos.com.br\/blog\/wp-json\/wp\/v2\/media?parent=149720"}],"wp:term":[{"taxonomy":"category","embeddable":true,"href":"https:\/\/www.pensarcursos.com.br\/blog\/wp-json\/wp\/v2\/categories?post=149720"},{"taxonomy":"post_tag","embeddable":true,"href":"https:\/\/www.pensarcursos.com.br\/blog\/wp-json\/wp\/v2\/tags?post=149720"}],"curies":[{"name":"wp","href":"https:\/\/api.w.org\/{rel}","templated":true}]}}