{"id":149694,"date":"2026-03-12T22:59:42","date_gmt":"2026-03-13T01:59:42","guid":{"rendered":"https:\/\/www.pensarcursos.com.br\/blog\/?p=149694"},"modified":"2026-03-12T14:16:16","modified_gmt":"2026-03-12T17:16:16","slug":"pe-de-meia-entenda-a-diferenca-entre-bloqueio-e-exclusao-e-saiba-como-agir-em-cada-caso","status":"publish","type":"post","link":"https:\/\/www.pensarcursos.com.br\/blog\/pe-de-meia-entenda-a-diferenca-entre-bloqueio-e-exclusao-e-saiba-como-agir-em-cada-caso\/","title":{"rendered":"P\u00e9-de-Meia: entenda a diferen\u00e7a entre bloqueio e exclus\u00e3o e saiba como agir em cada caso"},"content":{"rendered":"<p>P\u00e9-de-Meia: seu benef\u00edcio n\u00e3o caiu? Descubra se \u00e9 bloqueio ou exclus\u00e3o e saiba como agir!<\/p>\n<p>Se voc\u00ea abriu o aplicativo e percebeu que o valor do P\u00e9-de-Meia n\u00e3o foi pago, n\u00e3o entre em p\u00e2nico. Bloqueio e exclus\u00e3o s\u00e3o situa\u00e7\u00f5es distintas, e saber exatamente qual ocorreu pode fazer toda a diferen\u00e7a para recuperar o benef\u00edcio.<\/p>\n<p>Continue lendo e aprenda como identificar cada caso e tomar as medidas certas para garantir seus pagamentos.<\/p>\n<h2>O que \u00e9 o P\u00e9-de-Meia e como ele funciona?<\/h2>\n<p>O <a href=\"https:\/\/www.pensarcursos.com.br\/blog\/prazo-de-matricula-no-pe-de-meia-como-garantir-o-pagamento-de-r-200-em-2026\/\" target=\"_blank\" rel=\"noopener\">P\u00e9-de-Meia<\/a> \u00e9 um programa do Governo Federal que incentiva jovens do ensino m\u00e9dio p\u00fablico a permanecerem na escola. Ele funciona como uma poupan\u00e7a educacional: quanto mais o estudante se dedica \u2014 frequentando as aulas, sendo aprovado e concluindo o ensino m\u00e9dio \u2014, mais dinheiro acumula na conta.<\/p>\n<p>Para participar, o estudante precisa estar matriculado em uma escola p\u00fablica, ter entre 14 e 24 anos, estar inscrito no Cadastro \u00danico (Cad\u00danico) com dados atualizados e ter renda familiar de at\u00e9 meio sal\u00e1rio m\u00ednimo por pessoa. O programa \u00e9 coordenado pelo Minist\u00e9rio da Educa\u00e7\u00e3o (MEC), e os pagamentos s\u00e3o realizados pela Caixa Econ\u00f4mica Federal.<\/p>\n<p>Considerando todos os anos do ensino m\u00e9dio e a participa\u00e7\u00e3o no Enem, o valor total que o estudante pode acumular ao longo do programa chega a R$ 9.200.<\/p>\n<h2>Entenda o bloqueio do P\u00e9-de-Meia e saiba como ele acontece<\/h2>\n<p>O <a href=\"https:\/\/www.pensarcursos.com.br\/blog\/pe-de-meia-2026-evite-esses-erros-para-nao-perder-o-beneficio\/\" target=\"_blank\" rel=\"noopener\">bloqueio do P\u00e9-de-Meia<\/a> \u00e9 uma suspens\u00e3o tempor\u00e1ria do pagamento que, na maioria dos casos, tem solu\u00e7\u00e3o r\u00e1pida. Ele pode ocorrer principalmente por dois motivos:<\/p>\n<ul>\n<li><strong>Frequ\u00eancia abaixo de 80%:<\/strong> quando o estudante registra presen\u00e7a menor que 80% no m\u00eas e a m\u00e9dia acumulada tamb\u00e9m est\u00e1 abaixo desse limite.<\/li>\n<li><strong>Inconsist\u00eancias cadastrais:<\/strong> quando h\u00e1 diverg\u00eancias entre os dados enviados pela escola e as informa\u00e7\u00f5es do Cad\u00danico.<\/li>\n<\/ul>\n<p>Nessas situa\u00e7\u00f5es, o pagamento fica temporariamente retido, mas o estudante n\u00e3o \u00e9 desligado do programa. Assim que o problema for identificado e corrigido, o benef\u00edcio volta a ser pago normalmente. Por isso, \u00e9 fundamental acompanhar o cadastro e a frequ\u00eancia regularmente para evitar surpresas.<\/p>\n<h2>O que fazer se o benef\u00edcio foi bloqueado?<\/h2>\n<figure id=\"attachment_149696\" aria-describedby=\"caption-attachment-149696\" style=\"width: 1200px\" class=\"wp-caption aligncenter\"><img decoding=\"async\" class=\"wp-image-149696 size-full\" src=\"https:\/\/www.pensarcursos.com.br\/blog\/wp-content\/uploads\/2026\/03\/pe-de-meia-bloqueado-1.webp\" alt=\"Jovem estudante negra segurando o cart\u00e3o do programa P\u00e9-de-Meia em frente \u00e0 escola, representando o benef\u00edcio que pode ser bloqueado por falta de frequ\u00eancia ou inconsist\u00eancias cadastrais\" width=\"1200\" height=\"800\" srcset=\"https:\/\/www.pensarcursos.com.br\/blog\/wp-content\/uploads\/2026\/03\/pe-de-meia-bloqueado-1.webp 1200w, https:\/\/www.pensarcursos.com.br\/blog\/wp-content\/uploads\/2026\/03\/pe-de-meia-bloqueado-1-300x200.webp 300w, https:\/\/www.pensarcursos.com.br\/blog\/wp-content\/uploads\/2026\/03\/pe-de-meia-bloqueado-1-1024x683.webp 1024w, https:\/\/www.pensarcursos.com.br\/blog\/wp-content\/uploads\/2026\/03\/pe-de-meia-bloqueado-1-768x512.webp 768w, https:\/\/www.pensarcursos.com.br\/blog\/wp-content\/uploads\/2026\/03\/pe-de-meia-bloqueado-1-750x500.webp 750w, https:\/\/www.pensarcursos.com.br\/blog\/wp-content\/uploads\/2026\/03\/pe-de-meia-bloqueado-1-1140x760.webp 1140w\" sizes=\"(max-width: 1200px) 100vw, 1200px\" \/><figcaption id=\"caption-attachment-149696\" class=\"wp-caption-text\">Bloqueio no P\u00e9-de-Meia \u00e9 tempor\u00e1rio e tem solu\u00e7\u00e3o \u2014 mas \u00e9 preciso agir r\u00e1pido para n\u00e3o perder o pagamento. Imagem: Blog Pensar Cursos<\/figcaption><\/figure>\n<p>Se o benef\u00edcio foi bloqueado, o caminho \u00e9 simples: acessar o <a href=\"https:\/\/estudante.pedemeia.mec.gov.br\/\" target=\"_blank\" rel=\"noopener\">site de consulta do P\u00e9-de-Meia<\/a>, verificar o motivo do bloqueio e tomar a provid\u00eancia necess\u00e1ria.<\/p>\n<ul>\n<li><strong>Problema de frequ\u00eancia:<\/strong> conversar com a escola para confirmar se os registros est\u00e3o corretos e, se houver algum erro, solicitar a corre\u00e7\u00e3o.<\/li>\n<li><strong>Pend\u00eancia cadastral:<\/strong> comparecer ao posto de atendimento do Cad\u00danico mais pr\u00f3ximo e solicitar a atualiza\u00e7\u00e3o dos dados.<\/li>\n<\/ul>\n<p>Depois que a pend\u00eancia for resolvida, o pagamento retorna automaticamente no ciclo seguinte, sem necessidade de nenhuma solicita\u00e7\u00e3o adicional \u2014 o sistema atualiza sozinho assim que tudo estiver regularizado.<\/p>\n<h2>E a exclus\u00e3o, quais s\u00e3o os motivos?<\/h2>\n<p>A exclus\u00e3o \u2014 tamb\u00e9m chamada de sa\u00edda \u2014 \u00e9 mais grave e pode ser definitiva. O programa prev\u00ea algumas situa\u00e7\u00f5es que levam ao desligamento do estudante:<\/p>\n<ol>\n<li><strong>Pedido volunt\u00e1rio:<\/strong> quando o pr\u00f3prio estudante ou seu respons\u00e1vel legal solicita a sa\u00edda do programa.<\/li>\n<li><strong>Perda dos requisitos de elegibilidade:<\/strong> como ultrapassar o limite de renda familiar ou a idade m\u00e1xima de 24 anos.<\/li>\n<li><strong>Evas\u00e3o escolar:<\/strong> deixar de frequentar a escola sem justificativa.<\/li>\n<li><strong>Duas reprova\u00e7\u00f5es consecutivas:<\/strong> reprovar duas vezes seguidas no ano letivo compromete a continuidade no programa.<\/li>\n<li><strong>Abandono da escola por mais de dois anos:<\/strong> interromper os estudos por longo per\u00edodo inviabiliza a manuten\u00e7\u00e3o do benef\u00edcio.<\/li>\n<li><strong>Falecimento:<\/strong> em caso de morte do estudante.<\/li>\n<li><strong>Fraude ou irregularidade comprovada:<\/strong> qualquer a\u00e7\u00e3o que configure fraude ou fornecimento de informa\u00e7\u00f5es falsas resulta em exclus\u00e3o imediata e permanente.<\/li>\n<\/ol>\n<h2>O que fazer se houve exclus\u00e3o do programa?<\/h2>\n<p>Se a exclus\u00e3o ocorreu por pedido volunt\u00e1rio, perda de elegibilidade, evas\u00e3o, reprova\u00e7\u00f5es consecutivas ou abandono, o retorno ao P\u00e9-de-Meia \u00e9 poss\u00edvel.<\/p>\n<p>Basta que o estudante volte a cumprir os crit\u00e9rios exigidos e aguarde a reinclus\u00e3o pelo sistema. Em caso de d\u00favida, a secretaria de educa\u00e7\u00e3o do estado ou o <a href=\"https:\/\/www.gov.br\/mec\/pt-br\/pe-de-meia\" target=\"_blank\" rel=\"noopener\">portal do MEC<\/a> podem orientar sobre os pr\u00f3ximos passos.<\/p>\n<p>J\u00e1 no caso de fraude ou irregularidade comprovada, a exclus\u00e3o \u00e9 permanente. O estudante perde definitivamente o direito de reingresso e n\u00e3o pode mais participar do programa em nenhuma circunst\u00e2ncia.<\/p>\n<h2>Quem foi exclu\u00eddo ainda pode receber algum valor?<\/h2>\n<p>Sim \u2014 e esse \u00e9 um ponto que a maioria dos estudantes desconhece. Mesmo perdendo a elegibilidade ao programa, o benefici\u00e1rio ainda tem direito a solicitar os valores do<a href=\"https:\/\/www.pensarcursos.com.br\/blog\/incentivo-conclusao-do-pe-de-meia-mec-informa-que-quem-nao-recebeu-os-r-1-000-deve-aguardar-atualizacao\/\" target=\"_blank\" rel=\"noopener\"> Incentivo-Conclus\u00e3o<\/a> referentes aos anos em que participou do P\u00e9-de-Meia.<\/p>\n<p>Esses valores s\u00f3 podem ser sacados ap\u00f3s a conclus\u00e3o do ensino m\u00e9dio, conforme as regras de libera\u00e7\u00e3o estabelecidas pelo MEC. O desligamento do programa n\u00e3o apaga o hist\u00f3rico de participa\u00e7\u00e3o nem cancela o direito ao que j\u00e1 foi acumulado \u2014 o dinheiro continua l\u00e1, esperando pelo momento certo para ser resgatado.<\/p>\n<h2>Quer saber mais sobre seus direitos e benef\u00edcios?<\/h2>\n<p>No <a href=\"https:\/\/www.pensarcursos.com.br\/blog\/\" target=\"_blank\" rel=\"noopener\">Blog Pensar Cursos<\/a>, voc\u00ea encontra conte\u00fados atualizados sobre programas sociais, benef\u00edcios do governo e tudo o que precisa saber para n\u00e3o perder nenhum direito. De P\u00e9-de-Meia a INSS, de FGTS a Bolsa Fam\u00edlia \u2014 tudo explicado de forma clara e direta, para que a informa\u00e7\u00e3o chegue a quem realmente precisa. Continue explorando o portal e fique por dentro de tudo!<\/p>\n<p>A seguir, confira o calend\u00e1rio de pagamentos do P\u00e9-de-Meia em 2026:<\/p>\n<div class=\"jeg_video_container jeg_video_content\"><iframe title=\"Calend\u00e1rio P\u00e9-de-Meia 2026 saiu! Veja todas as datas e as mudan\u00e7as nas regras\" width=\"500\" height=\"281\" src=\"https:\/\/www.youtube.com\/embed\/pZW_azwnraA?feature=oembed\" frameborder=\"0\" allow=\"accelerometer; autoplay; clipboard-write; encrypted-media; gyroscope; picture-in-picture; web-share\" referrerpolicy=\"strict-origin-when-cross-origin\" allowfullscreen><\/iframe><\/div>\n","protected":false},"excerpt":{"rendered":"<p>P\u00e9-de-Meia: seu benef\u00edcio n\u00e3o caiu? Descubra se \u00e9 bloqueio ou exclus\u00e3o e saiba como agir! Se voc\u00ea abriu o aplicativo e percebeu que o valor do P\u00e9-de-Meia n\u00e3o foi pago, n\u00e3o entre em p\u00e2nico. Bloqueio e exclus\u00e3o s\u00e3o situa\u00e7\u00f5es distintas, e saber exatamente qual ocorreu pode fazer toda a diferen\u00e7a para recuperar o benef\u00edcio. Continue [&hellip;]<\/p>\n","protected":false},"author":60,"featured_media":149697,"comment_status":"open","ping_status":"closed","sticky":false,"template":"","format":"standard","meta":{"jnews-multi-image_gallery":[],"jnews_single_post":{"format":"standard","override":[{"template":"1","parallax":"1","fullscreen":"1","layout":"right-sidebar","sidebar":"default-sidebar","second_sidebar":"default-sidebar","sticky_sidebar":"1","share_position":"topbottom","share_float_style":"share-monocrhome","show_featured":"1","show_post_meta":"1","show_post_author":"1","show_post_author_image":"1","show_post_date":"1","post_date_format":"default","post_date_format_custom":"Y\/m\/d","show_post_category":"1","post_reading_time_wpm":"300","post_calculate_word_method":"str_word_count","show_zoom_button":"0","zoom_button_out_step":"2","zoom_button_in_step":"3","show_post_tag":"1","show_prev_next_post":"1","show_popup_post":"1","show_comment_section":"1","number_popup_post":"2","show_author_box":"1","show_post_related":"1","show_inline_post_related":"1"}],"image_override":[{"single_post_thumbnail_size":"crop-500","single_post_gallery_size":"crop-500"}],"trending_post_position":"meta","trending_post_label":"Trending","sponsored_post_label":"Sponsored by","disable_ad":"0","subtitle":"Saiba como desbloquear pagamentos suspensos e quando ainda \u00e9 poss\u00edvel voltar ao P\u00e9-de-Meia"},"jnews_primary_category":[],"jnews_social_meta":[],"jnews_override_counter":{"view_counter_number":"0","share_counter_number":"0","like_counter_number":"0","dislike_counter_number":"0"},"footnotes":""},"categories":[1657,17201],"tags":[36843,37352,35273],"class_list":["post-149694","post","type-post","status-publish","format-standard","has-post-thumbnail","hentry","category-beneficios-sociais","category-pe-de-meia","tag-bloqueio-pe-de-meia","tag-exclusao-pe-de-meia","tag-regras-pe-de-meia-2026"],"yoast_head":"<!-- This site is optimized with the Yoast SEO Premium plugin v27.4 (Yoast SEO v27.4) - https:\/\/yoast.com\/product\/yoast-seo-premium-wordpress\/ -->\n<title>P\u00e9-de-Meia: entenda a diferen\u00e7a entre bloqueio e exclus\u00e3o e saiba como agir em cada caso - Blog Pensar Cursos<\/title>\n<meta name=\"description\" content=\"Descubra a diferen\u00e7a entre bloqueio e exclus\u00e3o no P\u00e9-de-Meia 2026, saiba como agir para recuperar o benef\u00edcio e proteja seu direito. Veja como proceder!\" \/>\n<meta name=\"robots\" content=\"index, follow, max-snippet:-1, max-image-preview:large, max-video-preview:-1\" \/>\n<link rel=\"canonical\" href=\"https:\/\/www.pensarcursos.com.br\/blog\/pe-de-meia-entenda-a-diferenca-entre-bloqueio-e-exclusao-e-saiba-como-agir-em-cada-caso\/\" \/>\n<meta property=\"og:locale\" content=\"pt_BR\" \/>\n<meta property=\"og:type\" content=\"article\" \/>\n<meta property=\"og:title\" content=\"P\u00e9-de-Meia: entenda a diferen\u00e7a entre bloqueio e exclus\u00e3o e saiba como agir em cada caso\" \/>\n<meta property=\"og:description\" content=\"Descubra a diferen\u00e7a entre bloqueio e exclus\u00e3o no P\u00e9-de-Meia 2026, saiba como agir para recuperar o benef\u00edcio e proteja seu direito. Veja como proceder!\" \/>\n<meta property=\"og:url\" content=\"https:\/\/www.pensarcursos.com.br\/blog\/pe-de-meia-entenda-a-diferenca-entre-bloqueio-e-exclusao-e-saiba-como-agir-em-cada-caso\/\" \/>\n<meta property=\"og:site_name\" content=\"Blog Pensar Cursos\" \/>\n<meta property=\"article:publisher\" content=\"https:\/\/www.facebook.com\/pensarcursos\/\" \/>\n<meta property=\"article:published_time\" content=\"2026-03-13T01:59:42+00:00\" \/>\n<meta property=\"og:image\" content=\"https:\/\/www.pensarcursos.com.br\/blog\/wp-content\/uploads\/2026\/03\/exclusao-pe-de-meia.webp\" \/>\n\t<meta property=\"og:image:width\" content=\"1200\" \/>\n\t<meta property=\"og:image:height\" content=\"800\" \/>\n\t<meta property=\"og:image:type\" content=\"image\/webp\" \/>\n<meta name=\"author\" content=\"Luiza Pereira\" \/>\n<meta name=\"twitter:card\" content=\"summary_large_image\" \/>\n<meta name=\"twitter:label1\" content=\"Escrito por\" \/>\n\t<meta name=\"twitter:data1\" content=\"Luiza Pereira\" \/>\n\t<meta name=\"twitter:label2\" content=\"Est. tempo de leitura\" \/>\n\t<meta name=\"twitter:data2\" content=\"6 minutos\" \/>\n<!-- \/ Yoast SEO Premium plugin. -->","yoast_head_json":{"title":"P\u00e9-de-Meia: entenda a diferen\u00e7a entre bloqueio e exclus\u00e3o e saiba como agir em cada caso - Blog Pensar Cursos","description":"Descubra a diferen\u00e7a entre bloqueio e exclus\u00e3o no P\u00e9-de-Meia 2026, saiba como agir para recuperar o benef\u00edcio e proteja seu direito. Veja como proceder!","robots":{"index":"index","follow":"follow","max-snippet":"max-snippet:-1","max-image-preview":"max-image-preview:large","max-video-preview":"max-video-preview:-1"},"canonical":"https:\/\/www.pensarcursos.com.br\/blog\/pe-de-meia-entenda-a-diferenca-entre-bloqueio-e-exclusao-e-saiba-como-agir-em-cada-caso\/","og_locale":"pt_BR","og_type":"article","og_title":"P\u00e9-de-Meia: entenda a diferen\u00e7a entre bloqueio e exclus\u00e3o e saiba como agir em cada caso","og_description":"Descubra a diferen\u00e7a entre bloqueio e exclus\u00e3o no P\u00e9-de-Meia 2026, saiba como agir para recuperar o benef\u00edcio e proteja seu direito. Veja como proceder!","og_url":"https:\/\/www.pensarcursos.com.br\/blog\/pe-de-meia-entenda-a-diferenca-entre-bloqueio-e-exclusao-e-saiba-como-agir-em-cada-caso\/","og_site_name":"Blog Pensar Cursos","article_publisher":"https:\/\/www.facebook.com\/pensarcursos\/","article_published_time":"2026-03-13T01:59:42+00:00","og_image":[{"width":1200,"height":800,"url":"https:\/\/www.pensarcursos.com.br\/blog\/wp-content\/uploads\/2026\/03\/exclusao-pe-de-meia.webp","type":"image\/webp"}],"author":"Luiza Pereira","twitter_card":"summary_large_image","twitter_misc":{"Escrito por":"Luiza Pereira","Est. tempo de leitura":"6 minutos"},"schema":{"@context":"https:\/\/schema.org","@graph":[{"@type":["Article","BlogPosting"],"@id":"https:\/\/www.pensarcursos.com.br\/blog\/pe-de-meia-entenda-a-diferenca-entre-bloqueio-e-exclusao-e-saiba-como-agir-em-cada-caso\/#article","isPartOf":{"@id":"https:\/\/www.pensarcursos.com.br\/blog\/pe-de-meia-entenda-a-diferenca-entre-bloqueio-e-exclusao-e-saiba-como-agir-em-cada-caso\/"},"author":{"name":"Luiza Pereira","@id":"https:\/\/www.pensarcursos.com.br\/blog\/#\/schema\/person\/b94ff84c7271a3cb9a5ce19e07b0ed5f"},"headline":"P\u00e9-de-Meia: entenda a diferen\u00e7a entre bloqueio e exclus\u00e3o e saiba como agir em cada caso","datePublished":"2026-03-13T01:59:42+00:00","mainEntityOfPage":{"@id":"https:\/\/www.pensarcursos.com.br\/blog\/pe-de-meia-entenda-a-diferenca-entre-bloqueio-e-exclusao-e-saiba-como-agir-em-cada-caso\/"},"wordCount":988,"commentCount":0,"publisher":{"@id":"https:\/\/www.pensarcursos.com.br\/blog\/#organization"},"image":{"@id":"https:\/\/www.pensarcursos.com.br\/blog\/pe-de-meia-entenda-a-diferenca-entre-bloqueio-e-exclusao-e-saiba-como-agir-em-cada-caso\/#primaryimage"},"thumbnailUrl":"https:\/\/www.pensarcursos.com.br\/blog\/wp-content\/uploads\/2026\/03\/exclusao-pe-de-meia.webp","keywords":["bloqueio p\u00e9 de meia","exclus\u00e3o p\u00e9 de meia","regras p\u00e9 de meia 2026"],"articleSection":["Benef\u00edcios Sociais","P\u00e9-de-Meia"],"inLanguage":"pt-BR","potentialAction":[{"@type":"CommentAction","name":"Comment","target":["https:\/\/www.pensarcursos.com.br\/blog\/pe-de-meia-entenda-a-diferenca-entre-bloqueio-e-exclusao-e-saiba-como-agir-em-cada-caso\/#respond"]}],"copyrightYear":"2026","copyrightHolder":{"@id":"https:\/\/www.pensarcursos.com.br\/blog\/#organization"}},{"@type":"WebPage","@id":"https:\/\/www.pensarcursos.com.br\/blog\/pe-de-meia-entenda-a-diferenca-entre-bloqueio-e-exclusao-e-saiba-como-agir-em-cada-caso\/","url":"https:\/\/www.pensarcursos.com.br\/blog\/pe-de-meia-entenda-a-diferenca-entre-bloqueio-e-exclusao-e-saiba-como-agir-em-cada-caso\/","name":"P\u00e9-de-Meia: entenda a diferen\u00e7a entre bloqueio e exclus\u00e3o e saiba como agir em cada caso - Blog Pensar Cursos","isPartOf":{"@id":"https:\/\/www.pensarcursos.com.br\/blog\/#website"},"primaryImageOfPage":{"@id":"https:\/\/www.pensarcursos.com.br\/blog\/pe-de-meia-entenda-a-diferenca-entre-bloqueio-e-exclusao-e-saiba-como-agir-em-cada-caso\/#primaryimage"},"image":{"@id":"https:\/\/www.pensarcursos.com.br\/blog\/pe-de-meia-entenda-a-diferenca-entre-bloqueio-e-exclusao-e-saiba-como-agir-em-cada-caso\/#primaryimage"},"thumbnailUrl":"https:\/\/www.pensarcursos.com.br\/blog\/wp-content\/uploads\/2026\/03\/exclusao-pe-de-meia.webp","datePublished":"2026-03-13T01:59:42+00:00","description":"Descubra a diferen\u00e7a entre bloqueio e exclus\u00e3o no P\u00e9-de-Meia 2026, saiba como agir para recuperar o benef\u00edcio e proteja seu direito. Veja como proceder!","breadcrumb":{"@id":"https:\/\/www.pensarcursos.com.br\/blog\/pe-de-meia-entenda-a-diferenca-entre-bloqueio-e-exclusao-e-saiba-como-agir-em-cada-caso\/#breadcrumb"},"inLanguage":"pt-BR","potentialAction":[{"@type":"ReadAction","target":["https:\/\/www.pensarcursos.com.br\/blog\/pe-de-meia-entenda-a-diferenca-entre-bloqueio-e-exclusao-e-saiba-como-agir-em-cada-caso\/"]}]},{"@type":"ImageObject","inLanguage":"pt-BR","@id":"https:\/\/www.pensarcursos.com.br\/blog\/pe-de-meia-entenda-a-diferenca-entre-bloqueio-e-exclusao-e-saiba-como-agir-em-cada-caso\/#primaryimage","url":"https:\/\/www.pensarcursos.com.br\/blog\/wp-content\/uploads\/2026\/03\/exclusao-pe-de-meia.webp","contentUrl":"https:\/\/www.pensarcursos.com.br\/blog\/wp-content\/uploads\/2026\/03\/exclusao-pe-de-meia.webp","width":1200,"height":800,"caption":"Exclus\u00e3o do P\u00e9-de-Meia pode ser revertida em alguns casos \u2014 mas exige aten\u00e7\u00e3o aos motivos do desligamento e \u00e0s regras de reingresso. Imagem: Blog Pensar Cursos"},{"@type":"BreadcrumbList","@id":"https:\/\/www.pensarcursos.com.br\/blog\/pe-de-meia-entenda-a-diferenca-entre-bloqueio-e-exclusao-e-saiba-como-agir-em-cada-caso\/#breadcrumb","itemListElement":[{"@type":"ListItem","position":1,"name":"Home","item":"https:\/\/www.pensarcursos.com.br\/blog\/"},{"@type":"ListItem","position":2,"name":"P\u00e9-de-Meia: entenda a diferen\u00e7a entre bloqueio e exclus\u00e3o e saiba como agir em cada caso"}]},{"@type":"WebSite","@id":"https:\/\/www.pensarcursos.com.br\/blog\/#website","url":"https:\/\/www.pensarcursos.com.br\/blog\/","name":"Blog Pensar Cursos","description":"Maior Site de Cursos do Brasil","publisher":{"@id":"https:\/\/www.pensarcursos.com.br\/blog\/#organization"},"alternateName":"Blog Pensar","potentialAction":[{"@type":"SearchAction","target":{"@type":"EntryPoint","urlTemplate":"https:\/\/www.pensarcursos.com.br\/blog\/?s={search_term_string}"},"query-input":{"@type":"PropertyValueSpecification","valueRequired":true,"valueName":"search_term_string"}}],"inLanguage":"pt-BR"},{"@type":"Organization","@id":"https:\/\/www.pensarcursos.com.br\/blog\/#organization","name":"Pensar Cursos","alternateName":"Blog pensar","url":"https:\/\/www.pensarcursos.com.br\/blog\/","logo":{"@type":"ImageObject","inLanguage":"pt-BR","@id":"https:\/\/www.pensarcursos.com.br\/blog\/#\/schema\/logo\/image\/","url":"https:\/\/www.pensarcursos.com.br\/blog\/wp-content\/uploads\/2023\/11\/Nova-Logo-Pensar-Cursos-vertical.png","contentUrl":"https:\/\/www.pensarcursos.com.br\/blog\/wp-content\/uploads\/2023\/11\/Nova-Logo-Pensar-Cursos-vertical.png","width":1393,"height":1001,"caption":"Pensar Cursos"},"image":{"@id":"https:\/\/www.pensarcursos.com.br\/blog\/#\/schema\/logo\/image\/"},"sameAs":["https:\/\/www.facebook.com\/pensarcursos\/","https:\/\/instagram.com.br\/pensarcursos"],"description":"Pensar Cursos \u00e9 uma empresa especializada em oferecer cursos de alta qualidade voltados para o desenvolvimento profissional e acad\u00eamico. Com uma ampla gama de op\u00e7\u00f5es de treinamento, oferecemos conte\u00fados atualizados, ministrados por especialistas da \u00e1rea, para capacitar indiv\u00edduos e equipes a atingirem seus objetivos. Nossa miss\u00e3o \u00e9 proporcionar uma educa\u00e7\u00e3o transformadora, acess\u00edvel e personalizada para cada aluno, seja em cursos presenciais ou online. Com uma abordagem inovadora, buscamos adaptar os nossos programas de ensino \u00e0s necessidades do mercado, criando solu\u00e7\u00f5es que atendem aos desafios e exig\u00eancias do mundo corporativo e acad\u00eamico. Nossos cursos incluem desde forma\u00e7\u00f5es t\u00e9cnicas at\u00e9 habilidades essenciais, como lideran\u00e7a, gest\u00e3o e desenvolvimento pessoal.","email":"contato@pensarcursos.com.br","legalName":"Sena Servi\u00e7os de Informa\u00e7\u00e3o Online LTDA","foundingDate":"2013-04-18","vatID":"17956217000172","numberOfEmployees":{"@type":"QuantitativeValue","minValue":"11","maxValue":"50"},"publishingPrinciples":"https:\/\/www.pensarcursos.com.br\/blog\/principios-de-publicacao\/","ownershipFundingInfo":"https:\/\/www.pensarcursos.com.br\/blog\/informacoes-de-propriedade-financiamento\/","actionableFeedbackPolicy":"https:\/\/www.pensarcursos.com.br\/blog\/politica-de-feedback-acionavel\/","correctionsPolicy":"https:\/\/www.pensarcursos.com.br\/blog\/politica-de-correcoes\/","ethicsPolicy":"https:\/\/www.pensarcursos.com.br\/blog\/politica-de-etica\/"},{"@type":"Person","@id":"https:\/\/www.pensarcursos.com.br\/blog\/#\/schema\/person\/b94ff84c7271a3cb9a5ce19e07b0ed5f","name":"Luiza Pereira","image":{"@type":"ImageObject","inLanguage":"pt-BR","@id":"https:\/\/secure.gravatar.com\/avatar\/51a9cea3f558699054e6c6d962a79771188542d9b4d73e9f96d8c0586bc5f11d?s=96&d=mm&r=g","url":"https:\/\/secure.gravatar.com\/avatar\/51a9cea3f558699054e6c6d962a79771188542d9b4d73e9f96d8c0586bc5f11d?s=96&d=mm&r=g","contentUrl":"https:\/\/secure.gravatar.com\/avatar\/51a9cea3f558699054e6c6d962a79771188542d9b4d73e9f96d8c0586bc5f11d?s=96&d=mm&r=g","caption":"Luiza Pereira"},"description":"Graduanda em Pedagogia pela Universidade Estadual do Sudoeste da Bahia (UESB). Redatora do grupo Sena Online.","sameAs":["https:\/\/www.instagram.com\/luizza_pereiraa?igsh=MmltMGh0bHUzbnR0"],"url":"https:\/\/www.pensarcursos.com.br\/blog\/author\/luiza\/"}]}},"_links":{"self":[{"href":"https:\/\/www.pensarcursos.com.br\/blog\/wp-json\/wp\/v2\/posts\/149694","targetHints":{"allow":["GET"]}}],"collection":[{"href":"https:\/\/www.pensarcursos.com.br\/blog\/wp-json\/wp\/v2\/posts"}],"about":[{"href":"https:\/\/www.pensarcursos.com.br\/blog\/wp-json\/wp\/v2\/types\/post"}],"author":[{"embeddable":true,"href":"https:\/\/www.pensarcursos.com.br\/blog\/wp-json\/wp\/v2\/users\/60"}],"replies":[{"embeddable":true,"href":"https:\/\/www.pensarcursos.com.br\/blog\/wp-json\/wp\/v2\/comments?post=149694"}],"version-history":[{"count":0,"href":"https:\/\/www.pensarcursos.com.br\/blog\/wp-json\/wp\/v2\/posts\/149694\/revisions"}],"wp:featuredmedia":[{"embeddable":true,"href":"https:\/\/www.pensarcursos.com.br\/blog\/wp-json\/wp\/v2\/media\/149697"}],"wp:attachment":[{"href":"https:\/\/www.pensarcursos.com.br\/blog\/wp-json\/wp\/v2\/media?parent=149694"}],"wp:term":[{"taxonomy":"category","embeddable":true,"href":"https:\/\/www.pensarcursos.com.br\/blog\/wp-json\/wp\/v2\/categories?post=149694"},{"taxonomy":"post_tag","embeddable":true,"href":"https:\/\/www.pensarcursos.com.br\/blog\/wp-json\/wp\/v2\/tags?post=149694"}],"curies":[{"name":"wp","href":"https:\/\/api.w.org\/{rel}","templated":true}]}}