{"id":149665,"date":"2026-03-12T20:39:52","date_gmt":"2026-03-12T23:39:52","guid":{"rendered":"https:\/\/www.pensarcursos.com.br\/blog\/?p=149665"},"modified":"2026-03-12T12:46:24","modified_gmt":"2026-03-12T15:46:24","slug":"bibliotecarios-na-era-digital-a-profissao-vai-desaparecer-ou-se-reinventar","status":"publish","type":"post","link":"https:\/\/www.pensarcursos.com.br\/blog\/bibliotecarios-na-era-digital-a-profissao-vai-desaparecer-ou-se-reinventar\/","title":{"rendered":"Bibliotec\u00e1rios na era digital: a profiss\u00e3o vai desaparecer ou se reinventar?"},"content":{"rendered":"<p>Uma profiss\u00e3o com mais de um s\u00e9culo de hist\u00f3ria enfrenta hoje sua maior transforma\u00e7\u00e3o. Com a<a href=\"https:\/\/www.pensarcursos.com.br\/blog\/confira-10-profissoes-que-a-inteligencia-artificial-esta-impulsionando\/\" target=\"_blank\" rel=\"noopener\"> intelig\u00eancia artificial<\/a> organizando dados e algoritmos sugerindo leituras, surge a pergunta que 45 mil bibliotec\u00e1rios registrados no Brasil precisam responder: o que sobra para o profissional humano quando as m\u00e1quinas assumem o cat\u00e1logo?<\/p>\n<p>A resposta, segundo especialistas, \u00e9 mais complexa do que parece.<\/p>\n<h2>O que faz um bibliotec\u00e1rio hoje<\/h2>\n<p>A imagem do bibliotec\u00e1rio entre estantes empoeiradas n\u00e3o reflete mais a realidade da profiss\u00e3o. Atualmente, esses profissionais atuam na <strong>gest\u00e3o da informa\u00e7\u00e3o<\/strong> em sentido amplo, muito al\u00e9m dos livros f\u00edsicos.<\/p>\n<p>Entre as atividades do dia a dia est\u00e3o:<\/p>\n<ul>\n<li>Cataloga\u00e7\u00e3o e indexa\u00e7\u00e3o de documentos f\u00edsicos e digitais<\/li>\n<li>Gest\u00e3o de acervos h\u00edbridos<\/li>\n<li>Media\u00e7\u00e3o de leitura e orienta\u00e7\u00e3o a usu\u00e1rios<\/li>\n<li>Organiza\u00e7\u00e3o de bases de dados institucionais<\/li>\n<li><strong>Curadoria de informa\u00e7\u00e3o<\/strong> em empresas, escolas e \u00f3rg\u00e3os p\u00fablicos<\/li>\n<\/ul>\n<p>O campo de atua\u00e7\u00e3o inclui universidades, centros de pesquisa, arquivos p\u00fablicos, editoras e at\u00e9 empresas privadas que lidam com grandes volumes de dados.<\/p>\n<h2>Como a tecnologia mudou a rotina da profiss\u00e3o<\/h2>\n<h3>Automa\u00e7\u00e3o de tarefas operacionais<\/h3>\n<p>Ferramentas digitais passaram a executar tarefas que antes demandavam horas de trabalho manual. Indexa\u00e7\u00e3o autom\u00e1tica, recomenda\u00e7\u00e3o de leitura por algoritmos e cataloga\u00e7\u00e3o digital integrada j\u00e1 fazem parte do cotidiano das bibliotecas modernas.<\/p>\n<p>Isso reduziu o tempo gasto em atividades repetitivas, mas n\u00e3o eliminou a necessidade de supervis\u00e3o t\u00e9cnica. Sistemas automatizados precisam de profissionais que definam <strong>padr\u00f5es de classifica\u00e7\u00e3o<\/strong> e validem os dados gerados.<\/p>\n<h3>Bibliotecas digitais e acervos online<\/h3>\n<p>Muitas institui\u00e7\u00f5es adotaram acervos h\u00edbridos, com livros f\u00edsicos e digitais, sistemas de empr\u00e9stimo online e bases de dados acad\u00eamicas. O bibliotec\u00e1rio passou a atuar como intermedi\u00e1rio entre o usu\u00e1rio e essas plataformas, orientando sobre como acessar, filtrar e avaliar fontes.<\/p>\n<figure id=\"attachment_149676\" aria-describedby=\"caption-attachment-149676\" style=\"width: 1200px\" class=\"wp-caption aligncenter\"><img decoding=\"async\" class=\"wp-image-149676 size-full\" src=\"https:\/\/www.pensarcursos.com.br\/blog\/wp-content\/uploads\/2026\/03\/trabalho-de-bibliotecaria.jpg\" alt=\"Bibliotec\u00e1ria organizando livros em biblioteca, representando o trabalho de gest\u00e3o da informa\u00e7\u00e3o na era digital. \" width=\"1200\" height=\"800\" srcset=\"https:\/\/www.pensarcursos.com.br\/blog\/wp-content\/uploads\/2026\/03\/trabalho-de-bibliotecaria.jpg 1200w, https:\/\/www.pensarcursos.com.br\/blog\/wp-content\/uploads\/2026\/03\/trabalho-de-bibliotecaria-300x200.jpg 300w, https:\/\/www.pensarcursos.com.br\/blog\/wp-content\/uploads\/2026\/03\/trabalho-de-bibliotecaria-1024x683.jpg 1024w, https:\/\/www.pensarcursos.com.br\/blog\/wp-content\/uploads\/2026\/03\/trabalho-de-bibliotecaria-768x512.jpg 768w, https:\/\/www.pensarcursos.com.br\/blog\/wp-content\/uploads\/2026\/03\/trabalho-de-bibliotecaria-750x500.jpg 750w, https:\/\/www.pensarcursos.com.br\/blog\/wp-content\/uploads\/2026\/03\/trabalho-de-bibliotecaria-1140x760.jpg 1140w\" sizes=\"(max-width: 1200px) 100vw, 1200px\" \/><figcaption id=\"caption-attachment-149676\" class=\"wp-caption-text\">O papel do bibliotec\u00e1rio em um mundo dominado pela informa\u00e7\u00e3o digital. Fonte: Freepik.<\/figcaption><\/figure>\n<h2>Bibliotec\u00e1rio na era digital: a profiss\u00e3o vai desaparecer?<\/h2>\n<h3>O que dizem os especialistas<\/h3>\n<p>Especialistas da \u00e1rea de Biblioteconomia afirmam que a tend\u00eancia n\u00e3o \u00e9 o desaparecimento, mas a mudan\u00e7a de fun\u00e7\u00f5es. Mesmo com sistemas automatizados, a organiza\u00e7\u00e3o da informa\u00e7\u00e3o exige crit\u00e9rios t\u00e9cnicos e valida\u00e7\u00e3o humana.<\/p>\n<p>Tr\u00eas publica\u00e7\u00f5es recentes aprofundam esse debate:<\/p>\n<ul>\n<li><strong>&#8220;O futuro do profissional bibliotec\u00e1rio: desmistificando previs\u00f5es exageradas&#8221;<\/strong>, de Jorge Santa Anna, da Universidade Federal do Esp\u00edrito Santo<\/li>\n<li><strong>&#8220;Bibliotecas na Era da Intelig\u00eancia Artificial&#8221;<\/strong>, publicado pelo Conselho Federal de Biblioteconomia<\/li>\n<li><strong>&#8220;RDBCI: Revista Digital de Biblioteconomia e Ci\u00eancia da Informa\u00e7\u00e3o&#8221;<\/strong>, volume 23, publicado em 2025 no SciELO Brasil<\/li>\n<\/ul>\n<h3>O problema da desinforma\u00e7\u00e3o favorece a profiss\u00e3o<\/h3>\n<p>Com o crescimento do volume de dados dispon\u00edveis na internet, a curadoria de informa\u00e7\u00e3o ganha import\u00e2ncia para evitar desinforma\u00e7\u00e3o e facilitar o acesso a fontes confi\u00e1veis.<\/p>\n<p>Nesse cen\u00e1rio, o bibliotec\u00e1rio assume um papel que nenhum algoritmo executa com precis\u00e3o: o <strong>julgamento cr\u00edtico da qualidade e a relev\u00e2ncia das fontes<\/strong>.<\/p>\n<h2>Novos campos de atua\u00e7\u00e3o para bibliotec\u00e1rios<\/h2>\n<p>A transforma\u00e7\u00e3o digital abriu portas para \u00e1reas que, h\u00e1 dez anos, n\u00e3o existiam como op\u00e7\u00f5es concretas de mercado. Entre os campos em expans\u00e3o est\u00e3o:<\/p>\n<ul>\n<li>Gest\u00e3o de dados cient\u00edficos em universidades e centros de pesquisa<\/li>\n<li>Organiza\u00e7\u00e3o de reposit\u00f3rios acad\u00eamicos institucionais<\/li>\n<li>Preserva\u00e7\u00e3o de acervos digitais<\/li>\n<li>Gest\u00e3o de documentos em empresas (compliance e auditoria)<\/li>\n<li>Curadoria de conte\u00fados para plataformas educacionais<\/li>\n<\/ul>\n<p>Essas fun\u00e7\u00f5es integram o chamado gerenciamento do conhecimento, \u00e1rea que estrutura e disponibiliza informa\u00e7\u00e3o em ambientes digitais corporativos e acad\u00eamicos.<\/p>\n<h2>Dia do Bibliotec\u00e1rio: uma data com novo significado<\/h2>\n<p>O Dia do Bibliotec\u00e1rio \u00e9 celebrado em 12 de mar\u00e7o no Brasil. A data marca o nascimento de Manuel Bastos Tigre, considerado o primeiro bibliotec\u00e1rio concursado do pa\u00eds.<\/p>\n<p>Em 2025, a data chega com um debate mais aceso do que nunca sobre o futuro da <a href=\"https:\/\/www.pensarcursos.com.br\/blog\/quer-ser-professor-confira-o-salario-inicial-da-profissao-em-todos-os-estados-do-brasil\/\" target=\"_blank\" rel=\"noopener\">profiss\u00e3o<\/a>. Mas os n\u00fameros do mercado mostram que a demanda persiste: especialistas apontam que a procura por gest\u00e3o qualificada de informa\u00e7\u00e3o continua presente em universidades, empresas, \u00f3rg\u00e3os p\u00fablicos e centros de pesquisa.<\/p>\n<h2>Habilidades que o mercado passa a exigir<\/h2>\n<h3>Compet\u00eancias t\u00e9cnicas em alta<\/h3>\n<p>O profissional da informa\u00e7\u00e3o precisa combinar conhecimento tradicional com novas ferramentas. As habilidades mais buscadas atualmente incluem:<\/p>\n<ul>\n<li>Uso de sistemas de gest\u00e3o de bibliotecas digitais (como <a href=\"https:\/\/koha-community.org\/\" target=\"_blank\" rel=\"noopener\">Koha<\/a> e <a href=\"https:\/\/dspace.org\/\" target=\"_blank\" rel=\"noopener\">DSpace<\/a>)<\/li>\n<li>Familiaridade com <strong>metadados e padr\u00f5es de cataloga\u00e7\u00e3o digital<\/strong><\/li>\n<li>An\u00e1lise de dados e uso de ferramentas de visualiza\u00e7\u00e3o<\/li>\n<li>Conhecimento em direito autoral e acesso aberto<\/li>\n<\/ul>\n<h3>Soft skills que a automa\u00e7\u00e3o n\u00e3o substitui<\/h3>\n<p>Comunica\u00e7\u00e3o, pensamento cr\u00edtico e capacidade de mediar conflitos de informa\u00e7\u00e3o seguem sendo atributos humanos. O <strong>bibliotec\u00e1rio como educador informacional<\/strong> \u2014 aquele que ensina o usu\u00e1rio a distinguir fontes confi\u00e1veis de desinforma\u00e7\u00e3o \u2014 \u00e9 uma fun\u00e7\u00e3o que cresce em import\u00e2ncia.<\/p>\n<p>Para outros conte\u00fados como este, continue acessando o <a href=\"https:\/\/www.pensarcursos.com.br\/blog\/\" target=\"_blank\" rel=\"noopener\"><strong>Blog Pensar Cursos<\/strong><\/a>.<\/p>\n<p>Confira mais sobre profiss\u00f5es no v\u00eddeo a seguir:<\/p>\n<div class=\"jeg_video_container jeg_video_content\"><iframe title=\"Concurso P\u00fablico: As 5 Carreiras Que Pagam Mais de R$ 20.000!\" width=\"500\" height=\"281\" src=\"https:\/\/www.youtube.com\/embed\/Ve3dQ0GjF3o?feature=oembed\" frameborder=\"0\" allow=\"accelerometer; autoplay; clipboard-write; encrypted-media; gyroscope; picture-in-picture; web-share\" referrerpolicy=\"strict-origin-when-cross-origin\" allowfullscreen><\/iframe><\/div>\n","protected":false},"excerpt":{"rendered":"<p>Uma profiss\u00e3o com mais de um s\u00e9culo de hist\u00f3ria enfrenta hoje sua maior transforma\u00e7\u00e3o. Com a intelig\u00eancia artificial organizando dados e algoritmos sugerindo leituras, surge a pergunta que 45 mil bibliotec\u00e1rios registrados no Brasil precisam responder: o que sobra para o profissional humano quando as m\u00e1quinas assumem o cat\u00e1logo? A resposta, segundo especialistas, \u00e9 mais [&hellip;]<\/p>\n","protected":false},"author":56,"featured_media":149678,"comment_status":"open","ping_status":"closed","sticky":false,"template":"","format":"standard","meta":{"jnews-multi-image_gallery":[],"jnews_single_post":{"subtitle":"Como a transforma\u00e7\u00e3o digital est\u00e1 redefinindo o papel do bibliotec\u00e1rio \u2014 e por que a profiss\u00e3o segue sendo necess\u00e1ria","format":"standard","override":[{"template":"1","parallax":"1","fullscreen":"1","layout":"right-sidebar","sidebar":"default-sidebar","second_sidebar":"default-sidebar","sticky_sidebar":"1","share_position":"topbottom","share_float_style":"share-monocrhome","show_featured":"1","show_post_meta":"1","show_post_author":"1","show_post_author_image":"1","show_post_date":"1","post_date_format":"default","post_date_format_custom":"Y\/m\/d","show_post_category":"1","post_reading_time_wpm":"300","post_calculate_word_method":"str_word_count","show_zoom_button":"0","zoom_button_out_step":"2","zoom_button_in_step":"3","show_post_tag":"1","show_prev_next_post":"1","show_popup_post":"1","show_comment_section":"1","number_popup_post":"2","show_author_box":"1","show_post_related":"1","show_inline_post_related":"1"}],"image_override":[{"single_post_thumbnail_size":"crop-500","single_post_gallery_size":"crop-500"}],"trending_post_position":"meta","trending_post_label":"Trending","sponsored_post_label":"Sponsored by","disable_ad":"0"},"jnews_primary_category":[],"jnews_social_meta":[],"jnews_override_counter":{"view_counter_number":"0","share_counter_number":"0","like_counter_number":"0","dislike_counter_number":"0"},"footnotes":""},"categories":[13725],"tags":[39537,39536,39538,39535],"class_list":["post-149665","post","type-post","status-publish","format-standard","has-post-thumbnail","hentry","category-profissoes","tag-bibliotecario-na-era-digital","tag-futuro-da-biblioteconomia","tag-inteligencia-artificial-e-bibliotecas","tag-mercado-de-trabalho-biblioteconomia"],"yoast_head":"<!-- This site is optimized with the Yoast SEO Premium plugin v27.4 (Yoast SEO v27.4) - https:\/\/yoast.com\/product\/yoast-seo-premium-wordpress\/ -->\n<title>Bibliotec\u00e1rios na era digital: a profiss\u00e3o vai desaparecer ou se reinventar? - Blog Pensar Cursos<\/title>\n<meta name=\"description\" content=\"A profiss\u00e3o de bibliotec\u00e1rio vai acabar com a IA? Entenda como o mercado est\u00e1 mudando e o que esperar do futuro dessa carreira.\" \/>\n<meta name=\"robots\" content=\"index, follow, max-snippet:-1, max-image-preview:large, max-video-preview:-1\" \/>\n<link rel=\"canonical\" href=\"https:\/\/www.pensarcursos.com.br\/blog\/bibliotecarios-na-era-digital-a-profissao-vai-desaparecer-ou-se-reinventar\/\" \/>\n<meta property=\"og:locale\" content=\"pt_BR\" \/>\n<meta property=\"og:type\" content=\"article\" \/>\n<meta property=\"og:title\" content=\"Bibliotec\u00e1rios na era digital: a profiss\u00e3o vai desaparecer ou se reinventar?\" \/>\n<meta property=\"og:description\" content=\"A profiss\u00e3o de bibliotec\u00e1rio vai acabar com a IA? Entenda como o mercado est\u00e1 mudando e o que esperar do futuro dessa carreira.\" \/>\n<meta property=\"og:url\" content=\"https:\/\/www.pensarcursos.com.br\/blog\/bibliotecarios-na-era-digital-a-profissao-vai-desaparecer-ou-se-reinventar\/\" \/>\n<meta property=\"og:site_name\" content=\"Blog Pensar Cursos\" \/>\n<meta property=\"article:publisher\" content=\"https:\/\/www.facebook.com\/pensarcursos\/\" \/>\n<meta property=\"article:published_time\" content=\"2026-03-12T23:39:52+00:00\" \/>\n<meta property=\"og:image\" content=\"https:\/\/www.pensarcursos.com.br\/blog\/wp-content\/uploads\/2026\/03\/bibliotecario-profissao-vai-desaparecer.jpg\" \/>\n\t<meta property=\"og:image:width\" content=\"1200\" \/>\n\t<meta property=\"og:image:height\" content=\"801\" \/>\n\t<meta property=\"og:image:type\" content=\"image\/jpeg\" \/>\n<meta name=\"author\" content=\"Yasmin Santos\" \/>\n<meta name=\"twitter:card\" content=\"summary_large_image\" \/>\n<meta name=\"twitter:label1\" content=\"Escrito por\" \/>\n\t<meta name=\"twitter:data1\" content=\"Yasmin Santos\" \/>\n\t<meta name=\"twitter:label2\" content=\"Est. tempo de leitura\" \/>\n\t<meta name=\"twitter:data2\" content=\"5 minutos\" \/>\n<!-- \/ Yoast SEO Premium plugin. -->","yoast_head_json":{"title":"Bibliotec\u00e1rios na era digital: a profiss\u00e3o vai desaparecer ou se reinventar? - Blog Pensar Cursos","description":"A profiss\u00e3o de bibliotec\u00e1rio vai acabar com a IA? Entenda como o mercado est\u00e1 mudando e o que esperar do futuro dessa carreira.","robots":{"index":"index","follow":"follow","max-snippet":"max-snippet:-1","max-image-preview":"max-image-preview:large","max-video-preview":"max-video-preview:-1"},"canonical":"https:\/\/www.pensarcursos.com.br\/blog\/bibliotecarios-na-era-digital-a-profissao-vai-desaparecer-ou-se-reinventar\/","og_locale":"pt_BR","og_type":"article","og_title":"Bibliotec\u00e1rios na era digital: a profiss\u00e3o vai desaparecer ou se reinventar?","og_description":"A profiss\u00e3o de bibliotec\u00e1rio vai acabar com a IA? Entenda como o mercado est\u00e1 mudando e o que esperar do futuro dessa carreira.","og_url":"https:\/\/www.pensarcursos.com.br\/blog\/bibliotecarios-na-era-digital-a-profissao-vai-desaparecer-ou-se-reinventar\/","og_site_name":"Blog Pensar Cursos","article_publisher":"https:\/\/www.facebook.com\/pensarcursos\/","article_published_time":"2026-03-12T23:39:52+00:00","og_image":[{"width":1200,"height":801,"url":"https:\/\/www.pensarcursos.com.br\/blog\/wp-content\/uploads\/2026\/03\/bibliotecario-profissao-vai-desaparecer.jpg","type":"image\/jpeg"}],"author":"Yasmin Santos","twitter_card":"summary_large_image","twitter_misc":{"Escrito por":"Yasmin Santos","Est. tempo de leitura":"5 minutos"},"schema":{"@context":"https:\/\/schema.org","@graph":[{"@type":["Article","BlogPosting"],"@id":"https:\/\/www.pensarcursos.com.br\/blog\/bibliotecarios-na-era-digital-a-profissao-vai-desaparecer-ou-se-reinventar\/#article","isPartOf":{"@id":"https:\/\/www.pensarcursos.com.br\/blog\/bibliotecarios-na-era-digital-a-profissao-vai-desaparecer-ou-se-reinventar\/"},"author":{"name":"Yasmin Santos","@id":"https:\/\/www.pensarcursos.com.br\/blog\/#\/schema\/person\/2700c09d818d989d5d4fff5f50d4b755"},"headline":"Bibliotec\u00e1rios na era digital: a profiss\u00e3o vai desaparecer ou se reinventar?","datePublished":"2026-03-12T23:39:52+00:00","mainEntityOfPage":{"@id":"https:\/\/www.pensarcursos.com.br\/blog\/bibliotecarios-na-era-digital-a-profissao-vai-desaparecer-ou-se-reinventar\/"},"wordCount":894,"commentCount":0,"publisher":{"@id":"https:\/\/www.pensarcursos.com.br\/blog\/#organization"},"image":{"@id":"https:\/\/www.pensarcursos.com.br\/blog\/bibliotecarios-na-era-digital-a-profissao-vai-desaparecer-ou-se-reinventar\/#primaryimage"},"thumbnailUrl":"https:\/\/www.pensarcursos.com.br\/blog\/wp-content\/uploads\/2026\/03\/bibliotecario-profissao-vai-desaparecer.jpg","keywords":["bibliotec\u00e1rio na era digital","futuro da biblioteconomia","intelig\u00eancia artificial e bibliotecas","mercado de trabalho biblioteconomia"],"articleSection":["Profiss\u00f5es"],"inLanguage":"pt-BR","potentialAction":[{"@type":"CommentAction","name":"Comment","target":["https:\/\/www.pensarcursos.com.br\/blog\/bibliotecarios-na-era-digital-a-profissao-vai-desaparecer-ou-se-reinventar\/#respond"]}],"copyrightYear":"2026","copyrightHolder":{"@id":"https:\/\/www.pensarcursos.com.br\/blog\/#organization"}},{"@type":"WebPage","@id":"https:\/\/www.pensarcursos.com.br\/blog\/bibliotecarios-na-era-digital-a-profissao-vai-desaparecer-ou-se-reinventar\/","url":"https:\/\/www.pensarcursos.com.br\/blog\/bibliotecarios-na-era-digital-a-profissao-vai-desaparecer-ou-se-reinventar\/","name":"Bibliotec\u00e1rios na era digital: a profiss\u00e3o vai desaparecer ou se reinventar? - Blog Pensar Cursos","isPartOf":{"@id":"https:\/\/www.pensarcursos.com.br\/blog\/#website"},"primaryImageOfPage":{"@id":"https:\/\/www.pensarcursos.com.br\/blog\/bibliotecarios-na-era-digital-a-profissao-vai-desaparecer-ou-se-reinventar\/#primaryimage"},"image":{"@id":"https:\/\/www.pensarcursos.com.br\/blog\/bibliotecarios-na-era-digital-a-profissao-vai-desaparecer-ou-se-reinventar\/#primaryimage"},"thumbnailUrl":"https:\/\/www.pensarcursos.com.br\/blog\/wp-content\/uploads\/2026\/03\/bibliotecario-profissao-vai-desaparecer.jpg","datePublished":"2026-03-12T23:39:52+00:00","description":"A profiss\u00e3o de bibliotec\u00e1rio vai acabar com a IA? Entenda como o mercado est\u00e1 mudando e o que esperar do futuro dessa carreira.","breadcrumb":{"@id":"https:\/\/www.pensarcursos.com.br\/blog\/bibliotecarios-na-era-digital-a-profissao-vai-desaparecer-ou-se-reinventar\/#breadcrumb"},"inLanguage":"pt-BR","potentialAction":[{"@type":"ReadAction","target":["https:\/\/www.pensarcursos.com.br\/blog\/bibliotecarios-na-era-digital-a-profissao-vai-desaparecer-ou-se-reinventar\/"]}]},{"@type":"ImageObject","inLanguage":"pt-BR","@id":"https:\/\/www.pensarcursos.com.br\/blog\/bibliotecarios-na-era-digital-a-profissao-vai-desaparecer-ou-se-reinventar\/#primaryimage","url":"https:\/\/www.pensarcursos.com.br\/blog\/wp-content\/uploads\/2026\/03\/bibliotecario-profissao-vai-desaparecer.jpg","contentUrl":"https:\/\/www.pensarcursos.com.br\/blog\/wp-content\/uploads\/2026\/03\/bibliotecario-profissao-vai-desaparecer.jpg","width":1200,"height":801,"caption":"O futuro da Biblioteconomia est\u00e1 em risco ou em evolu\u00e7\u00e3o? Fonte: Freepik."},{"@type":"BreadcrumbList","@id":"https:\/\/www.pensarcursos.com.br\/blog\/bibliotecarios-na-era-digital-a-profissao-vai-desaparecer-ou-se-reinventar\/#breadcrumb","itemListElement":[{"@type":"ListItem","position":1,"name":"Home","item":"https:\/\/www.pensarcursos.com.br\/blog\/"},{"@type":"ListItem","position":2,"name":"Bibliotec\u00e1rios na era digital: a profiss\u00e3o vai desaparecer ou se reinventar?"}]},{"@type":"WebSite","@id":"https:\/\/www.pensarcursos.com.br\/blog\/#website","url":"https:\/\/www.pensarcursos.com.br\/blog\/","name":"Blog Pensar Cursos","description":"Maior Site de Cursos do Brasil","publisher":{"@id":"https:\/\/www.pensarcursos.com.br\/blog\/#organization"},"alternateName":"Blog Pensar","potentialAction":[{"@type":"SearchAction","target":{"@type":"EntryPoint","urlTemplate":"https:\/\/www.pensarcursos.com.br\/blog\/?s={search_term_string}"},"query-input":{"@type":"PropertyValueSpecification","valueRequired":true,"valueName":"search_term_string"}}],"inLanguage":"pt-BR"},{"@type":"Organization","@id":"https:\/\/www.pensarcursos.com.br\/blog\/#organization","name":"Pensar Cursos","alternateName":"Blog pensar","url":"https:\/\/www.pensarcursos.com.br\/blog\/","logo":{"@type":"ImageObject","inLanguage":"pt-BR","@id":"https:\/\/www.pensarcursos.com.br\/blog\/#\/schema\/logo\/image\/","url":"https:\/\/www.pensarcursos.com.br\/blog\/wp-content\/uploads\/2023\/11\/Nova-Logo-Pensar-Cursos-vertical.png","contentUrl":"https:\/\/www.pensarcursos.com.br\/blog\/wp-content\/uploads\/2023\/11\/Nova-Logo-Pensar-Cursos-vertical.png","width":1393,"height":1001,"caption":"Pensar Cursos"},"image":{"@id":"https:\/\/www.pensarcursos.com.br\/blog\/#\/schema\/logo\/image\/"},"sameAs":["https:\/\/www.facebook.com\/pensarcursos\/","https:\/\/instagram.com.br\/pensarcursos"],"description":"Pensar Cursos \u00e9 uma empresa especializada em oferecer cursos de alta qualidade voltados para o desenvolvimento profissional e acad\u00eamico. Com uma ampla gama de op\u00e7\u00f5es de treinamento, oferecemos conte\u00fados atualizados, ministrados por especialistas da \u00e1rea, para capacitar indiv\u00edduos e equipes a atingirem seus objetivos. Nossa miss\u00e3o \u00e9 proporcionar uma educa\u00e7\u00e3o transformadora, acess\u00edvel e personalizada para cada aluno, seja em cursos presenciais ou online. Com uma abordagem inovadora, buscamos adaptar os nossos programas de ensino \u00e0s necessidades do mercado, criando solu\u00e7\u00f5es que atendem aos desafios e exig\u00eancias do mundo corporativo e acad\u00eamico. Nossos cursos incluem desde forma\u00e7\u00f5es t\u00e9cnicas at\u00e9 habilidades essenciais, como lideran\u00e7a, gest\u00e3o e desenvolvimento pessoal.","email":"contato@pensarcursos.com.br","legalName":"Sena Servi\u00e7os de Informa\u00e7\u00e3o Online LTDA","foundingDate":"2013-04-18","vatID":"17956217000172","numberOfEmployees":{"@type":"QuantitativeValue","minValue":"11","maxValue":"50"},"publishingPrinciples":"https:\/\/www.pensarcursos.com.br\/blog\/principios-de-publicacao\/","ownershipFundingInfo":"https:\/\/www.pensarcursos.com.br\/blog\/informacoes-de-propriedade-financiamento\/","actionableFeedbackPolicy":"https:\/\/www.pensarcursos.com.br\/blog\/politica-de-feedback-acionavel\/","correctionsPolicy":"https:\/\/www.pensarcursos.com.br\/blog\/politica-de-correcoes\/","ethicsPolicy":"https:\/\/www.pensarcursos.com.br\/blog\/politica-de-etica\/"},{"@type":"Person","@id":"https:\/\/www.pensarcursos.com.br\/blog\/#\/schema\/person\/2700c09d818d989d5d4fff5f50d4b755","name":"Yasmin Santos","image":{"@type":"ImageObject","inLanguage":"pt-BR","@id":"https:\/\/secure.gravatar.com\/avatar\/b8d88d102398911030f7bd8e99bd07ffbbb62169f9a740f38705dc857853eb31?s=96&d=mm&r=g","url":"https:\/\/secure.gravatar.com\/avatar\/b8d88d102398911030f7bd8e99bd07ffbbb62169f9a740f38705dc857853eb31?s=96&d=mm&r=g","contentUrl":"https:\/\/secure.gravatar.com\/avatar\/b8d88d102398911030f7bd8e99bd07ffbbb62169f9a740f38705dc857853eb31?s=96&d=mm&r=g","caption":"Yasmin Santos"},"description":"Graduada em Letras Portugu\u00eas\/Ingl\u00eas pela Universidade Estadual de Santa Cruz (UESC), redatora do Grupo Sena Online","sameAs":["https:\/\/www.instagram.com\/yasmin0_20?igsh=MTdqZXF3NTA1b2gyMg=="],"url":"https:\/\/www.pensarcursos.com.br\/blog\/author\/yasmin\/"}]}},"_links":{"self":[{"href":"https:\/\/www.pensarcursos.com.br\/blog\/wp-json\/wp\/v2\/posts\/149665","targetHints":{"allow":["GET"]}}],"collection":[{"href":"https:\/\/www.pensarcursos.com.br\/blog\/wp-json\/wp\/v2\/posts"}],"about":[{"href":"https:\/\/www.pensarcursos.com.br\/blog\/wp-json\/wp\/v2\/types\/post"}],"author":[{"embeddable":true,"href":"https:\/\/www.pensarcursos.com.br\/blog\/wp-json\/wp\/v2\/users\/56"}],"replies":[{"embeddable":true,"href":"https:\/\/www.pensarcursos.com.br\/blog\/wp-json\/wp\/v2\/comments?post=149665"}],"version-history":[{"count":0,"href":"https:\/\/www.pensarcursos.com.br\/blog\/wp-json\/wp\/v2\/posts\/149665\/revisions"}],"wp:featuredmedia":[{"embeddable":true,"href":"https:\/\/www.pensarcursos.com.br\/blog\/wp-json\/wp\/v2\/media\/149678"}],"wp:attachment":[{"href":"https:\/\/www.pensarcursos.com.br\/blog\/wp-json\/wp\/v2\/media?parent=149665"}],"wp:term":[{"taxonomy":"category","embeddable":true,"href":"https:\/\/www.pensarcursos.com.br\/blog\/wp-json\/wp\/v2\/categories?post=149665"},{"taxonomy":"post_tag","embeddable":true,"href":"https:\/\/www.pensarcursos.com.br\/blog\/wp-json\/wp\/v2\/tags?post=149665"}],"curies":[{"name":"wp","href":"https:\/\/api.w.org\/{rel}","templated":true}]}}