{"id":149659,"date":"2026-03-12T20:09:37","date_gmt":"2026-03-12T23:09:37","guid":{"rendered":"https:\/\/www.pensarcursos.com.br\/blog\/?p=149659"},"modified":"2026-03-12T14:13:14","modified_gmt":"2026-03-12T17:13:14","slug":"terceira-idade-descubra-por-que-muitos-consideram-essa-a-fase-mais-feliz-da-vida","status":"publish","type":"post","link":"https:\/\/www.pensarcursos.com.br\/blog\/terceira-idade-descubra-por-que-muitos-consideram-essa-a-fase-mais-feliz-da-vida\/","title":{"rendered":"Terceira idade: descubra por que muitos consideram essa a fase mais feliz da vida"},"content":{"rendered":"<p>O ciclo da vida \u00e9 repleto de fases, cada uma com suas belezas e desafios. No entanto, uma delas costuma ser cercada de mitos e receios:<strong> a chegada \u00e0 maturidade<\/strong>. Frequentemente associado a perdas e limita\u00e7\u00f5es, o envelhecer \u00e9, na verdade, um processo natural que pode revelar uma das etapas mais ricas e satisfat\u00f3rias da exist\u00eancia.<\/p>\n<p>Longe de ser um ponto final, a<a href=\"https:\/\/www.pensarcursos.com.br\/blog\/como-lidar-com-o-envelhecimento-dos-pais-sem-desgastar-a-relacao-familiar\/\"><strong> terceira idade<\/strong><\/a> representa o ac\u00famulo de sabedoria e a oportunidade de viver com mais tranquilidade e prop\u00f3sito. \u00c9 um momento que permite desconstruir velhos conceitos e perceber que essa pode ser uma das fases mais felizes da vida. Continue sua leitura para entender melhor!<\/p>\n<h2>Desmistificando o envelhecimento: al\u00e9m dos estere\u00f3tipos<\/h2>\n<p>A percep\u00e7\u00e3o negativa sobre o envelhecimento n\u00e3o \u00e9 recente. Historicamente, a sociedade construiu uma imagem que associa a idade avan\u00e7ada \u00e0 incapacidade, uma vis\u00e3o refor\u00e7ada em per\u00edodos como a industrializa\u00e7\u00e3o, que valorizava a for\u00e7a de trabalho jovem. Essa mentalidade perpetua estere\u00f3tipos que n\u00e3o condizem com a realidade, como a ideia de que todos os idosos s\u00e3o fr\u00e1geis, dependentes ou inativos.<\/p>\n<p>De acordo com a Organiza\u00e7\u00e3o Mundial da Sa\u00fade (OMS), a terceira idade tem in\u00edcio aos 60 anos em pa\u00edses\u00a0 desenvolvidos. Contudo, \u00e9 fundamental entender que o envelhecimento \u00e9 um processo heterog\u00eaneo. Cada indiv\u00edduo o vivencia de forma \u00fanica, influenciado por fatores biol\u00f3gicos, sociais, psicol\u00f3gicos e econ\u00f4micos. Reduzir essa fase complexa a generaliza\u00e7\u00f5es \u00e9 ignorar a individualidade e o potencial de cada pessoa.<\/p>\n<h2>A sabedoria e as vantagens da maturidade<\/h2>\n<p>Um dos principais benef\u00edcios de envelhecer \u00e9 a chamada <strong>intelig\u00eancia cristalizada<\/strong>, popularmente conhecida como sabedoria. Trata-se do conjunto de conhecimentos, <a href=\"https:\/\/www.pensarcursos.com.br\/blog\/se-essas-11-frases-fazem-parte-da-sua-rotina-voce-tem-mais-habilidades-sociais-do-que-a-maioria\/\">habilidades<\/a> e experi\u00eancias acumulados ao longo da vida. Essa bagagem intelectual e emocional permite uma melhor resolu\u00e7\u00e3o de problemas, maior autonomia e uma percep\u00e7\u00e3o mais ampla do mundo.<\/p>\n<p>Com o passar dos anos, muitas pessoas relatam sentir-se mais seguras, flex\u00edveis e menos ansiosas. A press\u00e3o social e as incertezas da juventude d\u00e3o lugar a uma fase de maior autoconhecimento e aceita\u00e7\u00e3o. Al\u00e9m disso, com mais tempo dispon\u00edvel ap\u00f3s a aposentadoria, surge a oportunidade de explorar novas paix\u00f5es, dedicar-se a hobbies, aprender um idioma, fazer trabalho volunt\u00e1rio ou simplesmente desfrutar de momentos de qualidade com a fam\u00edlia e amigos.<\/p>\n<figure id=\"attachment_149698\" aria-describedby=\"caption-attachment-149698\" style=\"width: 2500px\" class=\"wp-caption aligncenter\"><img decoding=\"async\" class=\"size-full wp-image-149698\" src=\"https:\/\/www.pensarcursos.com.br\/blog\/wp-content\/uploads\/2026\/03\/envelhecimento-saudavel.webp\" alt=\"Tr\u00eas mulheres maduras sorrindo e convivendo ao ar livre, representando bem-estar e os aspectos positivos do envelhecimento.\" width=\"2500\" height=\"1786\" srcset=\"https:\/\/www.pensarcursos.com.br\/blog\/wp-content\/uploads\/2026\/03\/envelhecimento-saudavel.webp 2500w, https:\/\/www.pensarcursos.com.br\/blog\/wp-content\/uploads\/2026\/03\/envelhecimento-saudavel-300x214.webp 300w, https:\/\/www.pensarcursos.com.br\/blog\/wp-content\/uploads\/2026\/03\/envelhecimento-saudavel-1024x732.webp 1024w, https:\/\/www.pensarcursos.com.br\/blog\/wp-content\/uploads\/2026\/03\/envelhecimento-saudavel-768x549.webp 768w, https:\/\/www.pensarcursos.com.br\/blog\/wp-content\/uploads\/2026\/03\/envelhecimento-saudavel-1536x1097.webp 1536w, https:\/\/www.pensarcursos.com.br\/blog\/wp-content\/uploads\/2026\/03\/envelhecimento-saudavel-2048x1463.webp 2048w, https:\/\/www.pensarcursos.com.br\/blog\/wp-content\/uploads\/2026\/03\/envelhecimento-saudavel-120x86.webp 120w, https:\/\/www.pensarcursos.com.br\/blog\/wp-content\/uploads\/2026\/03\/envelhecimento-saudavel-350x250.webp 350w, https:\/\/www.pensarcursos.com.br\/blog\/wp-content\/uploads\/2026\/03\/envelhecimento-saudavel-750x536.webp 750w, https:\/\/www.pensarcursos.com.br\/blog\/wp-content\/uploads\/2026\/03\/envelhecimento-saudavel-1140x814.webp 1140w\" sizes=\"(max-width: 2500px) 100vw, 2500px\" \/><figcaption id=\"caption-attachment-149698\" class=\"wp-caption-text\">Envelhecer tamb\u00e9m significa colecionar momentos felizes, fortalecer amizades e aproveitar a vida com mais leveza.<br \/>Imagem: Freepik<\/figcaption><\/figure>\n<h2>Como construir um envelhecimento ativo e saud\u00e1vel?<\/h2>\n<p>A prepara\u00e7\u00e3o para um <a href=\"https:\/\/www.pensarcursos.com.br\/blog\/habitos-envelhecer-bem\/\">envelhecimento saud\u00e1vel<\/a> come\u00e7a antes da terceira idade. A ado\u00e7\u00e3o de h\u00e1bitos saud\u00e1veis ao longo da vida contribui para a preven\u00e7\u00e3o de doen\u00e7as cr\u00f4nicas, manuten\u00e7\u00e3o da autonomia e melhoria da qualidade de vida. Entre os principais fatores apontados por especialistas est\u00e3o:<\/p>\n<h3>Alimenta\u00e7\u00e3o balanceada<\/h3>\n<p>Priorizar alimentos naturais \u00e9 uma das principais recomenda\u00e7\u00f5es. Frutas como banana, ma\u00e7\u00e3 e mam\u00e3o, verduras como couve e espinafre, legumes como cenoura e ab\u00f3bora, al\u00e9m de cereais integrais como aveia e arroz integral, s\u00e3o exemplos de alimentos.<\/p>\n<p>O consumo de prote\u00ednas como ovos, feij\u00e3o, peixe e frango tamb\u00e9m \u00e9 importante para ajudar na manuten\u00e7\u00e3o da massa muscular. Especialistas tamb\u00e9m orientam a redu\u00e7\u00e3o de alimentos ultraprocessados, ricos em a\u00e7\u00facar, s\u00f3dio e gorduras.<\/p>\n<h3>Atividade f\u00edsica regular<\/h3>\n<p>A pr\u00e1tica de exerc\u00edcios deve combinar atividades aer\u00f3bicas e de fortalecimento muscular. Caminhada, bicicleta e nata\u00e7\u00e3o s\u00e3o exemplos de atividades que ajudam na sa\u00fade do cora\u00e7\u00e3o. J\u00e1 exerc\u00edcios de for\u00e7a, como muscula\u00e7\u00e3o leve, pilates ou exerc\u00edcios funcionais, contribuem para fortalecer m\u00fasculos e ossos. Alongamentos e atividades como yoga tamb\u00e9m podem ajudar na flexibilidade e no equil\u00edbrio, reduzindo o risco de quedas.<\/p>\n<h3>Sa\u00fade mental e social<\/h3>\n<p>A manuten\u00e7\u00e3o de uma vida social ativa \u00e9 considerada um fator importante para o envelhecimento saud\u00e1vel. Participar de grupos comunit\u00e1rios, atividades de lazer, cursos ou trabalhos volunt\u00e1rios pode contribuir para o bem-estar emocional. Pr\u00e1ticas de relaxamento como medita\u00e7\u00e3o, leitura e hobbies tamb\u00e9m s\u00e3o recomendadas.<\/p>\n<p>Al\u00e9m disso, manter uma rotina de sono regular, com hor\u00e1rios definidos para dormir e acordar, \u00e9 apontado como um h\u00e1bito importante para a sa\u00fade cognitiva e emocional.<\/p>\n<h2>Cuidados espec\u00edficos e acompanhamento m\u00e9dico na terceira idade<\/h2>\n<p>Com o avan\u00e7o da idade, \u00e9 natural que o corpo passe por transforma\u00e7\u00f5es. Mudan\u00e7as na vis\u00e3o, diminui\u00e7\u00e3o da elasticidade da pele, perda de massa \u00f3ssea e muscular e altera\u00e7\u00f5es na capacidade card\u00edaca s\u00e3o esperadas. No entanto, essas mudan\u00e7as fisiol\u00f3gicas n\u00e3o precisam comprometer a qualidade de vida, desde que acompanhadas de cuidados adequados.<\/p>\n<p>O acompanhamento com um m\u00e9dico geriatra \u00e9 recomendado para um cuidado integral da sa\u00fade. Al\u00e9m disso, a realiza\u00e7\u00e3o de exames preventivos peri\u00f3dicos \u00e9 fundamental para a detec\u00e7\u00e3o precoce de doen\u00e7as. Exames para verificar a sa\u00fade intestinal e a densidade \u00f3ssea, por exemplo, tornam-se ainda mais relevantes.<\/p>\n<p>Aten\u00e7\u00e3o especial deve ser dada aos n\u00edveis de vitaminas, pois defici\u00eancias de vitamina D e B12 podem ser comuns e, se necess\u00e1rio, corrigidas com suplementa\u00e7\u00e3o sob orienta\u00e7\u00e3o profissional.<\/p>\n<p><em>Este conte\u00fado \u00e9 de car\u00e1ter informativo e n\u00e3o substitui a consulta com um m\u00e9dico especialista para um acompanhamento personalizado.<\/em><\/p>\n<p>Fique por dentro de mais conte\u00fados como esse no<a href=\"https:\/\/www.pensarcursos.com.br\/blog\" target=\"_blank\" rel=\"noopener\"> Blog Pensar Cursos<\/a>.<\/p>\n","protected":false},"excerpt":{"rendered":"<p>O ciclo da vida \u00e9 repleto de fases, cada uma com suas belezas e desafios. No entanto, uma delas costuma ser cercada de mitos e receios: a chegada \u00e0 maturidade. Frequentemente associado a perdas e limita\u00e7\u00f5es, o envelhecer \u00e9, na verdade, um processo natural que pode revelar uma das etapas mais ricas e satisfat\u00f3rias da [&hellip;]<\/p>\n","protected":false},"author":54,"featured_media":149674,"comment_status":"open","ping_status":"closed","sticky":false,"template":"","format":"standard","meta":{"jnews-multi-image_gallery":[],"jnews_single_post":{"format":"standard","override":[{"template":"1","parallax":"1","fullscreen":"1","layout":"right-sidebar","sidebar":"default-sidebar","second_sidebar":"default-sidebar","sticky_sidebar":"1","share_position":"topbottom","share_float_style":"share-monocrhome","show_featured":"1","show_post_meta":"1","show_post_author":"1","show_post_author_image":"1","show_post_date":"1","post_date_format":"default","post_date_format_custom":"Y\/m\/d","show_post_category":"1","post_reading_time_wpm":"300","post_calculate_word_method":"str_word_count","show_zoom_button":"0","zoom_button_out_step":"2","zoom_button_in_step":"3","show_post_tag":"1","show_prev_next_post":"1","show_popup_post":"1","show_comment_section":"1","number_popup_post":"2","show_author_box":"1","show_post_related":"1","show_inline_post_related":"1"}],"image_override":[{"single_post_thumbnail_size":"crop-500","single_post_gallery_size":"crop-500"}],"trending_post_position":"meta","trending_post_label":"Trending","sponsored_post_label":"Sponsored by","disable_ad":"0","subtitle":"O envelhecimento \u00e9 um processo natural que pode trazer novas experi\u00eancias e oportunidades"},"jnews_primary_category":[],"jnews_social_meta":[],"jnews_override_counter":{"view_counter_number":"0","share_counter_number":"0","like_counter_number":"0","dislike_counter_number":"0"},"footnotes":""},"categories":[27431],"tags":[26467,24415,248],"class_list":["post-149659","post","type-post","status-publish","format-standard","has-post-thumbnail","hentry","category-psicologia-e-comportamento","tag-envelhecimento","tag-envelhecimento-saudavel","tag-terceira-idade"],"yoast_head":"<!-- This site is optimized with the Yoast SEO Premium plugin v27.4 (Yoast SEO v27.4) - https:\/\/yoast.com\/product\/yoast-seo-premium-wordpress\/ -->\n<title>Terceira idade: descubra por que muitos consideram essa a fase mais feliz da vida - Blog Pensar Cursos<\/title>\n<meta name=\"description\" content=\"A terceira idade \u00e9 considerada por muitos a fase mais feliz da vida! Entenda os benef\u00edcios e veja dicas para um envelhecimento saud\u00e1vel.\" \/>\n<meta name=\"robots\" content=\"index, follow, max-snippet:-1, max-image-preview:large, max-video-preview:-1\" \/>\n<link rel=\"canonical\" href=\"https:\/\/www.pensarcursos.com.br\/blog\/terceira-idade-descubra-por-que-muitos-consideram-essa-a-fase-mais-feliz-da-vida\/\" \/>\n<meta property=\"og:locale\" content=\"pt_BR\" \/>\n<meta property=\"og:type\" content=\"article\" \/>\n<meta property=\"og:title\" content=\"Terceira idade: descubra por que muitos consideram essa a fase mais feliz da vida\" \/>\n<meta property=\"og:description\" content=\"A terceira idade \u00e9 considerada por muitos a fase mais feliz da vida! Entenda os benef\u00edcios e veja dicas para um envelhecimento saud\u00e1vel.\" \/>\n<meta property=\"og:url\" content=\"https:\/\/www.pensarcursos.com.br\/blog\/terceira-idade-descubra-por-que-muitos-consideram-essa-a-fase-mais-feliz-da-vida\/\" \/>\n<meta property=\"og:site_name\" content=\"Blog Pensar Cursos\" \/>\n<meta property=\"article:publisher\" content=\"https:\/\/www.facebook.com\/pensarcursos\/\" \/>\n<meta property=\"article:published_time\" content=\"2026-03-12T23:09:37+00:00\" \/>\n<meta property=\"og:image\" content=\"https:\/\/www.pensarcursos.com.br\/blog\/wp-content\/uploads\/2026\/03\/felicidade-na-terceira-idade.webp\" \/>\n\t<meta property=\"og:image:width\" content=\"2500\" \/>\n\t<meta property=\"og:image:height\" content=\"1699\" \/>\n\t<meta property=\"og:image:type\" content=\"image\/webp\" \/>\n<meta name=\"author\" content=\"Quezia Andrade\" \/>\n<meta name=\"twitter:card\" content=\"summary_large_image\" \/>\n<meta name=\"twitter:label1\" content=\"Escrito por\" \/>\n\t<meta name=\"twitter:data1\" content=\"Quezia Andrade\" \/>\n\t<meta name=\"twitter:label2\" content=\"Est. tempo de leitura\" \/>\n\t<meta name=\"twitter:data2\" content=\"5 minutos\" \/>\n<!-- \/ Yoast SEO Premium plugin. -->","yoast_head_json":{"title":"Terceira idade: descubra por que muitos consideram essa a fase mais feliz da vida - Blog Pensar Cursos","description":"A terceira idade \u00e9 considerada por muitos a fase mais feliz da vida! Entenda os benef\u00edcios e veja dicas para um envelhecimento saud\u00e1vel.","robots":{"index":"index","follow":"follow","max-snippet":"max-snippet:-1","max-image-preview":"max-image-preview:large","max-video-preview":"max-video-preview:-1"},"canonical":"https:\/\/www.pensarcursos.com.br\/blog\/terceira-idade-descubra-por-que-muitos-consideram-essa-a-fase-mais-feliz-da-vida\/","og_locale":"pt_BR","og_type":"article","og_title":"Terceira idade: descubra por que muitos consideram essa a fase mais feliz da vida","og_description":"A terceira idade \u00e9 considerada por muitos a fase mais feliz da vida! Entenda os benef\u00edcios e veja dicas para um envelhecimento saud\u00e1vel.","og_url":"https:\/\/www.pensarcursos.com.br\/blog\/terceira-idade-descubra-por-que-muitos-consideram-essa-a-fase-mais-feliz-da-vida\/","og_site_name":"Blog Pensar Cursos","article_publisher":"https:\/\/www.facebook.com\/pensarcursos\/","article_published_time":"2026-03-12T23:09:37+00:00","og_image":[{"width":2500,"height":1699,"url":"https:\/\/www.pensarcursos.com.br\/blog\/wp-content\/uploads\/2026\/03\/felicidade-na-terceira-idade.webp","type":"image\/webp"}],"author":"Quezia Andrade","twitter_card":"summary_large_image","twitter_misc":{"Escrito por":"Quezia Andrade","Est. tempo de leitura":"5 minutos"},"schema":{"@context":"https:\/\/schema.org","@graph":[{"@type":["Article","BlogPosting"],"@id":"https:\/\/www.pensarcursos.com.br\/blog\/terceira-idade-descubra-por-que-muitos-consideram-essa-a-fase-mais-feliz-da-vida\/#article","isPartOf":{"@id":"https:\/\/www.pensarcursos.com.br\/blog\/terceira-idade-descubra-por-que-muitos-consideram-essa-a-fase-mais-feliz-da-vida\/"},"author":{"name":"Quezia Andrade","@id":"https:\/\/www.pensarcursos.com.br\/blog\/#\/schema\/person\/28714c166fa847c28e0ba3e4d47c1033"},"headline":"Terceira idade: descubra por que muitos consideram essa a fase mais feliz da vida","datePublished":"2026-03-12T23:09:37+00:00","mainEntityOfPage":{"@id":"https:\/\/www.pensarcursos.com.br\/blog\/terceira-idade-descubra-por-que-muitos-consideram-essa-a-fase-mais-feliz-da-vida\/"},"wordCount":938,"commentCount":0,"publisher":{"@id":"https:\/\/www.pensarcursos.com.br\/blog\/#organization"},"image":{"@id":"https:\/\/www.pensarcursos.com.br\/blog\/terceira-idade-descubra-por-que-muitos-consideram-essa-a-fase-mais-feliz-da-vida\/#primaryimage"},"thumbnailUrl":"https:\/\/www.pensarcursos.com.br\/blog\/wp-content\/uploads\/2026\/03\/felicidade-na-terceira-idade.webp","keywords":["envelhecimento","envelhecimento saud\u00e1vel","Terceira Idade"],"articleSection":["Psicologia e Comportamento"],"inLanguage":"pt-BR","potentialAction":[{"@type":"CommentAction","name":"Comment","target":["https:\/\/www.pensarcursos.com.br\/blog\/terceira-idade-descubra-por-que-muitos-consideram-essa-a-fase-mais-feliz-da-vida\/#respond"]}],"copyrightYear":"2026","copyrightHolder":{"@id":"https:\/\/www.pensarcursos.com.br\/blog\/#organization"}},{"@type":"WebPage","@id":"https:\/\/www.pensarcursos.com.br\/blog\/terceira-idade-descubra-por-que-muitos-consideram-essa-a-fase-mais-feliz-da-vida\/","url":"https:\/\/www.pensarcursos.com.br\/blog\/terceira-idade-descubra-por-que-muitos-consideram-essa-a-fase-mais-feliz-da-vida\/","name":"Terceira idade: descubra por que muitos consideram essa a fase mais feliz da vida - Blog Pensar Cursos","isPartOf":{"@id":"https:\/\/www.pensarcursos.com.br\/blog\/#website"},"primaryImageOfPage":{"@id":"https:\/\/www.pensarcursos.com.br\/blog\/terceira-idade-descubra-por-que-muitos-consideram-essa-a-fase-mais-feliz-da-vida\/#primaryimage"},"image":{"@id":"https:\/\/www.pensarcursos.com.br\/blog\/terceira-idade-descubra-por-que-muitos-consideram-essa-a-fase-mais-feliz-da-vida\/#primaryimage"},"thumbnailUrl":"https:\/\/www.pensarcursos.com.br\/blog\/wp-content\/uploads\/2026\/03\/felicidade-na-terceira-idade.webp","datePublished":"2026-03-12T23:09:37+00:00","description":"A terceira idade \u00e9 considerada por muitos a fase mais feliz da vida! Entenda os benef\u00edcios e veja dicas para um envelhecimento saud\u00e1vel.","breadcrumb":{"@id":"https:\/\/www.pensarcursos.com.br\/blog\/terceira-idade-descubra-por-que-muitos-consideram-essa-a-fase-mais-feliz-da-vida\/#breadcrumb"},"inLanguage":"pt-BR","potentialAction":[{"@type":"ReadAction","target":["https:\/\/www.pensarcursos.com.br\/blog\/terceira-idade-descubra-por-que-muitos-consideram-essa-a-fase-mais-feliz-da-vida\/"]}]},{"@type":"ImageObject","inLanguage":"pt-BR","@id":"https:\/\/www.pensarcursos.com.br\/blog\/terceira-idade-descubra-por-que-muitos-consideram-essa-a-fase-mais-feliz-da-vida\/#primaryimage","url":"https:\/\/www.pensarcursos.com.br\/blog\/wp-content\/uploads\/2026\/03\/felicidade-na-terceira-idade.webp","contentUrl":"https:\/\/www.pensarcursos.com.br\/blog\/wp-content\/uploads\/2026\/03\/felicidade-na-terceira-idade.webp","width":2500,"height":1699,"caption":"Muitos consideram a terceira idade a fase mais feliz da vida; entenda! Imagem: Freepik"},{"@type":"BreadcrumbList","@id":"https:\/\/www.pensarcursos.com.br\/blog\/terceira-idade-descubra-por-que-muitos-consideram-essa-a-fase-mais-feliz-da-vida\/#breadcrumb","itemListElement":[{"@type":"ListItem","position":1,"name":"Home","item":"https:\/\/www.pensarcursos.com.br\/blog\/"},{"@type":"ListItem","position":2,"name":"Terceira idade: descubra por que muitos consideram essa a fase mais feliz da vida"}]},{"@type":"WebSite","@id":"https:\/\/www.pensarcursos.com.br\/blog\/#website","url":"https:\/\/www.pensarcursos.com.br\/blog\/","name":"Blog Pensar Cursos","description":"Maior Site de Cursos do Brasil","publisher":{"@id":"https:\/\/www.pensarcursos.com.br\/blog\/#organization"},"alternateName":"Blog Pensar","potentialAction":[{"@type":"SearchAction","target":{"@type":"EntryPoint","urlTemplate":"https:\/\/www.pensarcursos.com.br\/blog\/?s={search_term_string}"},"query-input":{"@type":"PropertyValueSpecification","valueRequired":true,"valueName":"search_term_string"}}],"inLanguage":"pt-BR"},{"@type":"Organization","@id":"https:\/\/www.pensarcursos.com.br\/blog\/#organization","name":"Pensar Cursos","alternateName":"Blog pensar","url":"https:\/\/www.pensarcursos.com.br\/blog\/","logo":{"@type":"ImageObject","inLanguage":"pt-BR","@id":"https:\/\/www.pensarcursos.com.br\/blog\/#\/schema\/logo\/image\/","url":"https:\/\/www.pensarcursos.com.br\/blog\/wp-content\/uploads\/2023\/11\/Nova-Logo-Pensar-Cursos-vertical.png","contentUrl":"https:\/\/www.pensarcursos.com.br\/blog\/wp-content\/uploads\/2023\/11\/Nova-Logo-Pensar-Cursos-vertical.png","width":1393,"height":1001,"caption":"Pensar Cursos"},"image":{"@id":"https:\/\/www.pensarcursos.com.br\/blog\/#\/schema\/logo\/image\/"},"sameAs":["https:\/\/www.facebook.com\/pensarcursos\/","https:\/\/instagram.com.br\/pensarcursos"],"description":"Pensar Cursos \u00e9 uma empresa especializada em oferecer cursos de alta qualidade voltados para o desenvolvimento profissional e acad\u00eamico. Com uma ampla gama de op\u00e7\u00f5es de treinamento, oferecemos conte\u00fados atualizados, ministrados por especialistas da \u00e1rea, para capacitar indiv\u00edduos e equipes a atingirem seus objetivos. Nossa miss\u00e3o \u00e9 proporcionar uma educa\u00e7\u00e3o transformadora, acess\u00edvel e personalizada para cada aluno, seja em cursos presenciais ou online. Com uma abordagem inovadora, buscamos adaptar os nossos programas de ensino \u00e0s necessidades do mercado, criando solu\u00e7\u00f5es que atendem aos desafios e exig\u00eancias do mundo corporativo e acad\u00eamico. Nossos cursos incluem desde forma\u00e7\u00f5es t\u00e9cnicas at\u00e9 habilidades essenciais, como lideran\u00e7a, gest\u00e3o e desenvolvimento pessoal.","email":"contato@pensarcursos.com.br","legalName":"Sena Servi\u00e7os de Informa\u00e7\u00e3o Online LTDA","foundingDate":"2013-04-18","vatID":"17956217000172","numberOfEmployees":{"@type":"QuantitativeValue","minValue":"11","maxValue":"50"},"publishingPrinciples":"https:\/\/www.pensarcursos.com.br\/blog\/principios-de-publicacao\/","ownershipFundingInfo":"https:\/\/www.pensarcursos.com.br\/blog\/informacoes-de-propriedade-financiamento\/","actionableFeedbackPolicy":"https:\/\/www.pensarcursos.com.br\/blog\/politica-de-feedback-acionavel\/","correctionsPolicy":"https:\/\/www.pensarcursos.com.br\/blog\/politica-de-correcoes\/","ethicsPolicy":"https:\/\/www.pensarcursos.com.br\/blog\/politica-de-etica\/"},{"@type":"Person","@id":"https:\/\/www.pensarcursos.com.br\/blog\/#\/schema\/person\/28714c166fa847c28e0ba3e4d47c1033","name":"Quezia Andrade","image":{"@type":"ImageObject","inLanguage":"pt-BR","@id":"https:\/\/secure.gravatar.com\/avatar\/ca40343eca0c667f062032144581527936aae03191aca76e9d4c4de5a5c7cd14?s=96&d=mm&r=g","url":"https:\/\/secure.gravatar.com\/avatar\/ca40343eca0c667f062032144581527936aae03191aca76e9d4c4de5a5c7cd14?s=96&d=mm&r=g","contentUrl":"https:\/\/secure.gravatar.com\/avatar\/ca40343eca0c667f062032144581527936aae03191aca76e9d4c4de5a5c7cd14?s=96&d=mm&r=g","caption":"Quezia Andrade"},"description":"Biom\u00e9dica CRBM2 n\u00ba 17394. Redatora do grupo Sena Online.","sameAs":["https:\/\/www.instagram.com\/_quezia_b?igsh=cWF2dDNxbXd6ejF4&utm_source=qr","https:\/\/www.linkedin.com\/in\/quzia-borges-andrade-907778266?utm_source=share&utm_campaign=share_via&utm_content=profile&utm_medium=ios_app"],"url":"https:\/\/www.pensarcursos.com.br\/blog\/author\/quezia\/"}]}},"_links":{"self":[{"href":"https:\/\/www.pensarcursos.com.br\/blog\/wp-json\/wp\/v2\/posts\/149659","targetHints":{"allow":["GET"]}}],"collection":[{"href":"https:\/\/www.pensarcursos.com.br\/blog\/wp-json\/wp\/v2\/posts"}],"about":[{"href":"https:\/\/www.pensarcursos.com.br\/blog\/wp-json\/wp\/v2\/types\/post"}],"author":[{"embeddable":true,"href":"https:\/\/www.pensarcursos.com.br\/blog\/wp-json\/wp\/v2\/users\/54"}],"replies":[{"embeddable":true,"href":"https:\/\/www.pensarcursos.com.br\/blog\/wp-json\/wp\/v2\/comments?post=149659"}],"version-history":[{"count":0,"href":"https:\/\/www.pensarcursos.com.br\/blog\/wp-json\/wp\/v2\/posts\/149659\/revisions"}],"wp:featuredmedia":[{"embeddable":true,"href":"https:\/\/www.pensarcursos.com.br\/blog\/wp-json\/wp\/v2\/media\/149674"}],"wp:attachment":[{"href":"https:\/\/www.pensarcursos.com.br\/blog\/wp-json\/wp\/v2\/media?parent=149659"}],"wp:term":[{"taxonomy":"category","embeddable":true,"href":"https:\/\/www.pensarcursos.com.br\/blog\/wp-json\/wp\/v2\/categories?post=149659"},{"taxonomy":"post_tag","embeddable":true,"href":"https:\/\/www.pensarcursos.com.br\/blog\/wp-json\/wp\/v2\/tags?post=149659"}],"curies":[{"name":"wp","href":"https:\/\/api.w.org\/{rel}","templated":true}]}}