{"id":149649,"date":"2026-03-12T19:29:23","date_gmt":"2026-03-12T22:29:23","guid":{"rendered":"https:\/\/www.pensarcursos.com.br\/blog\/?p=149649"},"modified":"2026-03-12T12:50:57","modified_gmt":"2026-03-12T15:50:57","slug":"essas-sao-as-5-competencias-mais-buscadas-no-brasil-em-2026-de-acordo-com-o-linkedin","status":"publish","type":"post","link":"https:\/\/www.pensarcursos.com.br\/blog\/essas-sao-as-5-competencias-mais-buscadas-no-brasil-em-2026-de-acordo-com-o-linkedin\/","title":{"rendered":"Essas s\u00e3o as 5 compet\u00eancias mais buscadas no Brasil em 2026, de acordo com o LinkedIn"},"content":{"rendered":"<p>Contrata\u00e7\u00f5es e promo\u00e7\u00f5es devem passar por um filtro bem diferente at\u00e9 o fim do ano. Empresas e recrutadores procuram novas combina\u00e7\u00f5es de habilidades para garantir sucesso em um cen\u00e1rio tecnol\u00f3gico e din\u00e2mico.<\/p>\n<p>As compet\u00eancias que aparecem entre as mais valorizadas em 2026 v\u00e3o surpreender quem apostava em carreiras \u201ctradicionais\u201d.<\/p>\n<p>Levantamento recente realizado pelo LinkedIn indica: a integra\u00e7\u00e3o de tecnologia, estrat\u00e9gia e capacidades humanas j\u00e1 n\u00e3o \u00e9 recomenda\u00e7\u00e3o futura \u2014 \u00e9 necessidade para quem quer garantir espa\u00e7o no mercado e evitar estagna\u00e7\u00e3o. Descubra, a seguir, quais compet\u00eancias se consolidam como essenciais.<\/p>\n<h2>Compet\u00eancias que lideram a demanda em 2026 no cen\u00e1rio nacional<\/h2>\n<h3>Estrat\u00e9gia de Intelig\u00eancia Artificial, plataformas e sistemas inteligentes<\/h3>\n<p>O LinkedIn afirma que a <a href=\"https:\/\/www.pensarcursos.com.br\/blog\/10-profissoes-que-podem-perder-vagas-ate-2030-por-causa-da-automacao-e-da-inteligencia-artificial\/\" target=\"_blank\" rel=\"noopener\">intelig\u00eancia artificial<\/a> passou de diferencial a infraestrutura nas empresas brasileiras em 2026.<\/p>\n<p>O dom\u00ednio de estrat\u00e9gias que envolvem modelos de linguagem (LLMs), automa\u00e7\u00e3o de fluxos e integra\u00e7\u00e3o de sistemas digitais tornou-se central para organiza\u00e7\u00f5es que buscam efici\u00eancia.<\/p>\n<p>Pessoas que compreendem o impacto estrat\u00e9gico da IA e s\u00e3o capazes de tomar decis\u00f5es baseadas em dados ocupam cargos de maior influ\u00eancia.<\/p>\n<h3>Marketing, comunica\u00e7\u00e3o e storytelling estrat\u00e9gico<\/h3>\n<p>Em ambientes saturados de informa\u00e7\u00f5es e canais digitais, a demanda por comunica\u00e7\u00e3o eficaz \u00e9 crescente. De acordo com o estudo, companhias priorizam pessoas capazes de transformar dados em narrativas claras e estrat\u00e9gias em mensagens assertivas.<\/p>\n<p>O storytelling, tradicionalmente ligado \u00e0 criatividade em contar hist\u00f3rias para engajar o p\u00fablico, assume papel de destaque para posicionamento institucional e constru\u00e7\u00e3o de marca.<\/p>\n<h3>Engenharia de software, APIs e desenvolvimento de sistemas<\/h3>\n<p>O levantamento do LinkedIn destaca que desenvolvimento de software, arquitetura de sistemas e integra\u00e7\u00e3o via APIs seguem como bases t\u00e9cnicas essenciais.<\/p>\n<p>A diferen\u00e7a est\u00e1 na capacidade de alinhar solu\u00e7\u00f5es digitais com os objetivos do neg\u00f3cio, seguran\u00e7a da informa\u00e7\u00e3o e escalabilidade.<\/p>\n<p>O entendimento sist\u00eamico dessas aplica\u00e7\u00f5es eleva o valor das equipes t\u00e9cnicas no contexto organizacional brasileiro.<\/p>\n<h3>Gest\u00e3o de programas, projetos e opera\u00e7\u00f5es<\/h3>\n<p>Empresas no Brasil adotaram estruturas mais enxutas e din\u00e2micas ap\u00f3s 2023, conforme mostra o <a href=\"https:\/\/www.pensarcursos.com.br\/blog\/linkedin-divulga-lista-veja-as-25-profissoes-que-estarao-em-alta-neste-ano\/\" target=\"_blank\" rel=\"noopener\">LinkedIn<\/a>. A gest\u00e3o de projetos e opera\u00e7\u00f5es, com dom\u00ednio de metodologias \u00e1geis e governan\u00e7a operacional, tornou-se determinante para a implementa\u00e7\u00e3o das estrat\u00e9gias digitais.<\/p>\n<p>Pessoas que convertem planejamento em resultados mensur\u00e1veis, segundo o relat\u00f3rio, recebem destaque no preenchimento de cargos estrat\u00e9gicos.<\/p>\n<h3>Seguran\u00e7a da informa\u00e7\u00e3o, ciberseguran\u00e7a e conformidade t\u00e9cnica<\/h3>\n<p>Segundo o LinkedIn, o avan\u00e7o da digitaliza\u00e7\u00e3o aumentou o risco de incidentes de seguran\u00e7a em todos os setores econ\u00f4micos.<\/p>\n<p>O pa\u00eds ampliou investimentos em profissionais especializados em prote\u00e7\u00e3o de dados, ciberseguran\u00e7a e conformidade regulat\u00f3ria, sobretudo ap\u00f3s adapta\u00e7\u00f5es legais implementadas em 2024 e 2025.<\/p>\n<p>Empresas buscam n\u00e3o somente expertise t\u00e9cnica, mas tamb\u00e9m capacidade de atua\u00e7\u00e3o alinhada a boas pr\u00e1ticas e legisla\u00e7\u00f5es.<\/p>\n<figure id=\"attachment_149679\" aria-describedby=\"caption-attachment-149679\" style=\"width: 1024px\" class=\"wp-caption aligncenter\"><img decoding=\"async\" class=\"wp-image-149679 size-large\" src=\"https:\/\/www.pensarcursos.com.br\/blog\/wp-content\/uploads\/2026\/03\/habilidades-profissionais-mais-buscadas-em-2026-1024x683.jpg\" alt=\"Equipe colaborando em planejamento de compet\u00eancias profissionais 2026\" width=\"1024\" height=\"683\" srcset=\"https:\/\/www.pensarcursos.com.br\/blog\/wp-content\/uploads\/2026\/03\/habilidades-profissionais-mais-buscadas-em-2026-1024x683.jpg 1024w, https:\/\/www.pensarcursos.com.br\/blog\/wp-content\/uploads\/2026\/03\/habilidades-profissionais-mais-buscadas-em-2026-300x200.jpg 300w, https:\/\/www.pensarcursos.com.br\/blog\/wp-content\/uploads\/2026\/03\/habilidades-profissionais-mais-buscadas-em-2026-768x512.jpg 768w, https:\/\/www.pensarcursos.com.br\/blog\/wp-content\/uploads\/2026\/03\/habilidades-profissionais-mais-buscadas-em-2026-750x500.jpg 750w, https:\/\/www.pensarcursos.com.br\/blog\/wp-content\/uploads\/2026\/03\/habilidades-profissionais-mais-buscadas-em-2026-1140x760.jpg 1140w, https:\/\/www.pensarcursos.com.br\/blog\/wp-content\/uploads\/2026\/03\/habilidades-profissionais-mais-buscadas-em-2026.jpg 1500w\" sizes=\"(max-width: 1024px) 100vw, 1024px\" \/><figcaption id=\"caption-attachment-149679\" class=\"wp-caption-text\">A gest\u00e3o de projetos e opera\u00e7\u00f5es est\u00e3o entre as habilidades que est\u00e3o em alta em 2026. Imagem: Freepik<\/figcaption><\/figure>\n<h2>Hibridiza\u00e7\u00e3o das fun\u00e7\u00f5es e compet\u00eancias comportamentais em destaque<\/h2>\n<p>O estudo do LinkedIn salienta ainda que as fun\u00e7\u00f5es caminham para formatos h\u00edbridos, em que compet\u00eancias t\u00e9cnicas e comportamentais se sobrep\u00f5em.<\/p>\n<p>Lideran\u00e7a, escuta ativa, pensamento sist\u00eamico e colabora\u00e7\u00e3o acompanham os requisitos tecnol\u00f3gicos e passam a ser avaliados em processos de sele\u00e7\u00e3o e promo\u00e7\u00e3o.<\/p>\n<p>Pessoas exclusivamente t\u00e9cnicas e pouco conectadas ao fator humano veem sua competitividade diminuir neste novo contexto.<\/p>\n<p>O ritmo acelerado de mudan\u00e7as, de acordo com a an\u00e1lise do<a href=\"https:\/\/www.pensarcursos.com.br\/blog\/burnout-as-5-profissoes-mais-afetadas-segundo-dados-do-linkedin\/\" target=\"_blank\" rel=\"noopener\"> LinkedIn<\/a>, exige atualiza\u00e7\u00e3o cont\u00ednua das capacidades individuais. O mercado valoriza capacidade de aprender r\u00e1pido, integra\u00e7\u00e3o de conhecimentos diversos e adapta\u00e7\u00e3o a diferentes cen\u00e1rios.<\/p>\n<p>A principal recomenda\u00e7\u00e3o das consultorias parceiras \u00e9 que candidatos invistam em treinamento constante, incluindo certifica\u00e7\u00f5es e especializa\u00e7\u00f5es em IA, seguran\u00e7a digital e gest\u00e3o \u00e1gil.<\/p>\n<h2>Transforma\u00e7\u00e3o estrutural do mercado e l\u00f3gica de carreira em ecossistema<\/h2>\n<p>O LinkedIn apresenta que a transforma\u00e7\u00e3o digital \u00e9 estrutural e n\u00e3o epis\u00f3dica. O mercado j\u00e1 n\u00e3o diferencia \u00e1reas t\u00e9cnicas das estrat\u00e9gicas, favorecendo o trabalho integrado e polivalente.<\/p>\n<p>Carreiras com trajet\u00f3rias r\u00edgidas cedem espa\u00e7o para percursos profissionais fluidos: especialistas assumem gest\u00e3o, t\u00e9cnicos contribuem em estrat\u00e9gia, comunicadores entendem de tecnologia e desenvolvedores dialogam com \u00e1reas de neg\u00f3cios.<\/p>\n<p>A mensagem central \u00e9 a demanda por compet\u00eancias interligadas, refor\u00e7ando a import\u00e2ncia de atualiza\u00e7\u00e3o constante para manuten\u00e7\u00e3o do destaque no mercado brasileiro.<\/p>\n<p>O estudo aponta que a diferencia\u00e7\u00e3o deixar\u00e1 de estar apenas em habilidades t\u00e9cnicas ou comportamentais isoladas, mas sim na capacidade de conectar conhecimentos, colaborar em ambientes multidisciplinares e atuar de forma estrat\u00e9gica em diferentes \u00e1reas da organiza\u00e7\u00e3o.<\/p>\n<p>Quer se aprofundar em carreiras do futuro e conferir mais sobre carreiras e profiss\u00f5es, acesse a p\u00e1gina inicial do <a href=\"https:\/\/www.pensarcursos.com.br\/blog\/\" target=\"_blank\" rel=\"noopener\"><strong>Blog Pensar Cursos<\/strong><\/a> e tamb\u00e9m assita ao v\u00eddeo abaixo:<\/p>\n<div class=\"jeg_video_container jeg_video_content\"><iframe title=\"Concurso P\u00fablico: As 5 Carreiras Que Pagam Mais de R$ 20.000!\" width=\"500\" height=\"281\" src=\"https:\/\/www.youtube.com\/embed\/Ve3dQ0GjF3o?start=1&#038;feature=oembed\" frameborder=\"0\" allow=\"accelerometer; autoplay; clipboard-write; encrypted-media; gyroscope; picture-in-picture; web-share\" referrerpolicy=\"strict-origin-when-cross-origin\" allowfullscreen><\/iframe><\/div>\n","protected":false},"excerpt":{"rendered":"<p>Contrata\u00e7\u00f5es e promo\u00e7\u00f5es devem passar por um filtro bem diferente at\u00e9 o fim do ano. Empresas e recrutadores procuram novas combina\u00e7\u00f5es de habilidades para garantir sucesso em um cen\u00e1rio tecnol\u00f3gico e din\u00e2mico. As compet\u00eancias que aparecem entre as mais valorizadas em 2026 v\u00e3o surpreender quem apostava em carreiras \u201ctradicionais\u201d. Levantamento recente realizado pelo LinkedIn indica: [&hellip;]<\/p>\n","protected":false},"author":41,"featured_media":149680,"comment_status":"open","ping_status":"closed","sticky":false,"template":"","format":"standard","meta":{"jnews-multi-image_gallery":[],"jnews_single_post":{"format":"standard","override":[{"template":"1","parallax":"1","fullscreen":"1","layout":"right-sidebar","sidebar":"default-sidebar","second_sidebar":"default-sidebar","sticky_sidebar":"1","share_position":"topbottom","share_float_style":"share-monocrhome","show_featured":"1","show_post_meta":"1","show_post_author":"1","show_post_author_image":"1","show_post_date":"1","post_date_format":"default","post_date_format_custom":"Y\/m\/d","show_post_category":"1","post_reading_time_wpm":"300","post_calculate_word_method":"str_word_count","show_zoom_button":"0","zoom_button_out_step":"2","zoom_button_in_step":"3","show_post_tag":"1","show_prev_next_post":"1","show_popup_post":"1","show_comment_section":"1","number_popup_post":"2","show_author_box":"1","show_post_related":"1","show_inline_post_related":"1"}],"image_override":[{"single_post_thumbnail_size":"crop-500","single_post_gallery_size":"crop-500"}],"trending_post_position":"meta","trending_post_label":"Trending","sponsored_post_label":"Sponsored by","disable_ad":"0","subtitle":"Empresas brasileiras priorizam profissionais com vis\u00e3o estrat\u00e9gica, dom\u00ednio em IA e habilidades interpessoais integradas"},"jnews_primary_category":[],"jnews_social_meta":[],"jnews_override_counter":{"view_counter_number":"0","share_counter_number":"0","like_counter_number":"0","dislike_counter_number":"0"},"footnotes":""},"categories":[13725],"tags":[38475,39532,219],"class_list":["post-149649","post","type-post","status-publish","format-standard","has-post-thumbnail","hentry","category-profissoes","tag-competencias-profissionais-2026","tag-dados-profissionais-linkedin","tag-mercado-de-trabalho"],"yoast_head":"<!-- This site is optimized with the Yoast SEO Premium plugin v27.4 (Yoast SEO v27.4) - https:\/\/yoast.com\/product\/yoast-seo-premium-wordpress\/ -->\n<title>Essas s\u00e3o as 5 compet\u00eancias mais buscadas no Brasil em 2026, de acordo com o LinkedIn - Blog Pensar Cursos<\/title>\n<meta name=\"description\" content=\"Conhe\u00e7a as 5 compet\u00eancias que ser\u00e3o essenciais no mercado de trabalho brasileiro em 2026 segundo o LinkedIn.\" \/>\n<meta name=\"robots\" content=\"index, follow, max-snippet:-1, max-image-preview:large, max-video-preview:-1\" \/>\n<link rel=\"canonical\" href=\"https:\/\/www.pensarcursos.com.br\/blog\/essas-sao-as-5-competencias-mais-buscadas-no-brasil-em-2026-de-acordo-com-o-linkedin\/\" \/>\n<meta property=\"og:locale\" content=\"pt_BR\" \/>\n<meta property=\"og:type\" content=\"article\" \/>\n<meta property=\"og:title\" content=\"Essas s\u00e3o as 5 compet\u00eancias mais buscadas no Brasil em 2026, de acordo com o LinkedIn\" \/>\n<meta property=\"og:description\" content=\"Conhe\u00e7a as 5 compet\u00eancias que ser\u00e3o essenciais no mercado de trabalho brasileiro em 2026 segundo o LinkedIn.\" \/>\n<meta property=\"og:url\" content=\"https:\/\/www.pensarcursos.com.br\/blog\/essas-sao-as-5-competencias-mais-buscadas-no-brasil-em-2026-de-acordo-com-o-linkedin\/\" \/>\n<meta property=\"og:site_name\" content=\"Blog Pensar Cursos\" \/>\n<meta property=\"article:publisher\" content=\"https:\/\/www.facebook.com\/pensarcursos\/\" \/>\n<meta property=\"article:published_time\" content=\"2026-03-12T22:29:23+00:00\" \/>\n<meta property=\"og:image\" content=\"https:\/\/www.pensarcursos.com.br\/blog\/wp-content\/uploads\/2026\/03\/hailidades-profissionais-2026.jpg\" \/>\n\t<meta property=\"og:image:width\" content=\"1500\" \/>\n\t<meta property=\"og:image:height\" content=\"1000\" \/>\n\t<meta property=\"og:image:type\" content=\"image\/jpeg\" \/>\n<meta name=\"author\" content=\"F\u00e1tima Azevedo\" \/>\n<meta name=\"twitter:card\" content=\"summary_large_image\" \/>\n<meta name=\"twitter:label1\" content=\"Escrito por\" \/>\n\t<meta name=\"twitter:data1\" content=\"F\u00e1tima Azevedo\" \/>\n\t<meta name=\"twitter:label2\" content=\"Est. tempo de leitura\" \/>\n\t<meta name=\"twitter:data2\" content=\"5 minutos\" \/>\n<!-- \/ Yoast SEO Premium plugin. -->","yoast_head_json":{"title":"Essas s\u00e3o as 5 compet\u00eancias mais buscadas no Brasil em 2026, de acordo com o LinkedIn - Blog Pensar Cursos","description":"Conhe\u00e7a as 5 compet\u00eancias que ser\u00e3o essenciais no mercado de trabalho brasileiro em 2026 segundo o LinkedIn.","robots":{"index":"index","follow":"follow","max-snippet":"max-snippet:-1","max-image-preview":"max-image-preview:large","max-video-preview":"max-video-preview:-1"},"canonical":"https:\/\/www.pensarcursos.com.br\/blog\/essas-sao-as-5-competencias-mais-buscadas-no-brasil-em-2026-de-acordo-com-o-linkedin\/","og_locale":"pt_BR","og_type":"article","og_title":"Essas s\u00e3o as 5 compet\u00eancias mais buscadas no Brasil em 2026, de acordo com o LinkedIn","og_description":"Conhe\u00e7a as 5 compet\u00eancias que ser\u00e3o essenciais no mercado de trabalho brasileiro em 2026 segundo o LinkedIn.","og_url":"https:\/\/www.pensarcursos.com.br\/blog\/essas-sao-as-5-competencias-mais-buscadas-no-brasil-em-2026-de-acordo-com-o-linkedin\/","og_site_name":"Blog Pensar Cursos","article_publisher":"https:\/\/www.facebook.com\/pensarcursos\/","article_published_time":"2026-03-12T22:29:23+00:00","og_image":[{"width":1500,"height":1000,"url":"https:\/\/www.pensarcursos.com.br\/blog\/wp-content\/uploads\/2026\/03\/hailidades-profissionais-2026.jpg","type":"image\/jpeg"}],"author":"F\u00e1tima Azevedo","twitter_card":"summary_large_image","twitter_misc":{"Escrito por":"F\u00e1tima Azevedo","Est. tempo de leitura":"5 minutos"},"schema":{"@context":"https:\/\/schema.org","@graph":[{"@type":["Article","BlogPosting"],"@id":"https:\/\/www.pensarcursos.com.br\/blog\/essas-sao-as-5-competencias-mais-buscadas-no-brasil-em-2026-de-acordo-com-o-linkedin\/#article","isPartOf":{"@id":"https:\/\/www.pensarcursos.com.br\/blog\/essas-sao-as-5-competencias-mais-buscadas-no-brasil-em-2026-de-acordo-com-o-linkedin\/"},"author":{"name":"F\u00e1tima Azevedo","@id":"https:\/\/www.pensarcursos.com.br\/blog\/#\/schema\/person\/827343e4611913410dcf62144b5b2a2d"},"headline":"Essas s\u00e3o as 5 compet\u00eancias mais buscadas no Brasil em 2026, de acordo com o LinkedIn","datePublished":"2026-03-12T22:29:23+00:00","mainEntityOfPage":{"@id":"https:\/\/www.pensarcursos.com.br\/blog\/essas-sao-as-5-competencias-mais-buscadas-no-brasil-em-2026-de-acordo-com-o-linkedin\/"},"wordCount":884,"commentCount":0,"publisher":{"@id":"https:\/\/www.pensarcursos.com.br\/blog\/#organization"},"image":{"@id":"https:\/\/www.pensarcursos.com.br\/blog\/essas-sao-as-5-competencias-mais-buscadas-no-brasil-em-2026-de-acordo-com-o-linkedin\/#primaryimage"},"thumbnailUrl":"https:\/\/www.pensarcursos.com.br\/blog\/wp-content\/uploads\/2026\/03\/hailidades-profissionais-2026.jpg","keywords":["compet\u00eancias profissionais 2026","dados profissionais linkedin","mercado de trabalho"],"articleSection":["Profiss\u00f5es"],"inLanguage":"pt-BR","potentialAction":[{"@type":"CommentAction","name":"Comment","target":["https:\/\/www.pensarcursos.com.br\/blog\/essas-sao-as-5-competencias-mais-buscadas-no-brasil-em-2026-de-acordo-com-o-linkedin\/#respond"]}],"copyrightYear":"2026","copyrightHolder":{"@id":"https:\/\/www.pensarcursos.com.br\/blog\/#organization"}},{"@type":"WebPage","@id":"https:\/\/www.pensarcursos.com.br\/blog\/essas-sao-as-5-competencias-mais-buscadas-no-brasil-em-2026-de-acordo-com-o-linkedin\/","url":"https:\/\/www.pensarcursos.com.br\/blog\/essas-sao-as-5-competencias-mais-buscadas-no-brasil-em-2026-de-acordo-com-o-linkedin\/","name":"Essas s\u00e3o as 5 compet\u00eancias mais buscadas no Brasil em 2026, de acordo com o LinkedIn - Blog Pensar Cursos","isPartOf":{"@id":"https:\/\/www.pensarcursos.com.br\/blog\/#website"},"primaryImageOfPage":{"@id":"https:\/\/www.pensarcursos.com.br\/blog\/essas-sao-as-5-competencias-mais-buscadas-no-brasil-em-2026-de-acordo-com-o-linkedin\/#primaryimage"},"image":{"@id":"https:\/\/www.pensarcursos.com.br\/blog\/essas-sao-as-5-competencias-mais-buscadas-no-brasil-em-2026-de-acordo-com-o-linkedin\/#primaryimage"},"thumbnailUrl":"https:\/\/www.pensarcursos.com.br\/blog\/wp-content\/uploads\/2026\/03\/hailidades-profissionais-2026.jpg","datePublished":"2026-03-12T22:29:23+00:00","description":"Conhe\u00e7a as 5 compet\u00eancias que ser\u00e3o essenciais no mercado de trabalho brasileiro em 2026 segundo o LinkedIn.","breadcrumb":{"@id":"https:\/\/www.pensarcursos.com.br\/blog\/essas-sao-as-5-competencias-mais-buscadas-no-brasil-em-2026-de-acordo-com-o-linkedin\/#breadcrumb"},"inLanguage":"pt-BR","potentialAction":[{"@type":"ReadAction","target":["https:\/\/www.pensarcursos.com.br\/blog\/essas-sao-as-5-competencias-mais-buscadas-no-brasil-em-2026-de-acordo-com-o-linkedin\/"]}]},{"@type":"ImageObject","inLanguage":"pt-BR","@id":"https:\/\/www.pensarcursos.com.br\/blog\/essas-sao-as-5-competencias-mais-buscadas-no-brasil-em-2026-de-acordo-com-o-linkedin\/#primaryimage","url":"https:\/\/www.pensarcursos.com.br\/blog\/wp-content\/uploads\/2026\/03\/hailidades-profissionais-2026.jpg","contentUrl":"https:\/\/www.pensarcursos.com.br\/blog\/wp-content\/uploads\/2026\/03\/hailidades-profissionais-2026.jpg","width":1500,"height":1000,"caption":"Profissionais com habilidades anal\u00edticas e digitais estar\u00e3o em alta em 2026, conforme indica o LinkedIn entre as principais compet\u00eancias demandadas. Imagem: Freepik"},{"@type":"BreadcrumbList","@id":"https:\/\/www.pensarcursos.com.br\/blog\/essas-sao-as-5-competencias-mais-buscadas-no-brasil-em-2026-de-acordo-com-o-linkedin\/#breadcrumb","itemListElement":[{"@type":"ListItem","position":1,"name":"Home","item":"https:\/\/www.pensarcursos.com.br\/blog\/"},{"@type":"ListItem","position":2,"name":"Essas s\u00e3o as 5 compet\u00eancias mais buscadas no Brasil em 2026, de acordo com o LinkedIn"}]},{"@type":"WebSite","@id":"https:\/\/www.pensarcursos.com.br\/blog\/#website","url":"https:\/\/www.pensarcursos.com.br\/blog\/","name":"Blog Pensar Cursos","description":"Maior Site de Cursos do Brasil","publisher":{"@id":"https:\/\/www.pensarcursos.com.br\/blog\/#organization"},"alternateName":"Blog Pensar","potentialAction":[{"@type":"SearchAction","target":{"@type":"EntryPoint","urlTemplate":"https:\/\/www.pensarcursos.com.br\/blog\/?s={search_term_string}"},"query-input":{"@type":"PropertyValueSpecification","valueRequired":true,"valueName":"search_term_string"}}],"inLanguage":"pt-BR"},{"@type":"Organization","@id":"https:\/\/www.pensarcursos.com.br\/blog\/#organization","name":"Pensar Cursos","alternateName":"Blog pensar","url":"https:\/\/www.pensarcursos.com.br\/blog\/","logo":{"@type":"ImageObject","inLanguage":"pt-BR","@id":"https:\/\/www.pensarcursos.com.br\/blog\/#\/schema\/logo\/image\/","url":"https:\/\/www.pensarcursos.com.br\/blog\/wp-content\/uploads\/2023\/11\/Nova-Logo-Pensar-Cursos-vertical.png","contentUrl":"https:\/\/www.pensarcursos.com.br\/blog\/wp-content\/uploads\/2023\/11\/Nova-Logo-Pensar-Cursos-vertical.png","width":1393,"height":1001,"caption":"Pensar Cursos"},"image":{"@id":"https:\/\/www.pensarcursos.com.br\/blog\/#\/schema\/logo\/image\/"},"sameAs":["https:\/\/www.facebook.com\/pensarcursos\/","https:\/\/instagram.com.br\/pensarcursos"],"description":"Pensar Cursos \u00e9 uma empresa especializada em oferecer cursos de alta qualidade voltados para o desenvolvimento profissional e acad\u00eamico. Com uma ampla gama de op\u00e7\u00f5es de treinamento, oferecemos conte\u00fados atualizados, ministrados por especialistas da \u00e1rea, para capacitar indiv\u00edduos e equipes a atingirem seus objetivos. Nossa miss\u00e3o \u00e9 proporcionar uma educa\u00e7\u00e3o transformadora, acess\u00edvel e personalizada para cada aluno, seja em cursos presenciais ou online. Com uma abordagem inovadora, buscamos adaptar os nossos programas de ensino \u00e0s necessidades do mercado, criando solu\u00e7\u00f5es que atendem aos desafios e exig\u00eancias do mundo corporativo e acad\u00eamico. Nossos cursos incluem desde forma\u00e7\u00f5es t\u00e9cnicas at\u00e9 habilidades essenciais, como lideran\u00e7a, gest\u00e3o e desenvolvimento pessoal.","email":"contato@pensarcursos.com.br","legalName":"Sena Servi\u00e7os de Informa\u00e7\u00e3o Online LTDA","foundingDate":"2013-04-18","vatID":"17956217000172","numberOfEmployees":{"@type":"QuantitativeValue","minValue":"11","maxValue":"50"},"publishingPrinciples":"https:\/\/www.pensarcursos.com.br\/blog\/principios-de-publicacao\/","ownershipFundingInfo":"https:\/\/www.pensarcursos.com.br\/blog\/informacoes-de-propriedade-financiamento\/","actionableFeedbackPolicy":"https:\/\/www.pensarcursos.com.br\/blog\/politica-de-feedback-acionavel\/","correctionsPolicy":"https:\/\/www.pensarcursos.com.br\/blog\/politica-de-correcoes\/","ethicsPolicy":"https:\/\/www.pensarcursos.com.br\/blog\/politica-de-etica\/"},{"@type":"Person","@id":"https:\/\/www.pensarcursos.com.br\/blog\/#\/schema\/person\/827343e4611913410dcf62144b5b2a2d","name":"F\u00e1tima Azevedo","image":{"@type":"ImageObject","inLanguage":"pt-BR","@id":"https:\/\/secure.gravatar.com\/avatar\/ea820c84e212573cc3f119ba576278fe7ad07b69ed7ca0c33223662227bb77ca?s=96&d=mm&r=g","url":"https:\/\/secure.gravatar.com\/avatar\/ea820c84e212573cc3f119ba576278fe7ad07b69ed7ca0c33223662227bb77ca?s=96&d=mm&r=g","contentUrl":"https:\/\/secure.gravatar.com\/avatar\/ea820c84e212573cc3f119ba576278fe7ad07b69ed7ca0c33223662227bb77ca?s=96&d=mm&r=g","caption":"F\u00e1tima Azevedo"},"description":"Graduada em Ci\u00eancias Biol\u00f3gicas. Professora. Redatora grupo Sena Online.","sameAs":["https:\/\/www.linkedin.com\/in\/maria-de-f\u00e1tima-oliveira-da-costa-74a1692a7"],"url":"https:\/\/www.pensarcursos.com.br\/blog\/author\/fatima\/"}]}},"_links":{"self":[{"href":"https:\/\/www.pensarcursos.com.br\/blog\/wp-json\/wp\/v2\/posts\/149649","targetHints":{"allow":["GET"]}}],"collection":[{"href":"https:\/\/www.pensarcursos.com.br\/blog\/wp-json\/wp\/v2\/posts"}],"about":[{"href":"https:\/\/www.pensarcursos.com.br\/blog\/wp-json\/wp\/v2\/types\/post"}],"author":[{"embeddable":true,"href":"https:\/\/www.pensarcursos.com.br\/blog\/wp-json\/wp\/v2\/users\/41"}],"replies":[{"embeddable":true,"href":"https:\/\/www.pensarcursos.com.br\/blog\/wp-json\/wp\/v2\/comments?post=149649"}],"version-history":[{"count":0,"href":"https:\/\/www.pensarcursos.com.br\/blog\/wp-json\/wp\/v2\/posts\/149649\/revisions"}],"wp:featuredmedia":[{"embeddable":true,"href":"https:\/\/www.pensarcursos.com.br\/blog\/wp-json\/wp\/v2\/media\/149680"}],"wp:attachment":[{"href":"https:\/\/www.pensarcursos.com.br\/blog\/wp-json\/wp\/v2\/media?parent=149649"}],"wp:term":[{"taxonomy":"category","embeddable":true,"href":"https:\/\/www.pensarcursos.com.br\/blog\/wp-json\/wp\/v2\/categories?post=149649"},{"taxonomy":"post_tag","embeddable":true,"href":"https:\/\/www.pensarcursos.com.br\/blog\/wp-json\/wp\/v2\/tags?post=149649"}],"curies":[{"name":"wp","href":"https:\/\/api.w.org\/{rel}","templated":true}]}}