{"id":149643,"date":"2026-03-12T18:19:19","date_gmt":"2026-03-12T21:19:19","guid":{"rendered":"https:\/\/www.pensarcursos.com.br\/blog\/?p=149643"},"modified":"2026-03-12T11:27:29","modified_gmt":"2026-03-12T14:27:29","slug":"estudo-aponta-que-a-inteligencia-artificial-pode-frear-o-avanco-de-dez-profissoes-ate-2034","status":"publish","type":"post","link":"https:\/\/www.pensarcursos.com.br\/blog\/estudo-aponta-que-a-inteligencia-artificial-pode-frear-o-avanco-de-dez-profissoes-ate-2034\/","title":{"rendered":"Estudo aponta que a intelig\u00eancia artificial pode frear o avan\u00e7o de dez profiss\u00f5es at\u00e9 2034"},"content":{"rendered":"<p>Enquanto muita gente ainda debate se a intelig\u00eancia artificial vai &#8220;roubar&#8221; empregos, um estudo j\u00e1 mostra que ela est\u00e1 <strong>freando contrata\u00e7\u00f5es em \u00e1reas espec\u00edficas<\/strong> \u2014 e os dados apontam quais profiss\u00f5es sentem isso primeiro.<\/p>\n<p>A <a href=\"https:\/\/www.anthropic.com\/research\/labor-market-impacts\" target=\"_blank\" rel=\"noopener\"><strong>Anthropic<\/strong><\/a>, empresa criadora do modelo de IA Claude, publicou um relat\u00f3rio detalhando o impacto da intelig\u00eancia artificial sobre o mercado de trabalho. Os resultados chamam aten\u00e7\u00e3o: dez profiss\u00f5es com alta exposi\u00e7\u00e3o \u00e0 IA devem registrar <strong>crescimento mais lento at\u00e9 2034<\/strong>, segundo proje\u00e7\u00f5es do Departamento de Estat\u00edsticas do Trabalho dos Estados Unidos (BLS).<\/p>\n<p>O levantamento n\u00e3o prev\u00ea extin\u00e7\u00e3o imediata de cargos. O que os dados indicam, no entanto, \u00e9 uma mudan\u00e7a silenciosa: menos vagas sendo abertas, especialmente para profissionais mais jovens. Para quem est\u00e1 escolhendo uma \u00e1rea de atua\u00e7\u00e3o ou pensando em se especializar, entender esse cen\u00e1rio pode fazer toda a diferen\u00e7a.<\/p>\n<h2>O que o relat\u00f3rio da Anthropic revelou sobre intelig\u00eancia artificial e emprego<\/h2>\n<p>O objetivo declarado da pesquisa \u00e9 claro: &#8220;estabelecer uma abordagem para mensurar como a IA est\u00e1 afetando o emprego e revisar essas an\u00e1lises periodicamente&#8221;, conforme descrito no pr\u00f3prio documento.<\/p>\n<p>Um ponto importante do relat\u00f3rio \u00e9 que a intelig\u00eancia artificial ainda est\u00e1 <strong>longe de atingir sua capacidade te\u00f3rica<\/strong>. Na pr\u00e1tica, ela cobre apenas uma fra\u00e7\u00e3o do que poderia potencialmente executar. Mesmo assim, os efeitos j\u00e1 s\u00e3o observ\u00e1veis no mercado.<\/p>\n<h3>O conceito de &#8220;exposi\u00e7\u00e3o observada&#8221; \u00e0 IA<\/h3>\n<p>Para chegar \u00e0s conclus\u00f5es, a Anthropic utilizou o que chama de <strong>&#8220;exposi\u00e7\u00e3o observada&#8221;<\/strong>: uma medida que combina as capacidades te\u00f3ricas dos grandes modelos de linguagem com dados concretos do mundo real. Em outras palavras, n\u00e3o se trata apenas do que a IA pode fazer em teoria, mas do que ela j\u00e1 est\u00e1 fazendo na pr\u00e1tica.<\/p>\n<h2>As dez profiss\u00f5es mais afetadas pela intelig\u00eancia artificial<\/h2>\n<p>O estudo identificou dez ocupa\u00e7\u00f5es com os maiores \u00edndices de exposi\u00e7\u00e3o \u00e0 IA. Veja os dados:<\/p>\n<table>\n<thead>\n<tr>\n<th scope=\"col\">Profiss\u00e3o<\/th>\n<th scope=\"col\">N\u00edvel de Exposi\u00e7\u00e3o<\/th>\n<\/tr>\n<\/thead>\n<tbody>\n<tr>\n<td>Programadores<\/td>\n<td>74,5%<\/td>\n<\/tr>\n<tr>\n<td>Representantes de atendimento ao cliente<\/td>\n<td>70,1%<\/td>\n<\/tr>\n<tr>\n<td>Analistas de dados<\/td>\n<td>67,1%<\/td>\n<\/tr>\n<tr>\n<td>Especialistas em registros m\u00e9dicos<\/td>\n<td>66,7%<\/td>\n<\/tr>\n<tr>\n<td>Analistas de mercado e marketing<\/td>\n<td>64,8%<\/td>\n<\/tr>\n<tr>\n<td>Representantes de vendas<\/td>\n<td>62,8%<\/td>\n<\/tr>\n<tr>\n<td>Analistas financeiros<\/td>\n<td>57,2%<\/td>\n<\/tr>\n<tr>\n<td>Analistas de software e garantia de qualidade<\/td>\n<td>51,9%<\/td>\n<\/tr>\n<tr>\n<td>Analistas de seguran\u00e7a da informa\u00e7\u00e3o<\/td>\n<td>48,6%<\/td>\n<\/tr>\n<tr>\n<td>Especialistas em suporte t\u00e9cnico<\/td>\n<td>46,8%<\/td>\n<\/tr>\n<\/tbody>\n<\/table>\n<p>Em geral, s\u00e3o fun\u00e7\u00f5es em que a IA tem maior potencial para <strong>automatizar tarefas repetitivas<\/strong> e otimizar processos, reduzindo a necessidade de m\u00e3o de obra humana para determinadas atividades.<\/p>\n<h3>Por que programadores lideram a lista?<\/h3>\n<p>A presen\u00e7a de programadores no topo pode parecer contradit\u00f3ria \u2014 afinal, s\u00e3o eles que desenvolvem as ferramentas de IA. Mas a explica\u00e7\u00e3o est\u00e1 na natureza do trabalho: grande parte da programa\u00e7\u00e3o envolve tarefas padronizadas, como escrita de c\u00f3digo repetitivo, depura\u00e7\u00e3o e documenta\u00e7\u00e3o. Essas s\u00e3o exatamente as atividades que ferramentas como o GitHub Copilot e o pr\u00f3prio Claude j\u00e1 executam com efici\u00eancia.<\/p>\n<figure id=\"attachment_149655\" aria-describedby=\"caption-attachment-149655\" style=\"width: 1422px\" class=\"wp-caption aligncenter\"><img decoding=\"async\" class=\"wp-image-149655 size-full\" src=\"https:\/\/www.pensarcursos.com.br\/blog\/wp-content\/uploads\/2026\/03\/profissoes-expostas-ao-avanco-da-automacao.jpg\" alt=\"Equipe de tecnologia analisando c\u00f3digos e sistemas de intelig\u00eancia artificial em monitores dentro de escrit\u00f3rio corporativo.\" width=\"1422\" height=\"800\" srcset=\"https:\/\/www.pensarcursos.com.br\/blog\/wp-content\/uploads\/2026\/03\/profissoes-expostas-ao-avanco-da-automacao.jpg 1422w, https:\/\/www.pensarcursos.com.br\/blog\/wp-content\/uploads\/2026\/03\/profissoes-expostas-ao-avanco-da-automacao-300x169.jpg 300w, https:\/\/www.pensarcursos.com.br\/blog\/wp-content\/uploads\/2026\/03\/profissoes-expostas-ao-avanco-da-automacao-1024x576.jpg 1024w, https:\/\/www.pensarcursos.com.br\/blog\/wp-content\/uploads\/2026\/03\/profissoes-expostas-ao-avanco-da-automacao-768x432.jpg 768w, https:\/\/www.pensarcursos.com.br\/blog\/wp-content\/uploads\/2026\/03\/profissoes-expostas-ao-avanco-da-automacao-750x422.jpg 750w, https:\/\/www.pensarcursos.com.br\/blog\/wp-content\/uploads\/2026\/03\/profissoes-expostas-ao-avanco-da-automacao-1140x641.jpg 1140w\" sizes=\"(max-width: 1422px) 100vw, 1422px\" \/><figcaption id=\"caption-attachment-149655\" class=\"wp-caption-text\">Futuro profissional exigir\u00e1 adapta\u00e7\u00e3o em um mundo cada vez mais automatizado. Fonte: Freepik.<\/figcaption><\/figure>\n<h2>Impacto no emprego: o que os n\u00fameros realmente mostram<\/h2>\n<p>Apesar do cen\u00e1rio, o relat\u00f3rio traz uma nuance importante. <strong>&#8220;N\u00e3o encontramos impacto nas taxas de desemprego para trabalhadores nas ocupa\u00e7\u00f5es mais expostas&#8221;<\/strong>, afirma o documento. O que se observa, por\u00e9m, s\u00e3o evid\u00eancias preliminares de que a contrata\u00e7\u00e3o nessas <a href=\"https:\/\/www.pensarcursos.com.br\/blog\/contra-o-avanco-da-ia-profissoes-manuais-e-presenciais-ressurgem-como-aposta-segura-para-o-futuro\/\" target=\"_blank\" rel=\"noopener\">profiss\u00f5es<\/a> diminuiu ligeiramente entre trabalhadores de 22 a 25 anos.<\/p>\n<p>Isso significa que o efeito imediato n\u00e3o \u00e9 demiss\u00e3o em massa, mas sim <strong>menos portas abertas para quem est\u00e1 entrando no mercado<\/strong>.<\/p>\n<h3>Compara\u00e7\u00e3o com outros choques econ\u00f4micos<\/h3>\n<p>A Anthropic tamb\u00e9m contextualiza o impacto da intelig\u00eancia artificial em rela\u00e7\u00e3o a outros momentos hist\u00f3ricos. O relat\u00f3rio afirma que o efeito pode ser <strong>&#8220;menos parecido&#8221;<\/strong> com o observado durante a pandemia de COVID-19 e mais similar ao provocado pela expans\u00e3o da internet ou pelo crescimento do com\u00e9rcio com a China \u2014 transforma\u00e7\u00f5es graduais, mas profundas.<\/p>\n<h2>Profiss\u00f5es que a IA n\u00e3o substitui<\/h2>\n<p>O relat\u00f3rio tamb\u00e9m \u00e9 claro sobre o que a intelig\u00eancia artificial <strong>n\u00e3o consegue fazer<\/strong>: substituir<a href=\"https:\/\/www.pensarcursos.com.br\/blog\/parece-emprego-comum-mas-nao-e-10-profissoes-com-salarios-acima-da-media\/\" target=\"_blank\" rel=\"noopener\"> profiss\u00f5es<\/a> que exigem presen\u00e7a f\u00edsica. A lista inclui cozinheiros, mec\u00e2nicos, salva-vidas, bartenders, lavadores de pratos e atendentes de vesti\u00e1rio.<\/p>\n<p>Atividades agr\u00edcolas, como poda de \u00e1rvores, e fun\u00e7\u00f5es jur\u00eddicas espec\u00edficas, como representar clientes em ju\u00edzo, tamb\u00e9m aparecem fora do radar de automa\u00e7\u00e3o por agora.<\/p>\n<h2>O que profissionais e estudantes devem considerar<\/h2>\n<p>Diante desse panorama, o caminho n\u00e3o \u00e9 o p\u00e2nico \u2014 \u00e9 a <strong>adapta\u00e7\u00e3o estrat\u00e9gica<\/strong>. Algumas a\u00e7\u00f5es pr\u00e1ticas:<\/p>\n<ul>\n<li><strong>Desenvolver habilidades que a IA n\u00e3o replica facilmente<\/strong>, como pensamento cr\u00edtico, criatividade aplicada e gest\u00e3o de relacionamentos<\/li>\n<li><strong>Entender como usar ferramentas de IA<\/strong> para aumentar a pr\u00f3pria produtividade, tornando-se mais competitivo no mercado<\/li>\n<li><strong>Investir em forma\u00e7\u00e3o cont\u00ednua<\/strong>, especialmente em \u00e1reas que combinam tecnologia com compet\u00eancias humanas<\/li>\n<\/ul>\n<h2>Intelig\u00eancia artificial e o futuro das profiss\u00f5es: uma transforma\u00e7\u00e3o em andamento<\/h2>\n<p>O relat\u00f3rio da Anthropic funciona, nas palavras da pr\u00f3pria empresa, como <strong>&#8220;um primeiro passo para catalogar o impacto da IA no mercado de trabalho&#8221;<\/strong>. A ideia \u00e9 que, com o tempo, pesquisadores e profissionais consigam separar tend\u00eancias reais de especula\u00e7\u00f5es.<\/p>\n<p>O cen\u00e1rio aponta para uma transforma\u00e7\u00e3o gradual, n\u00e3o para uma ruptura imediata. As profiss\u00f5es n\u00e3o v\u00e3o desaparecer da noite para o dia, mas o <strong>perfil do trabalhador valorizado<\/strong> j\u00e1 est\u00e1 mudando. Quem souber combinar conhecimento t\u00e9cnico com habilidades que a tecnologia n\u00e3o automatiza tende a sair na frente.<\/p>\n<p>Para conferir mais sobre carreiras e profiss\u00f5es, acesse a p\u00e1gina inicial do\u00a0<a href=\"https:\/\/www.pensarcursos.com.br\/blog\/\" target=\"_blank\" rel=\"noopener\"><strong>Blog Pensar Cursos<\/strong>\u00a0<\/a>e tamb\u00e9m assista ao v\u00eddeo abaixo:<\/p>\n<div class=\"jeg_video_container jeg_video_content\"><iframe title=\"Concurso P\u00fablico: As 5 Carreiras Que Pagam Mais de R$ 20.000!\" width=\"500\" height=\"281\" src=\"https:\/\/www.youtube.com\/embed\/Ve3dQ0GjF3o?feature=oembed\" frameborder=\"0\" allow=\"accelerometer; autoplay; clipboard-write; encrypted-media; gyroscope; picture-in-picture; web-share\" referrerpolicy=\"strict-origin-when-cross-origin\" allowfullscreen><\/iframe><\/div>\n","protected":false},"excerpt":{"rendered":"<p>Enquanto muita gente ainda debate se a intelig\u00eancia artificial vai &#8220;roubar&#8221; empregos, um estudo j\u00e1 mostra que ela est\u00e1 freando contrata\u00e7\u00f5es em \u00e1reas espec\u00edficas \u2014 e os dados apontam quais profiss\u00f5es sentem isso primeiro. A Anthropic, empresa criadora do modelo de IA Claude, publicou um relat\u00f3rio detalhando o impacto da intelig\u00eancia artificial sobre o mercado [&hellip;]<\/p>\n","protected":false},"author":56,"featured_media":149650,"comment_status":"open","ping_status":"closed","sticky":false,"template":"","format":"standard","meta":{"jnews-multi-image_gallery":[],"jnews_single_post":{"subtitle":"Estudo da Anthropic identifica as \u00e1reas com maior risco de desacelera\u00e7\u00e3o e o que trabalhadores podem fazer para se adaptar","format":"standard","override":[{"template":"1","parallax":"1","fullscreen":"1","layout":"right-sidebar","sidebar":"default-sidebar","second_sidebar":"default-sidebar","sticky_sidebar":"1","share_position":"topbottom","share_float_style":"share-monocrhome","show_featured":"1","show_post_meta":"1","show_post_author":"1","show_post_author_image":"1","show_post_date":"1","post_date_format":"default","post_date_format_custom":"Y\/m\/d","show_post_category":"1","post_reading_time_wpm":"300","post_calculate_word_method":"str_word_count","show_zoom_button":"0","zoom_button_out_step":"2","zoom_button_in_step":"3","show_post_tag":"1","show_prev_next_post":"1","show_popup_post":"1","show_comment_section":"1","number_popup_post":"2","show_author_box":"1","show_post_related":"1","show_inline_post_related":"1"}],"image_override":[{"single_post_thumbnail_size":"crop-500","single_post_gallery_size":"crop-500"}],"trending_post_position":"meta","trending_post_label":"Trending","sponsored_post_label":"Sponsored by","disable_ad":"0"},"jnews_primary_category":[],"jnews_social_meta":[],"jnews_override_counter":{"view_counter_number":"0","share_counter_number":"0","like_counter_number":"0","dislike_counter_number":"0"},"footnotes":""},"categories":[13725],"tags":[39529,39530,28023,39531],"class_list":["post-149643","post","type-post","status-publish","format-standard","has-post-thumbnail","hentry","category-profissoes","tag-automacao-de-empregos","tag-carreira-e-tecnologia","tag-futuro-das-profissoes","tag-profissoes-afetadas-pela-inteligencia-artificial"],"yoast_head":"<!-- This site is optimized with the Yoast SEO Premium plugin v27.4 (Yoast SEO v27.4) - https:\/\/yoast.com\/product\/yoast-seo-premium-wordpress\/ -->\n<title>Estudo aponta que a intelig\u00eancia artificial pode frear o avan\u00e7o de dez profiss\u00f5es at\u00e9 2034 - Blog Pensar Cursos<\/title>\n<meta name=\"description\" content=\"Estudo aponta as 10 profiss\u00f5es mais afetadas pela IA at\u00e9 2034. Veja quais s\u00e3o e como se preparar para o novo mercado.\" \/>\n<meta name=\"robots\" content=\"index, follow, max-snippet:-1, max-image-preview:large, max-video-preview:-1\" \/>\n<link rel=\"canonical\" href=\"https:\/\/www.pensarcursos.com.br\/blog\/estudo-aponta-que-a-inteligencia-artificial-pode-frear-o-avanco-de-dez-profissoes-ate-2034\/\" \/>\n<meta property=\"og:locale\" content=\"pt_BR\" \/>\n<meta property=\"og:type\" content=\"article\" \/>\n<meta property=\"og:title\" content=\"Estudo aponta que a intelig\u00eancia artificial pode frear o avan\u00e7o de dez profiss\u00f5es at\u00e9 2034\" \/>\n<meta property=\"og:description\" content=\"Estudo aponta as 10 profiss\u00f5es mais afetadas pela IA at\u00e9 2034. Veja quais s\u00e3o e como se preparar para o novo mercado.\" \/>\n<meta property=\"og:url\" content=\"https:\/\/www.pensarcursos.com.br\/blog\/estudo-aponta-que-a-inteligencia-artificial-pode-frear-o-avanco-de-dez-profissoes-ate-2034\/\" \/>\n<meta property=\"og:site_name\" content=\"Blog Pensar Cursos\" \/>\n<meta property=\"article:publisher\" content=\"https:\/\/www.facebook.com\/pensarcursos\/\" \/>\n<meta property=\"article:published_time\" content=\"2026-03-12T21:19:19+00:00\" \/>\n<meta property=\"og:image\" content=\"https:\/\/www.pensarcursos.com.br\/blog\/wp-content\/uploads\/2026\/03\/ia-redefine-funcoes-no-mercado-de-trabalho.jpg\" \/>\n\t<meta property=\"og:image:width\" content=\"1422\" \/>\n\t<meta property=\"og:image:height\" content=\"800\" \/>\n\t<meta property=\"og:image:type\" content=\"image\/jpeg\" \/>\n<meta name=\"author\" content=\"Yasmin Santos\" \/>\n<meta name=\"twitter:card\" content=\"summary_large_image\" \/>\n<meta name=\"twitter:label1\" content=\"Escrito por\" \/>\n\t<meta name=\"twitter:data1\" content=\"Yasmin Santos\" \/>\n\t<meta name=\"twitter:label2\" content=\"Est. tempo de leitura\" \/>\n\t<meta name=\"twitter:data2\" content=\"6 minutos\" \/>\n<!-- \/ Yoast SEO Premium plugin. -->","yoast_head_json":{"title":"Estudo aponta que a intelig\u00eancia artificial pode frear o avan\u00e7o de dez profiss\u00f5es at\u00e9 2034 - Blog Pensar Cursos","description":"Estudo aponta as 10 profiss\u00f5es mais afetadas pela IA at\u00e9 2034. Veja quais s\u00e3o e como se preparar para o novo mercado.","robots":{"index":"index","follow":"follow","max-snippet":"max-snippet:-1","max-image-preview":"max-image-preview:large","max-video-preview":"max-video-preview:-1"},"canonical":"https:\/\/www.pensarcursos.com.br\/blog\/estudo-aponta-que-a-inteligencia-artificial-pode-frear-o-avanco-de-dez-profissoes-ate-2034\/","og_locale":"pt_BR","og_type":"article","og_title":"Estudo aponta que a intelig\u00eancia artificial pode frear o avan\u00e7o de dez profiss\u00f5es at\u00e9 2034","og_description":"Estudo aponta as 10 profiss\u00f5es mais afetadas pela IA at\u00e9 2034. Veja quais s\u00e3o e como se preparar para o novo mercado.","og_url":"https:\/\/www.pensarcursos.com.br\/blog\/estudo-aponta-que-a-inteligencia-artificial-pode-frear-o-avanco-de-dez-profissoes-ate-2034\/","og_site_name":"Blog Pensar Cursos","article_publisher":"https:\/\/www.facebook.com\/pensarcursos\/","article_published_time":"2026-03-12T21:19:19+00:00","og_image":[{"width":1422,"height":800,"url":"https:\/\/www.pensarcursos.com.br\/blog\/wp-content\/uploads\/2026\/03\/ia-redefine-funcoes-no-mercado-de-trabalho.jpg","type":"image\/jpeg"}],"author":"Yasmin Santos","twitter_card":"summary_large_image","twitter_misc":{"Escrito por":"Yasmin Santos","Est. tempo de leitura":"6 minutos"},"schema":{"@context":"https:\/\/schema.org","@graph":[{"@type":["Article","BlogPosting"],"@id":"https:\/\/www.pensarcursos.com.br\/blog\/estudo-aponta-que-a-inteligencia-artificial-pode-frear-o-avanco-de-dez-profissoes-ate-2034\/#article","isPartOf":{"@id":"https:\/\/www.pensarcursos.com.br\/blog\/estudo-aponta-que-a-inteligencia-artificial-pode-frear-o-avanco-de-dez-profissoes-ate-2034\/"},"author":{"name":"Yasmin Santos","@id":"https:\/\/www.pensarcursos.com.br\/blog\/#\/schema\/person\/2700c09d818d989d5d4fff5f50d4b755"},"headline":"Estudo aponta que a intelig\u00eancia artificial pode frear o avan\u00e7o de dez profiss\u00f5es at\u00e9 2034","datePublished":"2026-03-12T21:19:19+00:00","mainEntityOfPage":{"@id":"https:\/\/www.pensarcursos.com.br\/blog\/estudo-aponta-que-a-inteligencia-artificial-pode-frear-o-avanco-de-dez-profissoes-ate-2034\/"},"wordCount":992,"commentCount":0,"publisher":{"@id":"https:\/\/www.pensarcursos.com.br\/blog\/#organization"},"image":{"@id":"https:\/\/www.pensarcursos.com.br\/blog\/estudo-aponta-que-a-inteligencia-artificial-pode-frear-o-avanco-de-dez-profissoes-ate-2034\/#primaryimage"},"thumbnailUrl":"https:\/\/www.pensarcursos.com.br\/blog\/wp-content\/uploads\/2026\/03\/ia-redefine-funcoes-no-mercado-de-trabalho.jpg","keywords":["automa\u00e7\u00e3o de empregos","carreira e tecnologia","futuro das profiss\u00f5es","profiss\u00f5es afetadas pela intelig\u00eancia artificial"],"articleSection":["Profiss\u00f5es"],"inLanguage":"pt-BR","potentialAction":[{"@type":"CommentAction","name":"Comment","target":["https:\/\/www.pensarcursos.com.br\/blog\/estudo-aponta-que-a-inteligencia-artificial-pode-frear-o-avanco-de-dez-profissoes-ate-2034\/#respond"]}],"copyrightYear":"2026","copyrightHolder":{"@id":"https:\/\/www.pensarcursos.com.br\/blog\/#organization"}},{"@type":"WebPage","@id":"https:\/\/www.pensarcursos.com.br\/blog\/estudo-aponta-que-a-inteligencia-artificial-pode-frear-o-avanco-de-dez-profissoes-ate-2034\/","url":"https:\/\/www.pensarcursos.com.br\/blog\/estudo-aponta-que-a-inteligencia-artificial-pode-frear-o-avanco-de-dez-profissoes-ate-2034\/","name":"Estudo aponta que a intelig\u00eancia artificial pode frear o avan\u00e7o de dez profiss\u00f5es at\u00e9 2034 - Blog Pensar Cursos","isPartOf":{"@id":"https:\/\/www.pensarcursos.com.br\/blog\/#website"},"primaryImageOfPage":{"@id":"https:\/\/www.pensarcursos.com.br\/blog\/estudo-aponta-que-a-inteligencia-artificial-pode-frear-o-avanco-de-dez-profissoes-ate-2034\/#primaryimage"},"image":{"@id":"https:\/\/www.pensarcursos.com.br\/blog\/estudo-aponta-que-a-inteligencia-artificial-pode-frear-o-avanco-de-dez-profissoes-ate-2034\/#primaryimage"},"thumbnailUrl":"https:\/\/www.pensarcursos.com.br\/blog\/wp-content\/uploads\/2026\/03\/ia-redefine-funcoes-no-mercado-de-trabalho.jpg","datePublished":"2026-03-12T21:19:19+00:00","description":"Estudo aponta as 10 profiss\u00f5es mais afetadas pela IA at\u00e9 2034. Veja quais s\u00e3o e como se preparar para o novo mercado.","breadcrumb":{"@id":"https:\/\/www.pensarcursos.com.br\/blog\/estudo-aponta-que-a-inteligencia-artificial-pode-frear-o-avanco-de-dez-profissoes-ate-2034\/#breadcrumb"},"inLanguage":"pt-BR","potentialAction":[{"@type":"ReadAction","target":["https:\/\/www.pensarcursos.com.br\/blog\/estudo-aponta-que-a-inteligencia-artificial-pode-frear-o-avanco-de-dez-profissoes-ate-2034\/"]}]},{"@type":"ImageObject","inLanguage":"pt-BR","@id":"https:\/\/www.pensarcursos.com.br\/blog\/estudo-aponta-que-a-inteligencia-artificial-pode-frear-o-avanco-de-dez-profissoes-ate-2034\/#primaryimage","url":"https:\/\/www.pensarcursos.com.br\/blog\/wp-content\/uploads\/2026\/03\/ia-redefine-funcoes-no-mercado-de-trabalho.jpg","contentUrl":"https:\/\/www.pensarcursos.com.br\/blog\/wp-content\/uploads\/2026\/03\/ia-redefine-funcoes-no-mercado-de-trabalho.jpg","width":1422,"height":800,"caption":"Revolu\u00e7\u00e3o digital: como a IA pode mudar o futuro de diversas carreiras. Fonte: Freepik."},{"@type":"BreadcrumbList","@id":"https:\/\/www.pensarcursos.com.br\/blog\/estudo-aponta-que-a-inteligencia-artificial-pode-frear-o-avanco-de-dez-profissoes-ate-2034\/#breadcrumb","itemListElement":[{"@type":"ListItem","position":1,"name":"Home","item":"https:\/\/www.pensarcursos.com.br\/blog\/"},{"@type":"ListItem","position":2,"name":"Estudo aponta que a intelig\u00eancia artificial pode frear o avan\u00e7o de dez profiss\u00f5es at\u00e9 2034"}]},{"@type":"WebSite","@id":"https:\/\/www.pensarcursos.com.br\/blog\/#website","url":"https:\/\/www.pensarcursos.com.br\/blog\/","name":"Blog Pensar Cursos","description":"Maior Site de Cursos do Brasil","publisher":{"@id":"https:\/\/www.pensarcursos.com.br\/blog\/#organization"},"alternateName":"Blog Pensar","potentialAction":[{"@type":"SearchAction","target":{"@type":"EntryPoint","urlTemplate":"https:\/\/www.pensarcursos.com.br\/blog\/?s={search_term_string}"},"query-input":{"@type":"PropertyValueSpecification","valueRequired":true,"valueName":"search_term_string"}}],"inLanguage":"pt-BR"},{"@type":"Organization","@id":"https:\/\/www.pensarcursos.com.br\/blog\/#organization","name":"Pensar Cursos","alternateName":"Blog pensar","url":"https:\/\/www.pensarcursos.com.br\/blog\/","logo":{"@type":"ImageObject","inLanguage":"pt-BR","@id":"https:\/\/www.pensarcursos.com.br\/blog\/#\/schema\/logo\/image\/","url":"https:\/\/www.pensarcursos.com.br\/blog\/wp-content\/uploads\/2023\/11\/Nova-Logo-Pensar-Cursos-vertical.png","contentUrl":"https:\/\/www.pensarcursos.com.br\/blog\/wp-content\/uploads\/2023\/11\/Nova-Logo-Pensar-Cursos-vertical.png","width":1393,"height":1001,"caption":"Pensar Cursos"},"image":{"@id":"https:\/\/www.pensarcursos.com.br\/blog\/#\/schema\/logo\/image\/"},"sameAs":["https:\/\/www.facebook.com\/pensarcursos\/","https:\/\/instagram.com.br\/pensarcursos"],"description":"Pensar Cursos \u00e9 uma empresa especializada em oferecer cursos de alta qualidade voltados para o desenvolvimento profissional e acad\u00eamico. Com uma ampla gama de op\u00e7\u00f5es de treinamento, oferecemos conte\u00fados atualizados, ministrados por especialistas da \u00e1rea, para capacitar indiv\u00edduos e equipes a atingirem seus objetivos. Nossa miss\u00e3o \u00e9 proporcionar uma educa\u00e7\u00e3o transformadora, acess\u00edvel e personalizada para cada aluno, seja em cursos presenciais ou online. Com uma abordagem inovadora, buscamos adaptar os nossos programas de ensino \u00e0s necessidades do mercado, criando solu\u00e7\u00f5es que atendem aos desafios e exig\u00eancias do mundo corporativo e acad\u00eamico. Nossos cursos incluem desde forma\u00e7\u00f5es t\u00e9cnicas at\u00e9 habilidades essenciais, como lideran\u00e7a, gest\u00e3o e desenvolvimento pessoal.","email":"contato@pensarcursos.com.br","legalName":"Sena Servi\u00e7os de Informa\u00e7\u00e3o Online LTDA","foundingDate":"2013-04-18","vatID":"17956217000172","numberOfEmployees":{"@type":"QuantitativeValue","minValue":"11","maxValue":"50"},"publishingPrinciples":"https:\/\/www.pensarcursos.com.br\/blog\/principios-de-publicacao\/","ownershipFundingInfo":"https:\/\/www.pensarcursos.com.br\/blog\/informacoes-de-propriedade-financiamento\/","actionableFeedbackPolicy":"https:\/\/www.pensarcursos.com.br\/blog\/politica-de-feedback-acionavel\/","correctionsPolicy":"https:\/\/www.pensarcursos.com.br\/blog\/politica-de-correcoes\/","ethicsPolicy":"https:\/\/www.pensarcursos.com.br\/blog\/politica-de-etica\/"},{"@type":"Person","@id":"https:\/\/www.pensarcursos.com.br\/blog\/#\/schema\/person\/2700c09d818d989d5d4fff5f50d4b755","name":"Yasmin Santos","image":{"@type":"ImageObject","inLanguage":"pt-BR","@id":"https:\/\/secure.gravatar.com\/avatar\/b8d88d102398911030f7bd8e99bd07ffbbb62169f9a740f38705dc857853eb31?s=96&d=mm&r=g","url":"https:\/\/secure.gravatar.com\/avatar\/b8d88d102398911030f7bd8e99bd07ffbbb62169f9a740f38705dc857853eb31?s=96&d=mm&r=g","contentUrl":"https:\/\/secure.gravatar.com\/avatar\/b8d88d102398911030f7bd8e99bd07ffbbb62169f9a740f38705dc857853eb31?s=96&d=mm&r=g","caption":"Yasmin Santos"},"description":"Graduada em Letras Portugu\u00eas\/Ingl\u00eas pela Universidade Estadual de Santa Cruz (UESC), redatora do Grupo Sena Online","sameAs":["https:\/\/www.instagram.com\/yasmin0_20?igsh=MTdqZXF3NTA1b2gyMg=="],"url":"https:\/\/www.pensarcursos.com.br\/blog\/author\/yasmin\/"}]}},"_links":{"self":[{"href":"https:\/\/www.pensarcursos.com.br\/blog\/wp-json\/wp\/v2\/posts\/149643","targetHints":{"allow":["GET"]}}],"collection":[{"href":"https:\/\/www.pensarcursos.com.br\/blog\/wp-json\/wp\/v2\/posts"}],"about":[{"href":"https:\/\/www.pensarcursos.com.br\/blog\/wp-json\/wp\/v2\/types\/post"}],"author":[{"embeddable":true,"href":"https:\/\/www.pensarcursos.com.br\/blog\/wp-json\/wp\/v2\/users\/56"}],"replies":[{"embeddable":true,"href":"https:\/\/www.pensarcursos.com.br\/blog\/wp-json\/wp\/v2\/comments?post=149643"}],"version-history":[{"count":0,"href":"https:\/\/www.pensarcursos.com.br\/blog\/wp-json\/wp\/v2\/posts\/149643\/revisions"}],"wp:featuredmedia":[{"embeddable":true,"href":"https:\/\/www.pensarcursos.com.br\/blog\/wp-json\/wp\/v2\/media\/149650"}],"wp:attachment":[{"href":"https:\/\/www.pensarcursos.com.br\/blog\/wp-json\/wp\/v2\/media?parent=149643"}],"wp:term":[{"taxonomy":"category","embeddable":true,"href":"https:\/\/www.pensarcursos.com.br\/blog\/wp-json\/wp\/v2\/categories?post=149643"},{"taxonomy":"post_tag","embeddable":true,"href":"https:\/\/www.pensarcursos.com.br\/blog\/wp-json\/wp\/v2\/tags?post=149643"}],"curies":[{"name":"wp","href":"https:\/\/api.w.org\/{rel}","templated":true}]}}