{"id":149637,"date":"2026-03-12T17:09:33","date_gmt":"2026-03-12T20:09:33","guid":{"rendered":"https:\/\/www.pensarcursos.com.br\/blog\/?p=149637"},"modified":"2026-03-12T13:20:04","modified_gmt":"2026-03-12T16:20:04","slug":"prouni-2026-prazo-para-estudantes-comprovarem-informacoes-termina-nesta-sexta-feira-13","status":"publish","type":"post","link":"https:\/\/www.pensarcursos.com.br\/blog\/prouni-2026-prazo-para-estudantes-comprovarem-informacoes-termina-nesta-sexta-feira-13\/","title":{"rendered":"Prouni 2026: prazo para estudantes comprovarem informa\u00e7\u00f5es termina nesta sexta-feira, 13"},"content":{"rendered":"<p>Voc\u00ea est\u00e1 a apenas um passo de garantir sua bolsa integral ou parcial no ensino superior, mas fique de olho nos prazos. <strong>O Programa Universidade para Todos (Prouni 2026) encerra nesta sexta (13) a fase de comprova\u00e7\u00e3o para a segunda chamada.<\/strong> Faltam poucas horas para que milhares de<a href=\"https:\/\/www.pensarcursos.com.br\/blog\/nota-980-no-enem-estudante-conta-como-a-pratica-de-12-redacoes-por-semana-fez-a-diferenca\/\" target=\"_blank\" rel=\"noopener\"> estudantes<\/a> consigam garantir a t\u00e3o sonhada bolsa do ensino superior privado.<\/p>\n<p>No in\u00edcio deste semestre, o <a href=\"https:\/\/www.pensarcursos.com.br\/blog\/ultima-chance-prazo-para-entrar-na-lista-de-espera-do-prouni-2026-ja-tem-data\/\" target=\"_blank\" rel=\"noopener\">Prouni<\/a> ofertou mais de<strong> 590 mil bolsas, sendo 270 mil integrais, <\/strong>abrindo\u00a0oportunidades para quem deseja ingressar em cursos superiores de qualidade sem pagar mensalidades ou com descontos significativos. Quem foi chamado precisa redobrar os cuidados com a documenta\u00e7\u00e3o e seguir os prazos para n\u00e3o perder a vaga.<\/p>\n<h2>Como funciona o processo de comprova\u00e7\u00e3o do Prouni?<\/h2>\n<p>Todos os estudantes pr\u00e9-selecionados na segunda chamada t\u00eam at\u00e9 o fim de sexta-feira, 13 de mar\u00e7o de 2026, para apresentar os documentos que confirmam as informa\u00e7\u00f5es prestadas durante a inscri\u00e7\u00e3o no processo seletivo do Prouni.<\/p>\n<ul>\n<li><strong>Entrega da documenta\u00e7\u00e3o:<\/strong> O estudante precisa entregar toda a documenta\u00e7\u00e3o exigida pela institui\u00e7\u00e3o de ensino para comprovar os dados pessoais, a renda e a forma\u00e7\u00e3o escolar.<\/li>\n<li><strong>Modalidade:<\/strong> A <a href=\"https:\/\/www.pensarcursos.com.br\/blog\/tres-universidades-brasileiras-estao-entre-as-melhores-do-mundo-em-odontologia-veja-quais-sao\/\" target=\"_blank\" rel=\"noopener\">universidade<\/a> privada escolhida define como deve ser feita a entrega \u2014 presencialmente ou por meio virtual, de acordo com sua pr\u00f3pria organiza\u00e7\u00e3o interna.<\/li>\n<li><strong>Aten\u00e7\u00e3o ao prazo:<\/strong> Ap\u00f3s o fim do prazo, n\u00e3o ser\u00e1 poss\u00edvel apresentar documentos pendentes e o estudante poder\u00e1 perder o direito \u00e0 bolsa.<\/li>\n<\/ul>\n<figure id=\"attachment_149660\" aria-describedby=\"caption-attachment-149660\" style=\"width: 1200px\" class=\"wp-caption aligncenter\"><img decoding=\"async\" class=\"wp-image-149660 size-full\" src=\"https:\/\/www.pensarcursos.com.br\/blog\/wp-content\/uploads\/2026\/03\/processo-de-comprovacao-prouni.webp\" alt=\"Estudante jovem usando \u00f3culos e jaqueta jeans sentada em uma escadaria, sorrindo enquanto utiliza um laptop. Ao fundo, outros estudantes conversam. No canto inferior esquerdo, o logotipo colorido do Prouni (Programa Universidade para Todos).\" width=\"1200\" height=\"800\" srcset=\"https:\/\/www.pensarcursos.com.br\/blog\/wp-content\/uploads\/2026\/03\/processo-de-comprovacao-prouni.webp 1200w, https:\/\/www.pensarcursos.com.br\/blog\/wp-content\/uploads\/2026\/03\/processo-de-comprovacao-prouni-300x200.webp 300w, https:\/\/www.pensarcursos.com.br\/blog\/wp-content\/uploads\/2026\/03\/processo-de-comprovacao-prouni-1024x683.webp 1024w, https:\/\/www.pensarcursos.com.br\/blog\/wp-content\/uploads\/2026\/03\/processo-de-comprovacao-prouni-768x512.webp 768w, https:\/\/www.pensarcursos.com.br\/blog\/wp-content\/uploads\/2026\/03\/processo-de-comprovacao-prouni-750x500.webp 750w, https:\/\/www.pensarcursos.com.br\/blog\/wp-content\/uploads\/2026\/03\/processo-de-comprovacao-prouni-1140x760.webp 1140w\" sizes=\"(max-width: 1200px) 100vw, 1200px\" \/><figcaption id=\"caption-attachment-149660\" class=\"wp-caption-text\">A entrega da documenta\u00e7\u00e3o pode ser feita de forma virtual ou presencial, dependendo da organiza\u00e7\u00e3o de cada universidade privada. Imagem: Blog Pensar Cursos<\/figcaption><\/figure>\n<h3>Documentos exigidos para o Prouni<\/h3>\n<ul>\n<li><strong>Identidade e CPF<\/strong>: documento oficial com foto<\/li>\n<li><strong>Comprovante de renda<\/strong>: holerite, extrato banc\u00e1rio ou documento que comprove renda bruta per capita da fam\u00edlia<\/li>\n<li><strong>Comprovante de resid\u00eancia<\/strong><\/li>\n<li><strong>Hist\u00f3rico escolar<\/strong>: comprovando ter cursado ensino m\u00e9dio em escola p\u00fablica ou na condi\u00e7\u00e3o prevista pelo programa<\/li>\n<li>Outros espec\u00edficos solicitados pela institui\u00e7\u00e3o<\/li>\n<\/ul>\n<h2>E se n\u00e3o fui pr\u00e9-selecionado(a) nas chamadas do Prouni?<\/h2>\n<p>Quem n\u00e3o teve o nome divulgado na primeira ou segunda chamada do Prouni ainda pode tentar uma vaga. O per\u00edodo para manifestar interesse na lista de espera vai de<strong> 25 a 26 de mar\u00e7o de 2026<\/strong>, exclusivamente pelo <a href=\"https:\/\/acessounico.mec.gov.br\/prouni\" target=\"_blank\" rel=\"noopener\">Portal \u00danico de Acesso ao Ensino Superior<\/a>. Preencher corretamente todas as informa\u00e7\u00f5es neste prazo \u00e9 indispens\u00e1vel para concorrer \u00e0s vagas remanescentes.<\/p>\n<h2>Como consultar resultados e pr\u00f3ximas etapas no Prouni?<\/h2>\n<p>O resultado da segunda chamada foi divulgado em<strong> 2 de mar\u00e7o<\/strong> e segue dispon\u00edvel para consulta no <strong>Portal \u00danico.<\/strong> Ap\u00f3s comprovar as informa\u00e7\u00f5es, a universidade ir\u00e1 analisar a documenta\u00e7\u00e3o e, caso tudo esteja correto, o candidato realiza sua matr\u00edcula e garante a bolsa. Em caso de documenta\u00e7\u00e3o incompleta ou divergente, a vaga poder\u00e1 ser destinada a outro estudante.<\/p>\n<h2>Pr\u00f3ximos passos<\/h2>\n<p>Garanta sua documenta\u00e7\u00e3o correta e entregue \u00e0 institui\u00e7\u00e3o at\u00e9 o fim desta sexta-feira, 13 de mar\u00e7o. N\u00e3o deixe para a \u00faltima hora. Se n\u00e3o for pr\u00e9-selecionado, fique atento aos dias 25 e 26 de mar\u00e7o para manifestar interesse na lista de espera pelo Portal \u00danico de Acesso ao Ensino Superior. D\u00favidas frequentes e mais detalhes sobre o calend\u00e1rio do Prouni 2026 est\u00e3o no site oficial!<\/p>\n<p>Para continuar por dentro de todas as atualiza\u00e7\u00f5es sobre o calend\u00e1rio acad\u00eamico, dicas de documenta\u00e7\u00e3o e novas oportunidades de estudo, acompanhe os guias detalhados no <b><a href=\"https:\/\/www.pensarcursos.com.br\/blog\/\" target=\"_blank\" rel=\"noopener\">Blog Pensar Cursos<\/a><\/b>. Estaremos ao seu lado em cada etapa da sua trajet\u00f3ria educacional neste semestre!<\/p>\n","protected":false},"excerpt":{"rendered":"<p>Voc\u00ea est\u00e1 a apenas um passo de garantir sua bolsa integral ou parcial no ensino superior, mas fique de olho nos prazos. O Programa Universidade para Todos (Prouni 2026) encerra nesta sexta (13) a fase de comprova\u00e7\u00e3o para a segunda chamada. Faltam poucas horas para que milhares de estudantes consigam garantir a t\u00e3o sonhada bolsa [&hellip;]<\/p>\n","protected":false},"author":48,"featured_media":149657,"comment_status":"open","ping_status":"closed","sticky":false,"template":"","format":"standard","meta":{"jnews-multi-image_gallery":[],"jnews_single_post":{"format":"standard","override":[{"template":"1","parallax":"1","fullscreen":"1","layout":"right-sidebar","sidebar":"default-sidebar","second_sidebar":"default-sidebar","sticky_sidebar":"1","share_position":"topbottom","share_float_style":"share-monocrhome","show_featured":"1","show_post_meta":"1","show_post_author":"1","show_post_author_image":"1","show_post_date":"1","post_date_format":"default","post_date_format_custom":"Y\/m\/d","show_post_category":"1","post_reading_time_wpm":"300","post_calculate_word_method":"str_word_count","show_zoom_button":"0","zoom_button_out_step":"2","zoom_button_in_step":"3","show_post_tag":"1","show_prev_next_post":"1","show_popup_post":"1","show_comment_section":"1","number_popup_post":"2","show_author_box":"1","show_post_related":"1","show_inline_post_related":"1"}],"image_override":[{"single_post_thumbnail_size":"crop-500","single_post_gallery_size":"crop-500"}],"trending_post_position":"meta","trending_post_label":"Trending","sponsored_post_label":"Sponsored by","disable_ad":"0","subtitle":"Lista de espera abre em 25 de mar\u00e7o para quem n\u00e3o foi chamado nas sele\u00e7\u00f5es; confira como participar."},"jnews_primary_category":[],"jnews_social_meta":[],"jnews_override_counter":{"view_counter_number":"0","share_counter_number":"0","like_counter_number":"0","dislike_counter_number":"0"},"footnotes":""},"categories":[28],"tags":[39534,39045,27293,37197,39533],"class_list":["post-149637","post","type-post","status-publish","format-standard","has-post-thumbnail","hentry","category-educacao","tag-bolsas-integrais-prouni","tag-calendario-prouni-2026","tag-lista-de-espera-prouni","tag-prouni-2026","tag-prouni-inscricoes-2026"],"yoast_head":"<!-- This site is optimized with the Yoast SEO Premium plugin v27.4 (Yoast SEO v27.4) - https:\/\/yoast.com\/product\/yoast-seo-premium-wordpress\/ -->\n<title>Prouni 2026: prazo para estudantes comprovarem informa\u00e7\u00f5es termina nesta sexta-feira, 13 - Blog Pensar Cursos<\/title>\n<meta name=\"description\" content=\"ProUni 2026: Prazo para entrega de documentos termina dia 13. Veja como garantir sua bolsa e a lista de espera!\" \/>\n<meta name=\"robots\" content=\"index, follow, max-snippet:-1, max-image-preview:large, max-video-preview:-1\" \/>\n<link rel=\"canonical\" href=\"https:\/\/www.pensarcursos.com.br\/blog\/prouni-2026-prazo-para-estudantes-comprovarem-informacoes-termina-nesta-sexta-feira-13\/\" \/>\n<meta property=\"og:locale\" content=\"pt_BR\" \/>\n<meta property=\"og:type\" content=\"article\" \/>\n<meta property=\"og:title\" content=\"Prouni 2026: prazo para estudantes comprovarem informa\u00e7\u00f5es termina nesta sexta-feira, 13\" \/>\n<meta property=\"og:description\" content=\"ProUni 2026: Prazo para entrega de documentos termina dia 13. Veja como garantir sua bolsa e a lista de espera!\" \/>\n<meta property=\"og:url\" content=\"https:\/\/www.pensarcursos.com.br\/blog\/prouni-2026-prazo-para-estudantes-comprovarem-informacoes-termina-nesta-sexta-feira-13\/\" \/>\n<meta property=\"og:site_name\" content=\"Blog Pensar Cursos\" \/>\n<meta property=\"article:publisher\" content=\"https:\/\/www.facebook.com\/pensarcursos\/\" \/>\n<meta property=\"article:published_time\" content=\"2026-03-12T20:09:33+00:00\" \/>\n<meta property=\"og:image\" content=\"https:\/\/www.pensarcursos.com.br\/blog\/wp-content\/uploads\/2026\/03\/calendario-prouni-2026.webp\" \/>\n\t<meta property=\"og:image:width\" content=\"1200\" \/>\n\t<meta property=\"og:image:height\" content=\"800\" \/>\n\t<meta property=\"og:image:type\" content=\"image\/webp\" \/>\n<meta name=\"author\" content=\"Isabelli Ferreira\" \/>\n<meta name=\"twitter:card\" content=\"summary_large_image\" \/>\n<meta name=\"twitter:label1\" content=\"Escrito por\" \/>\n\t<meta name=\"twitter:data1\" content=\"Isabelli Ferreira\" \/>\n\t<meta name=\"twitter:label2\" content=\"Est. tempo de leitura\" \/>\n\t<meta name=\"twitter:data2\" content=\"4 minutos\" \/>\n<!-- \/ Yoast SEO Premium plugin. -->","yoast_head_json":{"title":"Prouni 2026: prazo para estudantes comprovarem informa\u00e7\u00f5es termina nesta sexta-feira, 13 - Blog Pensar Cursos","description":"ProUni 2026: Prazo para entrega de documentos termina dia 13. Veja como garantir sua bolsa e a lista de espera!","robots":{"index":"index","follow":"follow","max-snippet":"max-snippet:-1","max-image-preview":"max-image-preview:large","max-video-preview":"max-video-preview:-1"},"canonical":"https:\/\/www.pensarcursos.com.br\/blog\/prouni-2026-prazo-para-estudantes-comprovarem-informacoes-termina-nesta-sexta-feira-13\/","og_locale":"pt_BR","og_type":"article","og_title":"Prouni 2026: prazo para estudantes comprovarem informa\u00e7\u00f5es termina nesta sexta-feira, 13","og_description":"ProUni 2026: Prazo para entrega de documentos termina dia 13. Veja como garantir sua bolsa e a lista de espera!","og_url":"https:\/\/www.pensarcursos.com.br\/blog\/prouni-2026-prazo-para-estudantes-comprovarem-informacoes-termina-nesta-sexta-feira-13\/","og_site_name":"Blog Pensar Cursos","article_publisher":"https:\/\/www.facebook.com\/pensarcursos\/","article_published_time":"2026-03-12T20:09:33+00:00","og_image":[{"width":1200,"height":800,"url":"https:\/\/www.pensarcursos.com.br\/blog\/wp-content\/uploads\/2026\/03\/calendario-prouni-2026.webp","type":"image\/webp"}],"author":"Isabelli Ferreira","twitter_card":"summary_large_image","twitter_misc":{"Escrito por":"Isabelli Ferreira","Est. tempo de leitura":"4 minutos"},"schema":{"@context":"https:\/\/schema.org","@graph":[{"@type":["Article","BlogPosting"],"@id":"https:\/\/www.pensarcursos.com.br\/blog\/prouni-2026-prazo-para-estudantes-comprovarem-informacoes-termina-nesta-sexta-feira-13\/#article","isPartOf":{"@id":"https:\/\/www.pensarcursos.com.br\/blog\/prouni-2026-prazo-para-estudantes-comprovarem-informacoes-termina-nesta-sexta-feira-13\/"},"author":{"name":"Isabelli Ferreira","@id":"https:\/\/www.pensarcursos.com.br\/blog\/#\/schema\/person\/e387ba49ed4a778962271648452528c2"},"headline":"Prouni 2026: prazo para estudantes comprovarem informa\u00e7\u00f5es termina nesta sexta-feira, 13","datePublished":"2026-03-12T20:09:33+00:00","mainEntityOfPage":{"@id":"https:\/\/www.pensarcursos.com.br\/blog\/prouni-2026-prazo-para-estudantes-comprovarem-informacoes-termina-nesta-sexta-feira-13\/"},"wordCount":609,"commentCount":0,"publisher":{"@id":"https:\/\/www.pensarcursos.com.br\/blog\/#organization"},"image":{"@id":"https:\/\/www.pensarcursos.com.br\/blog\/prouni-2026-prazo-para-estudantes-comprovarem-informacoes-termina-nesta-sexta-feira-13\/#primaryimage"},"thumbnailUrl":"https:\/\/www.pensarcursos.com.br\/blog\/wp-content\/uploads\/2026\/03\/calendario-prouni-2026.webp","keywords":["bolsas integrais prouni","calend\u00e1rio prouni 2026","lista de espera prouni","prouni 2026","prouni inscri\u00e7\u00f5es 2026"],"articleSection":["Educa\u00e7\u00e3o"],"inLanguage":"pt-BR","potentialAction":[{"@type":"CommentAction","name":"Comment","target":["https:\/\/www.pensarcursos.com.br\/blog\/prouni-2026-prazo-para-estudantes-comprovarem-informacoes-termina-nesta-sexta-feira-13\/#respond"]}],"copyrightYear":"2026","copyrightHolder":{"@id":"https:\/\/www.pensarcursos.com.br\/blog\/#organization"}},{"@type":"WebPage","@id":"https:\/\/www.pensarcursos.com.br\/blog\/prouni-2026-prazo-para-estudantes-comprovarem-informacoes-termina-nesta-sexta-feira-13\/","url":"https:\/\/www.pensarcursos.com.br\/blog\/prouni-2026-prazo-para-estudantes-comprovarem-informacoes-termina-nesta-sexta-feira-13\/","name":"Prouni 2026: prazo para estudantes comprovarem informa\u00e7\u00f5es termina nesta sexta-feira, 13 - Blog Pensar Cursos","isPartOf":{"@id":"https:\/\/www.pensarcursos.com.br\/blog\/#website"},"primaryImageOfPage":{"@id":"https:\/\/www.pensarcursos.com.br\/blog\/prouni-2026-prazo-para-estudantes-comprovarem-informacoes-termina-nesta-sexta-feira-13\/#primaryimage"},"image":{"@id":"https:\/\/www.pensarcursos.com.br\/blog\/prouni-2026-prazo-para-estudantes-comprovarem-informacoes-termina-nesta-sexta-feira-13\/#primaryimage"},"thumbnailUrl":"https:\/\/www.pensarcursos.com.br\/blog\/wp-content\/uploads\/2026\/03\/calendario-prouni-2026.webp","datePublished":"2026-03-12T20:09:33+00:00","description":"ProUni 2026: Prazo para entrega de documentos termina dia 13. Veja como garantir sua bolsa e a lista de espera!","breadcrumb":{"@id":"https:\/\/www.pensarcursos.com.br\/blog\/prouni-2026-prazo-para-estudantes-comprovarem-informacoes-termina-nesta-sexta-feira-13\/#breadcrumb"},"inLanguage":"pt-BR","potentialAction":[{"@type":"ReadAction","target":["https:\/\/www.pensarcursos.com.br\/blog\/prouni-2026-prazo-para-estudantes-comprovarem-informacoes-termina-nesta-sexta-feira-13\/"]}]},{"@type":"ImageObject","inLanguage":"pt-BR","@id":"https:\/\/www.pensarcursos.com.br\/blog\/prouni-2026-prazo-para-estudantes-comprovarem-informacoes-termina-nesta-sexta-feira-13\/#primaryimage","url":"https:\/\/www.pensarcursos.com.br\/blog\/wp-content\/uploads\/2026\/03\/calendario-prouni-2026.webp","contentUrl":"https:\/\/www.pensarcursos.com.br\/blog\/wp-content\/uploads\/2026\/03\/calendario-prouni-2026.webp","width":1200,"height":800,"caption":"Fique atento: o prazo para os pr\u00e9-selecionados na segunda chamada do Prouni 2026 apresentarem a documenta\u00e7\u00e3o termina nesta sexta-feira, 13 de mar\u00e7o. Imagem: Blog Pensar Cursos"},{"@type":"BreadcrumbList","@id":"https:\/\/www.pensarcursos.com.br\/blog\/prouni-2026-prazo-para-estudantes-comprovarem-informacoes-termina-nesta-sexta-feira-13\/#breadcrumb","itemListElement":[{"@type":"ListItem","position":1,"name":"Home","item":"https:\/\/www.pensarcursos.com.br\/blog\/"},{"@type":"ListItem","position":2,"name":"Prouni 2026: prazo para estudantes comprovarem informa\u00e7\u00f5es termina nesta sexta-feira, 13"}]},{"@type":"WebSite","@id":"https:\/\/www.pensarcursos.com.br\/blog\/#website","url":"https:\/\/www.pensarcursos.com.br\/blog\/","name":"Blog Pensar Cursos","description":"Maior Site de Cursos do Brasil","publisher":{"@id":"https:\/\/www.pensarcursos.com.br\/blog\/#organization"},"alternateName":"Blog Pensar","potentialAction":[{"@type":"SearchAction","target":{"@type":"EntryPoint","urlTemplate":"https:\/\/www.pensarcursos.com.br\/blog\/?s={search_term_string}"},"query-input":{"@type":"PropertyValueSpecification","valueRequired":true,"valueName":"search_term_string"}}],"inLanguage":"pt-BR"},{"@type":"Organization","@id":"https:\/\/www.pensarcursos.com.br\/blog\/#organization","name":"Pensar Cursos","alternateName":"Blog pensar","url":"https:\/\/www.pensarcursos.com.br\/blog\/","logo":{"@type":"ImageObject","inLanguage":"pt-BR","@id":"https:\/\/www.pensarcursos.com.br\/blog\/#\/schema\/logo\/image\/","url":"https:\/\/www.pensarcursos.com.br\/blog\/wp-content\/uploads\/2023\/11\/Nova-Logo-Pensar-Cursos-vertical.png","contentUrl":"https:\/\/www.pensarcursos.com.br\/blog\/wp-content\/uploads\/2023\/11\/Nova-Logo-Pensar-Cursos-vertical.png","width":1393,"height":1001,"caption":"Pensar Cursos"},"image":{"@id":"https:\/\/www.pensarcursos.com.br\/blog\/#\/schema\/logo\/image\/"},"sameAs":["https:\/\/www.facebook.com\/pensarcursos\/","https:\/\/instagram.com.br\/pensarcursos"],"description":"Pensar Cursos \u00e9 uma empresa especializada em oferecer cursos de alta qualidade voltados para o desenvolvimento profissional e acad\u00eamico. Com uma ampla gama de op\u00e7\u00f5es de treinamento, oferecemos conte\u00fados atualizados, ministrados por especialistas da \u00e1rea, para capacitar indiv\u00edduos e equipes a atingirem seus objetivos. Nossa miss\u00e3o \u00e9 proporcionar uma educa\u00e7\u00e3o transformadora, acess\u00edvel e personalizada para cada aluno, seja em cursos presenciais ou online. Com uma abordagem inovadora, buscamos adaptar os nossos programas de ensino \u00e0s necessidades do mercado, criando solu\u00e7\u00f5es que atendem aos desafios e exig\u00eancias do mundo corporativo e acad\u00eamico. Nossos cursos incluem desde forma\u00e7\u00f5es t\u00e9cnicas at\u00e9 habilidades essenciais, como lideran\u00e7a, gest\u00e3o e desenvolvimento pessoal.","email":"contato@pensarcursos.com.br","legalName":"Sena Servi\u00e7os de Informa\u00e7\u00e3o Online LTDA","foundingDate":"2013-04-18","vatID":"17956217000172","numberOfEmployees":{"@type":"QuantitativeValue","minValue":"11","maxValue":"50"},"publishingPrinciples":"https:\/\/www.pensarcursos.com.br\/blog\/principios-de-publicacao\/","ownershipFundingInfo":"https:\/\/www.pensarcursos.com.br\/blog\/informacoes-de-propriedade-financiamento\/","actionableFeedbackPolicy":"https:\/\/www.pensarcursos.com.br\/blog\/politica-de-feedback-acionavel\/","correctionsPolicy":"https:\/\/www.pensarcursos.com.br\/blog\/politica-de-correcoes\/","ethicsPolicy":"https:\/\/www.pensarcursos.com.br\/blog\/politica-de-etica\/"},{"@type":"Person","@id":"https:\/\/www.pensarcursos.com.br\/blog\/#\/schema\/person\/e387ba49ed4a778962271648452528c2","name":"Isabelli Ferreira","image":{"@type":"ImageObject","inLanguage":"pt-BR","@id":"https:\/\/secure.gravatar.com\/avatar\/8b3b203e0769d83b87c611279890be042a5e5060500e577af59e9930f6f93d0a?s=96&d=mm&r=g","url":"https:\/\/secure.gravatar.com\/avatar\/8b3b203e0769d83b87c611279890be042a5e5060500e577af59e9930f6f93d0a?s=96&d=mm&r=g","contentUrl":"https:\/\/secure.gravatar.com\/avatar\/8b3b203e0769d83b87c611279890be042a5e5060500e577af59e9930f6f93d0a?s=96&d=mm&r=g","caption":"Isabelli Ferreira"},"description":"Graduada em LETRAS Vern\u00e1culas pela Universidade do Estado da Bahia (UNEB). Redatora grupo Sena Online.","sameAs":["https:\/\/www.linkedin.com\/in\/isabelli-pires-7b8778314"],"url":"https:\/\/www.pensarcursos.com.br\/blog\/author\/isabelli\/"}]}},"_links":{"self":[{"href":"https:\/\/www.pensarcursos.com.br\/blog\/wp-json\/wp\/v2\/posts\/149637","targetHints":{"allow":["GET"]}}],"collection":[{"href":"https:\/\/www.pensarcursos.com.br\/blog\/wp-json\/wp\/v2\/posts"}],"about":[{"href":"https:\/\/www.pensarcursos.com.br\/blog\/wp-json\/wp\/v2\/types\/post"}],"author":[{"embeddable":true,"href":"https:\/\/www.pensarcursos.com.br\/blog\/wp-json\/wp\/v2\/users\/48"}],"replies":[{"embeddable":true,"href":"https:\/\/www.pensarcursos.com.br\/blog\/wp-json\/wp\/v2\/comments?post=149637"}],"version-history":[{"count":0,"href":"https:\/\/www.pensarcursos.com.br\/blog\/wp-json\/wp\/v2\/posts\/149637\/revisions"}],"wp:featuredmedia":[{"embeddable":true,"href":"https:\/\/www.pensarcursos.com.br\/blog\/wp-json\/wp\/v2\/media\/149657"}],"wp:attachment":[{"href":"https:\/\/www.pensarcursos.com.br\/blog\/wp-json\/wp\/v2\/media?parent=149637"}],"wp:term":[{"taxonomy":"category","embeddable":true,"href":"https:\/\/www.pensarcursos.com.br\/blog\/wp-json\/wp\/v2\/categories?post=149637"},{"taxonomy":"post_tag","embeddable":true,"href":"https:\/\/www.pensarcursos.com.br\/blog\/wp-json\/wp\/v2\/tags?post=149637"}],"curies":[{"name":"wp","href":"https:\/\/api.w.org\/{rel}","templated":true}]}}