{"id":149634,"date":"2026-03-12T17:39:05","date_gmt":"2026-03-12T20:39:05","guid":{"rendered":"https:\/\/www.pensarcursos.com.br\/blog\/?p=149634"},"modified":"2026-03-12T12:02:09","modified_gmt":"2026-03-12T15:02:09","slug":"calendario-do-13o-salario-do-inss-veja-as-datas-da-primeira-e-segunda-parcelas-para-quem-tem-final-do-beneficio-1-2-3-4-e-5","status":"publish","type":"post","link":"https:\/\/www.pensarcursos.com.br\/blog\/calendario-do-13o-salario-do-inss-veja-as-datas-da-primeira-e-segunda-parcelas-para-quem-tem-final-do-beneficio-1-2-3-4-e-5\/","title":{"rendered":"Calend\u00e1rio do 13\u00ba sal\u00e1rio do INSS: veja as datas da primeira e segunda parcelas para quem tem final do benef\u00edcio 1, 2, 3, 4 e 5"},"content":{"rendered":"<p>13\u00ba do INSS 2026: segurados j\u00e1 querem saber \u2014 quando o abono vai cair na conta?<\/p>\n<p>Milh\u00f5es de aposentados, pensionistas e segurados da Previd\u00eancia Social est\u00e3o de olho no 13\u00ba sal\u00e1rio deste ano. H\u00e1 movimenta\u00e7\u00f5es que podem mudar o calend\u00e1rio tradicional, e os detalhes devem impactar diretamente o bolso de quem recebe o benef\u00edcio.<\/p>\n<p>Continue lendo para descobrir tudo sobre as datas, o calend\u00e1rio completo e como se preparar para receber as parcelas.<\/p>\n<h2>O que \u00e9 o 13\u00ba sal\u00e1rio do INSS<\/h2>\n<p>O <a href=\"https:\/\/www.pensarcursos.com.br\/blog\/primeira-e-segunda-parcela-do-13o-salario-do-inss-2026-veja-as-datas-para-quem-recebe-ate-um-salario-minimo\/\" target=\"_blank\" rel=\"noopener\">13\u00ba sal\u00e1rio do INSS<\/a>, tamb\u00e9m chamado de abono anual, \u00e9 um pagamento extra garantido por lei para quem recebe benef\u00edcios da Previd\u00eancia Social, funcionando como um refor\u00e7o financeiro al\u00e9m do valor mensal do benef\u00edcio.<\/p>\n<p>Ele \u00e9 pago em <strong>duas parcelas<\/strong>: a primeira corresponde \u00e0 metade do valor e \u00e9 liberada sem desconto de Imposto de Renda, enquanto a segunda parcela paga o restante e pode sofrer dedu\u00e7\u00f5es dependendo da faixa de tributa\u00e7\u00e3o do segurado.<\/p>\n<p>Para quem come\u00e7ou a receber o benef\u00edcio ao longo de 2026, o 13\u00ba ser\u00e1 calculado proporcionalmente ao n\u00famero de meses pagos, garantindo que todos recebam o abono correspondente ao per\u00edodo em que tiveram direito.<\/p>\n<h2>Quem tem direito ao 13\u00ba em 2026?<\/h2>\n<p>T\u00eam direito ao abono anual os segurados que recebem benef\u00edcios de natureza previdenci\u00e1ria, como:<\/p>\n<ul>\n<li>Aposentadoria (todas as modalidades)<\/li>\n<li>Pens\u00e3o por morte<\/li>\n<li>Aux\u00edlio por incapacidade tempor\u00e1ria<\/li>\n<li>Aux\u00edlio-acidente<\/li>\n<li>Aux\u00edlio-reclus\u00e3o<\/li>\n<\/ul>\n<p>Aten\u00e7\u00e3o: benefici\u00e1rios do BPC (Benef\u00edcio de Presta\u00e7\u00e3o Continuada) e da Renda Mensal Vital\u00edcia n\u00e3o t\u00eam direito ao 13\u00ba, pois esses benef\u00edcios s\u00e3o de natureza assistencial, e n\u00e3o previdenci\u00e1ria.<\/p>\n<h2>Como acontecem os pagamentos do 13\u00b0 sal\u00e1rio?<\/h2>\n<p>Tradicionalmente, o <a href=\"https:\/\/www.pensarcursos.com.br\/blog\/antecipacao-do-13o-salario-do-inss-2026-afinal-e-vantagem-ou-nao\/\" target=\"_blank\" rel=\"noopener\">13\u00ba sal\u00e1rio do INSS<\/a> era pago em agosto e novembro, mas nos \u00faltimos anos o governo passou a antecipar os dep\u00f3sitos para o primeiro semestre. Isso permite que os segurados recebam o valor mais cedo e se planejem financeiramente.<\/p>\n<p>N\u00e3o h\u00e1 um calend\u00e1rio separado para o 13\u00ba: caso a antecipa\u00e7\u00e3o seja confirmada por decreto, os dep\u00f3sitos das duas parcelas <strong>ocorrer\u00e3o automaticamente junto com o benef\u00edcio mensal<\/strong>. A expectativa \u00e9 que primeira parcela seja paga junto com o benef\u00edcio de abril, e a segunda, junto com o benef\u00edcio de maio.<\/p>\n<p>Para identificar a data exata, o segurado deve observar o n\u00famero final do cart\u00e3o de benef\u00edcio \u2014 o \u00faltimo algarismo antes do tra\u00e7o, sem considerar o d\u00edgito verificador. Por exemplo: se o n\u00famero for 0104-7, o d\u00edgito a considerar \u00e9 o 4.<\/p>\n<h2>Calend\u00e1rio previsto para o 13\u00ba sal\u00e1rio do INSS<\/h2>\n<table>\n<thead>\n<tr>\n<th>Faixa do benef\u00edcio<\/th>\n<th>Final do benef\u00edcio<\/th>\n<th>1\u00aa parcela (abril\/maio)<\/th>\n<th>2\u00aa parcela (maio\/junho)<\/th>\n<\/tr>\n<\/thead>\n<tbody>\n<tr>\n<td>At\u00e9 1 sal\u00e1rio m\u00ednimo<\/td>\n<td>1<\/td>\n<td>24\/04\/2026<\/td>\n<td>25\/05\/2026<\/td>\n<\/tr>\n<tr>\n<td>At\u00e9 1 sal\u00e1rio m\u00ednimo<\/td>\n<td>2<\/td>\n<td>27\/04\/2026<\/td>\n<td>26\/05\/2026<\/td>\n<\/tr>\n<tr>\n<td>At\u00e9 1 sal\u00e1rio m\u00ednimo<\/td>\n<td>3<\/td>\n<td>28\/04\/2026<\/td>\n<td>27\/05\/2026<\/td>\n<\/tr>\n<tr>\n<td>At\u00e9 1 sal\u00e1rio m\u00ednimo<\/td>\n<td>4<\/td>\n<td>29\/04\/2026<\/td>\n<td>28\/05\/2026<\/td>\n<\/tr>\n<tr>\n<td>At\u00e9 1 sal\u00e1rio m\u00ednimo<\/td>\n<td>5<\/td>\n<td>30\/04\/2026<\/td>\n<td>29\/05\/2026<\/td>\n<\/tr>\n<tr>\n<td>At\u00e9 1 sal\u00e1rio m\u00ednimo<\/td>\n<td>6<\/td>\n<td>04\/05\/2026<\/td>\n<td>01\/06\/2026<\/td>\n<\/tr>\n<tr>\n<td>At\u00e9 1 sal\u00e1rio m\u00ednimo<\/td>\n<td>7<\/td>\n<td>05\/05\/2026<\/td>\n<td>02\/06\/2026<\/td>\n<\/tr>\n<tr>\n<td>At\u00e9 1 sal\u00e1rio m\u00ednimo<\/td>\n<td>8<\/td>\n<td>06\/05\/2026<\/td>\n<td>03\/06\/2026<\/td>\n<\/tr>\n<tr>\n<td>At\u00e9 1 sal\u00e1rio m\u00ednimo<\/td>\n<td>9<\/td>\n<td>07\/05\/2026<\/td>\n<td>05\/06\/2026<\/td>\n<\/tr>\n<tr>\n<td>At\u00e9 1 sal\u00e1rio m\u00ednimo<\/td>\n<td>0<\/td>\n<td>08\/05\/2026<\/td>\n<td>08\/06\/2026<\/td>\n<\/tr>\n<tr>\n<td>Acima de 1 sal\u00e1rio m\u00ednimo<\/td>\n<td>1 e 6<\/td>\n<td>04\/05\/2026<\/td>\n<td>01\/06\/2026<\/td>\n<\/tr>\n<tr>\n<td>Acima de 1 sal\u00e1rio m\u00ednimo<\/td>\n<td>2 e 7<\/td>\n<td>05\/05\/2026<\/td>\n<td>02\/06\/2026<\/td>\n<\/tr>\n<tr>\n<td>Acima de 1 sal\u00e1rio m\u00ednimo<\/td>\n<td>3 e 8<\/td>\n<td>06\/05\/2026<\/td>\n<td>03\/06\/2026<\/td>\n<\/tr>\n<tr>\n<td>Acima de 1 sal\u00e1rio m\u00ednimo<\/td>\n<td>4 e 9<\/td>\n<td>07\/05\/2026<\/td>\n<td>05\/06\/2026<\/td>\n<\/tr>\n<tr>\n<td>Acima de 1 sal\u00e1rio m\u00ednimo<\/td>\n<td>5 e 0<\/td>\n<td>08\/05\/2026<\/td>\n<td>08\/06\/2026<\/td>\n<\/tr>\n<\/tbody>\n<\/table>\n<h2>Datas previstas para final de benef\u00edcio 1, 2, 3, 4 e 5<\/h2>\n<figure id=\"attachment_149670\" aria-describedby=\"caption-attachment-149670\" style=\"width: 1200px\" class=\"wp-caption aligncenter\"><img decoding=\"async\" class=\"wp-image-149670 size-full\" src=\"https:\/\/www.pensarcursos.com.br\/blog\/wp-content\/uploads\/2026\/03\/calendario-13-salario-inss-1.webp\" alt=\" M\u00e3os de pessoa idosa acessando o aplicativo Meu INSS no smartphone para consultar datas e valores do 13\u00ba sal\u00e1rio do INSS 2026\" width=\"1200\" height=\"800\" srcset=\"https:\/\/www.pensarcursos.com.br\/blog\/wp-content\/uploads\/2026\/03\/calendario-13-salario-inss-1.webp 1200w, https:\/\/www.pensarcursos.com.br\/blog\/wp-content\/uploads\/2026\/03\/calendario-13-salario-inss-1-300x200.webp 300w, https:\/\/www.pensarcursos.com.br\/blog\/wp-content\/uploads\/2026\/03\/calendario-13-salario-inss-1-1024x683.webp 1024w, https:\/\/www.pensarcursos.com.br\/blog\/wp-content\/uploads\/2026\/03\/calendario-13-salario-inss-1-768x512.webp 768w, https:\/\/www.pensarcursos.com.br\/blog\/wp-content\/uploads\/2026\/03\/calendario-13-salario-inss-1-750x500.webp 750w, https:\/\/www.pensarcursos.com.br\/blog\/wp-content\/uploads\/2026\/03\/calendario-13-salario-inss-1-1140x760.webp 1140w\" sizes=\"(max-width: 1200px) 100vw, 1200px\" \/><figcaption id=\"caption-attachment-149670\" class=\"wp-caption-text\">Aplicativo Meu INSS libera datas, valores e parcelas do 13\u00ba sal\u00e1rio antes mesmo do dep\u00f3sito cair na conta. Imagem: Blog Pensar Cursos<\/figcaption><\/figure>\n<p>Para quem tem final de benef\u00edcio entre 1 e 5, as poss\u00edveis datas de recebimento das duas parcelas s\u00e3o:<\/p>\n<p><strong>Benefici\u00e1rios com renda at\u00e9 1 sal\u00e1rio m\u00ednimo:<\/strong><\/p>\n<table>\n<thead>\n<tr>\n<th scope=\"col\">Final do benef\u00edcio<\/th>\n<th scope=\"col\">1\u00aa Parcela<\/th>\n<th scope=\"col\">2\u00aa Parcela<\/th>\n<\/tr>\n<\/thead>\n<tbody>\n<tr>\n<td>Final 1<\/td>\n<td>24 de abril<\/td>\n<td>25 de maio<\/td>\n<\/tr>\n<tr>\n<td>Final 2<\/td>\n<td>27 de abril<\/td>\n<td>26 de maio<\/td>\n<\/tr>\n<tr>\n<td>Final 3<\/td>\n<td>28 de abril<\/td>\n<td>27 de maio<\/td>\n<\/tr>\n<tr>\n<td>Final 4<\/td>\n<td>29 de abril<\/td>\n<td>28 de maio<\/td>\n<\/tr>\n<tr>\n<td>Final 5<\/td>\n<td>30 de abril<\/td>\n<td>29 de maio<\/td>\n<\/tr>\n<\/tbody>\n<\/table>\n<p><strong>Benefici\u00e1rios com renda acima de 1 sal\u00e1rio m\u00ednimo:<\/strong><\/p>\n<table>\n<thead>\n<tr>\n<th scope=\"col\">Final do benef\u00edcio<\/th>\n<th scope=\"col\">1\u00aa Parcela<\/th>\n<th scope=\"col\">2\u00aa Parcela<\/th>\n<\/tr>\n<\/thead>\n<tbody>\n<tr>\n<td>Final 1<\/td>\n<td>04 de maio<\/td>\n<td>1 de junho<\/td>\n<\/tr>\n<tr>\n<td>Final 2<\/td>\n<td>05 de maio<\/td>\n<td>2 de junho<\/td>\n<\/tr>\n<tr>\n<td>Final 3<\/td>\n<td>06 de maio<\/td>\n<td>3 de junho<\/td>\n<\/tr>\n<tr>\n<td>Final 4<\/td>\n<td>07 de maio<\/td>\n<td>5 de junho<\/td>\n<\/tr>\n<tr>\n<td>Final 5<\/td>\n<td>08 de maio<\/td>\n<td>8 de junho<\/td>\n<\/tr>\n<\/tbody>\n<\/table>\n<p><strong>Lembrando<\/strong>: todas as datas acima s\u00e3o previs\u00f5es. A confirma\u00e7\u00e3o oficial depende da publica\u00e7\u00e3o do decreto presidencial, esperada para o in\u00edcio de abril de 2026.<\/p>\n<h2>Como consultar o 13\u00ba sal\u00e1rio antecipadamente<\/h2>\n<p>A consulta pode ser feita diretamente pelo site ou aplicativo Meu INSS, de forma simples e gratuita. Veja o caminho:<\/p>\n<ol>\n<li>Acesse o site ou aplicativo<a href=\"https:\/\/meu.inss.gov.br\/#\/login\" target=\"_blank\" rel=\"noopener\"> Meu INSS.<\/a><\/li>\n<li>Entre com o CPF e a senha da conta Gov.br.<\/li>\n<li>Na tela inicial, localize o campo &#8220;Do que voc\u00ea precisa?&#8221;.<\/li>\n<li>Digite &#8220;Extrato de Pagamento&#8221; na barra de busca.<\/li>\n<li>Selecione o servi\u00e7o indicado nos resultados e baixe o documento.<\/li>\n<\/ol>\n<p>Quem n\u00e3o tem acesso \u00e0 internet pode obter as mesmas informa\u00e7\u00f5es pelo telefone. Basta ligar para a Central 135, de segunda a s\u00e1bado, das 7h \u00e0s 22h, informar o CPF e confirmar os dados cadastrais para ter acesso aos detalhes do pagamento.<\/p>\n<p>Vale um aviso importante: a <a href=\"https:\/\/www.pensarcursos.com.br\/blog\/inss-por-que-nao-consigo-consultar-meu-13o-salario-2026\/\" target=\"_blank\" rel=\"noopener\">consulta ao 13\u00ba sal\u00e1rio de 2026<\/a> ainda n\u00e3o est\u00e1 dispon\u00edvel. O INSS costuma liberar o acesso alguns dias antes do in\u00edcio dos dep\u00f3sitos \u2014 em 2025, por exemplo, os pagamentos come\u00e7aram em 24 de abril, mas a consulta j\u00e1 estava dispon\u00edvel desde o dia 16 do mesmo m\u00eas, com oito dias de anteced\u00eancia.<\/p>\n<h2>Fique sempre informado sobre seus direitos!<\/h2>\n<p>Acompanhar o calend\u00e1rio do 13\u00ba sal\u00e1rio do INSS ajuda a organizar o or\u00e7amento e evitar surpresas. O <a href=\"https:\/\/www.pensarcursos.com.br\/blog\/\" target=\"_blank\" rel=\"noopener\">Blog Pensar Cursos<\/a> traz diariamente informa\u00e7\u00f5es sobre benef\u00edcios sociais, direitos previdenci\u00e1rios e datas de pagamento. Explore o portal para ficar atualizado e receber rapidamente as novidades assim que a antecipa\u00e7\u00e3o for confirmada.<\/p>\n<p>Para mais informa\u00e7\u00f5es sobre o 13\u00b0 sal\u00e1rio do INSS, acesse o v\u00eddeo a seguir:<\/p>\n<div class=\"jeg_video_container jeg_video_content\"><iframe title=\"Quando o INSS vai pagar o 13\u00ba sal\u00e1rio em 2026? Saiu a resposta oficial\" width=\"500\" height=\"281\" src=\"https:\/\/www.youtube.com\/embed\/RcyreHuTfb4?feature=oembed\" frameborder=\"0\" allow=\"accelerometer; autoplay; clipboard-write; encrypted-media; gyroscope; picture-in-picture; web-share\" referrerpolicy=\"strict-origin-when-cross-origin\" allowfullscreen><\/iframe><\/div>\n","protected":false},"excerpt":{"rendered":"<p>13\u00ba do INSS 2026: segurados j\u00e1 querem saber \u2014 quando o abono vai cair na conta? Milh\u00f5es de aposentados, pensionistas e segurados da Previd\u00eancia Social est\u00e3o de olho no 13\u00ba sal\u00e1rio deste ano. H\u00e1 movimenta\u00e7\u00f5es que podem mudar o calend\u00e1rio tradicional, e os detalhes devem impactar diretamente o bolso de quem recebe o benef\u00edcio. Continue [&hellip;]<\/p>\n","protected":false},"author":60,"featured_media":149671,"comment_status":"open","ping_status":"closed","sticky":false,"template":"","format":"standard","meta":{"jnews-multi-image_gallery":[],"jnews_single_post":{"format":"standard","override":[{"template":"1","parallax":"1","fullscreen":"1","layout":"right-sidebar","sidebar":"default-sidebar","second_sidebar":"default-sidebar","sticky_sidebar":"1","share_position":"topbottom","share_float_style":"share-monocrhome","show_featured":"1","show_post_meta":"1","show_post_author":"1","show_post_author_image":"1","show_post_date":"1","post_date_format":"default","post_date_format_custom":"Y\/m\/d","show_post_category":"1","post_reading_time_wpm":"300","post_calculate_word_method":"str_word_count","show_zoom_button":"0","zoom_button_out_step":"2","zoom_button_in_step":"3","show_post_tag":"1","show_prev_next_post":"1","show_popup_post":"1","show_comment_section":"1","number_popup_post":"2","show_author_box":"1","show_post_related":"1","show_inline_post_related":"1"}],"image_override":[{"single_post_thumbnail_size":"crop-500","single_post_gallery_size":"crop-500"}],"trending_post_position":"meta","trending_post_label":"Trending","sponsored_post_label":"Sponsored by","disable_ad":"0","subtitle":"Cerca de 35 milh\u00f5es de segurados devem ser beneficiados em 2026"},"jnews_primary_category":[],"jnews_social_meta":[],"jnews_override_counter":{"view_counter_number":"0","share_counter_number":"0","like_counter_number":"0","dislike_counter_number":"0"},"footnotes":""},"categories":[1691],"tags":[2787,27319,39267],"class_list":["post-149634","post","type-post","status-publish","format-standard","has-post-thumbnail","hentry","category-direitos-do-trabalhador","tag-13-salario-inss","tag-calendario-13-salario-inss","tag-pagamento-13-salario-2026"],"yoast_head":"<!-- This site is optimized with the Yoast SEO Premium plugin v27.4 (Yoast SEO v27.4) - https:\/\/yoast.com\/product\/yoast-seo-premium-wordpress\/ -->\n<title>Calend\u00e1rio do 13\u00ba sal\u00e1rio do INSS: veja as datas da primeira e segunda parcelas para quem tem final do benef\u00edcio 1, 2, 3, 4 e 5 - Blog Pensar Cursos<\/title>\n<meta name=\"description\" content=\"Veja as datas do 13\u00ba sal\u00e1rio do INSS para benef\u00edcios com final 1 a 5 em 2026. Entenda quem tem direito, valores e como consultar!\" \/>\n<meta name=\"robots\" content=\"index, follow, max-snippet:-1, max-image-preview:large, max-video-preview:-1\" \/>\n<link rel=\"canonical\" href=\"https:\/\/www.pensarcursos.com.br\/blog\/calendario-do-13o-salario-do-inss-veja-as-datas-da-primeira-e-segunda-parcelas-para-quem-tem-final-do-beneficio-1-2-3-4-e-5\/\" \/>\n<meta property=\"og:locale\" content=\"pt_BR\" \/>\n<meta property=\"og:type\" content=\"article\" \/>\n<meta property=\"og:title\" content=\"Calend\u00e1rio do 13\u00ba sal\u00e1rio do INSS: veja as datas da primeira e segunda parcelas para quem tem final do benef\u00edcio 1, 2, 3, 4 e 5\" \/>\n<meta property=\"og:description\" content=\"Veja as datas do 13\u00ba sal\u00e1rio do INSS para benef\u00edcios com final 1 a 5 em 2026. Entenda quem tem direito, valores e como consultar!\" \/>\n<meta property=\"og:url\" content=\"https:\/\/www.pensarcursos.com.br\/blog\/calendario-do-13o-salario-do-inss-veja-as-datas-da-primeira-e-segunda-parcelas-para-quem-tem-final-do-beneficio-1-2-3-4-e-5\/\" \/>\n<meta property=\"og:site_name\" content=\"Blog Pensar Cursos\" \/>\n<meta property=\"article:publisher\" content=\"https:\/\/www.facebook.com\/pensarcursos\/\" \/>\n<meta property=\"article:published_time\" content=\"2026-03-12T20:39:05+00:00\" \/>\n<meta property=\"og:image\" content=\"https:\/\/www.pensarcursos.com.br\/blog\/wp-content\/uploads\/2026\/03\/antecipacao-13-salario-inss-1.webp\" \/>\n\t<meta property=\"og:image:width\" content=\"1200\" \/>\n\t<meta property=\"og:image:height\" content=\"800\" \/>\n\t<meta property=\"og:image:type\" content=\"image\/webp\" \/>\n<meta name=\"author\" content=\"Luiza Pereira\" \/>\n<meta name=\"twitter:card\" content=\"summary_large_image\" \/>\n<meta name=\"twitter:label1\" content=\"Escrito por\" \/>\n\t<meta name=\"twitter:data1\" content=\"Luiza Pereira\" \/>\n\t<meta name=\"twitter:label2\" content=\"Est. tempo de leitura\" \/>\n\t<meta name=\"twitter:data2\" content=\"6 minutos\" \/>\n<!-- \/ Yoast SEO Premium plugin. -->","yoast_head_json":{"title":"Calend\u00e1rio do 13\u00ba sal\u00e1rio do INSS: veja as datas da primeira e segunda parcelas para quem tem final do benef\u00edcio 1, 2, 3, 4 e 5 - Blog Pensar Cursos","description":"Veja as datas do 13\u00ba sal\u00e1rio do INSS para benef\u00edcios com final 1 a 5 em 2026. Entenda quem tem direito, valores e como consultar!","robots":{"index":"index","follow":"follow","max-snippet":"max-snippet:-1","max-image-preview":"max-image-preview:large","max-video-preview":"max-video-preview:-1"},"canonical":"https:\/\/www.pensarcursos.com.br\/blog\/calendario-do-13o-salario-do-inss-veja-as-datas-da-primeira-e-segunda-parcelas-para-quem-tem-final-do-beneficio-1-2-3-4-e-5\/","og_locale":"pt_BR","og_type":"article","og_title":"Calend\u00e1rio do 13\u00ba sal\u00e1rio do INSS: veja as datas da primeira e segunda parcelas para quem tem final do benef\u00edcio 1, 2, 3, 4 e 5","og_description":"Veja as datas do 13\u00ba sal\u00e1rio do INSS para benef\u00edcios com final 1 a 5 em 2026. Entenda quem tem direito, valores e como consultar!","og_url":"https:\/\/www.pensarcursos.com.br\/blog\/calendario-do-13o-salario-do-inss-veja-as-datas-da-primeira-e-segunda-parcelas-para-quem-tem-final-do-beneficio-1-2-3-4-e-5\/","og_site_name":"Blog Pensar Cursos","article_publisher":"https:\/\/www.facebook.com\/pensarcursos\/","article_published_time":"2026-03-12T20:39:05+00:00","og_image":[{"width":1200,"height":800,"url":"https:\/\/www.pensarcursos.com.br\/blog\/wp-content\/uploads\/2026\/03\/antecipacao-13-salario-inss-1.webp","type":"image\/webp"}],"author":"Luiza Pereira","twitter_card":"summary_large_image","twitter_misc":{"Escrito por":"Luiza Pereira","Est. tempo de leitura":"6 minutos"},"schema":{"@context":"https:\/\/schema.org","@graph":[{"@type":["Article","BlogPosting"],"@id":"https:\/\/www.pensarcursos.com.br\/blog\/calendario-do-13o-salario-do-inss-veja-as-datas-da-primeira-e-segunda-parcelas-para-quem-tem-final-do-beneficio-1-2-3-4-e-5\/#article","isPartOf":{"@id":"https:\/\/www.pensarcursos.com.br\/blog\/calendario-do-13o-salario-do-inss-veja-as-datas-da-primeira-e-segunda-parcelas-para-quem-tem-final-do-beneficio-1-2-3-4-e-5\/"},"author":{"name":"Luiza Pereira","@id":"https:\/\/www.pensarcursos.com.br\/blog\/#\/schema\/person\/b94ff84c7271a3cb9a5ce19e07b0ed5f"},"headline":"Calend\u00e1rio do 13\u00ba sal\u00e1rio do INSS: veja as datas da primeira e segunda parcelas para quem tem final do benef\u00edcio 1, 2, 3, 4 e 5","datePublished":"2026-03-12T20:39:05+00:00","mainEntityOfPage":{"@id":"https:\/\/www.pensarcursos.com.br\/blog\/calendario-do-13o-salario-do-inss-veja-as-datas-da-primeira-e-segunda-parcelas-para-quem-tem-final-do-beneficio-1-2-3-4-e-5\/"},"wordCount":988,"commentCount":0,"publisher":{"@id":"https:\/\/www.pensarcursos.com.br\/blog\/#organization"},"image":{"@id":"https:\/\/www.pensarcursos.com.br\/blog\/calendario-do-13o-salario-do-inss-veja-as-datas-da-primeira-e-segunda-parcelas-para-quem-tem-final-do-beneficio-1-2-3-4-e-5\/#primaryimage"},"thumbnailUrl":"https:\/\/www.pensarcursos.com.br\/blog\/wp-content\/uploads\/2026\/03\/antecipacao-13-salario-inss-1.webp","keywords":["13 sal\u00e1rio inss","calend\u00e1rio 13 sal\u00e1rio inss","pagamento 13 sal\u00e1rio 2026"],"articleSection":["Direitos do Trabalhador"],"inLanguage":"pt-BR","potentialAction":[{"@type":"CommentAction","name":"Comment","target":["https:\/\/www.pensarcursos.com.br\/blog\/calendario-do-13o-salario-do-inss-veja-as-datas-da-primeira-e-segunda-parcelas-para-quem-tem-final-do-beneficio-1-2-3-4-e-5\/#respond"]}],"copyrightYear":"2026","copyrightHolder":{"@id":"https:\/\/www.pensarcursos.com.br\/blog\/#organization"}},{"@type":"WebPage","@id":"https:\/\/www.pensarcursos.com.br\/blog\/calendario-do-13o-salario-do-inss-veja-as-datas-da-primeira-e-segunda-parcelas-para-quem-tem-final-do-beneficio-1-2-3-4-e-5\/","url":"https:\/\/www.pensarcursos.com.br\/blog\/calendario-do-13o-salario-do-inss-veja-as-datas-da-primeira-e-segunda-parcelas-para-quem-tem-final-do-beneficio-1-2-3-4-e-5\/","name":"Calend\u00e1rio do 13\u00ba sal\u00e1rio do INSS: veja as datas da primeira e segunda parcelas para quem tem final do benef\u00edcio 1, 2, 3, 4 e 5 - Blog Pensar Cursos","isPartOf":{"@id":"https:\/\/www.pensarcursos.com.br\/blog\/#website"},"primaryImageOfPage":{"@id":"https:\/\/www.pensarcursos.com.br\/blog\/calendario-do-13o-salario-do-inss-veja-as-datas-da-primeira-e-segunda-parcelas-para-quem-tem-final-do-beneficio-1-2-3-4-e-5\/#primaryimage"},"image":{"@id":"https:\/\/www.pensarcursos.com.br\/blog\/calendario-do-13o-salario-do-inss-veja-as-datas-da-primeira-e-segunda-parcelas-para-quem-tem-final-do-beneficio-1-2-3-4-e-5\/#primaryimage"},"thumbnailUrl":"https:\/\/www.pensarcursos.com.br\/blog\/wp-content\/uploads\/2026\/03\/antecipacao-13-salario-inss-1.webp","datePublished":"2026-03-12T20:39:05+00:00","description":"Veja as datas do 13\u00ba sal\u00e1rio do INSS para benef\u00edcios com final 1 a 5 em 2026. Entenda quem tem direito, valores e como consultar!","breadcrumb":{"@id":"https:\/\/www.pensarcursos.com.br\/blog\/calendario-do-13o-salario-do-inss-veja-as-datas-da-primeira-e-segunda-parcelas-para-quem-tem-final-do-beneficio-1-2-3-4-e-5\/#breadcrumb"},"inLanguage":"pt-BR","potentialAction":[{"@type":"ReadAction","target":["https:\/\/www.pensarcursos.com.br\/blog\/calendario-do-13o-salario-do-inss-veja-as-datas-da-primeira-e-segunda-parcelas-para-quem-tem-final-do-beneficio-1-2-3-4-e-5\/"]}]},{"@type":"ImageObject","inLanguage":"pt-BR","@id":"https:\/\/www.pensarcursos.com.br\/blog\/calendario-do-13o-salario-do-inss-veja-as-datas-da-primeira-e-segunda-parcelas-para-quem-tem-final-do-beneficio-1-2-3-4-e-5\/#primaryimage","url":"https:\/\/www.pensarcursos.com.br\/blog\/wp-content\/uploads\/2026\/03\/antecipacao-13-salario-inss-1.webp","contentUrl":"https:\/\/www.pensarcursos.com.br\/blog\/wp-content\/uploads\/2026\/03\/antecipacao-13-salario-inss-1.webp","width":1200,"height":800,"caption":"Governo federal estuda antecipar o pagamento do 13\u00ba sal\u00e1rio do INSS para abril e maio de 2026 \u2014 confirma\u00e7\u00e3o depende de decreto presidencial. Imagem: Blog Pensar Cursos"},{"@type":"BreadcrumbList","@id":"https:\/\/www.pensarcursos.com.br\/blog\/calendario-do-13o-salario-do-inss-veja-as-datas-da-primeira-e-segunda-parcelas-para-quem-tem-final-do-beneficio-1-2-3-4-e-5\/#breadcrumb","itemListElement":[{"@type":"ListItem","position":1,"name":"Home","item":"https:\/\/www.pensarcursos.com.br\/blog\/"},{"@type":"ListItem","position":2,"name":"Calend\u00e1rio do 13\u00ba sal\u00e1rio do INSS: veja as datas da primeira e segunda parcelas para quem tem final do benef\u00edcio 1, 2, 3, 4 e 5"}]},{"@type":"WebSite","@id":"https:\/\/www.pensarcursos.com.br\/blog\/#website","url":"https:\/\/www.pensarcursos.com.br\/blog\/","name":"Blog Pensar Cursos","description":"Maior Site de Cursos do Brasil","publisher":{"@id":"https:\/\/www.pensarcursos.com.br\/blog\/#organization"},"alternateName":"Blog Pensar","potentialAction":[{"@type":"SearchAction","target":{"@type":"EntryPoint","urlTemplate":"https:\/\/www.pensarcursos.com.br\/blog\/?s={search_term_string}"},"query-input":{"@type":"PropertyValueSpecification","valueRequired":true,"valueName":"search_term_string"}}],"inLanguage":"pt-BR"},{"@type":"Organization","@id":"https:\/\/www.pensarcursos.com.br\/blog\/#organization","name":"Pensar Cursos","alternateName":"Blog pensar","url":"https:\/\/www.pensarcursos.com.br\/blog\/","logo":{"@type":"ImageObject","inLanguage":"pt-BR","@id":"https:\/\/www.pensarcursos.com.br\/blog\/#\/schema\/logo\/image\/","url":"https:\/\/www.pensarcursos.com.br\/blog\/wp-content\/uploads\/2023\/11\/Nova-Logo-Pensar-Cursos-vertical.png","contentUrl":"https:\/\/www.pensarcursos.com.br\/blog\/wp-content\/uploads\/2023\/11\/Nova-Logo-Pensar-Cursos-vertical.png","width":1393,"height":1001,"caption":"Pensar Cursos"},"image":{"@id":"https:\/\/www.pensarcursos.com.br\/blog\/#\/schema\/logo\/image\/"},"sameAs":["https:\/\/www.facebook.com\/pensarcursos\/","https:\/\/instagram.com.br\/pensarcursos"],"description":"Pensar Cursos \u00e9 uma empresa especializada em oferecer cursos de alta qualidade voltados para o desenvolvimento profissional e acad\u00eamico. Com uma ampla gama de op\u00e7\u00f5es de treinamento, oferecemos conte\u00fados atualizados, ministrados por especialistas da \u00e1rea, para capacitar indiv\u00edduos e equipes a atingirem seus objetivos. Nossa miss\u00e3o \u00e9 proporcionar uma educa\u00e7\u00e3o transformadora, acess\u00edvel e personalizada para cada aluno, seja em cursos presenciais ou online. Com uma abordagem inovadora, buscamos adaptar os nossos programas de ensino \u00e0s necessidades do mercado, criando solu\u00e7\u00f5es que atendem aos desafios e exig\u00eancias do mundo corporativo e acad\u00eamico. Nossos cursos incluem desde forma\u00e7\u00f5es t\u00e9cnicas at\u00e9 habilidades essenciais, como lideran\u00e7a, gest\u00e3o e desenvolvimento pessoal.","email":"contato@pensarcursos.com.br","legalName":"Sena Servi\u00e7os de Informa\u00e7\u00e3o Online LTDA","foundingDate":"2013-04-18","vatID":"17956217000172","numberOfEmployees":{"@type":"QuantitativeValue","minValue":"11","maxValue":"50"},"publishingPrinciples":"https:\/\/www.pensarcursos.com.br\/blog\/principios-de-publicacao\/","ownershipFundingInfo":"https:\/\/www.pensarcursos.com.br\/blog\/informacoes-de-propriedade-financiamento\/","actionableFeedbackPolicy":"https:\/\/www.pensarcursos.com.br\/blog\/politica-de-feedback-acionavel\/","correctionsPolicy":"https:\/\/www.pensarcursos.com.br\/blog\/politica-de-correcoes\/","ethicsPolicy":"https:\/\/www.pensarcursos.com.br\/blog\/politica-de-etica\/"},{"@type":"Person","@id":"https:\/\/www.pensarcursos.com.br\/blog\/#\/schema\/person\/b94ff84c7271a3cb9a5ce19e07b0ed5f","name":"Luiza Pereira","image":{"@type":"ImageObject","inLanguage":"pt-BR","@id":"https:\/\/secure.gravatar.com\/avatar\/51a9cea3f558699054e6c6d962a79771188542d9b4d73e9f96d8c0586bc5f11d?s=96&d=mm&r=g","url":"https:\/\/secure.gravatar.com\/avatar\/51a9cea3f558699054e6c6d962a79771188542d9b4d73e9f96d8c0586bc5f11d?s=96&d=mm&r=g","contentUrl":"https:\/\/secure.gravatar.com\/avatar\/51a9cea3f558699054e6c6d962a79771188542d9b4d73e9f96d8c0586bc5f11d?s=96&d=mm&r=g","caption":"Luiza Pereira"},"description":"Graduanda em Pedagogia pela Universidade Estadual do Sudoeste da Bahia (UESB). Redatora do grupo Sena Online.","sameAs":["https:\/\/www.instagram.com\/luizza_pereiraa?igsh=MmltMGh0bHUzbnR0"],"url":"https:\/\/www.pensarcursos.com.br\/blog\/author\/luiza\/"}]}},"_links":{"self":[{"href":"https:\/\/www.pensarcursos.com.br\/blog\/wp-json\/wp\/v2\/posts\/149634","targetHints":{"allow":["GET"]}}],"collection":[{"href":"https:\/\/www.pensarcursos.com.br\/blog\/wp-json\/wp\/v2\/posts"}],"about":[{"href":"https:\/\/www.pensarcursos.com.br\/blog\/wp-json\/wp\/v2\/types\/post"}],"author":[{"embeddable":true,"href":"https:\/\/www.pensarcursos.com.br\/blog\/wp-json\/wp\/v2\/users\/60"}],"replies":[{"embeddable":true,"href":"https:\/\/www.pensarcursos.com.br\/blog\/wp-json\/wp\/v2\/comments?post=149634"}],"version-history":[{"count":0,"href":"https:\/\/www.pensarcursos.com.br\/blog\/wp-json\/wp\/v2\/posts\/149634\/revisions"}],"wp:featuredmedia":[{"embeddable":true,"href":"https:\/\/www.pensarcursos.com.br\/blog\/wp-json\/wp\/v2\/media\/149671"}],"wp:attachment":[{"href":"https:\/\/www.pensarcursos.com.br\/blog\/wp-json\/wp\/v2\/media?parent=149634"}],"wp:term":[{"taxonomy":"category","embeddable":true,"href":"https:\/\/www.pensarcursos.com.br\/blog\/wp-json\/wp\/v2\/categories?post=149634"},{"taxonomy":"post_tag","embeddable":true,"href":"https:\/\/www.pensarcursos.com.br\/blog\/wp-json\/wp\/v2\/tags?post=149634"}],"curies":[{"name":"wp","href":"https:\/\/api.w.org\/{rel}","templated":true}]}}