{"id":149630,"date":"2026-03-12T16:39:02","date_gmt":"2026-03-12T19:39:02","guid":{"rendered":"https:\/\/www.pensarcursos.com.br\/blog\/?p=149630"},"modified":"2026-03-12T11:22:13","modified_gmt":"2026-03-12T14:22:13","slug":"frequencia-de-80-e-obrigatoria-no-pe-de-meia-entenda-como-a-presenca-e-fiscalizada","status":"publish","type":"post","link":"https:\/\/www.pensarcursos.com.br\/blog\/frequencia-de-80-e-obrigatoria-no-pe-de-meia-entenda-como-a-presenca-e-fiscalizada\/","title":{"rendered":"Frequ\u00eancia de 80% \u00e9 obrigat\u00f3ria no P\u00e9-de-Meia: entenda como a presen\u00e7a \u00e9 fiscalizada"},"content":{"rendered":"<p>O programa <a href=\"https:\/\/www.pensarcursos.com.br\/blog\/pe-de-meia-2026-evite-esses-erros-para-nao-perder-o-beneficio\/\"><strong>P\u00e9-de-Meia<\/strong> <\/a>continua sendo um recurso para estudantes no ensino m\u00e9dio. No entanto, para garantir o recebimento das parcelas mensais, \u00e9 preciso estar atento a uma regra que conecta o benef\u00edcio diretamente \u00e0 sala de aula: a <strong>frequ\u00eancia de 80%, que \u00e9 obrigat\u00f3ria<\/strong>. Entender como esse controle funciona \u00e9 fundamental para n\u00e3o perder o aux\u00edlio.<\/p>\n<p>O acompanhamento da assiduidade n\u00e3o \u00e9 um processo complexo para o aluno, mas exige responsabilidade cont\u00ednua. Manter a presen\u00e7a acima do m\u00ednimo estabelecido \u00e9 a principal garantia para receber os R$ 200 ou R$ 225 mensais do Incentivo-Frequ\u00eancia. A seguir, confira o processo de fiscaliza\u00e7\u00e3o e os crit\u00e9rios que todo estudante precisa conhecer.<\/p>\n<h2>Como funciona o controle de presen\u00e7a?<\/h2>\n<p>A responsabilidade de monitorar e informar a presen\u00e7a dos estudantes \u00e9 da institui\u00e7\u00e3o de ensino. Mensalmente, a escola consolida os dados de frequ\u00eancia de cada aluno participante e os envia para o sistema do programa <a href=\"https:\/\/www.pensarcursos.com.br\/blog\/pe-de-meia-de-marco-pagamento-comeca-no-dia-16-ou-23\/\">P\u00e9-de-Meia<\/a>. Esse processo \u00e9 a base para a libera\u00e7\u00e3o dos pagamentos.<\/p>\n<p>O sistema do governo realiza uma dupla verifica\u00e7\u00e3o:<\/p>\n<ul>\n<li><strong>An\u00e1lise mensal:<\/strong>\u00a0Avalia se o estudante atingiu o m\u00ednimo de 80% de presen\u00e7a no m\u00eas espec\u00edfico.<\/li>\n<li><strong>An\u00e1lise anual acumulada:<\/strong> Considera a m\u00e9dia de frequ\u00eancia ao longo de todo o ano letivo.<\/li>\n<\/ul>\n<p>\u00c9 importante destacar que o pagamento \u00e9 sempre retroativo. A parcela recebida em um determinado m\u00eas corresponde \u00e0 comprova\u00e7\u00e3o de frequ\u00eancia de meses anteriores, seguindo um c\u00e1lculo cont\u00ednuo gerenciado pelo sistema.<\/p>\n<figure id=\"attachment_149654\" aria-describedby=\"caption-attachment-149654\" style=\"width: 1200px\" class=\"wp-caption aligncenter\"><img decoding=\"async\" class=\"size-full wp-image-149654\" src=\"https:\/\/www.pensarcursos.com.br\/blog\/wp-content\/uploads\/2026\/03\/frequencia-Pe-de-Meia.webp\" alt=\"Aluno do ensino m\u00e9dio em sala de aula ilustrando a exig\u00eancia de frequ\u00eancia m\u00ednima de 80% para receber o incentivo P\u00e9-de-Meia.\" width=\"1200\" height=\"800\" srcset=\"https:\/\/www.pensarcursos.com.br\/blog\/wp-content\/uploads\/2026\/03\/frequencia-Pe-de-Meia.webp 1200w, https:\/\/www.pensarcursos.com.br\/blog\/wp-content\/uploads\/2026\/03\/frequencia-Pe-de-Meia-300x200.webp 300w, https:\/\/www.pensarcursos.com.br\/blog\/wp-content\/uploads\/2026\/03\/frequencia-Pe-de-Meia-1024x683.webp 1024w, https:\/\/www.pensarcursos.com.br\/blog\/wp-content\/uploads\/2026\/03\/frequencia-Pe-de-Meia-768x512.webp 768w, https:\/\/www.pensarcursos.com.br\/blog\/wp-content\/uploads\/2026\/03\/frequencia-Pe-de-Meia-750x500.webp 750w, https:\/\/www.pensarcursos.com.br\/blog\/wp-content\/uploads\/2026\/03\/frequencia-Pe-de-Meia-1140x760.webp 1140w\" sizes=\"(max-width: 1200px) 100vw, 1200px\" \/><figcaption id=\"caption-attachment-149654\" class=\"wp-caption-text\">O incentivo educacional exige pelo menos 80% de presen\u00e7a nas aulas.<br \/>Imagem: Blog Pensar Cursos<\/figcaption><\/figure>\n<h2>Consulta de hist\u00f3rico e justificativa de faltas<\/h2>\n<p>Para evitar surpresas, o estudante pode e deve acompanhar seu pr\u00f3prio hist\u00f3rico de comparecimento. Essa confer\u00eancia \u00e9 feita diretamente na secretaria da escola. Caso identifique alguma inconsist\u00eancia ou precise justificar uma aus\u00eancia, \u00e9 fundamental agir rapidamente.<\/p>\n<p>As\u00a0<strong>justificativas de faltas s\u00e3o aceitas<\/strong>, desde que sigam as regras da institui\u00e7\u00e3o. O aluno deve procurar o respons\u00e1vel pela gest\u00e3o da frequ\u00eancia para apresentar o motivo da aus\u00eancia o mais r\u00e1pido poss\u00edvel. Isso permite que a escola atualize o registro antes de enviar os dados consolidados para a rede de ensino, garantindo que a informa\u00e7\u00e3o correta chegue ao programa P\u00e9-de-Meia. Al\u00e9m disso, o passo mais b\u00e1sico e fundamental \u00e9 sempre responder \u00e0 chamada em sala de aula.<\/p>\n<h2>Crit\u00e9rios de elegibilidade para o P\u00e9-de-Meia em 2026<\/h2>\n<p>Para ter direito ao incentivo financeiro, o estudante precisa cumprir todos os requisitos estabelecidos pelo governo federal. Em 2026, os crit\u00e9rios permanecem focados em apoiar jovens de fam\u00edlias de baixa renda. Confira quem pode participar:<\/p>\n<ul>\n<li>Ser estudante do ensino m\u00e9dio regular em escolas p\u00fablicas, com idade entre 14 e 24 anos.<\/li>\n<li>Ser estudante da Educa\u00e7\u00e3o de Jovens e Adultos (EJA) em escolas p\u00fablicas, com idade entre 19 e 24 anos.<\/li>\n<li>Pertencer a uma fam\u00edlia inscrita no Cadastro \u00danico (Cad\u00danico) com renda familiar por pessoa de at\u00e9 meio sal\u00e1rio-m\u00ednimo. Para 2026, a <a href=\"https:\/\/www.pensarcursos.com.br\/blog\/governo-divulga-prazo-para-atualizar-cadunico-e-nao-perder-o-pe-de-meia-2026\/\">data-base<\/a> para verifica\u00e7\u00e3o dos dados no Cad\u00danico \u00e9\u00a0<strong>7 de agosto de 2026<\/strong>.<\/li>\n<li>Possuir Cadastro de Pessoa F\u00edsica (CPF) em situa\u00e7\u00e3o regular.<\/li>\n<li>Manter a frequ\u00eancia m\u00ednima de 80% nas aulas, conforme apurado mensalmente.<\/li>\n<\/ul>\n<h2>Calend\u00e1rio de pagamento do Incentivo-Frequ\u00eancia 2026<\/h2>\n<p>O cronograma abaixo refere-se ao<a href=\"https:\/\/www.pensarcursos.com.br\/blog\/pe-de-meia-9-pagamentos-de-r-200-e-as-9-regras-para-conferir-todo-mes\/\"> Incentivo-Frequ\u00eancia de 2026<\/a>, pago com base na assiduidade do estudante. Veja as datas:<\/p>\n<ul>\n<li><strong>Primeira Parcela:<\/strong> 27 de abril a 4 de maio de 2026 (Referente \u00e0 frequ\u00eancia de fevereiro de 2026)<\/li>\n<li><strong>Segunda Parcela:<\/strong> 25 de maio a 1\u00ba de junho de 2026 (Referente \u00e0 frequ\u00eancia de mar\u00e7o de 2026)<\/li>\n<li><strong>Terceira Parcela:<\/strong> 29 de junho a 6 de julho de 2026 (Referente \u00e0 frequ\u00eancia de abril de 2026)<\/li>\n<li><strong>Quarta Parcela:<\/strong> 24 a 31 de agosto de 2026 (Referente \u00e0 frequ\u00eancia de maio e junho de 2026)<\/li>\n<li><strong>Quinta Parcela:<\/strong> 21 a 28 de setembro de 2026 (Referente \u00e0 frequ\u00eancia de julho de 2026)<\/li>\n<li><strong>Sexta Parcela:<\/strong> 19 a 26 de outubro de 2026 (Referente \u00e0 frequ\u00eancia de agosto de 2026)<\/li>\n<li><strong>S\u00e9tima Parcela:<\/strong> 23 a 30 de novembro de 2026 (Referente \u00e0 frequ\u00eancia de setembro de 2026)<\/li>\n<li><strong>Oitava Parcela:<\/strong> 21 a 28 de dezembro de 2026 (Referente \u00e0 frequ\u00eancia de outubro de 2026)<\/li>\n<li><strong>Nona Parcela:<\/strong> 25 de janeiro a 1\u00ba de fevereiro de 2027 (Referente \u00e0 frequ\u00eancia de novembro de 2026)<\/li>\n<\/ul>\n<p>Lembrando que:<\/p>\n<ul>\n<li><strong>Alunos da EJA:<\/strong> podem receber at\u00e9 quatro parcelas do Incentivo-Frequ\u00eancia, no valor de R$ 225 cada.<\/li>\n<li><strong>Alunos do ensino m\u00e9dio regular:<\/strong> podem receber at\u00e9 nove parcelas do Incentivo-Frequ\u00eancia, no valor de R$ 200 cada.<\/li>\n<\/ul>\n<p>Estar presente nas aulas \u00e9 mais do que um dever acad\u00eamico; para os participantes do P\u00e9-de-Meia, \u00e9 a condi\u00e7\u00e3o principal para construir uma poupan\u00e7a e planejar o futuro. Portanto, manter a assiduidade e a comunica\u00e7\u00e3o com a escola em dia \u00e9 o caminho para aproveitar ao m\u00e1ximo esse benef\u00edcio.<\/p>\n<p>Ficou com alguma d\u00favida? Continue acompanhando o <a href=\"https:\/\/www.pensarcursos.com.br\/blog\" target=\"_blank\" rel=\"noopener\">Blog Pensar Cursos<\/a> para conferir mais conte\u00fados e se manter informado sobre as novidades do programa.<\/p>\n<p>Saiba mais:<\/p>\n<div class=\"jeg_video_container jeg_video_content\"><iframe title=\"Calend\u00e1rio P\u00e9-de-Meia 2026 saiu! Veja todas as datas e as mudan\u00e7as nas regras\" width=\"500\" height=\"281\" src=\"https:\/\/www.youtube.com\/embed\/pZW_azwnraA?feature=oembed\" frameborder=\"0\" allow=\"accelerometer; autoplay; clipboard-write; encrypted-media; gyroscope; picture-in-picture; web-share\" referrerpolicy=\"strict-origin-when-cross-origin\" allowfullscreen><\/iframe><\/div>\n","protected":false},"excerpt":{"rendered":"<p>O programa P\u00e9-de-Meia continua sendo um recurso para estudantes no ensino m\u00e9dio. No entanto, para garantir o recebimento das parcelas mensais, \u00e9 preciso estar atento a uma regra que conecta o benef\u00edcio diretamente \u00e0 sala de aula: a frequ\u00eancia de 80%, que \u00e9 obrigat\u00f3ria. Entender como esse controle funciona \u00e9 fundamental para n\u00e3o perder o [&hellip;]<\/p>\n","protected":false},"author":54,"featured_media":149651,"comment_status":"open","ping_status":"closed","sticky":false,"template":"","format":"standard","meta":{"jnews-multi-image_gallery":[],"jnews_single_post":{"subtitle":"Atender a esse requisito \u00e9 a forma mais segura de garantir o recebimento do Incentivo-Frequ\u00eancia","format":"standard","override":[{"template":"1","parallax":"1","fullscreen":"1","layout":"right-sidebar","sidebar":"default-sidebar","second_sidebar":"default-sidebar","sticky_sidebar":"1","share_position":"topbottom","share_float_style":"share-monocrhome","show_featured":"1","show_post_meta":"1","show_post_author":"1","show_post_author_image":"1","show_post_date":"1","post_date_format":"default","post_date_format_custom":"Y\/m\/d","show_post_category":"1","post_reading_time_wpm":"300","post_calculate_word_method":"str_word_count","show_zoom_button":"0","zoom_button_out_step":"2","zoom_button_in_step":"3","show_post_tag":"1","show_prev_next_post":"1","show_popup_post":"1","show_comment_section":"1","number_popup_post":"2","show_author_box":"1","show_post_related":"1","show_inline_post_related":"1"}],"image_override":[{"single_post_thumbnail_size":"crop-500","single_post_gallery_size":"crop-500"}],"trending_post_position":"meta","trending_post_label":"Trending","sponsored_post_label":"Sponsored by","disable_ad":"0"},"jnews_primary_category":[],"jnews_social_meta":[],"jnews_override_counter":{"view_counter_number":"0","share_counter_number":"0","like_counter_number":"0","dislike_counter_number":"0"},"footnotes":""},"categories":[1657,17201],"tags":[36014,30878,36015],"class_list":["post-149630","post","type-post","status-publish","format-standard","has-post-thumbnail","hentry","category-beneficios-sociais","category-pe-de-meia","tag-calendario-pe-de-meia-2026","tag-incentivo-frequencia-pe-de-meia","tag-pe-de-meia-2026"],"yoast_head":"<!-- This site is optimized with the Yoast SEO Premium plugin v27.4 (Yoast SEO v27.4) - https:\/\/yoast.com\/product\/yoast-seo-premium-wordpress\/ -->\n<title>Frequ\u00eancia de 80% \u00e9 obrigat\u00f3ria no P\u00e9-de-Meia: entenda como a presen\u00e7a \u00e9 fiscalizada - Blog Pensar Cursos<\/title>\n<meta name=\"description\" content=\"Entenda por que a frequ\u00eancia de 80% \u00e9 obrigat\u00f3ria no P\u00e9-de-Meia e como a presen\u00e7a escolar \u00e9 fiscalizada. Saiba mais agora!\" \/>\n<meta name=\"robots\" content=\"index, follow, max-snippet:-1, max-image-preview:large, max-video-preview:-1\" \/>\n<link rel=\"canonical\" href=\"https:\/\/www.pensarcursos.com.br\/blog\/frequencia-de-80-e-obrigatoria-no-pe-de-meia-entenda-como-a-presenca-e-fiscalizada\/\" \/>\n<meta property=\"og:locale\" content=\"pt_BR\" \/>\n<meta property=\"og:type\" content=\"article\" \/>\n<meta property=\"og:title\" content=\"Frequ\u00eancia de 80% \u00e9 obrigat\u00f3ria no P\u00e9-de-Meia: entenda como a presen\u00e7a \u00e9 fiscalizada\" \/>\n<meta property=\"og:description\" content=\"Entenda por que a frequ\u00eancia de 80% \u00e9 obrigat\u00f3ria no P\u00e9-de-Meia e como a presen\u00e7a escolar \u00e9 fiscalizada. Saiba mais agora!\" \/>\n<meta property=\"og:url\" content=\"https:\/\/www.pensarcursos.com.br\/blog\/frequencia-de-80-e-obrigatoria-no-pe-de-meia-entenda-como-a-presenca-e-fiscalizada\/\" \/>\n<meta property=\"og:site_name\" content=\"Blog Pensar Cursos\" \/>\n<meta property=\"article:publisher\" content=\"https:\/\/www.facebook.com\/pensarcursos\/\" \/>\n<meta property=\"article:published_time\" content=\"2026-03-12T19:39:02+00:00\" \/>\n<meta property=\"og:image\" content=\"https:\/\/www.pensarcursos.com.br\/blog\/wp-content\/uploads\/2026\/03\/Pe-de-meia-1.webp\" \/>\n\t<meta property=\"og:image:width\" content=\"1200\" \/>\n\t<meta property=\"og:image:height\" content=\"800\" \/>\n\t<meta property=\"og:image:type\" content=\"image\/webp\" \/>\n<meta name=\"author\" content=\"Quezia Andrade\" \/>\n<meta name=\"twitter:card\" content=\"summary_large_image\" \/>\n<meta name=\"twitter:label1\" content=\"Escrito por\" \/>\n\t<meta name=\"twitter:data1\" content=\"Quezia Andrade\" \/>\n\t<meta name=\"twitter:label2\" content=\"Est. tempo de leitura\" \/>\n\t<meta name=\"twitter:data2\" content=\"5 minutos\" \/>\n<!-- \/ Yoast SEO Premium plugin. -->","yoast_head_json":{"title":"Frequ\u00eancia de 80% \u00e9 obrigat\u00f3ria no P\u00e9-de-Meia: entenda como a presen\u00e7a \u00e9 fiscalizada - Blog Pensar Cursos","description":"Entenda por que a frequ\u00eancia de 80% \u00e9 obrigat\u00f3ria no P\u00e9-de-Meia e como a presen\u00e7a escolar \u00e9 fiscalizada. Saiba mais agora!","robots":{"index":"index","follow":"follow","max-snippet":"max-snippet:-1","max-image-preview":"max-image-preview:large","max-video-preview":"max-video-preview:-1"},"canonical":"https:\/\/www.pensarcursos.com.br\/blog\/frequencia-de-80-e-obrigatoria-no-pe-de-meia-entenda-como-a-presenca-e-fiscalizada\/","og_locale":"pt_BR","og_type":"article","og_title":"Frequ\u00eancia de 80% \u00e9 obrigat\u00f3ria no P\u00e9-de-Meia: entenda como a presen\u00e7a \u00e9 fiscalizada","og_description":"Entenda por que a frequ\u00eancia de 80% \u00e9 obrigat\u00f3ria no P\u00e9-de-Meia e como a presen\u00e7a escolar \u00e9 fiscalizada. Saiba mais agora!","og_url":"https:\/\/www.pensarcursos.com.br\/blog\/frequencia-de-80-e-obrigatoria-no-pe-de-meia-entenda-como-a-presenca-e-fiscalizada\/","og_site_name":"Blog Pensar Cursos","article_publisher":"https:\/\/www.facebook.com\/pensarcursos\/","article_published_time":"2026-03-12T19:39:02+00:00","og_image":[{"width":1200,"height":800,"url":"https:\/\/www.pensarcursos.com.br\/blog\/wp-content\/uploads\/2026\/03\/Pe-de-meia-1.webp","type":"image\/webp"}],"author":"Quezia Andrade","twitter_card":"summary_large_image","twitter_misc":{"Escrito por":"Quezia Andrade","Est. tempo de leitura":"5 minutos"},"schema":{"@context":"https:\/\/schema.org","@graph":[{"@type":["Article","BlogPosting"],"@id":"https:\/\/www.pensarcursos.com.br\/blog\/frequencia-de-80-e-obrigatoria-no-pe-de-meia-entenda-como-a-presenca-e-fiscalizada\/#article","isPartOf":{"@id":"https:\/\/www.pensarcursos.com.br\/blog\/frequencia-de-80-e-obrigatoria-no-pe-de-meia-entenda-como-a-presenca-e-fiscalizada\/"},"author":{"name":"Quezia Andrade","@id":"https:\/\/www.pensarcursos.com.br\/blog\/#\/schema\/person\/28714c166fa847c28e0ba3e4d47c1033"},"headline":"Frequ\u00eancia de 80% \u00e9 obrigat\u00f3ria no P\u00e9-de-Meia: entenda como a presen\u00e7a \u00e9 fiscalizada","datePublished":"2026-03-12T19:39:02+00:00","mainEntityOfPage":{"@id":"https:\/\/www.pensarcursos.com.br\/blog\/frequencia-de-80-e-obrigatoria-no-pe-de-meia-entenda-como-a-presenca-e-fiscalizada\/"},"wordCount":831,"commentCount":0,"publisher":{"@id":"https:\/\/www.pensarcursos.com.br\/blog\/#organization"},"image":{"@id":"https:\/\/www.pensarcursos.com.br\/blog\/frequencia-de-80-e-obrigatoria-no-pe-de-meia-entenda-como-a-presenca-e-fiscalizada\/#primaryimage"},"thumbnailUrl":"https:\/\/www.pensarcursos.com.br\/blog\/wp-content\/uploads\/2026\/03\/Pe-de-meia-1.webp","keywords":["calend\u00e1rio p\u00e9 de meia 2026","incentivo frequ\u00eancia p\u00e9 de meia","p\u00e9 de meia 2026"],"articleSection":["Benef\u00edcios Sociais","P\u00e9-de-Meia"],"inLanguage":"pt-BR","potentialAction":[{"@type":"CommentAction","name":"Comment","target":["https:\/\/www.pensarcursos.com.br\/blog\/frequencia-de-80-e-obrigatoria-no-pe-de-meia-entenda-como-a-presenca-e-fiscalizada\/#respond"]}],"copyrightYear":"2026","copyrightHolder":{"@id":"https:\/\/www.pensarcursos.com.br\/blog\/#organization"}},{"@type":"WebPage","@id":"https:\/\/www.pensarcursos.com.br\/blog\/frequencia-de-80-e-obrigatoria-no-pe-de-meia-entenda-como-a-presenca-e-fiscalizada\/","url":"https:\/\/www.pensarcursos.com.br\/blog\/frequencia-de-80-e-obrigatoria-no-pe-de-meia-entenda-como-a-presenca-e-fiscalizada\/","name":"Frequ\u00eancia de 80% \u00e9 obrigat\u00f3ria no P\u00e9-de-Meia: entenda como a presen\u00e7a \u00e9 fiscalizada - Blog Pensar Cursos","isPartOf":{"@id":"https:\/\/www.pensarcursos.com.br\/blog\/#website"},"primaryImageOfPage":{"@id":"https:\/\/www.pensarcursos.com.br\/blog\/frequencia-de-80-e-obrigatoria-no-pe-de-meia-entenda-como-a-presenca-e-fiscalizada\/#primaryimage"},"image":{"@id":"https:\/\/www.pensarcursos.com.br\/blog\/frequencia-de-80-e-obrigatoria-no-pe-de-meia-entenda-como-a-presenca-e-fiscalizada\/#primaryimage"},"thumbnailUrl":"https:\/\/www.pensarcursos.com.br\/blog\/wp-content\/uploads\/2026\/03\/Pe-de-meia-1.webp","datePublished":"2026-03-12T19:39:02+00:00","description":"Entenda por que a frequ\u00eancia de 80% \u00e9 obrigat\u00f3ria no P\u00e9-de-Meia e como a presen\u00e7a escolar \u00e9 fiscalizada. Saiba mais agora!","breadcrumb":{"@id":"https:\/\/www.pensarcursos.com.br\/blog\/frequencia-de-80-e-obrigatoria-no-pe-de-meia-entenda-como-a-presenca-e-fiscalizada\/#breadcrumb"},"inLanguage":"pt-BR","potentialAction":[{"@type":"ReadAction","target":["https:\/\/www.pensarcursos.com.br\/blog\/frequencia-de-80-e-obrigatoria-no-pe-de-meia-entenda-como-a-presenca-e-fiscalizada\/"]}]},{"@type":"ImageObject","inLanguage":"pt-BR","@id":"https:\/\/www.pensarcursos.com.br\/blog\/frequencia-de-80-e-obrigatoria-no-pe-de-meia-entenda-como-a-presenca-e-fiscalizada\/#primaryimage","url":"https:\/\/www.pensarcursos.com.br\/blog\/wp-content\/uploads\/2026\/03\/Pe-de-meia-1.webp","contentUrl":"https:\/\/www.pensarcursos.com.br\/blog\/wp-content\/uploads\/2026\/03\/Pe-de-meia-1.webp","width":1200,"height":800,"caption":"Programa P\u00e9-de-Meia exige presen\u00e7a m\u00ednima nas aulas para garantir o benef\u00edcio estudantil. Imagem: Blog Pensar Cursos"},{"@type":"BreadcrumbList","@id":"https:\/\/www.pensarcursos.com.br\/blog\/frequencia-de-80-e-obrigatoria-no-pe-de-meia-entenda-como-a-presenca-e-fiscalizada\/#breadcrumb","itemListElement":[{"@type":"ListItem","position":1,"name":"Home","item":"https:\/\/www.pensarcursos.com.br\/blog\/"},{"@type":"ListItem","position":2,"name":"Frequ\u00eancia de 80% \u00e9 obrigat\u00f3ria no P\u00e9-de-Meia: entenda como a presen\u00e7a \u00e9 fiscalizada"}]},{"@type":"WebSite","@id":"https:\/\/www.pensarcursos.com.br\/blog\/#website","url":"https:\/\/www.pensarcursos.com.br\/blog\/","name":"Blog Pensar Cursos","description":"Maior Site de Cursos do Brasil","publisher":{"@id":"https:\/\/www.pensarcursos.com.br\/blog\/#organization"},"alternateName":"Blog Pensar","potentialAction":[{"@type":"SearchAction","target":{"@type":"EntryPoint","urlTemplate":"https:\/\/www.pensarcursos.com.br\/blog\/?s={search_term_string}"},"query-input":{"@type":"PropertyValueSpecification","valueRequired":true,"valueName":"search_term_string"}}],"inLanguage":"pt-BR"},{"@type":"Organization","@id":"https:\/\/www.pensarcursos.com.br\/blog\/#organization","name":"Pensar Cursos","alternateName":"Blog pensar","url":"https:\/\/www.pensarcursos.com.br\/blog\/","logo":{"@type":"ImageObject","inLanguage":"pt-BR","@id":"https:\/\/www.pensarcursos.com.br\/blog\/#\/schema\/logo\/image\/","url":"https:\/\/www.pensarcursos.com.br\/blog\/wp-content\/uploads\/2023\/11\/Nova-Logo-Pensar-Cursos-vertical.png","contentUrl":"https:\/\/www.pensarcursos.com.br\/blog\/wp-content\/uploads\/2023\/11\/Nova-Logo-Pensar-Cursos-vertical.png","width":1393,"height":1001,"caption":"Pensar Cursos"},"image":{"@id":"https:\/\/www.pensarcursos.com.br\/blog\/#\/schema\/logo\/image\/"},"sameAs":["https:\/\/www.facebook.com\/pensarcursos\/","https:\/\/instagram.com.br\/pensarcursos"],"description":"Pensar Cursos \u00e9 uma empresa especializada em oferecer cursos de alta qualidade voltados para o desenvolvimento profissional e acad\u00eamico. Com uma ampla gama de op\u00e7\u00f5es de treinamento, oferecemos conte\u00fados atualizados, ministrados por especialistas da \u00e1rea, para capacitar indiv\u00edduos e equipes a atingirem seus objetivos. Nossa miss\u00e3o \u00e9 proporcionar uma educa\u00e7\u00e3o transformadora, acess\u00edvel e personalizada para cada aluno, seja em cursos presenciais ou online. Com uma abordagem inovadora, buscamos adaptar os nossos programas de ensino \u00e0s necessidades do mercado, criando solu\u00e7\u00f5es que atendem aos desafios e exig\u00eancias do mundo corporativo e acad\u00eamico. Nossos cursos incluem desde forma\u00e7\u00f5es t\u00e9cnicas at\u00e9 habilidades essenciais, como lideran\u00e7a, gest\u00e3o e desenvolvimento pessoal.","email":"contato@pensarcursos.com.br","legalName":"Sena Servi\u00e7os de Informa\u00e7\u00e3o Online LTDA","foundingDate":"2013-04-18","vatID":"17956217000172","numberOfEmployees":{"@type":"QuantitativeValue","minValue":"11","maxValue":"50"},"publishingPrinciples":"https:\/\/www.pensarcursos.com.br\/blog\/principios-de-publicacao\/","ownershipFundingInfo":"https:\/\/www.pensarcursos.com.br\/blog\/informacoes-de-propriedade-financiamento\/","actionableFeedbackPolicy":"https:\/\/www.pensarcursos.com.br\/blog\/politica-de-feedback-acionavel\/","correctionsPolicy":"https:\/\/www.pensarcursos.com.br\/blog\/politica-de-correcoes\/","ethicsPolicy":"https:\/\/www.pensarcursos.com.br\/blog\/politica-de-etica\/"},{"@type":"Person","@id":"https:\/\/www.pensarcursos.com.br\/blog\/#\/schema\/person\/28714c166fa847c28e0ba3e4d47c1033","name":"Quezia Andrade","image":{"@type":"ImageObject","inLanguage":"pt-BR","@id":"https:\/\/secure.gravatar.com\/avatar\/ca40343eca0c667f062032144581527936aae03191aca76e9d4c4de5a5c7cd14?s=96&d=mm&r=g","url":"https:\/\/secure.gravatar.com\/avatar\/ca40343eca0c667f062032144581527936aae03191aca76e9d4c4de5a5c7cd14?s=96&d=mm&r=g","contentUrl":"https:\/\/secure.gravatar.com\/avatar\/ca40343eca0c667f062032144581527936aae03191aca76e9d4c4de5a5c7cd14?s=96&d=mm&r=g","caption":"Quezia Andrade"},"description":"Biom\u00e9dica CRBM2 n\u00ba 17394. Redatora do grupo Sena Online.","sameAs":["https:\/\/www.instagram.com\/_quezia_b?igsh=cWF2dDNxbXd6ejF4&utm_source=qr","https:\/\/www.linkedin.com\/in\/quzia-borges-andrade-907778266?utm_source=share&utm_campaign=share_via&utm_content=profile&utm_medium=ios_app"],"url":"https:\/\/www.pensarcursos.com.br\/blog\/author\/quezia\/"}]}},"_links":{"self":[{"href":"https:\/\/www.pensarcursos.com.br\/blog\/wp-json\/wp\/v2\/posts\/149630","targetHints":{"allow":["GET"]}}],"collection":[{"href":"https:\/\/www.pensarcursos.com.br\/blog\/wp-json\/wp\/v2\/posts"}],"about":[{"href":"https:\/\/www.pensarcursos.com.br\/blog\/wp-json\/wp\/v2\/types\/post"}],"author":[{"embeddable":true,"href":"https:\/\/www.pensarcursos.com.br\/blog\/wp-json\/wp\/v2\/users\/54"}],"replies":[{"embeddable":true,"href":"https:\/\/www.pensarcursos.com.br\/blog\/wp-json\/wp\/v2\/comments?post=149630"}],"version-history":[{"count":0,"href":"https:\/\/www.pensarcursos.com.br\/blog\/wp-json\/wp\/v2\/posts\/149630\/revisions"}],"wp:featuredmedia":[{"embeddable":true,"href":"https:\/\/www.pensarcursos.com.br\/blog\/wp-json\/wp\/v2\/media\/149651"}],"wp:attachment":[{"href":"https:\/\/www.pensarcursos.com.br\/blog\/wp-json\/wp\/v2\/media?parent=149630"}],"wp:term":[{"taxonomy":"category","embeddable":true,"href":"https:\/\/www.pensarcursos.com.br\/blog\/wp-json\/wp\/v2\/categories?post=149630"},{"taxonomy":"post_tag","embeddable":true,"href":"https:\/\/www.pensarcursos.com.br\/blog\/wp-json\/wp\/v2\/tags?post=149630"}],"curies":[{"name":"wp","href":"https:\/\/api.w.org\/{rel}","templated":true}]}}