{"id":149629,"date":"2026-03-12T16:19:11","date_gmt":"2026-03-12T19:19:11","guid":{"rendered":"https:\/\/www.pensarcursos.com.br\/blog\/?p=149629"},"modified":"2026-03-12T14:23:42","modified_gmt":"2026-03-12T17:23:42","slug":"calendario-do-13o-do-inss-como-funciona-o-escalonamento-por-numero-final-do-beneficio","status":"publish","type":"post","link":"https:\/\/www.pensarcursos.com.br\/blog\/calendario-do-13o-do-inss-como-funciona-o-escalonamento-por-numero-final-do-beneficio\/","title":{"rendered":"Calend\u00e1rio do 13\u00ba do INSS: como funciona o escalonamento por n\u00famero final do benef\u00edcio"},"content":{"rendered":"<p><strong>35 milh\u00f5es de aposentados e pensionistas<\/strong> aguardam uma das transfer\u00eancias mais esperadas do ano: o<a href=\"https:\/\/www.pensarcursos.com.br\/blog\/seu-13o-salario-do-inss-2026-esta-chegando-veja-quando-deve-cair-a-primeira-e-a-segunda-parcela-datas-para-quem-ganha-acima-de-r-1-621\/\" target=\"_blank\" rel=\"noopener\"> <strong>13\u00ba sal\u00e1rio do INSS<\/strong><\/a>. O governo federal avalia antecipar novamente o pagamento em 2026, com dep\u00f3sitos previstos para o per\u00edodo entre <strong>abril e maio<\/strong>\u2014 meses antes do calend\u00e1rio tradicional. Mas saber <em>quando<\/em> o dinheiro cai na conta depende de um detalhe simples que muita gente ignora: o \u00faltimo d\u00edgito do n\u00famero do benef\u00edcio.<\/p>\n<p>Entender esse mecanismo evita ansiedade, confus\u00e3o e aquela liga\u00e7\u00e3o desnecess\u00e1ria para a Central 135. Neste texto, o leitor encontra o calend\u00e1rio previsto, as regras do escalonamento e tudo o que precisa para se organizar financeiramente com anteced\u00eancia.<\/p>\n<h2>Quem tem direito ao 13\u00ba sal\u00e1rio do INSS em 2026<\/h2>\n<p>Antes de olhar para as datas, \u00e9 importante saber se o benef\u00edcio se aplica \u00e0 sua situa\u00e7\u00e3o.<\/p>\n<h3>T\u00eam direito ao 13\u00ba do INSS:<\/h3>\n<ul>\n<li>Aposentadoria;<\/li>\n<li>Pens\u00e3o por morte;<\/li>\n<li>Aux\u00edlio por incapacidade tempor\u00e1ria (antigo aux\u00edlio-doen\u00e7a);<\/li>\n<li>Aux\u00edlio-acidente;<\/li>\n<li>Aux\u00edlio-reclus\u00e3o.<\/li>\n<\/ul>\n<p>Idosos e pessoas com defici\u00eancia de baixa renda que recebem o Benef\u00edcio de Presta\u00e7\u00e3o Continuada (BPC) n\u00e3o t\u00eam direito ao 13\u00ba.<\/p>\n<h2>Como \u00e9 calculado o valor do 13\u00ba<\/h2>\n<p>Para quem j\u00e1 recebia o benef\u00edcio desde o in\u00edcio do ano, a primeira parcela corresponde \u00e0 metade do valor do benef\u00edcio mensal, paga sem desconto de Imposto de Renda.<\/p>\n<p>Para quem passou a receber o benef\u00edcio ao longo de 2026, o 13\u00ba \u00e9 proporcional ao n\u00famero de meses em que houve pagamento \u2014 cada m\u00eas com pelo menos 15 dias de benef\u00edcio conta como m\u00eas integral.<\/p>\n<p>Em 2026, nenhum aposentado que tenha recebido o benef\u00edcio o ano todo pode receber menos que <strong>R$ 1.621,00<\/strong> de gratifica\u00e7\u00e3o natalina total (soma das duas parcelas). O valor m\u00e1ximo, para quem contribuiu sobre o teto, \u00e9 de <strong>R$ 8.157,41<\/strong>.<\/p>\n<h2>Calend\u00e1rio previsto para o 13\u00ba do INSS em 2026<\/h2>\n<p>Para 2026, a expectativa \u00e9 de que a <strong>primeira parcela<\/strong> do 13\u00ba sal\u00e1rio seja paga em abril, com a <strong>segunda parcela<\/strong> liberada em maio. At\u00e9 o momento, o governo federal n\u00e3o confirmou oficialmente as datas \u2014 a confirma\u00e7\u00e3o depende de decreto presidencial e costuma ocorrer nos primeiros meses do ano.<\/p>\n<p>O calend\u00e1rio em estudo prev\u00ea a <strong>primeira parcela entre 24 de abril e 8 de maio<\/strong> e a <strong>segunda parcela entre 25 de maio e 8 de junho<\/strong>.<\/p>\n<h3>Por que a antecipa\u00e7\u00e3o acontece?<\/h3>\n<p>Nos \u00faltimos anos, tornou-se comum o governo federal antecipar o pagamento para o primeiro semestre como forma de estimular a economia. O dinheiro entra na conta de milh\u00f5es de brasileiros quase ao mesmo tempo, e o com\u00e9rcio local costuma registrar aumento nas vendas nesse per\u00edodo.<\/p>\n<figure id=\"attachment_149638\" aria-describedby=\"caption-attachment-149638\" style=\"width: 1200px\" class=\"wp-caption aligncenter\"><img decoding=\"async\" class=\"wp-image-149638 size-full\" src=\"https:\/\/www.pensarcursos.com.br\/blog\/wp-content\/uploads\/2026\/03\/decimo_terceiro_inss_2026.webp\" alt=\"Fachada da Previd\u00eancia Social com notas de real ilustrando pagamento antecipado do d\u00e9cimo terceiro para benefici\u00e1rios do INSS.\" width=\"1200\" height=\"800\" srcset=\"https:\/\/www.pensarcursos.com.br\/blog\/wp-content\/uploads\/2026\/03\/decimo_terceiro_inss_2026.webp 1200w, https:\/\/www.pensarcursos.com.br\/blog\/wp-content\/uploads\/2026\/03\/decimo_terceiro_inss_2026-300x200.webp 300w, https:\/\/www.pensarcursos.com.br\/blog\/wp-content\/uploads\/2026\/03\/decimo_terceiro_inss_2026-1024x683.webp 1024w, https:\/\/www.pensarcursos.com.br\/blog\/wp-content\/uploads\/2026\/03\/decimo_terceiro_inss_2026-768x512.webp 768w, https:\/\/www.pensarcursos.com.br\/blog\/wp-content\/uploads\/2026\/03\/decimo_terceiro_inss_2026-750x500.webp 750w, https:\/\/www.pensarcursos.com.br\/blog\/wp-content\/uploads\/2026\/03\/decimo_terceiro_inss_2026-1140x760.webp 1140w\" sizes=\"(max-width: 1200px) 100vw, 1200px\" \/><figcaption id=\"caption-attachment-149638\" class=\"wp-caption-text\">Descubra quando o seu dinheiro cai na conta. Fonte: Blog Pensar Cursos.<\/figcaption><\/figure>\n<h2>Como funciona o escalonamento por n\u00famero final do benef\u00edcio<\/h2>\n<p>Aqui est\u00e1 o ponto que define exatamente quando cada segurado recebe.<\/p>\n<p>O pagamento do <a href=\"https:\/\/www.pensarcursos.com.br\/blog\/primeira-e-segunda-parcela-do-13o-salario-do-inss-2026-veja-as-datas-para-quem-recebe-ate-um-salario-minimo\/\" target=\"_blank\" rel=\"noopener\"><strong>13\u00ba sal\u00e1rio do INSS<\/strong><\/a> segue um sistema de escalonamento baseado no <strong>\u00faltimo d\u00edgito do n\u00famero do benef\u00edcio<\/strong> do segurado, sem considerar o d\u00edgito verificador \u2014 aquele que aparece ap\u00f3s o h\u00edfen. Por exemplo, se o n\u00famero do benef\u00edcio for <strong>0104-7<\/strong>, o d\u00edgito final a ser considerado \u00e9 o <strong>4<\/strong>, e n\u00e3o o 7.<\/p>\n<h3>A divis\u00e3o por faixas de renda<\/h3>\n<p>O processo ocorre em duas etapas:<\/p>\n<ol>\n<li><strong>Primeiro<\/strong> recebem os segurados que ganham <strong>at\u00e9 um sal\u00e1rio m\u00ednimo<\/strong> (R$ 1.621,00 em 2026).<\/li>\n<li><strong>Em seguida<\/strong> s\u00e3o liberados os benef\u00edcios de quem recebe <strong>acima do piso previdenci\u00e1rio<\/strong>.<\/li>\n<\/ol>\n<h3>A ordem pelos d\u00edgitos finais<\/h3>\n<p>Dentro de cada faixa de renda, os dep\u00f3sitos s\u00e3o liberados em datas diferentes conforme o d\u00edgito final:<\/p>\n<ul>\n<li><strong>Final 1<\/strong> \u2192 recebe primeiro<\/li>\n<li><strong>Final 2<\/strong> \u2192 segunda data<\/li>\n<li><strong>Final 3, 4, 5&#8230;<\/strong> \u2192 sequ\u00eancia crescente<\/li>\n<li><strong>Final 0<\/strong> \u2192 recebe por \u00faltimo<\/li>\n<\/ul>\n<p>Essa divis\u00e3o por faixas e d\u00edgitos finais tem um objetivo pr\u00e1tico: <strong>evitar sobrecarga no sistema banc\u00e1rio<\/strong> e facilitar o controle dos repasses pela Previd\u00eancia Social.<\/p>\n<h3>Como descobrir o n\u00famero final do seu benef\u00edcio<\/h3>\n<p>O n\u00famero do benef\u00edcio tem 10 d\u00edgitos e aparece no Meu INSS ou em documentos do INSS. O segurado deve identificar o <strong>\u00faltimo n\u00famero antes do h\u00edfen<\/strong> \u2014 esse \u00e9 o &#8220;final&#8221; usado no calend\u00e1rio. Por exemplo, no n\u00famero <strong>123456789-0<\/strong>, o d\u00edgito final a ser considerado \u00e9 o <strong>9<\/strong>, e n\u00e3o o &#8220;0&#8221; ap\u00f3s o h\u00edfen.<\/p>\n<h2>Como consultar as datas exatas de pagamento<\/h2>\n<p>O segurado pode verificar as informa\u00e7\u00f5es pelos seguintes canais oficiais:<\/p>\n<ul>\n<li><a href=\"https:\/\/play.google.com\/store\/apps\/details?id=br.gov.dataprev.meuinss&amp;hl=pt_BR\" target=\"_blank\" rel=\"noopener\">Aplicativo<\/a> ou site <a href=\"https:\/\/meu.inss.gov.br\/#\/login\" target=\"_blank\" rel=\"noopener\">Meu INSS<\/a>: acesso com CPF e senha do Gov.br<\/li>\n<li>Central 135: atendimento telef\u00f4nico dispon\u00edvel em todo o pa\u00eds<\/li>\n<li>Extrato de Pagamento de Benef\u00edcio: dispon\u00edvel no Meu INSS, mostra valor, data e banco do dep\u00f3sito<\/li>\n<\/ul>\n<p>O Meu INSS re\u00fane praticamente todos os servi\u00e7os digitais do instituto. Ap\u00f3s o acesso, o sistema mostra extrato de pagamento, valores do benef\u00edcio e datas previstas para dep\u00f3sito.<\/p>\n<h3>Aten\u00e7\u00e3o ao cadastro atualizado<\/h3>\n<p>O sistema de cruzamento de dados do governo tornou-se mais rigoroso. Inconsist\u00eancias no CPF ou falta de atualiza\u00e7\u00e3o cadastral podem travar o pagamento. A recomenda\u00e7\u00e3o para 2026 \u00e9 manter os dados no sistema Gov.br sempre atualizados com n\u00edvel de seguran\u00e7a prata ou ouro.<\/p>\n<h2>O que fazer se o pagamento n\u00e3o cair na data prevista<\/h2>\n<p>Se o benef\u00edcio n\u00e3o cair na data do calend\u00e1rio, o segurado tem direito de pedir a regulariza\u00e7\u00e3o e registrar um protocolo. Feriados e dias sem expediente banc\u00e1rio podem exigir remanejamento de data, assim como corre\u00e7\u00f5es operacionais como inconsist\u00eancia no cr\u00e9dito, suspens\u00e3o ou reativa\u00e7\u00e3o do benef\u00edcio.<\/p>\n<p>Nesses casos, o primeiro passo \u00e9 acessar o Meu INSS ou ligar para o 135 antes de tomar qualquer outra medida.<\/p>\n<p>Para conferir mais sobre o INSS, acesse a p\u00e1gina inicial do <a href=\"https:\/\/www.pensarcursos.com.br\/blog\/\" target=\"_blank\" rel=\"noopener\"><strong>Blog Pensar Cursos<\/strong><\/a>. Assista tamb\u00e9m ao v\u00eddeo abaixo:<\/p>\n<div class=\"jeg_video_container jeg_video_content\"><iframe title=\"Quando o INSS vai pagar o 13\u00ba sal\u00e1rio em 2026? Saiu a resposta oficial\" width=\"500\" height=\"281\" src=\"https:\/\/www.youtube.com\/embed\/RcyreHuTfb4?feature=oembed\" frameborder=\"0\" allow=\"accelerometer; autoplay; clipboard-write; encrypted-media; gyroscope; picture-in-picture; web-share\" referrerpolicy=\"strict-origin-when-cross-origin\" allowfullscreen><\/iframe><\/div>\n","protected":false},"excerpt":{"rendered":"<p>35 milh\u00f5es de aposentados e pensionistas aguardam uma das transfer\u00eancias mais esperadas do ano: o 13\u00ba sal\u00e1rio do INSS. O governo federal avalia antecipar novamente o pagamento em 2026, com dep\u00f3sitos previstos para o per\u00edodo entre abril e maio\u2014 meses antes do calend\u00e1rio tradicional. Mas saber quando o dinheiro cai na conta depende de um [&hellip;]<\/p>\n","protected":false},"author":56,"featured_media":149635,"comment_status":"open","ping_status":"closed","sticky":false,"template":"","format":"standard","meta":{"jnews-multi-image_gallery":[],"jnews_single_post":{"subtitle":"13\u00ba do INSS 2026: veja as datas por n\u00famero final do benef\u00edcio e quem recebe primeiro","format":"standard","override":[{"template":"1","parallax":"1","fullscreen":"1","layout":"right-sidebar","sidebar":"default-sidebar","second_sidebar":"default-sidebar","sticky_sidebar":"1","share_position":"topbottom","share_float_style":"share-monocrhome","show_featured":"1","show_post_meta":"1","show_post_author":"1","show_post_author_image":"1","show_post_date":"1","post_date_format":"default","post_date_format_custom":"Y\/m\/d","show_post_category":"1","post_reading_time_wpm":"300","post_calculate_word_method":"str_word_count","show_zoom_button":"0","zoom_button_out_step":"2","zoom_button_in_step":"3","show_post_tag":"1","show_prev_next_post":"1","show_popup_post":"1","show_comment_section":"1","number_popup_post":"2","show_author_box":"1","show_post_related":"1","show_inline_post_related":"1"}],"image_override":[{"single_post_thumbnail_size":"crop-500","single_post_gallery_size":"crop-500"}],"trending_post_position":"meta","trending_post_label":"Trending","sponsored_post_label":"Sponsored by","disable_ad":"0"},"jnews_primary_category":[],"jnews_social_meta":[],"jnews_override_counter":{"view_counter_number":"0","share_counter_number":"0","like_counter_number":"0","dislike_counter_number":"0"},"footnotes":""},"categories":[1691],"tags":[3760,37154,36234,38973],"class_list":["post-149629","post","type-post","status-publish","format-standard","has-post-thumbnail","hentry","category-direitos-do-trabalhador","tag-13o-salario-inss","tag-antecipacao-13o-inss","tag-calendario-inss-2026","tag-parcelas-13o-inss-2026"],"yoast_head":"<!-- This site is optimized with the Yoast SEO Premium plugin v27.4 (Yoast SEO v27.4) - https:\/\/yoast.com\/product\/yoast-seo-premium-wordpress\/ -->\n<title>Calend\u00e1rio do 13\u00ba do INSS: como funciona o escalonamento por n\u00famero final do benef\u00edcio - Blog Pensar Cursos<\/title>\n<meta name=\"description\" content=\"Saiba quando cai o 13\u00ba do INSS 2026, como funciona o escalonamento por n\u00famero final do benef\u00edcio e consulte as datas previstas.\" \/>\n<meta name=\"robots\" content=\"index, follow, max-snippet:-1, max-image-preview:large, max-video-preview:-1\" \/>\n<link rel=\"canonical\" href=\"https:\/\/www.pensarcursos.com.br\/blog\/calendario-do-13o-do-inss-como-funciona-o-escalonamento-por-numero-final-do-beneficio\/\" \/>\n<meta property=\"og:locale\" content=\"pt_BR\" \/>\n<meta property=\"og:type\" content=\"article\" \/>\n<meta property=\"og:title\" content=\"Calend\u00e1rio do 13\u00ba do INSS: como funciona o escalonamento por n\u00famero final do benef\u00edcio\" \/>\n<meta property=\"og:description\" content=\"Saiba quando cai o 13\u00ba do INSS 2026, como funciona o escalonamento por n\u00famero final do benef\u00edcio e consulte as datas previstas.\" \/>\n<meta property=\"og:url\" content=\"https:\/\/www.pensarcursos.com.br\/blog\/calendario-do-13o-do-inss-como-funciona-o-escalonamento-por-numero-final-do-beneficio\/\" \/>\n<meta property=\"og:site_name\" content=\"Blog Pensar Cursos\" \/>\n<meta property=\"article:publisher\" content=\"https:\/\/www.facebook.com\/pensarcursos\/\" \/>\n<meta property=\"article:published_time\" content=\"2026-03-12T19:19:11+00:00\" \/>\n<meta property=\"og:image\" content=\"https:\/\/www.pensarcursos.com.br\/blog\/wp-content\/uploads\/2026\/03\/antecipacao-decimo-terceiro-do-inss-em-2026.webp\" \/>\n\t<meta property=\"og:image:width\" content=\"1200\" \/>\n\t<meta property=\"og:image:height\" content=\"800\" \/>\n\t<meta property=\"og:image:type\" content=\"image\/webp\" \/>\n<meta name=\"author\" content=\"Yasmin Santos\" \/>\n<meta name=\"twitter:card\" content=\"summary_large_image\" \/>\n<meta name=\"twitter:label1\" content=\"Escrito por\" \/>\n\t<meta name=\"twitter:data1\" content=\"Yasmin Santos\" \/>\n\t<meta name=\"twitter:label2\" content=\"Est. tempo de leitura\" \/>\n\t<meta name=\"twitter:data2\" content=\"6 minutos\" \/>\n<!-- \/ Yoast SEO Premium plugin. -->","yoast_head_json":{"title":"Calend\u00e1rio do 13\u00ba do INSS: como funciona o escalonamento por n\u00famero final do benef\u00edcio - Blog Pensar Cursos","description":"Saiba quando cai o 13\u00ba do INSS 2026, como funciona o escalonamento por n\u00famero final do benef\u00edcio e consulte as datas previstas.","robots":{"index":"index","follow":"follow","max-snippet":"max-snippet:-1","max-image-preview":"max-image-preview:large","max-video-preview":"max-video-preview:-1"},"canonical":"https:\/\/www.pensarcursos.com.br\/blog\/calendario-do-13o-do-inss-como-funciona-o-escalonamento-por-numero-final-do-beneficio\/","og_locale":"pt_BR","og_type":"article","og_title":"Calend\u00e1rio do 13\u00ba do INSS: como funciona o escalonamento por n\u00famero final do benef\u00edcio","og_description":"Saiba quando cai o 13\u00ba do INSS 2026, como funciona o escalonamento por n\u00famero final do benef\u00edcio e consulte as datas previstas.","og_url":"https:\/\/www.pensarcursos.com.br\/blog\/calendario-do-13o-do-inss-como-funciona-o-escalonamento-por-numero-final-do-beneficio\/","og_site_name":"Blog Pensar Cursos","article_publisher":"https:\/\/www.facebook.com\/pensarcursos\/","article_published_time":"2026-03-12T19:19:11+00:00","og_image":[{"width":1200,"height":800,"url":"https:\/\/www.pensarcursos.com.br\/blog\/wp-content\/uploads\/2026\/03\/antecipacao-decimo-terceiro-do-inss-em-2026.webp","type":"image\/webp"}],"author":"Yasmin Santos","twitter_card":"summary_large_image","twitter_misc":{"Escrito por":"Yasmin Santos","Est. tempo de leitura":"6 minutos"},"schema":{"@context":"https:\/\/schema.org","@graph":[{"@type":["Article","BlogPosting"],"@id":"https:\/\/www.pensarcursos.com.br\/blog\/calendario-do-13o-do-inss-como-funciona-o-escalonamento-por-numero-final-do-beneficio\/#article","isPartOf":{"@id":"https:\/\/www.pensarcursos.com.br\/blog\/calendario-do-13o-do-inss-como-funciona-o-escalonamento-por-numero-final-do-beneficio\/"},"author":{"name":"Yasmin Santos","@id":"https:\/\/www.pensarcursos.com.br\/blog\/#\/schema\/person\/2700c09d818d989d5d4fff5f50d4b755"},"headline":"Calend\u00e1rio do 13\u00ba do INSS: como funciona o escalonamento por n\u00famero final do benef\u00edcio","datePublished":"2026-03-12T19:19:11+00:00","mainEntityOfPage":{"@id":"https:\/\/www.pensarcursos.com.br\/blog\/calendario-do-13o-do-inss-como-funciona-o-escalonamento-por-numero-final-do-beneficio\/"},"wordCount":1001,"commentCount":0,"publisher":{"@id":"https:\/\/www.pensarcursos.com.br\/blog\/#organization"},"image":{"@id":"https:\/\/www.pensarcursos.com.br\/blog\/calendario-do-13o-do-inss-como-funciona-o-escalonamento-por-numero-final-do-beneficio\/#primaryimage"},"thumbnailUrl":"https:\/\/www.pensarcursos.com.br\/blog\/wp-content\/uploads\/2026\/03\/antecipacao-decimo-terceiro-do-inss-em-2026.webp","keywords":["13\u00ba sal\u00e1rio INSS","antecipa\u00e7\u00e3o 13\u00ba inss","calend\u00e1rio inss 2026","parcelas 13\u00ba INSS 2026"],"articleSection":["Direitos do Trabalhador"],"inLanguage":"pt-BR","potentialAction":[{"@type":"CommentAction","name":"Comment","target":["https:\/\/www.pensarcursos.com.br\/blog\/calendario-do-13o-do-inss-como-funciona-o-escalonamento-por-numero-final-do-beneficio\/#respond"]}],"copyrightYear":"2026","copyrightHolder":{"@id":"https:\/\/www.pensarcursos.com.br\/blog\/#organization"}},{"@type":"WebPage","@id":"https:\/\/www.pensarcursos.com.br\/blog\/calendario-do-13o-do-inss-como-funciona-o-escalonamento-por-numero-final-do-beneficio\/","url":"https:\/\/www.pensarcursos.com.br\/blog\/calendario-do-13o-do-inss-como-funciona-o-escalonamento-por-numero-final-do-beneficio\/","name":"Calend\u00e1rio do 13\u00ba do INSS: como funciona o escalonamento por n\u00famero final do benef\u00edcio - Blog Pensar Cursos","isPartOf":{"@id":"https:\/\/www.pensarcursos.com.br\/blog\/#website"},"primaryImageOfPage":{"@id":"https:\/\/www.pensarcursos.com.br\/blog\/calendario-do-13o-do-inss-como-funciona-o-escalonamento-por-numero-final-do-beneficio\/#primaryimage"},"image":{"@id":"https:\/\/www.pensarcursos.com.br\/blog\/calendario-do-13o-do-inss-como-funciona-o-escalonamento-por-numero-final-do-beneficio\/#primaryimage"},"thumbnailUrl":"https:\/\/www.pensarcursos.com.br\/blog\/wp-content\/uploads\/2026\/03\/antecipacao-decimo-terceiro-do-inss-em-2026.webp","datePublished":"2026-03-12T19:19:11+00:00","description":"Saiba quando cai o 13\u00ba do INSS 2026, como funciona o escalonamento por n\u00famero final do benef\u00edcio e consulte as datas previstas.","breadcrumb":{"@id":"https:\/\/www.pensarcursos.com.br\/blog\/calendario-do-13o-do-inss-como-funciona-o-escalonamento-por-numero-final-do-beneficio\/#breadcrumb"},"inLanguage":"pt-BR","potentialAction":[{"@type":"ReadAction","target":["https:\/\/www.pensarcursos.com.br\/blog\/calendario-do-13o-do-inss-como-funciona-o-escalonamento-por-numero-final-do-beneficio\/"]}]},{"@type":"ImageObject","inLanguage":"pt-BR","@id":"https:\/\/www.pensarcursos.com.br\/blog\/calendario-do-13o-do-inss-como-funciona-o-escalonamento-por-numero-final-do-beneficio\/#primaryimage","url":"https:\/\/www.pensarcursos.com.br\/blog\/wp-content\/uploads\/2026\/03\/antecipacao-decimo-terceiro-do-inss-em-2026.webp","contentUrl":"https:\/\/www.pensarcursos.com.br\/blog\/wp-content\/uploads\/2026\/03\/antecipacao-decimo-terceiro-do-inss-em-2026.webp","width":1200,"height":800,"caption":"Veja como o n\u00famero final do benef\u00edcio define o dia do dep\u00f3sito. Fonte: Blog Pensar Cursos."},{"@type":"BreadcrumbList","@id":"https:\/\/www.pensarcursos.com.br\/blog\/calendario-do-13o-do-inss-como-funciona-o-escalonamento-por-numero-final-do-beneficio\/#breadcrumb","itemListElement":[{"@type":"ListItem","position":1,"name":"Home","item":"https:\/\/www.pensarcursos.com.br\/blog\/"},{"@type":"ListItem","position":2,"name":"Calend\u00e1rio do 13\u00ba do INSS: como funciona o escalonamento por n\u00famero final do benef\u00edcio"}]},{"@type":"WebSite","@id":"https:\/\/www.pensarcursos.com.br\/blog\/#website","url":"https:\/\/www.pensarcursos.com.br\/blog\/","name":"Blog Pensar Cursos","description":"Maior Site de Cursos do Brasil","publisher":{"@id":"https:\/\/www.pensarcursos.com.br\/blog\/#organization"},"alternateName":"Blog Pensar","potentialAction":[{"@type":"SearchAction","target":{"@type":"EntryPoint","urlTemplate":"https:\/\/www.pensarcursos.com.br\/blog\/?s={search_term_string}"},"query-input":{"@type":"PropertyValueSpecification","valueRequired":true,"valueName":"search_term_string"}}],"inLanguage":"pt-BR"},{"@type":"Organization","@id":"https:\/\/www.pensarcursos.com.br\/blog\/#organization","name":"Pensar Cursos","alternateName":"Blog pensar","url":"https:\/\/www.pensarcursos.com.br\/blog\/","logo":{"@type":"ImageObject","inLanguage":"pt-BR","@id":"https:\/\/www.pensarcursos.com.br\/blog\/#\/schema\/logo\/image\/","url":"https:\/\/www.pensarcursos.com.br\/blog\/wp-content\/uploads\/2023\/11\/Nova-Logo-Pensar-Cursos-vertical.png","contentUrl":"https:\/\/www.pensarcursos.com.br\/blog\/wp-content\/uploads\/2023\/11\/Nova-Logo-Pensar-Cursos-vertical.png","width":1393,"height":1001,"caption":"Pensar Cursos"},"image":{"@id":"https:\/\/www.pensarcursos.com.br\/blog\/#\/schema\/logo\/image\/"},"sameAs":["https:\/\/www.facebook.com\/pensarcursos\/","https:\/\/instagram.com.br\/pensarcursos"],"description":"Pensar Cursos \u00e9 uma empresa especializada em oferecer cursos de alta qualidade voltados para o desenvolvimento profissional e acad\u00eamico. Com uma ampla gama de op\u00e7\u00f5es de treinamento, oferecemos conte\u00fados atualizados, ministrados por especialistas da \u00e1rea, para capacitar indiv\u00edduos e equipes a atingirem seus objetivos. Nossa miss\u00e3o \u00e9 proporcionar uma educa\u00e7\u00e3o transformadora, acess\u00edvel e personalizada para cada aluno, seja em cursos presenciais ou online. Com uma abordagem inovadora, buscamos adaptar os nossos programas de ensino \u00e0s necessidades do mercado, criando solu\u00e7\u00f5es que atendem aos desafios e exig\u00eancias do mundo corporativo e acad\u00eamico. Nossos cursos incluem desde forma\u00e7\u00f5es t\u00e9cnicas at\u00e9 habilidades essenciais, como lideran\u00e7a, gest\u00e3o e desenvolvimento pessoal.","email":"contato@pensarcursos.com.br","legalName":"Sena Servi\u00e7os de Informa\u00e7\u00e3o Online LTDA","foundingDate":"2013-04-18","vatID":"17956217000172","numberOfEmployees":{"@type":"QuantitativeValue","minValue":"11","maxValue":"50"},"publishingPrinciples":"https:\/\/www.pensarcursos.com.br\/blog\/principios-de-publicacao\/","ownershipFundingInfo":"https:\/\/www.pensarcursos.com.br\/blog\/informacoes-de-propriedade-financiamento\/","actionableFeedbackPolicy":"https:\/\/www.pensarcursos.com.br\/blog\/politica-de-feedback-acionavel\/","correctionsPolicy":"https:\/\/www.pensarcursos.com.br\/blog\/politica-de-correcoes\/","ethicsPolicy":"https:\/\/www.pensarcursos.com.br\/blog\/politica-de-etica\/"},{"@type":"Person","@id":"https:\/\/www.pensarcursos.com.br\/blog\/#\/schema\/person\/2700c09d818d989d5d4fff5f50d4b755","name":"Yasmin Santos","image":{"@type":"ImageObject","inLanguage":"pt-BR","@id":"https:\/\/secure.gravatar.com\/avatar\/b8d88d102398911030f7bd8e99bd07ffbbb62169f9a740f38705dc857853eb31?s=96&d=mm&r=g","url":"https:\/\/secure.gravatar.com\/avatar\/b8d88d102398911030f7bd8e99bd07ffbbb62169f9a740f38705dc857853eb31?s=96&d=mm&r=g","contentUrl":"https:\/\/secure.gravatar.com\/avatar\/b8d88d102398911030f7bd8e99bd07ffbbb62169f9a740f38705dc857853eb31?s=96&d=mm&r=g","caption":"Yasmin Santos"},"description":"Graduada em Letras Portugu\u00eas\/Ingl\u00eas pela Universidade Estadual de Santa Cruz (UESC), redatora do Grupo Sena Online","sameAs":["https:\/\/www.instagram.com\/yasmin0_20?igsh=MTdqZXF3NTA1b2gyMg=="],"url":"https:\/\/www.pensarcursos.com.br\/blog\/author\/yasmin\/"}]}},"_links":{"self":[{"href":"https:\/\/www.pensarcursos.com.br\/blog\/wp-json\/wp\/v2\/posts\/149629","targetHints":{"allow":["GET"]}}],"collection":[{"href":"https:\/\/www.pensarcursos.com.br\/blog\/wp-json\/wp\/v2\/posts"}],"about":[{"href":"https:\/\/www.pensarcursos.com.br\/blog\/wp-json\/wp\/v2\/types\/post"}],"author":[{"embeddable":true,"href":"https:\/\/www.pensarcursos.com.br\/blog\/wp-json\/wp\/v2\/users\/56"}],"replies":[{"embeddable":true,"href":"https:\/\/www.pensarcursos.com.br\/blog\/wp-json\/wp\/v2\/comments?post=149629"}],"version-history":[{"count":0,"href":"https:\/\/www.pensarcursos.com.br\/blog\/wp-json\/wp\/v2\/posts\/149629\/revisions"}],"wp:featuredmedia":[{"embeddable":true,"href":"https:\/\/www.pensarcursos.com.br\/blog\/wp-json\/wp\/v2\/media\/149635"}],"wp:attachment":[{"href":"https:\/\/www.pensarcursos.com.br\/blog\/wp-json\/wp\/v2\/media?parent=149629"}],"wp:term":[{"taxonomy":"category","embeddable":true,"href":"https:\/\/www.pensarcursos.com.br\/blog\/wp-json\/wp\/v2\/categories?post=149629"},{"taxonomy":"post_tag","embeddable":true,"href":"https:\/\/www.pensarcursos.com.br\/blog\/wp-json\/wp\/v2\/tags?post=149629"}],"curies":[{"name":"wp","href":"https:\/\/api.w.org\/{rel}","templated":true}]}}